{"id":15021,"date":"2023-04-25T00:20:00","date_gmt":"2023-04-24T21:20:00","guid":{"rendered":"http:\/\/www.rukajarvensuunnanhistoriayhdistys.fi\/historiayhdistys\/?p=15021"},"modified":"2023-04-26T14:59:14","modified_gmt":"2023-04-26T11:59:14","slug":"onnittelumme-eino-syrjaniemi-25-4-1918-tanaan-105-vuotta","status":"publish","type":"post","link":"http:\/\/www.rukajarvensuunnanhistoriayhdistys.fi\/historiayhdistys\/onnittelumme-eino-syrjaniemi-25-4-1918-tanaan-105-vuotta\/","title":{"rendered":"Onnittelumme \u2013 Eino Syrj\u00e4niemi (25.4.1918) t\u00e4n\u00e4\u00e4n 105 vuotta"},"content":{"rendered":"<div class=\"fcbkbttn_buttons_block\" id=\"fcbkbttn_left\"><div class=\"fcbkbttn_like \"><fb:like href=\"http:\/\/www.rukajarvensuunnanhistoriayhdistys.fi\/historiayhdistys\/onnittelumme-eino-syrjaniemi-25-4-1918-tanaan-105-vuotta\/\" action=\"like\" colorscheme=\"light\" layout=\"button_count\"  size=\"small\"><\/fb:like><\/div><\/div>\n<p>Haapaj\u00e4rvell\u00e4 Ruusulan hoivakodissa oli j\u00e4rjestetty hieno juhla 105-vuotiaan veteraani Eino Syrj\u00e4niemen kunniaksi. Erityinen muisto juhlasta j\u00e4\u00e4 tietysti paikalla oleville juuri siit\u00e4 syyst\u00e4, ett\u00e4 juhlan p\u00e4\u00e4esiintyj\u00e4 oli itse veteraani.<\/p>\n\n\n\n<figure class=\"wp-block-image size-large is-resized\"><a href=\"http:\/\/www.rukajarvensuunnanhistoriayhdistys.fi\/historiayhdistys\/wp-content\/uploads\/2023\/04\/IMG_20230425_140208Syrjaniemi-Eino-scaled.jpg\"><img loading=\"lazy\" decoding=\"async\" src=\"http:\/\/www.rukajarvensuunnanhistoriayhdistys.fi\/historiayhdistys\/wp-content\/uploads\/2023\/04\/IMG_20230425_140208Syrjaniemi-Eino-1024x768.jpg\" alt=\"\" class=\"wp-image-15030\" width=\"842\" height=\"632\" srcset=\"http:\/\/www.rukajarvensuunnanhistoriayhdistys.fi\/historiayhdistys\/wp-content\/uploads\/2023\/04\/IMG_20230425_140208Syrjaniemi-Eino-1024x768.jpg 1024w, http:\/\/www.rukajarvensuunnanhistoriayhdistys.fi\/historiayhdistys\/wp-content\/uploads\/2023\/04\/IMG_20230425_140208Syrjaniemi-Eino-300x225.jpg 300w, http:\/\/www.rukajarvensuunnanhistoriayhdistys.fi\/historiayhdistys\/wp-content\/uploads\/2023\/04\/IMG_20230425_140208Syrjaniemi-Eino-768x576.jpg 768w, http:\/\/www.rukajarvensuunnanhistoriayhdistys.fi\/historiayhdistys\/wp-content\/uploads\/2023\/04\/IMG_20230425_140208Syrjaniemi-Eino-1536x1152.jpg 1536w, http:\/\/www.rukajarvensuunnanhistoriayhdistys.fi\/historiayhdistys\/wp-content\/uploads\/2023\/04\/IMG_20230425_140208Syrjaniemi-Eino-2048x1536.jpg 2048w\" sizes=\"auto, (max-width: 842px) 100vw, 842px\" \/><\/a><\/figure>\n\n\n\n<p><em>Kuvassa 105-vuotisjuhliaan viett\u00e4v\u00e4 veteraani Eino Syrj\u00e4niemi, takana h\u00e4nen tytt\u00e4rens\u00e4 Tuija ja Katri sek\u00e4 Haapaj\u00e4rven Tammenlehv\u00e4-kuoro johtajansa Toivo Heikkil\u00e4n johdolla. Vasemmalta:<\/em> Esko Rintala, Juhani Lampela, Matti Koskela, Pertti Lampela, Toivo Heikkil\u00e4, Tuija, Katri ja veteraani, Erkki Leskel\u00e4, Iikka Hoikka ja Veikko Ruhala. <\/p>\n\n\n\n<p><strong>Juhlan ohjelmasta<\/strong><\/p>\n\n\n\n<p>Veteraanilta kuultiin yksinlaulua ja tietysti h\u00e4n toimi my\u00f6s Haapaj\u00e4rven veteraanikuoron solistina.<\/p>\n\n\n\n<p>Juhla alkoi kappaleella \u201d <strong>On maista kaikista sittenkin \u2013 t\u00e4\u00e4 synnyin maa kaikkein rakkahin\u2026\u201d.<\/strong><\/p>\n\n\n\n<p>Juhlan kohokohta oli tietenkin, kun veteraani lausui <strong>Topeliuksen \u201dVuosileikki\u201d runosta Huhtikuun<\/strong> t\u00e4ysin virheett\u00f6m\u00e4sti.<\/p>\n\n\n\n<p>Veteraani jatkoi yksin: \u201d<strong>Kev\u00e4t on, kev\u00e4t on<\/strong>\u201d laululla.<\/p>\n\n\n\n<p>Sitten kuulimme veteraanin ja h\u00e4nen lastensa Katrin ja Tuijan esityksen: \u201d<strong>On kes\u00e4n kirkas huomen ja suvi sunnuntain.<\/strong>\u201d T\u00e4m\u00e4n j\u00e4lkeen juhlav\u00e4ki p\u00e4\u00e4si veteraanin kanssa laulamaan yhdess\u00e4: \u201d<strong>Jo joutui armas aika<\/strong>\u201d.<\/p>\n\n\n\n<p>Rukaj\u00e4rven suunnan historiayhdistyksen onnittelut ja tervehdyksen esitti puheenjohtaja <strong>Tenho Tikkanen<\/strong>. Veteraani esitti k\u00e4dest\u00e4 pit\u00e4en kiitoksensa onnitteluista sek\u00e4 h\u00e4nen saamastaan Jotos-muistomerkki lahjasta.<\/p>\n\n\n\n<p>Juhla jatkui veteraanin kanssa yhdess\u00e4 laululla: \u201d<strong>Kotikontujen tienoita tervehtien<\/strong>\u201d.<\/p>\n\n\n\n<p>Haapaj\u00e4rven ja koko Pohjois-Pohjanmaan sotaveteraanien koskettavan tervehdyksen esitti j\u00e4rjest\u00f6n puheenjohtaja <strong>Maija-Liisa Vetel\u00e4inen<\/strong>. Onnittelupuheessaan h\u00e4n toi esille, ett\u00e4 Eino Syrj\u00e4niemi on Haapaj\u00e4rvell\u00e4 viimeinen viel\u00e4 elossa oleva veteraani. Lis\u00e4ksi Vetel\u00e4inen kertoi, ett\u00e4 Eino Syrj\u00e4niemi ja Ilmari Koppinen ovat viimeiset veteraanit, jotka osallistuivat Jatkosodassa miesvahvuudeltaan suurimmalle liki 2000 miehen vahvuiselle partioretkelle vihollisen selustaan. Maija-Liisa Vetel\u00e4isen puheen j\u00e4lkeen juhla jatkui yhteislaululla: \u201d<strong>Oi katsohan lintua oksalla puun<\/strong>\u201d.<\/p>\n\n\n\n<p>Haapaj\u00e4rven seurakunnan pastori <strong>Kaija Tiirola<\/strong> onnitteli veteraania seurakunnan puolesta.<\/p>\n\n\n\n<p>J\u00e4lleen veteraani yhdess\u00e4 lastensa Tuijan ja Katrin kanssa lauloi: \u201d<strong>L\u00e4pi lauhan illan rauhan, enkel lent\u00e4\u00e4 yli maan.<\/strong>\u201d<\/p>\n\n\n\n<p>Juhla jatkui yhdess\u00e4: \u201d<strong>Kiitos sulle Jumalani<\/strong>\u201d. l\u00e4hisukulaisten tervehdyksen esitti <strong>Erkki Savela<\/strong>.<\/p>\n\n\n\n<p>Juhlan lopuksi juhlav\u00e4ki lauloi yhdess\u00e4 veteraanin kanssa: \u201d<strong>Soi kiitokseksi luojan<\/strong>.\u201d<\/p>\n\n\n\n<p>Ohjelman p\u00e4\u00e4tteeksi veteraani kiitti juhlayleis\u00f6\u00e4 ja veteraanikuoroa henkil\u00f6kohtaisesti k\u00e4dest\u00e4 pit\u00e4en. Juhla p\u00e4\u00e4ttyi kahvitilaisuuteen. Keskusteluissa kuultiin palattavan veteraanin esiintymiseen. Suurta ihmetyst\u00e4 her\u00e4tti veteraanin hyv\u00e4 muisti.<\/p>\n\n\n\n<p>Kuultuaan yhdistyksen hankkeesta rakentaa komentajansa komentokorsu Rukapirtti Lieksaan, h\u00e4n kiitti viel\u00e4 erikseen saamastaan lahjasta ja samalla h\u00e4n halusi ilmaista kaiken tukensa rakennushankkeelle.<\/p>\n\n\n\n<p>Veteraani Eino Syrj\u00e4niemen musikaalisuutta kuvannee h\u00e4nen tytt\u00e4rens\u00e4 Kartin kertomus is\u00e4ns\u00e4 nuoruudesta muistamasta kappaleesta &#8221;<strong>L\u00e4pi lauhan illan rauha<\/strong>a&#8221; koskeva kertomus. Er\u00e4iss\u00e4 veteraanihautajaisissa oli kerrottu, ett\u00e4 kysymys olisi runosta, johon is\u00e4 oli todennut: &#8221;seh\u00e4n on laulu&#8221;. Katri oli pyyt\u00e4nyt kirjoittamaan nuotit ja sanat paperille. Sen veteraani teki omak\u00e4tisesti v\u00e4litt\u00f6m\u00e4sti luovuttaen sen Katri-tytt\u00e4relleen: &#8221;Siin\u00e4 se on&#8221;. Nyt juhlassa tuo laulu kuultiin veteraanin ja h\u00e4nen tyt\u00e4rtens\u00e4 Tuijan ja Katrin esitt\u00e4m\u00e4n\u00e4.<\/p>\n\n\n\n<p><\/p>\n\n\n\n<p><strong>Nuotit &#8221;L\u00e4pi lauhan illan rauhaa&#8221;<\/strong><\/p>\n\n\n\n<figure class=\"wp-block-image size-large\"><a href=\"http:\/\/www.rukajarvensuunnanhistoriayhdistys.fi\/historiayhdistys\/wp-content\/uploads\/2023\/04\/Nuotit-1-scaled.jpg\"><img loading=\"lazy\" decoding=\"async\" width=\"718\" height=\"1024\" src=\"http:\/\/www.rukajarvensuunnanhistoriayhdistys.fi\/historiayhdistys\/wp-content\/uploads\/2023\/04\/Nuotit-1-718x1024.jpg\" alt=\"\" class=\"wp-image-15037\" srcset=\"http:\/\/www.rukajarvensuunnanhistoriayhdistys.fi\/historiayhdistys\/wp-content\/uploads\/2023\/04\/Nuotit-1-718x1024.jpg 718w, http:\/\/www.rukajarvensuunnanhistoriayhdistys.fi\/historiayhdistys\/wp-content\/uploads\/2023\/04\/Nuotit-1-210x300.jpg 210w, http:\/\/www.rukajarvensuunnanhistoriayhdistys.fi\/historiayhdistys\/wp-content\/uploads\/2023\/04\/Nuotit-1-768x1096.jpg 768w, http:\/\/www.rukajarvensuunnanhistoriayhdistys.fi\/historiayhdistys\/wp-content\/uploads\/2023\/04\/Nuotit-1-1077x1536.jpg 1077w, http:\/\/www.rukajarvensuunnanhistoriayhdistys.fi\/historiayhdistys\/wp-content\/uploads\/2023\/04\/Nuotit-1-1435x2048.jpg 1435w, http:\/\/www.rukajarvensuunnanhistoriayhdistys.fi\/historiayhdistys\/wp-content\/uploads\/2023\/04\/Nuotit-1-scaled.jpg 1794w\" sizes=\"auto, (max-width: 718px) 100vw, 718px\" \/><\/a><\/figure>\n\n\n\n<p><em>Eino Syrj\u00e4niemen omak\u00e4tiset muistiinpanot 105-vuotisjuhlassa esitetyst\u00e4 kappaleesta &#8221;L\u00e4pi lauhan illan rauhan&#8221;.<\/em><\/p>\n\n\n\n<p><\/p>\n\n\n\n<p><strong>Julkaisemme Rukaj\u00e4rven suunnan historiayhdistyksen onnittelut (ote Tenho Tikkanen): <\/strong><\/p>\n\n\n\n<p>Olemme kovin kiitollisia siit\u00e4, ett\u00e4 olemme voineet vierailla luonanne ja seurata vire\u00e4\u00e4 toimintaanne kotonanne aivan viime vuosiin saakka. Teid\u00e4t ja koko sukunne tunnetaan musikaalisuudesta ja erinomaisesta muististanne. Viel\u00e4 100-vuotisp\u00e4iv\u00e4n\u00e4nne ilahdutitte monisatap\u00e4ist\u00e4 juhlayleis\u00f6\u00e4 pitk\u00e4ll\u00e4 Topeliuksen \u201dVuosileikki\u201d runolla ja mik\u00e4 erikoisinta, ett\u00e4 soititte ensin pianolla, sitten uruilla ja lopuksi viel\u00e4 flyygelill\u00e4 \u201dSuvivirren\u201d mist\u00e4 muodostuikin juhlanne yksi kohokohdista. T\u00e4ll\u00e4 kertaa lausuitte Vuosileikki runon t\u00e4rkeimm\u00e4n s\u00e4keist\u00f6n, Teid\u00e4n syntym\u00e4kuukautenne \u201dHuhtikuuta\u201d k\u00e4sittelev\u00e4n osan.<\/p>\n\n\n\n<p><\/p>\n\n\n\n<figure class=\"wp-block-image size-large is-resized\"><a href=\"http:\/\/www.rukajarvensuunnanhistoriayhdistys.fi\/historiayhdistys\/wp-content\/uploads\/2018\/04\/Eino-Syrj\u00e4niemi-kuva-tytt\u00e4ren-ottama.jpg\"><img loading=\"lazy\" decoding=\"async\" src=\"http:\/\/www.rukajarvensuunnanhistoriayhdistys.fi\/historiayhdistys\/wp-content\/uploads\/2018\/04\/Eino-Syrj\u00e4niemi-kuva-tytt\u00e4ren-ottama-768x1024.jpg\" alt=\"\" class=\"wp-image-12344\" width=\"836\" height=\"1115\" srcset=\"http:\/\/www.rukajarvensuunnanhistoriayhdistys.fi\/historiayhdistys\/wp-content\/uploads\/2018\/04\/Eino-Syrj\u00e4niemi-kuva-tytt\u00e4ren-ottama.jpg 768w, http:\/\/www.rukajarvensuunnanhistoriayhdistys.fi\/historiayhdistys\/wp-content\/uploads\/2018\/04\/Eino-Syrj\u00e4niemi-kuva-tytt\u00e4ren-ottama-225x300.jpg 225w\" sizes=\"auto, (max-width: 836px) 100vw, 836px\" \/><\/a><figcaption class=\"wp-element-caption\"> Itseoppineen kanttori-urkuri Eino Syrj\u00e4niemen kotona on edelleen k\u00e4yt\u00f6ss\u00e4 piano ja urut. Kuva tytt\u00e4ren ottama. Veteraani juhli 100-vuotissyntym\u00e4p\u00e4iv\u00e4\u00e4ns\u00e4 Haapaj\u00e4rvell\u00e4 28.4.2018.  . <\/figcaption><\/figure>\n\n\n\n<p>Sukunne musikaalisuutta kuvannee my\u00f6s se, ett\u00e4 juhlassanne esiintyi kanttoreista koostuva kuoro, miss\u00e4 suvun 12 kanttorista tuolla kertaa esiintyi kahdeksan nelj\u00e4ss\u00e4 (4) eri kokoonpanossa. Seuratessani kuorojen harjoitusta kerroin kotonani tavanneeni juhlassanne varsinaiset kuorosulkeiset \u2013 sananmukaisesti hyvin sopiva n\u00e4ky, kun kyse oli sotaveteraanin ja ammattimuusikon 100-vuotisp\u00e4iv\u00e4juhlan harjoituksista.<\/p>\n\n\n\n<p>Olemme saapuneet tervehtim\u00e4\u00e4n ja onnittelemaan Teit\u00e4, Rukaj\u00e4rven veteraani Eino Syrj\u00e4niemi, 105-vuotisp\u00e4iv\u00e4n\u00e4nne. Tuon Rukaj\u00e4rven suunnan historiikkitoimikunnan, historiayhdistyksemme ja monien Rukaj\u00e4rven veteraanien onnittelut ja terveiset.<\/p>\n\n\n\n<p>Lastenne tuen my\u00f6t\u00e4 asuitte viel\u00e4 pitk\u00e4\u00e4n 100-vuotisp\u00e4iv\u00e4nne j\u00e4lkeen omakotitalossanne ja l\u00e4mmititte itse rakentamaanne taloa pilkkomillanne puilla. Kerroitte, ett\u00e4 olitte omin k\u00e4sin valmistanut my\u00f6s kotinne huonekalut. Kaikkien kovien kokemustenne j\u00e4lkeen olette edelleen s\u00e4ilytt\u00e4nyt valoisan el\u00e4m\u00e4nasenteenne.<\/p>\n\n\n\n<p>Muistan Teid\u00e4n todenneen niin monta mieleenpainuvaa asiaa. Kerroitte parhaiten viihtyv\u00e4nne omassa kodissanne. Kerroitte kotinne olevan paikan mink\u00e4 toivoitte olevan tarjolla jokaiselle ihmiselle. Tapailitte tuolloin laulun sanoja: <a href=\"https:\/\/www.youtube.com\/watch?v=KB12-z-8wLg\">&#8221;Tied\u00e4n paikan armahan, rauhallisen ihanan, jossa olo onnekas, elo tyyni suojakas.&#8221;<\/a> Sellaisen paikan ja turvan olette rakentanut my\u00f6s lapsillenne. Uskon, ett\u00e4 el\u00e4m\u00e4nkokemuksenne auttaa meit\u00e4 kaikkia paremmin asettamaan arvot kohdalleen ihmisten v\u00e4lill\u00e4 kaikkina aikoina. Juuri ne arvot, mitk\u00e4 Teille ovat luoneet uskoa ihmisiin ja tulevaisuuteen. Kerroitte, ett\u00e4 sen kaiken eteen on kannattanut sovitellen tehd\u00e4 uutterasti ty\u00f6t\u00e4, ett\u00e4 jokainen voi nukkua omassa kodissaan ansaitsemassaan rauhassa. Toivoitte antamassanne haastattelussa rauhan ulottuvan maailman \u00e4\u00e4riin.<\/p>\n\n\n\n<p>Toivotamme onnea Teille ja terveytt\u00e4 sek\u00e4 kaikkea hyv\u00e4\u00e4. Luovutamme Teille n\u00e4ist\u00e4 yhteisist\u00e4 tapaamisistamme muistoksi Rukaj\u00e4rven suunnan Jatkosodan taisteluitten muistomerkin Jotos-pienoismallin. Kuten tied\u00e4tte, varsinainen patsas on pystytetty Lieksan Vapaudenpuistoon 5.6.1966. Tuo hanke k\u00e4ynnisti Rukaj\u00e4rven suunnan veteraanien vire\u00e4n sotahistoriaty\u00f6n.<\/p>\n\n\n\n<figure class=\"wp-block-image size-large is-resized\"><a href=\"http:\/\/www.rukajarvensuunnanhistoriayhdistys.fi\/historiayhdistys\/wp-content\/uploads\/2023\/04\/Jotos-muistomerkki-5-6-1966.jpg\"><img loading=\"lazy\" decoding=\"async\" src=\"http:\/\/www.rukajarvensuunnanhistoriayhdistys.fi\/historiayhdistys\/wp-content\/uploads\/2023\/04\/Jotos-muistomerkki-5-6-1966-1024x667.jpg\" alt=\"\" class=\"wp-image-15022\" width=\"840\" height=\"547\" srcset=\"http:\/\/www.rukajarvensuunnanhistoriayhdistys.fi\/historiayhdistys\/wp-content\/uploads\/2023\/04\/Jotos-muistomerkki-5-6-1966-1024x667.jpg 1024w, http:\/\/www.rukajarvensuunnanhistoriayhdistys.fi\/historiayhdistys\/wp-content\/uploads\/2023\/04\/Jotos-muistomerkki-5-6-1966-300x195.jpg 300w, http:\/\/www.rukajarvensuunnanhistoriayhdistys.fi\/historiayhdistys\/wp-content\/uploads\/2023\/04\/Jotos-muistomerkki-5-6-1966-768x500.jpg 768w, http:\/\/www.rukajarvensuunnanhistoriayhdistys.fi\/historiayhdistys\/wp-content\/uploads\/2023\/04\/Jotos-muistomerkki-5-6-1966-1536x1000.jpg 1536w, http:\/\/www.rukajarvensuunnanhistoriayhdistys.fi\/historiayhdistys\/wp-content\/uploads\/2023\/04\/Jotos-muistomerkki-5-6-1966.jpg 2041w\" sizes=\"auto, (max-width: 840px) 100vw, 840px\" \/><\/a><\/figure>\n\n\n\n<p><strong>Onnitteluihin yhtyv\u00e4t<\/strong><\/p>\n\n\n\n<p>Rukaj\u00e4rven suunnan veteraaniveljet, joista mainitsen t\u00e4ss\u00e4 vain yhdistyksemme j\u00e4senet: Ilmari Koppinen (105 v.), Veli Merentie (99 v.), Hannes Tuovinen (99 v.), Maunu Kankaanp\u00e4\u00e4 (99 v.), Aarre \u00d6\u00f6rni (99 v.), Aulis Lintunen (98 v.), Antti Hyv\u00f6nen (98 v.), Pauli Uusim\u00e4ki (98 v.), ja lotta Eeva-Liisa Kumpulainen (98 v) sek\u00e4 lis\u00e4ksi historiikkitoimikunta, Rukaj\u00e4rven suunnan historiayhdistys ry. ja Rukaj\u00e4rven Tiell\u00e4 ry.<\/p>\n\n\n\n<figure class=\"wp-block-image size-large\"><a href=\"http:\/\/www.rukajarvensuunnanhistoriayhdistys.fi\/historiayhdistys\/wp-content\/uploads\/2017\/01\/DSC03962-Syrj\u00e4niemi-Eino.jpg\"><img loading=\"lazy\" decoding=\"async\" width=\"1024\" height=\"681\" src=\"http:\/\/www.rukajarvensuunnanhistoriayhdistys.fi\/historiayhdistys\/wp-content\/uploads\/2017\/01\/DSC03962-Syrj\u00e4niemi-Eino-1024x681.jpg\" alt=\"\" class=\"wp-image-11102\" srcset=\"http:\/\/www.rukajarvensuunnanhistoriayhdistys.fi\/historiayhdistys\/wp-content\/uploads\/2017\/01\/DSC03962-Syrj\u00e4niemi-Eino-1024x681.jpg 1024w, http:\/\/www.rukajarvensuunnanhistoriayhdistys.fi\/historiayhdistys\/wp-content\/uploads\/2017\/01\/DSC03962-Syrj\u00e4niemi-Eino-300x200.jpg 300w, http:\/\/www.rukajarvensuunnanhistoriayhdistys.fi\/historiayhdistys\/wp-content\/uploads\/2017\/01\/DSC03962-Syrj\u00e4niemi-Eino-768x511.jpg 768w\" sizes=\"auto, (max-width: 1024px) 100vw, 1024px\" \/><\/a><figcaption class=\"wp-element-caption\">Eino Syrj\u00e4niemen pojat Veikko ja Niilo toivat is\u00e4ns\u00e4 Rukaj\u00e4rvi-keskukseen jo pari tuntia aiemmin, jolloin h\u00e4n antoi yli tunnin videohaastattelunsa. Haastattelu on liitetty Rukaj\u00e4rven suunnan historiayhdistyksen digiarkistoon. Kuva Iisalmen Rukaj\u00e4rvi-keskuksessa 15.1.2017\/TJT.<\/figcaption><\/figure>\n\n\n\n<figure class=\"wp-block-image size-large\"><a href=\"http:\/\/www.rukajarvensuunnanhistoriayhdistys.fi\/historiayhdistys\/wp-content\/uploads\/2017\/01\/DSC03965-Syrj\u00e4niemi.jpg\"><img loading=\"lazy\" decoding=\"async\" width=\"1024\" height=\"681\" src=\"http:\/\/www.rukajarvensuunnanhistoriayhdistys.fi\/historiayhdistys\/wp-content\/uploads\/2017\/01\/DSC03965-Syrj\u00e4niemi-1024x681.jpg\" alt=\"\" class=\"wp-image-11097\" srcset=\"http:\/\/www.rukajarvensuunnanhistoriayhdistys.fi\/historiayhdistys\/wp-content\/uploads\/2017\/01\/DSC03965-Syrj\u00e4niemi-1024x681.jpg 1024w, http:\/\/www.rukajarvensuunnanhistoriayhdistys.fi\/historiayhdistys\/wp-content\/uploads\/2017\/01\/DSC03965-Syrj\u00e4niemi-300x200.jpg 300w, http:\/\/www.rukajarvensuunnanhistoriayhdistys.fi\/historiayhdistys\/wp-content\/uploads\/2017\/01\/DSC03965-Syrj\u00e4niemi-768x511.jpg 768w\" sizes=\"auto, (max-width: 1024px) 100vw, 1024px\" \/><\/a><figcaption class=\"wp-element-caption\">Esitelm\u00f6itsij\u00e4 Raine Narva ja pian 99-vuotias vire\u00e4 sotaveteraani Eino Syrj\u00e4niemi. Syrj\u00e4niemi osallistui Muurmannin radan partioretkelle ja kertoi n\u00e4hneens\u00e4 omin silmin l\u00e4\u00e4kint\u00e4miesten &#8221;celsiusmittarista&#8221; pakkaslukeman -43 astetta. L\u00e4\u00e4kint\u00e4mies oli kertonut pakkasen laskeneen per\u00e4ti -50 asteeseen. Kuva otettu 15.1.2017 esitelm\u00e4tilaisuudessa. TJT.<\/figcaption><\/figure>\n\n\n\n<p>V\u00e4lit\u00e4n Teille Raine Narvan onnittelut. Tapasitte h\u00e4net Iisalmen Rukaj\u00e4rvi-keskuksen luennolla 15.1.2017, tuolloin oli kulunut Muurmannin radan partioretkest\u00e4 75 vuotta. Te osallistuitte tuolle partioretkelle, mik\u00e4 oli Jatkosodassa miesvahvuudeltaan suurin, eli 1924 miest\u00e4 osallistui Teid\u00e4n mukananne, is\u00e4ni Tauno Tikkanen heid\u00e4n joukossaan.<\/p>\n\n\n\n<p>Einon aikaisempiin syntym\u00e4p\u00e4iv\u00e4juhliinsa voitte p\u00e4\u00e4st\u00e4 osallistumaan oheisen linkkien kautta, 100-vuotisjuhlan video l\u00f6ytyy &nbsp;<strong><a href=\"https:\/\/www.youtube.com\/watch?v=miLTkAu5R-s\" target=\"_blank\" rel=\"noreferrer noopener\">T\u00c4\u00c4LT\u00c4<\/a><\/strong>. <\/p>\n\n\n\n<figure class=\"wp-block-image size-full is-resized\"><a href=\"http:\/\/www.rukajarvensuunnanhistoriayhdistys.fi\/historiayhdistys\/wp-content\/uploads\/2020\/04\/IMG-20200425-WA0015-1.jpg\"><img loading=\"lazy\" decoding=\"async\" src=\"http:\/\/www.rukajarvensuunnanhistoriayhdistys.fi\/historiayhdistys\/wp-content\/uploads\/2020\/04\/IMG-20200425-WA0015-1.jpg\" alt=\"\" class=\"wp-image-13644\" width=\"826\" height=\"887\" srcset=\"http:\/\/www.rukajarvensuunnanhistoriayhdistys.fi\/historiayhdistys\/wp-content\/uploads\/2020\/04\/IMG-20200425-WA0015-1.jpg 737w, http:\/\/www.rukajarvensuunnanhistoriayhdistys.fi\/historiayhdistys\/wp-content\/uploads\/2020\/04\/IMG-20200425-WA0015-1-280x300.jpg 280w\" sizes=\"auto, (max-width: 826px) 100vw, 826px\" \/><\/a><\/figure>\n\n\n\n<p>Einon kauppareissut tehtiin py\u00f6r\u00e4ll\u00e4. Kuva Katri Syrj\u00e4niemi.<\/p>\n","protected":false},"excerpt":{"rendered":"<p>Haapaj\u00e4rvell\u00e4 Ruusulan hoivakodissa oli j\u00e4rjestetty hieno juhla 105-vuotiaan veteraani Eino Syrj\u00e4niemen kunniaksi. Erityinen muisto juhlasta j\u00e4\u00e4 tietysti paikalla oleville juuri siit\u00e4 syyst\u00e4, ett\u00e4 juhlan p\u00e4\u00e4esiintyj\u00e4 oli itse veteraani. Kuvassa 105-vuotisjuhliaan <a class=\"more-link\" href=\"http:\/\/www.rukajarvensuunnanhistoriayhdistys.fi\/historiayhdistys\/onnittelumme-eino-syrjaniemi-25-4-1918-tanaan-105-vuotta\/\">Teksti jatkuu&#8230;<span class=\"screen-reader-text\">Onnittelumme \u2013 Eino Syrj\u00e4niemi (25.4.1918) t\u00e4n\u00e4\u00e4n 105 vuotta<\/span><span class=\"meta-nav\">\u2192<\/span><\/a><\/p>\n","protected":false},"author":3,"featured_media":0,"comment_status":"closed","ping_status":"open","sticky":false,"template":"","format":"standard","meta":{"footnotes":""},"categories":[22,21,17,1],"tags":[],"class_list":["post-15021","post","type-post","status-publish","format-standard","hentry","category-ajankohtaista","category-rukajarvi-keskus","category-toiminta","category-yleinen"],"yoast_head":"<!-- This site is optimized with the Yoast SEO plugin v27.4 - https:\/\/yoast.com\/product\/yoast-seo-wordpress\/ -->\n<title>Onnittelumme \u2013 Eino Syrj\u00e4niemi (25.4.1918) t\u00e4n\u00e4\u00e4n 105 vuotta - Rukaj\u00e4rven suunnan historiayhdistys<\/title>\n<meta name=\"robots\" content=\"index, follow, max-snippet:-1, max-image-preview:large, max-video-preview:-1\" \/>\n<link rel=\"canonical\" href=\"http:\/\/www.rukajarvensuunnanhistoriayhdistys.fi\/historiayhdistys\/onnittelumme-eino-syrjaniemi-25-4-1918-tanaan-105-vuotta\/\" \/>\n<meta property=\"og:locale\" content=\"fi_FI\" \/>\n<meta property=\"og:type\" content=\"article\" \/>\n<meta property=\"og:title\" content=\"Onnittelumme \u2013 Eino Syrj\u00e4niemi (25.4.1918) t\u00e4n\u00e4\u00e4n 105 vuotta - Rukaj\u00e4rven suunnan historiayhdistys\" \/>\n<meta property=\"og:description\" content=\"Haapaj\u00e4rvell\u00e4 Ruusulan hoivakodissa oli j\u00e4rjestetty hieno juhla 105-vuotiaan veteraani Eino Syrj\u00e4niemen kunniaksi. Erityinen muisto juhlasta j\u00e4\u00e4 tietysti paikalla oleville juuri siit\u00e4 syyst\u00e4, ett\u00e4 juhlan p\u00e4\u00e4esiintyj\u00e4 oli itse veteraani. Kuvassa 105-vuotisjuhliaan Teksti jatkuu...Onnittelumme \u2013 Eino Syrj\u00e4niemi (25.4.1918) t\u00e4n\u00e4\u00e4n 105 vuotta\u2192\" \/>\n<meta property=\"og:url\" content=\"http:\/\/www.rukajarvensuunnanhistoriayhdistys.fi\/historiayhdistys\/onnittelumme-eino-syrjaniemi-25-4-1918-tanaan-105-vuotta\/\" \/>\n<meta property=\"og:site_name\" content=\"Rukaj\u00e4rven suunnan historiayhdistys\" \/>\n<meta property=\"article:published_time\" content=\"2023-04-24T21:20:00+00:00\" \/>\n<meta property=\"article:modified_time\" content=\"2023-04-26T11:59:14+00:00\" \/>\n<meta property=\"og:image\" content=\"http:\/\/www.rukajarvensuunnanhistoriayhdistys.fi\/historiayhdistys\/wp-content\/uploads\/2023\/04\/IMG_20230425_140208Syrjaniemi-Eino-1024x768.jpg\" \/>\n<meta name=\"author\" content=\"RSHY\" \/>\n<meta name=\"twitter:label1\" content=\"Kirjoittanut\" \/>\n\t<meta name=\"twitter:data1\" content=\"RSHY\" \/>\n\t<meta name=\"twitter:label2\" content=\"Arvioitu lukuaika\" \/>\n\t<meta name=\"twitter:data2\" content=\"8 minuuttia\" \/>\n<script type=\"application\/ld+json\" class=\"yoast-schema-graph\">{\"@context\":\"https:\\\/\\\/schema.org\",\"@graph\":[{\"@type\":\"Article\",\"@id\":\"http:\\\/\\\/www.rukajarvensuunnanhistoriayhdistys.fi\\\/historiayhdistys\\\/onnittelumme-eino-syrjaniemi-25-4-1918-tanaan-105-vuotta\\\/#article\",\"isPartOf\":{\"@id\":\"http:\\\/\\\/www.rukajarvensuunnanhistoriayhdistys.fi\\\/historiayhdistys\\\/onnittelumme-eino-syrjaniemi-25-4-1918-tanaan-105-vuotta\\\/\"},\"author\":{\"name\":\"RSHY\",\"@id\":\"http:\\\/\\\/www.rukajarvensuunnanhistoriayhdistys.fi\\\/historiayhdistys\\\/#\\\/schema\\\/person\\\/19de7db68bf72dfd2b5d7f6dfbf8454d\"},\"headline\":\"Onnittelumme \u2013 Eino Syrj\u00e4niemi (25.4.1918) t\u00e4n\u00e4\u00e4n 105 vuotta\",\"datePublished\":\"2023-04-24T21:20:00+00:00\",\"dateModified\":\"2023-04-26T11:59:14+00:00\",\"mainEntityOfPage\":{\"@id\":\"http:\\\/\\\/www.rukajarvensuunnanhistoriayhdistys.fi\\\/historiayhdistys\\\/onnittelumme-eino-syrjaniemi-25-4-1918-tanaan-105-vuotta\\\/\"},\"wordCount\":1099,\"publisher\":{\"@id\":\"http:\\\/\\\/www.rukajarvensuunnanhistoriayhdistys.fi\\\/historiayhdistys\\\/#organization\"},\"image\":{\"@id\":\"http:\\\/\\\/www.rukajarvensuunnanhistoriayhdistys.fi\\\/historiayhdistys\\\/onnittelumme-eino-syrjaniemi-25-4-1918-tanaan-105-vuotta\\\/#primaryimage\"},\"thumbnailUrl\":\"http:\\\/\\\/www.rukajarvensuunnanhistoriayhdistys.fi\\\/historiayhdistys\\\/wp-content\\\/uploads\\\/2023\\\/04\\\/IMG_20230425_140208Syrjaniemi-Eino-1024x768.jpg\",\"articleSection\":[\"Ajankohtaista\",\"Rukaj\u00e4rvi-keskus\",\"Toiminta\"],\"inLanguage\":\"fi\"},{\"@type\":\"WebPage\",\"@id\":\"http:\\\/\\\/www.rukajarvensuunnanhistoriayhdistys.fi\\\/historiayhdistys\\\/onnittelumme-eino-syrjaniemi-25-4-1918-tanaan-105-vuotta\\\/\",\"url\":\"http:\\\/\\\/www.rukajarvensuunnanhistoriayhdistys.fi\\\/historiayhdistys\\\/onnittelumme-eino-syrjaniemi-25-4-1918-tanaan-105-vuotta\\\/\",\"name\":\"Onnittelumme \u2013 Eino Syrj\u00e4niemi (25.4.1918) t\u00e4n\u00e4\u00e4n 105 vuotta - Rukaj\u00e4rven suunnan historiayhdistys\",\"isPartOf\":{\"@id\":\"http:\\\/\\\/www.rukajarvensuunnanhistoriayhdistys.fi\\\/historiayhdistys\\\/#website\"},\"primaryImageOfPage\":{\"@id\":\"http:\\\/\\\/www.rukajarvensuunnanhistoriayhdistys.fi\\\/historiayhdistys\\\/onnittelumme-eino-syrjaniemi-25-4-1918-tanaan-105-vuotta\\\/#primaryimage\"},\"image\":{\"@id\":\"http:\\\/\\\/www.rukajarvensuunnanhistoriayhdistys.fi\\\/historiayhdistys\\\/onnittelumme-eino-syrjaniemi-25-4-1918-tanaan-105-vuotta\\\/#primaryimage\"},\"thumbnailUrl\":\"http:\\\/\\\/www.rukajarvensuunnanhistoriayhdistys.fi\\\/historiayhdistys\\\/wp-content\\\/uploads\\\/2023\\\/04\\\/IMG_20230425_140208Syrjaniemi-Eino-1024x768.jpg\",\"datePublished\":\"2023-04-24T21:20:00+00:00\",\"dateModified\":\"2023-04-26T11:59:14+00:00\",\"breadcrumb\":{\"@id\":\"http:\\\/\\\/www.rukajarvensuunnanhistoriayhdistys.fi\\\/historiayhdistys\\\/onnittelumme-eino-syrjaniemi-25-4-1918-tanaan-105-vuotta\\\/#breadcrumb\"},\"inLanguage\":\"fi\",\"potentialAction\":[{\"@type\":\"ReadAction\",\"target\":[\"http:\\\/\\\/www.rukajarvensuunnanhistoriayhdistys.fi\\\/historiayhdistys\\\/onnittelumme-eino-syrjaniemi-25-4-1918-tanaan-105-vuotta\\\/\"]}]},{\"@type\":\"ImageObject\",\"inLanguage\":\"fi\",\"@id\":\"http:\\\/\\\/www.rukajarvensuunnanhistoriayhdistys.fi\\\/historiayhdistys\\\/onnittelumme-eino-syrjaniemi-25-4-1918-tanaan-105-vuotta\\\/#primaryimage\",\"url\":\"http:\\\/\\\/www.rukajarvensuunnanhistoriayhdistys.fi\\\/historiayhdistys\\\/wp-content\\\/uploads\\\/2023\\\/04\\\/IMG_20230425_140208Syrjaniemi-Eino-scaled.jpg\",\"contentUrl\":\"http:\\\/\\\/www.rukajarvensuunnanhistoriayhdistys.fi\\\/historiayhdistys\\\/wp-content\\\/uploads\\\/2023\\\/04\\\/IMG_20230425_140208Syrjaniemi-Eino-scaled.jpg\",\"width\":2560,\"height\":1920},{\"@type\":\"BreadcrumbList\",\"@id\":\"http:\\\/\\\/www.rukajarvensuunnanhistoriayhdistys.fi\\\/historiayhdistys\\\/onnittelumme-eino-syrjaniemi-25-4-1918-tanaan-105-vuotta\\\/#breadcrumb\",\"itemListElement\":[{\"@type\":\"ListItem\",\"position\":1,\"name\":\"Etusivu\",\"item\":\"http:\\\/\\\/www.rukajarvensuunnanhistoriayhdistys.fi\\\/historiayhdistys\\\/\"},{\"@type\":\"ListItem\",\"position\":2,\"name\":\"Onnittelumme \u2013 Eino Syrj\u00e4niemi (25.4.1918) t\u00e4n\u00e4\u00e4n 105 vuotta\"}]},{\"@type\":\"WebSite\",\"@id\":\"http:\\\/\\\/www.rukajarvensuunnanhistoriayhdistys.fi\\\/historiayhdistys\\\/#website\",\"url\":\"http:\\\/\\\/www.rukajarvensuunnanhistoriayhdistys.fi\\\/historiayhdistys\\\/\",\"name\":\"Rukaj\u00e4rven suunnan historiayhdistys\",\"description\":\"Rukaj\u00e4rven suunnan historiayhdistyksen verkkosivut.\",\"publisher\":{\"@id\":\"http:\\\/\\\/www.rukajarvensuunnanhistoriayhdistys.fi\\\/historiayhdistys\\\/#organization\"},\"potentialAction\":[{\"@type\":\"SearchAction\",\"target\":{\"@type\":\"EntryPoint\",\"urlTemplate\":\"http:\\\/\\\/www.rukajarvensuunnanhistoriayhdistys.fi\\\/historiayhdistys\\\/?s={search_term_string}\"},\"query-input\":{\"@type\":\"PropertyValueSpecification\",\"valueRequired\":true,\"valueName\":\"search_term_string\"}}],\"inLanguage\":\"fi\"},{\"@type\":\"Organization\",\"@id\":\"http:\\\/\\\/www.rukajarvensuunnanhistoriayhdistys.fi\\\/historiayhdistys\\\/#organization\",\"name\":\"Rukaj\u00e4rven suunnan historiayhdistys\",\"url\":\"http:\\\/\\\/www.rukajarvensuunnanhistoriayhdistys.fi\\\/historiayhdistys\\\/\",\"logo\":{\"@type\":\"ImageObject\",\"inLanguage\":\"fi\",\"@id\":\"http:\\\/\\\/www.rukajarvensuunnanhistoriayhdistys.fi\\\/historiayhdistys\\\/#\\\/schema\\\/logo\\\/image\\\/\",\"url\":\"http:\\\/\\\/www.rukajarvensuunnanhistoriayhdistys.fi\\\/historiayhdistys\\\/wp-content\\\/uploads\\\/2013\\\/12\\\/Otsake_3.jpg\",\"contentUrl\":\"http:\\\/\\\/www.rukajarvensuunnanhistoriayhdistys.fi\\\/historiayhdistys\\\/wp-content\\\/uploads\\\/2013\\\/12\\\/Otsake_3.jpg\",\"width\":1000,\"height\":442,\"caption\":\"Rukaj\u00e4rven suunnan historiayhdistys\"},\"image\":{\"@id\":\"http:\\\/\\\/www.rukajarvensuunnanhistoriayhdistys.fi\\\/historiayhdistys\\\/#\\\/schema\\\/logo\\\/image\\\/\"}},{\"@type\":\"Person\",\"@id\":\"http:\\\/\\\/www.rukajarvensuunnanhistoriayhdistys.fi\\\/historiayhdistys\\\/#\\\/schema\\\/person\\\/19de7db68bf72dfd2b5d7f6dfbf8454d\",\"name\":\"RSHY\",\"image\":{\"@type\":\"ImageObject\",\"inLanguage\":\"fi\",\"@id\":\"https:\\\/\\\/secure.gravatar.com\\\/avatar\\\/598d59263a69cc8de65fcb4f9db78d6f58c098cb0e0ba22d73377441af9fa04c?s=96&d=blank&r=g\",\"url\":\"https:\\\/\\\/secure.gravatar.com\\\/avatar\\\/598d59263a69cc8de65fcb4f9db78d6f58c098cb0e0ba22d73377441af9fa04c?s=96&d=blank&r=g\",\"contentUrl\":\"https:\\\/\\\/secure.gravatar.com\\\/avatar\\\/598d59263a69cc8de65fcb4f9db78d6f58c098cb0e0ba22d73377441af9fa04c?s=96&d=blank&r=g\",\"caption\":\"RSHY\"},\"url\":\"http:\\\/\\\/www.rukajarvensuunnanhistoriayhdistys.fi\\\/historiayhdistys\\\/author\\\/rshy\\\/\"}]}<\/script>\n<!-- \/ Yoast SEO plugin. -->","yoast_head_json":{"title":"Onnittelumme \u2013 Eino Syrj\u00e4niemi (25.4.1918) t\u00e4n\u00e4\u00e4n 105 vuotta - Rukaj\u00e4rven suunnan historiayhdistys","robots":{"index":"index","follow":"follow","max-snippet":"max-snippet:-1","max-image-preview":"max-image-preview:large","max-video-preview":"max-video-preview:-1"},"canonical":"http:\/\/www.rukajarvensuunnanhistoriayhdistys.fi\/historiayhdistys\/onnittelumme-eino-syrjaniemi-25-4-1918-tanaan-105-vuotta\/","og_locale":"fi_FI","og_type":"article","og_title":"Onnittelumme \u2013 Eino Syrj\u00e4niemi (25.4.1918) t\u00e4n\u00e4\u00e4n 105 vuotta - Rukaj\u00e4rven suunnan historiayhdistys","og_description":"Haapaj\u00e4rvell\u00e4 Ruusulan hoivakodissa oli j\u00e4rjestetty hieno juhla 105-vuotiaan veteraani Eino Syrj\u00e4niemen kunniaksi. Erityinen muisto juhlasta j\u00e4\u00e4 tietysti paikalla oleville juuri siit\u00e4 syyst\u00e4, ett\u00e4 juhlan p\u00e4\u00e4esiintyj\u00e4 oli itse veteraani. Kuvassa 105-vuotisjuhliaan Teksti jatkuu...Onnittelumme \u2013 Eino Syrj\u00e4niemi (25.4.1918) t\u00e4n\u00e4\u00e4n 105 vuotta\u2192","og_url":"http:\/\/www.rukajarvensuunnanhistoriayhdistys.fi\/historiayhdistys\/onnittelumme-eino-syrjaniemi-25-4-1918-tanaan-105-vuotta\/","og_site_name":"Rukaj\u00e4rven suunnan historiayhdistys","article_published_time":"2023-04-24T21:20:00+00:00","article_modified_time":"2023-04-26T11:59:14+00:00","og_image":[{"url":"http:\/\/www.rukajarvensuunnanhistoriayhdistys.fi\/historiayhdistys\/wp-content\/uploads\/2023\/04\/IMG_20230425_140208Syrjaniemi-Eino-1024x768.jpg","type":"","width":"","height":""}],"author":"RSHY","twitter_misc":{"Kirjoittanut":"RSHY","Arvioitu lukuaika":"8 minuuttia"},"schema":{"@context":"https:\/\/schema.org","@graph":[{"@type":"Article","@id":"http:\/\/www.rukajarvensuunnanhistoriayhdistys.fi\/historiayhdistys\/onnittelumme-eino-syrjaniemi-25-4-1918-tanaan-105-vuotta\/#article","isPartOf":{"@id":"http:\/\/www.rukajarvensuunnanhistoriayhdistys.fi\/historiayhdistys\/onnittelumme-eino-syrjaniemi-25-4-1918-tanaan-105-vuotta\/"},"author":{"name":"RSHY","@id":"http:\/\/www.rukajarvensuunnanhistoriayhdistys.fi\/historiayhdistys\/#\/schema\/person\/19de7db68bf72dfd2b5d7f6dfbf8454d"},"headline":"Onnittelumme \u2013 Eino Syrj\u00e4niemi (25.4.1918) t\u00e4n\u00e4\u00e4n 105 vuotta","datePublished":"2023-04-24T21:20:00+00:00","dateModified":"2023-04-26T11:59:14+00:00","mainEntityOfPage":{"@id":"http:\/\/www.rukajarvensuunnanhistoriayhdistys.fi\/historiayhdistys\/onnittelumme-eino-syrjaniemi-25-4-1918-tanaan-105-vuotta\/"},"wordCount":1099,"publisher":{"@id":"http:\/\/www.rukajarvensuunnanhistoriayhdistys.fi\/historiayhdistys\/#organization"},"image":{"@id":"http:\/\/www.rukajarvensuunnanhistoriayhdistys.fi\/historiayhdistys\/onnittelumme-eino-syrjaniemi-25-4-1918-tanaan-105-vuotta\/#primaryimage"},"thumbnailUrl":"http:\/\/www.rukajarvensuunnanhistoriayhdistys.fi\/historiayhdistys\/wp-content\/uploads\/2023\/04\/IMG_20230425_140208Syrjaniemi-Eino-1024x768.jpg","articleSection":["Ajankohtaista","Rukaj\u00e4rvi-keskus","Toiminta"],"inLanguage":"fi"},{"@type":"WebPage","@id":"http:\/\/www.rukajarvensuunnanhistoriayhdistys.fi\/historiayhdistys\/onnittelumme-eino-syrjaniemi-25-4-1918-tanaan-105-vuotta\/","url":"http:\/\/www.rukajarvensuunnanhistoriayhdistys.fi\/historiayhdistys\/onnittelumme-eino-syrjaniemi-25-4-1918-tanaan-105-vuotta\/","name":"Onnittelumme \u2013 Eino Syrj\u00e4niemi (25.4.1918) t\u00e4n\u00e4\u00e4n 105 vuotta - Rukaj\u00e4rven suunnan historiayhdistys","isPartOf":{"@id":"http:\/\/www.rukajarvensuunnanhistoriayhdistys.fi\/historiayhdistys\/#website"},"primaryImageOfPage":{"@id":"http:\/\/www.rukajarvensuunnanhistoriayhdistys.fi\/historiayhdistys\/onnittelumme-eino-syrjaniemi-25-4-1918-tanaan-105-vuotta\/#primaryimage"},"image":{"@id":"http:\/\/www.rukajarvensuunnanhistoriayhdistys.fi\/historiayhdistys\/onnittelumme-eino-syrjaniemi-25-4-1918-tanaan-105-vuotta\/#primaryimage"},"thumbnailUrl":"http:\/\/www.rukajarvensuunnanhistoriayhdistys.fi\/historiayhdistys\/wp-content\/uploads\/2023\/04\/IMG_20230425_140208Syrjaniemi-Eino-1024x768.jpg","datePublished":"2023-04-24T21:20:00+00:00","dateModified":"2023-04-26T11:59:14+00:00","breadcrumb":{"@id":"http:\/\/www.rukajarvensuunnanhistoriayhdistys.fi\/historiayhdistys\/onnittelumme-eino-syrjaniemi-25-4-1918-tanaan-105-vuotta\/#breadcrumb"},"inLanguage":"fi","potentialAction":[{"@type":"ReadAction","target":["http:\/\/www.rukajarvensuunnanhistoriayhdistys.fi\/historiayhdistys\/onnittelumme-eino-syrjaniemi-25-4-1918-tanaan-105-vuotta\/"]}]},{"@type":"ImageObject","inLanguage":"fi","@id":"http:\/\/www.rukajarvensuunnanhistoriayhdistys.fi\/historiayhdistys\/onnittelumme-eino-syrjaniemi-25-4-1918-tanaan-105-vuotta\/#primaryimage","url":"http:\/\/www.rukajarvensuunnanhistoriayhdistys.fi\/historiayhdistys\/wp-content\/uploads\/2023\/04\/IMG_20230425_140208Syrjaniemi-Eino-scaled.jpg","contentUrl":"http:\/\/www.rukajarvensuunnanhistoriayhdistys.fi\/historiayhdistys\/wp-content\/uploads\/2023\/04\/IMG_20230425_140208Syrjaniemi-Eino-scaled.jpg","width":2560,"height":1920},{"@type":"BreadcrumbList","@id":"http:\/\/www.rukajarvensuunnanhistoriayhdistys.fi\/historiayhdistys\/onnittelumme-eino-syrjaniemi-25-4-1918-tanaan-105-vuotta\/#breadcrumb","itemListElement":[{"@type":"ListItem","position":1,"name":"Etusivu","item":"http:\/\/www.rukajarvensuunnanhistoriayhdistys.fi\/historiayhdistys\/"},{"@type":"ListItem","position":2,"name":"Onnittelumme \u2013 Eino Syrj\u00e4niemi (25.4.1918) t\u00e4n\u00e4\u00e4n 105 vuotta"}]},{"@type":"WebSite","@id":"http:\/\/www.rukajarvensuunnanhistoriayhdistys.fi\/historiayhdistys\/#website","url":"http:\/\/www.rukajarvensuunnanhistoriayhdistys.fi\/historiayhdistys\/","name":"Rukaj\u00e4rven suunnan historiayhdistys","description":"Rukaj\u00e4rven suunnan historiayhdistyksen verkkosivut.","publisher":{"@id":"http:\/\/www.rukajarvensuunnanhistoriayhdistys.fi\/historiayhdistys\/#organization"},"potentialAction":[{"@type":"SearchAction","target":{"@type":"EntryPoint","urlTemplate":"http:\/\/www.rukajarvensuunnanhistoriayhdistys.fi\/historiayhdistys\/?s={search_term_string}"},"query-input":{"@type":"PropertyValueSpecification","valueRequired":true,"valueName":"search_term_string"}}],"inLanguage":"fi"},{"@type":"Organization","@id":"http:\/\/www.rukajarvensuunnanhistoriayhdistys.fi\/historiayhdistys\/#organization","name":"Rukaj\u00e4rven suunnan historiayhdistys","url":"http:\/\/www.rukajarvensuunnanhistoriayhdistys.fi\/historiayhdistys\/","logo":{"@type":"ImageObject","inLanguage":"fi","@id":"http:\/\/www.rukajarvensuunnanhistoriayhdistys.fi\/historiayhdistys\/#\/schema\/logo\/image\/","url":"http:\/\/www.rukajarvensuunnanhistoriayhdistys.fi\/historiayhdistys\/wp-content\/uploads\/2013\/12\/Otsake_3.jpg","contentUrl":"http:\/\/www.rukajarvensuunnanhistoriayhdistys.fi\/historiayhdistys\/wp-content\/uploads\/2013\/12\/Otsake_3.jpg","width":1000,"height":442,"caption":"Rukaj\u00e4rven suunnan historiayhdistys"},"image":{"@id":"http:\/\/www.rukajarvensuunnanhistoriayhdistys.fi\/historiayhdistys\/#\/schema\/logo\/image\/"}},{"@type":"Person","@id":"http:\/\/www.rukajarvensuunnanhistoriayhdistys.fi\/historiayhdistys\/#\/schema\/person\/19de7db68bf72dfd2b5d7f6dfbf8454d","name":"RSHY","image":{"@type":"ImageObject","inLanguage":"fi","@id":"https:\/\/secure.gravatar.com\/avatar\/598d59263a69cc8de65fcb4f9db78d6f58c098cb0e0ba22d73377441af9fa04c?s=96&d=blank&r=g","url":"https:\/\/secure.gravatar.com\/avatar\/598d59263a69cc8de65fcb4f9db78d6f58c098cb0e0ba22d73377441af9fa04c?s=96&d=blank&r=g","contentUrl":"https:\/\/secure.gravatar.com\/avatar\/598d59263a69cc8de65fcb4f9db78d6f58c098cb0e0ba22d73377441af9fa04c?s=96&d=blank&r=g","caption":"RSHY"},"url":"http:\/\/www.rukajarvensuunnanhistoriayhdistys.fi\/historiayhdistys\/author\/rshy\/"}]}},"_links":{"self":[{"href":"http:\/\/www.rukajarvensuunnanhistoriayhdistys.fi\/historiayhdistys\/wp-json\/wp\/v2\/posts\/15021","targetHints":{"allow":["GET"]}}],"collection":[{"href":"http:\/\/www.rukajarvensuunnanhistoriayhdistys.fi\/historiayhdistys\/wp-json\/wp\/v2\/posts"}],"about":[{"href":"http:\/\/www.rukajarvensuunnanhistoriayhdistys.fi\/historiayhdistys\/wp-json\/wp\/v2\/types\/post"}],"author":[{"embeddable":true,"href":"http:\/\/www.rukajarvensuunnanhistoriayhdistys.fi\/historiayhdistys\/wp-json\/wp\/v2\/users\/3"}],"replies":[{"embeddable":true,"href":"http:\/\/www.rukajarvensuunnanhistoriayhdistys.fi\/historiayhdistys\/wp-json\/wp\/v2\/comments?post=15021"}],"version-history":[{"count":9,"href":"http:\/\/www.rukajarvensuunnanhistoriayhdistys.fi\/historiayhdistys\/wp-json\/wp\/v2\/posts\/15021\/revisions"}],"predecessor-version":[{"id":15040,"href":"http:\/\/www.rukajarvensuunnanhistoriayhdistys.fi\/historiayhdistys\/wp-json\/wp\/v2\/posts\/15021\/revisions\/15040"}],"wp:attachment":[{"href":"http:\/\/www.rukajarvensuunnanhistoriayhdistys.fi\/historiayhdistys\/wp-json\/wp\/v2\/media?parent=15021"}],"wp:term":[{"taxonomy":"category","embeddable":true,"href":"http:\/\/www.rukajarvensuunnanhistoriayhdistys.fi\/historiayhdistys\/wp-json\/wp\/v2\/categories?post=15021"},{"taxonomy":"post_tag","embeddable":true,"href":"http:\/\/www.rukajarvensuunnanhistoriayhdistys.fi\/historiayhdistys\/wp-json\/wp\/v2\/tags?post=15021"}],"curies":[{"name":"wp","href":"https:\/\/api.w.org\/{rel}","templated":true}]}}