{"id":15335,"date":"2024-02-23T00:15:48","date_gmt":"2024-02-22T22:15:48","guid":{"rendered":"http:\/\/www.rukajarvensuunnanhistoriayhdistys.fi\/historiayhdistys\/?p=15335"},"modified":"2024-03-09T14:44:00","modified_gmt":"2024-03-09T12:44:00","slug":"hannes-tuovinen-tayttaa-tanaan-100-vuotta-parhaat-onnittelumme","status":"publish","type":"post","link":"http:\/\/www.rukajarvensuunnanhistoriayhdistys.fi\/historiayhdistys\/hannes-tuovinen-tayttaa-tanaan-100-vuotta-parhaat-onnittelumme\/","title":{"rendered":"Hannes Tuovinen t\u00e4ytt\u00e4\u00e4 t\u00e4n\u00e4\u00e4n 100 vuotta &#8211; Parhaat onnittelumme"},"content":{"rendered":"<div class=\"fcbkbttn_buttons_block\" id=\"fcbkbttn_left\"><div class=\"fcbkbttn_like \"><fb:like href=\"http:\/\/www.rukajarvensuunnanhistoriayhdistys.fi\/historiayhdistys\/hannes-tuovinen-tayttaa-tanaan-100-vuotta-parhaat-onnittelumme\/\" action=\"like\" colorscheme=\"light\" layout=\"button_count\"  size=\"small\"><\/fb:like><\/div><\/div>\n<p><strong>Hannes Tuovisen varsinainen syntym\u00e4p\u00e4iv\u00e4n juhla j\u00e4rjestet\u00e4\u00e4n lauantaina 24.2.2023 Vihdin kirkossa alkaen klo 12.00.<\/strong><\/p>\n\n\n\n<figure class=\"wp-block-image size-full is-resized\"><a href=\"http:\/\/www.rukajarvensuunnanhistoriayhdistys.fi\/historiayhdistys\/wp-content\/uploads\/2024\/02\/E_K_MSe_-2017-10-21-Tuovinen-Hannes-1.jpg\"><img loading=\"lazy\" decoding=\"async\" width=\"465\" height=\"534\" src=\"http:\/\/www.rukajarvensuunnanhistoriayhdistys.fi\/historiayhdistys\/wp-content\/uploads\/2024\/02\/E_K_MSe_-2017-10-21-Tuovinen-Hannes-1.jpg\" alt=\"\" class=\"wp-image-15336\" style=\"width:833px;height:auto\" srcset=\"http:\/\/www.rukajarvensuunnanhistoriayhdistys.fi\/historiayhdistys\/wp-content\/uploads\/2024\/02\/E_K_MSe_-2017-10-21-Tuovinen-Hannes-1.jpg 465w, http:\/\/www.rukajarvensuunnanhistoriayhdistys.fi\/historiayhdistys\/wp-content\/uploads\/2024\/02\/E_K_MSe_-2017-10-21-Tuovinen-Hannes-1-261x300.jpg 261w\" sizes=\"auto, (max-width: 465px) 100vw, 465px\" \/><\/a><\/figure>\n\n\n\n<p><em>Hannes Tuovinen syntyi Varpaisj\u00e4rvell\u00e4 23.2.1924. Nykyisin Hannes Tuovinen asuu Vihdin Nummelassa.<\/em><\/p>\n\n\n\n<p><strong>Julkaisemme veteraanin syntym\u00e4p\u00e4iv\u00e4n kunniaksi yhdistyksemme onnittelut, jotka puheenjohtajamme on h\u00e4nelle toimittanut juhlaesitelm\u00e4n muodossa ja mink\u00e4 julkaisemme jo t\u00e4ss\u00e4 yhteydess\u00e4.<\/strong><\/p>\n\n\n\n<p><strong>Arvoisa veteraani Hannes Tuovinen<\/strong>.<\/p>\n\n\n\n<p>Onnittelumme 100-vuotisp\u00e4iv\u00e4nne johdosta! T\u00e4m\u00e4 merkkip\u00e4iv\u00e4 ei ole pelk\u00e4st\u00e4\u00e4n juhlan arvoinen henkil\u00f6kohtaisesti Teille, vaan se on my\u00f6s tilaisuus koko yhteiskunnallemme kunnioittaa Teid\u00e4n el\u00e4m\u00e4nne k\u00e4\u00e4nteit\u00e4 ja tekojanne, jotka ovat j\u00e4tt\u00e4neet j\u00e4lkens\u00e4 Suomen historiaan. Palaamme hiukan ajassa taaksep\u00e4in.<\/p>\n\n\n\n<p>On syttynyt uusi t\u00e4hti Rukaj\u00e4rven suunnan taivaalle. Ja juuri siit\u00e4 syyst\u00e4 halusimme tavata veteraani Hannes Tuovisen heti maamme itsen\u00e4isyysp\u00e4iv\u00e4n j\u00e4lkeen v. 2015 (8.12.2015). Matkasin Nummelaan tapaamaan Teit\u00e4 silloisen hallituksemme j\u00e4senen veteraani Olavi Tiittasen kanssa.<\/p>\n\n\n\n<p>Tarkoituksemme oli haastatella veteraania ja tallentaa tuo haastattelu yhdistyksemme digiarkistoon tulevien sukupolvien k\u00e4ytt\u00f6\u00f6n. N\u00e4in olimme toimineet lukuisten Rukaj\u00e4rven suunnan veteraanien muistoja tallentaen yhdistyksellemme veteraanien itsens\u00e4 antaman velvoittavan kehotuksen mukaisesti. Te veteraanit ilmoititte meille: \u201dMeit\u00e4 kiinnostaa totuus, eiv\u00e4tk\u00e4 mitk\u00e4\u00e4n sadut. Sota on asia mist\u00e4 tulee kaikin keinoin v\u00e4ltty\u00e4 neuvotellen.\u201d Ensitapaamisemme yhteydess\u00e4 ja pian tuon j\u00e4lkeen antamissanne lehtihaastatteluissa t\u00e4hdensitte rauhan tilan merkityst\u00e4 maailmassa. Ne mielipiteenne l\u00e4mmittiv\u00e4t mielt\u00e4ni erityisesti sen suhteen mit\u00e4 teht\u00e4v\u00e4\u00e4 varten yhteis\u00f6mme toivomuksenne mukaisesti oli perustettu.<\/p>\n\n\n\n<p>Yleisradiolle v. 2021 antamassanne haastattelussa kerroitte mm: \u201dRauhaa odotettiin ja sen tulemiseen luotettiin\u2026Yht\u00e4 selv\u00e4\u00e4 Tuoviselle on, ett\u00e4 sotimisen pit\u00e4isi nykymaailmassa loppua. H\u00e4nen mielest\u00e4\u00e4n sotivat nykyjohtajat toimivat v\u00e4\u00e4rin, sill\u00e4 neuvottelu on avain rauhaan. \u2013 Johtajat ovat tuhmia, kun eiv\u00e4t neuvottele. Se on \u00e4lyn puutetta. Neuvottelemalla pystyt\u00e4\u00e4n j\u00e4rjest\u00e4m\u00e4\u00e4n kaikki asiat.\u201d YLE 6.12.2021<\/p>\n\n\n\n<p>Niin ja 4.3.2022 vetositte rauhan puolesta: &#8221;Kyll\u00e4 on ihmiset tyhmi\u00e4 \u2013 neuvotelkaa&#8221;.<\/p>\n\n\n\n<p>Kuluvana 100-vuotisjuhlavuonnanne Teid\u00e4t valittiin \u201dVuoden papaksi\u201d ja tiedotusv\u00e4lineille antamassanne haastatteluissa vannoitte positiivisuuden nimiin.<\/p>\n\n\n\n<p>T\u00e4st\u00e4 vuoden 2015 matkasta muodostui mieliin painuva. T\u00e4m\u00e4n j\u00e4lkeen olen seurannut Teid\u00e4n arvoisa veteraani Hannes Tuovinen matkaa ja olemme tavanneet lukuisissa yhteisiss\u00e4 juhlissa mm. Ermei Kannisen muistoseminaarissa Suomalaisella klubilla 21.10.2017 &#8211; vuonna, jolloin maamme itsen\u00e4istymisest\u00e4 tuli kuluneeksi 100 vuotta.<\/p>\n\n\n\n<figure class=\"wp-block-image size-full\"><a href=\"http:\/\/www.rukajarvensuunnanhistoriayhdistys.fi\/historiayhdistys\/wp-content\/uploads\/2024\/02\/E_K_MSe_-2017-10-21-Tuovinen-Hannes.jpeg\"><img loading=\"lazy\" decoding=\"async\" width=\"928\" height=\"768\" src=\"http:\/\/www.rukajarvensuunnanhistoriayhdistys.fi\/historiayhdistys\/wp-content\/uploads\/2024\/02\/E_K_MSe_-2017-10-21-Tuovinen-Hannes.jpeg\" alt=\"\" class=\"wp-image-15343\" srcset=\"http:\/\/www.rukajarvensuunnanhistoriayhdistys.fi\/historiayhdistys\/wp-content\/uploads\/2024\/02\/E_K_MSe_-2017-10-21-Tuovinen-Hannes.jpeg 928w, http:\/\/www.rukajarvensuunnanhistoriayhdistys.fi\/historiayhdistys\/wp-content\/uploads\/2024\/02\/E_K_MSe_-2017-10-21-Tuovinen-Hannes-300x248.jpeg 300w, http:\/\/www.rukajarvensuunnanhistoriayhdistys.fi\/historiayhdistys\/wp-content\/uploads\/2024\/02\/E_K_MSe_-2017-10-21-Tuovinen-Hannes-768x636.jpeg 768w\" sizes=\"auto, (max-width: 928px) 100vw, 928px\" \/><\/a><\/figure>\n\n\n\n<p><em>Hannes Tuovinen Helsingin Suomalaisella klubilla 21.10.2017 veteraani Mauno Turusen kanssa.<\/em><\/p>\n\n\n\n<p>Kaikki n\u00e4m\u00e4 edell\u00e4 kuvaamani Teid\u00e4n haastattelunne ovat osoitus sodan kokeneen miehen puheista, joka ymm\u00e4rt\u00e4\u00e4 mit\u00e4 oikea sota k\u00e4yt\u00e4nn\u00f6ss\u00e4 on. Se on k\u00e4rsimys paitsi itse sotatoimiin osallistuville joukoille, mutta se on koettelemus my\u00f6s kotijoukoille ja koko maalle. Se on k\u00e4rsimys kotiv\u00e4elle, jota ette ole voinut rasittaa kuin joltain osin vasta 100 vuoden kynnyksell\u00e4. Useimmat aseveljist\u00e4nne pitiv\u00e4t suun supussa l\u00e4pi el\u00e4m\u00e4ns\u00e4. Vain Te aseveljet k\u00e4vitte vapaa- ja sylipainia nuoruusvuosien tapahtumista tavatessanne.<\/p>\n\n\n\n<p>Ymm\u00e4rr\u00e4n hyvin milt\u00e4 Teist\u00e4 veteraaneista tuntui, kun kaikki n\u00e4ytti niin synk\u00e4lt\u00e4. Partioretkill\u00e4nne saitte henkil\u00f6kohtaisesti tiedon liittoutuneitten tuesta, mik\u00e4 kulki Muurmannin rataa my\u00f6ten. Ymm\u00e4rr\u00e4n hyvin milt\u00e4 Teist\u00e4 tuntui vihollisen partiomiesten nauttivan liittoutuneitten s\u00e4ilykepurkeista, jotka olivat runsaudessaan vain puoliksi nautittu. Samalla kun Te itse kannoitte kuivaa n\u00e4kkileip\u00e4\u00e4 ja teet\u00e4 l\u00e4mmititte kynsitulilla. Oikea tieto siit\u00e4 mist\u00e4 sodassa oli kysymys tuli Teille reaaliajassa edell\u00e4 kuvatulla tavalla nuotiotulille j\u00e4\u00e4neiden s\u00e4ilykepurkkienkin kautta. Kaikki oli Teit\u00e4 vastaan, vain aseveljiinne voitte luottaa.<\/p>\n\n\n\n<p>Sotien j\u00e4lkeen Teille paljastui koko totuus, mutta vasta sen j\u00e4lkeen, kun monet aseveljet olivat nurmen alla ja taistelut olivat tauonneet. Juuri t\u00e4st\u00e4 syyst\u00e4 meid\u00e4n veteraanien j\u00e4lkel\u00e4isten sotahistoriaa tuntevien on hyv\u00e4 muistaa juuri se mit\u00e4 Te aidosti koitte. Lienee paikallaan t\u00e4ss\u00e4 kerrata edes hiukan mit\u00e4 Muurmannin radan katkaisu olisi merkinnyt, jopa sodan lopputulos olisi saattanut olla toinen. Historiaa se ei muuta. Liittoutuneitten sota-apu Muurmannin rataa my\u00f6ten jo ensimm\u00e4isen sotavuoden aikana k\u00e4sitti suurempaa kalustom\u00e4\u00e4r\u00e4\u00e4 kuin mill\u00e4 Saksa l\u00e4hti valloittamaan Ven\u00e4j\u00e4\u00e4 kes\u00e4ll\u00e4 1941. Teille ei tietenk\u00e4\u00e4n kerrottu mit\u00e4 oli tulossa, teid\u00e4nh\u00e4n piti tulla juhannuksena 1941 aloittamaltanne retkelt\u00e4 takaisin hein\u00e4ntekoon. Sen Te tiesitte etuk\u00e4teen.<\/p>\n\n\n\n<p>Historiankirjoitus kertoo, ett\u00e4 sotaveteraanina juuri Te Rukaj\u00e4rven suunnan miehet kannoitte harteillanne maamme historian raskainta taakkaa. Te osallistuitte Jatkosodan merkitt\u00e4vimm\u00e4lle partioretkelle Muurmannin radalle, osoittaen sitoutumistanne is\u00e4nmaahan sen itsem\u00e4\u00e4r\u00e4\u00e4misoikeuden s\u00e4ilytt\u00e4miseen ja taistelutovereihinne. Juuri Te ymm\u00e4rsitte retken strategisen merkityksen sodan kululle<strong>. Siksip\u00e4 lienee paikallaan kertoa miksi. Vastaan ensin lyhyesti \u2013 juuri sit\u00e4 Muurmannin rataa my\u00f6ten virtasi liittoutuneitten avustukset.<\/strong> Monen veteraanin sotilasuran kohokohtia on tietenkin se, ett\u00e4 osallistui Jatkosodan miesvahvuudeltaan suurimmalle partioretkelle Muurmannin radalle 13. \u2013 23.1.1942. Sille partioretkelle osallistuivat juuri Teid\u00e4n aseveljenne. Partioretken kokonaisvahvuus oli 1924 miest\u00e4 ja hevosiakin oli 268. Muurmannin radan partioretki oli Suomen armeijan osoitus er\u00e4\u00e4nlainen n\u00e4p\u00e4ytys saksalaisille aseveljille, jotka eiv\u00e4t onnistuneet katkaisemaan Muurmannin rataa. Te Hannes Tuovinen ja aseveljenne olitte hyvin tietoisia siit\u00e4, mik\u00e4 merkitys Muurmannin radan katkaisulla olisi ollut sodan kulkuun. Mainittakoon, ett\u00e4 jo ensimm\u00e4isen sotavuoden aikana liittoutuneiden aineellinen Arkangelin ja Murmanskin satamien kautta toimitettu apu sis\u00e4lsi yhdeks\u00e4ss\u00e4 eri laivasaattueessa tuotuna 3&nbsp;052 lentokonetta, 4&nbsp;048 panssarivaunua ja 520&nbsp;000 moottoriajoneuvoa. Saksa l\u00e4hti hy\u00f6kk\u00e4\u00e4m\u00e4\u00e4n 22. kes\u00e4kuuta 1941 Neuvostoliittoa vastaan 1&nbsp;830 lentokoneella, 3&nbsp;580 panssarivaunulla ja 520&nbsp;000 moottoriajoneuvolla. Muurmannin rata oli vain yksi viidest\u00e4 liittoutuneitten avustusreitist\u00e4 (Tyynenmeren kautta 47,1 %, Iranin kautta 23,8 %, Pohjoisen J\u00e4\u00e4meren kautta 22,6 %, Mustanmeren kautta 3,9 % ja Pohjoisnavan kautta 2,6 %).<\/p>\n\n\n\n<p>Mainittakoon viel\u00e4 kertaalleen selvyyden vuoksi, ett\u00e4 saksalaiset itse eiv\u00e4t onnistuneet tukkimaan Muurmannin rataa. Eik\u00e4 t\u00e4ss\u00e4 viel\u00e4 kaikki kaksinaamaisuus, mik\u00e4 on ollut tiedossa ja tulee vahvistetuksi, kun lukee kirjan \u201dHitlerin adjutanttina 1937 \u2013 1945: Nicolaus v. Below v. 1980. Se on tohtori Pekka Visurin suomentamana ilmestynyt ensin jo v. 1981. Sen mukaan (s. 285) \u201dHitler luki kaiken, mit\u00e4 lehdist\u00f6 kertoi tuon sotan\u00e4ytt\u00e4m\u00f6n tapahtumista ja antoi diplomaateille Moskovaan ja Helsinkiin ohjeet hankkia mahdollisimman paljon lis\u00e4tietoja sodan kehittymisest\u00e4\u2026<\/p>\n\n\n\n<p>Joulukuun 12. p\u00e4iv\u00e4n\u00e4 pidettiin Hitlerin luona t\u00e4rke\u00e4 neuvottelu, johon en (Below) itse osallistunut mutta josta sain toveriltani Puttkamerilta tietooni merkitykselliset yksityiskohdat. Hitler otti Readerin vastaan ja keskusteli h\u00e4nen kanssaan pohjoisista pulmista. Suomen suhteen he olivat yksimielisi\u00e4 siit\u00e4, ett\u00e4 Suomelle ei saisi antaa virrata apua `ep\u00e4luotettavan` Ruotsin kautta\u201d.<\/p>\n\n\n\n<p>Suomalaiset rintamasotilaat eiv\u00e4t olleet tietoisia siit\u00e4 \u201doikein isojen herrojen kaksinaamaisesta pelist\u00e4\u201d mit\u00e4 k\u00e4ytiin Teid\u00e4n selk\u00e4nne takana. Teit\u00e4 niin kuin is\u00e4\u00e4ni ihmetyttiv\u00e4t Jatkosodassa vain ne englanninkieliset s\u00e4ilykepurkit, mit\u00e4 Te n\u00e4itte vihollisen nuotiotulilta ja mit\u00e4 j\u00e4ttiv\u00e4t t\u00e4hteeksi latujen varsille. Teid\u00e4n, kuten my\u00f6s is\u00e4ni repussa kannettiin kuivaa \u201dvanikkaa\u201d ja kotimuonaa, voitakin, jos oli juuri palattu kotirintaman vuorolomalta.<\/p>\n\n\n\n<p>En ole miss\u00e4\u00e4n n\u00e4hnyt korostettavan sit\u00e4 tosiasiaa, ett\u00e4 juuri Teihin Rukaj\u00e4rven miehet luotettiin. Suomen rajoilla Jatkosodassa oli n. 800.000 sotilasta. Saksalaisten 220.000 miehen rintamavastuulla n. 700 kilometri\u00e4, siit\u00e4 etel\u00e4\u00e4n Rukaj\u00e4rven suunta 250 kilometri\u00e4, mink\u00e4 vastuualue oli pisimmill\u00e4\u00e4n 290 kilometri\u00e4, asemasodan aikana n. 250. Rukaj\u00e4rvelt\u00e4 etel\u00e4\u00e4n Suomen kentt\u00e4armeijan vahvuus oli n. 500.000 miest\u00e4, jonka vastuulla oli loppu eli n. 500 km. Jo n\u00e4m\u00e4 luvut kertovat sen tosiasian, ett\u00e4 Teihin luotettiin ja olitte my\u00f6s sen luottamuksen arvoinen.<\/p>\n\n\n\n<p>Kunnioittavat onnittelumme Teid\u00e4n 100-vuotisp\u00e4iv\u00e4n\u00e4nne. \u00c4lk\u00e4\u00e4 pit\u00e4k\u00f6 kirvest\u00e4 vakan alla t\u00e4m\u00e4n p\u00e4iv\u00e4n j\u00e4lkeenk\u00e4\u00e4n. Henkinen kunto on per\u00e4isin el\u00e4m\u00e4nkokemuksistanne, sen olemme todenneet yhdess\u00e4. Ja fyysist\u00e4 vireytt\u00e4 haette p\u00e4ivitt\u00e4in hy\u00f6tyliikunnan kautta my\u00f6s hakopinolta.<\/p>\n\n\n\n<p>Toivotamme Teid\u00e4n tervetulleeksi kaikkiin tilaisuuksiimme, Rukaj\u00e4rvi-keskuksiimme ja Rukaj\u00e4rven tielle Lieksaan. Meille on suuri kunnia palvella juuri Teit\u00e4 Rukaj\u00e4rven suunnan veteraanit, jotka ainoana joukko-osastona Mustalta merelt\u00e4 J\u00e4\u00e4merelle ulottuvalla rintamalinjalla s\u00e4ilytitte hy\u00f6kk\u00e4ysvaiheen asemanne sodan loppuun asti.<\/p>\n\n\n\n<p>Rukaj\u00e4rven suunnan historiikkitoimikunta, Rukaj\u00e4rven suunnan historiayhdistys ry. ja Rukaj\u00e4rven Tiell\u00e4 ry.<\/p>\n\n\n\n<p><strong>Ote Hannes Tuovisen kantakortista:<\/strong><\/p>\n\n\n\n<figure class=\"wp-block-image size-large\"><a href=\"http:\/\/www.rukajarvensuunnanhistoriayhdistys.fi\/historiayhdistys\/wp-content\/uploads\/2024\/02\/Hannes-Tuovinen-kantakortti-DSC04974.jpg\"><img loading=\"lazy\" decoding=\"async\" width=\"1024\" height=\"467\" src=\"http:\/\/www.rukajarvensuunnanhistoriayhdistys.fi\/historiayhdistys\/wp-content\/uploads\/2024\/02\/Hannes-Tuovinen-kantakortti-DSC04974-1024x467.jpg\" alt=\"\" class=\"wp-image-15339\" srcset=\"http:\/\/www.rukajarvensuunnanhistoriayhdistys.fi\/historiayhdistys\/wp-content\/uploads\/2024\/02\/Hannes-Tuovinen-kantakortti-DSC04974-1024x467.jpg 1024w, http:\/\/www.rukajarvensuunnanhistoriayhdistys.fi\/historiayhdistys\/wp-content\/uploads\/2024\/02\/Hannes-Tuovinen-kantakortti-DSC04974-300x137.jpg 300w, http:\/\/www.rukajarvensuunnanhistoriayhdistys.fi\/historiayhdistys\/wp-content\/uploads\/2024\/02\/Hannes-Tuovinen-kantakortti-DSC04974-768x350.jpg 768w, http:\/\/www.rukajarvensuunnanhistoriayhdistys.fi\/historiayhdistys\/wp-content\/uploads\/2024\/02\/Hannes-Tuovinen-kantakortti-DSC04974-1536x701.jpg 1536w, http:\/\/www.rukajarvensuunnanhistoriayhdistys.fi\/historiayhdistys\/wp-content\/uploads\/2024\/02\/Hannes-Tuovinen-kantakortti-DSC04974.jpg 1795w\" sizes=\"auto, (max-width: 1024px) 100vw, 1024px\" \/><\/a><\/figure>\n\n\n\n<p><strong>Veteraani Hannes Tuovisen juhla on avoin:<\/strong><\/p>\n\n\n\n<figure class=\"wp-block-image size-full is-resized\"><a href=\"http:\/\/www.rukajarvensuunnanhistoriayhdistys.fi\/historiayhdistys\/wp-content\/uploads\/2024\/02\/Kutsu-Hannes-Tuovinen-100-vuotta-1.jpg\"><img loading=\"lazy\" decoding=\"async\" width=\"458\" height=\"640\" src=\"http:\/\/www.rukajarvensuunnanhistoriayhdistys.fi\/historiayhdistys\/wp-content\/uploads\/2024\/02\/Kutsu-Hannes-Tuovinen-100-vuotta-1.jpg\" alt=\"\" class=\"wp-image-15348\" style=\"width:831px;height:auto\" srcset=\"http:\/\/www.rukajarvensuunnanhistoriayhdistys.fi\/historiayhdistys\/wp-content\/uploads\/2024\/02\/Kutsu-Hannes-Tuovinen-100-vuotta-1.jpg 458w, http:\/\/www.rukajarvensuunnanhistoriayhdistys.fi\/historiayhdistys\/wp-content\/uploads\/2024\/02\/Kutsu-Hannes-Tuovinen-100-vuotta-1-215x300.jpg 215w\" sizes=\"auto, (max-width: 458px) 100vw, 458px\" \/><\/a><\/figure>\n\n\n\n<p><strong>Veteraani on yhdistyksemme j\u00e4sen ja h\u00e4n on juhlatoimikunnan v\u00e4lityksell\u00e4 ilmoittanut, ett\u00e4 \u201dkukkien ja lahjaesineiden sijaan voit halutessasi muistaa minua pienell\u00e4 lahjalla tilaisuudessa esill\u00e4 olevan lipasker\u00e4yksen avulla. \u201d.<\/strong><\/p>\n\n\n\n<p>Onnittelulauluksi olemme valinneet \u201dKiitos Teille veteraanit. Sen esitt\u00e4\u00e4 nuori lupaava urheilijana paremmin tunnettu Selene Rossi ja Espoon veteraanikuoro. Veteraanikuorossa on mukana Hannes Tuovisen aseveli Aulis Lintunen, joka pyytt\u00e4\u00e4 v\u00e4litt\u00e4m\u00e4\u00e4n onnittelunsa. Kappaleen voi kuulla linkin takaa: <strong><a href=\"https:\/\/www.youtube.com\/watch?v=UdmQnmWKwRA\">T\u00c4\u00c4LT\u00c4<\/a><\/strong>:<\/p>\n","protected":false},"excerpt":{"rendered":"<p>Hannes Tuovisen varsinainen syntym\u00e4p\u00e4iv\u00e4n juhla j\u00e4rjestet\u00e4\u00e4n lauantaina 24.2.2023 Vihdin kirkossa alkaen klo 12.00. Hannes Tuovinen syntyi Varpaisj\u00e4rvell\u00e4 23.2.1924. Nykyisin Hannes Tuovinen asuu Vihdin Nummelassa. Julkaisemme veteraanin syntym\u00e4p\u00e4iv\u00e4n kunniaksi yhdistyksemme onnittelut, <a class=\"more-link\" href=\"http:\/\/www.rukajarvensuunnanhistoriayhdistys.fi\/historiayhdistys\/hannes-tuovinen-tayttaa-tanaan-100-vuotta-parhaat-onnittelumme\/\">Teksti jatkuu&#8230;<span class=\"screen-reader-text\">Hannes Tuovinen t\u00e4ytt\u00e4\u00e4 t\u00e4n\u00e4\u00e4n 100 vuotta &#8211; Parhaat onnittelumme<\/span><span class=\"meta-nav\">\u2192<\/span><\/a><\/p>\n","protected":false},"author":3,"featured_media":0,"comment_status":"closed","ping_status":"open","sticky":false,"template":"","format":"standard","meta":{"footnotes":""},"categories":[22,44,21,17,1],"tags":[],"class_list":["post-15335","post","type-post","status-publish","format-standard","hentry","category-ajankohtaista","category-esitelma","category-rukajarvi-keskus","category-toiminta","category-yleinen"],"yoast_head":"<!-- This site is optimized with the Yoast SEO plugin v27.4 - https:\/\/yoast.com\/product\/yoast-seo-wordpress\/ -->\n<title>Hannes Tuovinen t\u00e4ytt\u00e4\u00e4 t\u00e4n\u00e4\u00e4n 100 vuotta - Parhaat onnittelumme - Rukaj\u00e4rven suunnan historiayhdistys<\/title>\n<meta name=\"robots\" content=\"index, follow, max-snippet:-1, max-image-preview:large, max-video-preview:-1\" \/>\n<link rel=\"canonical\" href=\"http:\/\/www.rukajarvensuunnanhistoriayhdistys.fi\/historiayhdistys\/hannes-tuovinen-tayttaa-tanaan-100-vuotta-parhaat-onnittelumme\/\" \/>\n<meta property=\"og:locale\" content=\"fi_FI\" \/>\n<meta property=\"og:type\" content=\"article\" \/>\n<meta property=\"og:title\" content=\"Hannes Tuovinen t\u00e4ytt\u00e4\u00e4 t\u00e4n\u00e4\u00e4n 100 vuotta - Parhaat onnittelumme - Rukaj\u00e4rven suunnan historiayhdistys\" \/>\n<meta property=\"og:description\" content=\"Hannes Tuovisen varsinainen syntym\u00e4p\u00e4iv\u00e4n juhla j\u00e4rjestet\u00e4\u00e4n lauantaina 24.2.2023 Vihdin kirkossa alkaen klo 12.00. Hannes Tuovinen syntyi Varpaisj\u00e4rvell\u00e4 23.2.1924. Nykyisin Hannes Tuovinen asuu Vihdin Nummelassa. Julkaisemme veteraanin syntym\u00e4p\u00e4iv\u00e4n kunniaksi yhdistyksemme onnittelut, Teksti jatkuu...Hannes Tuovinen t\u00e4ytt\u00e4\u00e4 t\u00e4n\u00e4\u00e4n 100 vuotta &#8211; Parhaat onnittelumme\u2192\" \/>\n<meta property=\"og:url\" content=\"http:\/\/www.rukajarvensuunnanhistoriayhdistys.fi\/historiayhdistys\/hannes-tuovinen-tayttaa-tanaan-100-vuotta-parhaat-onnittelumme\/\" \/>\n<meta property=\"og:site_name\" content=\"Rukaj\u00e4rven suunnan historiayhdistys\" \/>\n<meta property=\"article:published_time\" content=\"2024-02-22T22:15:48+00:00\" \/>\n<meta property=\"article:modified_time\" content=\"2024-03-09T12:44:00+00:00\" \/>\n<meta property=\"og:image\" content=\"http:\/\/www.rukajarvensuunnanhistoriayhdistys.fi\/historiayhdistys\/wp-content\/uploads\/2024\/02\/E_K_MSe_-2017-10-21-Tuovinen-Hannes-1.jpg\" \/>\n<meta name=\"author\" content=\"RSHY\" \/>\n<meta name=\"twitter:label1\" content=\"Kirjoittanut\" \/>\n\t<meta name=\"twitter:data1\" content=\"RSHY\" \/>\n\t<meta name=\"twitter:label2\" content=\"Arvioitu lukuaika\" \/>\n\t<meta name=\"twitter:data2\" content=\"8 minuuttia\" \/>\n<script type=\"application\/ld+json\" class=\"yoast-schema-graph\">{\"@context\":\"https:\\\/\\\/schema.org\",\"@graph\":[{\"@type\":\"Article\",\"@id\":\"http:\\\/\\\/www.rukajarvensuunnanhistoriayhdistys.fi\\\/historiayhdistys\\\/hannes-tuovinen-tayttaa-tanaan-100-vuotta-parhaat-onnittelumme\\\/#article\",\"isPartOf\":{\"@id\":\"http:\\\/\\\/www.rukajarvensuunnanhistoriayhdistys.fi\\\/historiayhdistys\\\/hannes-tuovinen-tayttaa-tanaan-100-vuotta-parhaat-onnittelumme\\\/\"},\"author\":{\"name\":\"RSHY\",\"@id\":\"http:\\\/\\\/www.rukajarvensuunnanhistoriayhdistys.fi\\\/historiayhdistys\\\/#\\\/schema\\\/person\\\/19de7db68bf72dfd2b5d7f6dfbf8454d\"},\"headline\":\"Hannes Tuovinen t\u00e4ytt\u00e4\u00e4 t\u00e4n\u00e4\u00e4n 100 vuotta &#8211; Parhaat onnittelumme\",\"datePublished\":\"2024-02-22T22:15:48+00:00\",\"dateModified\":\"2024-03-09T12:44:00+00:00\",\"mainEntityOfPage\":{\"@id\":\"http:\\\/\\\/www.rukajarvensuunnanhistoriayhdistys.fi\\\/historiayhdistys\\\/hannes-tuovinen-tayttaa-tanaan-100-vuotta-parhaat-onnittelumme\\\/\"},\"wordCount\":1326,\"publisher\":{\"@id\":\"http:\\\/\\\/www.rukajarvensuunnanhistoriayhdistys.fi\\\/historiayhdistys\\\/#organization\"},\"image\":{\"@id\":\"http:\\\/\\\/www.rukajarvensuunnanhistoriayhdistys.fi\\\/historiayhdistys\\\/hannes-tuovinen-tayttaa-tanaan-100-vuotta-parhaat-onnittelumme\\\/#primaryimage\"},\"thumbnailUrl\":\"http:\\\/\\\/www.rukajarvensuunnanhistoriayhdistys.fi\\\/historiayhdistys\\\/wp-content\\\/uploads\\\/2024\\\/02\\\/E_K_MSe_-2017-10-21-Tuovinen-Hannes-1.jpg\",\"articleSection\":[\"Ajankohtaista\",\"esitelm\u00e4\",\"Rukaj\u00e4rvi-keskus\",\"Toiminta\"],\"inLanguage\":\"fi\"},{\"@type\":\"WebPage\",\"@id\":\"http:\\\/\\\/www.rukajarvensuunnanhistoriayhdistys.fi\\\/historiayhdistys\\\/hannes-tuovinen-tayttaa-tanaan-100-vuotta-parhaat-onnittelumme\\\/\",\"url\":\"http:\\\/\\\/www.rukajarvensuunnanhistoriayhdistys.fi\\\/historiayhdistys\\\/hannes-tuovinen-tayttaa-tanaan-100-vuotta-parhaat-onnittelumme\\\/\",\"name\":\"Hannes Tuovinen t\u00e4ytt\u00e4\u00e4 t\u00e4n\u00e4\u00e4n 100 vuotta - Parhaat onnittelumme - Rukaj\u00e4rven suunnan historiayhdistys\",\"isPartOf\":{\"@id\":\"http:\\\/\\\/www.rukajarvensuunnanhistoriayhdistys.fi\\\/historiayhdistys\\\/#website\"},\"primaryImageOfPage\":{\"@id\":\"http:\\\/\\\/www.rukajarvensuunnanhistoriayhdistys.fi\\\/historiayhdistys\\\/hannes-tuovinen-tayttaa-tanaan-100-vuotta-parhaat-onnittelumme\\\/#primaryimage\"},\"image\":{\"@id\":\"http:\\\/\\\/www.rukajarvensuunnanhistoriayhdistys.fi\\\/historiayhdistys\\\/hannes-tuovinen-tayttaa-tanaan-100-vuotta-parhaat-onnittelumme\\\/#primaryimage\"},\"thumbnailUrl\":\"http:\\\/\\\/www.rukajarvensuunnanhistoriayhdistys.fi\\\/historiayhdistys\\\/wp-content\\\/uploads\\\/2024\\\/02\\\/E_K_MSe_-2017-10-21-Tuovinen-Hannes-1.jpg\",\"datePublished\":\"2024-02-22T22:15:48+00:00\",\"dateModified\":\"2024-03-09T12:44:00+00:00\",\"breadcrumb\":{\"@id\":\"http:\\\/\\\/www.rukajarvensuunnanhistoriayhdistys.fi\\\/historiayhdistys\\\/hannes-tuovinen-tayttaa-tanaan-100-vuotta-parhaat-onnittelumme\\\/#breadcrumb\"},\"inLanguage\":\"fi\",\"potentialAction\":[{\"@type\":\"ReadAction\",\"target\":[\"http:\\\/\\\/www.rukajarvensuunnanhistoriayhdistys.fi\\\/historiayhdistys\\\/hannes-tuovinen-tayttaa-tanaan-100-vuotta-parhaat-onnittelumme\\\/\"]}]},{\"@type\":\"ImageObject\",\"inLanguage\":\"fi\",\"@id\":\"http:\\\/\\\/www.rukajarvensuunnanhistoriayhdistys.fi\\\/historiayhdistys\\\/hannes-tuovinen-tayttaa-tanaan-100-vuotta-parhaat-onnittelumme\\\/#primaryimage\",\"url\":\"http:\\\/\\\/www.rukajarvensuunnanhistoriayhdistys.fi\\\/historiayhdistys\\\/wp-content\\\/uploads\\\/2024\\\/02\\\/E_K_MSe_-2017-10-21-Tuovinen-Hannes-1.jpg\",\"contentUrl\":\"http:\\\/\\\/www.rukajarvensuunnanhistoriayhdistys.fi\\\/historiayhdistys\\\/wp-content\\\/uploads\\\/2024\\\/02\\\/E_K_MSe_-2017-10-21-Tuovinen-Hannes-1.jpg\",\"width\":465,\"height\":534},{\"@type\":\"BreadcrumbList\",\"@id\":\"http:\\\/\\\/www.rukajarvensuunnanhistoriayhdistys.fi\\\/historiayhdistys\\\/hannes-tuovinen-tayttaa-tanaan-100-vuotta-parhaat-onnittelumme\\\/#breadcrumb\",\"itemListElement\":[{\"@type\":\"ListItem\",\"position\":1,\"name\":\"Etusivu\",\"item\":\"http:\\\/\\\/www.rukajarvensuunnanhistoriayhdistys.fi\\\/historiayhdistys\\\/\"},{\"@type\":\"ListItem\",\"position\":2,\"name\":\"Hannes Tuovinen t\u00e4ytt\u00e4\u00e4 t\u00e4n\u00e4\u00e4n 100 vuotta &#8211; Parhaat onnittelumme\"}]},{\"@type\":\"WebSite\",\"@id\":\"http:\\\/\\\/www.rukajarvensuunnanhistoriayhdistys.fi\\\/historiayhdistys\\\/#website\",\"url\":\"http:\\\/\\\/www.rukajarvensuunnanhistoriayhdistys.fi\\\/historiayhdistys\\\/\",\"name\":\"Rukaj\u00e4rven suunnan historiayhdistys\",\"description\":\"Rukaj\u00e4rven suunnan historiayhdistyksen verkkosivut.\",\"publisher\":{\"@id\":\"http:\\\/\\\/www.rukajarvensuunnanhistoriayhdistys.fi\\\/historiayhdistys\\\/#organization\"},\"potentialAction\":[{\"@type\":\"SearchAction\",\"target\":{\"@type\":\"EntryPoint\",\"urlTemplate\":\"http:\\\/\\\/www.rukajarvensuunnanhistoriayhdistys.fi\\\/historiayhdistys\\\/?s={search_term_string}\"},\"query-input\":{\"@type\":\"PropertyValueSpecification\",\"valueRequired\":true,\"valueName\":\"search_term_string\"}}],\"inLanguage\":\"fi\"},{\"@type\":\"Organization\",\"@id\":\"http:\\\/\\\/www.rukajarvensuunnanhistoriayhdistys.fi\\\/historiayhdistys\\\/#organization\",\"name\":\"Rukaj\u00e4rven suunnan historiayhdistys\",\"url\":\"http:\\\/\\\/www.rukajarvensuunnanhistoriayhdistys.fi\\\/historiayhdistys\\\/\",\"logo\":{\"@type\":\"ImageObject\",\"inLanguage\":\"fi\",\"@id\":\"http:\\\/\\\/www.rukajarvensuunnanhistoriayhdistys.fi\\\/historiayhdistys\\\/#\\\/schema\\\/logo\\\/image\\\/\",\"url\":\"http:\\\/\\\/www.rukajarvensuunnanhistoriayhdistys.fi\\\/historiayhdistys\\\/wp-content\\\/uploads\\\/2013\\\/12\\\/Otsake_3.jpg\",\"contentUrl\":\"http:\\\/\\\/www.rukajarvensuunnanhistoriayhdistys.fi\\\/historiayhdistys\\\/wp-content\\\/uploads\\\/2013\\\/12\\\/Otsake_3.jpg\",\"width\":1000,\"height\":442,\"caption\":\"Rukaj\u00e4rven suunnan historiayhdistys\"},\"image\":{\"@id\":\"http:\\\/\\\/www.rukajarvensuunnanhistoriayhdistys.fi\\\/historiayhdistys\\\/#\\\/schema\\\/logo\\\/image\\\/\"}},{\"@type\":\"Person\",\"@id\":\"http:\\\/\\\/www.rukajarvensuunnanhistoriayhdistys.fi\\\/historiayhdistys\\\/#\\\/schema\\\/person\\\/19de7db68bf72dfd2b5d7f6dfbf8454d\",\"name\":\"RSHY\",\"image\":{\"@type\":\"ImageObject\",\"inLanguage\":\"fi\",\"@id\":\"https:\\\/\\\/secure.gravatar.com\\\/avatar\\\/598d59263a69cc8de65fcb4f9db78d6f58c098cb0e0ba22d73377441af9fa04c?s=96&d=blank&r=g\",\"url\":\"https:\\\/\\\/secure.gravatar.com\\\/avatar\\\/598d59263a69cc8de65fcb4f9db78d6f58c098cb0e0ba22d73377441af9fa04c?s=96&d=blank&r=g\",\"contentUrl\":\"https:\\\/\\\/secure.gravatar.com\\\/avatar\\\/598d59263a69cc8de65fcb4f9db78d6f58c098cb0e0ba22d73377441af9fa04c?s=96&d=blank&r=g\",\"caption\":\"RSHY\"},\"url\":\"http:\\\/\\\/www.rukajarvensuunnanhistoriayhdistys.fi\\\/historiayhdistys\\\/author\\\/rshy\\\/\"}]}<\/script>\n<!-- \/ Yoast SEO plugin. -->","yoast_head_json":{"title":"Hannes Tuovinen t\u00e4ytt\u00e4\u00e4 t\u00e4n\u00e4\u00e4n 100 vuotta - Parhaat onnittelumme - Rukaj\u00e4rven suunnan historiayhdistys","robots":{"index":"index","follow":"follow","max-snippet":"max-snippet:-1","max-image-preview":"max-image-preview:large","max-video-preview":"max-video-preview:-1"},"canonical":"http:\/\/www.rukajarvensuunnanhistoriayhdistys.fi\/historiayhdistys\/hannes-tuovinen-tayttaa-tanaan-100-vuotta-parhaat-onnittelumme\/","og_locale":"fi_FI","og_type":"article","og_title":"Hannes Tuovinen t\u00e4ytt\u00e4\u00e4 t\u00e4n\u00e4\u00e4n 100 vuotta - Parhaat onnittelumme - Rukaj\u00e4rven suunnan historiayhdistys","og_description":"Hannes Tuovisen varsinainen syntym\u00e4p\u00e4iv\u00e4n juhla j\u00e4rjestet\u00e4\u00e4n lauantaina 24.2.2023 Vihdin kirkossa alkaen klo 12.00. Hannes Tuovinen syntyi Varpaisj\u00e4rvell\u00e4 23.2.1924. Nykyisin Hannes Tuovinen asuu Vihdin Nummelassa. Julkaisemme veteraanin syntym\u00e4p\u00e4iv\u00e4n kunniaksi yhdistyksemme onnittelut, Teksti jatkuu...Hannes Tuovinen t\u00e4ytt\u00e4\u00e4 t\u00e4n\u00e4\u00e4n 100 vuotta &#8211; Parhaat onnittelumme\u2192","og_url":"http:\/\/www.rukajarvensuunnanhistoriayhdistys.fi\/historiayhdistys\/hannes-tuovinen-tayttaa-tanaan-100-vuotta-parhaat-onnittelumme\/","og_site_name":"Rukaj\u00e4rven suunnan historiayhdistys","article_published_time":"2024-02-22T22:15:48+00:00","article_modified_time":"2024-03-09T12:44:00+00:00","og_image":[{"url":"http:\/\/www.rukajarvensuunnanhistoriayhdistys.fi\/historiayhdistys\/wp-content\/uploads\/2024\/02\/E_K_MSe_-2017-10-21-Tuovinen-Hannes-1.jpg","type":"","width":"","height":""}],"author":"RSHY","twitter_misc":{"Kirjoittanut":"RSHY","Arvioitu lukuaika":"8 minuuttia"},"schema":{"@context":"https:\/\/schema.org","@graph":[{"@type":"Article","@id":"http:\/\/www.rukajarvensuunnanhistoriayhdistys.fi\/historiayhdistys\/hannes-tuovinen-tayttaa-tanaan-100-vuotta-parhaat-onnittelumme\/#article","isPartOf":{"@id":"http:\/\/www.rukajarvensuunnanhistoriayhdistys.fi\/historiayhdistys\/hannes-tuovinen-tayttaa-tanaan-100-vuotta-parhaat-onnittelumme\/"},"author":{"name":"RSHY","@id":"http:\/\/www.rukajarvensuunnanhistoriayhdistys.fi\/historiayhdistys\/#\/schema\/person\/19de7db68bf72dfd2b5d7f6dfbf8454d"},"headline":"Hannes Tuovinen t\u00e4ytt\u00e4\u00e4 t\u00e4n\u00e4\u00e4n 100 vuotta &#8211; Parhaat onnittelumme","datePublished":"2024-02-22T22:15:48+00:00","dateModified":"2024-03-09T12:44:00+00:00","mainEntityOfPage":{"@id":"http:\/\/www.rukajarvensuunnanhistoriayhdistys.fi\/historiayhdistys\/hannes-tuovinen-tayttaa-tanaan-100-vuotta-parhaat-onnittelumme\/"},"wordCount":1326,"publisher":{"@id":"http:\/\/www.rukajarvensuunnanhistoriayhdistys.fi\/historiayhdistys\/#organization"},"image":{"@id":"http:\/\/www.rukajarvensuunnanhistoriayhdistys.fi\/historiayhdistys\/hannes-tuovinen-tayttaa-tanaan-100-vuotta-parhaat-onnittelumme\/#primaryimage"},"thumbnailUrl":"http:\/\/www.rukajarvensuunnanhistoriayhdistys.fi\/historiayhdistys\/wp-content\/uploads\/2024\/02\/E_K_MSe_-2017-10-21-Tuovinen-Hannes-1.jpg","articleSection":["Ajankohtaista","esitelm\u00e4","Rukaj\u00e4rvi-keskus","Toiminta"],"inLanguage":"fi"},{"@type":"WebPage","@id":"http:\/\/www.rukajarvensuunnanhistoriayhdistys.fi\/historiayhdistys\/hannes-tuovinen-tayttaa-tanaan-100-vuotta-parhaat-onnittelumme\/","url":"http:\/\/www.rukajarvensuunnanhistoriayhdistys.fi\/historiayhdistys\/hannes-tuovinen-tayttaa-tanaan-100-vuotta-parhaat-onnittelumme\/","name":"Hannes Tuovinen t\u00e4ytt\u00e4\u00e4 t\u00e4n\u00e4\u00e4n 100 vuotta - Parhaat onnittelumme - Rukaj\u00e4rven suunnan historiayhdistys","isPartOf":{"@id":"http:\/\/www.rukajarvensuunnanhistoriayhdistys.fi\/historiayhdistys\/#website"},"primaryImageOfPage":{"@id":"http:\/\/www.rukajarvensuunnanhistoriayhdistys.fi\/historiayhdistys\/hannes-tuovinen-tayttaa-tanaan-100-vuotta-parhaat-onnittelumme\/#primaryimage"},"image":{"@id":"http:\/\/www.rukajarvensuunnanhistoriayhdistys.fi\/historiayhdistys\/hannes-tuovinen-tayttaa-tanaan-100-vuotta-parhaat-onnittelumme\/#primaryimage"},"thumbnailUrl":"http:\/\/www.rukajarvensuunnanhistoriayhdistys.fi\/historiayhdistys\/wp-content\/uploads\/2024\/02\/E_K_MSe_-2017-10-21-Tuovinen-Hannes-1.jpg","datePublished":"2024-02-22T22:15:48+00:00","dateModified":"2024-03-09T12:44:00+00:00","breadcrumb":{"@id":"http:\/\/www.rukajarvensuunnanhistoriayhdistys.fi\/historiayhdistys\/hannes-tuovinen-tayttaa-tanaan-100-vuotta-parhaat-onnittelumme\/#breadcrumb"},"inLanguage":"fi","potentialAction":[{"@type":"ReadAction","target":["http:\/\/www.rukajarvensuunnanhistoriayhdistys.fi\/historiayhdistys\/hannes-tuovinen-tayttaa-tanaan-100-vuotta-parhaat-onnittelumme\/"]}]},{"@type":"ImageObject","inLanguage":"fi","@id":"http:\/\/www.rukajarvensuunnanhistoriayhdistys.fi\/historiayhdistys\/hannes-tuovinen-tayttaa-tanaan-100-vuotta-parhaat-onnittelumme\/#primaryimage","url":"http:\/\/www.rukajarvensuunnanhistoriayhdistys.fi\/historiayhdistys\/wp-content\/uploads\/2024\/02\/E_K_MSe_-2017-10-21-Tuovinen-Hannes-1.jpg","contentUrl":"http:\/\/www.rukajarvensuunnanhistoriayhdistys.fi\/historiayhdistys\/wp-content\/uploads\/2024\/02\/E_K_MSe_-2017-10-21-Tuovinen-Hannes-1.jpg","width":465,"height":534},{"@type":"BreadcrumbList","@id":"http:\/\/www.rukajarvensuunnanhistoriayhdistys.fi\/historiayhdistys\/hannes-tuovinen-tayttaa-tanaan-100-vuotta-parhaat-onnittelumme\/#breadcrumb","itemListElement":[{"@type":"ListItem","position":1,"name":"Etusivu","item":"http:\/\/www.rukajarvensuunnanhistoriayhdistys.fi\/historiayhdistys\/"},{"@type":"ListItem","position":2,"name":"Hannes Tuovinen t\u00e4ytt\u00e4\u00e4 t\u00e4n\u00e4\u00e4n 100 vuotta &#8211; Parhaat onnittelumme"}]},{"@type":"WebSite","@id":"http:\/\/www.rukajarvensuunnanhistoriayhdistys.fi\/historiayhdistys\/#website","url":"http:\/\/www.rukajarvensuunnanhistoriayhdistys.fi\/historiayhdistys\/","name":"Rukaj\u00e4rven suunnan historiayhdistys","description":"Rukaj\u00e4rven suunnan historiayhdistyksen verkkosivut.","publisher":{"@id":"http:\/\/www.rukajarvensuunnanhistoriayhdistys.fi\/historiayhdistys\/#organization"},"potentialAction":[{"@type":"SearchAction","target":{"@type":"EntryPoint","urlTemplate":"http:\/\/www.rukajarvensuunnanhistoriayhdistys.fi\/historiayhdistys\/?s={search_term_string}"},"query-input":{"@type":"PropertyValueSpecification","valueRequired":true,"valueName":"search_term_string"}}],"inLanguage":"fi"},{"@type":"Organization","@id":"http:\/\/www.rukajarvensuunnanhistoriayhdistys.fi\/historiayhdistys\/#organization","name":"Rukaj\u00e4rven suunnan historiayhdistys","url":"http:\/\/www.rukajarvensuunnanhistoriayhdistys.fi\/historiayhdistys\/","logo":{"@type":"ImageObject","inLanguage":"fi","@id":"http:\/\/www.rukajarvensuunnanhistoriayhdistys.fi\/historiayhdistys\/#\/schema\/logo\/image\/","url":"http:\/\/www.rukajarvensuunnanhistoriayhdistys.fi\/historiayhdistys\/wp-content\/uploads\/2013\/12\/Otsake_3.jpg","contentUrl":"http:\/\/www.rukajarvensuunnanhistoriayhdistys.fi\/historiayhdistys\/wp-content\/uploads\/2013\/12\/Otsake_3.jpg","width":1000,"height":442,"caption":"Rukaj\u00e4rven suunnan historiayhdistys"},"image":{"@id":"http:\/\/www.rukajarvensuunnanhistoriayhdistys.fi\/historiayhdistys\/#\/schema\/logo\/image\/"}},{"@type":"Person","@id":"http:\/\/www.rukajarvensuunnanhistoriayhdistys.fi\/historiayhdistys\/#\/schema\/person\/19de7db68bf72dfd2b5d7f6dfbf8454d","name":"RSHY","image":{"@type":"ImageObject","inLanguage":"fi","@id":"https:\/\/secure.gravatar.com\/avatar\/598d59263a69cc8de65fcb4f9db78d6f58c098cb0e0ba22d73377441af9fa04c?s=96&d=blank&r=g","url":"https:\/\/secure.gravatar.com\/avatar\/598d59263a69cc8de65fcb4f9db78d6f58c098cb0e0ba22d73377441af9fa04c?s=96&d=blank&r=g","contentUrl":"https:\/\/secure.gravatar.com\/avatar\/598d59263a69cc8de65fcb4f9db78d6f58c098cb0e0ba22d73377441af9fa04c?s=96&d=blank&r=g","caption":"RSHY"},"url":"http:\/\/www.rukajarvensuunnanhistoriayhdistys.fi\/historiayhdistys\/author\/rshy\/"}]}},"_links":{"self":[{"href":"http:\/\/www.rukajarvensuunnanhistoriayhdistys.fi\/historiayhdistys\/wp-json\/wp\/v2\/posts\/15335","targetHints":{"allow":["GET"]}}],"collection":[{"href":"http:\/\/www.rukajarvensuunnanhistoriayhdistys.fi\/historiayhdistys\/wp-json\/wp\/v2\/posts"}],"about":[{"href":"http:\/\/www.rukajarvensuunnanhistoriayhdistys.fi\/historiayhdistys\/wp-json\/wp\/v2\/types\/post"}],"author":[{"embeddable":true,"href":"http:\/\/www.rukajarvensuunnanhistoriayhdistys.fi\/historiayhdistys\/wp-json\/wp\/v2\/users\/3"}],"replies":[{"embeddable":true,"href":"http:\/\/www.rukajarvensuunnanhistoriayhdistys.fi\/historiayhdistys\/wp-json\/wp\/v2\/comments?post=15335"}],"version-history":[{"count":10,"href":"http:\/\/www.rukajarvensuunnanhistoriayhdistys.fi\/historiayhdistys\/wp-json\/wp\/v2\/posts\/15335\/revisions"}],"predecessor-version":[{"id":15389,"href":"http:\/\/www.rukajarvensuunnanhistoriayhdistys.fi\/historiayhdistys\/wp-json\/wp\/v2\/posts\/15335\/revisions\/15389"}],"wp:attachment":[{"href":"http:\/\/www.rukajarvensuunnanhistoriayhdistys.fi\/historiayhdistys\/wp-json\/wp\/v2\/media?parent=15335"}],"wp:term":[{"taxonomy":"category","embeddable":true,"href":"http:\/\/www.rukajarvensuunnanhistoriayhdistys.fi\/historiayhdistys\/wp-json\/wp\/v2\/categories?post=15335"},{"taxonomy":"post_tag","embeddable":true,"href":"http:\/\/www.rukajarvensuunnanhistoriayhdistys.fi\/historiayhdistys\/wp-json\/wp\/v2\/tags?post=15335"}],"curies":[{"name":"wp","href":"https:\/\/api.w.org\/{rel}","templated":true}]}}