{"id":16115,"date":"2025-01-24T22:26:08","date_gmt":"2025-01-24T20:26:08","guid":{"rendered":"http:\/\/www.rukajarvensuunnanhistoriayhdistys.fi\/historiayhdistys\/?p=16115"},"modified":"2025-01-24T22:35:37","modified_gmt":"2025-01-24T20:35:37","slug":"op-pohjois-karjalalta-merkittava-huomionosoitus-rukajarven-suunnan-historiayhdistykselle-ja-lieksan-asemarakennuksen-talkoolaisille","status":"publish","type":"post","link":"http:\/\/www.rukajarvensuunnanhistoriayhdistys.fi\/historiayhdistys\/op-pohjois-karjalalta-merkittava-huomionosoitus-rukajarven-suunnan-historiayhdistykselle-ja-lieksan-asemarakennuksen-talkoolaisille\/","title":{"rendered":"OP Pohjois-Karjalalta merkitt\u00e4v\u00e4 huomionosoitus Rukaj\u00e4rven suunnan historiayhdistykselle ja Lieksan asemarakennuksen talkoolaisille"},"content":{"rendered":"<div class=\"fcbkbttn_buttons_block\" id=\"fcbkbttn_left\"><div class=\"fcbkbttn_like \"><fb:like href=\"http:\/\/www.rukajarvensuunnanhistoriayhdistys.fi\/historiayhdistys\/op-pohjois-karjalalta-merkittava-huomionosoitus-rukajarven-suunnan-historiayhdistykselle-ja-lieksan-asemarakennuksen-talkoolaisille\/\" action=\"like\" colorscheme=\"light\" layout=\"button_count\"  size=\"small\"><\/fb:like><\/div><\/div>\n<p>OP Pohjois-Karjala on antanut Rukaj\u00e4rvi-keskukselle merkitt\u00e4v\u00e4n lahjoituksen toiminnan turvaamiseksi ja Lieksan asemarakennuksen kunnostamisen jatkamiseksi. Lahjoituksen tarkkaa summaa ei ole julkistettu, mutta OP Pohjois-Karjalan toimitusjohtaja Jaana Reimasto-Heiskanen kuvailee sit\u00e4 merkitt\u00e4v\u00e4ksi.<\/p>\n\n\n\n<p>\u2013 Osin kiitoksena tehdyst\u00e4 ty\u00f6st\u00e4 ja kannustuksena tulevaan ty\u00f6h\u00f6n sek\u00e4 my\u00f6s kannustuksena muille liike-el\u00e4m\u00e4n toimijoille, Reimasto-Heiskanen totesi.<\/p>\n\n\n\n<figure class=\"wp-block-image size-large\"><a href=\"http:\/\/www.rukajarvensuunnanhistoriayhdistys.fi\/historiayhdistys\/wp-content\/uploads\/2025\/01\/Jaana-Reimasto-Heiskanen-ja-Varpu-Strengell-3-scaled.jpg\"><img loading=\"lazy\" decoding=\"async\" width=\"1024\" height=\"768\" src=\"http:\/\/www.rukajarvensuunnanhistoriayhdistys.fi\/historiayhdistys\/wp-content\/uploads\/2025\/01\/Jaana-Reimasto-Heiskanen-ja-Varpu-Strengell-3-1024x768.jpg\" alt=\"\" class=\"wp-image-16116\" srcset=\"http:\/\/www.rukajarvensuunnanhistoriayhdistys.fi\/historiayhdistys\/wp-content\/uploads\/2025\/01\/Jaana-Reimasto-Heiskanen-ja-Varpu-Strengell-3-1024x768.jpg 1024w, http:\/\/www.rukajarvensuunnanhistoriayhdistys.fi\/historiayhdistys\/wp-content\/uploads\/2025\/01\/Jaana-Reimasto-Heiskanen-ja-Varpu-Strengell-3-300x225.jpg 300w, http:\/\/www.rukajarvensuunnanhistoriayhdistys.fi\/historiayhdistys\/wp-content\/uploads\/2025\/01\/Jaana-Reimasto-Heiskanen-ja-Varpu-Strengell-3-768x576.jpg 768w, http:\/\/www.rukajarvensuunnanhistoriayhdistys.fi\/historiayhdistys\/wp-content\/uploads\/2025\/01\/Jaana-Reimasto-Heiskanen-ja-Varpu-Strengell-3-1536x1152.jpg 1536w, http:\/\/www.rukajarvensuunnanhistoriayhdistys.fi\/historiayhdistys\/wp-content\/uploads\/2025\/01\/Jaana-Reimasto-Heiskanen-ja-Varpu-Strengell-3-2048x1536.jpg 2048w\" sizes=\"auto, (max-width: 1024px) 100vw, 1024px\" \/><\/a><\/figure>\n\n\n\n<p>Kuvassa toimitusjohtaja Jaana Reimasto-Heiskanen ja Lieksan lehden p\u00e4\u00e4toimittaja Varpu Strengell.<\/p>\n\n\n\n<p>Lieksalaisten talkoolaisten ja Rukaj\u00e4rven suunnan historiayhdistys ry:n uurastus asemarakennuksen kunnostamiseksi on tehnyt syv\u00e4n vaikutuksen. Reimasto-Heiskanen nosti esiin yli 6&nbsp;000 talkooty\u00f6tunnin merkityksen.<\/p>\n\n\n\n<p>\u2013 Olemme hyvin vaikuttuneita siit\u00e4, miten lieksalaiset ovat yhdess\u00e4 l\u00e4hteneet mukaan t\u00e4h\u00e4n hankkeeseen. Se osoittaa, ett\u00e4 t\u00e4m\u00e4 on meille yhteisesti t\u00e4rke\u00e4 asia. Arvostamme suuresti kaikkea sit\u00e4 ty\u00f6t\u00e4, mit\u00e4 talkoolaiset ovat tehneet.<\/p>\n\n\n\n<p>H\u00e4n kiitteli erityisesti yhdistyksen puheenjohtaja Tenho Tikkasen vuosien sitke\u00e4\u00e4 ty\u00f6t\u00e4 kulttuuri- ja sotahistorian s\u00e4ilytt\u00e4misen puolesta.<\/p>\n\n\n\n<p>\u2013 On ollut ilo seurata Tenho Tikkasen toimintaa Lieksan seudulla. Erityisen arvokkaana pid\u00e4n veteraaneilta ker\u00e4tty\u00e4 historiatietoa, joka s\u00e4ilyy tuleville sukupolville. Tikkanen haastatteli viimeksi 107-vuotiasta veteraania vain pari viikkoa sitten.<\/p>\n\n\n\n<p><strong>Lahjoituksen merkitys<\/strong><\/p>\n\n\n\n<p>Yhdistyksen puheenjohtaja Tenho Tikkanen totesi lahjoituksen tulleen toiminnan kannalta t\u00e4rke\u00e4\u00e4n aikaan ja tarpeeseen.<\/p>\n\n\n\n<p>\u2013 Jos olisimme saaneet hankittua rakennuksen jo vuonna 2012, se olisi ollut paremmassa kunnossa. Onneksi Lieksassa on paljon talkoohenke\u00e4, jota olemme voineet hy\u00f6dynt\u00e4\u00e4.<\/p>\n\n\n\n<p>Talkooty\u00f6t\u00e4 on tehty veteraanien asevelihengess\u00e4, ja yhdistys aikoo jatkossakin panostaa kulttuurihistorian ja sotahistorian s\u00e4ilytt\u00e4miseen.<\/p>\n\n\n\n<p>\u2013 T\u00e4m\u00e4 tuki mahdollistaa sen, ett\u00e4 vaikka tulisi kolmas maailmansota, me pystymme turvaamaan aseman tulevaisuuden. Lahjoitus k\u00e4ytet\u00e4\u00e4n tarkasti tulevaisuuden investointeihin.<\/p>\n\n\n\n<p><strong>Matkailullinen merkitys<\/strong><\/p>\n\n\n\n<p>Reimasto-Heiskanen n\u00e4kee Rukaj\u00e4rvi-keskuksella valtavan arvon, ei vain Lieksan ja Pohjois-Karjalan, vaan koko Suomen kannalta. H\u00e4n uskoo, ett\u00e4 keskuksella on merkitt\u00e4v\u00e4 rooli alueen matkailussa.<\/p>\n\n\n\n<p>\u2013 Matkailu on yksi Pohjois-Karjalan tulevaisuuden valttikorteista, ja t\u00e4m\u00e4 keskus on olennainen osa sit\u00e4. Olen p\u00e4\u00e4ssyt seuraamaan Ilomantsin sotatiehanketta ja siell\u00e4 n\u00e4hty\u00e4 matkailijam\u00e4\u00e4rien kasvua. Uskon, ett\u00e4 vastaavaa potentiaalia on my\u00f6s Lieksassa.<\/p>\n\n\n\n<p><strong>Kiitokset talkoolaisille<\/strong><\/p>\n\n\n\n<p>Tenho Tikkanen painotti, ettei mik\u00e4\u00e4n olisi toteutunut ilman talkoolaisten uutteraa panosta.<\/p>\n\n\n\n<p>\u2013 Talkoisiin osallistui yli 150 henke\u00e4, ja vuoden 2024 aikana tehtiin yli 6\u00a0000 tuntia talkooty\u00f6t\u00e4. Vapaaseen kansalaistoimintaan luottaen olemme onnistuneet pelastamaan kulttuurihistoriallisen rakennuksen ja samalla l\u00f6yt\u00e4neet uutta historiatietoa, joka voi vahvistaa Lieksan ja It\u00e4-Suomen talousel\u00e4m\u00e4\u00e4 matkailun kautta. Emme tietenk\u00e4\u00e4n unohda Lieksan Tukipisteen henkil\u00f6kuntaa ja Riverian opiskelijoita, joita johti ammattioppilaitoksen opettaja Pasi Pulkkinen. <\/p>\n\n\n\n<p><strong>Huomionosoituksia<\/strong><\/p>\n\n\n\n<p>Yhdistys luovutti OP Pohjois-Karjalan toimitusjohtaja Jaana Reimasto-Heiskaselle talkoomitalin ja yhdistyksen standaarin kiitokseksi lahjoituksesta. Standaarin ja talkoomitalin sai my\u00f6s Lieksan Lehden toimitus ansiokkaasta talkooty\u00f6n tiedottamisesta. Lehden standaarin vastaanotti p\u00e4\u00e4toimittaja Varpu Strengell.<\/p>\n\n\n\n<p><strong>Rautatieasema on avoinna yleis\u00f6lle<\/strong><\/p>\n\n\n\n<p>T\u00e4m\u00e4n ty\u00f6n tuloksena on rautatieasema avattu yleis\u00f6lle ja linja-autonjen kuljettajat voivat k\u00e4ytt\u00e4\u00e4 aseman odotustiloja taukopaikkana. Miss\u00e4\u00e4n muualla ei ole n\u00e4in hyvi\u00e4 palveluita Suomessa mitk\u00e4 l\u00f6ytyv\u00e4t nyt talkooty\u00f6n tuloksenma Lieksasta, t\u00e4hdent\u00e4\u00e4 Tikkanen. Kiitos siit\u00e4 kaikille niin rahallista tukea my\u00f6nt\u00e4neille tahoille kuin my\u00f6s talkoolaisille. &#8211; Toivotaan, ett\u00e4 viranomaiset voisivat joustaa ja tekisiv\u00e4t my\u00f6nteisen p\u00e4\u00e4t\u00f6ksen aseman bussipys\u00e4kin virallistamisesta. <\/p>\n\n\n\n<figure class=\"wp-block-image size-large\"><a href=\"http:\/\/www.rukajarvensuunnanhistoriayhdistys.fi\/historiayhdistys\/wp-content\/uploads\/2025\/01\/Lieksan-asema-23-1-2025-1-scaled.jpg\"><img loading=\"lazy\" decoding=\"async\" width=\"1024\" height=\"768\" src=\"http:\/\/www.rukajarvensuunnanhistoriayhdistys.fi\/historiayhdistys\/wp-content\/uploads\/2025\/01\/Lieksan-asema-23-1-2025-1-1024x768.jpg\" alt=\"\" class=\"wp-image-16117\" srcset=\"http:\/\/www.rukajarvensuunnanhistoriayhdistys.fi\/historiayhdistys\/wp-content\/uploads\/2025\/01\/Lieksan-asema-23-1-2025-1-1024x768.jpg 1024w, http:\/\/www.rukajarvensuunnanhistoriayhdistys.fi\/historiayhdistys\/wp-content\/uploads\/2025\/01\/Lieksan-asema-23-1-2025-1-300x225.jpg 300w, http:\/\/www.rukajarvensuunnanhistoriayhdistys.fi\/historiayhdistys\/wp-content\/uploads\/2025\/01\/Lieksan-asema-23-1-2025-1-768x576.jpg 768w, http:\/\/www.rukajarvensuunnanhistoriayhdistys.fi\/historiayhdistys\/wp-content\/uploads\/2025\/01\/Lieksan-asema-23-1-2025-1-1536x1152.jpg 1536w, http:\/\/www.rukajarvensuunnanhistoriayhdistys.fi\/historiayhdistys\/wp-content\/uploads\/2025\/01\/Lieksan-asema-23-1-2025-1-2048x1536.jpg 2048w\" sizes=\"auto, (max-width: 1024px) 100vw, 1024px\" \/><\/a><\/figure>\n\n\n\n<p><em>Kyll\u00e4 kelpaa paikkoja esitell\u00e4. Arvorakennukset olivat valitettavasti p\u00e4\u00e4sseet heikkoon kunttoon. Talon maalauksen lis\u00e4ksi talkooporukka korjasi per\u00e4ti 43 ikkunaa. Talossa on 592 lasinruutua. N\u00e4iss\u00e4 tiloissa toimii Lieksan Rukaj\u00e4rvi-keskus. Kokonaiskerrosala n. 825 neli\u00f6t\u00e4 &#8211; asema ja viereinan asemamakasiini ja ymp\u00e4rill\u00e4 hehtaarin tontti. Sen omistaa nyt Rukaj\u00e4rven suunnan historiayhdistys ry.<\/em><\/p>\n\n\n\n<figure class=\"wp-block-image size-large\"><a href=\"http:\/\/www.rukajarvensuunnanhistoriayhdistys.fi\/historiayhdistys\/wp-content\/uploads\/2025\/01\/Lieksan-asema-23-1-2025-2-scaled.jpg\"><img loading=\"lazy\" decoding=\"async\" width=\"1024\" height=\"768\" src=\"http:\/\/www.rukajarvensuunnanhistoriayhdistys.fi\/historiayhdistys\/wp-content\/uploads\/2025\/01\/Lieksan-asema-23-1-2025-2-1024x768.jpg\" alt=\"\" class=\"wp-image-16118\" srcset=\"http:\/\/www.rukajarvensuunnanhistoriayhdistys.fi\/historiayhdistys\/wp-content\/uploads\/2025\/01\/Lieksan-asema-23-1-2025-2-1024x768.jpg 1024w, http:\/\/www.rukajarvensuunnanhistoriayhdistys.fi\/historiayhdistys\/wp-content\/uploads\/2025\/01\/Lieksan-asema-23-1-2025-2-300x225.jpg 300w, http:\/\/www.rukajarvensuunnanhistoriayhdistys.fi\/historiayhdistys\/wp-content\/uploads\/2025\/01\/Lieksan-asema-23-1-2025-2-768x576.jpg 768w, http:\/\/www.rukajarvensuunnanhistoriayhdistys.fi\/historiayhdistys\/wp-content\/uploads\/2025\/01\/Lieksan-asema-23-1-2025-2-1536x1152.jpg 1536w, http:\/\/www.rukajarvensuunnanhistoriayhdistys.fi\/historiayhdistys\/wp-content\/uploads\/2025\/01\/Lieksan-asema-23-1-2025-2-2048x1536.jpg 2048w\" sizes=\"auto, (max-width: 1024px) 100vw, 1024px\" \/><\/a><\/figure>\n\n\n\n<p><em>Komia n\u00e4ky. Koko viikon ajan melkein jokaisena iltana aseman tiloissa oli jokin tapahtuma ja piha t\u00e4ynn\u00e4 autoja koko p\u00e4iv\u00e4n, aamusta iltamy\u00f6h\u00e4iseen saakka<\/em>.<\/p>\n\n\n\n<p>Ty\u00f6 jatkuu, koko hankkeen kustannusarvio hankesuunnitelmassa on n. 400.000 euroa. Sen toteuttaminen on tavoitteemme ja vasta silloin voimme huokaista helpotuksesta. Tuo investointi tulisi yhteiskunnalle takaisin nopeasti, niin uskomme. Toivomme, ett\u00e4 kansalaiset k\u00e4ytt\u00e4isiv\u00e4t palveluitamme ja tulisivat tutustumaan Lieksan laajaan kulttuuritarjontaan. Lieksa on <strong>matkailijan paratiisi<\/strong>, t\u00e4nne pit\u00e4\u00e4 varata aikaa, mutta se kyll\u00e4 kannattaa, t\u00e4\u00e4ll\u00e4 rahalle on vastiketta p\u00e4\u00e4tt\u00e4\u00e4 Tikkanen.<\/p>\n\n\n\n<p><\/p>\n","protected":false},"excerpt":{"rendered":"<p>OP Pohjois-Karjala on antanut Rukaj\u00e4rvi-keskukselle merkitt\u00e4v\u00e4n lahjoituksen toiminnan turvaamiseksi ja Lieksan asemarakennuksen kunnostamisen jatkamiseksi. Lahjoituksen tarkkaa summaa ei ole julkistettu, mutta OP Pohjois-Karjalan toimitusjohtaja Jaana Reimasto-Heiskanen kuvailee sit\u00e4 merkitt\u00e4v\u00e4ksi. \u2013 <a class=\"more-link\" href=\"http:\/\/www.rukajarvensuunnanhistoriayhdistys.fi\/historiayhdistys\/op-pohjois-karjalalta-merkittava-huomionosoitus-rukajarven-suunnan-historiayhdistykselle-ja-lieksan-asemarakennuksen-talkoolaisille\/\">Teksti jatkuu&#8230;<span class=\"screen-reader-text\">OP Pohjois-Karjalalta merkitt\u00e4v\u00e4 huomionosoitus Rukaj\u00e4rven suunnan historiayhdistykselle ja Lieksan asemarakennuksen talkoolaisille<\/span><span class=\"meta-nav\">\u2192<\/span><\/a><\/p>\n","protected":false},"author":3,"featured_media":0,"comment_status":"closed","ping_status":"open","sticky":false,"template":"","format":"standard","meta":{"footnotes":""},"categories":[22],"tags":[],"class_list":["post-16115","post","type-post","status-publish","format-standard","hentry","category-ajankohtaista"],"yoast_head":"<!-- This site is optimized with the Yoast SEO plugin v27.4 - https:\/\/yoast.com\/product\/yoast-seo-wordpress\/ -->\n<title>OP Pohjois-Karjalalta merkitt\u00e4v\u00e4 huomionosoitus Rukaj\u00e4rven suunnan historiayhdistykselle ja Lieksan asemarakennuksen talkoolaisille - Rukaj\u00e4rven suunnan historiayhdistys<\/title>\n<meta name=\"robots\" content=\"index, follow, max-snippet:-1, max-image-preview:large, max-video-preview:-1\" \/>\n<link rel=\"canonical\" href=\"http:\/\/www.rukajarvensuunnanhistoriayhdistys.fi\/historiayhdistys\/op-pohjois-karjalalta-merkittava-huomionosoitus-rukajarven-suunnan-historiayhdistykselle-ja-lieksan-asemarakennuksen-talkoolaisille\/\" \/>\n<meta property=\"og:locale\" content=\"fi_FI\" \/>\n<meta property=\"og:type\" content=\"article\" \/>\n<meta property=\"og:title\" content=\"OP Pohjois-Karjalalta merkitt\u00e4v\u00e4 huomionosoitus Rukaj\u00e4rven suunnan historiayhdistykselle ja Lieksan asemarakennuksen talkoolaisille - Rukaj\u00e4rven suunnan historiayhdistys\" \/>\n<meta property=\"og:description\" content=\"OP Pohjois-Karjala on antanut Rukaj\u00e4rvi-keskukselle merkitt\u00e4v\u00e4n lahjoituksen toiminnan turvaamiseksi ja Lieksan asemarakennuksen kunnostamisen jatkamiseksi. Lahjoituksen tarkkaa summaa ei ole julkistettu, mutta OP Pohjois-Karjalan toimitusjohtaja Jaana Reimasto-Heiskanen kuvailee sit\u00e4 merkitt\u00e4v\u00e4ksi. \u2013 Teksti jatkuu...OP Pohjois-Karjalalta merkitt\u00e4v\u00e4 huomionosoitus Rukaj\u00e4rven suunnan historiayhdistykselle ja Lieksan asemarakennuksen talkoolaisille\u2192\" \/>\n<meta property=\"og:url\" content=\"http:\/\/www.rukajarvensuunnanhistoriayhdistys.fi\/historiayhdistys\/op-pohjois-karjalalta-merkittava-huomionosoitus-rukajarven-suunnan-historiayhdistykselle-ja-lieksan-asemarakennuksen-talkoolaisille\/\" \/>\n<meta property=\"og:site_name\" content=\"Rukaj\u00e4rven suunnan historiayhdistys\" \/>\n<meta property=\"article:published_time\" content=\"2025-01-24T20:26:08+00:00\" \/>\n<meta property=\"article:modified_time\" content=\"2025-01-24T20:35:37+00:00\" \/>\n<meta property=\"og:image\" content=\"http:\/\/www.rukajarvensuunnanhistoriayhdistys.fi\/historiayhdistys\/wp-content\/uploads\/2025\/01\/Jaana-Reimasto-Heiskanen-ja-Varpu-Strengell-3-1024x768.jpg\" \/>\n<meta name=\"author\" content=\"RSHY\" \/>\n<meta name=\"twitter:label1\" content=\"Kirjoittanut\" \/>\n\t<meta name=\"twitter:data1\" content=\"RSHY\" \/>\n\t<meta name=\"twitter:label2\" content=\"Arvioitu lukuaika\" \/>\n\t<meta name=\"twitter:data2\" content=\"5 minuuttia\" \/>\n<script type=\"application\/ld+json\" class=\"yoast-schema-graph\">{\"@context\":\"https:\\\/\\\/schema.org\",\"@graph\":[{\"@type\":\"Article\",\"@id\":\"http:\\\/\\\/www.rukajarvensuunnanhistoriayhdistys.fi\\\/historiayhdistys\\\/op-pohjois-karjalalta-merkittava-huomionosoitus-rukajarven-suunnan-historiayhdistykselle-ja-lieksan-asemarakennuksen-talkoolaisille\\\/#article\",\"isPartOf\":{\"@id\":\"http:\\\/\\\/www.rukajarvensuunnanhistoriayhdistys.fi\\\/historiayhdistys\\\/op-pohjois-karjalalta-merkittava-huomionosoitus-rukajarven-suunnan-historiayhdistykselle-ja-lieksan-asemarakennuksen-talkoolaisille\\\/\"},\"author\":{\"name\":\"RSHY\",\"@id\":\"http:\\\/\\\/www.rukajarvensuunnanhistoriayhdistys.fi\\\/historiayhdistys\\\/#\\\/schema\\\/person\\\/19de7db68bf72dfd2b5d7f6dfbf8454d\"},\"headline\":\"OP Pohjois-Karjalalta merkitt\u00e4v\u00e4 huomionosoitus Rukaj\u00e4rven suunnan historiayhdistykselle ja Lieksan asemarakennuksen talkoolaisille\",\"datePublished\":\"2025-01-24T20:26:08+00:00\",\"dateModified\":\"2025-01-24T20:35:37+00:00\",\"mainEntityOfPage\":{\"@id\":\"http:\\\/\\\/www.rukajarvensuunnanhistoriayhdistys.fi\\\/historiayhdistys\\\/op-pohjois-karjalalta-merkittava-huomionosoitus-rukajarven-suunnan-historiayhdistykselle-ja-lieksan-asemarakennuksen-talkoolaisille\\\/\"},\"wordCount\":657,\"publisher\":{\"@id\":\"http:\\\/\\\/www.rukajarvensuunnanhistoriayhdistys.fi\\\/historiayhdistys\\\/#organization\"},\"image\":{\"@id\":\"http:\\\/\\\/www.rukajarvensuunnanhistoriayhdistys.fi\\\/historiayhdistys\\\/op-pohjois-karjalalta-merkittava-huomionosoitus-rukajarven-suunnan-historiayhdistykselle-ja-lieksan-asemarakennuksen-talkoolaisille\\\/#primaryimage\"},\"thumbnailUrl\":\"http:\\\/\\\/www.rukajarvensuunnanhistoriayhdistys.fi\\\/historiayhdistys\\\/wp-content\\\/uploads\\\/2025\\\/01\\\/Jaana-Reimasto-Heiskanen-ja-Varpu-Strengell-3-1024x768.jpg\",\"articleSection\":[\"Ajankohtaista\"],\"inLanguage\":\"fi\"},{\"@type\":\"WebPage\",\"@id\":\"http:\\\/\\\/www.rukajarvensuunnanhistoriayhdistys.fi\\\/historiayhdistys\\\/op-pohjois-karjalalta-merkittava-huomionosoitus-rukajarven-suunnan-historiayhdistykselle-ja-lieksan-asemarakennuksen-talkoolaisille\\\/\",\"url\":\"http:\\\/\\\/www.rukajarvensuunnanhistoriayhdistys.fi\\\/historiayhdistys\\\/op-pohjois-karjalalta-merkittava-huomionosoitus-rukajarven-suunnan-historiayhdistykselle-ja-lieksan-asemarakennuksen-talkoolaisille\\\/\",\"name\":\"OP Pohjois-Karjalalta merkitt\u00e4v\u00e4 huomionosoitus Rukaj\u00e4rven suunnan historiayhdistykselle ja Lieksan asemarakennuksen talkoolaisille - Rukaj\u00e4rven suunnan historiayhdistys\",\"isPartOf\":{\"@id\":\"http:\\\/\\\/www.rukajarvensuunnanhistoriayhdistys.fi\\\/historiayhdistys\\\/#website\"},\"primaryImageOfPage\":{\"@id\":\"http:\\\/\\\/www.rukajarvensuunnanhistoriayhdistys.fi\\\/historiayhdistys\\\/op-pohjois-karjalalta-merkittava-huomionosoitus-rukajarven-suunnan-historiayhdistykselle-ja-lieksan-asemarakennuksen-talkoolaisille\\\/#primaryimage\"},\"image\":{\"@id\":\"http:\\\/\\\/www.rukajarvensuunnanhistoriayhdistys.fi\\\/historiayhdistys\\\/op-pohjois-karjalalta-merkittava-huomionosoitus-rukajarven-suunnan-historiayhdistykselle-ja-lieksan-asemarakennuksen-talkoolaisille\\\/#primaryimage\"},\"thumbnailUrl\":\"http:\\\/\\\/www.rukajarvensuunnanhistoriayhdistys.fi\\\/historiayhdistys\\\/wp-content\\\/uploads\\\/2025\\\/01\\\/Jaana-Reimasto-Heiskanen-ja-Varpu-Strengell-3-1024x768.jpg\",\"datePublished\":\"2025-01-24T20:26:08+00:00\",\"dateModified\":\"2025-01-24T20:35:37+00:00\",\"breadcrumb\":{\"@id\":\"http:\\\/\\\/www.rukajarvensuunnanhistoriayhdistys.fi\\\/historiayhdistys\\\/op-pohjois-karjalalta-merkittava-huomionosoitus-rukajarven-suunnan-historiayhdistykselle-ja-lieksan-asemarakennuksen-talkoolaisille\\\/#breadcrumb\"},\"inLanguage\":\"fi\",\"potentialAction\":[{\"@type\":\"ReadAction\",\"target\":[\"http:\\\/\\\/www.rukajarvensuunnanhistoriayhdistys.fi\\\/historiayhdistys\\\/op-pohjois-karjalalta-merkittava-huomionosoitus-rukajarven-suunnan-historiayhdistykselle-ja-lieksan-asemarakennuksen-talkoolaisille\\\/\"]}]},{\"@type\":\"ImageObject\",\"inLanguage\":\"fi\",\"@id\":\"http:\\\/\\\/www.rukajarvensuunnanhistoriayhdistys.fi\\\/historiayhdistys\\\/op-pohjois-karjalalta-merkittava-huomionosoitus-rukajarven-suunnan-historiayhdistykselle-ja-lieksan-asemarakennuksen-talkoolaisille\\\/#primaryimage\",\"url\":\"http:\\\/\\\/www.rukajarvensuunnanhistoriayhdistys.fi\\\/historiayhdistys\\\/wp-content\\\/uploads\\\/2025\\\/01\\\/Jaana-Reimasto-Heiskanen-ja-Varpu-Strengell-3-scaled.jpg\",\"contentUrl\":\"http:\\\/\\\/www.rukajarvensuunnanhistoriayhdistys.fi\\\/historiayhdistys\\\/wp-content\\\/uploads\\\/2025\\\/01\\\/Jaana-Reimasto-Heiskanen-ja-Varpu-Strengell-3-scaled.jpg\",\"width\":2560,\"height\":1920},{\"@type\":\"BreadcrumbList\",\"@id\":\"http:\\\/\\\/www.rukajarvensuunnanhistoriayhdistys.fi\\\/historiayhdistys\\\/op-pohjois-karjalalta-merkittava-huomionosoitus-rukajarven-suunnan-historiayhdistykselle-ja-lieksan-asemarakennuksen-talkoolaisille\\\/#breadcrumb\",\"itemListElement\":[{\"@type\":\"ListItem\",\"position\":1,\"name\":\"Etusivu\",\"item\":\"http:\\\/\\\/www.rukajarvensuunnanhistoriayhdistys.fi\\\/historiayhdistys\\\/\"},{\"@type\":\"ListItem\",\"position\":2,\"name\":\"OP Pohjois-Karjalalta merkitt\u00e4v\u00e4 huomionosoitus Rukaj\u00e4rven suunnan historiayhdistykselle ja Lieksan asemarakennuksen talkoolaisille\"}]},{\"@type\":\"WebSite\",\"@id\":\"http:\\\/\\\/www.rukajarvensuunnanhistoriayhdistys.fi\\\/historiayhdistys\\\/#website\",\"url\":\"http:\\\/\\\/www.rukajarvensuunnanhistoriayhdistys.fi\\\/historiayhdistys\\\/\",\"name\":\"Rukaj\u00e4rven suunnan historiayhdistys\",\"description\":\"Rukaj\u00e4rven suunnan historiayhdistyksen verkkosivut.\",\"publisher\":{\"@id\":\"http:\\\/\\\/www.rukajarvensuunnanhistoriayhdistys.fi\\\/historiayhdistys\\\/#organization\"},\"potentialAction\":[{\"@type\":\"SearchAction\",\"target\":{\"@type\":\"EntryPoint\",\"urlTemplate\":\"http:\\\/\\\/www.rukajarvensuunnanhistoriayhdistys.fi\\\/historiayhdistys\\\/?s={search_term_string}\"},\"query-input\":{\"@type\":\"PropertyValueSpecification\",\"valueRequired\":true,\"valueName\":\"search_term_string\"}}],\"inLanguage\":\"fi\"},{\"@type\":\"Organization\",\"@id\":\"http:\\\/\\\/www.rukajarvensuunnanhistoriayhdistys.fi\\\/historiayhdistys\\\/#organization\",\"name\":\"Rukaj\u00e4rven suunnan historiayhdistys\",\"url\":\"http:\\\/\\\/www.rukajarvensuunnanhistoriayhdistys.fi\\\/historiayhdistys\\\/\",\"logo\":{\"@type\":\"ImageObject\",\"inLanguage\":\"fi\",\"@id\":\"http:\\\/\\\/www.rukajarvensuunnanhistoriayhdistys.fi\\\/historiayhdistys\\\/#\\\/schema\\\/logo\\\/image\\\/\",\"url\":\"http:\\\/\\\/www.rukajarvensuunnanhistoriayhdistys.fi\\\/historiayhdistys\\\/wp-content\\\/uploads\\\/2013\\\/12\\\/Otsake_3.jpg\",\"contentUrl\":\"http:\\\/\\\/www.rukajarvensuunnanhistoriayhdistys.fi\\\/historiayhdistys\\\/wp-content\\\/uploads\\\/2013\\\/12\\\/Otsake_3.jpg\",\"width\":1000,\"height\":442,\"caption\":\"Rukaj\u00e4rven suunnan historiayhdistys\"},\"image\":{\"@id\":\"http:\\\/\\\/www.rukajarvensuunnanhistoriayhdistys.fi\\\/historiayhdistys\\\/#\\\/schema\\\/logo\\\/image\\\/\"}},{\"@type\":\"Person\",\"@id\":\"http:\\\/\\\/www.rukajarvensuunnanhistoriayhdistys.fi\\\/historiayhdistys\\\/#\\\/schema\\\/person\\\/19de7db68bf72dfd2b5d7f6dfbf8454d\",\"name\":\"RSHY\",\"image\":{\"@type\":\"ImageObject\",\"inLanguage\":\"fi\",\"@id\":\"https:\\\/\\\/secure.gravatar.com\\\/avatar\\\/598d59263a69cc8de65fcb4f9db78d6f58c098cb0e0ba22d73377441af9fa04c?s=96&d=blank&r=g\",\"url\":\"https:\\\/\\\/secure.gravatar.com\\\/avatar\\\/598d59263a69cc8de65fcb4f9db78d6f58c098cb0e0ba22d73377441af9fa04c?s=96&d=blank&r=g\",\"contentUrl\":\"https:\\\/\\\/secure.gravatar.com\\\/avatar\\\/598d59263a69cc8de65fcb4f9db78d6f58c098cb0e0ba22d73377441af9fa04c?s=96&d=blank&r=g\",\"caption\":\"RSHY\"},\"url\":\"http:\\\/\\\/www.rukajarvensuunnanhistoriayhdistys.fi\\\/historiayhdistys\\\/author\\\/rshy\\\/\"}]}<\/script>\n<!-- \/ Yoast SEO plugin. -->","yoast_head_json":{"title":"OP Pohjois-Karjalalta merkitt\u00e4v\u00e4 huomionosoitus Rukaj\u00e4rven suunnan historiayhdistykselle ja Lieksan asemarakennuksen talkoolaisille - Rukaj\u00e4rven suunnan historiayhdistys","robots":{"index":"index","follow":"follow","max-snippet":"max-snippet:-1","max-image-preview":"max-image-preview:large","max-video-preview":"max-video-preview:-1"},"canonical":"http:\/\/www.rukajarvensuunnanhistoriayhdistys.fi\/historiayhdistys\/op-pohjois-karjalalta-merkittava-huomionosoitus-rukajarven-suunnan-historiayhdistykselle-ja-lieksan-asemarakennuksen-talkoolaisille\/","og_locale":"fi_FI","og_type":"article","og_title":"OP Pohjois-Karjalalta merkitt\u00e4v\u00e4 huomionosoitus Rukaj\u00e4rven suunnan historiayhdistykselle ja Lieksan asemarakennuksen talkoolaisille - Rukaj\u00e4rven suunnan historiayhdistys","og_description":"OP Pohjois-Karjala on antanut Rukaj\u00e4rvi-keskukselle merkitt\u00e4v\u00e4n lahjoituksen toiminnan turvaamiseksi ja Lieksan asemarakennuksen kunnostamisen jatkamiseksi. Lahjoituksen tarkkaa summaa ei ole julkistettu, mutta OP Pohjois-Karjalan toimitusjohtaja Jaana Reimasto-Heiskanen kuvailee sit\u00e4 merkitt\u00e4v\u00e4ksi. \u2013 Teksti jatkuu...OP Pohjois-Karjalalta merkitt\u00e4v\u00e4 huomionosoitus Rukaj\u00e4rven suunnan historiayhdistykselle ja Lieksan asemarakennuksen talkoolaisille\u2192","og_url":"http:\/\/www.rukajarvensuunnanhistoriayhdistys.fi\/historiayhdistys\/op-pohjois-karjalalta-merkittava-huomionosoitus-rukajarven-suunnan-historiayhdistykselle-ja-lieksan-asemarakennuksen-talkoolaisille\/","og_site_name":"Rukaj\u00e4rven suunnan historiayhdistys","article_published_time":"2025-01-24T20:26:08+00:00","article_modified_time":"2025-01-24T20:35:37+00:00","og_image":[{"url":"http:\/\/www.rukajarvensuunnanhistoriayhdistys.fi\/historiayhdistys\/wp-content\/uploads\/2025\/01\/Jaana-Reimasto-Heiskanen-ja-Varpu-Strengell-3-1024x768.jpg","type":"","width":"","height":""}],"author":"RSHY","twitter_misc":{"Kirjoittanut":"RSHY","Arvioitu lukuaika":"5 minuuttia"},"schema":{"@context":"https:\/\/schema.org","@graph":[{"@type":"Article","@id":"http:\/\/www.rukajarvensuunnanhistoriayhdistys.fi\/historiayhdistys\/op-pohjois-karjalalta-merkittava-huomionosoitus-rukajarven-suunnan-historiayhdistykselle-ja-lieksan-asemarakennuksen-talkoolaisille\/#article","isPartOf":{"@id":"http:\/\/www.rukajarvensuunnanhistoriayhdistys.fi\/historiayhdistys\/op-pohjois-karjalalta-merkittava-huomionosoitus-rukajarven-suunnan-historiayhdistykselle-ja-lieksan-asemarakennuksen-talkoolaisille\/"},"author":{"name":"RSHY","@id":"http:\/\/www.rukajarvensuunnanhistoriayhdistys.fi\/historiayhdistys\/#\/schema\/person\/19de7db68bf72dfd2b5d7f6dfbf8454d"},"headline":"OP Pohjois-Karjalalta merkitt\u00e4v\u00e4 huomionosoitus Rukaj\u00e4rven suunnan historiayhdistykselle ja Lieksan asemarakennuksen talkoolaisille","datePublished":"2025-01-24T20:26:08+00:00","dateModified":"2025-01-24T20:35:37+00:00","mainEntityOfPage":{"@id":"http:\/\/www.rukajarvensuunnanhistoriayhdistys.fi\/historiayhdistys\/op-pohjois-karjalalta-merkittava-huomionosoitus-rukajarven-suunnan-historiayhdistykselle-ja-lieksan-asemarakennuksen-talkoolaisille\/"},"wordCount":657,"publisher":{"@id":"http:\/\/www.rukajarvensuunnanhistoriayhdistys.fi\/historiayhdistys\/#organization"},"image":{"@id":"http:\/\/www.rukajarvensuunnanhistoriayhdistys.fi\/historiayhdistys\/op-pohjois-karjalalta-merkittava-huomionosoitus-rukajarven-suunnan-historiayhdistykselle-ja-lieksan-asemarakennuksen-talkoolaisille\/#primaryimage"},"thumbnailUrl":"http:\/\/www.rukajarvensuunnanhistoriayhdistys.fi\/historiayhdistys\/wp-content\/uploads\/2025\/01\/Jaana-Reimasto-Heiskanen-ja-Varpu-Strengell-3-1024x768.jpg","articleSection":["Ajankohtaista"],"inLanguage":"fi"},{"@type":"WebPage","@id":"http:\/\/www.rukajarvensuunnanhistoriayhdistys.fi\/historiayhdistys\/op-pohjois-karjalalta-merkittava-huomionosoitus-rukajarven-suunnan-historiayhdistykselle-ja-lieksan-asemarakennuksen-talkoolaisille\/","url":"http:\/\/www.rukajarvensuunnanhistoriayhdistys.fi\/historiayhdistys\/op-pohjois-karjalalta-merkittava-huomionosoitus-rukajarven-suunnan-historiayhdistykselle-ja-lieksan-asemarakennuksen-talkoolaisille\/","name":"OP Pohjois-Karjalalta merkitt\u00e4v\u00e4 huomionosoitus Rukaj\u00e4rven suunnan historiayhdistykselle ja Lieksan asemarakennuksen talkoolaisille - Rukaj\u00e4rven suunnan historiayhdistys","isPartOf":{"@id":"http:\/\/www.rukajarvensuunnanhistoriayhdistys.fi\/historiayhdistys\/#website"},"primaryImageOfPage":{"@id":"http:\/\/www.rukajarvensuunnanhistoriayhdistys.fi\/historiayhdistys\/op-pohjois-karjalalta-merkittava-huomionosoitus-rukajarven-suunnan-historiayhdistykselle-ja-lieksan-asemarakennuksen-talkoolaisille\/#primaryimage"},"image":{"@id":"http:\/\/www.rukajarvensuunnanhistoriayhdistys.fi\/historiayhdistys\/op-pohjois-karjalalta-merkittava-huomionosoitus-rukajarven-suunnan-historiayhdistykselle-ja-lieksan-asemarakennuksen-talkoolaisille\/#primaryimage"},"thumbnailUrl":"http:\/\/www.rukajarvensuunnanhistoriayhdistys.fi\/historiayhdistys\/wp-content\/uploads\/2025\/01\/Jaana-Reimasto-Heiskanen-ja-Varpu-Strengell-3-1024x768.jpg","datePublished":"2025-01-24T20:26:08+00:00","dateModified":"2025-01-24T20:35:37+00:00","breadcrumb":{"@id":"http:\/\/www.rukajarvensuunnanhistoriayhdistys.fi\/historiayhdistys\/op-pohjois-karjalalta-merkittava-huomionosoitus-rukajarven-suunnan-historiayhdistykselle-ja-lieksan-asemarakennuksen-talkoolaisille\/#breadcrumb"},"inLanguage":"fi","potentialAction":[{"@type":"ReadAction","target":["http:\/\/www.rukajarvensuunnanhistoriayhdistys.fi\/historiayhdistys\/op-pohjois-karjalalta-merkittava-huomionosoitus-rukajarven-suunnan-historiayhdistykselle-ja-lieksan-asemarakennuksen-talkoolaisille\/"]}]},{"@type":"ImageObject","inLanguage":"fi","@id":"http:\/\/www.rukajarvensuunnanhistoriayhdistys.fi\/historiayhdistys\/op-pohjois-karjalalta-merkittava-huomionosoitus-rukajarven-suunnan-historiayhdistykselle-ja-lieksan-asemarakennuksen-talkoolaisille\/#primaryimage","url":"http:\/\/www.rukajarvensuunnanhistoriayhdistys.fi\/historiayhdistys\/wp-content\/uploads\/2025\/01\/Jaana-Reimasto-Heiskanen-ja-Varpu-Strengell-3-scaled.jpg","contentUrl":"http:\/\/www.rukajarvensuunnanhistoriayhdistys.fi\/historiayhdistys\/wp-content\/uploads\/2025\/01\/Jaana-Reimasto-Heiskanen-ja-Varpu-Strengell-3-scaled.jpg","width":2560,"height":1920},{"@type":"BreadcrumbList","@id":"http:\/\/www.rukajarvensuunnanhistoriayhdistys.fi\/historiayhdistys\/op-pohjois-karjalalta-merkittava-huomionosoitus-rukajarven-suunnan-historiayhdistykselle-ja-lieksan-asemarakennuksen-talkoolaisille\/#breadcrumb","itemListElement":[{"@type":"ListItem","position":1,"name":"Etusivu","item":"http:\/\/www.rukajarvensuunnanhistoriayhdistys.fi\/historiayhdistys\/"},{"@type":"ListItem","position":2,"name":"OP Pohjois-Karjalalta merkitt\u00e4v\u00e4 huomionosoitus Rukaj\u00e4rven suunnan historiayhdistykselle ja Lieksan asemarakennuksen talkoolaisille"}]},{"@type":"WebSite","@id":"http:\/\/www.rukajarvensuunnanhistoriayhdistys.fi\/historiayhdistys\/#website","url":"http:\/\/www.rukajarvensuunnanhistoriayhdistys.fi\/historiayhdistys\/","name":"Rukaj\u00e4rven suunnan historiayhdistys","description":"Rukaj\u00e4rven suunnan historiayhdistyksen verkkosivut.","publisher":{"@id":"http:\/\/www.rukajarvensuunnanhistoriayhdistys.fi\/historiayhdistys\/#organization"},"potentialAction":[{"@type":"SearchAction","target":{"@type":"EntryPoint","urlTemplate":"http:\/\/www.rukajarvensuunnanhistoriayhdistys.fi\/historiayhdistys\/?s={search_term_string}"},"query-input":{"@type":"PropertyValueSpecification","valueRequired":true,"valueName":"search_term_string"}}],"inLanguage":"fi"},{"@type":"Organization","@id":"http:\/\/www.rukajarvensuunnanhistoriayhdistys.fi\/historiayhdistys\/#organization","name":"Rukaj\u00e4rven suunnan historiayhdistys","url":"http:\/\/www.rukajarvensuunnanhistoriayhdistys.fi\/historiayhdistys\/","logo":{"@type":"ImageObject","inLanguage":"fi","@id":"http:\/\/www.rukajarvensuunnanhistoriayhdistys.fi\/historiayhdistys\/#\/schema\/logo\/image\/","url":"http:\/\/www.rukajarvensuunnanhistoriayhdistys.fi\/historiayhdistys\/wp-content\/uploads\/2013\/12\/Otsake_3.jpg","contentUrl":"http:\/\/www.rukajarvensuunnanhistoriayhdistys.fi\/historiayhdistys\/wp-content\/uploads\/2013\/12\/Otsake_3.jpg","width":1000,"height":442,"caption":"Rukaj\u00e4rven suunnan historiayhdistys"},"image":{"@id":"http:\/\/www.rukajarvensuunnanhistoriayhdistys.fi\/historiayhdistys\/#\/schema\/logo\/image\/"}},{"@type":"Person","@id":"http:\/\/www.rukajarvensuunnanhistoriayhdistys.fi\/historiayhdistys\/#\/schema\/person\/19de7db68bf72dfd2b5d7f6dfbf8454d","name":"RSHY","image":{"@type":"ImageObject","inLanguage":"fi","@id":"https:\/\/secure.gravatar.com\/avatar\/598d59263a69cc8de65fcb4f9db78d6f58c098cb0e0ba22d73377441af9fa04c?s=96&d=blank&r=g","url":"https:\/\/secure.gravatar.com\/avatar\/598d59263a69cc8de65fcb4f9db78d6f58c098cb0e0ba22d73377441af9fa04c?s=96&d=blank&r=g","contentUrl":"https:\/\/secure.gravatar.com\/avatar\/598d59263a69cc8de65fcb4f9db78d6f58c098cb0e0ba22d73377441af9fa04c?s=96&d=blank&r=g","caption":"RSHY"},"url":"http:\/\/www.rukajarvensuunnanhistoriayhdistys.fi\/historiayhdistys\/author\/rshy\/"}]}},"_links":{"self":[{"href":"http:\/\/www.rukajarvensuunnanhistoriayhdistys.fi\/historiayhdistys\/wp-json\/wp\/v2\/posts\/16115","targetHints":{"allow":["GET"]}}],"collection":[{"href":"http:\/\/www.rukajarvensuunnanhistoriayhdistys.fi\/historiayhdistys\/wp-json\/wp\/v2\/posts"}],"about":[{"href":"http:\/\/www.rukajarvensuunnanhistoriayhdistys.fi\/historiayhdistys\/wp-json\/wp\/v2\/types\/post"}],"author":[{"embeddable":true,"href":"http:\/\/www.rukajarvensuunnanhistoriayhdistys.fi\/historiayhdistys\/wp-json\/wp\/v2\/users\/3"}],"replies":[{"embeddable":true,"href":"http:\/\/www.rukajarvensuunnanhistoriayhdistys.fi\/historiayhdistys\/wp-json\/wp\/v2\/comments?post=16115"}],"version-history":[{"count":4,"href":"http:\/\/www.rukajarvensuunnanhistoriayhdistys.fi\/historiayhdistys\/wp-json\/wp\/v2\/posts\/16115\/revisions"}],"predecessor-version":[{"id":16124,"href":"http:\/\/www.rukajarvensuunnanhistoriayhdistys.fi\/historiayhdistys\/wp-json\/wp\/v2\/posts\/16115\/revisions\/16124"}],"wp:attachment":[{"href":"http:\/\/www.rukajarvensuunnanhistoriayhdistys.fi\/historiayhdistys\/wp-json\/wp\/v2\/media?parent=16115"}],"wp:term":[{"taxonomy":"category","embeddable":true,"href":"http:\/\/www.rukajarvensuunnanhistoriayhdistys.fi\/historiayhdistys\/wp-json\/wp\/v2\/categories?post=16115"},{"taxonomy":"post_tag","embeddable":true,"href":"http:\/\/www.rukajarvensuunnanhistoriayhdistys.fi\/historiayhdistys\/wp-json\/wp\/v2\/tags?post=16115"}],"curies":[{"name":"wp","href":"https:\/\/api.w.org\/{rel}","templated":true}]}}