{"id":2187,"date":"2014-09-18T10:54:14","date_gmt":"2014-09-18T07:54:14","guid":{"rendered":"http:\/\/www.rukajarvensuunnanhistoriayhdistys.fi\/historiayhdistys\/?p=2187"},"modified":"2014-09-19T20:17:03","modified_gmt":"2014-09-19T17:17:03","slug":"pentti-perttuli-kiittaa-huomionosoituksesta-16-9-2014","status":"publish","type":"post","link":"http:\/\/www.rukajarvensuunnanhistoriayhdistys.fi\/historiayhdistys\/pentti-perttuli-kiittaa-huomionosoituksesta-16-9-2014\/","title":{"rendered":"Pentti Perttuli kiitt\u00e4\u00e4 huomionosoituksesta 16.9.2014"},"content":{"rendered":"<div class=\"fcbkbttn_buttons_block\" id=\"fcbkbttn_left\"><div class=\"fcbkbttn_like \"><fb:like href=\"http:\/\/www.rukajarvensuunnanhistoriayhdistys.fi\/historiayhdistys\/pentti-perttuli-kiittaa-huomionosoituksesta-16-9-2014\/\" action=\"like\" colorscheme=\"light\" layout=\"button_count\"  size=\"small\"><\/fb:like><\/div><\/div><p>Yhdistyksen edustajat k\u00e4viv\u00e4t 16.9.2014 Laitilan veljeskodissa\u00a0tervehtim\u00e4ss\u00e4 kunnioitettua Rukaj\u00e4rven veteraania Pentti Perttulia. H\u00e4nelle luovutettiin juuri ilmestynyt Tauno Oksasen kirjoittama Kevytosasto 2:n joukko-osastohistoria RAAPPANAN NYRKKKI\u00a0ja\u00a0yhdistyksen standaari.<\/p>\n<figure id=\"attachment_2199\" aria-describedby=\"caption-attachment-2199\" style=\"width: 1240px\" class=\"wp-caption alignnone\"><a href=\"http:\/\/www.rukajarvensuunnanhistoriayhdistys.fi\/historiayhdistys\/wp-content\/uploads\/2014\/09\/Perttuli-Pentti-Standaari-16-9-2014.jpg\"><img loading=\"lazy\" decoding=\"async\" class=\"wp-image-2199 size-full\" src=\"http:\/\/www.rukajarvensuunnanhistoriayhdistys.fi\/historiayhdistys\/wp-content\/uploads\/2014\/09\/Perttuli-Pentti-Standaari-16-9-2014.jpg\" alt=\"Rukaj\u00e4rven suunnan historiayhdistys luovutti 16.9.2014 veteraani Pentti Perttulille teoksen Raappanan Nyrkki ja yhdistyksen standaarin.\" width=\"1240\" height=\"1754\" data-id=\"2199\" srcset=\"http:\/\/www.rukajarvensuunnanhistoriayhdistys.fi\/historiayhdistys\/wp-content\/uploads\/2014\/09\/Perttuli-Pentti-Standaari-16-9-2014.jpg 1240w, http:\/\/www.rukajarvensuunnanhistoriayhdistys.fi\/historiayhdistys\/wp-content\/uploads\/2014\/09\/Perttuli-Pentti-Standaari-16-9-2014-212x300.jpg 212w, http:\/\/www.rukajarvensuunnanhistoriayhdistys.fi\/historiayhdistys\/wp-content\/uploads\/2014\/09\/Perttuli-Pentti-Standaari-16-9-2014-723x1024.jpg 723w\" sizes=\"auto, (max-width: 1240px) 100vw, 1240px\" \/><\/a><figcaption id=\"caption-attachment-2199\" class=\"wp-caption-text\">Rukaj\u00e4rven suunnan historiayhdistys luovutti 16.9.2014 veteraani Pentti Perttulille teoksen Raappanan Nyrkki ja yhdistyksen standaarin. Kuva Raine Narva.<\/figcaption><\/figure>\n<p>Teoksen kansilehdell\u00e4 ovat lahjoituksen antaneiden, kirjan kirjoittaja Tauno Oksasen nimen lis\u00e4ksi historiatoimikunnan puheenjohtaja Ari Komulaisen nimi. Yhdistyksemme edelt\u00e4j\u00e4n Rukaj\u00e4rven suunnan historiikkitoimikuntaan v. 2008 valittujen professori Martti Soikkelin ja Tenho Tikkasen nimet, sek\u00e4 Rukaj\u00e4rven suunnan historiayhdistyksen allekirjoitus ja lis\u00e4ksi tilaisuuteen osallistuneiden Varpu Tikkasen ja Raine Narvan nimet.<\/p>\n<figure id=\"attachment_2197\" aria-describedby=\"caption-attachment-2197\" style=\"width: 1754px\" class=\"wp-caption alignnone\"><a href=\"http:\/\/www.rukajarvensuunnanhistoriayhdistys.fi\/historiayhdistys\/wp-content\/uploads\/2014\/09\/Perttuli-Pentti-Standaari-16-9-2014-kaikki.jpg\"><img loading=\"lazy\" decoding=\"async\" class=\"wp-image-2197 size-full\" src=\"http:\/\/www.rukajarvensuunnanhistoriayhdistys.fi\/historiayhdistys\/wp-content\/uploads\/2014\/09\/Perttuli-Pentti-Standaari-16-9-2014-kaikki.jpg\" alt=\"Pentti Perttulia tervehtim\u00e4ss\u00e4 Laitilan veljeskodissa 16.9.2014, Pentti Perttuli vieress\u00e4 puheenjohtaja Tenho Tikkanen, seisomassa Martti Soikkeli, Varpu Tikkanen ja Raine Narva. Raine Narvan is\u00e4 toimi Rukaj\u00e4rvell\u00e4 TK-kuvaajana ja osallistui Perttulin kanssa vuoden 1942 alussa mm. Muurmannin radan partioretkelle.\" width=\"1754\" height=\"1240\" data-id=\"2197\" srcset=\"http:\/\/www.rukajarvensuunnanhistoriayhdistys.fi\/historiayhdistys\/wp-content\/uploads\/2014\/09\/Perttuli-Pentti-Standaari-16-9-2014-kaikki.jpg 1754w, http:\/\/www.rukajarvensuunnanhistoriayhdistys.fi\/historiayhdistys\/wp-content\/uploads\/2014\/09\/Perttuli-Pentti-Standaari-16-9-2014-kaikki-300x212.jpg 300w, http:\/\/www.rukajarvensuunnanhistoriayhdistys.fi\/historiayhdistys\/wp-content\/uploads\/2014\/09\/Perttuli-Pentti-Standaari-16-9-2014-kaikki-1024x723.jpg 1024w\" sizes=\"auto, (max-width: 1754px) 100vw, 1754px\" \/><\/a><figcaption id=\"caption-attachment-2197\" class=\"wp-caption-text\">Pentti Perttulia tervehtim\u00e4ss\u00e4 Laitilan veljeskodissa 16.9.2014, Pentti Perttuli vieress\u00e4 puheenjohtaja Tenho Tikkanen, seisomassa Martti Soikkeli, Varpu Tikkanen ja Raine Narva. Raine Narvan is\u00e4 Toivo V. Narva toimi Rukaj\u00e4rvell\u00e4 TK-kuvaajana ja osallistui Perttulin kanssa mm. vuoden 1942 alussa mm. Muurmannin radan partioretkelle.<\/figcaption><\/figure>\n<p>Pentti Perttuli otti teoksen Raappanan Nyrkki vastaan kiitt\u00e4en teoksen kirjoittajaa, aineiston kokoajia ja\u00a0historiayhdistyst\u00e4 saamastaan\u00a0huomionosoituksesta.<\/p>\n<p>Vierailun yhteydess\u00e4 katsottiin yhdess\u00e4\u00a0internetin kautta &#8221;Kansalaisjuhlasta 70 vuotta Jatkosodan p\u00e4\u00e4ttymisest\u00e4&#8221; julkaistuja tv-dokumentteja.<\/p>\n<figure id=\"attachment_2203\" aria-describedby=\"caption-attachment-2203\" style=\"width: 1754px\" class=\"wp-caption alignnone\"><a href=\"http:\/\/www.rukajarvensuunnanhistoriayhdistys.fi\/historiayhdistys\/wp-content\/uploads\/2014\/09\/Perttuli-Pentti-Standaari-16-9-2014-3-TT.jpg\"><img loading=\"lazy\" decoding=\"async\" class=\"wp-image-2203 size-full\" src=\"http:\/\/www.rukajarvensuunnanhistoriayhdistys.fi\/historiayhdistys\/wp-content\/uploads\/2014\/09\/Perttuli-Pentti-Standaari-16-9-2014-3-TT.jpg\" alt=\"Viel\u00e4 on kaksi Kevytosaston veteraania, Pentti Perttuli (13.3.1916) ja Tauno Tikkanen (s.10.3.1916), katsoi TV 2:n ajankohtaisohjelmaa Kansalaisjuhlasta 70 vuotta Jatkosodan p\u00e4\u00e4ttymisest\u00e4. \" width=\"1754\" height=\"1240\" data-id=\"2203\" srcset=\"http:\/\/www.rukajarvensuunnanhistoriayhdistys.fi\/historiayhdistys\/wp-content\/uploads\/2014\/09\/Perttuli-Pentti-Standaari-16-9-2014-3-TT.jpg 1754w, http:\/\/www.rukajarvensuunnanhistoriayhdistys.fi\/historiayhdistys\/wp-content\/uploads\/2014\/09\/Perttuli-Pentti-Standaari-16-9-2014-3-TT-300x212.jpg 300w, http:\/\/www.rukajarvensuunnanhistoriayhdistys.fi\/historiayhdistys\/wp-content\/uploads\/2014\/09\/Perttuli-Pentti-Standaari-16-9-2014-3-TT-1024x723.jpg 1024w\" sizes=\"auto, (max-width: 1754px) 100vw, 1754px\" \/><\/a><figcaption id=\"caption-attachment-2203\" class=\"wp-caption-text\">Viel\u00e4 on kaksi Kevytosaston veteraania, Pentti Perttuli (13.3.1916) ja Tauno Tikkanen (s.10.3.1916). Perttuli \u00a0katsoo TV 2:n ajankohtaisohjelmaa Kansalaisjuhlasta 70 vuotta Jatkosodan p\u00e4\u00e4ttymisest\u00e4, jonka Juhlajunan matkalle ja Lieksan p\u00e4\u00e4juhlaan Tauno Tikkanen osallistui. Kuva Raine Narva.<\/figcaption><\/figure>\n<figure id=\"attachment_2201\" aria-describedby=\"caption-attachment-2201\" style=\"width: 1754px\" class=\"wp-caption alignnone\"><a href=\"http:\/\/www.rukajarvensuunnanhistoriayhdistys.fi\/historiayhdistys\/wp-content\/uploads\/2014\/09\/Perttuli-Pentti-Standaari-16-9-2014-3-EK.jpg\"><img loading=\"lazy\" decoding=\"async\" class=\"wp-image-2201 size-full\" src=\"http:\/\/www.rukajarvensuunnanhistoriayhdistys.fi\/historiayhdistys\/wp-content\/uploads\/2014\/09\/Perttuli-Pentti-Standaari-16-9-2014-3-EK.jpg\" alt=\"Kaksi Rukaj\u00e4rven suunnan veteraania Pentti Perttuli (13.3.1916) ja Ermei Kanninen (19.10.1922), molemmat yhdistyksemme perustajaj\u00e4seni\u00e4, TV 2:n ajankohtaisohjelmassa Kansalaisjuhlasta 70 vuotta Jatkosodan p\u00e4\u00e4ttymisest\u00e4. \" width=\"1754\" height=\"1240\" data-id=\"2201\" srcset=\"http:\/\/www.rukajarvensuunnanhistoriayhdistys.fi\/historiayhdistys\/wp-content\/uploads\/2014\/09\/Perttuli-Pentti-Standaari-16-9-2014-3-EK.jpg 1754w, http:\/\/www.rukajarvensuunnanhistoriayhdistys.fi\/historiayhdistys\/wp-content\/uploads\/2014\/09\/Perttuli-Pentti-Standaari-16-9-2014-3-EK-300x212.jpg 300w, http:\/\/www.rukajarvensuunnanhistoriayhdistys.fi\/historiayhdistys\/wp-content\/uploads\/2014\/09\/Perttuli-Pentti-Standaari-16-9-2014-3-EK-1024x723.jpg 1024w\" sizes=\"auto, (max-width: 1754px) 100vw, 1754px\" \/><\/a><figcaption id=\"caption-attachment-2201\" class=\"wp-caption-text\">Kaksi Rukaj\u00e4rven suunnan veteraania Pentti Perttuli (13.3.1916) ja Ermei Kanninen (19.10.1922), molemmat yhdistyksemme perustajaj\u00e4seni\u00e4, Kanninen TV 2:n ajankohtaisohjelmassa Kansalaisjuhlasta 70 vuotta Jatkosodan p\u00e4\u00e4ttymisest\u00e4. Kuva Raine Narva.<\/figcaption><\/figure>\n<figure id=\"attachment_2202\" aria-describedby=\"caption-attachment-2202\" style=\"width: 1754px\" class=\"wp-caption alignnone\"><a href=\"http:\/\/www.rukajarvensuunnanhistoriayhdistys.fi\/historiayhdistys\/wp-content\/uploads\/2014\/09\/Perttuli-Pentti-Standaari-16-9-2014-3-TO.jpg\"><img loading=\"lazy\" decoding=\"async\" class=\"wp-image-2202 size-full\" src=\"http:\/\/www.rukajarvensuunnanhistoriayhdistys.fi\/historiayhdistys\/wp-content\/uploads\/2014\/09\/Perttuli-Pentti-Standaari-16-9-2014-3-TO.jpg\" alt=\"Kevytosaston veteraania, Pentti Perttuli (13.3.1916) Tauno Oksanen, kirjan kirjoittaja TV 2:n ajankohtaisohjelmassa Kansalaisjuhlasta 70 vuotta Jatkosodan p\u00e4\u00e4ttymisest\u00e4. \" width=\"1754\" height=\"1240\" data-id=\"2202\" srcset=\"http:\/\/www.rukajarvensuunnanhistoriayhdistys.fi\/historiayhdistys\/wp-content\/uploads\/2014\/09\/Perttuli-Pentti-Standaari-16-9-2014-3-TO.jpg 1754w, http:\/\/www.rukajarvensuunnanhistoriayhdistys.fi\/historiayhdistys\/wp-content\/uploads\/2014\/09\/Perttuli-Pentti-Standaari-16-9-2014-3-TO-300x212.jpg 300w, http:\/\/www.rukajarvensuunnanhistoriayhdistys.fi\/historiayhdistys\/wp-content\/uploads\/2014\/09\/Perttuli-Pentti-Standaari-16-9-2014-3-TO-1024x723.jpg 1024w\" sizes=\"auto, (max-width: 1754px) 100vw, 1754px\" \/><\/a><figcaption id=\"caption-attachment-2202\" class=\"wp-caption-text\">Kevytosaston veteraania, Pentti Perttuli (13.3.1916) ja Tauno Oksanen, kirjan kirjoittaja TV 2:n ajankohtaisohjelmassa Kansalaisjuhlasta 70 vuotta Jatkosodan p\u00e4\u00e4ttymisest\u00e4. Kuva Raine Narva.<\/figcaption><\/figure>\n<h1>Lahjoitus Tapio Perttulille<\/h1>\n<p>Yhdistyksemme luovutti kirjan my\u00f6s Pentti Perttulin pojalle Tapio Perttulille ja Tapion puolisolle Ailalle, jotka ovat sijoittaneet\u00a0kaiken\u00a0Pentti Perttulin\u00a0ker\u00e4\u00e4m\u00e4n aineiston esille perinnehuoneeseen upealla tavalla. Esill\u00e4 ovat Pentti Perttulin alkuper\u00e4iset kunniakirjat, laaja Rukaj\u00e4rven suunnan kirjasto, ja koko alkuper\u00e4inen esineist\u00f6. Perinnehuoneessa voi katsoa Pentti Perttulin antamia haastatteluja videodokumentteja ajanmukaisilta n\u00e4ytt\u00f6tauluilta, suurikokoiselta tv-ruudulta ja videotaululta.<\/p>\n<p>Esineist\u00f6 on sijoitettu huoneeseen, jossa Pentti Perttuli piti sodanj\u00e4lkeiset vuodet vierailleen tunnetuksi tulleita perusteellisia selvityksi\u00e4\u00e4n ja josta k\u00e4sin h\u00e4n johti Rukaj\u00e4rven suunnan 15.6.1986 Nurmeksessa k\u00e4ynnist\u00e4m\u00e4\u00e4 historiikkitoimikunnan ty\u00f6t\u00e4.<\/p>\n<p>Luovutuspuheessaan Tikkanen lausui Tapio Perttulille, ett\u00e4 yhdistyksen standaarin luovuttamisella haluamme kiitt\u00e4\u00e4 Tapio ja Aila Perttulia heid\u00e4n Rukaj\u00e4rven suunnan perinnety\u00f6n hyv\u00e4ksi tekem\u00e4st\u00e4\u00e4n ty\u00f6st\u00e4 ja yhdistykselle aiemmin\u00a0tekemist\u00e4\u00e4n merkitt\u00e4vist\u00e4 lahjoituksista.<\/p>\n<figure id=\"attachment_2198\" aria-describedby=\"caption-attachment-2198\" style=\"width: 1240px\" class=\"wp-caption alignnone\"><a href=\"http:\/\/www.rukajarvensuunnanhistoriayhdistys.fi\/historiayhdistys\/wp-content\/uploads\/2014\/09\/Perttuli-Tapio-16-9-2014.jpg\"><img loading=\"lazy\" decoding=\"async\" class=\"wp-image-2198 size-full\" src=\"http:\/\/www.rukajarvensuunnanhistoriayhdistys.fi\/historiayhdistys\/wp-content\/uploads\/2014\/09\/Perttuli-Tapio-16-9-2014.jpg\" alt=\"RSHY luovutti 16.9.2014 Tapio Perttulille Raappanan Nyrkki teoksen sek\u00e4 yhdistyksen standaarin.\" width=\"1240\" height=\"1754\" data-id=\"2198\" srcset=\"http:\/\/www.rukajarvensuunnanhistoriayhdistys.fi\/historiayhdistys\/wp-content\/uploads\/2014\/09\/Perttuli-Tapio-16-9-2014.jpg 1240w, http:\/\/www.rukajarvensuunnanhistoriayhdistys.fi\/historiayhdistys\/wp-content\/uploads\/2014\/09\/Perttuli-Tapio-16-9-2014-212x300.jpg 212w, http:\/\/www.rukajarvensuunnanhistoriayhdistys.fi\/historiayhdistys\/wp-content\/uploads\/2014\/09\/Perttuli-Tapio-16-9-2014-723x1024.jpg 723w\" sizes=\"auto, (max-width: 1240px) 100vw, 1240px\" \/><\/a><figcaption id=\"caption-attachment-2198\" class=\"wp-caption-text\">RSHY luovutti 16.9.2014 Tapio Perttulille Raappanan Nyrkki teoksen sek\u00e4 yhdistyksen standaarin. Kuvassa n\u00e4kyv\u00e4t Pentti Perttulin Rukaj\u00e4rven tie elokuvastakin tutuksi tulleet saappaat, joita h\u00e4n k\u00e4ytti Repolan Lieksaj\u00e4rven ymp\u00e4ri tekem\u00e4ll\u00e4\u00e4n partiomatkalla 8.-11.7.1941. Kuvassa n\u00e4kyy my\u00f6s Pentti Perttulin jo sota-aikana tekem\u00e4st\u00e4 kahdesta albumista yhdistyksemme valmistama 120 sivuinen kirja &#8221;Pentti Perttuli Rukaj\u00e4rven suunnalla.&#8221; Kuvan vasemmassa reunassa on Perttulin polkupy\u00f6r\u00e4. Kuva Raine Narva.<\/figcaption><\/figure>\n<h1>Yhdistyksen lahjoitus S\u00e4kyl\u00e4n Talvi- ja Jatkosotamuseolle<\/h1>\n<p>Pentti Perttuli on ollut tukemassa S\u00e4kyl\u00e4n Talvi- ja Jatkosotamuseon perustamista ja on museon kummi. Yhdistys luovutti Raappanan nyrkki teoksen ja standaarin my\u00f6s tuohon Pentti Perttulille kovin t\u00e4rke\u00e4ksi paikaksi muodostuneelle museolle.\u00a0\u00a0Lahjoituksen otti vastaan museon perustaja museonhoitaja, sotakamreeri\u00a0Ilpo Nurmi.<\/p>\n<figure id=\"attachment_2204\" aria-describedby=\"caption-attachment-2204\" style=\"width: 1240px\" class=\"wp-caption alignnone\"><a href=\"http:\/\/www.rukajarvensuunnanhistoriayhdistys.fi\/historiayhdistys\/wp-content\/uploads\/2014\/09\/Ilpo-Nurmi-S\u00e4kyl\u00e4-16-9-2014.jpg\"><img loading=\"lazy\" decoding=\"async\" class=\"wp-image-2204 size-full\" src=\"http:\/\/www.rukajarvensuunnanhistoriayhdistys.fi\/historiayhdistys\/wp-content\/uploads\/2014\/09\/Ilpo-Nurmi-S\u00e4kyl\u00e4-16-9-2014.jpg\" alt=\"S\u00e4kyl\u00e4n Talvi- ja Jatkosotamuseonhoitaja Ilpo Nurmi, puheenjohtaja Tenho Tikkanen ja Tapio Perttuli luovuttamssa Rappanan Nyrkki teosta ja yhdistyksen standaaria.\" width=\"1240\" height=\"1754\" data-id=\"2204\" srcset=\"http:\/\/www.rukajarvensuunnanhistoriayhdistys.fi\/historiayhdistys\/wp-content\/uploads\/2014\/09\/Ilpo-Nurmi-S\u00e4kyl\u00e4-16-9-2014.jpg 1240w, http:\/\/www.rukajarvensuunnanhistoriayhdistys.fi\/historiayhdistys\/wp-content\/uploads\/2014\/09\/Ilpo-Nurmi-S\u00e4kyl\u00e4-16-9-2014-212x300.jpg 212w, http:\/\/www.rukajarvensuunnanhistoriayhdistys.fi\/historiayhdistys\/wp-content\/uploads\/2014\/09\/Ilpo-Nurmi-S\u00e4kyl\u00e4-16-9-2014-723x1024.jpg 723w\" sizes=\"auto, (max-width: 1240px) 100vw, 1240px\" \/><\/a><figcaption id=\"caption-attachment-2204\" class=\"wp-caption-text\">S\u00e4kyl\u00e4n Talvi- ja Jatkosotamuseonhoitaja Ilpo Nurmi, puheenjohtaja Tenho Tikkanen ja Tapio Perttuli luovuttamssa Rappanan Nyrkki teosta ja yhdistyksen standaaria. Kuva Raine Narva.<\/figcaption><\/figure>\n<p>Museossa on Pentti Perttulin saappaat, joita h\u00e4n k\u00e4ytti\u00a0Rukaj\u00e4rvell\u00e4 Repolan Lieksaj\u00e4rven ymp\u00e4ri suuntautuneella partiomatkalla\u00a0aivan Jatkosodan alussa 1941. Lis\u00e4ksi siell\u00e4 on Perttulin\u00a0Jatkosodan aikana k\u00e4ytt\u00e4m\u00e4 polkupy\u00f6r\u00e4 ja muutakin esineist\u00f6\u00e4.<\/p>\n<p>Raappanan Nyrkki kirja tulee S\u00e4kyl\u00e4n Talvi- ja Jatkosotamuseon myyntiin.<\/p>\n<p>Linkki: <a href=\"http:\/\/www.sakylantalvijajatkosotamuseo.fi\/default2.asp?active_page_id=1\">http:\/\/www.sakylantalvijajatkosotamuseo.fi\/default2.asp?active_page_id=1<\/a><\/p>\n<p>&nbsp;<\/p>\n","protected":false},"excerpt":{"rendered":"<p>Yhdistyksen edustajat k\u00e4viv\u00e4t 16.9.2014 Laitilan veljeskodissa\u00a0tervehtim\u00e4ss\u00e4 kunnioitettua Rukaj\u00e4rven veteraania Pentti Perttulia. H\u00e4nelle luovutettiin juuri ilmestynyt Tauno Oksasen kirjoittama Kevytosasto 2:n joukko-osastohistoria RAAPPANAN NYRKKKI\u00a0ja\u00a0yhdistyksen standaari. Teoksen kansilehdell\u00e4 ovat lahjoituksen antaneiden, kirjan <a class=\"more-link\" href=\"http:\/\/www.rukajarvensuunnanhistoriayhdistys.fi\/historiayhdistys\/pentti-perttuli-kiittaa-huomionosoituksesta-16-9-2014\/\">Teksti jatkuu&#8230;<span class=\"screen-reader-text\">Pentti Perttuli kiitt\u00e4\u00e4 huomionosoituksesta 16.9.2014<\/span><span class=\"meta-nav\">\u2192<\/span><\/a><\/p>\n","protected":false},"author":3,"featured_media":2199,"comment_status":"closed","ping_status":"open","sticky":false,"template":"","format":"standard","meta":{"footnotes":""},"categories":[21],"tags":[],"class_list":["post-2187","post","type-post","status-publish","format-standard","has-post-thumbnail","hentry","category-rukajarvi-keskus"],"yoast_head":"<!-- This site is optimized with the Yoast SEO plugin v27.4 - https:\/\/yoast.com\/product\/yoast-seo-wordpress\/ -->\n<title>Pentti Perttuli kiitt\u00e4\u00e4 huomionosoituksesta 16.9.2014 - Rukaj\u00e4rven suunnan historiayhdistys<\/title>\n<meta name=\"robots\" content=\"index, follow, max-snippet:-1, max-image-preview:large, max-video-preview:-1\" \/>\n<link rel=\"canonical\" href=\"https:\/\/www.rukajarvensuunnanhistoriayhdistys.fi\/historiayhdistys\/pentti-perttuli-kiittaa-huomionosoituksesta-16-9-2014\/\" \/>\n<meta property=\"og:locale\" content=\"fi_FI\" \/>\n<meta property=\"og:type\" content=\"article\" \/>\n<meta property=\"og:title\" content=\"Pentti Perttuli kiitt\u00e4\u00e4 huomionosoituksesta 16.9.2014 - Rukaj\u00e4rven suunnan historiayhdistys\" \/>\n<meta property=\"og:description\" content=\"Yhdistyksen edustajat k\u00e4viv\u00e4t 16.9.2014 Laitilan veljeskodissa\u00a0tervehtim\u00e4ss\u00e4 kunnioitettua Rukaj\u00e4rven veteraania Pentti Perttulia. H\u00e4nelle luovutettiin juuri ilmestynyt Tauno Oksasen kirjoittama Kevytosasto 2:n joukko-osastohistoria RAAPPANAN NYRKKKI\u00a0ja\u00a0yhdistyksen standaari. Teoksen kansilehdell\u00e4 ovat lahjoituksen antaneiden, kirjan Teksti jatkuu...Pentti Perttuli kiitt\u00e4\u00e4 huomionosoituksesta 16.9.2014\u2192\" \/>\n<meta property=\"og:url\" content=\"https:\/\/www.rukajarvensuunnanhistoriayhdistys.fi\/historiayhdistys\/pentti-perttuli-kiittaa-huomionosoituksesta-16-9-2014\/\" \/>\n<meta property=\"og:site_name\" content=\"Rukaj\u00e4rven suunnan historiayhdistys\" \/>\n<meta property=\"article:published_time\" content=\"2014-09-18T07:54:14+00:00\" \/>\n<meta property=\"article:modified_time\" content=\"2014-09-19T17:17:03+00:00\" \/>\n<meta property=\"og:image\" content=\"https:\/\/www.rukajarvensuunnanhistoriayhdistys.fi\/historiayhdistys\/wp-content\/uploads\/2014\/09\/Perttuli-Pentti-Standaari-16-9-2014.jpg\" \/>\n\t<meta property=\"og:image:width\" content=\"1240\" \/>\n\t<meta property=\"og:image:height\" content=\"1754\" \/>\n\t<meta property=\"og:image:type\" content=\"image\/jpeg\" \/>\n<meta name=\"author\" content=\"RSHY\" \/>\n<meta name=\"twitter:label1\" content=\"Kirjoittanut\" \/>\n\t<meta name=\"twitter:data1\" content=\"RSHY\" \/>\n\t<meta name=\"twitter:label2\" content=\"Arvioitu lukuaika\" \/>\n\t<meta name=\"twitter:data2\" content=\"3 minuuttia\" \/>\n<script type=\"application\/ld+json\" class=\"yoast-schema-graph\">{\"@context\":\"https:\\\/\\\/schema.org\",\"@graph\":[{\"@type\":\"Article\",\"@id\":\"https:\\\/\\\/www.rukajarvensuunnanhistoriayhdistys.fi\\\/historiayhdistys\\\/pentti-perttuli-kiittaa-huomionosoituksesta-16-9-2014\\\/#article\",\"isPartOf\":{\"@id\":\"https:\\\/\\\/www.rukajarvensuunnanhistoriayhdistys.fi\\\/historiayhdistys\\\/pentti-perttuli-kiittaa-huomionosoituksesta-16-9-2014\\\/\"},\"author\":{\"name\":\"RSHY\",\"@id\":\"http:\\\/\\\/www.rukajarvensuunnanhistoriayhdistys.fi\\\/historiayhdistys\\\/#\\\/schema\\\/person\\\/19de7db68bf72dfd2b5d7f6dfbf8454d\"},\"headline\":\"Pentti Perttuli kiitt\u00e4\u00e4 huomionosoituksesta 16.9.2014\",\"datePublished\":\"2014-09-18T07:54:14+00:00\",\"dateModified\":\"2014-09-19T17:17:03+00:00\",\"mainEntityOfPage\":{\"@id\":\"https:\\\/\\\/www.rukajarvensuunnanhistoriayhdistys.fi\\\/historiayhdistys\\\/pentti-perttuli-kiittaa-huomionosoituksesta-16-9-2014\\\/\"},\"wordCount\":643,\"publisher\":{\"@id\":\"http:\\\/\\\/www.rukajarvensuunnanhistoriayhdistys.fi\\\/historiayhdistys\\\/#organization\"},\"image\":{\"@id\":\"https:\\\/\\\/www.rukajarvensuunnanhistoriayhdistys.fi\\\/historiayhdistys\\\/pentti-perttuli-kiittaa-huomionosoituksesta-16-9-2014\\\/#primaryimage\"},\"thumbnailUrl\":\"http:\\\/\\\/www.rukajarvensuunnanhistoriayhdistys.fi\\\/historiayhdistys\\\/wp-content\\\/uploads\\\/2014\\\/09\\\/Perttuli-Pentti-Standaari-16-9-2014.jpg\",\"articleSection\":[\"Rukaj\u00e4rvi-keskus\"],\"inLanguage\":\"fi\"},{\"@type\":\"WebPage\",\"@id\":\"https:\\\/\\\/www.rukajarvensuunnanhistoriayhdistys.fi\\\/historiayhdistys\\\/pentti-perttuli-kiittaa-huomionosoituksesta-16-9-2014\\\/\",\"url\":\"https:\\\/\\\/www.rukajarvensuunnanhistoriayhdistys.fi\\\/historiayhdistys\\\/pentti-perttuli-kiittaa-huomionosoituksesta-16-9-2014\\\/\",\"name\":\"Pentti Perttuli kiitt\u00e4\u00e4 huomionosoituksesta 16.9.2014 - Rukaj\u00e4rven suunnan historiayhdistys\",\"isPartOf\":{\"@id\":\"http:\\\/\\\/www.rukajarvensuunnanhistoriayhdistys.fi\\\/historiayhdistys\\\/#website\"},\"primaryImageOfPage\":{\"@id\":\"https:\\\/\\\/www.rukajarvensuunnanhistoriayhdistys.fi\\\/historiayhdistys\\\/pentti-perttuli-kiittaa-huomionosoituksesta-16-9-2014\\\/#primaryimage\"},\"image\":{\"@id\":\"https:\\\/\\\/www.rukajarvensuunnanhistoriayhdistys.fi\\\/historiayhdistys\\\/pentti-perttuli-kiittaa-huomionosoituksesta-16-9-2014\\\/#primaryimage\"},\"thumbnailUrl\":\"http:\\\/\\\/www.rukajarvensuunnanhistoriayhdistys.fi\\\/historiayhdistys\\\/wp-content\\\/uploads\\\/2014\\\/09\\\/Perttuli-Pentti-Standaari-16-9-2014.jpg\",\"datePublished\":\"2014-09-18T07:54:14+00:00\",\"dateModified\":\"2014-09-19T17:17:03+00:00\",\"breadcrumb\":{\"@id\":\"https:\\\/\\\/www.rukajarvensuunnanhistoriayhdistys.fi\\\/historiayhdistys\\\/pentti-perttuli-kiittaa-huomionosoituksesta-16-9-2014\\\/#breadcrumb\"},\"inLanguage\":\"fi\",\"potentialAction\":[{\"@type\":\"ReadAction\",\"target\":[\"https:\\\/\\\/www.rukajarvensuunnanhistoriayhdistys.fi\\\/historiayhdistys\\\/pentti-perttuli-kiittaa-huomionosoituksesta-16-9-2014\\\/\"]}]},{\"@type\":\"ImageObject\",\"inLanguage\":\"fi\",\"@id\":\"https:\\\/\\\/www.rukajarvensuunnanhistoriayhdistys.fi\\\/historiayhdistys\\\/pentti-perttuli-kiittaa-huomionosoituksesta-16-9-2014\\\/#primaryimage\",\"url\":\"http:\\\/\\\/www.rukajarvensuunnanhistoriayhdistys.fi\\\/historiayhdistys\\\/wp-content\\\/uploads\\\/2014\\\/09\\\/Perttuli-Pentti-Standaari-16-9-2014.jpg\",\"contentUrl\":\"http:\\\/\\\/www.rukajarvensuunnanhistoriayhdistys.fi\\\/historiayhdistys\\\/wp-content\\\/uploads\\\/2014\\\/09\\\/Perttuli-Pentti-Standaari-16-9-2014.jpg\",\"width\":1240,\"height\":1754,\"caption\":\"Rukaj\u00e4rven suunnan historiayhdistys luovutti 16.9.2014 veteraani Pentti Perttulille teoksen Raappanan Nyrkki ja yhdistyksen standaarin.\"},{\"@type\":\"BreadcrumbList\",\"@id\":\"https:\\\/\\\/www.rukajarvensuunnanhistoriayhdistys.fi\\\/historiayhdistys\\\/pentti-perttuli-kiittaa-huomionosoituksesta-16-9-2014\\\/#breadcrumb\",\"itemListElement\":[{\"@type\":\"ListItem\",\"position\":1,\"name\":\"Etusivu\",\"item\":\"http:\\\/\\\/www.rukajarvensuunnanhistoriayhdistys.fi\\\/historiayhdistys\\\/\"},{\"@type\":\"ListItem\",\"position\":2,\"name\":\"Pentti Perttuli kiitt\u00e4\u00e4 huomionosoituksesta 16.9.2014\"}]},{\"@type\":\"WebSite\",\"@id\":\"http:\\\/\\\/www.rukajarvensuunnanhistoriayhdistys.fi\\\/historiayhdistys\\\/#website\",\"url\":\"http:\\\/\\\/www.rukajarvensuunnanhistoriayhdistys.fi\\\/historiayhdistys\\\/\",\"name\":\"Rukaj\u00e4rven suunnan historiayhdistys\",\"description\":\"Rukaj\u00e4rven suunnan historiayhdistyksen verkkosivut.\",\"publisher\":{\"@id\":\"http:\\\/\\\/www.rukajarvensuunnanhistoriayhdistys.fi\\\/historiayhdistys\\\/#organization\"},\"potentialAction\":[{\"@type\":\"SearchAction\",\"target\":{\"@type\":\"EntryPoint\",\"urlTemplate\":\"http:\\\/\\\/www.rukajarvensuunnanhistoriayhdistys.fi\\\/historiayhdistys\\\/?s={search_term_string}\"},\"query-input\":{\"@type\":\"PropertyValueSpecification\",\"valueRequired\":true,\"valueName\":\"search_term_string\"}}],\"inLanguage\":\"fi\"},{\"@type\":\"Organization\",\"@id\":\"http:\\\/\\\/www.rukajarvensuunnanhistoriayhdistys.fi\\\/historiayhdistys\\\/#organization\",\"name\":\"Rukaj\u00e4rven suunnan historiayhdistys\",\"url\":\"http:\\\/\\\/www.rukajarvensuunnanhistoriayhdistys.fi\\\/historiayhdistys\\\/\",\"logo\":{\"@type\":\"ImageObject\",\"inLanguage\":\"fi\",\"@id\":\"http:\\\/\\\/www.rukajarvensuunnanhistoriayhdistys.fi\\\/historiayhdistys\\\/#\\\/schema\\\/logo\\\/image\\\/\",\"url\":\"http:\\\/\\\/www.rukajarvensuunnanhistoriayhdistys.fi\\\/historiayhdistys\\\/wp-content\\\/uploads\\\/2013\\\/12\\\/Otsake_3.jpg\",\"contentUrl\":\"http:\\\/\\\/www.rukajarvensuunnanhistoriayhdistys.fi\\\/historiayhdistys\\\/wp-content\\\/uploads\\\/2013\\\/12\\\/Otsake_3.jpg\",\"width\":1000,\"height\":442,\"caption\":\"Rukaj\u00e4rven suunnan historiayhdistys\"},\"image\":{\"@id\":\"http:\\\/\\\/www.rukajarvensuunnanhistoriayhdistys.fi\\\/historiayhdistys\\\/#\\\/schema\\\/logo\\\/image\\\/\"}},{\"@type\":\"Person\",\"@id\":\"http:\\\/\\\/www.rukajarvensuunnanhistoriayhdistys.fi\\\/historiayhdistys\\\/#\\\/schema\\\/person\\\/19de7db68bf72dfd2b5d7f6dfbf8454d\",\"name\":\"RSHY\",\"image\":{\"@type\":\"ImageObject\",\"inLanguage\":\"fi\",\"@id\":\"https:\\\/\\\/secure.gravatar.com\\\/avatar\\\/598d59263a69cc8de65fcb4f9db78d6f58c098cb0e0ba22d73377441af9fa04c?s=96&d=blank&r=g\",\"url\":\"https:\\\/\\\/secure.gravatar.com\\\/avatar\\\/598d59263a69cc8de65fcb4f9db78d6f58c098cb0e0ba22d73377441af9fa04c?s=96&d=blank&r=g\",\"contentUrl\":\"https:\\\/\\\/secure.gravatar.com\\\/avatar\\\/598d59263a69cc8de65fcb4f9db78d6f58c098cb0e0ba22d73377441af9fa04c?s=96&d=blank&r=g\",\"caption\":\"RSHY\"},\"url\":\"http:\\\/\\\/www.rukajarvensuunnanhistoriayhdistys.fi\\\/historiayhdistys\\\/author\\\/rshy\\\/\"}]}<\/script>\n<!-- \/ Yoast SEO plugin. -->","yoast_head_json":{"title":"Pentti Perttuli kiitt\u00e4\u00e4 huomionosoituksesta 16.9.2014 - Rukaj\u00e4rven suunnan historiayhdistys","robots":{"index":"index","follow":"follow","max-snippet":"max-snippet:-1","max-image-preview":"max-image-preview:large","max-video-preview":"max-video-preview:-1"},"canonical":"https:\/\/www.rukajarvensuunnanhistoriayhdistys.fi\/historiayhdistys\/pentti-perttuli-kiittaa-huomionosoituksesta-16-9-2014\/","og_locale":"fi_FI","og_type":"article","og_title":"Pentti Perttuli kiitt\u00e4\u00e4 huomionosoituksesta 16.9.2014 - Rukaj\u00e4rven suunnan historiayhdistys","og_description":"Yhdistyksen edustajat k\u00e4viv\u00e4t 16.9.2014 Laitilan veljeskodissa\u00a0tervehtim\u00e4ss\u00e4 kunnioitettua Rukaj\u00e4rven veteraania Pentti Perttulia. H\u00e4nelle luovutettiin juuri ilmestynyt Tauno Oksasen kirjoittama Kevytosasto 2:n joukko-osastohistoria RAAPPANAN NYRKKKI\u00a0ja\u00a0yhdistyksen standaari. Teoksen kansilehdell\u00e4 ovat lahjoituksen antaneiden, kirjan Teksti jatkuu...Pentti Perttuli kiitt\u00e4\u00e4 huomionosoituksesta 16.9.2014\u2192","og_url":"https:\/\/www.rukajarvensuunnanhistoriayhdistys.fi\/historiayhdistys\/pentti-perttuli-kiittaa-huomionosoituksesta-16-9-2014\/","og_site_name":"Rukaj\u00e4rven suunnan historiayhdistys","article_published_time":"2014-09-18T07:54:14+00:00","article_modified_time":"2014-09-19T17:17:03+00:00","og_image":[{"width":1240,"height":1754,"url":"https:\/\/www.rukajarvensuunnanhistoriayhdistys.fi\/historiayhdistys\/wp-content\/uploads\/2014\/09\/Perttuli-Pentti-Standaari-16-9-2014.jpg","type":"image\/jpeg"}],"author":"RSHY","twitter_misc":{"Kirjoittanut":"RSHY","Arvioitu lukuaika":"3 minuuttia"},"schema":{"@context":"https:\/\/schema.org","@graph":[{"@type":"Article","@id":"https:\/\/www.rukajarvensuunnanhistoriayhdistys.fi\/historiayhdistys\/pentti-perttuli-kiittaa-huomionosoituksesta-16-9-2014\/#article","isPartOf":{"@id":"https:\/\/www.rukajarvensuunnanhistoriayhdistys.fi\/historiayhdistys\/pentti-perttuli-kiittaa-huomionosoituksesta-16-9-2014\/"},"author":{"name":"RSHY","@id":"http:\/\/www.rukajarvensuunnanhistoriayhdistys.fi\/historiayhdistys\/#\/schema\/person\/19de7db68bf72dfd2b5d7f6dfbf8454d"},"headline":"Pentti Perttuli kiitt\u00e4\u00e4 huomionosoituksesta 16.9.2014","datePublished":"2014-09-18T07:54:14+00:00","dateModified":"2014-09-19T17:17:03+00:00","mainEntityOfPage":{"@id":"https:\/\/www.rukajarvensuunnanhistoriayhdistys.fi\/historiayhdistys\/pentti-perttuli-kiittaa-huomionosoituksesta-16-9-2014\/"},"wordCount":643,"publisher":{"@id":"http:\/\/www.rukajarvensuunnanhistoriayhdistys.fi\/historiayhdistys\/#organization"},"image":{"@id":"https:\/\/www.rukajarvensuunnanhistoriayhdistys.fi\/historiayhdistys\/pentti-perttuli-kiittaa-huomionosoituksesta-16-9-2014\/#primaryimage"},"thumbnailUrl":"http:\/\/www.rukajarvensuunnanhistoriayhdistys.fi\/historiayhdistys\/wp-content\/uploads\/2014\/09\/Perttuli-Pentti-Standaari-16-9-2014.jpg","articleSection":["Rukaj\u00e4rvi-keskus"],"inLanguage":"fi"},{"@type":"WebPage","@id":"https:\/\/www.rukajarvensuunnanhistoriayhdistys.fi\/historiayhdistys\/pentti-perttuli-kiittaa-huomionosoituksesta-16-9-2014\/","url":"https:\/\/www.rukajarvensuunnanhistoriayhdistys.fi\/historiayhdistys\/pentti-perttuli-kiittaa-huomionosoituksesta-16-9-2014\/","name":"Pentti Perttuli kiitt\u00e4\u00e4 huomionosoituksesta 16.9.2014 - Rukaj\u00e4rven suunnan historiayhdistys","isPartOf":{"@id":"http:\/\/www.rukajarvensuunnanhistoriayhdistys.fi\/historiayhdistys\/#website"},"primaryImageOfPage":{"@id":"https:\/\/www.rukajarvensuunnanhistoriayhdistys.fi\/historiayhdistys\/pentti-perttuli-kiittaa-huomionosoituksesta-16-9-2014\/#primaryimage"},"image":{"@id":"https:\/\/www.rukajarvensuunnanhistoriayhdistys.fi\/historiayhdistys\/pentti-perttuli-kiittaa-huomionosoituksesta-16-9-2014\/#primaryimage"},"thumbnailUrl":"http:\/\/www.rukajarvensuunnanhistoriayhdistys.fi\/historiayhdistys\/wp-content\/uploads\/2014\/09\/Perttuli-Pentti-Standaari-16-9-2014.jpg","datePublished":"2014-09-18T07:54:14+00:00","dateModified":"2014-09-19T17:17:03+00:00","breadcrumb":{"@id":"https:\/\/www.rukajarvensuunnanhistoriayhdistys.fi\/historiayhdistys\/pentti-perttuli-kiittaa-huomionosoituksesta-16-9-2014\/#breadcrumb"},"inLanguage":"fi","potentialAction":[{"@type":"ReadAction","target":["https:\/\/www.rukajarvensuunnanhistoriayhdistys.fi\/historiayhdistys\/pentti-perttuli-kiittaa-huomionosoituksesta-16-9-2014\/"]}]},{"@type":"ImageObject","inLanguage":"fi","@id":"https:\/\/www.rukajarvensuunnanhistoriayhdistys.fi\/historiayhdistys\/pentti-perttuli-kiittaa-huomionosoituksesta-16-9-2014\/#primaryimage","url":"http:\/\/www.rukajarvensuunnanhistoriayhdistys.fi\/historiayhdistys\/wp-content\/uploads\/2014\/09\/Perttuli-Pentti-Standaari-16-9-2014.jpg","contentUrl":"http:\/\/www.rukajarvensuunnanhistoriayhdistys.fi\/historiayhdistys\/wp-content\/uploads\/2014\/09\/Perttuli-Pentti-Standaari-16-9-2014.jpg","width":1240,"height":1754,"caption":"Rukaj\u00e4rven suunnan historiayhdistys luovutti 16.9.2014 veteraani Pentti Perttulille teoksen Raappanan Nyrkki ja yhdistyksen standaarin."},{"@type":"BreadcrumbList","@id":"https:\/\/www.rukajarvensuunnanhistoriayhdistys.fi\/historiayhdistys\/pentti-perttuli-kiittaa-huomionosoituksesta-16-9-2014\/#breadcrumb","itemListElement":[{"@type":"ListItem","position":1,"name":"Etusivu","item":"http:\/\/www.rukajarvensuunnanhistoriayhdistys.fi\/historiayhdistys\/"},{"@type":"ListItem","position":2,"name":"Pentti Perttuli kiitt\u00e4\u00e4 huomionosoituksesta 16.9.2014"}]},{"@type":"WebSite","@id":"http:\/\/www.rukajarvensuunnanhistoriayhdistys.fi\/historiayhdistys\/#website","url":"http:\/\/www.rukajarvensuunnanhistoriayhdistys.fi\/historiayhdistys\/","name":"Rukaj\u00e4rven suunnan historiayhdistys","description":"Rukaj\u00e4rven suunnan historiayhdistyksen verkkosivut.","publisher":{"@id":"http:\/\/www.rukajarvensuunnanhistoriayhdistys.fi\/historiayhdistys\/#organization"},"potentialAction":[{"@type":"SearchAction","target":{"@type":"EntryPoint","urlTemplate":"http:\/\/www.rukajarvensuunnanhistoriayhdistys.fi\/historiayhdistys\/?s={search_term_string}"},"query-input":{"@type":"PropertyValueSpecification","valueRequired":true,"valueName":"search_term_string"}}],"inLanguage":"fi"},{"@type":"Organization","@id":"http:\/\/www.rukajarvensuunnanhistoriayhdistys.fi\/historiayhdistys\/#organization","name":"Rukaj\u00e4rven suunnan historiayhdistys","url":"http:\/\/www.rukajarvensuunnanhistoriayhdistys.fi\/historiayhdistys\/","logo":{"@type":"ImageObject","inLanguage":"fi","@id":"http:\/\/www.rukajarvensuunnanhistoriayhdistys.fi\/historiayhdistys\/#\/schema\/logo\/image\/","url":"http:\/\/www.rukajarvensuunnanhistoriayhdistys.fi\/historiayhdistys\/wp-content\/uploads\/2013\/12\/Otsake_3.jpg","contentUrl":"http:\/\/www.rukajarvensuunnanhistoriayhdistys.fi\/historiayhdistys\/wp-content\/uploads\/2013\/12\/Otsake_3.jpg","width":1000,"height":442,"caption":"Rukaj\u00e4rven suunnan historiayhdistys"},"image":{"@id":"http:\/\/www.rukajarvensuunnanhistoriayhdistys.fi\/historiayhdistys\/#\/schema\/logo\/image\/"}},{"@type":"Person","@id":"http:\/\/www.rukajarvensuunnanhistoriayhdistys.fi\/historiayhdistys\/#\/schema\/person\/19de7db68bf72dfd2b5d7f6dfbf8454d","name":"RSHY","image":{"@type":"ImageObject","inLanguage":"fi","@id":"https:\/\/secure.gravatar.com\/avatar\/598d59263a69cc8de65fcb4f9db78d6f58c098cb0e0ba22d73377441af9fa04c?s=96&d=blank&r=g","url":"https:\/\/secure.gravatar.com\/avatar\/598d59263a69cc8de65fcb4f9db78d6f58c098cb0e0ba22d73377441af9fa04c?s=96&d=blank&r=g","contentUrl":"https:\/\/secure.gravatar.com\/avatar\/598d59263a69cc8de65fcb4f9db78d6f58c098cb0e0ba22d73377441af9fa04c?s=96&d=blank&r=g","caption":"RSHY"},"url":"http:\/\/www.rukajarvensuunnanhistoriayhdistys.fi\/historiayhdistys\/author\/rshy\/"}]}},"_links":{"self":[{"href":"http:\/\/www.rukajarvensuunnanhistoriayhdistys.fi\/historiayhdistys\/wp-json\/wp\/v2\/posts\/2187","targetHints":{"allow":["GET"]}}],"collection":[{"href":"http:\/\/www.rukajarvensuunnanhistoriayhdistys.fi\/historiayhdistys\/wp-json\/wp\/v2\/posts"}],"about":[{"href":"http:\/\/www.rukajarvensuunnanhistoriayhdistys.fi\/historiayhdistys\/wp-json\/wp\/v2\/types\/post"}],"author":[{"embeddable":true,"href":"http:\/\/www.rukajarvensuunnanhistoriayhdistys.fi\/historiayhdistys\/wp-json\/wp\/v2\/users\/3"}],"replies":[{"embeddable":true,"href":"http:\/\/www.rukajarvensuunnanhistoriayhdistys.fi\/historiayhdistys\/wp-json\/wp\/v2\/comments?post=2187"}],"version-history":[{"count":4,"href":"http:\/\/www.rukajarvensuunnanhistoriayhdistys.fi\/historiayhdistys\/wp-json\/wp\/v2\/posts\/2187\/revisions"}],"predecessor-version":[{"id":2217,"href":"http:\/\/www.rukajarvensuunnanhistoriayhdistys.fi\/historiayhdistys\/wp-json\/wp\/v2\/posts\/2187\/revisions\/2217"}],"wp:featuredmedia":[{"embeddable":true,"href":"http:\/\/www.rukajarvensuunnanhistoriayhdistys.fi\/historiayhdistys\/wp-json\/wp\/v2\/media\/2199"}],"wp:attachment":[{"href":"http:\/\/www.rukajarvensuunnanhistoriayhdistys.fi\/historiayhdistys\/wp-json\/wp\/v2\/media?parent=2187"}],"wp:term":[{"taxonomy":"category","embeddable":true,"href":"http:\/\/www.rukajarvensuunnanhistoriayhdistys.fi\/historiayhdistys\/wp-json\/wp\/v2\/categories?post=2187"},{"taxonomy":"post_tag","embeddable":true,"href":"http:\/\/www.rukajarvensuunnanhistoriayhdistys.fi\/historiayhdistys\/wp-json\/wp\/v2\/tags?post=2187"}],"curies":[{"name":"wp","href":"https:\/\/api.w.org\/{rel}","templated":true}]}}