{"id":315,"date":"2014-01-09T17:58:42","date_gmt":"2014-01-09T15:58:42","guid":{"rendered":"http:\/\/www.rukajarvensuunnanhistoriayhdistys.fi\/historiayhdistys\/?p=315"},"modified":"2014-01-11T12:27:10","modified_gmt":"2014-01-11T10:27:10","slug":"iisalmen-rukajarvikeskuksen-valmistelut-kaynnistyivat","status":"publish","type":"post","link":"http:\/\/www.rukajarvensuunnanhistoriayhdistys.fi\/historiayhdistys\/iisalmen-rukajarvikeskuksen-valmistelut-kaynnistyivat\/","title":{"rendered":"Iisalmen Rukaj\u00e4rvikeskuksen valmistelut k\u00e4ynnistyiv\u00e4t"},"content":{"rendered":"<div class=\"fcbkbttn_buttons_block\" id=\"fcbkbttn_left\"><div class=\"fcbkbttn_like \"><fb:like href=\"http:\/\/www.rukajarvensuunnanhistoriayhdistys.fi\/historiayhdistys\/iisalmen-rukajarvikeskuksen-valmistelut-kaynnistyivat\/\" action=\"like\" colorscheme=\"light\" layout=\"button_count\"  size=\"small\"><\/fb:like><\/div><\/div><p>Haapaniemen Matkailun ja historiayhdistyksen edustajat k\u00e4viv\u00e4t tapaamassa Iisalmen kaupunginjohtoa ja kertoivat suunnitelmistaan keskuksen avaamiseksi.<\/p>\n<figure id=\"attachment_327\" aria-describedby=\"caption-attachment-327\" style=\"width: 4592px\" class=\"wp-caption alignnone\"><a href=\"http:\/\/www.rukajarvensuunnanhistoriayhdistys.fi\/historiayhdistys\/wp-content\/uploads\/2014\/01\/Iisalmi-Rukaj\u00e4rvikeskus-12-12-2013-A1.jpg\"><img loading=\"lazy\" decoding=\"async\" class=\"size-full wp-image-327\" alt=\"Iisalmen Rukaj\u00e4rvikeskus aloittaa toimintansa kuluvan vuoden maaliskuussa Iisalmen Seurahuoneella. Kuvassa yritt\u00e4j\u00e4perheen j\u00e4senet Reijo (hallituksen puheenjohtaja) ja Riikka-Leena )Lappalainen, Sanna-Riikka Nissinen (markkinointip\u00e4\u00e4llikk\u00f6), Juho-Pekka (vuorop\u00e4\u00e4llik\u00f6) ja Esa-Mikko Lappalainen, joka toimii hotellin johtajana.\" src=\"http:\/\/www.rukajarvensuunnanhistoriayhdistys.fi\/historiayhdistys\/wp-content\/uploads\/2014\/01\/Iisalmi-Rukaj\u00e4rvikeskus-12-12-2013-A1.jpg\" width=\"4592\" height=\"3056\" data-id=\"327\" srcset=\"http:\/\/www.rukajarvensuunnanhistoriayhdistys.fi\/historiayhdistys\/wp-content\/uploads\/2014\/01\/Iisalmi-Rukaj\u00e4rvikeskus-12-12-2013-A1.jpg 4592w, http:\/\/www.rukajarvensuunnanhistoriayhdistys.fi\/historiayhdistys\/wp-content\/uploads\/2014\/01\/Iisalmi-Rukaj\u00e4rvikeskus-12-12-2013-A1-300x199.jpg 300w, http:\/\/www.rukajarvensuunnanhistoriayhdistys.fi\/historiayhdistys\/wp-content\/uploads\/2014\/01\/Iisalmi-Rukaj\u00e4rvikeskus-12-12-2013-A1-1024x681.jpg 1024w\" sizes=\"auto, (max-width: 4592px) 100vw, 4592px\" \/><\/a><figcaption id=\"caption-attachment-327\" class=\"wp-caption-text\">Iisalmen Rukaj\u00e4rvikeskus aloittaa toimintansa kuluvan vuoden maaliskuussa Iisalmen Seurahuoneella. Kuvassa yritt\u00e4j\u00e4perheen j\u00e4senet Reijo (hallituksen puheenjohtaja) ja Riikka-Leena )Lappalainen, Sanna-Riikka Nissinen (markkinointip\u00e4\u00e4llikk\u00f6), Juho-Pekka (vuorop\u00e4\u00e4llik\u00f6) ja Esa-Mikko Lappalainen, joka toimii hotellin johtajana.<\/figcaption><\/figure>\n<p>Keskuksen toiminnan k\u00e4ynnist\u00e4\u00e4 opaskoulutus. Oppaat l\u00e4htev\u00e4t Lieksan keskukseen opintomatkalle heti tammikuun puoliv\u00e4lin j\u00e4lkeen. Kurssin johtajana toimii Risto Pehkonen.<\/p>\n<figure id=\"attachment_329\" aria-describedby=\"caption-attachment-329\" style=\"width: 4752px\" class=\"wp-caption alignnone\"><a href=\"http:\/\/www.rukajarvensuunnanhistoriayhdistys.fi\/historiayhdistys\/wp-content\/uploads\/2014\/01\/033-H\u00f6yryveturi-Lieksa-Jouko-Martiskainen1.jpg\"><img loading=\"lazy\" decoding=\"async\" class=\"size-full wp-image-329\" alt=\"Veteraanit saapuvat kuvan veturilla juhlaan. \" src=\"http:\/\/www.rukajarvensuunnanhistoriayhdistys.fi\/historiayhdistys\/wp-content\/uploads\/2014\/01\/033-H\u00f6yryveturi-Lieksa-Jouko-Martiskainen1.jpg\" width=\"4752\" height=\"3168\" data-id=\"329\" srcset=\"http:\/\/www.rukajarvensuunnanhistoriayhdistys.fi\/historiayhdistys\/wp-content\/uploads\/2014\/01\/033-H\u00f6yryveturi-Lieksa-Jouko-Martiskainen1.jpg 4752w, http:\/\/www.rukajarvensuunnanhistoriayhdistys.fi\/historiayhdistys\/wp-content\/uploads\/2014\/01\/033-H\u00f6yryveturi-Lieksa-Jouko-Martiskainen1-300x200.jpg 300w, http:\/\/www.rukajarvensuunnanhistoriayhdistys.fi\/historiayhdistys\/wp-content\/uploads\/2014\/01\/033-H\u00f6yryveturi-Lieksa-Jouko-Martiskainen1-1024x682.jpg 1024w\" sizes=\"auto, (max-width: 4752px) 100vw, 4752px\" \/><\/a><figcaption id=\"caption-attachment-329\" class=\"wp-caption-text\">Veteraanit saapuvat kuvan veturilla juhlaan. Veteraanijuhla j\u00e4rjestet\u00e4\u00e4n Lieksassa 5.9.2014. Aselepo Suomen ja neuvostoarmeijan v\u00e4lill\u00e4 solmittiin tarkalleen 70 vuotta sitten. Rukaj\u00e4rven tie nimettiin 2.11.2011 pidetyss\u00e4 kansalaisjuhlassa. Se alkaa Lieksan asemalta ja p\u00e4\u00e4ttyy Kivivaaraan. Kuva Jouko Martiskainen.<\/figcaption><\/figure>\n<figure id=\"attachment_326\" aria-describedby=\"caption-attachment-326\" style=\"width: 4592px\" class=\"wp-caption alignnone\"><a href=\"http:\/\/www.rukajarvensuunnanhistoriayhdistys.fi\/historiayhdistys\/wp-content\/uploads\/2014\/01\/DSC03360-Rukaj\u00e4rven-tie1.jpg\"><img loading=\"lazy\" decoding=\"async\" class=\"size-full wp-image-326\" alt=\"Rukaj\u00e4rven taistelujen muistomerkki pystytettiin Lieksan keskustaan v. 1966. T\u00e4m\u00e4 hanke k\u00e4ynnisti suunnan veteraanien perinnety\u00f6n.\" src=\"http:\/\/www.rukajarvensuunnanhistoriayhdistys.fi\/historiayhdistys\/wp-content\/uploads\/2014\/01\/DSC03360-Rukaj\u00e4rven-tie1.jpg\" width=\"4592\" height=\"3056\" data-id=\"326\" srcset=\"http:\/\/www.rukajarvensuunnanhistoriayhdistys.fi\/historiayhdistys\/wp-content\/uploads\/2014\/01\/DSC03360-Rukaj\u00e4rven-tie1.jpg 4592w, http:\/\/www.rukajarvensuunnanhistoriayhdistys.fi\/historiayhdistys\/wp-content\/uploads\/2014\/01\/DSC03360-Rukaj\u00e4rven-tie1-300x199.jpg 300w, http:\/\/www.rukajarvensuunnanhistoriayhdistys.fi\/historiayhdistys\/wp-content\/uploads\/2014\/01\/DSC03360-Rukaj\u00e4rven-tie1-1024x681.jpg 1024w\" sizes=\"auto, (max-width: 4592px) 100vw, 4592px\" \/><\/a><figcaption id=\"caption-attachment-326\" class=\"wp-caption-text\">Rukaj\u00e4rven taistelujen muistomerkki pystytettiin Lieksan keskustaan v. 1966. T\u00e4m\u00e4 hanke k\u00e4ynnisti suunnan veteraanien perinnety\u00f6n.<\/figcaption><\/figure>\n<p>&nbsp;<\/p>\n<figure id=\"attachment_325\" aria-describedby=\"caption-attachment-325\" style=\"width: 4592px\" class=\"wp-caption alignnone\"><a href=\"http:\/\/www.rukajarvensuunnanhistoriayhdistys.fi\/historiayhdistys\/wp-content\/uploads\/2014\/01\/DSC03358-Rukaj\u00e4rven-tie1.jpg\"><img loading=\"lazy\" decoding=\"async\" class=\"size-full wp-image-325\" alt=\"Raappana-Puiston Lieksassa vihki  k\u00e4ytt\u00f6\u00f6n  kenraalimajuri Sami Sihvo\" src=\"http:\/\/www.rukajarvensuunnanhistoriayhdistys.fi\/historiayhdistys\/wp-content\/uploads\/2014\/01\/DSC03358-Rukaj\u00e4rven-tie1.jpg\" width=\"4592\" height=\"3056\" data-id=\"325\" srcset=\"http:\/\/www.rukajarvensuunnanhistoriayhdistys.fi\/historiayhdistys\/wp-content\/uploads\/2014\/01\/DSC03358-Rukaj\u00e4rven-tie1.jpg 4592w, http:\/\/www.rukajarvensuunnanhistoriayhdistys.fi\/historiayhdistys\/wp-content\/uploads\/2014\/01\/DSC03358-Rukaj\u00e4rven-tie1-300x199.jpg 300w, http:\/\/www.rukajarvensuunnanhistoriayhdistys.fi\/historiayhdistys\/wp-content\/uploads\/2014\/01\/DSC03358-Rukaj\u00e4rven-tie1-1024x681.jpg 1024w\" sizes=\"auto, (max-width: 4592px) 100vw, 4592px\" \/><\/a><figcaption id=\"caption-attachment-325\" class=\"wp-caption-text\">Raappana-Puiston Lieksassa vihki k\u00e4ytt\u00f6\u00f6n kenraalimajuri Sami Sihvo 1.9.2007 pidetyss\u00e4 juhlassa. Puisto sijoittuu Rukaj\u00e4rven tien varrelle.<\/figcaption><\/figure>\n<p>&nbsp;<\/p>\n<figure id=\"attachment_324\" aria-describedby=\"caption-attachment-324\" style=\"width: 4592px\" class=\"wp-caption alignnone\"><a href=\"http:\/\/www.rukajarvensuunnanhistoriayhdistys.fi\/historiayhdistys\/wp-content\/uploads\/2014\/01\/DSC03346-Rukaj\u00e4rven-tie1.jpg\"><img loading=\"lazy\" decoding=\"async\" class=\"size-full wp-image-324\" alt=\"Rukaj\u00e4rven tie Julokan motin kohdalla v\u00e4h\u00e4\u00e4 ennen \u00c4m\u00e4k\u00e4isen Salpa-Etuasemia.\" src=\"http:\/\/www.rukajarvensuunnanhistoriayhdistys.fi\/historiayhdistys\/wp-content\/uploads\/2014\/01\/DSC03346-Rukaj\u00e4rven-tie1.jpg\" width=\"4592\" height=\"3056\" data-id=\"324\" srcset=\"http:\/\/www.rukajarvensuunnanhistoriayhdistys.fi\/historiayhdistys\/wp-content\/uploads\/2014\/01\/DSC03346-Rukaj\u00e4rven-tie1.jpg 4592w, http:\/\/www.rukajarvensuunnanhistoriayhdistys.fi\/historiayhdistys\/wp-content\/uploads\/2014\/01\/DSC03346-Rukaj\u00e4rven-tie1-300x199.jpg 300w, http:\/\/www.rukajarvensuunnanhistoriayhdistys.fi\/historiayhdistys\/wp-content\/uploads\/2014\/01\/DSC03346-Rukaj\u00e4rven-tie1-1024x681.jpg 1024w\" sizes=\"auto, (max-width: 4592px) 100vw, 4592px\" \/><\/a><figcaption id=\"caption-attachment-324\" class=\"wp-caption-text\">Opaaskurssi alkaa tutustumisk\u00e4ynnill\u00e4 Lieksan Rukaj\u00e4rvikeskukseen ja Rukaj\u00e4rven tielle. Kuva Lieksasta Rukaj\u00e4rven tielt\u00e4 Jukolan motin kohdalta, jossa toimi Jatkosodan aikana huolto- ja koulutuskeskus.<\/figcaption><\/figure>\n<p>Hyv\u00e4henkisess\u00e4 keskustelussa hankkeen toivottiin kasvattavan alueen matkailijam\u00e4\u00e4ri\u00e4 ja edist\u00e4v\u00e4n alueen ty\u00f6llisyytt\u00e4. Todettiin, ett\u00e4 Rukaj\u00e4rvikeskus yhdess\u00e4 Evakkokeskuksen ja Koljonvirran alueen Juhani Ahon museon, Iisalmen museon ja Suomen sodan kohteitten kanssa muodostaa poikkeuksellisen kokemuspaketin vaativallekin kulttuurimatkailijalle.<\/p>\n<p>Iisalmen historiakohteista Koljonvirta heilutteli Suomen kohtaloita jo kerran ja Rukaj\u00e4rven suunnan taistelujen erikoisuudet tunnetaan. Se oli ainut rintamalinja, Mustalta merelt\u00e4 J\u00e4\u00e4merelle, joka piti hy\u00f6kk\u00e4ysvaiheen asemansa sodan loppuun asti. Juuri t\u00e4llaisia erikoisuuksia oikein kuvaamalla saavutetaan kansainv\u00e4list\u00e4 merkitt\u00e4v\u00e4\u00e4 kiinnostusta, eritoten kun paikka on aivan valtav\u00e4yl\u00e4n ulottuvilla. Jatkosodan aselevosta Suomen ja neuvostoarmeijan v\u00e4lill\u00e4 tulee kuluneeksi t\u00e4n\u00e4 vuonna 70 vuotta.<\/p>\n<p>Iisalmen edullinen sijainti Suomen selv\u00e4sti vilkkaimman matkailijareitin eli viitostien varrella ja Ouluntien risteyksess\u00e4 antaa ohikulkevan liikennevirran ohjaamiseksi Iisalmen matkailukohteisiin hyv\u00e4t edellytykset.<\/p>\n<p>Neuvottelussa pidettiinkin hyvin t\u00e4rke\u00e4n\u00e4, ett\u00e4 tienvarsiopasteet tulisikin asentaa mahdollisimman pian keskeisimmille liikennev\u00e4ylille.<\/p>\n<p>Rukaj\u00e4rvikeskusten toivotaan nostavan esille Rukaj\u00e4rven suunnan joukkojen historiatietoa entist\u00e4kin laajemmin, jota keskuksiin ker\u00e4t\u00e4\u00e4n ja jota siell\u00e4 esitell\u00e4\u00e4n.<\/p>\n<p>Neuvottelutilaisuudessa historiayhdistys kertoi my\u00f6s tulevasta Lieksan veteraanijuhlasta ja siihen liittyvist\u00e4 valmisteluista. Veteraanijunan vierailu Yl\u00e4-Savossa ja Iisalmella virittikin varsin vilkkaan ja monipuolisen keskustelun ja hankkeen toteuttamiseksi syntyi useita hyvi\u00e4 ehdotuksia.<\/p>\n<p>Kaupunginjohdon mielest\u00e4 h\u00f6yryjuna pit\u00e4isi saada liikenn\u00f6im\u00e4\u00e4n Yl\u00e4-Savoon useamminkin kuin vain veteraanijuhlan aikoihin.<\/p>\n<h2>Mottitalkoot avuksi<\/h2>\n<p>Seurahuoneen markkinointip\u00e4\u00e4llik\u00f6n Sanna-Riikka Nissisen mielest\u00e4 h\u00f6yryveturin\u00a0toiminta veteraanijuhlaa varten\u00a0tulisi varmistaa suoritettavilla &#8221;mottitalkoilla&#8221; ja n\u00e4in saadut halot lahjoitettaisiin h\u00f6yryveturiyritt\u00e4j\u00e4lle, jonka tiedet\u00e4\u00e4n toimivan hyvin pitk\u00e4lle yleishy\u00f6dyllisess\u00e4 tarkoituksessa. Junayritt\u00e4j\u00e4 kouluttaa tulevia junankuljettajia ja pit\u00e4\u00e4 samalla perinnett\u00e4 yll\u00e4. Neuvottelussa esityst\u00e4 pidettiin eritt\u00e4in onnistuneena, koska &#8221;mottitalkoita&#8221; j\u00e4rjestettiin sota-aikanakin. Samalla n\u00e4htiin, ett\u00e4 n\u00e4in maakunta osallistuisi yhteistuumin oman alueensa kehitt\u00e4miseen.<\/p>\n<h2>Kotirintama osallistui mottitalkoisiin<\/h2>\n<p>Kotirintama osallistui moniin sodanajan huoltoteht\u00e4viin. Mottitalkoot koskettivat koko v\u00e4est\u00f6\u00e4 ja sodan\u00a0nuoret muistavat mottitalkoovelvoitteena tekem\u00e4ns\u00e4 ty\u00f6n. Rintamamiehet tekiv\u00e4t motteja ns. vapaa-aikanaan.<\/p>\n<figure id=\"attachment_332\" aria-describedby=\"caption-attachment-332\" style=\"width: 4931px\" class=\"wp-caption alignnone\"><a href=\"http:\/\/www.rukajarvensuunnanhistoriayhdistys.fi\/historiayhdistys\/wp-content\/uploads\/2014\/01\/114522-Eduskunnan-mottitalkoot-Puistolassa-1942-11-19.jpg\"><img loading=\"lazy\" decoding=\"async\" class=\"size-full wp-image-332\" alt=\"Eduskunnan mottitalkoot Puistolassa 19.11.1942. SA-kuva.\" src=\"http:\/\/www.rukajarvensuunnanhistoriayhdistys.fi\/historiayhdistys\/wp-content\/uploads\/2014\/01\/114522-Eduskunnan-mottitalkoot-Puistolassa-1942-11-19.jpg\" width=\"4931\" height=\"4961\" data-id=\"332\" srcset=\"http:\/\/www.rukajarvensuunnanhistoriayhdistys.fi\/historiayhdistys\/wp-content\/uploads\/2014\/01\/114522-Eduskunnan-mottitalkoot-Puistolassa-1942-11-19.jpg 4931w, http:\/\/www.rukajarvensuunnanhistoriayhdistys.fi\/historiayhdistys\/wp-content\/uploads\/2014\/01\/114522-Eduskunnan-mottitalkoot-Puistolassa-1942-11-19-150x150.jpg 150w, http:\/\/www.rukajarvensuunnanhistoriayhdistys.fi\/historiayhdistys\/wp-content\/uploads\/2014\/01\/114522-Eduskunnan-mottitalkoot-Puistolassa-1942-11-19-298x300.jpg 298w, http:\/\/www.rukajarvensuunnanhistoriayhdistys.fi\/historiayhdistys\/wp-content\/uploads\/2014\/01\/114522-Eduskunnan-mottitalkoot-Puistolassa-1942-11-19-1017x1024.jpg 1017w\" sizes=\"auto, (max-width: 4931px) 100vw, 4931px\" \/><\/a><figcaption id=\"caption-attachment-332\" class=\"wp-caption-text\">Eduskunnan mottitalkoot Puistolassa 19.11.1942. SA-kuva.<\/figcaption><\/figure>\n<p>My\u00f6s eduskunta osallistui mottitalkoisiin Helsingin Puistolassa. Yhdistyksen hallitus k\u00e4sittelee piakkoin Sanna-Riikka Nissisen ehdotusta mottitalkoiden j\u00e4rjest\u00e4misest\u00e4. N\u00e4in voivat kaikki osallistua juhlan onnistumiseen ja ilmaista kunnianosoituksensa koko veteraanisukupolvea kohtaan.<\/p>\n<figure id=\"attachment_362\" aria-describedby=\"caption-attachment-362\" style=\"width: 1131px\" class=\"wp-caption alignnone\"><a href=\"http:\/\/www.rukajarvensuunnanhistoriayhdistys.fi\/historiayhdistys\/wp-content\/uploads\/2014\/01\/N\u00e4yteikkuna.jpg\"><img loading=\"lazy\" decoding=\"async\" class=\"size-full wp-image-362\" alt=\"Helsinkil\u00e4inen n\u00e4yteakkuna, joka onnistuneesti mainostaa mottitalkoita 30.11.1942. SA-kuva.\" src=\"http:\/\/www.rukajarvensuunnanhistoriayhdistys.fi\/historiayhdistys\/wp-content\/uploads\/2014\/01\/N\u00e4yteikkuna.jpg\" width=\"1131\" height=\"1142\" data-id=\"362\" srcset=\"http:\/\/www.rukajarvensuunnanhistoriayhdistys.fi\/historiayhdistys\/wp-content\/uploads\/2014\/01\/N\u00e4yteikkuna.jpg 1131w, http:\/\/www.rukajarvensuunnanhistoriayhdistys.fi\/historiayhdistys\/wp-content\/uploads\/2014\/01\/N\u00e4yteikkuna-150x150.jpg 150w, http:\/\/www.rukajarvensuunnanhistoriayhdistys.fi\/historiayhdistys\/wp-content\/uploads\/2014\/01\/N\u00e4yteikkuna-297x300.jpg 297w, http:\/\/www.rukajarvensuunnanhistoriayhdistys.fi\/historiayhdistys\/wp-content\/uploads\/2014\/01\/N\u00e4yteikkuna-1014x1024.jpg 1014w\" sizes=\"auto, (max-width: 1131px) 100vw, 1131px\" \/><\/a><figcaption id=\"caption-attachment-362\" class=\"wp-caption-text\">Helsinkil\u00e4inen n\u00e4yteakkuna, joka onnistuneesti mainostaa mottitalkoita 30.11.1942. SA-kuva.<\/figcaption><\/figure>\n<p>Erinomainen idea, kymmenen pistett\u00e4.<\/p>\n","protected":false},"excerpt":{"rendered":"<p>Haapaniemen Matkailun ja historiayhdistyksen edustajat k\u00e4viv\u00e4t tapaamassa Iisalmen kaupunginjohtoa ja kertoivat suunnitelmistaan keskuksen avaamiseksi. Keskuksen toiminnan k\u00e4ynnist\u00e4\u00e4 opaskoulutus. Oppaat l\u00e4htev\u00e4t Lieksan keskukseen opintomatkalle heti tammikuun puoliv\u00e4lin j\u00e4lkeen. Kurssin johtajana toimii <a class=\"more-link\" href=\"http:\/\/www.rukajarvensuunnanhistoriayhdistys.fi\/historiayhdistys\/iisalmen-rukajarvikeskuksen-valmistelut-kaynnistyivat\/\">Teksti jatkuu&#8230;<span class=\"screen-reader-text\">Iisalmen Rukaj\u00e4rvikeskuksen valmistelut k\u00e4ynnistyiv\u00e4t<\/span><span class=\"meta-nav\">\u2192<\/span><\/a><\/p>\n","protected":false},"author":3,"featured_media":0,"comment_status":"closed","ping_status":"open","sticky":false,"template":"","format":"standard","meta":{"footnotes":""},"categories":[22,21,33,34],"tags":[],"class_list":["post-315","post","type-post","status-publish","format-standard","hentry","category-ajankohtaista","category-rukajarvi-keskus","category-rukajarvi-keskus-iisalmi","category-rukajarvi-keskus-lieksa"],"yoast_head":"<!-- This site is optimized with the Yoast SEO plugin v27.4 - https:\/\/yoast.com\/product\/yoast-seo-wordpress\/ -->\n<title>Iisalmen Rukaj\u00e4rvikeskuksen valmistelut k\u00e4ynnistyiv\u00e4t - Rukaj\u00e4rven suunnan historiayhdistys<\/title>\n<meta name=\"description\" content=\"Uutinen Rukaj\u00e4rvikeskuksen Iisalmen toimipisteen valmistelujen k\u00e4ynnistymisest\u00e4\" \/>\n<meta name=\"robots\" content=\"index, follow, max-snippet:-1, max-image-preview:large, max-video-preview:-1\" \/>\n<link rel=\"canonical\" href=\"http:\/\/www.rukajarvensuunnanhistoriayhdistys.fi\/historiayhdistys\/iisalmen-rukajarvikeskuksen-valmistelut-kaynnistyivat\/\" \/>\n<meta property=\"og:locale\" content=\"fi_FI\" \/>\n<meta property=\"og:type\" content=\"article\" \/>\n<meta property=\"og:title\" content=\"Iisalmen Rukaj\u00e4rvikeskuksen valmistelut k\u00e4ynnistyiv\u00e4t - Rukaj\u00e4rven suunnan historiayhdistys\" \/>\n<meta property=\"og:description\" content=\"Uutinen Rukaj\u00e4rvikeskuksen Iisalmen toimipisteen valmistelujen k\u00e4ynnistymisest\u00e4\" \/>\n<meta property=\"og:url\" content=\"http:\/\/www.rukajarvensuunnanhistoriayhdistys.fi\/historiayhdistys\/iisalmen-rukajarvikeskuksen-valmistelut-kaynnistyivat\/\" \/>\n<meta property=\"og:site_name\" content=\"Rukaj\u00e4rven suunnan historiayhdistys\" \/>\n<meta property=\"article:published_time\" content=\"2014-01-09T15:58:42+00:00\" \/>\n<meta property=\"article:modified_time\" content=\"2014-01-11T10:27:10+00:00\" \/>\n<meta property=\"og:image\" content=\"http:\/\/www.rukajarvensuunnanhistoriayhdistys.fi\/historiayhdistys\/wp-content\/uploads\/2014\/01\/114522-Eduskunnan-mottitalkoot-Puistolassa-1942-11-19.jpg\" \/>\n<meta name=\"author\" content=\"RSHY\" \/>\n<meta name=\"twitter:label1\" content=\"Kirjoittanut\" \/>\n\t<meta name=\"twitter:data1\" content=\"RSHY\" \/>\n\t<meta name=\"twitter:label2\" content=\"Arvioitu lukuaika\" \/>\n\t<meta name=\"twitter:data2\" content=\"3 minuuttia\" \/>\n<script type=\"application\/ld+json\" class=\"yoast-schema-graph\">{\"@context\":\"https:\\\/\\\/schema.org\",\"@graph\":[{\"@type\":\"Article\",\"@id\":\"http:\\\/\\\/www.rukajarvensuunnanhistoriayhdistys.fi\\\/historiayhdistys\\\/iisalmen-rukajarvikeskuksen-valmistelut-kaynnistyivat\\\/#article\",\"isPartOf\":{\"@id\":\"http:\\\/\\\/www.rukajarvensuunnanhistoriayhdistys.fi\\\/historiayhdistys\\\/iisalmen-rukajarvikeskuksen-valmistelut-kaynnistyivat\\\/\"},\"author\":{\"name\":\"RSHY\",\"@id\":\"http:\\\/\\\/www.rukajarvensuunnanhistoriayhdistys.fi\\\/historiayhdistys\\\/#\\\/schema\\\/person\\\/19de7db68bf72dfd2b5d7f6dfbf8454d\"},\"headline\":\"Iisalmen Rukaj\u00e4rvikeskuksen valmistelut k\u00e4ynnistyiv\u00e4t\",\"datePublished\":\"2014-01-09T15:58:42+00:00\",\"dateModified\":\"2014-01-11T10:27:10+00:00\",\"mainEntityOfPage\":{\"@id\":\"http:\\\/\\\/www.rukajarvensuunnanhistoriayhdistys.fi\\\/historiayhdistys\\\/iisalmen-rukajarvikeskuksen-valmistelut-kaynnistyivat\\\/\"},\"wordCount\":595,\"publisher\":{\"@id\":\"http:\\\/\\\/www.rukajarvensuunnanhistoriayhdistys.fi\\\/historiayhdistys\\\/#organization\"},\"image\":{\"@id\":\"http:\\\/\\\/www.rukajarvensuunnanhistoriayhdistys.fi\\\/historiayhdistys\\\/iisalmen-rukajarvikeskuksen-valmistelut-kaynnistyivat\\\/#primaryimage\"},\"thumbnailUrl\":\"http:\\\/\\\/www.rukajarvensuunnanhistoriayhdistys.fi\\\/historiayhdistys\\\/wp-content\\\/uploads\\\/2014\\\/01\\\/114522-Eduskunnan-mottitalkoot-Puistolassa-1942-11-19.jpg\",\"articleSection\":[\"Ajankohtaista\",\"Rukaj\u00e4rvi-keskus\",\"Rukaj\u00e4rvi-keskus \u2013 Kiuruvesi\",\"Rukaj\u00e4rvi-keskus \u2013 Lieksa\"],\"inLanguage\":\"fi\"},{\"@type\":\"WebPage\",\"@id\":\"http:\\\/\\\/www.rukajarvensuunnanhistoriayhdistys.fi\\\/historiayhdistys\\\/iisalmen-rukajarvikeskuksen-valmistelut-kaynnistyivat\\\/\",\"url\":\"http:\\\/\\\/www.rukajarvensuunnanhistoriayhdistys.fi\\\/historiayhdistys\\\/iisalmen-rukajarvikeskuksen-valmistelut-kaynnistyivat\\\/\",\"name\":\"Iisalmen Rukaj\u00e4rvikeskuksen valmistelut k\u00e4ynnistyiv\u00e4t - Rukaj\u00e4rven suunnan historiayhdistys\",\"isPartOf\":{\"@id\":\"http:\\\/\\\/www.rukajarvensuunnanhistoriayhdistys.fi\\\/historiayhdistys\\\/#website\"},\"primaryImageOfPage\":{\"@id\":\"http:\\\/\\\/www.rukajarvensuunnanhistoriayhdistys.fi\\\/historiayhdistys\\\/iisalmen-rukajarvikeskuksen-valmistelut-kaynnistyivat\\\/#primaryimage\"},\"image\":{\"@id\":\"http:\\\/\\\/www.rukajarvensuunnanhistoriayhdistys.fi\\\/historiayhdistys\\\/iisalmen-rukajarvikeskuksen-valmistelut-kaynnistyivat\\\/#primaryimage\"},\"thumbnailUrl\":\"http:\\\/\\\/www.rukajarvensuunnanhistoriayhdistys.fi\\\/historiayhdistys\\\/wp-content\\\/uploads\\\/2014\\\/01\\\/114522-Eduskunnan-mottitalkoot-Puistolassa-1942-11-19.jpg\",\"datePublished\":\"2014-01-09T15:58:42+00:00\",\"dateModified\":\"2014-01-11T10:27:10+00:00\",\"description\":\"Uutinen Rukaj\u00e4rvikeskuksen Iisalmen toimipisteen valmistelujen k\u00e4ynnistymisest\u00e4\",\"breadcrumb\":{\"@id\":\"http:\\\/\\\/www.rukajarvensuunnanhistoriayhdistys.fi\\\/historiayhdistys\\\/iisalmen-rukajarvikeskuksen-valmistelut-kaynnistyivat\\\/#breadcrumb\"},\"inLanguage\":\"fi\",\"potentialAction\":[{\"@type\":\"ReadAction\",\"target\":[\"http:\\\/\\\/www.rukajarvensuunnanhistoriayhdistys.fi\\\/historiayhdistys\\\/iisalmen-rukajarvikeskuksen-valmistelut-kaynnistyivat\\\/\"]}]},{\"@type\":\"ImageObject\",\"inLanguage\":\"fi\",\"@id\":\"http:\\\/\\\/www.rukajarvensuunnanhistoriayhdistys.fi\\\/historiayhdistys\\\/iisalmen-rukajarvikeskuksen-valmistelut-kaynnistyivat\\\/#primaryimage\",\"url\":\"http:\\\/\\\/www.rukajarvensuunnanhistoriayhdistys.fi\\\/historiayhdistys\\\/wp-content\\\/uploads\\\/2014\\\/01\\\/114522-Eduskunnan-mottitalkoot-Puistolassa-1942-11-19.jpg\",\"contentUrl\":\"http:\\\/\\\/www.rukajarvensuunnanhistoriayhdistys.fi\\\/historiayhdistys\\\/wp-content\\\/uploads\\\/2014\\\/01\\\/114522-Eduskunnan-mottitalkoot-Puistolassa-1942-11-19.jpg\",\"width\":4931,\"height\":4961,\"caption\":\"Eduskunnan mottitalkoot Puistolassa 19.11.1942. SA-kuva.\"},{\"@type\":\"BreadcrumbList\",\"@id\":\"http:\\\/\\\/www.rukajarvensuunnanhistoriayhdistys.fi\\\/historiayhdistys\\\/iisalmen-rukajarvikeskuksen-valmistelut-kaynnistyivat\\\/#breadcrumb\",\"itemListElement\":[{\"@type\":\"ListItem\",\"position\":1,\"name\":\"Etusivu\",\"item\":\"http:\\\/\\\/www.rukajarvensuunnanhistoriayhdistys.fi\\\/historiayhdistys\\\/\"},{\"@type\":\"ListItem\",\"position\":2,\"name\":\"Iisalmen Rukaj\u00e4rvikeskuksen valmistelut k\u00e4ynnistyiv\u00e4t\"}]},{\"@type\":\"WebSite\",\"@id\":\"http:\\\/\\\/www.rukajarvensuunnanhistoriayhdistys.fi\\\/historiayhdistys\\\/#website\",\"url\":\"http:\\\/\\\/www.rukajarvensuunnanhistoriayhdistys.fi\\\/historiayhdistys\\\/\",\"name\":\"Rukaj\u00e4rven suunnan historiayhdistys\",\"description\":\"Rukaj\u00e4rven suunnan historiayhdistyksen verkkosivut.\",\"publisher\":{\"@id\":\"http:\\\/\\\/www.rukajarvensuunnanhistoriayhdistys.fi\\\/historiayhdistys\\\/#organization\"},\"potentialAction\":[{\"@type\":\"SearchAction\",\"target\":{\"@type\":\"EntryPoint\",\"urlTemplate\":\"http:\\\/\\\/www.rukajarvensuunnanhistoriayhdistys.fi\\\/historiayhdistys\\\/?s={search_term_string}\"},\"query-input\":{\"@type\":\"PropertyValueSpecification\",\"valueRequired\":true,\"valueName\":\"search_term_string\"}}],\"inLanguage\":\"fi\"},{\"@type\":\"Organization\",\"@id\":\"http:\\\/\\\/www.rukajarvensuunnanhistoriayhdistys.fi\\\/historiayhdistys\\\/#organization\",\"name\":\"Rukaj\u00e4rven suunnan historiayhdistys\",\"url\":\"http:\\\/\\\/www.rukajarvensuunnanhistoriayhdistys.fi\\\/historiayhdistys\\\/\",\"logo\":{\"@type\":\"ImageObject\",\"inLanguage\":\"fi\",\"@id\":\"http:\\\/\\\/www.rukajarvensuunnanhistoriayhdistys.fi\\\/historiayhdistys\\\/#\\\/schema\\\/logo\\\/image\\\/\",\"url\":\"http:\\\/\\\/www.rukajarvensuunnanhistoriayhdistys.fi\\\/historiayhdistys\\\/wp-content\\\/uploads\\\/2013\\\/12\\\/Otsake_3.jpg\",\"contentUrl\":\"http:\\\/\\\/www.rukajarvensuunnanhistoriayhdistys.fi\\\/historiayhdistys\\\/wp-content\\\/uploads\\\/2013\\\/12\\\/Otsake_3.jpg\",\"width\":1000,\"height\":442,\"caption\":\"Rukaj\u00e4rven suunnan historiayhdistys\"},\"image\":{\"@id\":\"http:\\\/\\\/www.rukajarvensuunnanhistoriayhdistys.fi\\\/historiayhdistys\\\/#\\\/schema\\\/logo\\\/image\\\/\"}},{\"@type\":\"Person\",\"@id\":\"http:\\\/\\\/www.rukajarvensuunnanhistoriayhdistys.fi\\\/historiayhdistys\\\/#\\\/schema\\\/person\\\/19de7db68bf72dfd2b5d7f6dfbf8454d\",\"name\":\"RSHY\",\"image\":{\"@type\":\"ImageObject\",\"inLanguage\":\"fi\",\"@id\":\"https:\\\/\\\/secure.gravatar.com\\\/avatar\\\/598d59263a69cc8de65fcb4f9db78d6f58c098cb0e0ba22d73377441af9fa04c?s=96&d=blank&r=g\",\"url\":\"https:\\\/\\\/secure.gravatar.com\\\/avatar\\\/598d59263a69cc8de65fcb4f9db78d6f58c098cb0e0ba22d73377441af9fa04c?s=96&d=blank&r=g\",\"contentUrl\":\"https:\\\/\\\/secure.gravatar.com\\\/avatar\\\/598d59263a69cc8de65fcb4f9db78d6f58c098cb0e0ba22d73377441af9fa04c?s=96&d=blank&r=g\",\"caption\":\"RSHY\"},\"url\":\"http:\\\/\\\/www.rukajarvensuunnanhistoriayhdistys.fi\\\/historiayhdistys\\\/author\\\/rshy\\\/\"}]}<\/script>\n<!-- \/ Yoast SEO plugin. -->","yoast_head_json":{"title":"Iisalmen Rukaj\u00e4rvikeskuksen valmistelut k\u00e4ynnistyiv\u00e4t - Rukaj\u00e4rven suunnan historiayhdistys","description":"Uutinen Rukaj\u00e4rvikeskuksen Iisalmen toimipisteen valmistelujen k\u00e4ynnistymisest\u00e4","robots":{"index":"index","follow":"follow","max-snippet":"max-snippet:-1","max-image-preview":"max-image-preview:large","max-video-preview":"max-video-preview:-1"},"canonical":"http:\/\/www.rukajarvensuunnanhistoriayhdistys.fi\/historiayhdistys\/iisalmen-rukajarvikeskuksen-valmistelut-kaynnistyivat\/","og_locale":"fi_FI","og_type":"article","og_title":"Iisalmen Rukaj\u00e4rvikeskuksen valmistelut k\u00e4ynnistyiv\u00e4t - Rukaj\u00e4rven suunnan historiayhdistys","og_description":"Uutinen Rukaj\u00e4rvikeskuksen Iisalmen toimipisteen valmistelujen k\u00e4ynnistymisest\u00e4","og_url":"http:\/\/www.rukajarvensuunnanhistoriayhdistys.fi\/historiayhdistys\/iisalmen-rukajarvikeskuksen-valmistelut-kaynnistyivat\/","og_site_name":"Rukaj\u00e4rven suunnan historiayhdistys","article_published_time":"2014-01-09T15:58:42+00:00","article_modified_time":"2014-01-11T10:27:10+00:00","og_image":[{"url":"http:\/\/www.rukajarvensuunnanhistoriayhdistys.fi\/historiayhdistys\/wp-content\/uploads\/2014\/01\/114522-Eduskunnan-mottitalkoot-Puistolassa-1942-11-19.jpg","type":"","width":"","height":""}],"author":"RSHY","twitter_misc":{"Kirjoittanut":"RSHY","Arvioitu lukuaika":"3 minuuttia"},"schema":{"@context":"https:\/\/schema.org","@graph":[{"@type":"Article","@id":"http:\/\/www.rukajarvensuunnanhistoriayhdistys.fi\/historiayhdistys\/iisalmen-rukajarvikeskuksen-valmistelut-kaynnistyivat\/#article","isPartOf":{"@id":"http:\/\/www.rukajarvensuunnanhistoriayhdistys.fi\/historiayhdistys\/iisalmen-rukajarvikeskuksen-valmistelut-kaynnistyivat\/"},"author":{"name":"RSHY","@id":"http:\/\/www.rukajarvensuunnanhistoriayhdistys.fi\/historiayhdistys\/#\/schema\/person\/19de7db68bf72dfd2b5d7f6dfbf8454d"},"headline":"Iisalmen Rukaj\u00e4rvikeskuksen valmistelut k\u00e4ynnistyiv\u00e4t","datePublished":"2014-01-09T15:58:42+00:00","dateModified":"2014-01-11T10:27:10+00:00","mainEntityOfPage":{"@id":"http:\/\/www.rukajarvensuunnanhistoriayhdistys.fi\/historiayhdistys\/iisalmen-rukajarvikeskuksen-valmistelut-kaynnistyivat\/"},"wordCount":595,"publisher":{"@id":"http:\/\/www.rukajarvensuunnanhistoriayhdistys.fi\/historiayhdistys\/#organization"},"image":{"@id":"http:\/\/www.rukajarvensuunnanhistoriayhdistys.fi\/historiayhdistys\/iisalmen-rukajarvikeskuksen-valmistelut-kaynnistyivat\/#primaryimage"},"thumbnailUrl":"http:\/\/www.rukajarvensuunnanhistoriayhdistys.fi\/historiayhdistys\/wp-content\/uploads\/2014\/01\/114522-Eduskunnan-mottitalkoot-Puistolassa-1942-11-19.jpg","articleSection":["Ajankohtaista","Rukaj\u00e4rvi-keskus","Rukaj\u00e4rvi-keskus \u2013 Kiuruvesi","Rukaj\u00e4rvi-keskus \u2013 Lieksa"],"inLanguage":"fi"},{"@type":"WebPage","@id":"http:\/\/www.rukajarvensuunnanhistoriayhdistys.fi\/historiayhdistys\/iisalmen-rukajarvikeskuksen-valmistelut-kaynnistyivat\/","url":"http:\/\/www.rukajarvensuunnanhistoriayhdistys.fi\/historiayhdistys\/iisalmen-rukajarvikeskuksen-valmistelut-kaynnistyivat\/","name":"Iisalmen Rukaj\u00e4rvikeskuksen valmistelut k\u00e4ynnistyiv\u00e4t - Rukaj\u00e4rven suunnan historiayhdistys","isPartOf":{"@id":"http:\/\/www.rukajarvensuunnanhistoriayhdistys.fi\/historiayhdistys\/#website"},"primaryImageOfPage":{"@id":"http:\/\/www.rukajarvensuunnanhistoriayhdistys.fi\/historiayhdistys\/iisalmen-rukajarvikeskuksen-valmistelut-kaynnistyivat\/#primaryimage"},"image":{"@id":"http:\/\/www.rukajarvensuunnanhistoriayhdistys.fi\/historiayhdistys\/iisalmen-rukajarvikeskuksen-valmistelut-kaynnistyivat\/#primaryimage"},"thumbnailUrl":"http:\/\/www.rukajarvensuunnanhistoriayhdistys.fi\/historiayhdistys\/wp-content\/uploads\/2014\/01\/114522-Eduskunnan-mottitalkoot-Puistolassa-1942-11-19.jpg","datePublished":"2014-01-09T15:58:42+00:00","dateModified":"2014-01-11T10:27:10+00:00","description":"Uutinen Rukaj\u00e4rvikeskuksen Iisalmen toimipisteen valmistelujen k\u00e4ynnistymisest\u00e4","breadcrumb":{"@id":"http:\/\/www.rukajarvensuunnanhistoriayhdistys.fi\/historiayhdistys\/iisalmen-rukajarvikeskuksen-valmistelut-kaynnistyivat\/#breadcrumb"},"inLanguage":"fi","potentialAction":[{"@type":"ReadAction","target":["http:\/\/www.rukajarvensuunnanhistoriayhdistys.fi\/historiayhdistys\/iisalmen-rukajarvikeskuksen-valmistelut-kaynnistyivat\/"]}]},{"@type":"ImageObject","inLanguage":"fi","@id":"http:\/\/www.rukajarvensuunnanhistoriayhdistys.fi\/historiayhdistys\/iisalmen-rukajarvikeskuksen-valmistelut-kaynnistyivat\/#primaryimage","url":"http:\/\/www.rukajarvensuunnanhistoriayhdistys.fi\/historiayhdistys\/wp-content\/uploads\/2014\/01\/114522-Eduskunnan-mottitalkoot-Puistolassa-1942-11-19.jpg","contentUrl":"http:\/\/www.rukajarvensuunnanhistoriayhdistys.fi\/historiayhdistys\/wp-content\/uploads\/2014\/01\/114522-Eduskunnan-mottitalkoot-Puistolassa-1942-11-19.jpg","width":4931,"height":4961,"caption":"Eduskunnan mottitalkoot Puistolassa 19.11.1942. SA-kuva."},{"@type":"BreadcrumbList","@id":"http:\/\/www.rukajarvensuunnanhistoriayhdistys.fi\/historiayhdistys\/iisalmen-rukajarvikeskuksen-valmistelut-kaynnistyivat\/#breadcrumb","itemListElement":[{"@type":"ListItem","position":1,"name":"Etusivu","item":"http:\/\/www.rukajarvensuunnanhistoriayhdistys.fi\/historiayhdistys\/"},{"@type":"ListItem","position":2,"name":"Iisalmen Rukaj\u00e4rvikeskuksen valmistelut k\u00e4ynnistyiv\u00e4t"}]},{"@type":"WebSite","@id":"http:\/\/www.rukajarvensuunnanhistoriayhdistys.fi\/historiayhdistys\/#website","url":"http:\/\/www.rukajarvensuunnanhistoriayhdistys.fi\/historiayhdistys\/","name":"Rukaj\u00e4rven suunnan historiayhdistys","description":"Rukaj\u00e4rven suunnan historiayhdistyksen verkkosivut.","publisher":{"@id":"http:\/\/www.rukajarvensuunnanhistoriayhdistys.fi\/historiayhdistys\/#organization"},"potentialAction":[{"@type":"SearchAction","target":{"@type":"EntryPoint","urlTemplate":"http:\/\/www.rukajarvensuunnanhistoriayhdistys.fi\/historiayhdistys\/?s={search_term_string}"},"query-input":{"@type":"PropertyValueSpecification","valueRequired":true,"valueName":"search_term_string"}}],"inLanguage":"fi"},{"@type":"Organization","@id":"http:\/\/www.rukajarvensuunnanhistoriayhdistys.fi\/historiayhdistys\/#organization","name":"Rukaj\u00e4rven suunnan historiayhdistys","url":"http:\/\/www.rukajarvensuunnanhistoriayhdistys.fi\/historiayhdistys\/","logo":{"@type":"ImageObject","inLanguage":"fi","@id":"http:\/\/www.rukajarvensuunnanhistoriayhdistys.fi\/historiayhdistys\/#\/schema\/logo\/image\/","url":"http:\/\/www.rukajarvensuunnanhistoriayhdistys.fi\/historiayhdistys\/wp-content\/uploads\/2013\/12\/Otsake_3.jpg","contentUrl":"http:\/\/www.rukajarvensuunnanhistoriayhdistys.fi\/historiayhdistys\/wp-content\/uploads\/2013\/12\/Otsake_3.jpg","width":1000,"height":442,"caption":"Rukaj\u00e4rven suunnan historiayhdistys"},"image":{"@id":"http:\/\/www.rukajarvensuunnanhistoriayhdistys.fi\/historiayhdistys\/#\/schema\/logo\/image\/"}},{"@type":"Person","@id":"http:\/\/www.rukajarvensuunnanhistoriayhdistys.fi\/historiayhdistys\/#\/schema\/person\/19de7db68bf72dfd2b5d7f6dfbf8454d","name":"RSHY","image":{"@type":"ImageObject","inLanguage":"fi","@id":"https:\/\/secure.gravatar.com\/avatar\/598d59263a69cc8de65fcb4f9db78d6f58c098cb0e0ba22d73377441af9fa04c?s=96&d=blank&r=g","url":"https:\/\/secure.gravatar.com\/avatar\/598d59263a69cc8de65fcb4f9db78d6f58c098cb0e0ba22d73377441af9fa04c?s=96&d=blank&r=g","contentUrl":"https:\/\/secure.gravatar.com\/avatar\/598d59263a69cc8de65fcb4f9db78d6f58c098cb0e0ba22d73377441af9fa04c?s=96&d=blank&r=g","caption":"RSHY"},"url":"http:\/\/www.rukajarvensuunnanhistoriayhdistys.fi\/historiayhdistys\/author\/rshy\/"}]}},"_links":{"self":[{"href":"http:\/\/www.rukajarvensuunnanhistoriayhdistys.fi\/historiayhdistys\/wp-json\/wp\/v2\/posts\/315","targetHints":{"allow":["GET"]}}],"collection":[{"href":"http:\/\/www.rukajarvensuunnanhistoriayhdistys.fi\/historiayhdistys\/wp-json\/wp\/v2\/posts"}],"about":[{"href":"http:\/\/www.rukajarvensuunnanhistoriayhdistys.fi\/historiayhdistys\/wp-json\/wp\/v2\/types\/post"}],"author":[{"embeddable":true,"href":"http:\/\/www.rukajarvensuunnanhistoriayhdistys.fi\/historiayhdistys\/wp-json\/wp\/v2\/users\/3"}],"replies":[{"embeddable":true,"href":"http:\/\/www.rukajarvensuunnanhistoriayhdistys.fi\/historiayhdistys\/wp-json\/wp\/v2\/comments?post=315"}],"version-history":[{"count":8,"href":"http:\/\/www.rukajarvensuunnanhistoriayhdistys.fi\/historiayhdistys\/wp-json\/wp\/v2\/posts\/315\/revisions"}],"predecessor-version":[{"id":363,"href":"http:\/\/www.rukajarvensuunnanhistoriayhdistys.fi\/historiayhdistys\/wp-json\/wp\/v2\/posts\/315\/revisions\/363"}],"wp:attachment":[{"href":"http:\/\/www.rukajarvensuunnanhistoriayhdistys.fi\/historiayhdistys\/wp-json\/wp\/v2\/media?parent=315"}],"wp:term":[{"taxonomy":"category","embeddable":true,"href":"http:\/\/www.rukajarvensuunnanhistoriayhdistys.fi\/historiayhdistys\/wp-json\/wp\/v2\/categories?post=315"},{"taxonomy":"post_tag","embeddable":true,"href":"http:\/\/www.rukajarvensuunnanhistoriayhdistys.fi\/historiayhdistys\/wp-json\/wp\/v2\/tags?post=315"}],"curies":[{"name":"wp","href":"https:\/\/api.w.org\/{rel}","templated":true}]}}