{"id":334,"date":"2014-01-09T20:39:15","date_gmt":"2014-01-09T18:39:15","guid":{"rendered":"http:\/\/www.rukajarvensuunnanhistoriayhdistys.fi\/historiayhdistys\/?p=334"},"modified":"2014-01-10T09:32:55","modified_gmt":"2014-01-10T07:32:55","slug":"rukajarven-taistelutien-historia-koulutusta-oppaille-ja-veteraaniperinteesta-kiinnostuneille","status":"publish","type":"post","link":"http:\/\/www.rukajarvensuunnanhistoriayhdistys.fi\/historiayhdistys\/rukajarven-taistelutien-historia-koulutusta-oppaille-ja-veteraaniperinteesta-kiinnostuneille\/","title":{"rendered":"RUKAJ\u00c4RVEN  TAISTELUTIEN HISTORIA, koulutusta oppaille ja veteraaniperinteest\u00e4 kiinnostuneille."},"content":{"rendered":"<div class=\"fcbkbttn_buttons_block\" id=\"fcbkbttn_left\"><div class=\"fcbkbttn_like \"><fb:like href=\"http:\/\/www.rukajarvensuunnanhistoriayhdistys.fi\/historiayhdistys\/rukajarven-taistelutien-historia-koulutusta-oppaille-ja-veteraaniperinteesta-kiinnostuneille\/\" action=\"like\" colorscheme=\"light\" layout=\"button_count\"  size=\"small\"><\/fb:like><\/div><\/div><p>RUKAJ\u00c4RVIKESKUS toimii Lieksassa ja toinen keskuksen toimipaikka AVAA OVENSA IISALMEEN 3\/2014.<b><\/b><\/p>\n<p>Rukaj\u00e4rven suunnan joukot koottiin p\u00e4\u00e4osin Yl\u00e4-Savon, Kainuun ja Pielisen-Karjalan pit\u00e4jist\u00e4. Iisalmessa avattavan Rukaj\u00e4rvikeskuksen oppaaksi toivotaan Rukaj\u00e4rven suunnan joukko-osastojen ja veteraanien perinnett\u00e4 tuntevia henkil\u00f6it\u00e4. Heille ja muilla j\u00e4rjestet\u00e4\u00e4n opaskurssi RUKAJ\u00c4RVEN TAISTELUTIEN HISTORIA alkaen la 18.1.2014 tutustumisk\u00e4ynnill\u00e4 Lieksaan. Varsinaiset kurssiluennot pidet\u00e4\u00e4n Iisalmessa my\u00f6hemmin ilmoitettavassa paikassa. Kurssi on 24 h kolmena lauantaina.<\/p>\n<p>O<b>ppaitten teht\u00e4v\u00e4n\u00e4 <\/b>on esitell\u00e4 n\u00e4yttelyit\u00e4 matkailijaryhmille ja opastaa heit\u00e4 tiedonhankinnassa sek\u00e4 toimia my\u00f6s matkaoppaina Rukaj\u00e4rven tielle kuin my\u00f6s Rukaj\u00e4rven taistelupaikoille suuntautuvilla matkoilla.<\/p>\n<p>Kurssin johtaja on Risto Pehkonen, jolle ilmoittautumiset os. <a href=\"mailto:risto.pehkonen1@gmail.com\">risto.pehkonen1@gmail.com<\/a> viimeist\u00e4\u00e4n\u00a0 15.1.2014.<\/p>\n<p>RUKAJ\u00c4RVEN SUUNNAN OPAS- ja VETERAANITIEDON KOULUTUSOHJELMA: (Ohjelmaluonnokseen on merkitty luentovastaavat).<\/p>\n<p><strong>La 18.1.2014<\/strong><\/p>\n<p>Opintomatka Lieksan Rukaj\u00e4rvikeskukseen, matkanjohtaja Risto Pehkonen<\/p>\n<p>L\u00e4ht\u00f6 klo 9.00 Iisalmesta<\/p>\n<ul>\n<li>Lieksan Rukaj\u00e4rvikeskuksen esittely ja luennot, klo 10.00\u201314.00<\/li>\n<li>K\u00e4ynti ja luennot Rukaj\u00e4rven tiell\u00e4, klo 14.00\u201316.00<\/li>\n<li>Matkalla luennot:\n<ul>\n<li>Miksi opaskoulutusta, Oppaan teht\u00e4v\u00e4t, pj. Tenho Tikkanen ja Risto Pehkonen<\/li>\n<li>Tunnettuja Rukaj\u00e4rven suunnan yksik\u00f6it\u00e4, taisteluja ja sotilaita Yl\u00e4-Savosta, esittely;\n<ul>\n<li>Miss\u00e4 yksik\u00f6t koottiin, Kev.Os. 2, KTR 18, Rask.Psto 29, JR 52 mm. ja muut.<\/li>\n<\/ul>\n<\/li>\n<li>Rukaj\u00e4rven tie elokuvan ja Pentti Perttulin johtama partioretki 7.\u201310.7.1941<\/li>\n<li>Esitell\u00e4\u00e4n veteraaneja esim, Erkki Hartikainen, Tatu Malmivaara,<\/li>\n<li>Erkki Matilainen, Marskin Veneentekij\u00e4 Mikko Bergman sek\u00e4\u00a0kultamitalimiehet Klaes Karppinen, Teuvo Laukkanen ja Paavo Lonkila ym.<\/li>\n<\/ul>\n<\/li>\n<\/ul>\n<p><strong>La 8.2.2014<\/strong><\/p>\n<p>klo 10.00\u201316.00 (Tauno Oksanen, Antti Haapalainen, Ari Komulainen, Pentti\u00a0K\u00e4rkk\u00e4inen)<\/p>\n<ul>\n<li>Rukaj\u00e4rven taistelutie v 1941\u20131944 tiivistettyn\u00e4, Tauno Oksanen 3 t<\/li>\n<li>Rukaj\u00e4rven rintaman kentt\u00e4vartiot\u00a0 koko ketju, Antti Haapalainen 1 t<\/li>\n<li>Merkitt\u00e4vimm\u00e4t taistelut ja motit, Tauno Oksanen 1 t:\n<ul>\n<li>Omelia, Sukellusvene, Pallo, Kv Joki, Kv Arina ja Tahkokosken taistelut;\u00a0Tauno Oksanen ja Pentti K\u00e4rkk\u00e4inen<\/li>\n<\/ul>\n<\/li>\n<li>Merkitt\u00e4vimm\u00e4t kaukopartioretket Ari Komulainen 1 t:\n<ul>\n<li>Muurmannin rata,\u00a0 Ontaj\u00e4rven ja Puuttoisten sissiprikaati 1942,\u00a0Jelj\u00e4rvi 1943, Suopassalmi 1944,<\/li>\n<\/ul>\n<\/li>\n<\/ul>\n<p><strong>La 15.2.2014<\/strong><\/p>\n<p><strong><\/strong>klo 11.00\u201317.00 (Tenho Tikkanen, Hannu Kauppinen, Ossi Laine, Risto Pehkonen)<\/p>\n<ul>\n<li>Rintaman kulttuuri- ja vapaa-ajantoiminta (Tenho Tikkanen)<\/li>\n<li>Rukaj\u00e4rven suunnan erikoisuudet,<\/li>\n<li>Rukaj\u00e4rven rintaman tappiot, kaatuneet ja haavoittuneet\u00a0(Hannu Kauppinen, Ossi Laine)<\/li>\n<li>Rukaj\u00e4rven rintaman Lotat ja kotirintama<\/li>\n<li>Rukaj\u00e4rven suunnan perinnety\u00f6 sodan j\u00e4lkeen, Marskin Maja ja Rukapirtti.<\/li>\n<li>Rukaj\u00e4rven suunnan kirjallisuus<\/li>\n<\/ul>\n<p>Kurssisuunnitelma voi viel\u00e4 muuttua.<\/p>\n<ul>\n<li>Ilmoittautumiset: risto.pehkonen1@gmail.com 15.1.2014 menness\u00e4. Ilmoittautuneille tarkempi aikataulu my\u00f6hemmin.<\/li>\n<\/ul>\n","protected":false},"excerpt":{"rendered":"<p>RUKAJ\u00c4RVIKESKUS toimii Lieksassa ja toinen keskuksen toimipaikka AVAA OVENSA IISALMEEN 3\/2014. Rukaj\u00e4rven suunnan joukot koottiin p\u00e4\u00e4osin Yl\u00e4-Savon, Kainuun ja Pielisen-Karjalan pit\u00e4jist\u00e4. Iisalmessa avattavan Rukaj\u00e4rvikeskuksen oppaaksi toivotaan Rukaj\u00e4rven suunnan joukko-osastojen ja <a class=\"more-link\" href=\"http:\/\/www.rukajarvensuunnanhistoriayhdistys.fi\/historiayhdistys\/rukajarven-taistelutien-historia-koulutusta-oppaille-ja-veteraaniperinteesta-kiinnostuneille\/\">Teksti jatkuu&#8230;<span class=\"screen-reader-text\">RUKAJ\u00c4RVEN  TAISTELUTIEN HISTORIA, koulutusta oppaille ja veteraaniperinteest\u00e4 kiinnostuneille.<\/span><span class=\"meta-nav\">\u2192<\/span><\/a><\/p>\n","protected":false},"author":3,"featured_media":0,"comment_status":"closed","ping_status":"open","sticky":false,"template":"","format":"standard","meta":{"footnotes":""},"categories":[22,21,33,34],"tags":[],"class_list":["post-334","post","type-post","status-publish","format-standard","hentry","category-ajankohtaista","category-rukajarvi-keskus","category-rukajarvi-keskus-iisalmi","category-rukajarvi-keskus-lieksa"],"yoast_head":"<!-- This site is optimized with the Yoast SEO plugin v27.4 - https:\/\/yoast.com\/product\/yoast-seo-wordpress\/ -->\n<title>RUKAJ\u00c4RVEN TAISTELUTIEN HISTORIA, koulutusta oppaille ja veteraaniperinteest\u00e4 kiinnostuneille. - Rukaj\u00e4rven suunnan historiayhdistys<\/title>\n<meta name=\"robots\" content=\"index, follow, max-snippet:-1, max-image-preview:large, max-video-preview:-1\" \/>\n<link rel=\"canonical\" href=\"http:\/\/www.rukajarvensuunnanhistoriayhdistys.fi\/historiayhdistys\/rukajarven-taistelutien-historia-koulutusta-oppaille-ja-veteraaniperinteesta-kiinnostuneille\/\" \/>\n<meta property=\"og:locale\" content=\"fi_FI\" \/>\n<meta property=\"og:type\" content=\"article\" \/>\n<meta property=\"og:title\" content=\"RUKAJ\u00c4RVEN TAISTELUTIEN HISTORIA, koulutusta oppaille ja veteraaniperinteest\u00e4 kiinnostuneille. - Rukaj\u00e4rven suunnan historiayhdistys\" \/>\n<meta property=\"og:description\" content=\"RUKAJ\u00c4RVIKESKUS toimii Lieksassa ja toinen keskuksen toimipaikka AVAA OVENSA IISALMEEN 3\/2014. Rukaj\u00e4rven suunnan joukot koottiin p\u00e4\u00e4osin Yl\u00e4-Savon, Kainuun ja Pielisen-Karjalan pit\u00e4jist\u00e4. Iisalmessa avattavan Rukaj\u00e4rvikeskuksen oppaaksi toivotaan Rukaj\u00e4rven suunnan joukko-osastojen ja Teksti jatkuu...RUKAJ\u00c4RVEN TAISTELUTIEN HISTORIA, koulutusta oppaille ja veteraaniperinteest\u00e4 kiinnostuneille.\u2192\" \/>\n<meta property=\"og:url\" content=\"http:\/\/www.rukajarvensuunnanhistoriayhdistys.fi\/historiayhdistys\/rukajarven-taistelutien-historia-koulutusta-oppaille-ja-veteraaniperinteesta-kiinnostuneille\/\" \/>\n<meta property=\"og:site_name\" content=\"Rukaj\u00e4rven suunnan historiayhdistys\" \/>\n<meta property=\"article:published_time\" content=\"2014-01-09T18:39:15+00:00\" \/>\n<meta property=\"article:modified_time\" content=\"2014-01-10T07:32:55+00:00\" \/>\n<meta name=\"author\" content=\"RSHY\" \/>\n<meta name=\"twitter:label1\" content=\"Kirjoittanut\" \/>\n\t<meta name=\"twitter:data1\" content=\"RSHY\" \/>\n\t<meta name=\"twitter:label2\" content=\"Arvioitu lukuaika\" \/>\n\t<meta name=\"twitter:data2\" content=\"2 minuuttia\" \/>\n<script type=\"application\/ld+json\" class=\"yoast-schema-graph\">{\"@context\":\"https:\\\/\\\/schema.org\",\"@graph\":[{\"@type\":\"Article\",\"@id\":\"http:\\\/\\\/www.rukajarvensuunnanhistoriayhdistys.fi\\\/historiayhdistys\\\/rukajarven-taistelutien-historia-koulutusta-oppaille-ja-veteraaniperinteesta-kiinnostuneille\\\/#article\",\"isPartOf\":{\"@id\":\"http:\\\/\\\/www.rukajarvensuunnanhistoriayhdistys.fi\\\/historiayhdistys\\\/rukajarven-taistelutien-historia-koulutusta-oppaille-ja-veteraaniperinteesta-kiinnostuneille\\\/\"},\"author\":{\"name\":\"RSHY\",\"@id\":\"http:\\\/\\\/www.rukajarvensuunnanhistoriayhdistys.fi\\\/historiayhdistys\\\/#\\\/schema\\\/person\\\/19de7db68bf72dfd2b5d7f6dfbf8454d\"},\"headline\":\"RUKAJ\u00c4RVEN TAISTELUTIEN HISTORIA, koulutusta oppaille ja veteraaniperinteest\u00e4 kiinnostuneille.\",\"datePublished\":\"2014-01-09T18:39:15+00:00\",\"dateModified\":\"2014-01-10T07:32:55+00:00\",\"mainEntityOfPage\":{\"@id\":\"http:\\\/\\\/www.rukajarvensuunnanhistoriayhdistys.fi\\\/historiayhdistys\\\/rukajarven-taistelutien-historia-koulutusta-oppaille-ja-veteraaniperinteesta-kiinnostuneille\\\/\"},\"wordCount\":373,\"publisher\":{\"@id\":\"http:\\\/\\\/www.rukajarvensuunnanhistoriayhdistys.fi\\\/historiayhdistys\\\/#organization\"},\"articleSection\":[\"Ajankohtaista\",\"Rukaj\u00e4rvi-keskus\",\"Rukaj\u00e4rvi-keskus \u2013 Kiuruvesi\",\"Rukaj\u00e4rvi-keskus \u2013 Lieksa\"],\"inLanguage\":\"fi\"},{\"@type\":\"WebPage\",\"@id\":\"http:\\\/\\\/www.rukajarvensuunnanhistoriayhdistys.fi\\\/historiayhdistys\\\/rukajarven-taistelutien-historia-koulutusta-oppaille-ja-veteraaniperinteesta-kiinnostuneille\\\/\",\"url\":\"http:\\\/\\\/www.rukajarvensuunnanhistoriayhdistys.fi\\\/historiayhdistys\\\/rukajarven-taistelutien-historia-koulutusta-oppaille-ja-veteraaniperinteesta-kiinnostuneille\\\/\",\"name\":\"RUKAJ\u00c4RVEN TAISTELUTIEN HISTORIA, koulutusta oppaille ja veteraaniperinteest\u00e4 kiinnostuneille. - Rukaj\u00e4rven suunnan historiayhdistys\",\"isPartOf\":{\"@id\":\"http:\\\/\\\/www.rukajarvensuunnanhistoriayhdistys.fi\\\/historiayhdistys\\\/#website\"},\"datePublished\":\"2014-01-09T18:39:15+00:00\",\"dateModified\":\"2014-01-10T07:32:55+00:00\",\"breadcrumb\":{\"@id\":\"http:\\\/\\\/www.rukajarvensuunnanhistoriayhdistys.fi\\\/historiayhdistys\\\/rukajarven-taistelutien-historia-koulutusta-oppaille-ja-veteraaniperinteesta-kiinnostuneille\\\/#breadcrumb\"},\"inLanguage\":\"fi\",\"potentialAction\":[{\"@type\":\"ReadAction\",\"target\":[\"http:\\\/\\\/www.rukajarvensuunnanhistoriayhdistys.fi\\\/historiayhdistys\\\/rukajarven-taistelutien-historia-koulutusta-oppaille-ja-veteraaniperinteesta-kiinnostuneille\\\/\"]}]},{\"@type\":\"BreadcrumbList\",\"@id\":\"http:\\\/\\\/www.rukajarvensuunnanhistoriayhdistys.fi\\\/historiayhdistys\\\/rukajarven-taistelutien-historia-koulutusta-oppaille-ja-veteraaniperinteesta-kiinnostuneille\\\/#breadcrumb\",\"itemListElement\":[{\"@type\":\"ListItem\",\"position\":1,\"name\":\"Etusivu\",\"item\":\"http:\\\/\\\/www.rukajarvensuunnanhistoriayhdistys.fi\\\/historiayhdistys\\\/\"},{\"@type\":\"ListItem\",\"position\":2,\"name\":\"RUKAJ\u00c4RVEN TAISTELUTIEN HISTORIA, koulutusta oppaille ja veteraaniperinteest\u00e4 kiinnostuneille.\"}]},{\"@type\":\"WebSite\",\"@id\":\"http:\\\/\\\/www.rukajarvensuunnanhistoriayhdistys.fi\\\/historiayhdistys\\\/#website\",\"url\":\"http:\\\/\\\/www.rukajarvensuunnanhistoriayhdistys.fi\\\/historiayhdistys\\\/\",\"name\":\"Rukaj\u00e4rven suunnan historiayhdistys\",\"description\":\"Rukaj\u00e4rven suunnan historiayhdistyksen verkkosivut.\",\"publisher\":{\"@id\":\"http:\\\/\\\/www.rukajarvensuunnanhistoriayhdistys.fi\\\/historiayhdistys\\\/#organization\"},\"potentialAction\":[{\"@type\":\"SearchAction\",\"target\":{\"@type\":\"EntryPoint\",\"urlTemplate\":\"http:\\\/\\\/www.rukajarvensuunnanhistoriayhdistys.fi\\\/historiayhdistys\\\/?s={search_term_string}\"},\"query-input\":{\"@type\":\"PropertyValueSpecification\",\"valueRequired\":true,\"valueName\":\"search_term_string\"}}],\"inLanguage\":\"fi\"},{\"@type\":\"Organization\",\"@id\":\"http:\\\/\\\/www.rukajarvensuunnanhistoriayhdistys.fi\\\/historiayhdistys\\\/#organization\",\"name\":\"Rukaj\u00e4rven suunnan historiayhdistys\",\"url\":\"http:\\\/\\\/www.rukajarvensuunnanhistoriayhdistys.fi\\\/historiayhdistys\\\/\",\"logo\":{\"@type\":\"ImageObject\",\"inLanguage\":\"fi\",\"@id\":\"http:\\\/\\\/www.rukajarvensuunnanhistoriayhdistys.fi\\\/historiayhdistys\\\/#\\\/schema\\\/logo\\\/image\\\/\",\"url\":\"http:\\\/\\\/www.rukajarvensuunnanhistoriayhdistys.fi\\\/historiayhdistys\\\/wp-content\\\/uploads\\\/2013\\\/12\\\/Otsake_3.jpg\",\"contentUrl\":\"http:\\\/\\\/www.rukajarvensuunnanhistoriayhdistys.fi\\\/historiayhdistys\\\/wp-content\\\/uploads\\\/2013\\\/12\\\/Otsake_3.jpg\",\"width\":1000,\"height\":442,\"caption\":\"Rukaj\u00e4rven suunnan historiayhdistys\"},\"image\":{\"@id\":\"http:\\\/\\\/www.rukajarvensuunnanhistoriayhdistys.fi\\\/historiayhdistys\\\/#\\\/schema\\\/logo\\\/image\\\/\"}},{\"@type\":\"Person\",\"@id\":\"http:\\\/\\\/www.rukajarvensuunnanhistoriayhdistys.fi\\\/historiayhdistys\\\/#\\\/schema\\\/person\\\/19de7db68bf72dfd2b5d7f6dfbf8454d\",\"name\":\"RSHY\",\"image\":{\"@type\":\"ImageObject\",\"inLanguage\":\"fi\",\"@id\":\"https:\\\/\\\/secure.gravatar.com\\\/avatar\\\/598d59263a69cc8de65fcb4f9db78d6f58c098cb0e0ba22d73377441af9fa04c?s=96&d=blank&r=g\",\"url\":\"https:\\\/\\\/secure.gravatar.com\\\/avatar\\\/598d59263a69cc8de65fcb4f9db78d6f58c098cb0e0ba22d73377441af9fa04c?s=96&d=blank&r=g\",\"contentUrl\":\"https:\\\/\\\/secure.gravatar.com\\\/avatar\\\/598d59263a69cc8de65fcb4f9db78d6f58c098cb0e0ba22d73377441af9fa04c?s=96&d=blank&r=g\",\"caption\":\"RSHY\"},\"url\":\"http:\\\/\\\/www.rukajarvensuunnanhistoriayhdistys.fi\\\/historiayhdistys\\\/author\\\/rshy\\\/\"}]}<\/script>\n<!-- \/ Yoast SEO plugin. -->","yoast_head_json":{"title":"RUKAJ\u00c4RVEN TAISTELUTIEN HISTORIA, koulutusta oppaille ja veteraaniperinteest\u00e4 kiinnostuneille. - Rukaj\u00e4rven suunnan historiayhdistys","robots":{"index":"index","follow":"follow","max-snippet":"max-snippet:-1","max-image-preview":"max-image-preview:large","max-video-preview":"max-video-preview:-1"},"canonical":"http:\/\/www.rukajarvensuunnanhistoriayhdistys.fi\/historiayhdistys\/rukajarven-taistelutien-historia-koulutusta-oppaille-ja-veteraaniperinteesta-kiinnostuneille\/","og_locale":"fi_FI","og_type":"article","og_title":"RUKAJ\u00c4RVEN TAISTELUTIEN HISTORIA, koulutusta oppaille ja veteraaniperinteest\u00e4 kiinnostuneille. - Rukaj\u00e4rven suunnan historiayhdistys","og_description":"RUKAJ\u00c4RVIKESKUS toimii Lieksassa ja toinen keskuksen toimipaikka AVAA OVENSA IISALMEEN 3\/2014. Rukaj\u00e4rven suunnan joukot koottiin p\u00e4\u00e4osin Yl\u00e4-Savon, Kainuun ja Pielisen-Karjalan pit\u00e4jist\u00e4. Iisalmessa avattavan Rukaj\u00e4rvikeskuksen oppaaksi toivotaan Rukaj\u00e4rven suunnan joukko-osastojen ja Teksti jatkuu...RUKAJ\u00c4RVEN TAISTELUTIEN HISTORIA, koulutusta oppaille ja veteraaniperinteest\u00e4 kiinnostuneille.\u2192","og_url":"http:\/\/www.rukajarvensuunnanhistoriayhdistys.fi\/historiayhdistys\/rukajarven-taistelutien-historia-koulutusta-oppaille-ja-veteraaniperinteesta-kiinnostuneille\/","og_site_name":"Rukaj\u00e4rven suunnan historiayhdistys","article_published_time":"2014-01-09T18:39:15+00:00","article_modified_time":"2014-01-10T07:32:55+00:00","author":"RSHY","twitter_misc":{"Kirjoittanut":"RSHY","Arvioitu lukuaika":"2 minuuttia"},"schema":{"@context":"https:\/\/schema.org","@graph":[{"@type":"Article","@id":"http:\/\/www.rukajarvensuunnanhistoriayhdistys.fi\/historiayhdistys\/rukajarven-taistelutien-historia-koulutusta-oppaille-ja-veteraaniperinteesta-kiinnostuneille\/#article","isPartOf":{"@id":"http:\/\/www.rukajarvensuunnanhistoriayhdistys.fi\/historiayhdistys\/rukajarven-taistelutien-historia-koulutusta-oppaille-ja-veteraaniperinteesta-kiinnostuneille\/"},"author":{"name":"RSHY","@id":"http:\/\/www.rukajarvensuunnanhistoriayhdistys.fi\/historiayhdistys\/#\/schema\/person\/19de7db68bf72dfd2b5d7f6dfbf8454d"},"headline":"RUKAJ\u00c4RVEN TAISTELUTIEN HISTORIA, koulutusta oppaille ja veteraaniperinteest\u00e4 kiinnostuneille.","datePublished":"2014-01-09T18:39:15+00:00","dateModified":"2014-01-10T07:32:55+00:00","mainEntityOfPage":{"@id":"http:\/\/www.rukajarvensuunnanhistoriayhdistys.fi\/historiayhdistys\/rukajarven-taistelutien-historia-koulutusta-oppaille-ja-veteraaniperinteesta-kiinnostuneille\/"},"wordCount":373,"publisher":{"@id":"http:\/\/www.rukajarvensuunnanhistoriayhdistys.fi\/historiayhdistys\/#organization"},"articleSection":["Ajankohtaista","Rukaj\u00e4rvi-keskus","Rukaj\u00e4rvi-keskus \u2013 Kiuruvesi","Rukaj\u00e4rvi-keskus \u2013 Lieksa"],"inLanguage":"fi"},{"@type":"WebPage","@id":"http:\/\/www.rukajarvensuunnanhistoriayhdistys.fi\/historiayhdistys\/rukajarven-taistelutien-historia-koulutusta-oppaille-ja-veteraaniperinteesta-kiinnostuneille\/","url":"http:\/\/www.rukajarvensuunnanhistoriayhdistys.fi\/historiayhdistys\/rukajarven-taistelutien-historia-koulutusta-oppaille-ja-veteraaniperinteesta-kiinnostuneille\/","name":"RUKAJ\u00c4RVEN TAISTELUTIEN HISTORIA, koulutusta oppaille ja veteraaniperinteest\u00e4 kiinnostuneille. - Rukaj\u00e4rven suunnan historiayhdistys","isPartOf":{"@id":"http:\/\/www.rukajarvensuunnanhistoriayhdistys.fi\/historiayhdistys\/#website"},"datePublished":"2014-01-09T18:39:15+00:00","dateModified":"2014-01-10T07:32:55+00:00","breadcrumb":{"@id":"http:\/\/www.rukajarvensuunnanhistoriayhdistys.fi\/historiayhdistys\/rukajarven-taistelutien-historia-koulutusta-oppaille-ja-veteraaniperinteesta-kiinnostuneille\/#breadcrumb"},"inLanguage":"fi","potentialAction":[{"@type":"ReadAction","target":["http:\/\/www.rukajarvensuunnanhistoriayhdistys.fi\/historiayhdistys\/rukajarven-taistelutien-historia-koulutusta-oppaille-ja-veteraaniperinteesta-kiinnostuneille\/"]}]},{"@type":"BreadcrumbList","@id":"http:\/\/www.rukajarvensuunnanhistoriayhdistys.fi\/historiayhdistys\/rukajarven-taistelutien-historia-koulutusta-oppaille-ja-veteraaniperinteesta-kiinnostuneille\/#breadcrumb","itemListElement":[{"@type":"ListItem","position":1,"name":"Etusivu","item":"http:\/\/www.rukajarvensuunnanhistoriayhdistys.fi\/historiayhdistys\/"},{"@type":"ListItem","position":2,"name":"RUKAJ\u00c4RVEN TAISTELUTIEN HISTORIA, koulutusta oppaille ja veteraaniperinteest\u00e4 kiinnostuneille."}]},{"@type":"WebSite","@id":"http:\/\/www.rukajarvensuunnanhistoriayhdistys.fi\/historiayhdistys\/#website","url":"http:\/\/www.rukajarvensuunnanhistoriayhdistys.fi\/historiayhdistys\/","name":"Rukaj\u00e4rven suunnan historiayhdistys","description":"Rukaj\u00e4rven suunnan historiayhdistyksen verkkosivut.","publisher":{"@id":"http:\/\/www.rukajarvensuunnanhistoriayhdistys.fi\/historiayhdistys\/#organization"},"potentialAction":[{"@type":"SearchAction","target":{"@type":"EntryPoint","urlTemplate":"http:\/\/www.rukajarvensuunnanhistoriayhdistys.fi\/historiayhdistys\/?s={search_term_string}"},"query-input":{"@type":"PropertyValueSpecification","valueRequired":true,"valueName":"search_term_string"}}],"inLanguage":"fi"},{"@type":"Organization","@id":"http:\/\/www.rukajarvensuunnanhistoriayhdistys.fi\/historiayhdistys\/#organization","name":"Rukaj\u00e4rven suunnan historiayhdistys","url":"http:\/\/www.rukajarvensuunnanhistoriayhdistys.fi\/historiayhdistys\/","logo":{"@type":"ImageObject","inLanguage":"fi","@id":"http:\/\/www.rukajarvensuunnanhistoriayhdistys.fi\/historiayhdistys\/#\/schema\/logo\/image\/","url":"http:\/\/www.rukajarvensuunnanhistoriayhdistys.fi\/historiayhdistys\/wp-content\/uploads\/2013\/12\/Otsake_3.jpg","contentUrl":"http:\/\/www.rukajarvensuunnanhistoriayhdistys.fi\/historiayhdistys\/wp-content\/uploads\/2013\/12\/Otsake_3.jpg","width":1000,"height":442,"caption":"Rukaj\u00e4rven suunnan historiayhdistys"},"image":{"@id":"http:\/\/www.rukajarvensuunnanhistoriayhdistys.fi\/historiayhdistys\/#\/schema\/logo\/image\/"}},{"@type":"Person","@id":"http:\/\/www.rukajarvensuunnanhistoriayhdistys.fi\/historiayhdistys\/#\/schema\/person\/19de7db68bf72dfd2b5d7f6dfbf8454d","name":"RSHY","image":{"@type":"ImageObject","inLanguage":"fi","@id":"https:\/\/secure.gravatar.com\/avatar\/598d59263a69cc8de65fcb4f9db78d6f58c098cb0e0ba22d73377441af9fa04c?s=96&d=blank&r=g","url":"https:\/\/secure.gravatar.com\/avatar\/598d59263a69cc8de65fcb4f9db78d6f58c098cb0e0ba22d73377441af9fa04c?s=96&d=blank&r=g","contentUrl":"https:\/\/secure.gravatar.com\/avatar\/598d59263a69cc8de65fcb4f9db78d6f58c098cb0e0ba22d73377441af9fa04c?s=96&d=blank&r=g","caption":"RSHY"},"url":"http:\/\/www.rukajarvensuunnanhistoriayhdistys.fi\/historiayhdistys\/author\/rshy\/"}]}},"_links":{"self":[{"href":"http:\/\/www.rukajarvensuunnanhistoriayhdistys.fi\/historiayhdistys\/wp-json\/wp\/v2\/posts\/334","targetHints":{"allow":["GET"]}}],"collection":[{"href":"http:\/\/www.rukajarvensuunnanhistoriayhdistys.fi\/historiayhdistys\/wp-json\/wp\/v2\/posts"}],"about":[{"href":"http:\/\/www.rukajarvensuunnanhistoriayhdistys.fi\/historiayhdistys\/wp-json\/wp\/v2\/types\/post"}],"author":[{"embeddable":true,"href":"http:\/\/www.rukajarvensuunnanhistoriayhdistys.fi\/historiayhdistys\/wp-json\/wp\/v2\/users\/3"}],"replies":[{"embeddable":true,"href":"http:\/\/www.rukajarvensuunnanhistoriayhdistys.fi\/historiayhdistys\/wp-json\/wp\/v2\/comments?post=334"}],"version-history":[{"count":10,"href":"http:\/\/www.rukajarvensuunnanhistoriayhdistys.fi\/historiayhdistys\/wp-json\/wp\/v2\/posts\/334\/revisions"}],"predecessor-version":[{"id":357,"href":"http:\/\/www.rukajarvensuunnanhistoriayhdistys.fi\/historiayhdistys\/wp-json\/wp\/v2\/posts\/334\/revisions\/357"}],"wp:attachment":[{"href":"http:\/\/www.rukajarvensuunnanhistoriayhdistys.fi\/historiayhdistys\/wp-json\/wp\/v2\/media?parent=334"}],"wp:term":[{"taxonomy":"category","embeddable":true,"href":"http:\/\/www.rukajarvensuunnanhistoriayhdistys.fi\/historiayhdistys\/wp-json\/wp\/v2\/categories?post=334"},{"taxonomy":"post_tag","embeddable":true,"href":"http:\/\/www.rukajarvensuunnanhistoriayhdistys.fi\/historiayhdistys\/wp-json\/wp\/v2\/tags?post=334"}],"curies":[{"name":"wp","href":"https:\/\/api.w.org\/{rel}","templated":true}]}}