{"id":4990,"date":"2014-09-22T08:51:27","date_gmt":"2014-09-22T05:51:27","guid":{"rendered":"http:\/\/www.rukajarvensuunnanhistoriayhdistys.fi\/historiayhdistys\/?p=4990"},"modified":"2014-10-16T21:40:34","modified_gmt":"2014-10-16T18:40:34","slug":"onnistunut-konsertti-kannakselta-rukajarvelle-iisalmessa","status":"publish","type":"post","link":"http:\/\/www.rukajarvensuunnanhistoriayhdistys.fi\/historiayhdistys\/onnistunut-konsertti-kannakselta-rukajarvelle-iisalmessa\/","title":{"rendered":"Onnistunut konsertti &#8221;Kannakselta &#8211; Rukaj\u00e4rvelle&#8221; Iisalmessa"},"content":{"rendered":"<div class=\"fcbkbttn_buttons_block\" id=\"fcbkbttn_left\"><div class=\"fcbkbttn_like \"><fb:like href=\"http:\/\/www.rukajarvensuunnanhistoriayhdistys.fi\/historiayhdistys\/onnistunut-konsertti-kannakselta-rukajarvelle-iisalmessa\/\" action=\"like\" colorscheme=\"light\" layout=\"button_count\"  size=\"small\"><\/fb:like><\/div><\/div><p>Yl\u00e4-Savon Veteraanimuusikot ry:n &#8221;Vetmut-orkesterin&#8221; j\u00e4rjest\u00e4m\u00e4 konsertti &#8221;Kannakselta &#8211; Rukaj\u00e4rvelle&#8221; kokosi salint\u00e4ydelt\u00e4 yleis\u00f6\u00e4 (650 &#8211; 700) kahteen tilaisuuteen, Iisalmen kulttuurikeskuksen Eino S\u00e4is\u00e4-salissa.<\/p>\n<p>Orkesterin solistit, Tiina Karhu, Risto Nissinen ja Taito Kainulainen sek\u00e4 j\u00e4senet Erkki K\u00e4rkk\u00e4inen (hanuri), Pauli Huttunen (piano, laulu), Juha Lappalainen (basso), Jukka Juntunen (rummut), Antti W\u00e4is\u00e4nen (kitara) sek\u00e4 orkesterinjohtaja Raimo Jokisalmi onnistuivat kahdesta samana p\u00e4iv\u00e4n\u00e4 j\u00e4rjestetyst\u00e4 konsertista ja\u00a0liki kuusituntisesta urakasta\u00a0upeasti. Yleis\u00f6 piti kuulemastaan ja konsertin koskettavaa sanomaa\u00a0toivottiin\u00a0kuultavan naapuripit\u00e4jiss\u00e4 ja kauempanakin.<\/p>\n<p>Konsertissa kuultiin useita Rukaj\u00e4rven suunnalla s\u00e4vellettyj\u00e4 ja sovitettuja\u00a0kappaleita ja n\u00e4iden\u00a0lis\u00e4ksi tunnettua sota-aikaista viihdemusiikkia. Yleis\u00f6 otti kuulemansa vastaan raikuvin suosionosoituksin.<\/p>\n<p>P\u00e4iv\u00e4konsertissa oli mukana\u00a0veteraaneja, vanhin jo 101 vuotias &#8221;Marskin veneentekij\u00e4&#8221; sonkaj\u00e4rvel\u00e4inen Mikko Bergman.\u00a0Konserttivieraiden joukossa kaukaisimmat kuulijat\u00a0olivat saapuneet Pohjois-Pohjanmaalta ja Kainuusta saakka.<\/p>\n<figure id=\"attachment_5093\" aria-describedby=\"caption-attachment-5093\" style=\"width: 1754px\" class=\"wp-caption alignnone\"><a href=\"http:\/\/www.rukajarvensuunnanhistoriayhdistys.fi\/historiayhdistys\/wp-content\/uploads\/2014\/09\/Vetmut-orkesteri-21-9-2014.jpg\"><img loading=\"lazy\" decoding=\"async\" class=\"wp-image-5093 size-full\" src=\"http:\/\/www.rukajarvensuunnanhistoriayhdistys.fi\/historiayhdistys\/wp-content\/uploads\/2014\/09\/Vetmut-orkesteri-21-9-2014.jpg\" alt=\"Viihdeorkesteri Vetmut. Orkesterin johtaja Raimo Jokisalmi, Erkki K\u00e4rkk\u00e4inen hanuri, Taito Kainulainen, Risto Nissinen, Jukka Juntunen rummut, Jukka Lappalainen basso, Antti W\u00e4is\u00e4nen kitara ja Pauli Huttunen piano.\" width=\"1754\" height=\"1240\" data-id=\"5093\" srcset=\"http:\/\/www.rukajarvensuunnanhistoriayhdistys.fi\/historiayhdistys\/wp-content\/uploads\/2014\/09\/Vetmut-orkesteri-21-9-2014.jpg 1754w, http:\/\/www.rukajarvensuunnanhistoriayhdistys.fi\/historiayhdistys\/wp-content\/uploads\/2014\/09\/Vetmut-orkesteri-21-9-2014-300x212.jpg 300w, http:\/\/www.rukajarvensuunnanhistoriayhdistys.fi\/historiayhdistys\/wp-content\/uploads\/2014\/09\/Vetmut-orkesteri-21-9-2014-1024x723.jpg 1024w\" sizes=\"auto, (max-width: 1754px) 100vw, 1754px\" \/><\/a><figcaption id=\"caption-attachment-5093\" class=\"wp-caption-text\">Viihdeorkesteri Vetmut. Orkesterin johtaja Raimo Jokisalmi, Erkki K\u00e4rkk\u00e4inen hanuri, Taito Kainulainen, Risto Nissinen, Jukka Juntunen rummut, Jukka Lappalainen basso, Antti W\u00e4is\u00e4nen kitara ja Pauli Huttunen piano.<\/figcaption><\/figure>\n<figure id=\"attachment_5092\" aria-describedby=\"caption-attachment-5092\" style=\"width: 1754px\" class=\"wp-caption alignnone\"><a href=\"http:\/\/www.rukajarvensuunnanhistoriayhdistys.fi\/historiayhdistys\/wp-content\/uploads\/2014\/09\/Vetmut-solistit-21-9-2014.jpg\"><img loading=\"lazy\" decoding=\"async\" class=\"wp-image-5092 size-full\" src=\"http:\/\/www.rukajarvensuunnanhistoriayhdistys.fi\/historiayhdistys\/wp-content\/uploads\/2014\/09\/Vetmut-solistit-21-9-2014.jpg\" alt=\"Yl\u00e4-Savon Veteraanimuusikoitten orkesterin (Vetmut) solistit, Taito Kainulainen Risto Nissinen, Tiina Karhu ja Eila Huttunen.\" width=\"1754\" height=\"1240\" data-id=\"5092\" srcset=\"http:\/\/www.rukajarvensuunnanhistoriayhdistys.fi\/historiayhdistys\/wp-content\/uploads\/2014\/09\/Vetmut-solistit-21-9-2014.jpg 1754w, http:\/\/www.rukajarvensuunnanhistoriayhdistys.fi\/historiayhdistys\/wp-content\/uploads\/2014\/09\/Vetmut-solistit-21-9-2014-300x212.jpg 300w, http:\/\/www.rukajarvensuunnanhistoriayhdistys.fi\/historiayhdistys\/wp-content\/uploads\/2014\/09\/Vetmut-solistit-21-9-2014-1024x723.jpg 1024w\" sizes=\"auto, (max-width: 1754px) 100vw, 1754px\" \/><\/a><figcaption id=\"caption-attachment-5092\" class=\"wp-caption-text\">Yl\u00e4-Savon Veteraanimuusikoitten orkesterin (Vetmut) solistit, Taito Kainulainen Risto Nissinen, Tiina Karhu ja Eila Huttunen.<\/figcaption><\/figure>\n<p>Rukaj\u00e4rven suunnan historiayhdistys ry. tuki konserttia toimittamalla orkesterille kev\u00e4ttalvella Rukaj\u00e4rvell\u00e4 sota-aikana s\u00e4vellettyj\u00e4 ja sovitettuja musiikkikappaleita ja jo nyt ne kuultiin sodanj\u00e4lkeisin\u00e4 kantaesityksin\u00e4 ja upeina konserttisovituksina. Yhteisty\u00f6 k\u00e4ynnistyi 13.3.2014 Iisalmen Rukaj\u00e4rvi-keskuksen avajaisissa, jossa Vetmut-orkesterin j\u00e4senet musisoivat.<\/p>\n<p>Rukaj\u00e4rven suunnan historiayhdistyksen puheenjohtaja kiitti orkesteria ja solisteja lausuen mm: &#8221;Pyyd\u00e4mme saada kiitt\u00e4\u00e4 Teit\u00e4 muusikoita upeasta konsertista. Konserttinne on kunnianosoitus veteraaneille ja koko tuolle sodat kokeneelle Suomen Suurelle Sukupolvelle, joka nosti maansa vapaana kansakuntana ilman ulkopuolisten apua ennen n\u00e4kem\u00e4tt\u00f6m\u00e4\u00e4n vaurauteen. Me voimme viel\u00e4 osoittaa heille kiitollisuuttamme, keskustella heid\u00e4n kanssaan ja seurata t\u00e4m\u00e4n konsertin sanoman my\u00f6t\u00e4 j\u00e4ljell\u00e4 olevien veteraanien lyhenevi\u00e4 askeleita Suomen historiassa. Kiitos konserttiyleis\u00f6lle.&#8221; Samalla\u00a0puheenjohtaja Tikkanen\u00a0kiitti my\u00f6s edellisen\u00e4 viikonloppuna Kansalaisjuhlaan 70 vuotta Jatkosodan p\u00e4\u00e4ttymisest\u00e4&#8221; tapahtumiin ja juhlajunan matkalle ja juhlan j\u00e4rjestelyihin osallistuneita todeten mm. : &#8221;Junan rikkoutumisen vuoksi tarvittiin muusikoita, jotka lukuisten junassa ja asemilla j\u00e4rjestettyjen konserttien avulla loivat junaan ikimuistoisen matkan ja\u00a0sota-aikaa muistuttavan tunnelman.&#8221;<\/p>\n<p>Yhdistys luovutti orkesterin j\u00e4senille muistoksi kirjan &#8221;Rukaj\u00e4rven luutnantti &#8211; Kentt\u00e4postia sotasensuurin takaa&#8221;. Ennen kirjan luovuttamista puheenjohtaja Tikkanen kertoi kirjan sis\u00e4ll\u00f6st\u00e4. &#8221;Kirjassa on julkaistu RSHY:n perustajaj\u00e4senen kenraaliluutnantti Ermei Kannisen ja h\u00e4nen\u00a0tulevan puolisonsa\u00a0viimeisen sotavuoden kirjeenvaihto kenraalin selityksin. Kirja on\u00a0tammikuussa 1944 kihloihin menneen ja tulevaisuuttaan suunnittelevan kahden nuoren\u00a0p\u00e4iv\u00e4kirja.\u00a0Samalla kirja on sodank\u00e4yneen kenraalin ohje nykyisille ty\u00f6paikoille siit\u00e4, miten esimiesten tulisi rakentaa ty\u00f6yhteis\u00f6n ty\u00f6olosuhteet, jotta yrityksen tulos ja tavoitteet saavutettaisiin.<\/p>\n<h1>Kouvolan Kravatti-mallinen hanuri<\/h1>\n<p>Orkesterin johtaja Raimo Jokisalmi oli tuonut konserttiin soitinharvinaisuuden Kouvolan Kravatti-mallin hanurin, jota valmistettiin vuosina 1936 &#8211; 1939 ja tuo sota-aikainen soitin oli hyvin suosittu rintamalla. Raimo Jokisalmi oli saanut perinnesoittimen lainaksi Olli Kumpulaiselta, jolla perinnesoittimella\u00a0h\u00e4n nyt s\u00e4esti Rukaj\u00e4rvi-teokset.<\/p>\n<p>Kyseinen soitin osoittautui kovin suosituksi ja niinp\u00e4\u00a0&#8221;Kravatti-mallia&#8221; valmistettiin Kouvolan harmonikkatehtaalla viel\u00e4 1990-luvulla.<\/p>\n<p>Konsertin juontajana toimi Taito Kainulainen.<\/p>\n<p>&nbsp;<\/p>\n","protected":false},"excerpt":{"rendered":"<p>Yl\u00e4-Savon Veteraanimuusikot ry:n &#8221;Vetmut-orkesterin&#8221; j\u00e4rjest\u00e4m\u00e4 konsertti &#8221;Kannakselta &#8211; Rukaj\u00e4rvelle&#8221; kokosi salint\u00e4ydelt\u00e4 yleis\u00f6\u00e4 (650 &#8211; 700) kahteen tilaisuuteen, Iisalmen kulttuurikeskuksen Eino S\u00e4is\u00e4-salissa. Orkesterin solistit, Tiina Karhu, Risto Nissinen ja Taito Kainulainen <a class=\"more-link\" href=\"http:\/\/www.rukajarvensuunnanhistoriayhdistys.fi\/historiayhdistys\/onnistunut-konsertti-kannakselta-rukajarvelle-iisalmessa\/\">Teksti jatkuu&#8230;<span class=\"screen-reader-text\">Onnistunut konsertti &#8221;Kannakselta &#8211; Rukaj\u00e4rvelle&#8221; Iisalmessa<\/span><span class=\"meta-nav\">\u2192<\/span><\/a><\/p>\n","protected":false},"author":3,"featured_media":5092,"comment_status":"closed","ping_status":"open","sticky":false,"template":"","format":"standard","meta":{"footnotes":""},"categories":[21],"tags":[],"class_list":["post-4990","post","type-post","status-publish","format-standard","has-post-thumbnail","hentry","category-rukajarvi-keskus"],"yoast_head":"<!-- This site is optimized with the Yoast SEO plugin v27.4 - https:\/\/yoast.com\/product\/yoast-seo-wordpress\/ -->\n<title>Onnistunut konsertti &quot;Kannakselta - Rukaj\u00e4rvelle&quot; Iisalmessa - Rukaj\u00e4rven suunnan historiayhdistys<\/title>\n<meta name=\"robots\" content=\"index, follow, max-snippet:-1, max-image-preview:large, max-video-preview:-1\" \/>\n<link rel=\"canonical\" href=\"https:\/\/www.rukajarvensuunnanhistoriayhdistys.fi\/historiayhdistys\/onnistunut-konsertti-kannakselta-rukajarvelle-iisalmessa\/\" \/>\n<meta property=\"og:locale\" content=\"fi_FI\" \/>\n<meta property=\"og:type\" content=\"article\" \/>\n<meta property=\"og:title\" content=\"Onnistunut konsertti &quot;Kannakselta - Rukaj\u00e4rvelle&quot; Iisalmessa - Rukaj\u00e4rven suunnan historiayhdistys\" \/>\n<meta property=\"og:description\" content=\"Yl\u00e4-Savon Veteraanimuusikot ry:n &#8221;Vetmut-orkesterin&#8221; j\u00e4rjest\u00e4m\u00e4 konsertti &#8221;Kannakselta &#8211; Rukaj\u00e4rvelle&#8221; kokosi salint\u00e4ydelt\u00e4 yleis\u00f6\u00e4 (650 &#8211; 700) kahteen tilaisuuteen, Iisalmen kulttuurikeskuksen Eino S\u00e4is\u00e4-salissa. Orkesterin solistit, Tiina Karhu, Risto Nissinen ja Taito Kainulainen Teksti jatkuu...Onnistunut konsertti &#8221;Kannakselta &#8211; Rukaj\u00e4rvelle&#8221; Iisalmessa\u2192\" \/>\n<meta property=\"og:url\" content=\"https:\/\/www.rukajarvensuunnanhistoriayhdistys.fi\/historiayhdistys\/onnistunut-konsertti-kannakselta-rukajarvelle-iisalmessa\/\" \/>\n<meta property=\"og:site_name\" content=\"Rukaj\u00e4rven suunnan historiayhdistys\" \/>\n<meta property=\"article:published_time\" content=\"2014-09-22T05:51:27+00:00\" \/>\n<meta property=\"article:modified_time\" content=\"2014-10-16T18:40:34+00:00\" \/>\n<meta property=\"og:image\" content=\"https:\/\/www.rukajarvensuunnanhistoriayhdistys.fi\/historiayhdistys\/wp-content\/uploads\/2014\/09\/Vetmut-solistit-21-9-2014.jpg\" \/>\n\t<meta property=\"og:image:width\" content=\"1754\" \/>\n\t<meta property=\"og:image:height\" content=\"1240\" \/>\n\t<meta property=\"og:image:type\" content=\"image\/jpeg\" \/>\n<meta name=\"author\" content=\"RSHY\" \/>\n<meta name=\"twitter:label1\" content=\"Kirjoittanut\" \/>\n\t<meta name=\"twitter:data1\" content=\"RSHY\" \/>\n\t<meta name=\"twitter:label2\" content=\"Arvioitu lukuaika\" \/>\n\t<meta name=\"twitter:data2\" content=\"3 minuuttia\" \/>\n<script type=\"application\/ld+json\" class=\"yoast-schema-graph\">{\"@context\":\"https:\\\/\\\/schema.org\",\"@graph\":[{\"@type\":\"Article\",\"@id\":\"https:\\\/\\\/www.rukajarvensuunnanhistoriayhdistys.fi\\\/historiayhdistys\\\/onnistunut-konsertti-kannakselta-rukajarvelle-iisalmessa\\\/#article\",\"isPartOf\":{\"@id\":\"https:\\\/\\\/www.rukajarvensuunnanhistoriayhdistys.fi\\\/historiayhdistys\\\/onnistunut-konsertti-kannakselta-rukajarvelle-iisalmessa\\\/\"},\"author\":{\"name\":\"RSHY\",\"@id\":\"http:\\\/\\\/www.rukajarvensuunnanhistoriayhdistys.fi\\\/historiayhdistys\\\/#\\\/schema\\\/person\\\/19de7db68bf72dfd2b5d7f6dfbf8454d\"},\"headline\":\"Onnistunut konsertti &#8221;Kannakselta &#8211; Rukaj\u00e4rvelle&#8221; Iisalmessa\",\"datePublished\":\"2014-09-22T05:51:27+00:00\",\"dateModified\":\"2014-10-16T18:40:34+00:00\",\"mainEntityOfPage\":{\"@id\":\"https:\\\/\\\/www.rukajarvensuunnanhistoriayhdistys.fi\\\/historiayhdistys\\\/onnistunut-konsertti-kannakselta-rukajarvelle-iisalmessa\\\/\"},\"wordCount\":517,\"publisher\":{\"@id\":\"http:\\\/\\\/www.rukajarvensuunnanhistoriayhdistys.fi\\\/historiayhdistys\\\/#organization\"},\"image\":{\"@id\":\"https:\\\/\\\/www.rukajarvensuunnanhistoriayhdistys.fi\\\/historiayhdistys\\\/onnistunut-konsertti-kannakselta-rukajarvelle-iisalmessa\\\/#primaryimage\"},\"thumbnailUrl\":\"http:\\\/\\\/www.rukajarvensuunnanhistoriayhdistys.fi\\\/historiayhdistys\\\/wp-content\\\/uploads\\\/2014\\\/09\\\/Vetmut-solistit-21-9-2014.jpg\",\"articleSection\":[\"Rukaj\u00e4rvi-keskus\"],\"inLanguage\":\"fi\"},{\"@type\":\"WebPage\",\"@id\":\"https:\\\/\\\/www.rukajarvensuunnanhistoriayhdistys.fi\\\/historiayhdistys\\\/onnistunut-konsertti-kannakselta-rukajarvelle-iisalmessa\\\/\",\"url\":\"https:\\\/\\\/www.rukajarvensuunnanhistoriayhdistys.fi\\\/historiayhdistys\\\/onnistunut-konsertti-kannakselta-rukajarvelle-iisalmessa\\\/\",\"name\":\"Onnistunut konsertti \\\"Kannakselta - Rukaj\u00e4rvelle\\\" Iisalmessa - Rukaj\u00e4rven suunnan historiayhdistys\",\"isPartOf\":{\"@id\":\"http:\\\/\\\/www.rukajarvensuunnanhistoriayhdistys.fi\\\/historiayhdistys\\\/#website\"},\"primaryImageOfPage\":{\"@id\":\"https:\\\/\\\/www.rukajarvensuunnanhistoriayhdistys.fi\\\/historiayhdistys\\\/onnistunut-konsertti-kannakselta-rukajarvelle-iisalmessa\\\/#primaryimage\"},\"image\":{\"@id\":\"https:\\\/\\\/www.rukajarvensuunnanhistoriayhdistys.fi\\\/historiayhdistys\\\/onnistunut-konsertti-kannakselta-rukajarvelle-iisalmessa\\\/#primaryimage\"},\"thumbnailUrl\":\"http:\\\/\\\/www.rukajarvensuunnanhistoriayhdistys.fi\\\/historiayhdistys\\\/wp-content\\\/uploads\\\/2014\\\/09\\\/Vetmut-solistit-21-9-2014.jpg\",\"datePublished\":\"2014-09-22T05:51:27+00:00\",\"dateModified\":\"2014-10-16T18:40:34+00:00\",\"breadcrumb\":{\"@id\":\"https:\\\/\\\/www.rukajarvensuunnanhistoriayhdistys.fi\\\/historiayhdistys\\\/onnistunut-konsertti-kannakselta-rukajarvelle-iisalmessa\\\/#breadcrumb\"},\"inLanguage\":\"fi\",\"potentialAction\":[{\"@type\":\"ReadAction\",\"target\":[\"https:\\\/\\\/www.rukajarvensuunnanhistoriayhdistys.fi\\\/historiayhdistys\\\/onnistunut-konsertti-kannakselta-rukajarvelle-iisalmessa\\\/\"]}]},{\"@type\":\"ImageObject\",\"inLanguage\":\"fi\",\"@id\":\"https:\\\/\\\/www.rukajarvensuunnanhistoriayhdistys.fi\\\/historiayhdistys\\\/onnistunut-konsertti-kannakselta-rukajarvelle-iisalmessa\\\/#primaryimage\",\"url\":\"http:\\\/\\\/www.rukajarvensuunnanhistoriayhdistys.fi\\\/historiayhdistys\\\/wp-content\\\/uploads\\\/2014\\\/09\\\/Vetmut-solistit-21-9-2014.jpg\",\"contentUrl\":\"http:\\\/\\\/www.rukajarvensuunnanhistoriayhdistys.fi\\\/historiayhdistys\\\/wp-content\\\/uploads\\\/2014\\\/09\\\/Vetmut-solistit-21-9-2014.jpg\",\"width\":1754,\"height\":1240,\"caption\":\"Yl\u00e4-Savon Veteraanimuusikoitten orkesterin (Vetmut) solistit, Taito Kainulainen Risto Nissinen, Tiina Karhu ja Eila Huttunen.\"},{\"@type\":\"BreadcrumbList\",\"@id\":\"https:\\\/\\\/www.rukajarvensuunnanhistoriayhdistys.fi\\\/historiayhdistys\\\/onnistunut-konsertti-kannakselta-rukajarvelle-iisalmessa\\\/#breadcrumb\",\"itemListElement\":[{\"@type\":\"ListItem\",\"position\":1,\"name\":\"Etusivu\",\"item\":\"http:\\\/\\\/www.rukajarvensuunnanhistoriayhdistys.fi\\\/historiayhdistys\\\/\"},{\"@type\":\"ListItem\",\"position\":2,\"name\":\"Onnistunut konsertti &#8221;Kannakselta &#8211; Rukaj\u00e4rvelle&#8221; Iisalmessa\"}]},{\"@type\":\"WebSite\",\"@id\":\"http:\\\/\\\/www.rukajarvensuunnanhistoriayhdistys.fi\\\/historiayhdistys\\\/#website\",\"url\":\"http:\\\/\\\/www.rukajarvensuunnanhistoriayhdistys.fi\\\/historiayhdistys\\\/\",\"name\":\"Rukaj\u00e4rven suunnan historiayhdistys\",\"description\":\"Rukaj\u00e4rven suunnan historiayhdistyksen verkkosivut.\",\"publisher\":{\"@id\":\"http:\\\/\\\/www.rukajarvensuunnanhistoriayhdistys.fi\\\/historiayhdistys\\\/#organization\"},\"potentialAction\":[{\"@type\":\"SearchAction\",\"target\":{\"@type\":\"EntryPoint\",\"urlTemplate\":\"http:\\\/\\\/www.rukajarvensuunnanhistoriayhdistys.fi\\\/historiayhdistys\\\/?s={search_term_string}\"},\"query-input\":{\"@type\":\"PropertyValueSpecification\",\"valueRequired\":true,\"valueName\":\"search_term_string\"}}],\"inLanguage\":\"fi\"},{\"@type\":\"Organization\",\"@id\":\"http:\\\/\\\/www.rukajarvensuunnanhistoriayhdistys.fi\\\/historiayhdistys\\\/#organization\",\"name\":\"Rukaj\u00e4rven suunnan historiayhdistys\",\"url\":\"http:\\\/\\\/www.rukajarvensuunnanhistoriayhdistys.fi\\\/historiayhdistys\\\/\",\"logo\":{\"@type\":\"ImageObject\",\"inLanguage\":\"fi\",\"@id\":\"http:\\\/\\\/www.rukajarvensuunnanhistoriayhdistys.fi\\\/historiayhdistys\\\/#\\\/schema\\\/logo\\\/image\\\/\",\"url\":\"http:\\\/\\\/www.rukajarvensuunnanhistoriayhdistys.fi\\\/historiayhdistys\\\/wp-content\\\/uploads\\\/2013\\\/12\\\/Otsake_3.jpg\",\"contentUrl\":\"http:\\\/\\\/www.rukajarvensuunnanhistoriayhdistys.fi\\\/historiayhdistys\\\/wp-content\\\/uploads\\\/2013\\\/12\\\/Otsake_3.jpg\",\"width\":1000,\"height\":442,\"caption\":\"Rukaj\u00e4rven suunnan historiayhdistys\"},\"image\":{\"@id\":\"http:\\\/\\\/www.rukajarvensuunnanhistoriayhdistys.fi\\\/historiayhdistys\\\/#\\\/schema\\\/logo\\\/image\\\/\"}},{\"@type\":\"Person\",\"@id\":\"http:\\\/\\\/www.rukajarvensuunnanhistoriayhdistys.fi\\\/historiayhdistys\\\/#\\\/schema\\\/person\\\/19de7db68bf72dfd2b5d7f6dfbf8454d\",\"name\":\"RSHY\",\"image\":{\"@type\":\"ImageObject\",\"inLanguage\":\"fi\",\"@id\":\"https:\\\/\\\/secure.gravatar.com\\\/avatar\\\/598d59263a69cc8de65fcb4f9db78d6f58c098cb0e0ba22d73377441af9fa04c?s=96&d=blank&r=g\",\"url\":\"https:\\\/\\\/secure.gravatar.com\\\/avatar\\\/598d59263a69cc8de65fcb4f9db78d6f58c098cb0e0ba22d73377441af9fa04c?s=96&d=blank&r=g\",\"contentUrl\":\"https:\\\/\\\/secure.gravatar.com\\\/avatar\\\/598d59263a69cc8de65fcb4f9db78d6f58c098cb0e0ba22d73377441af9fa04c?s=96&d=blank&r=g\",\"caption\":\"RSHY\"},\"url\":\"http:\\\/\\\/www.rukajarvensuunnanhistoriayhdistys.fi\\\/historiayhdistys\\\/author\\\/rshy\\\/\"}]}<\/script>\n<!-- \/ Yoast SEO plugin. -->","yoast_head_json":{"title":"Onnistunut konsertti \"Kannakselta - Rukaj\u00e4rvelle\" Iisalmessa - Rukaj\u00e4rven suunnan historiayhdistys","robots":{"index":"index","follow":"follow","max-snippet":"max-snippet:-1","max-image-preview":"max-image-preview:large","max-video-preview":"max-video-preview:-1"},"canonical":"https:\/\/www.rukajarvensuunnanhistoriayhdistys.fi\/historiayhdistys\/onnistunut-konsertti-kannakselta-rukajarvelle-iisalmessa\/","og_locale":"fi_FI","og_type":"article","og_title":"Onnistunut konsertti \"Kannakselta - Rukaj\u00e4rvelle\" Iisalmessa - Rukaj\u00e4rven suunnan historiayhdistys","og_description":"Yl\u00e4-Savon Veteraanimuusikot ry:n &#8221;Vetmut-orkesterin&#8221; j\u00e4rjest\u00e4m\u00e4 konsertti &#8221;Kannakselta &#8211; Rukaj\u00e4rvelle&#8221; kokosi salint\u00e4ydelt\u00e4 yleis\u00f6\u00e4 (650 &#8211; 700) kahteen tilaisuuteen, Iisalmen kulttuurikeskuksen Eino S\u00e4is\u00e4-salissa. Orkesterin solistit, Tiina Karhu, Risto Nissinen ja Taito Kainulainen Teksti jatkuu...Onnistunut konsertti &#8221;Kannakselta &#8211; Rukaj\u00e4rvelle&#8221; Iisalmessa\u2192","og_url":"https:\/\/www.rukajarvensuunnanhistoriayhdistys.fi\/historiayhdistys\/onnistunut-konsertti-kannakselta-rukajarvelle-iisalmessa\/","og_site_name":"Rukaj\u00e4rven suunnan historiayhdistys","article_published_time":"2014-09-22T05:51:27+00:00","article_modified_time":"2014-10-16T18:40:34+00:00","og_image":[{"width":1754,"height":1240,"url":"https:\/\/www.rukajarvensuunnanhistoriayhdistys.fi\/historiayhdistys\/wp-content\/uploads\/2014\/09\/Vetmut-solistit-21-9-2014.jpg","type":"image\/jpeg"}],"author":"RSHY","twitter_misc":{"Kirjoittanut":"RSHY","Arvioitu lukuaika":"3 minuuttia"},"schema":{"@context":"https:\/\/schema.org","@graph":[{"@type":"Article","@id":"https:\/\/www.rukajarvensuunnanhistoriayhdistys.fi\/historiayhdistys\/onnistunut-konsertti-kannakselta-rukajarvelle-iisalmessa\/#article","isPartOf":{"@id":"https:\/\/www.rukajarvensuunnanhistoriayhdistys.fi\/historiayhdistys\/onnistunut-konsertti-kannakselta-rukajarvelle-iisalmessa\/"},"author":{"name":"RSHY","@id":"http:\/\/www.rukajarvensuunnanhistoriayhdistys.fi\/historiayhdistys\/#\/schema\/person\/19de7db68bf72dfd2b5d7f6dfbf8454d"},"headline":"Onnistunut konsertti &#8221;Kannakselta &#8211; Rukaj\u00e4rvelle&#8221; Iisalmessa","datePublished":"2014-09-22T05:51:27+00:00","dateModified":"2014-10-16T18:40:34+00:00","mainEntityOfPage":{"@id":"https:\/\/www.rukajarvensuunnanhistoriayhdistys.fi\/historiayhdistys\/onnistunut-konsertti-kannakselta-rukajarvelle-iisalmessa\/"},"wordCount":517,"publisher":{"@id":"http:\/\/www.rukajarvensuunnanhistoriayhdistys.fi\/historiayhdistys\/#organization"},"image":{"@id":"https:\/\/www.rukajarvensuunnanhistoriayhdistys.fi\/historiayhdistys\/onnistunut-konsertti-kannakselta-rukajarvelle-iisalmessa\/#primaryimage"},"thumbnailUrl":"http:\/\/www.rukajarvensuunnanhistoriayhdistys.fi\/historiayhdistys\/wp-content\/uploads\/2014\/09\/Vetmut-solistit-21-9-2014.jpg","articleSection":["Rukaj\u00e4rvi-keskus"],"inLanguage":"fi"},{"@type":"WebPage","@id":"https:\/\/www.rukajarvensuunnanhistoriayhdistys.fi\/historiayhdistys\/onnistunut-konsertti-kannakselta-rukajarvelle-iisalmessa\/","url":"https:\/\/www.rukajarvensuunnanhistoriayhdistys.fi\/historiayhdistys\/onnistunut-konsertti-kannakselta-rukajarvelle-iisalmessa\/","name":"Onnistunut konsertti \"Kannakselta - Rukaj\u00e4rvelle\" Iisalmessa - Rukaj\u00e4rven suunnan historiayhdistys","isPartOf":{"@id":"http:\/\/www.rukajarvensuunnanhistoriayhdistys.fi\/historiayhdistys\/#website"},"primaryImageOfPage":{"@id":"https:\/\/www.rukajarvensuunnanhistoriayhdistys.fi\/historiayhdistys\/onnistunut-konsertti-kannakselta-rukajarvelle-iisalmessa\/#primaryimage"},"image":{"@id":"https:\/\/www.rukajarvensuunnanhistoriayhdistys.fi\/historiayhdistys\/onnistunut-konsertti-kannakselta-rukajarvelle-iisalmessa\/#primaryimage"},"thumbnailUrl":"http:\/\/www.rukajarvensuunnanhistoriayhdistys.fi\/historiayhdistys\/wp-content\/uploads\/2014\/09\/Vetmut-solistit-21-9-2014.jpg","datePublished":"2014-09-22T05:51:27+00:00","dateModified":"2014-10-16T18:40:34+00:00","breadcrumb":{"@id":"https:\/\/www.rukajarvensuunnanhistoriayhdistys.fi\/historiayhdistys\/onnistunut-konsertti-kannakselta-rukajarvelle-iisalmessa\/#breadcrumb"},"inLanguage":"fi","potentialAction":[{"@type":"ReadAction","target":["https:\/\/www.rukajarvensuunnanhistoriayhdistys.fi\/historiayhdistys\/onnistunut-konsertti-kannakselta-rukajarvelle-iisalmessa\/"]}]},{"@type":"ImageObject","inLanguage":"fi","@id":"https:\/\/www.rukajarvensuunnanhistoriayhdistys.fi\/historiayhdistys\/onnistunut-konsertti-kannakselta-rukajarvelle-iisalmessa\/#primaryimage","url":"http:\/\/www.rukajarvensuunnanhistoriayhdistys.fi\/historiayhdistys\/wp-content\/uploads\/2014\/09\/Vetmut-solistit-21-9-2014.jpg","contentUrl":"http:\/\/www.rukajarvensuunnanhistoriayhdistys.fi\/historiayhdistys\/wp-content\/uploads\/2014\/09\/Vetmut-solistit-21-9-2014.jpg","width":1754,"height":1240,"caption":"Yl\u00e4-Savon Veteraanimuusikoitten orkesterin (Vetmut) solistit, Taito Kainulainen Risto Nissinen, Tiina Karhu ja Eila Huttunen."},{"@type":"BreadcrumbList","@id":"https:\/\/www.rukajarvensuunnanhistoriayhdistys.fi\/historiayhdistys\/onnistunut-konsertti-kannakselta-rukajarvelle-iisalmessa\/#breadcrumb","itemListElement":[{"@type":"ListItem","position":1,"name":"Etusivu","item":"http:\/\/www.rukajarvensuunnanhistoriayhdistys.fi\/historiayhdistys\/"},{"@type":"ListItem","position":2,"name":"Onnistunut konsertti &#8221;Kannakselta &#8211; Rukaj\u00e4rvelle&#8221; Iisalmessa"}]},{"@type":"WebSite","@id":"http:\/\/www.rukajarvensuunnanhistoriayhdistys.fi\/historiayhdistys\/#website","url":"http:\/\/www.rukajarvensuunnanhistoriayhdistys.fi\/historiayhdistys\/","name":"Rukaj\u00e4rven suunnan historiayhdistys","description":"Rukaj\u00e4rven suunnan historiayhdistyksen verkkosivut.","publisher":{"@id":"http:\/\/www.rukajarvensuunnanhistoriayhdistys.fi\/historiayhdistys\/#organization"},"potentialAction":[{"@type":"SearchAction","target":{"@type":"EntryPoint","urlTemplate":"http:\/\/www.rukajarvensuunnanhistoriayhdistys.fi\/historiayhdistys\/?s={search_term_string}"},"query-input":{"@type":"PropertyValueSpecification","valueRequired":true,"valueName":"search_term_string"}}],"inLanguage":"fi"},{"@type":"Organization","@id":"http:\/\/www.rukajarvensuunnanhistoriayhdistys.fi\/historiayhdistys\/#organization","name":"Rukaj\u00e4rven suunnan historiayhdistys","url":"http:\/\/www.rukajarvensuunnanhistoriayhdistys.fi\/historiayhdistys\/","logo":{"@type":"ImageObject","inLanguage":"fi","@id":"http:\/\/www.rukajarvensuunnanhistoriayhdistys.fi\/historiayhdistys\/#\/schema\/logo\/image\/","url":"http:\/\/www.rukajarvensuunnanhistoriayhdistys.fi\/historiayhdistys\/wp-content\/uploads\/2013\/12\/Otsake_3.jpg","contentUrl":"http:\/\/www.rukajarvensuunnanhistoriayhdistys.fi\/historiayhdistys\/wp-content\/uploads\/2013\/12\/Otsake_3.jpg","width":1000,"height":442,"caption":"Rukaj\u00e4rven suunnan historiayhdistys"},"image":{"@id":"http:\/\/www.rukajarvensuunnanhistoriayhdistys.fi\/historiayhdistys\/#\/schema\/logo\/image\/"}},{"@type":"Person","@id":"http:\/\/www.rukajarvensuunnanhistoriayhdistys.fi\/historiayhdistys\/#\/schema\/person\/19de7db68bf72dfd2b5d7f6dfbf8454d","name":"RSHY","image":{"@type":"ImageObject","inLanguage":"fi","@id":"https:\/\/secure.gravatar.com\/avatar\/598d59263a69cc8de65fcb4f9db78d6f58c098cb0e0ba22d73377441af9fa04c?s=96&d=blank&r=g","url":"https:\/\/secure.gravatar.com\/avatar\/598d59263a69cc8de65fcb4f9db78d6f58c098cb0e0ba22d73377441af9fa04c?s=96&d=blank&r=g","contentUrl":"https:\/\/secure.gravatar.com\/avatar\/598d59263a69cc8de65fcb4f9db78d6f58c098cb0e0ba22d73377441af9fa04c?s=96&d=blank&r=g","caption":"RSHY"},"url":"http:\/\/www.rukajarvensuunnanhistoriayhdistys.fi\/historiayhdistys\/author\/rshy\/"}]}},"_links":{"self":[{"href":"http:\/\/www.rukajarvensuunnanhistoriayhdistys.fi\/historiayhdistys\/wp-json\/wp\/v2\/posts\/4990","targetHints":{"allow":["GET"]}}],"collection":[{"href":"http:\/\/www.rukajarvensuunnanhistoriayhdistys.fi\/historiayhdistys\/wp-json\/wp\/v2\/posts"}],"about":[{"href":"http:\/\/www.rukajarvensuunnanhistoriayhdistys.fi\/historiayhdistys\/wp-json\/wp\/v2\/types\/post"}],"author":[{"embeddable":true,"href":"http:\/\/www.rukajarvensuunnanhistoriayhdistys.fi\/historiayhdistys\/wp-json\/wp\/v2\/users\/3"}],"replies":[{"embeddable":true,"href":"http:\/\/www.rukajarvensuunnanhistoriayhdistys.fi\/historiayhdistys\/wp-json\/wp\/v2\/comments?post=4990"}],"version-history":[{"count":9,"href":"http:\/\/www.rukajarvensuunnanhistoriayhdistys.fi\/historiayhdistys\/wp-json\/wp\/v2\/posts\/4990\/revisions"}],"predecessor-version":[{"id":5156,"href":"http:\/\/www.rukajarvensuunnanhistoriayhdistys.fi\/historiayhdistys\/wp-json\/wp\/v2\/posts\/4990\/revisions\/5156"}],"wp:featuredmedia":[{"embeddable":true,"href":"http:\/\/www.rukajarvensuunnanhistoriayhdistys.fi\/historiayhdistys\/wp-json\/wp\/v2\/media\/5092"}],"wp:attachment":[{"href":"http:\/\/www.rukajarvensuunnanhistoriayhdistys.fi\/historiayhdistys\/wp-json\/wp\/v2\/media?parent=4990"}],"wp:term":[{"taxonomy":"category","embeddable":true,"href":"http:\/\/www.rukajarvensuunnanhistoriayhdistys.fi\/historiayhdistys\/wp-json\/wp\/v2\/categories?post=4990"},{"taxonomy":"post_tag","embeddable":true,"href":"http:\/\/www.rukajarvensuunnanhistoriayhdistys.fi\/historiayhdistys\/wp-json\/wp\/v2\/tags?post=4990"}],"curies":[{"name":"wp","href":"https:\/\/api.w.org\/{rel}","templated":true}]}}