{"id":5198,"date":"2014-09-22T10:54:47","date_gmt":"2014-09-22T07:54:47","guid":{"rendered":"http:\/\/www.rukajarvensuunnanhistoriayhdistys.fi\/historiayhdistys\/?p=5198"},"modified":"2014-09-22T10:54:47","modified_gmt":"2014-09-22T07:54:47","slug":"tietoa-tulevasta-toiminnasta-konserteista-seminaareista-ja-esilla-olevista-nayttelyista-2","status":"publish","type":"post","link":"http:\/\/www.rukajarvensuunnanhistoriayhdistys.fi\/historiayhdistys\/tietoa-tulevasta-toiminnasta-konserteista-seminaareista-ja-esilla-olevista-nayttelyista-2\/","title":{"rendered":"Tietoa tulevasta toiminnasta, konserteista \u2013 seminaareista ja esill\u00e4 olevista n\u00e4yttelyist\u00e4"},"content":{"rendered":"<div class=\"fcbkbttn_buttons_block\" id=\"fcbkbttn_left\"><div class=\"fcbkbttn_like \"><fb:like href=\"http:\/\/www.rukajarvensuunnanhistoriayhdistys.fi\/historiayhdistys\/tietoa-tulevasta-toiminnasta-konserteista-seminaareista-ja-esilla-olevista-nayttelyista-2\/\" action=\"like\" colorscheme=\"light\" layout=\"button_count\"  size=\"small\"><\/fb:like><\/div><\/div><h1>Tietoa tulevasta toiminnasta, konserteista \u2013 seminaareista ja esill\u00e4 olevista n\u00e4yttelyist\u00e4<\/h1>\n<p><strong>A. RSHY:n Vuosikokous Kiuruveden kulttuurikeskuksessa 27.9.2014 klo 14,00 \u2013 16.00<\/strong><\/p>\n<p><strong>B. Kevytosasto 2:n taistelujen tie \u2013\u00a0Raappanan nyrkki seminaarit<\/strong><\/p>\n<p>\u2013 Kiuruvesi Kultuurikeskus 27.9.2014 klo 10.00, os. L\u00e4hteentie 10<\/p>\n<p>\u2013 Iisalmi Rukaj\u00e4rvi-keskus 28.9.2014 klo 12.00, os. Savonkatu<\/p>\n<p>\u2013 Lieksa, Lieksan lukion auditorio 29.9.2014, klo 18.00, Koulukatu 16, Lieksa<\/p>\n<p><strong>C. Avoinna olevat n\u00e4yttelyt \u2013 kannattaa tutustua<\/strong><\/p>\n<ol>\n<li>Kiuruveden kulttuurikeskuksessa Kevytosasto 2:n taistelutie valokuvan\u00e4yttely syyskuun 27. p\u00e4iv\u00e4\u00e4n saakka<\/li>\n<li>Nurmeksen museo, K\u00f6tsintie 2, Nurmes, Veikko Haapalainen Jatkosodassa, Puhdet\u00f6it\u00e4 ja valokuvia Rukaj\u00e4rven suunnalta 26.8. \u2013 15.10.2014.<\/li>\n<li>LomaSirmakan Raappana salissa os. Tavintie 6, Nurmes, Komentaja E. J. Raappanan el\u00e4m\u00e4nty\u00f6t\u00e4 k\u00e4sittelev\u00e4 n\u00e4yttely, esill\u00e4 loppuvuoden.<\/li>\n<li>Lieksan Asemalla \u201dRautatiet sodan huoltoteht\u00e4viss\u00e4\u201d, Avoinna my\u00f6s tilauksesta, yhteystieto, P\u00e4ivi Putkonen 0400-916 470.<\/li>\n<li>Lieksan Rukaj\u00e4rvi-keskuksen n\u00e4yttely on uusiutunut. Esill\u00e4 on nyt aikaisemmin esill\u00e4 olleitten n\u00e4yttelyjen lis\u00e4ksi komentaja Raappana \u2013 uudessa valossa<\/li>\n<li>Iisalmen Rukaj\u00e4rvi-keskuksen n\u00e4yttely uudistuu 28.9.2014, seminaarin yhteydess\u00e4 avataan uusi n\u00e4yttely.<\/li>\n<\/ol>\n<p>N\u00e4ill\u00e4 nettisivuillamme kerromme em. tilaisuuksistamme lis\u00e4tietoa. Yrit\u00e4n valmistella esityksen Kansalaisjuhlasta ja juhlajunasta, josta tulen pit\u00e4m\u00e4\u00e4n tarpeen mukaan lyhyit\u00e4 ja pidempi\u00e4kin esityksi\u00e4 halukkaille em. tilaisuuksissa.<\/p>\n<p>Tervetuloa tilaisuuksiin ja n\u00e4yttelyihimme.<\/p>\n<p>Tenho Tikkanen, puheenjohtaja<\/p>\n<p><a href=\"http:\/\/www.rukajarvensuunnanhistoriayhdistys.fi\/\">www.rukajarvensuunnanhistoriayhdistys.fi<\/a><\/p>\n","protected":false},"excerpt":{"rendered":"<p>Tietoa tulevasta toiminnasta, konserteista \u2013 seminaareista ja esill\u00e4 olevista n\u00e4yttelyist\u00e4 A. RSHY:n Vuosikokous Kiuruveden kulttuurikeskuksessa 27.9.2014 klo 14,00 \u2013 16.00 B. Kevytosasto 2:n taistelujen tie \u2013\u00a0Raappanan nyrkki seminaarit \u2013 Kiuruvesi <a class=\"more-link\" href=\"http:\/\/www.rukajarvensuunnanhistoriayhdistys.fi\/historiayhdistys\/tietoa-tulevasta-toiminnasta-konserteista-seminaareista-ja-esilla-olevista-nayttelyista-2\/\">Teksti jatkuu&#8230;<span class=\"screen-reader-text\">Tietoa tulevasta toiminnasta, konserteista \u2013 seminaareista ja esill\u00e4 olevista n\u00e4yttelyist\u00e4<\/span><span class=\"meta-nav\">\u2192<\/span><\/a><\/p>\n","protected":false},"author":3,"featured_media":0,"comment_status":"closed","ping_status":"open","sticky":false,"template":"","format":"standard","meta":{"footnotes":""},"categories":[21],"tags":[],"class_list":["post-5198","post","type-post","status-publish","format-standard","hentry","category-rukajarvi-keskus"],"yoast_head":"<!-- This site is optimized with the Yoast SEO plugin v27.4 - https:\/\/yoast.com\/product\/yoast-seo-wordpress\/ -->\n<title>Tietoa tulevasta toiminnasta, konserteista \u2013 seminaareista ja esill\u00e4 olevista n\u00e4yttelyist\u00e4 - Rukaj\u00e4rven suunnan historiayhdistys<\/title>\n<meta name=\"robots\" content=\"index, follow, max-snippet:-1, max-image-preview:large, max-video-preview:-1\" \/>\n<link rel=\"canonical\" href=\"https:\/\/www.rukajarvensuunnanhistoriayhdistys.fi\/historiayhdistys\/tietoa-tulevasta-toiminnasta-konserteista-seminaareista-ja-esilla-olevista-nayttelyista-2\/\" \/>\n<meta property=\"og:locale\" content=\"fi_FI\" \/>\n<meta property=\"og:type\" content=\"article\" \/>\n<meta property=\"og:title\" content=\"Tietoa tulevasta toiminnasta, konserteista \u2013 seminaareista ja esill\u00e4 olevista n\u00e4yttelyist\u00e4 - Rukaj\u00e4rven suunnan historiayhdistys\" \/>\n<meta property=\"og:description\" content=\"Tietoa tulevasta toiminnasta, konserteista \u2013 seminaareista ja esill\u00e4 olevista n\u00e4yttelyist\u00e4 A. RSHY:n Vuosikokous Kiuruveden kulttuurikeskuksessa 27.9.2014 klo 14,00 \u2013 16.00 B. Kevytosasto 2:n taistelujen tie \u2013\u00a0Raappanan nyrkki seminaarit \u2013 Kiuruvesi Teksti jatkuu...Tietoa tulevasta toiminnasta, konserteista \u2013 seminaareista ja esill\u00e4 olevista n\u00e4yttelyist\u00e4\u2192\" \/>\n<meta property=\"og:url\" content=\"https:\/\/www.rukajarvensuunnanhistoriayhdistys.fi\/historiayhdistys\/tietoa-tulevasta-toiminnasta-konserteista-seminaareista-ja-esilla-olevista-nayttelyista-2\/\" \/>\n<meta property=\"og:site_name\" content=\"Rukaj\u00e4rven suunnan historiayhdistys\" \/>\n<meta property=\"article:published_time\" content=\"2014-09-22T07:54:47+00:00\" \/>\n<meta name=\"author\" content=\"RSHY\" \/>\n<meta name=\"twitter:label1\" content=\"Kirjoittanut\" \/>\n\t<meta name=\"twitter:data1\" content=\"RSHY\" \/>\n\t<meta name=\"twitter:label2\" content=\"Arvioitu lukuaika\" \/>\n\t<meta name=\"twitter:data2\" content=\"1 minuutti\" \/>\n<script type=\"application\/ld+json\" class=\"yoast-schema-graph\">{\"@context\":\"https:\\\/\\\/schema.org\",\"@graph\":[{\"@type\":\"Article\",\"@id\":\"https:\\\/\\\/www.rukajarvensuunnanhistoriayhdistys.fi\\\/historiayhdistys\\\/tietoa-tulevasta-toiminnasta-konserteista-seminaareista-ja-esilla-olevista-nayttelyista-2\\\/#article\",\"isPartOf\":{\"@id\":\"https:\\\/\\\/www.rukajarvensuunnanhistoriayhdistys.fi\\\/historiayhdistys\\\/tietoa-tulevasta-toiminnasta-konserteista-seminaareista-ja-esilla-olevista-nayttelyista-2\\\/\"},\"author\":{\"name\":\"RSHY\",\"@id\":\"http:\\\/\\\/www.rukajarvensuunnanhistoriayhdistys.fi\\\/historiayhdistys\\\/#\\\/schema\\\/person\\\/19de7db68bf72dfd2b5d7f6dfbf8454d\"},\"headline\":\"Tietoa tulevasta toiminnasta, konserteista \u2013 seminaareista ja esill\u00e4 olevista n\u00e4yttelyist\u00e4\",\"datePublished\":\"2014-09-22T07:54:47+00:00\",\"mainEntityOfPage\":{\"@id\":\"https:\\\/\\\/www.rukajarvensuunnanhistoriayhdistys.fi\\\/historiayhdistys\\\/tietoa-tulevasta-toiminnasta-konserteista-seminaareista-ja-esilla-olevista-nayttelyista-2\\\/\"},\"wordCount\":197,\"publisher\":{\"@id\":\"http:\\\/\\\/www.rukajarvensuunnanhistoriayhdistys.fi\\\/historiayhdistys\\\/#organization\"},\"articleSection\":[\"Rukaj\u00e4rvi-keskus\"],\"inLanguage\":\"fi\"},{\"@type\":\"WebPage\",\"@id\":\"https:\\\/\\\/www.rukajarvensuunnanhistoriayhdistys.fi\\\/historiayhdistys\\\/tietoa-tulevasta-toiminnasta-konserteista-seminaareista-ja-esilla-olevista-nayttelyista-2\\\/\",\"url\":\"https:\\\/\\\/www.rukajarvensuunnanhistoriayhdistys.fi\\\/historiayhdistys\\\/tietoa-tulevasta-toiminnasta-konserteista-seminaareista-ja-esilla-olevista-nayttelyista-2\\\/\",\"name\":\"Tietoa tulevasta toiminnasta, konserteista \u2013 seminaareista ja esill\u00e4 olevista n\u00e4yttelyist\u00e4 - Rukaj\u00e4rven suunnan historiayhdistys\",\"isPartOf\":{\"@id\":\"http:\\\/\\\/www.rukajarvensuunnanhistoriayhdistys.fi\\\/historiayhdistys\\\/#website\"},\"datePublished\":\"2014-09-22T07:54:47+00:00\",\"breadcrumb\":{\"@id\":\"https:\\\/\\\/www.rukajarvensuunnanhistoriayhdistys.fi\\\/historiayhdistys\\\/tietoa-tulevasta-toiminnasta-konserteista-seminaareista-ja-esilla-olevista-nayttelyista-2\\\/#breadcrumb\"},\"inLanguage\":\"fi\",\"potentialAction\":[{\"@type\":\"ReadAction\",\"target\":[\"https:\\\/\\\/www.rukajarvensuunnanhistoriayhdistys.fi\\\/historiayhdistys\\\/tietoa-tulevasta-toiminnasta-konserteista-seminaareista-ja-esilla-olevista-nayttelyista-2\\\/\"]}]},{\"@type\":\"BreadcrumbList\",\"@id\":\"https:\\\/\\\/www.rukajarvensuunnanhistoriayhdistys.fi\\\/historiayhdistys\\\/tietoa-tulevasta-toiminnasta-konserteista-seminaareista-ja-esilla-olevista-nayttelyista-2\\\/#breadcrumb\",\"itemListElement\":[{\"@type\":\"ListItem\",\"position\":1,\"name\":\"Etusivu\",\"item\":\"http:\\\/\\\/www.rukajarvensuunnanhistoriayhdistys.fi\\\/historiayhdistys\\\/\"},{\"@type\":\"ListItem\",\"position\":2,\"name\":\"Tietoa tulevasta toiminnasta, konserteista \u2013 seminaareista ja esill\u00e4 olevista n\u00e4yttelyist\u00e4\"}]},{\"@type\":\"WebSite\",\"@id\":\"http:\\\/\\\/www.rukajarvensuunnanhistoriayhdistys.fi\\\/historiayhdistys\\\/#website\",\"url\":\"http:\\\/\\\/www.rukajarvensuunnanhistoriayhdistys.fi\\\/historiayhdistys\\\/\",\"name\":\"Rukaj\u00e4rven suunnan historiayhdistys\",\"description\":\"Rukaj\u00e4rven suunnan historiayhdistyksen verkkosivut.\",\"publisher\":{\"@id\":\"http:\\\/\\\/www.rukajarvensuunnanhistoriayhdistys.fi\\\/historiayhdistys\\\/#organization\"},\"potentialAction\":[{\"@type\":\"SearchAction\",\"target\":{\"@type\":\"EntryPoint\",\"urlTemplate\":\"http:\\\/\\\/www.rukajarvensuunnanhistoriayhdistys.fi\\\/historiayhdistys\\\/?s={search_term_string}\"},\"query-input\":{\"@type\":\"PropertyValueSpecification\",\"valueRequired\":true,\"valueName\":\"search_term_string\"}}],\"inLanguage\":\"fi\"},{\"@type\":\"Organization\",\"@id\":\"http:\\\/\\\/www.rukajarvensuunnanhistoriayhdistys.fi\\\/historiayhdistys\\\/#organization\",\"name\":\"Rukaj\u00e4rven suunnan historiayhdistys\",\"url\":\"http:\\\/\\\/www.rukajarvensuunnanhistoriayhdistys.fi\\\/historiayhdistys\\\/\",\"logo\":{\"@type\":\"ImageObject\",\"inLanguage\":\"fi\",\"@id\":\"http:\\\/\\\/www.rukajarvensuunnanhistoriayhdistys.fi\\\/historiayhdistys\\\/#\\\/schema\\\/logo\\\/image\\\/\",\"url\":\"http:\\\/\\\/www.rukajarvensuunnanhistoriayhdistys.fi\\\/historiayhdistys\\\/wp-content\\\/uploads\\\/2013\\\/12\\\/Otsake_3.jpg\",\"contentUrl\":\"http:\\\/\\\/www.rukajarvensuunnanhistoriayhdistys.fi\\\/historiayhdistys\\\/wp-content\\\/uploads\\\/2013\\\/12\\\/Otsake_3.jpg\",\"width\":1000,\"height\":442,\"caption\":\"Rukaj\u00e4rven suunnan historiayhdistys\"},\"image\":{\"@id\":\"http:\\\/\\\/www.rukajarvensuunnanhistoriayhdistys.fi\\\/historiayhdistys\\\/#\\\/schema\\\/logo\\\/image\\\/\"}},{\"@type\":\"Person\",\"@id\":\"http:\\\/\\\/www.rukajarvensuunnanhistoriayhdistys.fi\\\/historiayhdistys\\\/#\\\/schema\\\/person\\\/19de7db68bf72dfd2b5d7f6dfbf8454d\",\"name\":\"RSHY\",\"image\":{\"@type\":\"ImageObject\",\"inLanguage\":\"fi\",\"@id\":\"https:\\\/\\\/secure.gravatar.com\\\/avatar\\\/598d59263a69cc8de65fcb4f9db78d6f58c098cb0e0ba22d73377441af9fa04c?s=96&d=blank&r=g\",\"url\":\"https:\\\/\\\/secure.gravatar.com\\\/avatar\\\/598d59263a69cc8de65fcb4f9db78d6f58c098cb0e0ba22d73377441af9fa04c?s=96&d=blank&r=g\",\"contentUrl\":\"https:\\\/\\\/secure.gravatar.com\\\/avatar\\\/598d59263a69cc8de65fcb4f9db78d6f58c098cb0e0ba22d73377441af9fa04c?s=96&d=blank&r=g\",\"caption\":\"RSHY\"},\"url\":\"http:\\\/\\\/www.rukajarvensuunnanhistoriayhdistys.fi\\\/historiayhdistys\\\/author\\\/rshy\\\/\"}]}<\/script>\n<!-- \/ Yoast SEO plugin. -->","yoast_head_json":{"title":"Tietoa tulevasta toiminnasta, konserteista \u2013 seminaareista ja esill\u00e4 olevista n\u00e4yttelyist\u00e4 - Rukaj\u00e4rven suunnan historiayhdistys","robots":{"index":"index","follow":"follow","max-snippet":"max-snippet:-1","max-image-preview":"max-image-preview:large","max-video-preview":"max-video-preview:-1"},"canonical":"https:\/\/www.rukajarvensuunnanhistoriayhdistys.fi\/historiayhdistys\/tietoa-tulevasta-toiminnasta-konserteista-seminaareista-ja-esilla-olevista-nayttelyista-2\/","og_locale":"fi_FI","og_type":"article","og_title":"Tietoa tulevasta toiminnasta, konserteista \u2013 seminaareista ja esill\u00e4 olevista n\u00e4yttelyist\u00e4 - Rukaj\u00e4rven suunnan historiayhdistys","og_description":"Tietoa tulevasta toiminnasta, konserteista \u2013 seminaareista ja esill\u00e4 olevista n\u00e4yttelyist\u00e4 A. RSHY:n Vuosikokous Kiuruveden kulttuurikeskuksessa 27.9.2014 klo 14,00 \u2013 16.00 B. Kevytosasto 2:n taistelujen tie \u2013\u00a0Raappanan nyrkki seminaarit \u2013 Kiuruvesi Teksti jatkuu...Tietoa tulevasta toiminnasta, konserteista \u2013 seminaareista ja esill\u00e4 olevista n\u00e4yttelyist\u00e4\u2192","og_url":"https:\/\/www.rukajarvensuunnanhistoriayhdistys.fi\/historiayhdistys\/tietoa-tulevasta-toiminnasta-konserteista-seminaareista-ja-esilla-olevista-nayttelyista-2\/","og_site_name":"Rukaj\u00e4rven suunnan historiayhdistys","article_published_time":"2014-09-22T07:54:47+00:00","author":"RSHY","twitter_misc":{"Kirjoittanut":"RSHY","Arvioitu lukuaika":"1 minuutti"},"schema":{"@context":"https:\/\/schema.org","@graph":[{"@type":"Article","@id":"https:\/\/www.rukajarvensuunnanhistoriayhdistys.fi\/historiayhdistys\/tietoa-tulevasta-toiminnasta-konserteista-seminaareista-ja-esilla-olevista-nayttelyista-2\/#article","isPartOf":{"@id":"https:\/\/www.rukajarvensuunnanhistoriayhdistys.fi\/historiayhdistys\/tietoa-tulevasta-toiminnasta-konserteista-seminaareista-ja-esilla-olevista-nayttelyista-2\/"},"author":{"name":"RSHY","@id":"http:\/\/www.rukajarvensuunnanhistoriayhdistys.fi\/historiayhdistys\/#\/schema\/person\/19de7db68bf72dfd2b5d7f6dfbf8454d"},"headline":"Tietoa tulevasta toiminnasta, konserteista \u2013 seminaareista ja esill\u00e4 olevista n\u00e4yttelyist\u00e4","datePublished":"2014-09-22T07:54:47+00:00","mainEntityOfPage":{"@id":"https:\/\/www.rukajarvensuunnanhistoriayhdistys.fi\/historiayhdistys\/tietoa-tulevasta-toiminnasta-konserteista-seminaareista-ja-esilla-olevista-nayttelyista-2\/"},"wordCount":197,"publisher":{"@id":"http:\/\/www.rukajarvensuunnanhistoriayhdistys.fi\/historiayhdistys\/#organization"},"articleSection":["Rukaj\u00e4rvi-keskus"],"inLanguage":"fi"},{"@type":"WebPage","@id":"https:\/\/www.rukajarvensuunnanhistoriayhdistys.fi\/historiayhdistys\/tietoa-tulevasta-toiminnasta-konserteista-seminaareista-ja-esilla-olevista-nayttelyista-2\/","url":"https:\/\/www.rukajarvensuunnanhistoriayhdistys.fi\/historiayhdistys\/tietoa-tulevasta-toiminnasta-konserteista-seminaareista-ja-esilla-olevista-nayttelyista-2\/","name":"Tietoa tulevasta toiminnasta, konserteista \u2013 seminaareista ja esill\u00e4 olevista n\u00e4yttelyist\u00e4 - Rukaj\u00e4rven suunnan historiayhdistys","isPartOf":{"@id":"http:\/\/www.rukajarvensuunnanhistoriayhdistys.fi\/historiayhdistys\/#website"},"datePublished":"2014-09-22T07:54:47+00:00","breadcrumb":{"@id":"https:\/\/www.rukajarvensuunnanhistoriayhdistys.fi\/historiayhdistys\/tietoa-tulevasta-toiminnasta-konserteista-seminaareista-ja-esilla-olevista-nayttelyista-2\/#breadcrumb"},"inLanguage":"fi","potentialAction":[{"@type":"ReadAction","target":["https:\/\/www.rukajarvensuunnanhistoriayhdistys.fi\/historiayhdistys\/tietoa-tulevasta-toiminnasta-konserteista-seminaareista-ja-esilla-olevista-nayttelyista-2\/"]}]},{"@type":"BreadcrumbList","@id":"https:\/\/www.rukajarvensuunnanhistoriayhdistys.fi\/historiayhdistys\/tietoa-tulevasta-toiminnasta-konserteista-seminaareista-ja-esilla-olevista-nayttelyista-2\/#breadcrumb","itemListElement":[{"@type":"ListItem","position":1,"name":"Etusivu","item":"http:\/\/www.rukajarvensuunnanhistoriayhdistys.fi\/historiayhdistys\/"},{"@type":"ListItem","position":2,"name":"Tietoa tulevasta toiminnasta, konserteista \u2013 seminaareista ja esill\u00e4 olevista n\u00e4yttelyist\u00e4"}]},{"@type":"WebSite","@id":"http:\/\/www.rukajarvensuunnanhistoriayhdistys.fi\/historiayhdistys\/#website","url":"http:\/\/www.rukajarvensuunnanhistoriayhdistys.fi\/historiayhdistys\/","name":"Rukaj\u00e4rven suunnan historiayhdistys","description":"Rukaj\u00e4rven suunnan historiayhdistyksen verkkosivut.","publisher":{"@id":"http:\/\/www.rukajarvensuunnanhistoriayhdistys.fi\/historiayhdistys\/#organization"},"potentialAction":[{"@type":"SearchAction","target":{"@type":"EntryPoint","urlTemplate":"http:\/\/www.rukajarvensuunnanhistoriayhdistys.fi\/historiayhdistys\/?s={search_term_string}"},"query-input":{"@type":"PropertyValueSpecification","valueRequired":true,"valueName":"search_term_string"}}],"inLanguage":"fi"},{"@type":"Organization","@id":"http:\/\/www.rukajarvensuunnanhistoriayhdistys.fi\/historiayhdistys\/#organization","name":"Rukaj\u00e4rven suunnan historiayhdistys","url":"http:\/\/www.rukajarvensuunnanhistoriayhdistys.fi\/historiayhdistys\/","logo":{"@type":"ImageObject","inLanguage":"fi","@id":"http:\/\/www.rukajarvensuunnanhistoriayhdistys.fi\/historiayhdistys\/#\/schema\/logo\/image\/","url":"http:\/\/www.rukajarvensuunnanhistoriayhdistys.fi\/historiayhdistys\/wp-content\/uploads\/2013\/12\/Otsake_3.jpg","contentUrl":"http:\/\/www.rukajarvensuunnanhistoriayhdistys.fi\/historiayhdistys\/wp-content\/uploads\/2013\/12\/Otsake_3.jpg","width":1000,"height":442,"caption":"Rukaj\u00e4rven suunnan historiayhdistys"},"image":{"@id":"http:\/\/www.rukajarvensuunnanhistoriayhdistys.fi\/historiayhdistys\/#\/schema\/logo\/image\/"}},{"@type":"Person","@id":"http:\/\/www.rukajarvensuunnanhistoriayhdistys.fi\/historiayhdistys\/#\/schema\/person\/19de7db68bf72dfd2b5d7f6dfbf8454d","name":"RSHY","image":{"@type":"ImageObject","inLanguage":"fi","@id":"https:\/\/secure.gravatar.com\/avatar\/598d59263a69cc8de65fcb4f9db78d6f58c098cb0e0ba22d73377441af9fa04c?s=96&d=blank&r=g","url":"https:\/\/secure.gravatar.com\/avatar\/598d59263a69cc8de65fcb4f9db78d6f58c098cb0e0ba22d73377441af9fa04c?s=96&d=blank&r=g","contentUrl":"https:\/\/secure.gravatar.com\/avatar\/598d59263a69cc8de65fcb4f9db78d6f58c098cb0e0ba22d73377441af9fa04c?s=96&d=blank&r=g","caption":"RSHY"},"url":"http:\/\/www.rukajarvensuunnanhistoriayhdistys.fi\/historiayhdistys\/author\/rshy\/"}]}},"_links":{"self":[{"href":"http:\/\/www.rukajarvensuunnanhistoriayhdistys.fi\/historiayhdistys\/wp-json\/wp\/v2\/posts\/5198","targetHints":{"allow":["GET"]}}],"collection":[{"href":"http:\/\/www.rukajarvensuunnanhistoriayhdistys.fi\/historiayhdistys\/wp-json\/wp\/v2\/posts"}],"about":[{"href":"http:\/\/www.rukajarvensuunnanhistoriayhdistys.fi\/historiayhdistys\/wp-json\/wp\/v2\/types\/post"}],"author":[{"embeddable":true,"href":"http:\/\/www.rukajarvensuunnanhistoriayhdistys.fi\/historiayhdistys\/wp-json\/wp\/v2\/users\/3"}],"replies":[{"embeddable":true,"href":"http:\/\/www.rukajarvensuunnanhistoriayhdistys.fi\/historiayhdistys\/wp-json\/wp\/v2\/comments?post=5198"}],"version-history":[{"count":1,"href":"http:\/\/www.rukajarvensuunnanhistoriayhdistys.fi\/historiayhdistys\/wp-json\/wp\/v2\/posts\/5198\/revisions"}],"predecessor-version":[{"id":5214,"href":"http:\/\/www.rukajarvensuunnanhistoriayhdistys.fi\/historiayhdistys\/wp-json\/wp\/v2\/posts\/5198\/revisions\/5214"}],"wp:attachment":[{"href":"http:\/\/www.rukajarvensuunnanhistoriayhdistys.fi\/historiayhdistys\/wp-json\/wp\/v2\/media?parent=5198"}],"wp:term":[{"taxonomy":"category","embeddable":true,"href":"http:\/\/www.rukajarvensuunnanhistoriayhdistys.fi\/historiayhdistys\/wp-json\/wp\/v2\/categories?post=5198"},{"taxonomy":"post_tag","embeddable":true,"href":"http:\/\/www.rukajarvensuunnanhistoriayhdistys.fi\/historiayhdistys\/wp-json\/wp\/v2\/tags?post=5198"}],"curies":[{"name":"wp","href":"https:\/\/api.w.org\/{rel}","templated":true}]}}