{"id":5215,"date":"2014-09-22T11:16:01","date_gmt":"2014-09-22T08:16:01","guid":{"rendered":"http:\/\/www.rukajarvensuunnanhistoriayhdistys.fi\/historiayhdistys\/?p=5215"},"modified":"2014-09-25T20:08:48","modified_gmt":"2014-09-25T17:08:48","slug":"raappanan-nyrkki-esittelyssa-iisalmen-rukajarvikeskuksessa-28-9-2014-klo-12-15","status":"publish","type":"post","link":"http:\/\/www.rukajarvensuunnanhistoriayhdistys.fi\/historiayhdistys\/raappanan-nyrkki-esittelyssa-iisalmen-rukajarvikeskuksessa-28-9-2014-klo-12-15\/","title":{"rendered":"Tuoreet Rukaj\u00e4rvi-kirjat esittelyss\u00e4 Iisalmen Rukaj\u00e4rvikeskuksessa 28.9.2014 klo 12-15"},"content":{"rendered":"<div class=\"fcbkbttn_buttons_block\" id=\"fcbkbttn_left\"><div class=\"fcbkbttn_like \"><fb:like href=\"http:\/\/www.rukajarvensuunnanhistoriayhdistys.fi\/historiayhdistys\/raappanan-nyrkki-esittelyssa-iisalmen-rukajarvikeskuksessa-28-9-2014-klo-12-15\/\" action=\"like\" colorscheme=\"light\" layout=\"button_count\"  size=\"small\"><\/fb:like><\/div><\/div><h1>Tuoreet Rukaj\u00e4rvi-kirjat esittelyss\u00e4 &#8211; Raappanan Nyrkki ja Rukaj\u00e4rvi-karttakirja<\/h1>\n<p>\u2013 Kiuruvesi Kulttuurikeskus 27.9.2014 klo 10.00, os. L\u00e4hteentie 10<\/p>\n<p>\u2013 Iisalmi Rukaj\u00e4rvi-keskus 28.9.2014 klo 12.00, os. Savonkatu<\/p>\n<p>\u2013 Lieksa, Lieksan lukion auditorio 29.9.2014, klo 18.00, Koulukatu 16, Lieksa<\/p>\n<h1>Iisalmen Rukaj\u00e4rvi-keskuksen tilaisuuden ilmoitus<\/h1>\n<p><a href=\"http:\/\/www.rukajarvensuunnanhistoriayhdistys.fi\/historiayhdistys\/wp-content\/uploads\/2014\/09\/Iisalmen-Rukaj\u00e4rvikeskus.jpg\"><img loading=\"lazy\" decoding=\"async\" class=\"alignnone wp-image-5213 size-full\" src=\"http:\/\/www.rukajarvensuunnanhistoriayhdistys.fi\/historiayhdistys\/wp-content\/uploads\/2014\/09\/Iisalmen-Rukaj\u00e4rvikeskus.jpg\" alt=\"Iisalmen Rukaj\u00e4rvikeskus\" width=\"1240\" height=\"1754\" data-id=\"5213\" srcset=\"http:\/\/www.rukajarvensuunnanhistoriayhdistys.fi\/historiayhdistys\/wp-content\/uploads\/2014\/09\/Iisalmen-Rukaj\u00e4rvikeskus.jpg 1240w, http:\/\/www.rukajarvensuunnanhistoriayhdistys.fi\/historiayhdistys\/wp-content\/uploads\/2014\/09\/Iisalmen-Rukaj\u00e4rvikeskus-212x300.jpg 212w, http:\/\/www.rukajarvensuunnanhistoriayhdistys.fi\/historiayhdistys\/wp-content\/uploads\/2014\/09\/Iisalmen-Rukaj\u00e4rvikeskus-723x1024.jpg 723w\" sizes=\"auto, (max-width: 1240px) 100vw, 1240px\" \/><\/a>\u00a0Iisalmen tilaisuudessa oheisesta ohjelmasta poiketen\u00a0lyhyt selostus\u00a0siit\u00e4 mit\u00e4 todellisuudessa\u00a0tapahtui 3.-4.9.2014 v\u00e4lisen\u00e4 y\u00f6n\u00e4, miten juhlajuna korjattiin ja onnistuttiin saamaan liikennekuntoiseksi. Tilaisuus\u00a0pidet\u00e4\u00e4n siis 28.9.2014 klo 14.00 -14.45, jonka j\u00e4lkeen esitell\u00e4\u00e4n ja katsotaan Kevytosasto 2:n taistelutie dokumenttielokuva. RSHY muistaa\u00a0\u00a0junankorjaajia, rautatiel\u00e4isi\u00e4\u00a0ja Kajaanin asemalla ansiokkaasti toiminutta KaiPr:n edustajaa.<\/p>\n<p>Muistamiseen on varattu aikaa 45 minuuttia, jonka j\u00e4lkeen katsotaan oheisen ohjelman mukainen dokumenttielokuva Kevytosasto 2:n taistelutie.<\/p>\n<p>Puheenjohtaja\u00a0\u00a0 Tenho Tikkanen<\/p>\n","protected":false},"excerpt":{"rendered":"<p>Tuoreet Rukaj\u00e4rvi-kirjat esittelyss\u00e4 &#8211; Raappanan Nyrkki ja Rukaj\u00e4rvi-karttakirja \u2013 Kiuruvesi Kulttuurikeskus 27.9.2014 klo 10.00, os. L\u00e4hteentie 10 \u2013 Iisalmi Rukaj\u00e4rvi-keskus 28.9.2014 klo 12.00, os. Savonkatu \u2013 Lieksa, Lieksan lukion auditorio <a class=\"more-link\" href=\"http:\/\/www.rukajarvensuunnanhistoriayhdistys.fi\/historiayhdistys\/raappanan-nyrkki-esittelyssa-iisalmen-rukajarvikeskuksessa-28-9-2014-klo-12-15\/\">Teksti jatkuu&#8230;<span class=\"screen-reader-text\">Tuoreet Rukaj\u00e4rvi-kirjat esittelyss\u00e4 Iisalmen Rukaj\u00e4rvikeskuksessa 28.9.2014 klo 12-15<\/span><span class=\"meta-nav\">\u2192<\/span><\/a><\/p>\n","protected":false},"author":3,"featured_media":0,"comment_status":"closed","ping_status":"open","sticky":false,"template":"","format":"standard","meta":{"footnotes":""},"categories":[21,33],"tags":[],"class_list":["post-5215","post","type-post","status-publish","format-standard","hentry","category-rukajarvi-keskus","category-rukajarvi-keskus-iisalmi"],"yoast_head":"<!-- This site is optimized with the Yoast SEO plugin v27.4 - https:\/\/yoast.com\/product\/yoast-seo-wordpress\/ -->\n<title>Tuoreet Rukaj\u00e4rvi-kirjat esittelyss\u00e4 Iisalmen Rukaj\u00e4rvikeskuksessa 28.9.2014 klo 12-15 - Rukaj\u00e4rven suunnan historiayhdistys<\/title>\n<meta name=\"robots\" content=\"index, follow, max-snippet:-1, max-image-preview:large, max-video-preview:-1\" \/>\n<link rel=\"canonical\" href=\"http:\/\/www.rukajarvensuunnanhistoriayhdistys.fi\/historiayhdistys\/raappanan-nyrkki-esittelyssa-iisalmen-rukajarvikeskuksessa-28-9-2014-klo-12-15\/\" \/>\n<meta property=\"og:locale\" content=\"fi_FI\" \/>\n<meta property=\"og:type\" content=\"article\" \/>\n<meta property=\"og:title\" content=\"Tuoreet Rukaj\u00e4rvi-kirjat esittelyss\u00e4 Iisalmen Rukaj\u00e4rvikeskuksessa 28.9.2014 klo 12-15 - Rukaj\u00e4rven suunnan historiayhdistys\" \/>\n<meta property=\"og:description\" content=\"Tuoreet Rukaj\u00e4rvi-kirjat esittelyss\u00e4 &#8211; Raappanan Nyrkki ja Rukaj\u00e4rvi-karttakirja \u2013 Kiuruvesi Kulttuurikeskus 27.9.2014 klo 10.00, os. L\u00e4hteentie 10 \u2013 Iisalmi Rukaj\u00e4rvi-keskus 28.9.2014 klo 12.00, os. Savonkatu \u2013 Lieksa, Lieksan lukion auditorio Teksti jatkuu...Tuoreet Rukaj\u00e4rvi-kirjat esittelyss\u00e4 Iisalmen Rukaj\u00e4rvikeskuksessa 28.9.2014 klo 12-15\u2192\" \/>\n<meta property=\"og:url\" content=\"http:\/\/www.rukajarvensuunnanhistoriayhdistys.fi\/historiayhdistys\/raappanan-nyrkki-esittelyssa-iisalmen-rukajarvikeskuksessa-28-9-2014-klo-12-15\/\" \/>\n<meta property=\"og:site_name\" content=\"Rukaj\u00e4rven suunnan historiayhdistys\" \/>\n<meta property=\"article:published_time\" content=\"2014-09-22T08:16:01+00:00\" \/>\n<meta property=\"article:modified_time\" content=\"2014-09-25T17:08:48+00:00\" \/>\n<meta name=\"author\" content=\"RSHY\" \/>\n<meta name=\"twitter:label1\" content=\"Kirjoittanut\" \/>\n\t<meta name=\"twitter:data1\" content=\"RSHY\" \/>\n\t<meta name=\"twitter:label2\" content=\"Arvioitu lukuaika\" \/>\n\t<meta name=\"twitter:data2\" content=\"1 minuutti\" \/>\n<script type=\"application\/ld+json\" class=\"yoast-schema-graph\">{\"@context\":\"https:\\\/\\\/schema.org\",\"@graph\":[{\"@type\":\"Article\",\"@id\":\"http:\\\/\\\/www.rukajarvensuunnanhistoriayhdistys.fi\\\/historiayhdistys\\\/raappanan-nyrkki-esittelyssa-iisalmen-rukajarvikeskuksessa-28-9-2014-klo-12-15\\\/#article\",\"isPartOf\":{\"@id\":\"http:\\\/\\\/www.rukajarvensuunnanhistoriayhdistys.fi\\\/historiayhdistys\\\/raappanan-nyrkki-esittelyssa-iisalmen-rukajarvikeskuksessa-28-9-2014-klo-12-15\\\/\"},\"author\":{\"name\":\"RSHY\",\"@id\":\"http:\\\/\\\/www.rukajarvensuunnanhistoriayhdistys.fi\\\/historiayhdistys\\\/#\\\/schema\\\/person\\\/19de7db68bf72dfd2b5d7f6dfbf8454d\"},\"headline\":\"Tuoreet Rukaj\u00e4rvi-kirjat esittelyss\u00e4 Iisalmen Rukaj\u00e4rvikeskuksessa 28.9.2014 klo 12-15\",\"datePublished\":\"2014-09-22T08:16:01+00:00\",\"dateModified\":\"2014-09-25T17:08:48+00:00\",\"mainEntityOfPage\":{\"@id\":\"http:\\\/\\\/www.rukajarvensuunnanhistoriayhdistys.fi\\\/historiayhdistys\\\/raappanan-nyrkki-esittelyssa-iisalmen-rukajarvikeskuksessa-28-9-2014-klo-12-15\\\/\"},\"wordCount\":115,\"publisher\":{\"@id\":\"http:\\\/\\\/www.rukajarvensuunnanhistoriayhdistys.fi\\\/historiayhdistys\\\/#organization\"},\"articleSection\":[\"Rukaj\u00e4rvi-keskus\",\"Rukaj\u00e4rvi-keskus \u2013 Kiuruvesi\"],\"inLanguage\":\"fi\"},{\"@type\":\"WebPage\",\"@id\":\"http:\\\/\\\/www.rukajarvensuunnanhistoriayhdistys.fi\\\/historiayhdistys\\\/raappanan-nyrkki-esittelyssa-iisalmen-rukajarvikeskuksessa-28-9-2014-klo-12-15\\\/\",\"url\":\"http:\\\/\\\/www.rukajarvensuunnanhistoriayhdistys.fi\\\/historiayhdistys\\\/raappanan-nyrkki-esittelyssa-iisalmen-rukajarvikeskuksessa-28-9-2014-klo-12-15\\\/\",\"name\":\"Tuoreet Rukaj\u00e4rvi-kirjat esittelyss\u00e4 Iisalmen Rukaj\u00e4rvikeskuksessa 28.9.2014 klo 12-15 - Rukaj\u00e4rven suunnan historiayhdistys\",\"isPartOf\":{\"@id\":\"http:\\\/\\\/www.rukajarvensuunnanhistoriayhdistys.fi\\\/historiayhdistys\\\/#website\"},\"datePublished\":\"2014-09-22T08:16:01+00:00\",\"dateModified\":\"2014-09-25T17:08:48+00:00\",\"breadcrumb\":{\"@id\":\"http:\\\/\\\/www.rukajarvensuunnanhistoriayhdistys.fi\\\/historiayhdistys\\\/raappanan-nyrkki-esittelyssa-iisalmen-rukajarvikeskuksessa-28-9-2014-klo-12-15\\\/#breadcrumb\"},\"inLanguage\":\"fi\",\"potentialAction\":[{\"@type\":\"ReadAction\",\"target\":[\"http:\\\/\\\/www.rukajarvensuunnanhistoriayhdistys.fi\\\/historiayhdistys\\\/raappanan-nyrkki-esittelyssa-iisalmen-rukajarvikeskuksessa-28-9-2014-klo-12-15\\\/\"]}]},{\"@type\":\"BreadcrumbList\",\"@id\":\"http:\\\/\\\/www.rukajarvensuunnanhistoriayhdistys.fi\\\/historiayhdistys\\\/raappanan-nyrkki-esittelyssa-iisalmen-rukajarvikeskuksessa-28-9-2014-klo-12-15\\\/#breadcrumb\",\"itemListElement\":[{\"@type\":\"ListItem\",\"position\":1,\"name\":\"Etusivu\",\"item\":\"http:\\\/\\\/www.rukajarvensuunnanhistoriayhdistys.fi\\\/historiayhdistys\\\/\"},{\"@type\":\"ListItem\",\"position\":2,\"name\":\"Tuoreet Rukaj\u00e4rvi-kirjat esittelyss\u00e4 Iisalmen Rukaj\u00e4rvikeskuksessa 28.9.2014 klo 12-15\"}]},{\"@type\":\"WebSite\",\"@id\":\"http:\\\/\\\/www.rukajarvensuunnanhistoriayhdistys.fi\\\/historiayhdistys\\\/#website\",\"url\":\"http:\\\/\\\/www.rukajarvensuunnanhistoriayhdistys.fi\\\/historiayhdistys\\\/\",\"name\":\"Rukaj\u00e4rven suunnan historiayhdistys\",\"description\":\"Rukaj\u00e4rven suunnan historiayhdistyksen verkkosivut.\",\"publisher\":{\"@id\":\"http:\\\/\\\/www.rukajarvensuunnanhistoriayhdistys.fi\\\/historiayhdistys\\\/#organization\"},\"potentialAction\":[{\"@type\":\"SearchAction\",\"target\":{\"@type\":\"EntryPoint\",\"urlTemplate\":\"http:\\\/\\\/www.rukajarvensuunnanhistoriayhdistys.fi\\\/historiayhdistys\\\/?s={search_term_string}\"},\"query-input\":{\"@type\":\"PropertyValueSpecification\",\"valueRequired\":true,\"valueName\":\"search_term_string\"}}],\"inLanguage\":\"fi\"},{\"@type\":\"Organization\",\"@id\":\"http:\\\/\\\/www.rukajarvensuunnanhistoriayhdistys.fi\\\/historiayhdistys\\\/#organization\",\"name\":\"Rukaj\u00e4rven suunnan historiayhdistys\",\"url\":\"http:\\\/\\\/www.rukajarvensuunnanhistoriayhdistys.fi\\\/historiayhdistys\\\/\",\"logo\":{\"@type\":\"ImageObject\",\"inLanguage\":\"fi\",\"@id\":\"http:\\\/\\\/www.rukajarvensuunnanhistoriayhdistys.fi\\\/historiayhdistys\\\/#\\\/schema\\\/logo\\\/image\\\/\",\"url\":\"http:\\\/\\\/www.rukajarvensuunnanhistoriayhdistys.fi\\\/historiayhdistys\\\/wp-content\\\/uploads\\\/2013\\\/12\\\/Otsake_3.jpg\",\"contentUrl\":\"http:\\\/\\\/www.rukajarvensuunnanhistoriayhdistys.fi\\\/historiayhdistys\\\/wp-content\\\/uploads\\\/2013\\\/12\\\/Otsake_3.jpg\",\"width\":1000,\"height\":442,\"caption\":\"Rukaj\u00e4rven suunnan historiayhdistys\"},\"image\":{\"@id\":\"http:\\\/\\\/www.rukajarvensuunnanhistoriayhdistys.fi\\\/historiayhdistys\\\/#\\\/schema\\\/logo\\\/image\\\/\"}},{\"@type\":\"Person\",\"@id\":\"http:\\\/\\\/www.rukajarvensuunnanhistoriayhdistys.fi\\\/historiayhdistys\\\/#\\\/schema\\\/person\\\/19de7db68bf72dfd2b5d7f6dfbf8454d\",\"name\":\"RSHY\",\"image\":{\"@type\":\"ImageObject\",\"inLanguage\":\"fi\",\"@id\":\"https:\\\/\\\/secure.gravatar.com\\\/avatar\\\/598d59263a69cc8de65fcb4f9db78d6f58c098cb0e0ba22d73377441af9fa04c?s=96&d=blank&r=g\",\"url\":\"https:\\\/\\\/secure.gravatar.com\\\/avatar\\\/598d59263a69cc8de65fcb4f9db78d6f58c098cb0e0ba22d73377441af9fa04c?s=96&d=blank&r=g\",\"contentUrl\":\"https:\\\/\\\/secure.gravatar.com\\\/avatar\\\/598d59263a69cc8de65fcb4f9db78d6f58c098cb0e0ba22d73377441af9fa04c?s=96&d=blank&r=g\",\"caption\":\"RSHY\"},\"url\":\"http:\\\/\\\/www.rukajarvensuunnanhistoriayhdistys.fi\\\/historiayhdistys\\\/author\\\/rshy\\\/\"}]}<\/script>\n<!-- \/ Yoast SEO plugin. -->","yoast_head_json":{"title":"Tuoreet Rukaj\u00e4rvi-kirjat esittelyss\u00e4 Iisalmen Rukaj\u00e4rvikeskuksessa 28.9.2014 klo 12-15 - Rukaj\u00e4rven suunnan historiayhdistys","robots":{"index":"index","follow":"follow","max-snippet":"max-snippet:-1","max-image-preview":"max-image-preview:large","max-video-preview":"max-video-preview:-1"},"canonical":"http:\/\/www.rukajarvensuunnanhistoriayhdistys.fi\/historiayhdistys\/raappanan-nyrkki-esittelyssa-iisalmen-rukajarvikeskuksessa-28-9-2014-klo-12-15\/","og_locale":"fi_FI","og_type":"article","og_title":"Tuoreet Rukaj\u00e4rvi-kirjat esittelyss\u00e4 Iisalmen Rukaj\u00e4rvikeskuksessa 28.9.2014 klo 12-15 - Rukaj\u00e4rven suunnan historiayhdistys","og_description":"Tuoreet Rukaj\u00e4rvi-kirjat esittelyss\u00e4 &#8211; Raappanan Nyrkki ja Rukaj\u00e4rvi-karttakirja \u2013 Kiuruvesi Kulttuurikeskus 27.9.2014 klo 10.00, os. L\u00e4hteentie 10 \u2013 Iisalmi Rukaj\u00e4rvi-keskus 28.9.2014 klo 12.00, os. Savonkatu \u2013 Lieksa, Lieksan lukion auditorio Teksti jatkuu...Tuoreet Rukaj\u00e4rvi-kirjat esittelyss\u00e4 Iisalmen Rukaj\u00e4rvikeskuksessa 28.9.2014 klo 12-15\u2192","og_url":"http:\/\/www.rukajarvensuunnanhistoriayhdistys.fi\/historiayhdistys\/raappanan-nyrkki-esittelyssa-iisalmen-rukajarvikeskuksessa-28-9-2014-klo-12-15\/","og_site_name":"Rukaj\u00e4rven suunnan historiayhdistys","article_published_time":"2014-09-22T08:16:01+00:00","article_modified_time":"2014-09-25T17:08:48+00:00","author":"RSHY","twitter_misc":{"Kirjoittanut":"RSHY","Arvioitu lukuaika":"1 minuutti"},"schema":{"@context":"https:\/\/schema.org","@graph":[{"@type":"Article","@id":"http:\/\/www.rukajarvensuunnanhistoriayhdistys.fi\/historiayhdistys\/raappanan-nyrkki-esittelyssa-iisalmen-rukajarvikeskuksessa-28-9-2014-klo-12-15\/#article","isPartOf":{"@id":"http:\/\/www.rukajarvensuunnanhistoriayhdistys.fi\/historiayhdistys\/raappanan-nyrkki-esittelyssa-iisalmen-rukajarvikeskuksessa-28-9-2014-klo-12-15\/"},"author":{"name":"RSHY","@id":"http:\/\/www.rukajarvensuunnanhistoriayhdistys.fi\/historiayhdistys\/#\/schema\/person\/19de7db68bf72dfd2b5d7f6dfbf8454d"},"headline":"Tuoreet Rukaj\u00e4rvi-kirjat esittelyss\u00e4 Iisalmen Rukaj\u00e4rvikeskuksessa 28.9.2014 klo 12-15","datePublished":"2014-09-22T08:16:01+00:00","dateModified":"2014-09-25T17:08:48+00:00","mainEntityOfPage":{"@id":"http:\/\/www.rukajarvensuunnanhistoriayhdistys.fi\/historiayhdistys\/raappanan-nyrkki-esittelyssa-iisalmen-rukajarvikeskuksessa-28-9-2014-klo-12-15\/"},"wordCount":115,"publisher":{"@id":"http:\/\/www.rukajarvensuunnanhistoriayhdistys.fi\/historiayhdistys\/#organization"},"articleSection":["Rukaj\u00e4rvi-keskus","Rukaj\u00e4rvi-keskus \u2013 Kiuruvesi"],"inLanguage":"fi"},{"@type":"WebPage","@id":"http:\/\/www.rukajarvensuunnanhistoriayhdistys.fi\/historiayhdistys\/raappanan-nyrkki-esittelyssa-iisalmen-rukajarvikeskuksessa-28-9-2014-klo-12-15\/","url":"http:\/\/www.rukajarvensuunnanhistoriayhdistys.fi\/historiayhdistys\/raappanan-nyrkki-esittelyssa-iisalmen-rukajarvikeskuksessa-28-9-2014-klo-12-15\/","name":"Tuoreet Rukaj\u00e4rvi-kirjat esittelyss\u00e4 Iisalmen Rukaj\u00e4rvikeskuksessa 28.9.2014 klo 12-15 - Rukaj\u00e4rven suunnan historiayhdistys","isPartOf":{"@id":"http:\/\/www.rukajarvensuunnanhistoriayhdistys.fi\/historiayhdistys\/#website"},"datePublished":"2014-09-22T08:16:01+00:00","dateModified":"2014-09-25T17:08:48+00:00","breadcrumb":{"@id":"http:\/\/www.rukajarvensuunnanhistoriayhdistys.fi\/historiayhdistys\/raappanan-nyrkki-esittelyssa-iisalmen-rukajarvikeskuksessa-28-9-2014-klo-12-15\/#breadcrumb"},"inLanguage":"fi","potentialAction":[{"@type":"ReadAction","target":["http:\/\/www.rukajarvensuunnanhistoriayhdistys.fi\/historiayhdistys\/raappanan-nyrkki-esittelyssa-iisalmen-rukajarvikeskuksessa-28-9-2014-klo-12-15\/"]}]},{"@type":"BreadcrumbList","@id":"http:\/\/www.rukajarvensuunnanhistoriayhdistys.fi\/historiayhdistys\/raappanan-nyrkki-esittelyssa-iisalmen-rukajarvikeskuksessa-28-9-2014-klo-12-15\/#breadcrumb","itemListElement":[{"@type":"ListItem","position":1,"name":"Etusivu","item":"http:\/\/www.rukajarvensuunnanhistoriayhdistys.fi\/historiayhdistys\/"},{"@type":"ListItem","position":2,"name":"Tuoreet Rukaj\u00e4rvi-kirjat esittelyss\u00e4 Iisalmen Rukaj\u00e4rvikeskuksessa 28.9.2014 klo 12-15"}]},{"@type":"WebSite","@id":"http:\/\/www.rukajarvensuunnanhistoriayhdistys.fi\/historiayhdistys\/#website","url":"http:\/\/www.rukajarvensuunnanhistoriayhdistys.fi\/historiayhdistys\/","name":"Rukaj\u00e4rven suunnan historiayhdistys","description":"Rukaj\u00e4rven suunnan historiayhdistyksen verkkosivut.","publisher":{"@id":"http:\/\/www.rukajarvensuunnanhistoriayhdistys.fi\/historiayhdistys\/#organization"},"potentialAction":[{"@type":"SearchAction","target":{"@type":"EntryPoint","urlTemplate":"http:\/\/www.rukajarvensuunnanhistoriayhdistys.fi\/historiayhdistys\/?s={search_term_string}"},"query-input":{"@type":"PropertyValueSpecification","valueRequired":true,"valueName":"search_term_string"}}],"inLanguage":"fi"},{"@type":"Organization","@id":"http:\/\/www.rukajarvensuunnanhistoriayhdistys.fi\/historiayhdistys\/#organization","name":"Rukaj\u00e4rven suunnan historiayhdistys","url":"http:\/\/www.rukajarvensuunnanhistoriayhdistys.fi\/historiayhdistys\/","logo":{"@type":"ImageObject","inLanguage":"fi","@id":"http:\/\/www.rukajarvensuunnanhistoriayhdistys.fi\/historiayhdistys\/#\/schema\/logo\/image\/","url":"http:\/\/www.rukajarvensuunnanhistoriayhdistys.fi\/historiayhdistys\/wp-content\/uploads\/2013\/12\/Otsake_3.jpg","contentUrl":"http:\/\/www.rukajarvensuunnanhistoriayhdistys.fi\/historiayhdistys\/wp-content\/uploads\/2013\/12\/Otsake_3.jpg","width":1000,"height":442,"caption":"Rukaj\u00e4rven suunnan historiayhdistys"},"image":{"@id":"http:\/\/www.rukajarvensuunnanhistoriayhdistys.fi\/historiayhdistys\/#\/schema\/logo\/image\/"}},{"@type":"Person","@id":"http:\/\/www.rukajarvensuunnanhistoriayhdistys.fi\/historiayhdistys\/#\/schema\/person\/19de7db68bf72dfd2b5d7f6dfbf8454d","name":"RSHY","image":{"@type":"ImageObject","inLanguage":"fi","@id":"https:\/\/secure.gravatar.com\/avatar\/598d59263a69cc8de65fcb4f9db78d6f58c098cb0e0ba22d73377441af9fa04c?s=96&d=blank&r=g","url":"https:\/\/secure.gravatar.com\/avatar\/598d59263a69cc8de65fcb4f9db78d6f58c098cb0e0ba22d73377441af9fa04c?s=96&d=blank&r=g","contentUrl":"https:\/\/secure.gravatar.com\/avatar\/598d59263a69cc8de65fcb4f9db78d6f58c098cb0e0ba22d73377441af9fa04c?s=96&d=blank&r=g","caption":"RSHY"},"url":"http:\/\/www.rukajarvensuunnanhistoriayhdistys.fi\/historiayhdistys\/author\/rshy\/"}]}},"_links":{"self":[{"href":"http:\/\/www.rukajarvensuunnanhistoriayhdistys.fi\/historiayhdistys\/wp-json\/wp\/v2\/posts\/5215","targetHints":{"allow":["GET"]}}],"collection":[{"href":"http:\/\/www.rukajarvensuunnanhistoriayhdistys.fi\/historiayhdistys\/wp-json\/wp\/v2\/posts"}],"about":[{"href":"http:\/\/www.rukajarvensuunnanhistoriayhdistys.fi\/historiayhdistys\/wp-json\/wp\/v2\/types\/post"}],"author":[{"embeddable":true,"href":"http:\/\/www.rukajarvensuunnanhistoriayhdistys.fi\/historiayhdistys\/wp-json\/wp\/v2\/users\/3"}],"replies":[{"embeddable":true,"href":"http:\/\/www.rukajarvensuunnanhistoriayhdistys.fi\/historiayhdistys\/wp-json\/wp\/v2\/comments?post=5215"}],"version-history":[{"count":6,"href":"http:\/\/www.rukajarvensuunnanhistoriayhdistys.fi\/historiayhdistys\/wp-json\/wp\/v2\/posts\/5215\/revisions"}],"predecessor-version":[{"id":7452,"href":"http:\/\/www.rukajarvensuunnanhistoriayhdistys.fi\/historiayhdistys\/wp-json\/wp\/v2\/posts\/5215\/revisions\/7452"}],"wp:attachment":[{"href":"http:\/\/www.rukajarvensuunnanhistoriayhdistys.fi\/historiayhdistys\/wp-json\/wp\/v2\/media?parent=5215"}],"wp:term":[{"taxonomy":"category","embeddable":true,"href":"http:\/\/www.rukajarvensuunnanhistoriayhdistys.fi\/historiayhdistys\/wp-json\/wp\/v2\/categories?post=5215"},{"taxonomy":"post_tag","embeddable":true,"href":"http:\/\/www.rukajarvensuunnanhistoriayhdistys.fi\/historiayhdistys\/wp-json\/wp\/v2\/tags?post=5215"}],"curies":[{"name":"wp","href":"https:\/\/api.w.org\/{rel}","templated":true}]}}