{"id":854,"date":"2014-08-31T12:30:09","date_gmt":"2014-08-31T09:30:09","guid":{"rendered":"http:\/\/www.rukajarvensuunnanhistoriayhdistys.fi\/historiayhdistys\/?p=854"},"modified":"2014-09-01T20:04:03","modified_gmt":"2014-09-01T17:04:03","slug":"kansalaisjuhla-70-vuotta-jatkosodan-paattymisesta-lahestyy","status":"publish","type":"post","link":"http:\/\/www.rukajarvensuunnanhistoriayhdistys.fi\/historiayhdistys\/kansalaisjuhla-70-vuotta-jatkosodan-paattymisesta-lahestyy\/","title":{"rendered":"Kansalaisjuhla 70-vuotta Jatkosodan p\u00e4\u00e4ttymisest\u00e4 l\u00e4hestyy &#8211; aikataulut tarkistettu &#8211; my\u00f6s paluukyyti linja-autoilla"},"content":{"rendered":"<div class=\"fcbkbttn_buttons_block\" id=\"fcbkbttn_left\"><div class=\"fcbkbttn_like \"><fb:like href=\"http:\/\/www.rukajarvensuunnanhistoriayhdistys.fi\/historiayhdistys\/kansalaisjuhla-70-vuotta-jatkosodan-paattymisesta-lahestyy\/\" action=\"like\" colorscheme=\"light\" layout=\"button_count\"  size=\"small\"><\/fb:like><\/div><\/div><p>Olemme saaneet juuri valmiiksi Kansalaisjuhlan 70 vuotta Jatkosodan p\u00e4\u00e4ttymisest\u00e4 julkaisun. Sen painos on 75.000 ja se jaetaan Pielisen-Karjalan, Kainuun ja Yl\u00e4-Savon talouksiin. Pieni osa lehdest\u00e4 j\u00e4\u00e4 Kansalaisjuhlan ja Juhlajunan k\u00e4ytt\u00f6\u00f6n.<\/p>\n<p>Voitte lukea lehden s\u00e4hk\u00f6isen\u00e4 napsauttamalla alla olevaa kansikuvaa. (Huom! hitailla yhteyksill\u00e4 avaaminen\u00a0voi kest\u00e4\u00e4 jonkin aikaa). Lis\u00e4ksi pyyd\u00e4mme huomioimaan sen, ett\u00e4 Juhlajunan aikatauluun tuli 19.8.2014 viimeiset aikataulutarkistukset, jotka korjatut aikataulut l\u00f6ytyv\u00e4t t\u00e4m\u00e4n viestin lopusta.<\/p>\n<p><a href=\"http:\/\/www.rukajarvensuunnanhistoriayhdistys.fi\/historiayhdistys\/wp-content\/uploads\/2014\/08\/Rukaj\u00e4rvenen-tie-8-2014-300dpi.pdf\"><img loading=\"lazy\" decoding=\"async\" class=\"alignnone size-full wp-image-871\" src=\"http:\/\/www.rukajarvensuunnanhistoriayhdistys.fi\/historiayhdistys\/wp-content\/uploads\/2014\/08\/N\u00e4ytt\u00f6kuva-2014-8-19-kello-21.47.12.png\" alt=\"Rukaj\u00e4rven tie -lehti\" width=\"782\" height=\"1106\" data-id=\"871\" srcset=\"http:\/\/www.rukajarvensuunnanhistoriayhdistys.fi\/historiayhdistys\/wp-content\/uploads\/2014\/08\/N\u00e4ytt\u00f6kuva-2014-8-19-kello-21.47.12.png 782w, http:\/\/www.rukajarvensuunnanhistoriayhdistys.fi\/historiayhdistys\/wp-content\/uploads\/2014\/08\/N\u00e4ytt\u00f6kuva-2014-8-19-kello-21.47.12-212x300.png 212w, http:\/\/www.rukajarvensuunnanhistoriayhdistys.fi\/historiayhdistys\/wp-content\/uploads\/2014\/08\/N\u00e4ytt\u00f6kuva-2014-8-19-kello-21.47.12-724x1024.png 724w\" sizes=\"auto, (max-width: 782px) 100vw, 782px\" \/><\/a><\/p>\n<p>Tervetuloa juhlaan, viel\u00e4 on paikkoja vapaana my\u00f6s\u00a0Juhlajunaan. Ilmoittautuneita on t\u00e4n\u00e4\u00e4n 1.9.2014\u00a0 klo 19.00 menness\u00e4 361, joista 27 veteraania. (pid\u00e4mme t\u00e4t\u00e4 osallistujatietoa ajan tasalla ja juna on nyt t\u00e4yttym\u00e4ss\u00e4, joten paikkoja voidaan varata t\u00e4m\u00e4n illan j\u00e4lkeen vain peruutuspaikoille ja Kiuruveden &#8211; Iisalmen sek\u00e4 Iisalmen &#8211; Kajaanin v\u00e4lisille matkoille).<\/p>\n<figure id=\"attachment_329\" aria-describedby=\"caption-attachment-329\" style=\"width: 4752px\" class=\"wp-caption alignnone\"><a href=\"http:\/\/www.rukajarvensuunnanhistoriayhdistys.fi\/historiayhdistys\/wp-content\/uploads\/2014\/01\/033-H\u00f6yryveturi-Lieksa-Jouko-Martiskainen1.jpg\"><img loading=\"lazy\" decoding=\"async\" class=\"wp-image-329 size-full\" src=\"http:\/\/www.rukajarvensuunnanhistoriayhdistys.fi\/historiayhdistys\/wp-content\/uploads\/2014\/01\/033-H\u00f6yryveturi-Lieksa-Jouko-Martiskainen1.jpg\" alt=\"Veteraanit saapuvat kuvan veturilla juhlaan.\" width=\"4752\" height=\"3168\" data-id=\"329\" srcset=\"http:\/\/www.rukajarvensuunnanhistoriayhdistys.fi\/historiayhdistys\/wp-content\/uploads\/2014\/01\/033-H\u00f6yryveturi-Lieksa-Jouko-Martiskainen1.jpg 4752w, http:\/\/www.rukajarvensuunnanhistoriayhdistys.fi\/historiayhdistys\/wp-content\/uploads\/2014\/01\/033-H\u00f6yryveturi-Lieksa-Jouko-Martiskainen1-300x200.jpg 300w, http:\/\/www.rukajarvensuunnanhistoriayhdistys.fi\/historiayhdistys\/wp-content\/uploads\/2014\/01\/033-H\u00f6yryveturi-Lieksa-Jouko-Martiskainen1-1024x682.jpg 1024w\" sizes=\"auto, (max-width: 4752px) 100vw, 4752px\" \/><\/a><figcaption id=\"caption-attachment-329\" class=\"wp-caption-text\">Veteraanit saapuvat kuvan veturilla juhlaan. Veteraanijuhla j\u00e4rjestet\u00e4\u00e4n Lieksassa 5.9.2014. Aselepo Suomen ja neuvostoarmeijan v\u00e4lill\u00e4 solmittiin tarkalleen 70 vuotta sitten. Rukaj\u00e4rven tie nimettiin 2.11.2011 pidetyss\u00e4 kansalaisjuhlassa. Se alkaa Lieksan asemalta ja p\u00e4\u00e4ttyy Kivivaaraan. T\u00e4m\u00e4 veturi liikenn\u00f6i It\u00e4rintaman l\u00e4heisyydess\u00e4 ja se otettiin k\u00e4ytt\u00f6\u00f6n jatkosodan alla 18.6.1941. Nyt se sama juna tuo veteraanit Lieksan juhlaan. Kuva Jouko Martiskainen.<\/figcaption><\/figure>\n<h1><span style=\"color: #444444; line-height: 115%; font-family: 'Arial','sans-serif'; font-size: 12pt;\"><span style=\"color: #000000; font-family: Helvetica;\">H\u00f6yryjunam<\/span>atka Nurmes &#8211; Kiuruvesi 3.9.2014 on mahdollinen<\/span><\/h1>\n<p style=\"margin: 0cm 0cm 10pt;\"><span style=\"color: #444444; line-height: 115%; font-family: 'Arial','sans-serif'; font-size: 12pt;\">T\u00e4n\u00e4\u00e4n varmistui junan aikataulu. Junalla voi siis matkustaa my\u00f6s Nurmeksen ja Kiuruveden v\u00e4lisill\u00e4 matkoilla. Matkan hinta on 40 \u20ac pys\u00e4kinv\u00e4li ja Kiuruvedelle p\u00e4\u00e4see 50 \u20ac:lla. Paluu kyyti on saman hintainen. Junassa on my\u00f6s makuupaikkoja, joten mik\u00e4li haluaa matkustaa Nurmeksesta &#8211; Kiuruvedelle ja takaisin sekin on nyt mahdollista 40 \u20ac:lla. Matkan voi varata yhdistyksen s\u00e4hk\u00f6postiosoitteella rukajarvikeskus@gmail.com, lis\u00e4tietoa saa my\u00f6s puhelimella 040-54308045 \/ Tenho Tikkanen. S\u00e4hk\u00f6postiviestin asiakohtaan merkint\u00e4 Kansalaisjuhla Lieksa 9-2014. (Tarkistetut aikataulut t\u00e4m\u00e4n viestin lopussa).<\/span><\/p>\n<h1 style=\"margin: 0cm 0cm 10pt;\"><span style=\"color: #444444; line-height: 115%; font-family: 'Arial','sans-serif'; font-size: 12pt;\">Ruokailuvaraus<\/span><\/h1>\n<p style=\"margin: 0cm 0cm 10pt;\"><span style=\"color: #444444; line-height: 115%; font-family: 'Arial','sans-serif'; font-size: 12pt;\">Samalla pyyd\u00e4n Teilt\u00e4 tietoa mahdollisesta ruokailusta. Ruoka maksetaan kyseisell\u00e4 paikalla ja varauksen voi l\u00e4hett\u00e4\u00e4 netti-ilmoittautumisen yhteydess\u00e4 ko. varauskohdan kautta.<\/span><\/p>\n<h1 style=\"margin: 0cm 0cm 10pt;\"><span style=\"color: #444444; line-height: 115%; font-family: 'Arial','sans-serif'; font-size: 12pt;\">Paluukyyti<\/span><\/h1>\n<p style=\"margin: 0cm 0cm 10pt;\"><span style=\"color: #444444; line-height: 115%; font-family: 'Arial','sans-serif'; font-size: 12pt;\">VR:n juna Joensuun kautta Pieks\u00e4m\u00e4elle l\u00e4htee Lieksan asemalta klo 16.26. Paluukyyti Yl\u00e4-Savoon on mahdollista my\u00f6s linja-autolla, joka l\u00e4htee Lieksan kirkolta klo 17.00, pys\u00e4htyy Lieksan asemalla. Nyt voi valita tuleeko Lieksan ja Nurmeksen v\u00e4lin 17.30 l\u00e4htev\u00e4ll\u00e4 h\u00f6yryjunalla ja jatkaa Nurmeksesta linja-autolla, joka l\u00e4hteen Nurmeksen asemalta klo 18.30. Kiuruvedelle matka kest\u00e4\u00e4 n. 3 tuntia, joten perill\u00e4 ollaan klo 21.30. Linja-auto kulkee reitti\u00e4 Nurmes-Rautavaara-Iisalmi-Kiuruvesi. Linja-automatkan hinta 20 \u20ac\/h. Matka on veteraaneille ja ohjelman esitt\u00e4jille ilmainen.<\/span><\/p>\n<p style=\"margin: 0cm 0cm 10pt;\">Linja-auton paluukyydin aikataulu Yl\u00e4-Savoon:<\/p>\n<p style=\"margin: 0cm 0cm 10pt;\">Klo 17.00 L\u00e4ht\u00f6 Lieksan kirkolta<\/p>\n<p style=\"margin: 0cm 0cm 10pt;\">Klo 17.30 L\u00e4ht\u00f6 Lieksan rautatieasemalta<\/p>\n<p style=\"margin: 0cm 0cm 10pt;\">Klo 18.30 L\u00e4ht\u00f6 Nurmeksen asemalta, josta tulee kaksi autoa<\/p>\n<p style=\"margin: 0cm 0cm 10pt;\">Klo 19.10 Rautavaara<\/p>\n<p style=\"margin: 0cm 0cm 10pt;\">Klo 19.50 Sonkaj\u00e4rvi<\/p>\n<p style=\"margin: 0cm 0cm 10pt;\">Klo 20.10 Iisalmen rautatieasema<\/p>\n<p style=\"margin: 0cm 0cm 10pt;\">Klo 20.40 Kiuruvesi<\/p>\n<h1 style=\"margin: 0cm 0cm 10pt;\"><span style=\"color: #444444; line-height: 115%; font-family: 'Arial','sans-serif'; font-size: 12pt;\">VR:n tarjous veteraaneille ja saattajille<\/span><\/h1>\n<p style=\"margin: 0cm 0cm 10pt;\"><span style=\"background: white; color: #222222; line-height: 115%; font-family: 'Arial','sans-serif'; font-size: 12pt;\">VR:n tarjoama tuki Lieksan juhlaan tuleville veteraaneille<\/span><\/p>\n<p style=\"margin: 0cm 0cm 10pt;\"><span style=\"color: #222222; line-height: 115%; font-family: 'Arial','sans-serif'; font-size: 12pt;\">*****<br style=\"word-spacing: 0px; -webkit-text-stroke-width: 0px;\" \/> <span style=\"font-size: medium;\"><span style=\"font-family: Arial;\"><span style=\"background: white;\"><span style=\"word-spacing: 0px; float: none; -webkit-text-stroke-width: 0px;\">VR tarjoaa Kansalaisjuhlaan 70 vuotta Jatkosodan p\u00e4\u00e4ttymisest\u00e4 tapahtumaan<\/span><\/span><br style=\"word-spacing: 0px; -webkit-text-stroke-width: 0px;\" \/><\/span><\/span> <span style=\"font-size: medium;\"><span style=\"font-family: Arial;\"><span style=\"background: white;\"><span style=\"word-spacing: 0px; float: none; -webkit-text-stroke-width: 0px;\">veteraaneille maksuttoman <\/span><\/span><\/span><\/span><span style=\"font-size: medium;\"><span style=\"font-family: Arial;\"><span style=\"background: white;\"><span style=\"word-spacing: 0px; float: none; -webkit-text-stroke-width: 0px;\">saattajamahdollisuuden: el\u00e4kel\u00e4ishinnalla matkustava saa maksuttoman <\/span><\/span><\/span><\/span><span style=\"font-size: medium;\"><span style=\"font-family: Arial;\"><span style=\"background: white;\"><span style=\"word-spacing: 0px; float: none; -webkit-text-stroke-width: 0px;\">saattajan\u00a0 lipun mukana seuraavaa matkustajaa varten.<\/span><\/span><br style=\"word-spacing: 0px; -webkit-text-stroke-width: 0px;\" \/><\/span><\/span> <br style=\"word-spacing: 0px; -webkit-text-stroke-width: 0px;\" \/> <span style=\"font-size: medium;\"><span style=\"font-family: Arial;\"><span style=\"background: white;\"><span style=\"word-spacing: 0px; float: none; -webkit-text-stroke-width: 0px;\">T\u00e4m\u00e4n etu on k\u00e4ytett\u00e4viss\u00e4 3.-6.9.2014.<\/span><\/span><br style=\"word-spacing: 0px; -webkit-text-stroke-width: 0px;\" \/><\/span><\/span> <span style=\"font-size: medium;\"><span style=\"font-family: Arial;\"><span style=\"background: white;\"><span style=\"word-spacing: 0px; float: none; -webkit-text-stroke-width: 0px;\">Liput voi ostaa suoraan asemalta tai<\/span><\/span><br style=\"word-spacing: 0px; -webkit-text-stroke-width: 0px;\" \/><\/span><\/span> <span style=\"font-size: medium;\"><span style=\"font-family: Arial;\"><span style=\"background: white;\"><span style=\"word-spacing: 0px; float: none; -webkit-text-stroke-width: 0px;\">yhteys yritysmyyntiin, josta liput toimitetaan tilaajalle.<\/span><\/span><br style=\"word-spacing: 0px; -webkit-text-stroke-width: 0px;\" \/><\/span><\/span> <span style=\"background: white;\"><span style=\"word-spacing: 0px; float: none; -webkit-text-stroke-width: 0px;\"><span style=\"font-family: Arial;\"><span style=\"font-size: medium;\">P.<\/span><span style=\"font-size: medium;\">\u00a0<\/span><\/span><\/span><\/span><\/span><span style=\"line-height: 115%; font-size: 12pt;\"><a style=\"word-spacing: 0px; -webkit-text-stroke-width: 0px;\" href=\"tel:0307%2023702\"><span style=\"background: white; color: #1155cc;\"><span style=\"text-decoration: underline;\"><span style=\"font-family: Arial; font-size: medium;\">0307 23702<\/span><\/span><\/span><\/a><span style=\"color: #222222;\"><br style=\"word-spacing: 0px; -webkit-text-stroke-width: 0px;\" \/><\/span><a style=\"word-spacing: 0px; -webkit-text-stroke-width: 0px;\" href=\"mailto:yritysmyynti@vr.fi\"><span style=\"background: white; color: #1155cc;\"><span style=\"text-decoration: underline;\"><span style=\"font-family: Arial; font-size: medium;\">yritysmyynti@vr.fi<\/span><\/span><\/span><\/a><span style=\"background: white; color: #222222;\"><span style=\"word-spacing: 0px; float: none; -webkit-text-stroke-width: 0px;\"><span style=\"font-family: Arial; font-size: medium;\">.<\/span><\/span><\/span><span style=\"color: #222222;\"><br style=\"word-spacing: 0px; -webkit-text-stroke-width: 0px;\" \/><span style=\"font-family: Arial;\"><span style=\"background: white;\"><span style=\"word-spacing: 0px; float: none; -webkit-text-stroke-width: 0px;\"><span style=\"font-size: medium;\">T\u00e4m\u00e4 viesti matkalle mukaan.<\/span><\/span><\/span><\/span><\/span><\/span><\/p>\n<p style=\"margin: 0cm 0cm 10pt;\"><span style=\"background: white; color: #222222; line-height: 115%; font-family: 'Arial','sans-serif'; font-size: 12pt;\">*****<\/span><\/p>\n<h1 style=\"margin: 0cm 0cm 10pt;\">Varaa paikka ajoissa<\/h1>\n<p>Tule mukaan kokemaan 70 vuoden takaisia muistoja yhdess\u00e4 maamme kunniakansalaisten \u2013 sotiemme veteraanien ja muiden sota-ajan kokeneiden kanssa.<\/p>\n<p>Luvassa on tunnelmarikas ja ainutkertainen matka, joka ei en\u00e4\u00e4 toistu. Matkustamme h\u00f6yryjunalla Kiuruvedelt\u00e4 Lieksaan, jossa pidet\u00e4\u00e4n Kansalaisjuhla 70 vuotta Jatkosodan p\u00e4\u00e4ttymisest\u00e4 oheistapahtumineen.<\/p>\n<p>Tarkistetut junan aikataulut<\/p>\n<p><strong><strong>Juhlajunan aikataulu 3.9.2014 <\/strong><\/strong>(tarkistettu lopullinen aikataulu)<strong><strong> : <\/strong><\/strong><\/p>\n<p>Klo 9.31 L\u00e4ht\u00f6 Nurmeksesta<\/p>\n<p>Klo 11.57 &#8211; 13.07 Kontiom\u00e4ki (pys\u00e4htyy 1\u00a0tunti 10 min.)<\/p>\n<p>Klo 13.40 &#8211; 13.45 Kajaani (aika avoin)<\/p>\n<p>Klo 15.44 &#8211; 17.07 Iisalmi (pys\u00e4htyy 1\u00a0tunti 23 min.)<\/p>\n<p>Klo 17.50 Kiuruvesi<\/p>\n<p><strong><strong>Juhlajunan aikataulu 4.9.2014 <\/strong><\/strong>(tarkistettu lopullinen aikataulu)<strong><strong>:<\/strong><\/strong><\/p>\n<p>Klo 11.00 l\u00e4ht\u00f6tilaisuus Kiuruveden asemalla: <a href=\"http:\/\/www.kiuruvesi.fi\/events\/49-Kansalaisjuhla-70-vuotta-Jatkosodan-paattymisesta-asemilla\/26099\/75ba4c7c-84e8-4dcb-8264-38d82da86b75\">http:\/\/www.kiuruvesi.fi\/events\/49-Kansalaisjuhla-70-vuotta-Jatkosodan-paattymisesta-asemilla\/26099\/75ba4c7c-84e8-4dcb-8264-38d82da86b75<\/a><\/p>\n<p>Klo 11.15 H\u00f6yryjuna l\u00e4htee Kiuruveden asemalta<\/p>\n<p>Klo 11.59 &#8211; 12.40 Tapahtuma Iisalmen asemalla: (<span style=\"font: 15px\/normal Calibri, sans-serif; color: #1f497d; text-transform: none; text-indent: 0px; letter-spacing: normal; word-spacing: 0px; float: none; display: inline !important; white-space: normal; background-color: #ffffff; -webkit-text-stroke-width: 0px;\"><span class=\"Apple-converted-space\"><span style=\"font-family: Calibri;\">\u00a0<\/span><\/span><\/span><a style=\"font: 15px\/normal Calibri, sans-serif; color: #1155cc; text-transform: none; text-indent: 0px; letter-spacing: normal; word-spacing: 0px; white-space: normal; background-color: #ffffff; -webkit-text-stroke-width: 0px;\" href=\"http:\/\/www.iisalmi.fi\/events\/Kansalaisjuhla-70-vuotta-Jatkosodan-paattymisesta-Iisalmen-asemalla\/30555\/605c270d-742a-4a2a-a2eb-c4397c7898d1\" target=\"_blank\"><span style=\"text-decoration: underline;\">http:\/\/www.iisalmi.fi\/events\/<wbr \/>Kansalaisjuhla-70-vuotta-<wbr \/>Jatkosodan-paattymisesta-<wbr \/>Iisalmen-asemalla\/30555\/<wbr \/>605c270d-742a-4a2a-a2eb-<wbr \/>c4397c7898d1<\/span><\/a><\/p>\n<p>Klo 14.20 &#8211; 15.28 Tapahtuma Kajaanin asemalla, ruokailu: <a href=\"http:\/\/www.kajaani.fi\/\">http:\/\/www.kajaani.fi\/<\/a><\/p>\n<p>Klo 16.00 &#8211; 16.30 Tapahtuma Kontiom\u00e4en asemalla: <a href=\"http:\/\/www.paltamo.fi\/uutiset.html?175\">http:\/\/www.paltamo.fi\/uutiset.html?175<\/a><\/p>\n<p>Klo 17.05 &#8211; 17.35 Tapahtuma Sotkamossa Vuokatin asemalla:<\/p>\n<p>Klo 19.00 &#8211; 19.30 Tapahtuma Valtimon asemalla: <a style=\"font: 15px\/normal Calibri, sans-serif; color: #1155cc; text-transform: none; text-indent: 0px; letter-spacing: normal; word-spacing: 0px; white-space: normal; background-color: #ffffff; -webkit-text-stroke-width: 0px;\" href=\"http:\/\/www.valtimo.fi\/Resource.phx\/pubman\/templates\/230.htx?id=10320&amp;serv=sivut-valtimo\" target=\"_blank\"><span style=\"text-decoration: underline;\">http:\/\/www.valtimo.fi\/<wbr \/>Resource.phx\/pubman\/templates\/<wbr \/>230.htx?id=10320&amp;serv=sivut-<wbr \/>valtimo<\/span><\/a><\/p>\n<p>Klo 20.06 Saapuminen Nurmekseen, iltapala, majoittuminen: <a href=\"http:\/\/www.nurmes.fi\/Resource.phx\/pubman\/templates\/96.htx?id=10319&amp;serv=sivut-nurmes\">http:\/\/www.nurmes.fi\/Resource.phx\/pubman\/templates\/96.htx?id=10319&amp;serv=sivut-nurmes<\/a><\/p>\n<p>&nbsp;<\/p>\n<p><strong><strong>Juhlap\u00e4iv\u00e4n 5.9.2014 aikataulu <\/strong><\/strong>(tarkistettu lopullinen aikataulu)<strong><strong>:<\/strong><\/strong><\/p>\n<p>Klo 6.00 Her\u00e4tys, aamupala<\/p>\n<p>Klo 7.35 L\u00e4ht\u00f6, Nurmeksen asemalta<\/p>\n<p>&#8211; veteraanit kuljetetaan rautatieasemalle<\/p>\n<p>&#8211; muut nousevat junaan Bomban pys\u00e4kilt\u00e4 aivan majoituspaikan vierelt\u00e4<\/p>\n<p>Klo 7.40 &#8211; 7,49 Bomban pys\u00e4kki, josta p\u00e4\u00e4osa matkustajista nousee kyytiin<\/p>\n<p>Klo 8.59 Saapuminen Lieksaan<\/p>\n<p>Klo 9.15 &#8211; 9.30 vastaanottotilaisuus Lieksan asemalla. Meril\u00e4n koulun lapset l\u00e4hett\u00e4v\u00e4t 70 rauhankyyhkyilmapalloa Arto Turpeisen ja Lieksan kaupunginhallituksen puheenjohtaja Lea Oravilahti-Pehkosen johdolla.<a href=\"http:\/\/www.lieksa.fi\/\">http:\/\/www.lieksa.fi\/<\/a><\/p>\n<p>Asemalta linja-autokuljetus juhlapaikalle.<\/p>\n<p>Klo 11.00 &#8211; 12.30 Seminaari<\/p>\n<p>Klo 13.00 Ruokailu<\/p>\n<p>Klo 14.00 &#8211; 15.15 Kansalaisjuhla 70 vuotta Jatkosodan p\u00e4\u00e4ttymisest\u00e4<\/p>\n<p>Klo 15.15 P\u00e4\u00e4t\u00f6skahvit<\/p>\n<p>Juhlapaikalta linja-autokuljetus Lieksan asemalle<\/p>\n<p>Klo 16.26 VR:n juna l\u00e4htee Joensuuhun<\/p>\n<p>Klo 17.00 Linja-auto Lieksan aseman kautta Nurmekseen ja edelleen Yl\u00e4-Savoon<\/p>\n<p>Klo 17.30 H\u00f6yryjuna palaa Nurmekseen klo 18.30, josta Linja-autot l\u00e4htev\u00e4t Nurmeksesta Rautavaaran, Sonkaj\u00e4rven, Iisalmen kautta Kiuruvedelle, arvioitu paluuaika 21.30.<\/p>\n<p><strong><strong>Juhlajunassa monipuolista ohjelmaa:<\/strong><\/strong><\/p>\n<p>Junan p\u00e4\u00e4llikk\u00f6n\u00e4 toimii rajakapteeni, sotahistorioitsija Tauno Oksanen. Junassa matkustaa Ylip\u00e4\u00e4llikk\u00f6 Mannerheim seurueineen. Mieskuoro Kiurun Laulu ja Yl\u00e4-Savon Veteraanimuusikoiden orkesteri esitt\u00e4\u00e4 junassa ja jokaisella pys\u00e4hdyspaikkakunnalla ohjelmaa. Junassa on mukana my\u00f6s useita muita muusikoita mm. kuopiolainen veteraani Toimi Marin hanureineen. Junassa on mukana useita tiedotusv\u00e4lineitten edustajia.<\/p>\n<p>Juhlajunan matkaa Kiuruvedelt\u00e4 l\u00e4htien ja eri tapahtumia seuraa useita kuvausryhmi\u00e4, joiden tallenteet tulevat aikanaan Rukaj\u00e4rvi-keskusten k\u00e4ytt\u00f6\u00f6n.<\/p>\n<p>&nbsp;<\/p>\n","protected":false},"excerpt":{"rendered":"<p>Olemme saaneet juuri valmiiksi Kansalaisjuhlan 70 vuotta Jatkosodan p\u00e4\u00e4ttymisest\u00e4 julkaisun. Sen painos on 75.000 ja se jaetaan Pielisen-Karjalan, Kainuun ja Yl\u00e4-Savon talouksiin. Pieni osa lehdest\u00e4 j\u00e4\u00e4 Kansalaisjuhlan ja Juhlajunan k\u00e4ytt\u00f6\u00f6n. <a class=\"more-link\" href=\"http:\/\/www.rukajarvensuunnanhistoriayhdistys.fi\/historiayhdistys\/kansalaisjuhla-70-vuotta-jatkosodan-paattymisesta-lahestyy\/\">Teksti jatkuu&#8230;<span class=\"screen-reader-text\">Kansalaisjuhla 70-vuotta Jatkosodan p\u00e4\u00e4ttymisest\u00e4 l\u00e4hestyy &#8211; aikataulut tarkistettu &#8211; my\u00f6s paluukyyti linja-autoilla<\/span><span class=\"meta-nav\">\u2192<\/span><\/a><\/p>\n","protected":false},"author":3,"featured_media":0,"comment_status":"closed","ping_status":"open","sticky":false,"template":"","format":"standard","meta":{"footnotes":""},"categories":[22,21],"tags":[],"class_list":["post-854","post","type-post","status-publish","format-standard","hentry","category-ajankohtaista","category-rukajarvi-keskus"],"yoast_head":"<!-- This site is optimized with the Yoast SEO plugin v27.4 - https:\/\/yoast.com\/product\/yoast-seo-wordpress\/ -->\n<title>Kansalaisjuhla 70-vuotta Jatkosodan p\u00e4\u00e4ttymisest\u00e4 l\u00e4hestyy - aikataulut tarkistettu - my\u00f6s paluukyyti linja-autoilla - Rukaj\u00e4rven suunnan historiayhdistys<\/title>\n<meta name=\"robots\" content=\"index, follow, max-snippet:-1, max-image-preview:large, max-video-preview:-1\" \/>\n<link rel=\"canonical\" href=\"https:\/\/www.rukajarvensuunnanhistoriayhdistys.fi\/historiayhdistys\/kansalaisjuhla-70-vuotta-jatkosodan-paattymisesta-lahestyy\/\" \/>\n<meta property=\"og:locale\" content=\"fi_FI\" \/>\n<meta property=\"og:type\" content=\"article\" \/>\n<meta property=\"og:title\" content=\"Kansalaisjuhla 70-vuotta Jatkosodan p\u00e4\u00e4ttymisest\u00e4 l\u00e4hestyy - aikataulut tarkistettu - my\u00f6s paluukyyti linja-autoilla - Rukaj\u00e4rven suunnan historiayhdistys\" \/>\n<meta property=\"og:description\" content=\"Olemme saaneet juuri valmiiksi Kansalaisjuhlan 70 vuotta Jatkosodan p\u00e4\u00e4ttymisest\u00e4 julkaisun. Sen painos on 75.000 ja se jaetaan Pielisen-Karjalan, Kainuun ja Yl\u00e4-Savon talouksiin. Pieni osa lehdest\u00e4 j\u00e4\u00e4 Kansalaisjuhlan ja Juhlajunan k\u00e4ytt\u00f6\u00f6n. Teksti jatkuu...Kansalaisjuhla 70-vuotta Jatkosodan p\u00e4\u00e4ttymisest\u00e4 l\u00e4hestyy &#8211; aikataulut tarkistettu &#8211; my\u00f6s paluukyyti linja-autoilla\u2192\" \/>\n<meta property=\"og:url\" content=\"https:\/\/www.rukajarvensuunnanhistoriayhdistys.fi\/historiayhdistys\/kansalaisjuhla-70-vuotta-jatkosodan-paattymisesta-lahestyy\/\" \/>\n<meta property=\"og:site_name\" content=\"Rukaj\u00e4rven suunnan historiayhdistys\" \/>\n<meta property=\"article:published_time\" content=\"2014-08-31T09:30:09+00:00\" \/>\n<meta property=\"article:modified_time\" content=\"2014-09-01T17:04:03+00:00\" \/>\n<meta name=\"author\" content=\"RSHY\" \/>\n<meta name=\"twitter:label1\" content=\"Kirjoittanut\" \/>\n\t<meta name=\"twitter:data1\" content=\"RSHY\" \/>\n\t<meta name=\"twitter:label2\" content=\"Arvioitu lukuaika\" \/>\n\t<meta name=\"twitter:data2\" content=\"4 minuuttia\" \/>\n<script type=\"application\/ld+json\" class=\"yoast-schema-graph\">{\"@context\":\"https:\\\/\\\/schema.org\",\"@graph\":[{\"@type\":\"Article\",\"@id\":\"https:\\\/\\\/www.rukajarvensuunnanhistoriayhdistys.fi\\\/historiayhdistys\\\/kansalaisjuhla-70-vuotta-jatkosodan-paattymisesta-lahestyy\\\/#article\",\"isPartOf\":{\"@id\":\"https:\\\/\\\/www.rukajarvensuunnanhistoriayhdistys.fi\\\/historiayhdistys\\\/kansalaisjuhla-70-vuotta-jatkosodan-paattymisesta-lahestyy\\\/\"},\"author\":{\"name\":\"RSHY\",\"@id\":\"http:\\\/\\\/www.rukajarvensuunnanhistoriayhdistys.fi\\\/historiayhdistys\\\/#\\\/schema\\\/person\\\/19de7db68bf72dfd2b5d7f6dfbf8454d\"},\"headline\":\"Kansalaisjuhla 70-vuotta Jatkosodan p\u00e4\u00e4ttymisest\u00e4 l\u00e4hestyy &#8211; aikataulut tarkistettu &#8211; my\u00f6s paluukyyti linja-autoilla\",\"datePublished\":\"2014-08-31T09:30:09+00:00\",\"dateModified\":\"2014-09-01T17:04:03+00:00\",\"mainEntityOfPage\":{\"@id\":\"https:\\\/\\\/www.rukajarvensuunnanhistoriayhdistys.fi\\\/historiayhdistys\\\/kansalaisjuhla-70-vuotta-jatkosodan-paattymisesta-lahestyy\\\/\"},\"wordCount\":913,\"publisher\":{\"@id\":\"http:\\\/\\\/www.rukajarvensuunnanhistoriayhdistys.fi\\\/historiayhdistys\\\/#organization\"},\"articleSection\":[\"Ajankohtaista\",\"Rukaj\u00e4rvi-keskus\"],\"inLanguage\":\"fi\"},{\"@type\":\"WebPage\",\"@id\":\"https:\\\/\\\/www.rukajarvensuunnanhistoriayhdistys.fi\\\/historiayhdistys\\\/kansalaisjuhla-70-vuotta-jatkosodan-paattymisesta-lahestyy\\\/\",\"url\":\"https:\\\/\\\/www.rukajarvensuunnanhistoriayhdistys.fi\\\/historiayhdistys\\\/kansalaisjuhla-70-vuotta-jatkosodan-paattymisesta-lahestyy\\\/\",\"name\":\"Kansalaisjuhla 70-vuotta Jatkosodan p\u00e4\u00e4ttymisest\u00e4 l\u00e4hestyy - aikataulut tarkistettu - my\u00f6s paluukyyti linja-autoilla - Rukaj\u00e4rven suunnan historiayhdistys\",\"isPartOf\":{\"@id\":\"http:\\\/\\\/www.rukajarvensuunnanhistoriayhdistys.fi\\\/historiayhdistys\\\/#website\"},\"datePublished\":\"2014-08-31T09:30:09+00:00\",\"dateModified\":\"2014-09-01T17:04:03+00:00\",\"breadcrumb\":{\"@id\":\"https:\\\/\\\/www.rukajarvensuunnanhistoriayhdistys.fi\\\/historiayhdistys\\\/kansalaisjuhla-70-vuotta-jatkosodan-paattymisesta-lahestyy\\\/#breadcrumb\"},\"inLanguage\":\"fi\",\"potentialAction\":[{\"@type\":\"ReadAction\",\"target\":[\"https:\\\/\\\/www.rukajarvensuunnanhistoriayhdistys.fi\\\/historiayhdistys\\\/kansalaisjuhla-70-vuotta-jatkosodan-paattymisesta-lahestyy\\\/\"]}]},{\"@type\":\"BreadcrumbList\",\"@id\":\"https:\\\/\\\/www.rukajarvensuunnanhistoriayhdistys.fi\\\/historiayhdistys\\\/kansalaisjuhla-70-vuotta-jatkosodan-paattymisesta-lahestyy\\\/#breadcrumb\",\"itemListElement\":[{\"@type\":\"ListItem\",\"position\":1,\"name\":\"Etusivu\",\"item\":\"http:\\\/\\\/www.rukajarvensuunnanhistoriayhdistys.fi\\\/historiayhdistys\\\/\"},{\"@type\":\"ListItem\",\"position\":2,\"name\":\"Kansalaisjuhla 70-vuotta Jatkosodan p\u00e4\u00e4ttymisest\u00e4 l\u00e4hestyy &#8211; aikataulut tarkistettu &#8211; my\u00f6s paluukyyti linja-autoilla\"}]},{\"@type\":\"WebSite\",\"@id\":\"http:\\\/\\\/www.rukajarvensuunnanhistoriayhdistys.fi\\\/historiayhdistys\\\/#website\",\"url\":\"http:\\\/\\\/www.rukajarvensuunnanhistoriayhdistys.fi\\\/historiayhdistys\\\/\",\"name\":\"Rukaj\u00e4rven suunnan historiayhdistys\",\"description\":\"Rukaj\u00e4rven suunnan historiayhdistyksen verkkosivut.\",\"publisher\":{\"@id\":\"http:\\\/\\\/www.rukajarvensuunnanhistoriayhdistys.fi\\\/historiayhdistys\\\/#organization\"},\"potentialAction\":[{\"@type\":\"SearchAction\",\"target\":{\"@type\":\"EntryPoint\",\"urlTemplate\":\"http:\\\/\\\/www.rukajarvensuunnanhistoriayhdistys.fi\\\/historiayhdistys\\\/?s={search_term_string}\"},\"query-input\":{\"@type\":\"PropertyValueSpecification\",\"valueRequired\":true,\"valueName\":\"search_term_string\"}}],\"inLanguage\":\"fi\"},{\"@type\":\"Organization\",\"@id\":\"http:\\\/\\\/www.rukajarvensuunnanhistoriayhdistys.fi\\\/historiayhdistys\\\/#organization\",\"name\":\"Rukaj\u00e4rven suunnan historiayhdistys\",\"url\":\"http:\\\/\\\/www.rukajarvensuunnanhistoriayhdistys.fi\\\/historiayhdistys\\\/\",\"logo\":{\"@type\":\"ImageObject\",\"inLanguage\":\"fi\",\"@id\":\"http:\\\/\\\/www.rukajarvensuunnanhistoriayhdistys.fi\\\/historiayhdistys\\\/#\\\/schema\\\/logo\\\/image\\\/\",\"url\":\"http:\\\/\\\/www.rukajarvensuunnanhistoriayhdistys.fi\\\/historiayhdistys\\\/wp-content\\\/uploads\\\/2013\\\/12\\\/Otsake_3.jpg\",\"contentUrl\":\"http:\\\/\\\/www.rukajarvensuunnanhistoriayhdistys.fi\\\/historiayhdistys\\\/wp-content\\\/uploads\\\/2013\\\/12\\\/Otsake_3.jpg\",\"width\":1000,\"height\":442,\"caption\":\"Rukaj\u00e4rven suunnan historiayhdistys\"},\"image\":{\"@id\":\"http:\\\/\\\/www.rukajarvensuunnanhistoriayhdistys.fi\\\/historiayhdistys\\\/#\\\/schema\\\/logo\\\/image\\\/\"}},{\"@type\":\"Person\",\"@id\":\"http:\\\/\\\/www.rukajarvensuunnanhistoriayhdistys.fi\\\/historiayhdistys\\\/#\\\/schema\\\/person\\\/19de7db68bf72dfd2b5d7f6dfbf8454d\",\"name\":\"RSHY\",\"image\":{\"@type\":\"ImageObject\",\"inLanguage\":\"fi\",\"@id\":\"https:\\\/\\\/secure.gravatar.com\\\/avatar\\\/598d59263a69cc8de65fcb4f9db78d6f58c098cb0e0ba22d73377441af9fa04c?s=96&d=blank&r=g\",\"url\":\"https:\\\/\\\/secure.gravatar.com\\\/avatar\\\/598d59263a69cc8de65fcb4f9db78d6f58c098cb0e0ba22d73377441af9fa04c?s=96&d=blank&r=g\",\"contentUrl\":\"https:\\\/\\\/secure.gravatar.com\\\/avatar\\\/598d59263a69cc8de65fcb4f9db78d6f58c098cb0e0ba22d73377441af9fa04c?s=96&d=blank&r=g\",\"caption\":\"RSHY\"},\"url\":\"http:\\\/\\\/www.rukajarvensuunnanhistoriayhdistys.fi\\\/historiayhdistys\\\/author\\\/rshy\\\/\"}]}<\/script>\n<!-- \/ Yoast SEO plugin. -->","yoast_head_json":{"title":"Kansalaisjuhla 70-vuotta Jatkosodan p\u00e4\u00e4ttymisest\u00e4 l\u00e4hestyy - aikataulut tarkistettu - my\u00f6s paluukyyti linja-autoilla - Rukaj\u00e4rven suunnan historiayhdistys","robots":{"index":"index","follow":"follow","max-snippet":"max-snippet:-1","max-image-preview":"max-image-preview:large","max-video-preview":"max-video-preview:-1"},"canonical":"https:\/\/www.rukajarvensuunnanhistoriayhdistys.fi\/historiayhdistys\/kansalaisjuhla-70-vuotta-jatkosodan-paattymisesta-lahestyy\/","og_locale":"fi_FI","og_type":"article","og_title":"Kansalaisjuhla 70-vuotta Jatkosodan p\u00e4\u00e4ttymisest\u00e4 l\u00e4hestyy - aikataulut tarkistettu - my\u00f6s paluukyyti linja-autoilla - Rukaj\u00e4rven suunnan historiayhdistys","og_description":"Olemme saaneet juuri valmiiksi Kansalaisjuhlan 70 vuotta Jatkosodan p\u00e4\u00e4ttymisest\u00e4 julkaisun. Sen painos on 75.000 ja se jaetaan Pielisen-Karjalan, Kainuun ja Yl\u00e4-Savon talouksiin. Pieni osa lehdest\u00e4 j\u00e4\u00e4 Kansalaisjuhlan ja Juhlajunan k\u00e4ytt\u00f6\u00f6n. Teksti jatkuu...Kansalaisjuhla 70-vuotta Jatkosodan p\u00e4\u00e4ttymisest\u00e4 l\u00e4hestyy &#8211; aikataulut tarkistettu &#8211; my\u00f6s paluukyyti linja-autoilla\u2192","og_url":"https:\/\/www.rukajarvensuunnanhistoriayhdistys.fi\/historiayhdistys\/kansalaisjuhla-70-vuotta-jatkosodan-paattymisesta-lahestyy\/","og_site_name":"Rukaj\u00e4rven suunnan historiayhdistys","article_published_time":"2014-08-31T09:30:09+00:00","article_modified_time":"2014-09-01T17:04:03+00:00","author":"RSHY","twitter_misc":{"Kirjoittanut":"RSHY","Arvioitu lukuaika":"4 minuuttia"},"schema":{"@context":"https:\/\/schema.org","@graph":[{"@type":"Article","@id":"https:\/\/www.rukajarvensuunnanhistoriayhdistys.fi\/historiayhdistys\/kansalaisjuhla-70-vuotta-jatkosodan-paattymisesta-lahestyy\/#article","isPartOf":{"@id":"https:\/\/www.rukajarvensuunnanhistoriayhdistys.fi\/historiayhdistys\/kansalaisjuhla-70-vuotta-jatkosodan-paattymisesta-lahestyy\/"},"author":{"name":"RSHY","@id":"http:\/\/www.rukajarvensuunnanhistoriayhdistys.fi\/historiayhdistys\/#\/schema\/person\/19de7db68bf72dfd2b5d7f6dfbf8454d"},"headline":"Kansalaisjuhla 70-vuotta Jatkosodan p\u00e4\u00e4ttymisest\u00e4 l\u00e4hestyy &#8211; aikataulut tarkistettu &#8211; my\u00f6s paluukyyti linja-autoilla","datePublished":"2014-08-31T09:30:09+00:00","dateModified":"2014-09-01T17:04:03+00:00","mainEntityOfPage":{"@id":"https:\/\/www.rukajarvensuunnanhistoriayhdistys.fi\/historiayhdistys\/kansalaisjuhla-70-vuotta-jatkosodan-paattymisesta-lahestyy\/"},"wordCount":913,"publisher":{"@id":"http:\/\/www.rukajarvensuunnanhistoriayhdistys.fi\/historiayhdistys\/#organization"},"articleSection":["Ajankohtaista","Rukaj\u00e4rvi-keskus"],"inLanguage":"fi"},{"@type":"WebPage","@id":"https:\/\/www.rukajarvensuunnanhistoriayhdistys.fi\/historiayhdistys\/kansalaisjuhla-70-vuotta-jatkosodan-paattymisesta-lahestyy\/","url":"https:\/\/www.rukajarvensuunnanhistoriayhdistys.fi\/historiayhdistys\/kansalaisjuhla-70-vuotta-jatkosodan-paattymisesta-lahestyy\/","name":"Kansalaisjuhla 70-vuotta Jatkosodan p\u00e4\u00e4ttymisest\u00e4 l\u00e4hestyy - aikataulut tarkistettu - my\u00f6s paluukyyti linja-autoilla - Rukaj\u00e4rven suunnan historiayhdistys","isPartOf":{"@id":"http:\/\/www.rukajarvensuunnanhistoriayhdistys.fi\/historiayhdistys\/#website"},"datePublished":"2014-08-31T09:30:09+00:00","dateModified":"2014-09-01T17:04:03+00:00","breadcrumb":{"@id":"https:\/\/www.rukajarvensuunnanhistoriayhdistys.fi\/historiayhdistys\/kansalaisjuhla-70-vuotta-jatkosodan-paattymisesta-lahestyy\/#breadcrumb"},"inLanguage":"fi","potentialAction":[{"@type":"ReadAction","target":["https:\/\/www.rukajarvensuunnanhistoriayhdistys.fi\/historiayhdistys\/kansalaisjuhla-70-vuotta-jatkosodan-paattymisesta-lahestyy\/"]}]},{"@type":"BreadcrumbList","@id":"https:\/\/www.rukajarvensuunnanhistoriayhdistys.fi\/historiayhdistys\/kansalaisjuhla-70-vuotta-jatkosodan-paattymisesta-lahestyy\/#breadcrumb","itemListElement":[{"@type":"ListItem","position":1,"name":"Etusivu","item":"http:\/\/www.rukajarvensuunnanhistoriayhdistys.fi\/historiayhdistys\/"},{"@type":"ListItem","position":2,"name":"Kansalaisjuhla 70-vuotta Jatkosodan p\u00e4\u00e4ttymisest\u00e4 l\u00e4hestyy &#8211; aikataulut tarkistettu &#8211; my\u00f6s paluukyyti linja-autoilla"}]},{"@type":"WebSite","@id":"http:\/\/www.rukajarvensuunnanhistoriayhdistys.fi\/historiayhdistys\/#website","url":"http:\/\/www.rukajarvensuunnanhistoriayhdistys.fi\/historiayhdistys\/","name":"Rukaj\u00e4rven suunnan historiayhdistys","description":"Rukaj\u00e4rven suunnan historiayhdistyksen verkkosivut.","publisher":{"@id":"http:\/\/www.rukajarvensuunnanhistoriayhdistys.fi\/historiayhdistys\/#organization"},"potentialAction":[{"@type":"SearchAction","target":{"@type":"EntryPoint","urlTemplate":"http:\/\/www.rukajarvensuunnanhistoriayhdistys.fi\/historiayhdistys\/?s={search_term_string}"},"query-input":{"@type":"PropertyValueSpecification","valueRequired":true,"valueName":"search_term_string"}}],"inLanguage":"fi"},{"@type":"Organization","@id":"http:\/\/www.rukajarvensuunnanhistoriayhdistys.fi\/historiayhdistys\/#organization","name":"Rukaj\u00e4rven suunnan historiayhdistys","url":"http:\/\/www.rukajarvensuunnanhistoriayhdistys.fi\/historiayhdistys\/","logo":{"@type":"ImageObject","inLanguage":"fi","@id":"http:\/\/www.rukajarvensuunnanhistoriayhdistys.fi\/historiayhdistys\/#\/schema\/logo\/image\/","url":"http:\/\/www.rukajarvensuunnanhistoriayhdistys.fi\/historiayhdistys\/wp-content\/uploads\/2013\/12\/Otsake_3.jpg","contentUrl":"http:\/\/www.rukajarvensuunnanhistoriayhdistys.fi\/historiayhdistys\/wp-content\/uploads\/2013\/12\/Otsake_3.jpg","width":1000,"height":442,"caption":"Rukaj\u00e4rven suunnan historiayhdistys"},"image":{"@id":"http:\/\/www.rukajarvensuunnanhistoriayhdistys.fi\/historiayhdistys\/#\/schema\/logo\/image\/"}},{"@type":"Person","@id":"http:\/\/www.rukajarvensuunnanhistoriayhdistys.fi\/historiayhdistys\/#\/schema\/person\/19de7db68bf72dfd2b5d7f6dfbf8454d","name":"RSHY","image":{"@type":"ImageObject","inLanguage":"fi","@id":"https:\/\/secure.gravatar.com\/avatar\/598d59263a69cc8de65fcb4f9db78d6f58c098cb0e0ba22d73377441af9fa04c?s=96&d=blank&r=g","url":"https:\/\/secure.gravatar.com\/avatar\/598d59263a69cc8de65fcb4f9db78d6f58c098cb0e0ba22d73377441af9fa04c?s=96&d=blank&r=g","contentUrl":"https:\/\/secure.gravatar.com\/avatar\/598d59263a69cc8de65fcb4f9db78d6f58c098cb0e0ba22d73377441af9fa04c?s=96&d=blank&r=g","caption":"RSHY"},"url":"http:\/\/www.rukajarvensuunnanhistoriayhdistys.fi\/historiayhdistys\/author\/rshy\/"}]}},"_links":{"self":[{"href":"http:\/\/www.rukajarvensuunnanhistoriayhdistys.fi\/historiayhdistys\/wp-json\/wp\/v2\/posts\/854","targetHints":{"allow":["GET"]}}],"collection":[{"href":"http:\/\/www.rukajarvensuunnanhistoriayhdistys.fi\/historiayhdistys\/wp-json\/wp\/v2\/posts"}],"about":[{"href":"http:\/\/www.rukajarvensuunnanhistoriayhdistys.fi\/historiayhdistys\/wp-json\/wp\/v2\/types\/post"}],"author":[{"embeddable":true,"href":"http:\/\/www.rukajarvensuunnanhistoriayhdistys.fi\/historiayhdistys\/wp-json\/wp\/v2\/users\/3"}],"replies":[{"embeddable":true,"href":"http:\/\/www.rukajarvensuunnanhistoriayhdistys.fi\/historiayhdistys\/wp-json\/wp\/v2\/comments?post=854"}],"version-history":[{"count":34,"href":"http:\/\/www.rukajarvensuunnanhistoriayhdistys.fi\/historiayhdistys\/wp-json\/wp\/v2\/posts\/854\/revisions"}],"predecessor-version":[{"id":934,"href":"http:\/\/www.rukajarvensuunnanhistoriayhdistys.fi\/historiayhdistys\/wp-json\/wp\/v2\/posts\/854\/revisions\/934"}],"wp:attachment":[{"href":"http:\/\/www.rukajarvensuunnanhistoriayhdistys.fi\/historiayhdistys\/wp-json\/wp\/v2\/media?parent=854"}],"wp:term":[{"taxonomy":"category","embeddable":true,"href":"http:\/\/www.rukajarvensuunnanhistoriayhdistys.fi\/historiayhdistys\/wp-json\/wp\/v2\/categories?post=854"},{"taxonomy":"post_tag","embeddable":true,"href":"http:\/\/www.rukajarvensuunnanhistoriayhdistys.fi\/historiayhdistys\/wp-json\/wp\/v2\/tags?post=854"}],"curies":[{"name":"wp","href":"https:\/\/api.w.org\/{rel}","templated":true}]}}