{"id":913,"date":"2014-08-28T08:34:03","date_gmt":"2014-08-28T05:34:03","guid":{"rendered":"http:\/\/www.rukajarvensuunnanhistoriayhdistys.fi\/historiayhdistys\/?p=913"},"modified":"2014-08-28T10:07:31","modified_gmt":"2014-08-28T07:07:31","slug":"jatkosodan-paattymisesta-70-vuotta-nurmes-avasi-tapahtumat-26-8-2014","status":"publish","type":"post","link":"http:\/\/www.rukajarvensuunnanhistoriayhdistys.fi\/historiayhdistys\/jatkosodan-paattymisesta-70-vuotta-nurmes-avasi-tapahtumat-26-8-2014\/","title":{"rendered":"Jatkosodan p\u00e4\u00e4ttymisest\u00e4 70-vuotta &#8211; Nurmes avasi tapahtumat 26.8.2014"},"content":{"rendered":"<div class=\"fcbkbttn_buttons_block\" id=\"fcbkbttn_left\"><div class=\"fcbkbttn_like \"><fb:like href=\"http:\/\/www.rukajarvensuunnanhistoriayhdistys.fi\/historiayhdistys\/jatkosodan-paattymisesta-70-vuotta-nurmes-avasi-tapahtumat-26-8-2014\/\" action=\"like\" colorscheme=\"light\" layout=\"button_count\"  size=\"small\"><\/fb:like><\/div><\/div><p style=\"margin: 0cm 0cm 10pt;\"><span style=\"color: #555555; line-height: 115%; font-family: 'Arial','sans-serif'; font-size: 9.5pt;\"><strong>Nurmeksen museon n\u00e4yttelyn &#8221;Veikko Haapalainen jatkosodassa &#8211; puhdet\u00f6it\u00e4 ja valokuvia Rukaj\u00e4rven suunnalta&#8221; avauksen 26.8.2014 yhteydess\u00e4 pidettiin Nurmes-Seura ry:n kotiseutuilta, jossa Antti Haapalainen kertoi is\u00e4ns\u00e4 komppanian sotatiest\u00e4.<\/strong><\/span><\/p>\n<figure id=\"attachment_918\" aria-describedby=\"caption-attachment-918\" style=\"width: 1754px\" class=\"wp-caption alignnone\"><a href=\"http:\/\/www.rukajarvensuunnanhistoriayhdistys.fi\/historiayhdistys\/wp-content\/uploads\/2014\/08\/Happalainen-Antti-26-8-2014-Nurmes.jpg\"><img loading=\"lazy\" decoding=\"async\" class=\"wp-image-918 size-full\" src=\"http:\/\/www.rukajarvensuunnanhistoriayhdistys.fi\/historiayhdistys\/wp-content\/uploads\/2014\/08\/Happalainen-Antti-26-8-2014-Nurmes.jpg\" alt=\"Antti Haapalainen esitteli Nurmeksen museossa 26.8.2014 avatun n\u00e4yttelyn \" width=\"1754\" height=\"1240\" data-id=\"918\" srcset=\"http:\/\/www.rukajarvensuunnanhistoriayhdistys.fi\/historiayhdistys\/wp-content\/uploads\/2014\/08\/Happalainen-Antti-26-8-2014-Nurmes.jpg 1754w, http:\/\/www.rukajarvensuunnanhistoriayhdistys.fi\/historiayhdistys\/wp-content\/uploads\/2014\/08\/Happalainen-Antti-26-8-2014-Nurmes-300x212.jpg 300w, http:\/\/www.rukajarvensuunnanhistoriayhdistys.fi\/historiayhdistys\/wp-content\/uploads\/2014\/08\/Happalainen-Antti-26-8-2014-Nurmes-1024x723.jpg 1024w\" sizes=\"auto, (max-width: 1754px) 100vw, 1754px\" \/><\/a><figcaption id=\"caption-attachment-918\" class=\"wp-caption-text\">Antti Haapalainen esitteli Nurmeksen museossa 26.8.2014 avatun n\u00e4yttelyn. Kuvassa Haapalaisen vasemmalla puolella Rukaj\u00e4rven veteraani Eino Ullgren.<\/figcaption><\/figure>\n<p style=\"margin: 0cm 0cm 10pt;\">Nurmes- talossa sijaitsevaan n\u00e4yttelyn avaukseen ja esitelm\u00e4tilaisuuteen\u00a0oli saapunut runsaat 40. kuulijaa. Esitelm\u00e4 kesti puolitoista tuntia.\u00a0Kannattaa k\u00e4yd\u00e4 tutustumassa.<\/p>\n<figure id=\"attachment_916\" aria-describedby=\"caption-attachment-916\" style=\"width: 1754px\" class=\"wp-caption alignnone\"><a href=\"http:\/\/www.rukajarvensuunnanhistoriayhdistys.fi\/historiayhdistys\/wp-content\/uploads\/2014\/08\/Haapalainen-Veikko-Nurmes.jpg\"><img loading=\"lazy\" decoding=\"async\" class=\"wp-image-916 size-full\" src=\"http:\/\/www.rukajarvensuunnanhistoriayhdistys.fi\/historiayhdistys\/wp-content\/uploads\/2014\/08\/Haapalainen-Veikko-Nurmes.jpg\" alt=\"Esill\u00e4 on Veikko Haapalainen - Jatkosodassa n\u00e4yttelyn upeita puhdet\u00f6it\u00e4.\" width=\"1754\" height=\"1240\" data-id=\"916\" srcset=\"http:\/\/www.rukajarvensuunnanhistoriayhdistys.fi\/historiayhdistys\/wp-content\/uploads\/2014\/08\/Haapalainen-Veikko-Nurmes.jpg 1754w, http:\/\/www.rukajarvensuunnanhistoriayhdistys.fi\/historiayhdistys\/wp-content\/uploads\/2014\/08\/Haapalainen-Veikko-Nurmes-300x212.jpg 300w, http:\/\/www.rukajarvensuunnanhistoriayhdistys.fi\/historiayhdistys\/wp-content\/uploads\/2014\/08\/Haapalainen-Veikko-Nurmes-1024x723.jpg 1024w\" sizes=\"auto, (max-width: 1754px) 100vw, 1754px\" \/><\/a><figcaption id=\"caption-attachment-916\" class=\"wp-caption-text\">Esill\u00e4 on Veikko Haapalainen &#8211; Jatkosodassa n\u00e4yttelyn upeita puhdet\u00f6it\u00e4.<\/figcaption><\/figure>\n<figure id=\"attachment_914\" aria-describedby=\"caption-attachment-914\" style=\"width: 1754px\" class=\"wp-caption alignnone\"><a href=\"http:\/\/www.rukajarvensuunnanhistoriayhdistys.fi\/historiayhdistys\/wp-content\/uploads\/2014\/08\/Haapalainen-Veikko-sotatie.jpg\"><img loading=\"lazy\" decoding=\"async\" class=\"wp-image-914 size-full\" src=\"http:\/\/www.rukajarvensuunnanhistoriayhdistys.fi\/historiayhdistys\/wp-content\/uploads\/2014\/08\/Haapalainen-Veikko-sotatie.jpg\" alt=\"Krh.K\/JR 31 sotatie, kartoin ja kuvin.\" width=\"1754\" height=\"862\" data-id=\"914\" srcset=\"http:\/\/www.rukajarvensuunnanhistoriayhdistys.fi\/historiayhdistys\/wp-content\/uploads\/2014\/08\/Haapalainen-Veikko-sotatie.jpg 1754w, http:\/\/www.rukajarvensuunnanhistoriayhdistys.fi\/historiayhdistys\/wp-content\/uploads\/2014\/08\/Haapalainen-Veikko-sotatie-300x147.jpg 300w, http:\/\/www.rukajarvensuunnanhistoriayhdistys.fi\/historiayhdistys\/wp-content\/uploads\/2014\/08\/Haapalainen-Veikko-sotatie-1024x503.jpg 1024w\" sizes=\"auto, (max-width: 1754px) 100vw, 1754px\" \/><\/a><figcaption id=\"caption-attachment-914\" class=\"wp-caption-text\">Krh.K\/JR 31 sotatie, kartoin ja kuvin.<\/figcaption><\/figure>\n<p style=\"margin: 0cm 0cm 10pt;\">Rukaj\u00e4rven suunnan historiayhdistyksen hallituksen j\u00e4sen Antti Haapalaisen esitelm\u00e4 (82 s.) Krh.K\/JR 31 voi tutustua Rukaj\u00e4rvi-keskuksissa, koska tiedoston koko est\u00e4\u00e4 sit\u00e4 asettavaksi kokonaisuudessaan n\u00e4ht\u00e4v\u00e4ksi t\u00e4ll\u00e4 sivulla.<\/p>\n<p style=\"margin: 0cm 0cm 10pt;\"><strong>Karttakirjan julkistaminen<\/strong><\/p>\n<p style=\"margin: 0cm 0cm 10pt;\">Samalla tilaisuuden aluksi Antti Haapalainen esitteli uunituoreen karttakirjan, jonka h\u00e4n oli juuri saanut kirjapainosta. Tilaisuus oli siten samalla t\u00e4m\u00e4n kirjan &#8221;Topograafinen kartasto vuodelta 1935, 14. Divisioonan toiminta-alueelta &#8211; Suomennettu versio&#8221;julkistamistilaisuus. Karttakirjan myyntiesite on yhdistyksemme sivulla, josta saa tarkempaa tietoa.<\/p>\n<p style=\"margin: 0cm 0cm 10pt;\"><strong>Toimintaa juhlallisuuksiin liittyen Iisalmen Rukaj\u00e4rvi-keskuksessa<\/strong><\/p>\n<p style=\"font: 16px\/normal Calibri, Arial, Helvetica, sans-serif; color: #000000; text-transform: none; text-indent: 0px; letter-spacing: normal; margin-top: 0px; margin-bottom: 0px; word-spacing: 0px; white-space: normal; -webkit-text-stroke-width: 0px;\">Ihmeiden ilta Iisalmessa 30.8.2014<\/p>\n<p style=\"font: 16px\/normal Calibri, Arial, Helvetica, sans-serif; color: #000000; text-transform: none; text-indent: 0px; letter-spacing: normal; margin-top: 0px; margin-bottom: 0px; word-spacing: 0px; white-space: normal; -webkit-text-stroke-width: 0px;\">Taiteiden y\u00f6-tyyppinen monipuolinen kulttuuritapahtuma Iisalmessa.\u200b<\/p>\n<p style=\"font: 16px\/normal Calibri, Arial, Helvetica, sans-serif; color: #000000; text-transform: none; text-indent: 0px; letter-spacing: normal; margin-top: 0px; margin-bottom: 0px; word-spacing: 0px; white-space: normal; -webkit-text-stroke-width: 0px;\">Ohjelma l\u00f6ytyy t\u00e4\u00e4lt\u00e4:<\/p>\n<p style=\"color: #000000; text-transform: none; line-height: normal; text-indent: 0px; letter-spacing: normal; font-style: normal; font-variant: normal; font-weight: normal; margin-top: 0px; margin-bottom: 0px; word-spacing: 0px; white-space: normal; -webkit-text-stroke-width: 0px;\"><a style=\"color: #1155cc;\" href=\"http:\/\/www.iisalmi.fi\/Suomeksi\/Tapahtumat\/Alueen-tapahtumat\/Ihmeiden-ilta-Iisalmessa-3082014\" target=\"_blank\"><span style=\"text-decoration: underline;\"><span style=\"font-family: Calibri;\"><span style=\"font-size: medium;\">http:\/\/www.iisalmi.fi\/<wbr \/><\/span><span style=\"font-size: medium;\">Suomeksi\/Tapahtumat\/Alueen-<wbr \/><\/span><span style=\"font-size: medium;\">tapahtumat\/Ihmeiden-ilta-<wbr \/><\/span><span style=\"font-size: medium;\">Iisalmessa-3082014<\/span><\/span><\/span><\/a><\/p>\n<p style=\"color: #000000; text-transform: none; line-height: normal; text-indent: 0px; letter-spacing: normal; font-style: normal; font-variant: normal; font-weight: normal; margin-top: 0px; margin-bottom: 0px; word-spacing: 0px; white-space: normal; -webkit-text-stroke-width: 0px;\"><span style=\"text-decoration: underline;\">\u00a0<\/span><\/p>\n<p style=\"color: #000000; text-transform: none; line-height: normal; text-indent: 0px; letter-spacing: normal; font-style: normal; font-variant: normal; font-weight: normal; margin-top: 0px; margin-bottom: 0px; word-spacing: 0px; white-space: normal; -webkit-text-stroke-width: 0px;\">HOTELLI SEURAHUONE\u00a0(Savonkatu 24)<br \/>\n-Rukaj\u00e4rvikeskus avoinna klo 17.30-23.00. Rukaj\u00e4rven tie -elokuvan<br \/>\nn\u00e4yt\u00f6kset Rukaj\u00e4rvikeskuksessa klo 18.00 ja 20.30 (elokuvan kesto<br \/>\n123 min, suositusik\u00e4raja 12). K\u00e4ynti Karjalankadulta tai sis\u00e4pihalta.<br \/>\n-Vapaa p\u00e4\u00e4sy.<br \/>\n-Lounge Bar and Bub avoinna 16.00-00.00. Ruoka-annoksia,<br \/>\nerikoisherkkuina Talon Fish&#8217;n&#8217;Chips, Chicken Hot Wings ja Riistamakkaralautanen.<br \/>\n-Loungesta my\u00f6s naposteltavaa ja juomia illan elokuvan seuraksi.<\/p>\n<p style=\"margin: 0cm 0cm 10pt;\">Kansalaisjuhlan tilaisuuksista kerrotaan n\u00e4ill\u00e4 sivuilla lis\u00e4\u00e4 mm. Rukaj\u00e4rven tie julkaisussa, jossa on t\u00e4ydellinen ohjelma mm. Lieksan tilaisuuksista ja\u00a0n\u00e4yttelyist\u00e4, joita pidet\u00e4\u00e4n niin Lieksan kirkon lis\u00e4ksi, Rukaj\u00e4rvi-keskuksessa, Lieksan Kulttuurikeskuksessa, Lieksan asemalla ja Retkiaitassa.<\/p>\n<p style=\"margin: 0cm 0cm 10pt;\">Juhlallisuudet alkavat Kiuruvedelt\u00e4 4.9.2014 jo klo 8.00 Kevytosasto 2:n joukko-osastohistorian julkistamistilaisuudella ja valokuvan\u00e4yttelyn avauksella. H\u00f6yryjuna l\u00e4htee Kiuruveden asemalta\u00a0samana p\u00e4iv\u00e4n\u00e4 klo 11.15 Lieksassa pidett\u00e4v\u00e4\u00e4n Kansalaisjuhlaan, joista lis\u00e4\u00e4 tietoa n\u00e4ill\u00e4 sivuilla. Junassa on viel\u00e4 tilaa noin 40 paikkaa.<\/p>\n","protected":false},"excerpt":{"rendered":"<p>Nurmeksen museon n\u00e4yttelyn &#8221;Veikko Haapalainen jatkosodassa &#8211; puhdet\u00f6it\u00e4 ja valokuvia Rukaj\u00e4rven suunnalta&#8221; avauksen 26.8.2014 yhteydess\u00e4 pidettiin Nurmes-Seura ry:n kotiseutuilta, jossa Antti Haapalainen kertoi is\u00e4ns\u00e4 komppanian sotatiest\u00e4. Nurmes- talossa sijaitsevaan n\u00e4yttelyn <a class=\"more-link\" href=\"http:\/\/www.rukajarvensuunnanhistoriayhdistys.fi\/historiayhdistys\/jatkosodan-paattymisesta-70-vuotta-nurmes-avasi-tapahtumat-26-8-2014\/\">Teksti jatkuu&#8230;<span class=\"screen-reader-text\">Jatkosodan p\u00e4\u00e4ttymisest\u00e4 70-vuotta &#8211; Nurmes avasi tapahtumat 26.8.2014<\/span><span class=\"meta-nav\">\u2192<\/span><\/a><\/p>\n","protected":false},"author":3,"featured_media":916,"comment_status":"closed","ping_status":"open","sticky":false,"template":"","format":"standard","meta":{"footnotes":""},"categories":[21],"tags":[],"class_list":["post-913","post","type-post","status-publish","format-standard","has-post-thumbnail","hentry","category-rukajarvi-keskus"],"yoast_head":"<!-- This site is optimized with the Yoast SEO plugin v27.4 - https:\/\/yoast.com\/product\/yoast-seo-wordpress\/ -->\n<title>Jatkosodan p\u00e4\u00e4ttymisest\u00e4 70-vuotta - Nurmes avasi tapahtumat 26.8.2014  - Rukaj\u00e4rven suunnan historiayhdistys<\/title>\n<meta name=\"robots\" content=\"index, follow, max-snippet:-1, max-image-preview:large, max-video-preview:-1\" \/>\n<link rel=\"canonical\" href=\"http:\/\/www.rukajarvensuunnanhistoriayhdistys.fi\/historiayhdistys\/jatkosodan-paattymisesta-70-vuotta-nurmes-avasi-tapahtumat-26-8-2014\/\" \/>\n<meta property=\"og:locale\" content=\"fi_FI\" \/>\n<meta property=\"og:type\" content=\"article\" \/>\n<meta property=\"og:title\" content=\"Jatkosodan p\u00e4\u00e4ttymisest\u00e4 70-vuotta - Nurmes avasi tapahtumat 26.8.2014  - Rukaj\u00e4rven suunnan historiayhdistys\" \/>\n<meta property=\"og:description\" content=\"Nurmeksen museon n\u00e4yttelyn &#8221;Veikko Haapalainen jatkosodassa &#8211; puhdet\u00f6it\u00e4 ja valokuvia Rukaj\u00e4rven suunnalta&#8221; avauksen 26.8.2014 yhteydess\u00e4 pidettiin Nurmes-Seura ry:n kotiseutuilta, jossa Antti Haapalainen kertoi is\u00e4ns\u00e4 komppanian sotatiest\u00e4. Nurmes- talossa sijaitsevaan n\u00e4yttelyn Teksti jatkuu...Jatkosodan p\u00e4\u00e4ttymisest\u00e4 70-vuotta &#8211; Nurmes avasi tapahtumat 26.8.2014\u2192\" \/>\n<meta property=\"og:url\" content=\"http:\/\/www.rukajarvensuunnanhistoriayhdistys.fi\/historiayhdistys\/jatkosodan-paattymisesta-70-vuotta-nurmes-avasi-tapahtumat-26-8-2014\/\" \/>\n<meta property=\"og:site_name\" content=\"Rukaj\u00e4rven suunnan historiayhdistys\" \/>\n<meta property=\"article:published_time\" content=\"2014-08-28T05:34:03+00:00\" \/>\n<meta property=\"article:modified_time\" content=\"2014-08-28T07:07:31+00:00\" \/>\n<meta property=\"og:image\" content=\"http:\/\/www.rukajarvensuunnanhistoriayhdistys.fi\/historiayhdistys\/wp-content\/uploads\/2014\/08\/Haapalainen-Veikko-Nurmes.jpg\" \/>\n\t<meta property=\"og:image:width\" content=\"1754\" \/>\n\t<meta property=\"og:image:height\" content=\"1240\" \/>\n\t<meta property=\"og:image:type\" content=\"image\/jpeg\" \/>\n<meta name=\"author\" content=\"RSHY\" \/>\n<meta name=\"twitter:label1\" content=\"Kirjoittanut\" \/>\n\t<meta name=\"twitter:data1\" content=\"RSHY\" \/>\n\t<meta name=\"twitter:label2\" content=\"Arvioitu lukuaika\" \/>\n\t<meta name=\"twitter:data2\" content=\"2 minuuttia\" \/>\n<script type=\"application\/ld+json\" class=\"yoast-schema-graph\">{\"@context\":\"https:\\\/\\\/schema.org\",\"@graph\":[{\"@type\":\"Article\",\"@id\":\"http:\\\/\\\/www.rukajarvensuunnanhistoriayhdistys.fi\\\/historiayhdistys\\\/jatkosodan-paattymisesta-70-vuotta-nurmes-avasi-tapahtumat-26-8-2014\\\/#article\",\"isPartOf\":{\"@id\":\"http:\\\/\\\/www.rukajarvensuunnanhistoriayhdistys.fi\\\/historiayhdistys\\\/jatkosodan-paattymisesta-70-vuotta-nurmes-avasi-tapahtumat-26-8-2014\\\/\"},\"author\":{\"name\":\"RSHY\",\"@id\":\"http:\\\/\\\/www.rukajarvensuunnanhistoriayhdistys.fi\\\/historiayhdistys\\\/#\\\/schema\\\/person\\\/19de7db68bf72dfd2b5d7f6dfbf8454d\"},\"headline\":\"Jatkosodan p\u00e4\u00e4ttymisest\u00e4 70-vuotta &#8211; Nurmes avasi tapahtumat 26.8.2014\",\"datePublished\":\"2014-08-28T05:34:03+00:00\",\"dateModified\":\"2014-08-28T07:07:31+00:00\",\"mainEntityOfPage\":{\"@id\":\"http:\\\/\\\/www.rukajarvensuunnanhistoriayhdistys.fi\\\/historiayhdistys\\\/jatkosodan-paattymisesta-70-vuotta-nurmes-avasi-tapahtumat-26-8-2014\\\/\"},\"wordCount\":357,\"publisher\":{\"@id\":\"http:\\\/\\\/www.rukajarvensuunnanhistoriayhdistys.fi\\\/historiayhdistys\\\/#organization\"},\"image\":{\"@id\":\"http:\\\/\\\/www.rukajarvensuunnanhistoriayhdistys.fi\\\/historiayhdistys\\\/jatkosodan-paattymisesta-70-vuotta-nurmes-avasi-tapahtumat-26-8-2014\\\/#primaryimage\"},\"thumbnailUrl\":\"http:\\\/\\\/www.rukajarvensuunnanhistoriayhdistys.fi\\\/historiayhdistys\\\/wp-content\\\/uploads\\\/2014\\\/08\\\/Haapalainen-Veikko-Nurmes.jpg\",\"articleSection\":[\"Rukaj\u00e4rvi-keskus\"],\"inLanguage\":\"fi\"},{\"@type\":\"WebPage\",\"@id\":\"http:\\\/\\\/www.rukajarvensuunnanhistoriayhdistys.fi\\\/historiayhdistys\\\/jatkosodan-paattymisesta-70-vuotta-nurmes-avasi-tapahtumat-26-8-2014\\\/\",\"url\":\"http:\\\/\\\/www.rukajarvensuunnanhistoriayhdistys.fi\\\/historiayhdistys\\\/jatkosodan-paattymisesta-70-vuotta-nurmes-avasi-tapahtumat-26-8-2014\\\/\",\"name\":\"Jatkosodan p\u00e4\u00e4ttymisest\u00e4 70-vuotta - Nurmes avasi tapahtumat 26.8.2014 - Rukaj\u00e4rven suunnan historiayhdistys\",\"isPartOf\":{\"@id\":\"http:\\\/\\\/www.rukajarvensuunnanhistoriayhdistys.fi\\\/historiayhdistys\\\/#website\"},\"primaryImageOfPage\":{\"@id\":\"http:\\\/\\\/www.rukajarvensuunnanhistoriayhdistys.fi\\\/historiayhdistys\\\/jatkosodan-paattymisesta-70-vuotta-nurmes-avasi-tapahtumat-26-8-2014\\\/#primaryimage\"},\"image\":{\"@id\":\"http:\\\/\\\/www.rukajarvensuunnanhistoriayhdistys.fi\\\/historiayhdistys\\\/jatkosodan-paattymisesta-70-vuotta-nurmes-avasi-tapahtumat-26-8-2014\\\/#primaryimage\"},\"thumbnailUrl\":\"http:\\\/\\\/www.rukajarvensuunnanhistoriayhdistys.fi\\\/historiayhdistys\\\/wp-content\\\/uploads\\\/2014\\\/08\\\/Haapalainen-Veikko-Nurmes.jpg\",\"datePublished\":\"2014-08-28T05:34:03+00:00\",\"dateModified\":\"2014-08-28T07:07:31+00:00\",\"breadcrumb\":{\"@id\":\"http:\\\/\\\/www.rukajarvensuunnanhistoriayhdistys.fi\\\/historiayhdistys\\\/jatkosodan-paattymisesta-70-vuotta-nurmes-avasi-tapahtumat-26-8-2014\\\/#breadcrumb\"},\"inLanguage\":\"fi\",\"potentialAction\":[{\"@type\":\"ReadAction\",\"target\":[\"http:\\\/\\\/www.rukajarvensuunnanhistoriayhdistys.fi\\\/historiayhdistys\\\/jatkosodan-paattymisesta-70-vuotta-nurmes-avasi-tapahtumat-26-8-2014\\\/\"]}]},{\"@type\":\"ImageObject\",\"inLanguage\":\"fi\",\"@id\":\"http:\\\/\\\/www.rukajarvensuunnanhistoriayhdistys.fi\\\/historiayhdistys\\\/jatkosodan-paattymisesta-70-vuotta-nurmes-avasi-tapahtumat-26-8-2014\\\/#primaryimage\",\"url\":\"http:\\\/\\\/www.rukajarvensuunnanhistoriayhdistys.fi\\\/historiayhdistys\\\/wp-content\\\/uploads\\\/2014\\\/08\\\/Haapalainen-Veikko-Nurmes.jpg\",\"contentUrl\":\"http:\\\/\\\/www.rukajarvensuunnanhistoriayhdistys.fi\\\/historiayhdistys\\\/wp-content\\\/uploads\\\/2014\\\/08\\\/Haapalainen-Veikko-Nurmes.jpg\",\"width\":1754,\"height\":1240},{\"@type\":\"BreadcrumbList\",\"@id\":\"http:\\\/\\\/www.rukajarvensuunnanhistoriayhdistys.fi\\\/historiayhdistys\\\/jatkosodan-paattymisesta-70-vuotta-nurmes-avasi-tapahtumat-26-8-2014\\\/#breadcrumb\",\"itemListElement\":[{\"@type\":\"ListItem\",\"position\":1,\"name\":\"Etusivu\",\"item\":\"http:\\\/\\\/www.rukajarvensuunnanhistoriayhdistys.fi\\\/historiayhdistys\\\/\"},{\"@type\":\"ListItem\",\"position\":2,\"name\":\"Jatkosodan p\u00e4\u00e4ttymisest\u00e4 70-vuotta &#8211; Nurmes avasi tapahtumat 26.8.2014\"}]},{\"@type\":\"WebSite\",\"@id\":\"http:\\\/\\\/www.rukajarvensuunnanhistoriayhdistys.fi\\\/historiayhdistys\\\/#website\",\"url\":\"http:\\\/\\\/www.rukajarvensuunnanhistoriayhdistys.fi\\\/historiayhdistys\\\/\",\"name\":\"Rukaj\u00e4rven suunnan historiayhdistys\",\"description\":\"Rukaj\u00e4rven suunnan historiayhdistyksen verkkosivut.\",\"publisher\":{\"@id\":\"http:\\\/\\\/www.rukajarvensuunnanhistoriayhdistys.fi\\\/historiayhdistys\\\/#organization\"},\"potentialAction\":[{\"@type\":\"SearchAction\",\"target\":{\"@type\":\"EntryPoint\",\"urlTemplate\":\"http:\\\/\\\/www.rukajarvensuunnanhistoriayhdistys.fi\\\/historiayhdistys\\\/?s={search_term_string}\"},\"query-input\":{\"@type\":\"PropertyValueSpecification\",\"valueRequired\":true,\"valueName\":\"search_term_string\"}}],\"inLanguage\":\"fi\"},{\"@type\":\"Organization\",\"@id\":\"http:\\\/\\\/www.rukajarvensuunnanhistoriayhdistys.fi\\\/historiayhdistys\\\/#organization\",\"name\":\"Rukaj\u00e4rven suunnan historiayhdistys\",\"url\":\"http:\\\/\\\/www.rukajarvensuunnanhistoriayhdistys.fi\\\/historiayhdistys\\\/\",\"logo\":{\"@type\":\"ImageObject\",\"inLanguage\":\"fi\",\"@id\":\"http:\\\/\\\/www.rukajarvensuunnanhistoriayhdistys.fi\\\/historiayhdistys\\\/#\\\/schema\\\/logo\\\/image\\\/\",\"url\":\"http:\\\/\\\/www.rukajarvensuunnanhistoriayhdistys.fi\\\/historiayhdistys\\\/wp-content\\\/uploads\\\/2013\\\/12\\\/Otsake_3.jpg\",\"contentUrl\":\"http:\\\/\\\/www.rukajarvensuunnanhistoriayhdistys.fi\\\/historiayhdistys\\\/wp-content\\\/uploads\\\/2013\\\/12\\\/Otsake_3.jpg\",\"width\":1000,\"height\":442,\"caption\":\"Rukaj\u00e4rven suunnan historiayhdistys\"},\"image\":{\"@id\":\"http:\\\/\\\/www.rukajarvensuunnanhistoriayhdistys.fi\\\/historiayhdistys\\\/#\\\/schema\\\/logo\\\/image\\\/\"}},{\"@type\":\"Person\",\"@id\":\"http:\\\/\\\/www.rukajarvensuunnanhistoriayhdistys.fi\\\/historiayhdistys\\\/#\\\/schema\\\/person\\\/19de7db68bf72dfd2b5d7f6dfbf8454d\",\"name\":\"RSHY\",\"image\":{\"@type\":\"ImageObject\",\"inLanguage\":\"fi\",\"@id\":\"https:\\\/\\\/secure.gravatar.com\\\/avatar\\\/598d59263a69cc8de65fcb4f9db78d6f58c098cb0e0ba22d73377441af9fa04c?s=96&d=blank&r=g\",\"url\":\"https:\\\/\\\/secure.gravatar.com\\\/avatar\\\/598d59263a69cc8de65fcb4f9db78d6f58c098cb0e0ba22d73377441af9fa04c?s=96&d=blank&r=g\",\"contentUrl\":\"https:\\\/\\\/secure.gravatar.com\\\/avatar\\\/598d59263a69cc8de65fcb4f9db78d6f58c098cb0e0ba22d73377441af9fa04c?s=96&d=blank&r=g\",\"caption\":\"RSHY\"},\"url\":\"http:\\\/\\\/www.rukajarvensuunnanhistoriayhdistys.fi\\\/historiayhdistys\\\/author\\\/rshy\\\/\"}]}<\/script>\n<!-- \/ Yoast SEO plugin. -->","yoast_head_json":{"title":"Jatkosodan p\u00e4\u00e4ttymisest\u00e4 70-vuotta - Nurmes avasi tapahtumat 26.8.2014  - Rukaj\u00e4rven suunnan historiayhdistys","robots":{"index":"index","follow":"follow","max-snippet":"max-snippet:-1","max-image-preview":"max-image-preview:large","max-video-preview":"max-video-preview:-1"},"canonical":"http:\/\/www.rukajarvensuunnanhistoriayhdistys.fi\/historiayhdistys\/jatkosodan-paattymisesta-70-vuotta-nurmes-avasi-tapahtumat-26-8-2014\/","og_locale":"fi_FI","og_type":"article","og_title":"Jatkosodan p\u00e4\u00e4ttymisest\u00e4 70-vuotta - Nurmes avasi tapahtumat 26.8.2014  - Rukaj\u00e4rven suunnan historiayhdistys","og_description":"Nurmeksen museon n\u00e4yttelyn &#8221;Veikko Haapalainen jatkosodassa &#8211; puhdet\u00f6it\u00e4 ja valokuvia Rukaj\u00e4rven suunnalta&#8221; avauksen 26.8.2014 yhteydess\u00e4 pidettiin Nurmes-Seura ry:n kotiseutuilta, jossa Antti Haapalainen kertoi is\u00e4ns\u00e4 komppanian sotatiest\u00e4. Nurmes- talossa sijaitsevaan n\u00e4yttelyn Teksti jatkuu...Jatkosodan p\u00e4\u00e4ttymisest\u00e4 70-vuotta &#8211; Nurmes avasi tapahtumat 26.8.2014\u2192","og_url":"http:\/\/www.rukajarvensuunnanhistoriayhdistys.fi\/historiayhdistys\/jatkosodan-paattymisesta-70-vuotta-nurmes-avasi-tapahtumat-26-8-2014\/","og_site_name":"Rukaj\u00e4rven suunnan historiayhdistys","article_published_time":"2014-08-28T05:34:03+00:00","article_modified_time":"2014-08-28T07:07:31+00:00","og_image":[{"width":1754,"height":1240,"url":"http:\/\/www.rukajarvensuunnanhistoriayhdistys.fi\/historiayhdistys\/wp-content\/uploads\/2014\/08\/Haapalainen-Veikko-Nurmes.jpg","type":"image\/jpeg"}],"author":"RSHY","twitter_misc":{"Kirjoittanut":"RSHY","Arvioitu lukuaika":"2 minuuttia"},"schema":{"@context":"https:\/\/schema.org","@graph":[{"@type":"Article","@id":"http:\/\/www.rukajarvensuunnanhistoriayhdistys.fi\/historiayhdistys\/jatkosodan-paattymisesta-70-vuotta-nurmes-avasi-tapahtumat-26-8-2014\/#article","isPartOf":{"@id":"http:\/\/www.rukajarvensuunnanhistoriayhdistys.fi\/historiayhdistys\/jatkosodan-paattymisesta-70-vuotta-nurmes-avasi-tapahtumat-26-8-2014\/"},"author":{"name":"RSHY","@id":"http:\/\/www.rukajarvensuunnanhistoriayhdistys.fi\/historiayhdistys\/#\/schema\/person\/19de7db68bf72dfd2b5d7f6dfbf8454d"},"headline":"Jatkosodan p\u00e4\u00e4ttymisest\u00e4 70-vuotta &#8211; Nurmes avasi tapahtumat 26.8.2014","datePublished":"2014-08-28T05:34:03+00:00","dateModified":"2014-08-28T07:07:31+00:00","mainEntityOfPage":{"@id":"http:\/\/www.rukajarvensuunnanhistoriayhdistys.fi\/historiayhdistys\/jatkosodan-paattymisesta-70-vuotta-nurmes-avasi-tapahtumat-26-8-2014\/"},"wordCount":357,"publisher":{"@id":"http:\/\/www.rukajarvensuunnanhistoriayhdistys.fi\/historiayhdistys\/#organization"},"image":{"@id":"http:\/\/www.rukajarvensuunnanhistoriayhdistys.fi\/historiayhdistys\/jatkosodan-paattymisesta-70-vuotta-nurmes-avasi-tapahtumat-26-8-2014\/#primaryimage"},"thumbnailUrl":"http:\/\/www.rukajarvensuunnanhistoriayhdistys.fi\/historiayhdistys\/wp-content\/uploads\/2014\/08\/Haapalainen-Veikko-Nurmes.jpg","articleSection":["Rukaj\u00e4rvi-keskus"],"inLanguage":"fi"},{"@type":"WebPage","@id":"http:\/\/www.rukajarvensuunnanhistoriayhdistys.fi\/historiayhdistys\/jatkosodan-paattymisesta-70-vuotta-nurmes-avasi-tapahtumat-26-8-2014\/","url":"http:\/\/www.rukajarvensuunnanhistoriayhdistys.fi\/historiayhdistys\/jatkosodan-paattymisesta-70-vuotta-nurmes-avasi-tapahtumat-26-8-2014\/","name":"Jatkosodan p\u00e4\u00e4ttymisest\u00e4 70-vuotta - Nurmes avasi tapahtumat 26.8.2014 - Rukaj\u00e4rven suunnan historiayhdistys","isPartOf":{"@id":"http:\/\/www.rukajarvensuunnanhistoriayhdistys.fi\/historiayhdistys\/#website"},"primaryImageOfPage":{"@id":"http:\/\/www.rukajarvensuunnanhistoriayhdistys.fi\/historiayhdistys\/jatkosodan-paattymisesta-70-vuotta-nurmes-avasi-tapahtumat-26-8-2014\/#primaryimage"},"image":{"@id":"http:\/\/www.rukajarvensuunnanhistoriayhdistys.fi\/historiayhdistys\/jatkosodan-paattymisesta-70-vuotta-nurmes-avasi-tapahtumat-26-8-2014\/#primaryimage"},"thumbnailUrl":"http:\/\/www.rukajarvensuunnanhistoriayhdistys.fi\/historiayhdistys\/wp-content\/uploads\/2014\/08\/Haapalainen-Veikko-Nurmes.jpg","datePublished":"2014-08-28T05:34:03+00:00","dateModified":"2014-08-28T07:07:31+00:00","breadcrumb":{"@id":"http:\/\/www.rukajarvensuunnanhistoriayhdistys.fi\/historiayhdistys\/jatkosodan-paattymisesta-70-vuotta-nurmes-avasi-tapahtumat-26-8-2014\/#breadcrumb"},"inLanguage":"fi","potentialAction":[{"@type":"ReadAction","target":["http:\/\/www.rukajarvensuunnanhistoriayhdistys.fi\/historiayhdistys\/jatkosodan-paattymisesta-70-vuotta-nurmes-avasi-tapahtumat-26-8-2014\/"]}]},{"@type":"ImageObject","inLanguage":"fi","@id":"http:\/\/www.rukajarvensuunnanhistoriayhdistys.fi\/historiayhdistys\/jatkosodan-paattymisesta-70-vuotta-nurmes-avasi-tapahtumat-26-8-2014\/#primaryimage","url":"http:\/\/www.rukajarvensuunnanhistoriayhdistys.fi\/historiayhdistys\/wp-content\/uploads\/2014\/08\/Haapalainen-Veikko-Nurmes.jpg","contentUrl":"http:\/\/www.rukajarvensuunnanhistoriayhdistys.fi\/historiayhdistys\/wp-content\/uploads\/2014\/08\/Haapalainen-Veikko-Nurmes.jpg","width":1754,"height":1240},{"@type":"BreadcrumbList","@id":"http:\/\/www.rukajarvensuunnanhistoriayhdistys.fi\/historiayhdistys\/jatkosodan-paattymisesta-70-vuotta-nurmes-avasi-tapahtumat-26-8-2014\/#breadcrumb","itemListElement":[{"@type":"ListItem","position":1,"name":"Etusivu","item":"http:\/\/www.rukajarvensuunnanhistoriayhdistys.fi\/historiayhdistys\/"},{"@type":"ListItem","position":2,"name":"Jatkosodan p\u00e4\u00e4ttymisest\u00e4 70-vuotta &#8211; Nurmes avasi tapahtumat 26.8.2014"}]},{"@type":"WebSite","@id":"http:\/\/www.rukajarvensuunnanhistoriayhdistys.fi\/historiayhdistys\/#website","url":"http:\/\/www.rukajarvensuunnanhistoriayhdistys.fi\/historiayhdistys\/","name":"Rukaj\u00e4rven suunnan historiayhdistys","description":"Rukaj\u00e4rven suunnan historiayhdistyksen verkkosivut.","publisher":{"@id":"http:\/\/www.rukajarvensuunnanhistoriayhdistys.fi\/historiayhdistys\/#organization"},"potentialAction":[{"@type":"SearchAction","target":{"@type":"EntryPoint","urlTemplate":"http:\/\/www.rukajarvensuunnanhistoriayhdistys.fi\/historiayhdistys\/?s={search_term_string}"},"query-input":{"@type":"PropertyValueSpecification","valueRequired":true,"valueName":"search_term_string"}}],"inLanguage":"fi"},{"@type":"Organization","@id":"http:\/\/www.rukajarvensuunnanhistoriayhdistys.fi\/historiayhdistys\/#organization","name":"Rukaj\u00e4rven suunnan historiayhdistys","url":"http:\/\/www.rukajarvensuunnanhistoriayhdistys.fi\/historiayhdistys\/","logo":{"@type":"ImageObject","inLanguage":"fi","@id":"http:\/\/www.rukajarvensuunnanhistoriayhdistys.fi\/historiayhdistys\/#\/schema\/logo\/image\/","url":"http:\/\/www.rukajarvensuunnanhistoriayhdistys.fi\/historiayhdistys\/wp-content\/uploads\/2013\/12\/Otsake_3.jpg","contentUrl":"http:\/\/www.rukajarvensuunnanhistoriayhdistys.fi\/historiayhdistys\/wp-content\/uploads\/2013\/12\/Otsake_3.jpg","width":1000,"height":442,"caption":"Rukaj\u00e4rven suunnan historiayhdistys"},"image":{"@id":"http:\/\/www.rukajarvensuunnanhistoriayhdistys.fi\/historiayhdistys\/#\/schema\/logo\/image\/"}},{"@type":"Person","@id":"http:\/\/www.rukajarvensuunnanhistoriayhdistys.fi\/historiayhdistys\/#\/schema\/person\/19de7db68bf72dfd2b5d7f6dfbf8454d","name":"RSHY","image":{"@type":"ImageObject","inLanguage":"fi","@id":"https:\/\/secure.gravatar.com\/avatar\/598d59263a69cc8de65fcb4f9db78d6f58c098cb0e0ba22d73377441af9fa04c?s=96&d=blank&r=g","url":"https:\/\/secure.gravatar.com\/avatar\/598d59263a69cc8de65fcb4f9db78d6f58c098cb0e0ba22d73377441af9fa04c?s=96&d=blank&r=g","contentUrl":"https:\/\/secure.gravatar.com\/avatar\/598d59263a69cc8de65fcb4f9db78d6f58c098cb0e0ba22d73377441af9fa04c?s=96&d=blank&r=g","caption":"RSHY"},"url":"http:\/\/www.rukajarvensuunnanhistoriayhdistys.fi\/historiayhdistys\/author\/rshy\/"}]}},"_links":{"self":[{"href":"http:\/\/www.rukajarvensuunnanhistoriayhdistys.fi\/historiayhdistys\/wp-json\/wp\/v2\/posts\/913","targetHints":{"allow":["GET"]}}],"collection":[{"href":"http:\/\/www.rukajarvensuunnanhistoriayhdistys.fi\/historiayhdistys\/wp-json\/wp\/v2\/posts"}],"about":[{"href":"http:\/\/www.rukajarvensuunnanhistoriayhdistys.fi\/historiayhdistys\/wp-json\/wp\/v2\/types\/post"}],"author":[{"embeddable":true,"href":"http:\/\/www.rukajarvensuunnanhistoriayhdistys.fi\/historiayhdistys\/wp-json\/wp\/v2\/users\/3"}],"replies":[{"embeddable":true,"href":"http:\/\/www.rukajarvensuunnanhistoriayhdistys.fi\/historiayhdistys\/wp-json\/wp\/v2\/comments?post=913"}],"version-history":[{"count":8,"href":"http:\/\/www.rukajarvensuunnanhistoriayhdistys.fi\/historiayhdistys\/wp-json\/wp\/v2\/posts\/913\/revisions"}],"predecessor-version":[{"id":926,"href":"http:\/\/www.rukajarvensuunnanhistoriayhdistys.fi\/historiayhdistys\/wp-json\/wp\/v2\/posts\/913\/revisions\/926"}],"wp:featuredmedia":[{"embeddable":true,"href":"http:\/\/www.rukajarvensuunnanhistoriayhdistys.fi\/historiayhdistys\/wp-json\/wp\/v2\/media\/916"}],"wp:attachment":[{"href":"http:\/\/www.rukajarvensuunnanhistoriayhdistys.fi\/historiayhdistys\/wp-json\/wp\/v2\/media?parent=913"}],"wp:term":[{"taxonomy":"category","embeddable":true,"href":"http:\/\/www.rukajarvensuunnanhistoriayhdistys.fi\/historiayhdistys\/wp-json\/wp\/v2\/categories?post=913"},{"taxonomy":"post_tag","embeddable":true,"href":"http:\/\/www.rukajarvensuunnanhistoriayhdistys.fi\/historiayhdistys\/wp-json\/wp\/v2\/tags?post=913"}],"curies":[{"name":"wp","href":"https:\/\/api.w.org\/{rel}","templated":true}]}}