{"id":9218,"date":"2014-09-26T17:04:30","date_gmt":"2014-09-26T14:04:30","guid":{"rendered":"http:\/\/www.rukajarvensuunnanhistoriayhdistys.fi\/historiayhdistys\/?p=9218"},"modified":"2014-09-26T17:09:24","modified_gmt":"2014-09-26T14:09:24","slug":"huomenna-ja-ylihuomenna-tavataan-ensin-kiuruvedella-sitten-iisalmessa-ja-sitten-rukajarven-tiella","status":"publish","type":"post","link":"http:\/\/www.rukajarvensuunnanhistoriayhdistys.fi\/historiayhdistys\/huomenna-ja-ylihuomenna-tavataan-ensin-kiuruvedella-sitten-iisalmessa-ja-sitten-rukajarven-tiella\/","title":{"rendered":"Huomenna ja ylihuomenna tavataan &#8211; ensin Kiuruvedell\u00e4, sitten Iisalmessa ja sitten Rukaj\u00e4rven tiell\u00e4"},"content":{"rendered":"<div class=\"fcbkbttn_buttons_block\" id=\"fcbkbttn_left\"><div class=\"fcbkbttn_like \"><fb:like href=\"http:\/\/www.rukajarvensuunnanhistoriayhdistys.fi\/historiayhdistys\/huomenna-ja-ylihuomenna-tavataan-ensin-kiuruvedella-sitten-iisalmessa-ja-sitten-rukajarven-tiella\/\" action=\"like\" colorscheme=\"light\" layout=\"button_count\"  size=\"small\"><\/fb:like><\/div><\/div><p>Huomenna 27.9.\u00a0tapaamme Kiuruveden, sitten 28.9. Iisalmen Rukaj\u00e4rvi-keskuksen esitelm\u00e4tilaisuudessa\u00a0ja tulevalla viikolla Rukaj\u00e4rven tiell\u00e4.<\/p>\n<p>T\u00e4n\u00e4\u00e4n tuli kuluneeksi 70 vuotta, kun 98 vuotias is\u00e4ni ja h\u00e4nen aseveljens\u00e4 ylittiv\u00e4t rajan Repolan paraatin j\u00e4lkeen. Rajan ylitys tapahtui 26.9.1944 klo 14.23. Klo 16.30 saapui 7.\/JR 10 tavoitteeseensa, eli 11 km. rajasta. Sotap\u00e4iv\u00e4kirjaan on tehty merkint\u00e4: &#8221;Saavuttiin tavoitteeseen, Jukolan majoitusalueelle n. 11 km rajan l\u00e4nsipuolelle, johon komppania majoittui entiselle T\u00e4yd. P 12:n alueelle. Iltap\u00e4iv\u00e4n marssin aikana miehet tavallista v\u00e4syneempi\u00e4, mm. iltap\u00e4iv\u00e4n aikana kaikkiaan 15 marssisairasta. Puhuttelu viikon palveluksesta &#8230; Komppanian vahvuus 5+29+165 = 199.&#8221;<\/p>\n<figure id=\"attachment_966\" aria-describedby=\"caption-attachment-966\" style=\"width: 1754px\" class=\"wp-caption alignnone\"><a href=\"http:\/\/www.rukajarvensuunnanhistoriayhdistys.fi\/historiayhdistys\/wp-content\/uploads\/2014\/09\/Lieksa-5-9-2014-veteraanit-3.jpg\"><img loading=\"lazy\" decoding=\"async\" class=\"wp-image-966 size-full\" src=\"http:\/\/www.rukajarvensuunnanhistoriayhdistys.fi\/historiayhdistys\/wp-content\/uploads\/2014\/09\/Lieksa-5-9-2014-veteraanit-3.jpg\" alt=\"Lieksan kansalaisjuhlassa veteraanit ja lotat istuivat kirkkosalin oikealla puolen. Eturiviss\u00e4 kolmikko, jotka osallistuivat Jatkosodassa Suomen ja Neuvostoarmeijan v\u00e4lill\u00e4 k\u00e4ytyyn viimeiseksi j\u00e4\u00e4neeseen taisteluun 16.8.1944. Vasemmalta lukien Olavi Tiittanen (92 v.), Tauno Tikkanen (98 v. h\u00e4n oli juhlan vanhin osallistuja) sek\u00e4 Maunu Kankaanp\u00e4\u00e4 (93 v.)\" width=\"1754\" height=\"1240\" data-id=\"966\" srcset=\"http:\/\/www.rukajarvensuunnanhistoriayhdistys.fi\/historiayhdistys\/wp-content\/uploads\/2014\/09\/Lieksa-5-9-2014-veteraanit-3.jpg 1754w, http:\/\/www.rukajarvensuunnanhistoriayhdistys.fi\/historiayhdistys\/wp-content\/uploads\/2014\/09\/Lieksa-5-9-2014-veteraanit-3-300x212.jpg 300w, http:\/\/www.rukajarvensuunnanhistoriayhdistys.fi\/historiayhdistys\/wp-content\/uploads\/2014\/09\/Lieksa-5-9-2014-veteraanit-3-1024x723.jpg 1024w\" sizes=\"auto, (max-width: 1754px) 100vw, 1754px\" \/><\/a><figcaption id=\"caption-attachment-966\" class=\"wp-caption-text\">Lieksan kansalaisjuhlassa veteraanit ja lotat istuivat kirkkosalin oikealla puolen. Eturiviss\u00e4 kolmikko, jotka osallistuivat Jatkosodassa Suomen ja Neuvostoarmeijan v\u00e4lill\u00e4 k\u00e4ytyyn viimeiseksi j\u00e4\u00e4neeseen taisteluun 16.8.1944. Vasemmalta lukien Olavi Tiittanen (92 v.), Tauno Tikkanen (98 v. h\u00e4n oli juhlan vanhin osallistuja) sek\u00e4 Maunu Kankaanp\u00e4\u00e4 (93 v.)<\/figcaption><\/figure>\n<p>N\u00e4in ovat vuodet vierineet, nuorten miesten aika on kulunut ja vain 27 heist\u00e4 osallistui ikimuistoiselle h\u00f6yryjunamatkalle ja viitisenkymment\u00e4 Lieksan kirkossa 5.9.2014 pidettyyn kansalaisjuhlaan. Is\u00e4ni oli juhlassa ja junassa joukon vanhin ja kovin tyytyv\u00e4inen matkaansa junan my\u00f6h\u00e4stymisist\u00e4 huolimatta. H\u00e4n tapasi siell\u00e4 kolme saman komppanian asevelje\u00e4\u00e4n, juukalaisen Olavi Tiittasen ja vantaalaisen Maunu Kankaanp\u00e4\u00e4n. Se oli h\u00e4nen omia sanojaan lainaten juhlan &#8221;kohokohta&#8221; siis aseveljien tapaaminen. Ne\u00a0&#8221;veljet&#8221; ovat enemm\u00e4n kuin\u00a0tavan velji\u00e4, he ovat asevelji\u00e4, jotka kasvoivat yhteen ollessaan vuosikausia kovissa paikoissa silm\u00e4tysten kuoleman kanssa.<\/p>\n<figure id=\"attachment_9220\" aria-describedby=\"caption-attachment-9220\" style=\"width: 4961px\" class=\"wp-caption alignnone\"><a href=\"http:\/\/www.rukajarvensuunnanhistoriayhdistys.fi\/historiayhdistys\/wp-content\/uploads\/2014\/09\/165111.jpg\"><img loading=\"lazy\" decoding=\"async\" class=\"wp-image-9220 size-full\" src=\"http:\/\/www.rukajarvensuunnanhistoriayhdistys.fi\/historiayhdistys\/wp-content\/uploads\/2014\/09\/165111.jpg\" alt=\"SA-kuva 165111. JR 10 ja Er.P 24 saapuvat valtakunnan rajalle 26.9.1944 ja ylitt\u00e4v\u00e4t sen.\" width=\"4961\" height=\"3699\" data-id=\"9220\" srcset=\"http:\/\/www.rukajarvensuunnanhistoriayhdistys.fi\/historiayhdistys\/wp-content\/uploads\/2014\/09\/165111.jpg 4961w, http:\/\/www.rukajarvensuunnanhistoriayhdistys.fi\/historiayhdistys\/wp-content\/uploads\/2014\/09\/165111-300x223.jpg 300w, http:\/\/www.rukajarvensuunnanhistoriayhdistys.fi\/historiayhdistys\/wp-content\/uploads\/2014\/09\/165111-1024x763.jpg 1024w\" sizes=\"auto, (max-width: 4961px) 100vw, 4961px\" \/><\/a><figcaption id=\"caption-attachment-9220\" class=\"wp-caption-text\">SA-kuva 165111. JR 10 ja Er.P 24 saapuvat valtakunnan rajalle 26.9.1944 ja ylitt\u00e4v\u00e4t sen. Rajapyykki Kivivaarassa 647 on ylitetty tasan 70 vuotta sitten.<\/figcaption><\/figure>\n<figure id=\"attachment_9219\" aria-describedby=\"caption-attachment-9219\" style=\"width: 4961px\" class=\"wp-caption alignnone\"><a href=\"http:\/\/www.rukajarvensuunnanhistoriayhdistys.fi\/historiayhdistys\/wp-content\/uploads\/2014\/09\/165116.jpg\"><img loading=\"lazy\" decoding=\"async\" class=\"wp-image-9219 size-full\" src=\"http:\/\/www.rukajarvensuunnanhistoriayhdistys.fi\/historiayhdistys\/wp-content\/uploads\/2014\/09\/165116.jpg\" alt=\"JR 10 ja Er.P 24 saapuvat valtakunnan rajalle 26.9.1944 ja ylitt\u00e4v\u00e4t sen. SA-Kuva 165116.\" width=\"4961\" height=\"3564\" data-id=\"9219\" srcset=\"http:\/\/www.rukajarvensuunnanhistoriayhdistys.fi\/historiayhdistys\/wp-content\/uploads\/2014\/09\/165116.jpg 4961w, http:\/\/www.rukajarvensuunnanhistoriayhdistys.fi\/historiayhdistys\/wp-content\/uploads\/2014\/09\/165116-300x215.jpg 300w, http:\/\/www.rukajarvensuunnanhistoriayhdistys.fi\/historiayhdistys\/wp-content\/uploads\/2014\/09\/165116-1024x735.jpg 1024w\" sizes=\"auto, (max-width: 4961px) 100vw, 4961px\" \/><\/a><figcaption id=\"caption-attachment-9219\" class=\"wp-caption-text\">JR 10 ja Er.P 24 saapuvat valtakunnan rajalle 26.9.1944 ja ylitt\u00e4v\u00e4t sen. SA-Kuva 165116.<\/figcaption><\/figure>\n<p>Rukaj\u00e4rven joukot viipyiv\u00e4t Jukolan Motin alueella, rajan tuntumassa aina kotiuttamiseensa saakka.<\/p>\n<p>Nyt me nuoremmat saavumme\u00a0samalle paikalle, &#8221;Rukaj\u00e4rven tielle&#8221;\u00a070 vuotta my\u00f6hemmin.Tulevan viikon aikana k\u00e4ynnist\u00e4mme Jukolan motissa laavun rakentamisen. Pyyt\u00e4isin kaikkia niit\u00e4, jotka tuntevat mielenkiintoa laavun rakentamisesta ottamaan allekirjoittaneeseen yhteytt\u00e4.<\/p>\n<p>Tenho Tikkanen, puheenjohtaja puh. 040-5408045.<\/p>\n","protected":false},"excerpt":{"rendered":"<p>Huomenna 27.9.\u00a0tapaamme Kiuruveden, sitten 28.9. Iisalmen Rukaj\u00e4rvi-keskuksen esitelm\u00e4tilaisuudessa\u00a0ja tulevalla viikolla Rukaj\u00e4rven tiell\u00e4. T\u00e4n\u00e4\u00e4n tuli kuluneeksi 70 vuotta, kun 98 vuotias is\u00e4ni ja h\u00e4nen aseveljens\u00e4 ylittiv\u00e4t rajan Repolan paraatin j\u00e4lkeen. Rajan <a class=\"more-link\" href=\"http:\/\/www.rukajarvensuunnanhistoriayhdistys.fi\/historiayhdistys\/huomenna-ja-ylihuomenna-tavataan-ensin-kiuruvedella-sitten-iisalmessa-ja-sitten-rukajarven-tiella\/\">Teksti jatkuu&#8230;<span class=\"screen-reader-text\">Huomenna ja ylihuomenna tavataan &#8211; ensin Kiuruvedell\u00e4, sitten Iisalmessa ja sitten Rukaj\u00e4rven tiell\u00e4<\/span><span class=\"meta-nav\">\u2192<\/span><\/a><\/p>\n","protected":false},"author":3,"featured_media":0,"comment_status":"closed","ping_status":"open","sticky":false,"template":"","format":"standard","meta":{"footnotes":""},"categories":[22],"tags":[],"class_list":["post-9218","post","type-post","status-publish","format-standard","hentry","category-ajankohtaista"],"yoast_head":"<!-- This site is optimized with the Yoast SEO plugin v27.4 - https:\/\/yoast.com\/product\/yoast-seo-wordpress\/ -->\n<title>Huomenna ja ylihuomenna tavataan - ensin Kiuruvedell\u00e4, sitten Iisalmessa ja sitten Rukaj\u00e4rven tiell\u00e4 - Rukaj\u00e4rven suunnan historiayhdistys<\/title>\n<meta name=\"robots\" content=\"index, follow, max-snippet:-1, max-image-preview:large, max-video-preview:-1\" \/>\n<link rel=\"canonical\" href=\"http:\/\/www.rukajarvensuunnanhistoriayhdistys.fi\/historiayhdistys\/huomenna-ja-ylihuomenna-tavataan-ensin-kiuruvedella-sitten-iisalmessa-ja-sitten-rukajarven-tiella\/\" \/>\n<meta property=\"og:locale\" content=\"fi_FI\" \/>\n<meta property=\"og:type\" content=\"article\" \/>\n<meta property=\"og:title\" content=\"Huomenna ja ylihuomenna tavataan - ensin Kiuruvedell\u00e4, sitten Iisalmessa ja sitten Rukaj\u00e4rven tiell\u00e4 - Rukaj\u00e4rven suunnan historiayhdistys\" \/>\n<meta property=\"og:description\" content=\"Huomenna 27.9.\u00a0tapaamme Kiuruveden, sitten 28.9. Iisalmen Rukaj\u00e4rvi-keskuksen esitelm\u00e4tilaisuudessa\u00a0ja tulevalla viikolla Rukaj\u00e4rven tiell\u00e4. T\u00e4n\u00e4\u00e4n tuli kuluneeksi 70 vuotta, kun 98 vuotias is\u00e4ni ja h\u00e4nen aseveljens\u00e4 ylittiv\u00e4t rajan Repolan paraatin j\u00e4lkeen. Rajan Teksti jatkuu...Huomenna ja ylihuomenna tavataan &#8211; ensin Kiuruvedell\u00e4, sitten Iisalmessa ja sitten Rukaj\u00e4rven tiell\u00e4\u2192\" \/>\n<meta property=\"og:url\" content=\"http:\/\/www.rukajarvensuunnanhistoriayhdistys.fi\/historiayhdistys\/huomenna-ja-ylihuomenna-tavataan-ensin-kiuruvedella-sitten-iisalmessa-ja-sitten-rukajarven-tiella\/\" \/>\n<meta property=\"og:site_name\" content=\"Rukaj\u00e4rven suunnan historiayhdistys\" \/>\n<meta property=\"article:published_time\" content=\"2014-09-26T14:04:30+00:00\" \/>\n<meta property=\"article:modified_time\" content=\"2014-09-26T14:09:24+00:00\" \/>\n<meta property=\"og:image\" content=\"http:\/\/www.rukajarvensuunnanhistoriayhdistys.fi\/historiayhdistys\/wp-content\/uploads\/2014\/09\/Lieksa-5-9-2014-veteraanit-3.jpg\" \/>\n<meta name=\"author\" content=\"RSHY\" \/>\n<meta name=\"twitter:label1\" content=\"Kirjoittanut\" \/>\n\t<meta name=\"twitter:data1\" content=\"RSHY\" \/>\n\t<meta name=\"twitter:label2\" content=\"Arvioitu lukuaika\" \/>\n\t<meta name=\"twitter:data2\" content=\"2 minuuttia\" \/>\n<script type=\"application\/ld+json\" class=\"yoast-schema-graph\">{\"@context\":\"https:\\\/\\\/schema.org\",\"@graph\":[{\"@type\":\"Article\",\"@id\":\"http:\\\/\\\/www.rukajarvensuunnanhistoriayhdistys.fi\\\/historiayhdistys\\\/huomenna-ja-ylihuomenna-tavataan-ensin-kiuruvedella-sitten-iisalmessa-ja-sitten-rukajarven-tiella\\\/#article\",\"isPartOf\":{\"@id\":\"http:\\\/\\\/www.rukajarvensuunnanhistoriayhdistys.fi\\\/historiayhdistys\\\/huomenna-ja-ylihuomenna-tavataan-ensin-kiuruvedella-sitten-iisalmessa-ja-sitten-rukajarven-tiella\\\/\"},\"author\":{\"name\":\"RSHY\",\"@id\":\"http:\\\/\\\/www.rukajarvensuunnanhistoriayhdistys.fi\\\/historiayhdistys\\\/#\\\/schema\\\/person\\\/19de7db68bf72dfd2b5d7f6dfbf8454d\"},\"headline\":\"Huomenna ja ylihuomenna tavataan &#8211; ensin Kiuruvedell\u00e4, sitten Iisalmessa ja sitten Rukaj\u00e4rven tiell\u00e4\",\"datePublished\":\"2014-09-26T14:04:30+00:00\",\"dateModified\":\"2014-09-26T14:09:24+00:00\",\"mainEntityOfPage\":{\"@id\":\"http:\\\/\\\/www.rukajarvensuunnanhistoriayhdistys.fi\\\/historiayhdistys\\\/huomenna-ja-ylihuomenna-tavataan-ensin-kiuruvedella-sitten-iisalmessa-ja-sitten-rukajarven-tiella\\\/\"},\"wordCount\":347,\"publisher\":{\"@id\":\"http:\\\/\\\/www.rukajarvensuunnanhistoriayhdistys.fi\\\/historiayhdistys\\\/#organization\"},\"image\":{\"@id\":\"http:\\\/\\\/www.rukajarvensuunnanhistoriayhdistys.fi\\\/historiayhdistys\\\/huomenna-ja-ylihuomenna-tavataan-ensin-kiuruvedella-sitten-iisalmessa-ja-sitten-rukajarven-tiella\\\/#primaryimage\"},\"thumbnailUrl\":\"http:\\\/\\\/www.rukajarvensuunnanhistoriayhdistys.fi\\\/historiayhdistys\\\/wp-content\\\/uploads\\\/2014\\\/09\\\/Lieksa-5-9-2014-veteraanit-3.jpg\",\"articleSection\":[\"Ajankohtaista\"],\"inLanguage\":\"fi\"},{\"@type\":\"WebPage\",\"@id\":\"http:\\\/\\\/www.rukajarvensuunnanhistoriayhdistys.fi\\\/historiayhdistys\\\/huomenna-ja-ylihuomenna-tavataan-ensin-kiuruvedella-sitten-iisalmessa-ja-sitten-rukajarven-tiella\\\/\",\"url\":\"http:\\\/\\\/www.rukajarvensuunnanhistoriayhdistys.fi\\\/historiayhdistys\\\/huomenna-ja-ylihuomenna-tavataan-ensin-kiuruvedella-sitten-iisalmessa-ja-sitten-rukajarven-tiella\\\/\",\"name\":\"Huomenna ja ylihuomenna tavataan - ensin Kiuruvedell\u00e4, sitten Iisalmessa ja sitten Rukaj\u00e4rven tiell\u00e4 - Rukaj\u00e4rven suunnan historiayhdistys\",\"isPartOf\":{\"@id\":\"http:\\\/\\\/www.rukajarvensuunnanhistoriayhdistys.fi\\\/historiayhdistys\\\/#website\"},\"primaryImageOfPage\":{\"@id\":\"http:\\\/\\\/www.rukajarvensuunnanhistoriayhdistys.fi\\\/historiayhdistys\\\/huomenna-ja-ylihuomenna-tavataan-ensin-kiuruvedella-sitten-iisalmessa-ja-sitten-rukajarven-tiella\\\/#primaryimage\"},\"image\":{\"@id\":\"http:\\\/\\\/www.rukajarvensuunnanhistoriayhdistys.fi\\\/historiayhdistys\\\/huomenna-ja-ylihuomenna-tavataan-ensin-kiuruvedella-sitten-iisalmessa-ja-sitten-rukajarven-tiella\\\/#primaryimage\"},\"thumbnailUrl\":\"http:\\\/\\\/www.rukajarvensuunnanhistoriayhdistys.fi\\\/historiayhdistys\\\/wp-content\\\/uploads\\\/2014\\\/09\\\/Lieksa-5-9-2014-veteraanit-3.jpg\",\"datePublished\":\"2014-09-26T14:04:30+00:00\",\"dateModified\":\"2014-09-26T14:09:24+00:00\",\"breadcrumb\":{\"@id\":\"http:\\\/\\\/www.rukajarvensuunnanhistoriayhdistys.fi\\\/historiayhdistys\\\/huomenna-ja-ylihuomenna-tavataan-ensin-kiuruvedella-sitten-iisalmessa-ja-sitten-rukajarven-tiella\\\/#breadcrumb\"},\"inLanguage\":\"fi\",\"potentialAction\":[{\"@type\":\"ReadAction\",\"target\":[\"http:\\\/\\\/www.rukajarvensuunnanhistoriayhdistys.fi\\\/historiayhdistys\\\/huomenna-ja-ylihuomenna-tavataan-ensin-kiuruvedella-sitten-iisalmessa-ja-sitten-rukajarven-tiella\\\/\"]}]},{\"@type\":\"ImageObject\",\"inLanguage\":\"fi\",\"@id\":\"http:\\\/\\\/www.rukajarvensuunnanhistoriayhdistys.fi\\\/historiayhdistys\\\/huomenna-ja-ylihuomenna-tavataan-ensin-kiuruvedella-sitten-iisalmessa-ja-sitten-rukajarven-tiella\\\/#primaryimage\",\"url\":\"http:\\\/\\\/www.rukajarvensuunnanhistoriayhdistys.fi\\\/historiayhdistys\\\/wp-content\\\/uploads\\\/2014\\\/09\\\/Lieksa-5-9-2014-veteraanit-3.jpg\",\"contentUrl\":\"http:\\\/\\\/www.rukajarvensuunnanhistoriayhdistys.fi\\\/historiayhdistys\\\/wp-content\\\/uploads\\\/2014\\\/09\\\/Lieksa-5-9-2014-veteraanit-3.jpg\",\"width\":1754,\"height\":1240,\"caption\":\"Lieksan kansalaisjuhlassa veteraanit ja lotat istuivat kirkkosalin oikealla puolen. Eturiviss\u00e4 kolmikko, jotka osallistuivat Jatkosodassa Suomen ja Neuvostoarmeijan v\u00e4lill\u00e4 k\u00e4ytyyn viimeiseksi j\u00e4\u00e4neeseen taisteluun 16.8.1944. Vasemmalta lukien Olavi Tiittanen (92 v.), Tauno Tikkanen (98 v. h\u00e4n oli juhlan vanhin osallistuja) sek\u00e4 Maunu Kankaanp\u00e4\u00e4 (93 v.)\"},{\"@type\":\"BreadcrumbList\",\"@id\":\"http:\\\/\\\/www.rukajarvensuunnanhistoriayhdistys.fi\\\/historiayhdistys\\\/huomenna-ja-ylihuomenna-tavataan-ensin-kiuruvedella-sitten-iisalmessa-ja-sitten-rukajarven-tiella\\\/#breadcrumb\",\"itemListElement\":[{\"@type\":\"ListItem\",\"position\":1,\"name\":\"Etusivu\",\"item\":\"http:\\\/\\\/www.rukajarvensuunnanhistoriayhdistys.fi\\\/historiayhdistys\\\/\"},{\"@type\":\"ListItem\",\"position\":2,\"name\":\"Huomenna ja ylihuomenna tavataan &#8211; ensin Kiuruvedell\u00e4, sitten Iisalmessa ja sitten Rukaj\u00e4rven tiell\u00e4\"}]},{\"@type\":\"WebSite\",\"@id\":\"http:\\\/\\\/www.rukajarvensuunnanhistoriayhdistys.fi\\\/historiayhdistys\\\/#website\",\"url\":\"http:\\\/\\\/www.rukajarvensuunnanhistoriayhdistys.fi\\\/historiayhdistys\\\/\",\"name\":\"Rukaj\u00e4rven suunnan historiayhdistys\",\"description\":\"Rukaj\u00e4rven suunnan historiayhdistyksen verkkosivut.\",\"publisher\":{\"@id\":\"http:\\\/\\\/www.rukajarvensuunnanhistoriayhdistys.fi\\\/historiayhdistys\\\/#organization\"},\"potentialAction\":[{\"@type\":\"SearchAction\",\"target\":{\"@type\":\"EntryPoint\",\"urlTemplate\":\"http:\\\/\\\/www.rukajarvensuunnanhistoriayhdistys.fi\\\/historiayhdistys\\\/?s={search_term_string}\"},\"query-input\":{\"@type\":\"PropertyValueSpecification\",\"valueRequired\":true,\"valueName\":\"search_term_string\"}}],\"inLanguage\":\"fi\"},{\"@type\":\"Organization\",\"@id\":\"http:\\\/\\\/www.rukajarvensuunnanhistoriayhdistys.fi\\\/historiayhdistys\\\/#organization\",\"name\":\"Rukaj\u00e4rven suunnan historiayhdistys\",\"url\":\"http:\\\/\\\/www.rukajarvensuunnanhistoriayhdistys.fi\\\/historiayhdistys\\\/\",\"logo\":{\"@type\":\"ImageObject\",\"inLanguage\":\"fi\",\"@id\":\"http:\\\/\\\/www.rukajarvensuunnanhistoriayhdistys.fi\\\/historiayhdistys\\\/#\\\/schema\\\/logo\\\/image\\\/\",\"url\":\"http:\\\/\\\/www.rukajarvensuunnanhistoriayhdistys.fi\\\/historiayhdistys\\\/wp-content\\\/uploads\\\/2013\\\/12\\\/Otsake_3.jpg\",\"contentUrl\":\"http:\\\/\\\/www.rukajarvensuunnanhistoriayhdistys.fi\\\/historiayhdistys\\\/wp-content\\\/uploads\\\/2013\\\/12\\\/Otsake_3.jpg\",\"width\":1000,\"height\":442,\"caption\":\"Rukaj\u00e4rven suunnan historiayhdistys\"},\"image\":{\"@id\":\"http:\\\/\\\/www.rukajarvensuunnanhistoriayhdistys.fi\\\/historiayhdistys\\\/#\\\/schema\\\/logo\\\/image\\\/\"}},{\"@type\":\"Person\",\"@id\":\"http:\\\/\\\/www.rukajarvensuunnanhistoriayhdistys.fi\\\/historiayhdistys\\\/#\\\/schema\\\/person\\\/19de7db68bf72dfd2b5d7f6dfbf8454d\",\"name\":\"RSHY\",\"image\":{\"@type\":\"ImageObject\",\"inLanguage\":\"fi\",\"@id\":\"https:\\\/\\\/secure.gravatar.com\\\/avatar\\\/598d59263a69cc8de65fcb4f9db78d6f58c098cb0e0ba22d73377441af9fa04c?s=96&d=blank&r=g\",\"url\":\"https:\\\/\\\/secure.gravatar.com\\\/avatar\\\/598d59263a69cc8de65fcb4f9db78d6f58c098cb0e0ba22d73377441af9fa04c?s=96&d=blank&r=g\",\"contentUrl\":\"https:\\\/\\\/secure.gravatar.com\\\/avatar\\\/598d59263a69cc8de65fcb4f9db78d6f58c098cb0e0ba22d73377441af9fa04c?s=96&d=blank&r=g\",\"caption\":\"RSHY\"},\"url\":\"http:\\\/\\\/www.rukajarvensuunnanhistoriayhdistys.fi\\\/historiayhdistys\\\/author\\\/rshy\\\/\"}]}<\/script>\n<!-- \/ Yoast SEO plugin. -->","yoast_head_json":{"title":"Huomenna ja ylihuomenna tavataan - ensin Kiuruvedell\u00e4, sitten Iisalmessa ja sitten Rukaj\u00e4rven tiell\u00e4 - Rukaj\u00e4rven suunnan historiayhdistys","robots":{"index":"index","follow":"follow","max-snippet":"max-snippet:-1","max-image-preview":"max-image-preview:large","max-video-preview":"max-video-preview:-1"},"canonical":"http:\/\/www.rukajarvensuunnanhistoriayhdistys.fi\/historiayhdistys\/huomenna-ja-ylihuomenna-tavataan-ensin-kiuruvedella-sitten-iisalmessa-ja-sitten-rukajarven-tiella\/","og_locale":"fi_FI","og_type":"article","og_title":"Huomenna ja ylihuomenna tavataan - ensin Kiuruvedell\u00e4, sitten Iisalmessa ja sitten Rukaj\u00e4rven tiell\u00e4 - Rukaj\u00e4rven suunnan historiayhdistys","og_description":"Huomenna 27.9.\u00a0tapaamme Kiuruveden, sitten 28.9. Iisalmen Rukaj\u00e4rvi-keskuksen esitelm\u00e4tilaisuudessa\u00a0ja tulevalla viikolla Rukaj\u00e4rven tiell\u00e4. T\u00e4n\u00e4\u00e4n tuli kuluneeksi 70 vuotta, kun 98 vuotias is\u00e4ni ja h\u00e4nen aseveljens\u00e4 ylittiv\u00e4t rajan Repolan paraatin j\u00e4lkeen. Rajan Teksti jatkuu...Huomenna ja ylihuomenna tavataan &#8211; ensin Kiuruvedell\u00e4, sitten Iisalmessa ja sitten Rukaj\u00e4rven tiell\u00e4\u2192","og_url":"http:\/\/www.rukajarvensuunnanhistoriayhdistys.fi\/historiayhdistys\/huomenna-ja-ylihuomenna-tavataan-ensin-kiuruvedella-sitten-iisalmessa-ja-sitten-rukajarven-tiella\/","og_site_name":"Rukaj\u00e4rven suunnan historiayhdistys","article_published_time":"2014-09-26T14:04:30+00:00","article_modified_time":"2014-09-26T14:09:24+00:00","og_image":[{"url":"http:\/\/www.rukajarvensuunnanhistoriayhdistys.fi\/historiayhdistys\/wp-content\/uploads\/2014\/09\/Lieksa-5-9-2014-veteraanit-3.jpg","type":"","width":"","height":""}],"author":"RSHY","twitter_misc":{"Kirjoittanut":"RSHY","Arvioitu lukuaika":"2 minuuttia"},"schema":{"@context":"https:\/\/schema.org","@graph":[{"@type":"Article","@id":"http:\/\/www.rukajarvensuunnanhistoriayhdistys.fi\/historiayhdistys\/huomenna-ja-ylihuomenna-tavataan-ensin-kiuruvedella-sitten-iisalmessa-ja-sitten-rukajarven-tiella\/#article","isPartOf":{"@id":"http:\/\/www.rukajarvensuunnanhistoriayhdistys.fi\/historiayhdistys\/huomenna-ja-ylihuomenna-tavataan-ensin-kiuruvedella-sitten-iisalmessa-ja-sitten-rukajarven-tiella\/"},"author":{"name":"RSHY","@id":"http:\/\/www.rukajarvensuunnanhistoriayhdistys.fi\/historiayhdistys\/#\/schema\/person\/19de7db68bf72dfd2b5d7f6dfbf8454d"},"headline":"Huomenna ja ylihuomenna tavataan &#8211; ensin Kiuruvedell\u00e4, sitten Iisalmessa ja sitten Rukaj\u00e4rven tiell\u00e4","datePublished":"2014-09-26T14:04:30+00:00","dateModified":"2014-09-26T14:09:24+00:00","mainEntityOfPage":{"@id":"http:\/\/www.rukajarvensuunnanhistoriayhdistys.fi\/historiayhdistys\/huomenna-ja-ylihuomenna-tavataan-ensin-kiuruvedella-sitten-iisalmessa-ja-sitten-rukajarven-tiella\/"},"wordCount":347,"publisher":{"@id":"http:\/\/www.rukajarvensuunnanhistoriayhdistys.fi\/historiayhdistys\/#organization"},"image":{"@id":"http:\/\/www.rukajarvensuunnanhistoriayhdistys.fi\/historiayhdistys\/huomenna-ja-ylihuomenna-tavataan-ensin-kiuruvedella-sitten-iisalmessa-ja-sitten-rukajarven-tiella\/#primaryimage"},"thumbnailUrl":"http:\/\/www.rukajarvensuunnanhistoriayhdistys.fi\/historiayhdistys\/wp-content\/uploads\/2014\/09\/Lieksa-5-9-2014-veteraanit-3.jpg","articleSection":["Ajankohtaista"],"inLanguage":"fi"},{"@type":"WebPage","@id":"http:\/\/www.rukajarvensuunnanhistoriayhdistys.fi\/historiayhdistys\/huomenna-ja-ylihuomenna-tavataan-ensin-kiuruvedella-sitten-iisalmessa-ja-sitten-rukajarven-tiella\/","url":"http:\/\/www.rukajarvensuunnanhistoriayhdistys.fi\/historiayhdistys\/huomenna-ja-ylihuomenna-tavataan-ensin-kiuruvedella-sitten-iisalmessa-ja-sitten-rukajarven-tiella\/","name":"Huomenna ja ylihuomenna tavataan - ensin Kiuruvedell\u00e4, sitten Iisalmessa ja sitten Rukaj\u00e4rven tiell\u00e4 - Rukaj\u00e4rven suunnan historiayhdistys","isPartOf":{"@id":"http:\/\/www.rukajarvensuunnanhistoriayhdistys.fi\/historiayhdistys\/#website"},"primaryImageOfPage":{"@id":"http:\/\/www.rukajarvensuunnanhistoriayhdistys.fi\/historiayhdistys\/huomenna-ja-ylihuomenna-tavataan-ensin-kiuruvedella-sitten-iisalmessa-ja-sitten-rukajarven-tiella\/#primaryimage"},"image":{"@id":"http:\/\/www.rukajarvensuunnanhistoriayhdistys.fi\/historiayhdistys\/huomenna-ja-ylihuomenna-tavataan-ensin-kiuruvedella-sitten-iisalmessa-ja-sitten-rukajarven-tiella\/#primaryimage"},"thumbnailUrl":"http:\/\/www.rukajarvensuunnanhistoriayhdistys.fi\/historiayhdistys\/wp-content\/uploads\/2014\/09\/Lieksa-5-9-2014-veteraanit-3.jpg","datePublished":"2014-09-26T14:04:30+00:00","dateModified":"2014-09-26T14:09:24+00:00","breadcrumb":{"@id":"http:\/\/www.rukajarvensuunnanhistoriayhdistys.fi\/historiayhdistys\/huomenna-ja-ylihuomenna-tavataan-ensin-kiuruvedella-sitten-iisalmessa-ja-sitten-rukajarven-tiella\/#breadcrumb"},"inLanguage":"fi","potentialAction":[{"@type":"ReadAction","target":["http:\/\/www.rukajarvensuunnanhistoriayhdistys.fi\/historiayhdistys\/huomenna-ja-ylihuomenna-tavataan-ensin-kiuruvedella-sitten-iisalmessa-ja-sitten-rukajarven-tiella\/"]}]},{"@type":"ImageObject","inLanguage":"fi","@id":"http:\/\/www.rukajarvensuunnanhistoriayhdistys.fi\/historiayhdistys\/huomenna-ja-ylihuomenna-tavataan-ensin-kiuruvedella-sitten-iisalmessa-ja-sitten-rukajarven-tiella\/#primaryimage","url":"http:\/\/www.rukajarvensuunnanhistoriayhdistys.fi\/historiayhdistys\/wp-content\/uploads\/2014\/09\/Lieksa-5-9-2014-veteraanit-3.jpg","contentUrl":"http:\/\/www.rukajarvensuunnanhistoriayhdistys.fi\/historiayhdistys\/wp-content\/uploads\/2014\/09\/Lieksa-5-9-2014-veteraanit-3.jpg","width":1754,"height":1240,"caption":"Lieksan kansalaisjuhlassa veteraanit ja lotat istuivat kirkkosalin oikealla puolen. Eturiviss\u00e4 kolmikko, jotka osallistuivat Jatkosodassa Suomen ja Neuvostoarmeijan v\u00e4lill\u00e4 k\u00e4ytyyn viimeiseksi j\u00e4\u00e4neeseen taisteluun 16.8.1944. Vasemmalta lukien Olavi Tiittanen (92 v.), Tauno Tikkanen (98 v. h\u00e4n oli juhlan vanhin osallistuja) sek\u00e4 Maunu Kankaanp\u00e4\u00e4 (93 v.)"},{"@type":"BreadcrumbList","@id":"http:\/\/www.rukajarvensuunnanhistoriayhdistys.fi\/historiayhdistys\/huomenna-ja-ylihuomenna-tavataan-ensin-kiuruvedella-sitten-iisalmessa-ja-sitten-rukajarven-tiella\/#breadcrumb","itemListElement":[{"@type":"ListItem","position":1,"name":"Etusivu","item":"http:\/\/www.rukajarvensuunnanhistoriayhdistys.fi\/historiayhdistys\/"},{"@type":"ListItem","position":2,"name":"Huomenna ja ylihuomenna tavataan &#8211; ensin Kiuruvedell\u00e4, sitten Iisalmessa ja sitten Rukaj\u00e4rven tiell\u00e4"}]},{"@type":"WebSite","@id":"http:\/\/www.rukajarvensuunnanhistoriayhdistys.fi\/historiayhdistys\/#website","url":"http:\/\/www.rukajarvensuunnanhistoriayhdistys.fi\/historiayhdistys\/","name":"Rukaj\u00e4rven suunnan historiayhdistys","description":"Rukaj\u00e4rven suunnan historiayhdistyksen verkkosivut.","publisher":{"@id":"http:\/\/www.rukajarvensuunnanhistoriayhdistys.fi\/historiayhdistys\/#organization"},"potentialAction":[{"@type":"SearchAction","target":{"@type":"EntryPoint","urlTemplate":"http:\/\/www.rukajarvensuunnanhistoriayhdistys.fi\/historiayhdistys\/?s={search_term_string}"},"query-input":{"@type":"PropertyValueSpecification","valueRequired":true,"valueName":"search_term_string"}}],"inLanguage":"fi"},{"@type":"Organization","@id":"http:\/\/www.rukajarvensuunnanhistoriayhdistys.fi\/historiayhdistys\/#organization","name":"Rukaj\u00e4rven suunnan historiayhdistys","url":"http:\/\/www.rukajarvensuunnanhistoriayhdistys.fi\/historiayhdistys\/","logo":{"@type":"ImageObject","inLanguage":"fi","@id":"http:\/\/www.rukajarvensuunnanhistoriayhdistys.fi\/historiayhdistys\/#\/schema\/logo\/image\/","url":"http:\/\/www.rukajarvensuunnanhistoriayhdistys.fi\/historiayhdistys\/wp-content\/uploads\/2013\/12\/Otsake_3.jpg","contentUrl":"http:\/\/www.rukajarvensuunnanhistoriayhdistys.fi\/historiayhdistys\/wp-content\/uploads\/2013\/12\/Otsake_3.jpg","width":1000,"height":442,"caption":"Rukaj\u00e4rven suunnan historiayhdistys"},"image":{"@id":"http:\/\/www.rukajarvensuunnanhistoriayhdistys.fi\/historiayhdistys\/#\/schema\/logo\/image\/"}},{"@type":"Person","@id":"http:\/\/www.rukajarvensuunnanhistoriayhdistys.fi\/historiayhdistys\/#\/schema\/person\/19de7db68bf72dfd2b5d7f6dfbf8454d","name":"RSHY","image":{"@type":"ImageObject","inLanguage":"fi","@id":"https:\/\/secure.gravatar.com\/avatar\/598d59263a69cc8de65fcb4f9db78d6f58c098cb0e0ba22d73377441af9fa04c?s=96&d=blank&r=g","url":"https:\/\/secure.gravatar.com\/avatar\/598d59263a69cc8de65fcb4f9db78d6f58c098cb0e0ba22d73377441af9fa04c?s=96&d=blank&r=g","contentUrl":"https:\/\/secure.gravatar.com\/avatar\/598d59263a69cc8de65fcb4f9db78d6f58c098cb0e0ba22d73377441af9fa04c?s=96&d=blank&r=g","caption":"RSHY"},"url":"http:\/\/www.rukajarvensuunnanhistoriayhdistys.fi\/historiayhdistys\/author\/rshy\/"}]}},"_links":{"self":[{"href":"http:\/\/www.rukajarvensuunnanhistoriayhdistys.fi\/historiayhdistys\/wp-json\/wp\/v2\/posts\/9218","targetHints":{"allow":["GET"]}}],"collection":[{"href":"http:\/\/www.rukajarvensuunnanhistoriayhdistys.fi\/historiayhdistys\/wp-json\/wp\/v2\/posts"}],"about":[{"href":"http:\/\/www.rukajarvensuunnanhistoriayhdistys.fi\/historiayhdistys\/wp-json\/wp\/v2\/types\/post"}],"author":[{"embeddable":true,"href":"http:\/\/www.rukajarvensuunnanhistoriayhdistys.fi\/historiayhdistys\/wp-json\/wp\/v2\/users\/3"}],"replies":[{"embeddable":true,"href":"http:\/\/www.rukajarvensuunnanhistoriayhdistys.fi\/historiayhdistys\/wp-json\/wp\/v2\/comments?post=9218"}],"version-history":[{"count":3,"href":"http:\/\/www.rukajarvensuunnanhistoriayhdistys.fi\/historiayhdistys\/wp-json\/wp\/v2\/posts\/9218\/revisions"}],"predecessor-version":[{"id":9223,"href":"http:\/\/www.rukajarvensuunnanhistoriayhdistys.fi\/historiayhdistys\/wp-json\/wp\/v2\/posts\/9218\/revisions\/9223"}],"wp:attachment":[{"href":"http:\/\/www.rukajarvensuunnanhistoriayhdistys.fi\/historiayhdistys\/wp-json\/wp\/v2\/media?parent=9218"}],"wp:term":[{"taxonomy":"category","embeddable":true,"href":"http:\/\/www.rukajarvensuunnanhistoriayhdistys.fi\/historiayhdistys\/wp-json\/wp\/v2\/categories?post=9218"},{"taxonomy":"post_tag","embeddable":true,"href":"http:\/\/www.rukajarvensuunnanhistoriayhdistys.fi\/historiayhdistys\/wp-json\/wp\/v2\/tags?post=9218"}],"curies":[{"name":"wp","href":"https:\/\/api.w.org\/{rel}","templated":true}]}}