{"id":9224,"date":"2014-09-28T08:21:19","date_gmt":"2014-09-28T05:21:19","guid":{"rendered":"http:\/\/www.rukajarvensuunnanhistoriayhdistys.fi\/historiayhdistys\/?p=9224"},"modified":"2014-10-07T22:00:53","modified_gmt":"2014-10-07T19:00:53","slug":"rukajarven-suunnan-historiayhdistyksen-vuosikokouspaatoksista-kiuruveden-kulttuuritalolla","status":"publish","type":"post","link":"http:\/\/www.rukajarvensuunnanhistoriayhdistys.fi\/historiayhdistys\/rukajarven-suunnan-historiayhdistyksen-vuosikokouspaatoksista-kiuruveden-kulttuuritalolla\/","title":{"rendered":"Rukaj\u00e4rven suunnan historiayhdistyksen vuosikokousp\u00e4\u00e4t\u00f6ksist\u00e4 Kiuruveden kulttuuritalolla."},"content":{"rendered":"<div class=\"fcbkbttn_buttons_block\" id=\"fcbkbttn_left\"><div class=\"fcbkbttn_like \"><fb:like href=\"http:\/\/www.rukajarvensuunnanhistoriayhdistys.fi\/historiayhdistys\/rukajarven-suunnan-historiayhdistyksen-vuosikokouspaatoksista-kiuruveden-kulttuuritalolla\/\" action=\"like\" colorscheme=\"light\" layout=\"button_count\"  size=\"small\"><\/fb:like><\/div><\/div><p><strong>RSHY:n vuosikokous 27.9.2014 p\u00e4\u00e4t\u00f6ksi\u00e4<\/strong><\/p>\n<p>Rukaj\u00e4rven suunnan historiayhdistyksen vuosikokous pidettiin lauantaina Kiuruveden kulttuurikeskuksessa j\u00e4rjestetyn Kevytosasto 2:n seminaarin j\u00e4lkeen.<\/p>\n<p>Yhdistyksen vuosikokoukselle esitetyt toimintasuunnitelma, toimintakertomus ja talousarvio hyv\u00e4ksyttiin pienin muutoksin perusteellisen liki tunnin keskustelun j\u00e4lkeen.<\/p>\n<p>Toimintasuunnitelmassa eniten keskustelua k\u00e4ytiin tietoj\u00e4rjestelmien kehitt\u00e4misest\u00e4 tulevina vuosina sek\u00e4 Rukaj\u00e4rven suunnan historiayhdistyksen ja Rukaj\u00e4rven Tiell\u00e4 ry:n yhteistoiminnan j\u00e4rjest\u00e4misest\u00e4 l\u00e4hinn\u00e4 Rukaj\u00e4rven tien palvelutason parantamiseksi. Esitys nettisivuston yhteisk\u00e4yt\u00f6st\u00e4 hyv\u00e4ksyttiin.<\/p>\n<p>Yhdistyksen jatkovuosikokous p\u00e4\u00e4tettiin pit\u00e4\u00e4 Iisalmen Rukaj\u00e4rvi-keskuksessa 6.12.2014 alkaen klo 12.00. Jatkovuosikokouksessa k\u00e4sitelt\u00e4isiin yksinomaan jatkovuosikokoukselle siirretyt yhdistyksen tiliasiat ja s\u00e4\u00e4nt\u00f6jenmuutos. Tiliasioitten siirt\u00e4minen jatkovuosikokoukselle katsottiin perustelluksi siit\u00e4 syyst\u00e4, ett\u00e4 tuolloin olisi selvill\u00e4 my\u00f6s Kansalaisjuhlan 70 vuotta Jatkosodan p\u00e4\u00e4ttymisest\u00e4 taloudellinen tilanne\u00a0 kokonaisuudessaan. Hyv\u00e4ksytyss\u00e4 talousarviossa varaudutaan 15.000 tappioon.<\/p>\n<p>Jatkovuosikokoukselle p\u00e4\u00e4tettiin esitt\u00e4\u00e4 s\u00e4\u00e4nt\u00f6muutosta, jossa yhdistyksen uudeksi tilikaudeksi tulisi nykyisen 1.7. -30.6. asemesta kalenterivuosi. Ensimm\u00e4inen tilikausi olisi kalenterivuodesta poikkeava eli 1.7.-31.12.2014 vain puolenvuoden mittainen. Jatkovuosikokoukselle ehdotetaan, ett\u00e4 t\u00e4lt\u00e4 tilikaudelta ei perit\u00e4 j\u00e4senmaksua, vaan se tultaisiin perim\u00e4\u00e4n tulevan tammikuun alussa k\u00e4ynnistyv\u00e4lt\u00e4 toimikaudelta.<\/p>\n<p>Samalla nykyisiss\u00e4 s\u00e4\u00e4nn\u00f6iss\u00e4 tilintarkastaja nimike muutettaisiin voimassa olevan yhdistyslain mukaiseksi toiminnantarkastajaksi.<\/p>\n<p>Yhdistyksen puheenjohtajana jatkaa Tenho Tikkanen, yhdistyksen hallitukseen uusiksi j\u00e4seniksi valittiin Aila Elo Keravalta ja Lasse Nirhamo Nurmeksesta. Hallituksessa jatkavat, Antero Huttunen Kiuruvedelt\u00e4, Leevi Kuokkanen Espoosta, Ossi Laine Paltamosta ja Tauno Oksanen Lieksasta.<\/p>\n<p>Kokouksessa paikalla olleille yhdistyksen hallituksen j\u00e4senille luovutettiin yhdistyksen standaari kiitospuheen kera.<\/p>\n<figure id=\"attachment_9226\" aria-describedby=\"caption-attachment-9226\" style=\"width: 1754px\" class=\"wp-caption alignnone\"><a href=\"http:\/\/www.rukajarvensuunnanhistoriayhdistys.fi\/historiayhdistys\/wp-content\/uploads\/2014\/09\/Haapalainen-Antti.jpg\"><img loading=\"lazy\" decoding=\"async\" class=\"wp-image-9226 size-full\" src=\"http:\/\/www.rukajarvensuunnanhistoriayhdistys.fi\/historiayhdistys\/wp-content\/uploads\/2014\/09\/Haapalainen-Antti.jpg\" alt=\"Hallituksen j\u00e4senen\u00e4 vuosina 2011-2014 toimineelle Antti Haapalaiselle luovutettiin yhdistyksen standaari.\" width=\"1754\" height=\"1240\" data-id=\"9226\" srcset=\"http:\/\/www.rukajarvensuunnanhistoriayhdistys.fi\/historiayhdistys\/wp-content\/uploads\/2014\/09\/Haapalainen-Antti.jpg 1754w, http:\/\/www.rukajarvensuunnanhistoriayhdistys.fi\/historiayhdistys\/wp-content\/uploads\/2014\/09\/Haapalainen-Antti-300x212.jpg 300w, http:\/\/www.rukajarvensuunnanhistoriayhdistys.fi\/historiayhdistys\/wp-content\/uploads\/2014\/09\/Haapalainen-Antti-1024x723.jpg 1024w\" sizes=\"auto, (max-width: 1754px) 100vw, 1754px\" \/><\/a><figcaption id=\"caption-attachment-9226\" class=\"wp-caption-text\">Hallituksen j\u00e4senen\u00e4 vuosina 2011-2014 toimineelle Antti Haapalaiselle luovutettiin yhdistyksen standaari.<\/figcaption><\/figure>\n<figure id=\"attachment_9225\" aria-describedby=\"caption-attachment-9225\" style=\"width: 1754px\" class=\"wp-caption alignnone\"><a href=\"http:\/\/www.rukajarvensuunnanhistoriayhdistys.fi\/historiayhdistys\/wp-content\/uploads\/2014\/09\/K\u00e4rkk\u00e4inen-Pentti.jpg\"><img loading=\"lazy\" decoding=\"async\" class=\"wp-image-9225 size-full\" src=\"http:\/\/www.rukajarvensuunnanhistoriayhdistys.fi\/historiayhdistys\/wp-content\/uploads\/2014\/09\/K\u00e4rkk\u00e4inen-Pentti.jpg\" alt=\"Hallituksen j\u00e4senen\u00e4 vuosina 2012-2014 toiminelle Pentti K\u00e4rkk\u00e4iselle luovutettiin yhdistyksen standaari.\" width=\"1754\" height=\"1240\" data-id=\"9225\" srcset=\"http:\/\/www.rukajarvensuunnanhistoriayhdistys.fi\/historiayhdistys\/wp-content\/uploads\/2014\/09\/K\u00e4rkk\u00e4inen-Pentti.jpg 1754w, http:\/\/www.rukajarvensuunnanhistoriayhdistys.fi\/historiayhdistys\/wp-content\/uploads\/2014\/09\/K\u00e4rkk\u00e4inen-Pentti-300x212.jpg 300w, http:\/\/www.rukajarvensuunnanhistoriayhdistys.fi\/historiayhdistys\/wp-content\/uploads\/2014\/09\/K\u00e4rkk\u00e4inen-Pentti-1024x723.jpg 1024w\" sizes=\"auto, (max-width: 1754px) 100vw, 1754px\" \/><\/a><figcaption id=\"caption-attachment-9225\" class=\"wp-caption-text\">Hallituksen j\u00e4senen\u00e4 vuosina 2012-2014 toiminelle Pentti K\u00e4rkk\u00e4iselle luovutettiin yhdistyksen standaari.<\/figcaption><\/figure>\n","protected":false},"excerpt":{"rendered":"<p>RSHY:n vuosikokous 27.9.2014 p\u00e4\u00e4t\u00f6ksi\u00e4 Rukaj\u00e4rven suunnan historiayhdistyksen vuosikokous pidettiin lauantaina Kiuruveden kulttuurikeskuksessa j\u00e4rjestetyn Kevytosasto 2:n seminaarin j\u00e4lkeen. Yhdistyksen vuosikokoukselle esitetyt toimintasuunnitelma, toimintakertomus ja talousarvio hyv\u00e4ksyttiin pienin muutoksin perusteellisen liki tunnin <a class=\"more-link\" href=\"http:\/\/www.rukajarvensuunnanhistoriayhdistys.fi\/historiayhdistys\/rukajarven-suunnan-historiayhdistyksen-vuosikokouspaatoksista-kiuruveden-kulttuuritalolla\/\">Teksti jatkuu&#8230;<span class=\"screen-reader-text\">Rukaj\u00e4rven suunnan historiayhdistyksen vuosikokousp\u00e4\u00e4t\u00f6ksist\u00e4 Kiuruveden kulttuuritalolla.<\/span><span class=\"meta-nav\">\u2192<\/span><\/a><\/p>\n","protected":false},"author":3,"featured_media":9226,"comment_status":"closed","ping_status":"open","sticky":false,"template":"","format":"standard","meta":{"footnotes":""},"categories":[22],"tags":[],"class_list":["post-9224","post","type-post","status-publish","format-standard","has-post-thumbnail","hentry","category-ajankohtaista"],"yoast_head":"<!-- This site is optimized with the Yoast SEO plugin v27.4 - https:\/\/yoast.com\/product\/yoast-seo-wordpress\/ -->\n<title>Rukaj\u00e4rven suunnan historiayhdistyksen vuosikokousp\u00e4\u00e4t\u00f6ksist\u00e4 Kiuruveden kulttuuritalolla.  - Rukaj\u00e4rven suunnan historiayhdistys<\/title>\n<meta name=\"robots\" content=\"index, follow, max-snippet:-1, max-image-preview:large, max-video-preview:-1\" \/>\n<link rel=\"canonical\" href=\"http:\/\/www.rukajarvensuunnanhistoriayhdistys.fi\/historiayhdistys\/rukajarven-suunnan-historiayhdistyksen-vuosikokouspaatoksista-kiuruveden-kulttuuritalolla\/\" \/>\n<meta property=\"og:locale\" content=\"fi_FI\" \/>\n<meta property=\"og:type\" content=\"article\" \/>\n<meta property=\"og:title\" content=\"Rukaj\u00e4rven suunnan historiayhdistyksen vuosikokousp\u00e4\u00e4t\u00f6ksist\u00e4 Kiuruveden kulttuuritalolla.  - Rukaj\u00e4rven suunnan historiayhdistys\" \/>\n<meta property=\"og:description\" content=\"RSHY:n vuosikokous 27.9.2014 p\u00e4\u00e4t\u00f6ksi\u00e4 Rukaj\u00e4rven suunnan historiayhdistyksen vuosikokous pidettiin lauantaina Kiuruveden kulttuurikeskuksessa j\u00e4rjestetyn Kevytosasto 2:n seminaarin j\u00e4lkeen. Yhdistyksen vuosikokoukselle esitetyt toimintasuunnitelma, toimintakertomus ja talousarvio hyv\u00e4ksyttiin pienin muutoksin perusteellisen liki tunnin Teksti jatkuu...Rukaj\u00e4rven suunnan historiayhdistyksen vuosikokousp\u00e4\u00e4t\u00f6ksist\u00e4 Kiuruveden kulttuuritalolla.\u2192\" \/>\n<meta property=\"og:url\" content=\"http:\/\/www.rukajarvensuunnanhistoriayhdistys.fi\/historiayhdistys\/rukajarven-suunnan-historiayhdistyksen-vuosikokouspaatoksista-kiuruveden-kulttuuritalolla\/\" \/>\n<meta property=\"og:site_name\" content=\"Rukaj\u00e4rven suunnan historiayhdistys\" \/>\n<meta property=\"article:published_time\" content=\"2014-09-28T05:21:19+00:00\" \/>\n<meta property=\"article:modified_time\" content=\"2014-10-07T19:00:53+00:00\" \/>\n<meta property=\"og:image\" content=\"http:\/\/www.rukajarvensuunnanhistoriayhdistys.fi\/historiayhdistys\/wp-content\/uploads\/2014\/09\/Haapalainen-Antti.jpg\" \/>\n\t<meta property=\"og:image:width\" content=\"1754\" \/>\n\t<meta property=\"og:image:height\" content=\"1240\" \/>\n\t<meta property=\"og:image:type\" content=\"image\/jpeg\" \/>\n<meta name=\"author\" content=\"RSHY\" \/>\n<meta name=\"twitter:label1\" content=\"Kirjoittanut\" \/>\n\t<meta name=\"twitter:data1\" content=\"RSHY\" \/>\n\t<meta name=\"twitter:label2\" content=\"Arvioitu lukuaika\" \/>\n\t<meta name=\"twitter:data2\" content=\"1 minuutti\" \/>\n<script type=\"application\/ld+json\" class=\"yoast-schema-graph\">{\"@context\":\"https:\\\/\\\/schema.org\",\"@graph\":[{\"@type\":\"Article\",\"@id\":\"http:\\\/\\\/www.rukajarvensuunnanhistoriayhdistys.fi\\\/historiayhdistys\\\/rukajarven-suunnan-historiayhdistyksen-vuosikokouspaatoksista-kiuruveden-kulttuuritalolla\\\/#article\",\"isPartOf\":{\"@id\":\"http:\\\/\\\/www.rukajarvensuunnanhistoriayhdistys.fi\\\/historiayhdistys\\\/rukajarven-suunnan-historiayhdistyksen-vuosikokouspaatoksista-kiuruveden-kulttuuritalolla\\\/\"},\"author\":{\"name\":\"RSHY\",\"@id\":\"https:\\\/\\\/www.rukajarvensuunnanhistoriayhdistys.fi\\\/historiayhdistys\\\/#\\\/schema\\\/person\\\/19de7db68bf72dfd2b5d7f6dfbf8454d\"},\"headline\":\"Rukaj\u00e4rven suunnan historiayhdistyksen vuosikokousp\u00e4\u00e4t\u00f6ksist\u00e4 Kiuruveden kulttuuritalolla.\",\"datePublished\":\"2014-09-28T05:21:19+00:00\",\"dateModified\":\"2014-10-07T19:00:53+00:00\",\"mainEntityOfPage\":{\"@id\":\"http:\\\/\\\/www.rukajarvensuunnanhistoriayhdistys.fi\\\/historiayhdistys\\\/rukajarven-suunnan-historiayhdistyksen-vuosikokouspaatoksista-kiuruveden-kulttuuritalolla\\\/\"},\"wordCount\":283,\"publisher\":{\"@id\":\"https:\\\/\\\/www.rukajarvensuunnanhistoriayhdistys.fi\\\/historiayhdistys\\\/#organization\"},\"image\":{\"@id\":\"http:\\\/\\\/www.rukajarvensuunnanhistoriayhdistys.fi\\\/historiayhdistys\\\/rukajarven-suunnan-historiayhdistyksen-vuosikokouspaatoksista-kiuruveden-kulttuuritalolla\\\/#primaryimage\"},\"thumbnailUrl\":\"http:\\\/\\\/www.rukajarvensuunnanhistoriayhdistys.fi\\\/historiayhdistys\\\/wp-content\\\/uploads\\\/2014\\\/09\\\/Haapalainen-Antti.jpg\",\"articleSection\":[\"Ajankohtaista\"],\"inLanguage\":\"fi\"},{\"@type\":\"WebPage\",\"@id\":\"http:\\\/\\\/www.rukajarvensuunnanhistoriayhdistys.fi\\\/historiayhdistys\\\/rukajarven-suunnan-historiayhdistyksen-vuosikokouspaatoksista-kiuruveden-kulttuuritalolla\\\/\",\"url\":\"http:\\\/\\\/www.rukajarvensuunnanhistoriayhdistys.fi\\\/historiayhdistys\\\/rukajarven-suunnan-historiayhdistyksen-vuosikokouspaatoksista-kiuruveden-kulttuuritalolla\\\/\",\"name\":\"Rukaj\u00e4rven suunnan historiayhdistyksen vuosikokousp\u00e4\u00e4t\u00f6ksist\u00e4 Kiuruveden kulttuuritalolla. - Rukaj\u00e4rven suunnan historiayhdistys\",\"isPartOf\":{\"@id\":\"https:\\\/\\\/www.rukajarvensuunnanhistoriayhdistys.fi\\\/historiayhdistys\\\/#website\"},\"primaryImageOfPage\":{\"@id\":\"http:\\\/\\\/www.rukajarvensuunnanhistoriayhdistys.fi\\\/historiayhdistys\\\/rukajarven-suunnan-historiayhdistyksen-vuosikokouspaatoksista-kiuruveden-kulttuuritalolla\\\/#primaryimage\"},\"image\":{\"@id\":\"http:\\\/\\\/www.rukajarvensuunnanhistoriayhdistys.fi\\\/historiayhdistys\\\/rukajarven-suunnan-historiayhdistyksen-vuosikokouspaatoksista-kiuruveden-kulttuuritalolla\\\/#primaryimage\"},\"thumbnailUrl\":\"http:\\\/\\\/www.rukajarvensuunnanhistoriayhdistys.fi\\\/historiayhdistys\\\/wp-content\\\/uploads\\\/2014\\\/09\\\/Haapalainen-Antti.jpg\",\"datePublished\":\"2014-09-28T05:21:19+00:00\",\"dateModified\":\"2014-10-07T19:00:53+00:00\",\"breadcrumb\":{\"@id\":\"http:\\\/\\\/www.rukajarvensuunnanhistoriayhdistys.fi\\\/historiayhdistys\\\/rukajarven-suunnan-historiayhdistyksen-vuosikokouspaatoksista-kiuruveden-kulttuuritalolla\\\/#breadcrumb\"},\"inLanguage\":\"fi\",\"potentialAction\":[{\"@type\":\"ReadAction\",\"target\":[\"http:\\\/\\\/www.rukajarvensuunnanhistoriayhdistys.fi\\\/historiayhdistys\\\/rukajarven-suunnan-historiayhdistyksen-vuosikokouspaatoksista-kiuruveden-kulttuuritalolla\\\/\"]}]},{\"@type\":\"ImageObject\",\"inLanguage\":\"fi\",\"@id\":\"http:\\\/\\\/www.rukajarvensuunnanhistoriayhdistys.fi\\\/historiayhdistys\\\/rukajarven-suunnan-historiayhdistyksen-vuosikokouspaatoksista-kiuruveden-kulttuuritalolla\\\/#primaryimage\",\"url\":\"http:\\\/\\\/www.rukajarvensuunnanhistoriayhdistys.fi\\\/historiayhdistys\\\/wp-content\\\/uploads\\\/2014\\\/09\\\/Haapalainen-Antti.jpg\",\"contentUrl\":\"http:\\\/\\\/www.rukajarvensuunnanhistoriayhdistys.fi\\\/historiayhdistys\\\/wp-content\\\/uploads\\\/2014\\\/09\\\/Haapalainen-Antti.jpg\",\"width\":1754,\"height\":1240,\"caption\":\"Hallituksen j\u00e4senen\u00e4 vuosina 2011-2014 toimineelle Antti Haapalaiselle luovutettiin yhdistyksen standaari.\"},{\"@type\":\"BreadcrumbList\",\"@id\":\"http:\\\/\\\/www.rukajarvensuunnanhistoriayhdistys.fi\\\/historiayhdistys\\\/rukajarven-suunnan-historiayhdistyksen-vuosikokouspaatoksista-kiuruveden-kulttuuritalolla\\\/#breadcrumb\",\"itemListElement\":[{\"@type\":\"ListItem\",\"position\":1,\"name\":\"Etusivu\",\"item\":\"https:\\\/\\\/www.rukajarvensuunnanhistoriayhdistys.fi\\\/historiayhdistys\\\/\"},{\"@type\":\"ListItem\",\"position\":2,\"name\":\"Rukaj\u00e4rven suunnan historiayhdistyksen vuosikokousp\u00e4\u00e4t\u00f6ksist\u00e4 Kiuruveden kulttuuritalolla.\"}]},{\"@type\":\"WebSite\",\"@id\":\"https:\\\/\\\/www.rukajarvensuunnanhistoriayhdistys.fi\\\/historiayhdistys\\\/#website\",\"url\":\"https:\\\/\\\/www.rukajarvensuunnanhistoriayhdistys.fi\\\/historiayhdistys\\\/\",\"name\":\"Rukaj\u00e4rven suunnan historiayhdistys\",\"description\":\"Rukaj\u00e4rven suunnan historiayhdistyksen verkkosivut.\",\"publisher\":{\"@id\":\"https:\\\/\\\/www.rukajarvensuunnanhistoriayhdistys.fi\\\/historiayhdistys\\\/#organization\"},\"potentialAction\":[{\"@type\":\"SearchAction\",\"target\":{\"@type\":\"EntryPoint\",\"urlTemplate\":\"https:\\\/\\\/www.rukajarvensuunnanhistoriayhdistys.fi\\\/historiayhdistys\\\/?s={search_term_string}\"},\"query-input\":{\"@type\":\"PropertyValueSpecification\",\"valueRequired\":true,\"valueName\":\"search_term_string\"}}],\"inLanguage\":\"fi\"},{\"@type\":\"Organization\",\"@id\":\"https:\\\/\\\/www.rukajarvensuunnanhistoriayhdistys.fi\\\/historiayhdistys\\\/#organization\",\"name\":\"Rukaj\u00e4rven suunnan historiayhdistys\",\"url\":\"https:\\\/\\\/www.rukajarvensuunnanhistoriayhdistys.fi\\\/historiayhdistys\\\/\",\"logo\":{\"@type\":\"ImageObject\",\"inLanguage\":\"fi\",\"@id\":\"https:\\\/\\\/www.rukajarvensuunnanhistoriayhdistys.fi\\\/historiayhdistys\\\/#\\\/schema\\\/logo\\\/image\\\/\",\"url\":\"http:\\\/\\\/www.rukajarvensuunnanhistoriayhdistys.fi\\\/historiayhdistys\\\/wp-content\\\/uploads\\\/2013\\\/12\\\/Otsake_3.jpg\",\"contentUrl\":\"http:\\\/\\\/www.rukajarvensuunnanhistoriayhdistys.fi\\\/historiayhdistys\\\/wp-content\\\/uploads\\\/2013\\\/12\\\/Otsake_3.jpg\",\"width\":1000,\"height\":442,\"caption\":\"Rukaj\u00e4rven suunnan historiayhdistys\"},\"image\":{\"@id\":\"https:\\\/\\\/www.rukajarvensuunnanhistoriayhdistys.fi\\\/historiayhdistys\\\/#\\\/schema\\\/logo\\\/image\\\/\"}},{\"@type\":\"Person\",\"@id\":\"https:\\\/\\\/www.rukajarvensuunnanhistoriayhdistys.fi\\\/historiayhdistys\\\/#\\\/schema\\\/person\\\/19de7db68bf72dfd2b5d7f6dfbf8454d\",\"name\":\"RSHY\",\"image\":{\"@type\":\"ImageObject\",\"inLanguage\":\"fi\",\"@id\":\"https:\\\/\\\/secure.gravatar.com\\\/avatar\\\/598d59263a69cc8de65fcb4f9db78d6f58c098cb0e0ba22d73377441af9fa04c?s=96&d=blank&r=g\",\"url\":\"https:\\\/\\\/secure.gravatar.com\\\/avatar\\\/598d59263a69cc8de65fcb4f9db78d6f58c098cb0e0ba22d73377441af9fa04c?s=96&d=blank&r=g\",\"contentUrl\":\"https:\\\/\\\/secure.gravatar.com\\\/avatar\\\/598d59263a69cc8de65fcb4f9db78d6f58c098cb0e0ba22d73377441af9fa04c?s=96&d=blank&r=g\",\"caption\":\"RSHY\"},\"url\":\"http:\\\/\\\/www.rukajarvensuunnanhistoriayhdistys.fi\\\/historiayhdistys\\\/author\\\/rshy\\\/\"}]}<\/script>\n<!-- \/ Yoast SEO plugin. -->","yoast_head_json":{"title":"Rukaj\u00e4rven suunnan historiayhdistyksen vuosikokousp\u00e4\u00e4t\u00f6ksist\u00e4 Kiuruveden kulttuuritalolla.  - Rukaj\u00e4rven suunnan historiayhdistys","robots":{"index":"index","follow":"follow","max-snippet":"max-snippet:-1","max-image-preview":"max-image-preview:large","max-video-preview":"max-video-preview:-1"},"canonical":"http:\/\/www.rukajarvensuunnanhistoriayhdistys.fi\/historiayhdistys\/rukajarven-suunnan-historiayhdistyksen-vuosikokouspaatoksista-kiuruveden-kulttuuritalolla\/","og_locale":"fi_FI","og_type":"article","og_title":"Rukaj\u00e4rven suunnan historiayhdistyksen vuosikokousp\u00e4\u00e4t\u00f6ksist\u00e4 Kiuruveden kulttuuritalolla.  - Rukaj\u00e4rven suunnan historiayhdistys","og_description":"RSHY:n vuosikokous 27.9.2014 p\u00e4\u00e4t\u00f6ksi\u00e4 Rukaj\u00e4rven suunnan historiayhdistyksen vuosikokous pidettiin lauantaina Kiuruveden kulttuurikeskuksessa j\u00e4rjestetyn Kevytosasto 2:n seminaarin j\u00e4lkeen. Yhdistyksen vuosikokoukselle esitetyt toimintasuunnitelma, toimintakertomus ja talousarvio hyv\u00e4ksyttiin pienin muutoksin perusteellisen liki tunnin Teksti jatkuu...Rukaj\u00e4rven suunnan historiayhdistyksen vuosikokousp\u00e4\u00e4t\u00f6ksist\u00e4 Kiuruveden kulttuuritalolla.\u2192","og_url":"http:\/\/www.rukajarvensuunnanhistoriayhdistys.fi\/historiayhdistys\/rukajarven-suunnan-historiayhdistyksen-vuosikokouspaatoksista-kiuruveden-kulttuuritalolla\/","og_site_name":"Rukaj\u00e4rven suunnan historiayhdistys","article_published_time":"2014-09-28T05:21:19+00:00","article_modified_time":"2014-10-07T19:00:53+00:00","og_image":[{"width":1754,"height":1240,"url":"http:\/\/www.rukajarvensuunnanhistoriayhdistys.fi\/historiayhdistys\/wp-content\/uploads\/2014\/09\/Haapalainen-Antti.jpg","type":"image\/jpeg"}],"author":"RSHY","twitter_misc":{"Kirjoittanut":"RSHY","Arvioitu lukuaika":"1 minuutti"},"schema":{"@context":"https:\/\/schema.org","@graph":[{"@type":"Article","@id":"http:\/\/www.rukajarvensuunnanhistoriayhdistys.fi\/historiayhdistys\/rukajarven-suunnan-historiayhdistyksen-vuosikokouspaatoksista-kiuruveden-kulttuuritalolla\/#article","isPartOf":{"@id":"http:\/\/www.rukajarvensuunnanhistoriayhdistys.fi\/historiayhdistys\/rukajarven-suunnan-historiayhdistyksen-vuosikokouspaatoksista-kiuruveden-kulttuuritalolla\/"},"author":{"name":"RSHY","@id":"https:\/\/www.rukajarvensuunnanhistoriayhdistys.fi\/historiayhdistys\/#\/schema\/person\/19de7db68bf72dfd2b5d7f6dfbf8454d"},"headline":"Rukaj\u00e4rven suunnan historiayhdistyksen vuosikokousp\u00e4\u00e4t\u00f6ksist\u00e4 Kiuruveden kulttuuritalolla.","datePublished":"2014-09-28T05:21:19+00:00","dateModified":"2014-10-07T19:00:53+00:00","mainEntityOfPage":{"@id":"http:\/\/www.rukajarvensuunnanhistoriayhdistys.fi\/historiayhdistys\/rukajarven-suunnan-historiayhdistyksen-vuosikokouspaatoksista-kiuruveden-kulttuuritalolla\/"},"wordCount":283,"publisher":{"@id":"https:\/\/www.rukajarvensuunnanhistoriayhdistys.fi\/historiayhdistys\/#organization"},"image":{"@id":"http:\/\/www.rukajarvensuunnanhistoriayhdistys.fi\/historiayhdistys\/rukajarven-suunnan-historiayhdistyksen-vuosikokouspaatoksista-kiuruveden-kulttuuritalolla\/#primaryimage"},"thumbnailUrl":"http:\/\/www.rukajarvensuunnanhistoriayhdistys.fi\/historiayhdistys\/wp-content\/uploads\/2014\/09\/Haapalainen-Antti.jpg","articleSection":["Ajankohtaista"],"inLanguage":"fi"},{"@type":"WebPage","@id":"http:\/\/www.rukajarvensuunnanhistoriayhdistys.fi\/historiayhdistys\/rukajarven-suunnan-historiayhdistyksen-vuosikokouspaatoksista-kiuruveden-kulttuuritalolla\/","url":"http:\/\/www.rukajarvensuunnanhistoriayhdistys.fi\/historiayhdistys\/rukajarven-suunnan-historiayhdistyksen-vuosikokouspaatoksista-kiuruveden-kulttuuritalolla\/","name":"Rukaj\u00e4rven suunnan historiayhdistyksen vuosikokousp\u00e4\u00e4t\u00f6ksist\u00e4 Kiuruveden kulttuuritalolla. - Rukaj\u00e4rven suunnan historiayhdistys","isPartOf":{"@id":"https:\/\/www.rukajarvensuunnanhistoriayhdistys.fi\/historiayhdistys\/#website"},"primaryImageOfPage":{"@id":"http:\/\/www.rukajarvensuunnanhistoriayhdistys.fi\/historiayhdistys\/rukajarven-suunnan-historiayhdistyksen-vuosikokouspaatoksista-kiuruveden-kulttuuritalolla\/#primaryimage"},"image":{"@id":"http:\/\/www.rukajarvensuunnanhistoriayhdistys.fi\/historiayhdistys\/rukajarven-suunnan-historiayhdistyksen-vuosikokouspaatoksista-kiuruveden-kulttuuritalolla\/#primaryimage"},"thumbnailUrl":"http:\/\/www.rukajarvensuunnanhistoriayhdistys.fi\/historiayhdistys\/wp-content\/uploads\/2014\/09\/Haapalainen-Antti.jpg","datePublished":"2014-09-28T05:21:19+00:00","dateModified":"2014-10-07T19:00:53+00:00","breadcrumb":{"@id":"http:\/\/www.rukajarvensuunnanhistoriayhdistys.fi\/historiayhdistys\/rukajarven-suunnan-historiayhdistyksen-vuosikokouspaatoksista-kiuruveden-kulttuuritalolla\/#breadcrumb"},"inLanguage":"fi","potentialAction":[{"@type":"ReadAction","target":["http:\/\/www.rukajarvensuunnanhistoriayhdistys.fi\/historiayhdistys\/rukajarven-suunnan-historiayhdistyksen-vuosikokouspaatoksista-kiuruveden-kulttuuritalolla\/"]}]},{"@type":"ImageObject","inLanguage":"fi","@id":"http:\/\/www.rukajarvensuunnanhistoriayhdistys.fi\/historiayhdistys\/rukajarven-suunnan-historiayhdistyksen-vuosikokouspaatoksista-kiuruveden-kulttuuritalolla\/#primaryimage","url":"http:\/\/www.rukajarvensuunnanhistoriayhdistys.fi\/historiayhdistys\/wp-content\/uploads\/2014\/09\/Haapalainen-Antti.jpg","contentUrl":"http:\/\/www.rukajarvensuunnanhistoriayhdistys.fi\/historiayhdistys\/wp-content\/uploads\/2014\/09\/Haapalainen-Antti.jpg","width":1754,"height":1240,"caption":"Hallituksen j\u00e4senen\u00e4 vuosina 2011-2014 toimineelle Antti Haapalaiselle luovutettiin yhdistyksen standaari."},{"@type":"BreadcrumbList","@id":"http:\/\/www.rukajarvensuunnanhistoriayhdistys.fi\/historiayhdistys\/rukajarven-suunnan-historiayhdistyksen-vuosikokouspaatoksista-kiuruveden-kulttuuritalolla\/#breadcrumb","itemListElement":[{"@type":"ListItem","position":1,"name":"Etusivu","item":"https:\/\/www.rukajarvensuunnanhistoriayhdistys.fi\/historiayhdistys\/"},{"@type":"ListItem","position":2,"name":"Rukaj\u00e4rven suunnan historiayhdistyksen vuosikokousp\u00e4\u00e4t\u00f6ksist\u00e4 Kiuruveden kulttuuritalolla."}]},{"@type":"WebSite","@id":"https:\/\/www.rukajarvensuunnanhistoriayhdistys.fi\/historiayhdistys\/#website","url":"https:\/\/www.rukajarvensuunnanhistoriayhdistys.fi\/historiayhdistys\/","name":"Rukaj\u00e4rven suunnan historiayhdistys","description":"Rukaj\u00e4rven suunnan historiayhdistyksen verkkosivut.","publisher":{"@id":"https:\/\/www.rukajarvensuunnanhistoriayhdistys.fi\/historiayhdistys\/#organization"},"potentialAction":[{"@type":"SearchAction","target":{"@type":"EntryPoint","urlTemplate":"https:\/\/www.rukajarvensuunnanhistoriayhdistys.fi\/historiayhdistys\/?s={search_term_string}"},"query-input":{"@type":"PropertyValueSpecification","valueRequired":true,"valueName":"search_term_string"}}],"inLanguage":"fi"},{"@type":"Organization","@id":"https:\/\/www.rukajarvensuunnanhistoriayhdistys.fi\/historiayhdistys\/#organization","name":"Rukaj\u00e4rven suunnan historiayhdistys","url":"https:\/\/www.rukajarvensuunnanhistoriayhdistys.fi\/historiayhdistys\/","logo":{"@type":"ImageObject","inLanguage":"fi","@id":"https:\/\/www.rukajarvensuunnanhistoriayhdistys.fi\/historiayhdistys\/#\/schema\/logo\/image\/","url":"http:\/\/www.rukajarvensuunnanhistoriayhdistys.fi\/historiayhdistys\/wp-content\/uploads\/2013\/12\/Otsake_3.jpg","contentUrl":"http:\/\/www.rukajarvensuunnanhistoriayhdistys.fi\/historiayhdistys\/wp-content\/uploads\/2013\/12\/Otsake_3.jpg","width":1000,"height":442,"caption":"Rukaj\u00e4rven suunnan historiayhdistys"},"image":{"@id":"https:\/\/www.rukajarvensuunnanhistoriayhdistys.fi\/historiayhdistys\/#\/schema\/logo\/image\/"}},{"@type":"Person","@id":"https:\/\/www.rukajarvensuunnanhistoriayhdistys.fi\/historiayhdistys\/#\/schema\/person\/19de7db68bf72dfd2b5d7f6dfbf8454d","name":"RSHY","image":{"@type":"ImageObject","inLanguage":"fi","@id":"https:\/\/secure.gravatar.com\/avatar\/598d59263a69cc8de65fcb4f9db78d6f58c098cb0e0ba22d73377441af9fa04c?s=96&d=blank&r=g","url":"https:\/\/secure.gravatar.com\/avatar\/598d59263a69cc8de65fcb4f9db78d6f58c098cb0e0ba22d73377441af9fa04c?s=96&d=blank&r=g","contentUrl":"https:\/\/secure.gravatar.com\/avatar\/598d59263a69cc8de65fcb4f9db78d6f58c098cb0e0ba22d73377441af9fa04c?s=96&d=blank&r=g","caption":"RSHY"},"url":"http:\/\/www.rukajarvensuunnanhistoriayhdistys.fi\/historiayhdistys\/author\/rshy\/"}]}},"_links":{"self":[{"href":"http:\/\/www.rukajarvensuunnanhistoriayhdistys.fi\/historiayhdistys\/wp-json\/wp\/v2\/posts\/9224","targetHints":{"allow":["GET"]}}],"collection":[{"href":"http:\/\/www.rukajarvensuunnanhistoriayhdistys.fi\/historiayhdistys\/wp-json\/wp\/v2\/posts"}],"about":[{"href":"http:\/\/www.rukajarvensuunnanhistoriayhdistys.fi\/historiayhdistys\/wp-json\/wp\/v2\/types\/post"}],"author":[{"embeddable":true,"href":"http:\/\/www.rukajarvensuunnanhistoriayhdistys.fi\/historiayhdistys\/wp-json\/wp\/v2\/users\/3"}],"replies":[{"embeddable":true,"href":"http:\/\/www.rukajarvensuunnanhistoriayhdistys.fi\/historiayhdistys\/wp-json\/wp\/v2\/comments?post=9224"}],"version-history":[{"count":1,"href":"http:\/\/www.rukajarvensuunnanhistoriayhdistys.fi\/historiayhdistys\/wp-json\/wp\/v2\/posts\/9224\/revisions"}],"predecessor-version":[{"id":9227,"href":"http:\/\/www.rukajarvensuunnanhistoriayhdistys.fi\/historiayhdistys\/wp-json\/wp\/v2\/posts\/9224\/revisions\/9227"}],"wp:featuredmedia":[{"embeddable":true,"href":"http:\/\/www.rukajarvensuunnanhistoriayhdistys.fi\/historiayhdistys\/wp-json\/wp\/v2\/media\/9226"}],"wp:attachment":[{"href":"http:\/\/www.rukajarvensuunnanhistoriayhdistys.fi\/historiayhdistys\/wp-json\/wp\/v2\/media?parent=9224"}],"wp:term":[{"taxonomy":"category","embeddable":true,"href":"http:\/\/www.rukajarvensuunnanhistoriayhdistys.fi\/historiayhdistys\/wp-json\/wp\/v2\/categories?post=9224"},{"taxonomy":"post_tag","embeddable":true,"href":"http:\/\/www.rukajarvensuunnanhistoriayhdistys.fi\/historiayhdistys\/wp-json\/wp\/v2\/tags?post=9224"}],"curies":[{"name":"wp","href":"https:\/\/api.w.org\/{rel}","templated":true}]}}