{"id":9229,"date":"2014-09-30T00:53:25","date_gmt":"2014-09-29T21:53:25","guid":{"rendered":"http:\/\/www.rukajarvensuunnanhistoriayhdistys.fi\/historiayhdistys\/?p=9229"},"modified":"2014-10-07T21:59:15","modified_gmt":"2014-10-07T18:59:15","slug":"suomen-marsalkka-mannerheimin-perinnesaation-sotahistorian-palkinto-pasi-tuunaiselle","status":"publish","type":"post","link":"http:\/\/www.rukajarvensuunnanhistoriayhdistys.fi\/historiayhdistys\/suomen-marsalkka-mannerheimin-perinnesaation-sotahistorian-palkinto-pasi-tuunaiselle\/","title":{"rendered":"SUOMEN MARSALKKA MANNERHEIMIN PERINNES\u00c4\u00c4TI\u00d6N SOTAHISTORIAN PALKINTO PASI TUUNAISELLE"},"content":{"rendered":"<div class=\"fcbkbttn_buttons_block\" id=\"fcbkbttn_left\"><div class=\"fcbkbttn_like \"><fb:like href=\"http:\/\/www.rukajarvensuunnanhistoriayhdistys.fi\/historiayhdistys\/suomen-marsalkka-mannerheimin-perinnesaation-sotahistorian-palkinto-pasi-tuunaiselle\/\" action=\"like\" colorscheme=\"light\" layout=\"button_count\"  size=\"small\"><\/fb:like><\/div><\/div><p><strong><strong>Suomen Marsalkka Mannerheimin perinnes\u00e4\u00e4ti\u00f6n joka toinen vuosi jakama sotahistorian palkinto on my\u00f6nnetty FT Pasi Tuunaiselle h\u00e4nen kirjastaan Tahtojen taisto. Palkinnon suuruus on 5.000 euroa ja se my\u00f6nnettiin nyt viidennen kerran.<\/strong><\/strong><\/p>\n<figure id=\"attachment_9230\" aria-describedby=\"caption-attachment-9230\" style=\"width: 1632px\" class=\"wp-caption alignnone\"><a href=\"http:\/\/www.rukajarvensuunnanhistoriayhdistys.fi\/historiayhdistys\/wp-content\/uploads\/2014\/09\/Tuunainen-Pasi.jpg\"><img loading=\"lazy\" decoding=\"async\" class=\"wp-image-9230 size-full\" src=\"http:\/\/www.rukajarvensuunnanhistoriayhdistys.fi\/historiayhdistys\/wp-content\/uploads\/2014\/09\/Tuunainen-Pasi.jpg\" alt=\"Kuvassa vasemmalta: Pasi Tuunainen, Olli Harinen, Marja Nordberg, Suomen Marsalkka Mannerheimin perinnes\u00e4\u00e4ti\u00f6n varapuheenjohtaja Pekka Kouri, G\u00f6ran Lindgren ja s\u00e4\u00e4ti\u00f6n puheenjohtaja Sami Sihvo.   S\u00e4\u00e4ti\u00f6n my\u00f6nsi varsinaisen sotahistorian palkinnon lis\u00e4ksi my\u00f6s kunniamaininnan Harisen, Lindgrenin ja Erkki Nordbergin kirjoittamalle Talvisodan \u00c4ss\u00e4 \u2013rykmentti \u2013kirjalle. Erkki Nordbergin puolesta palkinnon nouti h\u00e4nen leskens\u00e4 Marja. \" width=\"1632\" height=\"918\" data-id=\"9230\" srcset=\"http:\/\/www.rukajarvensuunnanhistoriayhdistys.fi\/historiayhdistys\/wp-content\/uploads\/2014\/09\/Tuunainen-Pasi.jpg 1632w, http:\/\/www.rukajarvensuunnanhistoriayhdistys.fi\/historiayhdistys\/wp-content\/uploads\/2014\/09\/Tuunainen-Pasi-300x168.jpg 300w, http:\/\/www.rukajarvensuunnanhistoriayhdistys.fi\/historiayhdistys\/wp-content\/uploads\/2014\/09\/Tuunainen-Pasi-1024x576.jpg 1024w\" sizes=\"auto, (max-width: 1632px) 100vw, 1632px\" \/><\/a><figcaption id=\"caption-attachment-9230\" class=\"wp-caption-text\">Kuvassa vasemmalta: Pasi Tuunainen, Olli Harinen, Marja Nordberg, Suomen Marsalkka Mannerheimin perinnes\u00e4\u00e4ti\u00f6n varapuheenjohtaja Pekka Kouri, G\u00f6ran Lindgren ja s\u00e4\u00e4ti\u00f6n puheenjohtaja Sami Sihvo.<br \/> S\u00e4\u00e4ti\u00f6n my\u00f6nsi varsinaisen sotahistorian palkinnon lis\u00e4ksi my\u00f6s kunniamaininnan Harisen, Lindgrenin ja Erkki Nordbergin kirjoittamalle Talvisodan \u00c4ss\u00e4 \u2013rykmentti \u2013kirjalle. Erkki Nordbergin puolesta palkinnon nouti h\u00e4nen leskens\u00e4 Marja. Kuva Janne Kosonen.<\/figcaption><\/figure>\n<p><strong><strong>\u00a0<\/strong><\/strong>Palkinnon perusteluissa valintatoimikunta toteaa seuraavaa:<\/p>\n<p>&#8211; FT, dosentti Pasi Tuunainen on talvisodan, erityisesti Kainuun, taisteluihin liittyv\u00e4n historiantutkimuksen keskeisi\u00e4 asiantuntijoita Suomessa. Vuonna 2010 ilmestyneess\u00e4 kirjassaan Tahtojen taisto Tuunainen paneutuu 9.Divisioonan taisteluihin Suomussalmen ja Kuhmon alueilla. Taistelut ovat kansainv\u00e4lisesti tunnettuja, esimerkkin\u00e4 legendaarinen Raatteentien taistelu.<\/p>\n<p>Talvisodan taisteluiden tapahtumahistoria on kirjoitettu auki useita kertoja lukuisissa eri teoksissa. Tuunainen avaa kirjassaan aivan uuden n\u00e4k\u00f6kulman teeman mukaisiin taisteluihin. Teoksessa keskityt\u00e4\u00e4n yhtym\u00e4n, siis t\u00e4ss\u00e4 tapauksessa 9. Divisioonan, johtamiseen talvisodan keskeisiss\u00e4 taisteluissa.<\/p>\n<p>Sotahistorian kirjoituksessa taisteluissa onnistuminen ja ep\u00e4onnistuminen luetaan yleens\u00e4 lopputuloksesta riippuen joko joukon komentajan ansioksi tai h\u00e4pe\u00e4ksi. Tuunainen ei sorru kirjassaan t\u00e4m\u00e4n tyyppiseen yksipuolisuuteen, vaan tarkastelee johtamista komentajan ja esikuntap\u00e4\u00e4llik\u00f6n, siis j\u00e4\u00e4k\u00e4rieversti <strong>Hjalmar Siilasvuon<\/strong> ja kapteeni <strong>Alpo K. Marttisen<\/strong>, v\u00e4lisen vuorovaikutuksen kautta. Kuten kirjan otsikosta Tahtojen taisto voi arvata, teos paneutuu kahden voimakastahtoisen upseerin henkil\u00f6suhteiden ja toiminnan kautta 9. Divisioonan operaatioiden suunnitteluun ja toimeenpanoon. Sis\u00e4lt\u00f6 ja kirjoitustyyli sopivat niin historiasta kiinnostuneen lukijan kuin ammattisotilaan lukemistoksi.<\/p>\n<p>Johtajien ja toiminnan k\u00e4sittely on viile\u00e4n analyyttist\u00e4 eik\u00e4 Tuunainen sorru jumalalliseen j\u00e4lkiviisasteluun kuten t\u00e4m\u00e4n tyyppisess\u00e4 ty\u00f6ss\u00e4 kovin helposti k\u00e4y. Teksti keskustelee mielenkiintoisesti aiemman tutkimuksen tulkintojen kanssa perustellen Tuunaisen omia n\u00e4kemyksi\u00e4 sangen vakuuttavasti. L\u00e4hdepohja on korkeatasoiselle historiantutkimukselle esimerkiksi kelpaava.<\/p>\n<p>Pasi Tuunaisen p\u00e4\u00e4avaus talvisodan taisteluiden k\u00e4sittelyyn uudesta ja tuoreesta n\u00e4k\u00f6kulmasta on onnistunut. On toivottavaa, ett\u00e4 t\u00e4m\u00e4n tyyppinen viile\u00e4n analysoiva tutkimus saisi laajemminkin tilaa populismia kumartavien kirjoittelujen rinnalla.<\/p>\n<p><strong>Kunniamaininta \u00c4ss\u00e4-rykmentin historialle<\/strong><\/p>\n<p>Suomen Marsalkka Mannerheimin perinnes\u00e4\u00e4ti\u00f6 my\u00f6nsi my\u00f6s kunniamaininnan, joka palkittiin 1500 eurolla. Kunniamaininta my\u00f6nnettiin Olli Harisen, G\u00f6ran Lindgrenin ja Erkki Nordbergin kirjoittamalle Talvisodan \u00c4ss\u00e4-rykmentti \u2013kirjalle. Perusteluissa kirjasta todetaan: &#8211; Suomen sotiin liittyv\u00e4 historiankirjoitus pit\u00e4\u00e4 sis\u00e4ll\u00e4\u00e4n lukuisan m\u00e4\u00e4r\u00e4n eri joukko-osastojen historiateoksia. Osa on puhtaasti historiikkej\u00e4 joiden kuvaukset avautuvat parhaiten joukkoon kuuluneille sotilaille. Niit\u00e4 ei ole tarkoitettukaan varsinaisesti syv\u00e4llisiksi sotiemme tapahtumiin liittyviksi historian tutkimuksiksi. Toisessa \u00e4\u00e4rip\u00e4\u00e4ss\u00e4 ovat tutkimuksellisesti laadukkaat analyysit m\u00e4\u00e4r\u00e4tyn joukon sotatiest\u00e4. Selv\u00e4\u00e4 on kuitenkin se, ett\u00e4 joukko-osastojen historiat tai historiikit ovat osa sotien ajankuvaa, jossa muistelukset ja p\u00e4iv\u00e4kirjat antavat usein paperinmakuisia asiakirjoja moniulotteisemman kuvan &#8221;kent\u00e4n&#8221; tuntemuksista.<\/p>\n<p>Vuonna 2010 ilmestynyt kirja Talvisodan \u00c4ss\u00e4-rykmentti on helsinkil\u00e4isjoukosta ja sen sotatieteist\u00e4 kirjoitettu lajityypiss\u00e4\u00e4n hyv\u00e4 teos, joka ansaitsee tulla mainituksi. Kirjoittajakolmikko kykenee paneutumaan &#8221;S\u00f6rk\u00e4n s\u00e4llien&#8221; sotataipaleeseen sangen maanl\u00e4heisesti ja moniulotteisesti. Joukko-osastojen historiateoksille on tarve ja paikka. K\u00e4sill\u00e4 oleva teos on t\u00e4st\u00e4 omassa sarjassaan laadukas esimerkki<strong>.<\/strong><\/p>\n<p>P\u00e4\u00e4t\u00f6ksen palkittavasta ty\u00f6st\u00e4 teki s\u00e4\u00e4ti\u00f6n hallitus erillisen valintatoimikunnan esityksest\u00e4. Valintatoimikuntaan kuuluvat s\u00e4\u00e4ti\u00f6n hallituksen edustajina p\u00e4\u00e4sihteeri <strong>Pekka Kouri<\/strong> (valintatoimikunnan puheenjohtaja) ja <strong><strong>Harri Westerlund <\/strong><\/strong>sek\u00e4 historiatutkimuksen asiantuntijoina professori <strong>Vesa Tynkkynen<\/strong> Maanpuolustuskorkeakoulusta ja VTT<strong><strong> Harri Korpisaari. <\/strong><\/strong><\/p>\n<p>Perinnes\u00e4\u00e4ti\u00f6n sotahistorian palkinnon sai vuonna 2006 FT <strong><strong>Lasse Laaksonen,<\/strong><\/strong> vuonna 2008 ST <strong><strong>Pentti Airio <\/strong><\/strong>ja vuonna 2010 VTT Harri Korpisaari. Kaksi vuotta sitten palkinto my\u00f6nnettiin el\u00e4m\u00e4nty\u00f6 \u2013 palkintona professori <strong><strong>Ohto Manniselle. <\/strong><\/strong>T\u00e4ll\u00e4 kertaa palkittava teos valittiin vuosina 2010 \u2013 2014 valmistuneista sotahistorian t\u00f6ist\u00e4. Seuraavan kerran sotahistorian palkinto jaetaan vuonna 2016.<\/p>\n<p>***<\/p>\n<p>Suomen Marsalkka Mannerheimin perinnes\u00e4\u00e4ti\u00f6 on vuonna 1973 perustettu s\u00e4\u00e4ti\u00f6, jonka t\u00e4rkein teht\u00e4v\u00e4 on Suomen Marsalkka Mannerheimin muiston vaaliminen. Lis\u00e4ksi s\u00e4\u00e4ti\u00f6 tukee taloudellisesti Suomen sotia koskevan sotahistorian tutkimusty\u00f6t\u00e4 sek\u00e4 suomalaisten upseerien koulutusta. S\u00e4\u00e4ti\u00f6n puheenjohtajana toimii kenraalimajuri <strong><strong>Sami Sihvo.<\/strong><\/strong><\/p>\n<p>Lis\u00e4tietoja Suomen Marsalkka Mannerheimin perinnes\u00e4\u00e4ti\u00f6n sotahistorian palkinnosta antaa s\u00e4\u00e4ti\u00f6n asiamies <strong>Janne Kosonen<\/strong>, puh. 050\u00a05810 819 tai <a href=\"http:\/\/www.mannerheiminperinnesaatio.fi\/\">www.mannerheiminperinnesaatio.fi<\/a> .<\/p>\n<p>FT, dosentti\u00a0Pasi \u00a0Tuunainen on Rukaj\u00e4rven suunnan historiayhdistyksen j\u00e4sen sen perustamisesta alkaen. Yhdistys perustettiin Marskin Majalla 19.9.2009.<\/p>\n<p>&nbsp;<\/p>\n<p>&nbsp;<\/p>\n","protected":false},"excerpt":{"rendered":"<p>Suomen Marsalkka Mannerheimin perinnes\u00e4\u00e4ti\u00f6n joka toinen vuosi jakama sotahistorian palkinto on my\u00f6nnetty FT Pasi Tuunaiselle h\u00e4nen kirjastaan Tahtojen taisto. Palkinnon suuruus on 5.000 euroa ja se my\u00f6nnettiin nyt viidennen kerran. <a class=\"more-link\" href=\"http:\/\/www.rukajarvensuunnanhistoriayhdistys.fi\/historiayhdistys\/suomen-marsalkka-mannerheimin-perinnesaation-sotahistorian-palkinto-pasi-tuunaiselle\/\">Teksti jatkuu&#8230;<span class=\"screen-reader-text\">SUOMEN MARSALKKA MANNERHEIMIN PERINNES\u00c4\u00c4TI\u00d6N SOTAHISTORIAN PALKINTO PASI TUUNAISELLE<\/span><span class=\"meta-nav\">\u2192<\/span><\/a><\/p>\n","protected":false},"author":3,"featured_media":9230,"comment_status":"closed","ping_status":"open","sticky":false,"template":"","format":"standard","meta":{"footnotes":""},"categories":[22],"tags":[],"class_list":["post-9229","post","type-post","status-publish","format-standard","has-post-thumbnail","hentry","category-ajankohtaista"],"yoast_head":"<!-- This site is optimized with the Yoast SEO plugin v27.4 - https:\/\/yoast.com\/product\/yoast-seo-wordpress\/ -->\n<title>SUOMEN MARSALKKA MANNERHEIMIN PERINNES\u00c4\u00c4TI\u00d6N SOTAHISTORIAN PALKINTO PASI TUUNAISELLE  - Rukaj\u00e4rven suunnan historiayhdistys<\/title>\n<meta name=\"robots\" content=\"index, follow, max-snippet:-1, max-image-preview:large, max-video-preview:-1\" \/>\n<link rel=\"canonical\" href=\"http:\/\/www.rukajarvensuunnanhistoriayhdistys.fi\/historiayhdistys\/suomen-marsalkka-mannerheimin-perinnesaation-sotahistorian-palkinto-pasi-tuunaiselle\/\" \/>\n<meta property=\"og:locale\" content=\"fi_FI\" \/>\n<meta property=\"og:type\" content=\"article\" \/>\n<meta property=\"og:title\" content=\"SUOMEN MARSALKKA MANNERHEIMIN PERINNES\u00c4\u00c4TI\u00d6N SOTAHISTORIAN PALKINTO PASI TUUNAISELLE  - Rukaj\u00e4rven suunnan historiayhdistys\" \/>\n<meta property=\"og:description\" content=\"Suomen Marsalkka Mannerheimin perinnes\u00e4\u00e4ti\u00f6n joka toinen vuosi jakama sotahistorian palkinto on my\u00f6nnetty FT Pasi Tuunaiselle h\u00e4nen kirjastaan Tahtojen taisto. Palkinnon suuruus on 5.000 euroa ja se my\u00f6nnettiin nyt viidennen kerran. Teksti jatkuu...SUOMEN MARSALKKA MANNERHEIMIN PERINNES\u00c4\u00c4TI\u00d6N SOTAHISTORIAN PALKINTO PASI TUUNAISELLE\u2192\" \/>\n<meta property=\"og:url\" content=\"http:\/\/www.rukajarvensuunnanhistoriayhdistys.fi\/historiayhdistys\/suomen-marsalkka-mannerheimin-perinnesaation-sotahistorian-palkinto-pasi-tuunaiselle\/\" \/>\n<meta property=\"og:site_name\" content=\"Rukaj\u00e4rven suunnan historiayhdistys\" \/>\n<meta property=\"article:published_time\" content=\"2014-09-29T21:53:25+00:00\" \/>\n<meta property=\"article:modified_time\" content=\"2014-10-07T18:59:15+00:00\" \/>\n<meta property=\"og:image\" content=\"http:\/\/www.rukajarvensuunnanhistoriayhdistys.fi\/historiayhdistys\/wp-content\/uploads\/2014\/09\/Tuunainen-Pasi.jpg\" \/>\n\t<meta property=\"og:image:width\" content=\"1632\" \/>\n\t<meta property=\"og:image:height\" content=\"918\" \/>\n\t<meta property=\"og:image:type\" content=\"image\/jpeg\" \/>\n<meta name=\"author\" content=\"RSHY\" \/>\n<meta name=\"twitter:label1\" content=\"Kirjoittanut\" \/>\n\t<meta name=\"twitter:data1\" content=\"RSHY\" \/>\n\t<meta name=\"twitter:label2\" content=\"Arvioitu lukuaika\" \/>\n\t<meta name=\"twitter:data2\" content=\"3 minuuttia\" \/>\n<script type=\"application\/ld+json\" class=\"yoast-schema-graph\">{\"@context\":\"https:\\\/\\\/schema.org\",\"@graph\":[{\"@type\":\"Article\",\"@id\":\"http:\\\/\\\/www.rukajarvensuunnanhistoriayhdistys.fi\\\/historiayhdistys\\\/suomen-marsalkka-mannerheimin-perinnesaation-sotahistorian-palkinto-pasi-tuunaiselle\\\/#article\",\"isPartOf\":{\"@id\":\"http:\\\/\\\/www.rukajarvensuunnanhistoriayhdistys.fi\\\/historiayhdistys\\\/suomen-marsalkka-mannerheimin-perinnesaation-sotahistorian-palkinto-pasi-tuunaiselle\\\/\"},\"author\":{\"name\":\"RSHY\",\"@id\":\"https:\\\/\\\/www.rukajarvensuunnanhistoriayhdistys.fi\\\/historiayhdistys\\\/#\\\/schema\\\/person\\\/19de7db68bf72dfd2b5d7f6dfbf8454d\"},\"headline\":\"SUOMEN MARSALKKA MANNERHEIMIN PERINNES\u00c4\u00c4TI\u00d6N SOTAHISTORIAN PALKINTO PASI TUUNAISELLE\",\"datePublished\":\"2014-09-29T21:53:25+00:00\",\"dateModified\":\"2014-10-07T18:59:15+00:00\",\"mainEntityOfPage\":{\"@id\":\"http:\\\/\\\/www.rukajarvensuunnanhistoriayhdistys.fi\\\/historiayhdistys\\\/suomen-marsalkka-mannerheimin-perinnesaation-sotahistorian-palkinto-pasi-tuunaiselle\\\/\"},\"wordCount\":702,\"publisher\":{\"@id\":\"https:\\\/\\\/www.rukajarvensuunnanhistoriayhdistys.fi\\\/historiayhdistys\\\/#organization\"},\"image\":{\"@id\":\"http:\\\/\\\/www.rukajarvensuunnanhistoriayhdistys.fi\\\/historiayhdistys\\\/suomen-marsalkka-mannerheimin-perinnesaation-sotahistorian-palkinto-pasi-tuunaiselle\\\/#primaryimage\"},\"thumbnailUrl\":\"http:\\\/\\\/www.rukajarvensuunnanhistoriayhdistys.fi\\\/historiayhdistys\\\/wp-content\\\/uploads\\\/2014\\\/09\\\/Tuunainen-Pasi.jpg\",\"articleSection\":[\"Ajankohtaista\"],\"inLanguage\":\"fi\"},{\"@type\":\"WebPage\",\"@id\":\"http:\\\/\\\/www.rukajarvensuunnanhistoriayhdistys.fi\\\/historiayhdistys\\\/suomen-marsalkka-mannerheimin-perinnesaation-sotahistorian-palkinto-pasi-tuunaiselle\\\/\",\"url\":\"http:\\\/\\\/www.rukajarvensuunnanhistoriayhdistys.fi\\\/historiayhdistys\\\/suomen-marsalkka-mannerheimin-perinnesaation-sotahistorian-palkinto-pasi-tuunaiselle\\\/\",\"name\":\"SUOMEN MARSALKKA MANNERHEIMIN PERINNES\u00c4\u00c4TI\u00d6N SOTAHISTORIAN PALKINTO PASI TUUNAISELLE - Rukaj\u00e4rven suunnan historiayhdistys\",\"isPartOf\":{\"@id\":\"https:\\\/\\\/www.rukajarvensuunnanhistoriayhdistys.fi\\\/historiayhdistys\\\/#website\"},\"primaryImageOfPage\":{\"@id\":\"http:\\\/\\\/www.rukajarvensuunnanhistoriayhdistys.fi\\\/historiayhdistys\\\/suomen-marsalkka-mannerheimin-perinnesaation-sotahistorian-palkinto-pasi-tuunaiselle\\\/#primaryimage\"},\"image\":{\"@id\":\"http:\\\/\\\/www.rukajarvensuunnanhistoriayhdistys.fi\\\/historiayhdistys\\\/suomen-marsalkka-mannerheimin-perinnesaation-sotahistorian-palkinto-pasi-tuunaiselle\\\/#primaryimage\"},\"thumbnailUrl\":\"http:\\\/\\\/www.rukajarvensuunnanhistoriayhdistys.fi\\\/historiayhdistys\\\/wp-content\\\/uploads\\\/2014\\\/09\\\/Tuunainen-Pasi.jpg\",\"datePublished\":\"2014-09-29T21:53:25+00:00\",\"dateModified\":\"2014-10-07T18:59:15+00:00\",\"breadcrumb\":{\"@id\":\"http:\\\/\\\/www.rukajarvensuunnanhistoriayhdistys.fi\\\/historiayhdistys\\\/suomen-marsalkka-mannerheimin-perinnesaation-sotahistorian-palkinto-pasi-tuunaiselle\\\/#breadcrumb\"},\"inLanguage\":\"fi\",\"potentialAction\":[{\"@type\":\"ReadAction\",\"target\":[\"http:\\\/\\\/www.rukajarvensuunnanhistoriayhdistys.fi\\\/historiayhdistys\\\/suomen-marsalkka-mannerheimin-perinnesaation-sotahistorian-palkinto-pasi-tuunaiselle\\\/\"]}]},{\"@type\":\"ImageObject\",\"inLanguage\":\"fi\",\"@id\":\"http:\\\/\\\/www.rukajarvensuunnanhistoriayhdistys.fi\\\/historiayhdistys\\\/suomen-marsalkka-mannerheimin-perinnesaation-sotahistorian-palkinto-pasi-tuunaiselle\\\/#primaryimage\",\"url\":\"http:\\\/\\\/www.rukajarvensuunnanhistoriayhdistys.fi\\\/historiayhdistys\\\/wp-content\\\/uploads\\\/2014\\\/09\\\/Tuunainen-Pasi.jpg\",\"contentUrl\":\"http:\\\/\\\/www.rukajarvensuunnanhistoriayhdistys.fi\\\/historiayhdistys\\\/wp-content\\\/uploads\\\/2014\\\/09\\\/Tuunainen-Pasi.jpg\",\"width\":1632,\"height\":918,\"caption\":\"Kuvassa vasemmalta: Pasi Tuunainen, Olli Harinen, Marja Nordberg, Suomen Marsalkka Mannerheimin perinnes\u00e4\u00e4ti\u00f6n varapuheenjohtaja Pekka Kouri, G\u00f6ran Lindgren ja s\u00e4\u00e4ti\u00f6n puheenjohtaja Sami Sihvo. S\u00e4\u00e4ti\u00f6n my\u00f6nsi varsinaisen sotahistorian palkinnon lis\u00e4ksi my\u00f6s kunniamaininnan Harisen, Lindgrenin ja Erkki Nordbergin kirjoittamalle Talvisodan \u00c4ss\u00e4 \u2013rykmentti \u2013kirjalle. Erkki Nordbergin puolesta palkinnon nouti h\u00e4nen leskens\u00e4 Marja.\"},{\"@type\":\"BreadcrumbList\",\"@id\":\"http:\\\/\\\/www.rukajarvensuunnanhistoriayhdistys.fi\\\/historiayhdistys\\\/suomen-marsalkka-mannerheimin-perinnesaation-sotahistorian-palkinto-pasi-tuunaiselle\\\/#breadcrumb\",\"itemListElement\":[{\"@type\":\"ListItem\",\"position\":1,\"name\":\"Etusivu\",\"item\":\"https:\\\/\\\/www.rukajarvensuunnanhistoriayhdistys.fi\\\/historiayhdistys\\\/\"},{\"@type\":\"ListItem\",\"position\":2,\"name\":\"SUOMEN MARSALKKA MANNERHEIMIN PERINNES\u00c4\u00c4TI\u00d6N SOTAHISTORIAN PALKINTO PASI TUUNAISELLE\"}]},{\"@type\":\"WebSite\",\"@id\":\"https:\\\/\\\/www.rukajarvensuunnanhistoriayhdistys.fi\\\/historiayhdistys\\\/#website\",\"url\":\"https:\\\/\\\/www.rukajarvensuunnanhistoriayhdistys.fi\\\/historiayhdistys\\\/\",\"name\":\"Rukaj\u00e4rven suunnan historiayhdistys\",\"description\":\"Rukaj\u00e4rven suunnan historiayhdistyksen verkkosivut.\",\"publisher\":{\"@id\":\"https:\\\/\\\/www.rukajarvensuunnanhistoriayhdistys.fi\\\/historiayhdistys\\\/#organization\"},\"potentialAction\":[{\"@type\":\"SearchAction\",\"target\":{\"@type\":\"EntryPoint\",\"urlTemplate\":\"https:\\\/\\\/www.rukajarvensuunnanhistoriayhdistys.fi\\\/historiayhdistys\\\/?s={search_term_string}\"},\"query-input\":{\"@type\":\"PropertyValueSpecification\",\"valueRequired\":true,\"valueName\":\"search_term_string\"}}],\"inLanguage\":\"fi\"},{\"@type\":\"Organization\",\"@id\":\"https:\\\/\\\/www.rukajarvensuunnanhistoriayhdistys.fi\\\/historiayhdistys\\\/#organization\",\"name\":\"Rukaj\u00e4rven suunnan historiayhdistys\",\"url\":\"https:\\\/\\\/www.rukajarvensuunnanhistoriayhdistys.fi\\\/historiayhdistys\\\/\",\"logo\":{\"@type\":\"ImageObject\",\"inLanguage\":\"fi\",\"@id\":\"https:\\\/\\\/www.rukajarvensuunnanhistoriayhdistys.fi\\\/historiayhdistys\\\/#\\\/schema\\\/logo\\\/image\\\/\",\"url\":\"http:\\\/\\\/www.rukajarvensuunnanhistoriayhdistys.fi\\\/historiayhdistys\\\/wp-content\\\/uploads\\\/2013\\\/12\\\/Otsake_3.jpg\",\"contentUrl\":\"http:\\\/\\\/www.rukajarvensuunnanhistoriayhdistys.fi\\\/historiayhdistys\\\/wp-content\\\/uploads\\\/2013\\\/12\\\/Otsake_3.jpg\",\"width\":1000,\"height\":442,\"caption\":\"Rukaj\u00e4rven suunnan historiayhdistys\"},\"image\":{\"@id\":\"https:\\\/\\\/www.rukajarvensuunnanhistoriayhdistys.fi\\\/historiayhdistys\\\/#\\\/schema\\\/logo\\\/image\\\/\"}},{\"@type\":\"Person\",\"@id\":\"https:\\\/\\\/www.rukajarvensuunnanhistoriayhdistys.fi\\\/historiayhdistys\\\/#\\\/schema\\\/person\\\/19de7db68bf72dfd2b5d7f6dfbf8454d\",\"name\":\"RSHY\",\"image\":{\"@type\":\"ImageObject\",\"inLanguage\":\"fi\",\"@id\":\"https:\\\/\\\/secure.gravatar.com\\\/avatar\\\/598d59263a69cc8de65fcb4f9db78d6f58c098cb0e0ba22d73377441af9fa04c?s=96&d=blank&r=g\",\"url\":\"https:\\\/\\\/secure.gravatar.com\\\/avatar\\\/598d59263a69cc8de65fcb4f9db78d6f58c098cb0e0ba22d73377441af9fa04c?s=96&d=blank&r=g\",\"contentUrl\":\"https:\\\/\\\/secure.gravatar.com\\\/avatar\\\/598d59263a69cc8de65fcb4f9db78d6f58c098cb0e0ba22d73377441af9fa04c?s=96&d=blank&r=g\",\"caption\":\"RSHY\"},\"url\":\"http:\\\/\\\/www.rukajarvensuunnanhistoriayhdistys.fi\\\/historiayhdistys\\\/author\\\/rshy\\\/\"}]}<\/script>\n<!-- \/ Yoast SEO plugin. -->","yoast_head_json":{"title":"SUOMEN MARSALKKA MANNERHEIMIN PERINNES\u00c4\u00c4TI\u00d6N SOTAHISTORIAN PALKINTO PASI TUUNAISELLE  - Rukaj\u00e4rven suunnan historiayhdistys","robots":{"index":"index","follow":"follow","max-snippet":"max-snippet:-1","max-image-preview":"max-image-preview:large","max-video-preview":"max-video-preview:-1"},"canonical":"http:\/\/www.rukajarvensuunnanhistoriayhdistys.fi\/historiayhdistys\/suomen-marsalkka-mannerheimin-perinnesaation-sotahistorian-palkinto-pasi-tuunaiselle\/","og_locale":"fi_FI","og_type":"article","og_title":"SUOMEN MARSALKKA MANNERHEIMIN PERINNES\u00c4\u00c4TI\u00d6N SOTAHISTORIAN PALKINTO PASI TUUNAISELLE  - Rukaj\u00e4rven suunnan historiayhdistys","og_description":"Suomen Marsalkka Mannerheimin perinnes\u00e4\u00e4ti\u00f6n joka toinen vuosi jakama sotahistorian palkinto on my\u00f6nnetty FT Pasi Tuunaiselle h\u00e4nen kirjastaan Tahtojen taisto. Palkinnon suuruus on 5.000 euroa ja se my\u00f6nnettiin nyt viidennen kerran. Teksti jatkuu...SUOMEN MARSALKKA MANNERHEIMIN PERINNES\u00c4\u00c4TI\u00d6N SOTAHISTORIAN PALKINTO PASI TUUNAISELLE\u2192","og_url":"http:\/\/www.rukajarvensuunnanhistoriayhdistys.fi\/historiayhdistys\/suomen-marsalkka-mannerheimin-perinnesaation-sotahistorian-palkinto-pasi-tuunaiselle\/","og_site_name":"Rukaj\u00e4rven suunnan historiayhdistys","article_published_time":"2014-09-29T21:53:25+00:00","article_modified_time":"2014-10-07T18:59:15+00:00","og_image":[{"width":1632,"height":918,"url":"http:\/\/www.rukajarvensuunnanhistoriayhdistys.fi\/historiayhdistys\/wp-content\/uploads\/2014\/09\/Tuunainen-Pasi.jpg","type":"image\/jpeg"}],"author":"RSHY","twitter_misc":{"Kirjoittanut":"RSHY","Arvioitu lukuaika":"3 minuuttia"},"schema":{"@context":"https:\/\/schema.org","@graph":[{"@type":"Article","@id":"http:\/\/www.rukajarvensuunnanhistoriayhdistys.fi\/historiayhdistys\/suomen-marsalkka-mannerheimin-perinnesaation-sotahistorian-palkinto-pasi-tuunaiselle\/#article","isPartOf":{"@id":"http:\/\/www.rukajarvensuunnanhistoriayhdistys.fi\/historiayhdistys\/suomen-marsalkka-mannerheimin-perinnesaation-sotahistorian-palkinto-pasi-tuunaiselle\/"},"author":{"name":"RSHY","@id":"https:\/\/www.rukajarvensuunnanhistoriayhdistys.fi\/historiayhdistys\/#\/schema\/person\/19de7db68bf72dfd2b5d7f6dfbf8454d"},"headline":"SUOMEN MARSALKKA MANNERHEIMIN PERINNES\u00c4\u00c4TI\u00d6N SOTAHISTORIAN PALKINTO PASI TUUNAISELLE","datePublished":"2014-09-29T21:53:25+00:00","dateModified":"2014-10-07T18:59:15+00:00","mainEntityOfPage":{"@id":"http:\/\/www.rukajarvensuunnanhistoriayhdistys.fi\/historiayhdistys\/suomen-marsalkka-mannerheimin-perinnesaation-sotahistorian-palkinto-pasi-tuunaiselle\/"},"wordCount":702,"publisher":{"@id":"https:\/\/www.rukajarvensuunnanhistoriayhdistys.fi\/historiayhdistys\/#organization"},"image":{"@id":"http:\/\/www.rukajarvensuunnanhistoriayhdistys.fi\/historiayhdistys\/suomen-marsalkka-mannerheimin-perinnesaation-sotahistorian-palkinto-pasi-tuunaiselle\/#primaryimage"},"thumbnailUrl":"http:\/\/www.rukajarvensuunnanhistoriayhdistys.fi\/historiayhdistys\/wp-content\/uploads\/2014\/09\/Tuunainen-Pasi.jpg","articleSection":["Ajankohtaista"],"inLanguage":"fi"},{"@type":"WebPage","@id":"http:\/\/www.rukajarvensuunnanhistoriayhdistys.fi\/historiayhdistys\/suomen-marsalkka-mannerheimin-perinnesaation-sotahistorian-palkinto-pasi-tuunaiselle\/","url":"http:\/\/www.rukajarvensuunnanhistoriayhdistys.fi\/historiayhdistys\/suomen-marsalkka-mannerheimin-perinnesaation-sotahistorian-palkinto-pasi-tuunaiselle\/","name":"SUOMEN MARSALKKA MANNERHEIMIN PERINNES\u00c4\u00c4TI\u00d6N SOTAHISTORIAN PALKINTO PASI TUUNAISELLE - Rukaj\u00e4rven suunnan historiayhdistys","isPartOf":{"@id":"https:\/\/www.rukajarvensuunnanhistoriayhdistys.fi\/historiayhdistys\/#website"},"primaryImageOfPage":{"@id":"http:\/\/www.rukajarvensuunnanhistoriayhdistys.fi\/historiayhdistys\/suomen-marsalkka-mannerheimin-perinnesaation-sotahistorian-palkinto-pasi-tuunaiselle\/#primaryimage"},"image":{"@id":"http:\/\/www.rukajarvensuunnanhistoriayhdistys.fi\/historiayhdistys\/suomen-marsalkka-mannerheimin-perinnesaation-sotahistorian-palkinto-pasi-tuunaiselle\/#primaryimage"},"thumbnailUrl":"http:\/\/www.rukajarvensuunnanhistoriayhdistys.fi\/historiayhdistys\/wp-content\/uploads\/2014\/09\/Tuunainen-Pasi.jpg","datePublished":"2014-09-29T21:53:25+00:00","dateModified":"2014-10-07T18:59:15+00:00","breadcrumb":{"@id":"http:\/\/www.rukajarvensuunnanhistoriayhdistys.fi\/historiayhdistys\/suomen-marsalkka-mannerheimin-perinnesaation-sotahistorian-palkinto-pasi-tuunaiselle\/#breadcrumb"},"inLanguage":"fi","potentialAction":[{"@type":"ReadAction","target":["http:\/\/www.rukajarvensuunnanhistoriayhdistys.fi\/historiayhdistys\/suomen-marsalkka-mannerheimin-perinnesaation-sotahistorian-palkinto-pasi-tuunaiselle\/"]}]},{"@type":"ImageObject","inLanguage":"fi","@id":"http:\/\/www.rukajarvensuunnanhistoriayhdistys.fi\/historiayhdistys\/suomen-marsalkka-mannerheimin-perinnesaation-sotahistorian-palkinto-pasi-tuunaiselle\/#primaryimage","url":"http:\/\/www.rukajarvensuunnanhistoriayhdistys.fi\/historiayhdistys\/wp-content\/uploads\/2014\/09\/Tuunainen-Pasi.jpg","contentUrl":"http:\/\/www.rukajarvensuunnanhistoriayhdistys.fi\/historiayhdistys\/wp-content\/uploads\/2014\/09\/Tuunainen-Pasi.jpg","width":1632,"height":918,"caption":"Kuvassa vasemmalta: Pasi Tuunainen, Olli Harinen, Marja Nordberg, Suomen Marsalkka Mannerheimin perinnes\u00e4\u00e4ti\u00f6n varapuheenjohtaja Pekka Kouri, G\u00f6ran Lindgren ja s\u00e4\u00e4ti\u00f6n puheenjohtaja Sami Sihvo. S\u00e4\u00e4ti\u00f6n my\u00f6nsi varsinaisen sotahistorian palkinnon lis\u00e4ksi my\u00f6s kunniamaininnan Harisen, Lindgrenin ja Erkki Nordbergin kirjoittamalle Talvisodan \u00c4ss\u00e4 \u2013rykmentti \u2013kirjalle. Erkki Nordbergin puolesta palkinnon nouti h\u00e4nen leskens\u00e4 Marja."},{"@type":"BreadcrumbList","@id":"http:\/\/www.rukajarvensuunnanhistoriayhdistys.fi\/historiayhdistys\/suomen-marsalkka-mannerheimin-perinnesaation-sotahistorian-palkinto-pasi-tuunaiselle\/#breadcrumb","itemListElement":[{"@type":"ListItem","position":1,"name":"Etusivu","item":"https:\/\/www.rukajarvensuunnanhistoriayhdistys.fi\/historiayhdistys\/"},{"@type":"ListItem","position":2,"name":"SUOMEN MARSALKKA MANNERHEIMIN PERINNES\u00c4\u00c4TI\u00d6N SOTAHISTORIAN PALKINTO PASI TUUNAISELLE"}]},{"@type":"WebSite","@id":"https:\/\/www.rukajarvensuunnanhistoriayhdistys.fi\/historiayhdistys\/#website","url":"https:\/\/www.rukajarvensuunnanhistoriayhdistys.fi\/historiayhdistys\/","name":"Rukaj\u00e4rven suunnan historiayhdistys","description":"Rukaj\u00e4rven suunnan historiayhdistyksen verkkosivut.","publisher":{"@id":"https:\/\/www.rukajarvensuunnanhistoriayhdistys.fi\/historiayhdistys\/#organization"},"potentialAction":[{"@type":"SearchAction","target":{"@type":"EntryPoint","urlTemplate":"https:\/\/www.rukajarvensuunnanhistoriayhdistys.fi\/historiayhdistys\/?s={search_term_string}"},"query-input":{"@type":"PropertyValueSpecification","valueRequired":true,"valueName":"search_term_string"}}],"inLanguage":"fi"},{"@type":"Organization","@id":"https:\/\/www.rukajarvensuunnanhistoriayhdistys.fi\/historiayhdistys\/#organization","name":"Rukaj\u00e4rven suunnan historiayhdistys","url":"https:\/\/www.rukajarvensuunnanhistoriayhdistys.fi\/historiayhdistys\/","logo":{"@type":"ImageObject","inLanguage":"fi","@id":"https:\/\/www.rukajarvensuunnanhistoriayhdistys.fi\/historiayhdistys\/#\/schema\/logo\/image\/","url":"http:\/\/www.rukajarvensuunnanhistoriayhdistys.fi\/historiayhdistys\/wp-content\/uploads\/2013\/12\/Otsake_3.jpg","contentUrl":"http:\/\/www.rukajarvensuunnanhistoriayhdistys.fi\/historiayhdistys\/wp-content\/uploads\/2013\/12\/Otsake_3.jpg","width":1000,"height":442,"caption":"Rukaj\u00e4rven suunnan historiayhdistys"},"image":{"@id":"https:\/\/www.rukajarvensuunnanhistoriayhdistys.fi\/historiayhdistys\/#\/schema\/logo\/image\/"}},{"@type":"Person","@id":"https:\/\/www.rukajarvensuunnanhistoriayhdistys.fi\/historiayhdistys\/#\/schema\/person\/19de7db68bf72dfd2b5d7f6dfbf8454d","name":"RSHY","image":{"@type":"ImageObject","inLanguage":"fi","@id":"https:\/\/secure.gravatar.com\/avatar\/598d59263a69cc8de65fcb4f9db78d6f58c098cb0e0ba22d73377441af9fa04c?s=96&d=blank&r=g","url":"https:\/\/secure.gravatar.com\/avatar\/598d59263a69cc8de65fcb4f9db78d6f58c098cb0e0ba22d73377441af9fa04c?s=96&d=blank&r=g","contentUrl":"https:\/\/secure.gravatar.com\/avatar\/598d59263a69cc8de65fcb4f9db78d6f58c098cb0e0ba22d73377441af9fa04c?s=96&d=blank&r=g","caption":"RSHY"},"url":"http:\/\/www.rukajarvensuunnanhistoriayhdistys.fi\/historiayhdistys\/author\/rshy\/"}]}},"_links":{"self":[{"href":"http:\/\/www.rukajarvensuunnanhistoriayhdistys.fi\/historiayhdistys\/wp-json\/wp\/v2\/posts\/9229","targetHints":{"allow":["GET"]}}],"collection":[{"href":"http:\/\/www.rukajarvensuunnanhistoriayhdistys.fi\/historiayhdistys\/wp-json\/wp\/v2\/posts"}],"about":[{"href":"http:\/\/www.rukajarvensuunnanhistoriayhdistys.fi\/historiayhdistys\/wp-json\/wp\/v2\/types\/post"}],"author":[{"embeddable":true,"href":"http:\/\/www.rukajarvensuunnanhistoriayhdistys.fi\/historiayhdistys\/wp-json\/wp\/v2\/users\/3"}],"replies":[{"embeddable":true,"href":"http:\/\/www.rukajarvensuunnanhistoriayhdistys.fi\/historiayhdistys\/wp-json\/wp\/v2\/comments?post=9229"}],"version-history":[{"count":2,"href":"http:\/\/www.rukajarvensuunnanhistoriayhdistys.fi\/historiayhdistys\/wp-json\/wp\/v2\/posts\/9229\/revisions"}],"predecessor-version":[{"id":9232,"href":"http:\/\/www.rukajarvensuunnanhistoriayhdistys.fi\/historiayhdistys\/wp-json\/wp\/v2\/posts\/9229\/revisions\/9232"}],"wp:featuredmedia":[{"embeddable":true,"href":"http:\/\/www.rukajarvensuunnanhistoriayhdistys.fi\/historiayhdistys\/wp-json\/wp\/v2\/media\/9230"}],"wp:attachment":[{"href":"http:\/\/www.rukajarvensuunnanhistoriayhdistys.fi\/historiayhdistys\/wp-json\/wp\/v2\/media?parent=9229"}],"wp:term":[{"taxonomy":"category","embeddable":true,"href":"http:\/\/www.rukajarvensuunnanhistoriayhdistys.fi\/historiayhdistys\/wp-json\/wp\/v2\/categories?post=9229"},{"taxonomy":"post_tag","embeddable":true,"href":"http:\/\/www.rukajarvensuunnanhistoriayhdistys.fi\/historiayhdistys\/wp-json\/wp\/v2\/tags?post=9229"}],"curies":[{"name":"wp","href":"https:\/\/api.w.org\/{rel}","templated":true}]}}