{"id":9234,"date":"2014-09-30T01:49:26","date_gmt":"2014-09-29T22:49:26","guid":{"rendered":"http:\/\/www.rukajarvensuunnanhistoriayhdistys.fi\/historiayhdistys\/?p=9234"},"modified":"2014-10-07T21:58:32","modified_gmt":"2014-10-07T18:58:32","slug":"rautahermoiset-ammattilaiset-palkittiin","status":"publish","type":"post","link":"http:\/\/www.rukajarvensuunnanhistoriayhdistys.fi\/historiayhdistys\/rautahermoiset-ammattilaiset-palkittiin\/","title":{"rendered":"Rautahermoiset ammattilaiset palkittiin"},"content":{"rendered":"<div class=\"fcbkbttn_buttons_block\" id=\"fcbkbttn_left\"><div class=\"fcbkbttn_like \"><fb:like href=\"http:\/\/www.rukajarvensuunnanhistoriayhdistys.fi\/historiayhdistys\/rautahermoiset-ammattilaiset-palkittiin\/\" action=\"like\" colorscheme=\"light\" layout=\"button_count\"  size=\"small\"><\/fb:like><\/div><\/div><p>Rukaj\u00e4rven suunnan historiayhdistys j\u00e4rjesti Iisalmen Rukaj\u00e4rvi-keskuksessa tilaisuuden, jossa selviteltiin mit\u00e4 todellisuudessa 3.-4.9.2014 tapahtui ja miten rikkoutunut juhlajuna saatiin lopulta liikennekuntoon.<\/p>\n<p>Rautahermoiset ammattilaiset, veturinkuljettajat Kari Veps\u00e4l\u00e4inen ja Reijo Sarantila sek\u00e4 laakerinvalajat Ari Isopuosu, Iiro Hirvensalo, Kari-Pekka Tenhunen sek\u00e4 Matti Husso ja Rene Veps\u00e4l\u00e4inen ja my\u00f6s Tapani Laaksomies oli kutsuttu tilaisuuteen, jossa tuon y\u00f6nseudun tunnelmia ja tapahtumia kerrattiin &#8211; jokainen vuorollaan. Kaikki eiv\u00e4t p\u00e4\u00e4sseet tilaisuuteen paikalle.<\/p>\n<figure id=\"attachment_9235\" aria-describedby=\"caption-attachment-9235\" style=\"width: 1754px\" class=\"wp-caption alignnone\"><a href=\"http:\/\/www.rukajarvensuunnanhistoriayhdistys.fi\/historiayhdistys\/wp-content\/uploads\/2014\/09\/Rautahermoiset-ammattilaiset.jpg\"><img loading=\"lazy\" decoding=\"async\" class=\"wp-image-9235 size-full\" src=\"http:\/\/www.rukajarvensuunnanhistoriayhdistys.fi\/historiayhdistys\/wp-content\/uploads\/2014\/09\/Rautahermoiset-ammattilaiset.jpg\" alt=\"Yhdistyksen edustajat Tauno Oksanen, Tenho Tikkanen ja Ari Komulainen luovuttivat Rautahermoisille ammattilaisille yhdistyksen standaarin.  Vasemmalta Matti Husso, Kari Veps\u00e4l\u00e4inen, Rene Veps\u00e4l\u00e4inen, Reijo Sarantila, Ari Isopuossu standaarit k\u00e4sess\u00e4\u00e4n.\" width=\"1754\" height=\"1240\" data-id=\"9235\" srcset=\"http:\/\/www.rukajarvensuunnanhistoriayhdistys.fi\/historiayhdistys\/wp-content\/uploads\/2014\/09\/Rautahermoiset-ammattilaiset.jpg 1754w, http:\/\/www.rukajarvensuunnanhistoriayhdistys.fi\/historiayhdistys\/wp-content\/uploads\/2014\/09\/Rautahermoiset-ammattilaiset-300x212.jpg 300w, http:\/\/www.rukajarvensuunnanhistoriayhdistys.fi\/historiayhdistys\/wp-content\/uploads\/2014\/09\/Rautahermoiset-ammattilaiset-1024x723.jpg 1024w\" sizes=\"auto, (max-width: 1754px) 100vw, 1754px\" \/><\/a><figcaption id=\"caption-attachment-9235\" class=\"wp-caption-text\">Yhdistyksen edustajat Tauno Oksanen, Tenho Tikkanen ja Ari Komulainen luovuttivat Rautahermoisille ammattilaisille yhdistyksen standaarin. Vasemmalta Matti Husso, Kari Veps\u00e4l\u00e4inen, Rene Veps\u00e4l\u00e4inen, Reijo Sarantila, Ari Isopuossu standaarit k\u00e4sess\u00e4\u00e4n.<\/figcaption><\/figure>\n<p>Yhdistyksen puheenjohtaja kiitteli yhteiseen hiileen puhaltaneita kaveruksia, joiden\u00a0 mieless\u00e4 oli vain yksi asia. Veteraanien juhlajuna pit\u00e4\u00e4 saada liikkeelle, ja kunniakansalaisille pit\u00e4\u00e4 tarjota ikimuistoinen juhlamatka.<\/p>\n<p>Kiitospuheessaan yhdistyksen puheenjohtaja Tenho Tikkanen lausui mm.: &#8211; N\u00e4iden miesten kanssa rohkenisi l\u00e4hte\u00e4 vihollisen selustaan, heill\u00e4 kaikilla on korkea paineensietokyky ja he pystyv\u00e4t s\u00e4ilytt\u00e4m\u00e4\u00e4n toimintakykyns\u00e4 vaikeissa oloissa, jotta yhteinen tavoite toteutuu.\u00a0Laakerinvalu lienee tapahtunut Suomen enn\u00e4tysajassa ja tuskin sodanaikanakaan pystyttiin samanlaiseen suoritukseen.\u00a0N\u00e4it\u00e4 miehi\u00e4 Suomi t\u00e4n\u00e4 p\u00e4iv\u00e4n\u00e4 tarvitsee, p\u00e4\u00e4tteli Tikkanen.<\/p>\n<p>Tilaisuuteen oli saapunut kuutisenkymment\u00e4 kuulijaa.<\/p>\n<p>&nbsp;<\/p>\n","protected":false},"excerpt":{"rendered":"<p>Rukaj\u00e4rven suunnan historiayhdistys j\u00e4rjesti Iisalmen Rukaj\u00e4rvi-keskuksessa tilaisuuden, jossa selviteltiin mit\u00e4 todellisuudessa 3.-4.9.2014 tapahtui ja miten rikkoutunut juhlajuna saatiin lopulta liikennekuntoon. Rautahermoiset ammattilaiset, veturinkuljettajat Kari Veps\u00e4l\u00e4inen ja Reijo Sarantila sek\u00e4 laakerinvalajat <a class=\"more-link\" href=\"http:\/\/www.rukajarvensuunnanhistoriayhdistys.fi\/historiayhdistys\/rautahermoiset-ammattilaiset-palkittiin\/\">Teksti jatkuu&#8230;<span class=\"screen-reader-text\">Rautahermoiset ammattilaiset palkittiin<\/span><span class=\"meta-nav\">\u2192<\/span><\/a><\/p>\n","protected":false},"author":3,"featured_media":9235,"comment_status":"closed","ping_status":"open","sticky":false,"template":"","format":"standard","meta":{"footnotes":""},"categories":[22],"tags":[],"class_list":["post-9234","post","type-post","status-publish","format-standard","has-post-thumbnail","hentry","category-ajankohtaista"],"yoast_head":"<!-- This site is optimized with the Yoast SEO plugin v27.4 - https:\/\/yoast.com\/product\/yoast-seo-wordpress\/ -->\n<title>Rautahermoiset ammattilaiset palkittiin - Rukaj\u00e4rven suunnan historiayhdistys<\/title>\n<meta name=\"robots\" content=\"index, follow, max-snippet:-1, max-image-preview:large, max-video-preview:-1\" \/>\n<link rel=\"canonical\" href=\"http:\/\/www.rukajarvensuunnanhistoriayhdistys.fi\/historiayhdistys\/rautahermoiset-ammattilaiset-palkittiin\/\" \/>\n<meta property=\"og:locale\" content=\"fi_FI\" \/>\n<meta property=\"og:type\" content=\"article\" \/>\n<meta property=\"og:title\" content=\"Rautahermoiset ammattilaiset palkittiin - Rukaj\u00e4rven suunnan historiayhdistys\" \/>\n<meta property=\"og:description\" content=\"Rukaj\u00e4rven suunnan historiayhdistys j\u00e4rjesti Iisalmen Rukaj\u00e4rvi-keskuksessa tilaisuuden, jossa selviteltiin mit\u00e4 todellisuudessa 3.-4.9.2014 tapahtui ja miten rikkoutunut juhlajuna saatiin lopulta liikennekuntoon. Rautahermoiset ammattilaiset, veturinkuljettajat Kari Veps\u00e4l\u00e4inen ja Reijo Sarantila sek\u00e4 laakerinvalajat Teksti jatkuu...Rautahermoiset ammattilaiset palkittiin\u2192\" \/>\n<meta property=\"og:url\" content=\"http:\/\/www.rukajarvensuunnanhistoriayhdistys.fi\/historiayhdistys\/rautahermoiset-ammattilaiset-palkittiin\/\" \/>\n<meta property=\"og:site_name\" content=\"Rukaj\u00e4rven suunnan historiayhdistys\" \/>\n<meta property=\"article:published_time\" content=\"2014-09-29T22:49:26+00:00\" \/>\n<meta property=\"article:modified_time\" content=\"2014-10-07T18:58:32+00:00\" \/>\n<meta property=\"og:image\" content=\"http:\/\/www.rukajarvensuunnanhistoriayhdistys.fi\/historiayhdistys\/wp-content\/uploads\/2014\/09\/Rautahermoiset-ammattilaiset.jpg\" \/>\n\t<meta property=\"og:image:width\" content=\"1754\" \/>\n\t<meta property=\"og:image:height\" content=\"1240\" \/>\n\t<meta property=\"og:image:type\" content=\"image\/jpeg\" \/>\n<meta name=\"author\" content=\"RSHY\" \/>\n<meta name=\"twitter:label1\" content=\"Kirjoittanut\" \/>\n\t<meta name=\"twitter:data1\" content=\"RSHY\" \/>\n\t<meta name=\"twitter:label2\" content=\"Arvioitu lukuaika\" \/>\n\t<meta name=\"twitter:data2\" content=\"1 minuutti\" \/>\n<script type=\"application\/ld+json\" class=\"yoast-schema-graph\">{\"@context\":\"https:\\\/\\\/schema.org\",\"@graph\":[{\"@type\":\"Article\",\"@id\":\"http:\\\/\\\/www.rukajarvensuunnanhistoriayhdistys.fi\\\/historiayhdistys\\\/rautahermoiset-ammattilaiset-palkittiin\\\/#article\",\"isPartOf\":{\"@id\":\"http:\\\/\\\/www.rukajarvensuunnanhistoriayhdistys.fi\\\/historiayhdistys\\\/rautahermoiset-ammattilaiset-palkittiin\\\/\"},\"author\":{\"name\":\"RSHY\",\"@id\":\"https:\\\/\\\/www.rukajarvensuunnanhistoriayhdistys.fi\\\/historiayhdistys\\\/#\\\/schema\\\/person\\\/19de7db68bf72dfd2b5d7f6dfbf8454d\"},\"headline\":\"Rautahermoiset ammattilaiset palkittiin\",\"datePublished\":\"2014-09-29T22:49:26+00:00\",\"dateModified\":\"2014-10-07T18:58:32+00:00\",\"mainEntityOfPage\":{\"@id\":\"http:\\\/\\\/www.rukajarvensuunnanhistoriayhdistys.fi\\\/historiayhdistys\\\/rautahermoiset-ammattilaiset-palkittiin\\\/\"},\"wordCount\":210,\"publisher\":{\"@id\":\"https:\\\/\\\/www.rukajarvensuunnanhistoriayhdistys.fi\\\/historiayhdistys\\\/#organization\"},\"image\":{\"@id\":\"http:\\\/\\\/www.rukajarvensuunnanhistoriayhdistys.fi\\\/historiayhdistys\\\/rautahermoiset-ammattilaiset-palkittiin\\\/#primaryimage\"},\"thumbnailUrl\":\"http:\\\/\\\/www.rukajarvensuunnanhistoriayhdistys.fi\\\/historiayhdistys\\\/wp-content\\\/uploads\\\/2014\\\/09\\\/Rautahermoiset-ammattilaiset.jpg\",\"articleSection\":[\"Ajankohtaista\"],\"inLanguage\":\"fi\"},{\"@type\":\"WebPage\",\"@id\":\"http:\\\/\\\/www.rukajarvensuunnanhistoriayhdistys.fi\\\/historiayhdistys\\\/rautahermoiset-ammattilaiset-palkittiin\\\/\",\"url\":\"http:\\\/\\\/www.rukajarvensuunnanhistoriayhdistys.fi\\\/historiayhdistys\\\/rautahermoiset-ammattilaiset-palkittiin\\\/\",\"name\":\"Rautahermoiset ammattilaiset palkittiin - Rukaj\u00e4rven suunnan historiayhdistys\",\"isPartOf\":{\"@id\":\"https:\\\/\\\/www.rukajarvensuunnanhistoriayhdistys.fi\\\/historiayhdistys\\\/#website\"},\"primaryImageOfPage\":{\"@id\":\"http:\\\/\\\/www.rukajarvensuunnanhistoriayhdistys.fi\\\/historiayhdistys\\\/rautahermoiset-ammattilaiset-palkittiin\\\/#primaryimage\"},\"image\":{\"@id\":\"http:\\\/\\\/www.rukajarvensuunnanhistoriayhdistys.fi\\\/historiayhdistys\\\/rautahermoiset-ammattilaiset-palkittiin\\\/#primaryimage\"},\"thumbnailUrl\":\"http:\\\/\\\/www.rukajarvensuunnanhistoriayhdistys.fi\\\/historiayhdistys\\\/wp-content\\\/uploads\\\/2014\\\/09\\\/Rautahermoiset-ammattilaiset.jpg\",\"datePublished\":\"2014-09-29T22:49:26+00:00\",\"dateModified\":\"2014-10-07T18:58:32+00:00\",\"breadcrumb\":{\"@id\":\"http:\\\/\\\/www.rukajarvensuunnanhistoriayhdistys.fi\\\/historiayhdistys\\\/rautahermoiset-ammattilaiset-palkittiin\\\/#breadcrumb\"},\"inLanguage\":\"fi\",\"potentialAction\":[{\"@type\":\"ReadAction\",\"target\":[\"http:\\\/\\\/www.rukajarvensuunnanhistoriayhdistys.fi\\\/historiayhdistys\\\/rautahermoiset-ammattilaiset-palkittiin\\\/\"]}]},{\"@type\":\"ImageObject\",\"inLanguage\":\"fi\",\"@id\":\"http:\\\/\\\/www.rukajarvensuunnanhistoriayhdistys.fi\\\/historiayhdistys\\\/rautahermoiset-ammattilaiset-palkittiin\\\/#primaryimage\",\"url\":\"http:\\\/\\\/www.rukajarvensuunnanhistoriayhdistys.fi\\\/historiayhdistys\\\/wp-content\\\/uploads\\\/2014\\\/09\\\/Rautahermoiset-ammattilaiset.jpg\",\"contentUrl\":\"http:\\\/\\\/www.rukajarvensuunnanhistoriayhdistys.fi\\\/historiayhdistys\\\/wp-content\\\/uploads\\\/2014\\\/09\\\/Rautahermoiset-ammattilaiset.jpg\",\"width\":1754,\"height\":1240,\"caption\":\"Yhdistyksen edustajat Tauno Oksanen, Tenho Tikkanen ja Ari Komulainen luovuttivat Rautahermoisille ammattilaisille yhdistyksen standaarin. Vasemmalta Matti Husso, Kari Veps\u00e4l\u00e4inen, Rene Veps\u00e4l\u00e4inen, Reijo Sarantila, Ari Isopuossu standaarit k\u00e4sess\u00e4\u00e4n.\"},{\"@type\":\"BreadcrumbList\",\"@id\":\"http:\\\/\\\/www.rukajarvensuunnanhistoriayhdistys.fi\\\/historiayhdistys\\\/rautahermoiset-ammattilaiset-palkittiin\\\/#breadcrumb\",\"itemListElement\":[{\"@type\":\"ListItem\",\"position\":1,\"name\":\"Etusivu\",\"item\":\"https:\\\/\\\/www.rukajarvensuunnanhistoriayhdistys.fi\\\/historiayhdistys\\\/\"},{\"@type\":\"ListItem\",\"position\":2,\"name\":\"Rautahermoiset ammattilaiset palkittiin\"}]},{\"@type\":\"WebSite\",\"@id\":\"https:\\\/\\\/www.rukajarvensuunnanhistoriayhdistys.fi\\\/historiayhdistys\\\/#website\",\"url\":\"https:\\\/\\\/www.rukajarvensuunnanhistoriayhdistys.fi\\\/historiayhdistys\\\/\",\"name\":\"Rukaj\u00e4rven suunnan historiayhdistys\",\"description\":\"Rukaj\u00e4rven suunnan historiayhdistyksen verkkosivut.\",\"publisher\":{\"@id\":\"https:\\\/\\\/www.rukajarvensuunnanhistoriayhdistys.fi\\\/historiayhdistys\\\/#organization\"},\"potentialAction\":[{\"@type\":\"SearchAction\",\"target\":{\"@type\":\"EntryPoint\",\"urlTemplate\":\"https:\\\/\\\/www.rukajarvensuunnanhistoriayhdistys.fi\\\/historiayhdistys\\\/?s={search_term_string}\"},\"query-input\":{\"@type\":\"PropertyValueSpecification\",\"valueRequired\":true,\"valueName\":\"search_term_string\"}}],\"inLanguage\":\"fi\"},{\"@type\":\"Organization\",\"@id\":\"https:\\\/\\\/www.rukajarvensuunnanhistoriayhdistys.fi\\\/historiayhdistys\\\/#organization\",\"name\":\"Rukaj\u00e4rven suunnan historiayhdistys\",\"url\":\"https:\\\/\\\/www.rukajarvensuunnanhistoriayhdistys.fi\\\/historiayhdistys\\\/\",\"logo\":{\"@type\":\"ImageObject\",\"inLanguage\":\"fi\",\"@id\":\"https:\\\/\\\/www.rukajarvensuunnanhistoriayhdistys.fi\\\/historiayhdistys\\\/#\\\/schema\\\/logo\\\/image\\\/\",\"url\":\"http:\\\/\\\/www.rukajarvensuunnanhistoriayhdistys.fi\\\/historiayhdistys\\\/wp-content\\\/uploads\\\/2013\\\/12\\\/Otsake_3.jpg\",\"contentUrl\":\"http:\\\/\\\/www.rukajarvensuunnanhistoriayhdistys.fi\\\/historiayhdistys\\\/wp-content\\\/uploads\\\/2013\\\/12\\\/Otsake_3.jpg\",\"width\":1000,\"height\":442,\"caption\":\"Rukaj\u00e4rven suunnan historiayhdistys\"},\"image\":{\"@id\":\"https:\\\/\\\/www.rukajarvensuunnanhistoriayhdistys.fi\\\/historiayhdistys\\\/#\\\/schema\\\/logo\\\/image\\\/\"}},{\"@type\":\"Person\",\"@id\":\"https:\\\/\\\/www.rukajarvensuunnanhistoriayhdistys.fi\\\/historiayhdistys\\\/#\\\/schema\\\/person\\\/19de7db68bf72dfd2b5d7f6dfbf8454d\",\"name\":\"RSHY\",\"image\":{\"@type\":\"ImageObject\",\"inLanguage\":\"fi\",\"@id\":\"https:\\\/\\\/secure.gravatar.com\\\/avatar\\\/598d59263a69cc8de65fcb4f9db78d6f58c098cb0e0ba22d73377441af9fa04c?s=96&d=blank&r=g\",\"url\":\"https:\\\/\\\/secure.gravatar.com\\\/avatar\\\/598d59263a69cc8de65fcb4f9db78d6f58c098cb0e0ba22d73377441af9fa04c?s=96&d=blank&r=g\",\"contentUrl\":\"https:\\\/\\\/secure.gravatar.com\\\/avatar\\\/598d59263a69cc8de65fcb4f9db78d6f58c098cb0e0ba22d73377441af9fa04c?s=96&d=blank&r=g\",\"caption\":\"RSHY\"},\"url\":\"http:\\\/\\\/www.rukajarvensuunnanhistoriayhdistys.fi\\\/historiayhdistys\\\/author\\\/rshy\\\/\"}]}<\/script>\n<!-- \/ Yoast SEO plugin. -->","yoast_head_json":{"title":"Rautahermoiset ammattilaiset palkittiin - Rukaj\u00e4rven suunnan historiayhdistys","robots":{"index":"index","follow":"follow","max-snippet":"max-snippet:-1","max-image-preview":"max-image-preview:large","max-video-preview":"max-video-preview:-1"},"canonical":"http:\/\/www.rukajarvensuunnanhistoriayhdistys.fi\/historiayhdistys\/rautahermoiset-ammattilaiset-palkittiin\/","og_locale":"fi_FI","og_type":"article","og_title":"Rautahermoiset ammattilaiset palkittiin - Rukaj\u00e4rven suunnan historiayhdistys","og_description":"Rukaj\u00e4rven suunnan historiayhdistys j\u00e4rjesti Iisalmen Rukaj\u00e4rvi-keskuksessa tilaisuuden, jossa selviteltiin mit\u00e4 todellisuudessa 3.-4.9.2014 tapahtui ja miten rikkoutunut juhlajuna saatiin lopulta liikennekuntoon. Rautahermoiset ammattilaiset, veturinkuljettajat Kari Veps\u00e4l\u00e4inen ja Reijo Sarantila sek\u00e4 laakerinvalajat Teksti jatkuu...Rautahermoiset ammattilaiset palkittiin\u2192","og_url":"http:\/\/www.rukajarvensuunnanhistoriayhdistys.fi\/historiayhdistys\/rautahermoiset-ammattilaiset-palkittiin\/","og_site_name":"Rukaj\u00e4rven suunnan historiayhdistys","article_published_time":"2014-09-29T22:49:26+00:00","article_modified_time":"2014-10-07T18:58:32+00:00","og_image":[{"width":1754,"height":1240,"url":"http:\/\/www.rukajarvensuunnanhistoriayhdistys.fi\/historiayhdistys\/wp-content\/uploads\/2014\/09\/Rautahermoiset-ammattilaiset.jpg","type":"image\/jpeg"}],"author":"RSHY","twitter_misc":{"Kirjoittanut":"RSHY","Arvioitu lukuaika":"1 minuutti"},"schema":{"@context":"https:\/\/schema.org","@graph":[{"@type":"Article","@id":"http:\/\/www.rukajarvensuunnanhistoriayhdistys.fi\/historiayhdistys\/rautahermoiset-ammattilaiset-palkittiin\/#article","isPartOf":{"@id":"http:\/\/www.rukajarvensuunnanhistoriayhdistys.fi\/historiayhdistys\/rautahermoiset-ammattilaiset-palkittiin\/"},"author":{"name":"RSHY","@id":"https:\/\/www.rukajarvensuunnanhistoriayhdistys.fi\/historiayhdistys\/#\/schema\/person\/19de7db68bf72dfd2b5d7f6dfbf8454d"},"headline":"Rautahermoiset ammattilaiset palkittiin","datePublished":"2014-09-29T22:49:26+00:00","dateModified":"2014-10-07T18:58:32+00:00","mainEntityOfPage":{"@id":"http:\/\/www.rukajarvensuunnanhistoriayhdistys.fi\/historiayhdistys\/rautahermoiset-ammattilaiset-palkittiin\/"},"wordCount":210,"publisher":{"@id":"https:\/\/www.rukajarvensuunnanhistoriayhdistys.fi\/historiayhdistys\/#organization"},"image":{"@id":"http:\/\/www.rukajarvensuunnanhistoriayhdistys.fi\/historiayhdistys\/rautahermoiset-ammattilaiset-palkittiin\/#primaryimage"},"thumbnailUrl":"http:\/\/www.rukajarvensuunnanhistoriayhdistys.fi\/historiayhdistys\/wp-content\/uploads\/2014\/09\/Rautahermoiset-ammattilaiset.jpg","articleSection":["Ajankohtaista"],"inLanguage":"fi"},{"@type":"WebPage","@id":"http:\/\/www.rukajarvensuunnanhistoriayhdistys.fi\/historiayhdistys\/rautahermoiset-ammattilaiset-palkittiin\/","url":"http:\/\/www.rukajarvensuunnanhistoriayhdistys.fi\/historiayhdistys\/rautahermoiset-ammattilaiset-palkittiin\/","name":"Rautahermoiset ammattilaiset palkittiin - Rukaj\u00e4rven suunnan historiayhdistys","isPartOf":{"@id":"https:\/\/www.rukajarvensuunnanhistoriayhdistys.fi\/historiayhdistys\/#website"},"primaryImageOfPage":{"@id":"http:\/\/www.rukajarvensuunnanhistoriayhdistys.fi\/historiayhdistys\/rautahermoiset-ammattilaiset-palkittiin\/#primaryimage"},"image":{"@id":"http:\/\/www.rukajarvensuunnanhistoriayhdistys.fi\/historiayhdistys\/rautahermoiset-ammattilaiset-palkittiin\/#primaryimage"},"thumbnailUrl":"http:\/\/www.rukajarvensuunnanhistoriayhdistys.fi\/historiayhdistys\/wp-content\/uploads\/2014\/09\/Rautahermoiset-ammattilaiset.jpg","datePublished":"2014-09-29T22:49:26+00:00","dateModified":"2014-10-07T18:58:32+00:00","breadcrumb":{"@id":"http:\/\/www.rukajarvensuunnanhistoriayhdistys.fi\/historiayhdistys\/rautahermoiset-ammattilaiset-palkittiin\/#breadcrumb"},"inLanguage":"fi","potentialAction":[{"@type":"ReadAction","target":["http:\/\/www.rukajarvensuunnanhistoriayhdistys.fi\/historiayhdistys\/rautahermoiset-ammattilaiset-palkittiin\/"]}]},{"@type":"ImageObject","inLanguage":"fi","@id":"http:\/\/www.rukajarvensuunnanhistoriayhdistys.fi\/historiayhdistys\/rautahermoiset-ammattilaiset-palkittiin\/#primaryimage","url":"http:\/\/www.rukajarvensuunnanhistoriayhdistys.fi\/historiayhdistys\/wp-content\/uploads\/2014\/09\/Rautahermoiset-ammattilaiset.jpg","contentUrl":"http:\/\/www.rukajarvensuunnanhistoriayhdistys.fi\/historiayhdistys\/wp-content\/uploads\/2014\/09\/Rautahermoiset-ammattilaiset.jpg","width":1754,"height":1240,"caption":"Yhdistyksen edustajat Tauno Oksanen, Tenho Tikkanen ja Ari Komulainen luovuttivat Rautahermoisille ammattilaisille yhdistyksen standaarin. Vasemmalta Matti Husso, Kari Veps\u00e4l\u00e4inen, Rene Veps\u00e4l\u00e4inen, Reijo Sarantila, Ari Isopuossu standaarit k\u00e4sess\u00e4\u00e4n."},{"@type":"BreadcrumbList","@id":"http:\/\/www.rukajarvensuunnanhistoriayhdistys.fi\/historiayhdistys\/rautahermoiset-ammattilaiset-palkittiin\/#breadcrumb","itemListElement":[{"@type":"ListItem","position":1,"name":"Etusivu","item":"https:\/\/www.rukajarvensuunnanhistoriayhdistys.fi\/historiayhdistys\/"},{"@type":"ListItem","position":2,"name":"Rautahermoiset ammattilaiset palkittiin"}]},{"@type":"WebSite","@id":"https:\/\/www.rukajarvensuunnanhistoriayhdistys.fi\/historiayhdistys\/#website","url":"https:\/\/www.rukajarvensuunnanhistoriayhdistys.fi\/historiayhdistys\/","name":"Rukaj\u00e4rven suunnan historiayhdistys","description":"Rukaj\u00e4rven suunnan historiayhdistyksen verkkosivut.","publisher":{"@id":"https:\/\/www.rukajarvensuunnanhistoriayhdistys.fi\/historiayhdistys\/#organization"},"potentialAction":[{"@type":"SearchAction","target":{"@type":"EntryPoint","urlTemplate":"https:\/\/www.rukajarvensuunnanhistoriayhdistys.fi\/historiayhdistys\/?s={search_term_string}"},"query-input":{"@type":"PropertyValueSpecification","valueRequired":true,"valueName":"search_term_string"}}],"inLanguage":"fi"},{"@type":"Organization","@id":"https:\/\/www.rukajarvensuunnanhistoriayhdistys.fi\/historiayhdistys\/#organization","name":"Rukaj\u00e4rven suunnan historiayhdistys","url":"https:\/\/www.rukajarvensuunnanhistoriayhdistys.fi\/historiayhdistys\/","logo":{"@type":"ImageObject","inLanguage":"fi","@id":"https:\/\/www.rukajarvensuunnanhistoriayhdistys.fi\/historiayhdistys\/#\/schema\/logo\/image\/","url":"http:\/\/www.rukajarvensuunnanhistoriayhdistys.fi\/historiayhdistys\/wp-content\/uploads\/2013\/12\/Otsake_3.jpg","contentUrl":"http:\/\/www.rukajarvensuunnanhistoriayhdistys.fi\/historiayhdistys\/wp-content\/uploads\/2013\/12\/Otsake_3.jpg","width":1000,"height":442,"caption":"Rukaj\u00e4rven suunnan historiayhdistys"},"image":{"@id":"https:\/\/www.rukajarvensuunnanhistoriayhdistys.fi\/historiayhdistys\/#\/schema\/logo\/image\/"}},{"@type":"Person","@id":"https:\/\/www.rukajarvensuunnanhistoriayhdistys.fi\/historiayhdistys\/#\/schema\/person\/19de7db68bf72dfd2b5d7f6dfbf8454d","name":"RSHY","image":{"@type":"ImageObject","inLanguage":"fi","@id":"https:\/\/secure.gravatar.com\/avatar\/598d59263a69cc8de65fcb4f9db78d6f58c098cb0e0ba22d73377441af9fa04c?s=96&d=blank&r=g","url":"https:\/\/secure.gravatar.com\/avatar\/598d59263a69cc8de65fcb4f9db78d6f58c098cb0e0ba22d73377441af9fa04c?s=96&d=blank&r=g","contentUrl":"https:\/\/secure.gravatar.com\/avatar\/598d59263a69cc8de65fcb4f9db78d6f58c098cb0e0ba22d73377441af9fa04c?s=96&d=blank&r=g","caption":"RSHY"},"url":"http:\/\/www.rukajarvensuunnanhistoriayhdistys.fi\/historiayhdistys\/author\/rshy\/"}]}},"_links":{"self":[{"href":"http:\/\/www.rukajarvensuunnanhistoriayhdistys.fi\/historiayhdistys\/wp-json\/wp\/v2\/posts\/9234","targetHints":{"allow":["GET"]}}],"collection":[{"href":"http:\/\/www.rukajarvensuunnanhistoriayhdistys.fi\/historiayhdistys\/wp-json\/wp\/v2\/posts"}],"about":[{"href":"http:\/\/www.rukajarvensuunnanhistoriayhdistys.fi\/historiayhdistys\/wp-json\/wp\/v2\/types\/post"}],"author":[{"embeddable":true,"href":"http:\/\/www.rukajarvensuunnanhistoriayhdistys.fi\/historiayhdistys\/wp-json\/wp\/v2\/users\/3"}],"replies":[{"embeddable":true,"href":"http:\/\/www.rukajarvensuunnanhistoriayhdistys.fi\/historiayhdistys\/wp-json\/wp\/v2\/comments?post=9234"}],"version-history":[{"count":1,"href":"http:\/\/www.rukajarvensuunnanhistoriayhdistys.fi\/historiayhdistys\/wp-json\/wp\/v2\/posts\/9234\/revisions"}],"predecessor-version":[{"id":9241,"href":"http:\/\/www.rukajarvensuunnanhistoriayhdistys.fi\/historiayhdistys\/wp-json\/wp\/v2\/posts\/9234\/revisions\/9241"}],"wp:featuredmedia":[{"embeddable":true,"href":"http:\/\/www.rukajarvensuunnanhistoriayhdistys.fi\/historiayhdistys\/wp-json\/wp\/v2\/media\/9235"}],"wp:attachment":[{"href":"http:\/\/www.rukajarvensuunnanhistoriayhdistys.fi\/historiayhdistys\/wp-json\/wp\/v2\/media?parent=9234"}],"wp:term":[{"taxonomy":"category","embeddable":true,"href":"http:\/\/www.rukajarvensuunnanhistoriayhdistys.fi\/historiayhdistys\/wp-json\/wp\/v2\/categories?post=9234"},{"taxonomy":"post_tag","embeddable":true,"href":"http:\/\/www.rukajarvensuunnanhistoriayhdistys.fi\/historiayhdistys\/wp-json\/wp\/v2\/tags?post=9234"}],"curies":[{"name":"wp","href":"https:\/\/api.w.org\/{rel}","templated":true}]}}