{"id":9246,"date":"2014-10-11T20:22:14","date_gmt":"2014-10-11T17:22:14","guid":{"rendered":"http:\/\/www.rukajarvensuunnanhistoriayhdistys.fi\/historiayhdistys\/?p=9246"},"modified":"2014-10-16T21:45:23","modified_gmt":"2014-10-16T18:45:23","slug":"aleksis-kiven-paivan-viesti-veteraani-paavo-salmensuulta","status":"publish","type":"post","link":"http:\/\/www.rukajarvensuunnanhistoriayhdistys.fi\/historiayhdistys\/aleksis-kiven-paivan-viesti-veteraani-paavo-salmensuulta\/","title":{"rendered":"Aleksis Kiven p\u00e4iv\u00e4n viesti veteraani Paavo Salmensuulta."},"content":{"rendered":"<div class=\"fcbkbttn_buttons_block\" id=\"fcbkbttn_left\"><div class=\"fcbkbttn_like \"><fb:like href=\"http:\/\/www.rukajarvensuunnanhistoriayhdistys.fi\/historiayhdistys\/aleksis-kiven-paivan-viesti-veteraani-paavo-salmensuulta\/\" action=\"like\" colorscheme=\"light\" layout=\"button_count\"  size=\"small\"><\/fb:like><\/div><\/div><p><em><strong>&#8221;Olen ollut hallituksen j\u00e4senen\u00e4 yhdistyksen perustamisesta saakka, yli viisi vuotta. Korkean ik\u00e4ni vuoksi erityisesti liikkuminen on vaikeutunut ja osallistuminen hallituksen kokouksiin ja ty\u00f6skentelyyn hankaloitunut. N\u00e4in ollen pyyd\u00e4n eroa hallituksen j\u00e4senyydest\u00e4 p\u00e4iv\u00e4m\u00e4\u00e4r\u00e4ll\u00e4 10.10.2014. Toivotan yhdistykselle onnea ja menestyst\u00e4 t\u00e4rke\u00e4ss\u00e4 ty\u00f6ss\u00e4 meid\u00e4n veteraanien hyv\u00e4ksi tekem\u00e4n perinnety\u00f6n parissa. Joensuussa 10.10.2014. Paavo Salmensuu&#8221;<\/strong><\/em><\/p>\n<h1>Parhaat kiitoksemme Paavo Salmensuulle<\/h1>\n<p>Soitin Paavo Salmensuulle hallituksen j\u00e4rjest\u00e4ytymiskokouksen vuoksi kuluvan kuukauden alkup\u00e4ivin\u00e4. H\u00e4n ilmaisi kantansa hallituksessa k\u00e4sill\u00e4 oleviin asioihin, mutta samalla h\u00e4n tuossa yhteydess\u00e4 pyysi allekirjoittanutta tai yhdistyksen sihteeri\u00e4 k\u00e4ym\u00e4\u00e4n luonaan mahdollisimman pian. H\u00e4n kertoi, ett\u00e4 h\u00e4nell\u00e4 on t\u00e4rke\u00e4\u00e4 asia, jonka h\u00e4n ilmaisee tuossa yhteydess\u00e4 kirjeell\u00e4.<\/p>\n<p>Yhdistyksemme sihteeri Leevi Kuokkanen k\u00e4vi tervehtim\u00e4ss\u00e4 Paavo Salmensuuta Aleksis Kiven p\u00e4iv\u00e4n\u00e4. Edell\u00e4 saamme lukea Paavo Salmensuun Aleksis Kiven p\u00e4iv\u00e4n viestin.<\/p>\n<figure id=\"attachment_9247\" aria-describedby=\"caption-attachment-9247\" style=\"width: 1754px\" class=\"wp-caption alignnone\"><a href=\"http:\/\/www.rukajarvensuunnanhistoriayhdistys.fi\/historiayhdistys\/wp-content\/uploads\/2014\/10\/Salmensuu-ja-Kuokkanen-10-10-2014-3.jpg\"><img loading=\"lazy\" decoding=\"async\" class=\"wp-image-9247 size-full\" src=\"http:\/\/www.rukajarvensuunnanhistoriayhdistys.fi\/historiayhdistys\/wp-content\/uploads\/2014\/10\/Salmensuu-ja-Kuokkanen-10-10-2014-3.jpg\" alt=\"Yhdistyksen sihteeri Leevi Kuokkanen luovutti muistoksi Paavo Salmensuulle (s. 22.11.1922) Raappanan Nyrkki kirjan ja kiiti h\u00e4nen ty\u00f6st\u00e4\u00e4n Rukaj\u00e4rven suunnan perinnety\u00f6n hyv\u00e4ksi tekem\u00e4st\u00e4\u00e4n ty\u00f6st\u00e4 ja ty\u00f6skentelyst\u00e4\u00e4n yhdistyksen hallituksen j\u00e4senen\u00e4.\" width=\"1754\" height=\"1240\" data-id=\"9247\" srcset=\"http:\/\/www.rukajarvensuunnanhistoriayhdistys.fi\/historiayhdistys\/wp-content\/uploads\/2014\/10\/Salmensuu-ja-Kuokkanen-10-10-2014-3.jpg 1754w, http:\/\/www.rukajarvensuunnanhistoriayhdistys.fi\/historiayhdistys\/wp-content\/uploads\/2014\/10\/Salmensuu-ja-Kuokkanen-10-10-2014-3-300x212.jpg 300w, http:\/\/www.rukajarvensuunnanhistoriayhdistys.fi\/historiayhdistys\/wp-content\/uploads\/2014\/10\/Salmensuu-ja-Kuokkanen-10-10-2014-3-1024x723.jpg 1024w\" sizes=\"auto, (max-width: 1754px) 100vw, 1754px\" \/><\/a><figcaption id=\"caption-attachment-9247\" class=\"wp-caption-text\">Yhdistyksen sihteeri Leevi Kuokkanen luovutti muistoksi Paavo Salmensuulle (s. 22.11.1922) Raappanan Nyrkki kirjan ja kiitti h\u00e4nen ty\u00f6st\u00e4\u00e4n Rukaj\u00e4rven suunnan perinnety\u00f6n hyv\u00e4ksi ja ty\u00f6skentelyst\u00e4\u00e4n yhdistyksen hallituksen j\u00e4senen\u00e4.<\/figcaption><\/figure>\n<p>Paavo Salmensuu on yhdistyksemme perustajaj\u00e4sen ja h\u00e4n on toiminut\u00a0perustamisesta alkaen veteraanien edustajana yhdistyksen hallituksessa. Olemme h\u00e4nen osallistumiseensa yhdistyksen toimintaan kovin kiitollisia. Olemme voineet k\u00e4ytt\u00e4\u00e4 hyv\u00e4ksi h\u00e4nen asiantuntevia ohjeitaan ja h\u00e4nen huumorintajunsa on ollut suurena apuna monta kiper\u00e4\u00e4 asiaa ratkaistaessa. Paavo Salmensuulla on laaja tuttavapiiri, joka my\u00f6s on omalta osaltaan auttanut ty\u00f6t\u00e4mme.<\/p>\n<p>Yhdistyksen perustavan kokouksen hyv\u00e4ksym\u00e4 toimintasuunnitelma oli haastava, siin\u00e4 p\u00e4\u00e4tettiin merkit\u00e4 opastein Rukaj\u00e4rven suunnan joukkojen rajanylityspaikat, esitettiin Rukaj\u00e4rvi-keskuksen perustamista perinnetiedon ker\u00e4yksen jatkamisen lis\u00e4ksi. Kaikilla n\u00e4ill\u00e4 toiminta-alueilla olemme onnistuneet luomaan toimivat ratkaisut. Paavo Salmensuu oli veteraanien edustajana yhdistyksen hallituksen j\u00e4senen\u00e4 n\u00e4it\u00e4 p\u00e4\u00e4t\u00f6ksi\u00e4 suunnittelemassa ja toteuttamassa.<\/p>\n<p>Kaikesta t\u00e4st\u00e4 olemme h\u00e4nelle enemm\u00e4n kuin kiitoksen velkaa. Toivomme Paavo Salmensuulle terveytt\u00e4, hyv\u00e4\u00e4 vointia ja lis\u00e4ksi toivomme n\u00e4kev\u00e4mme h\u00e4net viel\u00e4 monissa yhdistyksemme j\u00e4rjest\u00e4miss\u00e4 tilaisuuksissa. Lis\u00e4ksi toivomme onnea h\u00e4nen pian tulevan syntym\u00e4p\u00e4iv\u00e4ns\u00e4 johdosta.<\/p>\n<p>Parhaat kiitoksemme.<\/p>\n<p><strong>Rukaj\u00e4rven suunnan historiayhdistys ry<\/strong><\/p>\n<p>Puheenjohtaja Tenho Tikkanen<\/p>\n<p>Seuraavassa valokuvia Paavo Salmensuun osallistumisesta yhdistyksemme toimintaan.<\/p>\n<figure id=\"attachment_9248\" aria-describedby=\"caption-attachment-9248\" style=\"width: 1754px\" class=\"wp-caption alignnone\"><a href=\"http:\/\/www.rukajarvensuunnanhistoriayhdistys.fi\/historiayhdistys\/wp-content\/uploads\/2014\/10\/Salmensuu-ym-veteraanit.jpg\"><img loading=\"lazy\" decoding=\"async\" class=\"wp-image-9248 size-full\" src=\"http:\/\/www.rukajarvensuunnanhistoriayhdistys.fi\/historiayhdistys\/wp-content\/uploads\/2014\/10\/Salmensuu-ym-veteraanit.jpg\" alt=\"Paavo Salmensuu osallistui Lieksan Rukaj\u00e4rvi-keskuksen avajaisiin 2.7.2013. Vasemmalta mm. veteraanit Aulis Lintunen, Jaakko Valtanen, Ermei Kanninen, Paavo Salmensuu, Olvi Tiittanen ja Kalle Sutinen. \" width=\"1754\" height=\"1240\" data-id=\"9248\" srcset=\"http:\/\/www.rukajarvensuunnanhistoriayhdistys.fi\/historiayhdistys\/wp-content\/uploads\/2014\/10\/Salmensuu-ym-veteraanit.jpg 1754w, http:\/\/www.rukajarvensuunnanhistoriayhdistys.fi\/historiayhdistys\/wp-content\/uploads\/2014\/10\/Salmensuu-ym-veteraanit-300x212.jpg 300w, http:\/\/www.rukajarvensuunnanhistoriayhdistys.fi\/historiayhdistys\/wp-content\/uploads\/2014\/10\/Salmensuu-ym-veteraanit-1024x723.jpg 1024w\" sizes=\"auto, (max-width: 1754px) 100vw, 1754px\" \/><\/a><figcaption id=\"caption-attachment-9248\" class=\"wp-caption-text\">Paavo Salmensuu osallistui Lieksan Rukaj\u00e4rvi-keskuksen avajaisiin 2.7.2013. Vasemmalta mm. veteraanit Aulis Lintunen, Jaakko Valtanen, Ermei Kanninen, Paavo Salmensuu, Olavi Tiittanen ja Kalle Sutinen. Kuvassa vasemmalla Pohjois-Karjalan sotilasl\u00e4\u00e4nin komentaja eversti Jouni Mattila.<\/figcaption><\/figure>\n<figure id=\"attachment_9250\" aria-describedby=\"caption-attachment-9250\" style=\"width: 1754px\" class=\"wp-caption alignnone\"><a href=\"http:\/\/www.rukajarvensuunnanhistoriayhdistys.fi\/historiayhdistys\/wp-content\/uploads\/2014\/10\/Salmensuu-Jukolan-Motti-2008.jpg\"><img loading=\"lazy\" decoding=\"async\" class=\"wp-image-9250 size-full\" src=\"http:\/\/www.rukajarvensuunnanhistoriayhdistys.fi\/historiayhdistys\/wp-content\/uploads\/2014\/10\/Salmensuu-Jukolan-Motti-2008.jpg\" alt=\"Jukolan Motin Jatkosodan aikaiseen huolto- ja koulutuskeskukseen tutustumassa, Paavo Salmensuu, Armas Tuononen ja Tauno Tikkanen. Kuva 23.7.2008. Tuolla matkalla veteraanit k\u00e4viv\u00e4t Kolilla, tutustuivat Ilomantsin taistelupaikkoihin, k\u00e4viv\u00e4t It\u00e4pistell\u00e4, Taistelijantalolla, Suomulla, Inarin rajanylityspaikalla ja kiersiv\u00e4t viel\u00e4 kaikki tulevan Rukaj\u00e4rven tien kohteet Kivivaaraa my\u00f6ten.\" width=\"1754\" height=\"1240\" data-id=\"9250\" srcset=\"http:\/\/www.rukajarvensuunnanhistoriayhdistys.fi\/historiayhdistys\/wp-content\/uploads\/2014\/10\/Salmensuu-Jukolan-Motti-2008.jpg 1754w, http:\/\/www.rukajarvensuunnanhistoriayhdistys.fi\/historiayhdistys\/wp-content\/uploads\/2014\/10\/Salmensuu-Jukolan-Motti-2008-300x212.jpg 300w, http:\/\/www.rukajarvensuunnanhistoriayhdistys.fi\/historiayhdistys\/wp-content\/uploads\/2014\/10\/Salmensuu-Jukolan-Motti-2008-1024x723.jpg 1024w\" sizes=\"auto, (max-width: 1754px) 100vw, 1754px\" \/><\/a><figcaption id=\"caption-attachment-9250\" class=\"wp-caption-text\">Jukolan Motin Jatkosodan aikaiseen huolto- ja koulutuskeskukseen tutustumassa, Paavo Salmensuu, Armas Tuononen ja Tauno Tikkanen. Kuva 23.7.2008. Tuolla matkalla veteraanit k\u00e4viv\u00e4t Kolilla, tutustuivat Ilomantsin taistelupaikkoihin, k\u00e4viv\u00e4t It\u00e4pisteell\u00e4, Taistelijantalolla, Suomulla, Inarin rajanylityspaikalla ja kiersiv\u00e4t viel\u00e4 kaikki tulevan Rukaj\u00e4rven tien kohteet Kivivaaraa my\u00f6ten.<\/figcaption><\/figure>\n<figure id=\"attachment_9249\" aria-describedby=\"caption-attachment-9249\" style=\"width: 1754px\" class=\"wp-caption alignnone\"><a href=\"http:\/\/www.rukajarvensuunnanhistoriayhdistys.fi\/historiayhdistys\/wp-content\/uploads\/2014\/10\/Salmensuu-Arkku-2006.jpg\"><img loading=\"lazy\" decoding=\"async\" class=\"wp-image-9249 size-full\" src=\"http:\/\/www.rukajarvensuunnanhistoriayhdistys.fi\/historiayhdistys\/wp-content\/uploads\/2014\/10\/Salmensuu-Arkku-2006.jpg\" alt=\"Arku Rukaj\u00e4rvell\u00e4 26.7.2008, Erkki Marin, Paavo Salmensuu, Armas Tuononen, Pentti Katainen, Tauno Tikkanen ja Heikki Toivanen.\" width=\"1754\" height=\"1240\" data-id=\"9249\" srcset=\"http:\/\/www.rukajarvensuunnanhistoriayhdistys.fi\/historiayhdistys\/wp-content\/uploads\/2014\/10\/Salmensuu-Arkku-2006.jpg 1754w, http:\/\/www.rukajarvensuunnanhistoriayhdistys.fi\/historiayhdistys\/wp-content\/uploads\/2014\/10\/Salmensuu-Arkku-2006-300x212.jpg 300w, http:\/\/www.rukajarvensuunnanhistoriayhdistys.fi\/historiayhdistys\/wp-content\/uploads\/2014\/10\/Salmensuu-Arkku-2006-1024x723.jpg 1024w\" sizes=\"auto, (max-width: 1754px) 100vw, 1754px\" \/><\/a><figcaption id=\"caption-attachment-9249\" class=\"wp-caption-text\">Arkku Rukaj\u00e4rvell\u00e4 26.7.2006, Erkki Marin, Paavo Salmensuu, Armas Tuononen, Pentti Katainen, Tauno Tikkanen ja Heikki Toivanen.<\/figcaption><\/figure>\n","protected":false},"excerpt":{"rendered":"<p>&#8221;Olen ollut hallituksen j\u00e4senen\u00e4 yhdistyksen perustamisesta saakka, yli viisi vuotta. Korkean ik\u00e4ni vuoksi erityisesti liikkuminen on vaikeutunut ja osallistuminen hallituksen kokouksiin ja ty\u00f6skentelyyn hankaloitunut. N\u00e4in ollen pyyd\u00e4n eroa hallituksen j\u00e4senyydest\u00e4 <a class=\"more-link\" href=\"http:\/\/www.rukajarvensuunnanhistoriayhdistys.fi\/historiayhdistys\/aleksis-kiven-paivan-viesti-veteraani-paavo-salmensuulta\/\">Teksti jatkuu&#8230;<span class=\"screen-reader-text\">Aleksis Kiven p\u00e4iv\u00e4n viesti veteraani Paavo Salmensuulta.<\/span><span class=\"meta-nav\">\u2192<\/span><\/a><\/p>\n","protected":false},"author":3,"featured_media":9247,"comment_status":"closed","ping_status":"open","sticky":false,"template":"","format":"standard","meta":{"footnotes":""},"categories":[22],"tags":[],"class_list":["post-9246","post","type-post","status-publish","format-standard","has-post-thumbnail","hentry","category-ajankohtaista"],"yoast_head":"<!-- This site is optimized with the Yoast SEO plugin v27.4 - https:\/\/yoast.com\/product\/yoast-seo-wordpress\/ -->\n<title>Aleksis Kiven p\u00e4iv\u00e4n viesti veteraani Paavo Salmensuulta. - Rukaj\u00e4rven suunnan historiayhdistys<\/title>\n<meta name=\"robots\" content=\"index, follow, max-snippet:-1, max-image-preview:large, max-video-preview:-1\" \/>\n<link rel=\"canonical\" href=\"http:\/\/www.rukajarvensuunnanhistoriayhdistys.fi\/historiayhdistys\/aleksis-kiven-paivan-viesti-veteraani-paavo-salmensuulta\/\" \/>\n<meta property=\"og:locale\" content=\"fi_FI\" \/>\n<meta property=\"og:type\" content=\"article\" \/>\n<meta property=\"og:title\" content=\"Aleksis Kiven p\u00e4iv\u00e4n viesti veteraani Paavo Salmensuulta. - Rukaj\u00e4rven suunnan historiayhdistys\" \/>\n<meta property=\"og:description\" content=\"&#8221;Olen ollut hallituksen j\u00e4senen\u00e4 yhdistyksen perustamisesta saakka, yli viisi vuotta. Korkean ik\u00e4ni vuoksi erityisesti liikkuminen on vaikeutunut ja osallistuminen hallituksen kokouksiin ja ty\u00f6skentelyyn hankaloitunut. N\u00e4in ollen pyyd\u00e4n eroa hallituksen j\u00e4senyydest\u00e4 Teksti jatkuu...Aleksis Kiven p\u00e4iv\u00e4n viesti veteraani Paavo Salmensuulta.\u2192\" \/>\n<meta property=\"og:url\" content=\"http:\/\/www.rukajarvensuunnanhistoriayhdistys.fi\/historiayhdistys\/aleksis-kiven-paivan-viesti-veteraani-paavo-salmensuulta\/\" \/>\n<meta property=\"og:site_name\" content=\"Rukaj\u00e4rven suunnan historiayhdistys\" \/>\n<meta property=\"article:published_time\" content=\"2014-10-11T17:22:14+00:00\" \/>\n<meta property=\"article:modified_time\" content=\"2014-10-16T18:45:23+00:00\" \/>\n<meta property=\"og:image\" content=\"http:\/\/www.rukajarvensuunnanhistoriayhdistys.fi\/historiayhdistys\/wp-content\/uploads\/2014\/10\/Salmensuu-ja-Kuokkanen-10-10-2014-3.jpg\" \/>\n\t<meta property=\"og:image:width\" content=\"1754\" \/>\n\t<meta property=\"og:image:height\" content=\"1240\" \/>\n\t<meta property=\"og:image:type\" content=\"image\/jpeg\" \/>\n<meta name=\"author\" content=\"RSHY\" \/>\n<meta name=\"twitter:label1\" content=\"Kirjoittanut\" \/>\n\t<meta name=\"twitter:data1\" content=\"RSHY\" \/>\n\t<meta name=\"twitter:label2\" content=\"Arvioitu lukuaika\" \/>\n\t<meta name=\"twitter:data2\" content=\"2 minuuttia\" \/>\n<script type=\"application\/ld+json\" class=\"yoast-schema-graph\">{\"@context\":\"https:\\\/\\\/schema.org\",\"@graph\":[{\"@type\":\"Article\",\"@id\":\"http:\\\/\\\/www.rukajarvensuunnanhistoriayhdistys.fi\\\/historiayhdistys\\\/aleksis-kiven-paivan-viesti-veteraani-paavo-salmensuulta\\\/#article\",\"isPartOf\":{\"@id\":\"http:\\\/\\\/www.rukajarvensuunnanhistoriayhdistys.fi\\\/historiayhdistys\\\/aleksis-kiven-paivan-viesti-veteraani-paavo-salmensuulta\\\/\"},\"author\":{\"name\":\"RSHY\",\"@id\":\"https:\\\/\\\/www.rukajarvensuunnanhistoriayhdistys.fi\\\/historiayhdistys\\\/#\\\/schema\\\/person\\\/19de7db68bf72dfd2b5d7f6dfbf8454d\"},\"headline\":\"Aleksis Kiven p\u00e4iv\u00e4n viesti veteraani Paavo Salmensuulta.\",\"datePublished\":\"2014-10-11T17:22:14+00:00\",\"dateModified\":\"2014-10-16T18:45:23+00:00\",\"mainEntityOfPage\":{\"@id\":\"http:\\\/\\\/www.rukajarvensuunnanhistoriayhdistys.fi\\\/historiayhdistys\\\/aleksis-kiven-paivan-viesti-veteraani-paavo-salmensuulta\\\/\"},\"wordCount\":495,\"publisher\":{\"@id\":\"https:\\\/\\\/www.rukajarvensuunnanhistoriayhdistys.fi\\\/historiayhdistys\\\/#organization\"},\"image\":{\"@id\":\"http:\\\/\\\/www.rukajarvensuunnanhistoriayhdistys.fi\\\/historiayhdistys\\\/aleksis-kiven-paivan-viesti-veteraani-paavo-salmensuulta\\\/#primaryimage\"},\"thumbnailUrl\":\"http:\\\/\\\/www.rukajarvensuunnanhistoriayhdistys.fi\\\/historiayhdistys\\\/wp-content\\\/uploads\\\/2014\\\/10\\\/Salmensuu-ja-Kuokkanen-10-10-2014-3.jpg\",\"articleSection\":[\"Ajankohtaista\"],\"inLanguage\":\"fi\"},{\"@type\":\"WebPage\",\"@id\":\"http:\\\/\\\/www.rukajarvensuunnanhistoriayhdistys.fi\\\/historiayhdistys\\\/aleksis-kiven-paivan-viesti-veteraani-paavo-salmensuulta\\\/\",\"url\":\"http:\\\/\\\/www.rukajarvensuunnanhistoriayhdistys.fi\\\/historiayhdistys\\\/aleksis-kiven-paivan-viesti-veteraani-paavo-salmensuulta\\\/\",\"name\":\"Aleksis Kiven p\u00e4iv\u00e4n viesti veteraani Paavo Salmensuulta. - Rukaj\u00e4rven suunnan historiayhdistys\",\"isPartOf\":{\"@id\":\"https:\\\/\\\/www.rukajarvensuunnanhistoriayhdistys.fi\\\/historiayhdistys\\\/#website\"},\"primaryImageOfPage\":{\"@id\":\"http:\\\/\\\/www.rukajarvensuunnanhistoriayhdistys.fi\\\/historiayhdistys\\\/aleksis-kiven-paivan-viesti-veteraani-paavo-salmensuulta\\\/#primaryimage\"},\"image\":{\"@id\":\"http:\\\/\\\/www.rukajarvensuunnanhistoriayhdistys.fi\\\/historiayhdistys\\\/aleksis-kiven-paivan-viesti-veteraani-paavo-salmensuulta\\\/#primaryimage\"},\"thumbnailUrl\":\"http:\\\/\\\/www.rukajarvensuunnanhistoriayhdistys.fi\\\/historiayhdistys\\\/wp-content\\\/uploads\\\/2014\\\/10\\\/Salmensuu-ja-Kuokkanen-10-10-2014-3.jpg\",\"datePublished\":\"2014-10-11T17:22:14+00:00\",\"dateModified\":\"2014-10-16T18:45:23+00:00\",\"breadcrumb\":{\"@id\":\"http:\\\/\\\/www.rukajarvensuunnanhistoriayhdistys.fi\\\/historiayhdistys\\\/aleksis-kiven-paivan-viesti-veteraani-paavo-salmensuulta\\\/#breadcrumb\"},\"inLanguage\":\"fi\",\"potentialAction\":[{\"@type\":\"ReadAction\",\"target\":[\"http:\\\/\\\/www.rukajarvensuunnanhistoriayhdistys.fi\\\/historiayhdistys\\\/aleksis-kiven-paivan-viesti-veteraani-paavo-salmensuulta\\\/\"]}]},{\"@type\":\"ImageObject\",\"inLanguage\":\"fi\",\"@id\":\"http:\\\/\\\/www.rukajarvensuunnanhistoriayhdistys.fi\\\/historiayhdistys\\\/aleksis-kiven-paivan-viesti-veteraani-paavo-salmensuulta\\\/#primaryimage\",\"url\":\"http:\\\/\\\/www.rukajarvensuunnanhistoriayhdistys.fi\\\/historiayhdistys\\\/wp-content\\\/uploads\\\/2014\\\/10\\\/Salmensuu-ja-Kuokkanen-10-10-2014-3.jpg\",\"contentUrl\":\"http:\\\/\\\/www.rukajarvensuunnanhistoriayhdistys.fi\\\/historiayhdistys\\\/wp-content\\\/uploads\\\/2014\\\/10\\\/Salmensuu-ja-Kuokkanen-10-10-2014-3.jpg\",\"width\":1754,\"height\":1240,\"caption\":\"Yhdistyksen sihteeri Leevi Kuokkanen luovutti muistoksi Paavo Salmensuulle (s. 22.11.1922) Raappanan Nyrkki kirjan ja kiiti h\u00e4nen ty\u00f6st\u00e4\u00e4n Rukaj\u00e4rven suunnan perinnety\u00f6n hyv\u00e4ksi tekem\u00e4st\u00e4\u00e4n ty\u00f6st\u00e4 ja ty\u00f6skentelyst\u00e4\u00e4n yhdistyksen hallituksen j\u00e4senen\u00e4.\"},{\"@type\":\"BreadcrumbList\",\"@id\":\"http:\\\/\\\/www.rukajarvensuunnanhistoriayhdistys.fi\\\/historiayhdistys\\\/aleksis-kiven-paivan-viesti-veteraani-paavo-salmensuulta\\\/#breadcrumb\",\"itemListElement\":[{\"@type\":\"ListItem\",\"position\":1,\"name\":\"Etusivu\",\"item\":\"https:\\\/\\\/www.rukajarvensuunnanhistoriayhdistys.fi\\\/historiayhdistys\\\/\"},{\"@type\":\"ListItem\",\"position\":2,\"name\":\"Aleksis Kiven p\u00e4iv\u00e4n viesti veteraani Paavo Salmensuulta.\"}]},{\"@type\":\"WebSite\",\"@id\":\"https:\\\/\\\/www.rukajarvensuunnanhistoriayhdistys.fi\\\/historiayhdistys\\\/#website\",\"url\":\"https:\\\/\\\/www.rukajarvensuunnanhistoriayhdistys.fi\\\/historiayhdistys\\\/\",\"name\":\"Rukaj\u00e4rven suunnan historiayhdistys\",\"description\":\"Rukaj\u00e4rven suunnan historiayhdistyksen verkkosivut.\",\"publisher\":{\"@id\":\"https:\\\/\\\/www.rukajarvensuunnanhistoriayhdistys.fi\\\/historiayhdistys\\\/#organization\"},\"potentialAction\":[{\"@type\":\"SearchAction\",\"target\":{\"@type\":\"EntryPoint\",\"urlTemplate\":\"https:\\\/\\\/www.rukajarvensuunnanhistoriayhdistys.fi\\\/historiayhdistys\\\/?s={search_term_string}\"},\"query-input\":{\"@type\":\"PropertyValueSpecification\",\"valueRequired\":true,\"valueName\":\"search_term_string\"}}],\"inLanguage\":\"fi\"},{\"@type\":\"Organization\",\"@id\":\"https:\\\/\\\/www.rukajarvensuunnanhistoriayhdistys.fi\\\/historiayhdistys\\\/#organization\",\"name\":\"Rukaj\u00e4rven suunnan historiayhdistys\",\"url\":\"https:\\\/\\\/www.rukajarvensuunnanhistoriayhdistys.fi\\\/historiayhdistys\\\/\",\"logo\":{\"@type\":\"ImageObject\",\"inLanguage\":\"fi\",\"@id\":\"https:\\\/\\\/www.rukajarvensuunnanhistoriayhdistys.fi\\\/historiayhdistys\\\/#\\\/schema\\\/logo\\\/image\\\/\",\"url\":\"http:\\\/\\\/www.rukajarvensuunnanhistoriayhdistys.fi\\\/historiayhdistys\\\/wp-content\\\/uploads\\\/2013\\\/12\\\/Otsake_3.jpg\",\"contentUrl\":\"http:\\\/\\\/www.rukajarvensuunnanhistoriayhdistys.fi\\\/historiayhdistys\\\/wp-content\\\/uploads\\\/2013\\\/12\\\/Otsake_3.jpg\",\"width\":1000,\"height\":442,\"caption\":\"Rukaj\u00e4rven suunnan historiayhdistys\"},\"image\":{\"@id\":\"https:\\\/\\\/www.rukajarvensuunnanhistoriayhdistys.fi\\\/historiayhdistys\\\/#\\\/schema\\\/logo\\\/image\\\/\"}},{\"@type\":\"Person\",\"@id\":\"https:\\\/\\\/www.rukajarvensuunnanhistoriayhdistys.fi\\\/historiayhdistys\\\/#\\\/schema\\\/person\\\/19de7db68bf72dfd2b5d7f6dfbf8454d\",\"name\":\"RSHY\",\"image\":{\"@type\":\"ImageObject\",\"inLanguage\":\"fi\",\"@id\":\"https:\\\/\\\/secure.gravatar.com\\\/avatar\\\/598d59263a69cc8de65fcb4f9db78d6f58c098cb0e0ba22d73377441af9fa04c?s=96&d=blank&r=g\",\"url\":\"https:\\\/\\\/secure.gravatar.com\\\/avatar\\\/598d59263a69cc8de65fcb4f9db78d6f58c098cb0e0ba22d73377441af9fa04c?s=96&d=blank&r=g\",\"contentUrl\":\"https:\\\/\\\/secure.gravatar.com\\\/avatar\\\/598d59263a69cc8de65fcb4f9db78d6f58c098cb0e0ba22d73377441af9fa04c?s=96&d=blank&r=g\",\"caption\":\"RSHY\"},\"url\":\"http:\\\/\\\/www.rukajarvensuunnanhistoriayhdistys.fi\\\/historiayhdistys\\\/author\\\/rshy\\\/\"}]}<\/script>\n<!-- \/ Yoast SEO plugin. -->","yoast_head_json":{"title":"Aleksis Kiven p\u00e4iv\u00e4n viesti veteraani Paavo Salmensuulta. - Rukaj\u00e4rven suunnan historiayhdistys","robots":{"index":"index","follow":"follow","max-snippet":"max-snippet:-1","max-image-preview":"max-image-preview:large","max-video-preview":"max-video-preview:-1"},"canonical":"http:\/\/www.rukajarvensuunnanhistoriayhdistys.fi\/historiayhdistys\/aleksis-kiven-paivan-viesti-veteraani-paavo-salmensuulta\/","og_locale":"fi_FI","og_type":"article","og_title":"Aleksis Kiven p\u00e4iv\u00e4n viesti veteraani Paavo Salmensuulta. - Rukaj\u00e4rven suunnan historiayhdistys","og_description":"&#8221;Olen ollut hallituksen j\u00e4senen\u00e4 yhdistyksen perustamisesta saakka, yli viisi vuotta. Korkean ik\u00e4ni vuoksi erityisesti liikkuminen on vaikeutunut ja osallistuminen hallituksen kokouksiin ja ty\u00f6skentelyyn hankaloitunut. N\u00e4in ollen pyyd\u00e4n eroa hallituksen j\u00e4senyydest\u00e4 Teksti jatkuu...Aleksis Kiven p\u00e4iv\u00e4n viesti veteraani Paavo Salmensuulta.\u2192","og_url":"http:\/\/www.rukajarvensuunnanhistoriayhdistys.fi\/historiayhdistys\/aleksis-kiven-paivan-viesti-veteraani-paavo-salmensuulta\/","og_site_name":"Rukaj\u00e4rven suunnan historiayhdistys","article_published_time":"2014-10-11T17:22:14+00:00","article_modified_time":"2014-10-16T18:45:23+00:00","og_image":[{"width":1754,"height":1240,"url":"http:\/\/www.rukajarvensuunnanhistoriayhdistys.fi\/historiayhdistys\/wp-content\/uploads\/2014\/10\/Salmensuu-ja-Kuokkanen-10-10-2014-3.jpg","type":"image\/jpeg"}],"author":"RSHY","twitter_misc":{"Kirjoittanut":"RSHY","Arvioitu lukuaika":"2 minuuttia"},"schema":{"@context":"https:\/\/schema.org","@graph":[{"@type":"Article","@id":"http:\/\/www.rukajarvensuunnanhistoriayhdistys.fi\/historiayhdistys\/aleksis-kiven-paivan-viesti-veteraani-paavo-salmensuulta\/#article","isPartOf":{"@id":"http:\/\/www.rukajarvensuunnanhistoriayhdistys.fi\/historiayhdistys\/aleksis-kiven-paivan-viesti-veteraani-paavo-salmensuulta\/"},"author":{"name":"RSHY","@id":"https:\/\/www.rukajarvensuunnanhistoriayhdistys.fi\/historiayhdistys\/#\/schema\/person\/19de7db68bf72dfd2b5d7f6dfbf8454d"},"headline":"Aleksis Kiven p\u00e4iv\u00e4n viesti veteraani Paavo Salmensuulta.","datePublished":"2014-10-11T17:22:14+00:00","dateModified":"2014-10-16T18:45:23+00:00","mainEntityOfPage":{"@id":"http:\/\/www.rukajarvensuunnanhistoriayhdistys.fi\/historiayhdistys\/aleksis-kiven-paivan-viesti-veteraani-paavo-salmensuulta\/"},"wordCount":495,"publisher":{"@id":"https:\/\/www.rukajarvensuunnanhistoriayhdistys.fi\/historiayhdistys\/#organization"},"image":{"@id":"http:\/\/www.rukajarvensuunnanhistoriayhdistys.fi\/historiayhdistys\/aleksis-kiven-paivan-viesti-veteraani-paavo-salmensuulta\/#primaryimage"},"thumbnailUrl":"http:\/\/www.rukajarvensuunnanhistoriayhdistys.fi\/historiayhdistys\/wp-content\/uploads\/2014\/10\/Salmensuu-ja-Kuokkanen-10-10-2014-3.jpg","articleSection":["Ajankohtaista"],"inLanguage":"fi"},{"@type":"WebPage","@id":"http:\/\/www.rukajarvensuunnanhistoriayhdistys.fi\/historiayhdistys\/aleksis-kiven-paivan-viesti-veteraani-paavo-salmensuulta\/","url":"http:\/\/www.rukajarvensuunnanhistoriayhdistys.fi\/historiayhdistys\/aleksis-kiven-paivan-viesti-veteraani-paavo-salmensuulta\/","name":"Aleksis Kiven p\u00e4iv\u00e4n viesti veteraani Paavo Salmensuulta. - Rukaj\u00e4rven suunnan historiayhdistys","isPartOf":{"@id":"https:\/\/www.rukajarvensuunnanhistoriayhdistys.fi\/historiayhdistys\/#website"},"primaryImageOfPage":{"@id":"http:\/\/www.rukajarvensuunnanhistoriayhdistys.fi\/historiayhdistys\/aleksis-kiven-paivan-viesti-veteraani-paavo-salmensuulta\/#primaryimage"},"image":{"@id":"http:\/\/www.rukajarvensuunnanhistoriayhdistys.fi\/historiayhdistys\/aleksis-kiven-paivan-viesti-veteraani-paavo-salmensuulta\/#primaryimage"},"thumbnailUrl":"http:\/\/www.rukajarvensuunnanhistoriayhdistys.fi\/historiayhdistys\/wp-content\/uploads\/2014\/10\/Salmensuu-ja-Kuokkanen-10-10-2014-3.jpg","datePublished":"2014-10-11T17:22:14+00:00","dateModified":"2014-10-16T18:45:23+00:00","breadcrumb":{"@id":"http:\/\/www.rukajarvensuunnanhistoriayhdistys.fi\/historiayhdistys\/aleksis-kiven-paivan-viesti-veteraani-paavo-salmensuulta\/#breadcrumb"},"inLanguage":"fi","potentialAction":[{"@type":"ReadAction","target":["http:\/\/www.rukajarvensuunnanhistoriayhdistys.fi\/historiayhdistys\/aleksis-kiven-paivan-viesti-veteraani-paavo-salmensuulta\/"]}]},{"@type":"ImageObject","inLanguage":"fi","@id":"http:\/\/www.rukajarvensuunnanhistoriayhdistys.fi\/historiayhdistys\/aleksis-kiven-paivan-viesti-veteraani-paavo-salmensuulta\/#primaryimage","url":"http:\/\/www.rukajarvensuunnanhistoriayhdistys.fi\/historiayhdistys\/wp-content\/uploads\/2014\/10\/Salmensuu-ja-Kuokkanen-10-10-2014-3.jpg","contentUrl":"http:\/\/www.rukajarvensuunnanhistoriayhdistys.fi\/historiayhdistys\/wp-content\/uploads\/2014\/10\/Salmensuu-ja-Kuokkanen-10-10-2014-3.jpg","width":1754,"height":1240,"caption":"Yhdistyksen sihteeri Leevi Kuokkanen luovutti muistoksi Paavo Salmensuulle (s. 22.11.1922) Raappanan Nyrkki kirjan ja kiiti h\u00e4nen ty\u00f6st\u00e4\u00e4n Rukaj\u00e4rven suunnan perinnety\u00f6n hyv\u00e4ksi tekem\u00e4st\u00e4\u00e4n ty\u00f6st\u00e4 ja ty\u00f6skentelyst\u00e4\u00e4n yhdistyksen hallituksen j\u00e4senen\u00e4."},{"@type":"BreadcrumbList","@id":"http:\/\/www.rukajarvensuunnanhistoriayhdistys.fi\/historiayhdistys\/aleksis-kiven-paivan-viesti-veteraani-paavo-salmensuulta\/#breadcrumb","itemListElement":[{"@type":"ListItem","position":1,"name":"Etusivu","item":"https:\/\/www.rukajarvensuunnanhistoriayhdistys.fi\/historiayhdistys\/"},{"@type":"ListItem","position":2,"name":"Aleksis Kiven p\u00e4iv\u00e4n viesti veteraani Paavo Salmensuulta."}]},{"@type":"WebSite","@id":"https:\/\/www.rukajarvensuunnanhistoriayhdistys.fi\/historiayhdistys\/#website","url":"https:\/\/www.rukajarvensuunnanhistoriayhdistys.fi\/historiayhdistys\/","name":"Rukaj\u00e4rven suunnan historiayhdistys","description":"Rukaj\u00e4rven suunnan historiayhdistyksen verkkosivut.","publisher":{"@id":"https:\/\/www.rukajarvensuunnanhistoriayhdistys.fi\/historiayhdistys\/#organization"},"potentialAction":[{"@type":"SearchAction","target":{"@type":"EntryPoint","urlTemplate":"https:\/\/www.rukajarvensuunnanhistoriayhdistys.fi\/historiayhdistys\/?s={search_term_string}"},"query-input":{"@type":"PropertyValueSpecification","valueRequired":true,"valueName":"search_term_string"}}],"inLanguage":"fi"},{"@type":"Organization","@id":"https:\/\/www.rukajarvensuunnanhistoriayhdistys.fi\/historiayhdistys\/#organization","name":"Rukaj\u00e4rven suunnan historiayhdistys","url":"https:\/\/www.rukajarvensuunnanhistoriayhdistys.fi\/historiayhdistys\/","logo":{"@type":"ImageObject","inLanguage":"fi","@id":"https:\/\/www.rukajarvensuunnanhistoriayhdistys.fi\/historiayhdistys\/#\/schema\/logo\/image\/","url":"http:\/\/www.rukajarvensuunnanhistoriayhdistys.fi\/historiayhdistys\/wp-content\/uploads\/2013\/12\/Otsake_3.jpg","contentUrl":"http:\/\/www.rukajarvensuunnanhistoriayhdistys.fi\/historiayhdistys\/wp-content\/uploads\/2013\/12\/Otsake_3.jpg","width":1000,"height":442,"caption":"Rukaj\u00e4rven suunnan historiayhdistys"},"image":{"@id":"https:\/\/www.rukajarvensuunnanhistoriayhdistys.fi\/historiayhdistys\/#\/schema\/logo\/image\/"}},{"@type":"Person","@id":"https:\/\/www.rukajarvensuunnanhistoriayhdistys.fi\/historiayhdistys\/#\/schema\/person\/19de7db68bf72dfd2b5d7f6dfbf8454d","name":"RSHY","image":{"@type":"ImageObject","inLanguage":"fi","@id":"https:\/\/secure.gravatar.com\/avatar\/598d59263a69cc8de65fcb4f9db78d6f58c098cb0e0ba22d73377441af9fa04c?s=96&d=blank&r=g","url":"https:\/\/secure.gravatar.com\/avatar\/598d59263a69cc8de65fcb4f9db78d6f58c098cb0e0ba22d73377441af9fa04c?s=96&d=blank&r=g","contentUrl":"https:\/\/secure.gravatar.com\/avatar\/598d59263a69cc8de65fcb4f9db78d6f58c098cb0e0ba22d73377441af9fa04c?s=96&d=blank&r=g","caption":"RSHY"},"url":"http:\/\/www.rukajarvensuunnanhistoriayhdistys.fi\/historiayhdistys\/author\/rshy\/"}]}},"_links":{"self":[{"href":"http:\/\/www.rukajarvensuunnanhistoriayhdistys.fi\/historiayhdistys\/wp-json\/wp\/v2\/posts\/9246","targetHints":{"allow":["GET"]}}],"collection":[{"href":"http:\/\/www.rukajarvensuunnanhistoriayhdistys.fi\/historiayhdistys\/wp-json\/wp\/v2\/posts"}],"about":[{"href":"http:\/\/www.rukajarvensuunnanhistoriayhdistys.fi\/historiayhdistys\/wp-json\/wp\/v2\/types\/post"}],"author":[{"embeddable":true,"href":"http:\/\/www.rukajarvensuunnanhistoriayhdistys.fi\/historiayhdistys\/wp-json\/wp\/v2\/users\/3"}],"replies":[{"embeddable":true,"href":"http:\/\/www.rukajarvensuunnanhistoriayhdistys.fi\/historiayhdistys\/wp-json\/wp\/v2\/comments?post=9246"}],"version-history":[{"count":5,"href":"http:\/\/www.rukajarvensuunnanhistoriayhdistys.fi\/historiayhdistys\/wp-json\/wp\/v2\/posts\/9246\/revisions"}],"predecessor-version":[{"id":9292,"href":"http:\/\/www.rukajarvensuunnanhistoriayhdistys.fi\/historiayhdistys\/wp-json\/wp\/v2\/posts\/9246\/revisions\/9292"}],"wp:featuredmedia":[{"embeddable":true,"href":"http:\/\/www.rukajarvensuunnanhistoriayhdistys.fi\/historiayhdistys\/wp-json\/wp\/v2\/media\/9247"}],"wp:attachment":[{"href":"http:\/\/www.rukajarvensuunnanhistoriayhdistys.fi\/historiayhdistys\/wp-json\/wp\/v2\/media?parent=9246"}],"wp:term":[{"taxonomy":"category","embeddable":true,"href":"http:\/\/www.rukajarvensuunnanhistoriayhdistys.fi\/historiayhdistys\/wp-json\/wp\/v2\/categories?post=9246"},{"taxonomy":"post_tag","embeddable":true,"href":"http:\/\/www.rukajarvensuunnanhistoriayhdistys.fi\/historiayhdistys\/wp-json\/wp\/v2\/tags?post=9246"}],"curies":[{"name":"wp","href":"https:\/\/api.w.org\/{rel}","templated":true}]}}