{"id":9257,"date":"2014-10-12T12:40:48","date_gmt":"2014-10-12T09:40:48","guid":{"rendered":"http:\/\/www.rukajarvensuunnanhistoriayhdistys.fi\/historiayhdistys\/?p=9257"},"modified":"2014-10-16T21:38:13","modified_gmt":"2014-10-16T18:38:13","slug":"jukolan-motin-kodan-rakentaminen-kaynnistyy-talkootyon-kutsu","status":"publish","type":"post","link":"http:\/\/www.rukajarvensuunnanhistoriayhdistys.fi\/historiayhdistys\/jukolan-motin-kodan-rakentaminen-kaynnistyy-talkootyon-kutsu\/","title":{"rendered":"Jukolan Motin kodan rakentaminen k\u00e4ynnistyy &#8211; Talkooty\u00f6n kutsu"},"content":{"rendered":"<div class=\"fcbkbttn_buttons_block\" id=\"fcbkbttn_left\"><div class=\"fcbkbttn_like \"><fb:like href=\"http:\/\/www.rukajarvensuunnanhistoriayhdistys.fi\/historiayhdistys\/jukolan-motin-kodan-rakentaminen-kaynnistyy-talkootyon-kutsu\/\" action=\"like\" colorscheme=\"light\" layout=\"button_count\"  size=\"small\"><\/fb:like><\/div><\/div><p><strong>Jukolan Motin kodan rakentaminen k\u00e4ynnistyy<\/strong><\/p>\n<figure id=\"attachment_9258\" aria-describedby=\"caption-attachment-9258\" style=\"width: 1754px\" class=\"wp-caption alignnone\"><a href=\"http:\/\/www.rukajarvensuunnanhistoriayhdistys.fi\/historiayhdistys\/wp-content\/uploads\/2014\/10\/Jukolan-motti-\u00c4n\u00e4k\u00e4inen-kartta.jpg\"><img loading=\"lazy\" decoding=\"async\" class=\"wp-image-9258 size-full\" src=\"http:\/\/www.rukajarvensuunnanhistoriayhdistys.fi\/historiayhdistys\/wp-content\/uploads\/2014\/10\/Jukolan-motti-\u00c4n\u00e4k\u00e4inen-kartta.jpg\" alt=\"Jukolan Motti ja \u00c4n\u00e4k\u00e4inen - hanke 2014 - 2016\" width=\"1754\" height=\"1240\" data-id=\"9258\" srcset=\"http:\/\/www.rukajarvensuunnanhistoriayhdistys.fi\/historiayhdistys\/wp-content\/uploads\/2014\/10\/Jukolan-motti-\u00c4n\u00e4k\u00e4inen-kartta.jpg 1754w, http:\/\/www.rukajarvensuunnanhistoriayhdistys.fi\/historiayhdistys\/wp-content\/uploads\/2014\/10\/Jukolan-motti-\u00c4n\u00e4k\u00e4inen-kartta-300x212.jpg 300w, http:\/\/www.rukajarvensuunnanhistoriayhdistys.fi\/historiayhdistys\/wp-content\/uploads\/2014\/10\/Jukolan-motti-\u00c4n\u00e4k\u00e4inen-kartta-1024x723.jpg 1024w\" sizes=\"auto, (max-width: 1754px) 100vw, 1754px\" \/><\/a><figcaption id=\"caption-attachment-9258\" class=\"wp-caption-text\">Jukolan Motti ja \u00c4n\u00e4k\u00e4inen &#8211; hanke 2014 &#8211; 2016<\/figcaption><\/figure>\n<p>Aloitamme Jukolan Motin kodan rakentamisen tulevalla viikolla<\/p>\n<p>15.-16.10.2014 pohjan valumuotin tekeminen ja pohjan raudoittaminen<\/p>\n<p>17.10.2014 pohjan valu<\/p>\n<p>20.10.2014 aloitamme kodan pohjan harkkojen asentamisen<\/p>\n<p>21.10.2014 jatkamme sein\u00e4hirsien asentamisella<\/p>\n<p>22.-24.10.2014 jatketaan kattorakenteitten tekemisell\u00e4<\/p>\n<p>25.-26.10.2014 kattolaudoituksen tekeminen ja palakatteen asentaminen jatkuu<\/p>\n<p>25.-26.10.2014 toivotaan talkooty\u00f6h\u00f6n osallistuvan mahdollisimman monen henkil\u00f6n<\/p>\n<p>Kota tulee olemaan yleisess\u00e4 k\u00e4yt\u00f6ss\u00e4 ja se on tarkoitettu erityisesti Rukaj\u00e4rven tien matkailijoitten k\u00e4ytt\u00f6\u00f6n. Kodan pohjan pinta-ala on 59 m<sup>2<\/sup> ja kodan sis\u00e4lle mahtuu n. 60 henkil\u00f6\u00e4 eli tilat on t\u00e4ydelle bussilastille. Matkailijaryhm\u00e4lle voidaan kodassa pit\u00e4\u00e4 luentoja s\u00e4\u00e4ll\u00e4 kuin s\u00e4\u00e4ll\u00e4 ja siin\u00e4 voidaan tarjoilla v\u00e4lipalaa, kahvia tai paistaa makkaraa. Jukolan Motissa rakennusta voidaan pit\u00e4\u00e4 tukikohtana tutustuttaessa l\u00e4hiseudun sotahistorian kohteisiin, Salpaetuasemiin, Vornasen vaaran luolastoon ja alueen panssariesteisiin.<\/p>\n<figure id=\"attachment_9259\" aria-describedby=\"caption-attachment-9259\" style=\"width: 1463px\" class=\"wp-caption alignnone\"><a href=\"http:\/\/www.rukajarvensuunnanhistoriayhdistys.fi\/historiayhdistys\/wp-content\/uploads\/2014\/10\/Ovisivu-2-2.jpg\"><img loading=\"lazy\" decoding=\"async\" class=\"wp-image-9259 size-full\" src=\"http:\/\/www.rukajarvensuunnanhistoriayhdistys.fi\/historiayhdistys\/wp-content\/uploads\/2014\/10\/Ovisivu-2-2.jpg\" alt=\"Jukolan Motin kodan piitustus. Julkisivu l\u00e4nnest\u00e4 Rukaj\u00e4rven tielt\u00e4 p\u00e4in \" width=\"1463\" height=\"862\" data-id=\"9259\" srcset=\"http:\/\/www.rukajarvensuunnanhistoriayhdistys.fi\/historiayhdistys\/wp-content\/uploads\/2014\/10\/Ovisivu-2-2.jpg 1463w, http:\/\/www.rukajarvensuunnanhistoriayhdistys.fi\/historiayhdistys\/wp-content\/uploads\/2014\/10\/Ovisivu-2-2-300x176.jpg 300w, http:\/\/www.rukajarvensuunnanhistoriayhdistys.fi\/historiayhdistys\/wp-content\/uploads\/2014\/10\/Ovisivu-2-2-1024x603.jpg 1024w\" sizes=\"auto, (max-width: 1463px) 100vw, 1463px\" \/><\/a><figcaption id=\"caption-attachment-9259\" class=\"wp-caption-text\">Jukolan Motin kodan piitustus. Julkisivu l\u00e4nnest\u00e4 Rukaj\u00e4rven tielt\u00e4 p\u00e4in<\/figcaption><\/figure>\n<figure id=\"attachment_9260\" aria-describedby=\"caption-attachment-9260\" style=\"width: 1510px\" class=\"wp-caption alignnone\"><a href=\"http:\/\/www.rukajarvensuunnanhistoriayhdistys.fi\/historiayhdistys\/wp-content\/uploads\/2014\/10\/Ovisivu-1-1.jpg\"><img loading=\"lazy\" decoding=\"async\" class=\"wp-image-9260 size-full\" src=\"http:\/\/www.rukajarvensuunnanhistoriayhdistys.fi\/historiayhdistys\/wp-content\/uploads\/2014\/10\/Ovisivu-1-1.jpg\" alt=\"Jukolan motin kota, julkisivu, id\u00e4n suunnalta katsottuna.\" width=\"1510\" height=\"900\" data-id=\"9260\" srcset=\"http:\/\/www.rukajarvensuunnanhistoriayhdistys.fi\/historiayhdistys\/wp-content\/uploads\/2014\/10\/Ovisivu-1-1.jpg 1510w, http:\/\/www.rukajarvensuunnanhistoriayhdistys.fi\/historiayhdistys\/wp-content\/uploads\/2014\/10\/Ovisivu-1-1-300x178.jpg 300w, http:\/\/www.rukajarvensuunnanhistoriayhdistys.fi\/historiayhdistys\/wp-content\/uploads\/2014\/10\/Ovisivu-1-1-1024x610.jpg 1024w\" sizes=\"auto, (max-width: 1510px) 100vw, 1510px\" \/><\/a><figcaption id=\"caption-attachment-9260\" class=\"wp-caption-text\">Jukolan motin kota, julkisivu, id\u00e4n suunnalta katsottuna.<\/figcaption><\/figure>\n<figure id=\"attachment_9262\" aria-describedby=\"caption-attachment-9262\" style=\"width: 896px\" class=\"wp-caption alignnone\"><a href=\"http:\/\/www.rukajarvensuunnanhistoriayhdistys.fi\/historiayhdistys\/wp-content\/uploads\/2014\/10\/Pohja1.jpg\"><img loading=\"lazy\" decoding=\"async\" class=\"wp-image-9262 size-full\" src=\"http:\/\/www.rukajarvensuunnanhistoriayhdistys.fi\/historiayhdistys\/wp-content\/uploads\/2014\/10\/Pohja1.jpg\" alt=\"Jukolan Motin pohjapiirustus. \" width=\"896\" height=\"651\" data-id=\"9262\" srcset=\"http:\/\/www.rukajarvensuunnanhistoriayhdistys.fi\/historiayhdistys\/wp-content\/uploads\/2014\/10\/Pohja1.jpg 896w, http:\/\/www.rukajarvensuunnanhistoriayhdistys.fi\/historiayhdistys\/wp-content\/uploads\/2014\/10\/Pohja1-300x217.jpg 300w\" sizes=\"auto, (max-width: 896px) 100vw, 896px\" \/><\/a><figcaption id=\"caption-attachment-9262\" class=\"wp-caption-text\">Jukolan Motin pohjapiirustus.<\/figcaption><\/figure>\n<p>Jukolan Motin rakennus tulee toimimaan my\u00f6s tulevan kes\u00e4n aikana tukikohtana, kun puolustusvoimat suorittaa l\u00e4hialueen Jatkosodan aikaisten rakenteitten kunnostust\u00f6it\u00e4 kertausharjoitusty\u00f6n\u00e4. Tulevan kes\u00e4n aikana kunnostetaan Salpaetuaseman taisteluhautoja ja panssariesteit\u00e4. \u00c4n\u00e4k\u00e4isen Salpaetuaseman taisteluhaudan rakenteet ovat lahonneet ja kiireellisen kunnostuksen tarpeessa. Lahonneet hirsirakenteet ovat vaaraksi alueella liikkuville matkailijoille ja my\u00f6s t\u00e4st\u00e4 syyst\u00e4 korjausty\u00f6 on v\u00e4ltt\u00e4m\u00e4t\u00f6nt\u00e4 suorittaa kiireellisesti.<\/p>\n<p>Kertausharjoitusy\u00f6n\u00e4 suoritettava \u00c4n\u00e4k\u00e4isen korjausty\u00f6 jatkuu vuoden 2016 puolella Vornasen vaaran konekiv\u00e4\u00e4ripes\u00e4kkeen kunnostuksella.<\/p>\n<p>Talkoov\u00e4ki majoittuu Nurmij\u00e4rven kansakoululle Er\u00e4stelyn yhteismajoitustiloihin, ruokailu kevyt kentt\u00e4ruokailu.<\/p>\n<p>Tervetuloa talkooty\u00f6h\u00f6n. Ty\u00f6t\u00e4 riitt\u00e4\u00e4 kaikille, joten kaikki halukkaat p\u00e4\u00e4sev\u00e4t mukaan ja talkoomiehi\u00e4 tarvitaan.<\/p>\n<p>Lis\u00e4tietoa yhdistyksen hallituksen j\u00e4senilt\u00e4 (<a href=\"http:\/\/www.rukajarvensuunnanhistoriayhdistys.fi\/historiayhdistys\/tausta\/yhteystiedot\/\">http:\/\/www.rukajarvensuunnanhistoriayhdistys.fi\/historiayhdistys\/tausta\/yhteystiedot\/<\/a>).<\/p>\n<p>&nbsp;<\/p>\n<p>Tenho Tikkanen<\/p>\n<p>puheenjohtaja<\/p>\n<p>Seuraavassa palaamme Rukaj\u00e4rven tielle, jolloin sit\u00e4 suunniteltiin yhdess\u00e4 veteraanien kanssa:<\/p>\n<figure id=\"attachment_9250\" aria-describedby=\"caption-attachment-9250\" style=\"width: 1754px\" class=\"wp-caption alignnone\"><a href=\"http:\/\/www.rukajarvensuunnanhistoriayhdistys.fi\/historiayhdistys\/wp-content\/uploads\/2014\/10\/Salmensuu-Jukolan-Motti-2008.jpg\"><img loading=\"lazy\" decoding=\"async\" class=\"wp-image-9250 size-full\" src=\"http:\/\/www.rukajarvensuunnanhistoriayhdistys.fi\/historiayhdistys\/wp-content\/uploads\/2014\/10\/Salmensuu-Jukolan-Motti-2008.jpg\" alt=\"Jukolan Motin Jatkosodan aikaiseen huolto- ja koulutuskeskukseen tutustumassa, Paavo Salmensuu, Armas Tuononen ja Tauno Tikkanen. Kuva 23.7.2008. Tuolla matkalla veteraanit k\u00e4viv\u00e4t Kolilla, tutustuivat Ilomantsin taistelupaikkoihin, k\u00e4viv\u00e4t It\u00e4pistell\u00e4, Taistelijantalolla, Suomulla, Inarin rajanylityspaikalla ja kiersiv\u00e4t viel\u00e4 kaikki tulevan Rukaj\u00e4rven tien kohteet Kivivaaraa my\u00f6ten.\" width=\"1754\" height=\"1240\" data-id=\"9250\" srcset=\"http:\/\/www.rukajarvensuunnanhistoriayhdistys.fi\/historiayhdistys\/wp-content\/uploads\/2014\/10\/Salmensuu-Jukolan-Motti-2008.jpg 1754w, http:\/\/www.rukajarvensuunnanhistoriayhdistys.fi\/historiayhdistys\/wp-content\/uploads\/2014\/10\/Salmensuu-Jukolan-Motti-2008-300x212.jpg 300w, http:\/\/www.rukajarvensuunnanhistoriayhdistys.fi\/historiayhdistys\/wp-content\/uploads\/2014\/10\/Salmensuu-Jukolan-Motti-2008-1024x723.jpg 1024w\" sizes=\"auto, (max-width: 1754px) 100vw, 1754px\" \/><\/a><figcaption id=\"caption-attachment-9250\" class=\"wp-caption-text\">Jukolan Motin Jatkosodan aikaiseen huolto- ja koulutuskeskukseen tutustumassa, Paavo Salmensuu, Armas Tuononen ja Tauno Tikkanen. Kuva 23.7.2008. Tuolla matkalla veteraanit k\u00e4viv\u00e4t Kolilla, tutustuivat Ilomantsin taistelupaikkoihin, k\u00e4viv\u00e4t It\u00e4pistell\u00e4, Taistelijantalolla, Suomulla, Inarin rajanylityspaikalla ja kiersiv\u00e4t viel\u00e4 kaikki tulevan Rukaj\u00e4rven tien kohteet Kivivaaraa my\u00f6ten.<\/figcaption><\/figure>\n<figure id=\"attachment_9268\" aria-describedby=\"caption-attachment-9268\" style=\"width: 1754px\" class=\"wp-caption alignnone\"><a href=\"http:\/\/www.rukajarvensuunnanhistoriayhdistys.fi\/historiayhdistys\/wp-content\/uploads\/2014\/10\/Jukolan-motti-50-DSC01036-alempi-res.jpg\"><img loading=\"lazy\" decoding=\"async\" class=\"wp-image-9268 size-full\" src=\"http:\/\/www.rukajarvensuunnanhistoriayhdistys.fi\/historiayhdistys\/wp-content\/uploads\/2014\/10\/Jukolan-motti-50-DSC01036-alempi-res.jpg\" alt=\"Katselmus Jukolan Motissa 7.6.2011. Antti Haapalainen, Tauno Oksanen, Mikko Huusko. Taustalla aiemmin paikalle v. 1994 rakennettu Talvisodan taisteluitten opaste.\" width=\"1754\" height=\"1240\" data-id=\"9268\" srcset=\"http:\/\/www.rukajarvensuunnanhistoriayhdistys.fi\/historiayhdistys\/wp-content\/uploads\/2014\/10\/Jukolan-motti-50-DSC01036-alempi-res.jpg 1754w, http:\/\/www.rukajarvensuunnanhistoriayhdistys.fi\/historiayhdistys\/wp-content\/uploads\/2014\/10\/Jukolan-motti-50-DSC01036-alempi-res-300x212.jpg 300w, http:\/\/www.rukajarvensuunnanhistoriayhdistys.fi\/historiayhdistys\/wp-content\/uploads\/2014\/10\/Jukolan-motti-50-DSC01036-alempi-res-1024x723.jpg 1024w\" sizes=\"auto, (max-width: 1754px) 100vw, 1754px\" \/><\/a><figcaption id=\"caption-attachment-9268\" class=\"wp-caption-text\">Katselmus Jukolan Motissa 7.6.2011. Antti Haapalainen, Tauno Oksanen, Kimmo Vitri, Mikko Huusko. Taustalla aiemmin paikalle v. 1994 rakennettu Talvisodan taisteluitten opaste.<\/figcaption><\/figure>\n<figure id=\"attachment_9264\" aria-describedby=\"caption-attachment-9264\" style=\"width: 1754px\" class=\"wp-caption alignnone\"><a href=\"http:\/\/www.rukajarvensuunnanhistoriayhdistys.fi\/historiayhdistys\/wp-content\/uploads\/2014\/10\/Jukolan-Motti-talkoomiehet-DSC01241.jpg\"><img loading=\"lazy\" decoding=\"async\" class=\"wp-image-9264 size-full\" src=\"http:\/\/www.rukajarvensuunnanhistoriayhdistys.fi\/historiayhdistys\/wp-content\/uploads\/2014\/10\/Jukolan-Motti-talkoomiehet-DSC01241.jpg\" alt=\"Rukaj\u00e4rven tien opasteet pystytettiin 18.6.2011 j\u00e4rjestetyill\u00e4 talkoilla. Talkooty\u00f6h\u00f6n osallistui kaikkiaan 53 henkil\u00f6\u00e4. Kuvassa Jukolan Motin opasteen pystytt\u00e4miseen osallistunut talkooporukka.\" width=\"1754\" height=\"1240\" data-id=\"9264\" srcset=\"http:\/\/www.rukajarvensuunnanhistoriayhdistys.fi\/historiayhdistys\/wp-content\/uploads\/2014\/10\/Jukolan-Motti-talkoomiehet-DSC01241.jpg 1754w, http:\/\/www.rukajarvensuunnanhistoriayhdistys.fi\/historiayhdistys\/wp-content\/uploads\/2014\/10\/Jukolan-Motti-talkoomiehet-DSC01241-300x212.jpg 300w, http:\/\/www.rukajarvensuunnanhistoriayhdistys.fi\/historiayhdistys\/wp-content\/uploads\/2014\/10\/Jukolan-Motti-talkoomiehet-DSC01241-1024x723.jpg 1024w\" sizes=\"auto, (max-width: 1754px) 100vw, 1754px\" \/><\/a><figcaption id=\"caption-attachment-9264\" class=\"wp-caption-text\">Rukaj\u00e4rven tien opasteet pystytettiin 18.6.2011 j\u00e4rjestetyill\u00e4 talkoilla. Talkooty\u00f6h\u00f6n osallistui kaikkiaan 53 henkil\u00f6\u00e4. Kuvassa Jukolan Motin opasteen pystytt\u00e4miseen osallistunut talkooporukka.<\/figcaption><\/figure>\n<figure id=\"attachment_9267\" aria-describedby=\"caption-attachment-9267\" style=\"width: 1754px\" class=\"wp-caption alignnone\"><a href=\"http:\/\/www.rukajarvensuunnanhistoriayhdistys.fi\/historiayhdistys\/wp-content\/uploads\/2014\/10\/IMG_6230-Jukolan-Motti-Panu-Karkkainen-alempi-res.jpg\"><img loading=\"lazy\" decoding=\"async\" class=\"wp-image-9267 size-full\" src=\"http:\/\/www.rukajarvensuunnanhistoriayhdistys.fi\/historiayhdistys\/wp-content\/uploads\/2014\/10\/IMG_6230-Jukolan-Motti-Panu-Karkkainen-alempi-res.jpg\" alt=\"Rukaj\u00e4rven tie nimettiin Jukolan Motissa 2.7.2011 pidetyss\u00e4 juhlassa. Rukaj\u00e4rven tien viitan paljastivat Lieksan kaupunginhallituksen puheenjohtaja Maija.Liisa Riikonen ja kaupunginjohtaja Esko Lehto.\" width=\"1754\" height=\"1240\" data-id=\"9267\" srcset=\"http:\/\/www.rukajarvensuunnanhistoriayhdistys.fi\/historiayhdistys\/wp-content\/uploads\/2014\/10\/IMG_6230-Jukolan-Motti-Panu-Karkkainen-alempi-res.jpg 1754w, http:\/\/www.rukajarvensuunnanhistoriayhdistys.fi\/historiayhdistys\/wp-content\/uploads\/2014\/10\/IMG_6230-Jukolan-Motti-Panu-Karkkainen-alempi-res-300x212.jpg 300w, http:\/\/www.rukajarvensuunnanhistoriayhdistys.fi\/historiayhdistys\/wp-content\/uploads\/2014\/10\/IMG_6230-Jukolan-Motti-Panu-Karkkainen-alempi-res-1024x723.jpg 1024w\" sizes=\"auto, (max-width: 1754px) 100vw, 1754px\" \/><\/a><figcaption id=\"caption-attachment-9267\" class=\"wp-caption-text\">Rukaj\u00e4rven tie nimettiin Jukolan Motissa 2.7.2011 pidetyss\u00e4 juhlassa. Rukaj\u00e4rven tien viitan paljastivat Lieksan kaupunginhallituksen puheenjohtaja Maija.Liisa Riikonen ja kaupunginjohtaja Esko Lehto. Rukaj\u00e4rven tien vihki k\u00e4ytt\u00f6\u00f6n kenraaliluutnantti Ermei Kanninen.<\/figcaption><\/figure>\n<figure id=\"attachment_9263\" aria-describedby=\"caption-attachment-9263\" style=\"width: 1754px\" class=\"wp-caption alignnone\"><a href=\"http:\/\/www.rukajarvensuunnanhistoriayhdistys.fi\/historiayhdistys\/wp-content\/uploads\/2014\/10\/Jukolan-motti-Antero-2-7-2011-Alempi-resol.jpg\"><img loading=\"lazy\" decoding=\"async\" class=\"wp-image-9263 size-full\" src=\"http:\/\/www.rukajarvensuunnanhistoriayhdistys.fi\/historiayhdistys\/wp-content\/uploads\/2014\/10\/Jukolan-motti-Antero-2-7-2011-Alempi-resol.jpg\" alt=\"Jukolan motin opasteet on juuri paljastettu, vasemmalta, Leevi Kuokkanen, Pentti K\u00e4rkk\u00e4inen, Timo Laukkanen ja Antero Huttunen.\" width=\"1754\" height=\"1240\" data-id=\"9263\" srcset=\"http:\/\/www.rukajarvensuunnanhistoriayhdistys.fi\/historiayhdistys\/wp-content\/uploads\/2014\/10\/Jukolan-motti-Antero-2-7-2011-Alempi-resol.jpg 1754w, http:\/\/www.rukajarvensuunnanhistoriayhdistys.fi\/historiayhdistys\/wp-content\/uploads\/2014\/10\/Jukolan-motti-Antero-2-7-2011-Alempi-resol-300x212.jpg 300w, http:\/\/www.rukajarvensuunnanhistoriayhdistys.fi\/historiayhdistys\/wp-content\/uploads\/2014\/10\/Jukolan-motti-Antero-2-7-2011-Alempi-resol-1024x723.jpg 1024w\" sizes=\"auto, (max-width: 1754px) 100vw, 1754px\" \/><\/a><figcaption id=\"caption-attachment-9263\" class=\"wp-caption-text\">Jukolan motin opasteet on juuri paljastettu, vasemmalta, Leevi Kuokkanen, Pentti K\u00e4rkk\u00e4inen, Timo Laukkanen ja Antero Huttunen.<\/figcaption><\/figure>\n<figure id=\"attachment_9266\" aria-describedby=\"caption-attachment-9266\" style=\"width: 1754px\" class=\"wp-caption alignnone\"><a href=\"http:\/\/www.rukajarvensuunnanhistoriayhdistys.fi\/historiayhdistys\/wp-content\/uploads\/2014\/10\/Jukolan-motti-DSC01506-yleis\u00f6-alempi-resol.jpg\"><img loading=\"lazy\" decoding=\"async\" class=\"wp-image-9266 size-full\" src=\"http:\/\/www.rukajarvensuunnanhistoriayhdistys.fi\/historiayhdistys\/wp-content\/uploads\/2014\/10\/Jukolan-motti-DSC01506-yleis\u00f6-alempi-resol.jpg\" alt=\"Rukaj\u00e4rven tie nimettiin Jukolan Motissa 2.7.2011 pidetyss\u00e4 juhlassa. Juhlaan osallistui n. 100 henkil\u00f6\u00e4.\" width=\"1754\" height=\"1240\" data-id=\"9266\" srcset=\"http:\/\/www.rukajarvensuunnanhistoriayhdistys.fi\/historiayhdistys\/wp-content\/uploads\/2014\/10\/Jukolan-motti-DSC01506-yleis\u00f6-alempi-resol.jpg 1754w, http:\/\/www.rukajarvensuunnanhistoriayhdistys.fi\/historiayhdistys\/wp-content\/uploads\/2014\/10\/Jukolan-motti-DSC01506-yleis\u00f6-alempi-resol-300x212.jpg 300w, http:\/\/www.rukajarvensuunnanhistoriayhdistys.fi\/historiayhdistys\/wp-content\/uploads\/2014\/10\/Jukolan-motti-DSC01506-yleis\u00f6-alempi-resol-1024x723.jpg 1024w\" sizes=\"auto, (max-width: 1754px) 100vw, 1754px\" \/><\/a><figcaption id=\"caption-attachment-9266\" class=\"wp-caption-text\">Rukaj\u00e4rven tie nimettiin Jukolan Motissa 2.7.2011 pidetyss\u00e4 juhlassa. Juhlaan osallistui n. 100 henkil\u00f6\u00e4.<\/figcaption><\/figure>\n<p>&nbsp;<\/p>\n<p>&nbsp;<\/p>\n","protected":false},"excerpt":{"rendered":"<p>Jukolan Motin kodan rakentaminen k\u00e4ynnistyy Aloitamme Jukolan Motin kodan rakentamisen tulevalla viikolla 15.-16.10.2014 pohjan valumuotin tekeminen ja pohjan raudoittaminen 17.10.2014 pohjan valu 20.10.2014 aloitamme kodan pohjan harkkojen asentamisen 21.10.2014 jatkamme <a class=\"more-link\" href=\"http:\/\/www.rukajarvensuunnanhistoriayhdistys.fi\/historiayhdistys\/jukolan-motin-kodan-rakentaminen-kaynnistyy-talkootyon-kutsu\/\">Teksti jatkuu&#8230;<span class=\"screen-reader-text\">Jukolan Motin kodan rakentaminen k\u00e4ynnistyy &#8211; Talkooty\u00f6n kutsu<\/span><span class=\"meta-nav\">\u2192<\/span><\/a><\/p>\n","protected":false},"author":3,"featured_media":9260,"comment_status":"closed","ping_status":"open","sticky":false,"template":"","format":"standard","meta":{"footnotes":""},"categories":[22],"tags":[],"class_list":["post-9257","post","type-post","status-publish","format-standard","has-post-thumbnail","hentry","category-ajankohtaista"],"yoast_head":"<!-- This site is optimized with the Yoast SEO plugin v27.4 - https:\/\/yoast.com\/product\/yoast-seo-wordpress\/ -->\n<title>Jukolan Motin kodan rakentaminen k\u00e4ynnistyy - Talkooty\u00f6n kutsu - Rukaj\u00e4rven suunnan historiayhdistys<\/title>\n<meta name=\"robots\" content=\"index, follow, max-snippet:-1, max-image-preview:large, max-video-preview:-1\" \/>\n<link rel=\"canonical\" href=\"http:\/\/www.rukajarvensuunnanhistoriayhdistys.fi\/historiayhdistys\/jukolan-motin-kodan-rakentaminen-kaynnistyy-talkootyon-kutsu\/\" \/>\n<meta property=\"og:locale\" content=\"fi_FI\" \/>\n<meta property=\"og:type\" content=\"article\" \/>\n<meta property=\"og:title\" content=\"Jukolan Motin kodan rakentaminen k\u00e4ynnistyy - Talkooty\u00f6n kutsu - Rukaj\u00e4rven suunnan historiayhdistys\" \/>\n<meta property=\"og:description\" content=\"Jukolan Motin kodan rakentaminen k\u00e4ynnistyy Aloitamme Jukolan Motin kodan rakentamisen tulevalla viikolla 15.-16.10.2014 pohjan valumuotin tekeminen ja pohjan raudoittaminen 17.10.2014 pohjan valu 20.10.2014 aloitamme kodan pohjan harkkojen asentamisen 21.10.2014 jatkamme Teksti jatkuu...Jukolan Motin kodan rakentaminen k\u00e4ynnistyy &#8211; Talkooty\u00f6n kutsu\u2192\" \/>\n<meta property=\"og:url\" content=\"http:\/\/www.rukajarvensuunnanhistoriayhdistys.fi\/historiayhdistys\/jukolan-motin-kodan-rakentaminen-kaynnistyy-talkootyon-kutsu\/\" \/>\n<meta property=\"og:site_name\" content=\"Rukaj\u00e4rven suunnan historiayhdistys\" \/>\n<meta property=\"article:published_time\" content=\"2014-10-12T09:40:48+00:00\" \/>\n<meta property=\"article:modified_time\" content=\"2014-10-16T18:38:13+00:00\" \/>\n<meta property=\"og:image\" content=\"http:\/\/www.rukajarvensuunnanhistoriayhdistys.fi\/historiayhdistys\/wp-content\/uploads\/2014\/10\/Ovisivu-1-1.jpg\" \/>\n\t<meta property=\"og:image:width\" content=\"1510\" \/>\n\t<meta property=\"og:image:height\" content=\"900\" \/>\n\t<meta property=\"og:image:type\" content=\"image\/jpeg\" \/>\n<meta name=\"author\" content=\"RSHY\" \/>\n<meta name=\"twitter:label1\" content=\"Kirjoittanut\" \/>\n\t<meta name=\"twitter:data1\" content=\"RSHY\" \/>\n\t<meta name=\"twitter:label2\" content=\"Arvioitu lukuaika\" \/>\n\t<meta name=\"twitter:data2\" content=\"3 minuuttia\" \/>\n<script type=\"application\/ld+json\" class=\"yoast-schema-graph\">{\"@context\":\"https:\\\/\\\/schema.org\",\"@graph\":[{\"@type\":\"Article\",\"@id\":\"http:\\\/\\\/www.rukajarvensuunnanhistoriayhdistys.fi\\\/historiayhdistys\\\/jukolan-motin-kodan-rakentaminen-kaynnistyy-talkootyon-kutsu\\\/#article\",\"isPartOf\":{\"@id\":\"http:\\\/\\\/www.rukajarvensuunnanhistoriayhdistys.fi\\\/historiayhdistys\\\/jukolan-motin-kodan-rakentaminen-kaynnistyy-talkootyon-kutsu\\\/\"},\"author\":{\"name\":\"RSHY\",\"@id\":\"https:\\\/\\\/www.rukajarvensuunnanhistoriayhdistys.fi\\\/historiayhdistys\\\/#\\\/schema\\\/person\\\/19de7db68bf72dfd2b5d7f6dfbf8454d\"},\"headline\":\"Jukolan Motin kodan rakentaminen k\u00e4ynnistyy &#8211; Talkooty\u00f6n kutsu\",\"datePublished\":\"2014-10-12T09:40:48+00:00\",\"dateModified\":\"2014-10-16T18:38:13+00:00\",\"mainEntityOfPage\":{\"@id\":\"http:\\\/\\\/www.rukajarvensuunnanhistoriayhdistys.fi\\\/historiayhdistys\\\/jukolan-motin-kodan-rakentaminen-kaynnistyy-talkootyon-kutsu\\\/\"},\"wordCount\":536,\"publisher\":{\"@id\":\"https:\\\/\\\/www.rukajarvensuunnanhistoriayhdistys.fi\\\/historiayhdistys\\\/#organization\"},\"image\":{\"@id\":\"http:\\\/\\\/www.rukajarvensuunnanhistoriayhdistys.fi\\\/historiayhdistys\\\/jukolan-motin-kodan-rakentaminen-kaynnistyy-talkootyon-kutsu\\\/#primaryimage\"},\"thumbnailUrl\":\"http:\\\/\\\/www.rukajarvensuunnanhistoriayhdistys.fi\\\/historiayhdistys\\\/wp-content\\\/uploads\\\/2014\\\/10\\\/Ovisivu-1-1.jpg\",\"articleSection\":[\"Ajankohtaista\"],\"inLanguage\":\"fi\"},{\"@type\":\"WebPage\",\"@id\":\"http:\\\/\\\/www.rukajarvensuunnanhistoriayhdistys.fi\\\/historiayhdistys\\\/jukolan-motin-kodan-rakentaminen-kaynnistyy-talkootyon-kutsu\\\/\",\"url\":\"http:\\\/\\\/www.rukajarvensuunnanhistoriayhdistys.fi\\\/historiayhdistys\\\/jukolan-motin-kodan-rakentaminen-kaynnistyy-talkootyon-kutsu\\\/\",\"name\":\"Jukolan Motin kodan rakentaminen k\u00e4ynnistyy - Talkooty\u00f6n kutsu - Rukaj\u00e4rven suunnan historiayhdistys\",\"isPartOf\":{\"@id\":\"https:\\\/\\\/www.rukajarvensuunnanhistoriayhdistys.fi\\\/historiayhdistys\\\/#website\"},\"primaryImageOfPage\":{\"@id\":\"http:\\\/\\\/www.rukajarvensuunnanhistoriayhdistys.fi\\\/historiayhdistys\\\/jukolan-motin-kodan-rakentaminen-kaynnistyy-talkootyon-kutsu\\\/#primaryimage\"},\"image\":{\"@id\":\"http:\\\/\\\/www.rukajarvensuunnanhistoriayhdistys.fi\\\/historiayhdistys\\\/jukolan-motin-kodan-rakentaminen-kaynnistyy-talkootyon-kutsu\\\/#primaryimage\"},\"thumbnailUrl\":\"http:\\\/\\\/www.rukajarvensuunnanhistoriayhdistys.fi\\\/historiayhdistys\\\/wp-content\\\/uploads\\\/2014\\\/10\\\/Ovisivu-1-1.jpg\",\"datePublished\":\"2014-10-12T09:40:48+00:00\",\"dateModified\":\"2014-10-16T18:38:13+00:00\",\"breadcrumb\":{\"@id\":\"http:\\\/\\\/www.rukajarvensuunnanhistoriayhdistys.fi\\\/historiayhdistys\\\/jukolan-motin-kodan-rakentaminen-kaynnistyy-talkootyon-kutsu\\\/#breadcrumb\"},\"inLanguage\":\"fi\",\"potentialAction\":[{\"@type\":\"ReadAction\",\"target\":[\"http:\\\/\\\/www.rukajarvensuunnanhistoriayhdistys.fi\\\/historiayhdistys\\\/jukolan-motin-kodan-rakentaminen-kaynnistyy-talkootyon-kutsu\\\/\"]}]},{\"@type\":\"ImageObject\",\"inLanguage\":\"fi\",\"@id\":\"http:\\\/\\\/www.rukajarvensuunnanhistoriayhdistys.fi\\\/historiayhdistys\\\/jukolan-motin-kodan-rakentaminen-kaynnistyy-talkootyon-kutsu\\\/#primaryimage\",\"url\":\"http:\\\/\\\/www.rukajarvensuunnanhistoriayhdistys.fi\\\/historiayhdistys\\\/wp-content\\\/uploads\\\/2014\\\/10\\\/Ovisivu-1-1.jpg\",\"contentUrl\":\"http:\\\/\\\/www.rukajarvensuunnanhistoriayhdistys.fi\\\/historiayhdistys\\\/wp-content\\\/uploads\\\/2014\\\/10\\\/Ovisivu-1-1.jpg\",\"width\":1510,\"height\":900,\"caption\":\"Jukolan motin kota, julkisivu, id\u00e4n suunnalta katsottuna.\"},{\"@type\":\"BreadcrumbList\",\"@id\":\"http:\\\/\\\/www.rukajarvensuunnanhistoriayhdistys.fi\\\/historiayhdistys\\\/jukolan-motin-kodan-rakentaminen-kaynnistyy-talkootyon-kutsu\\\/#breadcrumb\",\"itemListElement\":[{\"@type\":\"ListItem\",\"position\":1,\"name\":\"Etusivu\",\"item\":\"https:\\\/\\\/www.rukajarvensuunnanhistoriayhdistys.fi\\\/historiayhdistys\\\/\"},{\"@type\":\"ListItem\",\"position\":2,\"name\":\"Jukolan Motin kodan rakentaminen k\u00e4ynnistyy &#8211; Talkooty\u00f6n kutsu\"}]},{\"@type\":\"WebSite\",\"@id\":\"https:\\\/\\\/www.rukajarvensuunnanhistoriayhdistys.fi\\\/historiayhdistys\\\/#website\",\"url\":\"https:\\\/\\\/www.rukajarvensuunnanhistoriayhdistys.fi\\\/historiayhdistys\\\/\",\"name\":\"Rukaj\u00e4rven suunnan historiayhdistys\",\"description\":\"Rukaj\u00e4rven suunnan historiayhdistyksen verkkosivut.\",\"publisher\":{\"@id\":\"https:\\\/\\\/www.rukajarvensuunnanhistoriayhdistys.fi\\\/historiayhdistys\\\/#organization\"},\"potentialAction\":[{\"@type\":\"SearchAction\",\"target\":{\"@type\":\"EntryPoint\",\"urlTemplate\":\"https:\\\/\\\/www.rukajarvensuunnanhistoriayhdistys.fi\\\/historiayhdistys\\\/?s={search_term_string}\"},\"query-input\":{\"@type\":\"PropertyValueSpecification\",\"valueRequired\":true,\"valueName\":\"search_term_string\"}}],\"inLanguage\":\"fi\"},{\"@type\":\"Organization\",\"@id\":\"https:\\\/\\\/www.rukajarvensuunnanhistoriayhdistys.fi\\\/historiayhdistys\\\/#organization\",\"name\":\"Rukaj\u00e4rven suunnan historiayhdistys\",\"url\":\"https:\\\/\\\/www.rukajarvensuunnanhistoriayhdistys.fi\\\/historiayhdistys\\\/\",\"logo\":{\"@type\":\"ImageObject\",\"inLanguage\":\"fi\",\"@id\":\"https:\\\/\\\/www.rukajarvensuunnanhistoriayhdistys.fi\\\/historiayhdistys\\\/#\\\/schema\\\/logo\\\/image\\\/\",\"url\":\"http:\\\/\\\/www.rukajarvensuunnanhistoriayhdistys.fi\\\/historiayhdistys\\\/wp-content\\\/uploads\\\/2013\\\/12\\\/Otsake_3.jpg\",\"contentUrl\":\"http:\\\/\\\/www.rukajarvensuunnanhistoriayhdistys.fi\\\/historiayhdistys\\\/wp-content\\\/uploads\\\/2013\\\/12\\\/Otsake_3.jpg\",\"width\":1000,\"height\":442,\"caption\":\"Rukaj\u00e4rven suunnan historiayhdistys\"},\"image\":{\"@id\":\"https:\\\/\\\/www.rukajarvensuunnanhistoriayhdistys.fi\\\/historiayhdistys\\\/#\\\/schema\\\/logo\\\/image\\\/\"}},{\"@type\":\"Person\",\"@id\":\"https:\\\/\\\/www.rukajarvensuunnanhistoriayhdistys.fi\\\/historiayhdistys\\\/#\\\/schema\\\/person\\\/19de7db68bf72dfd2b5d7f6dfbf8454d\",\"name\":\"RSHY\",\"image\":{\"@type\":\"ImageObject\",\"inLanguage\":\"fi\",\"@id\":\"https:\\\/\\\/secure.gravatar.com\\\/avatar\\\/598d59263a69cc8de65fcb4f9db78d6f58c098cb0e0ba22d73377441af9fa04c?s=96&d=blank&r=g\",\"url\":\"https:\\\/\\\/secure.gravatar.com\\\/avatar\\\/598d59263a69cc8de65fcb4f9db78d6f58c098cb0e0ba22d73377441af9fa04c?s=96&d=blank&r=g\",\"contentUrl\":\"https:\\\/\\\/secure.gravatar.com\\\/avatar\\\/598d59263a69cc8de65fcb4f9db78d6f58c098cb0e0ba22d73377441af9fa04c?s=96&d=blank&r=g\",\"caption\":\"RSHY\"},\"url\":\"http:\\\/\\\/www.rukajarvensuunnanhistoriayhdistys.fi\\\/historiayhdistys\\\/author\\\/rshy\\\/\"}]}<\/script>\n<!-- \/ Yoast SEO plugin. -->","yoast_head_json":{"title":"Jukolan Motin kodan rakentaminen k\u00e4ynnistyy - Talkooty\u00f6n kutsu - Rukaj\u00e4rven suunnan historiayhdistys","robots":{"index":"index","follow":"follow","max-snippet":"max-snippet:-1","max-image-preview":"max-image-preview:large","max-video-preview":"max-video-preview:-1"},"canonical":"http:\/\/www.rukajarvensuunnanhistoriayhdistys.fi\/historiayhdistys\/jukolan-motin-kodan-rakentaminen-kaynnistyy-talkootyon-kutsu\/","og_locale":"fi_FI","og_type":"article","og_title":"Jukolan Motin kodan rakentaminen k\u00e4ynnistyy - Talkooty\u00f6n kutsu - Rukaj\u00e4rven suunnan historiayhdistys","og_description":"Jukolan Motin kodan rakentaminen k\u00e4ynnistyy Aloitamme Jukolan Motin kodan rakentamisen tulevalla viikolla 15.-16.10.2014 pohjan valumuotin tekeminen ja pohjan raudoittaminen 17.10.2014 pohjan valu 20.10.2014 aloitamme kodan pohjan harkkojen asentamisen 21.10.2014 jatkamme Teksti jatkuu...Jukolan Motin kodan rakentaminen k\u00e4ynnistyy &#8211; Talkooty\u00f6n kutsu\u2192","og_url":"http:\/\/www.rukajarvensuunnanhistoriayhdistys.fi\/historiayhdistys\/jukolan-motin-kodan-rakentaminen-kaynnistyy-talkootyon-kutsu\/","og_site_name":"Rukaj\u00e4rven suunnan historiayhdistys","article_published_time":"2014-10-12T09:40:48+00:00","article_modified_time":"2014-10-16T18:38:13+00:00","og_image":[{"width":1510,"height":900,"url":"http:\/\/www.rukajarvensuunnanhistoriayhdistys.fi\/historiayhdistys\/wp-content\/uploads\/2014\/10\/Ovisivu-1-1.jpg","type":"image\/jpeg"}],"author":"RSHY","twitter_misc":{"Kirjoittanut":"RSHY","Arvioitu lukuaika":"3 minuuttia"},"schema":{"@context":"https:\/\/schema.org","@graph":[{"@type":"Article","@id":"http:\/\/www.rukajarvensuunnanhistoriayhdistys.fi\/historiayhdistys\/jukolan-motin-kodan-rakentaminen-kaynnistyy-talkootyon-kutsu\/#article","isPartOf":{"@id":"http:\/\/www.rukajarvensuunnanhistoriayhdistys.fi\/historiayhdistys\/jukolan-motin-kodan-rakentaminen-kaynnistyy-talkootyon-kutsu\/"},"author":{"name":"RSHY","@id":"https:\/\/www.rukajarvensuunnanhistoriayhdistys.fi\/historiayhdistys\/#\/schema\/person\/19de7db68bf72dfd2b5d7f6dfbf8454d"},"headline":"Jukolan Motin kodan rakentaminen k\u00e4ynnistyy &#8211; Talkooty\u00f6n kutsu","datePublished":"2014-10-12T09:40:48+00:00","dateModified":"2014-10-16T18:38:13+00:00","mainEntityOfPage":{"@id":"http:\/\/www.rukajarvensuunnanhistoriayhdistys.fi\/historiayhdistys\/jukolan-motin-kodan-rakentaminen-kaynnistyy-talkootyon-kutsu\/"},"wordCount":536,"publisher":{"@id":"https:\/\/www.rukajarvensuunnanhistoriayhdistys.fi\/historiayhdistys\/#organization"},"image":{"@id":"http:\/\/www.rukajarvensuunnanhistoriayhdistys.fi\/historiayhdistys\/jukolan-motin-kodan-rakentaminen-kaynnistyy-talkootyon-kutsu\/#primaryimage"},"thumbnailUrl":"http:\/\/www.rukajarvensuunnanhistoriayhdistys.fi\/historiayhdistys\/wp-content\/uploads\/2014\/10\/Ovisivu-1-1.jpg","articleSection":["Ajankohtaista"],"inLanguage":"fi"},{"@type":"WebPage","@id":"http:\/\/www.rukajarvensuunnanhistoriayhdistys.fi\/historiayhdistys\/jukolan-motin-kodan-rakentaminen-kaynnistyy-talkootyon-kutsu\/","url":"http:\/\/www.rukajarvensuunnanhistoriayhdistys.fi\/historiayhdistys\/jukolan-motin-kodan-rakentaminen-kaynnistyy-talkootyon-kutsu\/","name":"Jukolan Motin kodan rakentaminen k\u00e4ynnistyy - Talkooty\u00f6n kutsu - Rukaj\u00e4rven suunnan historiayhdistys","isPartOf":{"@id":"https:\/\/www.rukajarvensuunnanhistoriayhdistys.fi\/historiayhdistys\/#website"},"primaryImageOfPage":{"@id":"http:\/\/www.rukajarvensuunnanhistoriayhdistys.fi\/historiayhdistys\/jukolan-motin-kodan-rakentaminen-kaynnistyy-talkootyon-kutsu\/#primaryimage"},"image":{"@id":"http:\/\/www.rukajarvensuunnanhistoriayhdistys.fi\/historiayhdistys\/jukolan-motin-kodan-rakentaminen-kaynnistyy-talkootyon-kutsu\/#primaryimage"},"thumbnailUrl":"http:\/\/www.rukajarvensuunnanhistoriayhdistys.fi\/historiayhdistys\/wp-content\/uploads\/2014\/10\/Ovisivu-1-1.jpg","datePublished":"2014-10-12T09:40:48+00:00","dateModified":"2014-10-16T18:38:13+00:00","breadcrumb":{"@id":"http:\/\/www.rukajarvensuunnanhistoriayhdistys.fi\/historiayhdistys\/jukolan-motin-kodan-rakentaminen-kaynnistyy-talkootyon-kutsu\/#breadcrumb"},"inLanguage":"fi","potentialAction":[{"@type":"ReadAction","target":["http:\/\/www.rukajarvensuunnanhistoriayhdistys.fi\/historiayhdistys\/jukolan-motin-kodan-rakentaminen-kaynnistyy-talkootyon-kutsu\/"]}]},{"@type":"ImageObject","inLanguage":"fi","@id":"http:\/\/www.rukajarvensuunnanhistoriayhdistys.fi\/historiayhdistys\/jukolan-motin-kodan-rakentaminen-kaynnistyy-talkootyon-kutsu\/#primaryimage","url":"http:\/\/www.rukajarvensuunnanhistoriayhdistys.fi\/historiayhdistys\/wp-content\/uploads\/2014\/10\/Ovisivu-1-1.jpg","contentUrl":"http:\/\/www.rukajarvensuunnanhistoriayhdistys.fi\/historiayhdistys\/wp-content\/uploads\/2014\/10\/Ovisivu-1-1.jpg","width":1510,"height":900,"caption":"Jukolan motin kota, julkisivu, id\u00e4n suunnalta katsottuna."},{"@type":"BreadcrumbList","@id":"http:\/\/www.rukajarvensuunnanhistoriayhdistys.fi\/historiayhdistys\/jukolan-motin-kodan-rakentaminen-kaynnistyy-talkootyon-kutsu\/#breadcrumb","itemListElement":[{"@type":"ListItem","position":1,"name":"Etusivu","item":"https:\/\/www.rukajarvensuunnanhistoriayhdistys.fi\/historiayhdistys\/"},{"@type":"ListItem","position":2,"name":"Jukolan Motin kodan rakentaminen k\u00e4ynnistyy &#8211; Talkooty\u00f6n kutsu"}]},{"@type":"WebSite","@id":"https:\/\/www.rukajarvensuunnanhistoriayhdistys.fi\/historiayhdistys\/#website","url":"https:\/\/www.rukajarvensuunnanhistoriayhdistys.fi\/historiayhdistys\/","name":"Rukaj\u00e4rven suunnan historiayhdistys","description":"Rukaj\u00e4rven suunnan historiayhdistyksen verkkosivut.","publisher":{"@id":"https:\/\/www.rukajarvensuunnanhistoriayhdistys.fi\/historiayhdistys\/#organization"},"potentialAction":[{"@type":"SearchAction","target":{"@type":"EntryPoint","urlTemplate":"https:\/\/www.rukajarvensuunnanhistoriayhdistys.fi\/historiayhdistys\/?s={search_term_string}"},"query-input":{"@type":"PropertyValueSpecification","valueRequired":true,"valueName":"search_term_string"}}],"inLanguage":"fi"},{"@type":"Organization","@id":"https:\/\/www.rukajarvensuunnanhistoriayhdistys.fi\/historiayhdistys\/#organization","name":"Rukaj\u00e4rven suunnan historiayhdistys","url":"https:\/\/www.rukajarvensuunnanhistoriayhdistys.fi\/historiayhdistys\/","logo":{"@type":"ImageObject","inLanguage":"fi","@id":"https:\/\/www.rukajarvensuunnanhistoriayhdistys.fi\/historiayhdistys\/#\/schema\/logo\/image\/","url":"http:\/\/www.rukajarvensuunnanhistoriayhdistys.fi\/historiayhdistys\/wp-content\/uploads\/2013\/12\/Otsake_3.jpg","contentUrl":"http:\/\/www.rukajarvensuunnanhistoriayhdistys.fi\/historiayhdistys\/wp-content\/uploads\/2013\/12\/Otsake_3.jpg","width":1000,"height":442,"caption":"Rukaj\u00e4rven suunnan historiayhdistys"},"image":{"@id":"https:\/\/www.rukajarvensuunnanhistoriayhdistys.fi\/historiayhdistys\/#\/schema\/logo\/image\/"}},{"@type":"Person","@id":"https:\/\/www.rukajarvensuunnanhistoriayhdistys.fi\/historiayhdistys\/#\/schema\/person\/19de7db68bf72dfd2b5d7f6dfbf8454d","name":"RSHY","image":{"@type":"ImageObject","inLanguage":"fi","@id":"https:\/\/secure.gravatar.com\/avatar\/598d59263a69cc8de65fcb4f9db78d6f58c098cb0e0ba22d73377441af9fa04c?s=96&d=blank&r=g","url":"https:\/\/secure.gravatar.com\/avatar\/598d59263a69cc8de65fcb4f9db78d6f58c098cb0e0ba22d73377441af9fa04c?s=96&d=blank&r=g","contentUrl":"https:\/\/secure.gravatar.com\/avatar\/598d59263a69cc8de65fcb4f9db78d6f58c098cb0e0ba22d73377441af9fa04c?s=96&d=blank&r=g","caption":"RSHY"},"url":"http:\/\/www.rukajarvensuunnanhistoriayhdistys.fi\/historiayhdistys\/author\/rshy\/"}]}},"_links":{"self":[{"href":"http:\/\/www.rukajarvensuunnanhistoriayhdistys.fi\/historiayhdistys\/wp-json\/wp\/v2\/posts\/9257","targetHints":{"allow":["GET"]}}],"collection":[{"href":"http:\/\/www.rukajarvensuunnanhistoriayhdistys.fi\/historiayhdistys\/wp-json\/wp\/v2\/posts"}],"about":[{"href":"http:\/\/www.rukajarvensuunnanhistoriayhdistys.fi\/historiayhdistys\/wp-json\/wp\/v2\/types\/post"}],"author":[{"embeddable":true,"href":"http:\/\/www.rukajarvensuunnanhistoriayhdistys.fi\/historiayhdistys\/wp-json\/wp\/v2\/users\/3"}],"replies":[{"embeddable":true,"href":"http:\/\/www.rukajarvensuunnanhistoriayhdistys.fi\/historiayhdistys\/wp-json\/wp\/v2\/comments?post=9257"}],"version-history":[{"count":3,"href":"http:\/\/www.rukajarvensuunnanhistoriayhdistys.fi\/historiayhdistys\/wp-json\/wp\/v2\/posts\/9257\/revisions"}],"predecessor-version":[{"id":9274,"href":"http:\/\/www.rukajarvensuunnanhistoriayhdistys.fi\/historiayhdistys\/wp-json\/wp\/v2\/posts\/9257\/revisions\/9274"}],"wp:featuredmedia":[{"embeddable":true,"href":"http:\/\/www.rukajarvensuunnanhistoriayhdistys.fi\/historiayhdistys\/wp-json\/wp\/v2\/media\/9260"}],"wp:attachment":[{"href":"http:\/\/www.rukajarvensuunnanhistoriayhdistys.fi\/historiayhdistys\/wp-json\/wp\/v2\/media?parent=9257"}],"wp:term":[{"taxonomy":"category","embeddable":true,"href":"http:\/\/www.rukajarvensuunnanhistoriayhdistys.fi\/historiayhdistys\/wp-json\/wp\/v2\/categories?post=9257"},{"taxonomy":"post_tag","embeddable":true,"href":"http:\/\/www.rukajarvensuunnanhistoriayhdistys.fi\/historiayhdistys\/wp-json\/wp\/v2\/tags?post=9257"}],"curies":[{"name":"wp","href":"https:\/\/api.w.org\/{rel}","templated":true}]}}