{"id":929,"date":"2014-09-01T19:29:53","date_gmt":"2014-09-01T16:29:53","guid":{"rendered":"http:\/\/www.rukajarvensuunnanhistoriayhdistys.fi\/historiayhdistys\/?p=929"},"modified":"2014-09-01T19:32:58","modified_gmt":"2014-09-01T16:32:58","slug":"kansalaisjuhla-lahestyy-juna-tayttymassa-lisays-ohjelmiin","status":"publish","type":"post","link":"http:\/\/www.rukajarvensuunnanhistoriayhdistys.fi\/historiayhdistys\/kansalaisjuhla-lahestyy-juna-tayttymassa-lisays-ohjelmiin\/","title":{"rendered":"Kansalaisjuhla l\u00e4hestyy &#8211; juna t\u00e4yttym\u00e4ss\u00e4 &#8211; lis\u00e4ys ohjelmiin"},"content":{"rendered":"<div class=\"fcbkbttn_buttons_block\" id=\"fcbkbttn_left\"><div class=\"fcbkbttn_like \"><fb:like href=\"http:\/\/www.rukajarvensuunnanhistoriayhdistys.fi\/historiayhdistys\/kansalaisjuhla-lahestyy-juna-tayttymassa-lisays-ohjelmiin\/\" action=\"like\" colorscheme=\"light\" layout=\"button_count\"  size=\"small\"><\/fb:like><\/div><\/div><p>Lieksan asemalla lauantaina ja sunnuntaina pidett\u00e4viin luentoihin tuli upea lis\u00e4ys. Lieksan runopiiri tulee esitt\u00e4m\u00e4\u00e4n &#8221;RUNOJA SODASTA JA RAUHASTA.<\/p>\n<p>Lauantaina 6.9.2014 Runopiirin esitys on klo 14.00 ja sunnuntaina 7.9.2014 klo 14.00. Luennot ovat Lieksan asemalla, jossa my\u00f6s Runopiiri esiintyy.\u00a0Alkuper\u00e4isen suunnitelman mukaan luentopaikka oli Rukaj\u00e4rvi-keskuksessa, mutta luennot jouduttiin siirt\u00e4m\u00e4\u00e4n Lieksan asemalle p\u00e4\u00e4llekk\u00e4isten tilaisuuksien vuoksi.<\/p>\n<p>Runot pohjautuvat aikalaisten kirjailijoiden kokemuksiin. Runopiirin ohjaajana toimii Inka Kivi-Stranius. Ohjelmasta lis\u00e4\u00e4 oheisesta esitteest\u00e4.<\/p>\n<figure id=\"attachment_930\" aria-describedby=\"caption-attachment-930\" style=\"width: 1191px\" class=\"wp-caption alignnone\"><a href=\"http:\/\/www.rukajarvensuunnanhistoriayhdistys.fi\/historiayhdistys\/wp-content\/uploads\/2014\/09\/2.-Runoja-sodasta-ja-rauhasta.jpg\"><img loading=\"lazy\" decoding=\"async\" class=\"wp-image-930 size-full\" src=\"http:\/\/www.rukajarvensuunnanhistoriayhdistys.fi\/historiayhdistys\/wp-content\/uploads\/2014\/09\/2.-Runoja-sodasta-ja-rauhasta.jpg\" alt=\"Lieksan Runopiirin esitykset t\u00e4ydent\u00e4v\u00e4t Kansalaisjuhlan ohjelmia lauantaina ja sunnuntaina. Piirros on lieksalaisen Pekka Turusen.\" width=\"1191\" height=\"1539\" data-id=\"930\" srcset=\"http:\/\/www.rukajarvensuunnanhistoriayhdistys.fi\/historiayhdistys\/wp-content\/uploads\/2014\/09\/2.-Runoja-sodasta-ja-rauhasta.jpg 1191w, http:\/\/www.rukajarvensuunnanhistoriayhdistys.fi\/historiayhdistys\/wp-content\/uploads\/2014\/09\/2.-Runoja-sodasta-ja-rauhasta-232x300.jpg 232w, http:\/\/www.rukajarvensuunnanhistoriayhdistys.fi\/historiayhdistys\/wp-content\/uploads\/2014\/09\/2.-Runoja-sodasta-ja-rauhasta-792x1024.jpg 792w\" sizes=\"auto, (max-width: 1191px) 100vw, 1191px\" \/><\/a><figcaption id=\"caption-attachment-930\" class=\"wp-caption-text\">Lieksan Runopiirin esitykset t\u00e4ydent\u00e4v\u00e4t Kansalaisjuhlan ohjelmia lauantaina ja sunnuntaina. Piirros on lieksalaisen Pekka Turusen.<\/figcaption><\/figure>\n<p>Kiit\u00e4mme runopiiril\u00e4isi\u00e4 ja toivomme heille jatkuvaa menestyst\u00e4.<\/p>\n<h1>Juna t\u00e4yttym\u00e4ss\u00e4<\/h1>\n<p>Juhlajuna t\u00e4yttyy ja junayritt\u00e4j\u00e4 antoi luvan varata paikkoja viel\u00e4 t\u00e4m\u00e4n p\u00e4iv\u00e4n ajan. Huomenna voidaan ottaa kyytiin vain peruutuspaikoille ja Kiuruveden ja Iisalmen v\u00e4liselle matkalle sek\u00e4 Iisalmen ja Kajaanin v\u00e4liselle matkalle.<\/p>\n","protected":false},"excerpt":{"rendered":"<p>Lieksan asemalla lauantaina ja sunnuntaina pidett\u00e4viin luentoihin tuli upea lis\u00e4ys. Lieksan runopiiri tulee esitt\u00e4m\u00e4\u00e4n &#8221;RUNOJA SODASTA JA RAUHASTA. Lauantaina 6.9.2014 Runopiirin esitys on klo 14.00 ja sunnuntaina 7.9.2014 klo 14.00. <a class=\"more-link\" href=\"http:\/\/www.rukajarvensuunnanhistoriayhdistys.fi\/historiayhdistys\/kansalaisjuhla-lahestyy-juna-tayttymassa-lisays-ohjelmiin\/\">Teksti jatkuu&#8230;<span class=\"screen-reader-text\">Kansalaisjuhla l\u00e4hestyy &#8211; juna t\u00e4yttym\u00e4ss\u00e4 &#8211; lis\u00e4ys ohjelmiin<\/span><span class=\"meta-nav\">\u2192<\/span><\/a><\/p>\n","protected":false},"author":3,"featured_media":0,"comment_status":"closed","ping_status":"open","sticky":false,"template":"","format":"standard","meta":{"footnotes":""},"categories":[22],"tags":[],"class_list":["post-929","post","type-post","status-publish","format-standard","hentry","category-ajankohtaista"],"yoast_head":"<!-- This site is optimized with the Yoast SEO plugin v27.4 - https:\/\/yoast.com\/product\/yoast-seo-wordpress\/ -->\n<title>Kansalaisjuhla l\u00e4hestyy - juna t\u00e4yttym\u00e4ss\u00e4 - lis\u00e4ys ohjelmiin - Rukaj\u00e4rven suunnan historiayhdistys<\/title>\n<meta name=\"robots\" content=\"index, follow, max-snippet:-1, max-image-preview:large, max-video-preview:-1\" \/>\n<link rel=\"canonical\" href=\"https:\/\/www.rukajarvensuunnanhistoriayhdistys.fi\/historiayhdistys\/kansalaisjuhla-lahestyy-juna-tayttymassa-lisays-ohjelmiin\/\" \/>\n<meta property=\"og:locale\" content=\"fi_FI\" \/>\n<meta property=\"og:type\" content=\"article\" \/>\n<meta property=\"og:title\" content=\"Kansalaisjuhla l\u00e4hestyy - juna t\u00e4yttym\u00e4ss\u00e4 - lis\u00e4ys ohjelmiin - Rukaj\u00e4rven suunnan historiayhdistys\" \/>\n<meta property=\"og:description\" content=\"Lieksan asemalla lauantaina ja sunnuntaina pidett\u00e4viin luentoihin tuli upea lis\u00e4ys. Lieksan runopiiri tulee esitt\u00e4m\u00e4\u00e4n &#8221;RUNOJA SODASTA JA RAUHASTA. Lauantaina 6.9.2014 Runopiirin esitys on klo 14.00 ja sunnuntaina 7.9.2014 klo 14.00. Teksti jatkuu...Kansalaisjuhla l\u00e4hestyy &#8211; juna t\u00e4yttym\u00e4ss\u00e4 &#8211; lis\u00e4ys ohjelmiin\u2192\" \/>\n<meta property=\"og:url\" content=\"https:\/\/www.rukajarvensuunnanhistoriayhdistys.fi\/historiayhdistys\/kansalaisjuhla-lahestyy-juna-tayttymassa-lisays-ohjelmiin\/\" \/>\n<meta property=\"og:site_name\" content=\"Rukaj\u00e4rven suunnan historiayhdistys\" \/>\n<meta property=\"article:published_time\" content=\"2014-09-01T16:29:53+00:00\" \/>\n<meta property=\"article:modified_time\" content=\"2014-09-01T16:32:58+00:00\" \/>\n<meta property=\"og:image\" content=\"http:\/\/www.rukajarvensuunnanhistoriayhdistys.fi\/historiayhdistys\/wp-content\/uploads\/2014\/09\/2.-Runoja-sodasta-ja-rauhasta.jpg\" \/>\n<meta name=\"author\" content=\"RSHY\" \/>\n<meta name=\"twitter:label1\" content=\"Kirjoittanut\" \/>\n\t<meta name=\"twitter:data1\" content=\"RSHY\" \/>\n\t<meta name=\"twitter:label2\" content=\"Arvioitu lukuaika\" \/>\n\t<meta name=\"twitter:data2\" content=\"1 minuutti\" \/>\n<script type=\"application\/ld+json\" class=\"yoast-schema-graph\">{\"@context\":\"https:\\\/\\\/schema.org\",\"@graph\":[{\"@type\":\"Article\",\"@id\":\"https:\\\/\\\/www.rukajarvensuunnanhistoriayhdistys.fi\\\/historiayhdistys\\\/kansalaisjuhla-lahestyy-juna-tayttymassa-lisays-ohjelmiin\\\/#article\",\"isPartOf\":{\"@id\":\"https:\\\/\\\/www.rukajarvensuunnanhistoriayhdistys.fi\\\/historiayhdistys\\\/kansalaisjuhla-lahestyy-juna-tayttymassa-lisays-ohjelmiin\\\/\"},\"author\":{\"name\":\"RSHY\",\"@id\":\"http:\\\/\\\/www.rukajarvensuunnanhistoriayhdistys.fi\\\/historiayhdistys\\\/#\\\/schema\\\/person\\\/19de7db68bf72dfd2b5d7f6dfbf8454d\"},\"headline\":\"Kansalaisjuhla l\u00e4hestyy &#8211; juna t\u00e4yttym\u00e4ss\u00e4 &#8211; lis\u00e4ys ohjelmiin\",\"datePublished\":\"2014-09-01T16:29:53+00:00\",\"dateModified\":\"2014-09-01T16:32:58+00:00\",\"mainEntityOfPage\":{\"@id\":\"https:\\\/\\\/www.rukajarvensuunnanhistoriayhdistys.fi\\\/historiayhdistys\\\/kansalaisjuhla-lahestyy-juna-tayttymassa-lisays-ohjelmiin\\\/\"},\"wordCount\":161,\"publisher\":{\"@id\":\"http:\\\/\\\/www.rukajarvensuunnanhistoriayhdistys.fi\\\/historiayhdistys\\\/#organization\"},\"image\":{\"@id\":\"https:\\\/\\\/www.rukajarvensuunnanhistoriayhdistys.fi\\\/historiayhdistys\\\/kansalaisjuhla-lahestyy-juna-tayttymassa-lisays-ohjelmiin\\\/#primaryimage\"},\"thumbnailUrl\":\"http:\\\/\\\/www.rukajarvensuunnanhistoriayhdistys.fi\\\/historiayhdistys\\\/wp-content\\\/uploads\\\/2014\\\/09\\\/2.-Runoja-sodasta-ja-rauhasta.jpg\",\"articleSection\":[\"Ajankohtaista\"],\"inLanguage\":\"fi\"},{\"@type\":\"WebPage\",\"@id\":\"https:\\\/\\\/www.rukajarvensuunnanhistoriayhdistys.fi\\\/historiayhdistys\\\/kansalaisjuhla-lahestyy-juna-tayttymassa-lisays-ohjelmiin\\\/\",\"url\":\"https:\\\/\\\/www.rukajarvensuunnanhistoriayhdistys.fi\\\/historiayhdistys\\\/kansalaisjuhla-lahestyy-juna-tayttymassa-lisays-ohjelmiin\\\/\",\"name\":\"Kansalaisjuhla l\u00e4hestyy - juna t\u00e4yttym\u00e4ss\u00e4 - lis\u00e4ys ohjelmiin - Rukaj\u00e4rven suunnan historiayhdistys\",\"isPartOf\":{\"@id\":\"http:\\\/\\\/www.rukajarvensuunnanhistoriayhdistys.fi\\\/historiayhdistys\\\/#website\"},\"primaryImageOfPage\":{\"@id\":\"https:\\\/\\\/www.rukajarvensuunnanhistoriayhdistys.fi\\\/historiayhdistys\\\/kansalaisjuhla-lahestyy-juna-tayttymassa-lisays-ohjelmiin\\\/#primaryimage\"},\"image\":{\"@id\":\"https:\\\/\\\/www.rukajarvensuunnanhistoriayhdistys.fi\\\/historiayhdistys\\\/kansalaisjuhla-lahestyy-juna-tayttymassa-lisays-ohjelmiin\\\/#primaryimage\"},\"thumbnailUrl\":\"http:\\\/\\\/www.rukajarvensuunnanhistoriayhdistys.fi\\\/historiayhdistys\\\/wp-content\\\/uploads\\\/2014\\\/09\\\/2.-Runoja-sodasta-ja-rauhasta.jpg\",\"datePublished\":\"2014-09-01T16:29:53+00:00\",\"dateModified\":\"2014-09-01T16:32:58+00:00\",\"breadcrumb\":{\"@id\":\"https:\\\/\\\/www.rukajarvensuunnanhistoriayhdistys.fi\\\/historiayhdistys\\\/kansalaisjuhla-lahestyy-juna-tayttymassa-lisays-ohjelmiin\\\/#breadcrumb\"},\"inLanguage\":\"fi\",\"potentialAction\":[{\"@type\":\"ReadAction\",\"target\":[\"https:\\\/\\\/www.rukajarvensuunnanhistoriayhdistys.fi\\\/historiayhdistys\\\/kansalaisjuhla-lahestyy-juna-tayttymassa-lisays-ohjelmiin\\\/\"]}]},{\"@type\":\"ImageObject\",\"inLanguage\":\"fi\",\"@id\":\"https:\\\/\\\/www.rukajarvensuunnanhistoriayhdistys.fi\\\/historiayhdistys\\\/kansalaisjuhla-lahestyy-juna-tayttymassa-lisays-ohjelmiin\\\/#primaryimage\",\"url\":\"http:\\\/\\\/www.rukajarvensuunnanhistoriayhdistys.fi\\\/historiayhdistys\\\/wp-content\\\/uploads\\\/2014\\\/09\\\/2.-Runoja-sodasta-ja-rauhasta.jpg\",\"contentUrl\":\"http:\\\/\\\/www.rukajarvensuunnanhistoriayhdistys.fi\\\/historiayhdistys\\\/wp-content\\\/uploads\\\/2014\\\/09\\\/2.-Runoja-sodasta-ja-rauhasta.jpg\",\"width\":1191,\"height\":1539,\"caption\":\"Lieksan Runopiirin esitykset t\u00e4ydent\u00e4v\u00e4t Kansalaisjuhlan ohjelmia lauantaina ja sunnuntaina. Piirros on lieksalaisen Pekka Turusen.\"},{\"@type\":\"BreadcrumbList\",\"@id\":\"https:\\\/\\\/www.rukajarvensuunnanhistoriayhdistys.fi\\\/historiayhdistys\\\/kansalaisjuhla-lahestyy-juna-tayttymassa-lisays-ohjelmiin\\\/#breadcrumb\",\"itemListElement\":[{\"@type\":\"ListItem\",\"position\":1,\"name\":\"Etusivu\",\"item\":\"http:\\\/\\\/www.rukajarvensuunnanhistoriayhdistys.fi\\\/historiayhdistys\\\/\"},{\"@type\":\"ListItem\",\"position\":2,\"name\":\"Kansalaisjuhla l\u00e4hestyy &#8211; juna t\u00e4yttym\u00e4ss\u00e4 &#8211; lis\u00e4ys ohjelmiin\"}]},{\"@type\":\"WebSite\",\"@id\":\"http:\\\/\\\/www.rukajarvensuunnanhistoriayhdistys.fi\\\/historiayhdistys\\\/#website\",\"url\":\"http:\\\/\\\/www.rukajarvensuunnanhistoriayhdistys.fi\\\/historiayhdistys\\\/\",\"name\":\"Rukaj\u00e4rven suunnan historiayhdistys\",\"description\":\"Rukaj\u00e4rven suunnan historiayhdistyksen verkkosivut.\",\"publisher\":{\"@id\":\"http:\\\/\\\/www.rukajarvensuunnanhistoriayhdistys.fi\\\/historiayhdistys\\\/#organization\"},\"potentialAction\":[{\"@type\":\"SearchAction\",\"target\":{\"@type\":\"EntryPoint\",\"urlTemplate\":\"http:\\\/\\\/www.rukajarvensuunnanhistoriayhdistys.fi\\\/historiayhdistys\\\/?s={search_term_string}\"},\"query-input\":{\"@type\":\"PropertyValueSpecification\",\"valueRequired\":true,\"valueName\":\"search_term_string\"}}],\"inLanguage\":\"fi\"},{\"@type\":\"Organization\",\"@id\":\"http:\\\/\\\/www.rukajarvensuunnanhistoriayhdistys.fi\\\/historiayhdistys\\\/#organization\",\"name\":\"Rukaj\u00e4rven suunnan historiayhdistys\",\"url\":\"http:\\\/\\\/www.rukajarvensuunnanhistoriayhdistys.fi\\\/historiayhdistys\\\/\",\"logo\":{\"@type\":\"ImageObject\",\"inLanguage\":\"fi\",\"@id\":\"http:\\\/\\\/www.rukajarvensuunnanhistoriayhdistys.fi\\\/historiayhdistys\\\/#\\\/schema\\\/logo\\\/image\\\/\",\"url\":\"http:\\\/\\\/www.rukajarvensuunnanhistoriayhdistys.fi\\\/historiayhdistys\\\/wp-content\\\/uploads\\\/2013\\\/12\\\/Otsake_3.jpg\",\"contentUrl\":\"http:\\\/\\\/www.rukajarvensuunnanhistoriayhdistys.fi\\\/historiayhdistys\\\/wp-content\\\/uploads\\\/2013\\\/12\\\/Otsake_3.jpg\",\"width\":1000,\"height\":442,\"caption\":\"Rukaj\u00e4rven suunnan historiayhdistys\"},\"image\":{\"@id\":\"http:\\\/\\\/www.rukajarvensuunnanhistoriayhdistys.fi\\\/historiayhdistys\\\/#\\\/schema\\\/logo\\\/image\\\/\"}},{\"@type\":\"Person\",\"@id\":\"http:\\\/\\\/www.rukajarvensuunnanhistoriayhdistys.fi\\\/historiayhdistys\\\/#\\\/schema\\\/person\\\/19de7db68bf72dfd2b5d7f6dfbf8454d\",\"name\":\"RSHY\",\"image\":{\"@type\":\"ImageObject\",\"inLanguage\":\"fi\",\"@id\":\"https:\\\/\\\/secure.gravatar.com\\\/avatar\\\/598d59263a69cc8de65fcb4f9db78d6f58c098cb0e0ba22d73377441af9fa04c?s=96&d=blank&r=g\",\"url\":\"https:\\\/\\\/secure.gravatar.com\\\/avatar\\\/598d59263a69cc8de65fcb4f9db78d6f58c098cb0e0ba22d73377441af9fa04c?s=96&d=blank&r=g\",\"contentUrl\":\"https:\\\/\\\/secure.gravatar.com\\\/avatar\\\/598d59263a69cc8de65fcb4f9db78d6f58c098cb0e0ba22d73377441af9fa04c?s=96&d=blank&r=g\",\"caption\":\"RSHY\"},\"url\":\"http:\\\/\\\/www.rukajarvensuunnanhistoriayhdistys.fi\\\/historiayhdistys\\\/author\\\/rshy\\\/\"}]}<\/script>\n<!-- \/ Yoast SEO plugin. -->","yoast_head_json":{"title":"Kansalaisjuhla l\u00e4hestyy - juna t\u00e4yttym\u00e4ss\u00e4 - lis\u00e4ys ohjelmiin - Rukaj\u00e4rven suunnan historiayhdistys","robots":{"index":"index","follow":"follow","max-snippet":"max-snippet:-1","max-image-preview":"max-image-preview:large","max-video-preview":"max-video-preview:-1"},"canonical":"https:\/\/www.rukajarvensuunnanhistoriayhdistys.fi\/historiayhdistys\/kansalaisjuhla-lahestyy-juna-tayttymassa-lisays-ohjelmiin\/","og_locale":"fi_FI","og_type":"article","og_title":"Kansalaisjuhla l\u00e4hestyy - juna t\u00e4yttym\u00e4ss\u00e4 - lis\u00e4ys ohjelmiin - Rukaj\u00e4rven suunnan historiayhdistys","og_description":"Lieksan asemalla lauantaina ja sunnuntaina pidett\u00e4viin luentoihin tuli upea lis\u00e4ys. Lieksan runopiiri tulee esitt\u00e4m\u00e4\u00e4n &#8221;RUNOJA SODASTA JA RAUHASTA. Lauantaina 6.9.2014 Runopiirin esitys on klo 14.00 ja sunnuntaina 7.9.2014 klo 14.00. Teksti jatkuu...Kansalaisjuhla l\u00e4hestyy &#8211; juna t\u00e4yttym\u00e4ss\u00e4 &#8211; lis\u00e4ys ohjelmiin\u2192","og_url":"https:\/\/www.rukajarvensuunnanhistoriayhdistys.fi\/historiayhdistys\/kansalaisjuhla-lahestyy-juna-tayttymassa-lisays-ohjelmiin\/","og_site_name":"Rukaj\u00e4rven suunnan historiayhdistys","article_published_time":"2014-09-01T16:29:53+00:00","article_modified_time":"2014-09-01T16:32:58+00:00","og_image":[{"url":"http:\/\/www.rukajarvensuunnanhistoriayhdistys.fi\/historiayhdistys\/wp-content\/uploads\/2014\/09\/2.-Runoja-sodasta-ja-rauhasta.jpg","type":"","width":"","height":""}],"author":"RSHY","twitter_misc":{"Kirjoittanut":"RSHY","Arvioitu lukuaika":"1 minuutti"},"schema":{"@context":"https:\/\/schema.org","@graph":[{"@type":"Article","@id":"https:\/\/www.rukajarvensuunnanhistoriayhdistys.fi\/historiayhdistys\/kansalaisjuhla-lahestyy-juna-tayttymassa-lisays-ohjelmiin\/#article","isPartOf":{"@id":"https:\/\/www.rukajarvensuunnanhistoriayhdistys.fi\/historiayhdistys\/kansalaisjuhla-lahestyy-juna-tayttymassa-lisays-ohjelmiin\/"},"author":{"name":"RSHY","@id":"http:\/\/www.rukajarvensuunnanhistoriayhdistys.fi\/historiayhdistys\/#\/schema\/person\/19de7db68bf72dfd2b5d7f6dfbf8454d"},"headline":"Kansalaisjuhla l\u00e4hestyy &#8211; juna t\u00e4yttym\u00e4ss\u00e4 &#8211; lis\u00e4ys ohjelmiin","datePublished":"2014-09-01T16:29:53+00:00","dateModified":"2014-09-01T16:32:58+00:00","mainEntityOfPage":{"@id":"https:\/\/www.rukajarvensuunnanhistoriayhdistys.fi\/historiayhdistys\/kansalaisjuhla-lahestyy-juna-tayttymassa-lisays-ohjelmiin\/"},"wordCount":161,"publisher":{"@id":"http:\/\/www.rukajarvensuunnanhistoriayhdistys.fi\/historiayhdistys\/#organization"},"image":{"@id":"https:\/\/www.rukajarvensuunnanhistoriayhdistys.fi\/historiayhdistys\/kansalaisjuhla-lahestyy-juna-tayttymassa-lisays-ohjelmiin\/#primaryimage"},"thumbnailUrl":"http:\/\/www.rukajarvensuunnanhistoriayhdistys.fi\/historiayhdistys\/wp-content\/uploads\/2014\/09\/2.-Runoja-sodasta-ja-rauhasta.jpg","articleSection":["Ajankohtaista"],"inLanguage":"fi"},{"@type":"WebPage","@id":"https:\/\/www.rukajarvensuunnanhistoriayhdistys.fi\/historiayhdistys\/kansalaisjuhla-lahestyy-juna-tayttymassa-lisays-ohjelmiin\/","url":"https:\/\/www.rukajarvensuunnanhistoriayhdistys.fi\/historiayhdistys\/kansalaisjuhla-lahestyy-juna-tayttymassa-lisays-ohjelmiin\/","name":"Kansalaisjuhla l\u00e4hestyy - juna t\u00e4yttym\u00e4ss\u00e4 - lis\u00e4ys ohjelmiin - Rukaj\u00e4rven suunnan historiayhdistys","isPartOf":{"@id":"http:\/\/www.rukajarvensuunnanhistoriayhdistys.fi\/historiayhdistys\/#website"},"primaryImageOfPage":{"@id":"https:\/\/www.rukajarvensuunnanhistoriayhdistys.fi\/historiayhdistys\/kansalaisjuhla-lahestyy-juna-tayttymassa-lisays-ohjelmiin\/#primaryimage"},"image":{"@id":"https:\/\/www.rukajarvensuunnanhistoriayhdistys.fi\/historiayhdistys\/kansalaisjuhla-lahestyy-juna-tayttymassa-lisays-ohjelmiin\/#primaryimage"},"thumbnailUrl":"http:\/\/www.rukajarvensuunnanhistoriayhdistys.fi\/historiayhdistys\/wp-content\/uploads\/2014\/09\/2.-Runoja-sodasta-ja-rauhasta.jpg","datePublished":"2014-09-01T16:29:53+00:00","dateModified":"2014-09-01T16:32:58+00:00","breadcrumb":{"@id":"https:\/\/www.rukajarvensuunnanhistoriayhdistys.fi\/historiayhdistys\/kansalaisjuhla-lahestyy-juna-tayttymassa-lisays-ohjelmiin\/#breadcrumb"},"inLanguage":"fi","potentialAction":[{"@type":"ReadAction","target":["https:\/\/www.rukajarvensuunnanhistoriayhdistys.fi\/historiayhdistys\/kansalaisjuhla-lahestyy-juna-tayttymassa-lisays-ohjelmiin\/"]}]},{"@type":"ImageObject","inLanguage":"fi","@id":"https:\/\/www.rukajarvensuunnanhistoriayhdistys.fi\/historiayhdistys\/kansalaisjuhla-lahestyy-juna-tayttymassa-lisays-ohjelmiin\/#primaryimage","url":"http:\/\/www.rukajarvensuunnanhistoriayhdistys.fi\/historiayhdistys\/wp-content\/uploads\/2014\/09\/2.-Runoja-sodasta-ja-rauhasta.jpg","contentUrl":"http:\/\/www.rukajarvensuunnanhistoriayhdistys.fi\/historiayhdistys\/wp-content\/uploads\/2014\/09\/2.-Runoja-sodasta-ja-rauhasta.jpg","width":1191,"height":1539,"caption":"Lieksan Runopiirin esitykset t\u00e4ydent\u00e4v\u00e4t Kansalaisjuhlan ohjelmia lauantaina ja sunnuntaina. Piirros on lieksalaisen Pekka Turusen."},{"@type":"BreadcrumbList","@id":"https:\/\/www.rukajarvensuunnanhistoriayhdistys.fi\/historiayhdistys\/kansalaisjuhla-lahestyy-juna-tayttymassa-lisays-ohjelmiin\/#breadcrumb","itemListElement":[{"@type":"ListItem","position":1,"name":"Etusivu","item":"http:\/\/www.rukajarvensuunnanhistoriayhdistys.fi\/historiayhdistys\/"},{"@type":"ListItem","position":2,"name":"Kansalaisjuhla l\u00e4hestyy &#8211; juna t\u00e4yttym\u00e4ss\u00e4 &#8211; lis\u00e4ys ohjelmiin"}]},{"@type":"WebSite","@id":"http:\/\/www.rukajarvensuunnanhistoriayhdistys.fi\/historiayhdistys\/#website","url":"http:\/\/www.rukajarvensuunnanhistoriayhdistys.fi\/historiayhdistys\/","name":"Rukaj\u00e4rven suunnan historiayhdistys","description":"Rukaj\u00e4rven suunnan historiayhdistyksen verkkosivut.","publisher":{"@id":"http:\/\/www.rukajarvensuunnanhistoriayhdistys.fi\/historiayhdistys\/#organization"},"potentialAction":[{"@type":"SearchAction","target":{"@type":"EntryPoint","urlTemplate":"http:\/\/www.rukajarvensuunnanhistoriayhdistys.fi\/historiayhdistys\/?s={search_term_string}"},"query-input":{"@type":"PropertyValueSpecification","valueRequired":true,"valueName":"search_term_string"}}],"inLanguage":"fi"},{"@type":"Organization","@id":"http:\/\/www.rukajarvensuunnanhistoriayhdistys.fi\/historiayhdistys\/#organization","name":"Rukaj\u00e4rven suunnan historiayhdistys","url":"http:\/\/www.rukajarvensuunnanhistoriayhdistys.fi\/historiayhdistys\/","logo":{"@type":"ImageObject","inLanguage":"fi","@id":"http:\/\/www.rukajarvensuunnanhistoriayhdistys.fi\/historiayhdistys\/#\/schema\/logo\/image\/","url":"http:\/\/www.rukajarvensuunnanhistoriayhdistys.fi\/historiayhdistys\/wp-content\/uploads\/2013\/12\/Otsake_3.jpg","contentUrl":"http:\/\/www.rukajarvensuunnanhistoriayhdistys.fi\/historiayhdistys\/wp-content\/uploads\/2013\/12\/Otsake_3.jpg","width":1000,"height":442,"caption":"Rukaj\u00e4rven suunnan historiayhdistys"},"image":{"@id":"http:\/\/www.rukajarvensuunnanhistoriayhdistys.fi\/historiayhdistys\/#\/schema\/logo\/image\/"}},{"@type":"Person","@id":"http:\/\/www.rukajarvensuunnanhistoriayhdistys.fi\/historiayhdistys\/#\/schema\/person\/19de7db68bf72dfd2b5d7f6dfbf8454d","name":"RSHY","image":{"@type":"ImageObject","inLanguage":"fi","@id":"https:\/\/secure.gravatar.com\/avatar\/598d59263a69cc8de65fcb4f9db78d6f58c098cb0e0ba22d73377441af9fa04c?s=96&d=blank&r=g","url":"https:\/\/secure.gravatar.com\/avatar\/598d59263a69cc8de65fcb4f9db78d6f58c098cb0e0ba22d73377441af9fa04c?s=96&d=blank&r=g","contentUrl":"https:\/\/secure.gravatar.com\/avatar\/598d59263a69cc8de65fcb4f9db78d6f58c098cb0e0ba22d73377441af9fa04c?s=96&d=blank&r=g","caption":"RSHY"},"url":"http:\/\/www.rukajarvensuunnanhistoriayhdistys.fi\/historiayhdistys\/author\/rshy\/"}]}},"_links":{"self":[{"href":"http:\/\/www.rukajarvensuunnanhistoriayhdistys.fi\/historiayhdistys\/wp-json\/wp\/v2\/posts\/929","targetHints":{"allow":["GET"]}}],"collection":[{"href":"http:\/\/www.rukajarvensuunnanhistoriayhdistys.fi\/historiayhdistys\/wp-json\/wp\/v2\/posts"}],"about":[{"href":"http:\/\/www.rukajarvensuunnanhistoriayhdistys.fi\/historiayhdistys\/wp-json\/wp\/v2\/types\/post"}],"author":[{"embeddable":true,"href":"http:\/\/www.rukajarvensuunnanhistoriayhdistys.fi\/historiayhdistys\/wp-json\/wp\/v2\/users\/3"}],"replies":[{"embeddable":true,"href":"http:\/\/www.rukajarvensuunnanhistoriayhdistys.fi\/historiayhdistys\/wp-json\/wp\/v2\/comments?post=929"}],"version-history":[{"count":3,"href":"http:\/\/www.rukajarvensuunnanhistoriayhdistys.fi\/historiayhdistys\/wp-json\/wp\/v2\/posts\/929\/revisions"}],"predecessor-version":[{"id":933,"href":"http:\/\/www.rukajarvensuunnanhistoriayhdistys.fi\/historiayhdistys\/wp-json\/wp\/v2\/posts\/929\/revisions\/933"}],"wp:attachment":[{"href":"http:\/\/www.rukajarvensuunnanhistoriayhdistys.fi\/historiayhdistys\/wp-json\/wp\/v2\/media?parent=929"}],"wp:term":[{"taxonomy":"category","embeddable":true,"href":"http:\/\/www.rukajarvensuunnanhistoriayhdistys.fi\/historiayhdistys\/wp-json\/wp\/v2\/categories?post=929"},{"taxonomy":"post_tag","embeddable":true,"href":"http:\/\/www.rukajarvensuunnanhistoriayhdistys.fi\/historiayhdistys\/wp-json\/wp\/v2\/tags?post=929"}],"curies":[{"name":"wp","href":"https:\/\/api.w.org\/{rel}","templated":true}]}}