{"id":9293,"date":"2014-10-16T22:48:18","date_gmt":"2014-10-16T19:48:18","guid":{"rendered":"http:\/\/www.rukajarvensuunnanhistoriayhdistys.fi\/historiayhdistys\/?p=9293"},"modified":"2014-10-19T20:40:39","modified_gmt":"2014-10-19T17:40:39","slug":"jukolan-motin-kodan-rakennustyo-etee-pohjan-valaminen-huomenna","status":"publish","type":"post","link":"http:\/\/www.rukajarvensuunnanhistoriayhdistys.fi\/historiayhdistys\/jukolan-motin-kodan-rakennustyo-etee-pohjan-valaminen-huomenna\/","title":{"rendered":"Jukolan Motin kodan rakennusty\u00f6 etenee &#8211; pohjan valaminen huomenna"},"content":{"rendered":"<div class=\"fcbkbttn_buttons_block\" id=\"fcbkbttn_left\"><div class=\"fcbkbttn_like \"><fb:like href=\"http:\/\/www.rukajarvensuunnanhistoriayhdistys.fi\/historiayhdistys\/jukolan-motin-kodan-rakennustyo-etee-pohjan-valaminen-huomenna\/\" action=\"like\" colorscheme=\"light\" layout=\"button_count\"  size=\"small\"><\/fb:like><\/div><\/div><p>Jukolan Mottiin rakennetaan kota kuudellekymmenelle hengelle. Ty\u00f6t aloitettiin suunnitelmien mukaisesti keskiviikkona. Kodan pohjan valumuotti valmistui t\u00e4n\u00e4\u00e4n ja valuty\u00f6t suoritetaan huomenna &#8211; perjantaina 17.10.2014 alkaen klo 7.00.<\/p>\n<p>Lieksan Nurmij\u00e4rvelt\u00e4 kotoisin oleva Erkki K\u00e4rkk\u00e4inen ajoi kodan perustus murskeet ja aloitti samalla my\u00f6s kodan parkkialueen tasauksen.<\/p>\n<p>Kodan rakentamista johtaa vastaava ty\u00f6njohtaja Matti Kilpel\u00e4inen, jonka is\u00e4 \u00a0Eino Kilpe\u00e4inen oli Rukaj\u00e4rven veteraani.<\/p>\n<figure id=\"attachment_9298\" aria-describedby=\"caption-attachment-9298\" style=\"width: 1754px\" class=\"wp-caption alignnone\"><a href=\"http:\/\/www.rukajarvensuunnanhistoriayhdistys.fi\/historiayhdistys\/wp-content\/uploads\/2014\/10\/Jukolan-Motti-Matti-Kiulpel\u00e4inen.jpg\"><img loading=\"lazy\" decoding=\"async\" class=\"wp-image-9298 size-full\" src=\"http:\/\/www.rukajarvensuunnanhistoriayhdistys.fi\/historiayhdistys\/wp-content\/uploads\/2014\/10\/Jukolan-Motti-Matti-Kiulpel\u00e4inen.jpg\" alt=\"Matti Kilpel\u00e4inen vastaava ty\u00f6njohtaja tasaamassa Jukolan Motin kodan pohjaa 15,10,2014\" width=\"1754\" height=\"1240\" data-id=\"9298\" srcset=\"http:\/\/www.rukajarvensuunnanhistoriayhdistys.fi\/historiayhdistys\/wp-content\/uploads\/2014\/10\/Jukolan-Motti-Matti-Kiulpel\u00e4inen.jpg 1754w, http:\/\/www.rukajarvensuunnanhistoriayhdistys.fi\/historiayhdistys\/wp-content\/uploads\/2014\/10\/Jukolan-Motti-Matti-Kiulpel\u00e4inen-300x212.jpg 300w, http:\/\/www.rukajarvensuunnanhistoriayhdistys.fi\/historiayhdistys\/wp-content\/uploads\/2014\/10\/Jukolan-Motti-Matti-Kiulpel\u00e4inen-1024x723.jpg 1024w\" sizes=\"auto, (max-width: 1754px) 100vw, 1754px\" \/><\/a><figcaption id=\"caption-attachment-9298\" class=\"wp-caption-text\">Matti Kilpel\u00e4inen vastaava ty\u00f6njohtaja tasaamassa Jukolan Motin kodan pohjaa 15,10,2014<\/figcaption><\/figure>\n<figure id=\"attachment_9294\" aria-describedby=\"caption-attachment-9294\" style=\"width: 1754px\" class=\"wp-caption alignnone\"><a href=\"http:\/\/www.rukajarvensuunnanhistoriayhdistys.fi\/historiayhdistys\/wp-content\/uploads\/2014\/10\/Jukolan-Motti-Matti-Kiulpel\u00e4inen-2.jpg\"><img loading=\"lazy\" decoding=\"async\" class=\"wp-image-9294 size-full\" src=\"http:\/\/www.rukajarvensuunnanhistoriayhdistys.fi\/historiayhdistys\/wp-content\/uploads\/2014\/10\/Jukolan-Motti-Matti-Kiulpel\u00e4inen-2.jpg\" alt=\"Jukolan Motin tasaus ja t\u00e4rytt\u00e4minen saatiin hyv\u00e4lle mallille jo ensimm\u00e4isen\u00e4 talkooty\u00f6p\u00e4iv\u00e4n\u00e4.\" width=\"1754\" height=\"1240\" data-id=\"9294\" srcset=\"http:\/\/www.rukajarvensuunnanhistoriayhdistys.fi\/historiayhdistys\/wp-content\/uploads\/2014\/10\/Jukolan-Motti-Matti-Kiulpel\u00e4inen-2.jpg 1754w, http:\/\/www.rukajarvensuunnanhistoriayhdistys.fi\/historiayhdistys\/wp-content\/uploads\/2014\/10\/Jukolan-Motti-Matti-Kiulpel\u00e4inen-2-300x212.jpg 300w, http:\/\/www.rukajarvensuunnanhistoriayhdistys.fi\/historiayhdistys\/wp-content\/uploads\/2014\/10\/Jukolan-Motti-Matti-Kiulpel\u00e4inen-2-1024x723.jpg 1024w\" sizes=\"auto, (max-width: 1754px) 100vw, 1754px\" \/><\/a><figcaption id=\"caption-attachment-9294\" class=\"wp-caption-text\">Jukolan Motin tasaus ja t\u00e4rytt\u00e4minen saatiin hyv\u00e4lle mallille jo ensimm\u00e4isen\u00e4 talkooty\u00f6p\u00e4iv\u00e4n\u00e4.<\/figcaption><\/figure>\n<p>Viikonlopun j\u00e4lkeen maanantaina 20.10.2014 klo 8.00 jatketaan perustuksen harkkojen muurauksella, jonka j\u00e4lkeen p\u00e4\u00e4st\u00e4\u00e4n varsinaiseen asiaan eli hirsit\u00f6ihin.<\/p>\n<p>Tulevalla viikolla ty\u00f6t\u00e4 on runsaasti ja siksi toivotaan talkoomiehi\u00e4 sankoin joukoin. Ty\u00f6t\u00e4 riitt\u00e4\u00e4 kaikille. Talkoomiehille on varattu asunto ja tarjotaan ruoka.<\/p>\n<p>Lauantaina 26.10. ja sunnuntaina 27.10.2014 suoritetaan katon raakapontti laudoitusta.<\/p>\n<p>Seuraavassa talkookuvia Jukolan motin ty\u00f6maalta:<\/p>\n<figure id=\"attachment_9297\" aria-describedby=\"caption-attachment-9297\" style=\"width: 1754px\" class=\"wp-caption alignnone\"><a href=\"http:\/\/www.rukajarvensuunnanhistoriayhdistys.fi\/historiayhdistys\/wp-content\/uploads\/2014\/10\/Jukolan-Motti-Matti-Kiulpel\u00e4inen-Lasse-Nirhamo.jpg\"><img loading=\"lazy\" decoding=\"async\" class=\"wp-image-9297 size-full\" src=\"http:\/\/www.rukajarvensuunnanhistoriayhdistys.fi\/historiayhdistys\/wp-content\/uploads\/2014\/10\/Jukolan-Motti-Matti-Kiulpel\u00e4inen-Lasse-Nirhamo.jpg\" alt=\"Yhdistyksen varapuheenjohtaja Lasse Nirhamo ja vastaava ty\u00f6njohtaja Matti Kilpel\u00e4inen tutkivat kodan rakennuspiirustuksia 16.10.2014.\" width=\"1754\" height=\"1240\" data-id=\"9297\" srcset=\"http:\/\/www.rukajarvensuunnanhistoriayhdistys.fi\/historiayhdistys\/wp-content\/uploads\/2014\/10\/Jukolan-Motti-Matti-Kiulpel\u00e4inen-Lasse-Nirhamo.jpg 1754w, http:\/\/www.rukajarvensuunnanhistoriayhdistys.fi\/historiayhdistys\/wp-content\/uploads\/2014\/10\/Jukolan-Motti-Matti-Kiulpel\u00e4inen-Lasse-Nirhamo-300x212.jpg 300w, http:\/\/www.rukajarvensuunnanhistoriayhdistys.fi\/historiayhdistys\/wp-content\/uploads\/2014\/10\/Jukolan-Motti-Matti-Kiulpel\u00e4inen-Lasse-Nirhamo-1024x723.jpg 1024w\" sizes=\"auto, (max-width: 1754px) 100vw, 1754px\" \/><\/a><figcaption id=\"caption-attachment-9297\" class=\"wp-caption-text\">Yhdistyksen varapuheenjohtaja Lasse Nirhamo ja vastaava ty\u00f6njohtaja Matti Kilpel\u00e4inen tutkivat kodan rakennuspiirustuksia 16.10.2014.<\/figcaption><\/figure>\n<figure id=\"attachment_9296\" aria-describedby=\"caption-attachment-9296\" style=\"width: 1754px\" class=\"wp-caption alignnone\"><a href=\"http:\/\/www.rukajarvensuunnanhistoriayhdistys.fi\/historiayhdistys\/wp-content\/uploads\/2014\/10\/Jukolan-Motti-Matti-Kiulpel\u00e4inen-5.jpg\"><img loading=\"lazy\" decoding=\"async\" class=\"wp-image-9296 size-full\" src=\"http:\/\/www.rukajarvensuunnanhistoriayhdistys.fi\/historiayhdistys\/wp-content\/uploads\/2014\/10\/Jukolan-Motti-Matti-Kiulpel\u00e4inen-5.jpg\" alt=\"Ty\u00f6malla k\u00e4vi arvovieraita Rajavartiolaitokselta ja Mets\u00e4hallituksesta, jotka keskustelivat vastaavan ty\u00f6njohtajan Matti Kilpel\u00e4isen ja Erkki K\u00e4rkk\u00e4isen kanssa kodan tulevasta k\u00e4yt\u00f6st\u00e4. Keskustelun tuloksena tehtiin kodan varauskirjaan ensimm\u00e4iset merkinn\u00e4t.\" width=\"1754\" height=\"1240\" data-id=\"9296\" srcset=\"http:\/\/www.rukajarvensuunnanhistoriayhdistys.fi\/historiayhdistys\/wp-content\/uploads\/2014\/10\/Jukolan-Motti-Matti-Kiulpel\u00e4inen-5.jpg 1754w, http:\/\/www.rukajarvensuunnanhistoriayhdistys.fi\/historiayhdistys\/wp-content\/uploads\/2014\/10\/Jukolan-Motti-Matti-Kiulpel\u00e4inen-5-300x212.jpg 300w, http:\/\/www.rukajarvensuunnanhistoriayhdistys.fi\/historiayhdistys\/wp-content\/uploads\/2014\/10\/Jukolan-Motti-Matti-Kiulpel\u00e4inen-5-1024x723.jpg 1024w\" sizes=\"auto, (max-width: 1754px) 100vw, 1754px\" \/><\/a><figcaption id=\"caption-attachment-9296\" class=\"wp-caption-text\">Ty\u00f6malla k\u00e4vi arvovieraita Rajavartiolaitokselta ja Mets\u00e4hallituksesta, jotka keskustelivat vastaavan ty\u00f6njohtajan Matti Kilpel\u00e4isen ja Erkki K\u00e4rkk\u00e4isen kanssa kodan tulevasta k\u00e4yt\u00f6st\u00e4. Keskustelun tuloksena tehtiin kodan varauskirjaan ensimm\u00e4iset merkinn\u00e4t.<\/figcaption><\/figure>\n<p>&nbsp;<\/p>\n<figure id=\"attachment_9302\" aria-describedby=\"caption-attachment-9302\" style=\"width: 1754px\" class=\"wp-caption alignnone\"><a href=\"http:\/\/www.rukajarvensuunnanhistoriayhdistys.fi\/historiayhdistys\/wp-content\/uploads\/2014\/10\/Kuorma-auto.jpg\"><img loading=\"lazy\" decoding=\"async\" class=\"wp-image-9302 size-full\" src=\"http:\/\/www.rukajarvensuunnanhistoriayhdistys.fi\/historiayhdistys\/wp-content\/uploads\/2014\/10\/Kuorma-auto.jpg\" alt=\"Kuorma-autoilija Ari Herukka toi rakennustarvikkeita Lieksasta.\" width=\"1754\" height=\"1240\" data-id=\"9302\" srcset=\"http:\/\/www.rukajarvensuunnanhistoriayhdistys.fi\/historiayhdistys\/wp-content\/uploads\/2014\/10\/Kuorma-auto.jpg 1754w, http:\/\/www.rukajarvensuunnanhistoriayhdistys.fi\/historiayhdistys\/wp-content\/uploads\/2014\/10\/Kuorma-auto-300x212.jpg 300w, http:\/\/www.rukajarvensuunnanhistoriayhdistys.fi\/historiayhdistys\/wp-content\/uploads\/2014\/10\/Kuorma-auto-1024x723.jpg 1024w\" sizes=\"auto, (max-width: 1754px) 100vw, 1754px\" \/><\/a><figcaption id=\"caption-attachment-9302\" class=\"wp-caption-text\">Kuorma-autoilija Ari Herukka toi rakennustarvikkeita Lieksasta.<\/figcaption><\/figure>\n","protected":false},"excerpt":{"rendered":"<p>Jukolan Mottiin rakennetaan kota kuudellekymmenelle hengelle. Ty\u00f6t aloitettiin suunnitelmien mukaisesti keskiviikkona. Kodan pohjan valumuotti valmistui t\u00e4n\u00e4\u00e4n ja valuty\u00f6t suoritetaan huomenna &#8211; perjantaina 17.10.2014 alkaen klo 7.00. Lieksan Nurmij\u00e4rvelt\u00e4 kotoisin oleva <a class=\"more-link\" href=\"http:\/\/www.rukajarvensuunnanhistoriayhdistys.fi\/historiayhdistys\/jukolan-motin-kodan-rakennustyo-etee-pohjan-valaminen-huomenna\/\">Teksti jatkuu&#8230;<span class=\"screen-reader-text\">Jukolan Motin kodan rakennusty\u00f6 etenee &#8211; pohjan valaminen huomenna<\/span><span class=\"meta-nav\">\u2192<\/span><\/a><\/p>\n","protected":false},"author":3,"featured_media":9298,"comment_status":"closed","ping_status":"open","sticky":false,"template":"","format":"standard","meta":{"footnotes":""},"categories":[22],"tags":[],"class_list":["post-9293","post","type-post","status-publish","format-standard","has-post-thumbnail","hentry","category-ajankohtaista"],"yoast_head":"<!-- This site is optimized with the Yoast SEO plugin v27.4 - https:\/\/yoast.com\/product\/yoast-seo-wordpress\/ -->\n<title>Jukolan Motin kodan rakennusty\u00f6 etenee - pohjan valaminen huomenna - Rukaj\u00e4rven suunnan historiayhdistys<\/title>\n<meta name=\"robots\" content=\"index, follow, max-snippet:-1, max-image-preview:large, max-video-preview:-1\" \/>\n<link rel=\"canonical\" href=\"http:\/\/www.rukajarvensuunnanhistoriayhdistys.fi\/historiayhdistys\/jukolan-motin-kodan-rakennustyo-etee-pohjan-valaminen-huomenna\/\" \/>\n<meta property=\"og:locale\" content=\"fi_FI\" \/>\n<meta property=\"og:type\" content=\"article\" \/>\n<meta property=\"og:title\" content=\"Jukolan Motin kodan rakennusty\u00f6 etenee - pohjan valaminen huomenna - Rukaj\u00e4rven suunnan historiayhdistys\" \/>\n<meta property=\"og:description\" content=\"Jukolan Mottiin rakennetaan kota kuudellekymmenelle hengelle. Ty\u00f6t aloitettiin suunnitelmien mukaisesti keskiviikkona. Kodan pohjan valumuotti valmistui t\u00e4n\u00e4\u00e4n ja valuty\u00f6t suoritetaan huomenna &#8211; perjantaina 17.10.2014 alkaen klo 7.00. Lieksan Nurmij\u00e4rvelt\u00e4 kotoisin oleva Teksti jatkuu...Jukolan Motin kodan rakennusty\u00f6 etenee &#8211; pohjan valaminen huomenna\u2192\" \/>\n<meta property=\"og:url\" content=\"http:\/\/www.rukajarvensuunnanhistoriayhdistys.fi\/historiayhdistys\/jukolan-motin-kodan-rakennustyo-etee-pohjan-valaminen-huomenna\/\" \/>\n<meta property=\"og:site_name\" content=\"Rukaj\u00e4rven suunnan historiayhdistys\" \/>\n<meta property=\"article:published_time\" content=\"2014-10-16T19:48:18+00:00\" \/>\n<meta property=\"article:modified_time\" content=\"2014-10-19T17:40:39+00:00\" \/>\n<meta property=\"og:image\" content=\"http:\/\/www.rukajarvensuunnanhistoriayhdistys.fi\/historiayhdistys\/wp-content\/uploads\/2014\/10\/Jukolan-Motti-Matti-Kiulpel\u00e4inen.jpg\" \/>\n\t<meta property=\"og:image:width\" content=\"1754\" \/>\n\t<meta property=\"og:image:height\" content=\"1240\" \/>\n\t<meta property=\"og:image:type\" content=\"image\/jpeg\" \/>\n<meta name=\"author\" content=\"RSHY\" \/>\n<meta name=\"twitter:label1\" content=\"Kirjoittanut\" \/>\n\t<meta name=\"twitter:data1\" content=\"RSHY\" \/>\n\t<meta name=\"twitter:label2\" content=\"Arvioitu lukuaika\" \/>\n\t<meta name=\"twitter:data2\" content=\"1 minuutti\" \/>\n<script type=\"application\/ld+json\" class=\"yoast-schema-graph\">{\"@context\":\"https:\\\/\\\/schema.org\",\"@graph\":[{\"@type\":\"Article\",\"@id\":\"http:\\\/\\\/www.rukajarvensuunnanhistoriayhdistys.fi\\\/historiayhdistys\\\/jukolan-motin-kodan-rakennustyo-etee-pohjan-valaminen-huomenna\\\/#article\",\"isPartOf\":{\"@id\":\"http:\\\/\\\/www.rukajarvensuunnanhistoriayhdistys.fi\\\/historiayhdistys\\\/jukolan-motin-kodan-rakennustyo-etee-pohjan-valaminen-huomenna\\\/\"},\"author\":{\"name\":\"RSHY\",\"@id\":\"https:\\\/\\\/www.rukajarvensuunnanhistoriayhdistys.fi\\\/historiayhdistys\\\/#\\\/schema\\\/person\\\/19de7db68bf72dfd2b5d7f6dfbf8454d\"},\"headline\":\"Jukolan Motin kodan rakennusty\u00f6 etenee &#8211; pohjan valaminen huomenna\",\"datePublished\":\"2014-10-16T19:48:18+00:00\",\"dateModified\":\"2014-10-19T17:40:39+00:00\",\"mainEntityOfPage\":{\"@id\":\"http:\\\/\\\/www.rukajarvensuunnanhistoriayhdistys.fi\\\/historiayhdistys\\\/jukolan-motin-kodan-rakennustyo-etee-pohjan-valaminen-huomenna\\\/\"},\"wordCount\":254,\"publisher\":{\"@id\":\"https:\\\/\\\/www.rukajarvensuunnanhistoriayhdistys.fi\\\/historiayhdistys\\\/#organization\"},\"image\":{\"@id\":\"http:\\\/\\\/www.rukajarvensuunnanhistoriayhdistys.fi\\\/historiayhdistys\\\/jukolan-motin-kodan-rakennustyo-etee-pohjan-valaminen-huomenna\\\/#primaryimage\"},\"thumbnailUrl\":\"http:\\\/\\\/www.rukajarvensuunnanhistoriayhdistys.fi\\\/historiayhdistys\\\/wp-content\\\/uploads\\\/2014\\\/10\\\/Jukolan-Motti-Matti-Kiulpel\u00e4inen.jpg\",\"articleSection\":[\"Ajankohtaista\"],\"inLanguage\":\"fi\"},{\"@type\":\"WebPage\",\"@id\":\"http:\\\/\\\/www.rukajarvensuunnanhistoriayhdistys.fi\\\/historiayhdistys\\\/jukolan-motin-kodan-rakennustyo-etee-pohjan-valaminen-huomenna\\\/\",\"url\":\"http:\\\/\\\/www.rukajarvensuunnanhistoriayhdistys.fi\\\/historiayhdistys\\\/jukolan-motin-kodan-rakennustyo-etee-pohjan-valaminen-huomenna\\\/\",\"name\":\"Jukolan Motin kodan rakennusty\u00f6 etenee - pohjan valaminen huomenna - Rukaj\u00e4rven suunnan historiayhdistys\",\"isPartOf\":{\"@id\":\"https:\\\/\\\/www.rukajarvensuunnanhistoriayhdistys.fi\\\/historiayhdistys\\\/#website\"},\"primaryImageOfPage\":{\"@id\":\"http:\\\/\\\/www.rukajarvensuunnanhistoriayhdistys.fi\\\/historiayhdistys\\\/jukolan-motin-kodan-rakennustyo-etee-pohjan-valaminen-huomenna\\\/#primaryimage\"},\"image\":{\"@id\":\"http:\\\/\\\/www.rukajarvensuunnanhistoriayhdistys.fi\\\/historiayhdistys\\\/jukolan-motin-kodan-rakennustyo-etee-pohjan-valaminen-huomenna\\\/#primaryimage\"},\"thumbnailUrl\":\"http:\\\/\\\/www.rukajarvensuunnanhistoriayhdistys.fi\\\/historiayhdistys\\\/wp-content\\\/uploads\\\/2014\\\/10\\\/Jukolan-Motti-Matti-Kiulpel\u00e4inen.jpg\",\"datePublished\":\"2014-10-16T19:48:18+00:00\",\"dateModified\":\"2014-10-19T17:40:39+00:00\",\"breadcrumb\":{\"@id\":\"http:\\\/\\\/www.rukajarvensuunnanhistoriayhdistys.fi\\\/historiayhdistys\\\/jukolan-motin-kodan-rakennustyo-etee-pohjan-valaminen-huomenna\\\/#breadcrumb\"},\"inLanguage\":\"fi\",\"potentialAction\":[{\"@type\":\"ReadAction\",\"target\":[\"http:\\\/\\\/www.rukajarvensuunnanhistoriayhdistys.fi\\\/historiayhdistys\\\/jukolan-motin-kodan-rakennustyo-etee-pohjan-valaminen-huomenna\\\/\"]}]},{\"@type\":\"ImageObject\",\"inLanguage\":\"fi\",\"@id\":\"http:\\\/\\\/www.rukajarvensuunnanhistoriayhdistys.fi\\\/historiayhdistys\\\/jukolan-motin-kodan-rakennustyo-etee-pohjan-valaminen-huomenna\\\/#primaryimage\",\"url\":\"http:\\\/\\\/www.rukajarvensuunnanhistoriayhdistys.fi\\\/historiayhdistys\\\/wp-content\\\/uploads\\\/2014\\\/10\\\/Jukolan-Motti-Matti-Kiulpel\u00e4inen.jpg\",\"contentUrl\":\"http:\\\/\\\/www.rukajarvensuunnanhistoriayhdistys.fi\\\/historiayhdistys\\\/wp-content\\\/uploads\\\/2014\\\/10\\\/Jukolan-Motti-Matti-Kiulpel\u00e4inen.jpg\",\"width\":1754,\"height\":1240,\"caption\":\"Matti Kilpel\u00e4inen vastaava ty\u00f6njohtaja tasaamassa Jukolan Motin kodan pohjaa 15,10,2014\"},{\"@type\":\"BreadcrumbList\",\"@id\":\"http:\\\/\\\/www.rukajarvensuunnanhistoriayhdistys.fi\\\/historiayhdistys\\\/jukolan-motin-kodan-rakennustyo-etee-pohjan-valaminen-huomenna\\\/#breadcrumb\",\"itemListElement\":[{\"@type\":\"ListItem\",\"position\":1,\"name\":\"Etusivu\",\"item\":\"https:\\\/\\\/www.rukajarvensuunnanhistoriayhdistys.fi\\\/historiayhdistys\\\/\"},{\"@type\":\"ListItem\",\"position\":2,\"name\":\"Jukolan Motin kodan rakennusty\u00f6 etenee &#8211; pohjan valaminen huomenna\"}]},{\"@type\":\"WebSite\",\"@id\":\"https:\\\/\\\/www.rukajarvensuunnanhistoriayhdistys.fi\\\/historiayhdistys\\\/#website\",\"url\":\"https:\\\/\\\/www.rukajarvensuunnanhistoriayhdistys.fi\\\/historiayhdistys\\\/\",\"name\":\"Rukaj\u00e4rven suunnan historiayhdistys\",\"description\":\"Rukaj\u00e4rven suunnan historiayhdistyksen verkkosivut.\",\"publisher\":{\"@id\":\"https:\\\/\\\/www.rukajarvensuunnanhistoriayhdistys.fi\\\/historiayhdistys\\\/#organization\"},\"potentialAction\":[{\"@type\":\"SearchAction\",\"target\":{\"@type\":\"EntryPoint\",\"urlTemplate\":\"https:\\\/\\\/www.rukajarvensuunnanhistoriayhdistys.fi\\\/historiayhdistys\\\/?s={search_term_string}\"},\"query-input\":{\"@type\":\"PropertyValueSpecification\",\"valueRequired\":true,\"valueName\":\"search_term_string\"}}],\"inLanguage\":\"fi\"},{\"@type\":\"Organization\",\"@id\":\"https:\\\/\\\/www.rukajarvensuunnanhistoriayhdistys.fi\\\/historiayhdistys\\\/#organization\",\"name\":\"Rukaj\u00e4rven suunnan historiayhdistys\",\"url\":\"https:\\\/\\\/www.rukajarvensuunnanhistoriayhdistys.fi\\\/historiayhdistys\\\/\",\"logo\":{\"@type\":\"ImageObject\",\"inLanguage\":\"fi\",\"@id\":\"https:\\\/\\\/www.rukajarvensuunnanhistoriayhdistys.fi\\\/historiayhdistys\\\/#\\\/schema\\\/logo\\\/image\\\/\",\"url\":\"http:\\\/\\\/www.rukajarvensuunnanhistoriayhdistys.fi\\\/historiayhdistys\\\/wp-content\\\/uploads\\\/2013\\\/12\\\/Otsake_3.jpg\",\"contentUrl\":\"http:\\\/\\\/www.rukajarvensuunnanhistoriayhdistys.fi\\\/historiayhdistys\\\/wp-content\\\/uploads\\\/2013\\\/12\\\/Otsake_3.jpg\",\"width\":1000,\"height\":442,\"caption\":\"Rukaj\u00e4rven suunnan historiayhdistys\"},\"image\":{\"@id\":\"https:\\\/\\\/www.rukajarvensuunnanhistoriayhdistys.fi\\\/historiayhdistys\\\/#\\\/schema\\\/logo\\\/image\\\/\"}},{\"@type\":\"Person\",\"@id\":\"https:\\\/\\\/www.rukajarvensuunnanhistoriayhdistys.fi\\\/historiayhdistys\\\/#\\\/schema\\\/person\\\/19de7db68bf72dfd2b5d7f6dfbf8454d\",\"name\":\"RSHY\",\"image\":{\"@type\":\"ImageObject\",\"inLanguage\":\"fi\",\"@id\":\"https:\\\/\\\/secure.gravatar.com\\\/avatar\\\/598d59263a69cc8de65fcb4f9db78d6f58c098cb0e0ba22d73377441af9fa04c?s=96&d=blank&r=g\",\"url\":\"https:\\\/\\\/secure.gravatar.com\\\/avatar\\\/598d59263a69cc8de65fcb4f9db78d6f58c098cb0e0ba22d73377441af9fa04c?s=96&d=blank&r=g\",\"contentUrl\":\"https:\\\/\\\/secure.gravatar.com\\\/avatar\\\/598d59263a69cc8de65fcb4f9db78d6f58c098cb0e0ba22d73377441af9fa04c?s=96&d=blank&r=g\",\"caption\":\"RSHY\"},\"url\":\"http:\\\/\\\/www.rukajarvensuunnanhistoriayhdistys.fi\\\/historiayhdistys\\\/author\\\/rshy\\\/\"}]}<\/script>\n<!-- \/ Yoast SEO plugin. -->","yoast_head_json":{"title":"Jukolan Motin kodan rakennusty\u00f6 etenee - pohjan valaminen huomenna - Rukaj\u00e4rven suunnan historiayhdistys","robots":{"index":"index","follow":"follow","max-snippet":"max-snippet:-1","max-image-preview":"max-image-preview:large","max-video-preview":"max-video-preview:-1"},"canonical":"http:\/\/www.rukajarvensuunnanhistoriayhdistys.fi\/historiayhdistys\/jukolan-motin-kodan-rakennustyo-etee-pohjan-valaminen-huomenna\/","og_locale":"fi_FI","og_type":"article","og_title":"Jukolan Motin kodan rakennusty\u00f6 etenee - pohjan valaminen huomenna - Rukaj\u00e4rven suunnan historiayhdistys","og_description":"Jukolan Mottiin rakennetaan kota kuudellekymmenelle hengelle. Ty\u00f6t aloitettiin suunnitelmien mukaisesti keskiviikkona. Kodan pohjan valumuotti valmistui t\u00e4n\u00e4\u00e4n ja valuty\u00f6t suoritetaan huomenna &#8211; perjantaina 17.10.2014 alkaen klo 7.00. Lieksan Nurmij\u00e4rvelt\u00e4 kotoisin oleva Teksti jatkuu...Jukolan Motin kodan rakennusty\u00f6 etenee &#8211; pohjan valaminen huomenna\u2192","og_url":"http:\/\/www.rukajarvensuunnanhistoriayhdistys.fi\/historiayhdistys\/jukolan-motin-kodan-rakennustyo-etee-pohjan-valaminen-huomenna\/","og_site_name":"Rukaj\u00e4rven suunnan historiayhdistys","article_published_time":"2014-10-16T19:48:18+00:00","article_modified_time":"2014-10-19T17:40:39+00:00","og_image":[{"width":1754,"height":1240,"url":"http:\/\/www.rukajarvensuunnanhistoriayhdistys.fi\/historiayhdistys\/wp-content\/uploads\/2014\/10\/Jukolan-Motti-Matti-Kiulpel\u00e4inen.jpg","type":"image\/jpeg"}],"author":"RSHY","twitter_misc":{"Kirjoittanut":"RSHY","Arvioitu lukuaika":"1 minuutti"},"schema":{"@context":"https:\/\/schema.org","@graph":[{"@type":"Article","@id":"http:\/\/www.rukajarvensuunnanhistoriayhdistys.fi\/historiayhdistys\/jukolan-motin-kodan-rakennustyo-etee-pohjan-valaminen-huomenna\/#article","isPartOf":{"@id":"http:\/\/www.rukajarvensuunnanhistoriayhdistys.fi\/historiayhdistys\/jukolan-motin-kodan-rakennustyo-etee-pohjan-valaminen-huomenna\/"},"author":{"name":"RSHY","@id":"https:\/\/www.rukajarvensuunnanhistoriayhdistys.fi\/historiayhdistys\/#\/schema\/person\/19de7db68bf72dfd2b5d7f6dfbf8454d"},"headline":"Jukolan Motin kodan rakennusty\u00f6 etenee &#8211; pohjan valaminen huomenna","datePublished":"2014-10-16T19:48:18+00:00","dateModified":"2014-10-19T17:40:39+00:00","mainEntityOfPage":{"@id":"http:\/\/www.rukajarvensuunnanhistoriayhdistys.fi\/historiayhdistys\/jukolan-motin-kodan-rakennustyo-etee-pohjan-valaminen-huomenna\/"},"wordCount":254,"publisher":{"@id":"https:\/\/www.rukajarvensuunnanhistoriayhdistys.fi\/historiayhdistys\/#organization"},"image":{"@id":"http:\/\/www.rukajarvensuunnanhistoriayhdistys.fi\/historiayhdistys\/jukolan-motin-kodan-rakennustyo-etee-pohjan-valaminen-huomenna\/#primaryimage"},"thumbnailUrl":"http:\/\/www.rukajarvensuunnanhistoriayhdistys.fi\/historiayhdistys\/wp-content\/uploads\/2014\/10\/Jukolan-Motti-Matti-Kiulpel\u00e4inen.jpg","articleSection":["Ajankohtaista"],"inLanguage":"fi"},{"@type":"WebPage","@id":"http:\/\/www.rukajarvensuunnanhistoriayhdistys.fi\/historiayhdistys\/jukolan-motin-kodan-rakennustyo-etee-pohjan-valaminen-huomenna\/","url":"http:\/\/www.rukajarvensuunnanhistoriayhdistys.fi\/historiayhdistys\/jukolan-motin-kodan-rakennustyo-etee-pohjan-valaminen-huomenna\/","name":"Jukolan Motin kodan rakennusty\u00f6 etenee - pohjan valaminen huomenna - Rukaj\u00e4rven suunnan historiayhdistys","isPartOf":{"@id":"https:\/\/www.rukajarvensuunnanhistoriayhdistys.fi\/historiayhdistys\/#website"},"primaryImageOfPage":{"@id":"http:\/\/www.rukajarvensuunnanhistoriayhdistys.fi\/historiayhdistys\/jukolan-motin-kodan-rakennustyo-etee-pohjan-valaminen-huomenna\/#primaryimage"},"image":{"@id":"http:\/\/www.rukajarvensuunnanhistoriayhdistys.fi\/historiayhdistys\/jukolan-motin-kodan-rakennustyo-etee-pohjan-valaminen-huomenna\/#primaryimage"},"thumbnailUrl":"http:\/\/www.rukajarvensuunnanhistoriayhdistys.fi\/historiayhdistys\/wp-content\/uploads\/2014\/10\/Jukolan-Motti-Matti-Kiulpel\u00e4inen.jpg","datePublished":"2014-10-16T19:48:18+00:00","dateModified":"2014-10-19T17:40:39+00:00","breadcrumb":{"@id":"http:\/\/www.rukajarvensuunnanhistoriayhdistys.fi\/historiayhdistys\/jukolan-motin-kodan-rakennustyo-etee-pohjan-valaminen-huomenna\/#breadcrumb"},"inLanguage":"fi","potentialAction":[{"@type":"ReadAction","target":["http:\/\/www.rukajarvensuunnanhistoriayhdistys.fi\/historiayhdistys\/jukolan-motin-kodan-rakennustyo-etee-pohjan-valaminen-huomenna\/"]}]},{"@type":"ImageObject","inLanguage":"fi","@id":"http:\/\/www.rukajarvensuunnanhistoriayhdistys.fi\/historiayhdistys\/jukolan-motin-kodan-rakennustyo-etee-pohjan-valaminen-huomenna\/#primaryimage","url":"http:\/\/www.rukajarvensuunnanhistoriayhdistys.fi\/historiayhdistys\/wp-content\/uploads\/2014\/10\/Jukolan-Motti-Matti-Kiulpel\u00e4inen.jpg","contentUrl":"http:\/\/www.rukajarvensuunnanhistoriayhdistys.fi\/historiayhdistys\/wp-content\/uploads\/2014\/10\/Jukolan-Motti-Matti-Kiulpel\u00e4inen.jpg","width":1754,"height":1240,"caption":"Matti Kilpel\u00e4inen vastaava ty\u00f6njohtaja tasaamassa Jukolan Motin kodan pohjaa 15,10,2014"},{"@type":"BreadcrumbList","@id":"http:\/\/www.rukajarvensuunnanhistoriayhdistys.fi\/historiayhdistys\/jukolan-motin-kodan-rakennustyo-etee-pohjan-valaminen-huomenna\/#breadcrumb","itemListElement":[{"@type":"ListItem","position":1,"name":"Etusivu","item":"https:\/\/www.rukajarvensuunnanhistoriayhdistys.fi\/historiayhdistys\/"},{"@type":"ListItem","position":2,"name":"Jukolan Motin kodan rakennusty\u00f6 etenee &#8211; pohjan valaminen huomenna"}]},{"@type":"WebSite","@id":"https:\/\/www.rukajarvensuunnanhistoriayhdistys.fi\/historiayhdistys\/#website","url":"https:\/\/www.rukajarvensuunnanhistoriayhdistys.fi\/historiayhdistys\/","name":"Rukaj\u00e4rven suunnan historiayhdistys","description":"Rukaj\u00e4rven suunnan historiayhdistyksen verkkosivut.","publisher":{"@id":"https:\/\/www.rukajarvensuunnanhistoriayhdistys.fi\/historiayhdistys\/#organization"},"potentialAction":[{"@type":"SearchAction","target":{"@type":"EntryPoint","urlTemplate":"https:\/\/www.rukajarvensuunnanhistoriayhdistys.fi\/historiayhdistys\/?s={search_term_string}"},"query-input":{"@type":"PropertyValueSpecification","valueRequired":true,"valueName":"search_term_string"}}],"inLanguage":"fi"},{"@type":"Organization","@id":"https:\/\/www.rukajarvensuunnanhistoriayhdistys.fi\/historiayhdistys\/#organization","name":"Rukaj\u00e4rven suunnan historiayhdistys","url":"https:\/\/www.rukajarvensuunnanhistoriayhdistys.fi\/historiayhdistys\/","logo":{"@type":"ImageObject","inLanguage":"fi","@id":"https:\/\/www.rukajarvensuunnanhistoriayhdistys.fi\/historiayhdistys\/#\/schema\/logo\/image\/","url":"http:\/\/www.rukajarvensuunnanhistoriayhdistys.fi\/historiayhdistys\/wp-content\/uploads\/2013\/12\/Otsake_3.jpg","contentUrl":"http:\/\/www.rukajarvensuunnanhistoriayhdistys.fi\/historiayhdistys\/wp-content\/uploads\/2013\/12\/Otsake_3.jpg","width":1000,"height":442,"caption":"Rukaj\u00e4rven suunnan historiayhdistys"},"image":{"@id":"https:\/\/www.rukajarvensuunnanhistoriayhdistys.fi\/historiayhdistys\/#\/schema\/logo\/image\/"}},{"@type":"Person","@id":"https:\/\/www.rukajarvensuunnanhistoriayhdistys.fi\/historiayhdistys\/#\/schema\/person\/19de7db68bf72dfd2b5d7f6dfbf8454d","name":"RSHY","image":{"@type":"ImageObject","inLanguage":"fi","@id":"https:\/\/secure.gravatar.com\/avatar\/598d59263a69cc8de65fcb4f9db78d6f58c098cb0e0ba22d73377441af9fa04c?s=96&d=blank&r=g","url":"https:\/\/secure.gravatar.com\/avatar\/598d59263a69cc8de65fcb4f9db78d6f58c098cb0e0ba22d73377441af9fa04c?s=96&d=blank&r=g","contentUrl":"https:\/\/secure.gravatar.com\/avatar\/598d59263a69cc8de65fcb4f9db78d6f58c098cb0e0ba22d73377441af9fa04c?s=96&d=blank&r=g","caption":"RSHY"},"url":"http:\/\/www.rukajarvensuunnanhistoriayhdistys.fi\/historiayhdistys\/author\/rshy\/"}]}},"_links":{"self":[{"href":"http:\/\/www.rukajarvensuunnanhistoriayhdistys.fi\/historiayhdistys\/wp-json\/wp\/v2\/posts\/9293","targetHints":{"allow":["GET"]}}],"collection":[{"href":"http:\/\/www.rukajarvensuunnanhistoriayhdistys.fi\/historiayhdistys\/wp-json\/wp\/v2\/posts"}],"about":[{"href":"http:\/\/www.rukajarvensuunnanhistoriayhdistys.fi\/historiayhdistys\/wp-json\/wp\/v2\/types\/post"}],"author":[{"embeddable":true,"href":"http:\/\/www.rukajarvensuunnanhistoriayhdistys.fi\/historiayhdistys\/wp-json\/wp\/v2\/users\/3"}],"replies":[{"embeddable":true,"href":"http:\/\/www.rukajarvensuunnanhistoriayhdistys.fi\/historiayhdistys\/wp-json\/wp\/v2\/comments?post=9293"}],"version-history":[{"count":4,"href":"http:\/\/www.rukajarvensuunnanhistoriayhdistys.fi\/historiayhdistys\/wp-json\/wp\/v2\/posts\/9293\/revisions"}],"predecessor-version":[{"id":9303,"href":"http:\/\/www.rukajarvensuunnanhistoriayhdistys.fi\/historiayhdistys\/wp-json\/wp\/v2\/posts\/9293\/revisions\/9303"}],"wp:featuredmedia":[{"embeddable":true,"href":"http:\/\/www.rukajarvensuunnanhistoriayhdistys.fi\/historiayhdistys\/wp-json\/wp\/v2\/media\/9298"}],"wp:attachment":[{"href":"http:\/\/www.rukajarvensuunnanhistoriayhdistys.fi\/historiayhdistys\/wp-json\/wp\/v2\/media?parent=9293"}],"wp:term":[{"taxonomy":"category","embeddable":true,"href":"http:\/\/www.rukajarvensuunnanhistoriayhdistys.fi\/historiayhdistys\/wp-json\/wp\/v2\/categories?post=9293"},{"taxonomy":"post_tag","embeddable":true,"href":"http:\/\/www.rukajarvensuunnanhistoriayhdistys.fi\/historiayhdistys\/wp-json\/wp\/v2\/tags?post=9293"}],"curies":[{"name":"wp","href":"https:\/\/api.w.org\/{rel}","templated":true}]}}