{"id":9304,"date":"2014-10-17T20:24:08","date_gmt":"2014-10-17T17:24:08","guid":{"rendered":"http:\/\/www.rukajarvensuunnanhistoriayhdistys.fi\/historiayhdistys\/?p=9304"},"modified":"2014-10-24T06:37:39","modified_gmt":"2014-10-24T03:37:39","slug":"jukolan-motin-kodan-pohjan-valu-valmis","status":"publish","type":"post","link":"http:\/\/www.rukajarvensuunnanhistoriayhdistys.fi\/historiayhdistys\/jukolan-motin-kodan-pohjan-valu-valmis\/","title":{"rendered":"Jukolan Motin kodan pohjan valaminen sujui suunnitellun mukaisesti"},"content":{"rendered":"<div class=\"fcbkbttn_buttons_block\" id=\"fcbkbttn_left\"><div class=\"fcbkbttn_like \"><fb:like href=\"http:\/\/www.rukajarvensuunnanhistoriayhdistys.fi\/historiayhdistys\/jukolan-motin-kodan-pohjan-valu-valmis\/\" action=\"like\" colorscheme=\"light\" layout=\"button_count\"  size=\"small\"><\/fb:like><\/div><\/div><p>Jukolan Motissa on talkoov\u00e4ki uutteroinut aamuvarhaisesta iltamy\u00f6h\u00e4\u00e4n. Eilen illalla talkooty\u00f6t lopetettiin vasta kun raudoitus oli valmistunut n. 20.30 tienoilla. T\u00e4n\u00e4 aamuna siis 17.10.2014 piti suunnitelmien mukaan valaa. Perjantaina oli muillakin kiirevaluja, joten Pielisen Betonista ei saatu betonia, joten se piti tilata Nurmeksesta. Nurmeksessakin tilaukset olivat ruuhkautuneet ja valu piti t\u00e4st\u00e4 syyst\u00e4 aloittaa jo kello 7.00 aamuvarhaisella.<\/p>\n<p>&nbsp;<\/p>\n<figure id=\"attachment_9309\" aria-describedby=\"caption-attachment-9309\" style=\"width: 1754px\" class=\"wp-caption alignnone\"><a href=\"http:\/\/www.rukajarvensuunnanhistoriayhdistys.fi\/historiayhdistys\/wp-content\/uploads\/2014\/10\/Jukolan-Motti-Matti-Kilpel\u00e4inen-6.jpg\"><img loading=\"lazy\" decoding=\"async\" class=\"wp-image-9309 size-full\" src=\"http:\/\/www.rukajarvensuunnanhistoriayhdistys.fi\/historiayhdistys\/wp-content\/uploads\/2014\/10\/Jukolan-Motti-Matti-Kilpel\u00e4inen-6.jpg\" alt=\"Jukolan Motissa ty\u00f6t aloitettiin t\u00e4n\u00e4 aamuna 17.10. klo 06.00.\" width=\"1754\" height=\"1240\" data-id=\"9309\" srcset=\"http:\/\/www.rukajarvensuunnanhistoriayhdistys.fi\/historiayhdistys\/wp-content\/uploads\/2014\/10\/Jukolan-Motti-Matti-Kilpel\u00e4inen-6.jpg 1754w, http:\/\/www.rukajarvensuunnanhistoriayhdistys.fi\/historiayhdistys\/wp-content\/uploads\/2014\/10\/Jukolan-Motti-Matti-Kilpel\u00e4inen-6-300x212.jpg 300w, http:\/\/www.rukajarvensuunnanhistoriayhdistys.fi\/historiayhdistys\/wp-content\/uploads\/2014\/10\/Jukolan-Motti-Matti-Kilpel\u00e4inen-6-1024x723.jpg 1024w\" sizes=\"auto, (max-width: 1754px) 100vw, 1754px\" \/><\/a><figcaption id=\"caption-attachment-9309\" class=\"wp-caption-text\">Jukolan Motissa ty\u00f6t aloitettiin t\u00e4n\u00e4 aamuna (17.10.) klo 06.00. Matti Kilpel\u00e4inen ja Lasse Nirhamo, pakkasta -11 C. Kuva Tenho Tikkanen.<\/figcaption><\/figure>\n<p>Talkooporukka tuli ty\u00f6maalle jo klo 6.00, jotta kaikki olisi valmista ennen betoniautojen saapumista. Aikataulussa pysyttiin, kiitos ammattitaitoisen vastaavan ty\u00f6njohtajan.<\/p>\n<figure id=\"attachment_9305\" aria-describedby=\"caption-attachment-9305\" style=\"width: 1754px\" class=\"wp-caption alignnone\"><a href=\"http:\/\/www.rukajarvensuunnanhistoriayhdistys.fi\/historiayhdistys\/wp-content\/uploads\/2014\/10\/Jukolan-Motti-valu-7.jpg\"><img loading=\"lazy\" decoding=\"async\" class=\"wp-image-9305 size-full\" src=\"http:\/\/www.rukajarvensuunnanhistoriayhdistys.fi\/historiayhdistys\/wp-content\/uploads\/2014\/10\/Jukolan-Motti-valu-7.jpg\" alt=\"Valuty\u00f6 hyv\u00e4ss\u00e4 vauhdissa, nurmeslainen autonkuljettaja, Mauri M\u00f6nkk\u00f6nen ja Matti Kilpel\u00e4inen.\" width=\"1754\" height=\"1240\" data-id=\"9305\" srcset=\"http:\/\/www.rukajarvensuunnanhistoriayhdistys.fi\/historiayhdistys\/wp-content\/uploads\/2014\/10\/Jukolan-Motti-valu-7.jpg 1754w, http:\/\/www.rukajarvensuunnanhistoriayhdistys.fi\/historiayhdistys\/wp-content\/uploads\/2014\/10\/Jukolan-Motti-valu-7-300x212.jpg 300w, http:\/\/www.rukajarvensuunnanhistoriayhdistys.fi\/historiayhdistys\/wp-content\/uploads\/2014\/10\/Jukolan-Motti-valu-7-1024x723.jpg 1024w\" sizes=\"auto, (max-width: 1754px) 100vw, 1754px\" \/><\/a><figcaption id=\"caption-attachment-9305\" class=\"wp-caption-text\">Valuty\u00f6 hyv\u00e4ss\u00e4 vauhdissa, nurmeslainen autonkuljettaja, Mauri M\u00f6nkk\u00f6nen ja Matti Kilpel\u00e4inen.<\/figcaption><\/figure>\n<p>Valu sujui nopeasti. Lasse Nirhamo k\u00e4vi hakemassa Nurmeksesta s\u00e4hk\u00f6k\u00e4ytt\u00f6isen hiertimen ja vipran. Viimeistely p\u00e4\u00e4si k\u00e4ym\u00e4\u00e4n ja valu peiteltiin sek\u00e4 pakkasuojattiin n. klo 14.30 menness\u00e4.<\/p>\n<p>Aamulla kun valuty\u00f6 aloitettiin oli pakkasta -11 C, joten seosta piti k\u00e4sitell\u00e4 paremmin juoksevaksi.<\/p>\n<p>Rakennusty\u00f6maalle tuli my\u00f6s Anaika Wood yhti\u00f6n lahjoittamat kattopalkit sek\u00e4 yhdistyksen hankkima muu puutavara.<\/p>\n<figure id=\"attachment_9307\" aria-describedby=\"caption-attachment-9307\" style=\"width: 1754px\" class=\"wp-caption alignnone\"><a href=\"http:\/\/www.rukajarvensuunnanhistoriayhdistys.fi\/historiayhdistys\/wp-content\/uploads\/2014\/10\/Jukolan-Motti-valu-hirret-8.jpg\"><img loading=\"lazy\" decoding=\"async\" class=\"wp-image-9307 size-full\" src=\"http:\/\/www.rukajarvensuunnanhistoriayhdistys.fi\/historiayhdistys\/wp-content\/uploads\/2014\/10\/Jukolan-Motti-valu-hirret-8.jpg\" alt=\"Talkooporukalla oli kiirett\u00e4. Betoniautojen poistuttua rakennuspaikalle tulivat kodan hirret ja kattokannakkeet.\" width=\"1754\" height=\"1240\" data-id=\"9307\" srcset=\"http:\/\/www.rukajarvensuunnanhistoriayhdistys.fi\/historiayhdistys\/wp-content\/uploads\/2014\/10\/Jukolan-Motti-valu-hirret-8.jpg 1754w, http:\/\/www.rukajarvensuunnanhistoriayhdistys.fi\/historiayhdistys\/wp-content\/uploads\/2014\/10\/Jukolan-Motti-valu-hirret-8-300x212.jpg 300w, http:\/\/www.rukajarvensuunnanhistoriayhdistys.fi\/historiayhdistys\/wp-content\/uploads\/2014\/10\/Jukolan-Motti-valu-hirret-8-1024x723.jpg 1024w\" sizes=\"auto, (max-width: 1754px) 100vw, 1754px\" \/><\/a><figcaption id=\"caption-attachment-9307\" class=\"wp-caption-text\">Talkooporukalla oli kiirett\u00e4. Betoniautojen poistuttua rakennuspaikalle tulivat kodan hirret ja kattokannakkeet. Tupakan mittainen tauko, Reijo Lukkarinen, Juhani Ryyn\u00e4nen, Lasse Nirhamo, Mauri M\u00f6nkk\u00f6nen ja Matti Kilpel\u00e4inen.<\/figcaption><\/figure>\n<figure id=\"attachment_9308\" aria-describedby=\"caption-attachment-9308\" style=\"width: 1754px\" class=\"wp-caption alignnone\"><a href=\"http:\/\/www.rukajarvensuunnanhistoriayhdistys.fi\/historiayhdistys\/wp-content\/uploads\/2014\/10\/Jukolan-Motti-valu-P\u00e4ivi-10.jpg\"><img loading=\"lazy\" decoding=\"async\" class=\"wp-image-9308 size-full\" src=\"http:\/\/www.rukajarvensuunnanhistoriayhdistys.fi\/historiayhdistys\/wp-content\/uploads\/2014\/10\/Jukolan-Motti-valu-P\u00e4ivi-10.jpg\" alt=\"Lasse Nirhamo ja P\u00e4ivi Putkonen pian valuty\u00f6n valmistuttua.\" width=\"1754\" height=\"1240\" data-id=\"9308\" srcset=\"http:\/\/www.rukajarvensuunnanhistoriayhdistys.fi\/historiayhdistys\/wp-content\/uploads\/2014\/10\/Jukolan-Motti-valu-P\u00e4ivi-10.jpg 1754w, http:\/\/www.rukajarvensuunnanhistoriayhdistys.fi\/historiayhdistys\/wp-content\/uploads\/2014\/10\/Jukolan-Motti-valu-P\u00e4ivi-10-300x212.jpg 300w, http:\/\/www.rukajarvensuunnanhistoriayhdistys.fi\/historiayhdistys\/wp-content\/uploads\/2014\/10\/Jukolan-Motti-valu-P\u00e4ivi-10-1024x723.jpg 1024w\" sizes=\"auto, (max-width: 1754px) 100vw, 1754px\" \/><\/a><figcaption id=\"caption-attachment-9308\" class=\"wp-caption-text\">Lasse Nirhamo ja P\u00e4ivi Putkonen pian valuty\u00f6n valmistuttua.<\/figcaption><\/figure>\n<figure id=\"attachment_9306\" aria-describedby=\"caption-attachment-9306\" style=\"width: 1754px\" class=\"wp-caption alignnone\"><a href=\"http:\/\/www.rukajarvensuunnanhistoriayhdistys.fi\/historiayhdistys\/wp-content\/uploads\/2014\/10\/Jukolan-Motti-valu-9.jpg\"><img loading=\"lazy\" decoding=\"async\" class=\"wp-image-9306 size-full\" src=\"http:\/\/www.rukajarvensuunnanhistoriayhdistys.fi\/historiayhdistys\/wp-content\/uploads\/2014\/10\/Jukolan-Motti-valu-9.jpg\" alt=\"Matti Kilpel\u00e4inen tasoittamassa pohjan betonia hiertimell\u00e4.\" width=\"1754\" height=\"1240\" data-id=\"9306\" srcset=\"http:\/\/www.rukajarvensuunnanhistoriayhdistys.fi\/historiayhdistys\/wp-content\/uploads\/2014\/10\/Jukolan-Motti-valu-9.jpg 1754w, http:\/\/www.rukajarvensuunnanhistoriayhdistys.fi\/historiayhdistys\/wp-content\/uploads\/2014\/10\/Jukolan-Motti-valu-9-300x212.jpg 300w, http:\/\/www.rukajarvensuunnanhistoriayhdistys.fi\/historiayhdistys\/wp-content\/uploads\/2014\/10\/Jukolan-Motti-valu-9-1024x723.jpg 1024w\" sizes=\"auto, (max-width: 1754px) 100vw, 1754px\" \/><\/a><figcaption id=\"caption-attachment-9306\" class=\"wp-caption-text\">Tasaista j\u00e4lke\u00e4 syntyy. Matti Kilpel\u00e4inen tasoittamassa pohjan betonia hiertimell\u00e4.<\/figcaption><\/figure>\n<p>Tulevalla viikon alussa\u00a0alkaa harkkojen muuraus ja heti sen j\u00e4lkeen hirsiseinien pystytt\u00e4minen.<\/p>\n<p>Ty\u00f6t\u00e4 riitt\u00e4\u00e4 kaikille talkoomiehille, joiden toivotaankin tulevalla viikolla osallistuvan talkooty\u00f6h\u00f6n runsain joukoin.<\/p>\n","protected":false},"excerpt":{"rendered":"<p>Jukolan Motissa on talkoov\u00e4ki uutteroinut aamuvarhaisesta iltamy\u00f6h\u00e4\u00e4n. Eilen illalla talkooty\u00f6t lopetettiin vasta kun raudoitus oli valmistunut n. 20.30 tienoilla. T\u00e4n\u00e4 aamuna siis 17.10.2014 piti suunnitelmien mukaan valaa. Perjantaina oli muillakin <a class=\"more-link\" href=\"http:\/\/www.rukajarvensuunnanhistoriayhdistys.fi\/historiayhdistys\/jukolan-motin-kodan-pohjan-valu-valmis\/\">Teksti jatkuu&#8230;<span class=\"screen-reader-text\">Jukolan Motin kodan pohjan valaminen sujui suunnitellun mukaisesti<\/span><span class=\"meta-nav\">\u2192<\/span><\/a><\/p>\n","protected":false},"author":3,"featured_media":9309,"comment_status":"closed","ping_status":"open","sticky":false,"template":"","format":"standard","meta":{"footnotes":""},"categories":[22],"tags":[],"class_list":["post-9304","post","type-post","status-publish","format-standard","has-post-thumbnail","hentry","category-ajankohtaista"],"yoast_head":"<!-- This site is optimized with the Yoast SEO plugin v27.4 - https:\/\/yoast.com\/product\/yoast-seo-wordpress\/ -->\n<title>Jukolan Motin kodan pohjan valaminen sujui suunnitellun mukaisesti - Rukaj\u00e4rven suunnan historiayhdistys<\/title>\n<meta name=\"robots\" content=\"index, follow, max-snippet:-1, max-image-preview:large, max-video-preview:-1\" \/>\n<link rel=\"canonical\" href=\"http:\/\/www.rukajarvensuunnanhistoriayhdistys.fi\/historiayhdistys\/jukolan-motin-kodan-pohjan-valu-valmis\/\" \/>\n<meta property=\"og:locale\" content=\"fi_FI\" \/>\n<meta property=\"og:type\" content=\"article\" \/>\n<meta property=\"og:title\" content=\"Jukolan Motin kodan pohjan valaminen sujui suunnitellun mukaisesti - Rukaj\u00e4rven suunnan historiayhdistys\" \/>\n<meta property=\"og:description\" content=\"Jukolan Motissa on talkoov\u00e4ki uutteroinut aamuvarhaisesta iltamy\u00f6h\u00e4\u00e4n. Eilen illalla talkooty\u00f6t lopetettiin vasta kun raudoitus oli valmistunut n. 20.30 tienoilla. T\u00e4n\u00e4 aamuna siis 17.10.2014 piti suunnitelmien mukaan valaa. Perjantaina oli muillakin Teksti jatkuu...Jukolan Motin kodan pohjan valaminen sujui suunnitellun mukaisesti\u2192\" \/>\n<meta property=\"og:url\" content=\"http:\/\/www.rukajarvensuunnanhistoriayhdistys.fi\/historiayhdistys\/jukolan-motin-kodan-pohjan-valu-valmis\/\" \/>\n<meta property=\"og:site_name\" content=\"Rukaj\u00e4rven suunnan historiayhdistys\" \/>\n<meta property=\"article:published_time\" content=\"2014-10-17T17:24:08+00:00\" \/>\n<meta property=\"article:modified_time\" content=\"2014-10-24T03:37:39+00:00\" \/>\n<meta property=\"og:image\" content=\"http:\/\/www.rukajarvensuunnanhistoriayhdistys.fi\/historiayhdistys\/wp-content\/uploads\/2014\/10\/Jukolan-Motti-Matti-Kilpel\u00e4inen-6.jpg\" \/>\n\t<meta property=\"og:image:width\" content=\"1754\" \/>\n\t<meta property=\"og:image:height\" content=\"1240\" \/>\n\t<meta property=\"og:image:type\" content=\"image\/jpeg\" \/>\n<meta name=\"author\" content=\"RSHY\" \/>\n<meta name=\"twitter:label1\" content=\"Kirjoittanut\" \/>\n\t<meta name=\"twitter:data1\" content=\"RSHY\" \/>\n\t<meta name=\"twitter:label2\" content=\"Arvioitu lukuaika\" \/>\n\t<meta name=\"twitter:data2\" content=\"1 minuutti\" \/>\n<script type=\"application\/ld+json\" class=\"yoast-schema-graph\">{\"@context\":\"https:\\\/\\\/schema.org\",\"@graph\":[{\"@type\":\"Article\",\"@id\":\"http:\\\/\\\/www.rukajarvensuunnanhistoriayhdistys.fi\\\/historiayhdistys\\\/jukolan-motin-kodan-pohjan-valu-valmis\\\/#article\",\"isPartOf\":{\"@id\":\"http:\\\/\\\/www.rukajarvensuunnanhistoriayhdistys.fi\\\/historiayhdistys\\\/jukolan-motin-kodan-pohjan-valu-valmis\\\/\"},\"author\":{\"name\":\"RSHY\",\"@id\":\"http:\\\/\\\/www.rukajarvensuunnanhistoriayhdistys.fi\\\/historiayhdistys\\\/#\\\/schema\\\/person\\\/19de7db68bf72dfd2b5d7f6dfbf8454d\"},\"headline\":\"Jukolan Motin kodan pohjan valaminen sujui suunnitellun mukaisesti\",\"datePublished\":\"2014-10-17T17:24:08+00:00\",\"dateModified\":\"2014-10-24T03:37:39+00:00\",\"mainEntityOfPage\":{\"@id\":\"http:\\\/\\\/www.rukajarvensuunnanhistoriayhdistys.fi\\\/historiayhdistys\\\/jukolan-motin-kodan-pohjan-valu-valmis\\\/\"},\"wordCount\":299,\"publisher\":{\"@id\":\"http:\\\/\\\/www.rukajarvensuunnanhistoriayhdistys.fi\\\/historiayhdistys\\\/#organization\"},\"image\":{\"@id\":\"http:\\\/\\\/www.rukajarvensuunnanhistoriayhdistys.fi\\\/historiayhdistys\\\/jukolan-motin-kodan-pohjan-valu-valmis\\\/#primaryimage\"},\"thumbnailUrl\":\"http:\\\/\\\/www.rukajarvensuunnanhistoriayhdistys.fi\\\/historiayhdistys\\\/wp-content\\\/uploads\\\/2014\\\/10\\\/Jukolan-Motti-Matti-Kilpel\u00e4inen-6.jpg\",\"articleSection\":[\"Ajankohtaista\"],\"inLanguage\":\"fi\"},{\"@type\":\"WebPage\",\"@id\":\"http:\\\/\\\/www.rukajarvensuunnanhistoriayhdistys.fi\\\/historiayhdistys\\\/jukolan-motin-kodan-pohjan-valu-valmis\\\/\",\"url\":\"http:\\\/\\\/www.rukajarvensuunnanhistoriayhdistys.fi\\\/historiayhdistys\\\/jukolan-motin-kodan-pohjan-valu-valmis\\\/\",\"name\":\"Jukolan Motin kodan pohjan valaminen sujui suunnitellun mukaisesti - Rukaj\u00e4rven suunnan historiayhdistys\",\"isPartOf\":{\"@id\":\"http:\\\/\\\/www.rukajarvensuunnanhistoriayhdistys.fi\\\/historiayhdistys\\\/#website\"},\"primaryImageOfPage\":{\"@id\":\"http:\\\/\\\/www.rukajarvensuunnanhistoriayhdistys.fi\\\/historiayhdistys\\\/jukolan-motin-kodan-pohjan-valu-valmis\\\/#primaryimage\"},\"image\":{\"@id\":\"http:\\\/\\\/www.rukajarvensuunnanhistoriayhdistys.fi\\\/historiayhdistys\\\/jukolan-motin-kodan-pohjan-valu-valmis\\\/#primaryimage\"},\"thumbnailUrl\":\"http:\\\/\\\/www.rukajarvensuunnanhistoriayhdistys.fi\\\/historiayhdistys\\\/wp-content\\\/uploads\\\/2014\\\/10\\\/Jukolan-Motti-Matti-Kilpel\u00e4inen-6.jpg\",\"datePublished\":\"2014-10-17T17:24:08+00:00\",\"dateModified\":\"2014-10-24T03:37:39+00:00\",\"breadcrumb\":{\"@id\":\"http:\\\/\\\/www.rukajarvensuunnanhistoriayhdistys.fi\\\/historiayhdistys\\\/jukolan-motin-kodan-pohjan-valu-valmis\\\/#breadcrumb\"},\"inLanguage\":\"fi\",\"potentialAction\":[{\"@type\":\"ReadAction\",\"target\":[\"http:\\\/\\\/www.rukajarvensuunnanhistoriayhdistys.fi\\\/historiayhdistys\\\/jukolan-motin-kodan-pohjan-valu-valmis\\\/\"]}]},{\"@type\":\"ImageObject\",\"inLanguage\":\"fi\",\"@id\":\"http:\\\/\\\/www.rukajarvensuunnanhistoriayhdistys.fi\\\/historiayhdistys\\\/jukolan-motin-kodan-pohjan-valu-valmis\\\/#primaryimage\",\"url\":\"http:\\\/\\\/www.rukajarvensuunnanhistoriayhdistys.fi\\\/historiayhdistys\\\/wp-content\\\/uploads\\\/2014\\\/10\\\/Jukolan-Motti-Matti-Kilpel\u00e4inen-6.jpg\",\"contentUrl\":\"http:\\\/\\\/www.rukajarvensuunnanhistoriayhdistys.fi\\\/historiayhdistys\\\/wp-content\\\/uploads\\\/2014\\\/10\\\/Jukolan-Motti-Matti-Kilpel\u00e4inen-6.jpg\",\"width\":1754,\"height\":1240,\"caption\":\"Jukolan Motissa ty\u00f6t aloitettiin t\u00e4n\u00e4 aamuna 17.10. klo 06.00.\"},{\"@type\":\"BreadcrumbList\",\"@id\":\"http:\\\/\\\/www.rukajarvensuunnanhistoriayhdistys.fi\\\/historiayhdistys\\\/jukolan-motin-kodan-pohjan-valu-valmis\\\/#breadcrumb\",\"itemListElement\":[{\"@type\":\"ListItem\",\"position\":1,\"name\":\"Etusivu\",\"item\":\"http:\\\/\\\/www.rukajarvensuunnanhistoriayhdistys.fi\\\/historiayhdistys\\\/\"},{\"@type\":\"ListItem\",\"position\":2,\"name\":\"Jukolan Motin kodan pohjan valaminen sujui suunnitellun mukaisesti\"}]},{\"@type\":\"WebSite\",\"@id\":\"http:\\\/\\\/www.rukajarvensuunnanhistoriayhdistys.fi\\\/historiayhdistys\\\/#website\",\"url\":\"http:\\\/\\\/www.rukajarvensuunnanhistoriayhdistys.fi\\\/historiayhdistys\\\/\",\"name\":\"Rukaj\u00e4rven suunnan historiayhdistys\",\"description\":\"Rukaj\u00e4rven suunnan historiayhdistyksen verkkosivut.\",\"publisher\":{\"@id\":\"http:\\\/\\\/www.rukajarvensuunnanhistoriayhdistys.fi\\\/historiayhdistys\\\/#organization\"},\"potentialAction\":[{\"@type\":\"SearchAction\",\"target\":{\"@type\":\"EntryPoint\",\"urlTemplate\":\"http:\\\/\\\/www.rukajarvensuunnanhistoriayhdistys.fi\\\/historiayhdistys\\\/?s={search_term_string}\"},\"query-input\":{\"@type\":\"PropertyValueSpecification\",\"valueRequired\":true,\"valueName\":\"search_term_string\"}}],\"inLanguage\":\"fi\"},{\"@type\":\"Organization\",\"@id\":\"http:\\\/\\\/www.rukajarvensuunnanhistoriayhdistys.fi\\\/historiayhdistys\\\/#organization\",\"name\":\"Rukaj\u00e4rven suunnan historiayhdistys\",\"url\":\"http:\\\/\\\/www.rukajarvensuunnanhistoriayhdistys.fi\\\/historiayhdistys\\\/\",\"logo\":{\"@type\":\"ImageObject\",\"inLanguage\":\"fi\",\"@id\":\"http:\\\/\\\/www.rukajarvensuunnanhistoriayhdistys.fi\\\/historiayhdistys\\\/#\\\/schema\\\/logo\\\/image\\\/\",\"url\":\"http:\\\/\\\/www.rukajarvensuunnanhistoriayhdistys.fi\\\/historiayhdistys\\\/wp-content\\\/uploads\\\/2013\\\/12\\\/Otsake_3.jpg\",\"contentUrl\":\"http:\\\/\\\/www.rukajarvensuunnanhistoriayhdistys.fi\\\/historiayhdistys\\\/wp-content\\\/uploads\\\/2013\\\/12\\\/Otsake_3.jpg\",\"width\":1000,\"height\":442,\"caption\":\"Rukaj\u00e4rven suunnan historiayhdistys\"},\"image\":{\"@id\":\"http:\\\/\\\/www.rukajarvensuunnanhistoriayhdistys.fi\\\/historiayhdistys\\\/#\\\/schema\\\/logo\\\/image\\\/\"}},{\"@type\":\"Person\",\"@id\":\"http:\\\/\\\/www.rukajarvensuunnanhistoriayhdistys.fi\\\/historiayhdistys\\\/#\\\/schema\\\/person\\\/19de7db68bf72dfd2b5d7f6dfbf8454d\",\"name\":\"RSHY\",\"image\":{\"@type\":\"ImageObject\",\"inLanguage\":\"fi\",\"@id\":\"https:\\\/\\\/secure.gravatar.com\\\/avatar\\\/598d59263a69cc8de65fcb4f9db78d6f58c098cb0e0ba22d73377441af9fa04c?s=96&d=blank&r=g\",\"url\":\"https:\\\/\\\/secure.gravatar.com\\\/avatar\\\/598d59263a69cc8de65fcb4f9db78d6f58c098cb0e0ba22d73377441af9fa04c?s=96&d=blank&r=g\",\"contentUrl\":\"https:\\\/\\\/secure.gravatar.com\\\/avatar\\\/598d59263a69cc8de65fcb4f9db78d6f58c098cb0e0ba22d73377441af9fa04c?s=96&d=blank&r=g\",\"caption\":\"RSHY\"},\"url\":\"http:\\\/\\\/www.rukajarvensuunnanhistoriayhdistys.fi\\\/historiayhdistys\\\/author\\\/rshy\\\/\"}]}<\/script>\n<!-- \/ Yoast SEO plugin. -->","yoast_head_json":{"title":"Jukolan Motin kodan pohjan valaminen sujui suunnitellun mukaisesti - Rukaj\u00e4rven suunnan historiayhdistys","robots":{"index":"index","follow":"follow","max-snippet":"max-snippet:-1","max-image-preview":"max-image-preview:large","max-video-preview":"max-video-preview:-1"},"canonical":"http:\/\/www.rukajarvensuunnanhistoriayhdistys.fi\/historiayhdistys\/jukolan-motin-kodan-pohjan-valu-valmis\/","og_locale":"fi_FI","og_type":"article","og_title":"Jukolan Motin kodan pohjan valaminen sujui suunnitellun mukaisesti - Rukaj\u00e4rven suunnan historiayhdistys","og_description":"Jukolan Motissa on talkoov\u00e4ki uutteroinut aamuvarhaisesta iltamy\u00f6h\u00e4\u00e4n. Eilen illalla talkooty\u00f6t lopetettiin vasta kun raudoitus oli valmistunut n. 20.30 tienoilla. T\u00e4n\u00e4 aamuna siis 17.10.2014 piti suunnitelmien mukaan valaa. Perjantaina oli muillakin Teksti jatkuu...Jukolan Motin kodan pohjan valaminen sujui suunnitellun mukaisesti\u2192","og_url":"http:\/\/www.rukajarvensuunnanhistoriayhdistys.fi\/historiayhdistys\/jukolan-motin-kodan-pohjan-valu-valmis\/","og_site_name":"Rukaj\u00e4rven suunnan historiayhdistys","article_published_time":"2014-10-17T17:24:08+00:00","article_modified_time":"2014-10-24T03:37:39+00:00","og_image":[{"width":1754,"height":1240,"url":"http:\/\/www.rukajarvensuunnanhistoriayhdistys.fi\/historiayhdistys\/wp-content\/uploads\/2014\/10\/Jukolan-Motti-Matti-Kilpel\u00e4inen-6.jpg","type":"image\/jpeg"}],"author":"RSHY","twitter_misc":{"Kirjoittanut":"RSHY","Arvioitu lukuaika":"1 minuutti"},"schema":{"@context":"https:\/\/schema.org","@graph":[{"@type":"Article","@id":"http:\/\/www.rukajarvensuunnanhistoriayhdistys.fi\/historiayhdistys\/jukolan-motin-kodan-pohjan-valu-valmis\/#article","isPartOf":{"@id":"http:\/\/www.rukajarvensuunnanhistoriayhdistys.fi\/historiayhdistys\/jukolan-motin-kodan-pohjan-valu-valmis\/"},"author":{"name":"RSHY","@id":"http:\/\/www.rukajarvensuunnanhistoriayhdistys.fi\/historiayhdistys\/#\/schema\/person\/19de7db68bf72dfd2b5d7f6dfbf8454d"},"headline":"Jukolan Motin kodan pohjan valaminen sujui suunnitellun mukaisesti","datePublished":"2014-10-17T17:24:08+00:00","dateModified":"2014-10-24T03:37:39+00:00","mainEntityOfPage":{"@id":"http:\/\/www.rukajarvensuunnanhistoriayhdistys.fi\/historiayhdistys\/jukolan-motin-kodan-pohjan-valu-valmis\/"},"wordCount":299,"publisher":{"@id":"http:\/\/www.rukajarvensuunnanhistoriayhdistys.fi\/historiayhdistys\/#organization"},"image":{"@id":"http:\/\/www.rukajarvensuunnanhistoriayhdistys.fi\/historiayhdistys\/jukolan-motin-kodan-pohjan-valu-valmis\/#primaryimage"},"thumbnailUrl":"http:\/\/www.rukajarvensuunnanhistoriayhdistys.fi\/historiayhdistys\/wp-content\/uploads\/2014\/10\/Jukolan-Motti-Matti-Kilpel\u00e4inen-6.jpg","articleSection":["Ajankohtaista"],"inLanguage":"fi"},{"@type":"WebPage","@id":"http:\/\/www.rukajarvensuunnanhistoriayhdistys.fi\/historiayhdistys\/jukolan-motin-kodan-pohjan-valu-valmis\/","url":"http:\/\/www.rukajarvensuunnanhistoriayhdistys.fi\/historiayhdistys\/jukolan-motin-kodan-pohjan-valu-valmis\/","name":"Jukolan Motin kodan pohjan valaminen sujui suunnitellun mukaisesti - Rukaj\u00e4rven suunnan historiayhdistys","isPartOf":{"@id":"http:\/\/www.rukajarvensuunnanhistoriayhdistys.fi\/historiayhdistys\/#website"},"primaryImageOfPage":{"@id":"http:\/\/www.rukajarvensuunnanhistoriayhdistys.fi\/historiayhdistys\/jukolan-motin-kodan-pohjan-valu-valmis\/#primaryimage"},"image":{"@id":"http:\/\/www.rukajarvensuunnanhistoriayhdistys.fi\/historiayhdistys\/jukolan-motin-kodan-pohjan-valu-valmis\/#primaryimage"},"thumbnailUrl":"http:\/\/www.rukajarvensuunnanhistoriayhdistys.fi\/historiayhdistys\/wp-content\/uploads\/2014\/10\/Jukolan-Motti-Matti-Kilpel\u00e4inen-6.jpg","datePublished":"2014-10-17T17:24:08+00:00","dateModified":"2014-10-24T03:37:39+00:00","breadcrumb":{"@id":"http:\/\/www.rukajarvensuunnanhistoriayhdistys.fi\/historiayhdistys\/jukolan-motin-kodan-pohjan-valu-valmis\/#breadcrumb"},"inLanguage":"fi","potentialAction":[{"@type":"ReadAction","target":["http:\/\/www.rukajarvensuunnanhistoriayhdistys.fi\/historiayhdistys\/jukolan-motin-kodan-pohjan-valu-valmis\/"]}]},{"@type":"ImageObject","inLanguage":"fi","@id":"http:\/\/www.rukajarvensuunnanhistoriayhdistys.fi\/historiayhdistys\/jukolan-motin-kodan-pohjan-valu-valmis\/#primaryimage","url":"http:\/\/www.rukajarvensuunnanhistoriayhdistys.fi\/historiayhdistys\/wp-content\/uploads\/2014\/10\/Jukolan-Motti-Matti-Kilpel\u00e4inen-6.jpg","contentUrl":"http:\/\/www.rukajarvensuunnanhistoriayhdistys.fi\/historiayhdistys\/wp-content\/uploads\/2014\/10\/Jukolan-Motti-Matti-Kilpel\u00e4inen-6.jpg","width":1754,"height":1240,"caption":"Jukolan Motissa ty\u00f6t aloitettiin t\u00e4n\u00e4 aamuna 17.10. klo 06.00."},{"@type":"BreadcrumbList","@id":"http:\/\/www.rukajarvensuunnanhistoriayhdistys.fi\/historiayhdistys\/jukolan-motin-kodan-pohjan-valu-valmis\/#breadcrumb","itemListElement":[{"@type":"ListItem","position":1,"name":"Etusivu","item":"http:\/\/www.rukajarvensuunnanhistoriayhdistys.fi\/historiayhdistys\/"},{"@type":"ListItem","position":2,"name":"Jukolan Motin kodan pohjan valaminen sujui suunnitellun mukaisesti"}]},{"@type":"WebSite","@id":"http:\/\/www.rukajarvensuunnanhistoriayhdistys.fi\/historiayhdistys\/#website","url":"http:\/\/www.rukajarvensuunnanhistoriayhdistys.fi\/historiayhdistys\/","name":"Rukaj\u00e4rven suunnan historiayhdistys","description":"Rukaj\u00e4rven suunnan historiayhdistyksen verkkosivut.","publisher":{"@id":"http:\/\/www.rukajarvensuunnanhistoriayhdistys.fi\/historiayhdistys\/#organization"},"potentialAction":[{"@type":"SearchAction","target":{"@type":"EntryPoint","urlTemplate":"http:\/\/www.rukajarvensuunnanhistoriayhdistys.fi\/historiayhdistys\/?s={search_term_string}"},"query-input":{"@type":"PropertyValueSpecification","valueRequired":true,"valueName":"search_term_string"}}],"inLanguage":"fi"},{"@type":"Organization","@id":"http:\/\/www.rukajarvensuunnanhistoriayhdistys.fi\/historiayhdistys\/#organization","name":"Rukaj\u00e4rven suunnan historiayhdistys","url":"http:\/\/www.rukajarvensuunnanhistoriayhdistys.fi\/historiayhdistys\/","logo":{"@type":"ImageObject","inLanguage":"fi","@id":"http:\/\/www.rukajarvensuunnanhistoriayhdistys.fi\/historiayhdistys\/#\/schema\/logo\/image\/","url":"http:\/\/www.rukajarvensuunnanhistoriayhdistys.fi\/historiayhdistys\/wp-content\/uploads\/2013\/12\/Otsake_3.jpg","contentUrl":"http:\/\/www.rukajarvensuunnanhistoriayhdistys.fi\/historiayhdistys\/wp-content\/uploads\/2013\/12\/Otsake_3.jpg","width":1000,"height":442,"caption":"Rukaj\u00e4rven suunnan historiayhdistys"},"image":{"@id":"http:\/\/www.rukajarvensuunnanhistoriayhdistys.fi\/historiayhdistys\/#\/schema\/logo\/image\/"}},{"@type":"Person","@id":"http:\/\/www.rukajarvensuunnanhistoriayhdistys.fi\/historiayhdistys\/#\/schema\/person\/19de7db68bf72dfd2b5d7f6dfbf8454d","name":"RSHY","image":{"@type":"ImageObject","inLanguage":"fi","@id":"https:\/\/secure.gravatar.com\/avatar\/598d59263a69cc8de65fcb4f9db78d6f58c098cb0e0ba22d73377441af9fa04c?s=96&d=blank&r=g","url":"https:\/\/secure.gravatar.com\/avatar\/598d59263a69cc8de65fcb4f9db78d6f58c098cb0e0ba22d73377441af9fa04c?s=96&d=blank&r=g","contentUrl":"https:\/\/secure.gravatar.com\/avatar\/598d59263a69cc8de65fcb4f9db78d6f58c098cb0e0ba22d73377441af9fa04c?s=96&d=blank&r=g","caption":"RSHY"},"url":"http:\/\/www.rukajarvensuunnanhistoriayhdistys.fi\/historiayhdistys\/author\/rshy\/"}]}},"_links":{"self":[{"href":"http:\/\/www.rukajarvensuunnanhistoriayhdistys.fi\/historiayhdistys\/wp-json\/wp\/v2\/posts\/9304","targetHints":{"allow":["GET"]}}],"collection":[{"href":"http:\/\/www.rukajarvensuunnanhistoriayhdistys.fi\/historiayhdistys\/wp-json\/wp\/v2\/posts"}],"about":[{"href":"http:\/\/www.rukajarvensuunnanhistoriayhdistys.fi\/historiayhdistys\/wp-json\/wp\/v2\/types\/post"}],"author":[{"embeddable":true,"href":"http:\/\/www.rukajarvensuunnanhistoriayhdistys.fi\/historiayhdistys\/wp-json\/wp\/v2\/users\/3"}],"replies":[{"embeddable":true,"href":"http:\/\/www.rukajarvensuunnanhistoriayhdistys.fi\/historiayhdistys\/wp-json\/wp\/v2\/comments?post=9304"}],"version-history":[{"count":6,"href":"http:\/\/www.rukajarvensuunnanhistoriayhdistys.fi\/historiayhdistys\/wp-json\/wp\/v2\/posts\/9304\/revisions"}],"predecessor-version":[{"id":9336,"href":"http:\/\/www.rukajarvensuunnanhistoriayhdistys.fi\/historiayhdistys\/wp-json\/wp\/v2\/posts\/9304\/revisions\/9336"}],"wp:featuredmedia":[{"embeddable":true,"href":"http:\/\/www.rukajarvensuunnanhistoriayhdistys.fi\/historiayhdistys\/wp-json\/wp\/v2\/media\/9309"}],"wp:attachment":[{"href":"http:\/\/www.rukajarvensuunnanhistoriayhdistys.fi\/historiayhdistys\/wp-json\/wp\/v2\/media?parent=9304"}],"wp:term":[{"taxonomy":"category","embeddable":true,"href":"http:\/\/www.rukajarvensuunnanhistoriayhdistys.fi\/historiayhdistys\/wp-json\/wp\/v2\/categories?post=9304"},{"taxonomy":"post_tag","embeddable":true,"href":"http:\/\/www.rukajarvensuunnanhistoriayhdistys.fi\/historiayhdistys\/wp-json\/wp\/v2\/tags?post=9304"}],"curies":[{"name":"wp","href":"https:\/\/api.w.org\/{rel}","templated":true}]}}