{"id":9315,"date":"2014-10-20T21:53:43","date_gmt":"2014-10-20T18:53:43","guid":{"rendered":"http:\/\/www.rukajarvensuunnanhistoriayhdistys.fi\/historiayhdistys\/?p=9315"},"modified":"2014-10-24T23:17:37","modified_gmt":"2014-10-24T20:17:37","slug":"jukolan-motin-kodan-pohjan-harkot-asennettu","status":"publish","type":"post","link":"http:\/\/www.rukajarvensuunnanhistoriayhdistys.fi\/historiayhdistys\/jukolan-motin-kodan-pohjan-harkot-asennettu\/","title":{"rendered":"Jukolan Motin kodan pohjan harkot asennettu"},"content":{"rendered":"<div class=\"fcbkbttn_buttons_block\" id=\"fcbkbttn_left\"><div class=\"fcbkbttn_like \"><fb:like href=\"http:\/\/www.rukajarvensuunnanhistoriayhdistys.fi\/historiayhdistys\/jukolan-motin-kodan-pohjan-harkot-asennettu\/\" action=\"like\" colorscheme=\"light\" layout=\"button_count\"  size=\"small\"><\/fb:like><\/div><\/div><p>Jukolan motin talkoot jatkuvat. Pitk\u00e4 p\u00e4iv\u00e4 t\u00e4m\u00e4kin, mutta tulosta syntyi. Harkot on asennettu, vaikka hiukan ty\u00f6l\u00e4st\u00e4 se nyt on pakkass\u00e4\u00e4n vuoksi. Harkot ja valussa k\u00e4ytett\u00e4v\u00e4 vesi piti l\u00e4mmitt\u00e4\u00e4.<\/p>\n<figure id=\"attachment_9317\" aria-describedby=\"caption-attachment-9317\" style=\"width: 1754px\" class=\"wp-caption alignnone\"><a href=\"http:\/\/www.rukajarvensuunnanhistoriayhdistys.fi\/historiayhdistys\/wp-content\/uploads\/2014\/10\/Kilpel\u00e4inen-Huuskonen.jpg\"><img loading=\"lazy\" decoding=\"async\" class=\"wp-image-9317 size-full\" src=\"http:\/\/www.rukajarvensuunnanhistoriayhdistys.fi\/historiayhdistys\/wp-content\/uploads\/2014\/10\/Kilpel\u00e4inen-Huuskonen.jpg\" alt=\"Hannu Huuskonen ja Matti Kilpel\u00e4inen valmistivat teltan, jossa harkot sulatettiin.\" width=\"1754\" height=\"1240\" data-id=\"9317\" srcset=\"http:\/\/www.rukajarvensuunnanhistoriayhdistys.fi\/historiayhdistys\/wp-content\/uploads\/2014\/10\/Kilpel\u00e4inen-Huuskonen.jpg 1754w, http:\/\/www.rukajarvensuunnanhistoriayhdistys.fi\/historiayhdistys\/wp-content\/uploads\/2014\/10\/Kilpel\u00e4inen-Huuskonen-300x212.jpg 300w, http:\/\/www.rukajarvensuunnanhistoriayhdistys.fi\/historiayhdistys\/wp-content\/uploads\/2014\/10\/Kilpel\u00e4inen-Huuskonen-1024x723.jpg 1024w\" sizes=\"auto, (max-width: 1754px) 100vw, 1754px\" \/><\/a><figcaption id=\"caption-attachment-9317\" class=\"wp-caption-text\">Hannu Huuskonen ja Matti Kilpel\u00e4inen valmistivat teltan, jossa harkot sulatettiin.<\/figcaption><\/figure>\n<figure id=\"attachment_9318\" aria-describedby=\"caption-attachment-9318\" style=\"width: 1754px\" class=\"wp-caption alignnone\"><a href=\"http:\/\/www.rukajarvensuunnanhistoriayhdistys.fi\/historiayhdistys\/wp-content\/uploads\/2014\/10\/P\u00e4ivi-Arto.jpg\"><img loading=\"lazy\" decoding=\"async\" class=\"wp-image-9318 size-full\" src=\"http:\/\/www.rukajarvensuunnanhistoriayhdistys.fi\/historiayhdistys\/wp-content\/uploads\/2014\/10\/P\u00e4ivi-Arto.jpg\" alt=\"P\u00e4ivi Putkonen ja Arto R\u00e4s\u00e4nen valmistivat harkkovalulaastin. Vesi l\u00e4mmitettiin nuotiolla.\" width=\"1754\" height=\"1240\" data-id=\"9318\" srcset=\"http:\/\/www.rukajarvensuunnanhistoriayhdistys.fi\/historiayhdistys\/wp-content\/uploads\/2014\/10\/P\u00e4ivi-Arto.jpg 1754w, http:\/\/www.rukajarvensuunnanhistoriayhdistys.fi\/historiayhdistys\/wp-content\/uploads\/2014\/10\/P\u00e4ivi-Arto-300x212.jpg 300w, http:\/\/www.rukajarvensuunnanhistoriayhdistys.fi\/historiayhdistys\/wp-content\/uploads\/2014\/10\/P\u00e4ivi-Arto-1024x723.jpg 1024w\" sizes=\"auto, (max-width: 1754px) 100vw, 1754px\" \/><\/a><figcaption id=\"caption-attachment-9318\" class=\"wp-caption-text\">P\u00e4ivi Putkonen ja Arto R\u00e4s\u00e4nen valmistivat harkkovalulaastin. Vesi l\u00e4mmitettiin nuotiolla.<\/figcaption><\/figure>\n<p>S\u00e4\u00e4 tuo viivett\u00e4 ja lis\u00e4ty\u00f6t\u00e4. Harkkovalut piti suojata ja l\u00e4mmitys laitettiin y\u00f6ksi, jotta aamulla p\u00e4\u00e4st\u00e4\u00e4n asentamaan sein\u00e4hirsi\u00e4.<\/p>\n<figure id=\"attachment_9316\" aria-describedby=\"caption-attachment-9316\" style=\"width: 1754px\" class=\"wp-caption alignnone\"><a href=\"http:\/\/www.rukajarvensuunnanhistoriayhdistys.fi\/historiayhdistys\/wp-content\/uploads\/2014\/10\/Kilpel\u00e4inen-harkot-asennettu.jpg\"><img loading=\"lazy\" decoding=\"async\" class=\"wp-image-9316 size-full\" src=\"http:\/\/www.rukajarvensuunnanhistoriayhdistys.fi\/historiayhdistys\/wp-content\/uploads\/2014\/10\/Kilpel\u00e4inen-harkot-asennettu.jpg\" alt=\"Harkkovalu valmistui klo 20.00. Matti Kilpel\u00e4inen tarkastelee valun p\u00e4\u00e4lle rakentamaansa telttaa, jonka suojissa kaasul\u00e4mmitin pit\u00e4\u00e4 valun sulana ja huomenna voidaan aloittaa hirsiseinien pytytt\u00e4minen.\" width=\"1754\" height=\"1240\" data-id=\"9316\" srcset=\"http:\/\/www.rukajarvensuunnanhistoriayhdistys.fi\/historiayhdistys\/wp-content\/uploads\/2014\/10\/Kilpel\u00e4inen-harkot-asennettu.jpg 1754w, http:\/\/www.rukajarvensuunnanhistoriayhdistys.fi\/historiayhdistys\/wp-content\/uploads\/2014\/10\/Kilpel\u00e4inen-harkot-asennettu-300x212.jpg 300w, http:\/\/www.rukajarvensuunnanhistoriayhdistys.fi\/historiayhdistys\/wp-content\/uploads\/2014\/10\/Kilpel\u00e4inen-harkot-asennettu-1024x723.jpg 1024w\" sizes=\"auto, (max-width: 1754px) 100vw, 1754px\" \/><\/a><figcaption id=\"caption-attachment-9316\" class=\"wp-caption-text\">Harkkovalu valmistui klo 20.00. Matti Kilpel\u00e4inen tarkastelee valun p\u00e4\u00e4lle rakentamaansa telttaa, jonka suojissa kaasul\u00e4mmitin pit\u00e4\u00e4 valun sulana ja huomenna voidaan aloittaa hirsiseinien pytytt\u00e4minen.<\/figcaption><\/figure>\n<p>Jongunjoen kyl\u00e4seura\u00a0on p\u00e4\u00e4tt\u00e4nyt, ett\u00e4 heid\u00e4n joukostaan pyrit\u00e4\u00e4n osallistumaan v\u00e4hint\u00e4\u00e4n yhden miehen voimin jokainen talkoop\u00e4iv\u00e4 niin pitk\u00e4\u00e4n kunnes kota on valmis.<\/p>\n<p>RSHY-yhdistys ottaa kyl\u00e4yhdistyksen talkooavun kiitollisena vastaan.<\/p>\n<p>Ilouutinen Iisalmesta<\/p>\n<p>Reijo Pulkkinen soitti ja ilmoitti, ett\u00e4 torstaina saapuu Iisalmesta kolme p\u00e4tev\u00e4\u00e4 rakennusmiest\u00e4 vastaavan ty\u00f6njohtaja Matti Kilpel\u00e4isen avuksi.<\/p>\n<p>T\u00e4n\u00e4\u00e4n maanantaina talkoot\u00f6iss\u00e4 olivat, Hannu Huuskonen, Mauri M\u00f6nkk\u00f6nen, P\u00e4ivi Putkonen, Arto R\u00e4s\u00e4nen, Erkki K\u00e4rkk\u00e4inen ja Tenho Tikkanen, joka otti yll\u00e4 olevat valokuvat.<\/p>\n","protected":false},"excerpt":{"rendered":"<p>Jukolan motin talkoot jatkuvat. Pitk\u00e4 p\u00e4iv\u00e4 t\u00e4m\u00e4kin, mutta tulosta syntyi. Harkot on asennettu, vaikka hiukan ty\u00f6l\u00e4st\u00e4 se nyt on pakkass\u00e4\u00e4n vuoksi. Harkot ja valussa k\u00e4ytett\u00e4v\u00e4 vesi piti l\u00e4mmitt\u00e4\u00e4. S\u00e4\u00e4 tuo <a class=\"more-link\" href=\"http:\/\/www.rukajarvensuunnanhistoriayhdistys.fi\/historiayhdistys\/jukolan-motin-kodan-pohjan-harkot-asennettu\/\">Teksti jatkuu&#8230;<span class=\"screen-reader-text\">Jukolan Motin kodan pohjan harkot asennettu<\/span><span class=\"meta-nav\">\u2192<\/span><\/a><\/p>\n","protected":false},"author":3,"featured_media":0,"comment_status":"closed","ping_status":"open","sticky":false,"template":"","format":"standard","meta":{"footnotes":""},"categories":[22],"tags":[],"class_list":["post-9315","post","type-post","status-publish","format-standard","hentry","category-ajankohtaista"],"yoast_head":"<!-- This site is optimized with the Yoast SEO plugin v27.4 - https:\/\/yoast.com\/product\/yoast-seo-wordpress\/ -->\n<title>Jukolan Motin kodan pohjan harkot asennettu - Rukaj\u00e4rven suunnan historiayhdistys<\/title>\n<meta name=\"robots\" content=\"index, follow, max-snippet:-1, max-image-preview:large, max-video-preview:-1\" \/>\n<link rel=\"canonical\" href=\"http:\/\/www.rukajarvensuunnanhistoriayhdistys.fi\/historiayhdistys\/jukolan-motin-kodan-pohjan-harkot-asennettu\/\" \/>\n<meta property=\"og:locale\" content=\"fi_FI\" \/>\n<meta property=\"og:type\" content=\"article\" \/>\n<meta property=\"og:title\" content=\"Jukolan Motin kodan pohjan harkot asennettu - Rukaj\u00e4rven suunnan historiayhdistys\" \/>\n<meta property=\"og:description\" content=\"Jukolan motin talkoot jatkuvat. Pitk\u00e4 p\u00e4iv\u00e4 t\u00e4m\u00e4kin, mutta tulosta syntyi. Harkot on asennettu, vaikka hiukan ty\u00f6l\u00e4st\u00e4 se nyt on pakkass\u00e4\u00e4n vuoksi. Harkot ja valussa k\u00e4ytett\u00e4v\u00e4 vesi piti l\u00e4mmitt\u00e4\u00e4. S\u00e4\u00e4 tuo Teksti jatkuu...Jukolan Motin kodan pohjan harkot asennettu\u2192\" \/>\n<meta property=\"og:url\" content=\"http:\/\/www.rukajarvensuunnanhistoriayhdistys.fi\/historiayhdistys\/jukolan-motin-kodan-pohjan-harkot-asennettu\/\" \/>\n<meta property=\"og:site_name\" content=\"Rukaj\u00e4rven suunnan historiayhdistys\" \/>\n<meta property=\"article:published_time\" content=\"2014-10-20T18:53:43+00:00\" \/>\n<meta property=\"article:modified_time\" content=\"2014-10-24T20:17:37+00:00\" \/>\n<meta name=\"author\" content=\"RSHY\" \/>\n<meta name=\"twitter:label1\" content=\"Kirjoittanut\" \/>\n\t<meta name=\"twitter:data1\" content=\"RSHY\" \/>\n\t<meta name=\"twitter:label2\" content=\"Arvioitu lukuaika\" \/>\n\t<meta name=\"twitter:data2\" content=\"1 minuutti\" \/>\n<script type=\"application\/ld+json\" class=\"yoast-schema-graph\">{\"@context\":\"https:\\\/\\\/schema.org\",\"@graph\":[{\"@type\":\"Article\",\"@id\":\"http:\\\/\\\/www.rukajarvensuunnanhistoriayhdistys.fi\\\/historiayhdistys\\\/jukolan-motin-kodan-pohjan-harkot-asennettu\\\/#article\",\"isPartOf\":{\"@id\":\"http:\\\/\\\/www.rukajarvensuunnanhistoriayhdistys.fi\\\/historiayhdistys\\\/jukolan-motin-kodan-pohjan-harkot-asennettu\\\/\"},\"author\":{\"name\":\"RSHY\",\"@id\":\"http:\\\/\\\/www.rukajarvensuunnanhistoriayhdistys.fi\\\/historiayhdistys\\\/#\\\/schema\\\/person\\\/19de7db68bf72dfd2b5d7f6dfbf8454d\"},\"headline\":\"Jukolan Motin kodan pohjan harkot asennettu\",\"datePublished\":\"2014-10-20T18:53:43+00:00\",\"dateModified\":\"2014-10-24T20:17:37+00:00\",\"mainEntityOfPage\":{\"@id\":\"http:\\\/\\\/www.rukajarvensuunnanhistoriayhdistys.fi\\\/historiayhdistys\\\/jukolan-motin-kodan-pohjan-harkot-asennettu\\\/\"},\"wordCount\":230,\"publisher\":{\"@id\":\"http:\\\/\\\/www.rukajarvensuunnanhistoriayhdistys.fi\\\/historiayhdistys\\\/#organization\"},\"articleSection\":[\"Ajankohtaista\"],\"inLanguage\":\"fi\"},{\"@type\":\"WebPage\",\"@id\":\"http:\\\/\\\/www.rukajarvensuunnanhistoriayhdistys.fi\\\/historiayhdistys\\\/jukolan-motin-kodan-pohjan-harkot-asennettu\\\/\",\"url\":\"http:\\\/\\\/www.rukajarvensuunnanhistoriayhdistys.fi\\\/historiayhdistys\\\/jukolan-motin-kodan-pohjan-harkot-asennettu\\\/\",\"name\":\"Jukolan Motin kodan pohjan harkot asennettu - Rukaj\u00e4rven suunnan historiayhdistys\",\"isPartOf\":{\"@id\":\"http:\\\/\\\/www.rukajarvensuunnanhistoriayhdistys.fi\\\/historiayhdistys\\\/#website\"},\"datePublished\":\"2014-10-20T18:53:43+00:00\",\"dateModified\":\"2014-10-24T20:17:37+00:00\",\"breadcrumb\":{\"@id\":\"http:\\\/\\\/www.rukajarvensuunnanhistoriayhdistys.fi\\\/historiayhdistys\\\/jukolan-motin-kodan-pohjan-harkot-asennettu\\\/#breadcrumb\"},\"inLanguage\":\"fi\",\"potentialAction\":[{\"@type\":\"ReadAction\",\"target\":[\"http:\\\/\\\/www.rukajarvensuunnanhistoriayhdistys.fi\\\/historiayhdistys\\\/jukolan-motin-kodan-pohjan-harkot-asennettu\\\/\"]}]},{\"@type\":\"BreadcrumbList\",\"@id\":\"http:\\\/\\\/www.rukajarvensuunnanhistoriayhdistys.fi\\\/historiayhdistys\\\/jukolan-motin-kodan-pohjan-harkot-asennettu\\\/#breadcrumb\",\"itemListElement\":[{\"@type\":\"ListItem\",\"position\":1,\"name\":\"Etusivu\",\"item\":\"http:\\\/\\\/www.rukajarvensuunnanhistoriayhdistys.fi\\\/historiayhdistys\\\/\"},{\"@type\":\"ListItem\",\"position\":2,\"name\":\"Jukolan Motin kodan pohjan harkot asennettu\"}]},{\"@type\":\"WebSite\",\"@id\":\"http:\\\/\\\/www.rukajarvensuunnanhistoriayhdistys.fi\\\/historiayhdistys\\\/#website\",\"url\":\"http:\\\/\\\/www.rukajarvensuunnanhistoriayhdistys.fi\\\/historiayhdistys\\\/\",\"name\":\"Rukaj\u00e4rven suunnan historiayhdistys\",\"description\":\"Rukaj\u00e4rven suunnan historiayhdistyksen verkkosivut.\",\"publisher\":{\"@id\":\"http:\\\/\\\/www.rukajarvensuunnanhistoriayhdistys.fi\\\/historiayhdistys\\\/#organization\"},\"potentialAction\":[{\"@type\":\"SearchAction\",\"target\":{\"@type\":\"EntryPoint\",\"urlTemplate\":\"http:\\\/\\\/www.rukajarvensuunnanhistoriayhdistys.fi\\\/historiayhdistys\\\/?s={search_term_string}\"},\"query-input\":{\"@type\":\"PropertyValueSpecification\",\"valueRequired\":true,\"valueName\":\"search_term_string\"}}],\"inLanguage\":\"fi\"},{\"@type\":\"Organization\",\"@id\":\"http:\\\/\\\/www.rukajarvensuunnanhistoriayhdistys.fi\\\/historiayhdistys\\\/#organization\",\"name\":\"Rukaj\u00e4rven suunnan historiayhdistys\",\"url\":\"http:\\\/\\\/www.rukajarvensuunnanhistoriayhdistys.fi\\\/historiayhdistys\\\/\",\"logo\":{\"@type\":\"ImageObject\",\"inLanguage\":\"fi\",\"@id\":\"http:\\\/\\\/www.rukajarvensuunnanhistoriayhdistys.fi\\\/historiayhdistys\\\/#\\\/schema\\\/logo\\\/image\\\/\",\"url\":\"http:\\\/\\\/www.rukajarvensuunnanhistoriayhdistys.fi\\\/historiayhdistys\\\/wp-content\\\/uploads\\\/2013\\\/12\\\/Otsake_3.jpg\",\"contentUrl\":\"http:\\\/\\\/www.rukajarvensuunnanhistoriayhdistys.fi\\\/historiayhdistys\\\/wp-content\\\/uploads\\\/2013\\\/12\\\/Otsake_3.jpg\",\"width\":1000,\"height\":442,\"caption\":\"Rukaj\u00e4rven suunnan historiayhdistys\"},\"image\":{\"@id\":\"http:\\\/\\\/www.rukajarvensuunnanhistoriayhdistys.fi\\\/historiayhdistys\\\/#\\\/schema\\\/logo\\\/image\\\/\"}},{\"@type\":\"Person\",\"@id\":\"http:\\\/\\\/www.rukajarvensuunnanhistoriayhdistys.fi\\\/historiayhdistys\\\/#\\\/schema\\\/person\\\/19de7db68bf72dfd2b5d7f6dfbf8454d\",\"name\":\"RSHY\",\"image\":{\"@type\":\"ImageObject\",\"inLanguage\":\"fi\",\"@id\":\"https:\\\/\\\/secure.gravatar.com\\\/avatar\\\/598d59263a69cc8de65fcb4f9db78d6f58c098cb0e0ba22d73377441af9fa04c?s=96&d=blank&r=g\",\"url\":\"https:\\\/\\\/secure.gravatar.com\\\/avatar\\\/598d59263a69cc8de65fcb4f9db78d6f58c098cb0e0ba22d73377441af9fa04c?s=96&d=blank&r=g\",\"contentUrl\":\"https:\\\/\\\/secure.gravatar.com\\\/avatar\\\/598d59263a69cc8de65fcb4f9db78d6f58c098cb0e0ba22d73377441af9fa04c?s=96&d=blank&r=g\",\"caption\":\"RSHY\"},\"url\":\"http:\\\/\\\/www.rukajarvensuunnanhistoriayhdistys.fi\\\/historiayhdistys\\\/author\\\/rshy\\\/\"}]}<\/script>\n<!-- \/ Yoast SEO plugin. -->","yoast_head_json":{"title":"Jukolan Motin kodan pohjan harkot asennettu - Rukaj\u00e4rven suunnan historiayhdistys","robots":{"index":"index","follow":"follow","max-snippet":"max-snippet:-1","max-image-preview":"max-image-preview:large","max-video-preview":"max-video-preview:-1"},"canonical":"http:\/\/www.rukajarvensuunnanhistoriayhdistys.fi\/historiayhdistys\/jukolan-motin-kodan-pohjan-harkot-asennettu\/","og_locale":"fi_FI","og_type":"article","og_title":"Jukolan Motin kodan pohjan harkot asennettu - Rukaj\u00e4rven suunnan historiayhdistys","og_description":"Jukolan motin talkoot jatkuvat. Pitk\u00e4 p\u00e4iv\u00e4 t\u00e4m\u00e4kin, mutta tulosta syntyi. Harkot on asennettu, vaikka hiukan ty\u00f6l\u00e4st\u00e4 se nyt on pakkass\u00e4\u00e4n vuoksi. Harkot ja valussa k\u00e4ytett\u00e4v\u00e4 vesi piti l\u00e4mmitt\u00e4\u00e4. S\u00e4\u00e4 tuo Teksti jatkuu...Jukolan Motin kodan pohjan harkot asennettu\u2192","og_url":"http:\/\/www.rukajarvensuunnanhistoriayhdistys.fi\/historiayhdistys\/jukolan-motin-kodan-pohjan-harkot-asennettu\/","og_site_name":"Rukaj\u00e4rven suunnan historiayhdistys","article_published_time":"2014-10-20T18:53:43+00:00","article_modified_time":"2014-10-24T20:17:37+00:00","author":"RSHY","twitter_misc":{"Kirjoittanut":"RSHY","Arvioitu lukuaika":"1 minuutti"},"schema":{"@context":"https:\/\/schema.org","@graph":[{"@type":"Article","@id":"http:\/\/www.rukajarvensuunnanhistoriayhdistys.fi\/historiayhdistys\/jukolan-motin-kodan-pohjan-harkot-asennettu\/#article","isPartOf":{"@id":"http:\/\/www.rukajarvensuunnanhistoriayhdistys.fi\/historiayhdistys\/jukolan-motin-kodan-pohjan-harkot-asennettu\/"},"author":{"name":"RSHY","@id":"http:\/\/www.rukajarvensuunnanhistoriayhdistys.fi\/historiayhdistys\/#\/schema\/person\/19de7db68bf72dfd2b5d7f6dfbf8454d"},"headline":"Jukolan Motin kodan pohjan harkot asennettu","datePublished":"2014-10-20T18:53:43+00:00","dateModified":"2014-10-24T20:17:37+00:00","mainEntityOfPage":{"@id":"http:\/\/www.rukajarvensuunnanhistoriayhdistys.fi\/historiayhdistys\/jukolan-motin-kodan-pohjan-harkot-asennettu\/"},"wordCount":230,"publisher":{"@id":"http:\/\/www.rukajarvensuunnanhistoriayhdistys.fi\/historiayhdistys\/#organization"},"articleSection":["Ajankohtaista"],"inLanguage":"fi"},{"@type":"WebPage","@id":"http:\/\/www.rukajarvensuunnanhistoriayhdistys.fi\/historiayhdistys\/jukolan-motin-kodan-pohjan-harkot-asennettu\/","url":"http:\/\/www.rukajarvensuunnanhistoriayhdistys.fi\/historiayhdistys\/jukolan-motin-kodan-pohjan-harkot-asennettu\/","name":"Jukolan Motin kodan pohjan harkot asennettu - Rukaj\u00e4rven suunnan historiayhdistys","isPartOf":{"@id":"http:\/\/www.rukajarvensuunnanhistoriayhdistys.fi\/historiayhdistys\/#website"},"datePublished":"2014-10-20T18:53:43+00:00","dateModified":"2014-10-24T20:17:37+00:00","breadcrumb":{"@id":"http:\/\/www.rukajarvensuunnanhistoriayhdistys.fi\/historiayhdistys\/jukolan-motin-kodan-pohjan-harkot-asennettu\/#breadcrumb"},"inLanguage":"fi","potentialAction":[{"@type":"ReadAction","target":["http:\/\/www.rukajarvensuunnanhistoriayhdistys.fi\/historiayhdistys\/jukolan-motin-kodan-pohjan-harkot-asennettu\/"]}]},{"@type":"BreadcrumbList","@id":"http:\/\/www.rukajarvensuunnanhistoriayhdistys.fi\/historiayhdistys\/jukolan-motin-kodan-pohjan-harkot-asennettu\/#breadcrumb","itemListElement":[{"@type":"ListItem","position":1,"name":"Etusivu","item":"http:\/\/www.rukajarvensuunnanhistoriayhdistys.fi\/historiayhdistys\/"},{"@type":"ListItem","position":2,"name":"Jukolan Motin kodan pohjan harkot asennettu"}]},{"@type":"WebSite","@id":"http:\/\/www.rukajarvensuunnanhistoriayhdistys.fi\/historiayhdistys\/#website","url":"http:\/\/www.rukajarvensuunnanhistoriayhdistys.fi\/historiayhdistys\/","name":"Rukaj\u00e4rven suunnan historiayhdistys","description":"Rukaj\u00e4rven suunnan historiayhdistyksen verkkosivut.","publisher":{"@id":"http:\/\/www.rukajarvensuunnanhistoriayhdistys.fi\/historiayhdistys\/#organization"},"potentialAction":[{"@type":"SearchAction","target":{"@type":"EntryPoint","urlTemplate":"http:\/\/www.rukajarvensuunnanhistoriayhdistys.fi\/historiayhdistys\/?s={search_term_string}"},"query-input":{"@type":"PropertyValueSpecification","valueRequired":true,"valueName":"search_term_string"}}],"inLanguage":"fi"},{"@type":"Organization","@id":"http:\/\/www.rukajarvensuunnanhistoriayhdistys.fi\/historiayhdistys\/#organization","name":"Rukaj\u00e4rven suunnan historiayhdistys","url":"http:\/\/www.rukajarvensuunnanhistoriayhdistys.fi\/historiayhdistys\/","logo":{"@type":"ImageObject","inLanguage":"fi","@id":"http:\/\/www.rukajarvensuunnanhistoriayhdistys.fi\/historiayhdistys\/#\/schema\/logo\/image\/","url":"http:\/\/www.rukajarvensuunnanhistoriayhdistys.fi\/historiayhdistys\/wp-content\/uploads\/2013\/12\/Otsake_3.jpg","contentUrl":"http:\/\/www.rukajarvensuunnanhistoriayhdistys.fi\/historiayhdistys\/wp-content\/uploads\/2013\/12\/Otsake_3.jpg","width":1000,"height":442,"caption":"Rukaj\u00e4rven suunnan historiayhdistys"},"image":{"@id":"http:\/\/www.rukajarvensuunnanhistoriayhdistys.fi\/historiayhdistys\/#\/schema\/logo\/image\/"}},{"@type":"Person","@id":"http:\/\/www.rukajarvensuunnanhistoriayhdistys.fi\/historiayhdistys\/#\/schema\/person\/19de7db68bf72dfd2b5d7f6dfbf8454d","name":"RSHY","image":{"@type":"ImageObject","inLanguage":"fi","@id":"https:\/\/secure.gravatar.com\/avatar\/598d59263a69cc8de65fcb4f9db78d6f58c098cb0e0ba22d73377441af9fa04c?s=96&d=blank&r=g","url":"https:\/\/secure.gravatar.com\/avatar\/598d59263a69cc8de65fcb4f9db78d6f58c098cb0e0ba22d73377441af9fa04c?s=96&d=blank&r=g","contentUrl":"https:\/\/secure.gravatar.com\/avatar\/598d59263a69cc8de65fcb4f9db78d6f58c098cb0e0ba22d73377441af9fa04c?s=96&d=blank&r=g","caption":"RSHY"},"url":"http:\/\/www.rukajarvensuunnanhistoriayhdistys.fi\/historiayhdistys\/author\/rshy\/"}]}},"_links":{"self":[{"href":"http:\/\/www.rukajarvensuunnanhistoriayhdistys.fi\/historiayhdistys\/wp-json\/wp\/v2\/posts\/9315","targetHints":{"allow":["GET"]}}],"collection":[{"href":"http:\/\/www.rukajarvensuunnanhistoriayhdistys.fi\/historiayhdistys\/wp-json\/wp\/v2\/posts"}],"about":[{"href":"http:\/\/www.rukajarvensuunnanhistoriayhdistys.fi\/historiayhdistys\/wp-json\/wp\/v2\/types\/post"}],"author":[{"embeddable":true,"href":"http:\/\/www.rukajarvensuunnanhistoriayhdistys.fi\/historiayhdistys\/wp-json\/wp\/v2\/users\/3"}],"replies":[{"embeddable":true,"href":"http:\/\/www.rukajarvensuunnanhistoriayhdistys.fi\/historiayhdistys\/wp-json\/wp\/v2\/comments?post=9315"}],"version-history":[{"count":3,"href":"http:\/\/www.rukajarvensuunnanhistoriayhdistys.fi\/historiayhdistys\/wp-json\/wp\/v2\/posts\/9315\/revisions"}],"predecessor-version":[{"id":9370,"href":"http:\/\/www.rukajarvensuunnanhistoriayhdistys.fi\/historiayhdistys\/wp-json\/wp\/v2\/posts\/9315\/revisions\/9370"}],"wp:attachment":[{"href":"http:\/\/www.rukajarvensuunnanhistoriayhdistys.fi\/historiayhdistys\/wp-json\/wp\/v2\/media?parent=9315"}],"wp:term":[{"taxonomy":"category","embeddable":true,"href":"http:\/\/www.rukajarvensuunnanhistoriayhdistys.fi\/historiayhdistys\/wp-json\/wp\/v2\/categories?post=9315"},{"taxonomy":"post_tag","embeddable":true,"href":"http:\/\/www.rukajarvensuunnanhistoriayhdistys.fi\/historiayhdistys\/wp-json\/wp\/v2\/tags?post=9315"}],"curies":[{"name":"wp","href":"https:\/\/api.w.org\/{rel}","templated":true}]}}