{"id":9326,"date":"2014-10-22T20:52:57","date_gmt":"2014-10-22T17:52:57","guid":{"rendered":"http:\/\/www.rukajarvensuunnanhistoriayhdistys.fi\/historiayhdistys\/?p=9326"},"modified":"2014-10-24T20:05:11","modified_gmt":"2014-10-24T17:05:11","slug":"ensimmaiset-hirret-asennettu-jukolan-motissa","status":"publish","type":"post","link":"http:\/\/www.rukajarvensuunnanhistoriayhdistys.fi\/historiayhdistys\/ensimmaiset-hirret-asennettu-jukolan-motissa\/","title":{"rendered":"Ensimm\u00e4iset hirret asennettu Jukolan Motissa"},"content":{"rendered":"<div class=\"fcbkbttn_buttons_block\" id=\"fcbkbttn_left\"><div class=\"fcbkbttn_like \"><fb:like href=\"http:\/\/www.rukajarvensuunnanhistoriayhdistys.fi\/historiayhdistys\/ensimmaiset-hirret-asennettu-jukolan-motissa\/\" action=\"like\" colorscheme=\"light\" layout=\"button_count\"  size=\"small\"><\/fb:like><\/div><\/div><p>Rakennusty\u00f6 etenee Jukolan Motissa suunnitelmien mukaisesti. Pakkanen oli\u00a0laskenut t\u00e4n\u00e4\u00e4n aamulla\u00a0 -16 C. L\u00e4mmittimet py\u00f6riv\u00e4t koko y\u00f6n ja l\u00e4mmin ilma tulvahti teltan rakosista kuin savupirtist\u00e4 aamuvarhaisella. Teltta purettiin Jukolan Motin kodan valujen p\u00e4\u00e4lt\u00e4 jo kymmenen maissa ja ensihirret p\u00e4\u00e4stiin alkuvalmistelujen j\u00e4lkeen asentamaan iltap\u00e4iv\u00e4ll\u00e4. Kolme hirsikertaa on paikalleen asennettu\u00a0ja pian ollaan lasinpenkin tasalla.<\/p>\n<p>Huomisaamuna tulevat Iisalmesta Reijo Pulkkinen ja kumppanit. Huomenna meill\u00e4 onkin kova tiimi paikalla, Iisalmen poikien lis\u00e4ksi tulee\u00a0Jongunjoen kyl\u00e4seuran\u00a0miehet ja sein\u00e4 kohoa kuin entiseen aikaan Rukaj\u00e4rvell\u00e4.<\/p>\n<p>T\u00e4n\u00e4\u00e4n\u00a0Jongunjoen kyl\u00e4seurasta oli ty\u00f6vuorossa maanmainio Tuomo Martikainen, jonka humoristiset kertomukset tekiv\u00e4t ty\u00f6skentelyst\u00e4mme todellisen veteraaniel\u00e4myksen.<\/p>\n<figure id=\"attachment_9328\" aria-describedby=\"caption-attachment-9328\" style=\"width: 1754px\" class=\"wp-caption alignnone\"><a href=\"http:\/\/www.rukajarvensuunnanhistoriayhdistys.fi\/historiayhdistys\/wp-content\/uploads\/2014\/10\/Kilpel\u00e4inen-Matti-Martikainen-Tuomo.jpg\"><img loading=\"lazy\" decoding=\"async\" class=\"wp-image-9328 size-full\" src=\"http:\/\/www.rukajarvensuunnanhistoriayhdistys.fi\/historiayhdistys\/wp-content\/uploads\/2014\/10\/Kilpel\u00e4inen-Matti-Martikainen-Tuomo.jpg\" alt=\"Matti Kilpel\u00e4inen ja Tuomo Martikainen tupakanmittaisella tauolla kesken ensihirsien asentamisen.\" width=\"1754\" height=\"1240\" data-id=\"9328\" srcset=\"http:\/\/www.rukajarvensuunnanhistoriayhdistys.fi\/historiayhdistys\/wp-content\/uploads\/2014\/10\/Kilpel\u00e4inen-Matti-Martikainen-Tuomo.jpg 1754w, http:\/\/www.rukajarvensuunnanhistoriayhdistys.fi\/historiayhdistys\/wp-content\/uploads\/2014\/10\/Kilpel\u00e4inen-Matti-Martikainen-Tuomo-300x212.jpg 300w, http:\/\/www.rukajarvensuunnanhistoriayhdistys.fi\/historiayhdistys\/wp-content\/uploads\/2014\/10\/Kilpel\u00e4inen-Matti-Martikainen-Tuomo-1024x723.jpg 1024w\" sizes=\"auto, (max-width: 1754px) 100vw, 1754px\" \/><\/a><figcaption id=\"caption-attachment-9328\" class=\"wp-caption-text\">Matti Kilpel\u00e4inen ja Tuomo Martikainen tupakanmittaisella tauolla kesken ensihirsien asentamisen.<\/figcaption><\/figure>\n<figure id=\"attachment_9327\" aria-describedby=\"caption-attachment-9327\" style=\"width: 1754px\" class=\"wp-caption alignnone\"><a href=\"http:\/\/www.rukajarvensuunnanhistoriayhdistys.fi\/historiayhdistys\/wp-content\/uploads\/2014\/10\/Jukolan-Motti-22-10-2014.jpg\"><img loading=\"lazy\" decoding=\"async\" class=\"wp-image-9327 size-full\" src=\"http:\/\/www.rukajarvensuunnanhistoriayhdistys.fi\/historiayhdistys\/wp-content\/uploads\/2014\/10\/Jukolan-Motti-22-10-2014.jpg\" alt=\"Jukolan Motin ty\u00f6maalla k\u00e4vi vieraita useitakin, mutta mainittakoon, ett\u00e4 Pauli Luttinen Kiuruvedelt\u00e4 ilmoitti tulevansa tulevalla viikolla talkoisiin. Kuvassa Jorma Koppi, Pauli Luttinen, Matti Kilpel\u00e4inen ja Tuomo Martikainen. \" width=\"1754\" height=\"1240\" data-id=\"9327\" srcset=\"http:\/\/www.rukajarvensuunnanhistoriayhdistys.fi\/historiayhdistys\/wp-content\/uploads\/2014\/10\/Jukolan-Motti-22-10-2014.jpg 1754w, http:\/\/www.rukajarvensuunnanhistoriayhdistys.fi\/historiayhdistys\/wp-content\/uploads\/2014\/10\/Jukolan-Motti-22-10-2014-300x212.jpg 300w, http:\/\/www.rukajarvensuunnanhistoriayhdistys.fi\/historiayhdistys\/wp-content\/uploads\/2014\/10\/Jukolan-Motti-22-10-2014-1024x723.jpg 1024w\" sizes=\"auto, (max-width: 1754px) 100vw, 1754px\" \/><\/a><figcaption id=\"caption-attachment-9327\" class=\"wp-caption-text\">Jukolan Motin ty\u00f6maalla k\u00e4vi vieraita useitakin, mutta mainittakoon, ett\u00e4 Pauli Luttinen Kiuruvedelt\u00e4 ilmoitti tulevansa tulevalla viikolla talkoisiin. Kuvassa Jorma Koppi, Pauli Luttinen, Matti Kilpel\u00e4inen ja Tuomo Martikainen.<\/figcaption><\/figure>\n<figure id=\"attachment_9329\" aria-describedby=\"caption-attachment-9329\" style=\"width: 1754px\" class=\"wp-caption alignnone\"><a href=\"http:\/\/www.rukajarvensuunnanhistoriayhdistys.fi\/historiayhdistys\/wp-content\/uploads\/2014\/10\/Kilpel\u00e4inen-Matti-Martikainen-Tuomo-2.jpg\"><img loading=\"lazy\" decoding=\"async\" class=\"wp-image-9329 size-full\" src=\"http:\/\/www.rukajarvensuunnanhistoriayhdistys.fi\/historiayhdistys\/wp-content\/uploads\/2014\/10\/Kilpel\u00e4inen-Matti-Martikainen-Tuomo-2.jpg\" alt=\"Matti Kilpel\u00e4inen ja Tuomo Martikainen kantoivat hirsi\u00e4 ja p\u00e4iv\u00e4n p\u00e4\u00e4tteeksi oltiin oli asennettu kolme hirsikertaa.\" width=\"1754\" height=\"1240\" data-id=\"9329\" srcset=\"http:\/\/www.rukajarvensuunnanhistoriayhdistys.fi\/historiayhdistys\/wp-content\/uploads\/2014\/10\/Kilpel\u00e4inen-Matti-Martikainen-Tuomo-2.jpg 1754w, http:\/\/www.rukajarvensuunnanhistoriayhdistys.fi\/historiayhdistys\/wp-content\/uploads\/2014\/10\/Kilpel\u00e4inen-Matti-Martikainen-Tuomo-2-300x212.jpg 300w, http:\/\/www.rukajarvensuunnanhistoriayhdistys.fi\/historiayhdistys\/wp-content\/uploads\/2014\/10\/Kilpel\u00e4inen-Matti-Martikainen-Tuomo-2-1024x723.jpg 1024w\" sizes=\"auto, (max-width: 1754px) 100vw, 1754px\" \/><\/a><figcaption id=\"caption-attachment-9329\" class=\"wp-caption-text\">Matti Kilpel\u00e4inen ja Tuomo Martikainen kantoivat hirsi\u00e4 ja p\u00e4iv\u00e4n p\u00e4\u00e4tteeksi oltiin oli asennettu kolme hirsikertaa.<\/figcaption><\/figure>\n<p><strong>Hyvi\u00e4 uutisia on muitakin<\/strong><\/p>\n<p>Rukaj\u00e4rven miehet 70 vuotta sitten saivat kuulla helpottavan tiedon. Pataljoonan siirto (III\/JR 10) pohjoisrintamalle peruutettu. Eilen siis 70 vuotta sitten siirtouhka oli p\u00e4\u00e4ll\u00e4 ja satoi rankasti, miehet likom\u00e4rki\u00e4. T\u00e4n\u00e4\u00e4n oli pakkanen ja kirkasta ja kylm\u00e4\u00e4 aivan kuin nyt 70 vuoden kuluttua Jukolan Motin kodan ty\u00f6maalla.<\/p>\n<p>&nbsp;<\/p>\n<p>&nbsp;<\/p>\n","protected":false},"excerpt":{"rendered":"<p>Rakennusty\u00f6 etenee Jukolan Motissa suunnitelmien mukaisesti. Pakkanen oli\u00a0laskenut t\u00e4n\u00e4\u00e4n aamulla\u00a0 -16 C. L\u00e4mmittimet py\u00f6riv\u00e4t koko y\u00f6n ja l\u00e4mmin ilma tulvahti teltan rakosista kuin savupirtist\u00e4 aamuvarhaisella. Teltta purettiin Jukolan Motin kodan <a class=\"more-link\" href=\"http:\/\/www.rukajarvensuunnanhistoriayhdistys.fi\/historiayhdistys\/ensimmaiset-hirret-asennettu-jukolan-motissa\/\">Teksti jatkuu&#8230;<span class=\"screen-reader-text\">Ensimm\u00e4iset hirret asennettu Jukolan Motissa<\/span><span class=\"meta-nav\">\u2192<\/span><\/a><\/p>\n","protected":false},"author":3,"featured_media":9329,"comment_status":"closed","ping_status":"open","sticky":false,"template":"","format":"standard","meta":{"footnotes":""},"categories":[22],"tags":[],"class_list":["post-9326","post","type-post","status-publish","format-standard","has-post-thumbnail","hentry","category-ajankohtaista"],"yoast_head":"<!-- This site is optimized with the Yoast SEO plugin v27.4 - https:\/\/yoast.com\/product\/yoast-seo-wordpress\/ -->\n<title>Ensimm\u00e4iset hirret asennettu Jukolan Motissa - Rukaj\u00e4rven suunnan historiayhdistys<\/title>\n<meta name=\"robots\" content=\"index, follow, max-snippet:-1, max-image-preview:large, max-video-preview:-1\" \/>\n<link rel=\"canonical\" href=\"http:\/\/www.rukajarvensuunnanhistoriayhdistys.fi\/historiayhdistys\/ensimmaiset-hirret-asennettu-jukolan-motissa\/\" \/>\n<meta property=\"og:locale\" content=\"fi_FI\" \/>\n<meta property=\"og:type\" content=\"article\" \/>\n<meta property=\"og:title\" content=\"Ensimm\u00e4iset hirret asennettu Jukolan Motissa - Rukaj\u00e4rven suunnan historiayhdistys\" \/>\n<meta property=\"og:description\" content=\"Rakennusty\u00f6 etenee Jukolan Motissa suunnitelmien mukaisesti. Pakkanen oli\u00a0laskenut t\u00e4n\u00e4\u00e4n aamulla\u00a0 -16 C. L\u00e4mmittimet py\u00f6riv\u00e4t koko y\u00f6n ja l\u00e4mmin ilma tulvahti teltan rakosista kuin savupirtist\u00e4 aamuvarhaisella. Teltta purettiin Jukolan Motin kodan Teksti jatkuu...Ensimm\u00e4iset hirret asennettu Jukolan Motissa\u2192\" \/>\n<meta property=\"og:url\" content=\"http:\/\/www.rukajarvensuunnanhistoriayhdistys.fi\/historiayhdistys\/ensimmaiset-hirret-asennettu-jukolan-motissa\/\" \/>\n<meta property=\"og:site_name\" content=\"Rukaj\u00e4rven suunnan historiayhdistys\" \/>\n<meta property=\"article:published_time\" content=\"2014-10-22T17:52:57+00:00\" \/>\n<meta property=\"article:modified_time\" content=\"2014-10-24T17:05:11+00:00\" \/>\n<meta property=\"og:image\" content=\"http:\/\/www.rukajarvensuunnanhistoriayhdistys.fi\/historiayhdistys\/wp-content\/uploads\/2014\/10\/Kilpel\u00e4inen-Matti-Martikainen-Tuomo-2.jpg\" \/>\n\t<meta property=\"og:image:width\" content=\"1754\" \/>\n\t<meta property=\"og:image:height\" content=\"1240\" \/>\n\t<meta property=\"og:image:type\" content=\"image\/jpeg\" \/>\n<meta name=\"author\" content=\"RSHY\" \/>\n<meta name=\"twitter:label1\" content=\"Kirjoittanut\" \/>\n\t<meta name=\"twitter:data1\" content=\"RSHY\" \/>\n\t<meta name=\"twitter:label2\" content=\"Arvioitu lukuaika\" \/>\n\t<meta name=\"twitter:data2\" content=\"1 minuutti\" \/>\n<script type=\"application\/ld+json\" class=\"yoast-schema-graph\">{\"@context\":\"https:\\\/\\\/schema.org\",\"@graph\":[{\"@type\":\"Article\",\"@id\":\"http:\\\/\\\/www.rukajarvensuunnanhistoriayhdistys.fi\\\/historiayhdistys\\\/ensimmaiset-hirret-asennettu-jukolan-motissa\\\/#article\",\"isPartOf\":{\"@id\":\"http:\\\/\\\/www.rukajarvensuunnanhistoriayhdistys.fi\\\/historiayhdistys\\\/ensimmaiset-hirret-asennettu-jukolan-motissa\\\/\"},\"author\":{\"name\":\"RSHY\",\"@id\":\"http:\\\/\\\/www.rukajarvensuunnanhistoriayhdistys.fi\\\/historiayhdistys\\\/#\\\/schema\\\/person\\\/19de7db68bf72dfd2b5d7f6dfbf8454d\"},\"headline\":\"Ensimm\u00e4iset hirret asennettu Jukolan Motissa\",\"datePublished\":\"2014-10-22T17:52:57+00:00\",\"dateModified\":\"2014-10-24T17:05:11+00:00\",\"mainEntityOfPage\":{\"@id\":\"http:\\\/\\\/www.rukajarvensuunnanhistoriayhdistys.fi\\\/historiayhdistys\\\/ensimmaiset-hirret-asennettu-jukolan-motissa\\\/\"},\"wordCount\":259,\"publisher\":{\"@id\":\"http:\\\/\\\/www.rukajarvensuunnanhistoriayhdistys.fi\\\/historiayhdistys\\\/#organization\"},\"image\":{\"@id\":\"http:\\\/\\\/www.rukajarvensuunnanhistoriayhdistys.fi\\\/historiayhdistys\\\/ensimmaiset-hirret-asennettu-jukolan-motissa\\\/#primaryimage\"},\"thumbnailUrl\":\"http:\\\/\\\/www.rukajarvensuunnanhistoriayhdistys.fi\\\/historiayhdistys\\\/wp-content\\\/uploads\\\/2014\\\/10\\\/Kilpel\u00e4inen-Matti-Martikainen-Tuomo-2.jpg\",\"articleSection\":[\"Ajankohtaista\"],\"inLanguage\":\"fi\"},{\"@type\":\"WebPage\",\"@id\":\"http:\\\/\\\/www.rukajarvensuunnanhistoriayhdistys.fi\\\/historiayhdistys\\\/ensimmaiset-hirret-asennettu-jukolan-motissa\\\/\",\"url\":\"http:\\\/\\\/www.rukajarvensuunnanhistoriayhdistys.fi\\\/historiayhdistys\\\/ensimmaiset-hirret-asennettu-jukolan-motissa\\\/\",\"name\":\"Ensimm\u00e4iset hirret asennettu Jukolan Motissa - Rukaj\u00e4rven suunnan historiayhdistys\",\"isPartOf\":{\"@id\":\"http:\\\/\\\/www.rukajarvensuunnanhistoriayhdistys.fi\\\/historiayhdistys\\\/#website\"},\"primaryImageOfPage\":{\"@id\":\"http:\\\/\\\/www.rukajarvensuunnanhistoriayhdistys.fi\\\/historiayhdistys\\\/ensimmaiset-hirret-asennettu-jukolan-motissa\\\/#primaryimage\"},\"image\":{\"@id\":\"http:\\\/\\\/www.rukajarvensuunnanhistoriayhdistys.fi\\\/historiayhdistys\\\/ensimmaiset-hirret-asennettu-jukolan-motissa\\\/#primaryimage\"},\"thumbnailUrl\":\"http:\\\/\\\/www.rukajarvensuunnanhistoriayhdistys.fi\\\/historiayhdistys\\\/wp-content\\\/uploads\\\/2014\\\/10\\\/Kilpel\u00e4inen-Matti-Martikainen-Tuomo-2.jpg\",\"datePublished\":\"2014-10-22T17:52:57+00:00\",\"dateModified\":\"2014-10-24T17:05:11+00:00\",\"breadcrumb\":{\"@id\":\"http:\\\/\\\/www.rukajarvensuunnanhistoriayhdistys.fi\\\/historiayhdistys\\\/ensimmaiset-hirret-asennettu-jukolan-motissa\\\/#breadcrumb\"},\"inLanguage\":\"fi\",\"potentialAction\":[{\"@type\":\"ReadAction\",\"target\":[\"http:\\\/\\\/www.rukajarvensuunnanhistoriayhdistys.fi\\\/historiayhdistys\\\/ensimmaiset-hirret-asennettu-jukolan-motissa\\\/\"]}]},{\"@type\":\"ImageObject\",\"inLanguage\":\"fi\",\"@id\":\"http:\\\/\\\/www.rukajarvensuunnanhistoriayhdistys.fi\\\/historiayhdistys\\\/ensimmaiset-hirret-asennettu-jukolan-motissa\\\/#primaryimage\",\"url\":\"http:\\\/\\\/www.rukajarvensuunnanhistoriayhdistys.fi\\\/historiayhdistys\\\/wp-content\\\/uploads\\\/2014\\\/10\\\/Kilpel\u00e4inen-Matti-Martikainen-Tuomo-2.jpg\",\"contentUrl\":\"http:\\\/\\\/www.rukajarvensuunnanhistoriayhdistys.fi\\\/historiayhdistys\\\/wp-content\\\/uploads\\\/2014\\\/10\\\/Kilpel\u00e4inen-Matti-Martikainen-Tuomo-2.jpg\",\"width\":1754,\"height\":1240,\"caption\":\"Matti Kilpel\u00e4inen ja Tuomo Martikainen kantoivat hirsi\u00e4 ja p\u00e4iv\u00e4n p\u00e4\u00e4tteeksi oltiin oli asennettu kolme hirsikertaa.\"},{\"@type\":\"BreadcrumbList\",\"@id\":\"http:\\\/\\\/www.rukajarvensuunnanhistoriayhdistys.fi\\\/historiayhdistys\\\/ensimmaiset-hirret-asennettu-jukolan-motissa\\\/#breadcrumb\",\"itemListElement\":[{\"@type\":\"ListItem\",\"position\":1,\"name\":\"Etusivu\",\"item\":\"http:\\\/\\\/www.rukajarvensuunnanhistoriayhdistys.fi\\\/historiayhdistys\\\/\"},{\"@type\":\"ListItem\",\"position\":2,\"name\":\"Ensimm\u00e4iset hirret asennettu Jukolan Motissa\"}]},{\"@type\":\"WebSite\",\"@id\":\"http:\\\/\\\/www.rukajarvensuunnanhistoriayhdistys.fi\\\/historiayhdistys\\\/#website\",\"url\":\"http:\\\/\\\/www.rukajarvensuunnanhistoriayhdistys.fi\\\/historiayhdistys\\\/\",\"name\":\"Rukaj\u00e4rven suunnan historiayhdistys\",\"description\":\"Rukaj\u00e4rven suunnan historiayhdistyksen verkkosivut.\",\"publisher\":{\"@id\":\"http:\\\/\\\/www.rukajarvensuunnanhistoriayhdistys.fi\\\/historiayhdistys\\\/#organization\"},\"potentialAction\":[{\"@type\":\"SearchAction\",\"target\":{\"@type\":\"EntryPoint\",\"urlTemplate\":\"http:\\\/\\\/www.rukajarvensuunnanhistoriayhdistys.fi\\\/historiayhdistys\\\/?s={search_term_string}\"},\"query-input\":{\"@type\":\"PropertyValueSpecification\",\"valueRequired\":true,\"valueName\":\"search_term_string\"}}],\"inLanguage\":\"fi\"},{\"@type\":\"Organization\",\"@id\":\"http:\\\/\\\/www.rukajarvensuunnanhistoriayhdistys.fi\\\/historiayhdistys\\\/#organization\",\"name\":\"Rukaj\u00e4rven suunnan historiayhdistys\",\"url\":\"http:\\\/\\\/www.rukajarvensuunnanhistoriayhdistys.fi\\\/historiayhdistys\\\/\",\"logo\":{\"@type\":\"ImageObject\",\"inLanguage\":\"fi\",\"@id\":\"http:\\\/\\\/www.rukajarvensuunnanhistoriayhdistys.fi\\\/historiayhdistys\\\/#\\\/schema\\\/logo\\\/image\\\/\",\"url\":\"http:\\\/\\\/www.rukajarvensuunnanhistoriayhdistys.fi\\\/historiayhdistys\\\/wp-content\\\/uploads\\\/2013\\\/12\\\/Otsake_3.jpg\",\"contentUrl\":\"http:\\\/\\\/www.rukajarvensuunnanhistoriayhdistys.fi\\\/historiayhdistys\\\/wp-content\\\/uploads\\\/2013\\\/12\\\/Otsake_3.jpg\",\"width\":1000,\"height\":442,\"caption\":\"Rukaj\u00e4rven suunnan historiayhdistys\"},\"image\":{\"@id\":\"http:\\\/\\\/www.rukajarvensuunnanhistoriayhdistys.fi\\\/historiayhdistys\\\/#\\\/schema\\\/logo\\\/image\\\/\"}},{\"@type\":\"Person\",\"@id\":\"http:\\\/\\\/www.rukajarvensuunnanhistoriayhdistys.fi\\\/historiayhdistys\\\/#\\\/schema\\\/person\\\/19de7db68bf72dfd2b5d7f6dfbf8454d\",\"name\":\"RSHY\",\"image\":{\"@type\":\"ImageObject\",\"inLanguage\":\"fi\",\"@id\":\"https:\\\/\\\/secure.gravatar.com\\\/avatar\\\/598d59263a69cc8de65fcb4f9db78d6f58c098cb0e0ba22d73377441af9fa04c?s=96&d=blank&r=g\",\"url\":\"https:\\\/\\\/secure.gravatar.com\\\/avatar\\\/598d59263a69cc8de65fcb4f9db78d6f58c098cb0e0ba22d73377441af9fa04c?s=96&d=blank&r=g\",\"contentUrl\":\"https:\\\/\\\/secure.gravatar.com\\\/avatar\\\/598d59263a69cc8de65fcb4f9db78d6f58c098cb0e0ba22d73377441af9fa04c?s=96&d=blank&r=g\",\"caption\":\"RSHY\"},\"url\":\"http:\\\/\\\/www.rukajarvensuunnanhistoriayhdistys.fi\\\/historiayhdistys\\\/author\\\/rshy\\\/\"}]}<\/script>\n<!-- \/ Yoast SEO plugin. -->","yoast_head_json":{"title":"Ensimm\u00e4iset hirret asennettu Jukolan Motissa - Rukaj\u00e4rven suunnan historiayhdistys","robots":{"index":"index","follow":"follow","max-snippet":"max-snippet:-1","max-image-preview":"max-image-preview:large","max-video-preview":"max-video-preview:-1"},"canonical":"http:\/\/www.rukajarvensuunnanhistoriayhdistys.fi\/historiayhdistys\/ensimmaiset-hirret-asennettu-jukolan-motissa\/","og_locale":"fi_FI","og_type":"article","og_title":"Ensimm\u00e4iset hirret asennettu Jukolan Motissa - Rukaj\u00e4rven suunnan historiayhdistys","og_description":"Rakennusty\u00f6 etenee Jukolan Motissa suunnitelmien mukaisesti. Pakkanen oli\u00a0laskenut t\u00e4n\u00e4\u00e4n aamulla\u00a0 -16 C. L\u00e4mmittimet py\u00f6riv\u00e4t koko y\u00f6n ja l\u00e4mmin ilma tulvahti teltan rakosista kuin savupirtist\u00e4 aamuvarhaisella. Teltta purettiin Jukolan Motin kodan Teksti jatkuu...Ensimm\u00e4iset hirret asennettu Jukolan Motissa\u2192","og_url":"http:\/\/www.rukajarvensuunnanhistoriayhdistys.fi\/historiayhdistys\/ensimmaiset-hirret-asennettu-jukolan-motissa\/","og_site_name":"Rukaj\u00e4rven suunnan historiayhdistys","article_published_time":"2014-10-22T17:52:57+00:00","article_modified_time":"2014-10-24T17:05:11+00:00","og_image":[{"width":1754,"height":1240,"url":"http:\/\/www.rukajarvensuunnanhistoriayhdistys.fi\/historiayhdistys\/wp-content\/uploads\/2014\/10\/Kilpel\u00e4inen-Matti-Martikainen-Tuomo-2.jpg","type":"image\/jpeg"}],"author":"RSHY","twitter_misc":{"Kirjoittanut":"RSHY","Arvioitu lukuaika":"1 minuutti"},"schema":{"@context":"https:\/\/schema.org","@graph":[{"@type":"Article","@id":"http:\/\/www.rukajarvensuunnanhistoriayhdistys.fi\/historiayhdistys\/ensimmaiset-hirret-asennettu-jukolan-motissa\/#article","isPartOf":{"@id":"http:\/\/www.rukajarvensuunnanhistoriayhdistys.fi\/historiayhdistys\/ensimmaiset-hirret-asennettu-jukolan-motissa\/"},"author":{"name":"RSHY","@id":"http:\/\/www.rukajarvensuunnanhistoriayhdistys.fi\/historiayhdistys\/#\/schema\/person\/19de7db68bf72dfd2b5d7f6dfbf8454d"},"headline":"Ensimm\u00e4iset hirret asennettu Jukolan Motissa","datePublished":"2014-10-22T17:52:57+00:00","dateModified":"2014-10-24T17:05:11+00:00","mainEntityOfPage":{"@id":"http:\/\/www.rukajarvensuunnanhistoriayhdistys.fi\/historiayhdistys\/ensimmaiset-hirret-asennettu-jukolan-motissa\/"},"wordCount":259,"publisher":{"@id":"http:\/\/www.rukajarvensuunnanhistoriayhdistys.fi\/historiayhdistys\/#organization"},"image":{"@id":"http:\/\/www.rukajarvensuunnanhistoriayhdistys.fi\/historiayhdistys\/ensimmaiset-hirret-asennettu-jukolan-motissa\/#primaryimage"},"thumbnailUrl":"http:\/\/www.rukajarvensuunnanhistoriayhdistys.fi\/historiayhdistys\/wp-content\/uploads\/2014\/10\/Kilpel\u00e4inen-Matti-Martikainen-Tuomo-2.jpg","articleSection":["Ajankohtaista"],"inLanguage":"fi"},{"@type":"WebPage","@id":"http:\/\/www.rukajarvensuunnanhistoriayhdistys.fi\/historiayhdistys\/ensimmaiset-hirret-asennettu-jukolan-motissa\/","url":"http:\/\/www.rukajarvensuunnanhistoriayhdistys.fi\/historiayhdistys\/ensimmaiset-hirret-asennettu-jukolan-motissa\/","name":"Ensimm\u00e4iset hirret asennettu Jukolan Motissa - Rukaj\u00e4rven suunnan historiayhdistys","isPartOf":{"@id":"http:\/\/www.rukajarvensuunnanhistoriayhdistys.fi\/historiayhdistys\/#website"},"primaryImageOfPage":{"@id":"http:\/\/www.rukajarvensuunnanhistoriayhdistys.fi\/historiayhdistys\/ensimmaiset-hirret-asennettu-jukolan-motissa\/#primaryimage"},"image":{"@id":"http:\/\/www.rukajarvensuunnanhistoriayhdistys.fi\/historiayhdistys\/ensimmaiset-hirret-asennettu-jukolan-motissa\/#primaryimage"},"thumbnailUrl":"http:\/\/www.rukajarvensuunnanhistoriayhdistys.fi\/historiayhdistys\/wp-content\/uploads\/2014\/10\/Kilpel\u00e4inen-Matti-Martikainen-Tuomo-2.jpg","datePublished":"2014-10-22T17:52:57+00:00","dateModified":"2014-10-24T17:05:11+00:00","breadcrumb":{"@id":"http:\/\/www.rukajarvensuunnanhistoriayhdistys.fi\/historiayhdistys\/ensimmaiset-hirret-asennettu-jukolan-motissa\/#breadcrumb"},"inLanguage":"fi","potentialAction":[{"@type":"ReadAction","target":["http:\/\/www.rukajarvensuunnanhistoriayhdistys.fi\/historiayhdistys\/ensimmaiset-hirret-asennettu-jukolan-motissa\/"]}]},{"@type":"ImageObject","inLanguage":"fi","@id":"http:\/\/www.rukajarvensuunnanhistoriayhdistys.fi\/historiayhdistys\/ensimmaiset-hirret-asennettu-jukolan-motissa\/#primaryimage","url":"http:\/\/www.rukajarvensuunnanhistoriayhdistys.fi\/historiayhdistys\/wp-content\/uploads\/2014\/10\/Kilpel\u00e4inen-Matti-Martikainen-Tuomo-2.jpg","contentUrl":"http:\/\/www.rukajarvensuunnanhistoriayhdistys.fi\/historiayhdistys\/wp-content\/uploads\/2014\/10\/Kilpel\u00e4inen-Matti-Martikainen-Tuomo-2.jpg","width":1754,"height":1240,"caption":"Matti Kilpel\u00e4inen ja Tuomo Martikainen kantoivat hirsi\u00e4 ja p\u00e4iv\u00e4n p\u00e4\u00e4tteeksi oltiin oli asennettu kolme hirsikertaa."},{"@type":"BreadcrumbList","@id":"http:\/\/www.rukajarvensuunnanhistoriayhdistys.fi\/historiayhdistys\/ensimmaiset-hirret-asennettu-jukolan-motissa\/#breadcrumb","itemListElement":[{"@type":"ListItem","position":1,"name":"Etusivu","item":"http:\/\/www.rukajarvensuunnanhistoriayhdistys.fi\/historiayhdistys\/"},{"@type":"ListItem","position":2,"name":"Ensimm\u00e4iset hirret asennettu Jukolan Motissa"}]},{"@type":"WebSite","@id":"http:\/\/www.rukajarvensuunnanhistoriayhdistys.fi\/historiayhdistys\/#website","url":"http:\/\/www.rukajarvensuunnanhistoriayhdistys.fi\/historiayhdistys\/","name":"Rukaj\u00e4rven suunnan historiayhdistys","description":"Rukaj\u00e4rven suunnan historiayhdistyksen verkkosivut.","publisher":{"@id":"http:\/\/www.rukajarvensuunnanhistoriayhdistys.fi\/historiayhdistys\/#organization"},"potentialAction":[{"@type":"SearchAction","target":{"@type":"EntryPoint","urlTemplate":"http:\/\/www.rukajarvensuunnanhistoriayhdistys.fi\/historiayhdistys\/?s={search_term_string}"},"query-input":{"@type":"PropertyValueSpecification","valueRequired":true,"valueName":"search_term_string"}}],"inLanguage":"fi"},{"@type":"Organization","@id":"http:\/\/www.rukajarvensuunnanhistoriayhdistys.fi\/historiayhdistys\/#organization","name":"Rukaj\u00e4rven suunnan historiayhdistys","url":"http:\/\/www.rukajarvensuunnanhistoriayhdistys.fi\/historiayhdistys\/","logo":{"@type":"ImageObject","inLanguage":"fi","@id":"http:\/\/www.rukajarvensuunnanhistoriayhdistys.fi\/historiayhdistys\/#\/schema\/logo\/image\/","url":"http:\/\/www.rukajarvensuunnanhistoriayhdistys.fi\/historiayhdistys\/wp-content\/uploads\/2013\/12\/Otsake_3.jpg","contentUrl":"http:\/\/www.rukajarvensuunnanhistoriayhdistys.fi\/historiayhdistys\/wp-content\/uploads\/2013\/12\/Otsake_3.jpg","width":1000,"height":442,"caption":"Rukaj\u00e4rven suunnan historiayhdistys"},"image":{"@id":"http:\/\/www.rukajarvensuunnanhistoriayhdistys.fi\/historiayhdistys\/#\/schema\/logo\/image\/"}},{"@type":"Person","@id":"http:\/\/www.rukajarvensuunnanhistoriayhdistys.fi\/historiayhdistys\/#\/schema\/person\/19de7db68bf72dfd2b5d7f6dfbf8454d","name":"RSHY","image":{"@type":"ImageObject","inLanguage":"fi","@id":"https:\/\/secure.gravatar.com\/avatar\/598d59263a69cc8de65fcb4f9db78d6f58c098cb0e0ba22d73377441af9fa04c?s=96&d=blank&r=g","url":"https:\/\/secure.gravatar.com\/avatar\/598d59263a69cc8de65fcb4f9db78d6f58c098cb0e0ba22d73377441af9fa04c?s=96&d=blank&r=g","contentUrl":"https:\/\/secure.gravatar.com\/avatar\/598d59263a69cc8de65fcb4f9db78d6f58c098cb0e0ba22d73377441af9fa04c?s=96&d=blank&r=g","caption":"RSHY"},"url":"http:\/\/www.rukajarvensuunnanhistoriayhdistys.fi\/historiayhdistys\/author\/rshy\/"}]}},"_links":{"self":[{"href":"http:\/\/www.rukajarvensuunnanhistoriayhdistys.fi\/historiayhdistys\/wp-json\/wp\/v2\/posts\/9326","targetHints":{"allow":["GET"]}}],"collection":[{"href":"http:\/\/www.rukajarvensuunnanhistoriayhdistys.fi\/historiayhdistys\/wp-json\/wp\/v2\/posts"}],"about":[{"href":"http:\/\/www.rukajarvensuunnanhistoriayhdistys.fi\/historiayhdistys\/wp-json\/wp\/v2\/types\/post"}],"author":[{"embeddable":true,"href":"http:\/\/www.rukajarvensuunnanhistoriayhdistys.fi\/historiayhdistys\/wp-json\/wp\/v2\/users\/3"}],"replies":[{"embeddable":true,"href":"http:\/\/www.rukajarvensuunnanhistoriayhdistys.fi\/historiayhdistys\/wp-json\/wp\/v2\/comments?post=9326"}],"version-history":[{"count":4,"href":"http:\/\/www.rukajarvensuunnanhistoriayhdistys.fi\/historiayhdistys\/wp-json\/wp\/v2\/posts\/9326\/revisions"}],"predecessor-version":[{"id":9361,"href":"http:\/\/www.rukajarvensuunnanhistoriayhdistys.fi\/historiayhdistys\/wp-json\/wp\/v2\/posts\/9326\/revisions\/9361"}],"wp:featuredmedia":[{"embeddable":true,"href":"http:\/\/www.rukajarvensuunnanhistoriayhdistys.fi\/historiayhdistys\/wp-json\/wp\/v2\/media\/9329"}],"wp:attachment":[{"href":"http:\/\/www.rukajarvensuunnanhistoriayhdistys.fi\/historiayhdistys\/wp-json\/wp\/v2\/media?parent=9326"}],"wp:term":[{"taxonomy":"category","embeddable":true,"href":"http:\/\/www.rukajarvensuunnanhistoriayhdistys.fi\/historiayhdistys\/wp-json\/wp\/v2\/categories?post=9326"},{"taxonomy":"post_tag","embeddable":true,"href":"http:\/\/www.rukajarvensuunnanhistoriayhdistys.fi\/historiayhdistys\/wp-json\/wp\/v2\/tags?post=9326"}],"curies":[{"name":"wp","href":"https:\/\/api.w.org\/{rel}","templated":true}]}}