{"id":9332,"date":"2014-10-23T13:50:59","date_gmt":"2014-10-23T10:50:59","guid":{"rendered":"http:\/\/www.rukajarvensuunnanhistoriayhdistys.fi\/historiayhdistys\/?p=9332"},"modified":"2014-10-24T23:14:06","modified_gmt":"2014-10-24T20:14:06","slug":"jukolan-motti-kota-kohoa-seinat-jo-ikkunoitten-tasalla","status":"publish","type":"post","link":"http:\/\/www.rukajarvensuunnanhistoriayhdistys.fi\/historiayhdistys\/jukolan-motti-kota-kohoa-seinat-jo-ikkunoitten-tasalla\/","title":{"rendered":"Jukolan Motti &#8211; kota kohoa &#8211; sein\u00e4t jo ikkunoitten tasalla"},"content":{"rendered":"<div class=\"fcbkbttn_buttons_block\" id=\"fcbkbttn_left\"><div class=\"fcbkbttn_like \"><fb:like href=\"http:\/\/www.rukajarvensuunnanhistoriayhdistys.fi\/historiayhdistys\/jukolan-motti-kota-kohoa-seinat-jo-ikkunoitten-tasalla\/\" action=\"like\" colorscheme=\"light\" layout=\"button_count\"  size=\"small\"><\/fb:like><\/div><\/div><p>T\u00e4n\u00e4\u00e4n paukkui pakkanen aamulla -20 C, varpaat joutuivat kovimmalle, mutta se ei ole ty\u00f6nteon esteen\u00e4, p\u00e4invastoin &#8211; liikett\u00e4 syntyi. Iisalmen ja Sonkaj\u00e4rven Eero V\u00e4\u00e4n\u00e4nen ja Martti M\u00e4h\u00f6nen sek\u00e4 Lieksasta\u00a0Jongunjoen kyl\u00e4seuran\u00a0varapuheenjohtaja\u00a0 Raimo Saviranta sek\u00e4 puheenjohtaja Heikki Turunen tulivat ty\u00f6paikalle ja j\u00e4lke\u00e4 syntyy kuten kuvasta n\u00e4kyy.<\/p>\n<figure id=\"attachment_9333\" aria-describedby=\"caption-attachment-9333\" style=\"width: 1754px\" class=\"wp-caption alignnone\"><a href=\"http:\/\/www.rukajarvensuunnanhistoriayhdistys.fi\/historiayhdistys\/wp-content\/uploads\/2014\/10\/Jukolan-Motti-Ikkunat-paikalleen.jpg\"><img loading=\"lazy\" decoding=\"async\" class=\"wp-image-9333 size-full\" src=\"http:\/\/www.rukajarvensuunnanhistoriayhdistys.fi\/historiayhdistys\/wp-content\/uploads\/2014\/10\/Jukolan-Motti-Ikkunat-paikalleen.jpg\" alt=\"Pakkanen kohosi aamulla per\u00e4ti  -20 C:een.  Ty\u00f6t\u00e4 se ei hidastanut, p\u00e4invastoin.\" width=\"1754\" height=\"1240\" data-id=\"9333\" srcset=\"http:\/\/www.rukajarvensuunnanhistoriayhdistys.fi\/historiayhdistys\/wp-content\/uploads\/2014\/10\/Jukolan-Motti-Ikkunat-paikalleen.jpg 1754w, http:\/\/www.rukajarvensuunnanhistoriayhdistys.fi\/historiayhdistys\/wp-content\/uploads\/2014\/10\/Jukolan-Motti-Ikkunat-paikalleen-300x212.jpg 300w, http:\/\/www.rukajarvensuunnanhistoriayhdistys.fi\/historiayhdistys\/wp-content\/uploads\/2014\/10\/Jukolan-Motti-Ikkunat-paikalleen-1024x723.jpg 1024w\" sizes=\"auto, (max-width: 1754px) 100vw, 1754px\" \/><\/a><figcaption id=\"caption-attachment-9333\" class=\"wp-caption-text\">Pakkanen kohosi aamulla per\u00e4ti -20 C:een. Ty\u00f6t\u00e4 se ei hidastanut, p\u00e4invastoin.<\/figcaption><\/figure>\n<figure id=\"attachment_9339\" aria-describedby=\"caption-attachment-9339\" style=\"width: 1754px\" class=\"wp-caption alignnone\"><a href=\"http:\/\/www.rukajarvensuunnanhistoriayhdistys.fi\/historiayhdistys\/wp-content\/uploads\/2014\/10\/Jukolan-Motti-hirsien-Nurkana-asennusta.jpg\"><img loading=\"lazy\" decoding=\"async\" class=\"wp-image-9339 size-full\" src=\"http:\/\/www.rukajarvensuunnanhistoriayhdistys.fi\/historiayhdistys\/wp-content\/uploads\/2014\/10\/Jukolan-Motti-hirsien-Nurkana-asennusta.jpg\" alt=\"Nurkan asentaminen k\u00e4ynniss\u00e4 Eero V\u00e4\u00e4n\u00e4nen ja Raimo Saviranta.\" width=\"1754\" height=\"1240\" data-id=\"9339\" srcset=\"http:\/\/www.rukajarvensuunnanhistoriayhdistys.fi\/historiayhdistys\/wp-content\/uploads\/2014\/10\/Jukolan-Motti-hirsien-Nurkana-asennusta.jpg 1754w, http:\/\/www.rukajarvensuunnanhistoriayhdistys.fi\/historiayhdistys\/wp-content\/uploads\/2014\/10\/Jukolan-Motti-hirsien-Nurkana-asennusta-300x212.jpg 300w, http:\/\/www.rukajarvensuunnanhistoriayhdistys.fi\/historiayhdistys\/wp-content\/uploads\/2014\/10\/Jukolan-Motti-hirsien-Nurkana-asennusta-1024x723.jpg 1024w\" sizes=\"auto, (max-width: 1754px) 100vw, 1754px\" \/><\/a><figcaption id=\"caption-attachment-9339\" class=\"wp-caption-text\">Nurkan asentaminen k\u00e4ynniss\u00e4 Eero V\u00e4\u00e4n\u00e4nen ja Raimo Saviranta.<\/figcaption><\/figure>\n<figure id=\"attachment_9338\" aria-describedby=\"caption-attachment-9338\" style=\"width: 1754px\" class=\"wp-caption alignnone\"><a href=\"http:\/\/www.rukajarvensuunnanhistoriayhdistys.fi\/historiayhdistys\/wp-content\/uploads\/2014\/10\/Jukolan-Motti-hirsien-kanttaus.jpg\"><img loading=\"lazy\" decoding=\"async\" class=\"wp-image-9338 size-full\" src=\"http:\/\/www.rukajarvensuunnanhistoriayhdistys.fi\/historiayhdistys\/wp-content\/uploads\/2014\/10\/Jukolan-Motti-hirsien-kanttaus.jpg\" alt=\"Hirsien kanttaus, Hannu Huuskonen ja Matti Kilpel\u00e4inen\" width=\"1754\" height=\"1240\" data-id=\"9338\" srcset=\"http:\/\/www.rukajarvensuunnanhistoriayhdistys.fi\/historiayhdistys\/wp-content\/uploads\/2014\/10\/Jukolan-Motti-hirsien-kanttaus.jpg 1754w, http:\/\/www.rukajarvensuunnanhistoriayhdistys.fi\/historiayhdistys\/wp-content\/uploads\/2014\/10\/Jukolan-Motti-hirsien-kanttaus-300x212.jpg 300w, http:\/\/www.rukajarvensuunnanhistoriayhdistys.fi\/historiayhdistys\/wp-content\/uploads\/2014\/10\/Jukolan-Motti-hirsien-kanttaus-1024x723.jpg 1024w\" sizes=\"auto, (max-width: 1754px) 100vw, 1754px\" \/><\/a><figcaption id=\"caption-attachment-9338\" class=\"wp-caption-text\">Hirsien kanttaus, Hannu Huuskonen ja Matti Kilpel\u00e4inen<\/figcaption><\/figure>\n<figure id=\"attachment_9340\" aria-describedby=\"caption-attachment-9340\" style=\"width: 1754px\" class=\"wp-caption alignnone\"><a href=\"http:\/\/www.rukajarvensuunnanhistoriayhdistys.fi\/historiayhdistys\/wp-content\/uploads\/2014\/10\/Jukolan-Motti-hirsien-tauko-paikalla.jpg\"><img loading=\"lazy\" decoding=\"async\" class=\"wp-image-9340 size-full\" src=\"http:\/\/www.rukajarvensuunnanhistoriayhdistys.fi\/historiayhdistys\/wp-content\/uploads\/2014\/10\/Jukolan-Motti-hirsien-tauko-paikalla.jpg\" alt=\"Tauko paikalla, Eero V\u00e4\u00e4n\u00e4nen, Matti M\u00e4h\u00f6nen, Raimo Saviranta, Hannu Huuskonen, Matti Kilpel\u00e4inen ja Reijo Pulkkinen.\" width=\"1754\" height=\"1240\" data-id=\"9340\" srcset=\"http:\/\/www.rukajarvensuunnanhistoriayhdistys.fi\/historiayhdistys\/wp-content\/uploads\/2014\/10\/Jukolan-Motti-hirsien-tauko-paikalla.jpg 1754w, http:\/\/www.rukajarvensuunnanhistoriayhdistys.fi\/historiayhdistys\/wp-content\/uploads\/2014\/10\/Jukolan-Motti-hirsien-tauko-paikalla-300x212.jpg 300w, http:\/\/www.rukajarvensuunnanhistoriayhdistys.fi\/historiayhdistys\/wp-content\/uploads\/2014\/10\/Jukolan-Motti-hirsien-tauko-paikalla-1024x723.jpg 1024w\" sizes=\"auto, (max-width: 1754px) 100vw, 1754px\" \/><\/a><figcaption id=\"caption-attachment-9340\" class=\"wp-caption-text\">Tauko paikalla, Eero V\u00e4\u00e4n\u00e4nen, Matti M\u00e4h\u00f6nen, Raimo Saviranta, Hannu Huuskonen, Matti Kilpel\u00e4inen ja Reijo Pulkkinen.<\/figcaption><\/figure>\n<p>Eli yhteenvetona ty\u00f6 sujuu t\u00e4ysin suunnitelman mukaisesti ja Aila ja Esa Elo sek\u00e4 Ilkka Tiainen\u00a0soittelivat ja ovat tulossa viikonlopun talkootapahtumaan.<\/p>\n<p>Varauskirjaan on tullut j\u00e4lleen uusia varauksia ja siksi olemme p\u00e4\u00e4tyneet, ett\u00e4 avaamme nettiin varauskirjan, josta voi varata kotaa erilaisia tilaisuuksia varten.\u00a0Jongunjoen kyl\u00e4seura ehdotti, ett\u00e4 ennen kuin kota avataan yleiseen k\u00e4ytt\u00f6\u00f6n se tulee asianmukaisesti vihki\u00e4.<\/p>\n","protected":false},"excerpt":{"rendered":"<p>T\u00e4n\u00e4\u00e4n paukkui pakkanen aamulla -20 C, varpaat joutuivat kovimmalle, mutta se ei ole ty\u00f6nteon esteen\u00e4, p\u00e4invastoin &#8211; liikett\u00e4 syntyi. Iisalmen ja Sonkaj\u00e4rven Eero V\u00e4\u00e4n\u00e4nen ja Martti M\u00e4h\u00f6nen sek\u00e4 Lieksasta\u00a0Jongunjoen kyl\u00e4seuran\u00a0varapuheenjohtaja\u00a0 <a class=\"more-link\" href=\"http:\/\/www.rukajarvensuunnanhistoriayhdistys.fi\/historiayhdistys\/jukolan-motti-kota-kohoa-seinat-jo-ikkunoitten-tasalla\/\">Teksti jatkuu&#8230;<span class=\"screen-reader-text\">Jukolan Motti &#8211; kota kohoa &#8211; sein\u00e4t jo ikkunoitten tasalla<\/span><span class=\"meta-nav\">\u2192<\/span><\/a><\/p>\n","protected":false},"author":3,"featured_media":9333,"comment_status":"closed","ping_status":"open","sticky":false,"template":"","format":"standard","meta":{"footnotes":""},"categories":[22],"tags":[],"class_list":["post-9332","post","type-post","status-publish","format-standard","has-post-thumbnail","hentry","category-ajankohtaista"],"yoast_head":"<!-- This site is optimized with the Yoast SEO plugin v27.4 - https:\/\/yoast.com\/product\/yoast-seo-wordpress\/ -->\n<title>Jukolan Motti - kota kohoa - sein\u00e4t jo ikkunoitten tasalla - Rukaj\u00e4rven suunnan historiayhdistys<\/title>\n<meta name=\"robots\" content=\"index, follow, max-snippet:-1, max-image-preview:large, max-video-preview:-1\" \/>\n<link rel=\"canonical\" href=\"http:\/\/www.rukajarvensuunnanhistoriayhdistys.fi\/historiayhdistys\/jukolan-motti-kota-kohoa-seinat-jo-ikkunoitten-tasalla\/\" \/>\n<meta property=\"og:locale\" content=\"fi_FI\" \/>\n<meta property=\"og:type\" content=\"article\" \/>\n<meta property=\"og:title\" content=\"Jukolan Motti - kota kohoa - sein\u00e4t jo ikkunoitten tasalla - Rukaj\u00e4rven suunnan historiayhdistys\" \/>\n<meta property=\"og:description\" content=\"T\u00e4n\u00e4\u00e4n paukkui pakkanen aamulla -20 C, varpaat joutuivat kovimmalle, mutta se ei ole ty\u00f6nteon esteen\u00e4, p\u00e4invastoin &#8211; liikett\u00e4 syntyi. Iisalmen ja Sonkaj\u00e4rven Eero V\u00e4\u00e4n\u00e4nen ja Martti M\u00e4h\u00f6nen sek\u00e4 Lieksasta\u00a0Jongunjoen kyl\u00e4seuran\u00a0varapuheenjohtaja\u00a0 Teksti jatkuu...Jukolan Motti &#8211; kota kohoa &#8211; sein\u00e4t jo ikkunoitten tasalla\u2192\" \/>\n<meta property=\"og:url\" content=\"http:\/\/www.rukajarvensuunnanhistoriayhdistys.fi\/historiayhdistys\/jukolan-motti-kota-kohoa-seinat-jo-ikkunoitten-tasalla\/\" \/>\n<meta property=\"og:site_name\" content=\"Rukaj\u00e4rven suunnan historiayhdistys\" \/>\n<meta property=\"article:published_time\" content=\"2014-10-23T10:50:59+00:00\" \/>\n<meta property=\"article:modified_time\" content=\"2014-10-24T20:14:06+00:00\" \/>\n<meta property=\"og:image\" content=\"http:\/\/www.rukajarvensuunnanhistoriayhdistys.fi\/historiayhdistys\/wp-content\/uploads\/2014\/10\/Jukolan-Motti-Ikkunat-paikalleen.jpg\" \/>\n\t<meta property=\"og:image:width\" content=\"1754\" \/>\n\t<meta property=\"og:image:height\" content=\"1240\" \/>\n\t<meta property=\"og:image:type\" content=\"image\/jpeg\" \/>\n<meta name=\"author\" content=\"RSHY\" \/>\n<meta name=\"twitter:label1\" content=\"Kirjoittanut\" \/>\n\t<meta name=\"twitter:data1\" content=\"RSHY\" \/>\n\t<meta name=\"twitter:label2\" content=\"Arvioitu lukuaika\" \/>\n\t<meta name=\"twitter:data2\" content=\"1 minuutti\" \/>\n<script type=\"application\/ld+json\" class=\"yoast-schema-graph\">{\"@context\":\"https:\\\/\\\/schema.org\",\"@graph\":[{\"@type\":\"Article\",\"@id\":\"http:\\\/\\\/www.rukajarvensuunnanhistoriayhdistys.fi\\\/historiayhdistys\\\/jukolan-motti-kota-kohoa-seinat-jo-ikkunoitten-tasalla\\\/#article\",\"isPartOf\":{\"@id\":\"http:\\\/\\\/www.rukajarvensuunnanhistoriayhdistys.fi\\\/historiayhdistys\\\/jukolan-motti-kota-kohoa-seinat-jo-ikkunoitten-tasalla\\\/\"},\"author\":{\"name\":\"RSHY\",\"@id\":\"http:\\\/\\\/www.rukajarvensuunnanhistoriayhdistys.fi\\\/historiayhdistys\\\/#\\\/schema\\\/person\\\/19de7db68bf72dfd2b5d7f6dfbf8454d\"},\"headline\":\"Jukolan Motti &#8211; kota kohoa &#8211; sein\u00e4t jo ikkunoitten tasalla\",\"datePublished\":\"2014-10-23T10:50:59+00:00\",\"dateModified\":\"2014-10-24T20:14:06+00:00\",\"mainEntityOfPage\":{\"@id\":\"http:\\\/\\\/www.rukajarvensuunnanhistoriayhdistys.fi\\\/historiayhdistys\\\/jukolan-motti-kota-kohoa-seinat-jo-ikkunoitten-tasalla\\\/\"},\"wordCount\":214,\"publisher\":{\"@id\":\"http:\\\/\\\/www.rukajarvensuunnanhistoriayhdistys.fi\\\/historiayhdistys\\\/#organization\"},\"image\":{\"@id\":\"http:\\\/\\\/www.rukajarvensuunnanhistoriayhdistys.fi\\\/historiayhdistys\\\/jukolan-motti-kota-kohoa-seinat-jo-ikkunoitten-tasalla\\\/#primaryimage\"},\"thumbnailUrl\":\"http:\\\/\\\/www.rukajarvensuunnanhistoriayhdistys.fi\\\/historiayhdistys\\\/wp-content\\\/uploads\\\/2014\\\/10\\\/Jukolan-Motti-Ikkunat-paikalleen.jpg\",\"articleSection\":[\"Ajankohtaista\"],\"inLanguage\":\"fi\"},{\"@type\":\"WebPage\",\"@id\":\"http:\\\/\\\/www.rukajarvensuunnanhistoriayhdistys.fi\\\/historiayhdistys\\\/jukolan-motti-kota-kohoa-seinat-jo-ikkunoitten-tasalla\\\/\",\"url\":\"http:\\\/\\\/www.rukajarvensuunnanhistoriayhdistys.fi\\\/historiayhdistys\\\/jukolan-motti-kota-kohoa-seinat-jo-ikkunoitten-tasalla\\\/\",\"name\":\"Jukolan Motti - kota kohoa - sein\u00e4t jo ikkunoitten tasalla - Rukaj\u00e4rven suunnan historiayhdistys\",\"isPartOf\":{\"@id\":\"http:\\\/\\\/www.rukajarvensuunnanhistoriayhdistys.fi\\\/historiayhdistys\\\/#website\"},\"primaryImageOfPage\":{\"@id\":\"http:\\\/\\\/www.rukajarvensuunnanhistoriayhdistys.fi\\\/historiayhdistys\\\/jukolan-motti-kota-kohoa-seinat-jo-ikkunoitten-tasalla\\\/#primaryimage\"},\"image\":{\"@id\":\"http:\\\/\\\/www.rukajarvensuunnanhistoriayhdistys.fi\\\/historiayhdistys\\\/jukolan-motti-kota-kohoa-seinat-jo-ikkunoitten-tasalla\\\/#primaryimage\"},\"thumbnailUrl\":\"http:\\\/\\\/www.rukajarvensuunnanhistoriayhdistys.fi\\\/historiayhdistys\\\/wp-content\\\/uploads\\\/2014\\\/10\\\/Jukolan-Motti-Ikkunat-paikalleen.jpg\",\"datePublished\":\"2014-10-23T10:50:59+00:00\",\"dateModified\":\"2014-10-24T20:14:06+00:00\",\"breadcrumb\":{\"@id\":\"http:\\\/\\\/www.rukajarvensuunnanhistoriayhdistys.fi\\\/historiayhdistys\\\/jukolan-motti-kota-kohoa-seinat-jo-ikkunoitten-tasalla\\\/#breadcrumb\"},\"inLanguage\":\"fi\",\"potentialAction\":[{\"@type\":\"ReadAction\",\"target\":[\"http:\\\/\\\/www.rukajarvensuunnanhistoriayhdistys.fi\\\/historiayhdistys\\\/jukolan-motti-kota-kohoa-seinat-jo-ikkunoitten-tasalla\\\/\"]}]},{\"@type\":\"ImageObject\",\"inLanguage\":\"fi\",\"@id\":\"http:\\\/\\\/www.rukajarvensuunnanhistoriayhdistys.fi\\\/historiayhdistys\\\/jukolan-motti-kota-kohoa-seinat-jo-ikkunoitten-tasalla\\\/#primaryimage\",\"url\":\"http:\\\/\\\/www.rukajarvensuunnanhistoriayhdistys.fi\\\/historiayhdistys\\\/wp-content\\\/uploads\\\/2014\\\/10\\\/Jukolan-Motti-Ikkunat-paikalleen.jpg\",\"contentUrl\":\"http:\\\/\\\/www.rukajarvensuunnanhistoriayhdistys.fi\\\/historiayhdistys\\\/wp-content\\\/uploads\\\/2014\\\/10\\\/Jukolan-Motti-Ikkunat-paikalleen.jpg\",\"width\":1754,\"height\":1240,\"caption\":\"Pakkanen kohosi aamulla per\u00e4ti -20 C:een. Ty\u00f6t\u00e4 se ei hidastanut, p\u00e4invastoin.\"},{\"@type\":\"BreadcrumbList\",\"@id\":\"http:\\\/\\\/www.rukajarvensuunnanhistoriayhdistys.fi\\\/historiayhdistys\\\/jukolan-motti-kota-kohoa-seinat-jo-ikkunoitten-tasalla\\\/#breadcrumb\",\"itemListElement\":[{\"@type\":\"ListItem\",\"position\":1,\"name\":\"Etusivu\",\"item\":\"http:\\\/\\\/www.rukajarvensuunnanhistoriayhdistys.fi\\\/historiayhdistys\\\/\"},{\"@type\":\"ListItem\",\"position\":2,\"name\":\"Jukolan Motti &#8211; kota kohoa &#8211; sein\u00e4t jo ikkunoitten tasalla\"}]},{\"@type\":\"WebSite\",\"@id\":\"http:\\\/\\\/www.rukajarvensuunnanhistoriayhdistys.fi\\\/historiayhdistys\\\/#website\",\"url\":\"http:\\\/\\\/www.rukajarvensuunnanhistoriayhdistys.fi\\\/historiayhdistys\\\/\",\"name\":\"Rukaj\u00e4rven suunnan historiayhdistys\",\"description\":\"Rukaj\u00e4rven suunnan historiayhdistyksen verkkosivut.\",\"publisher\":{\"@id\":\"http:\\\/\\\/www.rukajarvensuunnanhistoriayhdistys.fi\\\/historiayhdistys\\\/#organization\"},\"potentialAction\":[{\"@type\":\"SearchAction\",\"target\":{\"@type\":\"EntryPoint\",\"urlTemplate\":\"http:\\\/\\\/www.rukajarvensuunnanhistoriayhdistys.fi\\\/historiayhdistys\\\/?s={search_term_string}\"},\"query-input\":{\"@type\":\"PropertyValueSpecification\",\"valueRequired\":true,\"valueName\":\"search_term_string\"}}],\"inLanguage\":\"fi\"},{\"@type\":\"Organization\",\"@id\":\"http:\\\/\\\/www.rukajarvensuunnanhistoriayhdistys.fi\\\/historiayhdistys\\\/#organization\",\"name\":\"Rukaj\u00e4rven suunnan historiayhdistys\",\"url\":\"http:\\\/\\\/www.rukajarvensuunnanhistoriayhdistys.fi\\\/historiayhdistys\\\/\",\"logo\":{\"@type\":\"ImageObject\",\"inLanguage\":\"fi\",\"@id\":\"http:\\\/\\\/www.rukajarvensuunnanhistoriayhdistys.fi\\\/historiayhdistys\\\/#\\\/schema\\\/logo\\\/image\\\/\",\"url\":\"http:\\\/\\\/www.rukajarvensuunnanhistoriayhdistys.fi\\\/historiayhdistys\\\/wp-content\\\/uploads\\\/2013\\\/12\\\/Otsake_3.jpg\",\"contentUrl\":\"http:\\\/\\\/www.rukajarvensuunnanhistoriayhdistys.fi\\\/historiayhdistys\\\/wp-content\\\/uploads\\\/2013\\\/12\\\/Otsake_3.jpg\",\"width\":1000,\"height\":442,\"caption\":\"Rukaj\u00e4rven suunnan historiayhdistys\"},\"image\":{\"@id\":\"http:\\\/\\\/www.rukajarvensuunnanhistoriayhdistys.fi\\\/historiayhdistys\\\/#\\\/schema\\\/logo\\\/image\\\/\"}},{\"@type\":\"Person\",\"@id\":\"http:\\\/\\\/www.rukajarvensuunnanhistoriayhdistys.fi\\\/historiayhdistys\\\/#\\\/schema\\\/person\\\/19de7db68bf72dfd2b5d7f6dfbf8454d\",\"name\":\"RSHY\",\"image\":{\"@type\":\"ImageObject\",\"inLanguage\":\"fi\",\"@id\":\"https:\\\/\\\/secure.gravatar.com\\\/avatar\\\/598d59263a69cc8de65fcb4f9db78d6f58c098cb0e0ba22d73377441af9fa04c?s=96&d=blank&r=g\",\"url\":\"https:\\\/\\\/secure.gravatar.com\\\/avatar\\\/598d59263a69cc8de65fcb4f9db78d6f58c098cb0e0ba22d73377441af9fa04c?s=96&d=blank&r=g\",\"contentUrl\":\"https:\\\/\\\/secure.gravatar.com\\\/avatar\\\/598d59263a69cc8de65fcb4f9db78d6f58c098cb0e0ba22d73377441af9fa04c?s=96&d=blank&r=g\",\"caption\":\"RSHY\"},\"url\":\"http:\\\/\\\/www.rukajarvensuunnanhistoriayhdistys.fi\\\/historiayhdistys\\\/author\\\/rshy\\\/\"}]}<\/script>\n<!-- \/ Yoast SEO plugin. -->","yoast_head_json":{"title":"Jukolan Motti - kota kohoa - sein\u00e4t jo ikkunoitten tasalla - Rukaj\u00e4rven suunnan historiayhdistys","robots":{"index":"index","follow":"follow","max-snippet":"max-snippet:-1","max-image-preview":"max-image-preview:large","max-video-preview":"max-video-preview:-1"},"canonical":"http:\/\/www.rukajarvensuunnanhistoriayhdistys.fi\/historiayhdistys\/jukolan-motti-kota-kohoa-seinat-jo-ikkunoitten-tasalla\/","og_locale":"fi_FI","og_type":"article","og_title":"Jukolan Motti - kota kohoa - sein\u00e4t jo ikkunoitten tasalla - Rukaj\u00e4rven suunnan historiayhdistys","og_description":"T\u00e4n\u00e4\u00e4n paukkui pakkanen aamulla -20 C, varpaat joutuivat kovimmalle, mutta se ei ole ty\u00f6nteon esteen\u00e4, p\u00e4invastoin &#8211; liikett\u00e4 syntyi. Iisalmen ja Sonkaj\u00e4rven Eero V\u00e4\u00e4n\u00e4nen ja Martti M\u00e4h\u00f6nen sek\u00e4 Lieksasta\u00a0Jongunjoen kyl\u00e4seuran\u00a0varapuheenjohtaja\u00a0 Teksti jatkuu...Jukolan Motti &#8211; kota kohoa &#8211; sein\u00e4t jo ikkunoitten tasalla\u2192","og_url":"http:\/\/www.rukajarvensuunnanhistoriayhdistys.fi\/historiayhdistys\/jukolan-motti-kota-kohoa-seinat-jo-ikkunoitten-tasalla\/","og_site_name":"Rukaj\u00e4rven suunnan historiayhdistys","article_published_time":"2014-10-23T10:50:59+00:00","article_modified_time":"2014-10-24T20:14:06+00:00","og_image":[{"width":1754,"height":1240,"url":"http:\/\/www.rukajarvensuunnanhistoriayhdistys.fi\/historiayhdistys\/wp-content\/uploads\/2014\/10\/Jukolan-Motti-Ikkunat-paikalleen.jpg","type":"image\/jpeg"}],"author":"RSHY","twitter_misc":{"Kirjoittanut":"RSHY","Arvioitu lukuaika":"1 minuutti"},"schema":{"@context":"https:\/\/schema.org","@graph":[{"@type":"Article","@id":"http:\/\/www.rukajarvensuunnanhistoriayhdistys.fi\/historiayhdistys\/jukolan-motti-kota-kohoa-seinat-jo-ikkunoitten-tasalla\/#article","isPartOf":{"@id":"http:\/\/www.rukajarvensuunnanhistoriayhdistys.fi\/historiayhdistys\/jukolan-motti-kota-kohoa-seinat-jo-ikkunoitten-tasalla\/"},"author":{"name":"RSHY","@id":"http:\/\/www.rukajarvensuunnanhistoriayhdistys.fi\/historiayhdistys\/#\/schema\/person\/19de7db68bf72dfd2b5d7f6dfbf8454d"},"headline":"Jukolan Motti &#8211; kota kohoa &#8211; sein\u00e4t jo ikkunoitten tasalla","datePublished":"2014-10-23T10:50:59+00:00","dateModified":"2014-10-24T20:14:06+00:00","mainEntityOfPage":{"@id":"http:\/\/www.rukajarvensuunnanhistoriayhdistys.fi\/historiayhdistys\/jukolan-motti-kota-kohoa-seinat-jo-ikkunoitten-tasalla\/"},"wordCount":214,"publisher":{"@id":"http:\/\/www.rukajarvensuunnanhistoriayhdistys.fi\/historiayhdistys\/#organization"},"image":{"@id":"http:\/\/www.rukajarvensuunnanhistoriayhdistys.fi\/historiayhdistys\/jukolan-motti-kota-kohoa-seinat-jo-ikkunoitten-tasalla\/#primaryimage"},"thumbnailUrl":"http:\/\/www.rukajarvensuunnanhistoriayhdistys.fi\/historiayhdistys\/wp-content\/uploads\/2014\/10\/Jukolan-Motti-Ikkunat-paikalleen.jpg","articleSection":["Ajankohtaista"],"inLanguage":"fi"},{"@type":"WebPage","@id":"http:\/\/www.rukajarvensuunnanhistoriayhdistys.fi\/historiayhdistys\/jukolan-motti-kota-kohoa-seinat-jo-ikkunoitten-tasalla\/","url":"http:\/\/www.rukajarvensuunnanhistoriayhdistys.fi\/historiayhdistys\/jukolan-motti-kota-kohoa-seinat-jo-ikkunoitten-tasalla\/","name":"Jukolan Motti - kota kohoa - sein\u00e4t jo ikkunoitten tasalla - Rukaj\u00e4rven suunnan historiayhdistys","isPartOf":{"@id":"http:\/\/www.rukajarvensuunnanhistoriayhdistys.fi\/historiayhdistys\/#website"},"primaryImageOfPage":{"@id":"http:\/\/www.rukajarvensuunnanhistoriayhdistys.fi\/historiayhdistys\/jukolan-motti-kota-kohoa-seinat-jo-ikkunoitten-tasalla\/#primaryimage"},"image":{"@id":"http:\/\/www.rukajarvensuunnanhistoriayhdistys.fi\/historiayhdistys\/jukolan-motti-kota-kohoa-seinat-jo-ikkunoitten-tasalla\/#primaryimage"},"thumbnailUrl":"http:\/\/www.rukajarvensuunnanhistoriayhdistys.fi\/historiayhdistys\/wp-content\/uploads\/2014\/10\/Jukolan-Motti-Ikkunat-paikalleen.jpg","datePublished":"2014-10-23T10:50:59+00:00","dateModified":"2014-10-24T20:14:06+00:00","breadcrumb":{"@id":"http:\/\/www.rukajarvensuunnanhistoriayhdistys.fi\/historiayhdistys\/jukolan-motti-kota-kohoa-seinat-jo-ikkunoitten-tasalla\/#breadcrumb"},"inLanguage":"fi","potentialAction":[{"@type":"ReadAction","target":["http:\/\/www.rukajarvensuunnanhistoriayhdistys.fi\/historiayhdistys\/jukolan-motti-kota-kohoa-seinat-jo-ikkunoitten-tasalla\/"]}]},{"@type":"ImageObject","inLanguage":"fi","@id":"http:\/\/www.rukajarvensuunnanhistoriayhdistys.fi\/historiayhdistys\/jukolan-motti-kota-kohoa-seinat-jo-ikkunoitten-tasalla\/#primaryimage","url":"http:\/\/www.rukajarvensuunnanhistoriayhdistys.fi\/historiayhdistys\/wp-content\/uploads\/2014\/10\/Jukolan-Motti-Ikkunat-paikalleen.jpg","contentUrl":"http:\/\/www.rukajarvensuunnanhistoriayhdistys.fi\/historiayhdistys\/wp-content\/uploads\/2014\/10\/Jukolan-Motti-Ikkunat-paikalleen.jpg","width":1754,"height":1240,"caption":"Pakkanen kohosi aamulla per\u00e4ti -20 C:een. Ty\u00f6t\u00e4 se ei hidastanut, p\u00e4invastoin."},{"@type":"BreadcrumbList","@id":"http:\/\/www.rukajarvensuunnanhistoriayhdistys.fi\/historiayhdistys\/jukolan-motti-kota-kohoa-seinat-jo-ikkunoitten-tasalla\/#breadcrumb","itemListElement":[{"@type":"ListItem","position":1,"name":"Etusivu","item":"http:\/\/www.rukajarvensuunnanhistoriayhdistys.fi\/historiayhdistys\/"},{"@type":"ListItem","position":2,"name":"Jukolan Motti &#8211; kota kohoa &#8211; sein\u00e4t jo ikkunoitten tasalla"}]},{"@type":"WebSite","@id":"http:\/\/www.rukajarvensuunnanhistoriayhdistys.fi\/historiayhdistys\/#website","url":"http:\/\/www.rukajarvensuunnanhistoriayhdistys.fi\/historiayhdistys\/","name":"Rukaj\u00e4rven suunnan historiayhdistys","description":"Rukaj\u00e4rven suunnan historiayhdistyksen verkkosivut.","publisher":{"@id":"http:\/\/www.rukajarvensuunnanhistoriayhdistys.fi\/historiayhdistys\/#organization"},"potentialAction":[{"@type":"SearchAction","target":{"@type":"EntryPoint","urlTemplate":"http:\/\/www.rukajarvensuunnanhistoriayhdistys.fi\/historiayhdistys\/?s={search_term_string}"},"query-input":{"@type":"PropertyValueSpecification","valueRequired":true,"valueName":"search_term_string"}}],"inLanguage":"fi"},{"@type":"Organization","@id":"http:\/\/www.rukajarvensuunnanhistoriayhdistys.fi\/historiayhdistys\/#organization","name":"Rukaj\u00e4rven suunnan historiayhdistys","url":"http:\/\/www.rukajarvensuunnanhistoriayhdistys.fi\/historiayhdistys\/","logo":{"@type":"ImageObject","inLanguage":"fi","@id":"http:\/\/www.rukajarvensuunnanhistoriayhdistys.fi\/historiayhdistys\/#\/schema\/logo\/image\/","url":"http:\/\/www.rukajarvensuunnanhistoriayhdistys.fi\/historiayhdistys\/wp-content\/uploads\/2013\/12\/Otsake_3.jpg","contentUrl":"http:\/\/www.rukajarvensuunnanhistoriayhdistys.fi\/historiayhdistys\/wp-content\/uploads\/2013\/12\/Otsake_3.jpg","width":1000,"height":442,"caption":"Rukaj\u00e4rven suunnan historiayhdistys"},"image":{"@id":"http:\/\/www.rukajarvensuunnanhistoriayhdistys.fi\/historiayhdistys\/#\/schema\/logo\/image\/"}},{"@type":"Person","@id":"http:\/\/www.rukajarvensuunnanhistoriayhdistys.fi\/historiayhdistys\/#\/schema\/person\/19de7db68bf72dfd2b5d7f6dfbf8454d","name":"RSHY","image":{"@type":"ImageObject","inLanguage":"fi","@id":"https:\/\/secure.gravatar.com\/avatar\/598d59263a69cc8de65fcb4f9db78d6f58c098cb0e0ba22d73377441af9fa04c?s=96&d=blank&r=g","url":"https:\/\/secure.gravatar.com\/avatar\/598d59263a69cc8de65fcb4f9db78d6f58c098cb0e0ba22d73377441af9fa04c?s=96&d=blank&r=g","contentUrl":"https:\/\/secure.gravatar.com\/avatar\/598d59263a69cc8de65fcb4f9db78d6f58c098cb0e0ba22d73377441af9fa04c?s=96&d=blank&r=g","caption":"RSHY"},"url":"http:\/\/www.rukajarvensuunnanhistoriayhdistys.fi\/historiayhdistys\/author\/rshy\/"}]}},"_links":{"self":[{"href":"http:\/\/www.rukajarvensuunnanhistoriayhdistys.fi\/historiayhdistys\/wp-json\/wp\/v2\/posts\/9332","targetHints":{"allow":["GET"]}}],"collection":[{"href":"http:\/\/www.rukajarvensuunnanhistoriayhdistys.fi\/historiayhdistys\/wp-json\/wp\/v2\/posts"}],"about":[{"href":"http:\/\/www.rukajarvensuunnanhistoriayhdistys.fi\/historiayhdistys\/wp-json\/wp\/v2\/types\/post"}],"author":[{"embeddable":true,"href":"http:\/\/www.rukajarvensuunnanhistoriayhdistys.fi\/historiayhdistys\/wp-json\/wp\/v2\/users\/3"}],"replies":[{"embeddable":true,"href":"http:\/\/www.rukajarvensuunnanhistoriayhdistys.fi\/historiayhdistys\/wp-json\/wp\/v2\/comments?post=9332"}],"version-history":[{"count":5,"href":"http:\/\/www.rukajarvensuunnanhistoriayhdistys.fi\/historiayhdistys\/wp-json\/wp\/v2\/posts\/9332\/revisions"}],"predecessor-version":[{"id":9368,"href":"http:\/\/www.rukajarvensuunnanhistoriayhdistys.fi\/historiayhdistys\/wp-json\/wp\/v2\/posts\/9332\/revisions\/9368"}],"wp:featuredmedia":[{"embeddable":true,"href":"http:\/\/www.rukajarvensuunnanhistoriayhdistys.fi\/historiayhdistys\/wp-json\/wp\/v2\/media\/9333"}],"wp:attachment":[{"href":"http:\/\/www.rukajarvensuunnanhistoriayhdistys.fi\/historiayhdistys\/wp-json\/wp\/v2\/media?parent=9332"}],"wp:term":[{"taxonomy":"category","embeddable":true,"href":"http:\/\/www.rukajarvensuunnanhistoriayhdistys.fi\/historiayhdistys\/wp-json\/wp\/v2\/categories?post=9332"},{"taxonomy":"post_tag","embeddable":true,"href":"http:\/\/www.rukajarvensuunnanhistoriayhdistys.fi\/historiayhdistys\/wp-json\/wp\/v2\/tags?post=9332"}],"curies":[{"name":"wp","href":"https:\/\/api.w.org\/{rel}","templated":true}]}}