{"id":9345,"date":"2014-10-24T07:29:35","date_gmt":"2014-10-24T04:29:35","guid":{"rendered":"http:\/\/www.rukajarvensuunnanhistoriayhdistys.fi\/historiayhdistys\/?p=9345"},"modified":"2014-10-24T19:58:36","modified_gmt":"2014-10-24T16:58:36","slug":"jukolan-motissa-tanaan-valmistaudutaan-viikonloppuun","status":"publish","type":"post","link":"http:\/\/www.rukajarvensuunnanhistoriayhdistys.fi\/historiayhdistys\/jukolan-motissa-tanaan-valmistaudutaan-viikonloppuun\/","title":{"rendered":"Jukolan Motissa t\u00e4n\u00e4\u00e4n valmistaudutaan viikonloppuun"},"content":{"rendered":"<div class=\"fcbkbttn_buttons_block\" id=\"fcbkbttn_left\"><div class=\"fcbkbttn_like \"><fb:like href=\"http:\/\/www.rukajarvensuunnanhistoriayhdistys.fi\/historiayhdistys\/jukolan-motissa-tanaan-valmistaudutaan-viikonloppuun\/\" action=\"like\" colorscheme=\"light\" layout=\"button_count\"  size=\"small\"><\/fb:like><\/div><\/div><p>Pakkass\u00e4\u00e4 ennustuksista huolimatta jatkuu, nyt juuri\u00a0 &#8211; 11,9 C.\u00a0T\u00e4n\u00e4\u00e4n jatkuu\u00a0seinien viimeistely ja kattotuolien asentamisen valmistelu. Hiekkaa tulee\u00a0ymp\u00e4rist\u00f6n tasaamiseen.<\/p>\n<figure id=\"attachment_9342\" aria-describedby=\"caption-attachment-9342\" style=\"width: 1754px\" class=\"wp-caption alignnone\"><a href=\"http:\/\/www.rukajarvensuunnanhistoriayhdistys.fi\/historiayhdistys\/wp-content\/uploads\/2014\/10\/Rukaj\u00e4rven-tie-Nurmij\u00e4rvelle-tultaessa.jpg\"><img loading=\"lazy\" decoding=\"async\" class=\"wp-image-9342 size-full\" src=\"http:\/\/www.rukajarvensuunnanhistoriayhdistys.fi\/historiayhdistys\/wp-content\/uploads\/2014\/10\/Rukaj\u00e4rven-tie-Nurmij\u00e4rvelle-tultaessa.jpg\" alt=\"Rukaj\u00e4rven tie Nurmij\u00e4rvelle saavuttaessa\" width=\"1754\" height=\"1240\" data-id=\"9342\" srcset=\"http:\/\/www.rukajarvensuunnanhistoriayhdistys.fi\/historiayhdistys\/wp-content\/uploads\/2014\/10\/Rukaj\u00e4rven-tie-Nurmij\u00e4rvelle-tultaessa.jpg 1754w, http:\/\/www.rukajarvensuunnanhistoriayhdistys.fi\/historiayhdistys\/wp-content\/uploads\/2014\/10\/Rukaj\u00e4rven-tie-Nurmij\u00e4rvelle-tultaessa-300x212.jpg 300w, http:\/\/www.rukajarvensuunnanhistoriayhdistys.fi\/historiayhdistys\/wp-content\/uploads\/2014\/10\/Rukaj\u00e4rven-tie-Nurmij\u00e4rvelle-tultaessa-1024x723.jpg 1024w\" sizes=\"auto, (max-width: 1754px) 100vw, 1754px\" \/><\/a><figcaption id=\"caption-attachment-9342\" class=\"wp-caption-text\">Rukaj\u00e4rven tie Nurmij\u00e4rvelle saavuttaessa<\/figcaption><\/figure>\n<figure id=\"attachment_9337\" aria-describedby=\"caption-attachment-9337\" style=\"width: 1754px\" class=\"wp-caption alignnone\"><a href=\"http:\/\/www.rukajarvensuunnanhistoriayhdistys.fi\/historiayhdistys\/wp-content\/uploads\/2014\/10\/Rukaj\u00e4rven-tie-Nurmij\u00e4rvelle-tultaessa-2.jpg\"><img loading=\"lazy\" decoding=\"async\" class=\"wp-image-9337 size-full\" src=\"http:\/\/www.rukajarvensuunnanhistoriayhdistys.fi\/historiayhdistys\/wp-content\/uploads\/2014\/10\/Rukaj\u00e4rven-tie-Nurmij\u00e4rvelle-tultaessa-2.jpg\" alt=\"Rukaj\u00e4rven tie kulkee kauniissa maisemassa.\" width=\"1754\" height=\"1240\" data-id=\"9337\" srcset=\"http:\/\/www.rukajarvensuunnanhistoriayhdistys.fi\/historiayhdistys\/wp-content\/uploads\/2014\/10\/Rukaj\u00e4rven-tie-Nurmij\u00e4rvelle-tultaessa-2.jpg 1754w, http:\/\/www.rukajarvensuunnanhistoriayhdistys.fi\/historiayhdistys\/wp-content\/uploads\/2014\/10\/Rukaj\u00e4rven-tie-Nurmij\u00e4rvelle-tultaessa-2-300x212.jpg 300w, http:\/\/www.rukajarvensuunnanhistoriayhdistys.fi\/historiayhdistys\/wp-content\/uploads\/2014\/10\/Rukaj\u00e4rven-tie-Nurmij\u00e4rvelle-tultaessa-2-1024x723.jpg 1024w\" sizes=\"auto, (max-width: 1754px) 100vw, 1754px\" \/><\/a><figcaption id=\"caption-attachment-9337\" class=\"wp-caption-text\">Rukaj\u00e4rven tie kulkee kauniissa maisemassa.<\/figcaption><\/figure>\n<p>Ty\u00f6 etenee siis suunnitelmien mukaisesti. Helpottunut olo alkuvaikeuksien j\u00e4lkeen\u00a0aivan kuten 70 vuotta sitten, jolloin miehet olivat aamup\u00e4iv\u00e4n kentt\u00e4vartiot\u00f6iss\u00e4, nyt tien pohjois-puolella, iltap\u00e4iv\u00e4ll\u00e4 sauna ja klo 15 kunniamerkkien jakotilaisuus, jossa mukana 19 komppanian miest\u00e4 (9.JR 10), joille kaikille VM 2. Nyt 70 vuotta my\u00f6hemmin luovutettiin yhdistyksen standaari vastaavalle ty\u00f6njohtajalle Nurmij\u00e4rven koululla pidetyss\u00e4 tilaisuudessa.<\/p>\n<figure id=\"attachment_9341\" aria-describedby=\"caption-attachment-9341\" style=\"width: 1754px\" class=\"wp-caption alignnone\"><a href=\"http:\/\/www.rukajarvensuunnanhistoriayhdistys.fi\/historiayhdistys\/wp-content\/uploads\/2014\/10\/Matti-Kilpel\u00e4inen-ja-Rukaj\u00e4rven-standaari.jpg\"><img loading=\"lazy\" decoding=\"async\" class=\"wp-image-9341 size-full\" src=\"http:\/\/www.rukajarvensuunnanhistoriayhdistys.fi\/historiayhdistys\/wp-content\/uploads\/2014\/10\/Matti-Kilpel\u00e4inen-ja-Rukaj\u00e4rven-standaari.jpg\" alt=\"Vastaava ty\u00f6njohtaja Matti Kilpel\u00e4inen ja Rukaj\u00e4rven suunnan historiayhdistyksen standaari. Tilaisuutta juhlistettiin perinteen mukaisesti Marskin ryypyll\u00e4.  Jukolan Motissa miehet k\u00e4viv\u00e4t saunassa 70 vuotta sitten, jonka j\u00e4lkeen oli kanttiinilla oli kunniamerkkien jakotilaisuus.\" width=\"1754\" height=\"1240\" data-id=\"9341\" srcset=\"http:\/\/www.rukajarvensuunnanhistoriayhdistys.fi\/historiayhdistys\/wp-content\/uploads\/2014\/10\/Matti-Kilpel\u00e4inen-ja-Rukaj\u00e4rven-standaari.jpg 1754w, http:\/\/www.rukajarvensuunnanhistoriayhdistys.fi\/historiayhdistys\/wp-content\/uploads\/2014\/10\/Matti-Kilpel\u00e4inen-ja-Rukaj\u00e4rven-standaari-300x212.jpg 300w, http:\/\/www.rukajarvensuunnanhistoriayhdistys.fi\/historiayhdistys\/wp-content\/uploads\/2014\/10\/Matti-Kilpel\u00e4inen-ja-Rukaj\u00e4rven-standaari-1024x723.jpg 1024w\" sizes=\"auto, (max-width: 1754px) 100vw, 1754px\" \/><\/a><figcaption id=\"caption-attachment-9341\" class=\"wp-caption-text\">Vastaava ty\u00f6njohtaja Matti Kilpel\u00e4inen ja Rukaj\u00e4rven suunnan historiayhdistyksen standaari. Tilaisuutta juhlistettiin perinteen mukaisesti Marskin ryypyll\u00e4. Jukolan Motissa miehet k\u00e4viv\u00e4t saunassa 70 vuotta sitten, jonka j\u00e4lkeen oli kanttiinilla kunniamerkkien jakotilaisuus. Nyt tilaisuus pidettiin Nurmij\u00e4rven entisen koulun luokkasalissa.<\/figcaption><\/figure>\n<p>Jakotilaisuus j\u00e4rjestettiin torstai-iltana, koska vastaava ty\u00f6njohtaja l\u00e4hteen viikonlopunviettoon.<\/p>\n<figure id=\"attachment_9348\" aria-describedby=\"caption-attachment-9348\" style=\"width: 1754px\" class=\"wp-caption alignnone\"><a href=\"http:\/\/www.rukajarvensuunnanhistoriayhdistys.fi\/historiayhdistys\/wp-content\/uploads\/2014\/10\/Jukolan-Motti-talkoo-24-10-2014-7.jpg\"><img loading=\"lazy\" decoding=\"async\" class=\"wp-image-9348 size-full\" src=\"http:\/\/www.rukajarvensuunnanhistoriayhdistys.fi\/historiayhdistys\/wp-content\/uploads\/2014\/10\/Jukolan-Motti-talkoo-24-10-2014-7.jpg\" alt=\"Talkoomiehet kahvitauolla, Mauri M\u00f6nkk\u00f6nen,  vastaava ty\u00f6njohtaja Matti Kilpel\u00e4inen, Nurmes-Seuran puheenjohtaja Risto Piiroinen, Jongunjoen kyl\u00e4seuran puheenjohtaja Heikki Turunen, Erkki K\u00e4rkk\u00e4inen, Esa Aro ja RSHY:n hallituksen j\u00e4sen Aila Aro. \" width=\"1754\" height=\"1240\" data-id=\"9348\" srcset=\"http:\/\/www.rukajarvensuunnanhistoriayhdistys.fi\/historiayhdistys\/wp-content\/uploads\/2014\/10\/Jukolan-Motti-talkoo-24-10-2014-7.jpg 1754w, http:\/\/www.rukajarvensuunnanhistoriayhdistys.fi\/historiayhdistys\/wp-content\/uploads\/2014\/10\/Jukolan-Motti-talkoo-24-10-2014-7-300x212.jpg 300w, http:\/\/www.rukajarvensuunnanhistoriayhdistys.fi\/historiayhdistys\/wp-content\/uploads\/2014\/10\/Jukolan-Motti-talkoo-24-10-2014-7-1024x723.jpg 1024w\" sizes=\"auto, (max-width: 1754px) 100vw, 1754px\" \/><\/a><figcaption id=\"caption-attachment-9348\" class=\"wp-caption-text\">Talkoomiehet kahvitauolla, Mauri M\u00f6nkk\u00f6nen, vastaava ty\u00f6njohtaja Matti Kilpel\u00e4inen, Nurmes-Seuran puheenjohtaja Risto Piiroinen, Jongunjoen kyl\u00e4seuran puheenjohtaja Heikki Turunen, Erkki K\u00e4rkk\u00e4inen, Esa Elo ja RSHY:n hallituksen j\u00e4sen Aila Elo.<\/figcaption><\/figure>\n<figure id=\"attachment_9353\" aria-describedby=\"caption-attachment-9353\" style=\"width: 1754px\" class=\"wp-caption alignnone\"><a href=\"http:\/\/www.rukajarvensuunnanhistoriayhdistys.fi\/historiayhdistys\/wp-content\/uploads\/2014\/10\/Jukolan-Motti-talkoo-24-10-2014-5.jpg\"><img loading=\"lazy\" decoding=\"async\" class=\"wp-image-9353 size-full\" src=\"http:\/\/www.rukajarvensuunnanhistoriayhdistys.fi\/historiayhdistys\/wp-content\/uploads\/2014\/10\/Jukolan-Motti-talkoo-24-10-2014-5.jpg\" alt=\"Risto Piiroinen, Heikki Turunen, Esa ja Aila Aro kahvitauolla.\" width=\"1754\" height=\"1240\" data-id=\"9353\" srcset=\"http:\/\/www.rukajarvensuunnanhistoriayhdistys.fi\/historiayhdistys\/wp-content\/uploads\/2014\/10\/Jukolan-Motti-talkoo-24-10-2014-5.jpg 1754w, http:\/\/www.rukajarvensuunnanhistoriayhdistys.fi\/historiayhdistys\/wp-content\/uploads\/2014\/10\/Jukolan-Motti-talkoo-24-10-2014-5-300x212.jpg 300w, http:\/\/www.rukajarvensuunnanhistoriayhdistys.fi\/historiayhdistys\/wp-content\/uploads\/2014\/10\/Jukolan-Motti-talkoo-24-10-2014-5-1024x723.jpg 1024w\" sizes=\"auto, (max-width: 1754px) 100vw, 1754px\" \/><\/a><figcaption id=\"caption-attachment-9353\" class=\"wp-caption-text\">Risto Piiroinen, Heikki Turunen, Esa ja Aila Elo kahvitauolla. T\u00e4n\u00e4\u00e4n oli tuulensuoja rakennusty\u00f6maalla tarpeen.<\/figcaption><\/figure>\n<figure id=\"attachment_9354\" aria-describedby=\"caption-attachment-9354\" style=\"width: 1754px\" class=\"wp-caption alignnone\"><a href=\"http:\/\/www.rukajarvensuunnanhistoriayhdistys.fi\/historiayhdistys\/wp-content\/uploads\/2014\/10\/Jukolan-Motti-talkoo-24-10-2014-6.jpg\"><img loading=\"lazy\" decoding=\"async\" class=\"wp-image-9354 size-full\" src=\"http:\/\/www.rukajarvensuunnanhistoriayhdistys.fi\/historiayhdistys\/wp-content\/uploads\/2014\/10\/Jukolan-Motti-talkoo-24-10-2014-6.jpg\" alt=\"Mauri M\u00f6nkk\u00f6nen ja Risto Piiroinen makkaranpaistopuuhissa talkooty\u00f6n v\u00e4liss\u00e4.\" width=\"1754\" height=\"1240\" data-id=\"9354\" srcset=\"http:\/\/www.rukajarvensuunnanhistoriayhdistys.fi\/historiayhdistys\/wp-content\/uploads\/2014\/10\/Jukolan-Motti-talkoo-24-10-2014-6.jpg 1754w, http:\/\/www.rukajarvensuunnanhistoriayhdistys.fi\/historiayhdistys\/wp-content\/uploads\/2014\/10\/Jukolan-Motti-talkoo-24-10-2014-6-300x212.jpg 300w, http:\/\/www.rukajarvensuunnanhistoriayhdistys.fi\/historiayhdistys\/wp-content\/uploads\/2014\/10\/Jukolan-Motti-talkoo-24-10-2014-6-1024x723.jpg 1024w\" sizes=\"auto, (max-width: 1754px) 100vw, 1754px\" \/><\/a><figcaption id=\"caption-attachment-9354\" class=\"wp-caption-text\">Mauri M\u00f6nkk\u00f6nen ja Risto Piiroinen makkaranpaistopuuhissa talkooty\u00f6n v\u00e4liss\u00e4.<\/figcaption><\/figure>\n<figure id=\"attachment_9352\" aria-describedby=\"caption-attachment-9352\" style=\"width: 1754px\" class=\"wp-caption alignnone\"><a href=\"http:\/\/www.rukajarvensuunnanhistoriayhdistys.fi\/historiayhdistys\/wp-content\/uploads\/2014\/10\/Jukolan-Motti-talkoo-24-10-2014-4.jpg\"><img loading=\"lazy\" decoding=\"async\" class=\"wp-image-9352 size-full\" src=\"http:\/\/www.rukajarvensuunnanhistoriayhdistys.fi\/historiayhdistys\/wp-content\/uploads\/2014\/10\/Jukolan-Motti-talkoo-24-10-2014-4.jpg\" alt=\"Matti Kilpel\u00e4inen siivoa kodan sisustaa kun sein\u00e4t oli asennettu.\" width=\"1754\" height=\"1240\" data-id=\"9352\" srcset=\"http:\/\/www.rukajarvensuunnanhistoriayhdistys.fi\/historiayhdistys\/wp-content\/uploads\/2014\/10\/Jukolan-Motti-talkoo-24-10-2014-4.jpg 1754w, http:\/\/www.rukajarvensuunnanhistoriayhdistys.fi\/historiayhdistys\/wp-content\/uploads\/2014\/10\/Jukolan-Motti-talkoo-24-10-2014-4-300x212.jpg 300w, http:\/\/www.rukajarvensuunnanhistoriayhdistys.fi\/historiayhdistys\/wp-content\/uploads\/2014\/10\/Jukolan-Motti-talkoo-24-10-2014-4-1024x723.jpg 1024w\" sizes=\"auto, (max-width: 1754px) 100vw, 1754px\" \/><\/a><figcaption id=\"caption-attachment-9352\" class=\"wp-caption-text\">Matti Kilpel\u00e4inen siivoa kodan sisustaa kun sein\u00e4t oli asennettu, seuraavaksi kattotuolit.<\/figcaption><\/figure>\n<figure id=\"attachment_9350\" aria-describedby=\"caption-attachment-9350\" style=\"width: 1754px\" class=\"wp-caption alignnone\"><a href=\"http:\/\/www.rukajarvensuunnanhistoriayhdistys.fi\/historiayhdistys\/wp-content\/uploads\/2014\/10\/Jukolan-Motti-talkoo-24-10-2014-2.jpg\"><img loading=\"lazy\" decoding=\"async\" class=\"wp-image-9350 size-full\" src=\"http:\/\/www.rukajarvensuunnanhistoriayhdistys.fi\/historiayhdistys\/wp-content\/uploads\/2014\/10\/Jukolan-Motti-talkoo-24-10-2014-2.jpg\" alt=\"Kuvassa kodan pihat\u00f6iss\u00e4 Aila Aro, Maija Riikonen, P\u00e4ivi Putkonen ja Esa Aro.\" width=\"1754\" height=\"1240\" data-id=\"9350\" srcset=\"http:\/\/www.rukajarvensuunnanhistoriayhdistys.fi\/historiayhdistys\/wp-content\/uploads\/2014\/10\/Jukolan-Motti-talkoo-24-10-2014-2.jpg 1754w, http:\/\/www.rukajarvensuunnanhistoriayhdistys.fi\/historiayhdistys\/wp-content\/uploads\/2014\/10\/Jukolan-Motti-talkoo-24-10-2014-2-300x212.jpg 300w, http:\/\/www.rukajarvensuunnanhistoriayhdistys.fi\/historiayhdistys\/wp-content\/uploads\/2014\/10\/Jukolan-Motti-talkoo-24-10-2014-2-1024x723.jpg 1024w\" sizes=\"auto, (max-width: 1754px) 100vw, 1754px\" \/><\/a><figcaption id=\"caption-attachment-9350\" class=\"wp-caption-text\">Kuvassa kodan pihat\u00f6iss\u00e4 Aila Elo, Maija Riikonen, P\u00e4ivi Putkonen ja Esa Elo.<\/figcaption><\/figure>\n<figure id=\"attachment_9350\" aria-describedby=\"caption-attachment-9350\" style=\"width: 1754px\" class=\"wp-caption alignnone\"><a href=\"http:\/\/www.rukajarvensuunnanhistoriayhdistys.fi\/historiayhdistys\/wp-content\/uploads\/2014\/10\/Jukolan-Motti-talkoo-24-10-2014-2.jpg\"><img loading=\"lazy\" decoding=\"async\" class=\"wp-image-9350 size-full\" src=\"http:\/\/www.rukajarvensuunnanhistoriayhdistys.fi\/historiayhdistys\/wp-content\/uploads\/2014\/10\/Jukolan-Motti-talkoo-24-10-2014-2.jpg\" alt=\"Kuvassa kodan pihat\u00f6iss\u00e4 Aila Aro, Maija Riikonen, P\u00e4ivi Putkonen ja Esa Aro.\" width=\"1754\" height=\"1240\" data-id=\"9350\" srcset=\"http:\/\/www.rukajarvensuunnanhistoriayhdistys.fi\/historiayhdistys\/wp-content\/uploads\/2014\/10\/Jukolan-Motti-talkoo-24-10-2014-2.jpg 1754w, http:\/\/www.rukajarvensuunnanhistoriayhdistys.fi\/historiayhdistys\/wp-content\/uploads\/2014\/10\/Jukolan-Motti-talkoo-24-10-2014-2-300x212.jpg 300w, http:\/\/www.rukajarvensuunnanhistoriayhdistys.fi\/historiayhdistys\/wp-content\/uploads\/2014\/10\/Jukolan-Motti-talkoo-24-10-2014-2-1024x723.jpg 1024w\" sizes=\"auto, (max-width: 1754px) 100vw, 1754px\" \/><\/a><figcaption id=\"caption-attachment-9350\" class=\"wp-caption-text\">Kuvassa kodan pihat\u00f6iss\u00e4 Aila Elo, Maija Riikonen, P\u00e4ivi Putkonen ja Esa Elo<\/figcaption><\/figure>\n<figure id=\"attachment_9349\" aria-describedby=\"caption-attachment-9349\" style=\"width: 1754px\" class=\"wp-caption alignnone\"><a href=\"http:\/\/www.rukajarvensuunnanhistoriayhdistys.fi\/historiayhdistys\/wp-content\/uploads\/2014\/10\/Jukolan-Motti-talkoo-24-10-2014.jpg\"><img loading=\"lazy\" decoding=\"async\" class=\"wp-image-9349 size-full\" src=\"http:\/\/www.rukajarvensuunnanhistoriayhdistys.fi\/historiayhdistys\/wp-content\/uploads\/2014\/10\/Jukolan-Motti-talkoo-24-10-2014.jpg\" alt=\"Maija Riikonen, Esa ja Aila Elo, Ilkka Tiainen, Juha Riikonen ja P\u00e4ivi Putkonen.\" width=\"1754\" height=\"1240\" data-id=\"9349\" srcset=\"http:\/\/www.rukajarvensuunnanhistoriayhdistys.fi\/historiayhdistys\/wp-content\/uploads\/2014\/10\/Jukolan-Motti-talkoo-24-10-2014.jpg 1754w, http:\/\/www.rukajarvensuunnanhistoriayhdistys.fi\/historiayhdistys\/wp-content\/uploads\/2014\/10\/Jukolan-Motti-talkoo-24-10-2014-300x212.jpg 300w, http:\/\/www.rukajarvensuunnanhistoriayhdistys.fi\/historiayhdistys\/wp-content\/uploads\/2014\/10\/Jukolan-Motti-talkoo-24-10-2014-1024x723.jpg 1024w\" sizes=\"auto, (max-width: 1754px) 100vw, 1754px\" \/><\/a><figcaption id=\"caption-attachment-9349\" class=\"wp-caption-text\">Maija Riikonen, Esa ja Aila Elo, Ilkka Tiainen, Juha Riikonen ja P\u00e4ivi Putkonen.<\/figcaption><\/figure>\n<p>&nbsp;<\/p>\n","protected":false},"excerpt":{"rendered":"<p>Pakkass\u00e4\u00e4 ennustuksista huolimatta jatkuu, nyt juuri\u00a0 &#8211; 11,9 C.\u00a0T\u00e4n\u00e4\u00e4n jatkuu\u00a0seinien viimeistely ja kattotuolien asentamisen valmistelu. Hiekkaa tulee\u00a0ymp\u00e4rist\u00f6n tasaamiseen. Ty\u00f6 etenee siis suunnitelmien mukaisesti. Helpottunut olo alkuvaikeuksien j\u00e4lkeen\u00a0aivan kuten 70 vuotta <a class=\"more-link\" href=\"http:\/\/www.rukajarvensuunnanhistoriayhdistys.fi\/historiayhdistys\/jukolan-motissa-tanaan-valmistaudutaan-viikonloppuun\/\">Teksti jatkuu&#8230;<span class=\"screen-reader-text\">Jukolan Motissa t\u00e4n\u00e4\u00e4n valmistaudutaan viikonloppuun<\/span><span class=\"meta-nav\">\u2192<\/span><\/a><\/p>\n","protected":false},"author":3,"featured_media":9341,"comment_status":"closed","ping_status":"open","sticky":false,"template":"","format":"standard","meta":{"footnotes":""},"categories":[22],"tags":[],"class_list":["post-9345","post","type-post","status-publish","format-standard","has-post-thumbnail","hentry","category-ajankohtaista"],"yoast_head":"<!-- This site is optimized with the Yoast SEO plugin v27.4 - https:\/\/yoast.com\/product\/yoast-seo-wordpress\/ -->\n<title>Jukolan Motissa t\u00e4n\u00e4\u00e4n valmistaudutaan viikonloppuun - Rukaj\u00e4rven suunnan historiayhdistys<\/title>\n<meta name=\"robots\" content=\"index, follow, max-snippet:-1, max-image-preview:large, max-video-preview:-1\" \/>\n<link rel=\"canonical\" href=\"http:\/\/www.rukajarvensuunnanhistoriayhdistys.fi\/historiayhdistys\/jukolan-motissa-tanaan-valmistaudutaan-viikonloppuun\/\" \/>\n<meta property=\"og:locale\" content=\"fi_FI\" \/>\n<meta property=\"og:type\" content=\"article\" \/>\n<meta property=\"og:title\" content=\"Jukolan Motissa t\u00e4n\u00e4\u00e4n valmistaudutaan viikonloppuun - Rukaj\u00e4rven suunnan historiayhdistys\" \/>\n<meta property=\"og:description\" content=\"Pakkass\u00e4\u00e4 ennustuksista huolimatta jatkuu, nyt juuri\u00a0 &#8211; 11,9 C.\u00a0T\u00e4n\u00e4\u00e4n jatkuu\u00a0seinien viimeistely ja kattotuolien asentamisen valmistelu. Hiekkaa tulee\u00a0ymp\u00e4rist\u00f6n tasaamiseen. Ty\u00f6 etenee siis suunnitelmien mukaisesti. Helpottunut olo alkuvaikeuksien j\u00e4lkeen\u00a0aivan kuten 70 vuotta Teksti jatkuu...Jukolan Motissa t\u00e4n\u00e4\u00e4n valmistaudutaan viikonloppuun\u2192\" \/>\n<meta property=\"og:url\" content=\"http:\/\/www.rukajarvensuunnanhistoriayhdistys.fi\/historiayhdistys\/jukolan-motissa-tanaan-valmistaudutaan-viikonloppuun\/\" \/>\n<meta property=\"og:site_name\" content=\"Rukaj\u00e4rven suunnan historiayhdistys\" \/>\n<meta property=\"article:published_time\" content=\"2014-10-24T04:29:35+00:00\" \/>\n<meta property=\"article:modified_time\" content=\"2014-10-24T16:58:36+00:00\" \/>\n<meta property=\"og:image\" content=\"http:\/\/www.rukajarvensuunnanhistoriayhdistys.fi\/historiayhdistys\/wp-content\/uploads\/2014\/10\/Matti-Kilpel\u00e4inen-ja-Rukaj\u00e4rven-standaari.jpg\" \/>\n\t<meta property=\"og:image:width\" content=\"1754\" \/>\n\t<meta property=\"og:image:height\" content=\"1240\" \/>\n\t<meta property=\"og:image:type\" content=\"image\/jpeg\" \/>\n<meta name=\"author\" content=\"RSHY\" \/>\n<meta name=\"twitter:label1\" content=\"Kirjoittanut\" \/>\n\t<meta name=\"twitter:data1\" content=\"RSHY\" \/>\n\t<meta name=\"twitter:label2\" content=\"Arvioitu lukuaika\" \/>\n\t<meta name=\"twitter:data2\" content=\"2 minuuttia\" \/>\n<script type=\"application\/ld+json\" class=\"yoast-schema-graph\">{\"@context\":\"https:\\\/\\\/schema.org\",\"@graph\":[{\"@type\":\"Article\",\"@id\":\"http:\\\/\\\/www.rukajarvensuunnanhistoriayhdistys.fi\\\/historiayhdistys\\\/jukolan-motissa-tanaan-valmistaudutaan-viikonloppuun\\\/#article\",\"isPartOf\":{\"@id\":\"http:\\\/\\\/www.rukajarvensuunnanhistoriayhdistys.fi\\\/historiayhdistys\\\/jukolan-motissa-tanaan-valmistaudutaan-viikonloppuun\\\/\"},\"author\":{\"name\":\"RSHY\",\"@id\":\"http:\\\/\\\/www.rukajarvensuunnanhistoriayhdistys.fi\\\/historiayhdistys\\\/#\\\/schema\\\/person\\\/19de7db68bf72dfd2b5d7f6dfbf8454d\"},\"headline\":\"Jukolan Motissa t\u00e4n\u00e4\u00e4n valmistaudutaan viikonloppuun\",\"datePublished\":\"2014-10-24T04:29:35+00:00\",\"dateModified\":\"2014-10-24T16:58:36+00:00\",\"mainEntityOfPage\":{\"@id\":\"http:\\\/\\\/www.rukajarvensuunnanhistoriayhdistys.fi\\\/historiayhdistys\\\/jukolan-motissa-tanaan-valmistaudutaan-viikonloppuun\\\/\"},\"wordCount\":344,\"publisher\":{\"@id\":\"http:\\\/\\\/www.rukajarvensuunnanhistoriayhdistys.fi\\\/historiayhdistys\\\/#organization\"},\"image\":{\"@id\":\"http:\\\/\\\/www.rukajarvensuunnanhistoriayhdistys.fi\\\/historiayhdistys\\\/jukolan-motissa-tanaan-valmistaudutaan-viikonloppuun\\\/#primaryimage\"},\"thumbnailUrl\":\"http:\\\/\\\/www.rukajarvensuunnanhistoriayhdistys.fi\\\/historiayhdistys\\\/wp-content\\\/uploads\\\/2014\\\/10\\\/Matti-Kilpel\u00e4inen-ja-Rukaj\u00e4rven-standaari.jpg\",\"articleSection\":[\"Ajankohtaista\"],\"inLanguage\":\"fi\"},{\"@type\":\"WebPage\",\"@id\":\"http:\\\/\\\/www.rukajarvensuunnanhistoriayhdistys.fi\\\/historiayhdistys\\\/jukolan-motissa-tanaan-valmistaudutaan-viikonloppuun\\\/\",\"url\":\"http:\\\/\\\/www.rukajarvensuunnanhistoriayhdistys.fi\\\/historiayhdistys\\\/jukolan-motissa-tanaan-valmistaudutaan-viikonloppuun\\\/\",\"name\":\"Jukolan Motissa t\u00e4n\u00e4\u00e4n valmistaudutaan viikonloppuun - Rukaj\u00e4rven suunnan historiayhdistys\",\"isPartOf\":{\"@id\":\"http:\\\/\\\/www.rukajarvensuunnanhistoriayhdistys.fi\\\/historiayhdistys\\\/#website\"},\"primaryImageOfPage\":{\"@id\":\"http:\\\/\\\/www.rukajarvensuunnanhistoriayhdistys.fi\\\/historiayhdistys\\\/jukolan-motissa-tanaan-valmistaudutaan-viikonloppuun\\\/#primaryimage\"},\"image\":{\"@id\":\"http:\\\/\\\/www.rukajarvensuunnanhistoriayhdistys.fi\\\/historiayhdistys\\\/jukolan-motissa-tanaan-valmistaudutaan-viikonloppuun\\\/#primaryimage\"},\"thumbnailUrl\":\"http:\\\/\\\/www.rukajarvensuunnanhistoriayhdistys.fi\\\/historiayhdistys\\\/wp-content\\\/uploads\\\/2014\\\/10\\\/Matti-Kilpel\u00e4inen-ja-Rukaj\u00e4rven-standaari.jpg\",\"datePublished\":\"2014-10-24T04:29:35+00:00\",\"dateModified\":\"2014-10-24T16:58:36+00:00\",\"breadcrumb\":{\"@id\":\"http:\\\/\\\/www.rukajarvensuunnanhistoriayhdistys.fi\\\/historiayhdistys\\\/jukolan-motissa-tanaan-valmistaudutaan-viikonloppuun\\\/#breadcrumb\"},\"inLanguage\":\"fi\",\"potentialAction\":[{\"@type\":\"ReadAction\",\"target\":[\"http:\\\/\\\/www.rukajarvensuunnanhistoriayhdistys.fi\\\/historiayhdistys\\\/jukolan-motissa-tanaan-valmistaudutaan-viikonloppuun\\\/\"]}]},{\"@type\":\"ImageObject\",\"inLanguage\":\"fi\",\"@id\":\"http:\\\/\\\/www.rukajarvensuunnanhistoriayhdistys.fi\\\/historiayhdistys\\\/jukolan-motissa-tanaan-valmistaudutaan-viikonloppuun\\\/#primaryimage\",\"url\":\"http:\\\/\\\/www.rukajarvensuunnanhistoriayhdistys.fi\\\/historiayhdistys\\\/wp-content\\\/uploads\\\/2014\\\/10\\\/Matti-Kilpel\u00e4inen-ja-Rukaj\u00e4rven-standaari.jpg\",\"contentUrl\":\"http:\\\/\\\/www.rukajarvensuunnanhistoriayhdistys.fi\\\/historiayhdistys\\\/wp-content\\\/uploads\\\/2014\\\/10\\\/Matti-Kilpel\u00e4inen-ja-Rukaj\u00e4rven-standaari.jpg\",\"width\":1754,\"height\":1240,\"caption\":\"Vastaava ty\u00f6njohtaja Matti Kilpel\u00e4inen ja Rukaj\u00e4rven suunnan historiayhdistyksen standaari. Tilaisuutta juhlistettiin perinteen mukaisesti Marskin ryypyll\u00e4. Jukolan Motissa miehet k\u00e4viv\u00e4t saunassa 70 vuotta sitten, jonka j\u00e4lkeen oli kanttiinilla oli kunniamerkkien jakotilaisuus.\"},{\"@type\":\"BreadcrumbList\",\"@id\":\"http:\\\/\\\/www.rukajarvensuunnanhistoriayhdistys.fi\\\/historiayhdistys\\\/jukolan-motissa-tanaan-valmistaudutaan-viikonloppuun\\\/#breadcrumb\",\"itemListElement\":[{\"@type\":\"ListItem\",\"position\":1,\"name\":\"Etusivu\",\"item\":\"http:\\\/\\\/www.rukajarvensuunnanhistoriayhdistys.fi\\\/historiayhdistys\\\/\"},{\"@type\":\"ListItem\",\"position\":2,\"name\":\"Jukolan Motissa t\u00e4n\u00e4\u00e4n valmistaudutaan viikonloppuun\"}]},{\"@type\":\"WebSite\",\"@id\":\"http:\\\/\\\/www.rukajarvensuunnanhistoriayhdistys.fi\\\/historiayhdistys\\\/#website\",\"url\":\"http:\\\/\\\/www.rukajarvensuunnanhistoriayhdistys.fi\\\/historiayhdistys\\\/\",\"name\":\"Rukaj\u00e4rven suunnan historiayhdistys\",\"description\":\"Rukaj\u00e4rven suunnan historiayhdistyksen verkkosivut.\",\"publisher\":{\"@id\":\"http:\\\/\\\/www.rukajarvensuunnanhistoriayhdistys.fi\\\/historiayhdistys\\\/#organization\"},\"potentialAction\":[{\"@type\":\"SearchAction\",\"target\":{\"@type\":\"EntryPoint\",\"urlTemplate\":\"http:\\\/\\\/www.rukajarvensuunnanhistoriayhdistys.fi\\\/historiayhdistys\\\/?s={search_term_string}\"},\"query-input\":{\"@type\":\"PropertyValueSpecification\",\"valueRequired\":true,\"valueName\":\"search_term_string\"}}],\"inLanguage\":\"fi\"},{\"@type\":\"Organization\",\"@id\":\"http:\\\/\\\/www.rukajarvensuunnanhistoriayhdistys.fi\\\/historiayhdistys\\\/#organization\",\"name\":\"Rukaj\u00e4rven suunnan historiayhdistys\",\"url\":\"http:\\\/\\\/www.rukajarvensuunnanhistoriayhdistys.fi\\\/historiayhdistys\\\/\",\"logo\":{\"@type\":\"ImageObject\",\"inLanguage\":\"fi\",\"@id\":\"http:\\\/\\\/www.rukajarvensuunnanhistoriayhdistys.fi\\\/historiayhdistys\\\/#\\\/schema\\\/logo\\\/image\\\/\",\"url\":\"http:\\\/\\\/www.rukajarvensuunnanhistoriayhdistys.fi\\\/historiayhdistys\\\/wp-content\\\/uploads\\\/2013\\\/12\\\/Otsake_3.jpg\",\"contentUrl\":\"http:\\\/\\\/www.rukajarvensuunnanhistoriayhdistys.fi\\\/historiayhdistys\\\/wp-content\\\/uploads\\\/2013\\\/12\\\/Otsake_3.jpg\",\"width\":1000,\"height\":442,\"caption\":\"Rukaj\u00e4rven suunnan historiayhdistys\"},\"image\":{\"@id\":\"http:\\\/\\\/www.rukajarvensuunnanhistoriayhdistys.fi\\\/historiayhdistys\\\/#\\\/schema\\\/logo\\\/image\\\/\"}},{\"@type\":\"Person\",\"@id\":\"http:\\\/\\\/www.rukajarvensuunnanhistoriayhdistys.fi\\\/historiayhdistys\\\/#\\\/schema\\\/person\\\/19de7db68bf72dfd2b5d7f6dfbf8454d\",\"name\":\"RSHY\",\"image\":{\"@type\":\"ImageObject\",\"inLanguage\":\"fi\",\"@id\":\"https:\\\/\\\/secure.gravatar.com\\\/avatar\\\/598d59263a69cc8de65fcb4f9db78d6f58c098cb0e0ba22d73377441af9fa04c?s=96&d=blank&r=g\",\"url\":\"https:\\\/\\\/secure.gravatar.com\\\/avatar\\\/598d59263a69cc8de65fcb4f9db78d6f58c098cb0e0ba22d73377441af9fa04c?s=96&d=blank&r=g\",\"contentUrl\":\"https:\\\/\\\/secure.gravatar.com\\\/avatar\\\/598d59263a69cc8de65fcb4f9db78d6f58c098cb0e0ba22d73377441af9fa04c?s=96&d=blank&r=g\",\"caption\":\"RSHY\"},\"url\":\"http:\\\/\\\/www.rukajarvensuunnanhistoriayhdistys.fi\\\/historiayhdistys\\\/author\\\/rshy\\\/\"}]}<\/script>\n<!-- \/ Yoast SEO plugin. -->","yoast_head_json":{"title":"Jukolan Motissa t\u00e4n\u00e4\u00e4n valmistaudutaan viikonloppuun - Rukaj\u00e4rven suunnan historiayhdistys","robots":{"index":"index","follow":"follow","max-snippet":"max-snippet:-1","max-image-preview":"max-image-preview:large","max-video-preview":"max-video-preview:-1"},"canonical":"http:\/\/www.rukajarvensuunnanhistoriayhdistys.fi\/historiayhdistys\/jukolan-motissa-tanaan-valmistaudutaan-viikonloppuun\/","og_locale":"fi_FI","og_type":"article","og_title":"Jukolan Motissa t\u00e4n\u00e4\u00e4n valmistaudutaan viikonloppuun - Rukaj\u00e4rven suunnan historiayhdistys","og_description":"Pakkass\u00e4\u00e4 ennustuksista huolimatta jatkuu, nyt juuri\u00a0 &#8211; 11,9 C.\u00a0T\u00e4n\u00e4\u00e4n jatkuu\u00a0seinien viimeistely ja kattotuolien asentamisen valmistelu. Hiekkaa tulee\u00a0ymp\u00e4rist\u00f6n tasaamiseen. Ty\u00f6 etenee siis suunnitelmien mukaisesti. Helpottunut olo alkuvaikeuksien j\u00e4lkeen\u00a0aivan kuten 70 vuotta Teksti jatkuu...Jukolan Motissa t\u00e4n\u00e4\u00e4n valmistaudutaan viikonloppuun\u2192","og_url":"http:\/\/www.rukajarvensuunnanhistoriayhdistys.fi\/historiayhdistys\/jukolan-motissa-tanaan-valmistaudutaan-viikonloppuun\/","og_site_name":"Rukaj\u00e4rven suunnan historiayhdistys","article_published_time":"2014-10-24T04:29:35+00:00","article_modified_time":"2014-10-24T16:58:36+00:00","og_image":[{"width":1754,"height":1240,"url":"http:\/\/www.rukajarvensuunnanhistoriayhdistys.fi\/historiayhdistys\/wp-content\/uploads\/2014\/10\/Matti-Kilpel\u00e4inen-ja-Rukaj\u00e4rven-standaari.jpg","type":"image\/jpeg"}],"author":"RSHY","twitter_misc":{"Kirjoittanut":"RSHY","Arvioitu lukuaika":"2 minuuttia"},"schema":{"@context":"https:\/\/schema.org","@graph":[{"@type":"Article","@id":"http:\/\/www.rukajarvensuunnanhistoriayhdistys.fi\/historiayhdistys\/jukolan-motissa-tanaan-valmistaudutaan-viikonloppuun\/#article","isPartOf":{"@id":"http:\/\/www.rukajarvensuunnanhistoriayhdistys.fi\/historiayhdistys\/jukolan-motissa-tanaan-valmistaudutaan-viikonloppuun\/"},"author":{"name":"RSHY","@id":"http:\/\/www.rukajarvensuunnanhistoriayhdistys.fi\/historiayhdistys\/#\/schema\/person\/19de7db68bf72dfd2b5d7f6dfbf8454d"},"headline":"Jukolan Motissa t\u00e4n\u00e4\u00e4n valmistaudutaan viikonloppuun","datePublished":"2014-10-24T04:29:35+00:00","dateModified":"2014-10-24T16:58:36+00:00","mainEntityOfPage":{"@id":"http:\/\/www.rukajarvensuunnanhistoriayhdistys.fi\/historiayhdistys\/jukolan-motissa-tanaan-valmistaudutaan-viikonloppuun\/"},"wordCount":344,"publisher":{"@id":"http:\/\/www.rukajarvensuunnanhistoriayhdistys.fi\/historiayhdistys\/#organization"},"image":{"@id":"http:\/\/www.rukajarvensuunnanhistoriayhdistys.fi\/historiayhdistys\/jukolan-motissa-tanaan-valmistaudutaan-viikonloppuun\/#primaryimage"},"thumbnailUrl":"http:\/\/www.rukajarvensuunnanhistoriayhdistys.fi\/historiayhdistys\/wp-content\/uploads\/2014\/10\/Matti-Kilpel\u00e4inen-ja-Rukaj\u00e4rven-standaari.jpg","articleSection":["Ajankohtaista"],"inLanguage":"fi"},{"@type":"WebPage","@id":"http:\/\/www.rukajarvensuunnanhistoriayhdistys.fi\/historiayhdistys\/jukolan-motissa-tanaan-valmistaudutaan-viikonloppuun\/","url":"http:\/\/www.rukajarvensuunnanhistoriayhdistys.fi\/historiayhdistys\/jukolan-motissa-tanaan-valmistaudutaan-viikonloppuun\/","name":"Jukolan Motissa t\u00e4n\u00e4\u00e4n valmistaudutaan viikonloppuun - Rukaj\u00e4rven suunnan historiayhdistys","isPartOf":{"@id":"http:\/\/www.rukajarvensuunnanhistoriayhdistys.fi\/historiayhdistys\/#website"},"primaryImageOfPage":{"@id":"http:\/\/www.rukajarvensuunnanhistoriayhdistys.fi\/historiayhdistys\/jukolan-motissa-tanaan-valmistaudutaan-viikonloppuun\/#primaryimage"},"image":{"@id":"http:\/\/www.rukajarvensuunnanhistoriayhdistys.fi\/historiayhdistys\/jukolan-motissa-tanaan-valmistaudutaan-viikonloppuun\/#primaryimage"},"thumbnailUrl":"http:\/\/www.rukajarvensuunnanhistoriayhdistys.fi\/historiayhdistys\/wp-content\/uploads\/2014\/10\/Matti-Kilpel\u00e4inen-ja-Rukaj\u00e4rven-standaari.jpg","datePublished":"2014-10-24T04:29:35+00:00","dateModified":"2014-10-24T16:58:36+00:00","breadcrumb":{"@id":"http:\/\/www.rukajarvensuunnanhistoriayhdistys.fi\/historiayhdistys\/jukolan-motissa-tanaan-valmistaudutaan-viikonloppuun\/#breadcrumb"},"inLanguage":"fi","potentialAction":[{"@type":"ReadAction","target":["http:\/\/www.rukajarvensuunnanhistoriayhdistys.fi\/historiayhdistys\/jukolan-motissa-tanaan-valmistaudutaan-viikonloppuun\/"]}]},{"@type":"ImageObject","inLanguage":"fi","@id":"http:\/\/www.rukajarvensuunnanhistoriayhdistys.fi\/historiayhdistys\/jukolan-motissa-tanaan-valmistaudutaan-viikonloppuun\/#primaryimage","url":"http:\/\/www.rukajarvensuunnanhistoriayhdistys.fi\/historiayhdistys\/wp-content\/uploads\/2014\/10\/Matti-Kilpel\u00e4inen-ja-Rukaj\u00e4rven-standaari.jpg","contentUrl":"http:\/\/www.rukajarvensuunnanhistoriayhdistys.fi\/historiayhdistys\/wp-content\/uploads\/2014\/10\/Matti-Kilpel\u00e4inen-ja-Rukaj\u00e4rven-standaari.jpg","width":1754,"height":1240,"caption":"Vastaava ty\u00f6njohtaja Matti Kilpel\u00e4inen ja Rukaj\u00e4rven suunnan historiayhdistyksen standaari. Tilaisuutta juhlistettiin perinteen mukaisesti Marskin ryypyll\u00e4. Jukolan Motissa miehet k\u00e4viv\u00e4t saunassa 70 vuotta sitten, jonka j\u00e4lkeen oli kanttiinilla oli kunniamerkkien jakotilaisuus."},{"@type":"BreadcrumbList","@id":"http:\/\/www.rukajarvensuunnanhistoriayhdistys.fi\/historiayhdistys\/jukolan-motissa-tanaan-valmistaudutaan-viikonloppuun\/#breadcrumb","itemListElement":[{"@type":"ListItem","position":1,"name":"Etusivu","item":"http:\/\/www.rukajarvensuunnanhistoriayhdistys.fi\/historiayhdistys\/"},{"@type":"ListItem","position":2,"name":"Jukolan Motissa t\u00e4n\u00e4\u00e4n valmistaudutaan viikonloppuun"}]},{"@type":"WebSite","@id":"http:\/\/www.rukajarvensuunnanhistoriayhdistys.fi\/historiayhdistys\/#website","url":"http:\/\/www.rukajarvensuunnanhistoriayhdistys.fi\/historiayhdistys\/","name":"Rukaj\u00e4rven suunnan historiayhdistys","description":"Rukaj\u00e4rven suunnan historiayhdistyksen verkkosivut.","publisher":{"@id":"http:\/\/www.rukajarvensuunnanhistoriayhdistys.fi\/historiayhdistys\/#organization"},"potentialAction":[{"@type":"SearchAction","target":{"@type":"EntryPoint","urlTemplate":"http:\/\/www.rukajarvensuunnanhistoriayhdistys.fi\/historiayhdistys\/?s={search_term_string}"},"query-input":{"@type":"PropertyValueSpecification","valueRequired":true,"valueName":"search_term_string"}}],"inLanguage":"fi"},{"@type":"Organization","@id":"http:\/\/www.rukajarvensuunnanhistoriayhdistys.fi\/historiayhdistys\/#organization","name":"Rukaj\u00e4rven suunnan historiayhdistys","url":"http:\/\/www.rukajarvensuunnanhistoriayhdistys.fi\/historiayhdistys\/","logo":{"@type":"ImageObject","inLanguage":"fi","@id":"http:\/\/www.rukajarvensuunnanhistoriayhdistys.fi\/historiayhdistys\/#\/schema\/logo\/image\/","url":"http:\/\/www.rukajarvensuunnanhistoriayhdistys.fi\/historiayhdistys\/wp-content\/uploads\/2013\/12\/Otsake_3.jpg","contentUrl":"http:\/\/www.rukajarvensuunnanhistoriayhdistys.fi\/historiayhdistys\/wp-content\/uploads\/2013\/12\/Otsake_3.jpg","width":1000,"height":442,"caption":"Rukaj\u00e4rven suunnan historiayhdistys"},"image":{"@id":"http:\/\/www.rukajarvensuunnanhistoriayhdistys.fi\/historiayhdistys\/#\/schema\/logo\/image\/"}},{"@type":"Person","@id":"http:\/\/www.rukajarvensuunnanhistoriayhdistys.fi\/historiayhdistys\/#\/schema\/person\/19de7db68bf72dfd2b5d7f6dfbf8454d","name":"RSHY","image":{"@type":"ImageObject","inLanguage":"fi","@id":"https:\/\/secure.gravatar.com\/avatar\/598d59263a69cc8de65fcb4f9db78d6f58c098cb0e0ba22d73377441af9fa04c?s=96&d=blank&r=g","url":"https:\/\/secure.gravatar.com\/avatar\/598d59263a69cc8de65fcb4f9db78d6f58c098cb0e0ba22d73377441af9fa04c?s=96&d=blank&r=g","contentUrl":"https:\/\/secure.gravatar.com\/avatar\/598d59263a69cc8de65fcb4f9db78d6f58c098cb0e0ba22d73377441af9fa04c?s=96&d=blank&r=g","caption":"RSHY"},"url":"http:\/\/www.rukajarvensuunnanhistoriayhdistys.fi\/historiayhdistys\/author\/rshy\/"}]}},"_links":{"self":[{"href":"http:\/\/www.rukajarvensuunnanhistoriayhdistys.fi\/historiayhdistys\/wp-json\/wp\/v2\/posts\/9345","targetHints":{"allow":["GET"]}}],"collection":[{"href":"http:\/\/www.rukajarvensuunnanhistoriayhdistys.fi\/historiayhdistys\/wp-json\/wp\/v2\/posts"}],"about":[{"href":"http:\/\/www.rukajarvensuunnanhistoriayhdistys.fi\/historiayhdistys\/wp-json\/wp\/v2\/types\/post"}],"author":[{"embeddable":true,"href":"http:\/\/www.rukajarvensuunnanhistoriayhdistys.fi\/historiayhdistys\/wp-json\/wp\/v2\/users\/3"}],"replies":[{"embeddable":true,"href":"http:\/\/www.rukajarvensuunnanhistoriayhdistys.fi\/historiayhdistys\/wp-json\/wp\/v2\/comments?post=9345"}],"version-history":[{"count":6,"href":"http:\/\/www.rukajarvensuunnanhistoriayhdistys.fi\/historiayhdistys\/wp-json\/wp\/v2\/posts\/9345\/revisions"}],"predecessor-version":[{"id":9359,"href":"http:\/\/www.rukajarvensuunnanhistoriayhdistys.fi\/historiayhdistys\/wp-json\/wp\/v2\/posts\/9345\/revisions\/9359"}],"wp:featuredmedia":[{"embeddable":true,"href":"http:\/\/www.rukajarvensuunnanhistoriayhdistys.fi\/historiayhdistys\/wp-json\/wp\/v2\/media\/9341"}],"wp:attachment":[{"href":"http:\/\/www.rukajarvensuunnanhistoriayhdistys.fi\/historiayhdistys\/wp-json\/wp\/v2\/media?parent=9345"}],"wp:term":[{"taxonomy":"category","embeddable":true,"href":"http:\/\/www.rukajarvensuunnanhistoriayhdistys.fi\/historiayhdistys\/wp-json\/wp\/v2\/categories?post=9345"},{"taxonomy":"post_tag","embeddable":true,"href":"http:\/\/www.rukajarvensuunnanhistoriayhdistys.fi\/historiayhdistys\/wp-json\/wp\/v2\/tags?post=9345"}],"curies":[{"name":"wp","href":"https:\/\/api.w.org\/{rel}","templated":true}]}}