{"id":9362,"date":"2014-10-24T22:58:44","date_gmt":"2014-10-24T19:58:44","guid":{"rendered":"http:\/\/www.rukajarvensuunnanhistoriayhdistys.fi\/historiayhdistys\/?p=9362"},"modified":"2014-11-02T13:43:02","modified_gmt":"2014-11-02T11:43:02","slug":"onnistunut-talkoopaiva-jukolan-motissa-mukana-nelja-puheenjohtajaa-ja-mestarimuikunpaistaja","status":"publish","type":"post","link":"http:\/\/www.rukajarvensuunnanhistoriayhdistys.fi\/historiayhdistys\/onnistunut-talkoopaiva-jukolan-motissa-mukana-nelja-puheenjohtajaa-ja-mestarimuikunpaistaja\/","title":{"rendered":"Onnistunut talkoop\u00e4iv\u00e4 Jukolan Motissa &#8211; mukana nelj\u00e4 puheenjohtajaa ja mestarimuikunpaistaja"},"content":{"rendered":"<div class=\"fcbkbttn_buttons_block\" id=\"fcbkbttn_left\"><div class=\"fcbkbttn_like \"><fb:like href=\"http:\/\/www.rukajarvensuunnanhistoriayhdistys.fi\/historiayhdistys\/onnistunut-talkoopaiva-jukolan-motissa-mukana-nelja-puheenjohtajaa-ja-mestarimuikunpaistaja\/\" action=\"like\" colorscheme=\"light\" layout=\"button_count\"  size=\"small\"><\/fb:like><\/div><\/div><p>T\u00e4n\u00e4\u00e4n onnistuimme Jukolan Motin ty\u00f6maalla &#8211; mukana 12 henkil\u00f6\u00e4. Talkooty\u00f6h\u00f6n osallistui nelj\u00e4n yhdistyksen puheenjohtajat ja illalla nautimme mestarimuikunpaistajan illalliseksi valmistamasta ateriasta.<\/p>\n<figure id=\"attachment_9353\" aria-describedby=\"caption-attachment-9353\" style=\"width: 1754px\" class=\"wp-caption alignnone\"><a href=\"http:\/\/www.rukajarvensuunnanhistoriayhdistys.fi\/historiayhdistys\/wp-content\/uploads\/2014\/10\/Jukolan-Motti-talkoo-24-10-2014-5.jpg\"><img loading=\"lazy\" decoding=\"async\" class=\"wp-image-9353 size-full\" src=\"http:\/\/www.rukajarvensuunnanhistoriayhdistys.fi\/historiayhdistys\/wp-content\/uploads\/2014\/10\/Jukolan-Motti-talkoo-24-10-2014-5.jpg\" alt=\"Risto Piiroinen, Heikki Turunen, Esa ja Aila Aro kahvitauolla.\" width=\"1754\" height=\"1240\" data-id=\"9353\" srcset=\"http:\/\/www.rukajarvensuunnanhistoriayhdistys.fi\/historiayhdistys\/wp-content\/uploads\/2014\/10\/Jukolan-Motti-talkoo-24-10-2014-5.jpg 1754w, http:\/\/www.rukajarvensuunnanhistoriayhdistys.fi\/historiayhdistys\/wp-content\/uploads\/2014\/10\/Jukolan-Motti-talkoo-24-10-2014-5-300x212.jpg 300w, http:\/\/www.rukajarvensuunnanhistoriayhdistys.fi\/historiayhdistys\/wp-content\/uploads\/2014\/10\/Jukolan-Motti-talkoo-24-10-2014-5-1024x723.jpg 1024w\" sizes=\"auto, (max-width: 1754px) 100vw, 1754px\" \/><\/a><figcaption id=\"caption-attachment-9353\" class=\"wp-caption-text\">Nurmes Seuran puheenjohtaja Risto Piiroinen, Jongunjoen kyl\u00e4seuraan puheenjohtaja Heikki Turunen, Esa ja Aila Aro kahvitauolla. T\u00e4n\u00e4\u00e4n talkoop\u00e4iv\u00e4\u00e4n osallistui per\u00e4ti nelj\u00e4n seuran puheenjohtajat ja kaupunginvaltuutettu.<\/figcaption><\/figure>\n<p>Is\u00e4ni jo 98 vuotias Rukaj\u00e4rven veteraani muistelee rintamalla nauttimistaan aterioista. Kolmesta erityisesti. Ensin tuli Ontaj\u00e4rvell\u00e4 vuonna 1942 voissa paistetut muikut, toisena tulevat h\u00e4nelle mieleen Ontaj\u00e4rvell\u00e4 tehty hirvipaisti ja komantena jo sodan p\u00e4\u00e4tytty\u00e4 nautittu ateria Jukolan Motissa. Kolme hyvin eritasoista ateriaa, mutta yht\u00e4 makoisat ja mieleen painuvat. H\u00e4nen yksikk\u00f6ns\u00e4 III\/JR 10 9. komppania, oli sijoitettu sodan j\u00e4lkeiseksi ajaksi juuri Jukolan Mottiin.<\/p>\n<figure id=\"attachment_9364\" aria-describedby=\"caption-attachment-9364\" style=\"width: 1754px\" class=\"wp-caption alignnone\"><a href=\"http:\/\/www.rukajarvensuunnanhistoriayhdistys.fi\/historiayhdistys\/wp-content\/uploads\/2014\/10\/Jukolan-Motti-talkoo-24-10-2014-8-muikunpaisttoa.jpg\"><img loading=\"lazy\" decoding=\"async\" class=\"wp-image-9364 size-full\" src=\"http:\/\/www.rukajarvensuunnanhistoriayhdistys.fi\/historiayhdistys\/wp-content\/uploads\/2014\/10\/Jukolan-Motti-talkoo-24-10-2014-8-muikunpaisttoa.jpg\" alt=\"Esa Elo - mestari ty\u00f6ss\u00e4\u00e4n.\" width=\"1754\" height=\"1240\" data-id=\"9364\" srcset=\"http:\/\/www.rukajarvensuunnanhistoriayhdistys.fi\/historiayhdistys\/wp-content\/uploads\/2014\/10\/Jukolan-Motti-talkoo-24-10-2014-8-muikunpaisttoa.jpg 1754w, http:\/\/www.rukajarvensuunnanhistoriayhdistys.fi\/historiayhdistys\/wp-content\/uploads\/2014\/10\/Jukolan-Motti-talkoo-24-10-2014-8-muikunpaisttoa-300x212.jpg 300w, http:\/\/www.rukajarvensuunnanhistoriayhdistys.fi\/historiayhdistys\/wp-content\/uploads\/2014\/10\/Jukolan-Motti-talkoo-24-10-2014-8-muikunpaisttoa-1024x723.jpg 1024w\" sizes=\"auto, (max-width: 1754px) 100vw, 1754px\" \/><\/a><figcaption id=\"caption-attachment-9364\" class=\"wp-caption-text\">Esa Elo &#8211; mestari ty\u00f6ss\u00e4\u00e4n.<\/figcaption><\/figure>\n<figure id=\"attachment_9363\" aria-describedby=\"caption-attachment-9363\" style=\"width: 1754px\" class=\"wp-caption alignnone\"><a href=\"http:\/\/www.rukajarvensuunnanhistoriayhdistys.fi\/historiayhdistys\/wp-content\/uploads\/2014\/10\/Jukolan-Motti-Esa-Elo-mestarimuikunpaistaja.jpg\"><img loading=\"lazy\" decoding=\"async\" class=\"wp-image-9363 size-full\" src=\"http:\/\/www.rukajarvensuunnanhistoriayhdistys.fi\/historiayhdistys\/wp-content\/uploads\/2014\/10\/Jukolan-Motti-Esa-Elo-mestarimuikunpaistaja.jpg\" alt=\"Esa Elo - muikkuateria on valmis talkoov\u00e4en nautittavaksi.\" width=\"1754\" height=\"1240\" data-id=\"9363\" srcset=\"http:\/\/www.rukajarvensuunnanhistoriayhdistys.fi\/historiayhdistys\/wp-content\/uploads\/2014\/10\/Jukolan-Motti-Esa-Elo-mestarimuikunpaistaja.jpg 1754w, http:\/\/www.rukajarvensuunnanhistoriayhdistys.fi\/historiayhdistys\/wp-content\/uploads\/2014\/10\/Jukolan-Motti-Esa-Elo-mestarimuikunpaistaja-300x212.jpg 300w, http:\/\/www.rukajarvensuunnanhistoriayhdistys.fi\/historiayhdistys\/wp-content\/uploads\/2014\/10\/Jukolan-Motti-Esa-Elo-mestarimuikunpaistaja-1024x723.jpg 1024w\" sizes=\"auto, (max-width: 1754px) 100vw, 1754px\" \/><\/a><figcaption id=\"caption-attachment-9363\" class=\"wp-caption-text\">Esa Elo &#8211; muikkuateria on valmis talkoov\u00e4en nautittavaksi.<\/figcaption><\/figure>\n<p>T\u00e4n\u00e4\u00e4n talkoop\u00e4iv\u00e4n p\u00e4\u00e4tteeksi saimme nauttia todellisen keitti\u00f6mestarin taidonn\u00e4ytteest\u00e4 illalliseksi. Em\u00e4nt\u00e4mme P\u00e4ivi Putkonen oli hankkinut kolme kiloa muikkuja ja antoi paistoteht\u00e4v\u00e4n yhdistyksemme hallituksen j\u00e4senen Aila Elon puolison Esan teht\u00e4v\u00e4ksi. Varmuudella voin sanoa, ett\u00e4 98-vuotias is\u00e4ni olisi sota-aikaisiin ruokailuel\u00e4myksiins\u00e4 liitt\u00e4nyt t\u00e4m\u00e4n iltaisen talkoov\u00e4en muikkuaterian. Esa on mestari. H\u00e4n osaa laittaa muikkupaistoksen, joka ei unohdu. Erityisen s\u00e4v\u00e4yksen ruokap\u00f6yt\u00e4\u00e4n tuo se, ett\u00e4 ateria on nautittu Rukaj\u00e4rven tien maisemissa. Se kannattaa jokaisen kokea omakohtaisesti.<\/p>\n<p>Talkoop\u00e4iv\u00e4\u00e4n osallistuneen vakuutus<\/p>\n<p>Tenho Tikkanen, puheenjohtaja (RSHY)<\/p>\n<p>&nbsp;<\/p>\n","protected":false},"excerpt":{"rendered":"<p>T\u00e4n\u00e4\u00e4n onnistuimme Jukolan Motin ty\u00f6maalla &#8211; mukana 12 henkil\u00f6\u00e4. Talkooty\u00f6h\u00f6n osallistui nelj\u00e4n yhdistyksen puheenjohtajat ja illalla nautimme mestarimuikunpaistajan illalliseksi valmistamasta ateriasta. Is\u00e4ni jo 98 vuotias Rukaj\u00e4rven veteraani muistelee rintamalla nauttimistaan <a class=\"more-link\" href=\"http:\/\/www.rukajarvensuunnanhistoriayhdistys.fi\/historiayhdistys\/onnistunut-talkoopaiva-jukolan-motissa-mukana-nelja-puheenjohtajaa-ja-mestarimuikunpaistaja\/\">Teksti jatkuu&#8230;<span class=\"screen-reader-text\">Onnistunut talkoop\u00e4iv\u00e4 Jukolan Motissa &#8211; mukana nelj\u00e4 puheenjohtajaa ja mestarimuikunpaistaja<\/span><span class=\"meta-nav\">\u2192<\/span><\/a><\/p>\n","protected":false},"author":3,"featured_media":9364,"comment_status":"closed","ping_status":"open","sticky":false,"template":"","format":"standard","meta":{"footnotes":""},"categories":[22],"tags":[],"class_list":["post-9362","post","type-post","status-publish","format-standard","has-post-thumbnail","hentry","category-ajankohtaista"],"yoast_head":"<!-- This site is optimized with the Yoast SEO plugin v27.4 - https:\/\/yoast.com\/product\/yoast-seo-wordpress\/ -->\n<title>Onnistunut talkoop\u00e4iv\u00e4 Jukolan Motissa - mukana nelj\u00e4 puheenjohtajaa ja mestarimuikunpaistaja - Rukaj\u00e4rven suunnan historiayhdistys<\/title>\n<meta name=\"robots\" content=\"index, follow, max-snippet:-1, max-image-preview:large, max-video-preview:-1\" \/>\n<link rel=\"canonical\" href=\"http:\/\/www.rukajarvensuunnanhistoriayhdistys.fi\/historiayhdistys\/onnistunut-talkoopaiva-jukolan-motissa-mukana-nelja-puheenjohtajaa-ja-mestarimuikunpaistaja\/\" \/>\n<meta property=\"og:locale\" content=\"fi_FI\" \/>\n<meta property=\"og:type\" content=\"article\" \/>\n<meta property=\"og:title\" content=\"Onnistunut talkoop\u00e4iv\u00e4 Jukolan Motissa - mukana nelj\u00e4 puheenjohtajaa ja mestarimuikunpaistaja - Rukaj\u00e4rven suunnan historiayhdistys\" \/>\n<meta property=\"og:description\" content=\"T\u00e4n\u00e4\u00e4n onnistuimme Jukolan Motin ty\u00f6maalla &#8211; mukana 12 henkil\u00f6\u00e4. Talkooty\u00f6h\u00f6n osallistui nelj\u00e4n yhdistyksen puheenjohtajat ja illalla nautimme mestarimuikunpaistajan illalliseksi valmistamasta ateriasta. Is\u00e4ni jo 98 vuotias Rukaj\u00e4rven veteraani muistelee rintamalla nauttimistaan Teksti jatkuu...Onnistunut talkoop\u00e4iv\u00e4 Jukolan Motissa &#8211; mukana nelj\u00e4 puheenjohtajaa ja mestarimuikunpaistaja\u2192\" \/>\n<meta property=\"og:url\" content=\"http:\/\/www.rukajarvensuunnanhistoriayhdistys.fi\/historiayhdistys\/onnistunut-talkoopaiva-jukolan-motissa-mukana-nelja-puheenjohtajaa-ja-mestarimuikunpaistaja\/\" \/>\n<meta property=\"og:site_name\" content=\"Rukaj\u00e4rven suunnan historiayhdistys\" \/>\n<meta property=\"article:published_time\" content=\"2014-10-24T19:58:44+00:00\" \/>\n<meta property=\"article:modified_time\" content=\"2014-11-02T11:43:02+00:00\" \/>\n<meta property=\"og:image\" content=\"http:\/\/www.rukajarvensuunnanhistoriayhdistys.fi\/historiayhdistys\/wp-content\/uploads\/2014\/10\/Jukolan-Motti-talkoo-24-10-2014-8-muikunpaisttoa.jpg\" \/>\n\t<meta property=\"og:image:width\" content=\"1754\" \/>\n\t<meta property=\"og:image:height\" content=\"1240\" \/>\n\t<meta property=\"og:image:type\" content=\"image\/jpeg\" \/>\n<meta name=\"author\" content=\"RSHY\" \/>\n<meta name=\"twitter:label1\" content=\"Kirjoittanut\" \/>\n\t<meta name=\"twitter:data1\" content=\"RSHY\" \/>\n\t<meta name=\"twitter:label2\" content=\"Arvioitu lukuaika\" \/>\n\t<meta name=\"twitter:data2\" content=\"1 minuutti\" \/>\n<script type=\"application\/ld+json\" class=\"yoast-schema-graph\">{\"@context\":\"https:\\\/\\\/schema.org\",\"@graph\":[{\"@type\":\"Article\",\"@id\":\"http:\\\/\\\/www.rukajarvensuunnanhistoriayhdistys.fi\\\/historiayhdistys\\\/onnistunut-talkoopaiva-jukolan-motissa-mukana-nelja-puheenjohtajaa-ja-mestarimuikunpaistaja\\\/#article\",\"isPartOf\":{\"@id\":\"http:\\\/\\\/www.rukajarvensuunnanhistoriayhdistys.fi\\\/historiayhdistys\\\/onnistunut-talkoopaiva-jukolan-motissa-mukana-nelja-puheenjohtajaa-ja-mestarimuikunpaistaja\\\/\"},\"author\":{\"name\":\"RSHY\",\"@id\":\"http:\\\/\\\/www.rukajarvensuunnanhistoriayhdistys.fi\\\/historiayhdistys\\\/#\\\/schema\\\/person\\\/19de7db68bf72dfd2b5d7f6dfbf8454d\"},\"headline\":\"Onnistunut talkoop\u00e4iv\u00e4 Jukolan Motissa &#8211; mukana nelj\u00e4 puheenjohtajaa ja mestarimuikunpaistaja\",\"datePublished\":\"2014-10-24T19:58:44+00:00\",\"dateModified\":\"2014-11-02T11:43:02+00:00\",\"mainEntityOfPage\":{\"@id\":\"http:\\\/\\\/www.rukajarvensuunnanhistoriayhdistys.fi\\\/historiayhdistys\\\/onnistunut-talkoopaiva-jukolan-motissa-mukana-nelja-puheenjohtajaa-ja-mestarimuikunpaistaja\\\/\"},\"wordCount\":277,\"publisher\":{\"@id\":\"http:\\\/\\\/www.rukajarvensuunnanhistoriayhdistys.fi\\\/historiayhdistys\\\/#organization\"},\"image\":{\"@id\":\"http:\\\/\\\/www.rukajarvensuunnanhistoriayhdistys.fi\\\/historiayhdistys\\\/onnistunut-talkoopaiva-jukolan-motissa-mukana-nelja-puheenjohtajaa-ja-mestarimuikunpaistaja\\\/#primaryimage\"},\"thumbnailUrl\":\"http:\\\/\\\/www.rukajarvensuunnanhistoriayhdistys.fi\\\/historiayhdistys\\\/wp-content\\\/uploads\\\/2014\\\/10\\\/Jukolan-Motti-talkoo-24-10-2014-8-muikunpaisttoa.jpg\",\"articleSection\":[\"Ajankohtaista\"],\"inLanguage\":\"fi\"},{\"@type\":\"WebPage\",\"@id\":\"http:\\\/\\\/www.rukajarvensuunnanhistoriayhdistys.fi\\\/historiayhdistys\\\/onnistunut-talkoopaiva-jukolan-motissa-mukana-nelja-puheenjohtajaa-ja-mestarimuikunpaistaja\\\/\",\"url\":\"http:\\\/\\\/www.rukajarvensuunnanhistoriayhdistys.fi\\\/historiayhdistys\\\/onnistunut-talkoopaiva-jukolan-motissa-mukana-nelja-puheenjohtajaa-ja-mestarimuikunpaistaja\\\/\",\"name\":\"Onnistunut talkoop\u00e4iv\u00e4 Jukolan Motissa - mukana nelj\u00e4 puheenjohtajaa ja mestarimuikunpaistaja - Rukaj\u00e4rven suunnan historiayhdistys\",\"isPartOf\":{\"@id\":\"http:\\\/\\\/www.rukajarvensuunnanhistoriayhdistys.fi\\\/historiayhdistys\\\/#website\"},\"primaryImageOfPage\":{\"@id\":\"http:\\\/\\\/www.rukajarvensuunnanhistoriayhdistys.fi\\\/historiayhdistys\\\/onnistunut-talkoopaiva-jukolan-motissa-mukana-nelja-puheenjohtajaa-ja-mestarimuikunpaistaja\\\/#primaryimage\"},\"image\":{\"@id\":\"http:\\\/\\\/www.rukajarvensuunnanhistoriayhdistys.fi\\\/historiayhdistys\\\/onnistunut-talkoopaiva-jukolan-motissa-mukana-nelja-puheenjohtajaa-ja-mestarimuikunpaistaja\\\/#primaryimage\"},\"thumbnailUrl\":\"http:\\\/\\\/www.rukajarvensuunnanhistoriayhdistys.fi\\\/historiayhdistys\\\/wp-content\\\/uploads\\\/2014\\\/10\\\/Jukolan-Motti-talkoo-24-10-2014-8-muikunpaisttoa.jpg\",\"datePublished\":\"2014-10-24T19:58:44+00:00\",\"dateModified\":\"2014-11-02T11:43:02+00:00\",\"breadcrumb\":{\"@id\":\"http:\\\/\\\/www.rukajarvensuunnanhistoriayhdistys.fi\\\/historiayhdistys\\\/onnistunut-talkoopaiva-jukolan-motissa-mukana-nelja-puheenjohtajaa-ja-mestarimuikunpaistaja\\\/#breadcrumb\"},\"inLanguage\":\"fi\",\"potentialAction\":[{\"@type\":\"ReadAction\",\"target\":[\"http:\\\/\\\/www.rukajarvensuunnanhistoriayhdistys.fi\\\/historiayhdistys\\\/onnistunut-talkoopaiva-jukolan-motissa-mukana-nelja-puheenjohtajaa-ja-mestarimuikunpaistaja\\\/\"]}]},{\"@type\":\"ImageObject\",\"inLanguage\":\"fi\",\"@id\":\"http:\\\/\\\/www.rukajarvensuunnanhistoriayhdistys.fi\\\/historiayhdistys\\\/onnistunut-talkoopaiva-jukolan-motissa-mukana-nelja-puheenjohtajaa-ja-mestarimuikunpaistaja\\\/#primaryimage\",\"url\":\"http:\\\/\\\/www.rukajarvensuunnanhistoriayhdistys.fi\\\/historiayhdistys\\\/wp-content\\\/uploads\\\/2014\\\/10\\\/Jukolan-Motti-talkoo-24-10-2014-8-muikunpaisttoa.jpg\",\"contentUrl\":\"http:\\\/\\\/www.rukajarvensuunnanhistoriayhdistys.fi\\\/historiayhdistys\\\/wp-content\\\/uploads\\\/2014\\\/10\\\/Jukolan-Motti-talkoo-24-10-2014-8-muikunpaisttoa.jpg\",\"width\":1754,\"height\":1240},{\"@type\":\"BreadcrumbList\",\"@id\":\"http:\\\/\\\/www.rukajarvensuunnanhistoriayhdistys.fi\\\/historiayhdistys\\\/onnistunut-talkoopaiva-jukolan-motissa-mukana-nelja-puheenjohtajaa-ja-mestarimuikunpaistaja\\\/#breadcrumb\",\"itemListElement\":[{\"@type\":\"ListItem\",\"position\":1,\"name\":\"Etusivu\",\"item\":\"http:\\\/\\\/www.rukajarvensuunnanhistoriayhdistys.fi\\\/historiayhdistys\\\/\"},{\"@type\":\"ListItem\",\"position\":2,\"name\":\"Onnistunut talkoop\u00e4iv\u00e4 Jukolan Motissa &#8211; mukana nelj\u00e4 puheenjohtajaa ja mestarimuikunpaistaja\"}]},{\"@type\":\"WebSite\",\"@id\":\"http:\\\/\\\/www.rukajarvensuunnanhistoriayhdistys.fi\\\/historiayhdistys\\\/#website\",\"url\":\"http:\\\/\\\/www.rukajarvensuunnanhistoriayhdistys.fi\\\/historiayhdistys\\\/\",\"name\":\"Rukaj\u00e4rven suunnan historiayhdistys\",\"description\":\"Rukaj\u00e4rven suunnan historiayhdistyksen verkkosivut.\",\"publisher\":{\"@id\":\"http:\\\/\\\/www.rukajarvensuunnanhistoriayhdistys.fi\\\/historiayhdistys\\\/#organization\"},\"potentialAction\":[{\"@type\":\"SearchAction\",\"target\":{\"@type\":\"EntryPoint\",\"urlTemplate\":\"http:\\\/\\\/www.rukajarvensuunnanhistoriayhdistys.fi\\\/historiayhdistys\\\/?s={search_term_string}\"},\"query-input\":{\"@type\":\"PropertyValueSpecification\",\"valueRequired\":true,\"valueName\":\"search_term_string\"}}],\"inLanguage\":\"fi\"},{\"@type\":\"Organization\",\"@id\":\"http:\\\/\\\/www.rukajarvensuunnanhistoriayhdistys.fi\\\/historiayhdistys\\\/#organization\",\"name\":\"Rukaj\u00e4rven suunnan historiayhdistys\",\"url\":\"http:\\\/\\\/www.rukajarvensuunnanhistoriayhdistys.fi\\\/historiayhdistys\\\/\",\"logo\":{\"@type\":\"ImageObject\",\"inLanguage\":\"fi\",\"@id\":\"http:\\\/\\\/www.rukajarvensuunnanhistoriayhdistys.fi\\\/historiayhdistys\\\/#\\\/schema\\\/logo\\\/image\\\/\",\"url\":\"http:\\\/\\\/www.rukajarvensuunnanhistoriayhdistys.fi\\\/historiayhdistys\\\/wp-content\\\/uploads\\\/2013\\\/12\\\/Otsake_3.jpg\",\"contentUrl\":\"http:\\\/\\\/www.rukajarvensuunnanhistoriayhdistys.fi\\\/historiayhdistys\\\/wp-content\\\/uploads\\\/2013\\\/12\\\/Otsake_3.jpg\",\"width\":1000,\"height\":442,\"caption\":\"Rukaj\u00e4rven suunnan historiayhdistys\"},\"image\":{\"@id\":\"http:\\\/\\\/www.rukajarvensuunnanhistoriayhdistys.fi\\\/historiayhdistys\\\/#\\\/schema\\\/logo\\\/image\\\/\"}},{\"@type\":\"Person\",\"@id\":\"http:\\\/\\\/www.rukajarvensuunnanhistoriayhdistys.fi\\\/historiayhdistys\\\/#\\\/schema\\\/person\\\/19de7db68bf72dfd2b5d7f6dfbf8454d\",\"name\":\"RSHY\",\"image\":{\"@type\":\"ImageObject\",\"inLanguage\":\"fi\",\"@id\":\"https:\\\/\\\/secure.gravatar.com\\\/avatar\\\/598d59263a69cc8de65fcb4f9db78d6f58c098cb0e0ba22d73377441af9fa04c?s=96&d=blank&r=g\",\"url\":\"https:\\\/\\\/secure.gravatar.com\\\/avatar\\\/598d59263a69cc8de65fcb4f9db78d6f58c098cb0e0ba22d73377441af9fa04c?s=96&d=blank&r=g\",\"contentUrl\":\"https:\\\/\\\/secure.gravatar.com\\\/avatar\\\/598d59263a69cc8de65fcb4f9db78d6f58c098cb0e0ba22d73377441af9fa04c?s=96&d=blank&r=g\",\"caption\":\"RSHY\"},\"url\":\"http:\\\/\\\/www.rukajarvensuunnanhistoriayhdistys.fi\\\/historiayhdistys\\\/author\\\/rshy\\\/\"}]}<\/script>\n<!-- \/ Yoast SEO plugin. -->","yoast_head_json":{"title":"Onnistunut talkoop\u00e4iv\u00e4 Jukolan Motissa - mukana nelj\u00e4 puheenjohtajaa ja mestarimuikunpaistaja - Rukaj\u00e4rven suunnan historiayhdistys","robots":{"index":"index","follow":"follow","max-snippet":"max-snippet:-1","max-image-preview":"max-image-preview:large","max-video-preview":"max-video-preview:-1"},"canonical":"http:\/\/www.rukajarvensuunnanhistoriayhdistys.fi\/historiayhdistys\/onnistunut-talkoopaiva-jukolan-motissa-mukana-nelja-puheenjohtajaa-ja-mestarimuikunpaistaja\/","og_locale":"fi_FI","og_type":"article","og_title":"Onnistunut talkoop\u00e4iv\u00e4 Jukolan Motissa - mukana nelj\u00e4 puheenjohtajaa ja mestarimuikunpaistaja - Rukaj\u00e4rven suunnan historiayhdistys","og_description":"T\u00e4n\u00e4\u00e4n onnistuimme Jukolan Motin ty\u00f6maalla &#8211; mukana 12 henkil\u00f6\u00e4. Talkooty\u00f6h\u00f6n osallistui nelj\u00e4n yhdistyksen puheenjohtajat ja illalla nautimme mestarimuikunpaistajan illalliseksi valmistamasta ateriasta. Is\u00e4ni jo 98 vuotias Rukaj\u00e4rven veteraani muistelee rintamalla nauttimistaan Teksti jatkuu...Onnistunut talkoop\u00e4iv\u00e4 Jukolan Motissa &#8211; mukana nelj\u00e4 puheenjohtajaa ja mestarimuikunpaistaja\u2192","og_url":"http:\/\/www.rukajarvensuunnanhistoriayhdistys.fi\/historiayhdistys\/onnistunut-talkoopaiva-jukolan-motissa-mukana-nelja-puheenjohtajaa-ja-mestarimuikunpaistaja\/","og_site_name":"Rukaj\u00e4rven suunnan historiayhdistys","article_published_time":"2014-10-24T19:58:44+00:00","article_modified_time":"2014-11-02T11:43:02+00:00","og_image":[{"width":1754,"height":1240,"url":"http:\/\/www.rukajarvensuunnanhistoriayhdistys.fi\/historiayhdistys\/wp-content\/uploads\/2014\/10\/Jukolan-Motti-talkoo-24-10-2014-8-muikunpaisttoa.jpg","type":"image\/jpeg"}],"author":"RSHY","twitter_misc":{"Kirjoittanut":"RSHY","Arvioitu lukuaika":"1 minuutti"},"schema":{"@context":"https:\/\/schema.org","@graph":[{"@type":"Article","@id":"http:\/\/www.rukajarvensuunnanhistoriayhdistys.fi\/historiayhdistys\/onnistunut-talkoopaiva-jukolan-motissa-mukana-nelja-puheenjohtajaa-ja-mestarimuikunpaistaja\/#article","isPartOf":{"@id":"http:\/\/www.rukajarvensuunnanhistoriayhdistys.fi\/historiayhdistys\/onnistunut-talkoopaiva-jukolan-motissa-mukana-nelja-puheenjohtajaa-ja-mestarimuikunpaistaja\/"},"author":{"name":"RSHY","@id":"http:\/\/www.rukajarvensuunnanhistoriayhdistys.fi\/historiayhdistys\/#\/schema\/person\/19de7db68bf72dfd2b5d7f6dfbf8454d"},"headline":"Onnistunut talkoop\u00e4iv\u00e4 Jukolan Motissa &#8211; mukana nelj\u00e4 puheenjohtajaa ja mestarimuikunpaistaja","datePublished":"2014-10-24T19:58:44+00:00","dateModified":"2014-11-02T11:43:02+00:00","mainEntityOfPage":{"@id":"http:\/\/www.rukajarvensuunnanhistoriayhdistys.fi\/historiayhdistys\/onnistunut-talkoopaiva-jukolan-motissa-mukana-nelja-puheenjohtajaa-ja-mestarimuikunpaistaja\/"},"wordCount":277,"publisher":{"@id":"http:\/\/www.rukajarvensuunnanhistoriayhdistys.fi\/historiayhdistys\/#organization"},"image":{"@id":"http:\/\/www.rukajarvensuunnanhistoriayhdistys.fi\/historiayhdistys\/onnistunut-talkoopaiva-jukolan-motissa-mukana-nelja-puheenjohtajaa-ja-mestarimuikunpaistaja\/#primaryimage"},"thumbnailUrl":"http:\/\/www.rukajarvensuunnanhistoriayhdistys.fi\/historiayhdistys\/wp-content\/uploads\/2014\/10\/Jukolan-Motti-talkoo-24-10-2014-8-muikunpaisttoa.jpg","articleSection":["Ajankohtaista"],"inLanguage":"fi"},{"@type":"WebPage","@id":"http:\/\/www.rukajarvensuunnanhistoriayhdistys.fi\/historiayhdistys\/onnistunut-talkoopaiva-jukolan-motissa-mukana-nelja-puheenjohtajaa-ja-mestarimuikunpaistaja\/","url":"http:\/\/www.rukajarvensuunnanhistoriayhdistys.fi\/historiayhdistys\/onnistunut-talkoopaiva-jukolan-motissa-mukana-nelja-puheenjohtajaa-ja-mestarimuikunpaistaja\/","name":"Onnistunut talkoop\u00e4iv\u00e4 Jukolan Motissa - mukana nelj\u00e4 puheenjohtajaa ja mestarimuikunpaistaja - Rukaj\u00e4rven suunnan historiayhdistys","isPartOf":{"@id":"http:\/\/www.rukajarvensuunnanhistoriayhdistys.fi\/historiayhdistys\/#website"},"primaryImageOfPage":{"@id":"http:\/\/www.rukajarvensuunnanhistoriayhdistys.fi\/historiayhdistys\/onnistunut-talkoopaiva-jukolan-motissa-mukana-nelja-puheenjohtajaa-ja-mestarimuikunpaistaja\/#primaryimage"},"image":{"@id":"http:\/\/www.rukajarvensuunnanhistoriayhdistys.fi\/historiayhdistys\/onnistunut-talkoopaiva-jukolan-motissa-mukana-nelja-puheenjohtajaa-ja-mestarimuikunpaistaja\/#primaryimage"},"thumbnailUrl":"http:\/\/www.rukajarvensuunnanhistoriayhdistys.fi\/historiayhdistys\/wp-content\/uploads\/2014\/10\/Jukolan-Motti-talkoo-24-10-2014-8-muikunpaisttoa.jpg","datePublished":"2014-10-24T19:58:44+00:00","dateModified":"2014-11-02T11:43:02+00:00","breadcrumb":{"@id":"http:\/\/www.rukajarvensuunnanhistoriayhdistys.fi\/historiayhdistys\/onnistunut-talkoopaiva-jukolan-motissa-mukana-nelja-puheenjohtajaa-ja-mestarimuikunpaistaja\/#breadcrumb"},"inLanguage":"fi","potentialAction":[{"@type":"ReadAction","target":["http:\/\/www.rukajarvensuunnanhistoriayhdistys.fi\/historiayhdistys\/onnistunut-talkoopaiva-jukolan-motissa-mukana-nelja-puheenjohtajaa-ja-mestarimuikunpaistaja\/"]}]},{"@type":"ImageObject","inLanguage":"fi","@id":"http:\/\/www.rukajarvensuunnanhistoriayhdistys.fi\/historiayhdistys\/onnistunut-talkoopaiva-jukolan-motissa-mukana-nelja-puheenjohtajaa-ja-mestarimuikunpaistaja\/#primaryimage","url":"http:\/\/www.rukajarvensuunnanhistoriayhdistys.fi\/historiayhdistys\/wp-content\/uploads\/2014\/10\/Jukolan-Motti-talkoo-24-10-2014-8-muikunpaisttoa.jpg","contentUrl":"http:\/\/www.rukajarvensuunnanhistoriayhdistys.fi\/historiayhdistys\/wp-content\/uploads\/2014\/10\/Jukolan-Motti-talkoo-24-10-2014-8-muikunpaisttoa.jpg","width":1754,"height":1240},{"@type":"BreadcrumbList","@id":"http:\/\/www.rukajarvensuunnanhistoriayhdistys.fi\/historiayhdistys\/onnistunut-talkoopaiva-jukolan-motissa-mukana-nelja-puheenjohtajaa-ja-mestarimuikunpaistaja\/#breadcrumb","itemListElement":[{"@type":"ListItem","position":1,"name":"Etusivu","item":"http:\/\/www.rukajarvensuunnanhistoriayhdistys.fi\/historiayhdistys\/"},{"@type":"ListItem","position":2,"name":"Onnistunut talkoop\u00e4iv\u00e4 Jukolan Motissa &#8211; mukana nelj\u00e4 puheenjohtajaa ja mestarimuikunpaistaja"}]},{"@type":"WebSite","@id":"http:\/\/www.rukajarvensuunnanhistoriayhdistys.fi\/historiayhdistys\/#website","url":"http:\/\/www.rukajarvensuunnanhistoriayhdistys.fi\/historiayhdistys\/","name":"Rukaj\u00e4rven suunnan historiayhdistys","description":"Rukaj\u00e4rven suunnan historiayhdistyksen verkkosivut.","publisher":{"@id":"http:\/\/www.rukajarvensuunnanhistoriayhdistys.fi\/historiayhdistys\/#organization"},"potentialAction":[{"@type":"SearchAction","target":{"@type":"EntryPoint","urlTemplate":"http:\/\/www.rukajarvensuunnanhistoriayhdistys.fi\/historiayhdistys\/?s={search_term_string}"},"query-input":{"@type":"PropertyValueSpecification","valueRequired":true,"valueName":"search_term_string"}}],"inLanguage":"fi"},{"@type":"Organization","@id":"http:\/\/www.rukajarvensuunnanhistoriayhdistys.fi\/historiayhdistys\/#organization","name":"Rukaj\u00e4rven suunnan historiayhdistys","url":"http:\/\/www.rukajarvensuunnanhistoriayhdistys.fi\/historiayhdistys\/","logo":{"@type":"ImageObject","inLanguage":"fi","@id":"http:\/\/www.rukajarvensuunnanhistoriayhdistys.fi\/historiayhdistys\/#\/schema\/logo\/image\/","url":"http:\/\/www.rukajarvensuunnanhistoriayhdistys.fi\/historiayhdistys\/wp-content\/uploads\/2013\/12\/Otsake_3.jpg","contentUrl":"http:\/\/www.rukajarvensuunnanhistoriayhdistys.fi\/historiayhdistys\/wp-content\/uploads\/2013\/12\/Otsake_3.jpg","width":1000,"height":442,"caption":"Rukaj\u00e4rven suunnan historiayhdistys"},"image":{"@id":"http:\/\/www.rukajarvensuunnanhistoriayhdistys.fi\/historiayhdistys\/#\/schema\/logo\/image\/"}},{"@type":"Person","@id":"http:\/\/www.rukajarvensuunnanhistoriayhdistys.fi\/historiayhdistys\/#\/schema\/person\/19de7db68bf72dfd2b5d7f6dfbf8454d","name":"RSHY","image":{"@type":"ImageObject","inLanguage":"fi","@id":"https:\/\/secure.gravatar.com\/avatar\/598d59263a69cc8de65fcb4f9db78d6f58c098cb0e0ba22d73377441af9fa04c?s=96&d=blank&r=g","url":"https:\/\/secure.gravatar.com\/avatar\/598d59263a69cc8de65fcb4f9db78d6f58c098cb0e0ba22d73377441af9fa04c?s=96&d=blank&r=g","contentUrl":"https:\/\/secure.gravatar.com\/avatar\/598d59263a69cc8de65fcb4f9db78d6f58c098cb0e0ba22d73377441af9fa04c?s=96&d=blank&r=g","caption":"RSHY"},"url":"http:\/\/www.rukajarvensuunnanhistoriayhdistys.fi\/historiayhdistys\/author\/rshy\/"}]}},"_links":{"self":[{"href":"http:\/\/www.rukajarvensuunnanhistoriayhdistys.fi\/historiayhdistys\/wp-json\/wp\/v2\/posts\/9362","targetHints":{"allow":["GET"]}}],"collection":[{"href":"http:\/\/www.rukajarvensuunnanhistoriayhdistys.fi\/historiayhdistys\/wp-json\/wp\/v2\/posts"}],"about":[{"href":"http:\/\/www.rukajarvensuunnanhistoriayhdistys.fi\/historiayhdistys\/wp-json\/wp\/v2\/types\/post"}],"author":[{"embeddable":true,"href":"http:\/\/www.rukajarvensuunnanhistoriayhdistys.fi\/historiayhdistys\/wp-json\/wp\/v2\/users\/3"}],"replies":[{"embeddable":true,"href":"http:\/\/www.rukajarvensuunnanhistoriayhdistys.fi\/historiayhdistys\/wp-json\/wp\/v2\/comments?post=9362"}],"version-history":[{"count":3,"href":"http:\/\/www.rukajarvensuunnanhistoriayhdistys.fi\/historiayhdistys\/wp-json\/wp\/v2\/posts\/9362\/revisions"}],"predecessor-version":[{"id":9367,"href":"http:\/\/www.rukajarvensuunnanhistoriayhdistys.fi\/historiayhdistys\/wp-json\/wp\/v2\/posts\/9362\/revisions\/9367"}],"wp:featuredmedia":[{"embeddable":true,"href":"http:\/\/www.rukajarvensuunnanhistoriayhdistys.fi\/historiayhdistys\/wp-json\/wp\/v2\/media\/9364"}],"wp:attachment":[{"href":"http:\/\/www.rukajarvensuunnanhistoriayhdistys.fi\/historiayhdistys\/wp-json\/wp\/v2\/media?parent=9362"}],"wp:term":[{"taxonomy":"category","embeddable":true,"href":"http:\/\/www.rukajarvensuunnanhistoriayhdistys.fi\/historiayhdistys\/wp-json\/wp\/v2\/categories?post=9362"},{"taxonomy":"post_tag","embeddable":true,"href":"http:\/\/www.rukajarvensuunnanhistoriayhdistys.fi\/historiayhdistys\/wp-json\/wp\/v2\/tags?post=9362"}],"curies":[{"name":"wp","href":"https:\/\/api.w.org\/{rel}","templated":true}]}}