{"id":9371,"date":"2014-10-26T08:25:56","date_gmt":"2014-10-26T06:25:56","guid":{"rendered":"http:\/\/www.rukajarvensuunnanhistoriayhdistys.fi\/historiayhdistys\/?p=9371"},"modified":"2014-11-02T13:42:00","modified_gmt":"2014-11-02T11:42:00","slug":"jukolan-motissa-kattokannakkeitten-suunnittelua-ja-tulevan-viikon-toitten-valmistelua","status":"publish","type":"post","link":"http:\/\/www.rukajarvensuunnanhistoriayhdistys.fi\/historiayhdistys\/jukolan-motissa-kattokannakkeitten-suunnittelua-ja-tulevan-viikon-toitten-valmistelua\/","title":{"rendered":"Jukolan Motissa kattokannakkeitten suunnittelua ja tulevan viikon t\u00f6itten valmistelua"},"content":{"rendered":"<div class=\"fcbkbttn_buttons_block\" id=\"fcbkbttn_left\"><div class=\"fcbkbttn_like \"><fb:like href=\"http:\/\/www.rukajarvensuunnanhistoriayhdistys.fi\/historiayhdistys\/jukolan-motissa-kattokannakkeitten-suunnittelua-ja-tulevan-viikon-toitten-valmistelua\/\" action=\"like\" colorscheme=\"light\" layout=\"button_count\"  size=\"small\"><\/fb:like><\/div><\/div><p>Jukolan Motin talkooty\u00f6t jatkuivat (la. 25.10.), nyt r\u00e4nt\u00e4sateessa, l\u00e4mp\u00f6tila nollan vaiheilla. Kattokannakkeen kiinnitys osoittautuikin mutkalliseksi. Sit\u00e4 varten l\u00f6ytyi ratkaisu Nurmij\u00e4rven omalta kyl\u00e4lt\u00e4. Heikki Turunen Jongunjoen kyl\u00e4seuran puheenjohtaja ja uuttera talkoomies valmistaa kiinnikkeet. H\u00e4nen sukunsa on asunut paikkakunnalla 1500-luvulta l\u00e4htien. Heikki on taitava metallimies, jolta syntyv\u00e4t vaativammatkin teokset. Keskipilarin p\u00e4\u00e4h\u00e4n tulee hattu ja kiinnikkeet, jotta kattotuolien kiinnitys on varmistettu kovankin lumikuorman alla.<\/p>\n<p>Keskipaalun muoto on Antero Huttusen k\u00e4sialaa. Siit\u00e4 tulee kahdeksankulmainen kuten on itse kota. Antero ideoi kodalle pidemm\u00e4t keskisein\u00e4t, saatiin riitt\u00e4v\u00e4sti tilaa ja kattokannakkeitten kuormaa kevyemm\u00e4ksi. Se osoittautui ainoaksi oikeaksi ratkaisuksi, sill\u00e4 sorapatja muutoin olisi k\u00e4ynyt liian pieneksi. Nyt kota istuu niin ilmansuuntiin kuin Rukaj\u00e4rven tiehen n\u00e4hden, siten kuin se olisi syntynyt pitk\u00e4n harkinnan ja taitavan suunnittelun tuloksena.<\/p>\n<p>Talkooty\u00f6ss\u00e4 lauantaina ei ollut suurempaa tungosta. Yhdistyksemme hallituksen j\u00e4sen, Aila Elo puolisonsa Esan kanssa uutteroi lapion varressa, siisti paikkoja ja nyt paikalla n\u00e4kyy naisen k\u00e4den j\u00e4lki useammaltakin p\u00e4iv\u00e4lt\u00e4, olihan perjantaina talkoissa mukana Ailan lis\u00e4ksi, Maija Riikonen sek\u00e4 P\u00e4ivi Putkonen. Lauantaina talkoomiehiin lukeutui Ilkka Tiainen ja yhdistyksen puheenjohtaja.<\/p>\n<figure id=\"attachment_9375\" aria-describedby=\"caption-attachment-9375\" style=\"width: 1754px\" class=\"wp-caption alignnone\"><a href=\"http:\/\/www.rukajarvensuunnanhistoriayhdistys.fi\/historiayhdistys\/wp-content\/uploads\/2014\/10\/Jukolan-Motti-Esa-Ilkka-Aila.jpg\"><img loading=\"lazy\" decoding=\"async\" class=\"wp-image-9375 size-full\" src=\"http:\/\/www.rukajarvensuunnanhistoriayhdistys.fi\/historiayhdistys\/wp-content\/uploads\/2014\/10\/Jukolan-Motti-Esa-Ilkka-Aila.jpg\" alt=\"Talkoomiehet r\u00e4ntasateessa kahvitauolla, Esa Elo, Ilkka Tiainen ja Aila Elo. Kuva Tenho Tikkanen. Samalla muisteltiin menneit\u00e4 - suunniteltiin tulevia.\" width=\"1754\" height=\"1240\" data-id=\"9375\" srcset=\"http:\/\/www.rukajarvensuunnanhistoriayhdistys.fi\/historiayhdistys\/wp-content\/uploads\/2014\/10\/Jukolan-Motti-Esa-Ilkka-Aila.jpg 1754w, http:\/\/www.rukajarvensuunnanhistoriayhdistys.fi\/historiayhdistys\/wp-content\/uploads\/2014\/10\/Jukolan-Motti-Esa-Ilkka-Aila-300x212.jpg 300w, http:\/\/www.rukajarvensuunnanhistoriayhdistys.fi\/historiayhdistys\/wp-content\/uploads\/2014\/10\/Jukolan-Motti-Esa-Ilkka-Aila-1024x723.jpg 1024w\" sizes=\"auto, (max-width: 1754px) 100vw, 1754px\" \/><\/a><figcaption id=\"caption-attachment-9375\" class=\"wp-caption-text\">Talkoomiehet r\u00e4ntasateessa kahvitauolla, Esa Elo, Ilkka Tiainen ja Aila Elo. Kuva Tenho Tikkanen. Samalla muisteltiin menneit\u00e4 &#8211; suunniteltiin tulevia.<\/figcaption><\/figure>\n<p>Lauantaina talkoot aloitettiin jo klo 8.00 ja p\u00e4\u00e4tettiin vasta klo 16.00 j\u00e4lkeen. Ty\u00f6t\u00e4 paikalla riitt\u00e4\u00e4 suuremmallekin porukalle. Tulevalla viikolla on rakennusty\u00f6n vaativimmat koitokset ja rakennustarvikkeita joudutaan kantamaan, joten apu olisi kovin \u00a0tarpeellista. Lis\u00e4ksi kota pit\u00e4\u00e4 saada valmiiksi ennen lopullisen talven tuloa. Tulevan viikon s\u00e4\u00e4 pysyy l\u00e4mpim\u00e4n puolella ja katonaluslautojen asentaminenkin n\u00e4ytt\u00e4isi pystytt\u00e4v\u00e4n tekem\u00e4\u00e4n ilman vesisateita.<\/p>\n<h1>Lopuksi tietoa\u00a070 vuoden takaisesta Jukolan Motista<\/h1>\n<p>Sotap\u00e4iv\u00e4kirjassa (9.\/JR 10), 70 vuotta sitten t\u00e4lt\u00e4 p\u00e4iv\u00e4lt\u00e4 26.10.1944 todetaan: \u00a0&#8221;Ty\u00f6teho heikko. Luutnantti Seikola siirtyi (8.\/JR 10:st\u00e4) I joukkueen johtajaksi&#8221;. Luutnantti Seikola tunnettiin sodassa kovasta \u00e4\u00e4nest\u00e4. Se pelasti monen oman miehen hengen, muutama siin\u00e4 ehti kaatua, kun Tahkokoskella elokuun kovissa taisteluissa omat joukot avasivat tulen ja tilasivat (9.\/JR 10) omien niskaan kranaattikeskityksen. Erehtyiv\u00e4t luulemaan pime\u00e4ss\u00e4 liikkuvia\u00a0\u00a0viholliseksi. \u00a0Seikolan huudosta etenij\u00e4t tunnistettiin omiksi ja tuli keskeytettiin, 5 miest\u00e4 ehti kaatua (kers. Viljo Arosuo, alik. Urho Pelkonen, korpr. Eero Laiho, stm. Veikko Moilanen sek\u00e4 stm Viljo Ruuskanen) ja 9 haavoittui.<\/p>\n<figure id=\"attachment_9374\" aria-describedby=\"caption-attachment-9374\" style=\"width: 1754px\" class=\"wp-caption alignnone\"><a href=\"http:\/\/www.rukajarvensuunnanhistoriayhdistys.fi\/historiayhdistys\/wp-content\/uploads\/2014\/10\/SPK-9-JR-10-7-s.jpg\"><img loading=\"lazy\" decoding=\"async\" class=\"wp-image-9374 size-full\" src=\"http:\/\/www.rukajarvensuunnanhistoriayhdistys.fi\/historiayhdistys\/wp-content\/uploads\/2014\/10\/SPK-9-JR-10-7-s.jpg\" alt=\"9.\/JR 10 sotap\u00e4iv\u00e4kirja, josta ilmenee ik\u00e4v\u00e4 tapahtuma elokuulta 1944. \" width=\"1754\" height=\"1240\" data-id=\"9374\" srcset=\"http:\/\/www.rukajarvensuunnanhistoriayhdistys.fi\/historiayhdistys\/wp-content\/uploads\/2014\/10\/SPK-9-JR-10-7-s.jpg 1754w, http:\/\/www.rukajarvensuunnanhistoriayhdistys.fi\/historiayhdistys\/wp-content\/uploads\/2014\/10\/SPK-9-JR-10-7-s-300x212.jpg 300w, http:\/\/www.rukajarvensuunnanhistoriayhdistys.fi\/historiayhdistys\/wp-content\/uploads\/2014\/10\/SPK-9-JR-10-7-s-1024x723.jpg 1024w\" sizes=\"auto, (max-width: 1754px) 100vw, 1754px\" \/><\/a><figcaption id=\"caption-attachment-9374\" class=\"wp-caption-text\">9.\/JR 10 sotap\u00e4iv\u00e4kirja, josta ilmenee ik\u00e4v\u00e4 tapahtuma elokuulta 1944.<\/figcaption><\/figure>\n<figure id=\"attachment_9373\" aria-describedby=\"caption-attachment-9373\" style=\"width: 1754px\" class=\"wp-caption alignnone\"><a href=\"http:\/\/www.rukajarvensuunnanhistoriayhdistys.fi\/historiayhdistys\/wp-content\/uploads\/2014\/10\/SPK-9-JR-10-6-s.jpg\"><img loading=\"lazy\" decoding=\"async\" class=\"wp-image-9373 size-full\" src=\"http:\/\/www.rukajarvensuunnanhistoriayhdistys.fi\/historiayhdistys\/wp-content\/uploads\/2014\/10\/SPK-9-JR-10-6-s.jpg\" alt=\"9.\/JR 10 sotap\u00e4iv\u00e4kirja, josta ilmenee ik\u00e4v\u00e4 tapahtuma elokuulta 1944, jossa omat avasivat tulen ja 5 sotilasta menetti henkens\u00e4 ja 9 haavoittui. Seikola pelasti suuremmilta vahingoilta, vaikka sit\u00e4 sotap\u00e4iv\u00e4kirja ei kerro. T\u00e4m\u00e4 tieto l\u00f6ytyy Rukaj\u00e4rven suunnan historiayhdistyksen arkistosta.\" width=\"1754\" height=\"1240\" data-id=\"9373\" srcset=\"http:\/\/www.rukajarvensuunnanhistoriayhdistys.fi\/historiayhdistys\/wp-content\/uploads\/2014\/10\/SPK-9-JR-10-6-s.jpg 1754w, http:\/\/www.rukajarvensuunnanhistoriayhdistys.fi\/historiayhdistys\/wp-content\/uploads\/2014\/10\/SPK-9-JR-10-6-s-300x212.jpg 300w, http:\/\/www.rukajarvensuunnanhistoriayhdistys.fi\/historiayhdistys\/wp-content\/uploads\/2014\/10\/SPK-9-JR-10-6-s-1024x723.jpg 1024w\" sizes=\"auto, (max-width: 1754px) 100vw, 1754px\" \/><\/a><figcaption id=\"caption-attachment-9373\" class=\"wp-caption-text\">9.\/JR 10 sotap\u00e4iv\u00e4kirja, josta ilmenee ik\u00e4v\u00e4 tapahtuma elokuulta 1944, jossa omat avasivat tulen ja 5 sotilasta menetti henkens\u00e4 ja 9 haavoittui. Seikola pelasti omat joukot suuremmilta vahingoilta, vaikka sit\u00e4 sotap\u00e4iv\u00e4kirja ei kerro. T\u00e4m\u00e4 tieto l\u00f6ytyy Rukaj\u00e4rven suunnan historiayhdistyksen arkistosta (Tauno Tikkasen videohaastattelu).<\/figcaption><\/figure>\n<p>&nbsp;<\/p>\n","protected":false},"excerpt":{"rendered":"<p>Jukolan Motin talkooty\u00f6t jatkuivat (la. 25.10.), nyt r\u00e4nt\u00e4sateessa, l\u00e4mp\u00f6tila nollan vaiheilla. Kattokannakkeen kiinnitys osoittautuikin mutkalliseksi. Sit\u00e4 varten l\u00f6ytyi ratkaisu Nurmij\u00e4rven omalta kyl\u00e4lt\u00e4. Heikki Turunen Jongunjoen kyl\u00e4seuran puheenjohtaja ja uuttera talkoomies <a class=\"more-link\" href=\"http:\/\/www.rukajarvensuunnanhistoriayhdistys.fi\/historiayhdistys\/jukolan-motissa-kattokannakkeitten-suunnittelua-ja-tulevan-viikon-toitten-valmistelua\/\">Teksti jatkuu&#8230;<span class=\"screen-reader-text\">Jukolan Motissa kattokannakkeitten suunnittelua ja tulevan viikon t\u00f6itten valmistelua<\/span><span class=\"meta-nav\">\u2192<\/span><\/a><\/p>\n","protected":false},"author":3,"featured_media":9375,"comment_status":"closed","ping_status":"open","sticky":false,"template":"","format":"standard","meta":{"footnotes":""},"categories":[22],"tags":[],"class_list":["post-9371","post","type-post","status-publish","format-standard","has-post-thumbnail","hentry","category-ajankohtaista"],"yoast_head":"<!-- This site is optimized with the Yoast SEO plugin v27.4 - https:\/\/yoast.com\/product\/yoast-seo-wordpress\/ -->\n<title>Jukolan Motissa kattokannakkeitten suunnittelua ja tulevan viikon t\u00f6itten valmistelua - Rukaj\u00e4rven suunnan historiayhdistys<\/title>\n<meta name=\"robots\" content=\"index, follow, max-snippet:-1, max-image-preview:large, max-video-preview:-1\" \/>\n<link rel=\"canonical\" href=\"http:\/\/www.rukajarvensuunnanhistoriayhdistys.fi\/historiayhdistys\/jukolan-motissa-kattokannakkeitten-suunnittelua-ja-tulevan-viikon-toitten-valmistelua\/\" \/>\n<meta property=\"og:locale\" content=\"fi_FI\" \/>\n<meta property=\"og:type\" content=\"article\" \/>\n<meta property=\"og:title\" content=\"Jukolan Motissa kattokannakkeitten suunnittelua ja tulevan viikon t\u00f6itten valmistelua - Rukaj\u00e4rven suunnan historiayhdistys\" \/>\n<meta property=\"og:description\" content=\"Jukolan Motin talkooty\u00f6t jatkuivat (la. 25.10.), nyt r\u00e4nt\u00e4sateessa, l\u00e4mp\u00f6tila nollan vaiheilla. Kattokannakkeen kiinnitys osoittautuikin mutkalliseksi. Sit\u00e4 varten l\u00f6ytyi ratkaisu Nurmij\u00e4rven omalta kyl\u00e4lt\u00e4. Heikki Turunen Jongunjoen kyl\u00e4seuran puheenjohtaja ja uuttera talkoomies Teksti jatkuu...Jukolan Motissa kattokannakkeitten suunnittelua ja tulevan viikon t\u00f6itten valmistelua\u2192\" \/>\n<meta property=\"og:url\" content=\"http:\/\/www.rukajarvensuunnanhistoriayhdistys.fi\/historiayhdistys\/jukolan-motissa-kattokannakkeitten-suunnittelua-ja-tulevan-viikon-toitten-valmistelua\/\" \/>\n<meta property=\"og:site_name\" content=\"Rukaj\u00e4rven suunnan historiayhdistys\" \/>\n<meta property=\"article:published_time\" content=\"2014-10-26T06:25:56+00:00\" \/>\n<meta property=\"article:modified_time\" content=\"2014-11-02T11:42:00+00:00\" \/>\n<meta property=\"og:image\" content=\"http:\/\/www.rukajarvensuunnanhistoriayhdistys.fi\/historiayhdistys\/wp-content\/uploads\/2014\/10\/Jukolan-Motti-Esa-Ilkka-Aila.jpg\" \/>\n\t<meta property=\"og:image:width\" content=\"1754\" \/>\n\t<meta property=\"og:image:height\" content=\"1240\" \/>\n\t<meta property=\"og:image:type\" content=\"image\/jpeg\" \/>\n<meta name=\"author\" content=\"RSHY\" \/>\n<meta name=\"twitter:label1\" content=\"Kirjoittanut\" \/>\n\t<meta name=\"twitter:data1\" content=\"RSHY\" \/>\n\t<meta name=\"twitter:label2\" content=\"Arvioitu lukuaika\" \/>\n\t<meta name=\"twitter:data2\" content=\"2 minuuttia\" \/>\n<script type=\"application\/ld+json\" class=\"yoast-schema-graph\">{\"@context\":\"https:\\\/\\\/schema.org\",\"@graph\":[{\"@type\":\"Article\",\"@id\":\"http:\\\/\\\/www.rukajarvensuunnanhistoriayhdistys.fi\\\/historiayhdistys\\\/jukolan-motissa-kattokannakkeitten-suunnittelua-ja-tulevan-viikon-toitten-valmistelua\\\/#article\",\"isPartOf\":{\"@id\":\"http:\\\/\\\/www.rukajarvensuunnanhistoriayhdistys.fi\\\/historiayhdistys\\\/jukolan-motissa-kattokannakkeitten-suunnittelua-ja-tulevan-viikon-toitten-valmistelua\\\/\"},\"author\":{\"name\":\"RSHY\",\"@id\":\"http:\\\/\\\/www.rukajarvensuunnanhistoriayhdistys.fi\\\/historiayhdistys\\\/#\\\/schema\\\/person\\\/19de7db68bf72dfd2b5d7f6dfbf8454d\"},\"headline\":\"Jukolan Motissa kattokannakkeitten suunnittelua ja tulevan viikon t\u00f6itten valmistelua\",\"datePublished\":\"2014-10-26T06:25:56+00:00\",\"dateModified\":\"2014-11-02T11:42:00+00:00\",\"mainEntityOfPage\":{\"@id\":\"http:\\\/\\\/www.rukajarvensuunnanhistoriayhdistys.fi\\\/historiayhdistys\\\/jukolan-motissa-kattokannakkeitten-suunnittelua-ja-tulevan-viikon-toitten-valmistelua\\\/\"},\"wordCount\":467,\"publisher\":{\"@id\":\"http:\\\/\\\/www.rukajarvensuunnanhistoriayhdistys.fi\\\/historiayhdistys\\\/#organization\"},\"image\":{\"@id\":\"http:\\\/\\\/www.rukajarvensuunnanhistoriayhdistys.fi\\\/historiayhdistys\\\/jukolan-motissa-kattokannakkeitten-suunnittelua-ja-tulevan-viikon-toitten-valmistelua\\\/#primaryimage\"},\"thumbnailUrl\":\"http:\\\/\\\/www.rukajarvensuunnanhistoriayhdistys.fi\\\/historiayhdistys\\\/wp-content\\\/uploads\\\/2014\\\/10\\\/Jukolan-Motti-Esa-Ilkka-Aila.jpg\",\"articleSection\":[\"Ajankohtaista\"],\"inLanguage\":\"fi\"},{\"@type\":\"WebPage\",\"@id\":\"http:\\\/\\\/www.rukajarvensuunnanhistoriayhdistys.fi\\\/historiayhdistys\\\/jukolan-motissa-kattokannakkeitten-suunnittelua-ja-tulevan-viikon-toitten-valmistelua\\\/\",\"url\":\"http:\\\/\\\/www.rukajarvensuunnanhistoriayhdistys.fi\\\/historiayhdistys\\\/jukolan-motissa-kattokannakkeitten-suunnittelua-ja-tulevan-viikon-toitten-valmistelua\\\/\",\"name\":\"Jukolan Motissa kattokannakkeitten suunnittelua ja tulevan viikon t\u00f6itten valmistelua - Rukaj\u00e4rven suunnan historiayhdistys\",\"isPartOf\":{\"@id\":\"http:\\\/\\\/www.rukajarvensuunnanhistoriayhdistys.fi\\\/historiayhdistys\\\/#website\"},\"primaryImageOfPage\":{\"@id\":\"http:\\\/\\\/www.rukajarvensuunnanhistoriayhdistys.fi\\\/historiayhdistys\\\/jukolan-motissa-kattokannakkeitten-suunnittelua-ja-tulevan-viikon-toitten-valmistelua\\\/#primaryimage\"},\"image\":{\"@id\":\"http:\\\/\\\/www.rukajarvensuunnanhistoriayhdistys.fi\\\/historiayhdistys\\\/jukolan-motissa-kattokannakkeitten-suunnittelua-ja-tulevan-viikon-toitten-valmistelua\\\/#primaryimage\"},\"thumbnailUrl\":\"http:\\\/\\\/www.rukajarvensuunnanhistoriayhdistys.fi\\\/historiayhdistys\\\/wp-content\\\/uploads\\\/2014\\\/10\\\/Jukolan-Motti-Esa-Ilkka-Aila.jpg\",\"datePublished\":\"2014-10-26T06:25:56+00:00\",\"dateModified\":\"2014-11-02T11:42:00+00:00\",\"breadcrumb\":{\"@id\":\"http:\\\/\\\/www.rukajarvensuunnanhistoriayhdistys.fi\\\/historiayhdistys\\\/jukolan-motissa-kattokannakkeitten-suunnittelua-ja-tulevan-viikon-toitten-valmistelua\\\/#breadcrumb\"},\"inLanguage\":\"fi\",\"potentialAction\":[{\"@type\":\"ReadAction\",\"target\":[\"http:\\\/\\\/www.rukajarvensuunnanhistoriayhdistys.fi\\\/historiayhdistys\\\/jukolan-motissa-kattokannakkeitten-suunnittelua-ja-tulevan-viikon-toitten-valmistelua\\\/\"]}]},{\"@type\":\"ImageObject\",\"inLanguage\":\"fi\",\"@id\":\"http:\\\/\\\/www.rukajarvensuunnanhistoriayhdistys.fi\\\/historiayhdistys\\\/jukolan-motissa-kattokannakkeitten-suunnittelua-ja-tulevan-viikon-toitten-valmistelua\\\/#primaryimage\",\"url\":\"http:\\\/\\\/www.rukajarvensuunnanhistoriayhdistys.fi\\\/historiayhdistys\\\/wp-content\\\/uploads\\\/2014\\\/10\\\/Jukolan-Motti-Esa-Ilkka-Aila.jpg\",\"contentUrl\":\"http:\\\/\\\/www.rukajarvensuunnanhistoriayhdistys.fi\\\/historiayhdistys\\\/wp-content\\\/uploads\\\/2014\\\/10\\\/Jukolan-Motti-Esa-Ilkka-Aila.jpg\",\"width\":1754,\"height\":1240,\"caption\":\"Talkoomiehet r\u00e4ntasateessa kahvitauolla, Esa Elo, Ilkka Tiainen ja Aila Elo. Kuva Tenho Tikkanen. Samalla muisteltiin menneit\u00e4 - suunniteltiin tulevia.\"},{\"@type\":\"BreadcrumbList\",\"@id\":\"http:\\\/\\\/www.rukajarvensuunnanhistoriayhdistys.fi\\\/historiayhdistys\\\/jukolan-motissa-kattokannakkeitten-suunnittelua-ja-tulevan-viikon-toitten-valmistelua\\\/#breadcrumb\",\"itemListElement\":[{\"@type\":\"ListItem\",\"position\":1,\"name\":\"Etusivu\",\"item\":\"http:\\\/\\\/www.rukajarvensuunnanhistoriayhdistys.fi\\\/historiayhdistys\\\/\"},{\"@type\":\"ListItem\",\"position\":2,\"name\":\"Jukolan Motissa kattokannakkeitten suunnittelua ja tulevan viikon t\u00f6itten valmistelua\"}]},{\"@type\":\"WebSite\",\"@id\":\"http:\\\/\\\/www.rukajarvensuunnanhistoriayhdistys.fi\\\/historiayhdistys\\\/#website\",\"url\":\"http:\\\/\\\/www.rukajarvensuunnanhistoriayhdistys.fi\\\/historiayhdistys\\\/\",\"name\":\"Rukaj\u00e4rven suunnan historiayhdistys\",\"description\":\"Rukaj\u00e4rven suunnan historiayhdistyksen verkkosivut.\",\"publisher\":{\"@id\":\"http:\\\/\\\/www.rukajarvensuunnanhistoriayhdistys.fi\\\/historiayhdistys\\\/#organization\"},\"potentialAction\":[{\"@type\":\"SearchAction\",\"target\":{\"@type\":\"EntryPoint\",\"urlTemplate\":\"http:\\\/\\\/www.rukajarvensuunnanhistoriayhdistys.fi\\\/historiayhdistys\\\/?s={search_term_string}\"},\"query-input\":{\"@type\":\"PropertyValueSpecification\",\"valueRequired\":true,\"valueName\":\"search_term_string\"}}],\"inLanguage\":\"fi\"},{\"@type\":\"Organization\",\"@id\":\"http:\\\/\\\/www.rukajarvensuunnanhistoriayhdistys.fi\\\/historiayhdistys\\\/#organization\",\"name\":\"Rukaj\u00e4rven suunnan historiayhdistys\",\"url\":\"http:\\\/\\\/www.rukajarvensuunnanhistoriayhdistys.fi\\\/historiayhdistys\\\/\",\"logo\":{\"@type\":\"ImageObject\",\"inLanguage\":\"fi\",\"@id\":\"http:\\\/\\\/www.rukajarvensuunnanhistoriayhdistys.fi\\\/historiayhdistys\\\/#\\\/schema\\\/logo\\\/image\\\/\",\"url\":\"http:\\\/\\\/www.rukajarvensuunnanhistoriayhdistys.fi\\\/historiayhdistys\\\/wp-content\\\/uploads\\\/2013\\\/12\\\/Otsake_3.jpg\",\"contentUrl\":\"http:\\\/\\\/www.rukajarvensuunnanhistoriayhdistys.fi\\\/historiayhdistys\\\/wp-content\\\/uploads\\\/2013\\\/12\\\/Otsake_3.jpg\",\"width\":1000,\"height\":442,\"caption\":\"Rukaj\u00e4rven suunnan historiayhdistys\"},\"image\":{\"@id\":\"http:\\\/\\\/www.rukajarvensuunnanhistoriayhdistys.fi\\\/historiayhdistys\\\/#\\\/schema\\\/logo\\\/image\\\/\"}},{\"@type\":\"Person\",\"@id\":\"http:\\\/\\\/www.rukajarvensuunnanhistoriayhdistys.fi\\\/historiayhdistys\\\/#\\\/schema\\\/person\\\/19de7db68bf72dfd2b5d7f6dfbf8454d\",\"name\":\"RSHY\",\"image\":{\"@type\":\"ImageObject\",\"inLanguage\":\"fi\",\"@id\":\"https:\\\/\\\/secure.gravatar.com\\\/avatar\\\/598d59263a69cc8de65fcb4f9db78d6f58c098cb0e0ba22d73377441af9fa04c?s=96&d=blank&r=g\",\"url\":\"https:\\\/\\\/secure.gravatar.com\\\/avatar\\\/598d59263a69cc8de65fcb4f9db78d6f58c098cb0e0ba22d73377441af9fa04c?s=96&d=blank&r=g\",\"contentUrl\":\"https:\\\/\\\/secure.gravatar.com\\\/avatar\\\/598d59263a69cc8de65fcb4f9db78d6f58c098cb0e0ba22d73377441af9fa04c?s=96&d=blank&r=g\",\"caption\":\"RSHY\"},\"url\":\"http:\\\/\\\/www.rukajarvensuunnanhistoriayhdistys.fi\\\/historiayhdistys\\\/author\\\/rshy\\\/\"}]}<\/script>\n<!-- \/ Yoast SEO plugin. -->","yoast_head_json":{"title":"Jukolan Motissa kattokannakkeitten suunnittelua ja tulevan viikon t\u00f6itten valmistelua - Rukaj\u00e4rven suunnan historiayhdistys","robots":{"index":"index","follow":"follow","max-snippet":"max-snippet:-1","max-image-preview":"max-image-preview:large","max-video-preview":"max-video-preview:-1"},"canonical":"http:\/\/www.rukajarvensuunnanhistoriayhdistys.fi\/historiayhdistys\/jukolan-motissa-kattokannakkeitten-suunnittelua-ja-tulevan-viikon-toitten-valmistelua\/","og_locale":"fi_FI","og_type":"article","og_title":"Jukolan Motissa kattokannakkeitten suunnittelua ja tulevan viikon t\u00f6itten valmistelua - Rukaj\u00e4rven suunnan historiayhdistys","og_description":"Jukolan Motin talkooty\u00f6t jatkuivat (la. 25.10.), nyt r\u00e4nt\u00e4sateessa, l\u00e4mp\u00f6tila nollan vaiheilla. Kattokannakkeen kiinnitys osoittautuikin mutkalliseksi. Sit\u00e4 varten l\u00f6ytyi ratkaisu Nurmij\u00e4rven omalta kyl\u00e4lt\u00e4. Heikki Turunen Jongunjoen kyl\u00e4seuran puheenjohtaja ja uuttera talkoomies Teksti jatkuu...Jukolan Motissa kattokannakkeitten suunnittelua ja tulevan viikon t\u00f6itten valmistelua\u2192","og_url":"http:\/\/www.rukajarvensuunnanhistoriayhdistys.fi\/historiayhdistys\/jukolan-motissa-kattokannakkeitten-suunnittelua-ja-tulevan-viikon-toitten-valmistelua\/","og_site_name":"Rukaj\u00e4rven suunnan historiayhdistys","article_published_time":"2014-10-26T06:25:56+00:00","article_modified_time":"2014-11-02T11:42:00+00:00","og_image":[{"width":1754,"height":1240,"url":"http:\/\/www.rukajarvensuunnanhistoriayhdistys.fi\/historiayhdistys\/wp-content\/uploads\/2014\/10\/Jukolan-Motti-Esa-Ilkka-Aila.jpg","type":"image\/jpeg"}],"author":"RSHY","twitter_misc":{"Kirjoittanut":"RSHY","Arvioitu lukuaika":"2 minuuttia"},"schema":{"@context":"https:\/\/schema.org","@graph":[{"@type":"Article","@id":"http:\/\/www.rukajarvensuunnanhistoriayhdistys.fi\/historiayhdistys\/jukolan-motissa-kattokannakkeitten-suunnittelua-ja-tulevan-viikon-toitten-valmistelua\/#article","isPartOf":{"@id":"http:\/\/www.rukajarvensuunnanhistoriayhdistys.fi\/historiayhdistys\/jukolan-motissa-kattokannakkeitten-suunnittelua-ja-tulevan-viikon-toitten-valmistelua\/"},"author":{"name":"RSHY","@id":"http:\/\/www.rukajarvensuunnanhistoriayhdistys.fi\/historiayhdistys\/#\/schema\/person\/19de7db68bf72dfd2b5d7f6dfbf8454d"},"headline":"Jukolan Motissa kattokannakkeitten suunnittelua ja tulevan viikon t\u00f6itten valmistelua","datePublished":"2014-10-26T06:25:56+00:00","dateModified":"2014-11-02T11:42:00+00:00","mainEntityOfPage":{"@id":"http:\/\/www.rukajarvensuunnanhistoriayhdistys.fi\/historiayhdistys\/jukolan-motissa-kattokannakkeitten-suunnittelua-ja-tulevan-viikon-toitten-valmistelua\/"},"wordCount":467,"publisher":{"@id":"http:\/\/www.rukajarvensuunnanhistoriayhdistys.fi\/historiayhdistys\/#organization"},"image":{"@id":"http:\/\/www.rukajarvensuunnanhistoriayhdistys.fi\/historiayhdistys\/jukolan-motissa-kattokannakkeitten-suunnittelua-ja-tulevan-viikon-toitten-valmistelua\/#primaryimage"},"thumbnailUrl":"http:\/\/www.rukajarvensuunnanhistoriayhdistys.fi\/historiayhdistys\/wp-content\/uploads\/2014\/10\/Jukolan-Motti-Esa-Ilkka-Aila.jpg","articleSection":["Ajankohtaista"],"inLanguage":"fi"},{"@type":"WebPage","@id":"http:\/\/www.rukajarvensuunnanhistoriayhdistys.fi\/historiayhdistys\/jukolan-motissa-kattokannakkeitten-suunnittelua-ja-tulevan-viikon-toitten-valmistelua\/","url":"http:\/\/www.rukajarvensuunnanhistoriayhdistys.fi\/historiayhdistys\/jukolan-motissa-kattokannakkeitten-suunnittelua-ja-tulevan-viikon-toitten-valmistelua\/","name":"Jukolan Motissa kattokannakkeitten suunnittelua ja tulevan viikon t\u00f6itten valmistelua - Rukaj\u00e4rven suunnan historiayhdistys","isPartOf":{"@id":"http:\/\/www.rukajarvensuunnanhistoriayhdistys.fi\/historiayhdistys\/#website"},"primaryImageOfPage":{"@id":"http:\/\/www.rukajarvensuunnanhistoriayhdistys.fi\/historiayhdistys\/jukolan-motissa-kattokannakkeitten-suunnittelua-ja-tulevan-viikon-toitten-valmistelua\/#primaryimage"},"image":{"@id":"http:\/\/www.rukajarvensuunnanhistoriayhdistys.fi\/historiayhdistys\/jukolan-motissa-kattokannakkeitten-suunnittelua-ja-tulevan-viikon-toitten-valmistelua\/#primaryimage"},"thumbnailUrl":"http:\/\/www.rukajarvensuunnanhistoriayhdistys.fi\/historiayhdistys\/wp-content\/uploads\/2014\/10\/Jukolan-Motti-Esa-Ilkka-Aila.jpg","datePublished":"2014-10-26T06:25:56+00:00","dateModified":"2014-11-02T11:42:00+00:00","breadcrumb":{"@id":"http:\/\/www.rukajarvensuunnanhistoriayhdistys.fi\/historiayhdistys\/jukolan-motissa-kattokannakkeitten-suunnittelua-ja-tulevan-viikon-toitten-valmistelua\/#breadcrumb"},"inLanguage":"fi","potentialAction":[{"@type":"ReadAction","target":["http:\/\/www.rukajarvensuunnanhistoriayhdistys.fi\/historiayhdistys\/jukolan-motissa-kattokannakkeitten-suunnittelua-ja-tulevan-viikon-toitten-valmistelua\/"]}]},{"@type":"ImageObject","inLanguage":"fi","@id":"http:\/\/www.rukajarvensuunnanhistoriayhdistys.fi\/historiayhdistys\/jukolan-motissa-kattokannakkeitten-suunnittelua-ja-tulevan-viikon-toitten-valmistelua\/#primaryimage","url":"http:\/\/www.rukajarvensuunnanhistoriayhdistys.fi\/historiayhdistys\/wp-content\/uploads\/2014\/10\/Jukolan-Motti-Esa-Ilkka-Aila.jpg","contentUrl":"http:\/\/www.rukajarvensuunnanhistoriayhdistys.fi\/historiayhdistys\/wp-content\/uploads\/2014\/10\/Jukolan-Motti-Esa-Ilkka-Aila.jpg","width":1754,"height":1240,"caption":"Talkoomiehet r\u00e4ntasateessa kahvitauolla, Esa Elo, Ilkka Tiainen ja Aila Elo. Kuva Tenho Tikkanen. Samalla muisteltiin menneit\u00e4 - suunniteltiin tulevia."},{"@type":"BreadcrumbList","@id":"http:\/\/www.rukajarvensuunnanhistoriayhdistys.fi\/historiayhdistys\/jukolan-motissa-kattokannakkeitten-suunnittelua-ja-tulevan-viikon-toitten-valmistelua\/#breadcrumb","itemListElement":[{"@type":"ListItem","position":1,"name":"Etusivu","item":"http:\/\/www.rukajarvensuunnanhistoriayhdistys.fi\/historiayhdistys\/"},{"@type":"ListItem","position":2,"name":"Jukolan Motissa kattokannakkeitten suunnittelua ja tulevan viikon t\u00f6itten valmistelua"}]},{"@type":"WebSite","@id":"http:\/\/www.rukajarvensuunnanhistoriayhdistys.fi\/historiayhdistys\/#website","url":"http:\/\/www.rukajarvensuunnanhistoriayhdistys.fi\/historiayhdistys\/","name":"Rukaj\u00e4rven suunnan historiayhdistys","description":"Rukaj\u00e4rven suunnan historiayhdistyksen verkkosivut.","publisher":{"@id":"http:\/\/www.rukajarvensuunnanhistoriayhdistys.fi\/historiayhdistys\/#organization"},"potentialAction":[{"@type":"SearchAction","target":{"@type":"EntryPoint","urlTemplate":"http:\/\/www.rukajarvensuunnanhistoriayhdistys.fi\/historiayhdistys\/?s={search_term_string}"},"query-input":{"@type":"PropertyValueSpecification","valueRequired":true,"valueName":"search_term_string"}}],"inLanguage":"fi"},{"@type":"Organization","@id":"http:\/\/www.rukajarvensuunnanhistoriayhdistys.fi\/historiayhdistys\/#organization","name":"Rukaj\u00e4rven suunnan historiayhdistys","url":"http:\/\/www.rukajarvensuunnanhistoriayhdistys.fi\/historiayhdistys\/","logo":{"@type":"ImageObject","inLanguage":"fi","@id":"http:\/\/www.rukajarvensuunnanhistoriayhdistys.fi\/historiayhdistys\/#\/schema\/logo\/image\/","url":"http:\/\/www.rukajarvensuunnanhistoriayhdistys.fi\/historiayhdistys\/wp-content\/uploads\/2013\/12\/Otsake_3.jpg","contentUrl":"http:\/\/www.rukajarvensuunnanhistoriayhdistys.fi\/historiayhdistys\/wp-content\/uploads\/2013\/12\/Otsake_3.jpg","width":1000,"height":442,"caption":"Rukaj\u00e4rven suunnan historiayhdistys"},"image":{"@id":"http:\/\/www.rukajarvensuunnanhistoriayhdistys.fi\/historiayhdistys\/#\/schema\/logo\/image\/"}},{"@type":"Person","@id":"http:\/\/www.rukajarvensuunnanhistoriayhdistys.fi\/historiayhdistys\/#\/schema\/person\/19de7db68bf72dfd2b5d7f6dfbf8454d","name":"RSHY","image":{"@type":"ImageObject","inLanguage":"fi","@id":"https:\/\/secure.gravatar.com\/avatar\/598d59263a69cc8de65fcb4f9db78d6f58c098cb0e0ba22d73377441af9fa04c?s=96&d=blank&r=g","url":"https:\/\/secure.gravatar.com\/avatar\/598d59263a69cc8de65fcb4f9db78d6f58c098cb0e0ba22d73377441af9fa04c?s=96&d=blank&r=g","contentUrl":"https:\/\/secure.gravatar.com\/avatar\/598d59263a69cc8de65fcb4f9db78d6f58c098cb0e0ba22d73377441af9fa04c?s=96&d=blank&r=g","caption":"RSHY"},"url":"http:\/\/www.rukajarvensuunnanhistoriayhdistys.fi\/historiayhdistys\/author\/rshy\/"}]}},"_links":{"self":[{"href":"http:\/\/www.rukajarvensuunnanhistoriayhdistys.fi\/historiayhdistys\/wp-json\/wp\/v2\/posts\/9371","targetHints":{"allow":["GET"]}}],"collection":[{"href":"http:\/\/www.rukajarvensuunnanhistoriayhdistys.fi\/historiayhdistys\/wp-json\/wp\/v2\/posts"}],"about":[{"href":"http:\/\/www.rukajarvensuunnanhistoriayhdistys.fi\/historiayhdistys\/wp-json\/wp\/v2\/types\/post"}],"author":[{"embeddable":true,"href":"http:\/\/www.rukajarvensuunnanhistoriayhdistys.fi\/historiayhdistys\/wp-json\/wp\/v2\/users\/3"}],"replies":[{"embeddable":true,"href":"http:\/\/www.rukajarvensuunnanhistoriayhdistys.fi\/historiayhdistys\/wp-json\/wp\/v2\/comments?post=9371"}],"version-history":[{"count":4,"href":"http:\/\/www.rukajarvensuunnanhistoriayhdistys.fi\/historiayhdistys\/wp-json\/wp\/v2\/posts\/9371\/revisions"}],"predecessor-version":[{"id":9383,"href":"http:\/\/www.rukajarvensuunnanhistoriayhdistys.fi\/historiayhdistys\/wp-json\/wp\/v2\/posts\/9371\/revisions\/9383"}],"wp:featuredmedia":[{"embeddable":true,"href":"http:\/\/www.rukajarvensuunnanhistoriayhdistys.fi\/historiayhdistys\/wp-json\/wp\/v2\/media\/9375"}],"wp:attachment":[{"href":"http:\/\/www.rukajarvensuunnanhistoriayhdistys.fi\/historiayhdistys\/wp-json\/wp\/v2\/media?parent=9371"}],"wp:term":[{"taxonomy":"category","embeddable":true,"href":"http:\/\/www.rukajarvensuunnanhistoriayhdistys.fi\/historiayhdistys\/wp-json\/wp\/v2\/categories?post=9371"},{"taxonomy":"post_tag","embeddable":true,"href":"http:\/\/www.rukajarvensuunnanhistoriayhdistys.fi\/historiayhdistys\/wp-json\/wp\/v2\/tags?post=9371"}],"curies":[{"name":"wp","href":"https:\/\/api.w.org\/{rel}","templated":true}]}}