{"id":9379,"date":"2014-10-26T10:43:47","date_gmt":"2014-10-26T08:43:47","guid":{"rendered":"http:\/\/www.rukajarvensuunnanhistoriayhdistys.fi\/historiayhdistys\/?p=9379"},"modified":"2014-11-02T13:41:07","modified_gmt":"2014-11-02T11:41:07","slug":"juhlapaivan-kunniaksi-jukolan-motissa-syttyivat-kynttilat","status":"publish","type":"post","link":"http:\/\/www.rukajarvensuunnanhistoriayhdistys.fi\/historiayhdistys\/juhlapaivan-kunniaksi-jukolan-motissa-syttyivat-kynttilat\/","title":{"rendered":"Juhlap\u00e4iv\u00e4n kunniaksi Jukolan Motissa syttyiv\u00e4t kynttil\u00e4t"},"content":{"rendered":"<div class=\"fcbkbttn_buttons_block\" id=\"fcbkbttn_left\"><div class=\"fcbkbttn_like \"><fb:like href=\"http:\/\/www.rukajarvensuunnanhistoriayhdistys.fi\/historiayhdistys\/juhlapaivan-kunniaksi-jukolan-motissa-syttyivat-kynttilat\/\" action=\"like\" colorscheme=\"light\" layout=\"button_count\"  size=\"small\"><\/fb:like><\/div><\/div><p><span style=\"color: #000000; font-family: Calibri; font-size: medium;\">Talkooty\u00f6t aloitettiin (26.10.) &#8211; vesisateessa &#8211; l\u00e4mp\u00f6tila +\u00a03 asteen vaiheilla, p\u00e4iv\u00e4ll\u00e4 satoi rankastikin ja iltap\u00e4iv\u00e4ll\u00e4 sade lakkasi. Paikan siivousty\u00f6t\u00e4 ja tasaamista jatkettiin. Lis\u00e4ksi valmistauduttiin maanantain kattotuolien asentamista varten, rakennustarvikkeita\u00a0aseteltiin paikoilleen. Kodan paikalla on sepeli\u00e4 ja sen p\u00e4\u00e4ll\u00e4 kivijalan vierelle karkeata soraa sek\u00e4 siihen seulottua sepeli\u00e4 mik\u00e4 on nyt tasattu vahvana kerroksena. Vaatimus oli v\u00e4hint\u00e4\u00e4n 70 cm. Nyt\u00a0sepeli\u00e4 ja hiekkaa\u00a0on per\u00e4ti 90 cm. Kodan paikka on sorakankaalla. Kodan vierell\u00e4 n\u00e4kyv\u00e4t viel\u00e4 Jatkosodanaikaisten rakennusten kivijalat.<\/span><\/p>\n<figure id=\"attachment_9380\" aria-describedby=\"caption-attachment-9380\" style=\"width: 1754px\" class=\"wp-caption alignnone\"><a href=\"http:\/\/www.rukajarvensuunnanhistoriayhdistys.fi\/historiayhdistys\/wp-content\/uploads\/2014\/10\/Jukolan-Motti-Arto-ja-Jouni.jpg\"><img loading=\"lazy\" decoding=\"async\" class=\"wp-image-9380 size-full\" src=\"http:\/\/www.rukajarvensuunnanhistoriayhdistys.fi\/historiayhdistys\/wp-content\/uploads\/2014\/10\/Jukolan-Motti-Arto-ja-Jouni.jpg\" alt=\"Arto Turpeinen ja Jouni K\u00f6ntt\u00e4 tarkastelivat rakennusty\u00f6n j\u00e4lke\u00e4, jonka hyv\u00e4ksi havaitsivat. Hirret ovat paikallisesta Anaika Wood yrityksest\u00e4 - laatutuotetta.\" width=\"1754\" height=\"1240\" data-id=\"9380\" srcset=\"http:\/\/www.rukajarvensuunnanhistoriayhdistys.fi\/historiayhdistys\/wp-content\/uploads\/2014\/10\/Jukolan-Motti-Arto-ja-Jouni.jpg 1754w, http:\/\/www.rukajarvensuunnanhistoriayhdistys.fi\/historiayhdistys\/wp-content\/uploads\/2014\/10\/Jukolan-Motti-Arto-ja-Jouni-300x212.jpg 300w, http:\/\/www.rukajarvensuunnanhistoriayhdistys.fi\/historiayhdistys\/wp-content\/uploads\/2014\/10\/Jukolan-Motti-Arto-ja-Jouni-1024x723.jpg 1024w\" sizes=\"auto, (max-width: 1754px) 100vw, 1754px\" \/><\/a><figcaption id=\"caption-attachment-9380\" class=\"wp-caption-text\">Arto Turpeinen ja Jouni K\u00f6ntt\u00e4 tarkastelivat rakennusty\u00f6n j\u00e4lke\u00e4, jonka hyv\u00e4ksi havaitsivat. Hirret ovat paikallisesta Anaika Wood yrityksest\u00e4 &#8211; laatutuotetta.<\/figcaption><\/figure>\n<p>Talkooty\u00f6ss\u00e4 t\u00e4n\u00e4\u00e4n mukana Arto Turpeinen ja Jouni K\u00f6ntt\u00e4, jotka antoivat hyv\u00e4ksynn\u00e4n ty\u00f6n jatkamiselle. Talkooty\u00f6n lomassa k\u00e4ytiin l\u00e4pi rakentamisaikataulua ja ty\u00f6n m\u00e4\u00e4r\u00e4n tarvetta. Tuleva viikko tulee olemaan tiukka ja uuvuttava. S\u00e4\u00e4 mit\u00e4 ilmeisimmin suosii. Rukaj\u00e4rven tie on j\u00e4inen ja liukas &#8211; syyt\u00e4 ajaa varovasti.<\/p>\n<p>Talkoomiehi\u00e4 olikin sitten t\u00e4n\u00e4\u00e4n runsaasti ja tulosta syntyi. Pist\u00e4ytyip\u00e4 paikalla er\u00e4opas Panu Sipil\u00e4 koiravaljakkonsa kanssa.<\/p>\n<figure id=\"attachment_9386\" aria-describedby=\"caption-attachment-9386\" style=\"width: 1754px\" class=\"wp-caption alignnone\"><a href=\"http:\/\/www.rukajarvensuunnanhistoriayhdistys.fi\/historiayhdistys\/wp-content\/uploads\/2014\/10\/Jukolan-Motti-26-10-2014-koiravaljakko.jpg\"><img loading=\"lazy\" decoding=\"async\" class=\"wp-image-9386 size-full\" src=\"http:\/\/www.rukajarvensuunnanhistoriayhdistys.fi\/historiayhdistys\/wp-content\/uploads\/2014\/10\/Jukolan-Motti-26-10-2014-koiravaljakko.jpg\" alt=\"Er\u00e4opas Panu Sipil\u00e4 pist\u00e4ytyi Jukolan Motissa valjakkonsa kanssa. Todella vaikuttava n\u00e4ky.\" width=\"1754\" height=\"1240\" data-id=\"9386\" srcset=\"http:\/\/www.rukajarvensuunnanhistoriayhdistys.fi\/historiayhdistys\/wp-content\/uploads\/2014\/10\/Jukolan-Motti-26-10-2014-koiravaljakko.jpg 1754w, http:\/\/www.rukajarvensuunnanhistoriayhdistys.fi\/historiayhdistys\/wp-content\/uploads\/2014\/10\/Jukolan-Motti-26-10-2014-koiravaljakko-300x212.jpg 300w, http:\/\/www.rukajarvensuunnanhistoriayhdistys.fi\/historiayhdistys\/wp-content\/uploads\/2014\/10\/Jukolan-Motti-26-10-2014-koiravaljakko-1024x723.jpg 1024w\" sizes=\"auto, (max-width: 1754px) 100vw, 1754px\" \/><\/a><figcaption id=\"caption-attachment-9386\" class=\"wp-caption-text\">Er\u00e4opas Panu Sipil\u00e4 pist\u00e4ytyi Jukolan Motissa valjakkonsa kanssa. Todella vaikuttava n\u00e4ky.<\/figcaption><\/figure>\n<figure id=\"attachment_9389\" aria-describedby=\"caption-attachment-9389\" style=\"width: 1754px\" class=\"wp-caption alignnone\"><a href=\"http:\/\/www.rukajarvensuunnanhistoriayhdistys.fi\/historiayhdistys\/wp-content\/uploads\/2014\/10\/Jukolan-Motti-26-10-2014-hitsaus-2.jpg\"><img loading=\"lazy\" decoding=\"async\" class=\"wp-image-9389 size-full\" src=\"http:\/\/www.rukajarvensuunnanhistoriayhdistys.fi\/historiayhdistys\/wp-content\/uploads\/2014\/10\/Jukolan-Motti-26-10-2014-hitsaus-2.jpg\" alt=\"Heikki Turunen asensi keskisalon ja sen latvaan tulevat tukiraudat. Korkeutta keskisalolla on per\u00e4ti 5,2 m.\" width=\"1754\" height=\"1240\" data-id=\"9389\" srcset=\"http:\/\/www.rukajarvensuunnanhistoriayhdistys.fi\/historiayhdistys\/wp-content\/uploads\/2014\/10\/Jukolan-Motti-26-10-2014-hitsaus-2.jpg 1754w, http:\/\/www.rukajarvensuunnanhistoriayhdistys.fi\/historiayhdistys\/wp-content\/uploads\/2014\/10\/Jukolan-Motti-26-10-2014-hitsaus-2-300x212.jpg 300w, http:\/\/www.rukajarvensuunnanhistoriayhdistys.fi\/historiayhdistys\/wp-content\/uploads\/2014\/10\/Jukolan-Motti-26-10-2014-hitsaus-2-1024x723.jpg 1024w\" sizes=\"auto, (max-width: 1754px) 100vw, 1754px\" \/><\/a><figcaption id=\"caption-attachment-9389\" class=\"wp-caption-text\">Heikki Turunen asensi keskisalon ja sen latvaan tulevat tukiraudat. Korkeutta keskisalolla on per\u00e4ti 5,2 m.<\/figcaption><\/figure>\n<figure id=\"attachment_9388\" aria-describedby=\"caption-attachment-9388\" style=\"width: 1754px\" class=\"wp-caption alignnone\"><a href=\"http:\/\/www.rukajarvensuunnanhistoriayhdistys.fi\/historiayhdistys\/wp-content\/uploads\/2014\/10\/Jukolan-Motti-26-10-2014-hitsaus.jpg\"><img loading=\"lazy\" decoding=\"async\" class=\"wp-image-9388 size-full\" src=\"http:\/\/www.rukajarvensuunnanhistoriayhdistys.fi\/historiayhdistys\/wp-content\/uploads\/2014\/10\/Jukolan-Motti-26-10-2014-hitsaus.jpg\" alt=\"Heikilt\u00e4 k\u00e4y hitsaaminen kuin leikki korkean maston p\u00e4\u00e4ss\u00e4. \" width=\"1754\" height=\"1240\" data-id=\"9388\" srcset=\"http:\/\/www.rukajarvensuunnanhistoriayhdistys.fi\/historiayhdistys\/wp-content\/uploads\/2014\/10\/Jukolan-Motti-26-10-2014-hitsaus.jpg 1754w, http:\/\/www.rukajarvensuunnanhistoriayhdistys.fi\/historiayhdistys\/wp-content\/uploads\/2014\/10\/Jukolan-Motti-26-10-2014-hitsaus-300x212.jpg 300w, http:\/\/www.rukajarvensuunnanhistoriayhdistys.fi\/historiayhdistys\/wp-content\/uploads\/2014\/10\/Jukolan-Motti-26-10-2014-hitsaus-1024x723.jpg 1024w\" sizes=\"auto, (max-width: 1754px) 100vw, 1754px\" \/><\/a><figcaption id=\"caption-attachment-9388\" class=\"wp-caption-text\">Heikilt\u00e4 k\u00e4y hitsaaminen kuin leikki korkean maston p\u00e4\u00e4ss\u00e4.<\/figcaption><\/figure>\n<figure id=\"attachment_9387\" aria-describedby=\"caption-attachment-9387\" style=\"width: 1754px\" class=\"wp-caption alignnone\"><a href=\"http:\/\/www.rukajarvensuunnanhistoriayhdistys.fi\/historiayhdistys\/wp-content\/uploads\/2014\/10\/Jukolan-Motti-26-10-2014-2.jpg\"><img loading=\"lazy\" decoding=\"async\" class=\"wp-image-9387 size-full\" src=\"http:\/\/www.rukajarvensuunnanhistoriayhdistys.fi\/historiayhdistys\/wp-content\/uploads\/2014\/10\/Jukolan-Motti-26-10-2014-2.jpg\" alt=\"Talkooporukka kahvitauolla, Arto R\u00e4s\u00e4nen, Jouni K\u00f6ntt\u00e4, Arto Turpeinen, P\u00e4ivi Putkonen, Mauri M\u00f6nkk\u00f6nen, Heikki Turunen ja Pirkko M\u00f6nkk\u00f6nen.\" width=\"1754\" height=\"1240\" data-id=\"9387\" srcset=\"http:\/\/www.rukajarvensuunnanhistoriayhdistys.fi\/historiayhdistys\/wp-content\/uploads\/2014\/10\/Jukolan-Motti-26-10-2014-2.jpg 1754w, http:\/\/www.rukajarvensuunnanhistoriayhdistys.fi\/historiayhdistys\/wp-content\/uploads\/2014\/10\/Jukolan-Motti-26-10-2014-2-300x212.jpg 300w, http:\/\/www.rukajarvensuunnanhistoriayhdistys.fi\/historiayhdistys\/wp-content\/uploads\/2014\/10\/Jukolan-Motti-26-10-2014-2-1024x723.jpg 1024w\" sizes=\"auto, (max-width: 1754px) 100vw, 1754px\" \/><\/a><figcaption id=\"caption-attachment-9387\" class=\"wp-caption-text\">Talkooporukka kahvitauolla, Arto R\u00e4s\u00e4nen, Jouni K\u00f6ntt\u00e4, Arto Turpeinen, P\u00e4ivi Putkonen, Mauri M\u00f6nkk\u00f6nen, Heikki Turunen ja Pirkko M\u00f6nkk\u00f6nen.<\/figcaption><\/figure>\n<h1>Juhlap\u00e4iv\u00e4n kunniaksi sytytettiin kynttil\u00e4t<\/h1>\n<figure id=\"attachment_9372\" aria-describedby=\"caption-attachment-9372\" style=\"width: 1754px\" class=\"wp-caption alignnone\"><a href=\"http:\/\/www.rukajarvensuunnanhistoriayhdistys.fi\/historiayhdistys\/wp-content\/uploads\/2014\/10\/Jukolan-Motti-kynttil\u00e4t-syttyiv\u00e4t.jpg\"><img loading=\"lazy\" decoding=\"async\" class=\"wp-image-9372 size-full\" src=\"http:\/\/www.rukajarvensuunnanhistoriayhdistys.fi\/historiayhdistys\/wp-content\/uploads\/2014\/10\/Jukolan-Motti-kynttil\u00e4t-syttyiv\u00e4t.jpg\" alt=\"Jukolan Mottiin sytytettiin kynttil\u00e4t juhlap\u00e4iv\u00e4n kunniaksi.\" width=\"1754\" height=\"1240\" data-id=\"9372\" srcset=\"http:\/\/www.rukajarvensuunnanhistoriayhdistys.fi\/historiayhdistys\/wp-content\/uploads\/2014\/10\/Jukolan-Motti-kynttil\u00e4t-syttyiv\u00e4t.jpg 1754w, http:\/\/www.rukajarvensuunnanhistoriayhdistys.fi\/historiayhdistys\/wp-content\/uploads\/2014\/10\/Jukolan-Motti-kynttil\u00e4t-syttyiv\u00e4t-300x212.jpg 300w, http:\/\/www.rukajarvensuunnanhistoriayhdistys.fi\/historiayhdistys\/wp-content\/uploads\/2014\/10\/Jukolan-Motti-kynttil\u00e4t-syttyiv\u00e4t-1024x723.jpg 1024w\" sizes=\"auto, (max-width: 1754px) 100vw, 1754px\" \/><\/a><figcaption id=\"caption-attachment-9372\" class=\"wp-caption-text\">Jukolan Mottiin sytytettiin kynttil\u00e4t juhlap\u00e4iv\u00e4n kunniaksi.<\/figcaption><\/figure>\n<h1>Palataan sodan j\u00e4lkeiseen aikaan<\/h1>\n<p>Sotap\u00e4iv\u00e4kirja (9.\/JR 10) kertoo, ett\u00e4 oli pilvinen tihkusateinen aamu, viile\u00e4t\u00e4. &#8221;Aamup\u00e4iv\u00e4ll\u00e4 aseitten puhdistus ja tarkastus, iltap\u00e4iv\u00e4ll\u00e4 aseitten luokitustarkastus ja t\u00e4itarkastus. T\u00e4iprosentti pieni n. 6 %.<\/p>\n<p>&nbsp;<\/p>\n<p>&nbsp;<\/p>\n","protected":false},"excerpt":{"rendered":"<p>Talkooty\u00f6t aloitettiin (26.10.) &#8211; vesisateessa &#8211; l\u00e4mp\u00f6tila +\u00a03 asteen vaiheilla, p\u00e4iv\u00e4ll\u00e4 satoi rankastikin ja iltap\u00e4iv\u00e4ll\u00e4 sade lakkasi. Paikan siivousty\u00f6t\u00e4 ja tasaamista jatkettiin. Lis\u00e4ksi valmistauduttiin maanantain kattotuolien asentamista varten, rakennustarvikkeita\u00a0aseteltiin paikoilleen. <a class=\"more-link\" href=\"http:\/\/www.rukajarvensuunnanhistoriayhdistys.fi\/historiayhdistys\/juhlapaivan-kunniaksi-jukolan-motissa-syttyivat-kynttilat\/\">Teksti jatkuu&#8230;<span class=\"screen-reader-text\">Juhlap\u00e4iv\u00e4n kunniaksi Jukolan Motissa syttyiv\u00e4t kynttil\u00e4t<\/span><span class=\"meta-nav\">\u2192<\/span><\/a><\/p>\n","protected":false},"author":3,"featured_media":9372,"comment_status":"closed","ping_status":"open","sticky":false,"template":"","format":"standard","meta":{"footnotes":""},"categories":[22],"tags":[],"class_list":["post-9379","post","type-post","status-publish","format-standard","has-post-thumbnail","hentry","category-ajankohtaista"],"yoast_head":"<!-- This site is optimized with the Yoast SEO plugin v27.4 - https:\/\/yoast.com\/product\/yoast-seo-wordpress\/ -->\n<title>Juhlap\u00e4iv\u00e4n kunniaksi Jukolan Motissa syttyiv\u00e4t kynttil\u00e4t - Rukaj\u00e4rven suunnan historiayhdistys<\/title>\n<meta name=\"robots\" content=\"index, follow, max-snippet:-1, max-image-preview:large, max-video-preview:-1\" \/>\n<link rel=\"canonical\" href=\"http:\/\/www.rukajarvensuunnanhistoriayhdistys.fi\/historiayhdistys\/juhlapaivan-kunniaksi-jukolan-motissa-syttyivat-kynttilat\/\" \/>\n<meta property=\"og:locale\" content=\"fi_FI\" \/>\n<meta property=\"og:type\" content=\"article\" \/>\n<meta property=\"og:title\" content=\"Juhlap\u00e4iv\u00e4n kunniaksi Jukolan Motissa syttyiv\u00e4t kynttil\u00e4t - Rukaj\u00e4rven suunnan historiayhdistys\" \/>\n<meta property=\"og:description\" content=\"Talkooty\u00f6t aloitettiin (26.10.) &#8211; vesisateessa &#8211; l\u00e4mp\u00f6tila +\u00a03 asteen vaiheilla, p\u00e4iv\u00e4ll\u00e4 satoi rankastikin ja iltap\u00e4iv\u00e4ll\u00e4 sade lakkasi. Paikan siivousty\u00f6t\u00e4 ja tasaamista jatkettiin. Lis\u00e4ksi valmistauduttiin maanantain kattotuolien asentamista varten, rakennustarvikkeita\u00a0aseteltiin paikoilleen. Teksti jatkuu...Juhlap\u00e4iv\u00e4n kunniaksi Jukolan Motissa syttyiv\u00e4t kynttil\u00e4t\u2192\" \/>\n<meta property=\"og:url\" content=\"http:\/\/www.rukajarvensuunnanhistoriayhdistys.fi\/historiayhdistys\/juhlapaivan-kunniaksi-jukolan-motissa-syttyivat-kynttilat\/\" \/>\n<meta property=\"og:site_name\" content=\"Rukaj\u00e4rven suunnan historiayhdistys\" \/>\n<meta property=\"article:published_time\" content=\"2014-10-26T08:43:47+00:00\" \/>\n<meta property=\"article:modified_time\" content=\"2014-11-02T11:41:07+00:00\" \/>\n<meta property=\"og:image\" content=\"http:\/\/www.rukajarvensuunnanhistoriayhdistys.fi\/historiayhdistys\/wp-content\/uploads\/2014\/10\/Jukolan-Motti-kynttil\u00e4t-syttyiv\u00e4t.jpg\" \/>\n\t<meta property=\"og:image:width\" content=\"1754\" \/>\n\t<meta property=\"og:image:height\" content=\"1240\" \/>\n\t<meta property=\"og:image:type\" content=\"image\/jpeg\" \/>\n<meta name=\"author\" content=\"RSHY\" \/>\n<meta name=\"twitter:label1\" content=\"Kirjoittanut\" \/>\n\t<meta name=\"twitter:data1\" content=\"RSHY\" \/>\n\t<meta name=\"twitter:label2\" content=\"Arvioitu lukuaika\" \/>\n\t<meta name=\"twitter:data2\" content=\"2 minuuttia\" \/>\n<script type=\"application\/ld+json\" class=\"yoast-schema-graph\">{\"@context\":\"https:\\\/\\\/schema.org\",\"@graph\":[{\"@type\":\"Article\",\"@id\":\"http:\\\/\\\/www.rukajarvensuunnanhistoriayhdistys.fi\\\/historiayhdistys\\\/juhlapaivan-kunniaksi-jukolan-motissa-syttyivat-kynttilat\\\/#article\",\"isPartOf\":{\"@id\":\"http:\\\/\\\/www.rukajarvensuunnanhistoriayhdistys.fi\\\/historiayhdistys\\\/juhlapaivan-kunniaksi-jukolan-motissa-syttyivat-kynttilat\\\/\"},\"author\":{\"name\":\"RSHY\",\"@id\":\"http:\\\/\\\/www.rukajarvensuunnanhistoriayhdistys.fi\\\/historiayhdistys\\\/#\\\/schema\\\/person\\\/19de7db68bf72dfd2b5d7f6dfbf8454d\"},\"headline\":\"Juhlap\u00e4iv\u00e4n kunniaksi Jukolan Motissa syttyiv\u00e4t kynttil\u00e4t\",\"datePublished\":\"2014-10-26T08:43:47+00:00\",\"dateModified\":\"2014-11-02T11:41:07+00:00\",\"mainEntityOfPage\":{\"@id\":\"http:\\\/\\\/www.rukajarvensuunnanhistoriayhdistys.fi\\\/historiayhdistys\\\/juhlapaivan-kunniaksi-jukolan-motissa-syttyivat-kynttilat\\\/\"},\"wordCount\":357,\"publisher\":{\"@id\":\"http:\\\/\\\/www.rukajarvensuunnanhistoriayhdistys.fi\\\/historiayhdistys\\\/#organization\"},\"image\":{\"@id\":\"http:\\\/\\\/www.rukajarvensuunnanhistoriayhdistys.fi\\\/historiayhdistys\\\/juhlapaivan-kunniaksi-jukolan-motissa-syttyivat-kynttilat\\\/#primaryimage\"},\"thumbnailUrl\":\"http:\\\/\\\/www.rukajarvensuunnanhistoriayhdistys.fi\\\/historiayhdistys\\\/wp-content\\\/uploads\\\/2014\\\/10\\\/Jukolan-Motti-kynttil\u00e4t-syttyiv\u00e4t.jpg\",\"articleSection\":[\"Ajankohtaista\"],\"inLanguage\":\"fi\"},{\"@type\":\"WebPage\",\"@id\":\"http:\\\/\\\/www.rukajarvensuunnanhistoriayhdistys.fi\\\/historiayhdistys\\\/juhlapaivan-kunniaksi-jukolan-motissa-syttyivat-kynttilat\\\/\",\"url\":\"http:\\\/\\\/www.rukajarvensuunnanhistoriayhdistys.fi\\\/historiayhdistys\\\/juhlapaivan-kunniaksi-jukolan-motissa-syttyivat-kynttilat\\\/\",\"name\":\"Juhlap\u00e4iv\u00e4n kunniaksi Jukolan Motissa syttyiv\u00e4t kynttil\u00e4t - Rukaj\u00e4rven suunnan historiayhdistys\",\"isPartOf\":{\"@id\":\"http:\\\/\\\/www.rukajarvensuunnanhistoriayhdistys.fi\\\/historiayhdistys\\\/#website\"},\"primaryImageOfPage\":{\"@id\":\"http:\\\/\\\/www.rukajarvensuunnanhistoriayhdistys.fi\\\/historiayhdistys\\\/juhlapaivan-kunniaksi-jukolan-motissa-syttyivat-kynttilat\\\/#primaryimage\"},\"image\":{\"@id\":\"http:\\\/\\\/www.rukajarvensuunnanhistoriayhdistys.fi\\\/historiayhdistys\\\/juhlapaivan-kunniaksi-jukolan-motissa-syttyivat-kynttilat\\\/#primaryimage\"},\"thumbnailUrl\":\"http:\\\/\\\/www.rukajarvensuunnanhistoriayhdistys.fi\\\/historiayhdistys\\\/wp-content\\\/uploads\\\/2014\\\/10\\\/Jukolan-Motti-kynttil\u00e4t-syttyiv\u00e4t.jpg\",\"datePublished\":\"2014-10-26T08:43:47+00:00\",\"dateModified\":\"2014-11-02T11:41:07+00:00\",\"breadcrumb\":{\"@id\":\"http:\\\/\\\/www.rukajarvensuunnanhistoriayhdistys.fi\\\/historiayhdistys\\\/juhlapaivan-kunniaksi-jukolan-motissa-syttyivat-kynttilat\\\/#breadcrumb\"},\"inLanguage\":\"fi\",\"potentialAction\":[{\"@type\":\"ReadAction\",\"target\":[\"http:\\\/\\\/www.rukajarvensuunnanhistoriayhdistys.fi\\\/historiayhdistys\\\/juhlapaivan-kunniaksi-jukolan-motissa-syttyivat-kynttilat\\\/\"]}]},{\"@type\":\"ImageObject\",\"inLanguage\":\"fi\",\"@id\":\"http:\\\/\\\/www.rukajarvensuunnanhistoriayhdistys.fi\\\/historiayhdistys\\\/juhlapaivan-kunniaksi-jukolan-motissa-syttyivat-kynttilat\\\/#primaryimage\",\"url\":\"http:\\\/\\\/www.rukajarvensuunnanhistoriayhdistys.fi\\\/historiayhdistys\\\/wp-content\\\/uploads\\\/2014\\\/10\\\/Jukolan-Motti-kynttil\u00e4t-syttyiv\u00e4t.jpg\",\"contentUrl\":\"http:\\\/\\\/www.rukajarvensuunnanhistoriayhdistys.fi\\\/historiayhdistys\\\/wp-content\\\/uploads\\\/2014\\\/10\\\/Jukolan-Motti-kynttil\u00e4t-syttyiv\u00e4t.jpg\",\"width\":1754,\"height\":1240,\"caption\":\"Jukolan Mottiin sytytettiin kynttil\u00e4t juhlap\u00e4iv\u00e4n kunniaksi.\"},{\"@type\":\"BreadcrumbList\",\"@id\":\"http:\\\/\\\/www.rukajarvensuunnanhistoriayhdistys.fi\\\/historiayhdistys\\\/juhlapaivan-kunniaksi-jukolan-motissa-syttyivat-kynttilat\\\/#breadcrumb\",\"itemListElement\":[{\"@type\":\"ListItem\",\"position\":1,\"name\":\"Etusivu\",\"item\":\"http:\\\/\\\/www.rukajarvensuunnanhistoriayhdistys.fi\\\/historiayhdistys\\\/\"},{\"@type\":\"ListItem\",\"position\":2,\"name\":\"Juhlap\u00e4iv\u00e4n kunniaksi Jukolan Motissa syttyiv\u00e4t kynttil\u00e4t\"}]},{\"@type\":\"WebSite\",\"@id\":\"http:\\\/\\\/www.rukajarvensuunnanhistoriayhdistys.fi\\\/historiayhdistys\\\/#website\",\"url\":\"http:\\\/\\\/www.rukajarvensuunnanhistoriayhdistys.fi\\\/historiayhdistys\\\/\",\"name\":\"Rukaj\u00e4rven suunnan historiayhdistys\",\"description\":\"Rukaj\u00e4rven suunnan historiayhdistyksen verkkosivut.\",\"publisher\":{\"@id\":\"http:\\\/\\\/www.rukajarvensuunnanhistoriayhdistys.fi\\\/historiayhdistys\\\/#organization\"},\"potentialAction\":[{\"@type\":\"SearchAction\",\"target\":{\"@type\":\"EntryPoint\",\"urlTemplate\":\"http:\\\/\\\/www.rukajarvensuunnanhistoriayhdistys.fi\\\/historiayhdistys\\\/?s={search_term_string}\"},\"query-input\":{\"@type\":\"PropertyValueSpecification\",\"valueRequired\":true,\"valueName\":\"search_term_string\"}}],\"inLanguage\":\"fi\"},{\"@type\":\"Organization\",\"@id\":\"http:\\\/\\\/www.rukajarvensuunnanhistoriayhdistys.fi\\\/historiayhdistys\\\/#organization\",\"name\":\"Rukaj\u00e4rven suunnan historiayhdistys\",\"url\":\"http:\\\/\\\/www.rukajarvensuunnanhistoriayhdistys.fi\\\/historiayhdistys\\\/\",\"logo\":{\"@type\":\"ImageObject\",\"inLanguage\":\"fi\",\"@id\":\"http:\\\/\\\/www.rukajarvensuunnanhistoriayhdistys.fi\\\/historiayhdistys\\\/#\\\/schema\\\/logo\\\/image\\\/\",\"url\":\"http:\\\/\\\/www.rukajarvensuunnanhistoriayhdistys.fi\\\/historiayhdistys\\\/wp-content\\\/uploads\\\/2013\\\/12\\\/Otsake_3.jpg\",\"contentUrl\":\"http:\\\/\\\/www.rukajarvensuunnanhistoriayhdistys.fi\\\/historiayhdistys\\\/wp-content\\\/uploads\\\/2013\\\/12\\\/Otsake_3.jpg\",\"width\":1000,\"height\":442,\"caption\":\"Rukaj\u00e4rven suunnan historiayhdistys\"},\"image\":{\"@id\":\"http:\\\/\\\/www.rukajarvensuunnanhistoriayhdistys.fi\\\/historiayhdistys\\\/#\\\/schema\\\/logo\\\/image\\\/\"}},{\"@type\":\"Person\",\"@id\":\"http:\\\/\\\/www.rukajarvensuunnanhistoriayhdistys.fi\\\/historiayhdistys\\\/#\\\/schema\\\/person\\\/19de7db68bf72dfd2b5d7f6dfbf8454d\",\"name\":\"RSHY\",\"image\":{\"@type\":\"ImageObject\",\"inLanguage\":\"fi\",\"@id\":\"https:\\\/\\\/secure.gravatar.com\\\/avatar\\\/598d59263a69cc8de65fcb4f9db78d6f58c098cb0e0ba22d73377441af9fa04c?s=96&d=blank&r=g\",\"url\":\"https:\\\/\\\/secure.gravatar.com\\\/avatar\\\/598d59263a69cc8de65fcb4f9db78d6f58c098cb0e0ba22d73377441af9fa04c?s=96&d=blank&r=g\",\"contentUrl\":\"https:\\\/\\\/secure.gravatar.com\\\/avatar\\\/598d59263a69cc8de65fcb4f9db78d6f58c098cb0e0ba22d73377441af9fa04c?s=96&d=blank&r=g\",\"caption\":\"RSHY\"},\"url\":\"http:\\\/\\\/www.rukajarvensuunnanhistoriayhdistys.fi\\\/historiayhdistys\\\/author\\\/rshy\\\/\"}]}<\/script>\n<!-- \/ Yoast SEO plugin. -->","yoast_head_json":{"title":"Juhlap\u00e4iv\u00e4n kunniaksi Jukolan Motissa syttyiv\u00e4t kynttil\u00e4t - Rukaj\u00e4rven suunnan historiayhdistys","robots":{"index":"index","follow":"follow","max-snippet":"max-snippet:-1","max-image-preview":"max-image-preview:large","max-video-preview":"max-video-preview:-1"},"canonical":"http:\/\/www.rukajarvensuunnanhistoriayhdistys.fi\/historiayhdistys\/juhlapaivan-kunniaksi-jukolan-motissa-syttyivat-kynttilat\/","og_locale":"fi_FI","og_type":"article","og_title":"Juhlap\u00e4iv\u00e4n kunniaksi Jukolan Motissa syttyiv\u00e4t kynttil\u00e4t - Rukaj\u00e4rven suunnan historiayhdistys","og_description":"Talkooty\u00f6t aloitettiin (26.10.) &#8211; vesisateessa &#8211; l\u00e4mp\u00f6tila +\u00a03 asteen vaiheilla, p\u00e4iv\u00e4ll\u00e4 satoi rankastikin ja iltap\u00e4iv\u00e4ll\u00e4 sade lakkasi. Paikan siivousty\u00f6t\u00e4 ja tasaamista jatkettiin. Lis\u00e4ksi valmistauduttiin maanantain kattotuolien asentamista varten, rakennustarvikkeita\u00a0aseteltiin paikoilleen. Teksti jatkuu...Juhlap\u00e4iv\u00e4n kunniaksi Jukolan Motissa syttyiv\u00e4t kynttil\u00e4t\u2192","og_url":"http:\/\/www.rukajarvensuunnanhistoriayhdistys.fi\/historiayhdistys\/juhlapaivan-kunniaksi-jukolan-motissa-syttyivat-kynttilat\/","og_site_name":"Rukaj\u00e4rven suunnan historiayhdistys","article_published_time":"2014-10-26T08:43:47+00:00","article_modified_time":"2014-11-02T11:41:07+00:00","og_image":[{"width":1754,"height":1240,"url":"http:\/\/www.rukajarvensuunnanhistoriayhdistys.fi\/historiayhdistys\/wp-content\/uploads\/2014\/10\/Jukolan-Motti-kynttil\u00e4t-syttyiv\u00e4t.jpg","type":"image\/jpeg"}],"author":"RSHY","twitter_misc":{"Kirjoittanut":"RSHY","Arvioitu lukuaika":"2 minuuttia"},"schema":{"@context":"https:\/\/schema.org","@graph":[{"@type":"Article","@id":"http:\/\/www.rukajarvensuunnanhistoriayhdistys.fi\/historiayhdistys\/juhlapaivan-kunniaksi-jukolan-motissa-syttyivat-kynttilat\/#article","isPartOf":{"@id":"http:\/\/www.rukajarvensuunnanhistoriayhdistys.fi\/historiayhdistys\/juhlapaivan-kunniaksi-jukolan-motissa-syttyivat-kynttilat\/"},"author":{"name":"RSHY","@id":"http:\/\/www.rukajarvensuunnanhistoriayhdistys.fi\/historiayhdistys\/#\/schema\/person\/19de7db68bf72dfd2b5d7f6dfbf8454d"},"headline":"Juhlap\u00e4iv\u00e4n kunniaksi Jukolan Motissa syttyiv\u00e4t kynttil\u00e4t","datePublished":"2014-10-26T08:43:47+00:00","dateModified":"2014-11-02T11:41:07+00:00","mainEntityOfPage":{"@id":"http:\/\/www.rukajarvensuunnanhistoriayhdistys.fi\/historiayhdistys\/juhlapaivan-kunniaksi-jukolan-motissa-syttyivat-kynttilat\/"},"wordCount":357,"publisher":{"@id":"http:\/\/www.rukajarvensuunnanhistoriayhdistys.fi\/historiayhdistys\/#organization"},"image":{"@id":"http:\/\/www.rukajarvensuunnanhistoriayhdistys.fi\/historiayhdistys\/juhlapaivan-kunniaksi-jukolan-motissa-syttyivat-kynttilat\/#primaryimage"},"thumbnailUrl":"http:\/\/www.rukajarvensuunnanhistoriayhdistys.fi\/historiayhdistys\/wp-content\/uploads\/2014\/10\/Jukolan-Motti-kynttil\u00e4t-syttyiv\u00e4t.jpg","articleSection":["Ajankohtaista"],"inLanguage":"fi"},{"@type":"WebPage","@id":"http:\/\/www.rukajarvensuunnanhistoriayhdistys.fi\/historiayhdistys\/juhlapaivan-kunniaksi-jukolan-motissa-syttyivat-kynttilat\/","url":"http:\/\/www.rukajarvensuunnanhistoriayhdistys.fi\/historiayhdistys\/juhlapaivan-kunniaksi-jukolan-motissa-syttyivat-kynttilat\/","name":"Juhlap\u00e4iv\u00e4n kunniaksi Jukolan Motissa syttyiv\u00e4t kynttil\u00e4t - Rukaj\u00e4rven suunnan historiayhdistys","isPartOf":{"@id":"http:\/\/www.rukajarvensuunnanhistoriayhdistys.fi\/historiayhdistys\/#website"},"primaryImageOfPage":{"@id":"http:\/\/www.rukajarvensuunnanhistoriayhdistys.fi\/historiayhdistys\/juhlapaivan-kunniaksi-jukolan-motissa-syttyivat-kynttilat\/#primaryimage"},"image":{"@id":"http:\/\/www.rukajarvensuunnanhistoriayhdistys.fi\/historiayhdistys\/juhlapaivan-kunniaksi-jukolan-motissa-syttyivat-kynttilat\/#primaryimage"},"thumbnailUrl":"http:\/\/www.rukajarvensuunnanhistoriayhdistys.fi\/historiayhdistys\/wp-content\/uploads\/2014\/10\/Jukolan-Motti-kynttil\u00e4t-syttyiv\u00e4t.jpg","datePublished":"2014-10-26T08:43:47+00:00","dateModified":"2014-11-02T11:41:07+00:00","breadcrumb":{"@id":"http:\/\/www.rukajarvensuunnanhistoriayhdistys.fi\/historiayhdistys\/juhlapaivan-kunniaksi-jukolan-motissa-syttyivat-kynttilat\/#breadcrumb"},"inLanguage":"fi","potentialAction":[{"@type":"ReadAction","target":["http:\/\/www.rukajarvensuunnanhistoriayhdistys.fi\/historiayhdistys\/juhlapaivan-kunniaksi-jukolan-motissa-syttyivat-kynttilat\/"]}]},{"@type":"ImageObject","inLanguage":"fi","@id":"http:\/\/www.rukajarvensuunnanhistoriayhdistys.fi\/historiayhdistys\/juhlapaivan-kunniaksi-jukolan-motissa-syttyivat-kynttilat\/#primaryimage","url":"http:\/\/www.rukajarvensuunnanhistoriayhdistys.fi\/historiayhdistys\/wp-content\/uploads\/2014\/10\/Jukolan-Motti-kynttil\u00e4t-syttyiv\u00e4t.jpg","contentUrl":"http:\/\/www.rukajarvensuunnanhistoriayhdistys.fi\/historiayhdistys\/wp-content\/uploads\/2014\/10\/Jukolan-Motti-kynttil\u00e4t-syttyiv\u00e4t.jpg","width":1754,"height":1240,"caption":"Jukolan Mottiin sytytettiin kynttil\u00e4t juhlap\u00e4iv\u00e4n kunniaksi."},{"@type":"BreadcrumbList","@id":"http:\/\/www.rukajarvensuunnanhistoriayhdistys.fi\/historiayhdistys\/juhlapaivan-kunniaksi-jukolan-motissa-syttyivat-kynttilat\/#breadcrumb","itemListElement":[{"@type":"ListItem","position":1,"name":"Etusivu","item":"http:\/\/www.rukajarvensuunnanhistoriayhdistys.fi\/historiayhdistys\/"},{"@type":"ListItem","position":2,"name":"Juhlap\u00e4iv\u00e4n kunniaksi Jukolan Motissa syttyiv\u00e4t kynttil\u00e4t"}]},{"@type":"WebSite","@id":"http:\/\/www.rukajarvensuunnanhistoriayhdistys.fi\/historiayhdistys\/#website","url":"http:\/\/www.rukajarvensuunnanhistoriayhdistys.fi\/historiayhdistys\/","name":"Rukaj\u00e4rven suunnan historiayhdistys","description":"Rukaj\u00e4rven suunnan historiayhdistyksen verkkosivut.","publisher":{"@id":"http:\/\/www.rukajarvensuunnanhistoriayhdistys.fi\/historiayhdistys\/#organization"},"potentialAction":[{"@type":"SearchAction","target":{"@type":"EntryPoint","urlTemplate":"http:\/\/www.rukajarvensuunnanhistoriayhdistys.fi\/historiayhdistys\/?s={search_term_string}"},"query-input":{"@type":"PropertyValueSpecification","valueRequired":true,"valueName":"search_term_string"}}],"inLanguage":"fi"},{"@type":"Organization","@id":"http:\/\/www.rukajarvensuunnanhistoriayhdistys.fi\/historiayhdistys\/#organization","name":"Rukaj\u00e4rven suunnan historiayhdistys","url":"http:\/\/www.rukajarvensuunnanhistoriayhdistys.fi\/historiayhdistys\/","logo":{"@type":"ImageObject","inLanguage":"fi","@id":"http:\/\/www.rukajarvensuunnanhistoriayhdistys.fi\/historiayhdistys\/#\/schema\/logo\/image\/","url":"http:\/\/www.rukajarvensuunnanhistoriayhdistys.fi\/historiayhdistys\/wp-content\/uploads\/2013\/12\/Otsake_3.jpg","contentUrl":"http:\/\/www.rukajarvensuunnanhistoriayhdistys.fi\/historiayhdistys\/wp-content\/uploads\/2013\/12\/Otsake_3.jpg","width":1000,"height":442,"caption":"Rukaj\u00e4rven suunnan historiayhdistys"},"image":{"@id":"http:\/\/www.rukajarvensuunnanhistoriayhdistys.fi\/historiayhdistys\/#\/schema\/logo\/image\/"}},{"@type":"Person","@id":"http:\/\/www.rukajarvensuunnanhistoriayhdistys.fi\/historiayhdistys\/#\/schema\/person\/19de7db68bf72dfd2b5d7f6dfbf8454d","name":"RSHY","image":{"@type":"ImageObject","inLanguage":"fi","@id":"https:\/\/secure.gravatar.com\/avatar\/598d59263a69cc8de65fcb4f9db78d6f58c098cb0e0ba22d73377441af9fa04c?s=96&d=blank&r=g","url":"https:\/\/secure.gravatar.com\/avatar\/598d59263a69cc8de65fcb4f9db78d6f58c098cb0e0ba22d73377441af9fa04c?s=96&d=blank&r=g","contentUrl":"https:\/\/secure.gravatar.com\/avatar\/598d59263a69cc8de65fcb4f9db78d6f58c098cb0e0ba22d73377441af9fa04c?s=96&d=blank&r=g","caption":"RSHY"},"url":"http:\/\/www.rukajarvensuunnanhistoriayhdistys.fi\/historiayhdistys\/author\/rshy\/"}]}},"_links":{"self":[{"href":"http:\/\/www.rukajarvensuunnanhistoriayhdistys.fi\/historiayhdistys\/wp-json\/wp\/v2\/posts\/9379","targetHints":{"allow":["GET"]}}],"collection":[{"href":"http:\/\/www.rukajarvensuunnanhistoriayhdistys.fi\/historiayhdistys\/wp-json\/wp\/v2\/posts"}],"about":[{"href":"http:\/\/www.rukajarvensuunnanhistoriayhdistys.fi\/historiayhdistys\/wp-json\/wp\/v2\/types\/post"}],"author":[{"embeddable":true,"href":"http:\/\/www.rukajarvensuunnanhistoriayhdistys.fi\/historiayhdistys\/wp-json\/wp\/v2\/users\/3"}],"replies":[{"embeddable":true,"href":"http:\/\/www.rukajarvensuunnanhistoriayhdistys.fi\/historiayhdistys\/wp-json\/wp\/v2\/comments?post=9379"}],"version-history":[{"count":8,"href":"http:\/\/www.rukajarvensuunnanhistoriayhdistys.fi\/historiayhdistys\/wp-json\/wp\/v2\/posts\/9379\/revisions"}],"predecessor-version":[{"id":9393,"href":"http:\/\/www.rukajarvensuunnanhistoriayhdistys.fi\/historiayhdistys\/wp-json\/wp\/v2\/posts\/9379\/revisions\/9393"}],"wp:featuredmedia":[{"embeddable":true,"href":"http:\/\/www.rukajarvensuunnanhistoriayhdistys.fi\/historiayhdistys\/wp-json\/wp\/v2\/media\/9372"}],"wp:attachment":[{"href":"http:\/\/www.rukajarvensuunnanhistoriayhdistys.fi\/historiayhdistys\/wp-json\/wp\/v2\/media?parent=9379"}],"wp:term":[{"taxonomy":"category","embeddable":true,"href":"http:\/\/www.rukajarvensuunnanhistoriayhdistys.fi\/historiayhdistys\/wp-json\/wp\/v2\/categories?post=9379"},{"taxonomy":"post_tag","embeddable":true,"href":"http:\/\/www.rukajarvensuunnanhistoriayhdistys.fi\/historiayhdistys\/wp-json\/wp\/v2\/tags?post=9379"}],"curies":[{"name":"wp","href":"https:\/\/api.w.org\/{rel}","templated":true}]}}