{"id":9401,"date":"2014-10-29T23:14:34","date_gmt":"2014-10-29T21:14:34","guid":{"rendered":"http:\/\/www.rukajarvensuunnanhistoriayhdistys.fi\/historiayhdistys\/?p=9401"},"modified":"2014-10-30T07:05:36","modified_gmt":"2014-10-30T05:05:36","slug":"jukolan-motissa-kaksi-sateista-paivaa","status":"publish","type":"post","link":"http:\/\/www.rukajarvensuunnanhistoriayhdistys.fi\/historiayhdistys\/jukolan-motissa-kaksi-sateista-paivaa\/","title":{"rendered":"Jukolan Motissa kolme sateista p\u00e4iv\u00e4\u00e4 per\u00e4kk\u00e4in"},"content":{"rendered":"<div class=\"fcbkbttn_buttons_block\" id=\"fcbkbttn_left\"><div class=\"fcbkbttn_like \"><fb:like href=\"http:\/\/www.rukajarvensuunnanhistoriayhdistys.fi\/historiayhdistys\/jukolan-motissa-kaksi-sateista-paivaa\/\" action=\"like\" colorscheme=\"light\" layout=\"button_count\"  size=\"small\"><\/fb:like><\/div><\/div><p>Tiistaina\u00a028.10. tunnelmat Jukolan motissa olivat ankeat. Koko p\u00e4iv\u00e4n satoi rankasti. Paikalla Matti Kilpel\u00e4inen ja Tenho Tikkanen klo 7.00 &#8211; klo 16.30.<\/p>\n<p>Illalla (28.10) Nurmij\u00e4rvell\u00e4 Annukan kahvilassa Lieksan kyl\u00e4kierroksen &#8221;Jongun kylien, Savij\u00e4rven ja Pankaj\u00e4rven yhteinen kyl\u00e4ilta. Paikalla n. 20 kyl\u00e4l\u00e4ist\u00e4. Vilkas keskustelu. Kyl\u00e4illassa k\u00e4ytiin l\u00e4pi my\u00f6s Rukaj\u00e4rven tien hankkeita. Puheenjohtajat Heikki Turunen ja Tenho Tikkanen vetosivat voimakkaasti talkooavun saamiseksi.<\/p>\n<p>Keskiviikkona\u00a0(29.10) aamulla mittarissa + 10,7 C. Jukolan Motissa vilkas p\u00e4iv\u00e4. Nurmij\u00e4rven kyl\u00e4yhdistyksest\u00e4 tuli talkooapua; Pentti Laitinen, Kaj Ekholm, Matti Heikkinen, Heikki Turunen, Tuomo Martikainen sek\u00e4 Jarmo H\u00e4m\u00e4l\u00e4inen. Kodan piha sai nyt uuden muodon. Koko alue tasattiin ja jyr\u00e4ttiin. Seuraavaksi levitet\u00e4\u00e4n kerros karkeahkoa sepeli\u00e4.<\/p>\n<p>Kattorakenteitten asennusty\u00f6 jatkui, suurit\u00f6inen ja vaativa ty\u00f6vaihe. Kattotuolien p\u00e4\u00e4tkin on nyt tasattu. Tarvikkeitten ajoa Lieksasta, katon aluslaudat ovat nyt tontilla, vain palahuovat puuttuvat. Iltap\u00e4iv\u00e4ll\u00e4 sade voimistui.<\/p>\n<figure id=\"attachment_9403\" aria-describedby=\"caption-attachment-9403\" style=\"width: 1754px\" class=\"wp-caption alignnone\"><a href=\"http:\/\/www.rukajarvensuunnanhistoriayhdistys.fi\/historiayhdistys\/wp-content\/uploads\/2014\/10\/Jukolan-Motti-29-10-2014.jpg\"><img loading=\"lazy\" decoding=\"async\" class=\"wp-image-9403 size-full\" src=\"http:\/\/www.rukajarvensuunnanhistoriayhdistys.fi\/historiayhdistys\/wp-content\/uploads\/2014\/10\/Jukolan-Motti-29-10-2014.jpg\" alt=\"Rakennustarvikkeita tuli, katonaluslaudat ovat nyt tontilla. SuomiPuu Oy ja Anaika Wood Ltd avustivat hankinnassa.\" width=\"1754\" height=\"1240\" data-id=\"9403\" srcset=\"http:\/\/www.rukajarvensuunnanhistoriayhdistys.fi\/historiayhdistys\/wp-content\/uploads\/2014\/10\/Jukolan-Motti-29-10-2014.jpg 1754w, http:\/\/www.rukajarvensuunnanhistoriayhdistys.fi\/historiayhdistys\/wp-content\/uploads\/2014\/10\/Jukolan-Motti-29-10-2014-300x212.jpg 300w, http:\/\/www.rukajarvensuunnanhistoriayhdistys.fi\/historiayhdistys\/wp-content\/uploads\/2014\/10\/Jukolan-Motti-29-10-2014-1024x723.jpg 1024w\" sizes=\"auto, (max-width: 1754px) 100vw, 1754px\" \/><\/a><figcaption id=\"caption-attachment-9403\" class=\"wp-caption-text\">Kota saa muotonsa. Rakennustarvikkeita tuli, katonaluslaudat ovat nyt tontilla. SuomiPuu Oy ja Anaika Wood Ltd avustivat hankinnassa.<\/figcaption><\/figure>\n<figure id=\"attachment_9404\" aria-describedby=\"caption-attachment-9404\" style=\"width: 1754px\" class=\"wp-caption alignnone\"><a href=\"http:\/\/www.rukajarvensuunnanhistoriayhdistys.fi\/historiayhdistys\/wp-content\/uploads\/2014\/10\/Jukolan-Motti-29-10-2014-1.jpg\"><img loading=\"lazy\" decoding=\"async\" class=\"wp-image-9404 size-full\" src=\"http:\/\/www.rukajarvensuunnanhistoriayhdistys.fi\/historiayhdistys\/wp-content\/uploads\/2014\/10\/Jukolan-Motti-29-10-2014-1.jpg\" alt=\"Pentti Laitinen, Kai Ekholm ja Matti Heikkinen siirt\u00e4v\u00e4t kotonaluset suojaan.\" width=\"1754\" height=\"1240\" data-id=\"9404\" srcset=\"http:\/\/www.rukajarvensuunnanhistoriayhdistys.fi\/historiayhdistys\/wp-content\/uploads\/2014\/10\/Jukolan-Motti-29-10-2014-1.jpg 1754w, http:\/\/www.rukajarvensuunnanhistoriayhdistys.fi\/historiayhdistys\/wp-content\/uploads\/2014\/10\/Jukolan-Motti-29-10-2014-1-300x212.jpg 300w, http:\/\/www.rukajarvensuunnanhistoriayhdistys.fi\/historiayhdistys\/wp-content\/uploads\/2014\/10\/Jukolan-Motti-29-10-2014-1-1024x723.jpg 1024w\" sizes=\"auto, (max-width: 1754px) 100vw, 1754px\" \/><\/a><figcaption id=\"caption-attachment-9404\" class=\"wp-caption-text\">Pentti Laitinen, Kai Ekholm ja Matti Heikkinen siirt\u00e4v\u00e4t kotonaluset suojaan.<\/figcaption><\/figure>\n<figure id=\"attachment_9406\" aria-describedby=\"caption-attachment-9406\" style=\"width: 1754px\" class=\"wp-caption alignnone\"><a href=\"http:\/\/www.rukajarvensuunnanhistoriayhdistys.fi\/historiayhdistys\/wp-content\/uploads\/2014\/10\/Jukolan-Motti-29-10-2014-3.jpg\"><img loading=\"lazy\" decoding=\"async\" class=\"wp-image-9406 size-full\" src=\"http:\/\/www.rukajarvensuunnanhistoriayhdistys.fi\/historiayhdistys\/wp-content\/uploads\/2014\/10\/Jukolan-Motti-29-10-2014-3.jpg\" alt=\"Vastaavalla ty\u00f6njohtajalla oli nyt johdettavia, ty\u00f6t\u00e4 riitti kaikille koko ajaksi.\" width=\"1754\" height=\"1240\" data-id=\"9406\" srcset=\"http:\/\/www.rukajarvensuunnanhistoriayhdistys.fi\/historiayhdistys\/wp-content\/uploads\/2014\/10\/Jukolan-Motti-29-10-2014-3.jpg 1754w, http:\/\/www.rukajarvensuunnanhistoriayhdistys.fi\/historiayhdistys\/wp-content\/uploads\/2014\/10\/Jukolan-Motti-29-10-2014-3-300x212.jpg 300w, http:\/\/www.rukajarvensuunnanhistoriayhdistys.fi\/historiayhdistys\/wp-content\/uploads\/2014\/10\/Jukolan-Motti-29-10-2014-3-1024x723.jpg 1024w\" sizes=\"auto, (max-width: 1754px) 100vw, 1754px\" \/><\/a><figcaption id=\"caption-attachment-9406\" class=\"wp-caption-text\">Vastaavalla ty\u00f6njohtajalla oli nyt johdettavia, ty\u00f6t\u00e4 riitti kaikille koko ajaksi.<\/figcaption><\/figure>\n<figure id=\"attachment_9405\" aria-describedby=\"caption-attachment-9405\" style=\"width: 1754px\" class=\"wp-caption alignnone\"><a href=\"http:\/\/www.rukajarvensuunnanhistoriayhdistys.fi\/historiayhdistys\/wp-content\/uploads\/2014\/10\/Jukolan-Motti-29-10-2014-2.jpg\"><img loading=\"lazy\" decoding=\"async\" class=\"wp-image-9405 size-full\" src=\"http:\/\/www.rukajarvensuunnanhistoriayhdistys.fi\/historiayhdistys\/wp-content\/uploads\/2014\/10\/Jukolan-Motti-29-10-2014-2.jpg\" alt=\"Ty\u00f6porukka kahvitauolla, Ari Kokkonen, Pentti Laitinen, Kaij Ekholm, Matti Heikkinen, Matti Kilpel\u00e4inen, Jouni K\u00f6ntt\u00e4 ja Tuomo Martikainen.\" width=\"1754\" height=\"1240\" data-id=\"9405\" srcset=\"http:\/\/www.rukajarvensuunnanhistoriayhdistys.fi\/historiayhdistys\/wp-content\/uploads\/2014\/10\/Jukolan-Motti-29-10-2014-2.jpg 1754w, http:\/\/www.rukajarvensuunnanhistoriayhdistys.fi\/historiayhdistys\/wp-content\/uploads\/2014\/10\/Jukolan-Motti-29-10-2014-2-300x212.jpg 300w, http:\/\/www.rukajarvensuunnanhistoriayhdistys.fi\/historiayhdistys\/wp-content\/uploads\/2014\/10\/Jukolan-Motti-29-10-2014-2-1024x723.jpg 1024w\" sizes=\"auto, (max-width: 1754px) 100vw, 1754px\" \/><\/a><figcaption id=\"caption-attachment-9405\" class=\"wp-caption-text\">Ty\u00f6porukka kahvitauolla, Ari Kokkonen, Pentti Laitinen, Kaij Ekholm, Matti Heikkinen, Matti Kilpel\u00e4inen, Jouni K\u00f6ntt\u00e4 ja Tuomo Martikainen.<\/figcaption><\/figure>\n<p>Paikan katselmus suoritettiin. Mets\u00e4hallituksesta olivat paikalla Ari Kokkonen ja Jouni K\u00f6ntt\u00e4 nyt virkateht\u00e4viss\u00e4. Alueella on mets\u00e4nhoitosuunnitelma, puusto kuuluu Mets\u00e4hallitukselle, polttopuuta voidaan ostaa yksitt\u00e4isist\u00e4 tuulenkaadoista, tienvarren lehtipuut tulee s\u00e4ilytt\u00e4\u00e4, ne suojaavat liikenteelt\u00e4. Kota ja sen rakennustapa saivat kiitosta, uusia ideoitakin syntyi, vanhojen varuskuntarakennusten kivijalat esille rikkomatta rakenteita, puuvaja, wc ja sen maisemointi paikalle. \u00a0Hienotunteinen maanomistajan katselmus.<\/p>\n<figure id=\"attachment_9402\" aria-describedby=\"caption-attachment-9402\" style=\"width: 1754px\" class=\"wp-caption alignnone\"><a href=\"http:\/\/www.rukajarvensuunnanhistoriayhdistys.fi\/historiayhdistys\/wp-content\/uploads\/2014\/10\/Jukolan-Motti-29-10-2014-4.jpg\"><img loading=\"lazy\" decoding=\"async\" class=\"wp-image-9402 size-full\" src=\"http:\/\/www.rukajarvensuunnanhistoriayhdistys.fi\/historiayhdistys\/wp-content\/uploads\/2014\/10\/Jukolan-Motti-29-10-2014-4.jpg\" alt=\"Jukolan Motin kota Rukaj\u00e4rven tielt\u00e4 katsottuna.\" width=\"1754\" height=\"1240\" data-id=\"9402\" srcset=\"http:\/\/www.rukajarvensuunnanhistoriayhdistys.fi\/historiayhdistys\/wp-content\/uploads\/2014\/10\/Jukolan-Motti-29-10-2014-4.jpg 1754w, http:\/\/www.rukajarvensuunnanhistoriayhdistys.fi\/historiayhdistys\/wp-content\/uploads\/2014\/10\/Jukolan-Motti-29-10-2014-4-300x212.jpg 300w, http:\/\/www.rukajarvensuunnanhistoriayhdistys.fi\/historiayhdistys\/wp-content\/uploads\/2014\/10\/Jukolan-Motti-29-10-2014-4-1024x723.jpg 1024w\" sizes=\"auto, (max-width: 1754px) 100vw, 1754px\" \/><\/a><figcaption id=\"caption-attachment-9402\" class=\"wp-caption-text\">Jukolan Motin kota Rukaj\u00e4rven tielt\u00e4 katsottuna.<\/figcaption><\/figure>\n<h1>Ja 70 vuotta sitten vastaavana p\u00e4iv\u00e4n\u00e4 (29.10.44)<\/h1>\n<p>9.\/JR 10 sotap\u00e4iv\u00e4kirjan mukaan.<\/p>\n<p>Klo 9.30 Jumalanpalvelus kanttiinilla, l\u00e4sn\u00e4 2+18+98.<\/p>\n<p>Klo 15.00 Puhuttelu patl:ssa, jossa k\u00e4sky Iisalmen Skp:iin sek\u00e4 Paltamon ja Kuhmon pit\u00e4jiin kuuluvien siirt\u00e4misest\u00e4 JR 52:een ja Er.P 24:\u00e4\u00e4n. 30.10.44 klo 6.00 Osasto marssii Lieksaan ja sielt\u00e4 edelleen junakuljetus.<\/p>\n","protected":false},"excerpt":{"rendered":"<p>Tiistaina\u00a028.10. tunnelmat Jukolan motissa olivat ankeat. Koko p\u00e4iv\u00e4n satoi rankasti. Paikalla Matti Kilpel\u00e4inen ja Tenho Tikkanen klo 7.00 &#8211; klo 16.30. Illalla (28.10) Nurmij\u00e4rvell\u00e4 Annukan kahvilassa Lieksan kyl\u00e4kierroksen &#8221;Jongun kylien, <a class=\"more-link\" href=\"http:\/\/www.rukajarvensuunnanhistoriayhdistys.fi\/historiayhdistys\/jukolan-motissa-kaksi-sateista-paivaa\/\">Teksti jatkuu&#8230;<span class=\"screen-reader-text\">Jukolan Motissa kolme sateista p\u00e4iv\u00e4\u00e4 per\u00e4kk\u00e4in<\/span><span class=\"meta-nav\">\u2192<\/span><\/a><\/p>\n","protected":false},"author":3,"featured_media":9402,"comment_status":"closed","ping_status":"open","sticky":false,"template":"","format":"standard","meta":{"footnotes":""},"categories":[22],"tags":[],"class_list":["post-9401","post","type-post","status-publish","format-standard","has-post-thumbnail","hentry","category-ajankohtaista"],"yoast_head":"<!-- This site is optimized with the Yoast SEO plugin v27.4 - https:\/\/yoast.com\/product\/yoast-seo-wordpress\/ -->\n<title>Jukolan Motissa kolme sateista p\u00e4iv\u00e4\u00e4 per\u00e4kk\u00e4in - Rukaj\u00e4rven suunnan historiayhdistys<\/title>\n<meta name=\"robots\" content=\"index, follow, max-snippet:-1, max-image-preview:large, max-video-preview:-1\" \/>\n<link rel=\"canonical\" href=\"http:\/\/www.rukajarvensuunnanhistoriayhdistys.fi\/historiayhdistys\/jukolan-motissa-kaksi-sateista-paivaa\/\" \/>\n<meta property=\"og:locale\" content=\"fi_FI\" \/>\n<meta property=\"og:type\" content=\"article\" \/>\n<meta property=\"og:title\" content=\"Jukolan Motissa kolme sateista p\u00e4iv\u00e4\u00e4 per\u00e4kk\u00e4in - Rukaj\u00e4rven suunnan historiayhdistys\" \/>\n<meta property=\"og:description\" content=\"Tiistaina\u00a028.10. tunnelmat Jukolan motissa olivat ankeat. Koko p\u00e4iv\u00e4n satoi rankasti. Paikalla Matti Kilpel\u00e4inen ja Tenho Tikkanen klo 7.00 &#8211; klo 16.30. Illalla (28.10) Nurmij\u00e4rvell\u00e4 Annukan kahvilassa Lieksan kyl\u00e4kierroksen &#8221;Jongun kylien, Teksti jatkuu...Jukolan Motissa kolme sateista p\u00e4iv\u00e4\u00e4 per\u00e4kk\u00e4in\u2192\" \/>\n<meta property=\"og:url\" content=\"http:\/\/www.rukajarvensuunnanhistoriayhdistys.fi\/historiayhdistys\/jukolan-motissa-kaksi-sateista-paivaa\/\" \/>\n<meta property=\"og:site_name\" content=\"Rukaj\u00e4rven suunnan historiayhdistys\" \/>\n<meta property=\"article:published_time\" content=\"2014-10-29T21:14:34+00:00\" \/>\n<meta property=\"article:modified_time\" content=\"2014-10-30T05:05:36+00:00\" \/>\n<meta property=\"og:image\" content=\"http:\/\/www.rukajarvensuunnanhistoriayhdistys.fi\/historiayhdistys\/wp-content\/uploads\/2014\/10\/Jukolan-Motti-29-10-2014-4.jpg\" \/>\n\t<meta property=\"og:image:width\" content=\"1754\" \/>\n\t<meta property=\"og:image:height\" content=\"1240\" \/>\n\t<meta property=\"og:image:type\" content=\"image\/jpeg\" \/>\n<meta name=\"author\" content=\"RSHY\" \/>\n<meta name=\"twitter:label1\" content=\"Kirjoittanut\" \/>\n\t<meta name=\"twitter:data1\" content=\"RSHY\" \/>\n\t<meta name=\"twitter:label2\" content=\"Arvioitu lukuaika\" \/>\n\t<meta name=\"twitter:data2\" content=\"2 minuuttia\" \/>\n<script type=\"application\/ld+json\" class=\"yoast-schema-graph\">{\"@context\":\"https:\\\/\\\/schema.org\",\"@graph\":[{\"@type\":\"Article\",\"@id\":\"http:\\\/\\\/www.rukajarvensuunnanhistoriayhdistys.fi\\\/historiayhdistys\\\/jukolan-motissa-kaksi-sateista-paivaa\\\/#article\",\"isPartOf\":{\"@id\":\"http:\\\/\\\/www.rukajarvensuunnanhistoriayhdistys.fi\\\/historiayhdistys\\\/jukolan-motissa-kaksi-sateista-paivaa\\\/\"},\"author\":{\"name\":\"RSHY\",\"@id\":\"http:\\\/\\\/www.rukajarvensuunnanhistoriayhdistys.fi\\\/historiayhdistys\\\/#\\\/schema\\\/person\\\/19de7db68bf72dfd2b5d7f6dfbf8454d\"},\"headline\":\"Jukolan Motissa kolme sateista p\u00e4iv\u00e4\u00e4 per\u00e4kk\u00e4in\",\"datePublished\":\"2014-10-29T21:14:34+00:00\",\"dateModified\":\"2014-10-30T05:05:36+00:00\",\"mainEntityOfPage\":{\"@id\":\"http:\\\/\\\/www.rukajarvensuunnanhistoriayhdistys.fi\\\/historiayhdistys\\\/jukolan-motissa-kaksi-sateista-paivaa\\\/\"},\"wordCount\":373,\"publisher\":{\"@id\":\"http:\\\/\\\/www.rukajarvensuunnanhistoriayhdistys.fi\\\/historiayhdistys\\\/#organization\"},\"image\":{\"@id\":\"http:\\\/\\\/www.rukajarvensuunnanhistoriayhdistys.fi\\\/historiayhdistys\\\/jukolan-motissa-kaksi-sateista-paivaa\\\/#primaryimage\"},\"thumbnailUrl\":\"http:\\\/\\\/www.rukajarvensuunnanhistoriayhdistys.fi\\\/historiayhdistys\\\/wp-content\\\/uploads\\\/2014\\\/10\\\/Jukolan-Motti-29-10-2014-4.jpg\",\"articleSection\":[\"Ajankohtaista\"],\"inLanguage\":\"fi\"},{\"@type\":\"WebPage\",\"@id\":\"http:\\\/\\\/www.rukajarvensuunnanhistoriayhdistys.fi\\\/historiayhdistys\\\/jukolan-motissa-kaksi-sateista-paivaa\\\/\",\"url\":\"http:\\\/\\\/www.rukajarvensuunnanhistoriayhdistys.fi\\\/historiayhdistys\\\/jukolan-motissa-kaksi-sateista-paivaa\\\/\",\"name\":\"Jukolan Motissa kolme sateista p\u00e4iv\u00e4\u00e4 per\u00e4kk\u00e4in - Rukaj\u00e4rven suunnan historiayhdistys\",\"isPartOf\":{\"@id\":\"http:\\\/\\\/www.rukajarvensuunnanhistoriayhdistys.fi\\\/historiayhdistys\\\/#website\"},\"primaryImageOfPage\":{\"@id\":\"http:\\\/\\\/www.rukajarvensuunnanhistoriayhdistys.fi\\\/historiayhdistys\\\/jukolan-motissa-kaksi-sateista-paivaa\\\/#primaryimage\"},\"image\":{\"@id\":\"http:\\\/\\\/www.rukajarvensuunnanhistoriayhdistys.fi\\\/historiayhdistys\\\/jukolan-motissa-kaksi-sateista-paivaa\\\/#primaryimage\"},\"thumbnailUrl\":\"http:\\\/\\\/www.rukajarvensuunnanhistoriayhdistys.fi\\\/historiayhdistys\\\/wp-content\\\/uploads\\\/2014\\\/10\\\/Jukolan-Motti-29-10-2014-4.jpg\",\"datePublished\":\"2014-10-29T21:14:34+00:00\",\"dateModified\":\"2014-10-30T05:05:36+00:00\",\"breadcrumb\":{\"@id\":\"http:\\\/\\\/www.rukajarvensuunnanhistoriayhdistys.fi\\\/historiayhdistys\\\/jukolan-motissa-kaksi-sateista-paivaa\\\/#breadcrumb\"},\"inLanguage\":\"fi\",\"potentialAction\":[{\"@type\":\"ReadAction\",\"target\":[\"http:\\\/\\\/www.rukajarvensuunnanhistoriayhdistys.fi\\\/historiayhdistys\\\/jukolan-motissa-kaksi-sateista-paivaa\\\/\"]}]},{\"@type\":\"ImageObject\",\"inLanguage\":\"fi\",\"@id\":\"http:\\\/\\\/www.rukajarvensuunnanhistoriayhdistys.fi\\\/historiayhdistys\\\/jukolan-motissa-kaksi-sateista-paivaa\\\/#primaryimage\",\"url\":\"http:\\\/\\\/www.rukajarvensuunnanhistoriayhdistys.fi\\\/historiayhdistys\\\/wp-content\\\/uploads\\\/2014\\\/10\\\/Jukolan-Motti-29-10-2014-4.jpg\",\"contentUrl\":\"http:\\\/\\\/www.rukajarvensuunnanhistoriayhdistys.fi\\\/historiayhdistys\\\/wp-content\\\/uploads\\\/2014\\\/10\\\/Jukolan-Motti-29-10-2014-4.jpg\",\"width\":1754,\"height\":1240,\"caption\":\"Jukolan Motin kota Rukaj\u00e4rven tielt\u00e4 katsottuna.\"},{\"@type\":\"BreadcrumbList\",\"@id\":\"http:\\\/\\\/www.rukajarvensuunnanhistoriayhdistys.fi\\\/historiayhdistys\\\/jukolan-motissa-kaksi-sateista-paivaa\\\/#breadcrumb\",\"itemListElement\":[{\"@type\":\"ListItem\",\"position\":1,\"name\":\"Etusivu\",\"item\":\"http:\\\/\\\/www.rukajarvensuunnanhistoriayhdistys.fi\\\/historiayhdistys\\\/\"},{\"@type\":\"ListItem\",\"position\":2,\"name\":\"Jukolan Motissa kolme sateista p\u00e4iv\u00e4\u00e4 per\u00e4kk\u00e4in\"}]},{\"@type\":\"WebSite\",\"@id\":\"http:\\\/\\\/www.rukajarvensuunnanhistoriayhdistys.fi\\\/historiayhdistys\\\/#website\",\"url\":\"http:\\\/\\\/www.rukajarvensuunnanhistoriayhdistys.fi\\\/historiayhdistys\\\/\",\"name\":\"Rukaj\u00e4rven suunnan historiayhdistys\",\"description\":\"Rukaj\u00e4rven suunnan historiayhdistyksen verkkosivut.\",\"publisher\":{\"@id\":\"http:\\\/\\\/www.rukajarvensuunnanhistoriayhdistys.fi\\\/historiayhdistys\\\/#organization\"},\"potentialAction\":[{\"@type\":\"SearchAction\",\"target\":{\"@type\":\"EntryPoint\",\"urlTemplate\":\"http:\\\/\\\/www.rukajarvensuunnanhistoriayhdistys.fi\\\/historiayhdistys\\\/?s={search_term_string}\"},\"query-input\":{\"@type\":\"PropertyValueSpecification\",\"valueRequired\":true,\"valueName\":\"search_term_string\"}}],\"inLanguage\":\"fi\"},{\"@type\":\"Organization\",\"@id\":\"http:\\\/\\\/www.rukajarvensuunnanhistoriayhdistys.fi\\\/historiayhdistys\\\/#organization\",\"name\":\"Rukaj\u00e4rven suunnan historiayhdistys\",\"url\":\"http:\\\/\\\/www.rukajarvensuunnanhistoriayhdistys.fi\\\/historiayhdistys\\\/\",\"logo\":{\"@type\":\"ImageObject\",\"inLanguage\":\"fi\",\"@id\":\"http:\\\/\\\/www.rukajarvensuunnanhistoriayhdistys.fi\\\/historiayhdistys\\\/#\\\/schema\\\/logo\\\/image\\\/\",\"url\":\"http:\\\/\\\/www.rukajarvensuunnanhistoriayhdistys.fi\\\/historiayhdistys\\\/wp-content\\\/uploads\\\/2013\\\/12\\\/Otsake_3.jpg\",\"contentUrl\":\"http:\\\/\\\/www.rukajarvensuunnanhistoriayhdistys.fi\\\/historiayhdistys\\\/wp-content\\\/uploads\\\/2013\\\/12\\\/Otsake_3.jpg\",\"width\":1000,\"height\":442,\"caption\":\"Rukaj\u00e4rven suunnan historiayhdistys\"},\"image\":{\"@id\":\"http:\\\/\\\/www.rukajarvensuunnanhistoriayhdistys.fi\\\/historiayhdistys\\\/#\\\/schema\\\/logo\\\/image\\\/\"}},{\"@type\":\"Person\",\"@id\":\"http:\\\/\\\/www.rukajarvensuunnanhistoriayhdistys.fi\\\/historiayhdistys\\\/#\\\/schema\\\/person\\\/19de7db68bf72dfd2b5d7f6dfbf8454d\",\"name\":\"RSHY\",\"image\":{\"@type\":\"ImageObject\",\"inLanguage\":\"fi\",\"@id\":\"https:\\\/\\\/secure.gravatar.com\\\/avatar\\\/598d59263a69cc8de65fcb4f9db78d6f58c098cb0e0ba22d73377441af9fa04c?s=96&d=blank&r=g\",\"url\":\"https:\\\/\\\/secure.gravatar.com\\\/avatar\\\/598d59263a69cc8de65fcb4f9db78d6f58c098cb0e0ba22d73377441af9fa04c?s=96&d=blank&r=g\",\"contentUrl\":\"https:\\\/\\\/secure.gravatar.com\\\/avatar\\\/598d59263a69cc8de65fcb4f9db78d6f58c098cb0e0ba22d73377441af9fa04c?s=96&d=blank&r=g\",\"caption\":\"RSHY\"},\"url\":\"http:\\\/\\\/www.rukajarvensuunnanhistoriayhdistys.fi\\\/historiayhdistys\\\/author\\\/rshy\\\/\"}]}<\/script>\n<!-- \/ Yoast SEO plugin. -->","yoast_head_json":{"title":"Jukolan Motissa kolme sateista p\u00e4iv\u00e4\u00e4 per\u00e4kk\u00e4in - Rukaj\u00e4rven suunnan historiayhdistys","robots":{"index":"index","follow":"follow","max-snippet":"max-snippet:-1","max-image-preview":"max-image-preview:large","max-video-preview":"max-video-preview:-1"},"canonical":"http:\/\/www.rukajarvensuunnanhistoriayhdistys.fi\/historiayhdistys\/jukolan-motissa-kaksi-sateista-paivaa\/","og_locale":"fi_FI","og_type":"article","og_title":"Jukolan Motissa kolme sateista p\u00e4iv\u00e4\u00e4 per\u00e4kk\u00e4in - Rukaj\u00e4rven suunnan historiayhdistys","og_description":"Tiistaina\u00a028.10. tunnelmat Jukolan motissa olivat ankeat. Koko p\u00e4iv\u00e4n satoi rankasti. Paikalla Matti Kilpel\u00e4inen ja Tenho Tikkanen klo 7.00 &#8211; klo 16.30. Illalla (28.10) Nurmij\u00e4rvell\u00e4 Annukan kahvilassa Lieksan kyl\u00e4kierroksen &#8221;Jongun kylien, Teksti jatkuu...Jukolan Motissa kolme sateista p\u00e4iv\u00e4\u00e4 per\u00e4kk\u00e4in\u2192","og_url":"http:\/\/www.rukajarvensuunnanhistoriayhdistys.fi\/historiayhdistys\/jukolan-motissa-kaksi-sateista-paivaa\/","og_site_name":"Rukaj\u00e4rven suunnan historiayhdistys","article_published_time":"2014-10-29T21:14:34+00:00","article_modified_time":"2014-10-30T05:05:36+00:00","og_image":[{"width":1754,"height":1240,"url":"http:\/\/www.rukajarvensuunnanhistoriayhdistys.fi\/historiayhdistys\/wp-content\/uploads\/2014\/10\/Jukolan-Motti-29-10-2014-4.jpg","type":"image\/jpeg"}],"author":"RSHY","twitter_misc":{"Kirjoittanut":"RSHY","Arvioitu lukuaika":"2 minuuttia"},"schema":{"@context":"https:\/\/schema.org","@graph":[{"@type":"Article","@id":"http:\/\/www.rukajarvensuunnanhistoriayhdistys.fi\/historiayhdistys\/jukolan-motissa-kaksi-sateista-paivaa\/#article","isPartOf":{"@id":"http:\/\/www.rukajarvensuunnanhistoriayhdistys.fi\/historiayhdistys\/jukolan-motissa-kaksi-sateista-paivaa\/"},"author":{"name":"RSHY","@id":"http:\/\/www.rukajarvensuunnanhistoriayhdistys.fi\/historiayhdistys\/#\/schema\/person\/19de7db68bf72dfd2b5d7f6dfbf8454d"},"headline":"Jukolan Motissa kolme sateista p\u00e4iv\u00e4\u00e4 per\u00e4kk\u00e4in","datePublished":"2014-10-29T21:14:34+00:00","dateModified":"2014-10-30T05:05:36+00:00","mainEntityOfPage":{"@id":"http:\/\/www.rukajarvensuunnanhistoriayhdistys.fi\/historiayhdistys\/jukolan-motissa-kaksi-sateista-paivaa\/"},"wordCount":373,"publisher":{"@id":"http:\/\/www.rukajarvensuunnanhistoriayhdistys.fi\/historiayhdistys\/#organization"},"image":{"@id":"http:\/\/www.rukajarvensuunnanhistoriayhdistys.fi\/historiayhdistys\/jukolan-motissa-kaksi-sateista-paivaa\/#primaryimage"},"thumbnailUrl":"http:\/\/www.rukajarvensuunnanhistoriayhdistys.fi\/historiayhdistys\/wp-content\/uploads\/2014\/10\/Jukolan-Motti-29-10-2014-4.jpg","articleSection":["Ajankohtaista"],"inLanguage":"fi"},{"@type":"WebPage","@id":"http:\/\/www.rukajarvensuunnanhistoriayhdistys.fi\/historiayhdistys\/jukolan-motissa-kaksi-sateista-paivaa\/","url":"http:\/\/www.rukajarvensuunnanhistoriayhdistys.fi\/historiayhdistys\/jukolan-motissa-kaksi-sateista-paivaa\/","name":"Jukolan Motissa kolme sateista p\u00e4iv\u00e4\u00e4 per\u00e4kk\u00e4in - Rukaj\u00e4rven suunnan historiayhdistys","isPartOf":{"@id":"http:\/\/www.rukajarvensuunnanhistoriayhdistys.fi\/historiayhdistys\/#website"},"primaryImageOfPage":{"@id":"http:\/\/www.rukajarvensuunnanhistoriayhdistys.fi\/historiayhdistys\/jukolan-motissa-kaksi-sateista-paivaa\/#primaryimage"},"image":{"@id":"http:\/\/www.rukajarvensuunnanhistoriayhdistys.fi\/historiayhdistys\/jukolan-motissa-kaksi-sateista-paivaa\/#primaryimage"},"thumbnailUrl":"http:\/\/www.rukajarvensuunnanhistoriayhdistys.fi\/historiayhdistys\/wp-content\/uploads\/2014\/10\/Jukolan-Motti-29-10-2014-4.jpg","datePublished":"2014-10-29T21:14:34+00:00","dateModified":"2014-10-30T05:05:36+00:00","breadcrumb":{"@id":"http:\/\/www.rukajarvensuunnanhistoriayhdistys.fi\/historiayhdistys\/jukolan-motissa-kaksi-sateista-paivaa\/#breadcrumb"},"inLanguage":"fi","potentialAction":[{"@type":"ReadAction","target":["http:\/\/www.rukajarvensuunnanhistoriayhdistys.fi\/historiayhdistys\/jukolan-motissa-kaksi-sateista-paivaa\/"]}]},{"@type":"ImageObject","inLanguage":"fi","@id":"http:\/\/www.rukajarvensuunnanhistoriayhdistys.fi\/historiayhdistys\/jukolan-motissa-kaksi-sateista-paivaa\/#primaryimage","url":"http:\/\/www.rukajarvensuunnanhistoriayhdistys.fi\/historiayhdistys\/wp-content\/uploads\/2014\/10\/Jukolan-Motti-29-10-2014-4.jpg","contentUrl":"http:\/\/www.rukajarvensuunnanhistoriayhdistys.fi\/historiayhdistys\/wp-content\/uploads\/2014\/10\/Jukolan-Motti-29-10-2014-4.jpg","width":1754,"height":1240,"caption":"Jukolan Motin kota Rukaj\u00e4rven tielt\u00e4 katsottuna."},{"@type":"BreadcrumbList","@id":"http:\/\/www.rukajarvensuunnanhistoriayhdistys.fi\/historiayhdistys\/jukolan-motissa-kaksi-sateista-paivaa\/#breadcrumb","itemListElement":[{"@type":"ListItem","position":1,"name":"Etusivu","item":"http:\/\/www.rukajarvensuunnanhistoriayhdistys.fi\/historiayhdistys\/"},{"@type":"ListItem","position":2,"name":"Jukolan Motissa kolme sateista p\u00e4iv\u00e4\u00e4 per\u00e4kk\u00e4in"}]},{"@type":"WebSite","@id":"http:\/\/www.rukajarvensuunnanhistoriayhdistys.fi\/historiayhdistys\/#website","url":"http:\/\/www.rukajarvensuunnanhistoriayhdistys.fi\/historiayhdistys\/","name":"Rukaj\u00e4rven suunnan historiayhdistys","description":"Rukaj\u00e4rven suunnan historiayhdistyksen verkkosivut.","publisher":{"@id":"http:\/\/www.rukajarvensuunnanhistoriayhdistys.fi\/historiayhdistys\/#organization"},"potentialAction":[{"@type":"SearchAction","target":{"@type":"EntryPoint","urlTemplate":"http:\/\/www.rukajarvensuunnanhistoriayhdistys.fi\/historiayhdistys\/?s={search_term_string}"},"query-input":{"@type":"PropertyValueSpecification","valueRequired":true,"valueName":"search_term_string"}}],"inLanguage":"fi"},{"@type":"Organization","@id":"http:\/\/www.rukajarvensuunnanhistoriayhdistys.fi\/historiayhdistys\/#organization","name":"Rukaj\u00e4rven suunnan historiayhdistys","url":"http:\/\/www.rukajarvensuunnanhistoriayhdistys.fi\/historiayhdistys\/","logo":{"@type":"ImageObject","inLanguage":"fi","@id":"http:\/\/www.rukajarvensuunnanhistoriayhdistys.fi\/historiayhdistys\/#\/schema\/logo\/image\/","url":"http:\/\/www.rukajarvensuunnanhistoriayhdistys.fi\/historiayhdistys\/wp-content\/uploads\/2013\/12\/Otsake_3.jpg","contentUrl":"http:\/\/www.rukajarvensuunnanhistoriayhdistys.fi\/historiayhdistys\/wp-content\/uploads\/2013\/12\/Otsake_3.jpg","width":1000,"height":442,"caption":"Rukaj\u00e4rven suunnan historiayhdistys"},"image":{"@id":"http:\/\/www.rukajarvensuunnanhistoriayhdistys.fi\/historiayhdistys\/#\/schema\/logo\/image\/"}},{"@type":"Person","@id":"http:\/\/www.rukajarvensuunnanhistoriayhdistys.fi\/historiayhdistys\/#\/schema\/person\/19de7db68bf72dfd2b5d7f6dfbf8454d","name":"RSHY","image":{"@type":"ImageObject","inLanguage":"fi","@id":"https:\/\/secure.gravatar.com\/avatar\/598d59263a69cc8de65fcb4f9db78d6f58c098cb0e0ba22d73377441af9fa04c?s=96&d=blank&r=g","url":"https:\/\/secure.gravatar.com\/avatar\/598d59263a69cc8de65fcb4f9db78d6f58c098cb0e0ba22d73377441af9fa04c?s=96&d=blank&r=g","contentUrl":"https:\/\/secure.gravatar.com\/avatar\/598d59263a69cc8de65fcb4f9db78d6f58c098cb0e0ba22d73377441af9fa04c?s=96&d=blank&r=g","caption":"RSHY"},"url":"http:\/\/www.rukajarvensuunnanhistoriayhdistys.fi\/historiayhdistys\/author\/rshy\/"}]}},"_links":{"self":[{"href":"http:\/\/www.rukajarvensuunnanhistoriayhdistys.fi\/historiayhdistys\/wp-json\/wp\/v2\/posts\/9401","targetHints":{"allow":["GET"]}}],"collection":[{"href":"http:\/\/www.rukajarvensuunnanhistoriayhdistys.fi\/historiayhdistys\/wp-json\/wp\/v2\/posts"}],"about":[{"href":"http:\/\/www.rukajarvensuunnanhistoriayhdistys.fi\/historiayhdistys\/wp-json\/wp\/v2\/types\/post"}],"author":[{"embeddable":true,"href":"http:\/\/www.rukajarvensuunnanhistoriayhdistys.fi\/historiayhdistys\/wp-json\/wp\/v2\/users\/3"}],"replies":[{"embeddable":true,"href":"http:\/\/www.rukajarvensuunnanhistoriayhdistys.fi\/historiayhdistys\/wp-json\/wp\/v2\/comments?post=9401"}],"version-history":[{"count":6,"href":"http:\/\/www.rukajarvensuunnanhistoriayhdistys.fi\/historiayhdistys\/wp-json\/wp\/v2\/posts\/9401\/revisions"}],"predecessor-version":[{"id":9417,"href":"http:\/\/www.rukajarvensuunnanhistoriayhdistys.fi\/historiayhdistys\/wp-json\/wp\/v2\/posts\/9401\/revisions\/9417"}],"wp:featuredmedia":[{"embeddable":true,"href":"http:\/\/www.rukajarvensuunnanhistoriayhdistys.fi\/historiayhdistys\/wp-json\/wp\/v2\/media\/9402"}],"wp:attachment":[{"href":"http:\/\/www.rukajarvensuunnanhistoriayhdistys.fi\/historiayhdistys\/wp-json\/wp\/v2\/media?parent=9401"}],"wp:term":[{"taxonomy":"category","embeddable":true,"href":"http:\/\/www.rukajarvensuunnanhistoriayhdistys.fi\/historiayhdistys\/wp-json\/wp\/v2\/categories?post=9401"},{"taxonomy":"post_tag","embeddable":true,"href":"http:\/\/www.rukajarvensuunnanhistoriayhdistys.fi\/historiayhdistys\/wp-json\/wp\/v2\/tags?post=9401"}],"curies":[{"name":"wp","href":"https:\/\/api.w.org\/{rel}","templated":true}]}}