{"id":9409,"date":"2014-10-30T01:19:29","date_gmt":"2014-10-29T23:19:29","guid":{"rendered":"http:\/\/www.rukajarvensuunnanhistoriayhdistys.fi\/historiayhdistys\/?p=9409"},"modified":"2014-11-02T13:39:39","modified_gmt":"2014-11-02T11:39:39","slug":"jatkosota-paattynyt-kotiuttaminen-alkoi-70-vuotta-sitten","status":"publish","type":"post","link":"http:\/\/www.rukajarvensuunnanhistoriayhdistys.fi\/historiayhdistys\/jatkosota-paattynyt-kotiuttaminen-alkoi-70-vuotta-sitten\/","title":{"rendered":"Jatkosota on p\u00e4\u00e4ttynyt &#8211; Kotiuttaminen alkoi 70 vuotta sitten"},"content":{"rendered":"<div class=\"fcbkbttn_buttons_block\" id=\"fcbkbttn_left\"><div class=\"fcbkbttn_like \"><fb:like href=\"http:\/\/www.rukajarvensuunnanhistoriayhdistys.fi\/historiayhdistys\/jatkosota-paattynyt-kotiuttaminen-alkoi-70-vuotta-sitten\/\" action=\"like\" colorscheme=\"light\" layout=\"button_count\"  size=\"small\"><\/fb:like><\/div><\/div><p>Jukolan motin kodan rakentaminen ajoittuu historiallisesti merkitt\u00e4v\u00e4\u00e4n aikaan. Tulee kuluneeksi 70 vuotta siit\u00e4, kun Rukaj\u00e4rven suunnan joukot tulivat (27.9.44) Jatkosodan p\u00e4\u00e4ttymisen j\u00e4lkeen t\u00e4lle Jukolan Motin alueelle ja majoittuivat ensin 12 T\u00e4ydennyspataljoonan tiloihin, josta k\u00e4sin suorittivat kentt\u00e4varustust\u00f6it\u00e4. P\u00e4\u00e4majan m\u00e4\u00e4r\u00e4ys kotiuttamisesta tuli 6.11.44, mutta se oli tiedossa jo aiemmin ja sit\u00e4 valmisteltiin.<\/p>\n<p>T\u00e4n\u00e4\u00e4n 30.10.2014 tulee kuluneeksi 70 vuotta siit\u00e4, kun pataljoona ja sen mukana juuri Jukolan Mottiin sijoitettu 9. komppania (9.\/JR 10) hajotettiin ja siit\u00e4 Iisalmen suojeluskuntapiiriin sek\u00e4 Kuhmon ja Paltamon kuntiin kuuluvat sotilaat j\u00e4tt\u00e4v\u00e4t Jukolan Motin ja siirtyiv\u00e4t Sotkamoon, jossa heid\u00e4n kotiuttamisyksikk\u00f6ns\u00e4 tuolloin oli.<\/p>\n<figure id=\"attachment_9402\" aria-describedby=\"caption-attachment-9402\" style=\"width: 1754px\" class=\"wp-caption alignnone\"><a href=\"http:\/\/www.rukajarvensuunnanhistoriayhdistys.fi\/historiayhdistys\/wp-content\/uploads\/2014\/10\/Jukolan-Motti-29-10-2014-4.jpg\"><img loading=\"lazy\" decoding=\"async\" class=\"wp-image-9402 size-full\" src=\"http:\/\/www.rukajarvensuunnanhistoriayhdistys.fi\/historiayhdistys\/wp-content\/uploads\/2014\/10\/Jukolan-Motti-29-10-2014-4.jpg\" alt=\"Jukolan Motin kota Rukaj\u00e4rven tielt\u00e4 katsottuna.\" width=\"1754\" height=\"1240\" data-id=\"9402\" srcset=\"http:\/\/www.rukajarvensuunnanhistoriayhdistys.fi\/historiayhdistys\/wp-content\/uploads\/2014\/10\/Jukolan-Motti-29-10-2014-4.jpg 1754w, http:\/\/www.rukajarvensuunnanhistoriayhdistys.fi\/historiayhdistys\/wp-content\/uploads\/2014\/10\/Jukolan-Motti-29-10-2014-4-300x212.jpg 300w, http:\/\/www.rukajarvensuunnanhistoriayhdistys.fi\/historiayhdistys\/wp-content\/uploads\/2014\/10\/Jukolan-Motti-29-10-2014-4-1024x723.jpg 1024w\" sizes=\"auto, (max-width: 1754px) 100vw, 1754px\" \/><\/a><figcaption id=\"caption-attachment-9402\" class=\"wp-caption-text\">Jukolan Motin kota Rukaj\u00e4rven tielt\u00e4 katsottuna. Kotiutettava joukot j\u00e4rjest\u00e4ytyiv\u00e4t lyhytt\u00e4 hyv\u00e4stij\u00e4tt\u00f6tilaisuutta varten kodasta oikealla sijaitsevalla urheilukent\u00e4lle tarkkaan 70 vuotta sitten 30.10.44 klo 5.45.<\/figcaption><\/figure>\n<figure id=\"attachment_9265\" aria-describedby=\"caption-attachment-9265\" style=\"width: 1754px\" class=\"wp-caption alignnone\"><a href=\"http:\/\/www.rukajarvensuunnanhistoriayhdistys.fi\/historiayhdistys\/wp-content\/uploads\/2014\/10\/Jukolan-motti-Paavon-maalaus-alempi-resol.jpg\"><img loading=\"lazy\" decoding=\"async\" class=\"wp-image-9265 size-full\" src=\"http:\/\/www.rukajarvensuunnanhistoriayhdistys.fi\/historiayhdistys\/wp-content\/uploads\/2014\/10\/Jukolan-motti-Paavon-maalaus-alempi-resol.jpg\" alt=\"Jukolan Motti Jatkosodan aikana maalaus Paavo Martikainen.  Tehty veteraanien muistitiedon perusteella vuonna 1994, Paavo Martikainen ja Tauno Oksanen. \" width=\"1754\" height=\"1240\" data-id=\"9265\" srcset=\"http:\/\/www.rukajarvensuunnanhistoriayhdistys.fi\/historiayhdistys\/wp-content\/uploads\/2014\/10\/Jukolan-motti-Paavon-maalaus-alempi-resol.jpg 1754w, http:\/\/www.rukajarvensuunnanhistoriayhdistys.fi\/historiayhdistys\/wp-content\/uploads\/2014\/10\/Jukolan-motti-Paavon-maalaus-alempi-resol-300x212.jpg 300w, http:\/\/www.rukajarvensuunnanhistoriayhdistys.fi\/historiayhdistys\/wp-content\/uploads\/2014\/10\/Jukolan-motti-Paavon-maalaus-alempi-resol-1024x723.jpg 1024w\" sizes=\"auto, (max-width: 1754px) 100vw, 1754px\" \/><\/a><figcaption id=\"caption-attachment-9265\" class=\"wp-caption-text\">Jukolan Motti Jatkosodan aikana maalaus Paavo Martikainen. Tehty veteraanien muistitiedon perusteella vuonna 1994, Paavo Martikainen ja Tauno Oksanen.<\/figcaption><\/figure>\n<p>Paltamosta kotoisin olevat sotilaat kuljetettiin Vuokatista kotiuttamisen yhteydess\u00e4 kotikuntaansa junalla l\u00e4helle kirkonkyl\u00e4\u00e4, jossa saksalaiset olivat r\u00e4j\u00e4ytt\u00e4neet rautatiesillan.<\/p>\n<p>Iisalmen suojeluskuntapiirin sotilaat taasen marssivat koko matkan jalan Sotkamosta Pielavedelle saakka, jonka 8.11. alkaneen reitin julkaisemme oheisena jo t\u00e4ss\u00e4 yhteydess\u00e4. Kotimatka oli helpotus joukolle, jolle oli annettu m\u00e4\u00e4r\u00e4ys siirtymisest\u00e4 pohjoiselle rintamalle ja \u00a0osa oli ehditty lastaamaan jo junaan. Lapin sotareissu peruuntui syyskuun lopulla kuljetusvaikeuksien vuoksi.<\/p>\n<p>T\u00e4m\u00e4 isiemme kotimatka marssien lienee niit\u00e4 sodan erikoisuuksia, jota voi hiukan ihmetell\u00e4 ja pit\u00e4\u00e4 sit\u00e4 er\u00e4\u00e4nlaisena Suomen enn\u00e4tyksen\u00e4. N\u00e4m\u00e4 miehet marssivat aselevon j\u00e4lkeen yhteens\u00e4 462 kilometrin matkan j\u00e4rjest\u00e4ytyneen\u00e4 joukkona seuraavasti:<\/p>\n<p>1) Rukaj\u00e4rvelt\u00e4 Jukolan Mottiin; 204 km<\/p>\n<p>2) Jukolan Motista Lieksaan; 34 km<\/p>\n<p>3) Vuokatista &#8211; Yl\u00e4-Savoon Pielavedelle 194 km.<\/p>\n<p>Eli yhteens\u00e4 462 km.<\/p>\n<p>L\u00e4hteen\u00e4 otteet sotap\u00e4iv\u00e4kirjoista:<\/p>\n<h1>III\/JR 10 spk. 29.10.44:<\/h1>\n<p>&#8221;Iisalmen Skp:iin kuuluvia on 0+4+212 ja Kuhmon ja Paltamon kuntiin kuuluvia 0+1+40. J\u00e4rjest\u00e4ytyminen l\u00e4ht\u00f6\u00e4 varten urheilukent\u00e4lle 30.10.44 klo 5.45.<\/p>\n<p>Marssi: L\u00e4ht\u00f6 klo 06.00. Marssittava Lieksaan, jossa oltava klo 16.00.&#8221; (Matkaa Lieksaan 34 km).<\/p>\n<h1>9.\/JR 10 spk. 30.10.1944<\/h1>\n<p>Klo 5.30 Pime\u00e4, pilvinen, kylm\u00e4 aamu.<\/p>\n<p>Klo 5.40 Aivan pime\u00e4ss\u00e4 j\u00e4rjest\u00e4ytyiv\u00e4t komppanian Iisalmen Skp:iin kuuluvat ja Paltamon pit\u00e4jist\u00e4 kotoisin olevat miehet 0+12+31=43 j\u00e4rjest\u00e4ytyiv\u00e4t paikalle, joista lyhyen hyv\u00e4stij\u00e4t\u00f6n j\u00e4lkeen pataljoona j\u00e4rj\u00e4rst\u00e4ytyi paikalle.<\/p>\n<p>Klo 6.00 Iisalmelaisten marssille l\u00e4ht\u00f6. L\u00e4htij\u00f6itten joukossa IV joukkueenjohtaja v\u00e4\u00e4peli Martikainen, l\u00e4\u00e4kint\u00e4 au. kers. Pietik\u00e4inen, kolme joukkueen varajohtajaa (ylik. Halonen, kers. Tikkanen ja kers. Pentunen) ja seitsem\u00e4n ryhm\u00e4njohtajaa.<\/p>\n<p>Koko p\u00e4iv\u00e4n kentt\u00e4varustelut\u00f6it\u00e4. Mieliala matalalla ja ty\u00f6teho huono komppanian hajauduttua. Harmaa pilvinen p\u00e4iv\u00e4&#8230;&#8221;<\/p>\n<h1>Kolme marssiosastoa<\/h1>\n<p>Yl\u00e4-Savon kuntien sotilaat jakautuivat kolmeen marssiosastoon seuraavasti; 1) Marssiosasto Kaje Iisalmeen, 2) Kakon porukat Lapinlahdelle ja 3) Varpaisj\u00e4rvelle sek\u00e4 Karhusen joukot Pielavedelle. Pielavedell\u00e4 oli koottu Jatkosodan alussa JR 52:n III pataljoona, johon rintamalla taistelleet Pielaveden, Keiteleen ja Kiuruveden miehet siirrettiin ja heid\u00e4t kotiutettiin 16.11.1944 Pielavedelt\u00e4. Pielavedelt\u00e4 miehet siirtyiv\u00e4t kuorma-autokuljetuksin kotipaikkakunnilleen.<\/p>\n<p><strong><strong>Marssiosasto Kaje<\/strong><\/strong> on kulkenut reitti\u00e4 Sotkamo-Jormaskyl\u00e4-Laaka-Toivakka-Niinim\u00e4ki-Iisalmi.<\/p>\n<p>Yksik\u00f6t Rask.Psto 29 ja 30.A.var.K.<\/p>\n<p>Tarkempi reitti:<\/p>\n<p>8.11.44 Terva &#8211; Pirttim\u00e4ki(30 km)<\/p>\n<p>9.11.44 Pirttim\u00e4ki &#8211; Haajais-Syd\u00e4nmaa (30 km)<\/p>\n<p>10.11.44 Haajais-Syd\u00e4nmaa &#8211; Sonkakoski (30 km)<\/p>\n<p>11.11.44 Sonkakoski &#8211; Iisalmi (30 km)<\/p>\n<p>12.11.44 Holopanlahti &#8211; Lapinlahti (21 km)<\/p>\n<p><strong><strong>Marssiosasto Kakko<\/strong><\/strong> kulki reitti\u00e4 Sotkamo, Jormaskyl\u00e4-Laaka-Toivakka-Niinim\u00e4ki-Iisalmi-Lapinlahti.<\/p>\n<p>Yksik\u00f6t II\/JR 52.<\/p>\n<p>Tarkempi reitti:<\/p>\n<p>8.11.44 Juholankyl\u00e4n tienhaara &#8211; Jormaskyl\u00e4 (30 km)<\/p>\n<p>9.11.44 Jormaskyl\u00e4 &#8211; Haajais-Syd\u00e4nmaai (31 km)<\/p>\n<p>10.11.44 Haajais-Syd\u00e4nmaa &#8211; Palom\u00e4ki (30 km)<\/p>\n<p>11.11.44 Palom\u00e4ki &#8211; Holopanlahti (30 km)<\/p>\n<p>12.11.44 Holopanlahtiahti &#8211;\u00a0 Lapinlahti ( 30 km)<\/p>\n<p>13.11.44 Lapinlahti &#8211; Varpaisj\u00e4rvi (21 km)<\/p>\n<p><strong><strong>Marssiosasto Karhunen<\/strong><\/strong> kulki reitti\u00e4 Sotkamo-Jormaskyl\u00e4-Laaka-Roivakko-Niinim\u00e4-Iisalmi-Ulmala-Lappetel\u00e4-Pielavesi.<\/p>\n<p>Yksik\u00f6t III\/JR 52.<\/p>\n<p>Tarkempi reitti:<\/p>\n<p>8.11.44 Juholankyl\u00e4n tienhaara 2 km etel\u00e4\u00e4n &#8211; Jormaskyl\u00e4 (30 km)<\/p>\n<p>9.11.44 Jormaskyl\u00e4 &#8211; Pet\u00e4j\u00e4m\u00e4ki (31 km)<\/p>\n<p>10.11.44 Pet\u00e4j\u00e4m\u00e4ki &#8211; Kuluvem\u00e4ki (30 km)<\/p>\n<p>11.11.44 Kuluvem\u00e4ki &#8211; Holopanlahtiahti ( 30 km)<\/p>\n<p>12.11.44 Holopanlahti &#8211; Pellonp\u00e4\u00e4 (30 km)<\/p>\n<p>13.11.44 Pellonp\u00e4\u00e4 &#8211; Pielavesi (33 km)<\/p>\n<figure id=\"attachment_9411\" aria-describedby=\"caption-attachment-9411\" style=\"width: 698px\" class=\"wp-caption alignnone\"><a href=\"http:\/\/www.rukajarvensuunnanhistoriayhdistys.fi\/historiayhdistys\/wp-content\/uploads\/2014\/10\/Kotimatka-15-11-19441.jpg\"><img loading=\"lazy\" decoding=\"async\" class=\"wp-image-9411 size-full\" src=\"http:\/\/www.rukajarvensuunnanhistoriayhdistys.fi\/historiayhdistys\/wp-content\/uploads\/2014\/10\/Kotimatka-15-11-19441.jpg\" alt=\"Jatkosota on p\u00e4\u00e4ttynyt ja kotimatka jalan marssien on alkanut. Ensin Rukaj\u00e4rvelt\u00e4 Jukolan Mottiin, josta jalan Lieksaan ja lopuksi Vuokatista Pielavedelle yhteens\u00e4 matkaa kertyy 462 km.\" width=\"698\" height=\"365\" data-id=\"9411\" srcset=\"http:\/\/www.rukajarvensuunnanhistoriayhdistys.fi\/historiayhdistys\/wp-content\/uploads\/2014\/10\/Kotimatka-15-11-19441.jpg 698w, http:\/\/www.rukajarvensuunnanhistoriayhdistys.fi\/historiayhdistys\/wp-content\/uploads\/2014\/10\/Kotimatka-15-11-19441-300x156.jpg 300w\" sizes=\"auto, (max-width: 698px) 100vw, 698px\" \/><\/a><figcaption id=\"caption-attachment-9411\" class=\"wp-caption-text\">Jatkosota on p\u00e4\u00e4ttynyt ja kotimatka jalan marssien on alkanut. Ensin Rukaj\u00e4rvelt\u00e4 Jukolan Mottiin, josta jalan Lieksaan ja lopuksi Vuokatista Pielavedelle yhteens\u00e4 matkaa kertyy 462 km.<\/figcaption><\/figure>\n<p><strong><strong>Marssiosasto Kallio<\/strong><\/strong> marssi reitti\u00e4 Sotkamo-Jormaskyl\u00e4-Laaka-Toivakko. Yksik\u00f6t: Esik.K\/JR 52, 14.\/JR 52 ja Kolonna\/JR 52.<\/p>\n<p>Tarkempi reitti:<\/p>\n<p>8.11.44 Juholankyl\u00e4n tienhaara 4 km it\u00e4\u00e4n &#8211; Jormaskyl\u00e4 (30 km)<\/p>\n<p>9.11.44 Jormaskyl\u00e4 &#8211; Pet\u00e4inen (31 km)<\/p>\n<p>10.11.44 Pet\u00e4inen &#8211; Pirttiaho (30 km)<\/p>\n<p>11.11.44 Pirttiaho &#8211; Sonkaj\u00e4rvi ( 22 km)<\/p>\n<p>14.\/JR 52<\/p>\n<p>11.11.44 Pirttiaho &#8211; Sukeva (34 km)<\/p>\n<p>Eskik.K\/JR 52<\/p>\n<p>12.11.44 Pirttiaho &#8211; Iisalmi (36 km)<\/p>\n","protected":false},"excerpt":{"rendered":"<p>Jukolan motin kodan rakentaminen ajoittuu historiallisesti merkitt\u00e4v\u00e4\u00e4n aikaan. Tulee kuluneeksi 70 vuotta siit\u00e4, kun Rukaj\u00e4rven suunnan joukot tulivat (27.9.44) Jatkosodan p\u00e4\u00e4ttymisen j\u00e4lkeen t\u00e4lle Jukolan Motin alueelle ja majoittuivat ensin 12 <a class=\"more-link\" href=\"http:\/\/www.rukajarvensuunnanhistoriayhdistys.fi\/historiayhdistys\/jatkosota-paattynyt-kotiuttaminen-alkoi-70-vuotta-sitten\/\">Teksti jatkuu&#8230;<span class=\"screen-reader-text\">Jatkosota on p\u00e4\u00e4ttynyt &#8211; Kotiuttaminen alkoi 70 vuotta sitten<\/span><span class=\"meta-nav\">\u2192<\/span><\/a><\/p>\n","protected":false},"author":3,"featured_media":9265,"comment_status":"closed","ping_status":"open","sticky":false,"template":"","format":"standard","meta":{"footnotes":""},"categories":[22],"tags":[],"class_list":["post-9409","post","type-post","status-publish","format-standard","has-post-thumbnail","hentry","category-ajankohtaista"],"yoast_head":"<!-- This site is optimized with the Yoast SEO plugin v27.4 - https:\/\/yoast.com\/product\/yoast-seo-wordpress\/ -->\n<title>Jatkosota on p\u00e4\u00e4ttynyt - Kotiuttaminen alkoi 70 vuotta sitten - Rukaj\u00e4rven suunnan historiayhdistys<\/title>\n<meta name=\"robots\" content=\"index, follow, max-snippet:-1, max-image-preview:large, max-video-preview:-1\" \/>\n<link rel=\"canonical\" href=\"http:\/\/www.rukajarvensuunnanhistoriayhdistys.fi\/historiayhdistys\/jatkosota-paattynyt-kotiuttaminen-alkoi-70-vuotta-sitten\/\" \/>\n<meta property=\"og:locale\" content=\"fi_FI\" \/>\n<meta property=\"og:type\" content=\"article\" \/>\n<meta property=\"og:title\" content=\"Jatkosota on p\u00e4\u00e4ttynyt - Kotiuttaminen alkoi 70 vuotta sitten - Rukaj\u00e4rven suunnan historiayhdistys\" \/>\n<meta property=\"og:description\" content=\"Jukolan motin kodan rakentaminen ajoittuu historiallisesti merkitt\u00e4v\u00e4\u00e4n aikaan. Tulee kuluneeksi 70 vuotta siit\u00e4, kun Rukaj\u00e4rven suunnan joukot tulivat (27.9.44) Jatkosodan p\u00e4\u00e4ttymisen j\u00e4lkeen t\u00e4lle Jukolan Motin alueelle ja majoittuivat ensin 12 Teksti jatkuu...Jatkosota on p\u00e4\u00e4ttynyt &#8211; Kotiuttaminen alkoi 70 vuotta sitten\u2192\" \/>\n<meta property=\"og:url\" content=\"http:\/\/www.rukajarvensuunnanhistoriayhdistys.fi\/historiayhdistys\/jatkosota-paattynyt-kotiuttaminen-alkoi-70-vuotta-sitten\/\" \/>\n<meta property=\"og:site_name\" content=\"Rukaj\u00e4rven suunnan historiayhdistys\" \/>\n<meta property=\"article:published_time\" content=\"2014-10-29T23:19:29+00:00\" \/>\n<meta property=\"article:modified_time\" content=\"2014-11-02T11:39:39+00:00\" \/>\n<meta property=\"og:image\" content=\"http:\/\/www.rukajarvensuunnanhistoriayhdistys.fi\/historiayhdistys\/wp-content\/uploads\/2014\/10\/Jukolan-motti-Paavon-maalaus-alempi-resol.jpg\" \/>\n\t<meta property=\"og:image:width\" content=\"1754\" \/>\n\t<meta property=\"og:image:height\" content=\"1240\" \/>\n\t<meta property=\"og:image:type\" content=\"image\/jpeg\" \/>\n<meta name=\"author\" content=\"RSHY\" \/>\n<meta name=\"twitter:label1\" content=\"Kirjoittanut\" \/>\n\t<meta name=\"twitter:data1\" content=\"RSHY\" \/>\n\t<meta name=\"twitter:label2\" content=\"Arvioitu lukuaika\" \/>\n\t<meta name=\"twitter:data2\" content=\"4 minuuttia\" \/>\n<script type=\"application\/ld+json\" class=\"yoast-schema-graph\">{\"@context\":\"https:\\\/\\\/schema.org\",\"@graph\":[{\"@type\":\"Article\",\"@id\":\"http:\\\/\\\/www.rukajarvensuunnanhistoriayhdistys.fi\\\/historiayhdistys\\\/jatkosota-paattynyt-kotiuttaminen-alkoi-70-vuotta-sitten\\\/#article\",\"isPartOf\":{\"@id\":\"http:\\\/\\\/www.rukajarvensuunnanhistoriayhdistys.fi\\\/historiayhdistys\\\/jatkosota-paattynyt-kotiuttaminen-alkoi-70-vuotta-sitten\\\/\"},\"author\":{\"name\":\"RSHY\",\"@id\":\"http:\\\/\\\/www.rukajarvensuunnanhistoriayhdistys.fi\\\/historiayhdistys\\\/#\\\/schema\\\/person\\\/19de7db68bf72dfd2b5d7f6dfbf8454d\"},\"headline\":\"Jatkosota on p\u00e4\u00e4ttynyt &#8211; Kotiuttaminen alkoi 70 vuotta sitten\",\"datePublished\":\"2014-10-29T23:19:29+00:00\",\"dateModified\":\"2014-11-02T11:39:39+00:00\",\"mainEntityOfPage\":{\"@id\":\"http:\\\/\\\/www.rukajarvensuunnanhistoriayhdistys.fi\\\/historiayhdistys\\\/jatkosota-paattynyt-kotiuttaminen-alkoi-70-vuotta-sitten\\\/\"},\"wordCount\":713,\"publisher\":{\"@id\":\"http:\\\/\\\/www.rukajarvensuunnanhistoriayhdistys.fi\\\/historiayhdistys\\\/#organization\"},\"image\":{\"@id\":\"http:\\\/\\\/www.rukajarvensuunnanhistoriayhdistys.fi\\\/historiayhdistys\\\/jatkosota-paattynyt-kotiuttaminen-alkoi-70-vuotta-sitten\\\/#primaryimage\"},\"thumbnailUrl\":\"http:\\\/\\\/www.rukajarvensuunnanhistoriayhdistys.fi\\\/historiayhdistys\\\/wp-content\\\/uploads\\\/2014\\\/10\\\/Jukolan-motti-Paavon-maalaus-alempi-resol.jpg\",\"articleSection\":[\"Ajankohtaista\"],\"inLanguage\":\"fi\"},{\"@type\":\"WebPage\",\"@id\":\"http:\\\/\\\/www.rukajarvensuunnanhistoriayhdistys.fi\\\/historiayhdistys\\\/jatkosota-paattynyt-kotiuttaminen-alkoi-70-vuotta-sitten\\\/\",\"url\":\"http:\\\/\\\/www.rukajarvensuunnanhistoriayhdistys.fi\\\/historiayhdistys\\\/jatkosota-paattynyt-kotiuttaminen-alkoi-70-vuotta-sitten\\\/\",\"name\":\"Jatkosota on p\u00e4\u00e4ttynyt - Kotiuttaminen alkoi 70 vuotta sitten - Rukaj\u00e4rven suunnan historiayhdistys\",\"isPartOf\":{\"@id\":\"http:\\\/\\\/www.rukajarvensuunnanhistoriayhdistys.fi\\\/historiayhdistys\\\/#website\"},\"primaryImageOfPage\":{\"@id\":\"http:\\\/\\\/www.rukajarvensuunnanhistoriayhdistys.fi\\\/historiayhdistys\\\/jatkosota-paattynyt-kotiuttaminen-alkoi-70-vuotta-sitten\\\/#primaryimage\"},\"image\":{\"@id\":\"http:\\\/\\\/www.rukajarvensuunnanhistoriayhdistys.fi\\\/historiayhdistys\\\/jatkosota-paattynyt-kotiuttaminen-alkoi-70-vuotta-sitten\\\/#primaryimage\"},\"thumbnailUrl\":\"http:\\\/\\\/www.rukajarvensuunnanhistoriayhdistys.fi\\\/historiayhdistys\\\/wp-content\\\/uploads\\\/2014\\\/10\\\/Jukolan-motti-Paavon-maalaus-alempi-resol.jpg\",\"datePublished\":\"2014-10-29T23:19:29+00:00\",\"dateModified\":\"2014-11-02T11:39:39+00:00\",\"breadcrumb\":{\"@id\":\"http:\\\/\\\/www.rukajarvensuunnanhistoriayhdistys.fi\\\/historiayhdistys\\\/jatkosota-paattynyt-kotiuttaminen-alkoi-70-vuotta-sitten\\\/#breadcrumb\"},\"inLanguage\":\"fi\",\"potentialAction\":[{\"@type\":\"ReadAction\",\"target\":[\"http:\\\/\\\/www.rukajarvensuunnanhistoriayhdistys.fi\\\/historiayhdistys\\\/jatkosota-paattynyt-kotiuttaminen-alkoi-70-vuotta-sitten\\\/\"]}]},{\"@type\":\"ImageObject\",\"inLanguage\":\"fi\",\"@id\":\"http:\\\/\\\/www.rukajarvensuunnanhistoriayhdistys.fi\\\/historiayhdistys\\\/jatkosota-paattynyt-kotiuttaminen-alkoi-70-vuotta-sitten\\\/#primaryimage\",\"url\":\"http:\\\/\\\/www.rukajarvensuunnanhistoriayhdistys.fi\\\/historiayhdistys\\\/wp-content\\\/uploads\\\/2014\\\/10\\\/Jukolan-motti-Paavon-maalaus-alempi-resol.jpg\",\"contentUrl\":\"http:\\\/\\\/www.rukajarvensuunnanhistoriayhdistys.fi\\\/historiayhdistys\\\/wp-content\\\/uploads\\\/2014\\\/10\\\/Jukolan-motti-Paavon-maalaus-alempi-resol.jpg\",\"width\":1754,\"height\":1240,\"caption\":\"Jukolan Motti Jatkosodan aikana maalaus Paavo Martikainen. Tehty veteraanien muistitiedon perusteella vuonna 1994, Paavo Martikainen ja Tauno Oksanen.\"},{\"@type\":\"BreadcrumbList\",\"@id\":\"http:\\\/\\\/www.rukajarvensuunnanhistoriayhdistys.fi\\\/historiayhdistys\\\/jatkosota-paattynyt-kotiuttaminen-alkoi-70-vuotta-sitten\\\/#breadcrumb\",\"itemListElement\":[{\"@type\":\"ListItem\",\"position\":1,\"name\":\"Etusivu\",\"item\":\"http:\\\/\\\/www.rukajarvensuunnanhistoriayhdistys.fi\\\/historiayhdistys\\\/\"},{\"@type\":\"ListItem\",\"position\":2,\"name\":\"Jatkosota on p\u00e4\u00e4ttynyt &#8211; Kotiuttaminen alkoi 70 vuotta sitten\"}]},{\"@type\":\"WebSite\",\"@id\":\"http:\\\/\\\/www.rukajarvensuunnanhistoriayhdistys.fi\\\/historiayhdistys\\\/#website\",\"url\":\"http:\\\/\\\/www.rukajarvensuunnanhistoriayhdistys.fi\\\/historiayhdistys\\\/\",\"name\":\"Rukaj\u00e4rven suunnan historiayhdistys\",\"description\":\"Rukaj\u00e4rven suunnan historiayhdistyksen verkkosivut.\",\"publisher\":{\"@id\":\"http:\\\/\\\/www.rukajarvensuunnanhistoriayhdistys.fi\\\/historiayhdistys\\\/#organization\"},\"potentialAction\":[{\"@type\":\"SearchAction\",\"target\":{\"@type\":\"EntryPoint\",\"urlTemplate\":\"http:\\\/\\\/www.rukajarvensuunnanhistoriayhdistys.fi\\\/historiayhdistys\\\/?s={search_term_string}\"},\"query-input\":{\"@type\":\"PropertyValueSpecification\",\"valueRequired\":true,\"valueName\":\"search_term_string\"}}],\"inLanguage\":\"fi\"},{\"@type\":\"Organization\",\"@id\":\"http:\\\/\\\/www.rukajarvensuunnanhistoriayhdistys.fi\\\/historiayhdistys\\\/#organization\",\"name\":\"Rukaj\u00e4rven suunnan historiayhdistys\",\"url\":\"http:\\\/\\\/www.rukajarvensuunnanhistoriayhdistys.fi\\\/historiayhdistys\\\/\",\"logo\":{\"@type\":\"ImageObject\",\"inLanguage\":\"fi\",\"@id\":\"http:\\\/\\\/www.rukajarvensuunnanhistoriayhdistys.fi\\\/historiayhdistys\\\/#\\\/schema\\\/logo\\\/image\\\/\",\"url\":\"http:\\\/\\\/www.rukajarvensuunnanhistoriayhdistys.fi\\\/historiayhdistys\\\/wp-content\\\/uploads\\\/2013\\\/12\\\/Otsake_3.jpg\",\"contentUrl\":\"http:\\\/\\\/www.rukajarvensuunnanhistoriayhdistys.fi\\\/historiayhdistys\\\/wp-content\\\/uploads\\\/2013\\\/12\\\/Otsake_3.jpg\",\"width\":1000,\"height\":442,\"caption\":\"Rukaj\u00e4rven suunnan historiayhdistys\"},\"image\":{\"@id\":\"http:\\\/\\\/www.rukajarvensuunnanhistoriayhdistys.fi\\\/historiayhdistys\\\/#\\\/schema\\\/logo\\\/image\\\/\"}},{\"@type\":\"Person\",\"@id\":\"http:\\\/\\\/www.rukajarvensuunnanhistoriayhdistys.fi\\\/historiayhdistys\\\/#\\\/schema\\\/person\\\/19de7db68bf72dfd2b5d7f6dfbf8454d\",\"name\":\"RSHY\",\"image\":{\"@type\":\"ImageObject\",\"inLanguage\":\"fi\",\"@id\":\"https:\\\/\\\/secure.gravatar.com\\\/avatar\\\/598d59263a69cc8de65fcb4f9db78d6f58c098cb0e0ba22d73377441af9fa04c?s=96&d=blank&r=g\",\"url\":\"https:\\\/\\\/secure.gravatar.com\\\/avatar\\\/598d59263a69cc8de65fcb4f9db78d6f58c098cb0e0ba22d73377441af9fa04c?s=96&d=blank&r=g\",\"contentUrl\":\"https:\\\/\\\/secure.gravatar.com\\\/avatar\\\/598d59263a69cc8de65fcb4f9db78d6f58c098cb0e0ba22d73377441af9fa04c?s=96&d=blank&r=g\",\"caption\":\"RSHY\"},\"url\":\"http:\\\/\\\/www.rukajarvensuunnanhistoriayhdistys.fi\\\/historiayhdistys\\\/author\\\/rshy\\\/\"}]}<\/script>\n<!-- \/ Yoast SEO plugin. -->","yoast_head_json":{"title":"Jatkosota on p\u00e4\u00e4ttynyt - Kotiuttaminen alkoi 70 vuotta sitten - Rukaj\u00e4rven suunnan historiayhdistys","robots":{"index":"index","follow":"follow","max-snippet":"max-snippet:-1","max-image-preview":"max-image-preview:large","max-video-preview":"max-video-preview:-1"},"canonical":"http:\/\/www.rukajarvensuunnanhistoriayhdistys.fi\/historiayhdistys\/jatkosota-paattynyt-kotiuttaminen-alkoi-70-vuotta-sitten\/","og_locale":"fi_FI","og_type":"article","og_title":"Jatkosota on p\u00e4\u00e4ttynyt - Kotiuttaminen alkoi 70 vuotta sitten - Rukaj\u00e4rven suunnan historiayhdistys","og_description":"Jukolan motin kodan rakentaminen ajoittuu historiallisesti merkitt\u00e4v\u00e4\u00e4n aikaan. Tulee kuluneeksi 70 vuotta siit\u00e4, kun Rukaj\u00e4rven suunnan joukot tulivat (27.9.44) Jatkosodan p\u00e4\u00e4ttymisen j\u00e4lkeen t\u00e4lle Jukolan Motin alueelle ja majoittuivat ensin 12 Teksti jatkuu...Jatkosota on p\u00e4\u00e4ttynyt &#8211; Kotiuttaminen alkoi 70 vuotta sitten\u2192","og_url":"http:\/\/www.rukajarvensuunnanhistoriayhdistys.fi\/historiayhdistys\/jatkosota-paattynyt-kotiuttaminen-alkoi-70-vuotta-sitten\/","og_site_name":"Rukaj\u00e4rven suunnan historiayhdistys","article_published_time":"2014-10-29T23:19:29+00:00","article_modified_time":"2014-11-02T11:39:39+00:00","og_image":[{"width":1754,"height":1240,"url":"http:\/\/www.rukajarvensuunnanhistoriayhdistys.fi\/historiayhdistys\/wp-content\/uploads\/2014\/10\/Jukolan-motti-Paavon-maalaus-alempi-resol.jpg","type":"image\/jpeg"}],"author":"RSHY","twitter_misc":{"Kirjoittanut":"RSHY","Arvioitu lukuaika":"4 minuuttia"},"schema":{"@context":"https:\/\/schema.org","@graph":[{"@type":"Article","@id":"http:\/\/www.rukajarvensuunnanhistoriayhdistys.fi\/historiayhdistys\/jatkosota-paattynyt-kotiuttaminen-alkoi-70-vuotta-sitten\/#article","isPartOf":{"@id":"http:\/\/www.rukajarvensuunnanhistoriayhdistys.fi\/historiayhdistys\/jatkosota-paattynyt-kotiuttaminen-alkoi-70-vuotta-sitten\/"},"author":{"name":"RSHY","@id":"http:\/\/www.rukajarvensuunnanhistoriayhdistys.fi\/historiayhdistys\/#\/schema\/person\/19de7db68bf72dfd2b5d7f6dfbf8454d"},"headline":"Jatkosota on p\u00e4\u00e4ttynyt &#8211; Kotiuttaminen alkoi 70 vuotta sitten","datePublished":"2014-10-29T23:19:29+00:00","dateModified":"2014-11-02T11:39:39+00:00","mainEntityOfPage":{"@id":"http:\/\/www.rukajarvensuunnanhistoriayhdistys.fi\/historiayhdistys\/jatkosota-paattynyt-kotiuttaminen-alkoi-70-vuotta-sitten\/"},"wordCount":713,"publisher":{"@id":"http:\/\/www.rukajarvensuunnanhistoriayhdistys.fi\/historiayhdistys\/#organization"},"image":{"@id":"http:\/\/www.rukajarvensuunnanhistoriayhdistys.fi\/historiayhdistys\/jatkosota-paattynyt-kotiuttaminen-alkoi-70-vuotta-sitten\/#primaryimage"},"thumbnailUrl":"http:\/\/www.rukajarvensuunnanhistoriayhdistys.fi\/historiayhdistys\/wp-content\/uploads\/2014\/10\/Jukolan-motti-Paavon-maalaus-alempi-resol.jpg","articleSection":["Ajankohtaista"],"inLanguage":"fi"},{"@type":"WebPage","@id":"http:\/\/www.rukajarvensuunnanhistoriayhdistys.fi\/historiayhdistys\/jatkosota-paattynyt-kotiuttaminen-alkoi-70-vuotta-sitten\/","url":"http:\/\/www.rukajarvensuunnanhistoriayhdistys.fi\/historiayhdistys\/jatkosota-paattynyt-kotiuttaminen-alkoi-70-vuotta-sitten\/","name":"Jatkosota on p\u00e4\u00e4ttynyt - Kotiuttaminen alkoi 70 vuotta sitten - Rukaj\u00e4rven suunnan historiayhdistys","isPartOf":{"@id":"http:\/\/www.rukajarvensuunnanhistoriayhdistys.fi\/historiayhdistys\/#website"},"primaryImageOfPage":{"@id":"http:\/\/www.rukajarvensuunnanhistoriayhdistys.fi\/historiayhdistys\/jatkosota-paattynyt-kotiuttaminen-alkoi-70-vuotta-sitten\/#primaryimage"},"image":{"@id":"http:\/\/www.rukajarvensuunnanhistoriayhdistys.fi\/historiayhdistys\/jatkosota-paattynyt-kotiuttaminen-alkoi-70-vuotta-sitten\/#primaryimage"},"thumbnailUrl":"http:\/\/www.rukajarvensuunnanhistoriayhdistys.fi\/historiayhdistys\/wp-content\/uploads\/2014\/10\/Jukolan-motti-Paavon-maalaus-alempi-resol.jpg","datePublished":"2014-10-29T23:19:29+00:00","dateModified":"2014-11-02T11:39:39+00:00","breadcrumb":{"@id":"http:\/\/www.rukajarvensuunnanhistoriayhdistys.fi\/historiayhdistys\/jatkosota-paattynyt-kotiuttaminen-alkoi-70-vuotta-sitten\/#breadcrumb"},"inLanguage":"fi","potentialAction":[{"@type":"ReadAction","target":["http:\/\/www.rukajarvensuunnanhistoriayhdistys.fi\/historiayhdistys\/jatkosota-paattynyt-kotiuttaminen-alkoi-70-vuotta-sitten\/"]}]},{"@type":"ImageObject","inLanguage":"fi","@id":"http:\/\/www.rukajarvensuunnanhistoriayhdistys.fi\/historiayhdistys\/jatkosota-paattynyt-kotiuttaminen-alkoi-70-vuotta-sitten\/#primaryimage","url":"http:\/\/www.rukajarvensuunnanhistoriayhdistys.fi\/historiayhdistys\/wp-content\/uploads\/2014\/10\/Jukolan-motti-Paavon-maalaus-alempi-resol.jpg","contentUrl":"http:\/\/www.rukajarvensuunnanhistoriayhdistys.fi\/historiayhdistys\/wp-content\/uploads\/2014\/10\/Jukolan-motti-Paavon-maalaus-alempi-resol.jpg","width":1754,"height":1240,"caption":"Jukolan Motti Jatkosodan aikana maalaus Paavo Martikainen. Tehty veteraanien muistitiedon perusteella vuonna 1994, Paavo Martikainen ja Tauno Oksanen."},{"@type":"BreadcrumbList","@id":"http:\/\/www.rukajarvensuunnanhistoriayhdistys.fi\/historiayhdistys\/jatkosota-paattynyt-kotiuttaminen-alkoi-70-vuotta-sitten\/#breadcrumb","itemListElement":[{"@type":"ListItem","position":1,"name":"Etusivu","item":"http:\/\/www.rukajarvensuunnanhistoriayhdistys.fi\/historiayhdistys\/"},{"@type":"ListItem","position":2,"name":"Jatkosota on p\u00e4\u00e4ttynyt &#8211; Kotiuttaminen alkoi 70 vuotta sitten"}]},{"@type":"WebSite","@id":"http:\/\/www.rukajarvensuunnanhistoriayhdistys.fi\/historiayhdistys\/#website","url":"http:\/\/www.rukajarvensuunnanhistoriayhdistys.fi\/historiayhdistys\/","name":"Rukaj\u00e4rven suunnan historiayhdistys","description":"Rukaj\u00e4rven suunnan historiayhdistyksen verkkosivut.","publisher":{"@id":"http:\/\/www.rukajarvensuunnanhistoriayhdistys.fi\/historiayhdistys\/#organization"},"potentialAction":[{"@type":"SearchAction","target":{"@type":"EntryPoint","urlTemplate":"http:\/\/www.rukajarvensuunnanhistoriayhdistys.fi\/historiayhdistys\/?s={search_term_string}"},"query-input":{"@type":"PropertyValueSpecification","valueRequired":true,"valueName":"search_term_string"}}],"inLanguage":"fi"},{"@type":"Organization","@id":"http:\/\/www.rukajarvensuunnanhistoriayhdistys.fi\/historiayhdistys\/#organization","name":"Rukaj\u00e4rven suunnan historiayhdistys","url":"http:\/\/www.rukajarvensuunnanhistoriayhdistys.fi\/historiayhdistys\/","logo":{"@type":"ImageObject","inLanguage":"fi","@id":"http:\/\/www.rukajarvensuunnanhistoriayhdistys.fi\/historiayhdistys\/#\/schema\/logo\/image\/","url":"http:\/\/www.rukajarvensuunnanhistoriayhdistys.fi\/historiayhdistys\/wp-content\/uploads\/2013\/12\/Otsake_3.jpg","contentUrl":"http:\/\/www.rukajarvensuunnanhistoriayhdistys.fi\/historiayhdistys\/wp-content\/uploads\/2013\/12\/Otsake_3.jpg","width":1000,"height":442,"caption":"Rukaj\u00e4rven suunnan historiayhdistys"},"image":{"@id":"http:\/\/www.rukajarvensuunnanhistoriayhdistys.fi\/historiayhdistys\/#\/schema\/logo\/image\/"}},{"@type":"Person","@id":"http:\/\/www.rukajarvensuunnanhistoriayhdistys.fi\/historiayhdistys\/#\/schema\/person\/19de7db68bf72dfd2b5d7f6dfbf8454d","name":"RSHY","image":{"@type":"ImageObject","inLanguage":"fi","@id":"https:\/\/secure.gravatar.com\/avatar\/598d59263a69cc8de65fcb4f9db78d6f58c098cb0e0ba22d73377441af9fa04c?s=96&d=blank&r=g","url":"https:\/\/secure.gravatar.com\/avatar\/598d59263a69cc8de65fcb4f9db78d6f58c098cb0e0ba22d73377441af9fa04c?s=96&d=blank&r=g","contentUrl":"https:\/\/secure.gravatar.com\/avatar\/598d59263a69cc8de65fcb4f9db78d6f58c098cb0e0ba22d73377441af9fa04c?s=96&d=blank&r=g","caption":"RSHY"},"url":"http:\/\/www.rukajarvensuunnanhistoriayhdistys.fi\/historiayhdistys\/author\/rshy\/"}]}},"_links":{"self":[{"href":"http:\/\/www.rukajarvensuunnanhistoriayhdistys.fi\/historiayhdistys\/wp-json\/wp\/v2\/posts\/9409","targetHints":{"allow":["GET"]}}],"collection":[{"href":"http:\/\/www.rukajarvensuunnanhistoriayhdistys.fi\/historiayhdistys\/wp-json\/wp\/v2\/posts"}],"about":[{"href":"http:\/\/www.rukajarvensuunnanhistoriayhdistys.fi\/historiayhdistys\/wp-json\/wp\/v2\/types\/post"}],"author":[{"embeddable":true,"href":"http:\/\/www.rukajarvensuunnanhistoriayhdistys.fi\/historiayhdistys\/wp-json\/wp\/v2\/users\/3"}],"replies":[{"embeddable":true,"href":"http:\/\/www.rukajarvensuunnanhistoriayhdistys.fi\/historiayhdistys\/wp-json\/wp\/v2\/comments?post=9409"}],"version-history":[{"count":5,"href":"http:\/\/www.rukajarvensuunnanhistoriayhdistys.fi\/historiayhdistys\/wp-json\/wp\/v2\/posts\/9409\/revisions"}],"predecessor-version":[{"id":9420,"href":"http:\/\/www.rukajarvensuunnanhistoriayhdistys.fi\/historiayhdistys\/wp-json\/wp\/v2\/posts\/9409\/revisions\/9420"}],"wp:featuredmedia":[{"embeddable":true,"href":"http:\/\/www.rukajarvensuunnanhistoriayhdistys.fi\/historiayhdistys\/wp-json\/wp\/v2\/media\/9265"}],"wp:attachment":[{"href":"http:\/\/www.rukajarvensuunnanhistoriayhdistys.fi\/historiayhdistys\/wp-json\/wp\/v2\/media?parent=9409"}],"wp:term":[{"taxonomy":"category","embeddable":true,"href":"http:\/\/www.rukajarvensuunnanhistoriayhdistys.fi\/historiayhdistys\/wp-json\/wp\/v2\/categories?post=9409"},{"taxonomy":"post_tag","embeddable":true,"href":"http:\/\/www.rukajarvensuunnanhistoriayhdistys.fi\/historiayhdistys\/wp-json\/wp\/v2\/tags?post=9409"}],"curies":[{"name":"wp","href":"https:\/\/api.w.org\/{rel}","templated":true}]}}