{"id":9422,"date":"2014-11-01T00:49:08","date_gmt":"2014-10-31T22:49:08","guid":{"rendered":"http:\/\/www.rukajarvensuunnanhistoriayhdistys.fi\/historiayhdistys\/?p=9422"},"modified":"2014-11-02T13:37:11","modified_gmt":"2014-11-02T11:37:11","slug":"jukolan-motissa-arvovieraita-oulusta","status":"publish","type":"post","link":"http:\/\/www.rukajarvensuunnanhistoriayhdistys.fi\/historiayhdistys\/jukolan-motissa-arvovieraita-oulusta\/","title":{"rendered":"Jukolan Motissa arvovieraita Oulusta"},"content":{"rendered":"<div class=\"fcbkbttn_buttons_block\" id=\"fcbkbttn_left\"><div class=\"fcbkbttn_like \"><fb:like href=\"http:\/\/www.rukajarvensuunnanhistoriayhdistys.fi\/historiayhdistys\/jukolan-motissa-arvovieraita-oulusta\/\" action=\"like\" colorscheme=\"light\" layout=\"button_count\"  size=\"small\"><\/fb:like><\/div><\/div><p>Jukolan Motin kotaty\u00f6maalle saapui torstaina 30.10. arvovieraita Oulusta. MPKL ry liittohallituksen j\u00e4sen ja mm. Pohjois-Suomen Kiltapiirin puheenjohtaja rakennusinsin\u00f6\u00f6ri Seppo Suhonen sek\u00e4 P\u00f6yry Finland Oy:n johtaja asiantuntija DI Pentti Haimakainen saapuivat tutkimaan ja mittaamaan \u00c4n\u00e4k\u00e4isen Salpaetuasemia.<\/p>\n<p><span style=\"color: #000000; font-family: Arial Narrow; font-size: small;\">Nyt kohde kunnostetaan Puolustusvoimain pioneerien kertausharjoitusty\u00f6n\u00e4, jolla tavalla varmistetaan asianmukainen toteuttaminen. Ty\u00f6 tehd\u00e4\u00e4n Maanpuolustusyhdistyksen sotilaallisia valmiuksia palvelevana linnoituskoulutuksena, jota tukee Kainuun Prikaati. Koulutuksen organisoi Pohjan Pioneerikilta ry yhteisty\u00f6ss\u00e4 Pohjois-Karjalan Pioneerikilta ry:n ja Savon Pioneerikilta ry:n kanssa ja kurssin johtajana toimii Tuomo Katisko (everstiluutnantti evp) Pohjan Pioneerikillasta.<\/span><\/p>\n<figure id=\"attachment_9426\" aria-describedby=\"caption-attachment-9426\" style=\"width: 1754px\" class=\"wp-caption alignnone\"><a href=\"http:\/\/www.rukajarvensuunnanhistoriayhdistys.fi\/historiayhdistys\/wp-content\/uploads\/2014\/11\/\u00c4n\u00e4k\u00e4inen-Seppo-Suhonen-Pentti-Haimakainen.jpg\"><img loading=\"lazy\" decoding=\"async\" class=\"wp-image-9426 size-full\" src=\"http:\/\/www.rukajarvensuunnanhistoriayhdistys.fi\/historiayhdistys\/wp-content\/uploads\/2014\/11\/\u00c4n\u00e4k\u00e4inen-Seppo-Suhonen-Pentti-Haimakainen.jpg\" alt=\"Seppo Suhonen ja Pentti Haimakainen tutkivat Jukolan Motin l\u00e4heisyydess\u00e4 sijaitsevia \u00c4n\u00e4k\u00e4isen Salpaetuasemia. Kyll\u00e4p\u00e4 ne onkin p\u00e4\u00e4sseet heikkoon kuntoon ja ovat siksi vaaraksi alueella liikkuville matkailijoille. \" width=\"1754\" height=\"1240\" data-id=\"9426\" srcset=\"http:\/\/www.rukajarvensuunnanhistoriayhdistys.fi\/historiayhdistys\/wp-content\/uploads\/2014\/11\/\u00c4n\u00e4k\u00e4inen-Seppo-Suhonen-Pentti-Haimakainen.jpg 1754w, http:\/\/www.rukajarvensuunnanhistoriayhdistys.fi\/historiayhdistys\/wp-content\/uploads\/2014\/11\/\u00c4n\u00e4k\u00e4inen-Seppo-Suhonen-Pentti-Haimakainen-300x212.jpg 300w, http:\/\/www.rukajarvensuunnanhistoriayhdistys.fi\/historiayhdistys\/wp-content\/uploads\/2014\/11\/\u00c4n\u00e4k\u00e4inen-Seppo-Suhonen-Pentti-Haimakainen-1024x723.jpg 1024w\" sizes=\"auto, (max-width: 1754px) 100vw, 1754px\" \/><\/a><figcaption id=\"caption-attachment-9426\" class=\"wp-caption-text\">Seppo Suhonen ja Pentti Haimakainen tutkivat Jukolan Motin l\u00e4heisyydess\u00e4 sijaitsevia \u00c4n\u00e4k\u00e4isen Salpaetuasemia. Kyll\u00e4p\u00e4 ne onkin p\u00e4\u00e4sseet heikkoon kuntoon ja ovat siksi vaaraksi alueella liikkuville matkailijoille.<\/figcaption><\/figure>\n<figure id=\"attachment_9428\" aria-describedby=\"caption-attachment-9428\" style=\"width: 1754px\" class=\"wp-caption alignnone\"><a href=\"http:\/\/www.rukajarvensuunnanhistoriayhdistys.fi\/historiayhdistys\/wp-content\/uploads\/2014\/11\/Jukolan-Motti-talkooporukka.jpg\"><img loading=\"lazy\" decoding=\"async\" class=\"wp-image-9428 size-full\" src=\"http:\/\/www.rukajarvensuunnanhistoriayhdistys.fi\/historiayhdistys\/wp-content\/uploads\/2014\/11\/Jukolan-Motti-talkooporukka.jpg\" alt=\"Talkoov\u00e4ki asettui valokuvaan, vasemmalta Seppo Suhonen, Pentti Haimakainen, Kaj Ekholm, Reino Pippola, Tenho Tikkanen, Pentti Laitinen, Matti Kilpel\u00e4inen ja Heikki Turunen.\" width=\"1754\" height=\"1240\" data-id=\"9428\" srcset=\"http:\/\/www.rukajarvensuunnanhistoriayhdistys.fi\/historiayhdistys\/wp-content\/uploads\/2014\/11\/Jukolan-Motti-talkooporukka.jpg 1754w, http:\/\/www.rukajarvensuunnanhistoriayhdistys.fi\/historiayhdistys\/wp-content\/uploads\/2014\/11\/Jukolan-Motti-talkooporukka-300x212.jpg 300w, http:\/\/www.rukajarvensuunnanhistoriayhdistys.fi\/historiayhdistys\/wp-content\/uploads\/2014\/11\/Jukolan-Motti-talkooporukka-1024x723.jpg 1024w\" sizes=\"auto, (max-width: 1754px) 100vw, 1754px\" \/><\/a><figcaption id=\"caption-attachment-9428\" class=\"wp-caption-text\">Talkoov\u00e4ki asettui valokuvaan, vasemmalta Seppo Suhonen, Pentti Haimakainen, Kaj Ekholm, Reino Pippola, Tenho Tikkanen, Pentti Laitinen, Matti Kilpel\u00e4inen ja Heikki Turunen.<\/figcaption><\/figure>\n<p><span style=\"color: #000000; font-family: Arial Narrow; font-size: small;\">Kodan ymp\u00e4rist\u00f6\u00e4 kehtaa n\u00e4ytell\u00e4, sepeli on levitetty ja t\u00e4rytetty. Se helpottaa rakennuksen ymp\u00e4rill\u00e4 liikkumista ja ty\u00f6ntekemist\u00e4.<\/span><\/p>\n<figure id=\"attachment_9423\" aria-describedby=\"caption-attachment-9423\" style=\"width: 1754px\" class=\"wp-caption alignnone\"><a href=\"http:\/\/www.rukajarvensuunnanhistoriayhdistys.fi\/historiayhdistys\/wp-content\/uploads\/2014\/11\/Jukolan-Motti-tulimeren\u00e4-ja-Heikki-Turunen.jpg\"><img loading=\"lazy\" decoding=\"async\" class=\"wp-image-9423 size-full\" src=\"http:\/\/www.rukajarvensuunnanhistoriayhdistys.fi\/historiayhdistys\/wp-content\/uploads\/2014\/11\/Jukolan-Motti-tulimeren\u00e4-ja-Heikki-Turunen.jpg\" alt=\"Heikki Turunen kiinnitti kattotuolit rakentamaansa kehykseen, mies yhten\u00e4 tulimeren\u00e4.\" width=\"1754\" height=\"1240\" data-id=\"9423\" srcset=\"http:\/\/www.rukajarvensuunnanhistoriayhdistys.fi\/historiayhdistys\/wp-content\/uploads\/2014\/11\/Jukolan-Motti-tulimeren\u00e4-ja-Heikki-Turunen.jpg 1754w, http:\/\/www.rukajarvensuunnanhistoriayhdistys.fi\/historiayhdistys\/wp-content\/uploads\/2014\/11\/Jukolan-Motti-tulimeren\u00e4-ja-Heikki-Turunen-300x212.jpg 300w, http:\/\/www.rukajarvensuunnanhistoriayhdistys.fi\/historiayhdistys\/wp-content\/uploads\/2014\/11\/Jukolan-Motti-tulimeren\u00e4-ja-Heikki-Turunen-1024x723.jpg 1024w\" sizes=\"auto, (max-width: 1754px) 100vw, 1754px\" \/><\/a><figcaption id=\"caption-attachment-9423\" class=\"wp-caption-text\">Heikki Turunen kiinnitti kattotuolit rakentamaansa kehykseen, mies yhten\u00e4 tulimeren\u00e4.<\/figcaption><\/figure>\n<figure id=\"attachment_9425\" aria-describedby=\"caption-attachment-9425\" style=\"width: 1754px\" class=\"wp-caption alignnone\"><a href=\"http:\/\/www.rukajarvensuunnanhistoriayhdistys.fi\/historiayhdistys\/wp-content\/uploads\/2014\/11\/Koko-sivun-valokuva.jpg\"><img loading=\"lazy\" decoding=\"async\" class=\"wp-image-9425 size-full\" src=\"http:\/\/www.rukajarvensuunnanhistoriayhdistys.fi\/historiayhdistys\/wp-content\/uploads\/2014\/11\/Koko-sivun-valokuva.jpg\" alt=\"Jorma H\u00e4m\u00e4l\u00e4inen oli pannut merkille, ett\u00e4 vastaava ty\u00f6njohtaja Matti Kemil\u00e4inen pist\u00e4\u00e4 ty\u00f6maalla joskus juoksuksi. Jorma palkitsi uutteruuden Ilomantsilaiselta viinitilalta hankkimallaan Raappana-viinill\u00e4.\" width=\"1754\" height=\"1240\" data-id=\"9425\" srcset=\"http:\/\/www.rukajarvensuunnanhistoriayhdistys.fi\/historiayhdistys\/wp-content\/uploads\/2014\/11\/Koko-sivun-valokuva.jpg 1754w, http:\/\/www.rukajarvensuunnanhistoriayhdistys.fi\/historiayhdistys\/wp-content\/uploads\/2014\/11\/Koko-sivun-valokuva-300x212.jpg 300w, http:\/\/www.rukajarvensuunnanhistoriayhdistys.fi\/historiayhdistys\/wp-content\/uploads\/2014\/11\/Koko-sivun-valokuva-1024x723.jpg 1024w\" sizes=\"auto, (max-width: 1754px) 100vw, 1754px\" \/><\/a><figcaption id=\"caption-attachment-9425\" class=\"wp-caption-text\">Jorma H\u00e4m\u00e4l\u00e4inen oli pannut merkille, ett\u00e4 vastaava ty\u00f6njohtaja Matti Kemil\u00e4inen pist\u00e4\u00e4 ty\u00f6maalla joskus juoksuksi. Jorma palkitsi uutteruuden Ilomantsilaiselta viinitilalta hankkimallaan Raappana-viinill\u00e4.<\/figcaption><\/figure>\n<figure id=\"attachment_9431\" aria-describedby=\"caption-attachment-9431\" style=\"width: 1754px\" class=\"wp-caption alignnone\"><a href=\"http:\/\/www.rukajarvensuunnanhistoriayhdistys.fi\/historiayhdistys\/wp-content\/uploads\/2014\/11\/Jukolan-Motti-1200-m-aluslautoja.jpg\"><img loading=\"lazy\" decoding=\"async\" class=\"wp-image-9431 size-full\" src=\"http:\/\/www.rukajarvensuunnanhistoriayhdistys.fi\/historiayhdistys\/wp-content\/uploads\/2014\/11\/Jukolan-Motti-1200-m-aluslautoja.jpg\" alt=\"Vet\u00e4v\u00e4 askel. Katonaluslautoja on varattu 1200 m. Katon pinta-ala on 120 neli\u00f6t\u00e4. Reino Pippola ja Pentti Laitinen ty\u00f6ntouhussa, v\u00e4lill\u00e4 lautoja kantamassa ja v\u00e4lill\u00e4 tasaamassa pihasepeli\u00e4.\" width=\"1754\" height=\"1240\" data-id=\"9431\" srcset=\"http:\/\/www.rukajarvensuunnanhistoriayhdistys.fi\/historiayhdistys\/wp-content\/uploads\/2014\/11\/Jukolan-Motti-1200-m-aluslautoja.jpg 1754w, http:\/\/www.rukajarvensuunnanhistoriayhdistys.fi\/historiayhdistys\/wp-content\/uploads\/2014\/11\/Jukolan-Motti-1200-m-aluslautoja-300x212.jpg 300w, http:\/\/www.rukajarvensuunnanhistoriayhdistys.fi\/historiayhdistys\/wp-content\/uploads\/2014\/11\/Jukolan-Motti-1200-m-aluslautoja-1024x723.jpg 1024w\" sizes=\"auto, (max-width: 1754px) 100vw, 1754px\" \/><\/a><figcaption id=\"caption-attachment-9431\" class=\"wp-caption-text\">Vet\u00e4v\u00e4 askel. Katonaluslautoja on varattu 1200 m. Katon pinta-ala on 120 neli\u00f6t\u00e4. Reino Pippola ja Pentti Laitinen ty\u00f6ntouhussa, v\u00e4lill\u00e4 lautoja kantamassa ja v\u00e4lill\u00e4 tasaamassa pihasepeli\u00e4.<\/figcaption><\/figure>\n<p>Perjantaina ty\u00f6t Jukolan Motissa jatkuivat aurinkoisessa s\u00e4\u00e4ss\u00e4. Katolle kiipeilem\u00e4\u00e4n tuli ulkomaillakin tunnettu el\u00e4mysmatkailuyritt\u00e4j\u00e4 Er\u00e4 Eero eli Eero Kortelainen joukkoineen.<\/p>\n<figure id=\"attachment_9424\" aria-describedby=\"caption-attachment-9424\" style=\"width: 1754px\" class=\"wp-caption alignnone\"><a href=\"http:\/\/www.rukajarvensuunnanhistoriayhdistys.fi\/historiayhdistys\/wp-content\/uploads\/2014\/11\/Jukolan-Motti-ty\u00f6-on-tehty.jpg\"><img loading=\"lazy\" decoding=\"async\" class=\"wp-image-9424 size-full\" src=\"http:\/\/www.rukajarvensuunnanhistoriayhdistys.fi\/historiayhdistys\/wp-content\/uploads\/2014\/11\/Jukolan-Motti-ty\u00f6-on-tehty.jpg\" alt=\"Ty\u00f6 on tehty, Jani Sormunen ja Eero Kortelainen suunnittelevat kattolaudoituksen suojaamista viikonlopun sateilta.\" width=\"1754\" height=\"1240\" data-id=\"9424\" srcset=\"http:\/\/www.rukajarvensuunnanhistoriayhdistys.fi\/historiayhdistys\/wp-content\/uploads\/2014\/11\/Jukolan-Motti-ty\u00f6-on-tehty.jpg 1754w, http:\/\/www.rukajarvensuunnanhistoriayhdistys.fi\/historiayhdistys\/wp-content\/uploads\/2014\/11\/Jukolan-Motti-ty\u00f6-on-tehty-300x212.jpg 300w, http:\/\/www.rukajarvensuunnanhistoriayhdistys.fi\/historiayhdistys\/wp-content\/uploads\/2014\/11\/Jukolan-Motti-ty\u00f6-on-tehty-1024x723.jpg 1024w\" sizes=\"auto, (max-width: 1754px) 100vw, 1754px\" \/><\/a><figcaption id=\"caption-attachment-9424\" class=\"wp-caption-text\">Ty\u00f6 on tehty, Jani Sormunen ja Eero Kortelainen suunnittelevat kattolaudoituksen suojaamista viikonlopun sateilta.<\/figcaption><\/figure>\n<p>Selv\u00e4sti n\u00e4ki, ett\u00e4 miehell\u00e4 on kokemusta rakentamisesta. Telineet tehtiin ensin ja sitten katolle. Liki puolet aluslaudoituksesta on valmiina hupun alla odottamassa kattohuovan laittajia.<\/p>\n<figure id=\"attachment_9430\" aria-describedby=\"caption-attachment-9430\" style=\"width: 1754px\" class=\"wp-caption alignnone\"><a href=\"http:\/\/www.rukajarvensuunnanhistoriayhdistys.fi\/historiayhdistys\/wp-content\/uploads\/2014\/11\/Jukolan-Motti-Mari-Jannela-ja-Jari-Leivo.jpg\"><img loading=\"lazy\" decoding=\"async\" class=\"wp-image-9430 size-full\" src=\"http:\/\/www.rukajarvensuunnanhistoriayhdistys.fi\/historiayhdistys\/wp-content\/uploads\/2014\/11\/Jukolan-Motti-Mari-Jannela-ja-Jari-Leivo.jpg\" alt=\"Mari Jannela ja Jari Leivo pitiv\u00e4t huolta, ett\u00e4 katonaluslautoja riitti naulattavaksi.\" width=\"1754\" height=\"1240\" data-id=\"9430\" srcset=\"http:\/\/www.rukajarvensuunnanhistoriayhdistys.fi\/historiayhdistys\/wp-content\/uploads\/2014\/11\/Jukolan-Motti-Mari-Jannela-ja-Jari-Leivo.jpg 1754w, http:\/\/www.rukajarvensuunnanhistoriayhdistys.fi\/historiayhdistys\/wp-content\/uploads\/2014\/11\/Jukolan-Motti-Mari-Jannela-ja-Jari-Leivo-300x212.jpg 300w, http:\/\/www.rukajarvensuunnanhistoriayhdistys.fi\/historiayhdistys\/wp-content\/uploads\/2014\/11\/Jukolan-Motti-Mari-Jannela-ja-Jari-Leivo-1024x723.jpg 1024w\" sizes=\"auto, (max-width: 1754px) 100vw, 1754px\" \/><\/a><figcaption id=\"caption-attachment-9430\" class=\"wp-caption-text\">Mari Jannela ja Jari Leivo pitiv\u00e4t huolta, ett\u00e4 katonaluslautoja riitti naulattavaksi.<\/figcaption><\/figure>\n<figure id=\"attachment_9427\" aria-describedby=\"caption-attachment-9427\" style=\"width: 1754px\" class=\"wp-caption alignnone\"><a href=\"http:\/\/www.rukajarvensuunnanhistoriayhdistys.fi\/historiayhdistys\/wp-content\/uploads\/2014\/11\/Jukolan-Motti-huputettuna.jpg\"><img loading=\"lazy\" decoding=\"async\" class=\"wp-image-9427 size-full\" src=\"http:\/\/www.rukajarvensuunnanhistoriayhdistys.fi\/historiayhdistys\/wp-content\/uploads\/2014\/11\/Jukolan-Motti-huputettuna.jpg\" alt=\"Kota huputettuna.\" width=\"1754\" height=\"1240\" data-id=\"9427\" srcset=\"http:\/\/www.rukajarvensuunnanhistoriayhdistys.fi\/historiayhdistys\/wp-content\/uploads\/2014\/11\/Jukolan-Motti-huputettuna.jpg 1754w, http:\/\/www.rukajarvensuunnanhistoriayhdistys.fi\/historiayhdistys\/wp-content\/uploads\/2014\/11\/Jukolan-Motti-huputettuna-300x212.jpg 300w, http:\/\/www.rukajarvensuunnanhistoriayhdistys.fi\/historiayhdistys\/wp-content\/uploads\/2014\/11\/Jukolan-Motti-huputettuna-1024x723.jpg 1024w\" sizes=\"auto, (max-width: 1754px) 100vw, 1754px\" \/><\/a><figcaption id=\"caption-attachment-9427\" class=\"wp-caption-text\">Kota huputettuna.<\/figcaption><\/figure>\n<p>Tuleva viikko onkin s\u00e4\u00e4n suhteen haasteellinen. Ennusteet eiv\u00e4t lupaa kovinkaan hyvi\u00e4 katontekoilmoja, l\u00e4mmint\u00e4 on, mutta sateista. Keskiviikosta perjantaihin yritet\u00e4\u00e4n saada talkoomiehi\u00e4 paikalle, jotta kate saataisiin tehty\u00e4 loppuun ja seuraavalla viikolla p\u00e4\u00e4st\u00e4isiin sisustust\u00f6ihin.<\/p>\n<p>&nbsp;<\/p>\n","protected":false},"excerpt":{"rendered":"<p>Jukolan Motin kotaty\u00f6maalle saapui torstaina 30.10. arvovieraita Oulusta. MPKL ry liittohallituksen j\u00e4sen ja mm. Pohjois-Suomen Kiltapiirin puheenjohtaja rakennusinsin\u00f6\u00f6ri Seppo Suhonen sek\u00e4 P\u00f6yry Finland Oy:n johtaja asiantuntija DI Pentti Haimakainen saapuivat <a class=\"more-link\" href=\"http:\/\/www.rukajarvensuunnanhistoriayhdistys.fi\/historiayhdistys\/jukolan-motissa-arvovieraita-oulusta\/\">Teksti jatkuu&#8230;<span class=\"screen-reader-text\">Jukolan Motissa arvovieraita Oulusta<\/span><span class=\"meta-nav\">\u2192<\/span><\/a><\/p>\n","protected":false},"author":3,"featured_media":9428,"comment_status":"closed","ping_status":"open","sticky":false,"template":"","format":"standard","meta":{"footnotes":""},"categories":[22],"tags":[],"class_list":["post-9422","post","type-post","status-publish","format-standard","has-post-thumbnail","hentry","category-ajankohtaista"],"yoast_head":"<!-- This site is optimized with the Yoast SEO plugin v27.4 - https:\/\/yoast.com\/product\/yoast-seo-wordpress\/ -->\n<title>Jukolan Motissa arvovieraita Oulusta - Rukaj\u00e4rven suunnan historiayhdistys<\/title>\n<meta name=\"robots\" content=\"index, follow, max-snippet:-1, max-image-preview:large, max-video-preview:-1\" \/>\n<link rel=\"canonical\" href=\"http:\/\/www.rukajarvensuunnanhistoriayhdistys.fi\/historiayhdistys\/jukolan-motissa-arvovieraita-oulusta\/\" \/>\n<meta property=\"og:locale\" content=\"fi_FI\" \/>\n<meta property=\"og:type\" content=\"article\" \/>\n<meta property=\"og:title\" content=\"Jukolan Motissa arvovieraita Oulusta - Rukaj\u00e4rven suunnan historiayhdistys\" \/>\n<meta property=\"og:description\" content=\"Jukolan Motin kotaty\u00f6maalle saapui torstaina 30.10. arvovieraita Oulusta. MPKL ry liittohallituksen j\u00e4sen ja mm. Pohjois-Suomen Kiltapiirin puheenjohtaja rakennusinsin\u00f6\u00f6ri Seppo Suhonen sek\u00e4 P\u00f6yry Finland Oy:n johtaja asiantuntija DI Pentti Haimakainen saapuivat Teksti jatkuu...Jukolan Motissa arvovieraita Oulusta\u2192\" \/>\n<meta property=\"og:url\" content=\"http:\/\/www.rukajarvensuunnanhistoriayhdistys.fi\/historiayhdistys\/jukolan-motissa-arvovieraita-oulusta\/\" \/>\n<meta property=\"og:site_name\" content=\"Rukaj\u00e4rven suunnan historiayhdistys\" \/>\n<meta property=\"article:published_time\" content=\"2014-10-31T22:49:08+00:00\" \/>\n<meta property=\"article:modified_time\" content=\"2014-11-02T11:37:11+00:00\" \/>\n<meta property=\"og:image\" content=\"http:\/\/www.rukajarvensuunnanhistoriayhdistys.fi\/historiayhdistys\/wp-content\/uploads\/2014\/11\/Jukolan-Motti-talkooporukka.jpg\" \/>\n\t<meta property=\"og:image:width\" content=\"1754\" \/>\n\t<meta property=\"og:image:height\" content=\"1240\" \/>\n\t<meta property=\"og:image:type\" content=\"image\/jpeg\" \/>\n<meta name=\"author\" content=\"RSHY\" \/>\n<meta name=\"twitter:label1\" content=\"Kirjoittanut\" \/>\n\t<meta name=\"twitter:data1\" content=\"RSHY\" \/>\n\t<meta name=\"twitter:label2\" content=\"Arvioitu lukuaika\" \/>\n\t<meta name=\"twitter:data2\" content=\"2 minuuttia\" \/>\n<script type=\"application\/ld+json\" class=\"yoast-schema-graph\">{\"@context\":\"https:\\\/\\\/schema.org\",\"@graph\":[{\"@type\":\"Article\",\"@id\":\"http:\\\/\\\/www.rukajarvensuunnanhistoriayhdistys.fi\\\/historiayhdistys\\\/jukolan-motissa-arvovieraita-oulusta\\\/#article\",\"isPartOf\":{\"@id\":\"http:\\\/\\\/www.rukajarvensuunnanhistoriayhdistys.fi\\\/historiayhdistys\\\/jukolan-motissa-arvovieraita-oulusta\\\/\"},\"author\":{\"name\":\"RSHY\",\"@id\":\"http:\\\/\\\/www.rukajarvensuunnanhistoriayhdistys.fi\\\/historiayhdistys\\\/#\\\/schema\\\/person\\\/19de7db68bf72dfd2b5d7f6dfbf8454d\"},\"headline\":\"Jukolan Motissa arvovieraita Oulusta\",\"datePublished\":\"2014-10-31T22:49:08+00:00\",\"dateModified\":\"2014-11-02T11:37:11+00:00\",\"mainEntityOfPage\":{\"@id\":\"http:\\\/\\\/www.rukajarvensuunnanhistoriayhdistys.fi\\\/historiayhdistys\\\/jukolan-motissa-arvovieraita-oulusta\\\/\"},\"wordCount\":406,\"publisher\":{\"@id\":\"http:\\\/\\\/www.rukajarvensuunnanhistoriayhdistys.fi\\\/historiayhdistys\\\/#organization\"},\"image\":{\"@id\":\"http:\\\/\\\/www.rukajarvensuunnanhistoriayhdistys.fi\\\/historiayhdistys\\\/jukolan-motissa-arvovieraita-oulusta\\\/#primaryimage\"},\"thumbnailUrl\":\"http:\\\/\\\/www.rukajarvensuunnanhistoriayhdistys.fi\\\/historiayhdistys\\\/wp-content\\\/uploads\\\/2014\\\/11\\\/Jukolan-Motti-talkooporukka.jpg\",\"articleSection\":[\"Ajankohtaista\"],\"inLanguage\":\"fi\"},{\"@type\":\"WebPage\",\"@id\":\"http:\\\/\\\/www.rukajarvensuunnanhistoriayhdistys.fi\\\/historiayhdistys\\\/jukolan-motissa-arvovieraita-oulusta\\\/\",\"url\":\"http:\\\/\\\/www.rukajarvensuunnanhistoriayhdistys.fi\\\/historiayhdistys\\\/jukolan-motissa-arvovieraita-oulusta\\\/\",\"name\":\"Jukolan Motissa arvovieraita Oulusta - Rukaj\u00e4rven suunnan historiayhdistys\",\"isPartOf\":{\"@id\":\"http:\\\/\\\/www.rukajarvensuunnanhistoriayhdistys.fi\\\/historiayhdistys\\\/#website\"},\"primaryImageOfPage\":{\"@id\":\"http:\\\/\\\/www.rukajarvensuunnanhistoriayhdistys.fi\\\/historiayhdistys\\\/jukolan-motissa-arvovieraita-oulusta\\\/#primaryimage\"},\"image\":{\"@id\":\"http:\\\/\\\/www.rukajarvensuunnanhistoriayhdistys.fi\\\/historiayhdistys\\\/jukolan-motissa-arvovieraita-oulusta\\\/#primaryimage\"},\"thumbnailUrl\":\"http:\\\/\\\/www.rukajarvensuunnanhistoriayhdistys.fi\\\/historiayhdistys\\\/wp-content\\\/uploads\\\/2014\\\/11\\\/Jukolan-Motti-talkooporukka.jpg\",\"datePublished\":\"2014-10-31T22:49:08+00:00\",\"dateModified\":\"2014-11-02T11:37:11+00:00\",\"breadcrumb\":{\"@id\":\"http:\\\/\\\/www.rukajarvensuunnanhistoriayhdistys.fi\\\/historiayhdistys\\\/jukolan-motissa-arvovieraita-oulusta\\\/#breadcrumb\"},\"inLanguage\":\"fi\",\"potentialAction\":[{\"@type\":\"ReadAction\",\"target\":[\"http:\\\/\\\/www.rukajarvensuunnanhistoriayhdistys.fi\\\/historiayhdistys\\\/jukolan-motissa-arvovieraita-oulusta\\\/\"]}]},{\"@type\":\"ImageObject\",\"inLanguage\":\"fi\",\"@id\":\"http:\\\/\\\/www.rukajarvensuunnanhistoriayhdistys.fi\\\/historiayhdistys\\\/jukolan-motissa-arvovieraita-oulusta\\\/#primaryimage\",\"url\":\"http:\\\/\\\/www.rukajarvensuunnanhistoriayhdistys.fi\\\/historiayhdistys\\\/wp-content\\\/uploads\\\/2014\\\/11\\\/Jukolan-Motti-talkooporukka.jpg\",\"contentUrl\":\"http:\\\/\\\/www.rukajarvensuunnanhistoriayhdistys.fi\\\/historiayhdistys\\\/wp-content\\\/uploads\\\/2014\\\/11\\\/Jukolan-Motti-talkooporukka.jpg\",\"width\":1754,\"height\":1240,\"caption\":\"Talkoov\u00e4ki asettui valokuvaan, vasemmalta Seppo Suhonen, Pentti Haimakainen, Kaj Ekholm, Reino Pippola, Tenho Tikkanen, Pentti Laitinen, Matti Kilpel\u00e4inen ja Heikki Turunen.\"},{\"@type\":\"BreadcrumbList\",\"@id\":\"http:\\\/\\\/www.rukajarvensuunnanhistoriayhdistys.fi\\\/historiayhdistys\\\/jukolan-motissa-arvovieraita-oulusta\\\/#breadcrumb\",\"itemListElement\":[{\"@type\":\"ListItem\",\"position\":1,\"name\":\"Etusivu\",\"item\":\"http:\\\/\\\/www.rukajarvensuunnanhistoriayhdistys.fi\\\/historiayhdistys\\\/\"},{\"@type\":\"ListItem\",\"position\":2,\"name\":\"Jukolan Motissa arvovieraita Oulusta\"}]},{\"@type\":\"WebSite\",\"@id\":\"http:\\\/\\\/www.rukajarvensuunnanhistoriayhdistys.fi\\\/historiayhdistys\\\/#website\",\"url\":\"http:\\\/\\\/www.rukajarvensuunnanhistoriayhdistys.fi\\\/historiayhdistys\\\/\",\"name\":\"Rukaj\u00e4rven suunnan historiayhdistys\",\"description\":\"Rukaj\u00e4rven suunnan historiayhdistyksen verkkosivut.\",\"publisher\":{\"@id\":\"http:\\\/\\\/www.rukajarvensuunnanhistoriayhdistys.fi\\\/historiayhdistys\\\/#organization\"},\"potentialAction\":[{\"@type\":\"SearchAction\",\"target\":{\"@type\":\"EntryPoint\",\"urlTemplate\":\"http:\\\/\\\/www.rukajarvensuunnanhistoriayhdistys.fi\\\/historiayhdistys\\\/?s={search_term_string}\"},\"query-input\":{\"@type\":\"PropertyValueSpecification\",\"valueRequired\":true,\"valueName\":\"search_term_string\"}}],\"inLanguage\":\"fi\"},{\"@type\":\"Organization\",\"@id\":\"http:\\\/\\\/www.rukajarvensuunnanhistoriayhdistys.fi\\\/historiayhdistys\\\/#organization\",\"name\":\"Rukaj\u00e4rven suunnan historiayhdistys\",\"url\":\"http:\\\/\\\/www.rukajarvensuunnanhistoriayhdistys.fi\\\/historiayhdistys\\\/\",\"logo\":{\"@type\":\"ImageObject\",\"inLanguage\":\"fi\",\"@id\":\"http:\\\/\\\/www.rukajarvensuunnanhistoriayhdistys.fi\\\/historiayhdistys\\\/#\\\/schema\\\/logo\\\/image\\\/\",\"url\":\"http:\\\/\\\/www.rukajarvensuunnanhistoriayhdistys.fi\\\/historiayhdistys\\\/wp-content\\\/uploads\\\/2013\\\/12\\\/Otsake_3.jpg\",\"contentUrl\":\"http:\\\/\\\/www.rukajarvensuunnanhistoriayhdistys.fi\\\/historiayhdistys\\\/wp-content\\\/uploads\\\/2013\\\/12\\\/Otsake_3.jpg\",\"width\":1000,\"height\":442,\"caption\":\"Rukaj\u00e4rven suunnan historiayhdistys\"},\"image\":{\"@id\":\"http:\\\/\\\/www.rukajarvensuunnanhistoriayhdistys.fi\\\/historiayhdistys\\\/#\\\/schema\\\/logo\\\/image\\\/\"}},{\"@type\":\"Person\",\"@id\":\"http:\\\/\\\/www.rukajarvensuunnanhistoriayhdistys.fi\\\/historiayhdistys\\\/#\\\/schema\\\/person\\\/19de7db68bf72dfd2b5d7f6dfbf8454d\",\"name\":\"RSHY\",\"image\":{\"@type\":\"ImageObject\",\"inLanguage\":\"fi\",\"@id\":\"https:\\\/\\\/secure.gravatar.com\\\/avatar\\\/598d59263a69cc8de65fcb4f9db78d6f58c098cb0e0ba22d73377441af9fa04c?s=96&d=blank&r=g\",\"url\":\"https:\\\/\\\/secure.gravatar.com\\\/avatar\\\/598d59263a69cc8de65fcb4f9db78d6f58c098cb0e0ba22d73377441af9fa04c?s=96&d=blank&r=g\",\"contentUrl\":\"https:\\\/\\\/secure.gravatar.com\\\/avatar\\\/598d59263a69cc8de65fcb4f9db78d6f58c098cb0e0ba22d73377441af9fa04c?s=96&d=blank&r=g\",\"caption\":\"RSHY\"},\"url\":\"http:\\\/\\\/www.rukajarvensuunnanhistoriayhdistys.fi\\\/historiayhdistys\\\/author\\\/rshy\\\/\"}]}<\/script>\n<!-- \/ Yoast SEO plugin. -->","yoast_head_json":{"title":"Jukolan Motissa arvovieraita Oulusta - Rukaj\u00e4rven suunnan historiayhdistys","robots":{"index":"index","follow":"follow","max-snippet":"max-snippet:-1","max-image-preview":"max-image-preview:large","max-video-preview":"max-video-preview:-1"},"canonical":"http:\/\/www.rukajarvensuunnanhistoriayhdistys.fi\/historiayhdistys\/jukolan-motissa-arvovieraita-oulusta\/","og_locale":"fi_FI","og_type":"article","og_title":"Jukolan Motissa arvovieraita Oulusta - Rukaj\u00e4rven suunnan historiayhdistys","og_description":"Jukolan Motin kotaty\u00f6maalle saapui torstaina 30.10. arvovieraita Oulusta. MPKL ry liittohallituksen j\u00e4sen ja mm. Pohjois-Suomen Kiltapiirin puheenjohtaja rakennusinsin\u00f6\u00f6ri Seppo Suhonen sek\u00e4 P\u00f6yry Finland Oy:n johtaja asiantuntija DI Pentti Haimakainen saapuivat Teksti jatkuu...Jukolan Motissa arvovieraita Oulusta\u2192","og_url":"http:\/\/www.rukajarvensuunnanhistoriayhdistys.fi\/historiayhdistys\/jukolan-motissa-arvovieraita-oulusta\/","og_site_name":"Rukaj\u00e4rven suunnan historiayhdistys","article_published_time":"2014-10-31T22:49:08+00:00","article_modified_time":"2014-11-02T11:37:11+00:00","og_image":[{"width":1754,"height":1240,"url":"http:\/\/www.rukajarvensuunnanhistoriayhdistys.fi\/historiayhdistys\/wp-content\/uploads\/2014\/11\/Jukolan-Motti-talkooporukka.jpg","type":"image\/jpeg"}],"author":"RSHY","twitter_misc":{"Kirjoittanut":"RSHY","Arvioitu lukuaika":"2 minuuttia"},"schema":{"@context":"https:\/\/schema.org","@graph":[{"@type":"Article","@id":"http:\/\/www.rukajarvensuunnanhistoriayhdistys.fi\/historiayhdistys\/jukolan-motissa-arvovieraita-oulusta\/#article","isPartOf":{"@id":"http:\/\/www.rukajarvensuunnanhistoriayhdistys.fi\/historiayhdistys\/jukolan-motissa-arvovieraita-oulusta\/"},"author":{"name":"RSHY","@id":"http:\/\/www.rukajarvensuunnanhistoriayhdistys.fi\/historiayhdistys\/#\/schema\/person\/19de7db68bf72dfd2b5d7f6dfbf8454d"},"headline":"Jukolan Motissa arvovieraita Oulusta","datePublished":"2014-10-31T22:49:08+00:00","dateModified":"2014-11-02T11:37:11+00:00","mainEntityOfPage":{"@id":"http:\/\/www.rukajarvensuunnanhistoriayhdistys.fi\/historiayhdistys\/jukolan-motissa-arvovieraita-oulusta\/"},"wordCount":406,"publisher":{"@id":"http:\/\/www.rukajarvensuunnanhistoriayhdistys.fi\/historiayhdistys\/#organization"},"image":{"@id":"http:\/\/www.rukajarvensuunnanhistoriayhdistys.fi\/historiayhdistys\/jukolan-motissa-arvovieraita-oulusta\/#primaryimage"},"thumbnailUrl":"http:\/\/www.rukajarvensuunnanhistoriayhdistys.fi\/historiayhdistys\/wp-content\/uploads\/2014\/11\/Jukolan-Motti-talkooporukka.jpg","articleSection":["Ajankohtaista"],"inLanguage":"fi"},{"@type":"WebPage","@id":"http:\/\/www.rukajarvensuunnanhistoriayhdistys.fi\/historiayhdistys\/jukolan-motissa-arvovieraita-oulusta\/","url":"http:\/\/www.rukajarvensuunnanhistoriayhdistys.fi\/historiayhdistys\/jukolan-motissa-arvovieraita-oulusta\/","name":"Jukolan Motissa arvovieraita Oulusta - Rukaj\u00e4rven suunnan historiayhdistys","isPartOf":{"@id":"http:\/\/www.rukajarvensuunnanhistoriayhdistys.fi\/historiayhdistys\/#website"},"primaryImageOfPage":{"@id":"http:\/\/www.rukajarvensuunnanhistoriayhdistys.fi\/historiayhdistys\/jukolan-motissa-arvovieraita-oulusta\/#primaryimage"},"image":{"@id":"http:\/\/www.rukajarvensuunnanhistoriayhdistys.fi\/historiayhdistys\/jukolan-motissa-arvovieraita-oulusta\/#primaryimage"},"thumbnailUrl":"http:\/\/www.rukajarvensuunnanhistoriayhdistys.fi\/historiayhdistys\/wp-content\/uploads\/2014\/11\/Jukolan-Motti-talkooporukka.jpg","datePublished":"2014-10-31T22:49:08+00:00","dateModified":"2014-11-02T11:37:11+00:00","breadcrumb":{"@id":"http:\/\/www.rukajarvensuunnanhistoriayhdistys.fi\/historiayhdistys\/jukolan-motissa-arvovieraita-oulusta\/#breadcrumb"},"inLanguage":"fi","potentialAction":[{"@type":"ReadAction","target":["http:\/\/www.rukajarvensuunnanhistoriayhdistys.fi\/historiayhdistys\/jukolan-motissa-arvovieraita-oulusta\/"]}]},{"@type":"ImageObject","inLanguage":"fi","@id":"http:\/\/www.rukajarvensuunnanhistoriayhdistys.fi\/historiayhdistys\/jukolan-motissa-arvovieraita-oulusta\/#primaryimage","url":"http:\/\/www.rukajarvensuunnanhistoriayhdistys.fi\/historiayhdistys\/wp-content\/uploads\/2014\/11\/Jukolan-Motti-talkooporukka.jpg","contentUrl":"http:\/\/www.rukajarvensuunnanhistoriayhdistys.fi\/historiayhdistys\/wp-content\/uploads\/2014\/11\/Jukolan-Motti-talkooporukka.jpg","width":1754,"height":1240,"caption":"Talkoov\u00e4ki asettui valokuvaan, vasemmalta Seppo Suhonen, Pentti Haimakainen, Kaj Ekholm, Reino Pippola, Tenho Tikkanen, Pentti Laitinen, Matti Kilpel\u00e4inen ja Heikki Turunen."},{"@type":"BreadcrumbList","@id":"http:\/\/www.rukajarvensuunnanhistoriayhdistys.fi\/historiayhdistys\/jukolan-motissa-arvovieraita-oulusta\/#breadcrumb","itemListElement":[{"@type":"ListItem","position":1,"name":"Etusivu","item":"http:\/\/www.rukajarvensuunnanhistoriayhdistys.fi\/historiayhdistys\/"},{"@type":"ListItem","position":2,"name":"Jukolan Motissa arvovieraita Oulusta"}]},{"@type":"WebSite","@id":"http:\/\/www.rukajarvensuunnanhistoriayhdistys.fi\/historiayhdistys\/#website","url":"http:\/\/www.rukajarvensuunnanhistoriayhdistys.fi\/historiayhdistys\/","name":"Rukaj\u00e4rven suunnan historiayhdistys","description":"Rukaj\u00e4rven suunnan historiayhdistyksen verkkosivut.","publisher":{"@id":"http:\/\/www.rukajarvensuunnanhistoriayhdistys.fi\/historiayhdistys\/#organization"},"potentialAction":[{"@type":"SearchAction","target":{"@type":"EntryPoint","urlTemplate":"http:\/\/www.rukajarvensuunnanhistoriayhdistys.fi\/historiayhdistys\/?s={search_term_string}"},"query-input":{"@type":"PropertyValueSpecification","valueRequired":true,"valueName":"search_term_string"}}],"inLanguage":"fi"},{"@type":"Organization","@id":"http:\/\/www.rukajarvensuunnanhistoriayhdistys.fi\/historiayhdistys\/#organization","name":"Rukaj\u00e4rven suunnan historiayhdistys","url":"http:\/\/www.rukajarvensuunnanhistoriayhdistys.fi\/historiayhdistys\/","logo":{"@type":"ImageObject","inLanguage":"fi","@id":"http:\/\/www.rukajarvensuunnanhistoriayhdistys.fi\/historiayhdistys\/#\/schema\/logo\/image\/","url":"http:\/\/www.rukajarvensuunnanhistoriayhdistys.fi\/historiayhdistys\/wp-content\/uploads\/2013\/12\/Otsake_3.jpg","contentUrl":"http:\/\/www.rukajarvensuunnanhistoriayhdistys.fi\/historiayhdistys\/wp-content\/uploads\/2013\/12\/Otsake_3.jpg","width":1000,"height":442,"caption":"Rukaj\u00e4rven suunnan historiayhdistys"},"image":{"@id":"http:\/\/www.rukajarvensuunnanhistoriayhdistys.fi\/historiayhdistys\/#\/schema\/logo\/image\/"}},{"@type":"Person","@id":"http:\/\/www.rukajarvensuunnanhistoriayhdistys.fi\/historiayhdistys\/#\/schema\/person\/19de7db68bf72dfd2b5d7f6dfbf8454d","name":"RSHY","image":{"@type":"ImageObject","inLanguage":"fi","@id":"https:\/\/secure.gravatar.com\/avatar\/598d59263a69cc8de65fcb4f9db78d6f58c098cb0e0ba22d73377441af9fa04c?s=96&d=blank&r=g","url":"https:\/\/secure.gravatar.com\/avatar\/598d59263a69cc8de65fcb4f9db78d6f58c098cb0e0ba22d73377441af9fa04c?s=96&d=blank&r=g","contentUrl":"https:\/\/secure.gravatar.com\/avatar\/598d59263a69cc8de65fcb4f9db78d6f58c098cb0e0ba22d73377441af9fa04c?s=96&d=blank&r=g","caption":"RSHY"},"url":"http:\/\/www.rukajarvensuunnanhistoriayhdistys.fi\/historiayhdistys\/author\/rshy\/"}]}},"_links":{"self":[{"href":"http:\/\/www.rukajarvensuunnanhistoriayhdistys.fi\/historiayhdistys\/wp-json\/wp\/v2\/posts\/9422","targetHints":{"allow":["GET"]}}],"collection":[{"href":"http:\/\/www.rukajarvensuunnanhistoriayhdistys.fi\/historiayhdistys\/wp-json\/wp\/v2\/posts"}],"about":[{"href":"http:\/\/www.rukajarvensuunnanhistoriayhdistys.fi\/historiayhdistys\/wp-json\/wp\/v2\/types\/post"}],"author":[{"embeddable":true,"href":"http:\/\/www.rukajarvensuunnanhistoriayhdistys.fi\/historiayhdistys\/wp-json\/wp\/v2\/users\/3"}],"replies":[{"embeddable":true,"href":"http:\/\/www.rukajarvensuunnanhistoriayhdistys.fi\/historiayhdistys\/wp-json\/wp\/v2\/comments?post=9422"}],"version-history":[{"count":1,"href":"http:\/\/www.rukajarvensuunnanhistoriayhdistys.fi\/historiayhdistys\/wp-json\/wp\/v2\/posts\/9422\/revisions"}],"predecessor-version":[{"id":9432,"href":"http:\/\/www.rukajarvensuunnanhistoriayhdistys.fi\/historiayhdistys\/wp-json\/wp\/v2\/posts\/9422\/revisions\/9432"}],"wp:featuredmedia":[{"embeddable":true,"href":"http:\/\/www.rukajarvensuunnanhistoriayhdistys.fi\/historiayhdistys\/wp-json\/wp\/v2\/media\/9428"}],"wp:attachment":[{"href":"http:\/\/www.rukajarvensuunnanhistoriayhdistys.fi\/historiayhdistys\/wp-json\/wp\/v2\/media?parent=9422"}],"wp:term":[{"taxonomy":"category","embeddable":true,"href":"http:\/\/www.rukajarvensuunnanhistoriayhdistys.fi\/historiayhdistys\/wp-json\/wp\/v2\/categories?post=9422"},{"taxonomy":"post_tag","embeddable":true,"href":"http:\/\/www.rukajarvensuunnanhistoriayhdistys.fi\/historiayhdistys\/wp-json\/wp\/v2\/tags?post=9422"}],"curies":[{"name":"wp","href":"https:\/\/api.w.org\/{rel}","templated":true}]}}