{"id":9443,"date":"2014-11-05T07:08:27","date_gmt":"2014-11-05T05:08:27","guid":{"rendered":"http:\/\/www.rukajarvensuunnanhistoriayhdistys.fi\/historiayhdistys\/?p=9443"},"modified":"2014-11-05T20:35:08","modified_gmt":"2014-11-05T18:35:08","slug":"onkohan-tanaan-jukolan-motissa-lakkahilloa-tarjolla","status":"publish","type":"post","link":"http:\/\/www.rukajarvensuunnanhistoriayhdistys.fi\/historiayhdistys\/onkohan-tanaan-jukolan-motissa-lakkahilloa-tarjolla\/","title":{"rendered":"Jukolan Motissa t\u00e4n\u00e4\u00e4n (5.11.) arvovieraita ja tarjolla r\u00e4isk\u00e4leit\u00e4 ja lakkahilloa"},"content":{"rendered":"<div class=\"fcbkbttn_buttons_block\" id=\"fcbkbttn_left\"><div class=\"fcbkbttn_like \"><fb:like href=\"http:\/\/www.rukajarvensuunnanhistoriayhdistys.fi\/historiayhdistys\/onkohan-tanaan-jukolan-motissa-lakkahilloa-tarjolla\/\" action=\"like\" colorscheme=\"light\" layout=\"button_count\"  size=\"small\"><\/fb:like><\/div><\/div><p>T\u00e4n\u00e4\u00e4n aamulla Jukolan Motin s\u00e4\u00e4 oli tuulinen ja iltap\u00e4iv\u00e4st\u00e4 satoi hiukan lunta. Yl\u00e4-Savosta saapui talkooporukka, Reijo Pulkkinen ja Iisalmen Rukaj\u00e4rvi-keskuksen omistaja Reijo Lappalainen. Lis\u00e4ksi kyl\u00e4yhdistyksest\u00e4 tutut kasvot, Tuomas Martikainen ja Raimo Saviranta sek\u00e4 Kaj Ekholm yhteens\u00e4 kymmenen talkoolaista. Aloitimme kattolaudoituksella ja p\u00e4\u00e4tykolmion teolla. Kattohuovat haettiin Lieksasta. Talkoomiehille oli t\u00e4n\u00e4\u00e4n tarjolla r\u00e4isk\u00e4leet, kuten 70 vuotta aiemmin kotiutetuille sotilaille. Niit\u00e4 paistoi P\u00e4ivi Putkonen.<\/p>\n<h1>Vaara-Karjalan Leader ry:n toiminanjohtajan katselmus<\/h1>\n<p>Jukolan Motin kotaa rakennetaan Vaara-Karjalan Leader ry:n tuella. Toiminnanjohtajan teht\u00e4v\u00e4t juuri aloittanut Tiina Ihalainen suoritti kohteen katselmuksen.<\/p>\n<figure id=\"attachment_9453\" aria-describedby=\"caption-attachment-9453\" style=\"width: 1754px\" class=\"wp-caption alignnone\"><a href=\"http:\/\/www.rukajarvensuunnanhistoriayhdistys.fi\/historiayhdistys\/wp-content\/uploads\/2014\/11\/Jukolan-Motti-5.jpg\"><img loading=\"lazy\" decoding=\"async\" class=\"wp-image-9453 size-full\" src=\"http:\/\/www.rukajarvensuunnanhistoriayhdistys.fi\/historiayhdistys\/wp-content\/uploads\/2014\/11\/Jukolan-Motti-5.jpg\" alt=\"Jukolan Motissa tuuli kylm\u00e4sti, kahvi maistui. Toiminnanjohtaja Tiina Ihalaista haastattelevat, Matti Heikkinen ja Raimo Saviranta.\" width=\"1754\" height=\"1240\" data-id=\"9453\" srcset=\"http:\/\/www.rukajarvensuunnanhistoriayhdistys.fi\/historiayhdistys\/wp-content\/uploads\/2014\/11\/Jukolan-Motti-5.jpg 1754w, http:\/\/www.rukajarvensuunnanhistoriayhdistys.fi\/historiayhdistys\/wp-content\/uploads\/2014\/11\/Jukolan-Motti-5-300x212.jpg 300w, http:\/\/www.rukajarvensuunnanhistoriayhdistys.fi\/historiayhdistys\/wp-content\/uploads\/2014\/11\/Jukolan-Motti-5-1024x723.jpg 1024w\" sizes=\"auto, (max-width: 1754px) 100vw, 1754px\" \/><\/a><figcaption id=\"caption-attachment-9453\" class=\"wp-caption-text\">Jukolan Motissa tuuli kylm\u00e4sti, kahvi maistui. Toiminnanjohtaja Tiina Ihalaista haastattelevat, Matti Heikkinen ja Raimo Saviranta.<\/figcaption><\/figure>\n<p>&nbsp;<\/p>\n<figure id=\"attachment_9450\" aria-describedby=\"caption-attachment-9450\" style=\"width: 1754px\" class=\"wp-caption alignnone\"><a href=\"http:\/\/www.rukajarvensuunnanhistoriayhdistys.fi\/historiayhdistys\/wp-content\/uploads\/2014\/11\/Jukolan-Motti-2.jpg\"><img loading=\"lazy\" decoding=\"async\" class=\"wp-image-9450 size-full\" src=\"http:\/\/www.rukajarvensuunnanhistoriayhdistys.fi\/historiayhdistys\/wp-content\/uploads\/2014\/11\/Jukolan-Motti-2.jpg\" alt=\"R\u00e4isk\u00e4leet maistuivat. Vaara-Karjalan Leader ry:n toiminnanjohtaja suoritti kohteen katselmuksen. Kuvassa Tiina Ihalainen ja Tuomo Martikainen nauttivat P\u00e4ivi Putkosen maukkaita r\u00e4isk\u00e4leit\u00e4, taustalla Hannu Huuskonen.\" width=\"1754\" height=\"1240\" data-id=\"9450\" srcset=\"http:\/\/www.rukajarvensuunnanhistoriayhdistys.fi\/historiayhdistys\/wp-content\/uploads\/2014\/11\/Jukolan-Motti-2.jpg 1754w, http:\/\/www.rukajarvensuunnanhistoriayhdistys.fi\/historiayhdistys\/wp-content\/uploads\/2014\/11\/Jukolan-Motti-2-300x212.jpg 300w, http:\/\/www.rukajarvensuunnanhistoriayhdistys.fi\/historiayhdistys\/wp-content\/uploads\/2014\/11\/Jukolan-Motti-2-1024x723.jpg 1024w\" sizes=\"auto, (max-width: 1754px) 100vw, 1754px\" \/><\/a><figcaption id=\"caption-attachment-9450\" class=\"wp-caption-text\">R\u00e4isk\u00e4leet maistuivat. Vaara-Karjalan Leader ry:n toiminnanjohtaja suoritti kohteen katselmuksen. Kuvassa Tiina Ihalainen ja Tuomo Martikainen nauttivat P\u00e4ivi Putkosen maukkaita r\u00e4isk\u00e4leit\u00e4, taustalla Hannu Huuskonen.<\/figcaption><\/figure>\n<p>&nbsp;<\/p>\n<figure id=\"attachment_9451\" aria-describedby=\"caption-attachment-9451\" style=\"width: 1754px\" class=\"wp-caption alignnone\"><a href=\"http:\/\/www.rukajarvensuunnanhistoriayhdistys.fi\/historiayhdistys\/wp-content\/uploads\/2014\/11\/Jukolan-Motti-3.jpg\"><img loading=\"lazy\" decoding=\"async\" class=\"wp-image-9451 size-full\" src=\"http:\/\/www.rukajarvensuunnanhistoriayhdistys.fi\/historiayhdistys\/wp-content\/uploads\/2014\/11\/Jukolan-Motti-3.jpg\" alt=\"Kota saa katteen, Reijo Lappalainen ja Reijo Pulkkinen ovat kohta harjalla, Tuomo Martikainen, Raimo Saviranta ja Hannu Huuskonen ojentavat huopia. Reijo Pulkkinen on sotahistorianharrastaja ja Rukaj\u00e4rven matkaaja, joka on k\u00e4ynyt useammassa kentt\u00e4vartiossa ja tukikohdassa kuin kukaan toinen Suomessa\" width=\"1754\" height=\"1240\" data-id=\"9451\" srcset=\"http:\/\/www.rukajarvensuunnanhistoriayhdistys.fi\/historiayhdistys\/wp-content\/uploads\/2014\/11\/Jukolan-Motti-3.jpg 1754w, http:\/\/www.rukajarvensuunnanhistoriayhdistys.fi\/historiayhdistys\/wp-content\/uploads\/2014\/11\/Jukolan-Motti-3-300x212.jpg 300w, http:\/\/www.rukajarvensuunnanhistoriayhdistys.fi\/historiayhdistys\/wp-content\/uploads\/2014\/11\/Jukolan-Motti-3-1024x723.jpg 1024w\" sizes=\"auto, (max-width: 1754px) 100vw, 1754px\" \/><\/a><figcaption id=\"caption-attachment-9451\" class=\"wp-caption-text\">Kota saa katteen, Reijo Lappalainen ja Reijo Pulkkinen ovat kohta harjalla, Tuomo Martikainen, Raimo Saviranta ja Hannu Huuskonen ojentavat huopia.<br \/> Reijo Pulkkinen on sotahistorianharrastaja ja Rukaj\u00e4rven matkaaja, joka on k\u00e4ynyt useammassa kentt\u00e4vartiossa ja tukikohdassa kuin kukaan toinen Suomessa<\/figcaption><\/figure>\n<figure id=\"attachment_9449\" aria-describedby=\"caption-attachment-9449\" style=\"width: 1754px\" class=\"wp-caption alignnone\"><a href=\"http:\/\/www.rukajarvensuunnanhistoriayhdistys.fi\/historiayhdistys\/wp-content\/uploads\/2014\/11\/Jukolan-Motti-1.jpg\"><img loading=\"lazy\" decoding=\"async\" class=\"wp-image-9449 size-full\" src=\"http:\/\/www.rukajarvensuunnanhistoriayhdistys.fi\/historiayhdistys\/wp-content\/uploads\/2014\/11\/Jukolan-Motti-1.jpg\" alt=\"Jukolan Motissa tarjoiltiin r\u00e4isk\u00e4leit\u00e4 aivan kuten 70 vuotta aikaisemmin kotiutettaville sotilaille. Kuvassa vasemmalta Reijo Lappalainen, Reijo Pulkkinen, Kaj Ekholm, Raimo Saviranta, Matti Kilpel\u00e4inen ja Tuomo Martikainen.\" width=\"1754\" height=\"1240\" data-id=\"9449\" srcset=\"http:\/\/www.rukajarvensuunnanhistoriayhdistys.fi\/historiayhdistys\/wp-content\/uploads\/2014\/11\/Jukolan-Motti-1.jpg 1754w, http:\/\/www.rukajarvensuunnanhistoriayhdistys.fi\/historiayhdistys\/wp-content\/uploads\/2014\/11\/Jukolan-Motti-1-300x212.jpg 300w, http:\/\/www.rukajarvensuunnanhistoriayhdistys.fi\/historiayhdistys\/wp-content\/uploads\/2014\/11\/Jukolan-Motti-1-1024x723.jpg 1024w\" sizes=\"auto, (max-width: 1754px) 100vw, 1754px\" \/><\/a><figcaption id=\"caption-attachment-9449\" class=\"wp-caption-text\">Jukolan Motissa tarjoiltiin r\u00e4isk\u00e4leit\u00e4 aivan kuten 70 vuotta aikaisemmin kotiutettaville sotilaille. Kuvassa vasemmalta Reijo Lappalainen, Reijo Pulkkinen, Kaj Ekholm, Raimo Saviranta, Matti Kilpel\u00e4inen ja Tuomo Martikainen.<\/figcaption><\/figure>\n<p>Komea rakennus, jonka varauskirja t\u00e4yttyy koko ajan. Nyt varauskirjassa on yhdet 80-vuotisp\u00e4iv\u00e4t, kahden ty\u00f6yhteis\u00f6n henkil\u00f6kunnan virkistysp\u00e4iv\u00e4t, kaikkiaan kolmen lieksalaisen yhdistyksen j\u00e4rjest\u00e4m\u00e4t tilaisuudet ja yhdet itsen\u00e4isyysp\u00e4iv\u00e4n juhlat. Jo t\u00e4m\u00e4 osoittaa, ett\u00e4 Rukaj\u00e4rven tiell\u00e4 on kysynt\u00e4\u00e4.<\/p>\n<h1>Lieksan kaupunginvaltuuston puheenjohtaja tutustui hankkeeseen<\/h1>\n<figure id=\"attachment_9448\" aria-describedby=\"caption-attachment-9448\" style=\"width: 1754px\" class=\"wp-caption alignnone\"><a href=\"http:\/\/www.rukajarvensuunnanhistoriayhdistys.fi\/historiayhdistys\/wp-content\/uploads\/2014\/11\/Jukolan-Motti-4.jpg\"><img loading=\"lazy\" decoding=\"async\" class=\"wp-image-9448 size-full\" src=\"http:\/\/www.rukajarvensuunnanhistoriayhdistys.fi\/historiayhdistys\/wp-content\/uploads\/2014\/11\/Jukolan-Motti-4.jpg\" alt=\"Lieksan kaupunginvaltuuston puheenjohtaja Ari Marjeta tutustui rakennusty\u00f6maahan ja tervehti Iisalmesta saakka talkooty\u00f6h\u00f6n osallistuneita Reijo Lappalaista ja Reijo Pulkkista. Reijo Lappalaisen perheyritys omistaa Iisalmen Seurahuoneen, jossa Iisalmen Rukaj\u00e4rvi-keskus toimii.\" width=\"1754\" height=\"1240\" data-id=\"9448\" srcset=\"http:\/\/www.rukajarvensuunnanhistoriayhdistys.fi\/historiayhdistys\/wp-content\/uploads\/2014\/11\/Jukolan-Motti-4.jpg 1754w, http:\/\/www.rukajarvensuunnanhistoriayhdistys.fi\/historiayhdistys\/wp-content\/uploads\/2014\/11\/Jukolan-Motti-4-300x212.jpg 300w, http:\/\/www.rukajarvensuunnanhistoriayhdistys.fi\/historiayhdistys\/wp-content\/uploads\/2014\/11\/Jukolan-Motti-4-1024x723.jpg 1024w\" sizes=\"auto, (max-width: 1754px) 100vw, 1754px\" \/><\/a><figcaption id=\"caption-attachment-9448\" class=\"wp-caption-text\">Lieksan kaupunginvaltuuston puheenjohtaja Ari Marjeta tutustui rakennusty\u00f6maahan ja tervehti Iisalmesta saakka talkooty\u00f6h\u00f6n osallistuneita Reijo Lappalaista ja Reijo Pulkkista. Reijo Lappalaisen perheyritys omistaa Iisalmen Seurahuoneen, jossa Iisalmen Rukaj\u00e4rvi-keskus toimii.<\/figcaption><\/figure>\n<h1>Sitten tietoa Jukolan Motin tapahtumista 70 vuoden takaa.<\/h1>\n<p>Sotap\u00e4iv\u00e4kirja (9.\/JR 10) J\u00e4rjest\u00e4ytyminen kotiutettaville ik\u00e4luokille j\u00e4rjestett\u00e4v\u00e4\u00e4n paraatiin. Paikalla 5+17+136. Klo 12.45 Joukot (koko pataljoona) valmiina paraatikent\u00e4ll\u00e4. Klo 13.00 Patl.kom. maj. Halonen tarkasti joukot ja piti lyhyen puheen&#8230; Klo14.00 Kanttiinilla kotiuttamisjuhla I, II ja III joukkueelle. Ohjelmassa alkumarssi, komppanianp\u00e4\u00e4llik\u00f6n puhe, torvisoittoa, lottien korvike- ja r\u00e4isk\u00e4letarjoilu sek\u00e4 lopuksi Karjalaisten laulu. Komppanian \u00a0vahvuus 7+32+230=269.<\/p>\n<figure id=\"attachment_9442\" aria-describedby=\"caption-attachment-9442\" style=\"width: 1240px\" class=\"wp-caption alignnone\"><a href=\"http:\/\/www.rukajarvensuunnanhistoriayhdistys.fi\/historiayhdistys\/wp-content\/uploads\/2014\/11\/Kankaanp\u00e4\u00e4-Maunu.jpg\"><img loading=\"lazy\" decoding=\"async\" class=\"wp-image-9442 size-full\" src=\"http:\/\/www.rukajarvensuunnanhistoriayhdistys.fi\/historiayhdistys\/wp-content\/uploads\/2014\/11\/Kankaanp\u00e4\u00e4-Maunu.jpg\" alt=\"Maunu Kankaanp\u00e4\u00e4 toimi 9.\/JR 10 komppanianp\u00e4\u00e4llik\u00f6n l\u00e4hettin\u00e4. Jukolan Motista h\u00e4nen kotiutettiin viimeisten joukossa vasta 14.11.1944 asealiupseerin vakanssilta.\" width=\"1240\" height=\"1754\" data-id=\"9442\" srcset=\"http:\/\/www.rukajarvensuunnanhistoriayhdistys.fi\/historiayhdistys\/wp-content\/uploads\/2014\/11\/Kankaanp\u00e4\u00e4-Maunu.jpg 1240w, http:\/\/www.rukajarvensuunnanhistoriayhdistys.fi\/historiayhdistys\/wp-content\/uploads\/2014\/11\/Kankaanp\u00e4\u00e4-Maunu-212x300.jpg 212w, http:\/\/www.rukajarvensuunnanhistoriayhdistys.fi\/historiayhdistys\/wp-content\/uploads\/2014\/11\/Kankaanp\u00e4\u00e4-Maunu-723x1024.jpg 723w\" sizes=\"auto, (max-width: 1240px) 100vw, 1240px\" \/><\/a><figcaption id=\"caption-attachment-9442\" class=\"wp-caption-text\">Maunu Kankaanp\u00e4\u00e4 toimi 9.\/JR 10 komppanianp\u00e4\u00e4llik\u00f6n l\u00e4hettin\u00e4. Jukolan Motista h\u00e4nen kotiutettiin viimeisten joukossa vasta 14.11.1944 asealiupseerin vakanssilta.<\/figcaption><\/figure>\n","protected":false},"excerpt":{"rendered":"<p>T\u00e4n\u00e4\u00e4n aamulla Jukolan Motin s\u00e4\u00e4 oli tuulinen ja iltap\u00e4iv\u00e4st\u00e4 satoi hiukan lunta. Yl\u00e4-Savosta saapui talkooporukka, Reijo Pulkkinen ja Iisalmen Rukaj\u00e4rvi-keskuksen omistaja Reijo Lappalainen. Lis\u00e4ksi kyl\u00e4yhdistyksest\u00e4 tutut kasvot, Tuomas Martikainen ja <a class=\"more-link\" href=\"http:\/\/www.rukajarvensuunnanhistoriayhdistys.fi\/historiayhdistys\/onkohan-tanaan-jukolan-motissa-lakkahilloa-tarjolla\/\">Teksti jatkuu&#8230;<span class=\"screen-reader-text\">Jukolan Motissa t\u00e4n\u00e4\u00e4n (5.11.) arvovieraita ja tarjolla r\u00e4isk\u00e4leit\u00e4 ja lakkahilloa<\/span><span class=\"meta-nav\">\u2192<\/span><\/a><\/p>\n","protected":false},"author":3,"featured_media":0,"comment_status":"closed","ping_status":"open","sticky":false,"template":"","format":"standard","meta":{"footnotes":""},"categories":[22],"tags":[],"class_list":["post-9443","post","type-post","status-publish","format-standard","hentry","category-ajankohtaista"],"yoast_head":"<!-- This site is optimized with the Yoast SEO plugin v27.4 - https:\/\/yoast.com\/product\/yoast-seo-wordpress\/ -->\n<title>Jukolan Motissa t\u00e4n\u00e4\u00e4n (5.11.) arvovieraita ja tarjolla r\u00e4isk\u00e4leit\u00e4 ja lakkahilloa  - Rukaj\u00e4rven suunnan historiayhdistys<\/title>\n<meta name=\"robots\" content=\"index, follow, max-snippet:-1, max-image-preview:large, max-video-preview:-1\" \/>\n<link rel=\"canonical\" href=\"http:\/\/www.rukajarvensuunnanhistoriayhdistys.fi\/historiayhdistys\/onkohan-tanaan-jukolan-motissa-lakkahilloa-tarjolla\/\" \/>\n<meta property=\"og:locale\" content=\"fi_FI\" \/>\n<meta property=\"og:type\" content=\"article\" \/>\n<meta property=\"og:title\" content=\"Jukolan Motissa t\u00e4n\u00e4\u00e4n (5.11.) arvovieraita ja tarjolla r\u00e4isk\u00e4leit\u00e4 ja lakkahilloa  - Rukaj\u00e4rven suunnan historiayhdistys\" \/>\n<meta property=\"og:description\" content=\"T\u00e4n\u00e4\u00e4n aamulla Jukolan Motin s\u00e4\u00e4 oli tuulinen ja iltap\u00e4iv\u00e4st\u00e4 satoi hiukan lunta. Yl\u00e4-Savosta saapui talkooporukka, Reijo Pulkkinen ja Iisalmen Rukaj\u00e4rvi-keskuksen omistaja Reijo Lappalainen. Lis\u00e4ksi kyl\u00e4yhdistyksest\u00e4 tutut kasvot, Tuomas Martikainen ja Teksti jatkuu...Jukolan Motissa t\u00e4n\u00e4\u00e4n (5.11.) arvovieraita ja tarjolla r\u00e4isk\u00e4leit\u00e4 ja lakkahilloa\u2192\" \/>\n<meta property=\"og:url\" content=\"http:\/\/www.rukajarvensuunnanhistoriayhdistys.fi\/historiayhdistys\/onkohan-tanaan-jukolan-motissa-lakkahilloa-tarjolla\/\" \/>\n<meta property=\"og:site_name\" content=\"Rukaj\u00e4rven suunnan historiayhdistys\" \/>\n<meta property=\"article:published_time\" content=\"2014-11-05T05:08:27+00:00\" \/>\n<meta property=\"article:modified_time\" content=\"2014-11-05T18:35:08+00:00\" \/>\n<meta property=\"og:image\" content=\"http:\/\/www.rukajarvensuunnanhistoriayhdistys.fi\/historiayhdistys\/wp-content\/uploads\/2014\/11\/Jukolan-Motti-5.jpg\" \/>\n<meta name=\"author\" content=\"RSHY\" \/>\n<meta name=\"twitter:label1\" content=\"Kirjoittanut\" \/>\n\t<meta name=\"twitter:data1\" content=\"RSHY\" \/>\n\t<meta name=\"twitter:label2\" content=\"Arvioitu lukuaika\" \/>\n\t<meta name=\"twitter:data2\" content=\"2 minuuttia\" \/>\n<script type=\"application\/ld+json\" class=\"yoast-schema-graph\">{\"@context\":\"https:\\\/\\\/schema.org\",\"@graph\":[{\"@type\":\"Article\",\"@id\":\"http:\\\/\\\/www.rukajarvensuunnanhistoriayhdistys.fi\\\/historiayhdistys\\\/onkohan-tanaan-jukolan-motissa-lakkahilloa-tarjolla\\\/#article\",\"isPartOf\":{\"@id\":\"http:\\\/\\\/www.rukajarvensuunnanhistoriayhdistys.fi\\\/historiayhdistys\\\/onkohan-tanaan-jukolan-motissa-lakkahilloa-tarjolla\\\/\"},\"author\":{\"name\":\"RSHY\",\"@id\":\"http:\\\/\\\/www.rukajarvensuunnanhistoriayhdistys.fi\\\/historiayhdistys\\\/#\\\/schema\\\/person\\\/19de7db68bf72dfd2b5d7f6dfbf8454d\"},\"headline\":\"Jukolan Motissa t\u00e4n\u00e4\u00e4n (5.11.) arvovieraita ja tarjolla r\u00e4isk\u00e4leit\u00e4 ja lakkahilloa\",\"datePublished\":\"2014-11-05T05:08:27+00:00\",\"dateModified\":\"2014-11-05T18:35:08+00:00\",\"mainEntityOfPage\":{\"@id\":\"http:\\\/\\\/www.rukajarvensuunnanhistoriayhdistys.fi\\\/historiayhdistys\\\/onkohan-tanaan-jukolan-motissa-lakkahilloa-tarjolla\\\/\"},\"wordCount\":445,\"publisher\":{\"@id\":\"http:\\\/\\\/www.rukajarvensuunnanhistoriayhdistys.fi\\\/historiayhdistys\\\/#organization\"},\"image\":{\"@id\":\"http:\\\/\\\/www.rukajarvensuunnanhistoriayhdistys.fi\\\/historiayhdistys\\\/onkohan-tanaan-jukolan-motissa-lakkahilloa-tarjolla\\\/#primaryimage\"},\"thumbnailUrl\":\"http:\\\/\\\/www.rukajarvensuunnanhistoriayhdistys.fi\\\/historiayhdistys\\\/wp-content\\\/uploads\\\/2014\\\/11\\\/Jukolan-Motti-5.jpg\",\"articleSection\":[\"Ajankohtaista\"],\"inLanguage\":\"fi\"},{\"@type\":\"WebPage\",\"@id\":\"http:\\\/\\\/www.rukajarvensuunnanhistoriayhdistys.fi\\\/historiayhdistys\\\/onkohan-tanaan-jukolan-motissa-lakkahilloa-tarjolla\\\/\",\"url\":\"http:\\\/\\\/www.rukajarvensuunnanhistoriayhdistys.fi\\\/historiayhdistys\\\/onkohan-tanaan-jukolan-motissa-lakkahilloa-tarjolla\\\/\",\"name\":\"Jukolan Motissa t\u00e4n\u00e4\u00e4n (5.11.) arvovieraita ja tarjolla r\u00e4isk\u00e4leit\u00e4 ja lakkahilloa - Rukaj\u00e4rven suunnan historiayhdistys\",\"isPartOf\":{\"@id\":\"http:\\\/\\\/www.rukajarvensuunnanhistoriayhdistys.fi\\\/historiayhdistys\\\/#website\"},\"primaryImageOfPage\":{\"@id\":\"http:\\\/\\\/www.rukajarvensuunnanhistoriayhdistys.fi\\\/historiayhdistys\\\/onkohan-tanaan-jukolan-motissa-lakkahilloa-tarjolla\\\/#primaryimage\"},\"image\":{\"@id\":\"http:\\\/\\\/www.rukajarvensuunnanhistoriayhdistys.fi\\\/historiayhdistys\\\/onkohan-tanaan-jukolan-motissa-lakkahilloa-tarjolla\\\/#primaryimage\"},\"thumbnailUrl\":\"http:\\\/\\\/www.rukajarvensuunnanhistoriayhdistys.fi\\\/historiayhdistys\\\/wp-content\\\/uploads\\\/2014\\\/11\\\/Jukolan-Motti-5.jpg\",\"datePublished\":\"2014-11-05T05:08:27+00:00\",\"dateModified\":\"2014-11-05T18:35:08+00:00\",\"breadcrumb\":{\"@id\":\"http:\\\/\\\/www.rukajarvensuunnanhistoriayhdistys.fi\\\/historiayhdistys\\\/onkohan-tanaan-jukolan-motissa-lakkahilloa-tarjolla\\\/#breadcrumb\"},\"inLanguage\":\"fi\",\"potentialAction\":[{\"@type\":\"ReadAction\",\"target\":[\"http:\\\/\\\/www.rukajarvensuunnanhistoriayhdistys.fi\\\/historiayhdistys\\\/onkohan-tanaan-jukolan-motissa-lakkahilloa-tarjolla\\\/\"]}]},{\"@type\":\"ImageObject\",\"inLanguage\":\"fi\",\"@id\":\"http:\\\/\\\/www.rukajarvensuunnanhistoriayhdistys.fi\\\/historiayhdistys\\\/onkohan-tanaan-jukolan-motissa-lakkahilloa-tarjolla\\\/#primaryimage\",\"url\":\"http:\\\/\\\/www.rukajarvensuunnanhistoriayhdistys.fi\\\/historiayhdistys\\\/wp-content\\\/uploads\\\/2014\\\/11\\\/Jukolan-Motti-5.jpg\",\"contentUrl\":\"http:\\\/\\\/www.rukajarvensuunnanhistoriayhdistys.fi\\\/historiayhdistys\\\/wp-content\\\/uploads\\\/2014\\\/11\\\/Jukolan-Motti-5.jpg\",\"width\":1754,\"height\":1240},{\"@type\":\"BreadcrumbList\",\"@id\":\"http:\\\/\\\/www.rukajarvensuunnanhistoriayhdistys.fi\\\/historiayhdistys\\\/onkohan-tanaan-jukolan-motissa-lakkahilloa-tarjolla\\\/#breadcrumb\",\"itemListElement\":[{\"@type\":\"ListItem\",\"position\":1,\"name\":\"Etusivu\",\"item\":\"http:\\\/\\\/www.rukajarvensuunnanhistoriayhdistys.fi\\\/historiayhdistys\\\/\"},{\"@type\":\"ListItem\",\"position\":2,\"name\":\"Jukolan Motissa t\u00e4n\u00e4\u00e4n (5.11.) arvovieraita ja tarjolla r\u00e4isk\u00e4leit\u00e4 ja lakkahilloa\"}]},{\"@type\":\"WebSite\",\"@id\":\"http:\\\/\\\/www.rukajarvensuunnanhistoriayhdistys.fi\\\/historiayhdistys\\\/#website\",\"url\":\"http:\\\/\\\/www.rukajarvensuunnanhistoriayhdistys.fi\\\/historiayhdistys\\\/\",\"name\":\"Rukaj\u00e4rven suunnan historiayhdistys\",\"description\":\"Rukaj\u00e4rven suunnan historiayhdistyksen verkkosivut.\",\"publisher\":{\"@id\":\"http:\\\/\\\/www.rukajarvensuunnanhistoriayhdistys.fi\\\/historiayhdistys\\\/#organization\"},\"potentialAction\":[{\"@type\":\"SearchAction\",\"target\":{\"@type\":\"EntryPoint\",\"urlTemplate\":\"http:\\\/\\\/www.rukajarvensuunnanhistoriayhdistys.fi\\\/historiayhdistys\\\/?s={search_term_string}\"},\"query-input\":{\"@type\":\"PropertyValueSpecification\",\"valueRequired\":true,\"valueName\":\"search_term_string\"}}],\"inLanguage\":\"fi\"},{\"@type\":\"Organization\",\"@id\":\"http:\\\/\\\/www.rukajarvensuunnanhistoriayhdistys.fi\\\/historiayhdistys\\\/#organization\",\"name\":\"Rukaj\u00e4rven suunnan historiayhdistys\",\"url\":\"http:\\\/\\\/www.rukajarvensuunnanhistoriayhdistys.fi\\\/historiayhdistys\\\/\",\"logo\":{\"@type\":\"ImageObject\",\"inLanguage\":\"fi\",\"@id\":\"http:\\\/\\\/www.rukajarvensuunnanhistoriayhdistys.fi\\\/historiayhdistys\\\/#\\\/schema\\\/logo\\\/image\\\/\",\"url\":\"http:\\\/\\\/www.rukajarvensuunnanhistoriayhdistys.fi\\\/historiayhdistys\\\/wp-content\\\/uploads\\\/2013\\\/12\\\/Otsake_3.jpg\",\"contentUrl\":\"http:\\\/\\\/www.rukajarvensuunnanhistoriayhdistys.fi\\\/historiayhdistys\\\/wp-content\\\/uploads\\\/2013\\\/12\\\/Otsake_3.jpg\",\"width\":1000,\"height\":442,\"caption\":\"Rukaj\u00e4rven suunnan historiayhdistys\"},\"image\":{\"@id\":\"http:\\\/\\\/www.rukajarvensuunnanhistoriayhdistys.fi\\\/historiayhdistys\\\/#\\\/schema\\\/logo\\\/image\\\/\"}},{\"@type\":\"Person\",\"@id\":\"http:\\\/\\\/www.rukajarvensuunnanhistoriayhdistys.fi\\\/historiayhdistys\\\/#\\\/schema\\\/person\\\/19de7db68bf72dfd2b5d7f6dfbf8454d\",\"name\":\"RSHY\",\"image\":{\"@type\":\"ImageObject\",\"inLanguage\":\"fi\",\"@id\":\"https:\\\/\\\/secure.gravatar.com\\\/avatar\\\/598d59263a69cc8de65fcb4f9db78d6f58c098cb0e0ba22d73377441af9fa04c?s=96&d=blank&r=g\",\"url\":\"https:\\\/\\\/secure.gravatar.com\\\/avatar\\\/598d59263a69cc8de65fcb4f9db78d6f58c098cb0e0ba22d73377441af9fa04c?s=96&d=blank&r=g\",\"contentUrl\":\"https:\\\/\\\/secure.gravatar.com\\\/avatar\\\/598d59263a69cc8de65fcb4f9db78d6f58c098cb0e0ba22d73377441af9fa04c?s=96&d=blank&r=g\",\"caption\":\"RSHY\"},\"url\":\"http:\\\/\\\/www.rukajarvensuunnanhistoriayhdistys.fi\\\/historiayhdistys\\\/author\\\/rshy\\\/\"}]}<\/script>\n<!-- \/ Yoast SEO plugin. -->","yoast_head_json":{"title":"Jukolan Motissa t\u00e4n\u00e4\u00e4n (5.11.) arvovieraita ja tarjolla r\u00e4isk\u00e4leit\u00e4 ja lakkahilloa  - Rukaj\u00e4rven suunnan historiayhdistys","robots":{"index":"index","follow":"follow","max-snippet":"max-snippet:-1","max-image-preview":"max-image-preview:large","max-video-preview":"max-video-preview:-1"},"canonical":"http:\/\/www.rukajarvensuunnanhistoriayhdistys.fi\/historiayhdistys\/onkohan-tanaan-jukolan-motissa-lakkahilloa-tarjolla\/","og_locale":"fi_FI","og_type":"article","og_title":"Jukolan Motissa t\u00e4n\u00e4\u00e4n (5.11.) arvovieraita ja tarjolla r\u00e4isk\u00e4leit\u00e4 ja lakkahilloa  - Rukaj\u00e4rven suunnan historiayhdistys","og_description":"T\u00e4n\u00e4\u00e4n aamulla Jukolan Motin s\u00e4\u00e4 oli tuulinen ja iltap\u00e4iv\u00e4st\u00e4 satoi hiukan lunta. Yl\u00e4-Savosta saapui talkooporukka, Reijo Pulkkinen ja Iisalmen Rukaj\u00e4rvi-keskuksen omistaja Reijo Lappalainen. Lis\u00e4ksi kyl\u00e4yhdistyksest\u00e4 tutut kasvot, Tuomas Martikainen ja Teksti jatkuu...Jukolan Motissa t\u00e4n\u00e4\u00e4n (5.11.) arvovieraita ja tarjolla r\u00e4isk\u00e4leit\u00e4 ja lakkahilloa\u2192","og_url":"http:\/\/www.rukajarvensuunnanhistoriayhdistys.fi\/historiayhdistys\/onkohan-tanaan-jukolan-motissa-lakkahilloa-tarjolla\/","og_site_name":"Rukaj\u00e4rven suunnan historiayhdistys","article_published_time":"2014-11-05T05:08:27+00:00","article_modified_time":"2014-11-05T18:35:08+00:00","og_image":[{"url":"http:\/\/www.rukajarvensuunnanhistoriayhdistys.fi\/historiayhdistys\/wp-content\/uploads\/2014\/11\/Jukolan-Motti-5.jpg","type":"","width":"","height":""}],"author":"RSHY","twitter_misc":{"Kirjoittanut":"RSHY","Arvioitu lukuaika":"2 minuuttia"},"schema":{"@context":"https:\/\/schema.org","@graph":[{"@type":"Article","@id":"http:\/\/www.rukajarvensuunnanhistoriayhdistys.fi\/historiayhdistys\/onkohan-tanaan-jukolan-motissa-lakkahilloa-tarjolla\/#article","isPartOf":{"@id":"http:\/\/www.rukajarvensuunnanhistoriayhdistys.fi\/historiayhdistys\/onkohan-tanaan-jukolan-motissa-lakkahilloa-tarjolla\/"},"author":{"name":"RSHY","@id":"http:\/\/www.rukajarvensuunnanhistoriayhdistys.fi\/historiayhdistys\/#\/schema\/person\/19de7db68bf72dfd2b5d7f6dfbf8454d"},"headline":"Jukolan Motissa t\u00e4n\u00e4\u00e4n (5.11.) arvovieraita ja tarjolla r\u00e4isk\u00e4leit\u00e4 ja lakkahilloa","datePublished":"2014-11-05T05:08:27+00:00","dateModified":"2014-11-05T18:35:08+00:00","mainEntityOfPage":{"@id":"http:\/\/www.rukajarvensuunnanhistoriayhdistys.fi\/historiayhdistys\/onkohan-tanaan-jukolan-motissa-lakkahilloa-tarjolla\/"},"wordCount":445,"publisher":{"@id":"http:\/\/www.rukajarvensuunnanhistoriayhdistys.fi\/historiayhdistys\/#organization"},"image":{"@id":"http:\/\/www.rukajarvensuunnanhistoriayhdistys.fi\/historiayhdistys\/onkohan-tanaan-jukolan-motissa-lakkahilloa-tarjolla\/#primaryimage"},"thumbnailUrl":"http:\/\/www.rukajarvensuunnanhistoriayhdistys.fi\/historiayhdistys\/wp-content\/uploads\/2014\/11\/Jukolan-Motti-5.jpg","articleSection":["Ajankohtaista"],"inLanguage":"fi"},{"@type":"WebPage","@id":"http:\/\/www.rukajarvensuunnanhistoriayhdistys.fi\/historiayhdistys\/onkohan-tanaan-jukolan-motissa-lakkahilloa-tarjolla\/","url":"http:\/\/www.rukajarvensuunnanhistoriayhdistys.fi\/historiayhdistys\/onkohan-tanaan-jukolan-motissa-lakkahilloa-tarjolla\/","name":"Jukolan Motissa t\u00e4n\u00e4\u00e4n (5.11.) arvovieraita ja tarjolla r\u00e4isk\u00e4leit\u00e4 ja lakkahilloa - Rukaj\u00e4rven suunnan historiayhdistys","isPartOf":{"@id":"http:\/\/www.rukajarvensuunnanhistoriayhdistys.fi\/historiayhdistys\/#website"},"primaryImageOfPage":{"@id":"http:\/\/www.rukajarvensuunnanhistoriayhdistys.fi\/historiayhdistys\/onkohan-tanaan-jukolan-motissa-lakkahilloa-tarjolla\/#primaryimage"},"image":{"@id":"http:\/\/www.rukajarvensuunnanhistoriayhdistys.fi\/historiayhdistys\/onkohan-tanaan-jukolan-motissa-lakkahilloa-tarjolla\/#primaryimage"},"thumbnailUrl":"http:\/\/www.rukajarvensuunnanhistoriayhdistys.fi\/historiayhdistys\/wp-content\/uploads\/2014\/11\/Jukolan-Motti-5.jpg","datePublished":"2014-11-05T05:08:27+00:00","dateModified":"2014-11-05T18:35:08+00:00","breadcrumb":{"@id":"http:\/\/www.rukajarvensuunnanhistoriayhdistys.fi\/historiayhdistys\/onkohan-tanaan-jukolan-motissa-lakkahilloa-tarjolla\/#breadcrumb"},"inLanguage":"fi","potentialAction":[{"@type":"ReadAction","target":["http:\/\/www.rukajarvensuunnanhistoriayhdistys.fi\/historiayhdistys\/onkohan-tanaan-jukolan-motissa-lakkahilloa-tarjolla\/"]}]},{"@type":"ImageObject","inLanguage":"fi","@id":"http:\/\/www.rukajarvensuunnanhistoriayhdistys.fi\/historiayhdistys\/onkohan-tanaan-jukolan-motissa-lakkahilloa-tarjolla\/#primaryimage","url":"http:\/\/www.rukajarvensuunnanhistoriayhdistys.fi\/historiayhdistys\/wp-content\/uploads\/2014\/11\/Jukolan-Motti-5.jpg","contentUrl":"http:\/\/www.rukajarvensuunnanhistoriayhdistys.fi\/historiayhdistys\/wp-content\/uploads\/2014\/11\/Jukolan-Motti-5.jpg","width":1754,"height":1240},{"@type":"BreadcrumbList","@id":"http:\/\/www.rukajarvensuunnanhistoriayhdistys.fi\/historiayhdistys\/onkohan-tanaan-jukolan-motissa-lakkahilloa-tarjolla\/#breadcrumb","itemListElement":[{"@type":"ListItem","position":1,"name":"Etusivu","item":"http:\/\/www.rukajarvensuunnanhistoriayhdistys.fi\/historiayhdistys\/"},{"@type":"ListItem","position":2,"name":"Jukolan Motissa t\u00e4n\u00e4\u00e4n (5.11.) arvovieraita ja tarjolla r\u00e4isk\u00e4leit\u00e4 ja lakkahilloa"}]},{"@type":"WebSite","@id":"http:\/\/www.rukajarvensuunnanhistoriayhdistys.fi\/historiayhdistys\/#website","url":"http:\/\/www.rukajarvensuunnanhistoriayhdistys.fi\/historiayhdistys\/","name":"Rukaj\u00e4rven suunnan historiayhdistys","description":"Rukaj\u00e4rven suunnan historiayhdistyksen verkkosivut.","publisher":{"@id":"http:\/\/www.rukajarvensuunnanhistoriayhdistys.fi\/historiayhdistys\/#organization"},"potentialAction":[{"@type":"SearchAction","target":{"@type":"EntryPoint","urlTemplate":"http:\/\/www.rukajarvensuunnanhistoriayhdistys.fi\/historiayhdistys\/?s={search_term_string}"},"query-input":{"@type":"PropertyValueSpecification","valueRequired":true,"valueName":"search_term_string"}}],"inLanguage":"fi"},{"@type":"Organization","@id":"http:\/\/www.rukajarvensuunnanhistoriayhdistys.fi\/historiayhdistys\/#organization","name":"Rukaj\u00e4rven suunnan historiayhdistys","url":"http:\/\/www.rukajarvensuunnanhistoriayhdistys.fi\/historiayhdistys\/","logo":{"@type":"ImageObject","inLanguage":"fi","@id":"http:\/\/www.rukajarvensuunnanhistoriayhdistys.fi\/historiayhdistys\/#\/schema\/logo\/image\/","url":"http:\/\/www.rukajarvensuunnanhistoriayhdistys.fi\/historiayhdistys\/wp-content\/uploads\/2013\/12\/Otsake_3.jpg","contentUrl":"http:\/\/www.rukajarvensuunnanhistoriayhdistys.fi\/historiayhdistys\/wp-content\/uploads\/2013\/12\/Otsake_3.jpg","width":1000,"height":442,"caption":"Rukaj\u00e4rven suunnan historiayhdistys"},"image":{"@id":"http:\/\/www.rukajarvensuunnanhistoriayhdistys.fi\/historiayhdistys\/#\/schema\/logo\/image\/"}},{"@type":"Person","@id":"http:\/\/www.rukajarvensuunnanhistoriayhdistys.fi\/historiayhdistys\/#\/schema\/person\/19de7db68bf72dfd2b5d7f6dfbf8454d","name":"RSHY","image":{"@type":"ImageObject","inLanguage":"fi","@id":"https:\/\/secure.gravatar.com\/avatar\/598d59263a69cc8de65fcb4f9db78d6f58c098cb0e0ba22d73377441af9fa04c?s=96&d=blank&r=g","url":"https:\/\/secure.gravatar.com\/avatar\/598d59263a69cc8de65fcb4f9db78d6f58c098cb0e0ba22d73377441af9fa04c?s=96&d=blank&r=g","contentUrl":"https:\/\/secure.gravatar.com\/avatar\/598d59263a69cc8de65fcb4f9db78d6f58c098cb0e0ba22d73377441af9fa04c?s=96&d=blank&r=g","caption":"RSHY"},"url":"http:\/\/www.rukajarvensuunnanhistoriayhdistys.fi\/historiayhdistys\/author\/rshy\/"}]}},"_links":{"self":[{"href":"http:\/\/www.rukajarvensuunnanhistoriayhdistys.fi\/historiayhdistys\/wp-json\/wp\/v2\/posts\/9443","targetHints":{"allow":["GET"]}}],"collection":[{"href":"http:\/\/www.rukajarvensuunnanhistoriayhdistys.fi\/historiayhdistys\/wp-json\/wp\/v2\/posts"}],"about":[{"href":"http:\/\/www.rukajarvensuunnanhistoriayhdistys.fi\/historiayhdistys\/wp-json\/wp\/v2\/types\/post"}],"author":[{"embeddable":true,"href":"http:\/\/www.rukajarvensuunnanhistoriayhdistys.fi\/historiayhdistys\/wp-json\/wp\/v2\/users\/3"}],"replies":[{"embeddable":true,"href":"http:\/\/www.rukajarvensuunnanhistoriayhdistys.fi\/historiayhdistys\/wp-json\/wp\/v2\/comments?post=9443"}],"version-history":[{"count":8,"href":"http:\/\/www.rukajarvensuunnanhistoriayhdistys.fi\/historiayhdistys\/wp-json\/wp\/v2\/posts\/9443\/revisions"}],"predecessor-version":[{"id":9456,"href":"http:\/\/www.rukajarvensuunnanhistoriayhdistys.fi\/historiayhdistys\/wp-json\/wp\/v2\/posts\/9443\/revisions\/9456"}],"wp:attachment":[{"href":"http:\/\/www.rukajarvensuunnanhistoriayhdistys.fi\/historiayhdistys\/wp-json\/wp\/v2\/media?parent=9443"}],"wp:term":[{"taxonomy":"category","embeddable":true,"href":"http:\/\/www.rukajarvensuunnanhistoriayhdistys.fi\/historiayhdistys\/wp-json\/wp\/v2\/categories?post=9443"},{"taxonomy":"post_tag","embeddable":true,"href":"http:\/\/www.rukajarvensuunnanhistoriayhdistys.fi\/historiayhdistys\/wp-json\/wp\/v2\/tags?post=9443"}],"curies":[{"name":"wp","href":"https:\/\/api.w.org\/{rel}","templated":true}]}}