{"id":9457,"date":"2014-11-06T20:12:21","date_gmt":"2014-11-06T18:12:21","guid":{"rendered":"http:\/\/www.rukajarvensuunnanhistoriayhdistys.fi\/historiayhdistys\/?p=9457"},"modified":"2014-11-06T21:21:47","modified_gmt":"2014-11-06T19:21:47","slug":"jukolan-motissa-lumisadetta-6-11","status":"publish","type":"post","link":"http:\/\/www.rukajarvensuunnanhistoriayhdistys.fi\/historiayhdistys\/jukolan-motissa-lumisadetta-6-11\/","title":{"rendered":"Jukolan Motissa &#8211; lumisadetta (6.11.)"},"content":{"rendered":"<div class=\"fcbkbttn_buttons_block\" id=\"fcbkbttn_left\"><div class=\"fcbkbttn_like \"><fb:like href=\"http:\/\/www.rukajarvensuunnanhistoriayhdistys.fi\/historiayhdistys\/jukolan-motissa-lumisadetta-6-11\/\" action=\"like\" colorscheme=\"light\" layout=\"button_count\"  size=\"small\"><\/fb:like><\/div><\/div><p>T\u00e4n\u00e4\u00e4n Jukolan Motissa kodan katon palahuopien\u00a0laittaminen jatkui. Taivaalta tuli lumihiutaleita hiljalleen, maahan lumivalkoiseen. Lunta ei ole paljon, vain nimeksi. &#8211; Vastaava ty\u00f6njohtaja totesikin luettuaan 9.\/JR 10 sotap\u00e4iv\u00e4kirjaa 6.11.1944: &#8221;Puhuvat ilmastomuutoksesta. Tuolloin 70 vuotta sitten sotap\u00e4iv\u00e4kirjan mukaan Jukolan Motissa: &#8221;Pilvist\u00e4,\u00a0kova lounaistuuli, tihkusadetta.&#8221;<\/p>\n<figure id=\"attachment_9459\" aria-describedby=\"caption-attachment-9459\" style=\"width: 1754px\" class=\"wp-caption alignnone\"><a href=\"http:\/\/www.rukajarvensuunnanhistoriayhdistys.fi\/historiayhdistys\/wp-content\/uploads\/2014\/11\/Jukolan-Motti-Markku-Torvinen-6-11-2014-3.jpg\"><img loading=\"lazy\" decoding=\"async\" class=\"wp-image-9459 size-full\" src=\"http:\/\/www.rukajarvensuunnanhistoriayhdistys.fi\/historiayhdistys\/wp-content\/uploads\/2014\/11\/Jukolan-Motti-Markku-Torvinen-6-11-2014-3.jpg\" alt=\"Kota saa pian lopullisen muotonsa.\" width=\"1754\" height=\"1240\" data-id=\"9459\" srcset=\"http:\/\/www.rukajarvensuunnanhistoriayhdistys.fi\/historiayhdistys\/wp-content\/uploads\/2014\/11\/Jukolan-Motti-Markku-Torvinen-6-11-2014-3.jpg 1754w, http:\/\/www.rukajarvensuunnanhistoriayhdistys.fi\/historiayhdistys\/wp-content\/uploads\/2014\/11\/Jukolan-Motti-Markku-Torvinen-6-11-2014-3-300x212.jpg 300w, http:\/\/www.rukajarvensuunnanhistoriayhdistys.fi\/historiayhdistys\/wp-content\/uploads\/2014\/11\/Jukolan-Motti-Markku-Torvinen-6-11-2014-3-1024x723.jpg 1024w\" sizes=\"auto, (max-width: 1754px) 100vw, 1754px\" \/><\/a><figcaption id=\"caption-attachment-9459\" class=\"wp-caption-text\">Kota saa pian lopullisen muotonsa.<\/figcaption><\/figure>\n<p>Anaika Woodin tuotantojohtaja Markku Torvinen suoritti t\u00e4n\u00e4\u00e4n katselmuksen ja hyv\u00e4ksyi ty\u00f6n jatkamisen: &#8221;Hyv\u00e4 t\u00e4st\u00e4 tulee&#8221;.<\/p>\n<figure id=\"attachment_9458\" aria-describedby=\"caption-attachment-9458\" style=\"width: 1754px\" class=\"wp-caption alignnone\"><a href=\"http:\/\/www.rukajarvensuunnanhistoriayhdistys.fi\/historiayhdistys\/wp-content\/uploads\/2014\/11\/Jukolan-Motti-Markku-Torvinen-6-11-2014.jpg\"><img loading=\"lazy\" decoding=\"async\" class=\"wp-image-9458 size-full\" src=\"http:\/\/www.rukajarvensuunnanhistoriayhdistys.fi\/historiayhdistys\/wp-content\/uploads\/2014\/11\/Jukolan-Motti-Markku-Torvinen-6-11-2014.jpg\" alt=\"Vastaava ty\u00f6njohtaja Matti Kilpel\u00e4inen ja Anaika Woodin tuotantojohtaja Markku Torvinen keskustelevat hirsirakentamisesta.\" width=\"1754\" height=\"1240\" data-id=\"9458\" srcset=\"http:\/\/www.rukajarvensuunnanhistoriayhdistys.fi\/historiayhdistys\/wp-content\/uploads\/2014\/11\/Jukolan-Motti-Markku-Torvinen-6-11-2014.jpg 1754w, http:\/\/www.rukajarvensuunnanhistoriayhdistys.fi\/historiayhdistys\/wp-content\/uploads\/2014\/11\/Jukolan-Motti-Markku-Torvinen-6-11-2014-300x212.jpg 300w, http:\/\/www.rukajarvensuunnanhistoriayhdistys.fi\/historiayhdistys\/wp-content\/uploads\/2014\/11\/Jukolan-Motti-Markku-Torvinen-6-11-2014-1024x723.jpg 1024w\" sizes=\"auto, (max-width: 1754px) 100vw, 1754px\" \/><\/a><figcaption id=\"caption-attachment-9458\" class=\"wp-caption-text\">Vastaava ty\u00f6njohtaja Matti Kilpel\u00e4inen ja Anaika Woodin tuotantojohtaja Markku Torvinen keskustelevat hirsirakentamisesta.<\/figcaption><\/figure>\n<p>Anaika Wood lahjoitti kodan kattotuolipalkit ja hirret saatiin ns. &#8221;asevelihintaan&#8221;. Niist\u00e4 hirsist\u00e4 on rakennettu Rukaj\u00e4rven tien Jukolan Motin kota,\u00a0 jota\u00a0kehtaa n\u00e4ytell\u00e4 kenelle tahansa.<\/p>\n<p>Mit\u00e4 tulee sitten Ainaka Woodin johtaja Markku Torvisen is\u00e4n sotakokemuksiin. Se tarina onkin huikea kertomus. Silloin puhutaan yhdest\u00e4\u00a0vaikuttavimmista sotakokemuksista Suomen Jatkosodassa. Markun is\u00e4 selvisi kuin ihmeen kaupalla\u00a0 7.8.1941 aamuh\u00e4m\u00e4riss\u00e4 k\u00e4ydyst\u00e4 taistelusta hengiss\u00e4. Aseveljist\u00e4\u00e4n 66 kaatui ja yli 30 haavoittui ja vain\u00a0reilut 20 oli taistelun j\u00e4lkeen kokoontuneena suonlaitaan, kaikki istuivat yhden kelopuun rungolla hiljaisina. Vierell\u00e4 heid\u00e4n kaatuneet koulukaverinsa. Tunnelma oli henke\u00e4salpaavan liikuttava. &#8221;Laiston suon taistelusta&#8221; selvinneen Toimi Lukkarisen videohaastattelun voi jokainen k\u00e4yd\u00e4 katsomassa joko Iisalmen tai Lieksan Rukaj\u00e4rvi-keskuksesta.<\/p>\n","protected":false},"excerpt":{"rendered":"<p>T\u00e4n\u00e4\u00e4n Jukolan Motissa kodan katon palahuopien\u00a0laittaminen jatkui. Taivaalta tuli lumihiutaleita hiljalleen, maahan lumivalkoiseen. Lunta ei ole paljon, vain nimeksi. &#8211; Vastaava ty\u00f6njohtaja totesikin luettuaan 9.\/JR 10 sotap\u00e4iv\u00e4kirjaa 6.11.1944: &#8221;Puhuvat ilmastomuutoksesta. <a class=\"more-link\" href=\"http:\/\/www.rukajarvensuunnanhistoriayhdistys.fi\/historiayhdistys\/jukolan-motissa-lumisadetta-6-11\/\">Teksti jatkuu&#8230;<span class=\"screen-reader-text\">Jukolan Motissa &#8211; lumisadetta (6.11.)<\/span><span class=\"meta-nav\">\u2192<\/span><\/a><\/p>\n","protected":false},"author":3,"featured_media":9458,"comment_status":"closed","ping_status":"open","sticky":false,"template":"","format":"standard","meta":{"footnotes":""},"categories":[22],"tags":[],"class_list":["post-9457","post","type-post","status-publish","format-standard","has-post-thumbnail","hentry","category-ajankohtaista"],"yoast_head":"<!-- This site is optimized with the Yoast SEO plugin v27.4 - https:\/\/yoast.com\/product\/yoast-seo-wordpress\/ -->\n<title>Jukolan Motissa - lumisadetta (6.11.)  - Rukaj\u00e4rven suunnan historiayhdistys<\/title>\n<meta name=\"robots\" content=\"index, follow, max-snippet:-1, max-image-preview:large, max-video-preview:-1\" \/>\n<link rel=\"canonical\" href=\"http:\/\/www.rukajarvensuunnanhistoriayhdistys.fi\/historiayhdistys\/jukolan-motissa-lumisadetta-6-11\/\" \/>\n<meta property=\"og:locale\" content=\"fi_FI\" \/>\n<meta property=\"og:type\" content=\"article\" \/>\n<meta property=\"og:title\" content=\"Jukolan Motissa - lumisadetta (6.11.)  - Rukaj\u00e4rven suunnan historiayhdistys\" \/>\n<meta property=\"og:description\" content=\"T\u00e4n\u00e4\u00e4n Jukolan Motissa kodan katon palahuopien\u00a0laittaminen jatkui. Taivaalta tuli lumihiutaleita hiljalleen, maahan lumivalkoiseen. Lunta ei ole paljon, vain nimeksi. &#8211; Vastaava ty\u00f6njohtaja totesikin luettuaan 9.\/JR 10 sotap\u00e4iv\u00e4kirjaa 6.11.1944: &#8221;Puhuvat ilmastomuutoksesta. Teksti jatkuu...Jukolan Motissa &#8211; lumisadetta (6.11.)\u2192\" \/>\n<meta property=\"og:url\" content=\"http:\/\/www.rukajarvensuunnanhistoriayhdistys.fi\/historiayhdistys\/jukolan-motissa-lumisadetta-6-11\/\" \/>\n<meta property=\"og:site_name\" content=\"Rukaj\u00e4rven suunnan historiayhdistys\" \/>\n<meta property=\"article:published_time\" content=\"2014-11-06T18:12:21+00:00\" \/>\n<meta property=\"article:modified_time\" content=\"2014-11-06T19:21:47+00:00\" \/>\n<meta property=\"og:image\" content=\"http:\/\/www.rukajarvensuunnanhistoriayhdistys.fi\/historiayhdistys\/wp-content\/uploads\/2014\/11\/Jukolan-Motti-Markku-Torvinen-6-11-2014.jpg\" \/>\n\t<meta property=\"og:image:width\" content=\"1754\" \/>\n\t<meta property=\"og:image:height\" content=\"1240\" \/>\n\t<meta property=\"og:image:type\" content=\"image\/jpeg\" \/>\n<meta name=\"author\" content=\"RSHY\" \/>\n<meta name=\"twitter:label1\" content=\"Kirjoittanut\" \/>\n\t<meta name=\"twitter:data1\" content=\"RSHY\" \/>\n\t<meta name=\"twitter:label2\" content=\"Arvioitu lukuaika\" \/>\n\t<meta name=\"twitter:data2\" content=\"1 minuutti\" \/>\n<script type=\"application\/ld+json\" class=\"yoast-schema-graph\">{\"@context\":\"https:\\\/\\\/schema.org\",\"@graph\":[{\"@type\":\"Article\",\"@id\":\"http:\\\/\\\/www.rukajarvensuunnanhistoriayhdistys.fi\\\/historiayhdistys\\\/jukolan-motissa-lumisadetta-6-11\\\/#article\",\"isPartOf\":{\"@id\":\"http:\\\/\\\/www.rukajarvensuunnanhistoriayhdistys.fi\\\/historiayhdistys\\\/jukolan-motissa-lumisadetta-6-11\\\/\"},\"author\":{\"name\":\"RSHY\",\"@id\":\"http:\\\/\\\/www.rukajarvensuunnanhistoriayhdistys.fi\\\/historiayhdistys\\\/#\\\/schema\\\/person\\\/19de7db68bf72dfd2b5d7f6dfbf8454d\"},\"headline\":\"Jukolan Motissa &#8211; lumisadetta (6.11.)\",\"datePublished\":\"2014-11-06T18:12:21+00:00\",\"dateModified\":\"2014-11-06T19:21:47+00:00\",\"mainEntityOfPage\":{\"@id\":\"http:\\\/\\\/www.rukajarvensuunnanhistoriayhdistys.fi\\\/historiayhdistys\\\/jukolan-motissa-lumisadetta-6-11\\\/\"},\"wordCount\":215,\"publisher\":{\"@id\":\"http:\\\/\\\/www.rukajarvensuunnanhistoriayhdistys.fi\\\/historiayhdistys\\\/#organization\"},\"image\":{\"@id\":\"http:\\\/\\\/www.rukajarvensuunnanhistoriayhdistys.fi\\\/historiayhdistys\\\/jukolan-motissa-lumisadetta-6-11\\\/#primaryimage\"},\"thumbnailUrl\":\"http:\\\/\\\/www.rukajarvensuunnanhistoriayhdistys.fi\\\/historiayhdistys\\\/wp-content\\\/uploads\\\/2014\\\/11\\\/Jukolan-Motti-Markku-Torvinen-6-11-2014.jpg\",\"articleSection\":[\"Ajankohtaista\"],\"inLanguage\":\"fi\"},{\"@type\":\"WebPage\",\"@id\":\"http:\\\/\\\/www.rukajarvensuunnanhistoriayhdistys.fi\\\/historiayhdistys\\\/jukolan-motissa-lumisadetta-6-11\\\/\",\"url\":\"http:\\\/\\\/www.rukajarvensuunnanhistoriayhdistys.fi\\\/historiayhdistys\\\/jukolan-motissa-lumisadetta-6-11\\\/\",\"name\":\"Jukolan Motissa - lumisadetta (6.11.) - Rukaj\u00e4rven suunnan historiayhdistys\",\"isPartOf\":{\"@id\":\"http:\\\/\\\/www.rukajarvensuunnanhistoriayhdistys.fi\\\/historiayhdistys\\\/#website\"},\"primaryImageOfPage\":{\"@id\":\"http:\\\/\\\/www.rukajarvensuunnanhistoriayhdistys.fi\\\/historiayhdistys\\\/jukolan-motissa-lumisadetta-6-11\\\/#primaryimage\"},\"image\":{\"@id\":\"http:\\\/\\\/www.rukajarvensuunnanhistoriayhdistys.fi\\\/historiayhdistys\\\/jukolan-motissa-lumisadetta-6-11\\\/#primaryimage\"},\"thumbnailUrl\":\"http:\\\/\\\/www.rukajarvensuunnanhistoriayhdistys.fi\\\/historiayhdistys\\\/wp-content\\\/uploads\\\/2014\\\/11\\\/Jukolan-Motti-Markku-Torvinen-6-11-2014.jpg\",\"datePublished\":\"2014-11-06T18:12:21+00:00\",\"dateModified\":\"2014-11-06T19:21:47+00:00\",\"breadcrumb\":{\"@id\":\"http:\\\/\\\/www.rukajarvensuunnanhistoriayhdistys.fi\\\/historiayhdistys\\\/jukolan-motissa-lumisadetta-6-11\\\/#breadcrumb\"},\"inLanguage\":\"fi\",\"potentialAction\":[{\"@type\":\"ReadAction\",\"target\":[\"http:\\\/\\\/www.rukajarvensuunnanhistoriayhdistys.fi\\\/historiayhdistys\\\/jukolan-motissa-lumisadetta-6-11\\\/\"]}]},{\"@type\":\"ImageObject\",\"inLanguage\":\"fi\",\"@id\":\"http:\\\/\\\/www.rukajarvensuunnanhistoriayhdistys.fi\\\/historiayhdistys\\\/jukolan-motissa-lumisadetta-6-11\\\/#primaryimage\",\"url\":\"http:\\\/\\\/www.rukajarvensuunnanhistoriayhdistys.fi\\\/historiayhdistys\\\/wp-content\\\/uploads\\\/2014\\\/11\\\/Jukolan-Motti-Markku-Torvinen-6-11-2014.jpg\",\"contentUrl\":\"http:\\\/\\\/www.rukajarvensuunnanhistoriayhdistys.fi\\\/historiayhdistys\\\/wp-content\\\/uploads\\\/2014\\\/11\\\/Jukolan-Motti-Markku-Torvinen-6-11-2014.jpg\",\"width\":1754,\"height\":1240,\"caption\":\"Vastaava ty\u00f6njohtaja Matti Kilpel\u00e4inen ja Anaika Woodin tuotantojohtaja Markku Torvinen keskustelevat hirsirakentamisesta.\"},{\"@type\":\"BreadcrumbList\",\"@id\":\"http:\\\/\\\/www.rukajarvensuunnanhistoriayhdistys.fi\\\/historiayhdistys\\\/jukolan-motissa-lumisadetta-6-11\\\/#breadcrumb\",\"itemListElement\":[{\"@type\":\"ListItem\",\"position\":1,\"name\":\"Etusivu\",\"item\":\"http:\\\/\\\/www.rukajarvensuunnanhistoriayhdistys.fi\\\/historiayhdistys\\\/\"},{\"@type\":\"ListItem\",\"position\":2,\"name\":\"Jukolan Motissa &#8211; lumisadetta (6.11.)\"}]},{\"@type\":\"WebSite\",\"@id\":\"http:\\\/\\\/www.rukajarvensuunnanhistoriayhdistys.fi\\\/historiayhdistys\\\/#website\",\"url\":\"http:\\\/\\\/www.rukajarvensuunnanhistoriayhdistys.fi\\\/historiayhdistys\\\/\",\"name\":\"Rukaj\u00e4rven suunnan historiayhdistys\",\"description\":\"Rukaj\u00e4rven suunnan historiayhdistyksen verkkosivut.\",\"publisher\":{\"@id\":\"http:\\\/\\\/www.rukajarvensuunnanhistoriayhdistys.fi\\\/historiayhdistys\\\/#organization\"},\"potentialAction\":[{\"@type\":\"SearchAction\",\"target\":{\"@type\":\"EntryPoint\",\"urlTemplate\":\"http:\\\/\\\/www.rukajarvensuunnanhistoriayhdistys.fi\\\/historiayhdistys\\\/?s={search_term_string}\"},\"query-input\":{\"@type\":\"PropertyValueSpecification\",\"valueRequired\":true,\"valueName\":\"search_term_string\"}}],\"inLanguage\":\"fi\"},{\"@type\":\"Organization\",\"@id\":\"http:\\\/\\\/www.rukajarvensuunnanhistoriayhdistys.fi\\\/historiayhdistys\\\/#organization\",\"name\":\"Rukaj\u00e4rven suunnan historiayhdistys\",\"url\":\"http:\\\/\\\/www.rukajarvensuunnanhistoriayhdistys.fi\\\/historiayhdistys\\\/\",\"logo\":{\"@type\":\"ImageObject\",\"inLanguage\":\"fi\",\"@id\":\"http:\\\/\\\/www.rukajarvensuunnanhistoriayhdistys.fi\\\/historiayhdistys\\\/#\\\/schema\\\/logo\\\/image\\\/\",\"url\":\"http:\\\/\\\/www.rukajarvensuunnanhistoriayhdistys.fi\\\/historiayhdistys\\\/wp-content\\\/uploads\\\/2013\\\/12\\\/Otsake_3.jpg\",\"contentUrl\":\"http:\\\/\\\/www.rukajarvensuunnanhistoriayhdistys.fi\\\/historiayhdistys\\\/wp-content\\\/uploads\\\/2013\\\/12\\\/Otsake_3.jpg\",\"width\":1000,\"height\":442,\"caption\":\"Rukaj\u00e4rven suunnan historiayhdistys\"},\"image\":{\"@id\":\"http:\\\/\\\/www.rukajarvensuunnanhistoriayhdistys.fi\\\/historiayhdistys\\\/#\\\/schema\\\/logo\\\/image\\\/\"}},{\"@type\":\"Person\",\"@id\":\"http:\\\/\\\/www.rukajarvensuunnanhistoriayhdistys.fi\\\/historiayhdistys\\\/#\\\/schema\\\/person\\\/19de7db68bf72dfd2b5d7f6dfbf8454d\",\"name\":\"RSHY\",\"image\":{\"@type\":\"ImageObject\",\"inLanguage\":\"fi\",\"@id\":\"https:\\\/\\\/secure.gravatar.com\\\/avatar\\\/598d59263a69cc8de65fcb4f9db78d6f58c098cb0e0ba22d73377441af9fa04c?s=96&d=blank&r=g\",\"url\":\"https:\\\/\\\/secure.gravatar.com\\\/avatar\\\/598d59263a69cc8de65fcb4f9db78d6f58c098cb0e0ba22d73377441af9fa04c?s=96&d=blank&r=g\",\"contentUrl\":\"https:\\\/\\\/secure.gravatar.com\\\/avatar\\\/598d59263a69cc8de65fcb4f9db78d6f58c098cb0e0ba22d73377441af9fa04c?s=96&d=blank&r=g\",\"caption\":\"RSHY\"},\"url\":\"http:\\\/\\\/www.rukajarvensuunnanhistoriayhdistys.fi\\\/historiayhdistys\\\/author\\\/rshy\\\/\"}]}<\/script>\n<!-- \/ Yoast SEO plugin. -->","yoast_head_json":{"title":"Jukolan Motissa - lumisadetta (6.11.)  - Rukaj\u00e4rven suunnan historiayhdistys","robots":{"index":"index","follow":"follow","max-snippet":"max-snippet:-1","max-image-preview":"max-image-preview:large","max-video-preview":"max-video-preview:-1"},"canonical":"http:\/\/www.rukajarvensuunnanhistoriayhdistys.fi\/historiayhdistys\/jukolan-motissa-lumisadetta-6-11\/","og_locale":"fi_FI","og_type":"article","og_title":"Jukolan Motissa - lumisadetta (6.11.)  - Rukaj\u00e4rven suunnan historiayhdistys","og_description":"T\u00e4n\u00e4\u00e4n Jukolan Motissa kodan katon palahuopien\u00a0laittaminen jatkui. Taivaalta tuli lumihiutaleita hiljalleen, maahan lumivalkoiseen. Lunta ei ole paljon, vain nimeksi. &#8211; Vastaava ty\u00f6njohtaja totesikin luettuaan 9.\/JR 10 sotap\u00e4iv\u00e4kirjaa 6.11.1944: &#8221;Puhuvat ilmastomuutoksesta. Teksti jatkuu...Jukolan Motissa &#8211; lumisadetta (6.11.)\u2192","og_url":"http:\/\/www.rukajarvensuunnanhistoriayhdistys.fi\/historiayhdistys\/jukolan-motissa-lumisadetta-6-11\/","og_site_name":"Rukaj\u00e4rven suunnan historiayhdistys","article_published_time":"2014-11-06T18:12:21+00:00","article_modified_time":"2014-11-06T19:21:47+00:00","og_image":[{"width":1754,"height":1240,"url":"http:\/\/www.rukajarvensuunnanhistoriayhdistys.fi\/historiayhdistys\/wp-content\/uploads\/2014\/11\/Jukolan-Motti-Markku-Torvinen-6-11-2014.jpg","type":"image\/jpeg"}],"author":"RSHY","twitter_misc":{"Kirjoittanut":"RSHY","Arvioitu lukuaika":"1 minuutti"},"schema":{"@context":"https:\/\/schema.org","@graph":[{"@type":"Article","@id":"http:\/\/www.rukajarvensuunnanhistoriayhdistys.fi\/historiayhdistys\/jukolan-motissa-lumisadetta-6-11\/#article","isPartOf":{"@id":"http:\/\/www.rukajarvensuunnanhistoriayhdistys.fi\/historiayhdistys\/jukolan-motissa-lumisadetta-6-11\/"},"author":{"name":"RSHY","@id":"http:\/\/www.rukajarvensuunnanhistoriayhdistys.fi\/historiayhdistys\/#\/schema\/person\/19de7db68bf72dfd2b5d7f6dfbf8454d"},"headline":"Jukolan Motissa &#8211; lumisadetta (6.11.)","datePublished":"2014-11-06T18:12:21+00:00","dateModified":"2014-11-06T19:21:47+00:00","mainEntityOfPage":{"@id":"http:\/\/www.rukajarvensuunnanhistoriayhdistys.fi\/historiayhdistys\/jukolan-motissa-lumisadetta-6-11\/"},"wordCount":215,"publisher":{"@id":"http:\/\/www.rukajarvensuunnanhistoriayhdistys.fi\/historiayhdistys\/#organization"},"image":{"@id":"http:\/\/www.rukajarvensuunnanhistoriayhdistys.fi\/historiayhdistys\/jukolan-motissa-lumisadetta-6-11\/#primaryimage"},"thumbnailUrl":"http:\/\/www.rukajarvensuunnanhistoriayhdistys.fi\/historiayhdistys\/wp-content\/uploads\/2014\/11\/Jukolan-Motti-Markku-Torvinen-6-11-2014.jpg","articleSection":["Ajankohtaista"],"inLanguage":"fi"},{"@type":"WebPage","@id":"http:\/\/www.rukajarvensuunnanhistoriayhdistys.fi\/historiayhdistys\/jukolan-motissa-lumisadetta-6-11\/","url":"http:\/\/www.rukajarvensuunnanhistoriayhdistys.fi\/historiayhdistys\/jukolan-motissa-lumisadetta-6-11\/","name":"Jukolan Motissa - lumisadetta (6.11.) - Rukaj\u00e4rven suunnan historiayhdistys","isPartOf":{"@id":"http:\/\/www.rukajarvensuunnanhistoriayhdistys.fi\/historiayhdistys\/#website"},"primaryImageOfPage":{"@id":"http:\/\/www.rukajarvensuunnanhistoriayhdistys.fi\/historiayhdistys\/jukolan-motissa-lumisadetta-6-11\/#primaryimage"},"image":{"@id":"http:\/\/www.rukajarvensuunnanhistoriayhdistys.fi\/historiayhdistys\/jukolan-motissa-lumisadetta-6-11\/#primaryimage"},"thumbnailUrl":"http:\/\/www.rukajarvensuunnanhistoriayhdistys.fi\/historiayhdistys\/wp-content\/uploads\/2014\/11\/Jukolan-Motti-Markku-Torvinen-6-11-2014.jpg","datePublished":"2014-11-06T18:12:21+00:00","dateModified":"2014-11-06T19:21:47+00:00","breadcrumb":{"@id":"http:\/\/www.rukajarvensuunnanhistoriayhdistys.fi\/historiayhdistys\/jukolan-motissa-lumisadetta-6-11\/#breadcrumb"},"inLanguage":"fi","potentialAction":[{"@type":"ReadAction","target":["http:\/\/www.rukajarvensuunnanhistoriayhdistys.fi\/historiayhdistys\/jukolan-motissa-lumisadetta-6-11\/"]}]},{"@type":"ImageObject","inLanguage":"fi","@id":"http:\/\/www.rukajarvensuunnanhistoriayhdistys.fi\/historiayhdistys\/jukolan-motissa-lumisadetta-6-11\/#primaryimage","url":"http:\/\/www.rukajarvensuunnanhistoriayhdistys.fi\/historiayhdistys\/wp-content\/uploads\/2014\/11\/Jukolan-Motti-Markku-Torvinen-6-11-2014.jpg","contentUrl":"http:\/\/www.rukajarvensuunnanhistoriayhdistys.fi\/historiayhdistys\/wp-content\/uploads\/2014\/11\/Jukolan-Motti-Markku-Torvinen-6-11-2014.jpg","width":1754,"height":1240,"caption":"Vastaava ty\u00f6njohtaja Matti Kilpel\u00e4inen ja Anaika Woodin tuotantojohtaja Markku Torvinen keskustelevat hirsirakentamisesta."},{"@type":"BreadcrumbList","@id":"http:\/\/www.rukajarvensuunnanhistoriayhdistys.fi\/historiayhdistys\/jukolan-motissa-lumisadetta-6-11\/#breadcrumb","itemListElement":[{"@type":"ListItem","position":1,"name":"Etusivu","item":"http:\/\/www.rukajarvensuunnanhistoriayhdistys.fi\/historiayhdistys\/"},{"@type":"ListItem","position":2,"name":"Jukolan Motissa &#8211; lumisadetta (6.11.)"}]},{"@type":"WebSite","@id":"http:\/\/www.rukajarvensuunnanhistoriayhdistys.fi\/historiayhdistys\/#website","url":"http:\/\/www.rukajarvensuunnanhistoriayhdistys.fi\/historiayhdistys\/","name":"Rukaj\u00e4rven suunnan historiayhdistys","description":"Rukaj\u00e4rven suunnan historiayhdistyksen verkkosivut.","publisher":{"@id":"http:\/\/www.rukajarvensuunnanhistoriayhdistys.fi\/historiayhdistys\/#organization"},"potentialAction":[{"@type":"SearchAction","target":{"@type":"EntryPoint","urlTemplate":"http:\/\/www.rukajarvensuunnanhistoriayhdistys.fi\/historiayhdistys\/?s={search_term_string}"},"query-input":{"@type":"PropertyValueSpecification","valueRequired":true,"valueName":"search_term_string"}}],"inLanguage":"fi"},{"@type":"Organization","@id":"http:\/\/www.rukajarvensuunnanhistoriayhdistys.fi\/historiayhdistys\/#organization","name":"Rukaj\u00e4rven suunnan historiayhdistys","url":"http:\/\/www.rukajarvensuunnanhistoriayhdistys.fi\/historiayhdistys\/","logo":{"@type":"ImageObject","inLanguage":"fi","@id":"http:\/\/www.rukajarvensuunnanhistoriayhdistys.fi\/historiayhdistys\/#\/schema\/logo\/image\/","url":"http:\/\/www.rukajarvensuunnanhistoriayhdistys.fi\/historiayhdistys\/wp-content\/uploads\/2013\/12\/Otsake_3.jpg","contentUrl":"http:\/\/www.rukajarvensuunnanhistoriayhdistys.fi\/historiayhdistys\/wp-content\/uploads\/2013\/12\/Otsake_3.jpg","width":1000,"height":442,"caption":"Rukaj\u00e4rven suunnan historiayhdistys"},"image":{"@id":"http:\/\/www.rukajarvensuunnanhistoriayhdistys.fi\/historiayhdistys\/#\/schema\/logo\/image\/"}},{"@type":"Person","@id":"http:\/\/www.rukajarvensuunnanhistoriayhdistys.fi\/historiayhdistys\/#\/schema\/person\/19de7db68bf72dfd2b5d7f6dfbf8454d","name":"RSHY","image":{"@type":"ImageObject","inLanguage":"fi","@id":"https:\/\/secure.gravatar.com\/avatar\/598d59263a69cc8de65fcb4f9db78d6f58c098cb0e0ba22d73377441af9fa04c?s=96&d=blank&r=g","url":"https:\/\/secure.gravatar.com\/avatar\/598d59263a69cc8de65fcb4f9db78d6f58c098cb0e0ba22d73377441af9fa04c?s=96&d=blank&r=g","contentUrl":"https:\/\/secure.gravatar.com\/avatar\/598d59263a69cc8de65fcb4f9db78d6f58c098cb0e0ba22d73377441af9fa04c?s=96&d=blank&r=g","caption":"RSHY"},"url":"http:\/\/www.rukajarvensuunnanhistoriayhdistys.fi\/historiayhdistys\/author\/rshy\/"}]}},"_links":{"self":[{"href":"http:\/\/www.rukajarvensuunnanhistoriayhdistys.fi\/historiayhdistys\/wp-json\/wp\/v2\/posts\/9457","targetHints":{"allow":["GET"]}}],"collection":[{"href":"http:\/\/www.rukajarvensuunnanhistoriayhdistys.fi\/historiayhdistys\/wp-json\/wp\/v2\/posts"}],"about":[{"href":"http:\/\/www.rukajarvensuunnanhistoriayhdistys.fi\/historiayhdistys\/wp-json\/wp\/v2\/types\/post"}],"author":[{"embeddable":true,"href":"http:\/\/www.rukajarvensuunnanhistoriayhdistys.fi\/historiayhdistys\/wp-json\/wp\/v2\/users\/3"}],"replies":[{"embeddable":true,"href":"http:\/\/www.rukajarvensuunnanhistoriayhdistys.fi\/historiayhdistys\/wp-json\/wp\/v2\/comments?post=9457"}],"version-history":[{"count":3,"href":"http:\/\/www.rukajarvensuunnanhistoriayhdistys.fi\/historiayhdistys\/wp-json\/wp\/v2\/posts\/9457\/revisions"}],"predecessor-version":[{"id":9462,"href":"http:\/\/www.rukajarvensuunnanhistoriayhdistys.fi\/historiayhdistys\/wp-json\/wp\/v2\/posts\/9457\/revisions\/9462"}],"wp:featuredmedia":[{"embeddable":true,"href":"http:\/\/www.rukajarvensuunnanhistoriayhdistys.fi\/historiayhdistys\/wp-json\/wp\/v2\/media\/9458"}],"wp:attachment":[{"href":"http:\/\/www.rukajarvensuunnanhistoriayhdistys.fi\/historiayhdistys\/wp-json\/wp\/v2\/media?parent=9457"}],"wp:term":[{"taxonomy":"category","embeddable":true,"href":"http:\/\/www.rukajarvensuunnanhistoriayhdistys.fi\/historiayhdistys\/wp-json\/wp\/v2\/categories?post=9457"},{"taxonomy":"post_tag","embeddable":true,"href":"http:\/\/www.rukajarvensuunnanhistoriayhdistys.fi\/historiayhdistys\/wp-json\/wp\/v2\/tags?post=9457"}],"curies":[{"name":"wp","href":"https:\/\/api.w.org\/{rel}","templated":true}]}}