{"id":9463,"date":"2014-11-07T17:47:32","date_gmt":"2014-11-07T15:47:32","guid":{"rendered":"http:\/\/www.rukajarvensuunnanhistoriayhdistys.fi\/historiayhdistys\/?p=9463"},"modified":"2014-11-07T21:52:31","modified_gmt":"2014-11-07T19:52:31","slug":"jukolan-motin-kotakeittio-etsii-paikkaansa","status":"publish","type":"post","link":"http:\/\/www.rukajarvensuunnanhistoriayhdistys.fi\/historiayhdistys\/jukolan-motin-kotakeittio-etsii-paikkaansa\/","title":{"rendered":"Jukolan Motin kotakeitti\u00f6 etsii paikkaansa"},"content":{"rendered":"<div class=\"fcbkbttn_buttons_block\" id=\"fcbkbttn_left\"><div class=\"fcbkbttn_like \"><fb:like href=\"http:\/\/www.rukajarvensuunnanhistoriayhdistys.fi\/historiayhdistys\/jukolan-motin-kotakeittio-etsii-paikkaansa\/\" action=\"like\" colorscheme=\"light\" layout=\"button_count\"  size=\"small\"><\/fb:like><\/div><\/div><p>T\u00e4n\u00e4\u00e4n tuotiin Jukolan Mottiin Kotakeitti\u00f6. Se on nyt asennusta vaille valmis, paikkaa haetaan. Heikki Turunen valmistelee kuntoon\u00a0savutorvet ja l\u00e4piviennit, jotka pit\u00e4\u00e4 lieritt\u00e4\u00e4 ja ruostesuojata. Kotakeitti\u00f6 on Pislan\u00a0tuote, jota\u00a0suositteli Rukaj\u00e4rven tie elokuvan p\u00e4\u00e4henkil\u00f6 Peter Franzen. Kotakeitti\u00f6n paikka tulee sovittaa siten, ettei se\u00a0tuota vaaraa k\u00e4ytt\u00e4jille. T\u00e4ll\u00e4 huipputuotteella onnistuu makkaran ja r\u00e4isk\u00e4leitten paisto, kalojen loimuttaminen ja tietysti kahvinkeitto perinteiseen tapaan &#8221;nokipannulla&#8221;.<\/p>\n<figure id=\"attachment_9467\" aria-describedby=\"caption-attachment-9467\" style=\"width: 1754px\" class=\"wp-caption alignnone\"><a href=\"http:\/\/www.rukajarvensuunnanhistoriayhdistys.fi\/historiayhdistys\/wp-content\/uploads\/2014\/11\/Jukolan-Motti-07-11-2014-2.jpg\"><img loading=\"lazy\" decoding=\"async\" class=\"wp-image-9467 size-full\" src=\"http:\/\/www.rukajarvensuunnanhistoriayhdistys.fi\/historiayhdistys\/wp-content\/uploads\/2014\/11\/Jukolan-Motti-07-11-2014-2.jpg\" alt=\"Matti Kilpel\u00e4inen, Eero Kortelainen, Esa Muikku,  Pekka Turunen, Jari Leivo ja Jani Sormunen.\" width=\"1754\" height=\"1240\" data-id=\"9467\" srcset=\"http:\/\/www.rukajarvensuunnanhistoriayhdistys.fi\/historiayhdistys\/wp-content\/uploads\/2014\/11\/Jukolan-Motti-07-11-2014-2.jpg 1754w, http:\/\/www.rukajarvensuunnanhistoriayhdistys.fi\/historiayhdistys\/wp-content\/uploads\/2014\/11\/Jukolan-Motti-07-11-2014-2-300x212.jpg 300w, http:\/\/www.rukajarvensuunnanhistoriayhdistys.fi\/historiayhdistys\/wp-content\/uploads\/2014\/11\/Jukolan-Motti-07-11-2014-2-1024x723.jpg 1024w\" sizes=\"auto, (max-width: 1754px) 100vw, 1754px\" \/><\/a><figcaption id=\"caption-attachment-9467\" class=\"wp-caption-text\">Matti Kilpel\u00e4inen, Eero Kortelainen, Esa Muikku, Pekka Turunen, Jari Leivo ja Jani Sormunen.<\/figcaption><\/figure>\n<figure id=\"attachment_9466\" aria-describedby=\"caption-attachment-9466\" style=\"width: 1754px\" class=\"wp-caption alignnone\"><a href=\"http:\/\/www.rukajarvensuunnanhistoriayhdistys.fi\/historiayhdistys\/wp-content\/uploads\/2014\/11\/Jukolan-Motti-07-11-2014-1.jpg\"><img loading=\"lazy\" decoding=\"async\" class=\"wp-image-9466 size-full\" src=\"http:\/\/www.rukajarvensuunnanhistoriayhdistys.fi\/historiayhdistys\/wp-content\/uploads\/2014\/11\/Jukolan-Motti-07-11-2014-1.jpg\" alt=\"Ty\u00f6maalla tarjolla t\u00e4n\u00e4\u00e4n &quot;nokipannukahvit&quot;. Jani Sormunen, Eero Kortelainen, Jari Leivo ja Matti Kemil\u00e4inen\" width=\"1754\" height=\"1240\" data-id=\"9466\" srcset=\"http:\/\/www.rukajarvensuunnanhistoriayhdistys.fi\/historiayhdistys\/wp-content\/uploads\/2014\/11\/Jukolan-Motti-07-11-2014-1.jpg 1754w, http:\/\/www.rukajarvensuunnanhistoriayhdistys.fi\/historiayhdistys\/wp-content\/uploads\/2014\/11\/Jukolan-Motti-07-11-2014-1-300x212.jpg 300w, http:\/\/www.rukajarvensuunnanhistoriayhdistys.fi\/historiayhdistys\/wp-content\/uploads\/2014\/11\/Jukolan-Motti-07-11-2014-1-1024x723.jpg 1024w\" sizes=\"auto, (max-width: 1754px) 100vw, 1754px\" \/><\/a><figcaption id=\"caption-attachment-9466\" class=\"wp-caption-text\">Ty\u00f6maalla tarjolla t\u00e4n\u00e4\u00e4n &#8221;nokipannukahvit&#8221; ne keitettiin viel\u00e4 ulkosalla. Vasemmalta \u00a0Jani Sormunen, Eero Kortelainen, Jari Leivo ja Matti Kemil\u00e4inen.<\/figcaption><\/figure>\n<figure id=\"attachment_9464\" aria-describedby=\"caption-attachment-9464\" style=\"width: 1754px\" class=\"wp-caption alignnone\"><a href=\"http:\/\/www.rukajarvensuunnanhistoriayhdistys.fi\/historiayhdistys\/wp-content\/uploads\/2014\/11\/Jukolan-Motti-07-11-2014-3.jpg\"><img loading=\"lazy\" decoding=\"async\" class=\"wp-image-9464 size-full\" src=\"http:\/\/www.rukajarvensuunnanhistoriayhdistys.fi\/historiayhdistys\/wp-content\/uploads\/2014\/11\/Jukolan-Motti-07-11-2014-3.jpg\" alt=\"Kodan kattamista varten on tehty hyv\u00e4t telineet ymp\u00e4ri rakennuksen.\" width=\"1754\" height=\"1240\" data-id=\"9464\" srcset=\"http:\/\/www.rukajarvensuunnanhistoriayhdistys.fi\/historiayhdistys\/wp-content\/uploads\/2014\/11\/Jukolan-Motti-07-11-2014-3.jpg 1754w, http:\/\/www.rukajarvensuunnanhistoriayhdistys.fi\/historiayhdistys\/wp-content\/uploads\/2014\/11\/Jukolan-Motti-07-11-2014-3-300x212.jpg 300w, http:\/\/www.rukajarvensuunnanhistoriayhdistys.fi\/historiayhdistys\/wp-content\/uploads\/2014\/11\/Jukolan-Motti-07-11-2014-3-1024x723.jpg 1024w\" sizes=\"auto, (max-width: 1754px) 100vw, 1754px\" \/><\/a><figcaption id=\"caption-attachment-9464\" class=\"wp-caption-text\">Kodan kattamista varten on tehty hyv\u00e4t telineet ymp\u00e4ri rakennuksen.<\/figcaption><\/figure>\n<figure id=\"attachment_9465\" aria-describedby=\"caption-attachment-9465\" style=\"width: 1754px\" class=\"wp-caption alignnone\"><a href=\"http:\/\/www.rukajarvensuunnanhistoriayhdistys.fi\/historiayhdistys\/wp-content\/uploads\/2014\/11\/Jukolan-Motti-07-11-2014-4.jpg\"><img loading=\"lazy\" decoding=\"async\" class=\"wp-image-9465 size-full\" src=\"http:\/\/www.rukajarvensuunnanhistoriayhdistys.fi\/historiayhdistys\/wp-content\/uploads\/2014\/11\/Jukolan-Motti-07-11-2014-4.jpg\" alt=\"P\u00e4\u00e4sis\u00e4\u00e4nk\u00e4ynti. Kodan katto valmis kuudelta sivulta. \" width=\"1754\" height=\"1240\" data-id=\"9465\" srcset=\"http:\/\/www.rukajarvensuunnanhistoriayhdistys.fi\/historiayhdistys\/wp-content\/uploads\/2014\/11\/Jukolan-Motti-07-11-2014-4.jpg 1754w, http:\/\/www.rukajarvensuunnanhistoriayhdistys.fi\/historiayhdistys\/wp-content\/uploads\/2014\/11\/Jukolan-Motti-07-11-2014-4-300x212.jpg 300w, http:\/\/www.rukajarvensuunnanhistoriayhdistys.fi\/historiayhdistys\/wp-content\/uploads\/2014\/11\/Jukolan-Motti-07-11-2014-4-1024x723.jpg 1024w\" sizes=\"auto, (max-width: 1754px) 100vw, 1754px\" \/><\/a><figcaption id=\"caption-attachment-9465\" class=\"wp-caption-text\">P\u00e4\u00e4sis\u00e4\u00e4nk\u00e4ynti. Kodan katto valmis kuudelta sivulta.<\/figcaption><\/figure>\n<p>T\u00e4n\u00e4\u00e4n saatiin kahdeksasta kattokulmasta kolme valmiiksi, joten nyt valmiita katonosin on jo kuusi. Kaksi vaikeinta on kesken. Laudat ja ty\u00f6kalut voidaan nyt sijoittaa sateensuojaan.<\/p>\n<p>Huomenna jatketaan vaikeimmilla katonosilla. Ty\u00f6maalle tulee Ossi Laine Paltamosta, Janne K\u00e4rkk\u00e4inen\u00a0Joensuusta\u00a0ja Lieksasta Hannu Huuskonen\u00a0sek\u00e4 Tenho Tikkanen. Toivottavasti j\u00e4senkuntaa tulee ty\u00f6maalle enemm\u00e4nkin. Ty\u00f6t\u00e4 n\u00e4et riitt\u00e4\u00e4 viel\u00e4 pariksi viikoksi.<\/p>\n<p>Kotiuttamiset jatkuivat 70 vuotta sitten<\/p>\n<h1>Ote sotap\u00e4iv\u00e4kirjasta (9.\/JR 10) 7.11.44<\/h1>\n<p>Aamulla l\u00e4htiv\u00e4t ensimm\u00e4iset kotiutettavat, Helsingin, Pohjois-Uudenmaan ja Pohjois-Kymenlaakson suojeluskuntapiirien miehet, yhteens\u00e4 5 miest\u00e4&#8230; Muitten kuin Kainuun suojeluskuntapiirist\u00e4 l\u00e4ht\u00f6 jatkui pienin\u00e4 ryhmin\u00e4.<\/p>\n","protected":false},"excerpt":{"rendered":"<p>T\u00e4n\u00e4\u00e4n tuotiin Jukolan Mottiin Kotakeitti\u00f6. Se on nyt asennusta vaille valmis, paikkaa haetaan. Heikki Turunen valmistelee kuntoon\u00a0savutorvet ja l\u00e4piviennit, jotka pit\u00e4\u00e4 lieritt\u00e4\u00e4 ja ruostesuojata. Kotakeitti\u00f6 on Pislan\u00a0tuote, jota\u00a0suositteli Rukaj\u00e4rven tie <a class=\"more-link\" href=\"http:\/\/www.rukajarvensuunnanhistoriayhdistys.fi\/historiayhdistys\/jukolan-motin-kotakeittio-etsii-paikkaansa\/\">Teksti jatkuu&#8230;<span class=\"screen-reader-text\">Jukolan Motin kotakeitti\u00f6 etsii paikkaansa<\/span><span class=\"meta-nav\">\u2192<\/span><\/a><\/p>\n","protected":false},"author":3,"featured_media":9466,"comment_status":"closed","ping_status":"open","sticky":false,"template":"","format":"standard","meta":{"footnotes":""},"categories":[22],"tags":[],"class_list":["post-9463","post","type-post","status-publish","format-standard","has-post-thumbnail","hentry","category-ajankohtaista"],"yoast_head":"<!-- This site is optimized with the Yoast SEO plugin v27.4 - https:\/\/yoast.com\/product\/yoast-seo-wordpress\/ -->\n<title>Jukolan Motin kotakeitti\u00f6 etsii paikkaansa - Rukaj\u00e4rven suunnan historiayhdistys<\/title>\n<meta name=\"robots\" content=\"index, follow, max-snippet:-1, max-image-preview:large, max-video-preview:-1\" \/>\n<link rel=\"canonical\" href=\"http:\/\/www.rukajarvensuunnanhistoriayhdistys.fi\/historiayhdistys\/jukolan-motin-kotakeittio-etsii-paikkaansa\/\" \/>\n<meta property=\"og:locale\" content=\"fi_FI\" \/>\n<meta property=\"og:type\" content=\"article\" \/>\n<meta property=\"og:title\" content=\"Jukolan Motin kotakeitti\u00f6 etsii paikkaansa - Rukaj\u00e4rven suunnan historiayhdistys\" \/>\n<meta property=\"og:description\" content=\"T\u00e4n\u00e4\u00e4n tuotiin Jukolan Mottiin Kotakeitti\u00f6. Se on nyt asennusta vaille valmis, paikkaa haetaan. Heikki Turunen valmistelee kuntoon\u00a0savutorvet ja l\u00e4piviennit, jotka pit\u00e4\u00e4 lieritt\u00e4\u00e4 ja ruostesuojata. Kotakeitti\u00f6 on Pislan\u00a0tuote, jota\u00a0suositteli Rukaj\u00e4rven tie Teksti jatkuu...Jukolan Motin kotakeitti\u00f6 etsii paikkaansa\u2192\" \/>\n<meta property=\"og:url\" content=\"http:\/\/www.rukajarvensuunnanhistoriayhdistys.fi\/historiayhdistys\/jukolan-motin-kotakeittio-etsii-paikkaansa\/\" \/>\n<meta property=\"og:site_name\" content=\"Rukaj\u00e4rven suunnan historiayhdistys\" \/>\n<meta property=\"article:published_time\" content=\"2014-11-07T15:47:32+00:00\" \/>\n<meta property=\"article:modified_time\" content=\"2014-11-07T19:52:31+00:00\" \/>\n<meta property=\"og:image\" content=\"http:\/\/www.rukajarvensuunnanhistoriayhdistys.fi\/historiayhdistys\/wp-content\/uploads\/2014\/11\/Jukolan-Motti-07-11-2014-1.jpg\" \/>\n\t<meta property=\"og:image:width\" content=\"1754\" \/>\n\t<meta property=\"og:image:height\" content=\"1240\" \/>\n\t<meta property=\"og:image:type\" content=\"image\/jpeg\" \/>\n<meta name=\"author\" content=\"RSHY\" \/>\n<meta name=\"twitter:label1\" content=\"Kirjoittanut\" \/>\n\t<meta name=\"twitter:data1\" content=\"RSHY\" \/>\n\t<meta name=\"twitter:label2\" content=\"Arvioitu lukuaika\" \/>\n\t<meta name=\"twitter:data2\" content=\"1 minuutti\" \/>\n<script type=\"application\/ld+json\" class=\"yoast-schema-graph\">{\"@context\":\"https:\\\/\\\/schema.org\",\"@graph\":[{\"@type\":\"Article\",\"@id\":\"http:\\\/\\\/www.rukajarvensuunnanhistoriayhdistys.fi\\\/historiayhdistys\\\/jukolan-motin-kotakeittio-etsii-paikkaansa\\\/#article\",\"isPartOf\":{\"@id\":\"http:\\\/\\\/www.rukajarvensuunnanhistoriayhdistys.fi\\\/historiayhdistys\\\/jukolan-motin-kotakeittio-etsii-paikkaansa\\\/\"},\"author\":{\"name\":\"RSHY\",\"@id\":\"http:\\\/\\\/www.rukajarvensuunnanhistoriayhdistys.fi\\\/historiayhdistys\\\/#\\\/schema\\\/person\\\/19de7db68bf72dfd2b5d7f6dfbf8454d\"},\"headline\":\"Jukolan Motin kotakeitti\u00f6 etsii paikkaansa\",\"datePublished\":\"2014-11-07T15:47:32+00:00\",\"dateModified\":\"2014-11-07T19:52:31+00:00\",\"mainEntityOfPage\":{\"@id\":\"http:\\\/\\\/www.rukajarvensuunnanhistoriayhdistys.fi\\\/historiayhdistys\\\/jukolan-motin-kotakeittio-etsii-paikkaansa\\\/\"},\"wordCount\":260,\"publisher\":{\"@id\":\"http:\\\/\\\/www.rukajarvensuunnanhistoriayhdistys.fi\\\/historiayhdistys\\\/#organization\"},\"image\":{\"@id\":\"http:\\\/\\\/www.rukajarvensuunnanhistoriayhdistys.fi\\\/historiayhdistys\\\/jukolan-motin-kotakeittio-etsii-paikkaansa\\\/#primaryimage\"},\"thumbnailUrl\":\"http:\\\/\\\/www.rukajarvensuunnanhistoriayhdistys.fi\\\/historiayhdistys\\\/wp-content\\\/uploads\\\/2014\\\/11\\\/Jukolan-Motti-07-11-2014-1.jpg\",\"articleSection\":[\"Ajankohtaista\"],\"inLanguage\":\"fi\"},{\"@type\":\"WebPage\",\"@id\":\"http:\\\/\\\/www.rukajarvensuunnanhistoriayhdistys.fi\\\/historiayhdistys\\\/jukolan-motin-kotakeittio-etsii-paikkaansa\\\/\",\"url\":\"http:\\\/\\\/www.rukajarvensuunnanhistoriayhdistys.fi\\\/historiayhdistys\\\/jukolan-motin-kotakeittio-etsii-paikkaansa\\\/\",\"name\":\"Jukolan Motin kotakeitti\u00f6 etsii paikkaansa - Rukaj\u00e4rven suunnan historiayhdistys\",\"isPartOf\":{\"@id\":\"http:\\\/\\\/www.rukajarvensuunnanhistoriayhdistys.fi\\\/historiayhdistys\\\/#website\"},\"primaryImageOfPage\":{\"@id\":\"http:\\\/\\\/www.rukajarvensuunnanhistoriayhdistys.fi\\\/historiayhdistys\\\/jukolan-motin-kotakeittio-etsii-paikkaansa\\\/#primaryimage\"},\"image\":{\"@id\":\"http:\\\/\\\/www.rukajarvensuunnanhistoriayhdistys.fi\\\/historiayhdistys\\\/jukolan-motin-kotakeittio-etsii-paikkaansa\\\/#primaryimage\"},\"thumbnailUrl\":\"http:\\\/\\\/www.rukajarvensuunnanhistoriayhdistys.fi\\\/historiayhdistys\\\/wp-content\\\/uploads\\\/2014\\\/11\\\/Jukolan-Motti-07-11-2014-1.jpg\",\"datePublished\":\"2014-11-07T15:47:32+00:00\",\"dateModified\":\"2014-11-07T19:52:31+00:00\",\"breadcrumb\":{\"@id\":\"http:\\\/\\\/www.rukajarvensuunnanhistoriayhdistys.fi\\\/historiayhdistys\\\/jukolan-motin-kotakeittio-etsii-paikkaansa\\\/#breadcrumb\"},\"inLanguage\":\"fi\",\"potentialAction\":[{\"@type\":\"ReadAction\",\"target\":[\"http:\\\/\\\/www.rukajarvensuunnanhistoriayhdistys.fi\\\/historiayhdistys\\\/jukolan-motin-kotakeittio-etsii-paikkaansa\\\/\"]}]},{\"@type\":\"ImageObject\",\"inLanguage\":\"fi\",\"@id\":\"http:\\\/\\\/www.rukajarvensuunnanhistoriayhdistys.fi\\\/historiayhdistys\\\/jukolan-motin-kotakeittio-etsii-paikkaansa\\\/#primaryimage\",\"url\":\"http:\\\/\\\/www.rukajarvensuunnanhistoriayhdistys.fi\\\/historiayhdistys\\\/wp-content\\\/uploads\\\/2014\\\/11\\\/Jukolan-Motti-07-11-2014-1.jpg\",\"contentUrl\":\"http:\\\/\\\/www.rukajarvensuunnanhistoriayhdistys.fi\\\/historiayhdistys\\\/wp-content\\\/uploads\\\/2014\\\/11\\\/Jukolan-Motti-07-11-2014-1.jpg\",\"width\":1754,\"height\":1240,\"caption\":\"Ty\u00f6maalla tarjolla t\u00e4n\u00e4\u00e4n \\\"nokipannukahvit\\\". Jani Sormunen, Eero Kortelainen, Jari Leivo ja Matti Kemil\u00e4inen\"},{\"@type\":\"BreadcrumbList\",\"@id\":\"http:\\\/\\\/www.rukajarvensuunnanhistoriayhdistys.fi\\\/historiayhdistys\\\/jukolan-motin-kotakeittio-etsii-paikkaansa\\\/#breadcrumb\",\"itemListElement\":[{\"@type\":\"ListItem\",\"position\":1,\"name\":\"Etusivu\",\"item\":\"http:\\\/\\\/www.rukajarvensuunnanhistoriayhdistys.fi\\\/historiayhdistys\\\/\"},{\"@type\":\"ListItem\",\"position\":2,\"name\":\"Jukolan Motin kotakeitti\u00f6 etsii paikkaansa\"}]},{\"@type\":\"WebSite\",\"@id\":\"http:\\\/\\\/www.rukajarvensuunnanhistoriayhdistys.fi\\\/historiayhdistys\\\/#website\",\"url\":\"http:\\\/\\\/www.rukajarvensuunnanhistoriayhdistys.fi\\\/historiayhdistys\\\/\",\"name\":\"Rukaj\u00e4rven suunnan historiayhdistys\",\"description\":\"Rukaj\u00e4rven suunnan historiayhdistyksen verkkosivut.\",\"publisher\":{\"@id\":\"http:\\\/\\\/www.rukajarvensuunnanhistoriayhdistys.fi\\\/historiayhdistys\\\/#organization\"},\"potentialAction\":[{\"@type\":\"SearchAction\",\"target\":{\"@type\":\"EntryPoint\",\"urlTemplate\":\"http:\\\/\\\/www.rukajarvensuunnanhistoriayhdistys.fi\\\/historiayhdistys\\\/?s={search_term_string}\"},\"query-input\":{\"@type\":\"PropertyValueSpecification\",\"valueRequired\":true,\"valueName\":\"search_term_string\"}}],\"inLanguage\":\"fi\"},{\"@type\":\"Organization\",\"@id\":\"http:\\\/\\\/www.rukajarvensuunnanhistoriayhdistys.fi\\\/historiayhdistys\\\/#organization\",\"name\":\"Rukaj\u00e4rven suunnan historiayhdistys\",\"url\":\"http:\\\/\\\/www.rukajarvensuunnanhistoriayhdistys.fi\\\/historiayhdistys\\\/\",\"logo\":{\"@type\":\"ImageObject\",\"inLanguage\":\"fi\",\"@id\":\"http:\\\/\\\/www.rukajarvensuunnanhistoriayhdistys.fi\\\/historiayhdistys\\\/#\\\/schema\\\/logo\\\/image\\\/\",\"url\":\"http:\\\/\\\/www.rukajarvensuunnanhistoriayhdistys.fi\\\/historiayhdistys\\\/wp-content\\\/uploads\\\/2013\\\/12\\\/Otsake_3.jpg\",\"contentUrl\":\"http:\\\/\\\/www.rukajarvensuunnanhistoriayhdistys.fi\\\/historiayhdistys\\\/wp-content\\\/uploads\\\/2013\\\/12\\\/Otsake_3.jpg\",\"width\":1000,\"height\":442,\"caption\":\"Rukaj\u00e4rven suunnan historiayhdistys\"},\"image\":{\"@id\":\"http:\\\/\\\/www.rukajarvensuunnanhistoriayhdistys.fi\\\/historiayhdistys\\\/#\\\/schema\\\/logo\\\/image\\\/\"}},{\"@type\":\"Person\",\"@id\":\"http:\\\/\\\/www.rukajarvensuunnanhistoriayhdistys.fi\\\/historiayhdistys\\\/#\\\/schema\\\/person\\\/19de7db68bf72dfd2b5d7f6dfbf8454d\",\"name\":\"RSHY\",\"image\":{\"@type\":\"ImageObject\",\"inLanguage\":\"fi\",\"@id\":\"https:\\\/\\\/secure.gravatar.com\\\/avatar\\\/598d59263a69cc8de65fcb4f9db78d6f58c098cb0e0ba22d73377441af9fa04c?s=96&d=blank&r=g\",\"url\":\"https:\\\/\\\/secure.gravatar.com\\\/avatar\\\/598d59263a69cc8de65fcb4f9db78d6f58c098cb0e0ba22d73377441af9fa04c?s=96&d=blank&r=g\",\"contentUrl\":\"https:\\\/\\\/secure.gravatar.com\\\/avatar\\\/598d59263a69cc8de65fcb4f9db78d6f58c098cb0e0ba22d73377441af9fa04c?s=96&d=blank&r=g\",\"caption\":\"RSHY\"},\"url\":\"http:\\\/\\\/www.rukajarvensuunnanhistoriayhdistys.fi\\\/historiayhdistys\\\/author\\\/rshy\\\/\"}]}<\/script>\n<!-- \/ Yoast SEO plugin. -->","yoast_head_json":{"title":"Jukolan Motin kotakeitti\u00f6 etsii paikkaansa - Rukaj\u00e4rven suunnan historiayhdistys","robots":{"index":"index","follow":"follow","max-snippet":"max-snippet:-1","max-image-preview":"max-image-preview:large","max-video-preview":"max-video-preview:-1"},"canonical":"http:\/\/www.rukajarvensuunnanhistoriayhdistys.fi\/historiayhdistys\/jukolan-motin-kotakeittio-etsii-paikkaansa\/","og_locale":"fi_FI","og_type":"article","og_title":"Jukolan Motin kotakeitti\u00f6 etsii paikkaansa - Rukaj\u00e4rven suunnan historiayhdistys","og_description":"T\u00e4n\u00e4\u00e4n tuotiin Jukolan Mottiin Kotakeitti\u00f6. Se on nyt asennusta vaille valmis, paikkaa haetaan. Heikki Turunen valmistelee kuntoon\u00a0savutorvet ja l\u00e4piviennit, jotka pit\u00e4\u00e4 lieritt\u00e4\u00e4 ja ruostesuojata. Kotakeitti\u00f6 on Pislan\u00a0tuote, jota\u00a0suositteli Rukaj\u00e4rven tie Teksti jatkuu...Jukolan Motin kotakeitti\u00f6 etsii paikkaansa\u2192","og_url":"http:\/\/www.rukajarvensuunnanhistoriayhdistys.fi\/historiayhdistys\/jukolan-motin-kotakeittio-etsii-paikkaansa\/","og_site_name":"Rukaj\u00e4rven suunnan historiayhdistys","article_published_time":"2014-11-07T15:47:32+00:00","article_modified_time":"2014-11-07T19:52:31+00:00","og_image":[{"width":1754,"height":1240,"url":"http:\/\/www.rukajarvensuunnanhistoriayhdistys.fi\/historiayhdistys\/wp-content\/uploads\/2014\/11\/Jukolan-Motti-07-11-2014-1.jpg","type":"image\/jpeg"}],"author":"RSHY","twitter_misc":{"Kirjoittanut":"RSHY","Arvioitu lukuaika":"1 minuutti"},"schema":{"@context":"https:\/\/schema.org","@graph":[{"@type":"Article","@id":"http:\/\/www.rukajarvensuunnanhistoriayhdistys.fi\/historiayhdistys\/jukolan-motin-kotakeittio-etsii-paikkaansa\/#article","isPartOf":{"@id":"http:\/\/www.rukajarvensuunnanhistoriayhdistys.fi\/historiayhdistys\/jukolan-motin-kotakeittio-etsii-paikkaansa\/"},"author":{"name":"RSHY","@id":"http:\/\/www.rukajarvensuunnanhistoriayhdistys.fi\/historiayhdistys\/#\/schema\/person\/19de7db68bf72dfd2b5d7f6dfbf8454d"},"headline":"Jukolan Motin kotakeitti\u00f6 etsii paikkaansa","datePublished":"2014-11-07T15:47:32+00:00","dateModified":"2014-11-07T19:52:31+00:00","mainEntityOfPage":{"@id":"http:\/\/www.rukajarvensuunnanhistoriayhdistys.fi\/historiayhdistys\/jukolan-motin-kotakeittio-etsii-paikkaansa\/"},"wordCount":260,"publisher":{"@id":"http:\/\/www.rukajarvensuunnanhistoriayhdistys.fi\/historiayhdistys\/#organization"},"image":{"@id":"http:\/\/www.rukajarvensuunnanhistoriayhdistys.fi\/historiayhdistys\/jukolan-motin-kotakeittio-etsii-paikkaansa\/#primaryimage"},"thumbnailUrl":"http:\/\/www.rukajarvensuunnanhistoriayhdistys.fi\/historiayhdistys\/wp-content\/uploads\/2014\/11\/Jukolan-Motti-07-11-2014-1.jpg","articleSection":["Ajankohtaista"],"inLanguage":"fi"},{"@type":"WebPage","@id":"http:\/\/www.rukajarvensuunnanhistoriayhdistys.fi\/historiayhdistys\/jukolan-motin-kotakeittio-etsii-paikkaansa\/","url":"http:\/\/www.rukajarvensuunnanhistoriayhdistys.fi\/historiayhdistys\/jukolan-motin-kotakeittio-etsii-paikkaansa\/","name":"Jukolan Motin kotakeitti\u00f6 etsii paikkaansa - Rukaj\u00e4rven suunnan historiayhdistys","isPartOf":{"@id":"http:\/\/www.rukajarvensuunnanhistoriayhdistys.fi\/historiayhdistys\/#website"},"primaryImageOfPage":{"@id":"http:\/\/www.rukajarvensuunnanhistoriayhdistys.fi\/historiayhdistys\/jukolan-motin-kotakeittio-etsii-paikkaansa\/#primaryimage"},"image":{"@id":"http:\/\/www.rukajarvensuunnanhistoriayhdistys.fi\/historiayhdistys\/jukolan-motin-kotakeittio-etsii-paikkaansa\/#primaryimage"},"thumbnailUrl":"http:\/\/www.rukajarvensuunnanhistoriayhdistys.fi\/historiayhdistys\/wp-content\/uploads\/2014\/11\/Jukolan-Motti-07-11-2014-1.jpg","datePublished":"2014-11-07T15:47:32+00:00","dateModified":"2014-11-07T19:52:31+00:00","breadcrumb":{"@id":"http:\/\/www.rukajarvensuunnanhistoriayhdistys.fi\/historiayhdistys\/jukolan-motin-kotakeittio-etsii-paikkaansa\/#breadcrumb"},"inLanguage":"fi","potentialAction":[{"@type":"ReadAction","target":["http:\/\/www.rukajarvensuunnanhistoriayhdistys.fi\/historiayhdistys\/jukolan-motin-kotakeittio-etsii-paikkaansa\/"]}]},{"@type":"ImageObject","inLanguage":"fi","@id":"http:\/\/www.rukajarvensuunnanhistoriayhdistys.fi\/historiayhdistys\/jukolan-motin-kotakeittio-etsii-paikkaansa\/#primaryimage","url":"http:\/\/www.rukajarvensuunnanhistoriayhdistys.fi\/historiayhdistys\/wp-content\/uploads\/2014\/11\/Jukolan-Motti-07-11-2014-1.jpg","contentUrl":"http:\/\/www.rukajarvensuunnanhistoriayhdistys.fi\/historiayhdistys\/wp-content\/uploads\/2014\/11\/Jukolan-Motti-07-11-2014-1.jpg","width":1754,"height":1240,"caption":"Ty\u00f6maalla tarjolla t\u00e4n\u00e4\u00e4n \"nokipannukahvit\". Jani Sormunen, Eero Kortelainen, Jari Leivo ja Matti Kemil\u00e4inen"},{"@type":"BreadcrumbList","@id":"http:\/\/www.rukajarvensuunnanhistoriayhdistys.fi\/historiayhdistys\/jukolan-motin-kotakeittio-etsii-paikkaansa\/#breadcrumb","itemListElement":[{"@type":"ListItem","position":1,"name":"Etusivu","item":"http:\/\/www.rukajarvensuunnanhistoriayhdistys.fi\/historiayhdistys\/"},{"@type":"ListItem","position":2,"name":"Jukolan Motin kotakeitti\u00f6 etsii paikkaansa"}]},{"@type":"WebSite","@id":"http:\/\/www.rukajarvensuunnanhistoriayhdistys.fi\/historiayhdistys\/#website","url":"http:\/\/www.rukajarvensuunnanhistoriayhdistys.fi\/historiayhdistys\/","name":"Rukaj\u00e4rven suunnan historiayhdistys","description":"Rukaj\u00e4rven suunnan historiayhdistyksen verkkosivut.","publisher":{"@id":"http:\/\/www.rukajarvensuunnanhistoriayhdistys.fi\/historiayhdistys\/#organization"},"potentialAction":[{"@type":"SearchAction","target":{"@type":"EntryPoint","urlTemplate":"http:\/\/www.rukajarvensuunnanhistoriayhdistys.fi\/historiayhdistys\/?s={search_term_string}"},"query-input":{"@type":"PropertyValueSpecification","valueRequired":true,"valueName":"search_term_string"}}],"inLanguage":"fi"},{"@type":"Organization","@id":"http:\/\/www.rukajarvensuunnanhistoriayhdistys.fi\/historiayhdistys\/#organization","name":"Rukaj\u00e4rven suunnan historiayhdistys","url":"http:\/\/www.rukajarvensuunnanhistoriayhdistys.fi\/historiayhdistys\/","logo":{"@type":"ImageObject","inLanguage":"fi","@id":"http:\/\/www.rukajarvensuunnanhistoriayhdistys.fi\/historiayhdistys\/#\/schema\/logo\/image\/","url":"http:\/\/www.rukajarvensuunnanhistoriayhdistys.fi\/historiayhdistys\/wp-content\/uploads\/2013\/12\/Otsake_3.jpg","contentUrl":"http:\/\/www.rukajarvensuunnanhistoriayhdistys.fi\/historiayhdistys\/wp-content\/uploads\/2013\/12\/Otsake_3.jpg","width":1000,"height":442,"caption":"Rukaj\u00e4rven suunnan historiayhdistys"},"image":{"@id":"http:\/\/www.rukajarvensuunnanhistoriayhdistys.fi\/historiayhdistys\/#\/schema\/logo\/image\/"}},{"@type":"Person","@id":"http:\/\/www.rukajarvensuunnanhistoriayhdistys.fi\/historiayhdistys\/#\/schema\/person\/19de7db68bf72dfd2b5d7f6dfbf8454d","name":"RSHY","image":{"@type":"ImageObject","inLanguage":"fi","@id":"https:\/\/secure.gravatar.com\/avatar\/598d59263a69cc8de65fcb4f9db78d6f58c098cb0e0ba22d73377441af9fa04c?s=96&d=blank&r=g","url":"https:\/\/secure.gravatar.com\/avatar\/598d59263a69cc8de65fcb4f9db78d6f58c098cb0e0ba22d73377441af9fa04c?s=96&d=blank&r=g","contentUrl":"https:\/\/secure.gravatar.com\/avatar\/598d59263a69cc8de65fcb4f9db78d6f58c098cb0e0ba22d73377441af9fa04c?s=96&d=blank&r=g","caption":"RSHY"},"url":"http:\/\/www.rukajarvensuunnanhistoriayhdistys.fi\/historiayhdistys\/author\/rshy\/"}]}},"_links":{"self":[{"href":"http:\/\/www.rukajarvensuunnanhistoriayhdistys.fi\/historiayhdistys\/wp-json\/wp\/v2\/posts\/9463","targetHints":{"allow":["GET"]}}],"collection":[{"href":"http:\/\/www.rukajarvensuunnanhistoriayhdistys.fi\/historiayhdistys\/wp-json\/wp\/v2\/posts"}],"about":[{"href":"http:\/\/www.rukajarvensuunnanhistoriayhdistys.fi\/historiayhdistys\/wp-json\/wp\/v2\/types\/post"}],"author":[{"embeddable":true,"href":"http:\/\/www.rukajarvensuunnanhistoriayhdistys.fi\/historiayhdistys\/wp-json\/wp\/v2\/users\/3"}],"replies":[{"embeddable":true,"href":"http:\/\/www.rukajarvensuunnanhistoriayhdistys.fi\/historiayhdistys\/wp-json\/wp\/v2\/comments?post=9463"}],"version-history":[{"count":5,"href":"http:\/\/www.rukajarvensuunnanhistoriayhdistys.fi\/historiayhdistys\/wp-json\/wp\/v2\/posts\/9463\/revisions"}],"predecessor-version":[{"id":9472,"href":"http:\/\/www.rukajarvensuunnanhistoriayhdistys.fi\/historiayhdistys\/wp-json\/wp\/v2\/posts\/9463\/revisions\/9472"}],"wp:featuredmedia":[{"embeddable":true,"href":"http:\/\/www.rukajarvensuunnanhistoriayhdistys.fi\/historiayhdistys\/wp-json\/wp\/v2\/media\/9466"}],"wp:attachment":[{"href":"http:\/\/www.rukajarvensuunnanhistoriayhdistys.fi\/historiayhdistys\/wp-json\/wp\/v2\/media?parent=9463"}],"wp:term":[{"taxonomy":"category","embeddable":true,"href":"http:\/\/www.rukajarvensuunnanhistoriayhdistys.fi\/historiayhdistys\/wp-json\/wp\/v2\/categories?post=9463"},{"taxonomy":"post_tag","embeddable":true,"href":"http:\/\/www.rukajarvensuunnanhistoriayhdistys.fi\/historiayhdistys\/wp-json\/wp\/v2\/tags?post=9463"}],"curies":[{"name":"wp","href":"https:\/\/api.w.org\/{rel}","templated":true}]}}