{"id":9473,"date":"2014-11-08T23:12:50","date_gmt":"2014-11-08T21:12:50","guid":{"rendered":"http:\/\/www.rukajarvensuunnanhistoriayhdistys.fi\/historiayhdistys\/?p=9473"},"modified":"2014-11-15T00:21:57","modified_gmt":"2014-11-14T22:21:57","slug":"jukolan-motissa-tyot-jatkuivat-tihkusateessa","status":"publish","type":"post","link":"http:\/\/www.rukajarvensuunnanhistoriayhdistys.fi\/historiayhdistys\/jukolan-motissa-tyot-jatkuivat-tihkusateessa\/","title":{"rendered":"Jukolan Motissa ty\u00f6t jatkuivat tihkusateessa"},"content":{"rendered":"<div class=\"fcbkbttn_buttons_block\" id=\"fcbkbttn_left\"><div class=\"fcbkbttn_like \"><fb:like href=\"http:\/\/www.rukajarvensuunnanhistoriayhdistys.fi\/historiayhdistys\/jukolan-motissa-tyot-jatkuivat-tihkusateessa\/\" action=\"like\" colorscheme=\"light\" layout=\"button_count\"  size=\"small\"><\/fb:like><\/div><\/div><p>T\u00e4n\u00e4\u00e4n 8.11. Jukolan motissa t\u00f6it\u00e4 jatkettiin tihkusateessa. Hienokseltaan sateli alij\u00e4\u00e4htynytt\u00e4 vett\u00e4. Se kuurasi ymp\u00e4rist\u00f6n puut valkoisiksi, laudat j\u00e4\u00e4tyiv\u00e4t.<\/p>\n<p>Talkooapua oli tullut paikalle Paltamosta yhdistyksen hallituksen j\u00e4sen Ossi Laine ja Janne K\u00e4rkk\u00e4inen Joensuusta. Pitk\u00e4 ty\u00f6p\u00e4iv\u00e4, ilta ehti pimenty\u00e4\u00a0viimeist\u00e4\u00a0p\u00e4\u00e4ty\u00e4 naulatessa.<\/p>\n<figure id=\"attachment_9476\" aria-describedby=\"caption-attachment-9476\" style=\"width: 1754px\" class=\"wp-caption alignnone\"><a href=\"http:\/\/www.rukajarvensuunnanhistoriayhdistys.fi\/historiayhdistys\/wp-content\/uploads\/2014\/11\/Jukolan-Motti-2-8-11-2014.jpg\"><img loading=\"lazy\" decoding=\"async\" class=\"wp-image-9476 size-full\" src=\"http:\/\/www.rukajarvensuunnanhistoriayhdistys.fi\/historiayhdistys\/wp-content\/uploads\/2014\/11\/Jukolan-Motti-2-8-11-2014.jpg\" alt=\"Janne K\u00e4rkk\u00e4inen ja Ossi Laine suunnittelevat kattokolmion asentamista.\" width=\"1754\" height=\"1240\" data-id=\"9476\" srcset=\"http:\/\/www.rukajarvensuunnanhistoriayhdistys.fi\/historiayhdistys\/wp-content\/uploads\/2014\/11\/Jukolan-Motti-2-8-11-2014.jpg 1754w, http:\/\/www.rukajarvensuunnanhistoriayhdistys.fi\/historiayhdistys\/wp-content\/uploads\/2014\/11\/Jukolan-Motti-2-8-11-2014-300x212.jpg 300w, http:\/\/www.rukajarvensuunnanhistoriayhdistys.fi\/historiayhdistys\/wp-content\/uploads\/2014\/11\/Jukolan-Motti-2-8-11-2014-1024x723.jpg 1024w\" sizes=\"auto, (max-width: 1754px) 100vw, 1754px\" \/><\/a><figcaption id=\"caption-attachment-9476\" class=\"wp-caption-text\">Janne K\u00e4rkk\u00e4inen ja Ossi Laine suunnittelevat kattokolmion asentamista.<\/figcaption><\/figure>\n<p>Talkooporukkaan liittyiv\u00e4t P\u00e4ivi Putkosen lis\u00e4ksi Arto R\u00e4s\u00e4nen ja Panu J\u00e4rvinen.<\/p>\n<p>P\u00e4iv\u00e4n aikana kannettiin kodan katon alle suojaan kaikki rakennustarvikkeet, joista kota sisustetaan.<\/p>\n<p>Kodan suojaksi asennettiin liiketunnistimella varustettu valo\u00a0sek\u00e4 valvontakamera ja kyltit. Heikki Turunen valmisteli kotakeitti\u00f6n savuhormit. Maanantaina ne asennetaan paikalleen.<\/p>\n<p><a href=\"http:\/\/www.rukajarvensuunnanhistoriayhdistys.fi\/historiayhdistys\/wp-content\/uploads\/2014\/11\/Jukolan-Motti-3-8-11-20141.jpg\"><img loading=\"lazy\" decoding=\"async\" class=\"alignnone wp-image-9477 size-full\" src=\"http:\/\/www.rukajarvensuunnanhistoriayhdistys.fi\/historiayhdistys\/wp-content\/uploads\/2014\/11\/Jukolan-Motti-3-8-11-20141.jpg\" alt=\"Jukolan Motti-3-8-11-2014\" width=\"1754\" height=\"1240\" data-id=\"9477\" srcset=\"http:\/\/www.rukajarvensuunnanhistoriayhdistys.fi\/historiayhdistys\/wp-content\/uploads\/2014\/11\/Jukolan-Motti-3-8-11-20141.jpg 1754w, http:\/\/www.rukajarvensuunnanhistoriayhdistys.fi\/historiayhdistys\/wp-content\/uploads\/2014\/11\/Jukolan-Motti-3-8-11-20141-300x212.jpg 300w, http:\/\/www.rukajarvensuunnanhistoriayhdistys.fi\/historiayhdistys\/wp-content\/uploads\/2014\/11\/Jukolan-Motti-3-8-11-20141-1024x723.jpg 1024w\" sizes=\"auto, (max-width: 1754px) 100vw, 1754px\" \/><\/a><\/p>\n<figure id=\"attachment_9475\" aria-describedby=\"caption-attachment-9475\" style=\"width: 1754px\" class=\"wp-caption alignnone\"><a href=\"http:\/\/www.rukajarvensuunnanhistoriayhdistys.fi\/historiayhdistys\/wp-content\/uploads\/2014\/11\/Jukolan-Motti-1-8-11-2014.jpg\"><img loading=\"lazy\" decoding=\"async\" class=\"wp-image-9475 size-full\" src=\"http:\/\/www.rukajarvensuunnanhistoriayhdistys.fi\/historiayhdistys\/wp-content\/uploads\/2014\/11\/Jukolan-Motti-1-8-11-2014.jpg\" alt=\"Er\u00e4opas Panu J\u00e4rvinen ja P\u00e4ivi Putkonen p\u00e4\u00e4siv\u00e4t testaamaan valvontalaitteita. Janne K\u00e4rkk\u00e4inen ja Ossi Laine viimeisen kattokolmion kimpussa.\" width=\"1754\" height=\"1240\" data-id=\"9475\" srcset=\"http:\/\/www.rukajarvensuunnanhistoriayhdistys.fi\/historiayhdistys\/wp-content\/uploads\/2014\/11\/Jukolan-Motti-1-8-11-2014.jpg 1754w, http:\/\/www.rukajarvensuunnanhistoriayhdistys.fi\/historiayhdistys\/wp-content\/uploads\/2014\/11\/Jukolan-Motti-1-8-11-2014-300x212.jpg 300w, http:\/\/www.rukajarvensuunnanhistoriayhdistys.fi\/historiayhdistys\/wp-content\/uploads\/2014\/11\/Jukolan-Motti-1-8-11-2014-1024x723.jpg 1024w\" sizes=\"auto, (max-width: 1754px) 100vw, 1754px\" \/><\/a><figcaption id=\"caption-attachment-9475\" class=\"wp-caption-text\">Er\u00e4opas Panu J\u00e4rvinen ja P\u00e4ivi Putkonen p\u00e4\u00e4siv\u00e4t testaamaan valvontalaitteita. Janne K\u00e4rkk\u00e4inen ja Ossi Laine sek\u00e4 Hannu Huuskonen viimeisen kattokolmion kimpussa. Kodan p\u00e4\u00e4tykolmiot ovat nyt valmiit.<\/figcaption><\/figure>\n<p>Kahvitauolla\u00a0kuultiin Hannu Huuskoselta, ett\u00e4 Motti ja Jukola sana viittaavat my\u00f6s Nurmekseen. Nurmeksessa vuosina 1934-44 suojeluskunta ja\u00a0Lottakin Sv\u00e4rd-yhdistys\u00a0toimivat Motti-nimisess\u00e4 talossa ja Nurmeksen Jukolan v. 1909 perustettu osuuskauppa on nykyisinkin tunnettu.<\/p>\n<p>Sota-aikaisia Lieksan Jukolan Motin valokuvia ei Hannukaan l\u00f6yt\u00e4nyt. Valokuvaaminen oli tuolloin alueella kielletty\u00e4 ja\u00a0ilmeisesti kieltoa my\u00f6s tarkoin noudatettiin, koska valokuvia ei viel\u00e4k\u00e4\u00e4n ole tullut esille. Niit\u00e4 haetaan aktiivisesti jatkuvasti, joita voi toimittaa yhdistyksemme puheenjohtajalle.<\/p>\n<h1>Kotiuttaminen jatkui 70 vuotta sitten.<\/h1>\n<p>Sotap\u00e4iv\u00e4kirjan (9.JR 10) mukaan Jukolan motissa 8.11.44 &#8221;Sateinen pilvinen aamu&#8221; ja Vuokattiin aiemmin siirretyt joukot l\u00e4htiv\u00e4t marssille, edess\u00e4 196 km:n marssi.\u00a0 Aselevon j\u00e4lkeist\u00e4 jalkamarssia kertyi Rukaj\u00e4rvelt\u00e4 Pielavedelle yhteens\u00e4 462 km.<\/p>\n<p>&nbsp;<\/p>\n","protected":false},"excerpt":{"rendered":"<p>T\u00e4n\u00e4\u00e4n 8.11. Jukolan motissa t\u00f6it\u00e4 jatkettiin tihkusateessa. Hienokseltaan sateli alij\u00e4\u00e4htynytt\u00e4 vett\u00e4. Se kuurasi ymp\u00e4rist\u00f6n puut valkoisiksi, laudat j\u00e4\u00e4tyiv\u00e4t. Talkooapua oli tullut paikalle Paltamosta yhdistyksen hallituksen j\u00e4sen Ossi Laine ja Janne <a class=\"more-link\" href=\"http:\/\/www.rukajarvensuunnanhistoriayhdistys.fi\/historiayhdistys\/jukolan-motissa-tyot-jatkuivat-tihkusateessa\/\">Teksti jatkuu&#8230;<span class=\"screen-reader-text\">Jukolan Motissa ty\u00f6t jatkuivat tihkusateessa<\/span><span class=\"meta-nav\">\u2192<\/span><\/a><\/p>\n","protected":false},"author":3,"featured_media":9477,"comment_status":"closed","ping_status":"open","sticky":false,"template":"","format":"standard","meta":{"footnotes":""},"categories":[22],"tags":[],"class_list":["post-9473","post","type-post","status-publish","format-standard","has-post-thumbnail","hentry","category-ajankohtaista"],"yoast_head":"<!-- This site is optimized with the Yoast SEO plugin v27.4 - https:\/\/yoast.com\/product\/yoast-seo-wordpress\/ -->\n<title>Jukolan Motissa ty\u00f6t jatkuivat tihkusateessa  - Rukaj\u00e4rven suunnan historiayhdistys<\/title>\n<meta name=\"robots\" content=\"index, follow, max-snippet:-1, max-image-preview:large, max-video-preview:-1\" \/>\n<link rel=\"canonical\" href=\"https:\/\/www.rukajarvensuunnanhistoriayhdistys.fi\/historiayhdistys\/jukolan-motissa-tyot-jatkuivat-tihkusateessa\/\" \/>\n<meta property=\"og:locale\" content=\"fi_FI\" \/>\n<meta property=\"og:type\" content=\"article\" \/>\n<meta property=\"og:title\" content=\"Jukolan Motissa ty\u00f6t jatkuivat tihkusateessa  - Rukaj\u00e4rven suunnan historiayhdistys\" \/>\n<meta property=\"og:description\" content=\"T\u00e4n\u00e4\u00e4n 8.11. Jukolan motissa t\u00f6it\u00e4 jatkettiin tihkusateessa. Hienokseltaan sateli alij\u00e4\u00e4htynytt\u00e4 vett\u00e4. Se kuurasi ymp\u00e4rist\u00f6n puut valkoisiksi, laudat j\u00e4\u00e4tyiv\u00e4t. Talkooapua oli tullut paikalle Paltamosta yhdistyksen hallituksen j\u00e4sen Ossi Laine ja Janne Teksti jatkuu...Jukolan Motissa ty\u00f6t jatkuivat tihkusateessa\u2192\" \/>\n<meta property=\"og:url\" content=\"https:\/\/www.rukajarvensuunnanhistoriayhdistys.fi\/historiayhdistys\/jukolan-motissa-tyot-jatkuivat-tihkusateessa\/\" \/>\n<meta property=\"og:site_name\" content=\"Rukaj\u00e4rven suunnan historiayhdistys\" \/>\n<meta property=\"article:published_time\" content=\"2014-11-08T21:12:50+00:00\" \/>\n<meta property=\"article:modified_time\" content=\"2014-11-14T22:21:57+00:00\" \/>\n<meta property=\"og:image\" content=\"https:\/\/www.rukajarvensuunnanhistoriayhdistys.fi\/historiayhdistys\/wp-content\/uploads\/2014\/11\/Jukolan-Motti-3-8-11-20141.jpg\" \/>\n\t<meta property=\"og:image:width\" content=\"1754\" \/>\n\t<meta property=\"og:image:height\" content=\"1240\" \/>\n\t<meta property=\"og:image:type\" content=\"image\/jpeg\" \/>\n<meta name=\"author\" content=\"RSHY\" \/>\n<meta name=\"twitter:label1\" content=\"Kirjoittanut\" \/>\n\t<meta name=\"twitter:data1\" content=\"RSHY\" \/>\n\t<meta name=\"twitter:label2\" content=\"Arvioitu lukuaika\" \/>\n\t<meta name=\"twitter:data2\" content=\"1 minuutti\" \/>\n<script type=\"application\/ld+json\" class=\"yoast-schema-graph\">{\"@context\":\"https:\\\/\\\/schema.org\",\"@graph\":[{\"@type\":\"Article\",\"@id\":\"https:\\\/\\\/www.rukajarvensuunnanhistoriayhdistys.fi\\\/historiayhdistys\\\/jukolan-motissa-tyot-jatkuivat-tihkusateessa\\\/#article\",\"isPartOf\":{\"@id\":\"https:\\\/\\\/www.rukajarvensuunnanhistoriayhdistys.fi\\\/historiayhdistys\\\/jukolan-motissa-tyot-jatkuivat-tihkusateessa\\\/\"},\"author\":{\"name\":\"RSHY\",\"@id\":\"http:\\\/\\\/www.rukajarvensuunnanhistoriayhdistys.fi\\\/historiayhdistys\\\/#\\\/schema\\\/person\\\/19de7db68bf72dfd2b5d7f6dfbf8454d\"},\"headline\":\"Jukolan Motissa ty\u00f6t jatkuivat tihkusateessa\",\"datePublished\":\"2014-11-08T21:12:50+00:00\",\"dateModified\":\"2014-11-14T22:21:57+00:00\",\"mainEntityOfPage\":{\"@id\":\"https:\\\/\\\/www.rukajarvensuunnanhistoriayhdistys.fi\\\/historiayhdistys\\\/jukolan-motissa-tyot-jatkuivat-tihkusateessa\\\/\"},\"wordCount\":277,\"publisher\":{\"@id\":\"http:\\\/\\\/www.rukajarvensuunnanhistoriayhdistys.fi\\\/historiayhdistys\\\/#organization\"},\"image\":{\"@id\":\"https:\\\/\\\/www.rukajarvensuunnanhistoriayhdistys.fi\\\/historiayhdistys\\\/jukolan-motissa-tyot-jatkuivat-tihkusateessa\\\/#primaryimage\"},\"thumbnailUrl\":\"http:\\\/\\\/www.rukajarvensuunnanhistoriayhdistys.fi\\\/historiayhdistys\\\/wp-content\\\/uploads\\\/2014\\\/11\\\/Jukolan-Motti-3-8-11-20141.jpg\",\"articleSection\":[\"Ajankohtaista\"],\"inLanguage\":\"fi\"},{\"@type\":\"WebPage\",\"@id\":\"https:\\\/\\\/www.rukajarvensuunnanhistoriayhdistys.fi\\\/historiayhdistys\\\/jukolan-motissa-tyot-jatkuivat-tihkusateessa\\\/\",\"url\":\"https:\\\/\\\/www.rukajarvensuunnanhistoriayhdistys.fi\\\/historiayhdistys\\\/jukolan-motissa-tyot-jatkuivat-tihkusateessa\\\/\",\"name\":\"Jukolan Motissa ty\u00f6t jatkuivat tihkusateessa - Rukaj\u00e4rven suunnan historiayhdistys\",\"isPartOf\":{\"@id\":\"http:\\\/\\\/www.rukajarvensuunnanhistoriayhdistys.fi\\\/historiayhdistys\\\/#website\"},\"primaryImageOfPage\":{\"@id\":\"https:\\\/\\\/www.rukajarvensuunnanhistoriayhdistys.fi\\\/historiayhdistys\\\/jukolan-motissa-tyot-jatkuivat-tihkusateessa\\\/#primaryimage\"},\"image\":{\"@id\":\"https:\\\/\\\/www.rukajarvensuunnanhistoriayhdistys.fi\\\/historiayhdistys\\\/jukolan-motissa-tyot-jatkuivat-tihkusateessa\\\/#primaryimage\"},\"thumbnailUrl\":\"http:\\\/\\\/www.rukajarvensuunnanhistoriayhdistys.fi\\\/historiayhdistys\\\/wp-content\\\/uploads\\\/2014\\\/11\\\/Jukolan-Motti-3-8-11-20141.jpg\",\"datePublished\":\"2014-11-08T21:12:50+00:00\",\"dateModified\":\"2014-11-14T22:21:57+00:00\",\"breadcrumb\":{\"@id\":\"https:\\\/\\\/www.rukajarvensuunnanhistoriayhdistys.fi\\\/historiayhdistys\\\/jukolan-motissa-tyot-jatkuivat-tihkusateessa\\\/#breadcrumb\"},\"inLanguage\":\"fi\",\"potentialAction\":[{\"@type\":\"ReadAction\",\"target\":[\"https:\\\/\\\/www.rukajarvensuunnanhistoriayhdistys.fi\\\/historiayhdistys\\\/jukolan-motissa-tyot-jatkuivat-tihkusateessa\\\/\"]}]},{\"@type\":\"ImageObject\",\"inLanguage\":\"fi\",\"@id\":\"https:\\\/\\\/www.rukajarvensuunnanhistoriayhdistys.fi\\\/historiayhdistys\\\/jukolan-motissa-tyot-jatkuivat-tihkusateessa\\\/#primaryimage\",\"url\":\"http:\\\/\\\/www.rukajarvensuunnanhistoriayhdistys.fi\\\/historiayhdistys\\\/wp-content\\\/uploads\\\/2014\\\/11\\\/Jukolan-Motti-3-8-11-20141.jpg\",\"contentUrl\":\"http:\\\/\\\/www.rukajarvensuunnanhistoriayhdistys.fi\\\/historiayhdistys\\\/wp-content\\\/uploads\\\/2014\\\/11\\\/Jukolan-Motti-3-8-11-20141.jpg\",\"width\":1754,\"height\":1240},{\"@type\":\"BreadcrumbList\",\"@id\":\"https:\\\/\\\/www.rukajarvensuunnanhistoriayhdistys.fi\\\/historiayhdistys\\\/jukolan-motissa-tyot-jatkuivat-tihkusateessa\\\/#breadcrumb\",\"itemListElement\":[{\"@type\":\"ListItem\",\"position\":1,\"name\":\"Etusivu\",\"item\":\"http:\\\/\\\/www.rukajarvensuunnanhistoriayhdistys.fi\\\/historiayhdistys\\\/\"},{\"@type\":\"ListItem\",\"position\":2,\"name\":\"Jukolan Motissa ty\u00f6t jatkuivat tihkusateessa\"}]},{\"@type\":\"WebSite\",\"@id\":\"http:\\\/\\\/www.rukajarvensuunnanhistoriayhdistys.fi\\\/historiayhdistys\\\/#website\",\"url\":\"http:\\\/\\\/www.rukajarvensuunnanhistoriayhdistys.fi\\\/historiayhdistys\\\/\",\"name\":\"Rukaj\u00e4rven suunnan historiayhdistys\",\"description\":\"Rukaj\u00e4rven suunnan historiayhdistyksen verkkosivut.\",\"publisher\":{\"@id\":\"http:\\\/\\\/www.rukajarvensuunnanhistoriayhdistys.fi\\\/historiayhdistys\\\/#organization\"},\"potentialAction\":[{\"@type\":\"SearchAction\",\"target\":{\"@type\":\"EntryPoint\",\"urlTemplate\":\"http:\\\/\\\/www.rukajarvensuunnanhistoriayhdistys.fi\\\/historiayhdistys\\\/?s={search_term_string}\"},\"query-input\":{\"@type\":\"PropertyValueSpecification\",\"valueRequired\":true,\"valueName\":\"search_term_string\"}}],\"inLanguage\":\"fi\"},{\"@type\":\"Organization\",\"@id\":\"http:\\\/\\\/www.rukajarvensuunnanhistoriayhdistys.fi\\\/historiayhdistys\\\/#organization\",\"name\":\"Rukaj\u00e4rven suunnan historiayhdistys\",\"url\":\"http:\\\/\\\/www.rukajarvensuunnanhistoriayhdistys.fi\\\/historiayhdistys\\\/\",\"logo\":{\"@type\":\"ImageObject\",\"inLanguage\":\"fi\",\"@id\":\"http:\\\/\\\/www.rukajarvensuunnanhistoriayhdistys.fi\\\/historiayhdistys\\\/#\\\/schema\\\/logo\\\/image\\\/\",\"url\":\"http:\\\/\\\/www.rukajarvensuunnanhistoriayhdistys.fi\\\/historiayhdistys\\\/wp-content\\\/uploads\\\/2013\\\/12\\\/Otsake_3.jpg\",\"contentUrl\":\"http:\\\/\\\/www.rukajarvensuunnanhistoriayhdistys.fi\\\/historiayhdistys\\\/wp-content\\\/uploads\\\/2013\\\/12\\\/Otsake_3.jpg\",\"width\":1000,\"height\":442,\"caption\":\"Rukaj\u00e4rven suunnan historiayhdistys\"},\"image\":{\"@id\":\"http:\\\/\\\/www.rukajarvensuunnanhistoriayhdistys.fi\\\/historiayhdistys\\\/#\\\/schema\\\/logo\\\/image\\\/\"}},{\"@type\":\"Person\",\"@id\":\"http:\\\/\\\/www.rukajarvensuunnanhistoriayhdistys.fi\\\/historiayhdistys\\\/#\\\/schema\\\/person\\\/19de7db68bf72dfd2b5d7f6dfbf8454d\",\"name\":\"RSHY\",\"image\":{\"@type\":\"ImageObject\",\"inLanguage\":\"fi\",\"@id\":\"https:\\\/\\\/secure.gravatar.com\\\/avatar\\\/598d59263a69cc8de65fcb4f9db78d6f58c098cb0e0ba22d73377441af9fa04c?s=96&d=blank&r=g\",\"url\":\"https:\\\/\\\/secure.gravatar.com\\\/avatar\\\/598d59263a69cc8de65fcb4f9db78d6f58c098cb0e0ba22d73377441af9fa04c?s=96&d=blank&r=g\",\"contentUrl\":\"https:\\\/\\\/secure.gravatar.com\\\/avatar\\\/598d59263a69cc8de65fcb4f9db78d6f58c098cb0e0ba22d73377441af9fa04c?s=96&d=blank&r=g\",\"caption\":\"RSHY\"},\"url\":\"http:\\\/\\\/www.rukajarvensuunnanhistoriayhdistys.fi\\\/historiayhdistys\\\/author\\\/rshy\\\/\"}]}<\/script>\n<!-- \/ Yoast SEO plugin. -->","yoast_head_json":{"title":"Jukolan Motissa ty\u00f6t jatkuivat tihkusateessa  - Rukaj\u00e4rven suunnan historiayhdistys","robots":{"index":"index","follow":"follow","max-snippet":"max-snippet:-1","max-image-preview":"max-image-preview:large","max-video-preview":"max-video-preview:-1"},"canonical":"https:\/\/www.rukajarvensuunnanhistoriayhdistys.fi\/historiayhdistys\/jukolan-motissa-tyot-jatkuivat-tihkusateessa\/","og_locale":"fi_FI","og_type":"article","og_title":"Jukolan Motissa ty\u00f6t jatkuivat tihkusateessa  - Rukaj\u00e4rven suunnan historiayhdistys","og_description":"T\u00e4n\u00e4\u00e4n 8.11. Jukolan motissa t\u00f6it\u00e4 jatkettiin tihkusateessa. Hienokseltaan sateli alij\u00e4\u00e4htynytt\u00e4 vett\u00e4. Se kuurasi ymp\u00e4rist\u00f6n puut valkoisiksi, laudat j\u00e4\u00e4tyiv\u00e4t. Talkooapua oli tullut paikalle Paltamosta yhdistyksen hallituksen j\u00e4sen Ossi Laine ja Janne Teksti jatkuu...Jukolan Motissa ty\u00f6t jatkuivat tihkusateessa\u2192","og_url":"https:\/\/www.rukajarvensuunnanhistoriayhdistys.fi\/historiayhdistys\/jukolan-motissa-tyot-jatkuivat-tihkusateessa\/","og_site_name":"Rukaj\u00e4rven suunnan historiayhdistys","article_published_time":"2014-11-08T21:12:50+00:00","article_modified_time":"2014-11-14T22:21:57+00:00","og_image":[{"width":1754,"height":1240,"url":"https:\/\/www.rukajarvensuunnanhistoriayhdistys.fi\/historiayhdistys\/wp-content\/uploads\/2014\/11\/Jukolan-Motti-3-8-11-20141.jpg","type":"image\/jpeg"}],"author":"RSHY","twitter_misc":{"Kirjoittanut":"RSHY","Arvioitu lukuaika":"1 minuutti"},"schema":{"@context":"https:\/\/schema.org","@graph":[{"@type":"Article","@id":"https:\/\/www.rukajarvensuunnanhistoriayhdistys.fi\/historiayhdistys\/jukolan-motissa-tyot-jatkuivat-tihkusateessa\/#article","isPartOf":{"@id":"https:\/\/www.rukajarvensuunnanhistoriayhdistys.fi\/historiayhdistys\/jukolan-motissa-tyot-jatkuivat-tihkusateessa\/"},"author":{"name":"RSHY","@id":"http:\/\/www.rukajarvensuunnanhistoriayhdistys.fi\/historiayhdistys\/#\/schema\/person\/19de7db68bf72dfd2b5d7f6dfbf8454d"},"headline":"Jukolan Motissa ty\u00f6t jatkuivat tihkusateessa","datePublished":"2014-11-08T21:12:50+00:00","dateModified":"2014-11-14T22:21:57+00:00","mainEntityOfPage":{"@id":"https:\/\/www.rukajarvensuunnanhistoriayhdistys.fi\/historiayhdistys\/jukolan-motissa-tyot-jatkuivat-tihkusateessa\/"},"wordCount":277,"publisher":{"@id":"http:\/\/www.rukajarvensuunnanhistoriayhdistys.fi\/historiayhdistys\/#organization"},"image":{"@id":"https:\/\/www.rukajarvensuunnanhistoriayhdistys.fi\/historiayhdistys\/jukolan-motissa-tyot-jatkuivat-tihkusateessa\/#primaryimage"},"thumbnailUrl":"http:\/\/www.rukajarvensuunnanhistoriayhdistys.fi\/historiayhdistys\/wp-content\/uploads\/2014\/11\/Jukolan-Motti-3-8-11-20141.jpg","articleSection":["Ajankohtaista"],"inLanguage":"fi"},{"@type":"WebPage","@id":"https:\/\/www.rukajarvensuunnanhistoriayhdistys.fi\/historiayhdistys\/jukolan-motissa-tyot-jatkuivat-tihkusateessa\/","url":"https:\/\/www.rukajarvensuunnanhistoriayhdistys.fi\/historiayhdistys\/jukolan-motissa-tyot-jatkuivat-tihkusateessa\/","name":"Jukolan Motissa ty\u00f6t jatkuivat tihkusateessa - Rukaj\u00e4rven suunnan historiayhdistys","isPartOf":{"@id":"http:\/\/www.rukajarvensuunnanhistoriayhdistys.fi\/historiayhdistys\/#website"},"primaryImageOfPage":{"@id":"https:\/\/www.rukajarvensuunnanhistoriayhdistys.fi\/historiayhdistys\/jukolan-motissa-tyot-jatkuivat-tihkusateessa\/#primaryimage"},"image":{"@id":"https:\/\/www.rukajarvensuunnanhistoriayhdistys.fi\/historiayhdistys\/jukolan-motissa-tyot-jatkuivat-tihkusateessa\/#primaryimage"},"thumbnailUrl":"http:\/\/www.rukajarvensuunnanhistoriayhdistys.fi\/historiayhdistys\/wp-content\/uploads\/2014\/11\/Jukolan-Motti-3-8-11-20141.jpg","datePublished":"2014-11-08T21:12:50+00:00","dateModified":"2014-11-14T22:21:57+00:00","breadcrumb":{"@id":"https:\/\/www.rukajarvensuunnanhistoriayhdistys.fi\/historiayhdistys\/jukolan-motissa-tyot-jatkuivat-tihkusateessa\/#breadcrumb"},"inLanguage":"fi","potentialAction":[{"@type":"ReadAction","target":["https:\/\/www.rukajarvensuunnanhistoriayhdistys.fi\/historiayhdistys\/jukolan-motissa-tyot-jatkuivat-tihkusateessa\/"]}]},{"@type":"ImageObject","inLanguage":"fi","@id":"https:\/\/www.rukajarvensuunnanhistoriayhdistys.fi\/historiayhdistys\/jukolan-motissa-tyot-jatkuivat-tihkusateessa\/#primaryimage","url":"http:\/\/www.rukajarvensuunnanhistoriayhdistys.fi\/historiayhdistys\/wp-content\/uploads\/2014\/11\/Jukolan-Motti-3-8-11-20141.jpg","contentUrl":"http:\/\/www.rukajarvensuunnanhistoriayhdistys.fi\/historiayhdistys\/wp-content\/uploads\/2014\/11\/Jukolan-Motti-3-8-11-20141.jpg","width":1754,"height":1240},{"@type":"BreadcrumbList","@id":"https:\/\/www.rukajarvensuunnanhistoriayhdistys.fi\/historiayhdistys\/jukolan-motissa-tyot-jatkuivat-tihkusateessa\/#breadcrumb","itemListElement":[{"@type":"ListItem","position":1,"name":"Etusivu","item":"http:\/\/www.rukajarvensuunnanhistoriayhdistys.fi\/historiayhdistys\/"},{"@type":"ListItem","position":2,"name":"Jukolan Motissa ty\u00f6t jatkuivat tihkusateessa"}]},{"@type":"WebSite","@id":"http:\/\/www.rukajarvensuunnanhistoriayhdistys.fi\/historiayhdistys\/#website","url":"http:\/\/www.rukajarvensuunnanhistoriayhdistys.fi\/historiayhdistys\/","name":"Rukaj\u00e4rven suunnan historiayhdistys","description":"Rukaj\u00e4rven suunnan historiayhdistyksen verkkosivut.","publisher":{"@id":"http:\/\/www.rukajarvensuunnanhistoriayhdistys.fi\/historiayhdistys\/#organization"},"potentialAction":[{"@type":"SearchAction","target":{"@type":"EntryPoint","urlTemplate":"http:\/\/www.rukajarvensuunnanhistoriayhdistys.fi\/historiayhdistys\/?s={search_term_string}"},"query-input":{"@type":"PropertyValueSpecification","valueRequired":true,"valueName":"search_term_string"}}],"inLanguage":"fi"},{"@type":"Organization","@id":"http:\/\/www.rukajarvensuunnanhistoriayhdistys.fi\/historiayhdistys\/#organization","name":"Rukaj\u00e4rven suunnan historiayhdistys","url":"http:\/\/www.rukajarvensuunnanhistoriayhdistys.fi\/historiayhdistys\/","logo":{"@type":"ImageObject","inLanguage":"fi","@id":"http:\/\/www.rukajarvensuunnanhistoriayhdistys.fi\/historiayhdistys\/#\/schema\/logo\/image\/","url":"http:\/\/www.rukajarvensuunnanhistoriayhdistys.fi\/historiayhdistys\/wp-content\/uploads\/2013\/12\/Otsake_3.jpg","contentUrl":"http:\/\/www.rukajarvensuunnanhistoriayhdistys.fi\/historiayhdistys\/wp-content\/uploads\/2013\/12\/Otsake_3.jpg","width":1000,"height":442,"caption":"Rukaj\u00e4rven suunnan historiayhdistys"},"image":{"@id":"http:\/\/www.rukajarvensuunnanhistoriayhdistys.fi\/historiayhdistys\/#\/schema\/logo\/image\/"}},{"@type":"Person","@id":"http:\/\/www.rukajarvensuunnanhistoriayhdistys.fi\/historiayhdistys\/#\/schema\/person\/19de7db68bf72dfd2b5d7f6dfbf8454d","name":"RSHY","image":{"@type":"ImageObject","inLanguage":"fi","@id":"https:\/\/secure.gravatar.com\/avatar\/598d59263a69cc8de65fcb4f9db78d6f58c098cb0e0ba22d73377441af9fa04c?s=96&d=blank&r=g","url":"https:\/\/secure.gravatar.com\/avatar\/598d59263a69cc8de65fcb4f9db78d6f58c098cb0e0ba22d73377441af9fa04c?s=96&d=blank&r=g","contentUrl":"https:\/\/secure.gravatar.com\/avatar\/598d59263a69cc8de65fcb4f9db78d6f58c098cb0e0ba22d73377441af9fa04c?s=96&d=blank&r=g","caption":"RSHY"},"url":"http:\/\/www.rukajarvensuunnanhistoriayhdistys.fi\/historiayhdistys\/author\/rshy\/"}]}},"_links":{"self":[{"href":"http:\/\/www.rukajarvensuunnanhistoriayhdistys.fi\/historiayhdistys\/wp-json\/wp\/v2\/posts\/9473","targetHints":{"allow":["GET"]}}],"collection":[{"href":"http:\/\/www.rukajarvensuunnanhistoriayhdistys.fi\/historiayhdistys\/wp-json\/wp\/v2\/posts"}],"about":[{"href":"http:\/\/www.rukajarvensuunnanhistoriayhdistys.fi\/historiayhdistys\/wp-json\/wp\/v2\/types\/post"}],"author":[{"embeddable":true,"href":"http:\/\/www.rukajarvensuunnanhistoriayhdistys.fi\/historiayhdistys\/wp-json\/wp\/v2\/users\/3"}],"replies":[{"embeddable":true,"href":"http:\/\/www.rukajarvensuunnanhistoriayhdistys.fi\/historiayhdistys\/wp-json\/wp\/v2\/comments?post=9473"}],"version-history":[{"count":6,"href":"http:\/\/www.rukajarvensuunnanhistoriayhdistys.fi\/historiayhdistys\/wp-json\/wp\/v2\/posts\/9473\/revisions"}],"predecessor-version":[{"id":9485,"href":"http:\/\/www.rukajarvensuunnanhistoriayhdistys.fi\/historiayhdistys\/wp-json\/wp\/v2\/posts\/9473\/revisions\/9485"}],"wp:featuredmedia":[{"embeddable":true,"href":"http:\/\/www.rukajarvensuunnanhistoriayhdistys.fi\/historiayhdistys\/wp-json\/wp\/v2\/media\/9477"}],"wp:attachment":[{"href":"http:\/\/www.rukajarvensuunnanhistoriayhdistys.fi\/historiayhdistys\/wp-json\/wp\/v2\/media?parent=9473"}],"wp:term":[{"taxonomy":"category","embeddable":true,"href":"http:\/\/www.rukajarvensuunnanhistoriayhdistys.fi\/historiayhdistys\/wp-json\/wp\/v2\/categories?post=9473"},{"taxonomy":"post_tag","embeddable":true,"href":"http:\/\/www.rukajarvensuunnanhistoriayhdistys.fi\/historiayhdistys\/wp-json\/wp\/v2\/tags?post=9473"}],"curies":[{"name":"wp","href":"https:\/\/api.w.org\/{rel}","templated":true}]}}