{"id":9486,"date":"2014-11-10T18:56:21","date_gmt":"2014-11-10T16:56:21","guid":{"rendered":"http:\/\/www.rukajarvensuunnanhistoriayhdistys.fi\/historiayhdistys\/?p=9486"},"modified":"2014-11-10T18:56:21","modified_gmt":"2014-11-10T16:56:21","slug":"kotakeittio-ja-savuhormit-asennettu-10-11-pian-keitetaan-kahvit-nokipannulla","status":"publish","type":"post","link":"http:\/\/www.rukajarvensuunnanhistoriayhdistys.fi\/historiayhdistys\/kotakeittio-ja-savuhormit-asennettu-10-11-pian-keitetaan-kahvit-nokipannulla\/","title":{"rendered":"Kotakeitti\u00f6 ja savuhormit asennettu (10.11.) &#8211; pian keitet\u00e4\u00e4n kahvit nokipannulla"},"content":{"rendered":"<div class=\"fcbkbttn_buttons_block\" id=\"fcbkbttn_left\"><div class=\"fcbkbttn_like \"><fb:like href=\"http:\/\/www.rukajarvensuunnanhistoriayhdistys.fi\/historiayhdistys\/kotakeittio-ja-savuhormit-asennettu-10-11-pian-keitetaan-kahvit-nokipannulla\/\" action=\"like\" colorscheme=\"light\" layout=\"button_count\"  size=\"small\"><\/fb:like><\/div><\/div><p><span style=\"color: #000000; font-family: Calibri; font-size: medium;\">Jukolan Motissa pilvinen ja tihkusateinen p\u00e4iv\u00e4. Kotakeitti\u00f6 saatiin asennetuksi paikoilleen. Ensin selvitettiin turvaet\u00e4isyydet, mink\u00e4 j\u00e4lkeen Matti ja Heikki tekiv\u00e4t rei\u00e4n kattoon. Nyt kotakeitti\u00f6 on paikoillaan. Heikin savupiipun hitsaukset osuivat kohdalleen.<\/span><\/p>\n<figure id=\"attachment_9487\" aria-describedby=\"caption-attachment-9487\" style=\"width: 1754px\" class=\"wp-caption alignnone\"><a href=\"http:\/\/www.rukajarvensuunnanhistoriayhdistys.fi\/historiayhdistys\/wp-content\/uploads\/2014\/11\/Jukolan-Motti-10-11-2014-1.jpg\"><img loading=\"lazy\" decoding=\"async\" class=\"wp-image-9487 size-full\" src=\"http:\/\/www.rukajarvensuunnanhistoriayhdistys.fi\/historiayhdistys\/wp-content\/uploads\/2014\/11\/Jukolan-Motti-10-11-2014-1.jpg\" alt=\"Heikki Turunen ja Matti Kilpel\u00e4inen nostivat kotakeitti\u00f6n hormin katolle.\" width=\"1754\" height=\"1240\" data-id=\"9487\" srcset=\"http:\/\/www.rukajarvensuunnanhistoriayhdistys.fi\/historiayhdistys\/wp-content\/uploads\/2014\/11\/Jukolan-Motti-10-11-2014-1.jpg 1754w, http:\/\/www.rukajarvensuunnanhistoriayhdistys.fi\/historiayhdistys\/wp-content\/uploads\/2014\/11\/Jukolan-Motti-10-11-2014-1-300x212.jpg 300w, http:\/\/www.rukajarvensuunnanhistoriayhdistys.fi\/historiayhdistys\/wp-content\/uploads\/2014\/11\/Jukolan-Motti-10-11-2014-1-1024x723.jpg 1024w\" sizes=\"auto, (max-width: 1754px) 100vw, 1754px\" \/><\/a><figcaption id=\"caption-attachment-9487\" class=\"wp-caption-text\">Heikki Turunen ja\u00a0Raimo Saviranta\u00a0nostivat kotakeitti\u00f6n hormin katolle.<\/figcaption><\/figure>\n<p><span style=\"color: #000000; font-family: Calibri; font-size: medium;\">&#8221;Rontit&#8221; siis oven yl\u00e4puoliset katot on nyt laudoitettu ja toinen puoli jo katettu. Tosi suurit\u00f6inen ty\u00f6vaihe. Huomenna yritet\u00e4\u00e4n kuivatella penkki- ja p\u00f6yt\u00e4lautoja. Ne h\u00f6yl\u00e4t\u00e4\u00e4n loppuviikosta.<\/span><\/p>\n<figure id=\"attachment_9488\" aria-describedby=\"caption-attachment-9488\" style=\"width: 1754px\" class=\"wp-caption alignnone\"><a href=\"http:\/\/www.rukajarvensuunnanhistoriayhdistys.fi\/historiayhdistys\/wp-content\/uploads\/2014\/11\/Jukolan-Motti-10-11-2014-2.jpg\"><img loading=\"lazy\" decoding=\"async\" class=\"wp-image-9488 size-full\" src=\"http:\/\/www.rukajarvensuunnanhistoriayhdistys.fi\/historiayhdistys\/wp-content\/uploads\/2014\/11\/Jukolan-Motti-10-11-2014-2.jpg\" alt=\"T\u00e4n\u00e4\u00e4n tihkusadetta. Talkoot\u00f6iss\u00e4 Heikki Turunen, Kaj Ekholm, Matti Heikkinen ja Raimo Saviranta sek\u00e4 Tenho Tikkanen. Toisaalla t\u00f6ihin osallistuivat my\u00f6s Eero Kortelainen ja Lasse Nirhamo.\" width=\"1754\" height=\"1240\" data-id=\"9488\" srcset=\"http:\/\/www.rukajarvensuunnanhistoriayhdistys.fi\/historiayhdistys\/wp-content\/uploads\/2014\/11\/Jukolan-Motti-10-11-2014-2.jpg 1754w, http:\/\/www.rukajarvensuunnanhistoriayhdistys.fi\/historiayhdistys\/wp-content\/uploads\/2014\/11\/Jukolan-Motti-10-11-2014-2-300x212.jpg 300w, http:\/\/www.rukajarvensuunnanhistoriayhdistys.fi\/historiayhdistys\/wp-content\/uploads\/2014\/11\/Jukolan-Motti-10-11-2014-2-1024x723.jpg 1024w\" sizes=\"auto, (max-width: 1754px) 100vw, 1754px\" \/><\/a><figcaption id=\"caption-attachment-9488\" class=\"wp-caption-text\">T\u00e4n\u00e4\u00e4n tihkusadetta. Talkoot\u00f6iss\u00e4 Heikki Turunen, Kaj Ekholm, Matti Heikkinen ja Raimo Saviranta sek\u00e4 Tenho Tikkanen. Toisaalla t\u00f6ihin osallistuivat my\u00f6s Eero Kortelainen ja Lasse Nirhamo.<\/figcaption><\/figure>\n<figure id=\"attachment_9489\" aria-describedby=\"caption-attachment-9489\" style=\"width: 1754px\" class=\"wp-caption alignnone\"><a href=\"http:\/\/www.rukajarvensuunnanhistoriayhdistys.fi\/historiayhdistys\/wp-content\/uploads\/2014\/11\/Jukolan-Motti-10-11-2014-3.jpg\"><img loading=\"lazy\" decoding=\"async\" class=\"wp-image-9489 size-full\" src=\"http:\/\/www.rukajarvensuunnanhistoriayhdistys.fi\/historiayhdistys\/wp-content\/uploads\/2014\/11\/Jukolan-Motti-10-11-2014-3.jpg\" alt=\"&quot;Rontti&quot;, eli ovenp\u00e4\u00e4llysosa on tosi suurit\u00f6inen. Ty\u00f6 on teht\u00e4v\u00e4 huolella, koska t\u00e4ll\u00e4 osalla vesivuotoja sattuu yleisimmin.\" width=\"1754\" height=\"1240\" data-id=\"9489\" srcset=\"http:\/\/www.rukajarvensuunnanhistoriayhdistys.fi\/historiayhdistys\/wp-content\/uploads\/2014\/11\/Jukolan-Motti-10-11-2014-3.jpg 1754w, http:\/\/www.rukajarvensuunnanhistoriayhdistys.fi\/historiayhdistys\/wp-content\/uploads\/2014\/11\/Jukolan-Motti-10-11-2014-3-300x212.jpg 300w, http:\/\/www.rukajarvensuunnanhistoriayhdistys.fi\/historiayhdistys\/wp-content\/uploads\/2014\/11\/Jukolan-Motti-10-11-2014-3-1024x723.jpg 1024w\" sizes=\"auto, (max-width: 1754px) 100vw, 1754px\" \/><\/a><figcaption id=\"caption-attachment-9489\" class=\"wp-caption-text\">&#8221;Rontti&#8221;, eli ovenp\u00e4\u00e4llysosa on tosi suurit\u00f6inen. Ty\u00f6 on teht\u00e4v\u00e4 huolella, koska t\u00e4ll\u00e4 osalla vesivuotoja sattuu yleisimmin. Ty\u00f6t lopetettiin h\u00e4m\u00e4r\u00e4n tultua klo 16.00 j\u00e4lkeen.<\/figcaption><\/figure>\n<h1><span style=\"color: #000000; font-family: Calibri; font-size: medium;\">70 vuotta sitten sotap\u00e4iv\u00e4kirjan (9.\/JR 10) mukaan<\/span><\/h1>\n<p><span style=\"color: #000000; font-family: Calibri; font-size: medium;\">&#8221;9.11.44 Jukolan Motista kotiutettiin Kainuun suojeluskuntapiirin miehet (0+6+85)&#8230; 10.11.44 saivat nuoret miehet k\u00e4skyn siirty\u00e4 11.\/JR 10:een. Komppaniaan j\u00e4i lomalla tai sairaalassa olevat sek\u00e4 komppanian v\u00e4\u00e4peli, kirjuri, talous- ja ase au loppuselvityst\u00e4 suorittamaan.&#8221; <\/span><\/p>\n<p>&nbsp;<\/p>\n","protected":false},"excerpt":{"rendered":"<p>Jukolan Motissa pilvinen ja tihkusateinen p\u00e4iv\u00e4. Kotakeitti\u00f6 saatiin asennetuksi paikoilleen. Ensin selvitettiin turvaet\u00e4isyydet, mink\u00e4 j\u00e4lkeen Matti ja Heikki tekiv\u00e4t rei\u00e4n kattoon. Nyt kotakeitti\u00f6 on paikoillaan. Heikin savupiipun hitsaukset osuivat kohdalleen. <a class=\"more-link\" href=\"http:\/\/www.rukajarvensuunnanhistoriayhdistys.fi\/historiayhdistys\/kotakeittio-ja-savuhormit-asennettu-10-11-pian-keitetaan-kahvit-nokipannulla\/\">Teksti jatkuu&#8230;<span class=\"screen-reader-text\">Kotakeitti\u00f6 ja savuhormit asennettu (10.11.) &#8211; pian keitet\u00e4\u00e4n kahvit nokipannulla<\/span><span class=\"meta-nav\">\u2192<\/span><\/a><\/p>\n","protected":false},"author":3,"featured_media":0,"comment_status":"closed","ping_status":"open","sticky":false,"template":"","format":"standard","meta":{"footnotes":""},"categories":[22],"tags":[],"class_list":["post-9486","post","type-post","status-publish","format-standard","hentry","category-ajankohtaista"],"yoast_head":"<!-- This site is optimized with the Yoast SEO plugin v27.4 - https:\/\/yoast.com\/product\/yoast-seo-wordpress\/ -->\n<title>Kotakeitti\u00f6 ja savuhormit asennettu (10.11.) - pian keitet\u00e4\u00e4n kahvit nokipannulla - Rukaj\u00e4rven suunnan historiayhdistys<\/title>\n<meta name=\"robots\" content=\"index, follow, max-snippet:-1, max-image-preview:large, max-video-preview:-1\" \/>\n<link rel=\"canonical\" href=\"http:\/\/www.rukajarvensuunnanhistoriayhdistys.fi\/historiayhdistys\/kotakeittio-ja-savuhormit-asennettu-10-11-pian-keitetaan-kahvit-nokipannulla\/\" \/>\n<meta property=\"og:locale\" content=\"fi_FI\" \/>\n<meta property=\"og:type\" content=\"article\" \/>\n<meta property=\"og:title\" content=\"Kotakeitti\u00f6 ja savuhormit asennettu (10.11.) - pian keitet\u00e4\u00e4n kahvit nokipannulla - Rukaj\u00e4rven suunnan historiayhdistys\" \/>\n<meta property=\"og:description\" content=\"Jukolan Motissa pilvinen ja tihkusateinen p\u00e4iv\u00e4. Kotakeitti\u00f6 saatiin asennetuksi paikoilleen. Ensin selvitettiin turvaet\u00e4isyydet, mink\u00e4 j\u00e4lkeen Matti ja Heikki tekiv\u00e4t rei\u00e4n kattoon. Nyt kotakeitti\u00f6 on paikoillaan. Heikin savupiipun hitsaukset osuivat kohdalleen. Teksti jatkuu...Kotakeitti\u00f6 ja savuhormit asennettu (10.11.) &#8211; pian keitet\u00e4\u00e4n kahvit nokipannulla\u2192\" \/>\n<meta property=\"og:url\" content=\"http:\/\/www.rukajarvensuunnanhistoriayhdistys.fi\/historiayhdistys\/kotakeittio-ja-savuhormit-asennettu-10-11-pian-keitetaan-kahvit-nokipannulla\/\" \/>\n<meta property=\"og:site_name\" content=\"Rukaj\u00e4rven suunnan historiayhdistys\" \/>\n<meta property=\"article:published_time\" content=\"2014-11-10T16:56:21+00:00\" \/>\n<meta property=\"og:image\" content=\"http:\/\/www.rukajarvensuunnanhistoriayhdistys.fi\/historiayhdistys\/wp-content\/uploads\/2014\/11\/Jukolan-Motti-10-11-2014-1.jpg\" \/>\n<meta name=\"author\" content=\"RSHY\" \/>\n<meta name=\"twitter:label1\" content=\"Kirjoittanut\" \/>\n\t<meta name=\"twitter:data1\" content=\"RSHY\" \/>\n\t<meta name=\"twitter:label2\" content=\"Arvioitu lukuaika\" \/>\n\t<meta name=\"twitter:data2\" content=\"1 minuutti\" \/>\n<script type=\"application\/ld+json\" class=\"yoast-schema-graph\">{\"@context\":\"https:\\\/\\\/schema.org\",\"@graph\":[{\"@type\":\"Article\",\"@id\":\"http:\\\/\\\/www.rukajarvensuunnanhistoriayhdistys.fi\\\/historiayhdistys\\\/kotakeittio-ja-savuhormit-asennettu-10-11-pian-keitetaan-kahvit-nokipannulla\\\/#article\",\"isPartOf\":{\"@id\":\"http:\\\/\\\/www.rukajarvensuunnanhistoriayhdistys.fi\\\/historiayhdistys\\\/kotakeittio-ja-savuhormit-asennettu-10-11-pian-keitetaan-kahvit-nokipannulla\\\/\"},\"author\":{\"name\":\"RSHY\",\"@id\":\"http:\\\/\\\/www.rukajarvensuunnanhistoriayhdistys.fi\\\/historiayhdistys\\\/#\\\/schema\\\/person\\\/19de7db68bf72dfd2b5d7f6dfbf8454d\"},\"headline\":\"Kotakeitti\u00f6 ja savuhormit asennettu (10.11.) &#8211; pian keitet\u00e4\u00e4n kahvit nokipannulla\",\"datePublished\":\"2014-11-10T16:56:21+00:00\",\"mainEntityOfPage\":{\"@id\":\"http:\\\/\\\/www.rukajarvensuunnanhistoriayhdistys.fi\\\/historiayhdistys\\\/kotakeittio-ja-savuhormit-asennettu-10-11-pian-keitetaan-kahvit-nokipannulla\\\/\"},\"wordCount\":210,\"publisher\":{\"@id\":\"http:\\\/\\\/www.rukajarvensuunnanhistoriayhdistys.fi\\\/historiayhdistys\\\/#organization\"},\"image\":{\"@id\":\"http:\\\/\\\/www.rukajarvensuunnanhistoriayhdistys.fi\\\/historiayhdistys\\\/kotakeittio-ja-savuhormit-asennettu-10-11-pian-keitetaan-kahvit-nokipannulla\\\/#primaryimage\"},\"thumbnailUrl\":\"http:\\\/\\\/www.rukajarvensuunnanhistoriayhdistys.fi\\\/historiayhdistys\\\/wp-content\\\/uploads\\\/2014\\\/11\\\/Jukolan-Motti-10-11-2014-1.jpg\",\"articleSection\":[\"Ajankohtaista\"],\"inLanguage\":\"fi\"},{\"@type\":\"WebPage\",\"@id\":\"http:\\\/\\\/www.rukajarvensuunnanhistoriayhdistys.fi\\\/historiayhdistys\\\/kotakeittio-ja-savuhormit-asennettu-10-11-pian-keitetaan-kahvit-nokipannulla\\\/\",\"url\":\"http:\\\/\\\/www.rukajarvensuunnanhistoriayhdistys.fi\\\/historiayhdistys\\\/kotakeittio-ja-savuhormit-asennettu-10-11-pian-keitetaan-kahvit-nokipannulla\\\/\",\"name\":\"Kotakeitti\u00f6 ja savuhormit asennettu (10.11.) - pian keitet\u00e4\u00e4n kahvit nokipannulla - Rukaj\u00e4rven suunnan historiayhdistys\",\"isPartOf\":{\"@id\":\"http:\\\/\\\/www.rukajarvensuunnanhistoriayhdistys.fi\\\/historiayhdistys\\\/#website\"},\"primaryImageOfPage\":{\"@id\":\"http:\\\/\\\/www.rukajarvensuunnanhistoriayhdistys.fi\\\/historiayhdistys\\\/kotakeittio-ja-savuhormit-asennettu-10-11-pian-keitetaan-kahvit-nokipannulla\\\/#primaryimage\"},\"image\":{\"@id\":\"http:\\\/\\\/www.rukajarvensuunnanhistoriayhdistys.fi\\\/historiayhdistys\\\/kotakeittio-ja-savuhormit-asennettu-10-11-pian-keitetaan-kahvit-nokipannulla\\\/#primaryimage\"},\"thumbnailUrl\":\"http:\\\/\\\/www.rukajarvensuunnanhistoriayhdistys.fi\\\/historiayhdistys\\\/wp-content\\\/uploads\\\/2014\\\/11\\\/Jukolan-Motti-10-11-2014-1.jpg\",\"datePublished\":\"2014-11-10T16:56:21+00:00\",\"breadcrumb\":{\"@id\":\"http:\\\/\\\/www.rukajarvensuunnanhistoriayhdistys.fi\\\/historiayhdistys\\\/kotakeittio-ja-savuhormit-asennettu-10-11-pian-keitetaan-kahvit-nokipannulla\\\/#breadcrumb\"},\"inLanguage\":\"fi\",\"potentialAction\":[{\"@type\":\"ReadAction\",\"target\":[\"http:\\\/\\\/www.rukajarvensuunnanhistoriayhdistys.fi\\\/historiayhdistys\\\/kotakeittio-ja-savuhormit-asennettu-10-11-pian-keitetaan-kahvit-nokipannulla\\\/\"]}]},{\"@type\":\"ImageObject\",\"inLanguage\":\"fi\",\"@id\":\"http:\\\/\\\/www.rukajarvensuunnanhistoriayhdistys.fi\\\/historiayhdistys\\\/kotakeittio-ja-savuhormit-asennettu-10-11-pian-keitetaan-kahvit-nokipannulla\\\/#primaryimage\",\"url\":\"http:\\\/\\\/www.rukajarvensuunnanhistoriayhdistys.fi\\\/historiayhdistys\\\/wp-content\\\/uploads\\\/2014\\\/11\\\/Jukolan-Motti-10-11-2014-1.jpg\",\"contentUrl\":\"http:\\\/\\\/www.rukajarvensuunnanhistoriayhdistys.fi\\\/historiayhdistys\\\/wp-content\\\/uploads\\\/2014\\\/11\\\/Jukolan-Motti-10-11-2014-1.jpg\",\"width\":1754,\"height\":1240,\"caption\":\"Heikki Turunen ja Matti Kilpel\u00e4inen nostivat kotakeitti\u00f6n hormin katolle.\"},{\"@type\":\"BreadcrumbList\",\"@id\":\"http:\\\/\\\/www.rukajarvensuunnanhistoriayhdistys.fi\\\/historiayhdistys\\\/kotakeittio-ja-savuhormit-asennettu-10-11-pian-keitetaan-kahvit-nokipannulla\\\/#breadcrumb\",\"itemListElement\":[{\"@type\":\"ListItem\",\"position\":1,\"name\":\"Etusivu\",\"item\":\"http:\\\/\\\/www.rukajarvensuunnanhistoriayhdistys.fi\\\/historiayhdistys\\\/\"},{\"@type\":\"ListItem\",\"position\":2,\"name\":\"Kotakeitti\u00f6 ja savuhormit asennettu (10.11.) &#8211; pian keitet\u00e4\u00e4n kahvit nokipannulla\"}]},{\"@type\":\"WebSite\",\"@id\":\"http:\\\/\\\/www.rukajarvensuunnanhistoriayhdistys.fi\\\/historiayhdistys\\\/#website\",\"url\":\"http:\\\/\\\/www.rukajarvensuunnanhistoriayhdistys.fi\\\/historiayhdistys\\\/\",\"name\":\"Rukaj\u00e4rven suunnan historiayhdistys\",\"description\":\"Rukaj\u00e4rven suunnan historiayhdistyksen verkkosivut.\",\"publisher\":{\"@id\":\"http:\\\/\\\/www.rukajarvensuunnanhistoriayhdistys.fi\\\/historiayhdistys\\\/#organization\"},\"potentialAction\":[{\"@type\":\"SearchAction\",\"target\":{\"@type\":\"EntryPoint\",\"urlTemplate\":\"http:\\\/\\\/www.rukajarvensuunnanhistoriayhdistys.fi\\\/historiayhdistys\\\/?s={search_term_string}\"},\"query-input\":{\"@type\":\"PropertyValueSpecification\",\"valueRequired\":true,\"valueName\":\"search_term_string\"}}],\"inLanguage\":\"fi\"},{\"@type\":\"Organization\",\"@id\":\"http:\\\/\\\/www.rukajarvensuunnanhistoriayhdistys.fi\\\/historiayhdistys\\\/#organization\",\"name\":\"Rukaj\u00e4rven suunnan historiayhdistys\",\"url\":\"http:\\\/\\\/www.rukajarvensuunnanhistoriayhdistys.fi\\\/historiayhdistys\\\/\",\"logo\":{\"@type\":\"ImageObject\",\"inLanguage\":\"fi\",\"@id\":\"http:\\\/\\\/www.rukajarvensuunnanhistoriayhdistys.fi\\\/historiayhdistys\\\/#\\\/schema\\\/logo\\\/image\\\/\",\"url\":\"http:\\\/\\\/www.rukajarvensuunnanhistoriayhdistys.fi\\\/historiayhdistys\\\/wp-content\\\/uploads\\\/2013\\\/12\\\/Otsake_3.jpg\",\"contentUrl\":\"http:\\\/\\\/www.rukajarvensuunnanhistoriayhdistys.fi\\\/historiayhdistys\\\/wp-content\\\/uploads\\\/2013\\\/12\\\/Otsake_3.jpg\",\"width\":1000,\"height\":442,\"caption\":\"Rukaj\u00e4rven suunnan historiayhdistys\"},\"image\":{\"@id\":\"http:\\\/\\\/www.rukajarvensuunnanhistoriayhdistys.fi\\\/historiayhdistys\\\/#\\\/schema\\\/logo\\\/image\\\/\"}},{\"@type\":\"Person\",\"@id\":\"http:\\\/\\\/www.rukajarvensuunnanhistoriayhdistys.fi\\\/historiayhdistys\\\/#\\\/schema\\\/person\\\/19de7db68bf72dfd2b5d7f6dfbf8454d\",\"name\":\"RSHY\",\"image\":{\"@type\":\"ImageObject\",\"inLanguage\":\"fi\",\"@id\":\"https:\\\/\\\/secure.gravatar.com\\\/avatar\\\/598d59263a69cc8de65fcb4f9db78d6f58c098cb0e0ba22d73377441af9fa04c?s=96&d=blank&r=g\",\"url\":\"https:\\\/\\\/secure.gravatar.com\\\/avatar\\\/598d59263a69cc8de65fcb4f9db78d6f58c098cb0e0ba22d73377441af9fa04c?s=96&d=blank&r=g\",\"contentUrl\":\"https:\\\/\\\/secure.gravatar.com\\\/avatar\\\/598d59263a69cc8de65fcb4f9db78d6f58c098cb0e0ba22d73377441af9fa04c?s=96&d=blank&r=g\",\"caption\":\"RSHY\"},\"url\":\"http:\\\/\\\/www.rukajarvensuunnanhistoriayhdistys.fi\\\/historiayhdistys\\\/author\\\/rshy\\\/\"}]}<\/script>\n<!-- \/ Yoast SEO plugin. -->","yoast_head_json":{"title":"Kotakeitti\u00f6 ja savuhormit asennettu (10.11.) - pian keitet\u00e4\u00e4n kahvit nokipannulla - Rukaj\u00e4rven suunnan historiayhdistys","robots":{"index":"index","follow":"follow","max-snippet":"max-snippet:-1","max-image-preview":"max-image-preview:large","max-video-preview":"max-video-preview:-1"},"canonical":"http:\/\/www.rukajarvensuunnanhistoriayhdistys.fi\/historiayhdistys\/kotakeittio-ja-savuhormit-asennettu-10-11-pian-keitetaan-kahvit-nokipannulla\/","og_locale":"fi_FI","og_type":"article","og_title":"Kotakeitti\u00f6 ja savuhormit asennettu (10.11.) - pian keitet\u00e4\u00e4n kahvit nokipannulla - Rukaj\u00e4rven suunnan historiayhdistys","og_description":"Jukolan Motissa pilvinen ja tihkusateinen p\u00e4iv\u00e4. Kotakeitti\u00f6 saatiin asennetuksi paikoilleen. Ensin selvitettiin turvaet\u00e4isyydet, mink\u00e4 j\u00e4lkeen Matti ja Heikki tekiv\u00e4t rei\u00e4n kattoon. Nyt kotakeitti\u00f6 on paikoillaan. Heikin savupiipun hitsaukset osuivat kohdalleen. Teksti jatkuu...Kotakeitti\u00f6 ja savuhormit asennettu (10.11.) &#8211; pian keitet\u00e4\u00e4n kahvit nokipannulla\u2192","og_url":"http:\/\/www.rukajarvensuunnanhistoriayhdistys.fi\/historiayhdistys\/kotakeittio-ja-savuhormit-asennettu-10-11-pian-keitetaan-kahvit-nokipannulla\/","og_site_name":"Rukaj\u00e4rven suunnan historiayhdistys","article_published_time":"2014-11-10T16:56:21+00:00","og_image":[{"url":"http:\/\/www.rukajarvensuunnanhistoriayhdistys.fi\/historiayhdistys\/wp-content\/uploads\/2014\/11\/Jukolan-Motti-10-11-2014-1.jpg","type":"","width":"","height":""}],"author":"RSHY","twitter_misc":{"Kirjoittanut":"RSHY","Arvioitu lukuaika":"1 minuutti"},"schema":{"@context":"https:\/\/schema.org","@graph":[{"@type":"Article","@id":"http:\/\/www.rukajarvensuunnanhistoriayhdistys.fi\/historiayhdistys\/kotakeittio-ja-savuhormit-asennettu-10-11-pian-keitetaan-kahvit-nokipannulla\/#article","isPartOf":{"@id":"http:\/\/www.rukajarvensuunnanhistoriayhdistys.fi\/historiayhdistys\/kotakeittio-ja-savuhormit-asennettu-10-11-pian-keitetaan-kahvit-nokipannulla\/"},"author":{"name":"RSHY","@id":"http:\/\/www.rukajarvensuunnanhistoriayhdistys.fi\/historiayhdistys\/#\/schema\/person\/19de7db68bf72dfd2b5d7f6dfbf8454d"},"headline":"Kotakeitti\u00f6 ja savuhormit asennettu (10.11.) &#8211; pian keitet\u00e4\u00e4n kahvit nokipannulla","datePublished":"2014-11-10T16:56:21+00:00","mainEntityOfPage":{"@id":"http:\/\/www.rukajarvensuunnanhistoriayhdistys.fi\/historiayhdistys\/kotakeittio-ja-savuhormit-asennettu-10-11-pian-keitetaan-kahvit-nokipannulla\/"},"wordCount":210,"publisher":{"@id":"http:\/\/www.rukajarvensuunnanhistoriayhdistys.fi\/historiayhdistys\/#organization"},"image":{"@id":"http:\/\/www.rukajarvensuunnanhistoriayhdistys.fi\/historiayhdistys\/kotakeittio-ja-savuhormit-asennettu-10-11-pian-keitetaan-kahvit-nokipannulla\/#primaryimage"},"thumbnailUrl":"http:\/\/www.rukajarvensuunnanhistoriayhdistys.fi\/historiayhdistys\/wp-content\/uploads\/2014\/11\/Jukolan-Motti-10-11-2014-1.jpg","articleSection":["Ajankohtaista"],"inLanguage":"fi"},{"@type":"WebPage","@id":"http:\/\/www.rukajarvensuunnanhistoriayhdistys.fi\/historiayhdistys\/kotakeittio-ja-savuhormit-asennettu-10-11-pian-keitetaan-kahvit-nokipannulla\/","url":"http:\/\/www.rukajarvensuunnanhistoriayhdistys.fi\/historiayhdistys\/kotakeittio-ja-savuhormit-asennettu-10-11-pian-keitetaan-kahvit-nokipannulla\/","name":"Kotakeitti\u00f6 ja savuhormit asennettu (10.11.) - pian keitet\u00e4\u00e4n kahvit nokipannulla - Rukaj\u00e4rven suunnan historiayhdistys","isPartOf":{"@id":"http:\/\/www.rukajarvensuunnanhistoriayhdistys.fi\/historiayhdistys\/#website"},"primaryImageOfPage":{"@id":"http:\/\/www.rukajarvensuunnanhistoriayhdistys.fi\/historiayhdistys\/kotakeittio-ja-savuhormit-asennettu-10-11-pian-keitetaan-kahvit-nokipannulla\/#primaryimage"},"image":{"@id":"http:\/\/www.rukajarvensuunnanhistoriayhdistys.fi\/historiayhdistys\/kotakeittio-ja-savuhormit-asennettu-10-11-pian-keitetaan-kahvit-nokipannulla\/#primaryimage"},"thumbnailUrl":"http:\/\/www.rukajarvensuunnanhistoriayhdistys.fi\/historiayhdistys\/wp-content\/uploads\/2014\/11\/Jukolan-Motti-10-11-2014-1.jpg","datePublished":"2014-11-10T16:56:21+00:00","breadcrumb":{"@id":"http:\/\/www.rukajarvensuunnanhistoriayhdistys.fi\/historiayhdistys\/kotakeittio-ja-savuhormit-asennettu-10-11-pian-keitetaan-kahvit-nokipannulla\/#breadcrumb"},"inLanguage":"fi","potentialAction":[{"@type":"ReadAction","target":["http:\/\/www.rukajarvensuunnanhistoriayhdistys.fi\/historiayhdistys\/kotakeittio-ja-savuhormit-asennettu-10-11-pian-keitetaan-kahvit-nokipannulla\/"]}]},{"@type":"ImageObject","inLanguage":"fi","@id":"http:\/\/www.rukajarvensuunnanhistoriayhdistys.fi\/historiayhdistys\/kotakeittio-ja-savuhormit-asennettu-10-11-pian-keitetaan-kahvit-nokipannulla\/#primaryimage","url":"http:\/\/www.rukajarvensuunnanhistoriayhdistys.fi\/historiayhdistys\/wp-content\/uploads\/2014\/11\/Jukolan-Motti-10-11-2014-1.jpg","contentUrl":"http:\/\/www.rukajarvensuunnanhistoriayhdistys.fi\/historiayhdistys\/wp-content\/uploads\/2014\/11\/Jukolan-Motti-10-11-2014-1.jpg","width":1754,"height":1240,"caption":"Heikki Turunen ja Matti Kilpel\u00e4inen nostivat kotakeitti\u00f6n hormin katolle."},{"@type":"BreadcrumbList","@id":"http:\/\/www.rukajarvensuunnanhistoriayhdistys.fi\/historiayhdistys\/kotakeittio-ja-savuhormit-asennettu-10-11-pian-keitetaan-kahvit-nokipannulla\/#breadcrumb","itemListElement":[{"@type":"ListItem","position":1,"name":"Etusivu","item":"http:\/\/www.rukajarvensuunnanhistoriayhdistys.fi\/historiayhdistys\/"},{"@type":"ListItem","position":2,"name":"Kotakeitti\u00f6 ja savuhormit asennettu (10.11.) &#8211; pian keitet\u00e4\u00e4n kahvit nokipannulla"}]},{"@type":"WebSite","@id":"http:\/\/www.rukajarvensuunnanhistoriayhdistys.fi\/historiayhdistys\/#website","url":"http:\/\/www.rukajarvensuunnanhistoriayhdistys.fi\/historiayhdistys\/","name":"Rukaj\u00e4rven suunnan historiayhdistys","description":"Rukaj\u00e4rven suunnan historiayhdistyksen verkkosivut.","publisher":{"@id":"http:\/\/www.rukajarvensuunnanhistoriayhdistys.fi\/historiayhdistys\/#organization"},"potentialAction":[{"@type":"SearchAction","target":{"@type":"EntryPoint","urlTemplate":"http:\/\/www.rukajarvensuunnanhistoriayhdistys.fi\/historiayhdistys\/?s={search_term_string}"},"query-input":{"@type":"PropertyValueSpecification","valueRequired":true,"valueName":"search_term_string"}}],"inLanguage":"fi"},{"@type":"Organization","@id":"http:\/\/www.rukajarvensuunnanhistoriayhdistys.fi\/historiayhdistys\/#organization","name":"Rukaj\u00e4rven suunnan historiayhdistys","url":"http:\/\/www.rukajarvensuunnanhistoriayhdistys.fi\/historiayhdistys\/","logo":{"@type":"ImageObject","inLanguage":"fi","@id":"http:\/\/www.rukajarvensuunnanhistoriayhdistys.fi\/historiayhdistys\/#\/schema\/logo\/image\/","url":"http:\/\/www.rukajarvensuunnanhistoriayhdistys.fi\/historiayhdistys\/wp-content\/uploads\/2013\/12\/Otsake_3.jpg","contentUrl":"http:\/\/www.rukajarvensuunnanhistoriayhdistys.fi\/historiayhdistys\/wp-content\/uploads\/2013\/12\/Otsake_3.jpg","width":1000,"height":442,"caption":"Rukaj\u00e4rven suunnan historiayhdistys"},"image":{"@id":"http:\/\/www.rukajarvensuunnanhistoriayhdistys.fi\/historiayhdistys\/#\/schema\/logo\/image\/"}},{"@type":"Person","@id":"http:\/\/www.rukajarvensuunnanhistoriayhdistys.fi\/historiayhdistys\/#\/schema\/person\/19de7db68bf72dfd2b5d7f6dfbf8454d","name":"RSHY","image":{"@type":"ImageObject","inLanguage":"fi","@id":"https:\/\/secure.gravatar.com\/avatar\/598d59263a69cc8de65fcb4f9db78d6f58c098cb0e0ba22d73377441af9fa04c?s=96&d=blank&r=g","url":"https:\/\/secure.gravatar.com\/avatar\/598d59263a69cc8de65fcb4f9db78d6f58c098cb0e0ba22d73377441af9fa04c?s=96&d=blank&r=g","contentUrl":"https:\/\/secure.gravatar.com\/avatar\/598d59263a69cc8de65fcb4f9db78d6f58c098cb0e0ba22d73377441af9fa04c?s=96&d=blank&r=g","caption":"RSHY"},"url":"http:\/\/www.rukajarvensuunnanhistoriayhdistys.fi\/historiayhdistys\/author\/rshy\/"}]}},"_links":{"self":[{"href":"http:\/\/www.rukajarvensuunnanhistoriayhdistys.fi\/historiayhdistys\/wp-json\/wp\/v2\/posts\/9486","targetHints":{"allow":["GET"]}}],"collection":[{"href":"http:\/\/www.rukajarvensuunnanhistoriayhdistys.fi\/historiayhdistys\/wp-json\/wp\/v2\/posts"}],"about":[{"href":"http:\/\/www.rukajarvensuunnanhistoriayhdistys.fi\/historiayhdistys\/wp-json\/wp\/v2\/types\/post"}],"author":[{"embeddable":true,"href":"http:\/\/www.rukajarvensuunnanhistoriayhdistys.fi\/historiayhdistys\/wp-json\/wp\/v2\/users\/3"}],"replies":[{"embeddable":true,"href":"http:\/\/www.rukajarvensuunnanhistoriayhdistys.fi\/historiayhdistys\/wp-json\/wp\/v2\/comments?post=9486"}],"version-history":[{"count":2,"href":"http:\/\/www.rukajarvensuunnanhistoriayhdistys.fi\/historiayhdistys\/wp-json\/wp\/v2\/posts\/9486\/revisions"}],"predecessor-version":[{"id":9491,"href":"http:\/\/www.rukajarvensuunnanhistoriayhdistys.fi\/historiayhdistys\/wp-json\/wp\/v2\/posts\/9486\/revisions\/9491"}],"wp:attachment":[{"href":"http:\/\/www.rukajarvensuunnanhistoriayhdistys.fi\/historiayhdistys\/wp-json\/wp\/v2\/media?parent=9486"}],"wp:term":[{"taxonomy":"category","embeddable":true,"href":"http:\/\/www.rukajarvensuunnanhistoriayhdistys.fi\/historiayhdistys\/wp-json\/wp\/v2\/categories?post=9486"},{"taxonomy":"post_tag","embeddable":true,"href":"http:\/\/www.rukajarvensuunnanhistoriayhdistys.fi\/historiayhdistys\/wp-json\/wp\/v2\/tags?post=9486"}],"curies":[{"name":"wp","href":"https:\/\/api.w.org\/{rel}","templated":true}]}}