{"id":9492,"date":"2014-11-11T19:04:17","date_gmt":"2014-11-11T17:04:17","guid":{"rendered":"http:\/\/www.rukajarvensuunnanhistoriayhdistys.fi\/historiayhdistys\/?p=9492"},"modified":"2019-09-02T15:01:12","modified_gmt":"2019-09-02T12:01:12","slug":"jukolan-motissa-vietettiin-hiljainen-hetki-11-11-2014","status":"publish","type":"post","link":"http:\/\/www.rukajarvensuunnanhistoriayhdistys.fi\/historiayhdistys\/jukolan-motissa-vietettiin-hiljainen-hetki-11-11-2014\/","title":{"rendered":"Jukolan Motissa vietettiin hiljainen hetki (11.11.2014)"},"content":{"rendered":"<div class=\"fcbkbttn_buttons_block\" id=\"fcbkbttn_left\"><div class=\"fcbkbttn_like \"><fb:like href=\"http:\/\/www.rukajarvensuunnanhistoriayhdistys.fi\/historiayhdistys\/jukolan-motissa-vietettiin-hiljainen-hetki-11-11-2014\/\" action=\"like\" colorscheme=\"light\" layout=\"button_count\"  size=\"small\"><\/fb:like><\/div><\/div><p>Jukolan Motissa vietettiin hiljainen hetki Kansainv\u00e4lisen veteraani- ja kaatuneitten p\u00e4iv\u00e4n kunniaksi. Ensimm\u00e4inen maailmansota p\u00e4\u00e4ttyi 11.11.1918, joka nimettiin veteraanien kaatuneitten muistop\u00e4iv\u00e4ksi. Ensimm\u00e4isess\u00e4 maailmansodassa kaatui kaikkiaan 17,6 miljoonaa ihmist\u00e4 ja toisessa maailmansodassa menehtyi kaikkiaan 62,5 miljoonaa ihmist\u00e4. Suomen kaatuneitten m\u00e4\u00e4r\u00e4 toisessa maailmansodan taisteluissa oli n. 95.000 ja siviilej\u00e4 kaatui 2.000 henke\u00e4.<\/p>\n<figure id=\"attachment_9497\" aria-describedby=\"caption-attachment-9497\" style=\"width: 1754px\" class=\"wp-caption alignnone\"><a href=\"http:\/\/www.rukajarvensuunnanhistoriayhdistys.fi\/historiayhdistys\/wp-content\/uploads\/2014\/11\/Jukolan-Motti-11-11-2014-1.jpg\"><img loading=\"lazy\" decoding=\"async\" class=\"wp-image-9497 size-full\" src=\"http:\/\/www.rukajarvensuunnanhistoriayhdistys.fi\/historiayhdistys\/wp-content\/uploads\/2014\/11\/Jukolan-Motti-11-11-2014-1.jpg\" alt=\"Talkoomiehet pitiv\u00e4t hiljaisen hetken Kansainv\u00e4lisen veteraani- ja kaatuneittenp\u00e4iv\u00e4n kunniaksi. Vasemmalta, Tuomo Martikainen, Raimo Saviranta ja Matti Kilpel\u00e4inen. Kuva Tenho Tikkanen.\" width=\"1754\" height=\"1240\" data-id=\"9497\" srcset=\"http:\/\/www.rukajarvensuunnanhistoriayhdistys.fi\/historiayhdistys\/wp-content\/uploads\/2014\/11\/Jukolan-Motti-11-11-2014-1.jpg 1754w, http:\/\/www.rukajarvensuunnanhistoriayhdistys.fi\/historiayhdistys\/wp-content\/uploads\/2014\/11\/Jukolan-Motti-11-11-2014-1-300x212.jpg 300w, http:\/\/www.rukajarvensuunnanhistoriayhdistys.fi\/historiayhdistys\/wp-content\/uploads\/2014\/11\/Jukolan-Motti-11-11-2014-1-1024x723.jpg 1024w\" sizes=\"auto, (max-width: 1754px) 100vw, 1754px\" \/><\/a><figcaption id=\"caption-attachment-9497\" class=\"wp-caption-text\">Talkoomiehet pitiv\u00e4t hiljaisen hetken Kansainv\u00e4lisen veteraani- ja kaatuneittenp\u00e4iv\u00e4n kunniaksi. Vasemmalta, Tuomo Martikainen, Raimo Saviranta ja Matti Kilpel\u00e4inen. Kuva Tenho Tikkanen.<\/figcaption><\/figure>\n<h1><\/h1>\n<figure id=\"attachment_9493\" aria-describedby=\"caption-attachment-9493\" style=\"width: 1754px\" class=\"wp-caption alignnone\"><a href=\"http:\/\/www.rukajarvensuunnanhistoriayhdistys.fi\/historiayhdistys\/wp-content\/uploads\/2014\/11\/Jukolan-Motti-11-11-2014-3.jpg\"><img loading=\"lazy\" decoding=\"async\" class=\"wp-image-9493 size-full\" src=\"http:\/\/www.rukajarvensuunnanhistoriayhdistys.fi\/historiayhdistys\/wp-content\/uploads\/2014\/11\/Jukolan-Motti-11-11-2014-3.jpg\" alt=\"Kansainv\u00e4lisen veteraani- ja kaatuneitten muistop\u00e4iv\u00e4n kunniaksi sytytettiin Jukolan Motissa kynttil\u00e4t. Kuten kuvasta voi n\u00e4hd\u00e4 satoi rankasti ja soratie muuttui soravelliksi.\" width=\"1754\" height=\"1240\" data-id=\"9493\" srcset=\"http:\/\/www.rukajarvensuunnanhistoriayhdistys.fi\/historiayhdistys\/wp-content\/uploads\/2014\/11\/Jukolan-Motti-11-11-2014-3.jpg 1754w, http:\/\/www.rukajarvensuunnanhistoriayhdistys.fi\/historiayhdistys\/wp-content\/uploads\/2014\/11\/Jukolan-Motti-11-11-2014-3-300x212.jpg 300w, http:\/\/www.rukajarvensuunnanhistoriayhdistys.fi\/historiayhdistys\/wp-content\/uploads\/2014\/11\/Jukolan-Motti-11-11-2014-3-1024x723.jpg 1024w\" sizes=\"auto, (max-width: 1754px) 100vw, 1754px\" \/><\/a><figcaption id=\"caption-attachment-9493\" class=\"wp-caption-text\">Kansainv\u00e4lisen veteraani- ja kaatuneitten muistop\u00e4iv\u00e4n kunniaksi sytytettiin Jukolan Motissa kynttil\u00e4t. Kuten kuvasta voi n\u00e4hd\u00e4 satoi rankasti ja soratie muuttui soravelliksi.<\/figcaption><\/figure>\n<figure id=\"attachment_9498\" aria-describedby=\"caption-attachment-9498\" style=\"width: 1754px\" class=\"wp-caption alignnone\"><a href=\"http:\/\/www.rukajarvensuunnanhistoriayhdistys.fi\/historiayhdistys\/wp-content\/uploads\/2014\/11\/Jukolan-Motti-11-11-2014-6.jpg\"><img loading=\"lazy\" decoding=\"async\" class=\"wp-image-9498 size-full\" src=\"http:\/\/www.rukajarvensuunnanhistoriayhdistys.fi\/historiayhdistys\/wp-content\/uploads\/2014\/11\/Jukolan-Motti-11-11-2014-6.jpg\" alt=\"Nyt se on harjassa. Harjan korkeimmalle kohden on asetettu huovat ja huomenna voidaan purkaa pois ymp\u00e4rille tehdyt rakennustelineet.\" width=\"1754\" height=\"1240\" data-id=\"9498\" srcset=\"http:\/\/www.rukajarvensuunnanhistoriayhdistys.fi\/historiayhdistys\/wp-content\/uploads\/2014\/11\/Jukolan-Motti-11-11-2014-6.jpg 1754w, http:\/\/www.rukajarvensuunnanhistoriayhdistys.fi\/historiayhdistys\/wp-content\/uploads\/2014\/11\/Jukolan-Motti-11-11-2014-6-300x212.jpg 300w, http:\/\/www.rukajarvensuunnanhistoriayhdistys.fi\/historiayhdistys\/wp-content\/uploads\/2014\/11\/Jukolan-Motti-11-11-2014-6-1024x723.jpg 1024w\" sizes=\"auto, (max-width: 1754px) 100vw, 1754px\" \/><\/a><figcaption id=\"caption-attachment-9498\" class=\"wp-caption-text\">Nyt se on harjassa. Harjan korkeimmalle kohden on asetettu huovat ja huomenna voidaan purkaa pois ymp\u00e4rille tehdyt rakennustelineet. Tulisoihdut sytytettiin kodan oven pieleen Kansainv\u00e4lisen veteraani- ja kaatuneitten muistop\u00e4iv\u00e4n kunniaksi.<\/figcaption><\/figure>\n<h1><\/h1>\n<h1>Lieksan Yritt\u00e4j\u00e4t tukevat Jukolan Motin kotahanketta<\/h1>\n<p>Lieksan yritt\u00e4jien puheenjohtaja Ville V\u00e4nsk\u00e4 vieraili Jukolan Motissa. Kota on suunniteltu alunperin Villen idean mukaisesti. Ville V\u00e4nsk\u00e4 huolehti my\u00f6s siit\u00e4, ett\u00e4 kodan katon aluslaudoitus h\u00f6yl\u00e4ttiin talkooperiaatteella. Lieksan yritt\u00e4jien hallituksen j\u00e4sen PR-Aitan omistaja ja toimitusjohtaja Jari Heiskanen on my\u00f6s suhtautunut hankkeeseen my\u00f6nteisesti my\u00f6nt\u00e4en ostoksille huomattavia alennuksia. Lieksan yritt\u00e4jien ja Jongunjoen kyl\u00e4seuran kaikkinainen tuki ovat olleet tervetulleet ja edesauttaneet hankkeen joutuisaa toteuttamista ennen talven tuloa.<\/p>\n<figure id=\"attachment_9494\" aria-describedby=\"caption-attachment-9494\" style=\"width: 1754px\" class=\"wp-caption alignnone\"><a href=\"http:\/\/www.rukajarvensuunnanhistoriayhdistys.fi\/historiayhdistys\/wp-content\/uploads\/2014\/11\/Jukolan-Motti-11-11-2014-4.jpg\"><img loading=\"lazy\" decoding=\"async\" class=\"wp-image-9494 size-full\" src=\"http:\/\/www.rukajarvensuunnanhistoriayhdistys.fi\/historiayhdistys\/wp-content\/uploads\/2014\/11\/Jukolan-Motti-11-11-2014-4.jpg\" alt=\"Varusteet kastuivat t\u00e4n\u00e4\u00e4n t\u00e4ysin. Kuvassa Matti Kilpel\u00e4inen, Tuomo Martikainen , Raimo Saviranta ja Ville V\u00e4nsk\u00e4.\" width=\"1754\" height=\"1240\" data-id=\"9494\" srcset=\"http:\/\/www.rukajarvensuunnanhistoriayhdistys.fi\/historiayhdistys\/wp-content\/uploads\/2014\/11\/Jukolan-Motti-11-11-2014-4.jpg 1754w, http:\/\/www.rukajarvensuunnanhistoriayhdistys.fi\/historiayhdistys\/wp-content\/uploads\/2014\/11\/Jukolan-Motti-11-11-2014-4-300x212.jpg 300w, http:\/\/www.rukajarvensuunnanhistoriayhdistys.fi\/historiayhdistys\/wp-content\/uploads\/2014\/11\/Jukolan-Motti-11-11-2014-4-1024x723.jpg 1024w\" sizes=\"auto, (max-width: 1754px) 100vw, 1754px\" \/><\/a><figcaption id=\"caption-attachment-9494\" class=\"wp-caption-text\">Varusteet kastuivat t\u00e4n\u00e4\u00e4n t\u00e4ysin. Kuvassa Matti Kilpel\u00e4inen, Tuomo Martikainen , Raimo Saviranta ja Ville V\u00e4nsk\u00e4.<\/figcaption><\/figure>\n<figure id=\"attachment_9495\" aria-describedby=\"caption-attachment-9495\" style=\"width: 1754px\" class=\"wp-caption alignnone\"><a href=\"http:\/\/www.rukajarvensuunnanhistoriayhdistys.fi\/historiayhdistys\/wp-content\/uploads\/2014\/11\/Jukolan-Motti-11-11-2014-5.jpg\"><img loading=\"lazy\" decoding=\"async\" class=\"wp-image-9495 size-full\" src=\"http:\/\/www.rukajarvensuunnanhistoriayhdistys.fi\/historiayhdistys\/wp-content\/uploads\/2014\/11\/Jukolan-Motti-11-11-2014-5.jpg\" alt=\"Ville V\u00e4nsk\u00e4\u00e4 kiinnosti rakennusammattilaisena kattorakenteet. Kuvassa Ville V\u00e4nsk\u00e4, Tuomo Martikainen, Raimo Saviranta ja Matti Kilpel\u00e4inen.\" width=\"1754\" height=\"1240\" data-id=\"9495\" srcset=\"http:\/\/www.rukajarvensuunnanhistoriayhdistys.fi\/historiayhdistys\/wp-content\/uploads\/2014\/11\/Jukolan-Motti-11-11-2014-5.jpg 1754w, http:\/\/www.rukajarvensuunnanhistoriayhdistys.fi\/historiayhdistys\/wp-content\/uploads\/2014\/11\/Jukolan-Motti-11-11-2014-5-300x212.jpg 300w, http:\/\/www.rukajarvensuunnanhistoriayhdistys.fi\/historiayhdistys\/wp-content\/uploads\/2014\/11\/Jukolan-Motti-11-11-2014-5-1024x723.jpg 1024w\" sizes=\"auto, (max-width: 1754px) 100vw, 1754px\" \/><\/a><figcaption id=\"caption-attachment-9495\" class=\"wp-caption-text\">Ville V\u00e4nsk\u00e4\u00e4 kiinnosti rakennusammattilaisena kattorakenteet. Kuvassa Ville V\u00e4nsk\u00e4, Tuomo Martikainen, Raimo Saviranta ja Matti Kilpel\u00e4inen.<\/figcaption><\/figure>\n<figure id=\"attachment_9496\" aria-describedby=\"caption-attachment-9496\" style=\"width: 1754px\" class=\"wp-caption alignnone\"><a href=\"http:\/\/www.rukajarvensuunnanhistoriayhdistys.fi\/historiayhdistys\/wp-content\/uploads\/2014\/11\/Jukolan-Motti-11-11-2014-2.jpg\"><img loading=\"lazy\" decoding=\"async\" class=\"wp-image-9496 size-full\" src=\"http:\/\/www.rukajarvensuunnanhistoriayhdistys.fi\/historiayhdistys\/wp-content\/uploads\/2014\/11\/Jukolan-Motti-11-11-2014-2.jpg\" alt=\"Rukaj\u00e4rven tiell\u00e4 matkaaville yleisohjeena on, ett\u00e4 Annukan baarissa tulee nauttia kahvit ja Annukan tuoreet leivonnaiset. Annukan kahvio on Nurmij\u00e4rven kyl\u00e4ll\u00e4 ja matkaa vain n. 5 kilometri\u00e4 Jukolan Mottiin.\" width=\"1754\" height=\"1240\" data-id=\"9496\" srcset=\"http:\/\/www.rukajarvensuunnanhistoriayhdistys.fi\/historiayhdistys\/wp-content\/uploads\/2014\/11\/Jukolan-Motti-11-11-2014-2.jpg 1754w, http:\/\/www.rukajarvensuunnanhistoriayhdistys.fi\/historiayhdistys\/wp-content\/uploads\/2014\/11\/Jukolan-Motti-11-11-2014-2-300x212.jpg 300w, http:\/\/www.rukajarvensuunnanhistoriayhdistys.fi\/historiayhdistys\/wp-content\/uploads\/2014\/11\/Jukolan-Motti-11-11-2014-2-1024x723.jpg 1024w\" sizes=\"auto, (max-width: 1754px) 100vw, 1754px\" \/><\/a><figcaption id=\"caption-attachment-9496\" class=\"wp-caption-text\">Rukaj\u00e4rven tiell\u00e4 matkaaville yleisohjeena on, ett\u00e4 Annukan baarissa tulee nauttia kahvit ja Annukan tuoreet leivonnaiset. Annukan kahvio on Nurmij\u00e4rven kyl\u00e4ll\u00e4 ja matkaa vain n. 5 kilometri\u00e4 Jukolan Mottiin.<\/figcaption><\/figure>\n<h1>70 vuotta sitten Jukolan Motissa (11.11.44)<\/h1>\n<p>Sotap\u00e4iv\u00e4kirja (9.\/JR 10) &#8221;Pilvinen kostea s\u00e4\u00e4, navakka etel\u00e4tuuli. P\u00e4iv\u00e4n kuluessa asevarustuksen luovutus.&#8221; Aivan samanlainen s\u00e4\u00e4 kuin t\u00e4n\u00e4\u00e4n 11.11.2014. L\u00e4mp\u00f6asteita 5, sadetta ja navakka etel\u00e4tuuli.<\/p>\n","protected":false},"excerpt":{"rendered":"<p>Jukolan Motissa vietettiin hiljainen hetki Kansainv\u00e4lisen veteraani- ja kaatuneitten p\u00e4iv\u00e4n kunniaksi. Ensimm\u00e4inen maailmansota p\u00e4\u00e4ttyi 11.11.1918, joka nimettiin veteraanien kaatuneitten muistop\u00e4iv\u00e4ksi. Ensimm\u00e4isess\u00e4 maailmansodassa kaatui kaikkiaan 17,6 miljoonaa ihmist\u00e4 ja toisessa maailmansodassa <a class=\"more-link\" href=\"http:\/\/www.rukajarvensuunnanhistoriayhdistys.fi\/historiayhdistys\/jukolan-motissa-vietettiin-hiljainen-hetki-11-11-2014\/\">Teksti jatkuu&#8230;<span class=\"screen-reader-text\">Jukolan Motissa vietettiin hiljainen hetki (11.11.2014)<\/span><span class=\"meta-nav\">\u2192<\/span><\/a><\/p>\n","protected":false},"author":3,"featured_media":9497,"comment_status":"closed","ping_status":"open","sticky":false,"template":"","format":"standard","meta":{"footnotes":""},"categories":[22],"tags":[],"class_list":["post-9492","post","type-post","status-publish","format-standard","has-post-thumbnail","hentry","category-ajankohtaista"],"yoast_head":"<!-- This site is optimized with the Yoast SEO plugin v27.4 - https:\/\/yoast.com\/product\/yoast-seo-wordpress\/ -->\n<title>Jukolan Motissa vietettiin hiljainen hetki (11.11.2014) - Rukaj\u00e4rven suunnan historiayhdistys<\/title>\n<meta name=\"robots\" content=\"index, follow, max-snippet:-1, max-image-preview:large, max-video-preview:-1\" \/>\n<link rel=\"canonical\" href=\"http:\/\/www.rukajarvensuunnanhistoriayhdistys.fi\/historiayhdistys\/jukolan-motissa-vietettiin-hiljainen-hetki-11-11-2014\/\" \/>\n<meta property=\"og:locale\" content=\"fi_FI\" \/>\n<meta property=\"og:type\" content=\"article\" \/>\n<meta property=\"og:title\" content=\"Jukolan Motissa vietettiin hiljainen hetki (11.11.2014) - Rukaj\u00e4rven suunnan historiayhdistys\" \/>\n<meta property=\"og:description\" content=\"Jukolan Motissa vietettiin hiljainen hetki Kansainv\u00e4lisen veteraani- ja kaatuneitten p\u00e4iv\u00e4n kunniaksi. Ensimm\u00e4inen maailmansota p\u00e4\u00e4ttyi 11.11.1918, joka nimettiin veteraanien kaatuneitten muistop\u00e4iv\u00e4ksi. Ensimm\u00e4isess\u00e4 maailmansodassa kaatui kaikkiaan 17,6 miljoonaa ihmist\u00e4 ja toisessa maailmansodassa Teksti jatkuu...Jukolan Motissa vietettiin hiljainen hetki (11.11.2014)\u2192\" \/>\n<meta property=\"og:url\" content=\"http:\/\/www.rukajarvensuunnanhistoriayhdistys.fi\/historiayhdistys\/jukolan-motissa-vietettiin-hiljainen-hetki-11-11-2014\/\" \/>\n<meta property=\"og:site_name\" content=\"Rukaj\u00e4rven suunnan historiayhdistys\" \/>\n<meta property=\"article:published_time\" content=\"2014-11-11T17:04:17+00:00\" \/>\n<meta property=\"article:modified_time\" content=\"2019-09-02T12:01:12+00:00\" \/>\n<meta property=\"og:image\" content=\"http:\/\/www.rukajarvensuunnanhistoriayhdistys.fi\/historiayhdistys\/wp-content\/uploads\/2014\/11\/Jukolan-Motti-11-11-2014-1.jpg\" \/>\n\t<meta property=\"og:image:width\" content=\"1754\" \/>\n\t<meta property=\"og:image:height\" content=\"1240\" \/>\n\t<meta property=\"og:image:type\" content=\"image\/jpeg\" \/>\n<meta name=\"author\" content=\"RSHY\" \/>\n<meta name=\"twitter:label1\" content=\"Kirjoittanut\" \/>\n\t<meta name=\"twitter:data1\" content=\"RSHY\" \/>\n\t<meta name=\"twitter:label2\" content=\"Arvioitu lukuaika\" \/>\n\t<meta name=\"twitter:data2\" content=\"2 minuuttia\" \/>\n<script type=\"application\/ld+json\" class=\"yoast-schema-graph\">{\"@context\":\"https:\\\/\\\/schema.org\",\"@graph\":[{\"@type\":\"Article\",\"@id\":\"http:\\\/\\\/www.rukajarvensuunnanhistoriayhdistys.fi\\\/historiayhdistys\\\/jukolan-motissa-vietettiin-hiljainen-hetki-11-11-2014\\\/#article\",\"isPartOf\":{\"@id\":\"http:\\\/\\\/www.rukajarvensuunnanhistoriayhdistys.fi\\\/historiayhdistys\\\/jukolan-motissa-vietettiin-hiljainen-hetki-11-11-2014\\\/\"},\"author\":{\"name\":\"RSHY\",\"@id\":\"http:\\\/\\\/www.rukajarvensuunnanhistoriayhdistys.fi\\\/historiayhdistys\\\/#\\\/schema\\\/person\\\/19de7db68bf72dfd2b5d7f6dfbf8454d\"},\"headline\":\"Jukolan Motissa vietettiin hiljainen hetki (11.11.2014)\",\"datePublished\":\"2014-11-11T17:04:17+00:00\",\"dateModified\":\"2019-09-02T12:01:12+00:00\",\"mainEntityOfPage\":{\"@id\":\"http:\\\/\\\/www.rukajarvensuunnanhistoriayhdistys.fi\\\/historiayhdistys\\\/jukolan-motissa-vietettiin-hiljainen-hetki-11-11-2014\\\/\"},\"wordCount\":370,\"publisher\":{\"@id\":\"http:\\\/\\\/www.rukajarvensuunnanhistoriayhdistys.fi\\\/historiayhdistys\\\/#organization\"},\"image\":{\"@id\":\"http:\\\/\\\/www.rukajarvensuunnanhistoriayhdistys.fi\\\/historiayhdistys\\\/jukolan-motissa-vietettiin-hiljainen-hetki-11-11-2014\\\/#primaryimage\"},\"thumbnailUrl\":\"http:\\\/\\\/www.rukajarvensuunnanhistoriayhdistys.fi\\\/historiayhdistys\\\/wp-content\\\/uploads\\\/2014\\\/11\\\/Jukolan-Motti-11-11-2014-1.jpg\",\"articleSection\":[\"Ajankohtaista\"],\"inLanguage\":\"fi\"},{\"@type\":\"WebPage\",\"@id\":\"http:\\\/\\\/www.rukajarvensuunnanhistoriayhdistys.fi\\\/historiayhdistys\\\/jukolan-motissa-vietettiin-hiljainen-hetki-11-11-2014\\\/\",\"url\":\"http:\\\/\\\/www.rukajarvensuunnanhistoriayhdistys.fi\\\/historiayhdistys\\\/jukolan-motissa-vietettiin-hiljainen-hetki-11-11-2014\\\/\",\"name\":\"Jukolan Motissa vietettiin hiljainen hetki (11.11.2014) - Rukaj\u00e4rven suunnan historiayhdistys\",\"isPartOf\":{\"@id\":\"http:\\\/\\\/www.rukajarvensuunnanhistoriayhdistys.fi\\\/historiayhdistys\\\/#website\"},\"primaryImageOfPage\":{\"@id\":\"http:\\\/\\\/www.rukajarvensuunnanhistoriayhdistys.fi\\\/historiayhdistys\\\/jukolan-motissa-vietettiin-hiljainen-hetki-11-11-2014\\\/#primaryimage\"},\"image\":{\"@id\":\"http:\\\/\\\/www.rukajarvensuunnanhistoriayhdistys.fi\\\/historiayhdistys\\\/jukolan-motissa-vietettiin-hiljainen-hetki-11-11-2014\\\/#primaryimage\"},\"thumbnailUrl\":\"http:\\\/\\\/www.rukajarvensuunnanhistoriayhdistys.fi\\\/historiayhdistys\\\/wp-content\\\/uploads\\\/2014\\\/11\\\/Jukolan-Motti-11-11-2014-1.jpg\",\"datePublished\":\"2014-11-11T17:04:17+00:00\",\"dateModified\":\"2019-09-02T12:01:12+00:00\",\"breadcrumb\":{\"@id\":\"http:\\\/\\\/www.rukajarvensuunnanhistoriayhdistys.fi\\\/historiayhdistys\\\/jukolan-motissa-vietettiin-hiljainen-hetki-11-11-2014\\\/#breadcrumb\"},\"inLanguage\":\"fi\",\"potentialAction\":[{\"@type\":\"ReadAction\",\"target\":[\"http:\\\/\\\/www.rukajarvensuunnanhistoriayhdistys.fi\\\/historiayhdistys\\\/jukolan-motissa-vietettiin-hiljainen-hetki-11-11-2014\\\/\"]}]},{\"@type\":\"ImageObject\",\"inLanguage\":\"fi\",\"@id\":\"http:\\\/\\\/www.rukajarvensuunnanhistoriayhdistys.fi\\\/historiayhdistys\\\/jukolan-motissa-vietettiin-hiljainen-hetki-11-11-2014\\\/#primaryimage\",\"url\":\"http:\\\/\\\/www.rukajarvensuunnanhistoriayhdistys.fi\\\/historiayhdistys\\\/wp-content\\\/uploads\\\/2014\\\/11\\\/Jukolan-Motti-11-11-2014-1.jpg\",\"contentUrl\":\"http:\\\/\\\/www.rukajarvensuunnanhistoriayhdistys.fi\\\/historiayhdistys\\\/wp-content\\\/uploads\\\/2014\\\/11\\\/Jukolan-Motti-11-11-2014-1.jpg\",\"width\":1754,\"height\":1240,\"caption\":\"Talkoomiehet pitiv\u00e4t hiljaisen hetken Kansainv\u00e4lisen veteraani- ja kaatuneittenp\u00e4iv\u00e4n kunniaksi. Vasemmalta, Tuomo Martikainen, Raimo Saviranta ja Matti Kilpel\u00e4inen. Kuva Tenho Tikkanen.\"},{\"@type\":\"BreadcrumbList\",\"@id\":\"http:\\\/\\\/www.rukajarvensuunnanhistoriayhdistys.fi\\\/historiayhdistys\\\/jukolan-motissa-vietettiin-hiljainen-hetki-11-11-2014\\\/#breadcrumb\",\"itemListElement\":[{\"@type\":\"ListItem\",\"position\":1,\"name\":\"Etusivu\",\"item\":\"http:\\\/\\\/www.rukajarvensuunnanhistoriayhdistys.fi\\\/historiayhdistys\\\/\"},{\"@type\":\"ListItem\",\"position\":2,\"name\":\"Jukolan Motissa vietettiin hiljainen hetki (11.11.2014)\"}]},{\"@type\":\"WebSite\",\"@id\":\"http:\\\/\\\/www.rukajarvensuunnanhistoriayhdistys.fi\\\/historiayhdistys\\\/#website\",\"url\":\"http:\\\/\\\/www.rukajarvensuunnanhistoriayhdistys.fi\\\/historiayhdistys\\\/\",\"name\":\"Rukaj\u00e4rven suunnan historiayhdistys\",\"description\":\"Rukaj\u00e4rven suunnan historiayhdistyksen verkkosivut.\",\"publisher\":{\"@id\":\"http:\\\/\\\/www.rukajarvensuunnanhistoriayhdistys.fi\\\/historiayhdistys\\\/#organization\"},\"potentialAction\":[{\"@type\":\"SearchAction\",\"target\":{\"@type\":\"EntryPoint\",\"urlTemplate\":\"http:\\\/\\\/www.rukajarvensuunnanhistoriayhdistys.fi\\\/historiayhdistys\\\/?s={search_term_string}\"},\"query-input\":{\"@type\":\"PropertyValueSpecification\",\"valueRequired\":true,\"valueName\":\"search_term_string\"}}],\"inLanguage\":\"fi\"},{\"@type\":\"Organization\",\"@id\":\"http:\\\/\\\/www.rukajarvensuunnanhistoriayhdistys.fi\\\/historiayhdistys\\\/#organization\",\"name\":\"Rukaj\u00e4rven suunnan historiayhdistys\",\"url\":\"http:\\\/\\\/www.rukajarvensuunnanhistoriayhdistys.fi\\\/historiayhdistys\\\/\",\"logo\":{\"@type\":\"ImageObject\",\"inLanguage\":\"fi\",\"@id\":\"http:\\\/\\\/www.rukajarvensuunnanhistoriayhdistys.fi\\\/historiayhdistys\\\/#\\\/schema\\\/logo\\\/image\\\/\",\"url\":\"http:\\\/\\\/www.rukajarvensuunnanhistoriayhdistys.fi\\\/historiayhdistys\\\/wp-content\\\/uploads\\\/2013\\\/12\\\/Otsake_3.jpg\",\"contentUrl\":\"http:\\\/\\\/www.rukajarvensuunnanhistoriayhdistys.fi\\\/historiayhdistys\\\/wp-content\\\/uploads\\\/2013\\\/12\\\/Otsake_3.jpg\",\"width\":1000,\"height\":442,\"caption\":\"Rukaj\u00e4rven suunnan historiayhdistys\"},\"image\":{\"@id\":\"http:\\\/\\\/www.rukajarvensuunnanhistoriayhdistys.fi\\\/historiayhdistys\\\/#\\\/schema\\\/logo\\\/image\\\/\"}},{\"@type\":\"Person\",\"@id\":\"http:\\\/\\\/www.rukajarvensuunnanhistoriayhdistys.fi\\\/historiayhdistys\\\/#\\\/schema\\\/person\\\/19de7db68bf72dfd2b5d7f6dfbf8454d\",\"name\":\"RSHY\",\"image\":{\"@type\":\"ImageObject\",\"inLanguage\":\"fi\",\"@id\":\"https:\\\/\\\/secure.gravatar.com\\\/avatar\\\/598d59263a69cc8de65fcb4f9db78d6f58c098cb0e0ba22d73377441af9fa04c?s=96&d=blank&r=g\",\"url\":\"https:\\\/\\\/secure.gravatar.com\\\/avatar\\\/598d59263a69cc8de65fcb4f9db78d6f58c098cb0e0ba22d73377441af9fa04c?s=96&d=blank&r=g\",\"contentUrl\":\"https:\\\/\\\/secure.gravatar.com\\\/avatar\\\/598d59263a69cc8de65fcb4f9db78d6f58c098cb0e0ba22d73377441af9fa04c?s=96&d=blank&r=g\",\"caption\":\"RSHY\"},\"url\":\"http:\\\/\\\/www.rukajarvensuunnanhistoriayhdistys.fi\\\/historiayhdistys\\\/author\\\/rshy\\\/\"}]}<\/script>\n<!-- \/ Yoast SEO plugin. -->","yoast_head_json":{"title":"Jukolan Motissa vietettiin hiljainen hetki (11.11.2014) - Rukaj\u00e4rven suunnan historiayhdistys","robots":{"index":"index","follow":"follow","max-snippet":"max-snippet:-1","max-image-preview":"max-image-preview:large","max-video-preview":"max-video-preview:-1"},"canonical":"http:\/\/www.rukajarvensuunnanhistoriayhdistys.fi\/historiayhdistys\/jukolan-motissa-vietettiin-hiljainen-hetki-11-11-2014\/","og_locale":"fi_FI","og_type":"article","og_title":"Jukolan Motissa vietettiin hiljainen hetki (11.11.2014) - Rukaj\u00e4rven suunnan historiayhdistys","og_description":"Jukolan Motissa vietettiin hiljainen hetki Kansainv\u00e4lisen veteraani- ja kaatuneitten p\u00e4iv\u00e4n kunniaksi. Ensimm\u00e4inen maailmansota p\u00e4\u00e4ttyi 11.11.1918, joka nimettiin veteraanien kaatuneitten muistop\u00e4iv\u00e4ksi. Ensimm\u00e4isess\u00e4 maailmansodassa kaatui kaikkiaan 17,6 miljoonaa ihmist\u00e4 ja toisessa maailmansodassa Teksti jatkuu...Jukolan Motissa vietettiin hiljainen hetki (11.11.2014)\u2192","og_url":"http:\/\/www.rukajarvensuunnanhistoriayhdistys.fi\/historiayhdistys\/jukolan-motissa-vietettiin-hiljainen-hetki-11-11-2014\/","og_site_name":"Rukaj\u00e4rven suunnan historiayhdistys","article_published_time":"2014-11-11T17:04:17+00:00","article_modified_time":"2019-09-02T12:01:12+00:00","og_image":[{"width":1754,"height":1240,"url":"http:\/\/www.rukajarvensuunnanhistoriayhdistys.fi\/historiayhdistys\/wp-content\/uploads\/2014\/11\/Jukolan-Motti-11-11-2014-1.jpg","type":"image\/jpeg"}],"author":"RSHY","twitter_misc":{"Kirjoittanut":"RSHY","Arvioitu lukuaika":"2 minuuttia"},"schema":{"@context":"https:\/\/schema.org","@graph":[{"@type":"Article","@id":"http:\/\/www.rukajarvensuunnanhistoriayhdistys.fi\/historiayhdistys\/jukolan-motissa-vietettiin-hiljainen-hetki-11-11-2014\/#article","isPartOf":{"@id":"http:\/\/www.rukajarvensuunnanhistoriayhdistys.fi\/historiayhdistys\/jukolan-motissa-vietettiin-hiljainen-hetki-11-11-2014\/"},"author":{"name":"RSHY","@id":"http:\/\/www.rukajarvensuunnanhistoriayhdistys.fi\/historiayhdistys\/#\/schema\/person\/19de7db68bf72dfd2b5d7f6dfbf8454d"},"headline":"Jukolan Motissa vietettiin hiljainen hetki (11.11.2014)","datePublished":"2014-11-11T17:04:17+00:00","dateModified":"2019-09-02T12:01:12+00:00","mainEntityOfPage":{"@id":"http:\/\/www.rukajarvensuunnanhistoriayhdistys.fi\/historiayhdistys\/jukolan-motissa-vietettiin-hiljainen-hetki-11-11-2014\/"},"wordCount":370,"publisher":{"@id":"http:\/\/www.rukajarvensuunnanhistoriayhdistys.fi\/historiayhdistys\/#organization"},"image":{"@id":"http:\/\/www.rukajarvensuunnanhistoriayhdistys.fi\/historiayhdistys\/jukolan-motissa-vietettiin-hiljainen-hetki-11-11-2014\/#primaryimage"},"thumbnailUrl":"http:\/\/www.rukajarvensuunnanhistoriayhdistys.fi\/historiayhdistys\/wp-content\/uploads\/2014\/11\/Jukolan-Motti-11-11-2014-1.jpg","articleSection":["Ajankohtaista"],"inLanguage":"fi"},{"@type":"WebPage","@id":"http:\/\/www.rukajarvensuunnanhistoriayhdistys.fi\/historiayhdistys\/jukolan-motissa-vietettiin-hiljainen-hetki-11-11-2014\/","url":"http:\/\/www.rukajarvensuunnanhistoriayhdistys.fi\/historiayhdistys\/jukolan-motissa-vietettiin-hiljainen-hetki-11-11-2014\/","name":"Jukolan Motissa vietettiin hiljainen hetki (11.11.2014) - Rukaj\u00e4rven suunnan historiayhdistys","isPartOf":{"@id":"http:\/\/www.rukajarvensuunnanhistoriayhdistys.fi\/historiayhdistys\/#website"},"primaryImageOfPage":{"@id":"http:\/\/www.rukajarvensuunnanhistoriayhdistys.fi\/historiayhdistys\/jukolan-motissa-vietettiin-hiljainen-hetki-11-11-2014\/#primaryimage"},"image":{"@id":"http:\/\/www.rukajarvensuunnanhistoriayhdistys.fi\/historiayhdistys\/jukolan-motissa-vietettiin-hiljainen-hetki-11-11-2014\/#primaryimage"},"thumbnailUrl":"http:\/\/www.rukajarvensuunnanhistoriayhdistys.fi\/historiayhdistys\/wp-content\/uploads\/2014\/11\/Jukolan-Motti-11-11-2014-1.jpg","datePublished":"2014-11-11T17:04:17+00:00","dateModified":"2019-09-02T12:01:12+00:00","breadcrumb":{"@id":"http:\/\/www.rukajarvensuunnanhistoriayhdistys.fi\/historiayhdistys\/jukolan-motissa-vietettiin-hiljainen-hetki-11-11-2014\/#breadcrumb"},"inLanguage":"fi","potentialAction":[{"@type":"ReadAction","target":["http:\/\/www.rukajarvensuunnanhistoriayhdistys.fi\/historiayhdistys\/jukolan-motissa-vietettiin-hiljainen-hetki-11-11-2014\/"]}]},{"@type":"ImageObject","inLanguage":"fi","@id":"http:\/\/www.rukajarvensuunnanhistoriayhdistys.fi\/historiayhdistys\/jukolan-motissa-vietettiin-hiljainen-hetki-11-11-2014\/#primaryimage","url":"http:\/\/www.rukajarvensuunnanhistoriayhdistys.fi\/historiayhdistys\/wp-content\/uploads\/2014\/11\/Jukolan-Motti-11-11-2014-1.jpg","contentUrl":"http:\/\/www.rukajarvensuunnanhistoriayhdistys.fi\/historiayhdistys\/wp-content\/uploads\/2014\/11\/Jukolan-Motti-11-11-2014-1.jpg","width":1754,"height":1240,"caption":"Talkoomiehet pitiv\u00e4t hiljaisen hetken Kansainv\u00e4lisen veteraani- ja kaatuneittenp\u00e4iv\u00e4n kunniaksi. Vasemmalta, Tuomo Martikainen, Raimo Saviranta ja Matti Kilpel\u00e4inen. Kuva Tenho Tikkanen."},{"@type":"BreadcrumbList","@id":"http:\/\/www.rukajarvensuunnanhistoriayhdistys.fi\/historiayhdistys\/jukolan-motissa-vietettiin-hiljainen-hetki-11-11-2014\/#breadcrumb","itemListElement":[{"@type":"ListItem","position":1,"name":"Etusivu","item":"http:\/\/www.rukajarvensuunnanhistoriayhdistys.fi\/historiayhdistys\/"},{"@type":"ListItem","position":2,"name":"Jukolan Motissa vietettiin hiljainen hetki (11.11.2014)"}]},{"@type":"WebSite","@id":"http:\/\/www.rukajarvensuunnanhistoriayhdistys.fi\/historiayhdistys\/#website","url":"http:\/\/www.rukajarvensuunnanhistoriayhdistys.fi\/historiayhdistys\/","name":"Rukaj\u00e4rven suunnan historiayhdistys","description":"Rukaj\u00e4rven suunnan historiayhdistyksen verkkosivut.","publisher":{"@id":"http:\/\/www.rukajarvensuunnanhistoriayhdistys.fi\/historiayhdistys\/#organization"},"potentialAction":[{"@type":"SearchAction","target":{"@type":"EntryPoint","urlTemplate":"http:\/\/www.rukajarvensuunnanhistoriayhdistys.fi\/historiayhdistys\/?s={search_term_string}"},"query-input":{"@type":"PropertyValueSpecification","valueRequired":true,"valueName":"search_term_string"}}],"inLanguage":"fi"},{"@type":"Organization","@id":"http:\/\/www.rukajarvensuunnanhistoriayhdistys.fi\/historiayhdistys\/#organization","name":"Rukaj\u00e4rven suunnan historiayhdistys","url":"http:\/\/www.rukajarvensuunnanhistoriayhdistys.fi\/historiayhdistys\/","logo":{"@type":"ImageObject","inLanguage":"fi","@id":"http:\/\/www.rukajarvensuunnanhistoriayhdistys.fi\/historiayhdistys\/#\/schema\/logo\/image\/","url":"http:\/\/www.rukajarvensuunnanhistoriayhdistys.fi\/historiayhdistys\/wp-content\/uploads\/2013\/12\/Otsake_3.jpg","contentUrl":"http:\/\/www.rukajarvensuunnanhistoriayhdistys.fi\/historiayhdistys\/wp-content\/uploads\/2013\/12\/Otsake_3.jpg","width":1000,"height":442,"caption":"Rukaj\u00e4rven suunnan historiayhdistys"},"image":{"@id":"http:\/\/www.rukajarvensuunnanhistoriayhdistys.fi\/historiayhdistys\/#\/schema\/logo\/image\/"}},{"@type":"Person","@id":"http:\/\/www.rukajarvensuunnanhistoriayhdistys.fi\/historiayhdistys\/#\/schema\/person\/19de7db68bf72dfd2b5d7f6dfbf8454d","name":"RSHY","image":{"@type":"ImageObject","inLanguage":"fi","@id":"https:\/\/secure.gravatar.com\/avatar\/598d59263a69cc8de65fcb4f9db78d6f58c098cb0e0ba22d73377441af9fa04c?s=96&d=blank&r=g","url":"https:\/\/secure.gravatar.com\/avatar\/598d59263a69cc8de65fcb4f9db78d6f58c098cb0e0ba22d73377441af9fa04c?s=96&d=blank&r=g","contentUrl":"https:\/\/secure.gravatar.com\/avatar\/598d59263a69cc8de65fcb4f9db78d6f58c098cb0e0ba22d73377441af9fa04c?s=96&d=blank&r=g","caption":"RSHY"},"url":"http:\/\/www.rukajarvensuunnanhistoriayhdistys.fi\/historiayhdistys\/author\/rshy\/"}]}},"_links":{"self":[{"href":"http:\/\/www.rukajarvensuunnanhistoriayhdistys.fi\/historiayhdistys\/wp-json\/wp\/v2\/posts\/9492","targetHints":{"allow":["GET"]}}],"collection":[{"href":"http:\/\/www.rukajarvensuunnanhistoriayhdistys.fi\/historiayhdistys\/wp-json\/wp\/v2\/posts"}],"about":[{"href":"http:\/\/www.rukajarvensuunnanhistoriayhdistys.fi\/historiayhdistys\/wp-json\/wp\/v2\/types\/post"}],"author":[{"embeddable":true,"href":"http:\/\/www.rukajarvensuunnanhistoriayhdistys.fi\/historiayhdistys\/wp-json\/wp\/v2\/users\/3"}],"replies":[{"embeddable":true,"href":"http:\/\/www.rukajarvensuunnanhistoriayhdistys.fi\/historiayhdistys\/wp-json\/wp\/v2\/comments?post=9492"}],"version-history":[{"count":4,"href":"http:\/\/www.rukajarvensuunnanhistoriayhdistys.fi\/historiayhdistys\/wp-json\/wp\/v2\/posts\/9492\/revisions"}],"predecessor-version":[{"id":13299,"href":"http:\/\/www.rukajarvensuunnanhistoriayhdistys.fi\/historiayhdistys\/wp-json\/wp\/v2\/posts\/9492\/revisions\/13299"}],"wp:featuredmedia":[{"embeddable":true,"href":"http:\/\/www.rukajarvensuunnanhistoriayhdistys.fi\/historiayhdistys\/wp-json\/wp\/v2\/media\/9497"}],"wp:attachment":[{"href":"http:\/\/www.rukajarvensuunnanhistoriayhdistys.fi\/historiayhdistys\/wp-json\/wp\/v2\/media?parent=9492"}],"wp:term":[{"taxonomy":"category","embeddable":true,"href":"http:\/\/www.rukajarvensuunnanhistoriayhdistys.fi\/historiayhdistys\/wp-json\/wp\/v2\/categories?post=9492"},{"taxonomy":"post_tag","embeddable":true,"href":"http:\/\/www.rukajarvensuunnanhistoriayhdistys.fi\/historiayhdistys\/wp-json\/wp\/v2\/tags?post=9492"}],"curies":[{"name":"wp","href":"https:\/\/api.w.org\/{rel}","templated":true}]}}