{"id":9502,"date":"2014-11-14T14:19:56","date_gmt":"2014-11-14T12:19:56","guid":{"rendered":"http:\/\/www.rukajarvensuunnanhistoriayhdistys.fi\/historiayhdistys\/?p=9502"},"modified":"2014-11-15T11:28:14","modified_gmt":"2014-11-15T09:28:14","slug":"kota-valmistuu-tulevan-viikon-lopulla-kiitos-talkoomiehille-ja-matille","status":"publish","type":"post","link":"http:\/\/www.rukajarvensuunnanhistoriayhdistys.fi\/historiayhdistys\/kota-valmistuu-tulevan-viikon-lopulla-kiitos-talkoomiehille-ja-matille\/","title":{"rendered":"Kota valmistuu tulevan viikon lopulla &#8211; kiitos talkoomiehille ja Matille"},"content":{"rendered":"<div class=\"fcbkbttn_buttons_block\" id=\"fcbkbttn_left\"><div class=\"fcbkbttn_like \"><fb:like href=\"http:\/\/www.rukajarvensuunnanhistoriayhdistys.fi\/historiayhdistys\/kota-valmistuu-tulevan-viikon-lopulla-kiitos-talkoomiehille-ja-matille\/\" action=\"like\" colorscheme=\"light\" layout=\"button_count\"  size=\"small\"><\/fb:like><\/div><\/div><p>Syyskuun lopulla, 26.9.2014 pyysin t\u00e4ll\u00e4 sivustolla talkoomiehi\u00e4 ilmoittautumaan kodan rakennusty\u00f6maalle. Vetoomukseni kuului: &#8221;Rukaj\u00e4rven joukot viipyiv\u00e4t Jukolan Motin alueella, rajan tuntumassa aina kotiuttamiseensa saakka. Nyt me nuoremmat saavumme samalla paikalle, &#8221;Rukaj\u00e4rven tielle&#8221; 70 vuotta my\u00f6hemmin. Tulevan viikon aikana k\u00e4ynnist\u00e4mme Jukolan Motissa laavun rakentamisen. Pyyt\u00e4isin kaikkia niit\u00e4, jotka tuntevat mielenkiintoa laavun rakentamisesta ottamaan allekirjoittaneeseen yhteytt\u00e4.&#8221;<\/p>\n<p>Yht\u00e4\u00e4n ilmoitusta ei tullut ja niinp\u00e4 ensimm\u00e4isen\u00e4 pakkasaamuna aloitimmekin pohjaty\u00f6n kaksistaan kirvesmiehen ja eli vastaavan ty\u00f6njohtaja Matti Kilpel\u00e4isen kanssa. En voinut kaikin ajoin peitell\u00e4 pettymyst\u00e4ni, usko horjui. Arvelin, ett\u00e4 n\u00e4ink\u00f6h\u00e4n t\u00e4m\u00e4 projekti j\u00e4\u00e4 kesken ja yhdistyksen saama Leader-tukip\u00e4\u00e4t\u00f6ksest\u00e4 joudutaan luopumaan. Kova pakkanen ja sateiset kelit toivat lis\u00e4mausteen ty\u00f6h\u00f6n.<\/p>\n<p>K\u00e4\u00e4nteentekev\u00e4\u00e4 oli Joungunjoen kyl\u00e4seuran mukaan tulo. Kyl\u00e4seuran puheenjohtaja Heikki Turunen, hallituksen j\u00e4sen Raimo Saviranta seisovat omilla jaloillaan ja ovat puheittensa mittaisia. Mukaan tulivat kyl\u00e4l\u00e4iset, Tuomo Martikainen, Kaj Ekholm, Matti Heikkinen sek\u00e4 Pentti K\u00e4rkk\u00e4inen. Yht\u00e4lailla tuloksekasta oli Er\u00e4eeron eli maailmankuulun luontokuvausyrityksen omistajan Eero Kortelaisen ja h\u00e4nen joukkojensa Jari Leivon, Jani Sormusen ja Mari Jannelan mukaan tuleminen. Talkoomiehi\u00e4 tuli lopulta\u00a0Yl\u00e4-Savosta, Paltamosta ja Keravalta saakka. Tietysti yhdistyksemme varapuheenjohtaja Lasse Nirhamon, Hannu Huuskosen sek\u00e4 Mauri M\u00f6nkk\u00f6sen tuki on ollut tosi merkitt\u00e4v\u00e4\u00e4.<\/p>\n<p>P\u00e4\u00e4osin n\u00e4ill\u00e4 voimin kota saadaan valmiiksi tulevan viikon lopun menness\u00e4. Talkootunteja on kertynyt 1551 tuntia ja rakentamisen alusta kaikkiaan 47 henkil\u00f6\u00e4 on osallistunut talkooty\u00f6h\u00f6n. Kaikkien talkooapu on ollut tosi t\u00e4rke\u00e4\u00e4. Luettelo julkaistaan t\u00e4ll\u00e4 sivulla ty\u00f6n lopullisesti valmistuttua. Alussa tuntemani pettymys on v\u00e4istynyt ja saamme yhdess\u00e4 iloita ty\u00f6ntuloksista.<\/p>\n<figure id=\"attachment_9504\" aria-describedby=\"caption-attachment-9504\" style=\"width: 480px\" class=\"wp-caption alignnone\"><a href=\"http:\/\/www.rukajarvensuunnanhistoriayhdistys.fi\/historiayhdistys\/wp-content\/uploads\/2014\/11\/IMG_2515-Jukolan-Motti-H-Turunen.jpg\"><img loading=\"lazy\" decoding=\"async\" class=\"wp-image-9504 size-full\" src=\"http:\/\/www.rukajarvensuunnanhistoriayhdistys.fi\/historiayhdistys\/wp-content\/uploads\/2014\/11\/IMG_2515-Jukolan-Motti-H-Turunen.jpg\" alt=\"Jukolan Motin kodan ymp\u00e4rilt\u00e4 on telineet purettu ja ne palautetaan vuokraamolle. Kuva Heikki Turunen.\" width=\"480\" height=\"360\" data-id=\"9504\" srcset=\"http:\/\/www.rukajarvensuunnanhistoriayhdistys.fi\/historiayhdistys\/wp-content\/uploads\/2014\/11\/IMG_2515-Jukolan-Motti-H-Turunen.jpg 480w, http:\/\/www.rukajarvensuunnanhistoriayhdistys.fi\/historiayhdistys\/wp-content\/uploads\/2014\/11\/IMG_2515-Jukolan-Motti-H-Turunen-300x225.jpg 300w\" sizes=\"auto, (max-width: 480px) 100vw, 480px\" \/><\/a><figcaption id=\"caption-attachment-9504\" class=\"wp-caption-text\">Jukolan Motin kodan ymp\u00e4rilt\u00e4 on telineet purettu ja ne palautetaan vuokraamolle. Kuva Heikki Turunen.<\/figcaption><\/figure>\n<h1>Sisustusty\u00f6 &#8211; ikkunat ja ovet paikalleen<\/h1>\n<p>Ty\u00f6 jatkuu ja vastaava ty\u00f6njohtaja Matti Kilpel\u00e4inen tekee ikkunat ja ovet, jotka asennetaan tulevalla viikolla.<\/p>\n<figure id=\"attachment_9503\" aria-describedby=\"caption-attachment-9503\" style=\"width: 480px\" class=\"wp-caption alignnone\"><a href=\"http:\/\/www.rukajarvensuunnanhistoriayhdistys.fi\/historiayhdistys\/wp-content\/uploads\/2014\/11\/IMG_2514-Jukolan-Motti-H-Turunen.jpg\"><img loading=\"lazy\" decoding=\"async\" class=\"wp-image-9503 size-full\" src=\"http:\/\/www.rukajarvensuunnanhistoriayhdistys.fi\/historiayhdistys\/wp-content\/uploads\/2014\/11\/IMG_2514-Jukolan-Motti-H-Turunen.jpg\" alt=\"Kodan kattaminen on valmis, ilmanvaihtokin on kunnossa. Sisustusty\u00f6t alkoivat t\u00e4n\u00e4\u00e4n. Kuvan Heikki Turunen.\" width=\"480\" height=\"360\" data-id=\"9503\" srcset=\"http:\/\/www.rukajarvensuunnanhistoriayhdistys.fi\/historiayhdistys\/wp-content\/uploads\/2014\/11\/IMG_2514-Jukolan-Motti-H-Turunen.jpg 480w, http:\/\/www.rukajarvensuunnanhistoriayhdistys.fi\/historiayhdistys\/wp-content\/uploads\/2014\/11\/IMG_2514-Jukolan-Motti-H-Turunen-300x225.jpg 300w\" sizes=\"auto, (max-width: 480px) 100vw, 480px\" \/><\/a><figcaption id=\"caption-attachment-9503\" class=\"wp-caption-text\">Kodan kattaminen on valmis, ilmanvaihtokin on kunnossa. Sisustusty\u00f6t alkoivat t\u00e4n\u00e4\u00e4n. Kuvan Heikki Turunen.<\/figcaption><\/figure>\n<h1>Jukolan Motti el\u00e4\u00e4 yh\u00e4<\/h1>\n<p>Kyl\u00e4seuran puheenjohtaja Matti Turusen is\u00e4 ylikersantiksi kohonnut Eino (s. 1.1.1921) toimi partioteht\u00e4viss\u00e4 Rukaj\u00e4rvell\u00e4 ensin 2.\/JR 10:ss\u00e4 ja sodan lopulla ErP 24:ss\u00e4. Heikki muistaa is\u00e4n kertoneen, ett\u00e4 lomalle oli kiire, normaalia lomakuljetusta nopeammin p\u00e4\u00e4si sulloutumalla pakkasellakin kuorma-auton lavalla paperis\u00e4kkiin. Siin\u00e4 tuli tosi kylm\u00e4. Jukolan Mottiin saavuttuaan h\u00e4n oli juoksujalkaa rient\u00e4nyt kotiin Nurmij\u00e4rven M\u00e4ntyl\u00e4\u00e4n n. liki 5 kilometrin matkan. Viluinen tunne ei poistunut kehosta pitk\u00e4st\u00e4 juoksumatkasta, piti saunoa ja vasta seuraavana p\u00e4iv\u00e4n\u00e4 vilunpuistatukset olivat tasaantuneet.<\/p>\n<p>N\u00e4iden kertomusten my\u00f6t\u00e4 Jukolan Motti el\u00e4\u00e4 viel\u00e4 nykyp\u00e4iv\u00e4n\u00e4kin, jatkossa pian valmistuvan kodan seinien sis\u00e4ll\u00e4 j\u00e4rjestett\u00e4vien erilaisten tilaisuuksien my\u00f6t\u00e4.<\/p>\n<p>Jukolan Motista ei ole viel\u00e4k\u00e4\u00e4n valokuvia l\u00f6ytynyt, joista olisimme kovin kiitollisia.<\/p>\n<h1>Talkooporukka poistuu Jukolan Motista t\u00e4n\u00e4\u00e4n<\/h1>\n<p>T\u00e4n\u00e4\u00e4n talkooporukka poistuu Jukolan Motista. Ty\u00f6 on tehty. Olemme seuranneet t\u00e4ll\u00e4 sivustolla kodan rakentamisen rinnalla III\/JR 10 Halosen pataljoonan 70 vuoden takaisia tapahtumia, koska he asettuivat aselevon j\u00e4lkeiseksi ajaksi juuri Jukolan Motin T\u00e4ydennyspataljoona 12:sta vapautuneisiin kasarmeihin. Aivan sattumalta 9.\/JR 10 viimeiset miehet lomautettiin juuri tarkalleen 70 vuotta sitten Jukolan Motista. Maunu Kankaanp\u00e4\u00e4 oli heid\u00e4n joukossaan, josta syyst\u00e4 julkaisemme Maunu Kankaanp\u00e4\u00e4n sotatiest\u00e4 lyhyen selvityksen. Tarkemmin Maunu Kankaanp\u00e4\u00e4n taistelutiehen voi tutustua Rukaj\u00e4rvi-keskuksissa.<\/p>\n<h1>Sotap\u00e4iv\u00e4kirja (9.\/JR 10) 14.11.44 &#8221;Pilvinen aamua, navakka pohjoistuuli.<\/h1>\n<p>Sairaalassa, lomalla ja arestissa olevat miehet siirrettiin Esik.K\/III\/JR 10:een. Luutnantti Kemppainen kotiutettiin, v\u00e4nr. Helppolainen 11. komppaniaan. Komppanian vahvuus ennen siirtoja 4+4+8+16.<\/p>\n<p>klo 13.00 l\u00e4htiv\u00e4t komppanian v\u00e4\u00e4peli ylikersantti Siponen ja korpr. Tiilikainen, komp. kirjuri, viimeisin\u00e4 kotiutettiin matkalle kaikki komppanian asiat selvitetty\u00e4\u00e4n. Komppania on lakannut olemasta. Klo 18.00 Lopetettiin sotap\u00e4iv\u00e4kirja. 9.\/JR 10:n p\u00e4\u00e4llikk\u00f6 luutn. S. Kilpel\u00e4inen.&#8221;<\/p>\n<h1>Mies palasi rintamalta &#8211; hattu j\u00e4i<\/h1>\n<p>N\u00e4iden viimeisten kotiutettujen joukossa oli komppanianp\u00e4\u00e4llik\u00f6n l\u00e4hettin\u00e4 toiminut korpraali Maunu Kankaanp\u00e4\u00e4. H\u00e4n osallistui Tahkokoskella ns. vihollisen huoltotienkatkaisutaisteluihin. Tuossa taistelussa kaatui h\u00e4nen vierelleen komppanianp\u00e4\u00e4llikk\u00f6ns\u00e4 Sukevalta kotoisin oleva ltn. Seppo H\u00e4nninen. Toinen l\u00e4hetti Ristij\u00e4rvelt\u00e4 kotoisin oleva Ilmari Jokelainen haavoittui vaikeasti ja menetti tajuntansa. Havaittuaan tilanteen Maunu Kankaanp\u00e4\u00e4 sitoi aseveljens\u00e4 k\u00e4den ja raahasi h\u00e4net suojaan. Komppania oli t\u00e4t\u00e4 ennen saanut per\u00e4\u00e4ntymisk\u00e4skyn. Suuremmat taistelut p\u00e4\u00e4ttyiv\u00e4t ja t\u00e4m\u00e4 16.8.1944 n. klo 12.00 alkanut taistelu j\u00e4i viimeiseksi Suomen ja neuvostoarmeijan v\u00e4liseksi taisteluksi.<\/p>\n<p>Maunu Kankaanp\u00e4\u00e4 on syntynyt 11.5.1923. H\u00e4net on yhdistyksemme toimesta haastateltu ja t\u00e4m\u00e4 videohaastattelu l\u00f6ytyy sek\u00e4 Iisalmen ett\u00e4 Lieksan Rukaj\u00e4rvi-keskuksista. Kunnallisneuvos Maunu Kankaanp\u00e4\u00e4 j\u00e4i el\u00e4kkeelle Vantaan kaupungin apulaiskaupunginjohtajan teht\u00e4v\u00e4st\u00e4. H\u00e4n on osallistunut yhdistyksemme j\u00e4rjest\u00e4mille Rukaj\u00e4rven matkoille ja erilaisiin tilaisuuksiin, viimeksi nostalgiselle h\u00f6yryjunamatkalle Kiuruvedelt\u00e4 Lieksaan kuluvan vuoden syyskuun alussa.<\/p>\n<figure id=\"attachment_9505\" aria-describedby=\"caption-attachment-9505\" style=\"width: 1754px\" class=\"wp-caption alignnone\"><a href=\"http:\/\/www.rukajarvensuunnanhistoriayhdistys.fi\/historiayhdistys\/wp-content\/uploads\/2014\/11\/Kuva-Ristirj\u00e4rvelt\u00e4-20-9-2013.jpg\"><img loading=\"lazy\" decoding=\"async\" class=\"wp-image-9505 size-full\" src=\"http:\/\/www.rukajarvensuunnanhistoriayhdistys.fi\/historiayhdistys\/wp-content\/uploads\/2014\/11\/Kuva-Ristirj\u00e4rvelt\u00e4-20-9-2013.jpg\" alt=\"Veteraanit tapasivat Ilmari Jokelaisen 90-vuotisjuhlissa Ristij\u00e4rvell\u00e4 20.9.2013. Veteraanit juhlap\u00f6yd\u00e4n \u00e4\u00e4rell\u00e4, istumatta 90-vuotisp\u00e4iv\u00e4\u00e4ns\u00e4 tuolloin viett\u00e4nyt Ilmari Jokelainen ja h\u00e4nen puolisonsa Rauha Ristij\u00e4rvelt\u00e4 sek\u00e4 Maunu Kankaanp\u00e4\u00e4 Vantaalta. Takana Olavi Tiittanen Juuka ja Tauno Tikkanen Kiuruvesi.\" width=\"1754\" height=\"1240\" data-id=\"9505\" srcset=\"http:\/\/www.rukajarvensuunnanhistoriayhdistys.fi\/historiayhdistys\/wp-content\/uploads\/2014\/11\/Kuva-Ristirj\u00e4rvelt\u00e4-20-9-2013.jpg 1754w, http:\/\/www.rukajarvensuunnanhistoriayhdistys.fi\/historiayhdistys\/wp-content\/uploads\/2014\/11\/Kuva-Ristirj\u00e4rvelt\u00e4-20-9-2013-300x212.jpg 300w, http:\/\/www.rukajarvensuunnanhistoriayhdistys.fi\/historiayhdistys\/wp-content\/uploads\/2014\/11\/Kuva-Ristirj\u00e4rvelt\u00e4-20-9-2013-1024x723.jpg 1024w\" sizes=\"auto, (max-width: 1754px) 100vw, 1754px\" \/><\/a><figcaption id=\"caption-attachment-9505\" class=\"wp-caption-text\">Asevelji\u00e4 &#8211; samasta yksik\u00f6st\u00e4 9.\/JR 10. Veteraanit tapasivat Ilmari Jokelaisen 90-vuotisjuhlissa Ristij\u00e4rvell\u00e4 20.9.2013. Veteraanit juhlap\u00f6yd\u00e4n \u00e4\u00e4rell\u00e4, istumatta 90-vuotisp\u00e4iv\u00e4\u00e4ns\u00e4 tuolloin viett\u00e4nyt Ilmari Jokelainen ja h\u00e4nen puolisonsa Rauha Ristij\u00e4rvelt\u00e4 sek\u00e4 Maunu Kankaanp\u00e4\u00e4 Vantaalta. Takana Olavi Tiittanen Juuka ja Tauno Tikkanen Kiuruvesi.<\/figcaption><\/figure>\n<h1><\/h1>\n<h1>Kunnallisneuvos Maunu \u00a0Kankaanp\u00e4\u00e4 (11.5. 1923)<\/h1>\n<h2>Mies palasi rintamalta &#8211; karvahattu j\u00e4i<\/h2>\n<figure id=\"attachment_9442\" aria-describedby=\"caption-attachment-9442\" style=\"width: 1240px\" class=\"wp-caption alignnone\"><a href=\"http:\/\/www.rukajarvensuunnanhistoriayhdistys.fi\/historiayhdistys\/wp-content\/uploads\/2014\/11\/Kankaanp\u00e4\u00e4-Maunu.jpg\"><img loading=\"lazy\" decoding=\"async\" class=\"wp-image-9442 size-full\" src=\"http:\/\/www.rukajarvensuunnanhistoriayhdistys.fi\/historiayhdistys\/wp-content\/uploads\/2014\/11\/Kankaanp\u00e4\u00e4-Maunu.jpg\" alt=\"Nuori mies Rukaj\u00e4rven rintamalla, kuva otettu Haarukka nimisess\u00e4 tukikohdassa malliskuussa 1943. Mies palasi rintamalta, mutta er\u00e4\u00e4ll\u00e4 partioretkell\u00e4 h\u00e4nen karvahattunsa j\u00e4i vihollisen yll\u00e4tt\u00e4ess\u00e4 partioretkel\u00e4iset.\" width=\"1240\" height=\"1754\" data-id=\"9442\" srcset=\"http:\/\/www.rukajarvensuunnanhistoriayhdistys.fi\/historiayhdistys\/wp-content\/uploads\/2014\/11\/Kankaanp\u00e4\u00e4-Maunu.jpg 1240w, http:\/\/www.rukajarvensuunnanhistoriayhdistys.fi\/historiayhdistys\/wp-content\/uploads\/2014\/11\/Kankaanp\u00e4\u00e4-Maunu-212x300.jpg 212w, http:\/\/www.rukajarvensuunnanhistoriayhdistys.fi\/historiayhdistys\/wp-content\/uploads\/2014\/11\/Kankaanp\u00e4\u00e4-Maunu-723x1024.jpg 723w\" sizes=\"auto, (max-width: 1240px) 100vw, 1240px\" \/><\/a><figcaption id=\"caption-attachment-9442\" class=\"wp-caption-text\">Nuori mies Rukaj\u00e4rven rintamalla, kuva otettu Haarukka nimisess\u00e4 tukikohdassa malliskuussa 1943. Mies palasi rintamalta, mutta er\u00e4\u00e4ll\u00e4 partioretkell\u00e4 h\u00e4nen karvahattunsa j\u00e4i vihollisen yll\u00e4tt\u00e4ess\u00e4 partioretkel\u00e4iset.<\/figcaption><\/figure>\n<p>Kankaanp\u00e4\u00e4 toimi sodan loppupuolella tunnetun komppanianp\u00e4\u00e4llikk\u00f6 Seppo H\u00e4nnisen taistelul\u00e4hettin\u00e4. Komppania kuului JR 10\/III pataljoonaan. Rintamalle siirrettyn\u00e4 t\u00e4ydennysmiehen\u00e4 Kankaanp\u00e4\u00e4 kuului komppanian 3:een joukkueeseen, joka silloin oli p\u00e4\u00e4tien tuntumassa olevassa tukikohdassa nimelt\u00e4 Piippu ja jossa tukikohdassa Kankaanp\u00e4\u00e4 oli my\u00f6hemmin toisenkin kerran. Kankaanp\u00e4\u00e4 muistaa toimineensa lis\u00e4ksi ainakin Haarukka ja Piru -nimisiss\u00e4 kentt\u00e4vartioissa. Sodan kaksi viimeist\u00e4 viikkoa komppania oli Peukalonniemess\u00e4.<\/p>\n<p>&#8211; Kentt\u00e4vartiossa piti olla aina valppaana. Vihollinen ei yleens\u00e4 yritt\u00e4nyt edest\u00e4 vaan takaa ja katkaisi ensiksi tapsit. Partiointia tapahtui aika paljon mm. kentt\u00e4vartioiden v\u00e4lill\u00e4. Elokuun alussa 1944 ven\u00e4l\u00e4iset yrittiv\u00e4t katkaista Rukaj\u00e4rven suunnan p\u00e4\u00e4huoltotien Ontrosenvaaran kohdalta. Luutn. Seppo H\u00e4nnisen komppania sai my\u00f6s nopeasti komennuksen torjumaan t\u00e4t\u00e4 hy\u00f6kk\u00e4yst\u00e4. Eritt\u00e4in vaikeissa maasto-olosuhteissa tapahtuneella vasta hy\u00f6kk\u00e4yksell\u00e4 t\u00e4m\u00e4 p\u00e4\u00e4huoltotien katkaisu- ja motitusyritys torjuttiin.<\/p>\n<p>Jotkut taistelut ovat j\u00e4\u00e4neet erityisesti Kankaanp\u00e4\u00e4n mieleen.<\/p>\n<p>&#8211; Olimme pys\u00e4htyneet ns. Parakkiniemeen 7.8. l\u00e4helle Tsirkkakemijoen rantaa. Aamuy\u00f6st\u00e4 alkoi takaamme suolta kuulua tulitusta, mik\u00e4 jatkuvasti vahvistui. Pian siin\u00e4 H\u00e4nnisen komentopaikalla tajusimme, ett\u00e4 ven\u00e4l\u00e4isi\u00e4h\u00e4n ne ovat. Tilanne muodostui hetkess\u00e4 rajuksi taisteluksi. Vihollinen l\u00e4hestyi pakokauhun vallassa ja huusi uraata. N\u00e4ytt\u00e4\u00e4 silt\u00e4, ett\u00e4 komppaniamme her\u00e4si t\u00e4h\u00e4n rymin\u00e4\u00e4n ja oli hetkess\u00e4 valmis vastaanottamaan t\u00e4m\u00e4n hy\u00f6kk\u00e4yksen. Siihen suolle ilmeisesti kaatui jo satakunta ja loput tuhottiin ennen kuin onnistuivat p\u00e4\u00e4sem\u00e4\u00e4n joen yli omien puolelle.<\/p>\n<p>&#8211; Mukana oli my\u00f6s hevosia ja naissotilaita. Yhden meid\u00e4n edess\u00e4mme itsens\u00e4 k\u00e4sikranaatilla surmanneen naissotilaan min\u00e4 ja toinen taistelul\u00e4hetti Ilmari Jokelainen hautasimme H\u00e4nnisen m\u00e4\u00e4r\u00e4yksest\u00e4 suolle.<\/p>\n<p>Rukaj\u00e4rven suunnan kansainv\u00e4lisess\u00e4 seminaarissa v. 2011 mukana ollut Petroskoin yliopiston prof. Juri Kilin oli tutkinut Tahkokosken taisteluita mm. Moskovan sota-arkistoja ja saanut selvitetty\u00e4, ett\u00e4 t\u00e4ss\u00e4 taistelussa kaatui koko vihollisen pataljoona.<\/p>\n<p>&#8211; Kerroin kuitenkin Kilinille n\u00e4hneeni, kun tilanne oli jo ohi, miten tukki n. 200 \u2013 300 metrin p\u00e4\u00e4ss\u00e4 liikkui yli joen. Ja kun se saavutti rannan, sen suojasta sy\u00f6ksyi mies l\u00e4hell\u00e4 olevan mets\u00e4n suojaan.<\/p>\n<p>&#8211; My\u00f6hemmin 10.8.44 ns. &#8221;Munakukkulan&#8221; valtausyritys keskeytyi kun H\u00e4nninen haavoittui huuleen. L\u00e4\u00e4k. kersantti Aappo Pietik\u00e4inen on kertonut, ett\u00e4 H\u00e4nninen ampui viel\u00e4 kiveen nojautuen samalla kun h\u00e4n sitoi H\u00e4nnisen haavoja. Munakukkula oli t\u00e4rke\u00e4 tukikohta ven\u00e4l\u00e4isille. Paikan p\u00e4\u00e4ll\u00e4 2011 k\u00e4ydess\u00e4ni totesin, ett\u00e4 kukkula oli ollut vahvasti varustettu suomalaisten tekemi\u00e4 hy\u00f6kk\u00e4yksi\u00e4 vastaan.<\/p>\n<p>Suomalaisten ja puna-armeijan v\u00e4linen viimeinen taistelu k\u00e4ytiin Rukaj\u00e4rvell\u00e4 16.8 1944. Se taistelu muodostui luutn. H\u00e4nnisen kohtaloksi. H\u00e4n kaatui t\u00e4ss\u00e4 taistelussa ja j\u00e4i taistelukent\u00e4lle. &#8211; Muistini mukaan hy\u00f6kk\u00e4ys alkoi ilman tykist\u00f6valmistelua. H\u00e4nnisen johtama k\u00e4rki eteni vihollisen kiivaasta tulituksesta huolimatta n. 70 metrin et\u00e4isyydelle vihollisen tukikohdasta. Sen totesimme v. 2011 paikan p\u00e4\u00e4ll\u00e4. H\u00e4nninen ampui polvelta nojaten siin\u00e4 olevaan m\u00e4ntyyn, jolloin h\u00e4neen osui. H\u00e4n lyyhistyi siihen ilmeisesti heti kuolleena. Melkein v\u00e4litt\u00f6m\u00e4sti l\u00e4hettikaverini Ilmari Jokelainen haavoittui vakavasti kranaatinsirpaleesta. Olin heist\u00e4 hiukan oikealla maahan kaatuneen puun takana. Kun Ilmari huusi, ett\u00e4 h\u00e4neen sattui, ry\u00f6min h\u00e4nen luokseen ja siit\u00e4 alkoi meid\u00e4n tuskainen taival tavoitteena l\u00f6yt\u00e4\u00e4 omat joukot. Kun meid\u00e4n vasemmalla puolella ollut joukkueenjohtaja huomasi tilanteen h\u00e4n otti komennon ja antoi per\u00e4\u00e4ntymisk\u00e4skyn.<\/p>\n<p>&#8211; Meist\u00e4 n. 50 metrin p\u00e4\u00e4ss\u00e4 ollut puolijoukkueen johtaja Tauno Tikkanen on kertonut n\u00e4hneens\u00e4 meist\u00e4 vain reppuja ja olettaneen meid\u00e4n kaikkien kaatuneen. Ilmarin k\u00e4den sirpale oli leikannut melkein poikki. Silt\u00e4 se siin\u00e4 n\u00e4ytti. Veri pulppusi. Kun jonkun matkaa tulimme oli siin\u00e4 pieni notkelma. Siin\u00e4 sidoin Ilmarin k\u00e4den omilla ja h\u00e4nen sideharsoilla. Ja kai lastoitinkin sen jollain oksan paloilla. Kaikkia yksityiskohtia<\/p>\n<p>en muista. En tarkkaan muista miten oikein etenimme. Ja mik\u00e4 onni kun ihan sattumalta l\u00f6ysimme omiemme luo. Ilmari on j\u00e4lkeenp\u00e4in itse kertonut, ett\u00e4 siin\u00e4 h\u00e4nelt\u00e4 meni taju. Ja melkein poikki olin itsekin. Sain kuulla, ett\u00e4 olimme vaarassa joutua vangiksikin. Ven\u00e4l\u00e4iset olivat saartamassa vasemmalta.<\/p>\n<p>Luutn. Seppo H\u00e4nninen oli sotilas jos kukaan. Rohkea, ehk\u00e4 uhkarohkeakin. Vaikka h\u00e4nen olemuksesta saattoi helpolla luulla h\u00e4nen olevan kaikessa kovaluontoinen sotilas, niin h\u00e4ness\u00e4 oli kuitenkin se oma inhimillinen puolensa. Suhtautuminen alaisiinsa oli reilua ja mutkatonta.<\/p>\n<p>&#8211;\u00a0 Vuonna 1999 sain\u00a0 tiet\u00e4\u00e4, ett\u00e4 Ilmari asuu Rauha-vaimonsa kanssa kotipaikkakunnallaan Ristij\u00e4rvell\u00e4. Sovimme tapaamisesta. Ja se tapahtui 26.8. 1999. Kun vaimoni kanssa ajoimme Ilmarin ja Rauhan kauniin talon pihalle, oli siin\u00e4 vastassa tuo rintamatoveri, jonka kanssa 55 v. 10 p\u00e4iv\u00e4\u00e4 sitten kamppailimme aika toivottomaltakin tuntuneessa tilanteessa. Sanomattakin on selv\u00e4\u00e4, ett\u00e4 tapaaminen oli molemmin puolin syd\u00e4mellinen ja vaikuttava.<\/p>\n<p>Kankaanp\u00e4\u00e4lt\u00e4 j\u00e4i oppikoulu kesken. Eli kaikki lukioluokat. Opetusministeri\u00f6 j\u00e4rjesti kuitenkin niille, joiden oppikoulu oli j\u00e4\u00e4nyt sotaan l\u00e4hd\u00f6n vuoksi kesken, Niinisalossa upseerikoulun tiloissa nopeatahtisen valmistumisen ylioppilaaksi. Eli lukioluokat oli mahdollisuus suorittaa yhdess\u00e4 vuodessa. Koulua k\u00e4ytiin ymp\u00e4ri vuoden kes\u00e4\u00e4 talvea. Ehk\u00e4p\u00e4 se usko tulevaisuuteen kannusti ponnistelemaan. Tulevaisuus n\u00e4ytti synk\u00e4lt\u00e4 kun meit\u00e4 ei en\u00e4\u00e4 normaalikouluun voitu ymm\u00e4rrett\u00e4vist\u00e4 syist\u00e4 ottaa. Olimme kuitenkin poikasia kun l\u00e4hdimme. Mutta valtion kouluviranomaiset tajusivat tilanteen ja pelastivat meid\u00e4t. K\u00f6yh\u00e4n m\u00f6kin poikana ei ollut heti varaa l\u00e4hte\u00e4 jatko-opintoihin. Eik\u00e4 niit\u00e4 opintolainoja ollut kovin helpolla saatavissa. Siksi l\u00e4hdin Lapin j\u00e4lleenrakennust\u00f6ihin syksyll\u00e4 1946 ja olin siell\u00e4 seuraavan kev\u00e4tkaudenkin. Sekaty\u00f6miehen\u00e4 toisten joukossa, ylioppilastaustaani paljastamatta.<\/p>\n<p>Sittemmin Kankaanp\u00e4\u00e4 suoritti lainopillisessa tiedekunnassa lainopin kand. tutkinnon. H\u00e4n oli jo opiskeluaikana ty\u00f6ss\u00e4 asianajotoimistossa. Mutta sittemmin h\u00e4n siirtyi kokonaan kunnallishallinnon teht\u00e4viin. Aluksi h\u00e4n oli Lapissa Kolarin kunnansihteerin\u00e4 6 v ja koki tuolloin Lapin sodassa tuhoutuneen kunnan j\u00e4lleenrakennuskamppailun, kun esim. kaikki koulut oli poltettu. Sittemmin h\u00e4n toimi Karkkilan kauppalan kauppalansihteerin\u00e4 10 vuotta ja hoiti samanaikaisesti my\u00f6s Karkkilan j\u00e4rjestysoikeuden puheenjohtajan teht\u00e4v\u00e4t. V. 1972 h\u00e4net valittiin silloin viel\u00e4 kauppalana olleen Vantaan hallintojohtajaksi, joka virka my\u00f6hemmin muutettiin apulaiskaupunginjohtajan viraksi toimialueena opetus ja sivistystoimi. El\u00e4kkeelle h\u00e4n j\u00e4i t\u00e4st\u00e4 virasta v. 1986.<\/p>\n<p>Virkateht\u00e4viens\u00e4 ohella h\u00e4n oli SKDL:n edustajana lukuisissa luottamusteht\u00e4viss\u00e4 mm. Kaupunkiliiton hallituksessa, YTV:n valtuustossa ja hallituksessa, Uudenmaan Maakuntaliiton hallituksessa, Kulttuurirahasto Uudenmaan Rahaston hoitokunnassa, Keski-Uudenmaan Paasikivi-seuran valtuuskunnassa, Sairaalaliiton liittovaltuustossa ja Tiedekeskus Heurekan hallituksessa.<\/p>\n<p>Ansioistaan kunnallishallinnon teht\u00e4viss\u00e4 Tasavallan Presidentti on my\u00f6nt\u00e4nyt h\u00e4nelle kunnallisneuvoksen arvon sek\u00e4 Suomen Leijonan Ritarikunnan I luokan ritarimerkin ja Vantaan kaupunginhallitus Vantaa mitalin koulu- ja vapaa-ajantilojen rakentamisen edist\u00e4misess\u00e4.<\/p>\n","protected":false},"excerpt":{"rendered":"<p>Syyskuun lopulla, 26.9.2014 pyysin t\u00e4ll\u00e4 sivustolla talkoomiehi\u00e4 ilmoittautumaan kodan rakennusty\u00f6maalle. Vetoomukseni kuului: &#8221;Rukaj\u00e4rven joukot viipyiv\u00e4t Jukolan Motin alueella, rajan tuntumassa aina kotiuttamiseensa saakka. Nyt me nuoremmat saavumme samalla paikalle, &#8221;Rukaj\u00e4rven <a class=\"more-link\" href=\"http:\/\/www.rukajarvensuunnanhistoriayhdistys.fi\/historiayhdistys\/kota-valmistuu-tulevan-viikon-lopulla-kiitos-talkoomiehille-ja-matille\/\">Teksti jatkuu&#8230;<span class=\"screen-reader-text\">Kota valmistuu tulevan viikon lopulla &#8211; kiitos talkoomiehille ja Matille<\/span><span class=\"meta-nav\">\u2192<\/span><\/a><\/p>\n","protected":false},"author":3,"featured_media":9503,"comment_status":"closed","ping_status":"open","sticky":false,"template":"","format":"standard","meta":{"footnotes":""},"categories":[22],"tags":[],"class_list":["post-9502","post","type-post","status-publish","format-standard","has-post-thumbnail","hentry","category-ajankohtaista"],"yoast_head":"<!-- This site is optimized with the Yoast SEO plugin v27.4 - https:\/\/yoast.com\/product\/yoast-seo-wordpress\/ -->\n<title>Kota valmistuu tulevan viikon lopulla - kiitos talkoomiehille ja Matille - Rukaj\u00e4rven suunnan historiayhdistys<\/title>\n<meta name=\"robots\" content=\"index, follow, max-snippet:-1, max-image-preview:large, max-video-preview:-1\" \/>\n<link rel=\"canonical\" href=\"http:\/\/www.rukajarvensuunnanhistoriayhdistys.fi\/historiayhdistys\/kota-valmistuu-tulevan-viikon-lopulla-kiitos-talkoomiehille-ja-matille\/\" \/>\n<meta property=\"og:locale\" content=\"fi_FI\" \/>\n<meta property=\"og:type\" content=\"article\" \/>\n<meta property=\"og:title\" content=\"Kota valmistuu tulevan viikon lopulla - kiitos talkoomiehille ja Matille - Rukaj\u00e4rven suunnan historiayhdistys\" \/>\n<meta property=\"og:description\" content=\"Syyskuun lopulla, 26.9.2014 pyysin t\u00e4ll\u00e4 sivustolla talkoomiehi\u00e4 ilmoittautumaan kodan rakennusty\u00f6maalle. Vetoomukseni kuului: &#8221;Rukaj\u00e4rven joukot viipyiv\u00e4t Jukolan Motin alueella, rajan tuntumassa aina kotiuttamiseensa saakka. Nyt me nuoremmat saavumme samalla paikalle, &#8221;Rukaj\u00e4rven Teksti jatkuu...Kota valmistuu tulevan viikon lopulla &#8211; kiitos talkoomiehille ja Matille\u2192\" \/>\n<meta property=\"og:url\" content=\"http:\/\/www.rukajarvensuunnanhistoriayhdistys.fi\/historiayhdistys\/kota-valmistuu-tulevan-viikon-lopulla-kiitos-talkoomiehille-ja-matille\/\" \/>\n<meta property=\"og:site_name\" content=\"Rukaj\u00e4rven suunnan historiayhdistys\" \/>\n<meta property=\"article:published_time\" content=\"2014-11-14T12:19:56+00:00\" \/>\n<meta property=\"article:modified_time\" content=\"2014-11-15T09:28:14+00:00\" \/>\n<meta property=\"og:image\" content=\"http:\/\/www.rukajarvensuunnanhistoriayhdistys.fi\/historiayhdistys\/wp-content\/uploads\/2014\/11\/IMG_2514-Jukolan-Motti-H-Turunen.jpg\" \/>\n\t<meta property=\"og:image:width\" content=\"480\" \/>\n\t<meta property=\"og:image:height\" content=\"360\" \/>\n\t<meta property=\"og:image:type\" content=\"image\/jpeg\" \/>\n<meta name=\"author\" content=\"RSHY\" \/>\n<meta name=\"twitter:label1\" content=\"Kirjoittanut\" \/>\n\t<meta name=\"twitter:data1\" content=\"RSHY\" \/>\n\t<meta name=\"twitter:label2\" content=\"Arvioitu lukuaika\" \/>\n\t<meta name=\"twitter:data2\" content=\"10 minuuttia\" \/>\n<script type=\"application\/ld+json\" class=\"yoast-schema-graph\">{\"@context\":\"https:\\\/\\\/schema.org\",\"@graph\":[{\"@type\":\"Article\",\"@id\":\"http:\\\/\\\/www.rukajarvensuunnanhistoriayhdistys.fi\\\/historiayhdistys\\\/kota-valmistuu-tulevan-viikon-lopulla-kiitos-talkoomiehille-ja-matille\\\/#article\",\"isPartOf\":{\"@id\":\"http:\\\/\\\/www.rukajarvensuunnanhistoriayhdistys.fi\\\/historiayhdistys\\\/kota-valmistuu-tulevan-viikon-lopulla-kiitos-talkoomiehille-ja-matille\\\/\"},\"author\":{\"name\":\"RSHY\",\"@id\":\"http:\\\/\\\/www.rukajarvensuunnanhistoriayhdistys.fi\\\/historiayhdistys\\\/#\\\/schema\\\/person\\\/19de7db68bf72dfd2b5d7f6dfbf8454d\"},\"headline\":\"Kota valmistuu tulevan viikon lopulla &#8211; kiitos talkoomiehille ja Matille\",\"datePublished\":\"2014-11-14T12:19:56+00:00\",\"dateModified\":\"2014-11-15T09:28:14+00:00\",\"mainEntityOfPage\":{\"@id\":\"http:\\\/\\\/www.rukajarvensuunnanhistoriayhdistys.fi\\\/historiayhdistys\\\/kota-valmistuu-tulevan-viikon-lopulla-kiitos-talkoomiehille-ja-matille\\\/\"},\"wordCount\":1934,\"publisher\":{\"@id\":\"http:\\\/\\\/www.rukajarvensuunnanhistoriayhdistys.fi\\\/historiayhdistys\\\/#organization\"},\"image\":{\"@id\":\"http:\\\/\\\/www.rukajarvensuunnanhistoriayhdistys.fi\\\/historiayhdistys\\\/kota-valmistuu-tulevan-viikon-lopulla-kiitos-talkoomiehille-ja-matille\\\/#primaryimage\"},\"thumbnailUrl\":\"http:\\\/\\\/www.rukajarvensuunnanhistoriayhdistys.fi\\\/historiayhdistys\\\/wp-content\\\/uploads\\\/2014\\\/11\\\/IMG_2514-Jukolan-Motti-H-Turunen.jpg\",\"articleSection\":[\"Ajankohtaista\"],\"inLanguage\":\"fi\"},{\"@type\":\"WebPage\",\"@id\":\"http:\\\/\\\/www.rukajarvensuunnanhistoriayhdistys.fi\\\/historiayhdistys\\\/kota-valmistuu-tulevan-viikon-lopulla-kiitos-talkoomiehille-ja-matille\\\/\",\"url\":\"http:\\\/\\\/www.rukajarvensuunnanhistoriayhdistys.fi\\\/historiayhdistys\\\/kota-valmistuu-tulevan-viikon-lopulla-kiitos-talkoomiehille-ja-matille\\\/\",\"name\":\"Kota valmistuu tulevan viikon lopulla - kiitos talkoomiehille ja Matille - Rukaj\u00e4rven suunnan historiayhdistys\",\"isPartOf\":{\"@id\":\"http:\\\/\\\/www.rukajarvensuunnanhistoriayhdistys.fi\\\/historiayhdistys\\\/#website\"},\"primaryImageOfPage\":{\"@id\":\"http:\\\/\\\/www.rukajarvensuunnanhistoriayhdistys.fi\\\/historiayhdistys\\\/kota-valmistuu-tulevan-viikon-lopulla-kiitos-talkoomiehille-ja-matille\\\/#primaryimage\"},\"image\":{\"@id\":\"http:\\\/\\\/www.rukajarvensuunnanhistoriayhdistys.fi\\\/historiayhdistys\\\/kota-valmistuu-tulevan-viikon-lopulla-kiitos-talkoomiehille-ja-matille\\\/#primaryimage\"},\"thumbnailUrl\":\"http:\\\/\\\/www.rukajarvensuunnanhistoriayhdistys.fi\\\/historiayhdistys\\\/wp-content\\\/uploads\\\/2014\\\/11\\\/IMG_2514-Jukolan-Motti-H-Turunen.jpg\",\"datePublished\":\"2014-11-14T12:19:56+00:00\",\"dateModified\":\"2014-11-15T09:28:14+00:00\",\"breadcrumb\":{\"@id\":\"http:\\\/\\\/www.rukajarvensuunnanhistoriayhdistys.fi\\\/historiayhdistys\\\/kota-valmistuu-tulevan-viikon-lopulla-kiitos-talkoomiehille-ja-matille\\\/#breadcrumb\"},\"inLanguage\":\"fi\",\"potentialAction\":[{\"@type\":\"ReadAction\",\"target\":[\"http:\\\/\\\/www.rukajarvensuunnanhistoriayhdistys.fi\\\/historiayhdistys\\\/kota-valmistuu-tulevan-viikon-lopulla-kiitos-talkoomiehille-ja-matille\\\/\"]}]},{\"@type\":\"ImageObject\",\"inLanguage\":\"fi\",\"@id\":\"http:\\\/\\\/www.rukajarvensuunnanhistoriayhdistys.fi\\\/historiayhdistys\\\/kota-valmistuu-tulevan-viikon-lopulla-kiitos-talkoomiehille-ja-matille\\\/#primaryimage\",\"url\":\"http:\\\/\\\/www.rukajarvensuunnanhistoriayhdistys.fi\\\/historiayhdistys\\\/wp-content\\\/uploads\\\/2014\\\/11\\\/IMG_2514-Jukolan-Motti-H-Turunen.jpg\",\"contentUrl\":\"http:\\\/\\\/www.rukajarvensuunnanhistoriayhdistys.fi\\\/historiayhdistys\\\/wp-content\\\/uploads\\\/2014\\\/11\\\/IMG_2514-Jukolan-Motti-H-Turunen.jpg\",\"width\":480,\"height\":360,\"caption\":\"Kodan kattaminen on valmis, ilmanvaihtokin on kunnossa. Sisustusty\u00f6t alkoivat t\u00e4n\u00e4\u00e4n. Kuvan Heikki Turunen.\"},{\"@type\":\"BreadcrumbList\",\"@id\":\"http:\\\/\\\/www.rukajarvensuunnanhistoriayhdistys.fi\\\/historiayhdistys\\\/kota-valmistuu-tulevan-viikon-lopulla-kiitos-talkoomiehille-ja-matille\\\/#breadcrumb\",\"itemListElement\":[{\"@type\":\"ListItem\",\"position\":1,\"name\":\"Etusivu\",\"item\":\"http:\\\/\\\/www.rukajarvensuunnanhistoriayhdistys.fi\\\/historiayhdistys\\\/\"},{\"@type\":\"ListItem\",\"position\":2,\"name\":\"Kota valmistuu tulevan viikon lopulla &#8211; kiitos talkoomiehille ja Matille\"}]},{\"@type\":\"WebSite\",\"@id\":\"http:\\\/\\\/www.rukajarvensuunnanhistoriayhdistys.fi\\\/historiayhdistys\\\/#website\",\"url\":\"http:\\\/\\\/www.rukajarvensuunnanhistoriayhdistys.fi\\\/historiayhdistys\\\/\",\"name\":\"Rukaj\u00e4rven suunnan historiayhdistys\",\"description\":\"Rukaj\u00e4rven suunnan historiayhdistyksen verkkosivut.\",\"publisher\":{\"@id\":\"http:\\\/\\\/www.rukajarvensuunnanhistoriayhdistys.fi\\\/historiayhdistys\\\/#organization\"},\"potentialAction\":[{\"@type\":\"SearchAction\",\"target\":{\"@type\":\"EntryPoint\",\"urlTemplate\":\"http:\\\/\\\/www.rukajarvensuunnanhistoriayhdistys.fi\\\/historiayhdistys\\\/?s={search_term_string}\"},\"query-input\":{\"@type\":\"PropertyValueSpecification\",\"valueRequired\":true,\"valueName\":\"search_term_string\"}}],\"inLanguage\":\"fi\"},{\"@type\":\"Organization\",\"@id\":\"http:\\\/\\\/www.rukajarvensuunnanhistoriayhdistys.fi\\\/historiayhdistys\\\/#organization\",\"name\":\"Rukaj\u00e4rven suunnan historiayhdistys\",\"url\":\"http:\\\/\\\/www.rukajarvensuunnanhistoriayhdistys.fi\\\/historiayhdistys\\\/\",\"logo\":{\"@type\":\"ImageObject\",\"inLanguage\":\"fi\",\"@id\":\"http:\\\/\\\/www.rukajarvensuunnanhistoriayhdistys.fi\\\/historiayhdistys\\\/#\\\/schema\\\/logo\\\/image\\\/\",\"url\":\"http:\\\/\\\/www.rukajarvensuunnanhistoriayhdistys.fi\\\/historiayhdistys\\\/wp-content\\\/uploads\\\/2013\\\/12\\\/Otsake_3.jpg\",\"contentUrl\":\"http:\\\/\\\/www.rukajarvensuunnanhistoriayhdistys.fi\\\/historiayhdistys\\\/wp-content\\\/uploads\\\/2013\\\/12\\\/Otsake_3.jpg\",\"width\":1000,\"height\":442,\"caption\":\"Rukaj\u00e4rven suunnan historiayhdistys\"},\"image\":{\"@id\":\"http:\\\/\\\/www.rukajarvensuunnanhistoriayhdistys.fi\\\/historiayhdistys\\\/#\\\/schema\\\/logo\\\/image\\\/\"}},{\"@type\":\"Person\",\"@id\":\"http:\\\/\\\/www.rukajarvensuunnanhistoriayhdistys.fi\\\/historiayhdistys\\\/#\\\/schema\\\/person\\\/19de7db68bf72dfd2b5d7f6dfbf8454d\",\"name\":\"RSHY\",\"image\":{\"@type\":\"ImageObject\",\"inLanguage\":\"fi\",\"@id\":\"https:\\\/\\\/secure.gravatar.com\\\/avatar\\\/598d59263a69cc8de65fcb4f9db78d6f58c098cb0e0ba22d73377441af9fa04c?s=96&d=blank&r=g\",\"url\":\"https:\\\/\\\/secure.gravatar.com\\\/avatar\\\/598d59263a69cc8de65fcb4f9db78d6f58c098cb0e0ba22d73377441af9fa04c?s=96&d=blank&r=g\",\"contentUrl\":\"https:\\\/\\\/secure.gravatar.com\\\/avatar\\\/598d59263a69cc8de65fcb4f9db78d6f58c098cb0e0ba22d73377441af9fa04c?s=96&d=blank&r=g\",\"caption\":\"RSHY\"},\"url\":\"http:\\\/\\\/www.rukajarvensuunnanhistoriayhdistys.fi\\\/historiayhdistys\\\/author\\\/rshy\\\/\"}]}<\/script>\n<!-- \/ Yoast SEO plugin. -->","yoast_head_json":{"title":"Kota valmistuu tulevan viikon lopulla - kiitos talkoomiehille ja Matille - Rukaj\u00e4rven suunnan historiayhdistys","robots":{"index":"index","follow":"follow","max-snippet":"max-snippet:-1","max-image-preview":"max-image-preview:large","max-video-preview":"max-video-preview:-1"},"canonical":"http:\/\/www.rukajarvensuunnanhistoriayhdistys.fi\/historiayhdistys\/kota-valmistuu-tulevan-viikon-lopulla-kiitos-talkoomiehille-ja-matille\/","og_locale":"fi_FI","og_type":"article","og_title":"Kota valmistuu tulevan viikon lopulla - kiitos talkoomiehille ja Matille - Rukaj\u00e4rven suunnan historiayhdistys","og_description":"Syyskuun lopulla, 26.9.2014 pyysin t\u00e4ll\u00e4 sivustolla talkoomiehi\u00e4 ilmoittautumaan kodan rakennusty\u00f6maalle. Vetoomukseni kuului: &#8221;Rukaj\u00e4rven joukot viipyiv\u00e4t Jukolan Motin alueella, rajan tuntumassa aina kotiuttamiseensa saakka. Nyt me nuoremmat saavumme samalla paikalle, &#8221;Rukaj\u00e4rven Teksti jatkuu...Kota valmistuu tulevan viikon lopulla &#8211; kiitos talkoomiehille ja Matille\u2192","og_url":"http:\/\/www.rukajarvensuunnanhistoriayhdistys.fi\/historiayhdistys\/kota-valmistuu-tulevan-viikon-lopulla-kiitos-talkoomiehille-ja-matille\/","og_site_name":"Rukaj\u00e4rven suunnan historiayhdistys","article_published_time":"2014-11-14T12:19:56+00:00","article_modified_time":"2014-11-15T09:28:14+00:00","og_image":[{"width":480,"height":360,"url":"http:\/\/www.rukajarvensuunnanhistoriayhdistys.fi\/historiayhdistys\/wp-content\/uploads\/2014\/11\/IMG_2514-Jukolan-Motti-H-Turunen.jpg","type":"image\/jpeg"}],"author":"RSHY","twitter_misc":{"Kirjoittanut":"RSHY","Arvioitu lukuaika":"10 minuuttia"},"schema":{"@context":"https:\/\/schema.org","@graph":[{"@type":"Article","@id":"http:\/\/www.rukajarvensuunnanhistoriayhdistys.fi\/historiayhdistys\/kota-valmistuu-tulevan-viikon-lopulla-kiitos-talkoomiehille-ja-matille\/#article","isPartOf":{"@id":"http:\/\/www.rukajarvensuunnanhistoriayhdistys.fi\/historiayhdistys\/kota-valmistuu-tulevan-viikon-lopulla-kiitos-talkoomiehille-ja-matille\/"},"author":{"name":"RSHY","@id":"http:\/\/www.rukajarvensuunnanhistoriayhdistys.fi\/historiayhdistys\/#\/schema\/person\/19de7db68bf72dfd2b5d7f6dfbf8454d"},"headline":"Kota valmistuu tulevan viikon lopulla &#8211; kiitos talkoomiehille ja Matille","datePublished":"2014-11-14T12:19:56+00:00","dateModified":"2014-11-15T09:28:14+00:00","mainEntityOfPage":{"@id":"http:\/\/www.rukajarvensuunnanhistoriayhdistys.fi\/historiayhdistys\/kota-valmistuu-tulevan-viikon-lopulla-kiitos-talkoomiehille-ja-matille\/"},"wordCount":1934,"publisher":{"@id":"http:\/\/www.rukajarvensuunnanhistoriayhdistys.fi\/historiayhdistys\/#organization"},"image":{"@id":"http:\/\/www.rukajarvensuunnanhistoriayhdistys.fi\/historiayhdistys\/kota-valmistuu-tulevan-viikon-lopulla-kiitos-talkoomiehille-ja-matille\/#primaryimage"},"thumbnailUrl":"http:\/\/www.rukajarvensuunnanhistoriayhdistys.fi\/historiayhdistys\/wp-content\/uploads\/2014\/11\/IMG_2514-Jukolan-Motti-H-Turunen.jpg","articleSection":["Ajankohtaista"],"inLanguage":"fi"},{"@type":"WebPage","@id":"http:\/\/www.rukajarvensuunnanhistoriayhdistys.fi\/historiayhdistys\/kota-valmistuu-tulevan-viikon-lopulla-kiitos-talkoomiehille-ja-matille\/","url":"http:\/\/www.rukajarvensuunnanhistoriayhdistys.fi\/historiayhdistys\/kota-valmistuu-tulevan-viikon-lopulla-kiitos-talkoomiehille-ja-matille\/","name":"Kota valmistuu tulevan viikon lopulla - kiitos talkoomiehille ja Matille - Rukaj\u00e4rven suunnan historiayhdistys","isPartOf":{"@id":"http:\/\/www.rukajarvensuunnanhistoriayhdistys.fi\/historiayhdistys\/#website"},"primaryImageOfPage":{"@id":"http:\/\/www.rukajarvensuunnanhistoriayhdistys.fi\/historiayhdistys\/kota-valmistuu-tulevan-viikon-lopulla-kiitos-talkoomiehille-ja-matille\/#primaryimage"},"image":{"@id":"http:\/\/www.rukajarvensuunnanhistoriayhdistys.fi\/historiayhdistys\/kota-valmistuu-tulevan-viikon-lopulla-kiitos-talkoomiehille-ja-matille\/#primaryimage"},"thumbnailUrl":"http:\/\/www.rukajarvensuunnanhistoriayhdistys.fi\/historiayhdistys\/wp-content\/uploads\/2014\/11\/IMG_2514-Jukolan-Motti-H-Turunen.jpg","datePublished":"2014-11-14T12:19:56+00:00","dateModified":"2014-11-15T09:28:14+00:00","breadcrumb":{"@id":"http:\/\/www.rukajarvensuunnanhistoriayhdistys.fi\/historiayhdistys\/kota-valmistuu-tulevan-viikon-lopulla-kiitos-talkoomiehille-ja-matille\/#breadcrumb"},"inLanguage":"fi","potentialAction":[{"@type":"ReadAction","target":["http:\/\/www.rukajarvensuunnanhistoriayhdistys.fi\/historiayhdistys\/kota-valmistuu-tulevan-viikon-lopulla-kiitos-talkoomiehille-ja-matille\/"]}]},{"@type":"ImageObject","inLanguage":"fi","@id":"http:\/\/www.rukajarvensuunnanhistoriayhdistys.fi\/historiayhdistys\/kota-valmistuu-tulevan-viikon-lopulla-kiitos-talkoomiehille-ja-matille\/#primaryimage","url":"http:\/\/www.rukajarvensuunnanhistoriayhdistys.fi\/historiayhdistys\/wp-content\/uploads\/2014\/11\/IMG_2514-Jukolan-Motti-H-Turunen.jpg","contentUrl":"http:\/\/www.rukajarvensuunnanhistoriayhdistys.fi\/historiayhdistys\/wp-content\/uploads\/2014\/11\/IMG_2514-Jukolan-Motti-H-Turunen.jpg","width":480,"height":360,"caption":"Kodan kattaminen on valmis, ilmanvaihtokin on kunnossa. Sisustusty\u00f6t alkoivat t\u00e4n\u00e4\u00e4n. Kuvan Heikki Turunen."},{"@type":"BreadcrumbList","@id":"http:\/\/www.rukajarvensuunnanhistoriayhdistys.fi\/historiayhdistys\/kota-valmistuu-tulevan-viikon-lopulla-kiitos-talkoomiehille-ja-matille\/#breadcrumb","itemListElement":[{"@type":"ListItem","position":1,"name":"Etusivu","item":"http:\/\/www.rukajarvensuunnanhistoriayhdistys.fi\/historiayhdistys\/"},{"@type":"ListItem","position":2,"name":"Kota valmistuu tulevan viikon lopulla &#8211; kiitos talkoomiehille ja Matille"}]},{"@type":"WebSite","@id":"http:\/\/www.rukajarvensuunnanhistoriayhdistys.fi\/historiayhdistys\/#website","url":"http:\/\/www.rukajarvensuunnanhistoriayhdistys.fi\/historiayhdistys\/","name":"Rukaj\u00e4rven suunnan historiayhdistys","description":"Rukaj\u00e4rven suunnan historiayhdistyksen verkkosivut.","publisher":{"@id":"http:\/\/www.rukajarvensuunnanhistoriayhdistys.fi\/historiayhdistys\/#organization"},"potentialAction":[{"@type":"SearchAction","target":{"@type":"EntryPoint","urlTemplate":"http:\/\/www.rukajarvensuunnanhistoriayhdistys.fi\/historiayhdistys\/?s={search_term_string}"},"query-input":{"@type":"PropertyValueSpecification","valueRequired":true,"valueName":"search_term_string"}}],"inLanguage":"fi"},{"@type":"Organization","@id":"http:\/\/www.rukajarvensuunnanhistoriayhdistys.fi\/historiayhdistys\/#organization","name":"Rukaj\u00e4rven suunnan historiayhdistys","url":"http:\/\/www.rukajarvensuunnanhistoriayhdistys.fi\/historiayhdistys\/","logo":{"@type":"ImageObject","inLanguage":"fi","@id":"http:\/\/www.rukajarvensuunnanhistoriayhdistys.fi\/historiayhdistys\/#\/schema\/logo\/image\/","url":"http:\/\/www.rukajarvensuunnanhistoriayhdistys.fi\/historiayhdistys\/wp-content\/uploads\/2013\/12\/Otsake_3.jpg","contentUrl":"http:\/\/www.rukajarvensuunnanhistoriayhdistys.fi\/historiayhdistys\/wp-content\/uploads\/2013\/12\/Otsake_3.jpg","width":1000,"height":442,"caption":"Rukaj\u00e4rven suunnan historiayhdistys"},"image":{"@id":"http:\/\/www.rukajarvensuunnanhistoriayhdistys.fi\/historiayhdistys\/#\/schema\/logo\/image\/"}},{"@type":"Person","@id":"http:\/\/www.rukajarvensuunnanhistoriayhdistys.fi\/historiayhdistys\/#\/schema\/person\/19de7db68bf72dfd2b5d7f6dfbf8454d","name":"RSHY","image":{"@type":"ImageObject","inLanguage":"fi","@id":"https:\/\/secure.gravatar.com\/avatar\/598d59263a69cc8de65fcb4f9db78d6f58c098cb0e0ba22d73377441af9fa04c?s=96&d=blank&r=g","url":"https:\/\/secure.gravatar.com\/avatar\/598d59263a69cc8de65fcb4f9db78d6f58c098cb0e0ba22d73377441af9fa04c?s=96&d=blank&r=g","contentUrl":"https:\/\/secure.gravatar.com\/avatar\/598d59263a69cc8de65fcb4f9db78d6f58c098cb0e0ba22d73377441af9fa04c?s=96&d=blank&r=g","caption":"RSHY"},"url":"http:\/\/www.rukajarvensuunnanhistoriayhdistys.fi\/historiayhdistys\/author\/rshy\/"}]}},"_links":{"self":[{"href":"http:\/\/www.rukajarvensuunnanhistoriayhdistys.fi\/historiayhdistys\/wp-json\/wp\/v2\/posts\/9502","targetHints":{"allow":["GET"]}}],"collection":[{"href":"http:\/\/www.rukajarvensuunnanhistoriayhdistys.fi\/historiayhdistys\/wp-json\/wp\/v2\/posts"}],"about":[{"href":"http:\/\/www.rukajarvensuunnanhistoriayhdistys.fi\/historiayhdistys\/wp-json\/wp\/v2\/types\/post"}],"author":[{"embeddable":true,"href":"http:\/\/www.rukajarvensuunnanhistoriayhdistys.fi\/historiayhdistys\/wp-json\/wp\/v2\/users\/3"}],"replies":[{"embeddable":true,"href":"http:\/\/www.rukajarvensuunnanhistoriayhdistys.fi\/historiayhdistys\/wp-json\/wp\/v2\/comments?post=9502"}],"version-history":[{"count":4,"href":"http:\/\/www.rukajarvensuunnanhistoriayhdistys.fi\/historiayhdistys\/wp-json\/wp\/v2\/posts\/9502\/revisions"}],"predecessor-version":[{"id":9509,"href":"http:\/\/www.rukajarvensuunnanhistoriayhdistys.fi\/historiayhdistys\/wp-json\/wp\/v2\/posts\/9502\/revisions\/9509"}],"wp:featuredmedia":[{"embeddable":true,"href":"http:\/\/www.rukajarvensuunnanhistoriayhdistys.fi\/historiayhdistys\/wp-json\/wp\/v2\/media\/9503"}],"wp:attachment":[{"href":"http:\/\/www.rukajarvensuunnanhistoriayhdistys.fi\/historiayhdistys\/wp-json\/wp\/v2\/media?parent=9502"}],"wp:term":[{"taxonomy":"category","embeddable":true,"href":"http:\/\/www.rukajarvensuunnanhistoriayhdistys.fi\/historiayhdistys\/wp-json\/wp\/v2\/categories?post=9502"},{"taxonomy":"post_tag","embeddable":true,"href":"http:\/\/www.rukajarvensuunnanhistoriayhdistys.fi\/historiayhdistys\/wp-json\/wp\/v2\/tags?post=9502"}],"curies":[{"name":"wp","href":"https:\/\/api.w.org\/{rel}","templated":true}]}}