{"id":9510,"date":"2014-11-16T14:27:50","date_gmt":"2014-11-16T12:27:50","guid":{"rendered":"http:\/\/www.rukajarvensuunnanhistoriayhdistys.fi\/historiayhdistys\/?p=9510"},"modified":"2014-11-16T14:27:50","modified_gmt":"2014-11-16T12:27:50","slug":"konsertti-kannakselta-rukajarvelle-siilinjarvella-23-11-14-klo-13","status":"publish","type":"post","link":"http:\/\/www.rukajarvensuunnanhistoriayhdistys.fi\/historiayhdistys\/konsertti-kannakselta-rukajarvelle-siilinjarvella-23-11-14-klo-13\/","title":{"rendered":"Konsertti Kannakselta Rukaj\u00e4rvelle Siilinj\u00e4rvell\u00e4 23.11.14 klo 13"},"content":{"rendered":"<div class=\"fcbkbttn_buttons_block\" id=\"fcbkbttn_left\"><div class=\"fcbkbttn_like \"><fb:like href=\"http:\/\/www.rukajarvensuunnanhistoriayhdistys.fi\/historiayhdistys\/konsertti-kannakselta-rukajarvelle-siilinjarvella-23-11-14-klo-13\/\" action=\"like\" colorscheme=\"light\" layout=\"button_count\"  size=\"small\"><\/fb:like><\/div><\/div><p>Yl\u00e4-Savon Veteraanimuusikot ry. (Vetmut) j\u00e4rjest\u00e4\u00e4 sota-ajan lauluja k\u00e4sitt\u00e4v\u00e4n konsertin Kannakselta Rukaj\u00e4rvelle Siilij\u00e4rvell\u00e4 Siilinlahden koulun Salmi Salissa, os. Koulutie 3\u00a0sunnuntaina 23.11.2014 klo 13.00. Konsertissa esitet\u00e4\u00e4n my\u00f6s \u00a0kappaleharvinaisuuksia Rukaj\u00e4rven suunnalta, joita ei ole esitetty sodan j\u00e4lkeen.<\/p>\n<figure id=\"attachment_5093\" aria-describedby=\"caption-attachment-5093\" style=\"width: 1754px\" class=\"wp-caption alignnone\"><a href=\"http:\/\/www.rukajarvensuunnanhistoriayhdistys.fi\/historiayhdistys\/wp-content\/uploads\/2014\/09\/Vetmut-orkesteri-21-9-2014.jpg\"><img loading=\"lazy\" decoding=\"async\" class=\"wp-image-5093 size-full\" src=\"http:\/\/www.rukajarvensuunnanhistoriayhdistys.fi\/historiayhdistys\/wp-content\/uploads\/2014\/09\/Vetmut-orkesteri-21-9-2014.jpg\" alt=\"Viihdeorkesteri Vetmut. Orkesterin johtaja Raimo Jokisalmi, Erkki K\u00e4rkk\u00e4inen hanuri, Taito Kainulainen, Risto Nissinen, Jukka Juntunen rummut, Jukka Lappalainen basso, Antti W\u00e4is\u00e4nen kitara ja Pauli Huttunen piano.\" width=\"1754\" height=\"1240\" data-id=\"5093\" srcset=\"http:\/\/www.rukajarvensuunnanhistoriayhdistys.fi\/historiayhdistys\/wp-content\/uploads\/2014\/09\/Vetmut-orkesteri-21-9-2014.jpg 1754w, http:\/\/www.rukajarvensuunnanhistoriayhdistys.fi\/historiayhdistys\/wp-content\/uploads\/2014\/09\/Vetmut-orkesteri-21-9-2014-300x212.jpg 300w, http:\/\/www.rukajarvensuunnanhistoriayhdistys.fi\/historiayhdistys\/wp-content\/uploads\/2014\/09\/Vetmut-orkesteri-21-9-2014-1024x723.jpg 1024w\" sizes=\"auto, (max-width: 1754px) 100vw, 1754px\" \/><\/a><figcaption id=\"caption-attachment-5093\" class=\"wp-caption-text\">Viihdeorkesteri Vetmut. Orkesterin johtaja Raimo Jokisalmi, Erkki K\u00e4rkk\u00e4inen hanuri, Taito Kainulainen, Risto Nissinen, Jukka Juntunen rummut, Jukka Lappalainen basso, Antti W\u00e4is\u00e4nen kitara ja Pauli Huttunen piano.<\/figcaption><\/figure>\n<p>Vetmut-orkesteria johtaa Raimo Jokisalmi, solisteina Taito Kainulainen, Risto Nissinen ja Tiina Karhu sek\u00e4 Ellu ja Pali Huttunen.<\/p>\n<figure id=\"attachment_5092\" aria-describedby=\"caption-attachment-5092\" style=\"width: 1754px\" class=\"wp-caption alignnone\"><a href=\"http:\/\/www.rukajarvensuunnanhistoriayhdistys.fi\/historiayhdistys\/wp-content\/uploads\/2014\/09\/Vetmut-solistit-21-9-2014.jpg\"><img loading=\"lazy\" decoding=\"async\" class=\"wp-image-5092 size-full\" src=\"http:\/\/www.rukajarvensuunnanhistoriayhdistys.fi\/historiayhdistys\/wp-content\/uploads\/2014\/09\/Vetmut-solistit-21-9-2014.jpg\" alt=\"Yl\u00e4-Savon Veteraanimuusikoitten orkesterin (Vetmut) solistit, Taito Kainulainen Risto Nissinen, Tiina Karhu ja Eila Huttunen.\" width=\"1754\" height=\"1240\" data-id=\"5092\" srcset=\"http:\/\/www.rukajarvensuunnanhistoriayhdistys.fi\/historiayhdistys\/wp-content\/uploads\/2014\/09\/Vetmut-solistit-21-9-2014.jpg 1754w, http:\/\/www.rukajarvensuunnanhistoriayhdistys.fi\/historiayhdistys\/wp-content\/uploads\/2014\/09\/Vetmut-solistit-21-9-2014-300x212.jpg 300w, http:\/\/www.rukajarvensuunnanhistoriayhdistys.fi\/historiayhdistys\/wp-content\/uploads\/2014\/09\/Vetmut-solistit-21-9-2014-1024x723.jpg 1024w\" sizes=\"auto, (max-width: 1754px) 100vw, 1754px\" \/><\/a><figcaption id=\"caption-attachment-5092\" class=\"wp-caption-text\">Yl\u00e4-Savon Veteraanimuusikoitten orkesterin (Vetmut) solistit, Taito Kainulainen Risto Nissinen, Tiina Karhu ja Eila Huttunen.<\/figcaption><\/figure>\n<p>Lis\u00e4tietoa Raimolta, yhteystieto: Raimo Jokisalmi puh. 0400-993 999. Liput ovelta ja ennakkovaraukset Taisto Poimaa, puh. 044-292 0379.<\/p>\n<p>Vetmut-orkesterin Iisalmen kulttuurikeskuksessa syyskuussa j\u00e4rjest\u00e4m\u00e4 konsertti sai suuren suosion. Konsertista lis\u00e4tietoa yhdistyksemme nettisivulla julkaistusta artikkelista:<\/p>\n<p><a href=\"http:\/\/www.rukajarvensuunnanhistoriayhdistys.fi\/historiayhdistys\/onnistunut-konsertti-kannakselta-rukajarvelle-iisalmessa\/\">http:\/\/www.rukajarvensuunnanhistoriayhdistys.fi\/historiayhdistys\/onnistunut-konsertti-kannakselta-rukajarvelle-iisalmessa\/<\/a><\/p>\n","protected":false},"excerpt":{"rendered":"<p>Yl\u00e4-Savon Veteraanimuusikot ry. (Vetmut) j\u00e4rjest\u00e4\u00e4 sota-ajan lauluja k\u00e4sitt\u00e4v\u00e4n konsertin Kannakselta Rukaj\u00e4rvelle Siilij\u00e4rvell\u00e4 Siilinlahden koulun Salmi Salissa, os. Koulutie 3\u00a0sunnuntaina 23.11.2014 klo 13.00. Konsertissa esitet\u00e4\u00e4n my\u00f6s \u00a0kappaleharvinaisuuksia Rukaj\u00e4rven suunnalta, joita ei <a class=\"more-link\" href=\"http:\/\/www.rukajarvensuunnanhistoriayhdistys.fi\/historiayhdistys\/konsertti-kannakselta-rukajarvelle-siilinjarvella-23-11-14-klo-13\/\">Teksti jatkuu&#8230;<span class=\"screen-reader-text\">Konsertti Kannakselta Rukaj\u00e4rvelle Siilinj\u00e4rvell\u00e4 23.11.14 klo 13<\/span><span class=\"meta-nav\">\u2192<\/span><\/a><\/p>\n","protected":false},"author":3,"featured_media":5092,"comment_status":"closed","ping_status":"open","sticky":false,"template":"","format":"standard","meta":{"footnotes":""},"categories":[22],"tags":[],"class_list":["post-9510","post","type-post","status-publish","format-standard","has-post-thumbnail","hentry","category-ajankohtaista"],"yoast_head":"<!-- This site is optimized with the Yoast SEO plugin v27.4 - https:\/\/yoast.com\/product\/yoast-seo-wordpress\/ -->\n<title>Konsertti Kannakselta Rukaj\u00e4rvelle Siilinj\u00e4rvell\u00e4 23.11.14 klo 13 - Rukaj\u00e4rven suunnan historiayhdistys<\/title>\n<meta name=\"robots\" content=\"index, follow, max-snippet:-1, max-image-preview:large, max-video-preview:-1\" \/>\n<link rel=\"canonical\" href=\"https:\/\/www.rukajarvensuunnanhistoriayhdistys.fi\/historiayhdistys\/konsertti-kannakselta-rukajarvelle-siilinjarvella-23-11-14-klo-13\/\" \/>\n<meta property=\"og:locale\" content=\"fi_FI\" \/>\n<meta property=\"og:type\" content=\"article\" \/>\n<meta property=\"og:title\" content=\"Konsertti Kannakselta Rukaj\u00e4rvelle Siilinj\u00e4rvell\u00e4 23.11.14 klo 13 - Rukaj\u00e4rven suunnan historiayhdistys\" \/>\n<meta property=\"og:description\" content=\"Yl\u00e4-Savon Veteraanimuusikot ry. (Vetmut) j\u00e4rjest\u00e4\u00e4 sota-ajan lauluja k\u00e4sitt\u00e4v\u00e4n konsertin Kannakselta Rukaj\u00e4rvelle Siilij\u00e4rvell\u00e4 Siilinlahden koulun Salmi Salissa, os. Koulutie 3\u00a0sunnuntaina 23.11.2014 klo 13.00. Konsertissa esitet\u00e4\u00e4n my\u00f6s \u00a0kappaleharvinaisuuksia Rukaj\u00e4rven suunnalta, joita ei Teksti jatkuu...Konsertti Kannakselta Rukaj\u00e4rvelle Siilinj\u00e4rvell\u00e4 23.11.14 klo 13\u2192\" \/>\n<meta property=\"og:url\" content=\"https:\/\/www.rukajarvensuunnanhistoriayhdistys.fi\/historiayhdistys\/konsertti-kannakselta-rukajarvelle-siilinjarvella-23-11-14-klo-13\/\" \/>\n<meta property=\"og:site_name\" content=\"Rukaj\u00e4rven suunnan historiayhdistys\" \/>\n<meta property=\"article:published_time\" content=\"2014-11-16T12:27:50+00:00\" \/>\n<meta property=\"og:image\" content=\"https:\/\/www.rukajarvensuunnanhistoriayhdistys.fi\/historiayhdistys\/wp-content\/uploads\/2014\/09\/Vetmut-solistit-21-9-2014.jpg\" \/>\n\t<meta property=\"og:image:width\" content=\"1754\" \/>\n\t<meta property=\"og:image:height\" content=\"1240\" \/>\n\t<meta property=\"og:image:type\" content=\"image\/jpeg\" \/>\n<meta name=\"author\" content=\"RSHY\" \/>\n<meta name=\"twitter:label1\" content=\"Kirjoittanut\" \/>\n\t<meta name=\"twitter:data1\" content=\"RSHY\" \/>\n\t<meta name=\"twitter:label2\" content=\"Arvioitu lukuaika\" \/>\n\t<meta name=\"twitter:data2\" content=\"1 minuutti\" \/>\n<script type=\"application\/ld+json\" class=\"yoast-schema-graph\">{\"@context\":\"https:\\\/\\\/schema.org\",\"@graph\":[{\"@type\":\"Article\",\"@id\":\"https:\\\/\\\/www.rukajarvensuunnanhistoriayhdistys.fi\\\/historiayhdistys\\\/konsertti-kannakselta-rukajarvelle-siilinjarvella-23-11-14-klo-13\\\/#article\",\"isPartOf\":{\"@id\":\"https:\\\/\\\/www.rukajarvensuunnanhistoriayhdistys.fi\\\/historiayhdistys\\\/konsertti-kannakselta-rukajarvelle-siilinjarvella-23-11-14-klo-13\\\/\"},\"author\":{\"name\":\"RSHY\",\"@id\":\"http:\\\/\\\/www.rukajarvensuunnanhistoriayhdistys.fi\\\/historiayhdistys\\\/#\\\/schema\\\/person\\\/19de7db68bf72dfd2b5d7f6dfbf8454d\"},\"headline\":\"Konsertti Kannakselta Rukaj\u00e4rvelle Siilinj\u00e4rvell\u00e4 23.11.14 klo 13\",\"datePublished\":\"2014-11-16T12:27:50+00:00\",\"mainEntityOfPage\":{\"@id\":\"https:\\\/\\\/www.rukajarvensuunnanhistoriayhdistys.fi\\\/historiayhdistys\\\/konsertti-kannakselta-rukajarvelle-siilinjarvella-23-11-14-klo-13\\\/\"},\"wordCount\":166,\"publisher\":{\"@id\":\"http:\\\/\\\/www.rukajarvensuunnanhistoriayhdistys.fi\\\/historiayhdistys\\\/#organization\"},\"image\":{\"@id\":\"https:\\\/\\\/www.rukajarvensuunnanhistoriayhdistys.fi\\\/historiayhdistys\\\/konsertti-kannakselta-rukajarvelle-siilinjarvella-23-11-14-klo-13\\\/#primaryimage\"},\"thumbnailUrl\":\"http:\\\/\\\/www.rukajarvensuunnanhistoriayhdistys.fi\\\/historiayhdistys\\\/wp-content\\\/uploads\\\/2014\\\/09\\\/Vetmut-solistit-21-9-2014.jpg\",\"articleSection\":[\"Ajankohtaista\"],\"inLanguage\":\"fi\"},{\"@type\":\"WebPage\",\"@id\":\"https:\\\/\\\/www.rukajarvensuunnanhistoriayhdistys.fi\\\/historiayhdistys\\\/konsertti-kannakselta-rukajarvelle-siilinjarvella-23-11-14-klo-13\\\/\",\"url\":\"https:\\\/\\\/www.rukajarvensuunnanhistoriayhdistys.fi\\\/historiayhdistys\\\/konsertti-kannakselta-rukajarvelle-siilinjarvella-23-11-14-klo-13\\\/\",\"name\":\"Konsertti Kannakselta Rukaj\u00e4rvelle Siilinj\u00e4rvell\u00e4 23.11.14 klo 13 - Rukaj\u00e4rven suunnan historiayhdistys\",\"isPartOf\":{\"@id\":\"http:\\\/\\\/www.rukajarvensuunnanhistoriayhdistys.fi\\\/historiayhdistys\\\/#website\"},\"primaryImageOfPage\":{\"@id\":\"https:\\\/\\\/www.rukajarvensuunnanhistoriayhdistys.fi\\\/historiayhdistys\\\/konsertti-kannakselta-rukajarvelle-siilinjarvella-23-11-14-klo-13\\\/#primaryimage\"},\"image\":{\"@id\":\"https:\\\/\\\/www.rukajarvensuunnanhistoriayhdistys.fi\\\/historiayhdistys\\\/konsertti-kannakselta-rukajarvelle-siilinjarvella-23-11-14-klo-13\\\/#primaryimage\"},\"thumbnailUrl\":\"http:\\\/\\\/www.rukajarvensuunnanhistoriayhdistys.fi\\\/historiayhdistys\\\/wp-content\\\/uploads\\\/2014\\\/09\\\/Vetmut-solistit-21-9-2014.jpg\",\"datePublished\":\"2014-11-16T12:27:50+00:00\",\"breadcrumb\":{\"@id\":\"https:\\\/\\\/www.rukajarvensuunnanhistoriayhdistys.fi\\\/historiayhdistys\\\/konsertti-kannakselta-rukajarvelle-siilinjarvella-23-11-14-klo-13\\\/#breadcrumb\"},\"inLanguage\":\"fi\",\"potentialAction\":[{\"@type\":\"ReadAction\",\"target\":[\"https:\\\/\\\/www.rukajarvensuunnanhistoriayhdistys.fi\\\/historiayhdistys\\\/konsertti-kannakselta-rukajarvelle-siilinjarvella-23-11-14-klo-13\\\/\"]}]},{\"@type\":\"ImageObject\",\"inLanguage\":\"fi\",\"@id\":\"https:\\\/\\\/www.rukajarvensuunnanhistoriayhdistys.fi\\\/historiayhdistys\\\/konsertti-kannakselta-rukajarvelle-siilinjarvella-23-11-14-klo-13\\\/#primaryimage\",\"url\":\"http:\\\/\\\/www.rukajarvensuunnanhistoriayhdistys.fi\\\/historiayhdistys\\\/wp-content\\\/uploads\\\/2014\\\/09\\\/Vetmut-solistit-21-9-2014.jpg\",\"contentUrl\":\"http:\\\/\\\/www.rukajarvensuunnanhistoriayhdistys.fi\\\/historiayhdistys\\\/wp-content\\\/uploads\\\/2014\\\/09\\\/Vetmut-solistit-21-9-2014.jpg\",\"width\":1754,\"height\":1240,\"caption\":\"Yl\u00e4-Savon Veteraanimuusikoitten orkesterin (Vetmut) solistit, Taito Kainulainen Risto Nissinen, Tiina Karhu ja Eila Huttunen.\"},{\"@type\":\"BreadcrumbList\",\"@id\":\"https:\\\/\\\/www.rukajarvensuunnanhistoriayhdistys.fi\\\/historiayhdistys\\\/konsertti-kannakselta-rukajarvelle-siilinjarvella-23-11-14-klo-13\\\/#breadcrumb\",\"itemListElement\":[{\"@type\":\"ListItem\",\"position\":1,\"name\":\"Etusivu\",\"item\":\"http:\\\/\\\/www.rukajarvensuunnanhistoriayhdistys.fi\\\/historiayhdistys\\\/\"},{\"@type\":\"ListItem\",\"position\":2,\"name\":\"Konsertti Kannakselta Rukaj\u00e4rvelle Siilinj\u00e4rvell\u00e4 23.11.14 klo 13\"}]},{\"@type\":\"WebSite\",\"@id\":\"http:\\\/\\\/www.rukajarvensuunnanhistoriayhdistys.fi\\\/historiayhdistys\\\/#website\",\"url\":\"http:\\\/\\\/www.rukajarvensuunnanhistoriayhdistys.fi\\\/historiayhdistys\\\/\",\"name\":\"Rukaj\u00e4rven suunnan historiayhdistys\",\"description\":\"Rukaj\u00e4rven suunnan historiayhdistyksen verkkosivut.\",\"publisher\":{\"@id\":\"http:\\\/\\\/www.rukajarvensuunnanhistoriayhdistys.fi\\\/historiayhdistys\\\/#organization\"},\"potentialAction\":[{\"@type\":\"SearchAction\",\"target\":{\"@type\":\"EntryPoint\",\"urlTemplate\":\"http:\\\/\\\/www.rukajarvensuunnanhistoriayhdistys.fi\\\/historiayhdistys\\\/?s={search_term_string}\"},\"query-input\":{\"@type\":\"PropertyValueSpecification\",\"valueRequired\":true,\"valueName\":\"search_term_string\"}}],\"inLanguage\":\"fi\"},{\"@type\":\"Organization\",\"@id\":\"http:\\\/\\\/www.rukajarvensuunnanhistoriayhdistys.fi\\\/historiayhdistys\\\/#organization\",\"name\":\"Rukaj\u00e4rven suunnan historiayhdistys\",\"url\":\"http:\\\/\\\/www.rukajarvensuunnanhistoriayhdistys.fi\\\/historiayhdistys\\\/\",\"logo\":{\"@type\":\"ImageObject\",\"inLanguage\":\"fi\",\"@id\":\"http:\\\/\\\/www.rukajarvensuunnanhistoriayhdistys.fi\\\/historiayhdistys\\\/#\\\/schema\\\/logo\\\/image\\\/\",\"url\":\"http:\\\/\\\/www.rukajarvensuunnanhistoriayhdistys.fi\\\/historiayhdistys\\\/wp-content\\\/uploads\\\/2013\\\/12\\\/Otsake_3.jpg\",\"contentUrl\":\"http:\\\/\\\/www.rukajarvensuunnanhistoriayhdistys.fi\\\/historiayhdistys\\\/wp-content\\\/uploads\\\/2013\\\/12\\\/Otsake_3.jpg\",\"width\":1000,\"height\":442,\"caption\":\"Rukaj\u00e4rven suunnan historiayhdistys\"},\"image\":{\"@id\":\"http:\\\/\\\/www.rukajarvensuunnanhistoriayhdistys.fi\\\/historiayhdistys\\\/#\\\/schema\\\/logo\\\/image\\\/\"}},{\"@type\":\"Person\",\"@id\":\"http:\\\/\\\/www.rukajarvensuunnanhistoriayhdistys.fi\\\/historiayhdistys\\\/#\\\/schema\\\/person\\\/19de7db68bf72dfd2b5d7f6dfbf8454d\",\"name\":\"RSHY\",\"image\":{\"@type\":\"ImageObject\",\"inLanguage\":\"fi\",\"@id\":\"https:\\\/\\\/secure.gravatar.com\\\/avatar\\\/598d59263a69cc8de65fcb4f9db78d6f58c098cb0e0ba22d73377441af9fa04c?s=96&d=blank&r=g\",\"url\":\"https:\\\/\\\/secure.gravatar.com\\\/avatar\\\/598d59263a69cc8de65fcb4f9db78d6f58c098cb0e0ba22d73377441af9fa04c?s=96&d=blank&r=g\",\"contentUrl\":\"https:\\\/\\\/secure.gravatar.com\\\/avatar\\\/598d59263a69cc8de65fcb4f9db78d6f58c098cb0e0ba22d73377441af9fa04c?s=96&d=blank&r=g\",\"caption\":\"RSHY\"},\"url\":\"http:\\\/\\\/www.rukajarvensuunnanhistoriayhdistys.fi\\\/historiayhdistys\\\/author\\\/rshy\\\/\"}]}<\/script>\n<!-- \/ Yoast SEO plugin. -->","yoast_head_json":{"title":"Konsertti Kannakselta Rukaj\u00e4rvelle Siilinj\u00e4rvell\u00e4 23.11.14 klo 13 - Rukaj\u00e4rven suunnan historiayhdistys","robots":{"index":"index","follow":"follow","max-snippet":"max-snippet:-1","max-image-preview":"max-image-preview:large","max-video-preview":"max-video-preview:-1"},"canonical":"https:\/\/www.rukajarvensuunnanhistoriayhdistys.fi\/historiayhdistys\/konsertti-kannakselta-rukajarvelle-siilinjarvella-23-11-14-klo-13\/","og_locale":"fi_FI","og_type":"article","og_title":"Konsertti Kannakselta Rukaj\u00e4rvelle Siilinj\u00e4rvell\u00e4 23.11.14 klo 13 - Rukaj\u00e4rven suunnan historiayhdistys","og_description":"Yl\u00e4-Savon Veteraanimuusikot ry. (Vetmut) j\u00e4rjest\u00e4\u00e4 sota-ajan lauluja k\u00e4sitt\u00e4v\u00e4n konsertin Kannakselta Rukaj\u00e4rvelle Siilij\u00e4rvell\u00e4 Siilinlahden koulun Salmi Salissa, os. Koulutie 3\u00a0sunnuntaina 23.11.2014 klo 13.00. Konsertissa esitet\u00e4\u00e4n my\u00f6s \u00a0kappaleharvinaisuuksia Rukaj\u00e4rven suunnalta, joita ei Teksti jatkuu...Konsertti Kannakselta Rukaj\u00e4rvelle Siilinj\u00e4rvell\u00e4 23.11.14 klo 13\u2192","og_url":"https:\/\/www.rukajarvensuunnanhistoriayhdistys.fi\/historiayhdistys\/konsertti-kannakselta-rukajarvelle-siilinjarvella-23-11-14-klo-13\/","og_site_name":"Rukaj\u00e4rven suunnan historiayhdistys","article_published_time":"2014-11-16T12:27:50+00:00","og_image":[{"width":1754,"height":1240,"url":"https:\/\/www.rukajarvensuunnanhistoriayhdistys.fi\/historiayhdistys\/wp-content\/uploads\/2014\/09\/Vetmut-solistit-21-9-2014.jpg","type":"image\/jpeg"}],"author":"RSHY","twitter_misc":{"Kirjoittanut":"RSHY","Arvioitu lukuaika":"1 minuutti"},"schema":{"@context":"https:\/\/schema.org","@graph":[{"@type":"Article","@id":"https:\/\/www.rukajarvensuunnanhistoriayhdistys.fi\/historiayhdistys\/konsertti-kannakselta-rukajarvelle-siilinjarvella-23-11-14-klo-13\/#article","isPartOf":{"@id":"https:\/\/www.rukajarvensuunnanhistoriayhdistys.fi\/historiayhdistys\/konsertti-kannakselta-rukajarvelle-siilinjarvella-23-11-14-klo-13\/"},"author":{"name":"RSHY","@id":"http:\/\/www.rukajarvensuunnanhistoriayhdistys.fi\/historiayhdistys\/#\/schema\/person\/19de7db68bf72dfd2b5d7f6dfbf8454d"},"headline":"Konsertti Kannakselta Rukaj\u00e4rvelle Siilinj\u00e4rvell\u00e4 23.11.14 klo 13","datePublished":"2014-11-16T12:27:50+00:00","mainEntityOfPage":{"@id":"https:\/\/www.rukajarvensuunnanhistoriayhdistys.fi\/historiayhdistys\/konsertti-kannakselta-rukajarvelle-siilinjarvella-23-11-14-klo-13\/"},"wordCount":166,"publisher":{"@id":"http:\/\/www.rukajarvensuunnanhistoriayhdistys.fi\/historiayhdistys\/#organization"},"image":{"@id":"https:\/\/www.rukajarvensuunnanhistoriayhdistys.fi\/historiayhdistys\/konsertti-kannakselta-rukajarvelle-siilinjarvella-23-11-14-klo-13\/#primaryimage"},"thumbnailUrl":"http:\/\/www.rukajarvensuunnanhistoriayhdistys.fi\/historiayhdistys\/wp-content\/uploads\/2014\/09\/Vetmut-solistit-21-9-2014.jpg","articleSection":["Ajankohtaista"],"inLanguage":"fi"},{"@type":"WebPage","@id":"https:\/\/www.rukajarvensuunnanhistoriayhdistys.fi\/historiayhdistys\/konsertti-kannakselta-rukajarvelle-siilinjarvella-23-11-14-klo-13\/","url":"https:\/\/www.rukajarvensuunnanhistoriayhdistys.fi\/historiayhdistys\/konsertti-kannakselta-rukajarvelle-siilinjarvella-23-11-14-klo-13\/","name":"Konsertti Kannakselta Rukaj\u00e4rvelle Siilinj\u00e4rvell\u00e4 23.11.14 klo 13 - Rukaj\u00e4rven suunnan historiayhdistys","isPartOf":{"@id":"http:\/\/www.rukajarvensuunnanhistoriayhdistys.fi\/historiayhdistys\/#website"},"primaryImageOfPage":{"@id":"https:\/\/www.rukajarvensuunnanhistoriayhdistys.fi\/historiayhdistys\/konsertti-kannakselta-rukajarvelle-siilinjarvella-23-11-14-klo-13\/#primaryimage"},"image":{"@id":"https:\/\/www.rukajarvensuunnanhistoriayhdistys.fi\/historiayhdistys\/konsertti-kannakselta-rukajarvelle-siilinjarvella-23-11-14-klo-13\/#primaryimage"},"thumbnailUrl":"http:\/\/www.rukajarvensuunnanhistoriayhdistys.fi\/historiayhdistys\/wp-content\/uploads\/2014\/09\/Vetmut-solistit-21-9-2014.jpg","datePublished":"2014-11-16T12:27:50+00:00","breadcrumb":{"@id":"https:\/\/www.rukajarvensuunnanhistoriayhdistys.fi\/historiayhdistys\/konsertti-kannakselta-rukajarvelle-siilinjarvella-23-11-14-klo-13\/#breadcrumb"},"inLanguage":"fi","potentialAction":[{"@type":"ReadAction","target":["https:\/\/www.rukajarvensuunnanhistoriayhdistys.fi\/historiayhdistys\/konsertti-kannakselta-rukajarvelle-siilinjarvella-23-11-14-klo-13\/"]}]},{"@type":"ImageObject","inLanguage":"fi","@id":"https:\/\/www.rukajarvensuunnanhistoriayhdistys.fi\/historiayhdistys\/konsertti-kannakselta-rukajarvelle-siilinjarvella-23-11-14-klo-13\/#primaryimage","url":"http:\/\/www.rukajarvensuunnanhistoriayhdistys.fi\/historiayhdistys\/wp-content\/uploads\/2014\/09\/Vetmut-solistit-21-9-2014.jpg","contentUrl":"http:\/\/www.rukajarvensuunnanhistoriayhdistys.fi\/historiayhdistys\/wp-content\/uploads\/2014\/09\/Vetmut-solistit-21-9-2014.jpg","width":1754,"height":1240,"caption":"Yl\u00e4-Savon Veteraanimuusikoitten orkesterin (Vetmut) solistit, Taito Kainulainen Risto Nissinen, Tiina Karhu ja Eila Huttunen."},{"@type":"BreadcrumbList","@id":"https:\/\/www.rukajarvensuunnanhistoriayhdistys.fi\/historiayhdistys\/konsertti-kannakselta-rukajarvelle-siilinjarvella-23-11-14-klo-13\/#breadcrumb","itemListElement":[{"@type":"ListItem","position":1,"name":"Etusivu","item":"http:\/\/www.rukajarvensuunnanhistoriayhdistys.fi\/historiayhdistys\/"},{"@type":"ListItem","position":2,"name":"Konsertti Kannakselta Rukaj\u00e4rvelle Siilinj\u00e4rvell\u00e4 23.11.14 klo 13"}]},{"@type":"WebSite","@id":"http:\/\/www.rukajarvensuunnanhistoriayhdistys.fi\/historiayhdistys\/#website","url":"http:\/\/www.rukajarvensuunnanhistoriayhdistys.fi\/historiayhdistys\/","name":"Rukaj\u00e4rven suunnan historiayhdistys","description":"Rukaj\u00e4rven suunnan historiayhdistyksen verkkosivut.","publisher":{"@id":"http:\/\/www.rukajarvensuunnanhistoriayhdistys.fi\/historiayhdistys\/#organization"},"potentialAction":[{"@type":"SearchAction","target":{"@type":"EntryPoint","urlTemplate":"http:\/\/www.rukajarvensuunnanhistoriayhdistys.fi\/historiayhdistys\/?s={search_term_string}"},"query-input":{"@type":"PropertyValueSpecification","valueRequired":true,"valueName":"search_term_string"}}],"inLanguage":"fi"},{"@type":"Organization","@id":"http:\/\/www.rukajarvensuunnanhistoriayhdistys.fi\/historiayhdistys\/#organization","name":"Rukaj\u00e4rven suunnan historiayhdistys","url":"http:\/\/www.rukajarvensuunnanhistoriayhdistys.fi\/historiayhdistys\/","logo":{"@type":"ImageObject","inLanguage":"fi","@id":"http:\/\/www.rukajarvensuunnanhistoriayhdistys.fi\/historiayhdistys\/#\/schema\/logo\/image\/","url":"http:\/\/www.rukajarvensuunnanhistoriayhdistys.fi\/historiayhdistys\/wp-content\/uploads\/2013\/12\/Otsake_3.jpg","contentUrl":"http:\/\/www.rukajarvensuunnanhistoriayhdistys.fi\/historiayhdistys\/wp-content\/uploads\/2013\/12\/Otsake_3.jpg","width":1000,"height":442,"caption":"Rukaj\u00e4rven suunnan historiayhdistys"},"image":{"@id":"http:\/\/www.rukajarvensuunnanhistoriayhdistys.fi\/historiayhdistys\/#\/schema\/logo\/image\/"}},{"@type":"Person","@id":"http:\/\/www.rukajarvensuunnanhistoriayhdistys.fi\/historiayhdistys\/#\/schema\/person\/19de7db68bf72dfd2b5d7f6dfbf8454d","name":"RSHY","image":{"@type":"ImageObject","inLanguage":"fi","@id":"https:\/\/secure.gravatar.com\/avatar\/598d59263a69cc8de65fcb4f9db78d6f58c098cb0e0ba22d73377441af9fa04c?s=96&d=blank&r=g","url":"https:\/\/secure.gravatar.com\/avatar\/598d59263a69cc8de65fcb4f9db78d6f58c098cb0e0ba22d73377441af9fa04c?s=96&d=blank&r=g","contentUrl":"https:\/\/secure.gravatar.com\/avatar\/598d59263a69cc8de65fcb4f9db78d6f58c098cb0e0ba22d73377441af9fa04c?s=96&d=blank&r=g","caption":"RSHY"},"url":"http:\/\/www.rukajarvensuunnanhistoriayhdistys.fi\/historiayhdistys\/author\/rshy\/"}]}},"_links":{"self":[{"href":"http:\/\/www.rukajarvensuunnanhistoriayhdistys.fi\/historiayhdistys\/wp-json\/wp\/v2\/posts\/9510","targetHints":{"allow":["GET"]}}],"collection":[{"href":"http:\/\/www.rukajarvensuunnanhistoriayhdistys.fi\/historiayhdistys\/wp-json\/wp\/v2\/posts"}],"about":[{"href":"http:\/\/www.rukajarvensuunnanhistoriayhdistys.fi\/historiayhdistys\/wp-json\/wp\/v2\/types\/post"}],"author":[{"embeddable":true,"href":"http:\/\/www.rukajarvensuunnanhistoriayhdistys.fi\/historiayhdistys\/wp-json\/wp\/v2\/users\/3"}],"replies":[{"embeddable":true,"href":"http:\/\/www.rukajarvensuunnanhistoriayhdistys.fi\/historiayhdistys\/wp-json\/wp\/v2\/comments?post=9510"}],"version-history":[{"count":3,"href":"http:\/\/www.rukajarvensuunnanhistoriayhdistys.fi\/historiayhdistys\/wp-json\/wp\/v2\/posts\/9510\/revisions"}],"predecessor-version":[{"id":9513,"href":"http:\/\/www.rukajarvensuunnanhistoriayhdistys.fi\/historiayhdistys\/wp-json\/wp\/v2\/posts\/9510\/revisions\/9513"}],"wp:featuredmedia":[{"embeddable":true,"href":"http:\/\/www.rukajarvensuunnanhistoriayhdistys.fi\/historiayhdistys\/wp-json\/wp\/v2\/media\/5092"}],"wp:attachment":[{"href":"http:\/\/www.rukajarvensuunnanhistoriayhdistys.fi\/historiayhdistys\/wp-json\/wp\/v2\/media?parent=9510"}],"wp:term":[{"taxonomy":"category","embeddable":true,"href":"http:\/\/www.rukajarvensuunnanhistoriayhdistys.fi\/historiayhdistys\/wp-json\/wp\/v2\/categories?post=9510"},{"taxonomy":"post_tag","embeddable":true,"href":"http:\/\/www.rukajarvensuunnanhistoriayhdistys.fi\/historiayhdistys\/wp-json\/wp\/v2\/tags?post=9510"}],"curies":[{"name":"wp","href":"https:\/\/api.w.org\/{rel}","templated":true}]}}