{"id":9809,"date":"2015-03-06T19:50:59","date_gmt":"2015-03-06T17:50:59","guid":{"rendered":"http:\/\/www.rukajarvensuunnanhistoriayhdistys.fi\/historiayhdistys\/?p=9809"},"modified":"2015-03-06T19:59:22","modified_gmt":"2015-03-06T17:59:22","slug":"tule-tapaamaan-kuopion-hiippakunnan-piispaa-iisalmen-rukajarvi-keskukselle-13-3-2015-klo-18-30-20-00","status":"publish","type":"post","link":"http:\/\/www.rukajarvensuunnanhistoriayhdistys.fi\/historiayhdistys\/tule-tapaamaan-kuopion-hiippakunnan-piispaa-iisalmen-rukajarvi-keskukselle-13-3-2015-klo-18-30-20-00\/","title":{"rendered":"Tule tapaamaan Kuopion hiippakunnan piispaa, Iisalmen Rukaj\u00e4rvi-keskukselle 13.3.2015 klo 18.30 &#8211; 20.00"},"content":{"rendered":"<div class=\"fcbkbttn_buttons_block\" id=\"fcbkbttn_left\"><div class=\"fcbkbttn_like \"><fb:like href=\"http:\/\/www.rukajarvensuunnanhistoriayhdistys.fi\/historiayhdistys\/tule-tapaamaan-kuopion-hiippakunnan-piispaa-iisalmen-rukajarvi-keskukselle-13-3-2015-klo-18-30-20-00\/\" action=\"like\" colorscheme=\"light\" layout=\"button_count\"  size=\"small\"><\/fb:like><\/div><\/div><p>Iisalmen seurakunnan ja Yl\u00e4-Savon seurakuntayhtym\u00e4n piispantarkastuksen n\u00e4kyvin osuus paikkakuntalaisille on Jari-piispan vierailu Iisalmessa pe 13.3. Kaikille avoimia tilaisuuksia ovat lasten kirkko, kansalaistapaaminen Rukaj\u00e4rvi-keskuksella sek\u00e4 piispan juhlamessu.<\/p>\n<figure id=\"attachment_9811\" aria-describedby=\"caption-attachment-9811\" style=\"width: 1200px\" class=\"wp-caption alignnone\"><a href=\"http:\/\/www.rukajarvensuunnanhistoriayhdistys.fi\/historiayhdistys\/wp-content\/uploads\/2015\/03\/siilijarvi-2304-0fe5828deb41c967192c7de0e5893c511.jpg\"><img loading=\"lazy\" decoding=\"async\" class=\"wp-image-9811 size-full\" src=\"http:\/\/www.rukajarvensuunnanhistoriayhdistys.fi\/historiayhdistys\/wp-content\/uploads\/2015\/03\/siilijarvi-2304-0fe5828deb41c967192c7de0e5893c511.jpg\" alt=\"Kuopion hiippakunnan piispa Jari Jolkkonen. Kuva Hannu Ker\u00e4nen.\" width=\"1200\" height=\"800\" data-id=\"9811\" srcset=\"http:\/\/www.rukajarvensuunnanhistoriayhdistys.fi\/historiayhdistys\/wp-content\/uploads\/2015\/03\/siilijarvi-2304-0fe5828deb41c967192c7de0e5893c511.jpg 1200w, http:\/\/www.rukajarvensuunnanhistoriayhdistys.fi\/historiayhdistys\/wp-content\/uploads\/2015\/03\/siilijarvi-2304-0fe5828deb41c967192c7de0e5893c511-300x200.jpg 300w, http:\/\/www.rukajarvensuunnanhistoriayhdistys.fi\/historiayhdistys\/wp-content\/uploads\/2015\/03\/siilijarvi-2304-0fe5828deb41c967192c7de0e5893c511-1024x683.jpg 1024w\" sizes=\"auto, (max-width: 1200px) 100vw, 1200px\" \/><\/a><figcaption id=\"caption-attachment-9811\" class=\"wp-caption-text\">Kuopion hiippakunnan piispa Jari Jolkkonen. Kuva Hannu Ker\u00e4nen.<\/figcaption><\/figure>\n<p><strong>Perjantaina 13.3.<\/strong> klo 9.15 alkavassa lasten kirkossa aiheena on paastonaika ja raamatunkertomuksena Tuhlaajapoika. Noin puolituntia kest\u00e4v\u00e4 lastenkirkko on suunniteltu alle kouluik\u00e4isille lapsille ja heid\u00e4n perheilleen sek\u00e4 p\u00e4iv\u00e4hoidon lapsille, mutta kirkkohetkeen ovat kaikki tervetulleita. Piispa pit\u00e4\u00e4 lapsille pienen tervehdyksen.<\/p>\n<p><strong> Perjantai-iltana<\/strong> klo 18.30 alkaen Iisalmen Seurahuoneella, Rukaj\u00e4rvi-keskuksella, j\u00e4rjestet\u00e4\u00e4n kansalaistapaaminen. Tilaisuus alkaa kahvilla, jonka j\u00e4lkeen on Rukaj\u00e4rvi-keskuksen esittely, talousneuvos Jouko Pennasen esitys \u201dIisalmelaiset Rukaj\u00e4rven taisteluissa 1941\u20131944\u201d, lauluesityksi\u00e4, piispan kyselytunti, jossa yleis\u00f6ll\u00e4 on mahdollisuus esitt\u00e4\u00e4 piispalle kysymyksi\u00e4 sek\u00e4 rukoushetki p\u00e4iv\u00e4n p\u00e4\u00e4tteeksi, jonka pit\u00e4\u00e4 kappalainen Kristiina Turkki.<\/p>\n<figure id=\"attachment_9810\" aria-describedby=\"caption-attachment-9810\" style=\"width: 500px\" class=\"wp-caption alignnone\"><a href=\"http:\/\/www.rukajarvensuunnanhistoriayhdistys.fi\/historiayhdistys\/wp-content\/uploads\/2015\/03\/Kuopion-hiippakunnan-piispa-Jari-Jolkkonen.jpg\"><img loading=\"lazy\" decoding=\"async\" class=\"wp-image-9810 size-full\" src=\"http:\/\/www.rukajarvensuunnanhistoriayhdistys.fi\/historiayhdistys\/wp-content\/uploads\/2015\/03\/Kuopion-hiippakunnan-piispa-Jari-Jolkkonen.jpg\" alt=\"Kuopion hiippakunnan piispa Jari Jolkkonen. Kuva Juha Antikainen.\" width=\"500\" height=\"424\" data-id=\"9810\" srcset=\"http:\/\/www.rukajarvensuunnanhistoriayhdistys.fi\/historiayhdistys\/wp-content\/uploads\/2015\/03\/Kuopion-hiippakunnan-piispa-Jari-Jolkkonen.jpg 500w, http:\/\/www.rukajarvensuunnanhistoriayhdistys.fi\/historiayhdistys\/wp-content\/uploads\/2015\/03\/Kuopion-hiippakunnan-piispa-Jari-Jolkkonen-300x254.jpg 300w\" sizes=\"auto, (max-width: 500px) 100vw, 500px\" \/><\/a><figcaption id=\"caption-attachment-9810\" class=\"wp-caption-text\">Kuopion hiippakunnan piispa Jari Jolkkonen. Kuva Juha Antikainen.<\/figcaption><\/figure>\n<p>Ohjelmallisen tilaisuuden juontaa seurakuntaneuvoston varapuheenjohtaja Pertti Laajalahti.<\/p>\n<figure id=\"attachment_9812\" aria-describedby=\"caption-attachment-9812\" style=\"width: 500px\" class=\"wp-caption alignnone\"><a href=\"http:\/\/www.rukajarvensuunnanhistoriayhdistys.fi\/historiayhdistys\/wp-content\/uploads\/2015\/03\/Arkkipiispa-ja-avustajat-Kuva-Juha-Antikainen1-2.jpg\"><img loading=\"lazy\" decoding=\"async\" class=\"wp-image-9812 size-full\" src=\"http:\/\/www.rukajarvensuunnanhistoriayhdistys.fi\/historiayhdistys\/wp-content\/uploads\/2015\/03\/Arkkipiispa-ja-avustajat-Kuva-Juha-Antikainen1-2.jpg\" alt=\"Arkkipiispa Kari M\u00e4kinen ja avustajat Piispan vihki\u00e4iset 6.5.2012. Kuva Juha Antikainen \" width=\"500\" height=\"332\" data-id=\"9812\" srcset=\"http:\/\/www.rukajarvensuunnanhistoriayhdistys.fi\/historiayhdistys\/wp-content\/uploads\/2015\/03\/Arkkipiispa-ja-avustajat-Kuva-Juha-Antikainen1-2.jpg 500w, http:\/\/www.rukajarvensuunnanhistoriayhdistys.fi\/historiayhdistys\/wp-content\/uploads\/2015\/03\/Arkkipiispa-ja-avustajat-Kuva-Juha-Antikainen1-2-300x199.jpg 300w\" sizes=\"auto, (max-width: 500px) 100vw, 500px\" \/><\/a><figcaption id=\"caption-attachment-9812\" class=\"wp-caption-text\">Arkkipiispa Kari M\u00e4kinen ja avustajat Piispan vihki\u00e4iset 6.5.2012. Kuva Juha Antikainen<\/figcaption><\/figure>\n<p>Lis\u00e4ksi piispan voi tavata sunnuntaina juhlamessussa 15.3. klo 10.00 alkaen Pyh\u00e4n Ristin kirkossa. Messun j\u00e4lkeen piispa antaa seurakunnalle ja seurakuntayhtym\u00e4lle p\u00e4\u00e4t\u00f6slausunnon piispantarkastuksessa tekemist\u00e4\u00e4n havainnoista. Kirkossa tarjoillaan messun j\u00e4lkeen kirkkokahvit ja seurakuntatalolla on mahdollisuus sy\u00f6d\u00e4 keittolounas (vapaaehtoinen maksu lounaasta).\u00a0 Piispantarkastuksen yleisen aikataulun voit <a href=\"http:\/\/www.iisalmenseurakunta.fi\/uutiset\/-\/news\/1213586\"><strong><span style=\"text-decoration: underline;\">katsoa t\u00e4\u00e4lt\u00e4.<\/span><\/strong><\/a><\/p>\n<p>Lis\u00e4tietoja, Iisalmen seurakunta, vs. kirkkoherra Martti Sallinen, 044 7335 246, <a href=\"mailto:martti.sallinen@evl.f\"><strong><span style=\"text-decoration: underline;\">martti.sallinen@evl.fi<\/span><\/strong><\/a><\/p>\n","protected":false},"excerpt":{"rendered":"<p>Iisalmen seurakunnan ja Yl\u00e4-Savon seurakuntayhtym\u00e4n piispantarkastuksen n\u00e4kyvin osuus paikkakuntalaisille on Jari-piispan vierailu Iisalmessa pe 13.3. Kaikille avoimia tilaisuuksia ovat lasten kirkko, kansalaistapaaminen Rukaj\u00e4rvi-keskuksella sek\u00e4 piispan juhlamessu. Perjantaina 13.3. klo 9.15 <a class=\"more-link\" href=\"http:\/\/www.rukajarvensuunnanhistoriayhdistys.fi\/historiayhdistys\/tule-tapaamaan-kuopion-hiippakunnan-piispaa-iisalmen-rukajarvi-keskukselle-13-3-2015-klo-18-30-20-00\/\">Teksti jatkuu&#8230;<span class=\"screen-reader-text\">Tule tapaamaan Kuopion hiippakunnan piispaa, Iisalmen Rukaj\u00e4rvi-keskukselle 13.3.2015 klo 18.30 &#8211; 20.00<\/span><span class=\"meta-nav\">\u2192<\/span><\/a><\/p>\n","protected":false},"author":3,"featured_media":9810,"comment_status":"closed","ping_status":"open","sticky":false,"template":"","format":"standard","meta":{"footnotes":""},"categories":[22],"tags":[],"class_list":["post-9809","post","type-post","status-publish","format-standard","has-post-thumbnail","hentry","category-ajankohtaista"],"yoast_head":"<!-- This site is optimized with the Yoast SEO plugin v27.4 - https:\/\/yoast.com\/product\/yoast-seo-wordpress\/ -->\n<title>Tule tapaamaan Kuopion hiippakunnan piispaa, Iisalmen Rukaj\u00e4rvi-keskukselle 13.3.2015 klo 18.30 - 20.00 - Rukaj\u00e4rven suunnan historiayhdistys<\/title>\n<meta name=\"robots\" content=\"index, follow, max-snippet:-1, max-image-preview:large, max-video-preview:-1\" \/>\n<link rel=\"canonical\" href=\"http:\/\/www.rukajarvensuunnanhistoriayhdistys.fi\/historiayhdistys\/tule-tapaamaan-kuopion-hiippakunnan-piispaa-iisalmen-rukajarvi-keskukselle-13-3-2015-klo-18-30-20-00\/\" \/>\n<meta property=\"og:locale\" content=\"fi_FI\" \/>\n<meta property=\"og:type\" content=\"article\" \/>\n<meta property=\"og:title\" content=\"Tule tapaamaan Kuopion hiippakunnan piispaa, Iisalmen Rukaj\u00e4rvi-keskukselle 13.3.2015 klo 18.30 - 20.00 - Rukaj\u00e4rven suunnan historiayhdistys\" \/>\n<meta property=\"og:description\" content=\"Iisalmen seurakunnan ja Yl\u00e4-Savon seurakuntayhtym\u00e4n piispantarkastuksen n\u00e4kyvin osuus paikkakuntalaisille on Jari-piispan vierailu Iisalmessa pe 13.3. Kaikille avoimia tilaisuuksia ovat lasten kirkko, kansalaistapaaminen Rukaj\u00e4rvi-keskuksella sek\u00e4 piispan juhlamessu. Perjantaina 13.3. klo 9.15 Teksti jatkuu...Tule tapaamaan Kuopion hiippakunnan piispaa, Iisalmen Rukaj\u00e4rvi-keskukselle 13.3.2015 klo 18.30 &#8211; 20.00\u2192\" \/>\n<meta property=\"og:url\" content=\"http:\/\/www.rukajarvensuunnanhistoriayhdistys.fi\/historiayhdistys\/tule-tapaamaan-kuopion-hiippakunnan-piispaa-iisalmen-rukajarvi-keskukselle-13-3-2015-klo-18-30-20-00\/\" \/>\n<meta property=\"og:site_name\" content=\"Rukaj\u00e4rven suunnan historiayhdistys\" \/>\n<meta property=\"article:published_time\" content=\"2015-03-06T17:50:59+00:00\" \/>\n<meta property=\"article:modified_time\" content=\"2015-03-06T17:59:22+00:00\" \/>\n<meta property=\"og:image\" content=\"http:\/\/www.rukajarvensuunnanhistoriayhdistys.fi\/historiayhdistys\/wp-content\/uploads\/2015\/03\/Kuopion-hiippakunnan-piispa-Jari-Jolkkonen.jpg\" \/>\n\t<meta property=\"og:image:width\" content=\"500\" \/>\n\t<meta property=\"og:image:height\" content=\"424\" \/>\n\t<meta property=\"og:image:type\" content=\"image\/jpeg\" \/>\n<meta name=\"author\" content=\"RSHY\" \/>\n<meta name=\"twitter:label1\" content=\"Kirjoittanut\" \/>\n\t<meta name=\"twitter:data1\" content=\"RSHY\" \/>\n\t<meta name=\"twitter:label2\" content=\"Arvioitu lukuaika\" \/>\n\t<meta name=\"twitter:data2\" content=\"1 minuutti\" \/>\n<script type=\"application\/ld+json\" class=\"yoast-schema-graph\">{\"@context\":\"https:\\\/\\\/schema.org\",\"@graph\":[{\"@type\":\"Article\",\"@id\":\"http:\\\/\\\/www.rukajarvensuunnanhistoriayhdistys.fi\\\/historiayhdistys\\\/tule-tapaamaan-kuopion-hiippakunnan-piispaa-iisalmen-rukajarvi-keskukselle-13-3-2015-klo-18-30-20-00\\\/#article\",\"isPartOf\":{\"@id\":\"http:\\\/\\\/www.rukajarvensuunnanhistoriayhdistys.fi\\\/historiayhdistys\\\/tule-tapaamaan-kuopion-hiippakunnan-piispaa-iisalmen-rukajarvi-keskukselle-13-3-2015-klo-18-30-20-00\\\/\"},\"author\":{\"name\":\"RSHY\",\"@id\":\"http:\\\/\\\/www.rukajarvensuunnanhistoriayhdistys.fi\\\/historiayhdistys\\\/#\\\/schema\\\/person\\\/19de7db68bf72dfd2b5d7f6dfbf8454d\"},\"headline\":\"Tule tapaamaan Kuopion hiippakunnan piispaa, Iisalmen Rukaj\u00e4rvi-keskukselle 13.3.2015 klo 18.30 &#8211; 20.00\",\"datePublished\":\"2015-03-06T17:50:59+00:00\",\"dateModified\":\"2015-03-06T17:59:22+00:00\",\"mainEntityOfPage\":{\"@id\":\"http:\\\/\\\/www.rukajarvensuunnanhistoriayhdistys.fi\\\/historiayhdistys\\\/tule-tapaamaan-kuopion-hiippakunnan-piispaa-iisalmen-rukajarvi-keskukselle-13-3-2015-klo-18-30-20-00\\\/\"},\"wordCount\":253,\"publisher\":{\"@id\":\"http:\\\/\\\/www.rukajarvensuunnanhistoriayhdistys.fi\\\/historiayhdistys\\\/#organization\"},\"image\":{\"@id\":\"http:\\\/\\\/www.rukajarvensuunnanhistoriayhdistys.fi\\\/historiayhdistys\\\/tule-tapaamaan-kuopion-hiippakunnan-piispaa-iisalmen-rukajarvi-keskukselle-13-3-2015-klo-18-30-20-00\\\/#primaryimage\"},\"thumbnailUrl\":\"http:\\\/\\\/www.rukajarvensuunnanhistoriayhdistys.fi\\\/historiayhdistys\\\/wp-content\\\/uploads\\\/2015\\\/03\\\/Kuopion-hiippakunnan-piispa-Jari-Jolkkonen.jpg\",\"articleSection\":[\"Ajankohtaista\"],\"inLanguage\":\"fi\"},{\"@type\":\"WebPage\",\"@id\":\"http:\\\/\\\/www.rukajarvensuunnanhistoriayhdistys.fi\\\/historiayhdistys\\\/tule-tapaamaan-kuopion-hiippakunnan-piispaa-iisalmen-rukajarvi-keskukselle-13-3-2015-klo-18-30-20-00\\\/\",\"url\":\"http:\\\/\\\/www.rukajarvensuunnanhistoriayhdistys.fi\\\/historiayhdistys\\\/tule-tapaamaan-kuopion-hiippakunnan-piispaa-iisalmen-rukajarvi-keskukselle-13-3-2015-klo-18-30-20-00\\\/\",\"name\":\"Tule tapaamaan Kuopion hiippakunnan piispaa, Iisalmen Rukaj\u00e4rvi-keskukselle 13.3.2015 klo 18.30 - 20.00 - Rukaj\u00e4rven suunnan historiayhdistys\",\"isPartOf\":{\"@id\":\"http:\\\/\\\/www.rukajarvensuunnanhistoriayhdistys.fi\\\/historiayhdistys\\\/#website\"},\"primaryImageOfPage\":{\"@id\":\"http:\\\/\\\/www.rukajarvensuunnanhistoriayhdistys.fi\\\/historiayhdistys\\\/tule-tapaamaan-kuopion-hiippakunnan-piispaa-iisalmen-rukajarvi-keskukselle-13-3-2015-klo-18-30-20-00\\\/#primaryimage\"},\"image\":{\"@id\":\"http:\\\/\\\/www.rukajarvensuunnanhistoriayhdistys.fi\\\/historiayhdistys\\\/tule-tapaamaan-kuopion-hiippakunnan-piispaa-iisalmen-rukajarvi-keskukselle-13-3-2015-klo-18-30-20-00\\\/#primaryimage\"},\"thumbnailUrl\":\"http:\\\/\\\/www.rukajarvensuunnanhistoriayhdistys.fi\\\/historiayhdistys\\\/wp-content\\\/uploads\\\/2015\\\/03\\\/Kuopion-hiippakunnan-piispa-Jari-Jolkkonen.jpg\",\"datePublished\":\"2015-03-06T17:50:59+00:00\",\"dateModified\":\"2015-03-06T17:59:22+00:00\",\"breadcrumb\":{\"@id\":\"http:\\\/\\\/www.rukajarvensuunnanhistoriayhdistys.fi\\\/historiayhdistys\\\/tule-tapaamaan-kuopion-hiippakunnan-piispaa-iisalmen-rukajarvi-keskukselle-13-3-2015-klo-18-30-20-00\\\/#breadcrumb\"},\"inLanguage\":\"fi\",\"potentialAction\":[{\"@type\":\"ReadAction\",\"target\":[\"http:\\\/\\\/www.rukajarvensuunnanhistoriayhdistys.fi\\\/historiayhdistys\\\/tule-tapaamaan-kuopion-hiippakunnan-piispaa-iisalmen-rukajarvi-keskukselle-13-3-2015-klo-18-30-20-00\\\/\"]}]},{\"@type\":\"ImageObject\",\"inLanguage\":\"fi\",\"@id\":\"http:\\\/\\\/www.rukajarvensuunnanhistoriayhdistys.fi\\\/historiayhdistys\\\/tule-tapaamaan-kuopion-hiippakunnan-piispaa-iisalmen-rukajarvi-keskukselle-13-3-2015-klo-18-30-20-00\\\/#primaryimage\",\"url\":\"http:\\\/\\\/www.rukajarvensuunnanhistoriayhdistys.fi\\\/historiayhdistys\\\/wp-content\\\/uploads\\\/2015\\\/03\\\/Kuopion-hiippakunnan-piispa-Jari-Jolkkonen.jpg\",\"contentUrl\":\"http:\\\/\\\/www.rukajarvensuunnanhistoriayhdistys.fi\\\/historiayhdistys\\\/wp-content\\\/uploads\\\/2015\\\/03\\\/Kuopion-hiippakunnan-piispa-Jari-Jolkkonen.jpg\",\"width\":500,\"height\":424,\"caption\":\"Kuopion hiippakunnan piispa Jari Jolkkonen. Kuva Juha Antikainen.\"},{\"@type\":\"BreadcrumbList\",\"@id\":\"http:\\\/\\\/www.rukajarvensuunnanhistoriayhdistys.fi\\\/historiayhdistys\\\/tule-tapaamaan-kuopion-hiippakunnan-piispaa-iisalmen-rukajarvi-keskukselle-13-3-2015-klo-18-30-20-00\\\/#breadcrumb\",\"itemListElement\":[{\"@type\":\"ListItem\",\"position\":1,\"name\":\"Etusivu\",\"item\":\"http:\\\/\\\/www.rukajarvensuunnanhistoriayhdistys.fi\\\/historiayhdistys\\\/\"},{\"@type\":\"ListItem\",\"position\":2,\"name\":\"Tule tapaamaan Kuopion hiippakunnan piispaa, Iisalmen Rukaj\u00e4rvi-keskukselle 13.3.2015 klo 18.30 &#8211; 20.00\"}]},{\"@type\":\"WebSite\",\"@id\":\"http:\\\/\\\/www.rukajarvensuunnanhistoriayhdistys.fi\\\/historiayhdistys\\\/#website\",\"url\":\"http:\\\/\\\/www.rukajarvensuunnanhistoriayhdistys.fi\\\/historiayhdistys\\\/\",\"name\":\"Rukaj\u00e4rven suunnan historiayhdistys\",\"description\":\"Rukaj\u00e4rven suunnan historiayhdistyksen verkkosivut.\",\"publisher\":{\"@id\":\"http:\\\/\\\/www.rukajarvensuunnanhistoriayhdistys.fi\\\/historiayhdistys\\\/#organization\"},\"potentialAction\":[{\"@type\":\"SearchAction\",\"target\":{\"@type\":\"EntryPoint\",\"urlTemplate\":\"http:\\\/\\\/www.rukajarvensuunnanhistoriayhdistys.fi\\\/historiayhdistys\\\/?s={search_term_string}\"},\"query-input\":{\"@type\":\"PropertyValueSpecification\",\"valueRequired\":true,\"valueName\":\"search_term_string\"}}],\"inLanguage\":\"fi\"},{\"@type\":\"Organization\",\"@id\":\"http:\\\/\\\/www.rukajarvensuunnanhistoriayhdistys.fi\\\/historiayhdistys\\\/#organization\",\"name\":\"Rukaj\u00e4rven suunnan historiayhdistys\",\"url\":\"http:\\\/\\\/www.rukajarvensuunnanhistoriayhdistys.fi\\\/historiayhdistys\\\/\",\"logo\":{\"@type\":\"ImageObject\",\"inLanguage\":\"fi\",\"@id\":\"http:\\\/\\\/www.rukajarvensuunnanhistoriayhdistys.fi\\\/historiayhdistys\\\/#\\\/schema\\\/logo\\\/image\\\/\",\"url\":\"http:\\\/\\\/www.rukajarvensuunnanhistoriayhdistys.fi\\\/historiayhdistys\\\/wp-content\\\/uploads\\\/2013\\\/12\\\/Otsake_3.jpg\",\"contentUrl\":\"http:\\\/\\\/www.rukajarvensuunnanhistoriayhdistys.fi\\\/historiayhdistys\\\/wp-content\\\/uploads\\\/2013\\\/12\\\/Otsake_3.jpg\",\"width\":1000,\"height\":442,\"caption\":\"Rukaj\u00e4rven suunnan historiayhdistys\"},\"image\":{\"@id\":\"http:\\\/\\\/www.rukajarvensuunnanhistoriayhdistys.fi\\\/historiayhdistys\\\/#\\\/schema\\\/logo\\\/image\\\/\"}},{\"@type\":\"Person\",\"@id\":\"http:\\\/\\\/www.rukajarvensuunnanhistoriayhdistys.fi\\\/historiayhdistys\\\/#\\\/schema\\\/person\\\/19de7db68bf72dfd2b5d7f6dfbf8454d\",\"name\":\"RSHY\",\"image\":{\"@type\":\"ImageObject\",\"inLanguage\":\"fi\",\"@id\":\"https:\\\/\\\/secure.gravatar.com\\\/avatar\\\/598d59263a69cc8de65fcb4f9db78d6f58c098cb0e0ba22d73377441af9fa04c?s=96&d=blank&r=g\",\"url\":\"https:\\\/\\\/secure.gravatar.com\\\/avatar\\\/598d59263a69cc8de65fcb4f9db78d6f58c098cb0e0ba22d73377441af9fa04c?s=96&d=blank&r=g\",\"contentUrl\":\"https:\\\/\\\/secure.gravatar.com\\\/avatar\\\/598d59263a69cc8de65fcb4f9db78d6f58c098cb0e0ba22d73377441af9fa04c?s=96&d=blank&r=g\",\"caption\":\"RSHY\"},\"url\":\"http:\\\/\\\/www.rukajarvensuunnanhistoriayhdistys.fi\\\/historiayhdistys\\\/author\\\/rshy\\\/\"}]}<\/script>\n<!-- \/ Yoast SEO plugin. -->","yoast_head_json":{"title":"Tule tapaamaan Kuopion hiippakunnan piispaa, Iisalmen Rukaj\u00e4rvi-keskukselle 13.3.2015 klo 18.30 - 20.00 - Rukaj\u00e4rven suunnan historiayhdistys","robots":{"index":"index","follow":"follow","max-snippet":"max-snippet:-1","max-image-preview":"max-image-preview:large","max-video-preview":"max-video-preview:-1"},"canonical":"http:\/\/www.rukajarvensuunnanhistoriayhdistys.fi\/historiayhdistys\/tule-tapaamaan-kuopion-hiippakunnan-piispaa-iisalmen-rukajarvi-keskukselle-13-3-2015-klo-18-30-20-00\/","og_locale":"fi_FI","og_type":"article","og_title":"Tule tapaamaan Kuopion hiippakunnan piispaa, Iisalmen Rukaj\u00e4rvi-keskukselle 13.3.2015 klo 18.30 - 20.00 - Rukaj\u00e4rven suunnan historiayhdistys","og_description":"Iisalmen seurakunnan ja Yl\u00e4-Savon seurakuntayhtym\u00e4n piispantarkastuksen n\u00e4kyvin osuus paikkakuntalaisille on Jari-piispan vierailu Iisalmessa pe 13.3. Kaikille avoimia tilaisuuksia ovat lasten kirkko, kansalaistapaaminen Rukaj\u00e4rvi-keskuksella sek\u00e4 piispan juhlamessu. Perjantaina 13.3. klo 9.15 Teksti jatkuu...Tule tapaamaan Kuopion hiippakunnan piispaa, Iisalmen Rukaj\u00e4rvi-keskukselle 13.3.2015 klo 18.30 &#8211; 20.00\u2192","og_url":"http:\/\/www.rukajarvensuunnanhistoriayhdistys.fi\/historiayhdistys\/tule-tapaamaan-kuopion-hiippakunnan-piispaa-iisalmen-rukajarvi-keskukselle-13-3-2015-klo-18-30-20-00\/","og_site_name":"Rukaj\u00e4rven suunnan historiayhdistys","article_published_time":"2015-03-06T17:50:59+00:00","article_modified_time":"2015-03-06T17:59:22+00:00","og_image":[{"width":500,"height":424,"url":"http:\/\/www.rukajarvensuunnanhistoriayhdistys.fi\/historiayhdistys\/wp-content\/uploads\/2015\/03\/Kuopion-hiippakunnan-piispa-Jari-Jolkkonen.jpg","type":"image\/jpeg"}],"author":"RSHY","twitter_misc":{"Kirjoittanut":"RSHY","Arvioitu lukuaika":"1 minuutti"},"schema":{"@context":"https:\/\/schema.org","@graph":[{"@type":"Article","@id":"http:\/\/www.rukajarvensuunnanhistoriayhdistys.fi\/historiayhdistys\/tule-tapaamaan-kuopion-hiippakunnan-piispaa-iisalmen-rukajarvi-keskukselle-13-3-2015-klo-18-30-20-00\/#article","isPartOf":{"@id":"http:\/\/www.rukajarvensuunnanhistoriayhdistys.fi\/historiayhdistys\/tule-tapaamaan-kuopion-hiippakunnan-piispaa-iisalmen-rukajarvi-keskukselle-13-3-2015-klo-18-30-20-00\/"},"author":{"name":"RSHY","@id":"http:\/\/www.rukajarvensuunnanhistoriayhdistys.fi\/historiayhdistys\/#\/schema\/person\/19de7db68bf72dfd2b5d7f6dfbf8454d"},"headline":"Tule tapaamaan Kuopion hiippakunnan piispaa, Iisalmen Rukaj\u00e4rvi-keskukselle 13.3.2015 klo 18.30 &#8211; 20.00","datePublished":"2015-03-06T17:50:59+00:00","dateModified":"2015-03-06T17:59:22+00:00","mainEntityOfPage":{"@id":"http:\/\/www.rukajarvensuunnanhistoriayhdistys.fi\/historiayhdistys\/tule-tapaamaan-kuopion-hiippakunnan-piispaa-iisalmen-rukajarvi-keskukselle-13-3-2015-klo-18-30-20-00\/"},"wordCount":253,"publisher":{"@id":"http:\/\/www.rukajarvensuunnanhistoriayhdistys.fi\/historiayhdistys\/#organization"},"image":{"@id":"http:\/\/www.rukajarvensuunnanhistoriayhdistys.fi\/historiayhdistys\/tule-tapaamaan-kuopion-hiippakunnan-piispaa-iisalmen-rukajarvi-keskukselle-13-3-2015-klo-18-30-20-00\/#primaryimage"},"thumbnailUrl":"http:\/\/www.rukajarvensuunnanhistoriayhdistys.fi\/historiayhdistys\/wp-content\/uploads\/2015\/03\/Kuopion-hiippakunnan-piispa-Jari-Jolkkonen.jpg","articleSection":["Ajankohtaista"],"inLanguage":"fi"},{"@type":"WebPage","@id":"http:\/\/www.rukajarvensuunnanhistoriayhdistys.fi\/historiayhdistys\/tule-tapaamaan-kuopion-hiippakunnan-piispaa-iisalmen-rukajarvi-keskukselle-13-3-2015-klo-18-30-20-00\/","url":"http:\/\/www.rukajarvensuunnanhistoriayhdistys.fi\/historiayhdistys\/tule-tapaamaan-kuopion-hiippakunnan-piispaa-iisalmen-rukajarvi-keskukselle-13-3-2015-klo-18-30-20-00\/","name":"Tule tapaamaan Kuopion hiippakunnan piispaa, Iisalmen Rukaj\u00e4rvi-keskukselle 13.3.2015 klo 18.30 - 20.00 - Rukaj\u00e4rven suunnan historiayhdistys","isPartOf":{"@id":"http:\/\/www.rukajarvensuunnanhistoriayhdistys.fi\/historiayhdistys\/#website"},"primaryImageOfPage":{"@id":"http:\/\/www.rukajarvensuunnanhistoriayhdistys.fi\/historiayhdistys\/tule-tapaamaan-kuopion-hiippakunnan-piispaa-iisalmen-rukajarvi-keskukselle-13-3-2015-klo-18-30-20-00\/#primaryimage"},"image":{"@id":"http:\/\/www.rukajarvensuunnanhistoriayhdistys.fi\/historiayhdistys\/tule-tapaamaan-kuopion-hiippakunnan-piispaa-iisalmen-rukajarvi-keskukselle-13-3-2015-klo-18-30-20-00\/#primaryimage"},"thumbnailUrl":"http:\/\/www.rukajarvensuunnanhistoriayhdistys.fi\/historiayhdistys\/wp-content\/uploads\/2015\/03\/Kuopion-hiippakunnan-piispa-Jari-Jolkkonen.jpg","datePublished":"2015-03-06T17:50:59+00:00","dateModified":"2015-03-06T17:59:22+00:00","breadcrumb":{"@id":"http:\/\/www.rukajarvensuunnanhistoriayhdistys.fi\/historiayhdistys\/tule-tapaamaan-kuopion-hiippakunnan-piispaa-iisalmen-rukajarvi-keskukselle-13-3-2015-klo-18-30-20-00\/#breadcrumb"},"inLanguage":"fi","potentialAction":[{"@type":"ReadAction","target":["http:\/\/www.rukajarvensuunnanhistoriayhdistys.fi\/historiayhdistys\/tule-tapaamaan-kuopion-hiippakunnan-piispaa-iisalmen-rukajarvi-keskukselle-13-3-2015-klo-18-30-20-00\/"]}]},{"@type":"ImageObject","inLanguage":"fi","@id":"http:\/\/www.rukajarvensuunnanhistoriayhdistys.fi\/historiayhdistys\/tule-tapaamaan-kuopion-hiippakunnan-piispaa-iisalmen-rukajarvi-keskukselle-13-3-2015-klo-18-30-20-00\/#primaryimage","url":"http:\/\/www.rukajarvensuunnanhistoriayhdistys.fi\/historiayhdistys\/wp-content\/uploads\/2015\/03\/Kuopion-hiippakunnan-piispa-Jari-Jolkkonen.jpg","contentUrl":"http:\/\/www.rukajarvensuunnanhistoriayhdistys.fi\/historiayhdistys\/wp-content\/uploads\/2015\/03\/Kuopion-hiippakunnan-piispa-Jari-Jolkkonen.jpg","width":500,"height":424,"caption":"Kuopion hiippakunnan piispa Jari Jolkkonen. Kuva Juha Antikainen."},{"@type":"BreadcrumbList","@id":"http:\/\/www.rukajarvensuunnanhistoriayhdistys.fi\/historiayhdistys\/tule-tapaamaan-kuopion-hiippakunnan-piispaa-iisalmen-rukajarvi-keskukselle-13-3-2015-klo-18-30-20-00\/#breadcrumb","itemListElement":[{"@type":"ListItem","position":1,"name":"Etusivu","item":"http:\/\/www.rukajarvensuunnanhistoriayhdistys.fi\/historiayhdistys\/"},{"@type":"ListItem","position":2,"name":"Tule tapaamaan Kuopion hiippakunnan piispaa, Iisalmen Rukaj\u00e4rvi-keskukselle 13.3.2015 klo 18.30 &#8211; 20.00"}]},{"@type":"WebSite","@id":"http:\/\/www.rukajarvensuunnanhistoriayhdistys.fi\/historiayhdistys\/#website","url":"http:\/\/www.rukajarvensuunnanhistoriayhdistys.fi\/historiayhdistys\/","name":"Rukaj\u00e4rven suunnan historiayhdistys","description":"Rukaj\u00e4rven suunnan historiayhdistyksen verkkosivut.","publisher":{"@id":"http:\/\/www.rukajarvensuunnanhistoriayhdistys.fi\/historiayhdistys\/#organization"},"potentialAction":[{"@type":"SearchAction","target":{"@type":"EntryPoint","urlTemplate":"http:\/\/www.rukajarvensuunnanhistoriayhdistys.fi\/historiayhdistys\/?s={search_term_string}"},"query-input":{"@type":"PropertyValueSpecification","valueRequired":true,"valueName":"search_term_string"}}],"inLanguage":"fi"},{"@type":"Organization","@id":"http:\/\/www.rukajarvensuunnanhistoriayhdistys.fi\/historiayhdistys\/#organization","name":"Rukaj\u00e4rven suunnan historiayhdistys","url":"http:\/\/www.rukajarvensuunnanhistoriayhdistys.fi\/historiayhdistys\/","logo":{"@type":"ImageObject","inLanguage":"fi","@id":"http:\/\/www.rukajarvensuunnanhistoriayhdistys.fi\/historiayhdistys\/#\/schema\/logo\/image\/","url":"http:\/\/www.rukajarvensuunnanhistoriayhdistys.fi\/historiayhdistys\/wp-content\/uploads\/2013\/12\/Otsake_3.jpg","contentUrl":"http:\/\/www.rukajarvensuunnanhistoriayhdistys.fi\/historiayhdistys\/wp-content\/uploads\/2013\/12\/Otsake_3.jpg","width":1000,"height":442,"caption":"Rukaj\u00e4rven suunnan historiayhdistys"},"image":{"@id":"http:\/\/www.rukajarvensuunnanhistoriayhdistys.fi\/historiayhdistys\/#\/schema\/logo\/image\/"}},{"@type":"Person","@id":"http:\/\/www.rukajarvensuunnanhistoriayhdistys.fi\/historiayhdistys\/#\/schema\/person\/19de7db68bf72dfd2b5d7f6dfbf8454d","name":"RSHY","image":{"@type":"ImageObject","inLanguage":"fi","@id":"https:\/\/secure.gravatar.com\/avatar\/598d59263a69cc8de65fcb4f9db78d6f58c098cb0e0ba22d73377441af9fa04c?s=96&d=blank&r=g","url":"https:\/\/secure.gravatar.com\/avatar\/598d59263a69cc8de65fcb4f9db78d6f58c098cb0e0ba22d73377441af9fa04c?s=96&d=blank&r=g","contentUrl":"https:\/\/secure.gravatar.com\/avatar\/598d59263a69cc8de65fcb4f9db78d6f58c098cb0e0ba22d73377441af9fa04c?s=96&d=blank&r=g","caption":"RSHY"},"url":"http:\/\/www.rukajarvensuunnanhistoriayhdistys.fi\/historiayhdistys\/author\/rshy\/"}]}},"_links":{"self":[{"href":"http:\/\/www.rukajarvensuunnanhistoriayhdistys.fi\/historiayhdistys\/wp-json\/wp\/v2\/posts\/9809","targetHints":{"allow":["GET"]}}],"collection":[{"href":"http:\/\/www.rukajarvensuunnanhistoriayhdistys.fi\/historiayhdistys\/wp-json\/wp\/v2\/posts"}],"about":[{"href":"http:\/\/www.rukajarvensuunnanhistoriayhdistys.fi\/historiayhdistys\/wp-json\/wp\/v2\/types\/post"}],"author":[{"embeddable":true,"href":"http:\/\/www.rukajarvensuunnanhistoriayhdistys.fi\/historiayhdistys\/wp-json\/wp\/v2\/users\/3"}],"replies":[{"embeddable":true,"href":"http:\/\/www.rukajarvensuunnanhistoriayhdistys.fi\/historiayhdistys\/wp-json\/wp\/v2\/comments?post=9809"}],"version-history":[{"count":3,"href":"http:\/\/www.rukajarvensuunnanhistoriayhdistys.fi\/historiayhdistys\/wp-json\/wp\/v2\/posts\/9809\/revisions"}],"predecessor-version":[{"id":9816,"href":"http:\/\/www.rukajarvensuunnanhistoriayhdistys.fi\/historiayhdistys\/wp-json\/wp\/v2\/posts\/9809\/revisions\/9816"}],"wp:featuredmedia":[{"embeddable":true,"href":"http:\/\/www.rukajarvensuunnanhistoriayhdistys.fi\/historiayhdistys\/wp-json\/wp\/v2\/media\/9810"}],"wp:attachment":[{"href":"http:\/\/www.rukajarvensuunnanhistoriayhdistys.fi\/historiayhdistys\/wp-json\/wp\/v2\/media?parent=9809"}],"wp:term":[{"taxonomy":"category","embeddable":true,"href":"http:\/\/www.rukajarvensuunnanhistoriayhdistys.fi\/historiayhdistys\/wp-json\/wp\/v2\/categories?post=9809"},{"taxonomy":"post_tag","embeddable":true,"href":"http:\/\/www.rukajarvensuunnanhistoriayhdistys.fi\/historiayhdistys\/wp-json\/wp\/v2\/tags?post=9809"}],"curies":[{"name":"wp","href":"https:\/\/api.w.org\/{rel}","templated":true}]}}