{"id":9817,"date":"2015-03-08T16:58:37","date_gmt":"2015-03-08T14:58:37","guid":{"rendered":"http:\/\/www.rukajarvensuunnanhistoriayhdistys.fi\/historiayhdistys\/?p=9817"},"modified":"2015-03-08T17:00:00","modified_gmt":"2015-03-08T15:00:00","slug":"ryhma-pieninka-jalleen-liikkeella","status":"publish","type":"post","link":"http:\/\/www.rukajarvensuunnanhistoriayhdistys.fi\/historiayhdistys\/ryhma-pieninka-jalleen-liikkeella\/","title":{"rendered":"Ryhm\u00e4 Pienink\u00e4 j\u00e4lleen liikkeell\u00e4"},"content":{"rendered":"<div class=\"fcbkbttn_buttons_block\" id=\"fcbkbttn_left\"><div class=\"fcbkbttn_like \"><fb:like href=\"http:\/\/www.rukajarvensuunnanhistoriayhdistys.fi\/historiayhdistys\/ryhma-pieninka-jalleen-liikkeella\/\" action=\"like\" colorscheme=\"light\" layout=\"button_count\"  size=\"small\"><\/fb:like><\/div><\/div><p><span style=\"color: #000000; font-family: Calibri; font-size: medium;\">T\u00e4ll\u00e4 kertaa Ryhm\u00e4 Piening\u00e4n matka suuntautuu Euroopan suurimman er\u00e4maan, Piening\u00e4n salolle. Ryhm\u00e4 aloittaa matkansa Luusinkaj\u00e4rven tienoilta hiihtelee l\u00e4pi kauniin asumattoman er\u00e4maan Piening\u00e4n, Honkaniemen ja P\u00f6lkkykylien kautta, m\u00e4\u00e4r\u00e4np\u00e4\u00e4 on Ontaj\u00e4rvell\u00e4.\u00a0\u00a0<\/span><\/p>\n<p><span style=\"color: #000000; font-family: Calibri; font-size: medium;\">Ari Komulaiselle ja Risto Kiiskiselle ja Isto Turpeiselle t\u00e4m\u00e4 Piening\u00e4n reissu ei ole ensikerta. He samoilivat muutama vuosi sitten Piening\u00e4nsalolla kes\u00e4aikaan. Piening\u00e4n kyl\u00e4n vaaralta olemme julkaisseet nettisivuillamme jo aiemmin kauniita kuvia.<\/span><\/p>\n<p><span style=\"color: #000000; font-family: Calibri; font-size: medium;\">T\u00e4ll\u00e4 kertaa ryhm\u00e4 sai erinomaista vahvistusta, kun tunnettu Etel\u00e4mantereen k\u00e4vij\u00e4 Eero Oura liittyi seuraan. Jokaisella ryhm\u00e4n j\u00e4senell\u00e4 on kokemusta vaativista retkisuorituksista. Ari ja Isto k\u00e4veliv\u00e4t Santiago de Compostela-reitin yli tuhat kilometri\u00e4 pari vuotta sitten. Eero Oura puolestaan matkasi Virolahdelta Nuorgamiin,\u00a0siit\u00e4 kertyi matkaa 1.660 km. Ouran Etel\u00e4mantereen liki 1.000 km:n matka kesti kuusi viikkoa.<\/span><\/p>\n<figure id=\"attachment_9821\" aria-describedby=\"caption-attachment-9821\" style=\"width: 1754px\" class=\"wp-caption alignnone\"><a href=\"http:\/\/www.rukajarvensuunnanhistoriayhdistys.fi\/historiayhdistys\/wp-content\/uploads\/2015\/03\/Pienink\u00e4.jpg\"><img loading=\"lazy\" decoding=\"async\" class=\"wp-image-9821 size-full\" src=\"http:\/\/www.rukajarvensuunnanhistoriayhdistys.fi\/historiayhdistys\/wp-content\/uploads\/2015\/03\/Pienink\u00e4.jpg\" alt=\"Piening\u00e4n salolla voi tavata vilin luonnon, silminkantomattomia kelohonkapuistoja, saloj\u00e4rvi\u00e4 ja riistael\u00e4imi\u00e4.\" width=\"1754\" height=\"1240\" data-id=\"9821\" srcset=\"http:\/\/www.rukajarvensuunnanhistoriayhdistys.fi\/historiayhdistys\/wp-content\/uploads\/2015\/03\/Pienink\u00e4.jpg 1754w, http:\/\/www.rukajarvensuunnanhistoriayhdistys.fi\/historiayhdistys\/wp-content\/uploads\/2015\/03\/Pienink\u00e4-300x212.jpg 300w, http:\/\/www.rukajarvensuunnanhistoriayhdistys.fi\/historiayhdistys\/wp-content\/uploads\/2015\/03\/Pienink\u00e4-1024x724.jpg 1024w\" sizes=\"auto, (max-width: 1754px) 100vw, 1754px\" \/><\/a><figcaption id=\"caption-attachment-9821\" class=\"wp-caption-text\">Piening\u00e4n salolla voi tavata vilin luonnon, silminkantomattomia kelohonkapuistoja, saloj\u00e4rvi\u00e4 ja riistael\u00e4imi\u00e4. Havaittavissa on vain riistael\u00e4inten polkuja, jotka\u00a0risteilev\u00e4t salolla.<\/figcaption><\/figure>\n<figure id=\"attachment_9819\" aria-describedby=\"caption-attachment-9819\" style=\"width: 1754px\" class=\"wp-caption alignnone\"><a href=\"http:\/\/www.rukajarvensuunnanhistoriayhdistys.fi\/historiayhdistys\/wp-content\/uploads\/2015\/03\/Piening\u00e4n-saaria-ja-koplukkakalastusta007.jpg\"><img loading=\"lazy\" decoding=\"async\" class=\"wp-image-9819 size-full\" src=\"http:\/\/www.rukajarvensuunnanhistoriayhdistys.fi\/historiayhdistys\/wp-content\/uploads\/2015\/03\/Piening\u00e4n-saaria-ja-koplukkakalastusta007.jpg\" alt=\"Piening\u00e4n salon er\u00e4maaj\u00e4rvet niiden saaret ja koplukkakalastuspaikat ovat tulleet tutuksi Ari Komulaiselle, joka taittoi edellisen\u00e4 kes\u00e4n\u00e4 Kev.Os. 2:n historiateoksen Raappanan nyrkki\" width=\"1754\" height=\"1240\" data-id=\"9819\" srcset=\"http:\/\/www.rukajarvensuunnanhistoriayhdistys.fi\/historiayhdistys\/wp-content\/uploads\/2015\/03\/Piening\u00e4n-saaria-ja-koplukkakalastusta007.jpg 1754w, http:\/\/www.rukajarvensuunnanhistoriayhdistys.fi\/historiayhdistys\/wp-content\/uploads\/2015\/03\/Piening\u00e4n-saaria-ja-koplukkakalastusta007-300x212.jpg 300w, http:\/\/www.rukajarvensuunnanhistoriayhdistys.fi\/historiayhdistys\/wp-content\/uploads\/2015\/03\/Piening\u00e4n-saaria-ja-koplukkakalastusta007-1024x724.jpg 1024w\" sizes=\"auto, (max-width: 1754px) 100vw, 1754px\" \/><\/a><figcaption id=\"caption-attachment-9819\" class=\"wp-caption-text\">Piening\u00e4n salon er\u00e4maaj\u00e4rvet niiden saaret ja koplukkakalastuspaikat ovat tulleet tutuksi Ari Komulaiselle ja h\u00e4nen kavereilleen. Ari\u00a0\u00a0taittoi Kev.Os. 2:n joukko-osastohistoriateoksen Raappanan nyrkki. Arin is\u00e4 V\u00e4in\u00f6 samoili Kevytosasto 2:n joukoissa aikoinaan n\u00e4iss\u00e4 maisemissa.<\/figcaption><\/figure>\n<p><span style=\"color: #000000; font-family: Calibri; font-size: medium;\">Ryhm\u00e4 aikoo l\u00e4hett\u00e4\u00e4 v\u00e4liaikatietoa, mink\u00e4 julkaisemme n\u00e4ill\u00e4 sivuilla, mik\u00e4li yhteydet sen sallivat. Retken kokemuksista tulemme j\u00e4rjest\u00e4m\u00e4\u00e4n my\u00f6hemmin esittelyn Rukaj\u00e4rvi-keskuksissa.<\/span><\/p>\n<p>Matkasta tulee erityisen vaativa. Hiihtomatkaa\u00a0kertyy \u00a0n. 200 km. Keli on haastava, ilma l\u00e4mmin, arvioivat matkaajat.<\/p>\n<p>Toivotamme ryhm\u00e4lle onnea<\/p>\n<p>&nbsp;<\/p>\n","protected":false},"excerpt":{"rendered":"<p>T\u00e4ll\u00e4 kertaa Ryhm\u00e4 Piening\u00e4n matka suuntautuu Euroopan suurimman er\u00e4maan, Piening\u00e4n salolle. Ryhm\u00e4 aloittaa matkansa Luusinkaj\u00e4rven tienoilta hiihtelee l\u00e4pi kauniin asumattoman er\u00e4maan Piening\u00e4n, Honkaniemen ja P\u00f6lkkykylien kautta, m\u00e4\u00e4r\u00e4np\u00e4\u00e4 on Ontaj\u00e4rvell\u00e4.\u00a0\u00a0 Ari <a class=\"more-link\" href=\"http:\/\/www.rukajarvensuunnanhistoriayhdistys.fi\/historiayhdistys\/ryhma-pieninka-jalleen-liikkeella\/\">Teksti jatkuu&#8230;<span class=\"screen-reader-text\">Ryhm\u00e4 Pienink\u00e4 j\u00e4lleen liikkeell\u00e4<\/span><span class=\"meta-nav\">\u2192<\/span><\/a><\/p>\n","protected":false},"author":3,"featured_media":0,"comment_status":"closed","ping_status":"open","sticky":false,"template":"","format":"standard","meta":{"footnotes":""},"categories":[22],"tags":[],"class_list":["post-9817","post","type-post","status-publish","format-standard","hentry","category-ajankohtaista"],"yoast_head":"<!-- This site is optimized with the Yoast SEO plugin v27.4 - https:\/\/yoast.com\/product\/yoast-seo-wordpress\/ -->\n<title>Ryhm\u00e4 Pienink\u00e4 j\u00e4lleen liikkeell\u00e4 - Rukaj\u00e4rven suunnan historiayhdistys<\/title>\n<meta name=\"robots\" content=\"index, follow, max-snippet:-1, max-image-preview:large, max-video-preview:-1\" \/>\n<link rel=\"canonical\" href=\"http:\/\/www.rukajarvensuunnanhistoriayhdistys.fi\/historiayhdistys\/ryhma-pieninka-jalleen-liikkeella\/\" \/>\n<meta property=\"og:locale\" content=\"fi_FI\" \/>\n<meta property=\"og:type\" content=\"article\" \/>\n<meta property=\"og:title\" content=\"Ryhm\u00e4 Pienink\u00e4 j\u00e4lleen liikkeell\u00e4 - Rukaj\u00e4rven suunnan historiayhdistys\" \/>\n<meta property=\"og:description\" content=\"T\u00e4ll\u00e4 kertaa Ryhm\u00e4 Piening\u00e4n matka suuntautuu Euroopan suurimman er\u00e4maan, Piening\u00e4n salolle. Ryhm\u00e4 aloittaa matkansa Luusinkaj\u00e4rven tienoilta hiihtelee l\u00e4pi kauniin asumattoman er\u00e4maan Piening\u00e4n, Honkaniemen ja P\u00f6lkkykylien kautta, m\u00e4\u00e4r\u00e4np\u00e4\u00e4 on Ontaj\u00e4rvell\u00e4.\u00a0\u00a0 Ari Teksti jatkuu...Ryhm\u00e4 Pienink\u00e4 j\u00e4lleen liikkeell\u00e4\u2192\" \/>\n<meta property=\"og:url\" content=\"http:\/\/www.rukajarvensuunnanhistoriayhdistys.fi\/historiayhdistys\/ryhma-pieninka-jalleen-liikkeella\/\" \/>\n<meta property=\"og:site_name\" content=\"Rukaj\u00e4rven suunnan historiayhdistys\" \/>\n<meta property=\"article:published_time\" content=\"2015-03-08T14:58:37+00:00\" \/>\n<meta property=\"article:modified_time\" content=\"2015-03-08T15:00:00+00:00\" \/>\n<meta name=\"author\" content=\"RSHY\" \/>\n<meta name=\"twitter:label1\" content=\"Kirjoittanut\" \/>\n\t<meta name=\"twitter:data1\" content=\"RSHY\" \/>\n\t<meta name=\"twitter:label2\" content=\"Arvioitu lukuaika\" \/>\n\t<meta name=\"twitter:data2\" content=\"1 minuutti\" \/>\n<script type=\"application\/ld+json\" class=\"yoast-schema-graph\">{\"@context\":\"https:\\\/\\\/schema.org\",\"@graph\":[{\"@type\":\"Article\",\"@id\":\"http:\\\/\\\/www.rukajarvensuunnanhistoriayhdistys.fi\\\/historiayhdistys\\\/ryhma-pieninka-jalleen-liikkeella\\\/#article\",\"isPartOf\":{\"@id\":\"http:\\\/\\\/www.rukajarvensuunnanhistoriayhdistys.fi\\\/historiayhdistys\\\/ryhma-pieninka-jalleen-liikkeella\\\/\"},\"author\":{\"name\":\"RSHY\",\"@id\":\"http:\\\/\\\/www.rukajarvensuunnanhistoriayhdistys.fi\\\/historiayhdistys\\\/#\\\/schema\\\/person\\\/19de7db68bf72dfd2b5d7f6dfbf8454d\"},\"headline\":\"Ryhm\u00e4 Pienink\u00e4 j\u00e4lleen liikkeell\u00e4\",\"datePublished\":\"2015-03-08T14:58:37+00:00\",\"dateModified\":\"2015-03-08T15:00:00+00:00\",\"mainEntityOfPage\":{\"@id\":\"http:\\\/\\\/www.rukajarvensuunnanhistoriayhdistys.fi\\\/historiayhdistys\\\/ryhma-pieninka-jalleen-liikkeella\\\/\"},\"wordCount\":270,\"publisher\":{\"@id\":\"http:\\\/\\\/www.rukajarvensuunnanhistoriayhdistys.fi\\\/historiayhdistys\\\/#organization\"},\"articleSection\":[\"Ajankohtaista\"],\"inLanguage\":\"fi\"},{\"@type\":\"WebPage\",\"@id\":\"http:\\\/\\\/www.rukajarvensuunnanhistoriayhdistys.fi\\\/historiayhdistys\\\/ryhma-pieninka-jalleen-liikkeella\\\/\",\"url\":\"http:\\\/\\\/www.rukajarvensuunnanhistoriayhdistys.fi\\\/historiayhdistys\\\/ryhma-pieninka-jalleen-liikkeella\\\/\",\"name\":\"Ryhm\u00e4 Pienink\u00e4 j\u00e4lleen liikkeell\u00e4 - Rukaj\u00e4rven suunnan historiayhdistys\",\"isPartOf\":{\"@id\":\"http:\\\/\\\/www.rukajarvensuunnanhistoriayhdistys.fi\\\/historiayhdistys\\\/#website\"},\"datePublished\":\"2015-03-08T14:58:37+00:00\",\"dateModified\":\"2015-03-08T15:00:00+00:00\",\"breadcrumb\":{\"@id\":\"http:\\\/\\\/www.rukajarvensuunnanhistoriayhdistys.fi\\\/historiayhdistys\\\/ryhma-pieninka-jalleen-liikkeella\\\/#breadcrumb\"},\"inLanguage\":\"fi\",\"potentialAction\":[{\"@type\":\"ReadAction\",\"target\":[\"http:\\\/\\\/www.rukajarvensuunnanhistoriayhdistys.fi\\\/historiayhdistys\\\/ryhma-pieninka-jalleen-liikkeella\\\/\"]}]},{\"@type\":\"BreadcrumbList\",\"@id\":\"http:\\\/\\\/www.rukajarvensuunnanhistoriayhdistys.fi\\\/historiayhdistys\\\/ryhma-pieninka-jalleen-liikkeella\\\/#breadcrumb\",\"itemListElement\":[{\"@type\":\"ListItem\",\"position\":1,\"name\":\"Etusivu\",\"item\":\"http:\\\/\\\/www.rukajarvensuunnanhistoriayhdistys.fi\\\/historiayhdistys\\\/\"},{\"@type\":\"ListItem\",\"position\":2,\"name\":\"Ryhm\u00e4 Pienink\u00e4 j\u00e4lleen liikkeell\u00e4\"}]},{\"@type\":\"WebSite\",\"@id\":\"http:\\\/\\\/www.rukajarvensuunnanhistoriayhdistys.fi\\\/historiayhdistys\\\/#website\",\"url\":\"http:\\\/\\\/www.rukajarvensuunnanhistoriayhdistys.fi\\\/historiayhdistys\\\/\",\"name\":\"Rukaj\u00e4rven suunnan historiayhdistys\",\"description\":\"Rukaj\u00e4rven suunnan historiayhdistyksen verkkosivut.\",\"publisher\":{\"@id\":\"http:\\\/\\\/www.rukajarvensuunnanhistoriayhdistys.fi\\\/historiayhdistys\\\/#organization\"},\"potentialAction\":[{\"@type\":\"SearchAction\",\"target\":{\"@type\":\"EntryPoint\",\"urlTemplate\":\"http:\\\/\\\/www.rukajarvensuunnanhistoriayhdistys.fi\\\/historiayhdistys\\\/?s={search_term_string}\"},\"query-input\":{\"@type\":\"PropertyValueSpecification\",\"valueRequired\":true,\"valueName\":\"search_term_string\"}}],\"inLanguage\":\"fi\"},{\"@type\":\"Organization\",\"@id\":\"http:\\\/\\\/www.rukajarvensuunnanhistoriayhdistys.fi\\\/historiayhdistys\\\/#organization\",\"name\":\"Rukaj\u00e4rven suunnan historiayhdistys\",\"url\":\"http:\\\/\\\/www.rukajarvensuunnanhistoriayhdistys.fi\\\/historiayhdistys\\\/\",\"logo\":{\"@type\":\"ImageObject\",\"inLanguage\":\"fi\",\"@id\":\"http:\\\/\\\/www.rukajarvensuunnanhistoriayhdistys.fi\\\/historiayhdistys\\\/#\\\/schema\\\/logo\\\/image\\\/\",\"url\":\"http:\\\/\\\/www.rukajarvensuunnanhistoriayhdistys.fi\\\/historiayhdistys\\\/wp-content\\\/uploads\\\/2013\\\/12\\\/Otsake_3.jpg\",\"contentUrl\":\"http:\\\/\\\/www.rukajarvensuunnanhistoriayhdistys.fi\\\/historiayhdistys\\\/wp-content\\\/uploads\\\/2013\\\/12\\\/Otsake_3.jpg\",\"width\":1000,\"height\":442,\"caption\":\"Rukaj\u00e4rven suunnan historiayhdistys\"},\"image\":{\"@id\":\"http:\\\/\\\/www.rukajarvensuunnanhistoriayhdistys.fi\\\/historiayhdistys\\\/#\\\/schema\\\/logo\\\/image\\\/\"}},{\"@type\":\"Person\",\"@id\":\"http:\\\/\\\/www.rukajarvensuunnanhistoriayhdistys.fi\\\/historiayhdistys\\\/#\\\/schema\\\/person\\\/19de7db68bf72dfd2b5d7f6dfbf8454d\",\"name\":\"RSHY\",\"image\":{\"@type\":\"ImageObject\",\"inLanguage\":\"fi\",\"@id\":\"https:\\\/\\\/secure.gravatar.com\\\/avatar\\\/598d59263a69cc8de65fcb4f9db78d6f58c098cb0e0ba22d73377441af9fa04c?s=96&d=blank&r=g\",\"url\":\"https:\\\/\\\/secure.gravatar.com\\\/avatar\\\/598d59263a69cc8de65fcb4f9db78d6f58c098cb0e0ba22d73377441af9fa04c?s=96&d=blank&r=g\",\"contentUrl\":\"https:\\\/\\\/secure.gravatar.com\\\/avatar\\\/598d59263a69cc8de65fcb4f9db78d6f58c098cb0e0ba22d73377441af9fa04c?s=96&d=blank&r=g\",\"caption\":\"RSHY\"},\"url\":\"http:\\\/\\\/www.rukajarvensuunnanhistoriayhdistys.fi\\\/historiayhdistys\\\/author\\\/rshy\\\/\"}]}<\/script>\n<!-- \/ Yoast SEO plugin. -->","yoast_head_json":{"title":"Ryhm\u00e4 Pienink\u00e4 j\u00e4lleen liikkeell\u00e4 - Rukaj\u00e4rven suunnan historiayhdistys","robots":{"index":"index","follow":"follow","max-snippet":"max-snippet:-1","max-image-preview":"max-image-preview:large","max-video-preview":"max-video-preview:-1"},"canonical":"http:\/\/www.rukajarvensuunnanhistoriayhdistys.fi\/historiayhdistys\/ryhma-pieninka-jalleen-liikkeella\/","og_locale":"fi_FI","og_type":"article","og_title":"Ryhm\u00e4 Pienink\u00e4 j\u00e4lleen liikkeell\u00e4 - Rukaj\u00e4rven suunnan historiayhdistys","og_description":"T\u00e4ll\u00e4 kertaa Ryhm\u00e4 Piening\u00e4n matka suuntautuu Euroopan suurimman er\u00e4maan, Piening\u00e4n salolle. Ryhm\u00e4 aloittaa matkansa Luusinkaj\u00e4rven tienoilta hiihtelee l\u00e4pi kauniin asumattoman er\u00e4maan Piening\u00e4n, Honkaniemen ja P\u00f6lkkykylien kautta, m\u00e4\u00e4r\u00e4np\u00e4\u00e4 on Ontaj\u00e4rvell\u00e4.\u00a0\u00a0 Ari Teksti jatkuu...Ryhm\u00e4 Pienink\u00e4 j\u00e4lleen liikkeell\u00e4\u2192","og_url":"http:\/\/www.rukajarvensuunnanhistoriayhdistys.fi\/historiayhdistys\/ryhma-pieninka-jalleen-liikkeella\/","og_site_name":"Rukaj\u00e4rven suunnan historiayhdistys","article_published_time":"2015-03-08T14:58:37+00:00","article_modified_time":"2015-03-08T15:00:00+00:00","author":"RSHY","twitter_misc":{"Kirjoittanut":"RSHY","Arvioitu lukuaika":"1 minuutti"},"schema":{"@context":"https:\/\/schema.org","@graph":[{"@type":"Article","@id":"http:\/\/www.rukajarvensuunnanhistoriayhdistys.fi\/historiayhdistys\/ryhma-pieninka-jalleen-liikkeella\/#article","isPartOf":{"@id":"http:\/\/www.rukajarvensuunnanhistoriayhdistys.fi\/historiayhdistys\/ryhma-pieninka-jalleen-liikkeella\/"},"author":{"name":"RSHY","@id":"http:\/\/www.rukajarvensuunnanhistoriayhdistys.fi\/historiayhdistys\/#\/schema\/person\/19de7db68bf72dfd2b5d7f6dfbf8454d"},"headline":"Ryhm\u00e4 Pienink\u00e4 j\u00e4lleen liikkeell\u00e4","datePublished":"2015-03-08T14:58:37+00:00","dateModified":"2015-03-08T15:00:00+00:00","mainEntityOfPage":{"@id":"http:\/\/www.rukajarvensuunnanhistoriayhdistys.fi\/historiayhdistys\/ryhma-pieninka-jalleen-liikkeella\/"},"wordCount":270,"publisher":{"@id":"http:\/\/www.rukajarvensuunnanhistoriayhdistys.fi\/historiayhdistys\/#organization"},"articleSection":["Ajankohtaista"],"inLanguage":"fi"},{"@type":"WebPage","@id":"http:\/\/www.rukajarvensuunnanhistoriayhdistys.fi\/historiayhdistys\/ryhma-pieninka-jalleen-liikkeella\/","url":"http:\/\/www.rukajarvensuunnanhistoriayhdistys.fi\/historiayhdistys\/ryhma-pieninka-jalleen-liikkeella\/","name":"Ryhm\u00e4 Pienink\u00e4 j\u00e4lleen liikkeell\u00e4 - Rukaj\u00e4rven suunnan historiayhdistys","isPartOf":{"@id":"http:\/\/www.rukajarvensuunnanhistoriayhdistys.fi\/historiayhdistys\/#website"},"datePublished":"2015-03-08T14:58:37+00:00","dateModified":"2015-03-08T15:00:00+00:00","breadcrumb":{"@id":"http:\/\/www.rukajarvensuunnanhistoriayhdistys.fi\/historiayhdistys\/ryhma-pieninka-jalleen-liikkeella\/#breadcrumb"},"inLanguage":"fi","potentialAction":[{"@type":"ReadAction","target":["http:\/\/www.rukajarvensuunnanhistoriayhdistys.fi\/historiayhdistys\/ryhma-pieninka-jalleen-liikkeella\/"]}]},{"@type":"BreadcrumbList","@id":"http:\/\/www.rukajarvensuunnanhistoriayhdistys.fi\/historiayhdistys\/ryhma-pieninka-jalleen-liikkeella\/#breadcrumb","itemListElement":[{"@type":"ListItem","position":1,"name":"Etusivu","item":"http:\/\/www.rukajarvensuunnanhistoriayhdistys.fi\/historiayhdistys\/"},{"@type":"ListItem","position":2,"name":"Ryhm\u00e4 Pienink\u00e4 j\u00e4lleen liikkeell\u00e4"}]},{"@type":"WebSite","@id":"http:\/\/www.rukajarvensuunnanhistoriayhdistys.fi\/historiayhdistys\/#website","url":"http:\/\/www.rukajarvensuunnanhistoriayhdistys.fi\/historiayhdistys\/","name":"Rukaj\u00e4rven suunnan historiayhdistys","description":"Rukaj\u00e4rven suunnan historiayhdistyksen verkkosivut.","publisher":{"@id":"http:\/\/www.rukajarvensuunnanhistoriayhdistys.fi\/historiayhdistys\/#organization"},"potentialAction":[{"@type":"SearchAction","target":{"@type":"EntryPoint","urlTemplate":"http:\/\/www.rukajarvensuunnanhistoriayhdistys.fi\/historiayhdistys\/?s={search_term_string}"},"query-input":{"@type":"PropertyValueSpecification","valueRequired":true,"valueName":"search_term_string"}}],"inLanguage":"fi"},{"@type":"Organization","@id":"http:\/\/www.rukajarvensuunnanhistoriayhdistys.fi\/historiayhdistys\/#organization","name":"Rukaj\u00e4rven suunnan historiayhdistys","url":"http:\/\/www.rukajarvensuunnanhistoriayhdistys.fi\/historiayhdistys\/","logo":{"@type":"ImageObject","inLanguage":"fi","@id":"http:\/\/www.rukajarvensuunnanhistoriayhdistys.fi\/historiayhdistys\/#\/schema\/logo\/image\/","url":"http:\/\/www.rukajarvensuunnanhistoriayhdistys.fi\/historiayhdistys\/wp-content\/uploads\/2013\/12\/Otsake_3.jpg","contentUrl":"http:\/\/www.rukajarvensuunnanhistoriayhdistys.fi\/historiayhdistys\/wp-content\/uploads\/2013\/12\/Otsake_3.jpg","width":1000,"height":442,"caption":"Rukaj\u00e4rven suunnan historiayhdistys"},"image":{"@id":"http:\/\/www.rukajarvensuunnanhistoriayhdistys.fi\/historiayhdistys\/#\/schema\/logo\/image\/"}},{"@type":"Person","@id":"http:\/\/www.rukajarvensuunnanhistoriayhdistys.fi\/historiayhdistys\/#\/schema\/person\/19de7db68bf72dfd2b5d7f6dfbf8454d","name":"RSHY","image":{"@type":"ImageObject","inLanguage":"fi","@id":"https:\/\/secure.gravatar.com\/avatar\/598d59263a69cc8de65fcb4f9db78d6f58c098cb0e0ba22d73377441af9fa04c?s=96&d=blank&r=g","url":"https:\/\/secure.gravatar.com\/avatar\/598d59263a69cc8de65fcb4f9db78d6f58c098cb0e0ba22d73377441af9fa04c?s=96&d=blank&r=g","contentUrl":"https:\/\/secure.gravatar.com\/avatar\/598d59263a69cc8de65fcb4f9db78d6f58c098cb0e0ba22d73377441af9fa04c?s=96&d=blank&r=g","caption":"RSHY"},"url":"http:\/\/www.rukajarvensuunnanhistoriayhdistys.fi\/historiayhdistys\/author\/rshy\/"}]}},"_links":{"self":[{"href":"http:\/\/www.rukajarvensuunnanhistoriayhdistys.fi\/historiayhdistys\/wp-json\/wp\/v2\/posts\/9817","targetHints":{"allow":["GET"]}}],"collection":[{"href":"http:\/\/www.rukajarvensuunnanhistoriayhdistys.fi\/historiayhdistys\/wp-json\/wp\/v2\/posts"}],"about":[{"href":"http:\/\/www.rukajarvensuunnanhistoriayhdistys.fi\/historiayhdistys\/wp-json\/wp\/v2\/types\/post"}],"author":[{"embeddable":true,"href":"http:\/\/www.rukajarvensuunnanhistoriayhdistys.fi\/historiayhdistys\/wp-json\/wp\/v2\/users\/3"}],"replies":[{"embeddable":true,"href":"http:\/\/www.rukajarvensuunnanhistoriayhdistys.fi\/historiayhdistys\/wp-json\/wp\/v2\/comments?post=9817"}],"version-history":[{"count":2,"href":"http:\/\/www.rukajarvensuunnanhistoriayhdistys.fi\/historiayhdistys\/wp-json\/wp\/v2\/posts\/9817\/revisions"}],"predecessor-version":[{"id":9823,"href":"http:\/\/www.rukajarvensuunnanhistoriayhdistys.fi\/historiayhdistys\/wp-json\/wp\/v2\/posts\/9817\/revisions\/9823"}],"wp:attachment":[{"href":"http:\/\/www.rukajarvensuunnanhistoriayhdistys.fi\/historiayhdistys\/wp-json\/wp\/v2\/media?parent=9817"}],"wp:term":[{"taxonomy":"category","embeddable":true,"href":"http:\/\/www.rukajarvensuunnanhistoriayhdistys.fi\/historiayhdistys\/wp-json\/wp\/v2\/categories?post=9817"},{"taxonomy":"post_tag","embeddable":true,"href":"http:\/\/www.rukajarvensuunnanhistoriayhdistys.fi\/historiayhdistys\/wp-json\/wp\/v2\/tags?post=9817"}],"curies":[{"name":"wp","href":"https:\/\/api.w.org\/{rel}","templated":true}]}}