{"id":9828,"date":"2015-03-13T00:30:59","date_gmt":"2015-03-12T22:30:59","guid":{"rendered":"http:\/\/www.rukajarvensuunnanhistoriayhdistys.fi\/historiayhdistys\/?p=9828"},"modified":"2015-03-12T20:58:23","modified_gmt":"2015-03-12T18:58:23","slug":"onnittelemme-yhdistyksemme-perustajajasenta-pentti-perttulia-hanen-tayttaessaan-tanaan-99-vuotta","status":"publish","type":"post","link":"http:\/\/www.rukajarvensuunnanhistoriayhdistys.fi\/historiayhdistys\/onnittelemme-yhdistyksemme-perustajajasenta-pentti-perttulia-hanen-tayttaessaan-tanaan-99-vuotta\/","title":{"rendered":"Onnittelemme yhdistyksemme perustajaj\u00e4sent\u00e4 Pentti Perttulia h\u00e4nen t\u00e4ytt\u00e4ess\u00e4\u00e4n t\u00e4n\u00e4\u00e4n 99 vuotta"},"content":{"rendered":"<div class=\"fcbkbttn_buttons_block\" id=\"fcbkbttn_left\"><div class=\"fcbkbttn_like \"><fb:like href=\"http:\/\/www.rukajarvensuunnanhistoriayhdistys.fi\/historiayhdistys\/onnittelemme-yhdistyksemme-perustajajasenta-pentti-perttulia-hanen-tayttaessaan-tanaan-99-vuotta\/\" action=\"like\" colorscheme=\"light\" layout=\"button_count\"  size=\"small\"><\/fb:like><\/div><\/div><p><span style=\"color: #333333; font-family: 'Helvetica','sans-serif';\"><span style=\"font-size: medium;\">Parhaat onnentoivotuksemme yhdistyksemme perustajaj\u00e4senelle Pentti Perttulille h\u00e4nen t\u00e4ytt\u00e4ess\u00e4\u00e4n t\u00e4n\u00e4\u00e4n 13.3.2015 per\u00e4ti 99 vuotta.\u00a0 Syntym\u00e4p\u00e4iv\u00e4\u00e4ns\u00e4 h\u00e4n viett\u00e4\u00e4 Laitilan veljeskodissa poikansa Tapion perheen sek\u00e4 l\u00e4heisten yst\u00e4viens\u00e4 seurassa.<\/span><\/span><\/p>\n<figure id=\"attachment_9829\" aria-describedby=\"caption-attachment-9829\" style=\"width: 3056px\" class=\"wp-caption alignnone\"><a href=\"http:\/\/www.rukajarvensuunnanhistoriayhdistys.fi\/historiayhdistys\/wp-content\/uploads\/2015\/03\/DSC09276.jpg\"><img loading=\"lazy\" decoding=\"async\" class=\"wp-image-9829 size-full\" src=\"http:\/\/www.rukajarvensuunnanhistoriayhdistys.fi\/historiayhdistys\/wp-content\/uploads\/2015\/03\/DSC09276.jpg\" alt=\"Kiitt\u00e4ess\u00e4\u00e4n yhdistyksemme l\u00e4hett\u00e4m\u00e4st\u00e4 onnittelukortista sek\u00e4 syksyll\u00e4 saamastaan standaaristaja kirjasta Pentti Perttuli pyysi v\u00e4litt\u00e4m\u00e4\u00e4n kiitoksensa ja terveisens\u00e4 kaikille.\" width=\"3056\" height=\"4592\" data-id=\"9829\" srcset=\"http:\/\/www.rukajarvensuunnanhistoriayhdistys.fi\/historiayhdistys\/wp-content\/uploads\/2015\/03\/DSC09276.jpg 3056w, http:\/\/www.rukajarvensuunnanhistoriayhdistys.fi\/historiayhdistys\/wp-content\/uploads\/2015\/03\/DSC09276-200x300.jpg 200w, http:\/\/www.rukajarvensuunnanhistoriayhdistys.fi\/historiayhdistys\/wp-content\/uploads\/2015\/03\/DSC09276-681x1024.jpg 681w\" sizes=\"auto, (max-width: 3056px) 100vw, 3056px\" \/><\/a><figcaption id=\"caption-attachment-9829\" class=\"wp-caption-text\">Kiitt\u00e4ess\u00e4\u00e4n yhdistyksemme l\u00e4hett\u00e4m\u00e4st\u00e4 onnittelukortista sek\u00e4 syksyll\u00e4 saamastaan standaarista ja kirjasta Pentti Perttuli pyysi v\u00e4litt\u00e4m\u00e4\u00e4n kiitoksensa ja terveisens\u00e4 kaikille.<\/figcaption><\/figure>\n<p><span style=\"color: #333333; font-family: 'Helvetica','sans-serif';\"><span style=\"font-size: medium;\">Tapio ja Aila Perttuli pyyt\u00e4v\u00e4t v\u00e4litt\u00e4m\u00e4\u00e4n omat kiitoksensa yhdistykselle sen veteraanien eteen tekem\u00e4st\u00e4 onnistuneesta perinneaineiston ker\u00e4ysty\u00f6st\u00e4 ja samalla yhdistyksen Pentti Perttulille osoittamasta huomiosta.<\/span><\/span><\/p>\n<p><span style=\"color: #333333; font-family: 'Helvetica','sans-serif';\"><span style=\"font-size: medium;\">Kiitt\u00e4ess\u00e4\u00e4n yhdistyksemme l\u00e4hett\u00e4m\u00e4st\u00e4 onnittelukortista Pentti Perttuli pyysi v\u00e4litt\u00e4m\u00e4\u00e4n kiitoksensa ja terveisens\u00e4 kaikille. Samalla h\u00e4n onnitteli yhdistyst\u00e4\u00a0aktiivisesta toiminnasta erityisesti Rukaj\u00e4rven tien varustelut\u00f6iss\u00e4 ja Kansalaisjuhlan 70 vuotta Jatkosodan p\u00e4\u00e4ttymisest\u00e4 onnistuneista j\u00e4rjestelyist\u00e4. Samoin h\u00e4n muisti ja pyysi v\u00e4litt\u00e4m\u00e4\u00e4n kiitoksensa my\u00f6s kirjan Kev.Os. 2:n Rappanan nyrkki kirjoittajalle, talkooporukalle ja kaikille hanketta tukeneille yhteis\u00f6ille upean teoksen julkaisemisesta.<\/span><\/span><\/p>\n<p><span style=\"color: #333333; font-family: 'Helvetica','sans-serif';\"><span style=\"font-size: medium;\">Oheisena muutama valokuva Pentti Perttulin perinnehuoneesta, joka on saanut uutta sis\u00e4lt\u00f6\u00e4 Pentin pojan Tapio Perttulin ja h\u00e4nen puolisonsa Ailan uusiessa hiukan perinnehuoneen sisustusta. <\/span><\/span><\/p>\n<figure id=\"attachment_9830\" aria-describedby=\"caption-attachment-9830\" style=\"width: 3072px\" class=\"wp-caption alignnone\"><a href=\"http:\/\/www.rukajarvensuunnanhistoriayhdistys.fi\/historiayhdistys\/wp-content\/uploads\/2015\/03\/003-Perttulin-perinnehuone.jpg\"><img loading=\"lazy\" decoding=\"async\" class=\"wp-image-9830 size-full\" src=\"http:\/\/www.rukajarvensuunnanhistoriayhdistys.fi\/historiayhdistys\/wp-content\/uploads\/2015\/03\/003-Perttulin-perinnehuone.jpg\" alt=\"Pentti Perttulin kunniakirjat h\u00e4nen perinnehuoneessaan. Kuva Tapio Perttuli.\" width=\"3072\" height=\"2304\" data-id=\"9830\" srcset=\"http:\/\/www.rukajarvensuunnanhistoriayhdistys.fi\/historiayhdistys\/wp-content\/uploads\/2015\/03\/003-Perttulin-perinnehuone.jpg 3072w, http:\/\/www.rukajarvensuunnanhistoriayhdistys.fi\/historiayhdistys\/wp-content\/uploads\/2015\/03\/003-Perttulin-perinnehuone-300x225.jpg 300w, http:\/\/www.rukajarvensuunnanhistoriayhdistys.fi\/historiayhdistys\/wp-content\/uploads\/2015\/03\/003-Perttulin-perinnehuone-1024x768.jpg 1024w\" sizes=\"auto, (max-width: 3072px) 100vw, 3072px\" \/><\/a><figcaption id=\"caption-attachment-9830\" class=\"wp-caption-text\">Pentti Perttulin kunniakirjat h\u00e4nen perinnehuoneessaan. Kuva Tapio Perttuli.<\/figcaption><\/figure>\n<figure id=\"attachment_9832\" aria-describedby=\"caption-attachment-9832\" style=\"width: 2304px\" class=\"wp-caption alignnone\"><a href=\"http:\/\/www.rukajarvensuunnanhistoriayhdistys.fi\/historiayhdistys\/wp-content\/uploads\/2015\/03\/012-Perttulin-perinnehuone.jpg\"><img loading=\"lazy\" decoding=\"async\" class=\"wp-image-9832 size-full\" src=\"http:\/\/www.rukajarvensuunnanhistoriayhdistys.fi\/historiayhdistys\/wp-content\/uploads\/2015\/03\/012-Perttulin-perinnehuone.jpg\" alt=\"Pentti Perttulin Rukaj\u00e4rvi-kirjallisuutta. Hyllyll\u00e4 on mm. Antti Tuurin Rukaj\u00e4rvi-teokset, my\u00f6s tuo tunnetuksi tullut yhteen niteeseen sidottu 1200 sivun kokoomateos, ylh\u00e4\u00e4ll\u00e4 oikealla sinikantinen. Kuva Tapio Perttuli.\" width=\"2304\" height=\"3072\" data-id=\"9832\" srcset=\"http:\/\/www.rukajarvensuunnanhistoriayhdistys.fi\/historiayhdistys\/wp-content\/uploads\/2015\/03\/012-Perttulin-perinnehuone.jpg 2304w, http:\/\/www.rukajarvensuunnanhistoriayhdistys.fi\/historiayhdistys\/wp-content\/uploads\/2015\/03\/012-Perttulin-perinnehuone-225x300.jpg 225w, http:\/\/www.rukajarvensuunnanhistoriayhdistys.fi\/historiayhdistys\/wp-content\/uploads\/2015\/03\/012-Perttulin-perinnehuone-768x1024.jpg 768w\" sizes=\"auto, (max-width: 2304px) 100vw, 2304px\" \/><\/a><figcaption id=\"caption-attachment-9832\" class=\"wp-caption-text\">Pentti Perttulin Rukaj\u00e4rvi-kirjallisuutta. Hyllyll\u00e4 on mm. Antti Tuurin Rukaj\u00e4rvi-teokset, my\u00f6s tuo tunnetuksi tullut yhteen niteeseen sidottu 1200 sivun kokoomateos, ylh\u00e4\u00e4ll\u00e4 oikealla sinikantinen. Kuva Tapio Perttuli.<\/figcaption><\/figure>\n<figure id=\"attachment_9833\" aria-describedby=\"caption-attachment-9833\" style=\"width: 3072px\" class=\"wp-caption alignnone\"><a href=\"http:\/\/www.rukajarvensuunnanhistoriayhdistys.fi\/historiayhdistys\/wp-content\/uploads\/2015\/03\/018-Perttulin-perinnehuone.jpg\"><img loading=\"lazy\" decoding=\"async\" class=\"wp-image-9833 size-full\" src=\"http:\/\/www.rukajarvensuunnanhistoriayhdistys.fi\/historiayhdistys\/wp-content\/uploads\/2015\/03\/018-Perttulin-perinnehuone.jpg\" alt=\"Pentti Perttulin aseveljien lajoittamia perinneesineit\u00e4 ja historiateht\u00e4vist\u00e4 saamia tunnustuspalkintoja sek\u00e4 mm. Rukaj\u00e4rven matkaajien h\u00e4nelle sodan j\u00e4lkeen toimittamia muistoesineit\u00e4. Kuva Tapio Perttuli.\" width=\"3072\" height=\"2304\" data-id=\"9833\" srcset=\"http:\/\/www.rukajarvensuunnanhistoriayhdistys.fi\/historiayhdistys\/wp-content\/uploads\/2015\/03\/018-Perttulin-perinnehuone.jpg 3072w, http:\/\/www.rukajarvensuunnanhistoriayhdistys.fi\/historiayhdistys\/wp-content\/uploads\/2015\/03\/018-Perttulin-perinnehuone-300x225.jpg 300w, http:\/\/www.rukajarvensuunnanhistoriayhdistys.fi\/historiayhdistys\/wp-content\/uploads\/2015\/03\/018-Perttulin-perinnehuone-1024x768.jpg 1024w\" sizes=\"auto, (max-width: 3072px) 100vw, 3072px\" \/><\/a><figcaption id=\"caption-attachment-9833\" class=\"wp-caption-text\">Pentti Perttulin aseveljien lajoittamia perinneesineit\u00e4 ja historiateht\u00e4vist\u00e4 saamia tunnustuspalkintoja sek\u00e4 mm. Rukaj\u00e4rven matkaajien h\u00e4nelle sodan j\u00e4lkeen toimittamia muistoesineit\u00e4. Kuva Tapio Perttuli.<\/figcaption><\/figure>\n<figure id=\"attachment_9831\" aria-describedby=\"caption-attachment-9831\" style=\"width: 2304px\" class=\"wp-caption alignnone\"><a href=\"http:\/\/www.rukajarvensuunnanhistoriayhdistys.fi\/historiayhdistys\/wp-content\/uploads\/2015\/03\/008-Perttulin-perinnehuone.jpg\"><img loading=\"lazy\" decoding=\"async\" class=\"wp-image-9831 size-full\" src=\"http:\/\/www.rukajarvensuunnanhistoriayhdistys.fi\/historiayhdistys\/wp-content\/uploads\/2015\/03\/008-Perttulin-perinnehuone.jpg\" alt=\"Pentti Perttulin Rukaj\u00e4rvi-muistoesineist\u00f6\u00e4. Perinnehuoneessa on ajanmukaiset audiolaitteet, jossa Tapio esittelee vierailleen is\u00e4ns\u00e4 Rukaj\u00e4rvi-aineistoa.\" width=\"2304\" height=\"3072\" data-id=\"9831\" srcset=\"http:\/\/www.rukajarvensuunnanhistoriayhdistys.fi\/historiayhdistys\/wp-content\/uploads\/2015\/03\/008-Perttulin-perinnehuone.jpg 2304w, http:\/\/www.rukajarvensuunnanhistoriayhdistys.fi\/historiayhdistys\/wp-content\/uploads\/2015\/03\/008-Perttulin-perinnehuone-225x300.jpg 225w, http:\/\/www.rukajarvensuunnanhistoriayhdistys.fi\/historiayhdistys\/wp-content\/uploads\/2015\/03\/008-Perttulin-perinnehuone-768x1024.jpg 768w\" sizes=\"auto, (max-width: 2304px) 100vw, 2304px\" \/><\/a><figcaption id=\"caption-attachment-9831\" class=\"wp-caption-text\">Pentti Perttulin Rukaj\u00e4rvi-muistoesineist\u00f6\u00e4. Perinnehuoneessa on ajanmukaiset audiolaitteet, jossa Tapio esittelee vierailleen is\u00e4ns\u00e4 Rukaj\u00e4rvi-aineistoa.<\/figcaption><\/figure>\n<p><span style=\"color: #333333; font-family: 'Helvetica','sans-serif'; font-size: 14.5pt;\">Pentti Perttulin perinnety\u00f6t\u00e4 k\u00e4sittelev\u00e4 videohaastattelu vuodelta 2006 on n\u00e4ht\u00e4viss\u00e4 Rukaj\u00e4rvi-keskuksissa.<\/span><\/p>\n","protected":false},"excerpt":{"rendered":"<p>Parhaat onnentoivotuksemme yhdistyksemme perustajaj\u00e4senelle Pentti Perttulille h\u00e4nen t\u00e4ytt\u00e4ess\u00e4\u00e4n t\u00e4n\u00e4\u00e4n 13.3.2015 per\u00e4ti 99 vuotta.\u00a0 Syntym\u00e4p\u00e4iv\u00e4\u00e4ns\u00e4 h\u00e4n viett\u00e4\u00e4 Laitilan veljeskodissa poikansa Tapion perheen sek\u00e4 l\u00e4heisten yst\u00e4viens\u00e4 seurassa. Tapio ja Aila Perttuli pyyt\u00e4v\u00e4t <a class=\"more-link\" href=\"http:\/\/www.rukajarvensuunnanhistoriayhdistys.fi\/historiayhdistys\/onnittelemme-yhdistyksemme-perustajajasenta-pentti-perttulia-hanen-tayttaessaan-tanaan-99-vuotta\/\">Teksti jatkuu&#8230;<span class=\"screen-reader-text\">Onnittelemme yhdistyksemme perustajaj\u00e4sent\u00e4 Pentti Perttulia h\u00e4nen t\u00e4ytt\u00e4ess\u00e4\u00e4n t\u00e4n\u00e4\u00e4n 99 vuotta<\/span><span class=\"meta-nav\">\u2192<\/span><\/a><\/p>\n","protected":false},"author":3,"featured_media":0,"comment_status":"closed","ping_status":"open","sticky":false,"template":"","format":"standard","meta":{"footnotes":""},"categories":[22],"tags":[],"class_list":["post-9828","post","type-post","status-publish","format-standard","hentry","category-ajankohtaista"],"yoast_head":"<!-- This site is optimized with the Yoast SEO plugin v27.4 - https:\/\/yoast.com\/product\/yoast-seo-wordpress\/ -->\n<title>Onnittelemme yhdistyksemme perustajaj\u00e4sent\u00e4 Pentti Perttulia h\u00e4nen t\u00e4ytt\u00e4ess\u00e4\u00e4n t\u00e4n\u00e4\u00e4n 99 vuotta - Rukaj\u00e4rven suunnan historiayhdistys<\/title>\n<meta name=\"robots\" content=\"index, follow, max-snippet:-1, max-image-preview:large, max-video-preview:-1\" \/>\n<link rel=\"canonical\" href=\"http:\/\/www.rukajarvensuunnanhistoriayhdistys.fi\/historiayhdistys\/onnittelemme-yhdistyksemme-perustajajasenta-pentti-perttulia-hanen-tayttaessaan-tanaan-99-vuotta\/\" \/>\n<meta property=\"og:locale\" content=\"fi_FI\" \/>\n<meta property=\"og:type\" content=\"article\" \/>\n<meta property=\"og:title\" content=\"Onnittelemme yhdistyksemme perustajaj\u00e4sent\u00e4 Pentti Perttulia h\u00e4nen t\u00e4ytt\u00e4ess\u00e4\u00e4n t\u00e4n\u00e4\u00e4n 99 vuotta - Rukaj\u00e4rven suunnan historiayhdistys\" \/>\n<meta property=\"og:description\" content=\"Parhaat onnentoivotuksemme yhdistyksemme perustajaj\u00e4senelle Pentti Perttulille h\u00e4nen t\u00e4ytt\u00e4ess\u00e4\u00e4n t\u00e4n\u00e4\u00e4n 13.3.2015 per\u00e4ti 99 vuotta.\u00a0 Syntym\u00e4p\u00e4iv\u00e4\u00e4ns\u00e4 h\u00e4n viett\u00e4\u00e4 Laitilan veljeskodissa poikansa Tapion perheen sek\u00e4 l\u00e4heisten yst\u00e4viens\u00e4 seurassa. Tapio ja Aila Perttuli pyyt\u00e4v\u00e4t Teksti jatkuu...Onnittelemme yhdistyksemme perustajaj\u00e4sent\u00e4 Pentti Perttulia h\u00e4nen t\u00e4ytt\u00e4ess\u00e4\u00e4n t\u00e4n\u00e4\u00e4n 99 vuotta\u2192\" \/>\n<meta property=\"og:url\" content=\"http:\/\/www.rukajarvensuunnanhistoriayhdistys.fi\/historiayhdistys\/onnittelemme-yhdistyksemme-perustajajasenta-pentti-perttulia-hanen-tayttaessaan-tanaan-99-vuotta\/\" \/>\n<meta property=\"og:site_name\" content=\"Rukaj\u00e4rven suunnan historiayhdistys\" \/>\n<meta property=\"article:published_time\" content=\"2015-03-12T22:30:59+00:00\" \/>\n<meta property=\"og:image\" content=\"http:\/\/www.rukajarvensuunnanhistoriayhdistys.fi\/historiayhdistys\/wp-content\/uploads\/2015\/03\/DSC09276.jpg\" \/>\n<meta name=\"author\" content=\"RSHY\" \/>\n<meta name=\"twitter:label1\" content=\"Kirjoittanut\" \/>\n\t<meta name=\"twitter:data1\" content=\"RSHY\" \/>\n\t<meta name=\"twitter:label2\" content=\"Arvioitu lukuaika\" \/>\n\t<meta name=\"twitter:data2\" content=\"2 minuuttia\" \/>\n<script type=\"application\/ld+json\" class=\"yoast-schema-graph\">{\"@context\":\"https:\\\/\\\/schema.org\",\"@graph\":[{\"@type\":\"Article\",\"@id\":\"http:\\\/\\\/www.rukajarvensuunnanhistoriayhdistys.fi\\\/historiayhdistys\\\/onnittelemme-yhdistyksemme-perustajajasenta-pentti-perttulia-hanen-tayttaessaan-tanaan-99-vuotta\\\/#article\",\"isPartOf\":{\"@id\":\"http:\\\/\\\/www.rukajarvensuunnanhistoriayhdistys.fi\\\/historiayhdistys\\\/onnittelemme-yhdistyksemme-perustajajasenta-pentti-perttulia-hanen-tayttaessaan-tanaan-99-vuotta\\\/\"},\"author\":{\"name\":\"RSHY\",\"@id\":\"http:\\\/\\\/www.rukajarvensuunnanhistoriayhdistys.fi\\\/historiayhdistys\\\/#\\\/schema\\\/person\\\/19de7db68bf72dfd2b5d7f6dfbf8454d\"},\"headline\":\"Onnittelemme yhdistyksemme perustajaj\u00e4sent\u00e4 Pentti Perttulia h\u00e4nen t\u00e4ytt\u00e4ess\u00e4\u00e4n t\u00e4n\u00e4\u00e4n 99 vuotta\",\"datePublished\":\"2015-03-12T22:30:59+00:00\",\"mainEntityOfPage\":{\"@id\":\"http:\\\/\\\/www.rukajarvensuunnanhistoriayhdistys.fi\\\/historiayhdistys\\\/onnittelemme-yhdistyksemme-perustajajasenta-pentti-perttulia-hanen-tayttaessaan-tanaan-99-vuotta\\\/\"},\"wordCount\":334,\"publisher\":{\"@id\":\"http:\\\/\\\/www.rukajarvensuunnanhistoriayhdistys.fi\\\/historiayhdistys\\\/#organization\"},\"image\":{\"@id\":\"http:\\\/\\\/www.rukajarvensuunnanhistoriayhdistys.fi\\\/historiayhdistys\\\/onnittelemme-yhdistyksemme-perustajajasenta-pentti-perttulia-hanen-tayttaessaan-tanaan-99-vuotta\\\/#primaryimage\"},\"thumbnailUrl\":\"http:\\\/\\\/www.rukajarvensuunnanhistoriayhdistys.fi\\\/historiayhdistys\\\/wp-content\\\/uploads\\\/2015\\\/03\\\/DSC09276.jpg\",\"articleSection\":[\"Ajankohtaista\"],\"inLanguage\":\"fi\"},{\"@type\":\"WebPage\",\"@id\":\"http:\\\/\\\/www.rukajarvensuunnanhistoriayhdistys.fi\\\/historiayhdistys\\\/onnittelemme-yhdistyksemme-perustajajasenta-pentti-perttulia-hanen-tayttaessaan-tanaan-99-vuotta\\\/\",\"url\":\"http:\\\/\\\/www.rukajarvensuunnanhistoriayhdistys.fi\\\/historiayhdistys\\\/onnittelemme-yhdistyksemme-perustajajasenta-pentti-perttulia-hanen-tayttaessaan-tanaan-99-vuotta\\\/\",\"name\":\"Onnittelemme yhdistyksemme perustajaj\u00e4sent\u00e4 Pentti Perttulia h\u00e4nen t\u00e4ytt\u00e4ess\u00e4\u00e4n t\u00e4n\u00e4\u00e4n 99 vuotta - Rukaj\u00e4rven suunnan historiayhdistys\",\"isPartOf\":{\"@id\":\"http:\\\/\\\/www.rukajarvensuunnanhistoriayhdistys.fi\\\/historiayhdistys\\\/#website\"},\"primaryImageOfPage\":{\"@id\":\"http:\\\/\\\/www.rukajarvensuunnanhistoriayhdistys.fi\\\/historiayhdistys\\\/onnittelemme-yhdistyksemme-perustajajasenta-pentti-perttulia-hanen-tayttaessaan-tanaan-99-vuotta\\\/#primaryimage\"},\"image\":{\"@id\":\"http:\\\/\\\/www.rukajarvensuunnanhistoriayhdistys.fi\\\/historiayhdistys\\\/onnittelemme-yhdistyksemme-perustajajasenta-pentti-perttulia-hanen-tayttaessaan-tanaan-99-vuotta\\\/#primaryimage\"},\"thumbnailUrl\":\"http:\\\/\\\/www.rukajarvensuunnanhistoriayhdistys.fi\\\/historiayhdistys\\\/wp-content\\\/uploads\\\/2015\\\/03\\\/DSC09276.jpg\",\"datePublished\":\"2015-03-12T22:30:59+00:00\",\"breadcrumb\":{\"@id\":\"http:\\\/\\\/www.rukajarvensuunnanhistoriayhdistys.fi\\\/historiayhdistys\\\/onnittelemme-yhdistyksemme-perustajajasenta-pentti-perttulia-hanen-tayttaessaan-tanaan-99-vuotta\\\/#breadcrumb\"},\"inLanguage\":\"fi\",\"potentialAction\":[{\"@type\":\"ReadAction\",\"target\":[\"http:\\\/\\\/www.rukajarvensuunnanhistoriayhdistys.fi\\\/historiayhdistys\\\/onnittelemme-yhdistyksemme-perustajajasenta-pentti-perttulia-hanen-tayttaessaan-tanaan-99-vuotta\\\/\"]}]},{\"@type\":\"ImageObject\",\"inLanguage\":\"fi\",\"@id\":\"http:\\\/\\\/www.rukajarvensuunnanhistoriayhdistys.fi\\\/historiayhdistys\\\/onnittelemme-yhdistyksemme-perustajajasenta-pentti-perttulia-hanen-tayttaessaan-tanaan-99-vuotta\\\/#primaryimage\",\"url\":\"http:\\\/\\\/www.rukajarvensuunnanhistoriayhdistys.fi\\\/historiayhdistys\\\/wp-content\\\/uploads\\\/2015\\\/03\\\/DSC09276.jpg\",\"contentUrl\":\"http:\\\/\\\/www.rukajarvensuunnanhistoriayhdistys.fi\\\/historiayhdistys\\\/wp-content\\\/uploads\\\/2015\\\/03\\\/DSC09276.jpg\",\"width\":3056,\"height\":4592,\"caption\":\"Kiitt\u00e4ess\u00e4\u00e4n yhdistyksemme l\u00e4hett\u00e4m\u00e4st\u00e4 onnittelukortista sek\u00e4 syksyll\u00e4 saamastaan standaaristaja kirjasta Pentti Perttuli pyysi v\u00e4litt\u00e4m\u00e4\u00e4n kiitoksensa ja terveisens\u00e4 kaikille.\"},{\"@type\":\"BreadcrumbList\",\"@id\":\"http:\\\/\\\/www.rukajarvensuunnanhistoriayhdistys.fi\\\/historiayhdistys\\\/onnittelemme-yhdistyksemme-perustajajasenta-pentti-perttulia-hanen-tayttaessaan-tanaan-99-vuotta\\\/#breadcrumb\",\"itemListElement\":[{\"@type\":\"ListItem\",\"position\":1,\"name\":\"Etusivu\",\"item\":\"http:\\\/\\\/www.rukajarvensuunnanhistoriayhdistys.fi\\\/historiayhdistys\\\/\"},{\"@type\":\"ListItem\",\"position\":2,\"name\":\"Onnittelemme yhdistyksemme perustajaj\u00e4sent\u00e4 Pentti Perttulia h\u00e4nen t\u00e4ytt\u00e4ess\u00e4\u00e4n t\u00e4n\u00e4\u00e4n 99 vuotta\"}]},{\"@type\":\"WebSite\",\"@id\":\"http:\\\/\\\/www.rukajarvensuunnanhistoriayhdistys.fi\\\/historiayhdistys\\\/#website\",\"url\":\"http:\\\/\\\/www.rukajarvensuunnanhistoriayhdistys.fi\\\/historiayhdistys\\\/\",\"name\":\"Rukaj\u00e4rven suunnan historiayhdistys\",\"description\":\"Rukaj\u00e4rven suunnan historiayhdistyksen verkkosivut.\",\"publisher\":{\"@id\":\"http:\\\/\\\/www.rukajarvensuunnanhistoriayhdistys.fi\\\/historiayhdistys\\\/#organization\"},\"potentialAction\":[{\"@type\":\"SearchAction\",\"target\":{\"@type\":\"EntryPoint\",\"urlTemplate\":\"http:\\\/\\\/www.rukajarvensuunnanhistoriayhdistys.fi\\\/historiayhdistys\\\/?s={search_term_string}\"},\"query-input\":{\"@type\":\"PropertyValueSpecification\",\"valueRequired\":true,\"valueName\":\"search_term_string\"}}],\"inLanguage\":\"fi\"},{\"@type\":\"Organization\",\"@id\":\"http:\\\/\\\/www.rukajarvensuunnanhistoriayhdistys.fi\\\/historiayhdistys\\\/#organization\",\"name\":\"Rukaj\u00e4rven suunnan historiayhdistys\",\"url\":\"http:\\\/\\\/www.rukajarvensuunnanhistoriayhdistys.fi\\\/historiayhdistys\\\/\",\"logo\":{\"@type\":\"ImageObject\",\"inLanguage\":\"fi\",\"@id\":\"http:\\\/\\\/www.rukajarvensuunnanhistoriayhdistys.fi\\\/historiayhdistys\\\/#\\\/schema\\\/logo\\\/image\\\/\",\"url\":\"http:\\\/\\\/www.rukajarvensuunnanhistoriayhdistys.fi\\\/historiayhdistys\\\/wp-content\\\/uploads\\\/2013\\\/12\\\/Otsake_3.jpg\",\"contentUrl\":\"http:\\\/\\\/www.rukajarvensuunnanhistoriayhdistys.fi\\\/historiayhdistys\\\/wp-content\\\/uploads\\\/2013\\\/12\\\/Otsake_3.jpg\",\"width\":1000,\"height\":442,\"caption\":\"Rukaj\u00e4rven suunnan historiayhdistys\"},\"image\":{\"@id\":\"http:\\\/\\\/www.rukajarvensuunnanhistoriayhdistys.fi\\\/historiayhdistys\\\/#\\\/schema\\\/logo\\\/image\\\/\"}},{\"@type\":\"Person\",\"@id\":\"http:\\\/\\\/www.rukajarvensuunnanhistoriayhdistys.fi\\\/historiayhdistys\\\/#\\\/schema\\\/person\\\/19de7db68bf72dfd2b5d7f6dfbf8454d\",\"name\":\"RSHY\",\"image\":{\"@type\":\"ImageObject\",\"inLanguage\":\"fi\",\"@id\":\"https:\\\/\\\/secure.gravatar.com\\\/avatar\\\/598d59263a69cc8de65fcb4f9db78d6f58c098cb0e0ba22d73377441af9fa04c?s=96&d=blank&r=g\",\"url\":\"https:\\\/\\\/secure.gravatar.com\\\/avatar\\\/598d59263a69cc8de65fcb4f9db78d6f58c098cb0e0ba22d73377441af9fa04c?s=96&d=blank&r=g\",\"contentUrl\":\"https:\\\/\\\/secure.gravatar.com\\\/avatar\\\/598d59263a69cc8de65fcb4f9db78d6f58c098cb0e0ba22d73377441af9fa04c?s=96&d=blank&r=g\",\"caption\":\"RSHY\"},\"url\":\"http:\\\/\\\/www.rukajarvensuunnanhistoriayhdistys.fi\\\/historiayhdistys\\\/author\\\/rshy\\\/\"}]}<\/script>\n<!-- \/ Yoast SEO plugin. -->","yoast_head_json":{"title":"Onnittelemme yhdistyksemme perustajaj\u00e4sent\u00e4 Pentti Perttulia h\u00e4nen t\u00e4ytt\u00e4ess\u00e4\u00e4n t\u00e4n\u00e4\u00e4n 99 vuotta - Rukaj\u00e4rven suunnan historiayhdistys","robots":{"index":"index","follow":"follow","max-snippet":"max-snippet:-1","max-image-preview":"max-image-preview:large","max-video-preview":"max-video-preview:-1"},"canonical":"http:\/\/www.rukajarvensuunnanhistoriayhdistys.fi\/historiayhdistys\/onnittelemme-yhdistyksemme-perustajajasenta-pentti-perttulia-hanen-tayttaessaan-tanaan-99-vuotta\/","og_locale":"fi_FI","og_type":"article","og_title":"Onnittelemme yhdistyksemme perustajaj\u00e4sent\u00e4 Pentti Perttulia h\u00e4nen t\u00e4ytt\u00e4ess\u00e4\u00e4n t\u00e4n\u00e4\u00e4n 99 vuotta - Rukaj\u00e4rven suunnan historiayhdistys","og_description":"Parhaat onnentoivotuksemme yhdistyksemme perustajaj\u00e4senelle Pentti Perttulille h\u00e4nen t\u00e4ytt\u00e4ess\u00e4\u00e4n t\u00e4n\u00e4\u00e4n 13.3.2015 per\u00e4ti 99 vuotta.\u00a0 Syntym\u00e4p\u00e4iv\u00e4\u00e4ns\u00e4 h\u00e4n viett\u00e4\u00e4 Laitilan veljeskodissa poikansa Tapion perheen sek\u00e4 l\u00e4heisten yst\u00e4viens\u00e4 seurassa. Tapio ja Aila Perttuli pyyt\u00e4v\u00e4t Teksti jatkuu...Onnittelemme yhdistyksemme perustajaj\u00e4sent\u00e4 Pentti Perttulia h\u00e4nen t\u00e4ytt\u00e4ess\u00e4\u00e4n t\u00e4n\u00e4\u00e4n 99 vuotta\u2192","og_url":"http:\/\/www.rukajarvensuunnanhistoriayhdistys.fi\/historiayhdistys\/onnittelemme-yhdistyksemme-perustajajasenta-pentti-perttulia-hanen-tayttaessaan-tanaan-99-vuotta\/","og_site_name":"Rukaj\u00e4rven suunnan historiayhdistys","article_published_time":"2015-03-12T22:30:59+00:00","og_image":[{"url":"http:\/\/www.rukajarvensuunnanhistoriayhdistys.fi\/historiayhdistys\/wp-content\/uploads\/2015\/03\/DSC09276.jpg","type":"","width":"","height":""}],"author":"RSHY","twitter_misc":{"Kirjoittanut":"RSHY","Arvioitu lukuaika":"2 minuuttia"},"schema":{"@context":"https:\/\/schema.org","@graph":[{"@type":"Article","@id":"http:\/\/www.rukajarvensuunnanhistoriayhdistys.fi\/historiayhdistys\/onnittelemme-yhdistyksemme-perustajajasenta-pentti-perttulia-hanen-tayttaessaan-tanaan-99-vuotta\/#article","isPartOf":{"@id":"http:\/\/www.rukajarvensuunnanhistoriayhdistys.fi\/historiayhdistys\/onnittelemme-yhdistyksemme-perustajajasenta-pentti-perttulia-hanen-tayttaessaan-tanaan-99-vuotta\/"},"author":{"name":"RSHY","@id":"http:\/\/www.rukajarvensuunnanhistoriayhdistys.fi\/historiayhdistys\/#\/schema\/person\/19de7db68bf72dfd2b5d7f6dfbf8454d"},"headline":"Onnittelemme yhdistyksemme perustajaj\u00e4sent\u00e4 Pentti Perttulia h\u00e4nen t\u00e4ytt\u00e4ess\u00e4\u00e4n t\u00e4n\u00e4\u00e4n 99 vuotta","datePublished":"2015-03-12T22:30:59+00:00","mainEntityOfPage":{"@id":"http:\/\/www.rukajarvensuunnanhistoriayhdistys.fi\/historiayhdistys\/onnittelemme-yhdistyksemme-perustajajasenta-pentti-perttulia-hanen-tayttaessaan-tanaan-99-vuotta\/"},"wordCount":334,"publisher":{"@id":"http:\/\/www.rukajarvensuunnanhistoriayhdistys.fi\/historiayhdistys\/#organization"},"image":{"@id":"http:\/\/www.rukajarvensuunnanhistoriayhdistys.fi\/historiayhdistys\/onnittelemme-yhdistyksemme-perustajajasenta-pentti-perttulia-hanen-tayttaessaan-tanaan-99-vuotta\/#primaryimage"},"thumbnailUrl":"http:\/\/www.rukajarvensuunnanhistoriayhdistys.fi\/historiayhdistys\/wp-content\/uploads\/2015\/03\/DSC09276.jpg","articleSection":["Ajankohtaista"],"inLanguage":"fi"},{"@type":"WebPage","@id":"http:\/\/www.rukajarvensuunnanhistoriayhdistys.fi\/historiayhdistys\/onnittelemme-yhdistyksemme-perustajajasenta-pentti-perttulia-hanen-tayttaessaan-tanaan-99-vuotta\/","url":"http:\/\/www.rukajarvensuunnanhistoriayhdistys.fi\/historiayhdistys\/onnittelemme-yhdistyksemme-perustajajasenta-pentti-perttulia-hanen-tayttaessaan-tanaan-99-vuotta\/","name":"Onnittelemme yhdistyksemme perustajaj\u00e4sent\u00e4 Pentti Perttulia h\u00e4nen t\u00e4ytt\u00e4ess\u00e4\u00e4n t\u00e4n\u00e4\u00e4n 99 vuotta - Rukaj\u00e4rven suunnan historiayhdistys","isPartOf":{"@id":"http:\/\/www.rukajarvensuunnanhistoriayhdistys.fi\/historiayhdistys\/#website"},"primaryImageOfPage":{"@id":"http:\/\/www.rukajarvensuunnanhistoriayhdistys.fi\/historiayhdistys\/onnittelemme-yhdistyksemme-perustajajasenta-pentti-perttulia-hanen-tayttaessaan-tanaan-99-vuotta\/#primaryimage"},"image":{"@id":"http:\/\/www.rukajarvensuunnanhistoriayhdistys.fi\/historiayhdistys\/onnittelemme-yhdistyksemme-perustajajasenta-pentti-perttulia-hanen-tayttaessaan-tanaan-99-vuotta\/#primaryimage"},"thumbnailUrl":"http:\/\/www.rukajarvensuunnanhistoriayhdistys.fi\/historiayhdistys\/wp-content\/uploads\/2015\/03\/DSC09276.jpg","datePublished":"2015-03-12T22:30:59+00:00","breadcrumb":{"@id":"http:\/\/www.rukajarvensuunnanhistoriayhdistys.fi\/historiayhdistys\/onnittelemme-yhdistyksemme-perustajajasenta-pentti-perttulia-hanen-tayttaessaan-tanaan-99-vuotta\/#breadcrumb"},"inLanguage":"fi","potentialAction":[{"@type":"ReadAction","target":["http:\/\/www.rukajarvensuunnanhistoriayhdistys.fi\/historiayhdistys\/onnittelemme-yhdistyksemme-perustajajasenta-pentti-perttulia-hanen-tayttaessaan-tanaan-99-vuotta\/"]}]},{"@type":"ImageObject","inLanguage":"fi","@id":"http:\/\/www.rukajarvensuunnanhistoriayhdistys.fi\/historiayhdistys\/onnittelemme-yhdistyksemme-perustajajasenta-pentti-perttulia-hanen-tayttaessaan-tanaan-99-vuotta\/#primaryimage","url":"http:\/\/www.rukajarvensuunnanhistoriayhdistys.fi\/historiayhdistys\/wp-content\/uploads\/2015\/03\/DSC09276.jpg","contentUrl":"http:\/\/www.rukajarvensuunnanhistoriayhdistys.fi\/historiayhdistys\/wp-content\/uploads\/2015\/03\/DSC09276.jpg","width":3056,"height":4592,"caption":"Kiitt\u00e4ess\u00e4\u00e4n yhdistyksemme l\u00e4hett\u00e4m\u00e4st\u00e4 onnittelukortista sek\u00e4 syksyll\u00e4 saamastaan standaaristaja kirjasta Pentti Perttuli pyysi v\u00e4litt\u00e4m\u00e4\u00e4n kiitoksensa ja terveisens\u00e4 kaikille."},{"@type":"BreadcrumbList","@id":"http:\/\/www.rukajarvensuunnanhistoriayhdistys.fi\/historiayhdistys\/onnittelemme-yhdistyksemme-perustajajasenta-pentti-perttulia-hanen-tayttaessaan-tanaan-99-vuotta\/#breadcrumb","itemListElement":[{"@type":"ListItem","position":1,"name":"Etusivu","item":"http:\/\/www.rukajarvensuunnanhistoriayhdistys.fi\/historiayhdistys\/"},{"@type":"ListItem","position":2,"name":"Onnittelemme yhdistyksemme perustajaj\u00e4sent\u00e4 Pentti Perttulia h\u00e4nen t\u00e4ytt\u00e4ess\u00e4\u00e4n t\u00e4n\u00e4\u00e4n 99 vuotta"}]},{"@type":"WebSite","@id":"http:\/\/www.rukajarvensuunnanhistoriayhdistys.fi\/historiayhdistys\/#website","url":"http:\/\/www.rukajarvensuunnanhistoriayhdistys.fi\/historiayhdistys\/","name":"Rukaj\u00e4rven suunnan historiayhdistys","description":"Rukaj\u00e4rven suunnan historiayhdistyksen verkkosivut.","publisher":{"@id":"http:\/\/www.rukajarvensuunnanhistoriayhdistys.fi\/historiayhdistys\/#organization"},"potentialAction":[{"@type":"SearchAction","target":{"@type":"EntryPoint","urlTemplate":"http:\/\/www.rukajarvensuunnanhistoriayhdistys.fi\/historiayhdistys\/?s={search_term_string}"},"query-input":{"@type":"PropertyValueSpecification","valueRequired":true,"valueName":"search_term_string"}}],"inLanguage":"fi"},{"@type":"Organization","@id":"http:\/\/www.rukajarvensuunnanhistoriayhdistys.fi\/historiayhdistys\/#organization","name":"Rukaj\u00e4rven suunnan historiayhdistys","url":"http:\/\/www.rukajarvensuunnanhistoriayhdistys.fi\/historiayhdistys\/","logo":{"@type":"ImageObject","inLanguage":"fi","@id":"http:\/\/www.rukajarvensuunnanhistoriayhdistys.fi\/historiayhdistys\/#\/schema\/logo\/image\/","url":"http:\/\/www.rukajarvensuunnanhistoriayhdistys.fi\/historiayhdistys\/wp-content\/uploads\/2013\/12\/Otsake_3.jpg","contentUrl":"http:\/\/www.rukajarvensuunnanhistoriayhdistys.fi\/historiayhdistys\/wp-content\/uploads\/2013\/12\/Otsake_3.jpg","width":1000,"height":442,"caption":"Rukaj\u00e4rven suunnan historiayhdistys"},"image":{"@id":"http:\/\/www.rukajarvensuunnanhistoriayhdistys.fi\/historiayhdistys\/#\/schema\/logo\/image\/"}},{"@type":"Person","@id":"http:\/\/www.rukajarvensuunnanhistoriayhdistys.fi\/historiayhdistys\/#\/schema\/person\/19de7db68bf72dfd2b5d7f6dfbf8454d","name":"RSHY","image":{"@type":"ImageObject","inLanguage":"fi","@id":"https:\/\/secure.gravatar.com\/avatar\/598d59263a69cc8de65fcb4f9db78d6f58c098cb0e0ba22d73377441af9fa04c?s=96&d=blank&r=g","url":"https:\/\/secure.gravatar.com\/avatar\/598d59263a69cc8de65fcb4f9db78d6f58c098cb0e0ba22d73377441af9fa04c?s=96&d=blank&r=g","contentUrl":"https:\/\/secure.gravatar.com\/avatar\/598d59263a69cc8de65fcb4f9db78d6f58c098cb0e0ba22d73377441af9fa04c?s=96&d=blank&r=g","caption":"RSHY"},"url":"http:\/\/www.rukajarvensuunnanhistoriayhdistys.fi\/historiayhdistys\/author\/rshy\/"}]}},"_links":{"self":[{"href":"http:\/\/www.rukajarvensuunnanhistoriayhdistys.fi\/historiayhdistys\/wp-json\/wp\/v2\/posts\/9828","targetHints":{"allow":["GET"]}}],"collection":[{"href":"http:\/\/www.rukajarvensuunnanhistoriayhdistys.fi\/historiayhdistys\/wp-json\/wp\/v2\/posts"}],"about":[{"href":"http:\/\/www.rukajarvensuunnanhistoriayhdistys.fi\/historiayhdistys\/wp-json\/wp\/v2\/types\/post"}],"author":[{"embeddable":true,"href":"http:\/\/www.rukajarvensuunnanhistoriayhdistys.fi\/historiayhdistys\/wp-json\/wp\/v2\/users\/3"}],"replies":[{"embeddable":true,"href":"http:\/\/www.rukajarvensuunnanhistoriayhdistys.fi\/historiayhdistys\/wp-json\/wp\/v2\/comments?post=9828"}],"version-history":[{"count":3,"href":"http:\/\/www.rukajarvensuunnanhistoriayhdistys.fi\/historiayhdistys\/wp-json\/wp\/v2\/posts\/9828\/revisions"}],"predecessor-version":[{"id":9836,"href":"http:\/\/www.rukajarvensuunnanhistoriayhdistys.fi\/historiayhdistys\/wp-json\/wp\/v2\/posts\/9828\/revisions\/9836"}],"wp:attachment":[{"href":"http:\/\/www.rukajarvensuunnanhistoriayhdistys.fi\/historiayhdistys\/wp-json\/wp\/v2\/media?parent=9828"}],"wp:term":[{"taxonomy":"category","embeddable":true,"href":"http:\/\/www.rukajarvensuunnanhistoriayhdistys.fi\/historiayhdistys\/wp-json\/wp\/v2\/categories?post=9828"},{"taxonomy":"post_tag","embeddable":true,"href":"http:\/\/www.rukajarvensuunnanhistoriayhdistys.fi\/historiayhdistys\/wp-json\/wp\/v2\/tags?post=9828"}],"curies":[{"name":"wp","href":"https:\/\/api.w.org\/{rel}","templated":true}]}}