{"id":9946,"date":"2015-05-09T22:56:25","date_gmt":"2015-05-09T19:56:25","guid":{"rendered":"http:\/\/www.rukajarvensuunnanhistoriayhdistys.fi\/historiayhdistys\/?p=9946"},"modified":"2015-05-09T23:04:48","modified_gmt":"2015-05-09T20:04:48","slug":"pioneerit-jo-46-kerran-yhdessa","status":"publish","type":"post","link":"http:\/\/www.rukajarvensuunnanhistoriayhdistys.fi\/historiayhdistys\/pioneerit-jo-46-kerran-yhdessa\/","title":{"rendered":"Pioneerit jo 46. kerran yhdess\u00e4"},"content":{"rendered":"<div class=\"fcbkbttn_buttons_block\" id=\"fcbkbttn_left\"><div class=\"fcbkbttn_like \"><fb:like href=\"http:\/\/www.rukajarvensuunnanhistoriayhdistys.fi\/historiayhdistys\/pioneerit-jo-46-kerran-yhdessa\/\" action=\"like\" colorscheme=\"light\" layout=\"button_count\"  size=\"small\"><\/fb:like><\/div><\/div><p><span style=\"line-height: 115%; font-family: 'Arial','sans-serif'; font-size: 12pt;\"><span style=\"color: #000000;\">Rukaj\u00e4rvell\u00e4 PionP. 24:n joukkoihin l\u00e4hti Etel\u00e4-Pohjanmaalta t\u00e4ydennyksen\u00e4 per\u00e4ti 150 pioneeria. He ovat pit\u00e4neet yhteytt\u00e4 toisiinsa ja t\u00e4n\u00e4\u00e4n 9.5.2015 he kokoontuivat Lappaj\u00e4rvell\u00e4. En\u00e4\u00e4 tuosta joukosta on elossa kahdeksan ja 5 heist\u00e4 osallistui Lappaj\u00e4rven tilaisuuteen.<\/span><\/span><\/p>\n<figure id=\"attachment_9951\" aria-describedby=\"caption-attachment-9951\" style=\"width: 3072px\" class=\"wp-caption alignnone\"><a href=\"http:\/\/www.rukajarvensuunnanhistoriayhdistys.fi\/historiayhdistys\/wp-content\/uploads\/2015\/05\/DSC01175-2.jpg\"><img loading=\"lazy\" decoding=\"async\" class=\"wp-image-9951 size-full\" src=\"http:\/\/www.rukajarvensuunnanhistoriayhdistys.fi\/historiayhdistys\/wp-content\/uploads\/2015\/05\/DSC01175-2.jpg\" alt=\"PionP. 24:n veteraani ovat kokoontuneet vuosittain per\u00e4ti 46 kertaa. Kuvassa Pauli Uusim\u00e4ki, Aarre \u00d6\u00f6rni, Toivo Pekkala, Yrj\u00f6 Savola ja Osmo Korkea-aho, Seppo Tallbacka, Riiita ja Mikko P\u00e4\u00e4llysaho sek\u00e4 edess\u00e4 Kerttu \u00d6\u00f6rni ja Eila Savola.\" width=\"3072\" height=\"2304\" data-id=\"9951\" srcset=\"http:\/\/www.rukajarvensuunnanhistoriayhdistys.fi\/historiayhdistys\/wp-content\/uploads\/2015\/05\/DSC01175-2.jpg 3072w, http:\/\/www.rukajarvensuunnanhistoriayhdistys.fi\/historiayhdistys\/wp-content\/uploads\/2015\/05\/DSC01175-2-300x225.jpg 300w, http:\/\/www.rukajarvensuunnanhistoriayhdistys.fi\/historiayhdistys\/wp-content\/uploads\/2015\/05\/DSC01175-2-1024x768.jpg 1024w\" sizes=\"auto, (max-width: 3072px) 100vw, 3072px\" \/><\/a><figcaption id=\"caption-attachment-9951\" class=\"wp-caption-text\">PionP. 24:n veteraani ovat kokoontuneet vuosittain per\u00e4ti 46 kertaa. Kuvassa Pauli Uusim\u00e4ki, Aarre \u00d6\u00f6rni, Toivo Pekkala, Yrj\u00f6 Savola ja Osmo Korkea-aho, Seppo Tallbacka, Riiita ja Mikko P\u00e4\u00e4llysaho sek\u00e4 edess\u00e4 Kerttu \u00d6\u00f6rni ja Eila Savola.<\/figcaption><\/figure>\n<p><span style=\"line-height: 115%; font-family: 'Arial','sans-serif'; font-size: 12pt;\"><span style=\"color: #000000;\">Tilaisuudessa hyv\u00e4ksyttiin tilit, valittiin luottamushenkil\u00f6t ja muistettiin edesmenneit\u00e4 veteraanivelji\u00e4 hiljaisella hetkell\u00e4. Puheenjohtajan teht\u00e4viss\u00e4 jatkaa Toivo Pekkala, sihteerin\u00e4 ja taloudenhoitajana Yrj\u00f6 Savola, muut toimikunnan j\u00e4senet ovat Heikki M\u00e4ki-Kojola, Aarre \u00d6\u00f6rni, ja Jussi Pitk\u00e4nen. T\u00e4ll\u00e4 kertaa toimikuntaa t\u00e4ydennettiin ja toimikuntaan tulivat Mikko P\u00e4\u00e4llysaho ja Seppo Tallbacka.<\/span><\/span><\/p>\n<p><span style=\"line-height: 115%; font-family: 'Arial','sans-serif'; font-size: 12pt;\"><span style=\"color: #000000;\">Tilaisuuteen olivat tulleet kutsuttuina my\u00f6s Rukaj\u00e4rven suunnan historiayhdistyksen puheenjohtaja Tenho Tikkanen ja sihteeri Leevi Kuokkanen. Yhdistys muisti veteraaneja ja luovutti veteraaneille yhdistyksen standaarin.<\/span><\/span><\/p>\n<p><span style=\"line-height: 115%; font-family: 'Arial','sans-serif'; font-size: 12pt;\"><span style=\"color: #000000;\">Pioneerit luovuttivat RSHY:n toimihenkil\u00f6ille Tenho Tikkaselle ja Leevi Kuokkaselle arkkitehti Mikko P\u00e4\u00e4llysahon suunnitteleman muistotaulun, johon oli liitetty Lappaj\u00e4rven &#8221;K\u00e4rn\u00e4iitti kraaterikivi&#8221;.<\/span><\/span><\/p>\n<figure id=\"attachment_9950\" aria-describedby=\"caption-attachment-9950\" style=\"width: 1237px\" class=\"wp-caption alignnone\"><a href=\"http:\/\/www.rukajarvensuunnanhistoriayhdistys.fi\/historiayhdistys\/wp-content\/uploads\/2015\/05\/LappajarviLaatta-2.jpg\"><img loading=\"lazy\" decoding=\"async\" class=\"wp-image-9950 size-full\" src=\"http:\/\/www.rukajarvensuunnanhistoriayhdistys.fi\/historiayhdistys\/wp-content\/uploads\/2015\/05\/LappajarviLaatta-2.jpg\" alt=\"PionP. 24:n veteraanikilta luovutti arkkitehti Mikko P\u00e4\u00e4llysahon suunnitteleman muistotaulun, johon on liinnitetty Lappaj\u00e4rven K\u00c4RN\u00c4IITTI, kraaterikivi. Muistolaatassa on lis\u00e4ksi Yrj\u00f6 Savolan kirjoittama runo.\" width=\"1237\" height=\"1503\" data-id=\"9950\" srcset=\"http:\/\/www.rukajarvensuunnanhistoriayhdistys.fi\/historiayhdistys\/wp-content\/uploads\/2015\/05\/LappajarviLaatta-2.jpg 1237w, http:\/\/www.rukajarvensuunnanhistoriayhdistys.fi\/historiayhdistys\/wp-content\/uploads\/2015\/05\/LappajarviLaatta-2-247x300.jpg 247w, http:\/\/www.rukajarvensuunnanhistoriayhdistys.fi\/historiayhdistys\/wp-content\/uploads\/2015\/05\/LappajarviLaatta-2-843x1024.jpg 843w\" sizes=\"auto, (max-width: 1237px) 100vw, 1237px\" \/><\/a><figcaption id=\"caption-attachment-9950\" class=\"wp-caption-text\">PionP. 24:n veteraanikilta luovutti arkkitehti Mikko P\u00e4\u00e4llysahon suunnitteleman muistotaulun, johon on liinnitetty Lappaj\u00e4rven K\u00c4RN\u00c4IITTI, kraaterikivi. Muistolaatassa on lis\u00e4ksi Yrj\u00f6 Savolan kirjoittama runo.<\/figcaption><\/figure>\n<p><span style=\"line-height: 115%; font-family: 'Arial','sans-serif'; font-size: 12pt;\"><span style=\"color: #000000;\">Tilaisuuteen valmistui my\u00f6s PionP 24:n sodanj\u00e4lkeisen veteraanitoiminnan 52-sivuinen historiikki, jonka oli kirjoittanut sihteeri Yrj\u00f6 Savola. Sen voi lukea <a href=\"http:\/\/www.rukajarvensuunnanhistoriayhdistys.fi\/historiayhdistys\/wp-content\/uploads\/2015\/05\/Historiikki-korjattu_LKU-low.pdf\">T\u00c4\u00c4LT\u00c4<\/a>\u00a0<\/span><\/span><span style=\"line-height: 115%; font-family: 'Arial','sans-serif'; font-size: 12pt;\"><span style=\"color: #000000;\">sek\u00e4 Rukaj\u00e4rvi-keskuksista painettuna teoksena.<\/span><\/span><\/p>\n<figure id=\"attachment_9952\" aria-describedby=\"caption-attachment-9952\" style=\"width: 3072px\" class=\"wp-caption alignnone\"><a href=\"http:\/\/www.rukajarvensuunnanhistoriayhdistys.fi\/historiayhdistys\/wp-content\/uploads\/2015\/05\/DSC01182-2.jpg\"><img loading=\"lazy\" decoding=\"async\" class=\"wp-image-9952 size-full\" src=\"http:\/\/www.rukajarvensuunnanhistoriayhdistys.fi\/historiayhdistys\/wp-content\/uploads\/2015\/05\/DSC01182-2.jpg\" alt=\"Rukaj\u00e4rven suunnan tunnus, mik\u00e4 on asetettu Kylpyl\u00e4 Kivitipun K\u00e4rn\u00e4-salin sein\u00e4lle yhdess\u00e4 Rukaj\u00e4rven suunnan historiikkitoimikunnan standaadin kera v. 2010.\" width=\"3072\" height=\"2304\" data-id=\"9952\" srcset=\"http:\/\/www.rukajarvensuunnanhistoriayhdistys.fi\/historiayhdistys\/wp-content\/uploads\/2015\/05\/DSC01182-2.jpg 3072w, http:\/\/www.rukajarvensuunnanhistoriayhdistys.fi\/historiayhdistys\/wp-content\/uploads\/2015\/05\/DSC01182-2-300x225.jpg 300w, http:\/\/www.rukajarvensuunnanhistoriayhdistys.fi\/historiayhdistys\/wp-content\/uploads\/2015\/05\/DSC01182-2-1024x768.jpg 1024w\" sizes=\"auto, (max-width: 3072px) 100vw, 3072px\" \/><\/a><figcaption id=\"caption-attachment-9952\" class=\"wp-caption-text\">Rukaj\u00e4rven suunnan tunnus on asetettu Kylpyl\u00e4 Kivitipun K\u00e4rn\u00e4-salin sein\u00e4lle yhdess\u00e4 Rukaj\u00e4rven suunnan historiikkitoimikunnan standaadin kera v. 2010.<\/figcaption><\/figure>\n<p>&nbsp;<\/p>\n<p>&nbsp;<\/p>\n","protected":false},"excerpt":{"rendered":"<p>Rukaj\u00e4rvell\u00e4 PionP. 24:n joukkoihin l\u00e4hti Etel\u00e4-Pohjanmaalta t\u00e4ydennyksen\u00e4 per\u00e4ti 150 pioneeria. He ovat pit\u00e4neet yhteytt\u00e4 toisiinsa ja t\u00e4n\u00e4\u00e4n 9.5.2015 he kokoontuivat Lappaj\u00e4rvell\u00e4. En\u00e4\u00e4 tuosta joukosta on elossa kahdeksan ja 5 heist\u00e4 <a class=\"more-link\" href=\"http:\/\/www.rukajarvensuunnanhistoriayhdistys.fi\/historiayhdistys\/pioneerit-jo-46-kerran-yhdessa\/\">Teksti jatkuu&#8230;<span class=\"screen-reader-text\">Pioneerit jo 46. kerran yhdess\u00e4<\/span><span class=\"meta-nav\">\u2192<\/span><\/a><\/p>\n","protected":false},"author":3,"featured_media":9951,"comment_status":"closed","ping_status":"open","sticky":false,"template":"","format":"standard","meta":{"footnotes":""},"categories":[22],"tags":[],"class_list":["post-9946","post","type-post","status-publish","format-standard","has-post-thumbnail","hentry","category-ajankohtaista"],"yoast_head":"<!-- This site is optimized with the Yoast SEO plugin v27.4 - https:\/\/yoast.com\/product\/yoast-seo-wordpress\/ -->\n<title>Pioneerit jo 46. kerran yhdess\u00e4 - Rukaj\u00e4rven suunnan historiayhdistys<\/title>\n<meta name=\"robots\" content=\"index, follow, max-snippet:-1, max-image-preview:large, max-video-preview:-1\" \/>\n<link rel=\"canonical\" href=\"https:\/\/www.rukajarvensuunnanhistoriayhdistys.fi\/historiayhdistys\/pioneerit-jo-46-kerran-yhdessa\/\" \/>\n<meta property=\"og:locale\" content=\"fi_FI\" \/>\n<meta property=\"og:type\" content=\"article\" \/>\n<meta property=\"og:title\" content=\"Pioneerit jo 46. kerran yhdess\u00e4 - Rukaj\u00e4rven suunnan historiayhdistys\" \/>\n<meta property=\"og:description\" content=\"Rukaj\u00e4rvell\u00e4 PionP. 24:n joukkoihin l\u00e4hti Etel\u00e4-Pohjanmaalta t\u00e4ydennyksen\u00e4 per\u00e4ti 150 pioneeria. He ovat pit\u00e4neet yhteytt\u00e4 toisiinsa ja t\u00e4n\u00e4\u00e4n 9.5.2015 he kokoontuivat Lappaj\u00e4rvell\u00e4. En\u00e4\u00e4 tuosta joukosta on elossa kahdeksan ja 5 heist\u00e4 Teksti jatkuu...Pioneerit jo 46. kerran yhdess\u00e4\u2192\" \/>\n<meta property=\"og:url\" content=\"https:\/\/www.rukajarvensuunnanhistoriayhdistys.fi\/historiayhdistys\/pioneerit-jo-46-kerran-yhdessa\/\" \/>\n<meta property=\"og:site_name\" content=\"Rukaj\u00e4rven suunnan historiayhdistys\" \/>\n<meta property=\"article:published_time\" content=\"2015-05-09T19:56:25+00:00\" \/>\n<meta property=\"article:modified_time\" content=\"2015-05-09T20:04:48+00:00\" \/>\n<meta property=\"og:image\" content=\"https:\/\/www.rukajarvensuunnanhistoriayhdistys.fi\/historiayhdistys\/wp-content\/uploads\/2015\/05\/DSC01175-2-1024x768.jpg\" \/>\n\t<meta property=\"og:image:width\" content=\"1024\" \/>\n\t<meta property=\"og:image:height\" content=\"768\" \/>\n\t<meta property=\"og:image:type\" content=\"image\/jpeg\" \/>\n<meta name=\"author\" content=\"RSHY\" \/>\n<meta name=\"twitter:label1\" content=\"Kirjoittanut\" \/>\n\t<meta name=\"twitter:data1\" content=\"RSHY\" \/>\n\t<meta name=\"twitter:label2\" content=\"Arvioitu lukuaika\" \/>\n\t<meta name=\"twitter:data2\" content=\"1 minuutti\" \/>\n<script type=\"application\/ld+json\" class=\"yoast-schema-graph\">{\"@context\":\"https:\\\/\\\/schema.org\",\"@graph\":[{\"@type\":\"Article\",\"@id\":\"https:\\\/\\\/www.rukajarvensuunnanhistoriayhdistys.fi\\\/historiayhdistys\\\/pioneerit-jo-46-kerran-yhdessa\\\/#article\",\"isPartOf\":{\"@id\":\"https:\\\/\\\/www.rukajarvensuunnanhistoriayhdistys.fi\\\/historiayhdistys\\\/pioneerit-jo-46-kerran-yhdessa\\\/\"},\"author\":{\"name\":\"RSHY\",\"@id\":\"http:\\\/\\\/www.rukajarvensuunnanhistoriayhdistys.fi\\\/historiayhdistys\\\/#\\\/schema\\\/person\\\/19de7db68bf72dfd2b5d7f6dfbf8454d\"},\"headline\":\"Pioneerit jo 46. kerran yhdess\u00e4\",\"datePublished\":\"2015-05-09T19:56:25+00:00\",\"dateModified\":\"2015-05-09T20:04:48+00:00\",\"mainEntityOfPage\":{\"@id\":\"https:\\\/\\\/www.rukajarvensuunnanhistoriayhdistys.fi\\\/historiayhdistys\\\/pioneerit-jo-46-kerran-yhdessa\\\/\"},\"wordCount\":282,\"publisher\":{\"@id\":\"http:\\\/\\\/www.rukajarvensuunnanhistoriayhdistys.fi\\\/historiayhdistys\\\/#organization\"},\"image\":{\"@id\":\"https:\\\/\\\/www.rukajarvensuunnanhistoriayhdistys.fi\\\/historiayhdistys\\\/pioneerit-jo-46-kerran-yhdessa\\\/#primaryimage\"},\"thumbnailUrl\":\"http:\\\/\\\/www.rukajarvensuunnanhistoriayhdistys.fi\\\/historiayhdistys\\\/wp-content\\\/uploads\\\/2015\\\/05\\\/DSC01175-2.jpg\",\"articleSection\":[\"Ajankohtaista\"],\"inLanguage\":\"fi\"},{\"@type\":\"WebPage\",\"@id\":\"https:\\\/\\\/www.rukajarvensuunnanhistoriayhdistys.fi\\\/historiayhdistys\\\/pioneerit-jo-46-kerran-yhdessa\\\/\",\"url\":\"https:\\\/\\\/www.rukajarvensuunnanhistoriayhdistys.fi\\\/historiayhdistys\\\/pioneerit-jo-46-kerran-yhdessa\\\/\",\"name\":\"Pioneerit jo 46. kerran yhdess\u00e4 - Rukaj\u00e4rven suunnan historiayhdistys\",\"isPartOf\":{\"@id\":\"http:\\\/\\\/www.rukajarvensuunnanhistoriayhdistys.fi\\\/historiayhdistys\\\/#website\"},\"primaryImageOfPage\":{\"@id\":\"https:\\\/\\\/www.rukajarvensuunnanhistoriayhdistys.fi\\\/historiayhdistys\\\/pioneerit-jo-46-kerran-yhdessa\\\/#primaryimage\"},\"image\":{\"@id\":\"https:\\\/\\\/www.rukajarvensuunnanhistoriayhdistys.fi\\\/historiayhdistys\\\/pioneerit-jo-46-kerran-yhdessa\\\/#primaryimage\"},\"thumbnailUrl\":\"http:\\\/\\\/www.rukajarvensuunnanhistoriayhdistys.fi\\\/historiayhdistys\\\/wp-content\\\/uploads\\\/2015\\\/05\\\/DSC01175-2.jpg\",\"datePublished\":\"2015-05-09T19:56:25+00:00\",\"dateModified\":\"2015-05-09T20:04:48+00:00\",\"breadcrumb\":{\"@id\":\"https:\\\/\\\/www.rukajarvensuunnanhistoriayhdistys.fi\\\/historiayhdistys\\\/pioneerit-jo-46-kerran-yhdessa\\\/#breadcrumb\"},\"inLanguage\":\"fi\",\"potentialAction\":[{\"@type\":\"ReadAction\",\"target\":[\"https:\\\/\\\/www.rukajarvensuunnanhistoriayhdistys.fi\\\/historiayhdistys\\\/pioneerit-jo-46-kerran-yhdessa\\\/\"]}]},{\"@type\":\"ImageObject\",\"inLanguage\":\"fi\",\"@id\":\"https:\\\/\\\/www.rukajarvensuunnanhistoriayhdistys.fi\\\/historiayhdistys\\\/pioneerit-jo-46-kerran-yhdessa\\\/#primaryimage\",\"url\":\"http:\\\/\\\/www.rukajarvensuunnanhistoriayhdistys.fi\\\/historiayhdistys\\\/wp-content\\\/uploads\\\/2015\\\/05\\\/DSC01175-2.jpg\",\"contentUrl\":\"http:\\\/\\\/www.rukajarvensuunnanhistoriayhdistys.fi\\\/historiayhdistys\\\/wp-content\\\/uploads\\\/2015\\\/05\\\/DSC01175-2.jpg\",\"width\":3072,\"height\":2304,\"caption\":\"PionP. 24:n veteraani ovat kokoontuneet vuosittain per\u00e4ti 46 kertaa. Kuvassa Pauli Uusim\u00e4ki, Aarre \u00d6\u00f6rni, Toivo Pekkala, Yrj\u00f6 Savola ja Osmo Korkea-aho, Seppo Tallbacka, Riiita ja Mikko P\u00e4\u00e4llysaho sek\u00e4 edess\u00e4 Kerttu \u00d6\u00f6rni ja Eila Savola.\"},{\"@type\":\"BreadcrumbList\",\"@id\":\"https:\\\/\\\/www.rukajarvensuunnanhistoriayhdistys.fi\\\/historiayhdistys\\\/pioneerit-jo-46-kerran-yhdessa\\\/#breadcrumb\",\"itemListElement\":[{\"@type\":\"ListItem\",\"position\":1,\"name\":\"Etusivu\",\"item\":\"http:\\\/\\\/www.rukajarvensuunnanhistoriayhdistys.fi\\\/historiayhdistys\\\/\"},{\"@type\":\"ListItem\",\"position\":2,\"name\":\"Pioneerit jo 46. kerran yhdess\u00e4\"}]},{\"@type\":\"WebSite\",\"@id\":\"http:\\\/\\\/www.rukajarvensuunnanhistoriayhdistys.fi\\\/historiayhdistys\\\/#website\",\"url\":\"http:\\\/\\\/www.rukajarvensuunnanhistoriayhdistys.fi\\\/historiayhdistys\\\/\",\"name\":\"Rukaj\u00e4rven suunnan historiayhdistys\",\"description\":\"Rukaj\u00e4rven suunnan historiayhdistyksen verkkosivut.\",\"publisher\":{\"@id\":\"http:\\\/\\\/www.rukajarvensuunnanhistoriayhdistys.fi\\\/historiayhdistys\\\/#organization\"},\"potentialAction\":[{\"@type\":\"SearchAction\",\"target\":{\"@type\":\"EntryPoint\",\"urlTemplate\":\"http:\\\/\\\/www.rukajarvensuunnanhistoriayhdistys.fi\\\/historiayhdistys\\\/?s={search_term_string}\"},\"query-input\":{\"@type\":\"PropertyValueSpecification\",\"valueRequired\":true,\"valueName\":\"search_term_string\"}}],\"inLanguage\":\"fi\"},{\"@type\":\"Organization\",\"@id\":\"http:\\\/\\\/www.rukajarvensuunnanhistoriayhdistys.fi\\\/historiayhdistys\\\/#organization\",\"name\":\"Rukaj\u00e4rven suunnan historiayhdistys\",\"url\":\"http:\\\/\\\/www.rukajarvensuunnanhistoriayhdistys.fi\\\/historiayhdistys\\\/\",\"logo\":{\"@type\":\"ImageObject\",\"inLanguage\":\"fi\",\"@id\":\"http:\\\/\\\/www.rukajarvensuunnanhistoriayhdistys.fi\\\/historiayhdistys\\\/#\\\/schema\\\/logo\\\/image\\\/\",\"url\":\"http:\\\/\\\/www.rukajarvensuunnanhistoriayhdistys.fi\\\/historiayhdistys\\\/wp-content\\\/uploads\\\/2013\\\/12\\\/Otsake_3.jpg\",\"contentUrl\":\"http:\\\/\\\/www.rukajarvensuunnanhistoriayhdistys.fi\\\/historiayhdistys\\\/wp-content\\\/uploads\\\/2013\\\/12\\\/Otsake_3.jpg\",\"width\":1000,\"height\":442,\"caption\":\"Rukaj\u00e4rven suunnan historiayhdistys\"},\"image\":{\"@id\":\"http:\\\/\\\/www.rukajarvensuunnanhistoriayhdistys.fi\\\/historiayhdistys\\\/#\\\/schema\\\/logo\\\/image\\\/\"}},{\"@type\":\"Person\",\"@id\":\"http:\\\/\\\/www.rukajarvensuunnanhistoriayhdistys.fi\\\/historiayhdistys\\\/#\\\/schema\\\/person\\\/19de7db68bf72dfd2b5d7f6dfbf8454d\",\"name\":\"RSHY\",\"image\":{\"@type\":\"ImageObject\",\"inLanguage\":\"fi\",\"@id\":\"https:\\\/\\\/secure.gravatar.com\\\/avatar\\\/598d59263a69cc8de65fcb4f9db78d6f58c098cb0e0ba22d73377441af9fa04c?s=96&d=blank&r=g\",\"url\":\"https:\\\/\\\/secure.gravatar.com\\\/avatar\\\/598d59263a69cc8de65fcb4f9db78d6f58c098cb0e0ba22d73377441af9fa04c?s=96&d=blank&r=g\",\"contentUrl\":\"https:\\\/\\\/secure.gravatar.com\\\/avatar\\\/598d59263a69cc8de65fcb4f9db78d6f58c098cb0e0ba22d73377441af9fa04c?s=96&d=blank&r=g\",\"caption\":\"RSHY\"},\"url\":\"http:\\\/\\\/www.rukajarvensuunnanhistoriayhdistys.fi\\\/historiayhdistys\\\/author\\\/rshy\\\/\"}]}<\/script>\n<!-- \/ Yoast SEO plugin. -->","yoast_head_json":{"title":"Pioneerit jo 46. kerran yhdess\u00e4 - Rukaj\u00e4rven suunnan historiayhdistys","robots":{"index":"index","follow":"follow","max-snippet":"max-snippet:-1","max-image-preview":"max-image-preview:large","max-video-preview":"max-video-preview:-1"},"canonical":"https:\/\/www.rukajarvensuunnanhistoriayhdistys.fi\/historiayhdistys\/pioneerit-jo-46-kerran-yhdessa\/","og_locale":"fi_FI","og_type":"article","og_title":"Pioneerit jo 46. kerran yhdess\u00e4 - Rukaj\u00e4rven suunnan historiayhdistys","og_description":"Rukaj\u00e4rvell\u00e4 PionP. 24:n joukkoihin l\u00e4hti Etel\u00e4-Pohjanmaalta t\u00e4ydennyksen\u00e4 per\u00e4ti 150 pioneeria. He ovat pit\u00e4neet yhteytt\u00e4 toisiinsa ja t\u00e4n\u00e4\u00e4n 9.5.2015 he kokoontuivat Lappaj\u00e4rvell\u00e4. En\u00e4\u00e4 tuosta joukosta on elossa kahdeksan ja 5 heist\u00e4 Teksti jatkuu...Pioneerit jo 46. kerran yhdess\u00e4\u2192","og_url":"https:\/\/www.rukajarvensuunnanhistoriayhdistys.fi\/historiayhdistys\/pioneerit-jo-46-kerran-yhdessa\/","og_site_name":"Rukaj\u00e4rven suunnan historiayhdistys","article_published_time":"2015-05-09T19:56:25+00:00","article_modified_time":"2015-05-09T20:04:48+00:00","og_image":[{"width":1024,"height":768,"url":"https:\/\/www.rukajarvensuunnanhistoriayhdistys.fi\/historiayhdistys\/wp-content\/uploads\/2015\/05\/DSC01175-2-1024x768.jpg","type":"image\/jpeg"}],"author":"RSHY","twitter_misc":{"Kirjoittanut":"RSHY","Arvioitu lukuaika":"1 minuutti"},"schema":{"@context":"https:\/\/schema.org","@graph":[{"@type":"Article","@id":"https:\/\/www.rukajarvensuunnanhistoriayhdistys.fi\/historiayhdistys\/pioneerit-jo-46-kerran-yhdessa\/#article","isPartOf":{"@id":"https:\/\/www.rukajarvensuunnanhistoriayhdistys.fi\/historiayhdistys\/pioneerit-jo-46-kerran-yhdessa\/"},"author":{"name":"RSHY","@id":"http:\/\/www.rukajarvensuunnanhistoriayhdistys.fi\/historiayhdistys\/#\/schema\/person\/19de7db68bf72dfd2b5d7f6dfbf8454d"},"headline":"Pioneerit jo 46. kerran yhdess\u00e4","datePublished":"2015-05-09T19:56:25+00:00","dateModified":"2015-05-09T20:04:48+00:00","mainEntityOfPage":{"@id":"https:\/\/www.rukajarvensuunnanhistoriayhdistys.fi\/historiayhdistys\/pioneerit-jo-46-kerran-yhdessa\/"},"wordCount":282,"publisher":{"@id":"http:\/\/www.rukajarvensuunnanhistoriayhdistys.fi\/historiayhdistys\/#organization"},"image":{"@id":"https:\/\/www.rukajarvensuunnanhistoriayhdistys.fi\/historiayhdistys\/pioneerit-jo-46-kerran-yhdessa\/#primaryimage"},"thumbnailUrl":"http:\/\/www.rukajarvensuunnanhistoriayhdistys.fi\/historiayhdistys\/wp-content\/uploads\/2015\/05\/DSC01175-2.jpg","articleSection":["Ajankohtaista"],"inLanguage":"fi"},{"@type":"WebPage","@id":"https:\/\/www.rukajarvensuunnanhistoriayhdistys.fi\/historiayhdistys\/pioneerit-jo-46-kerran-yhdessa\/","url":"https:\/\/www.rukajarvensuunnanhistoriayhdistys.fi\/historiayhdistys\/pioneerit-jo-46-kerran-yhdessa\/","name":"Pioneerit jo 46. kerran yhdess\u00e4 - Rukaj\u00e4rven suunnan historiayhdistys","isPartOf":{"@id":"http:\/\/www.rukajarvensuunnanhistoriayhdistys.fi\/historiayhdistys\/#website"},"primaryImageOfPage":{"@id":"https:\/\/www.rukajarvensuunnanhistoriayhdistys.fi\/historiayhdistys\/pioneerit-jo-46-kerran-yhdessa\/#primaryimage"},"image":{"@id":"https:\/\/www.rukajarvensuunnanhistoriayhdistys.fi\/historiayhdistys\/pioneerit-jo-46-kerran-yhdessa\/#primaryimage"},"thumbnailUrl":"http:\/\/www.rukajarvensuunnanhistoriayhdistys.fi\/historiayhdistys\/wp-content\/uploads\/2015\/05\/DSC01175-2.jpg","datePublished":"2015-05-09T19:56:25+00:00","dateModified":"2015-05-09T20:04:48+00:00","breadcrumb":{"@id":"https:\/\/www.rukajarvensuunnanhistoriayhdistys.fi\/historiayhdistys\/pioneerit-jo-46-kerran-yhdessa\/#breadcrumb"},"inLanguage":"fi","potentialAction":[{"@type":"ReadAction","target":["https:\/\/www.rukajarvensuunnanhistoriayhdistys.fi\/historiayhdistys\/pioneerit-jo-46-kerran-yhdessa\/"]}]},{"@type":"ImageObject","inLanguage":"fi","@id":"https:\/\/www.rukajarvensuunnanhistoriayhdistys.fi\/historiayhdistys\/pioneerit-jo-46-kerran-yhdessa\/#primaryimage","url":"http:\/\/www.rukajarvensuunnanhistoriayhdistys.fi\/historiayhdistys\/wp-content\/uploads\/2015\/05\/DSC01175-2.jpg","contentUrl":"http:\/\/www.rukajarvensuunnanhistoriayhdistys.fi\/historiayhdistys\/wp-content\/uploads\/2015\/05\/DSC01175-2.jpg","width":3072,"height":2304,"caption":"PionP. 24:n veteraani ovat kokoontuneet vuosittain per\u00e4ti 46 kertaa. Kuvassa Pauli Uusim\u00e4ki, Aarre \u00d6\u00f6rni, Toivo Pekkala, Yrj\u00f6 Savola ja Osmo Korkea-aho, Seppo Tallbacka, Riiita ja Mikko P\u00e4\u00e4llysaho sek\u00e4 edess\u00e4 Kerttu \u00d6\u00f6rni ja Eila Savola."},{"@type":"BreadcrumbList","@id":"https:\/\/www.rukajarvensuunnanhistoriayhdistys.fi\/historiayhdistys\/pioneerit-jo-46-kerran-yhdessa\/#breadcrumb","itemListElement":[{"@type":"ListItem","position":1,"name":"Etusivu","item":"http:\/\/www.rukajarvensuunnanhistoriayhdistys.fi\/historiayhdistys\/"},{"@type":"ListItem","position":2,"name":"Pioneerit jo 46. kerran yhdess\u00e4"}]},{"@type":"WebSite","@id":"http:\/\/www.rukajarvensuunnanhistoriayhdistys.fi\/historiayhdistys\/#website","url":"http:\/\/www.rukajarvensuunnanhistoriayhdistys.fi\/historiayhdistys\/","name":"Rukaj\u00e4rven suunnan historiayhdistys","description":"Rukaj\u00e4rven suunnan historiayhdistyksen verkkosivut.","publisher":{"@id":"http:\/\/www.rukajarvensuunnanhistoriayhdistys.fi\/historiayhdistys\/#organization"},"potentialAction":[{"@type":"SearchAction","target":{"@type":"EntryPoint","urlTemplate":"http:\/\/www.rukajarvensuunnanhistoriayhdistys.fi\/historiayhdistys\/?s={search_term_string}"},"query-input":{"@type":"PropertyValueSpecification","valueRequired":true,"valueName":"search_term_string"}}],"inLanguage":"fi"},{"@type":"Organization","@id":"http:\/\/www.rukajarvensuunnanhistoriayhdistys.fi\/historiayhdistys\/#organization","name":"Rukaj\u00e4rven suunnan historiayhdistys","url":"http:\/\/www.rukajarvensuunnanhistoriayhdistys.fi\/historiayhdistys\/","logo":{"@type":"ImageObject","inLanguage":"fi","@id":"http:\/\/www.rukajarvensuunnanhistoriayhdistys.fi\/historiayhdistys\/#\/schema\/logo\/image\/","url":"http:\/\/www.rukajarvensuunnanhistoriayhdistys.fi\/historiayhdistys\/wp-content\/uploads\/2013\/12\/Otsake_3.jpg","contentUrl":"http:\/\/www.rukajarvensuunnanhistoriayhdistys.fi\/historiayhdistys\/wp-content\/uploads\/2013\/12\/Otsake_3.jpg","width":1000,"height":442,"caption":"Rukaj\u00e4rven suunnan historiayhdistys"},"image":{"@id":"http:\/\/www.rukajarvensuunnanhistoriayhdistys.fi\/historiayhdistys\/#\/schema\/logo\/image\/"}},{"@type":"Person","@id":"http:\/\/www.rukajarvensuunnanhistoriayhdistys.fi\/historiayhdistys\/#\/schema\/person\/19de7db68bf72dfd2b5d7f6dfbf8454d","name":"RSHY","image":{"@type":"ImageObject","inLanguage":"fi","@id":"https:\/\/secure.gravatar.com\/avatar\/598d59263a69cc8de65fcb4f9db78d6f58c098cb0e0ba22d73377441af9fa04c?s=96&d=blank&r=g","url":"https:\/\/secure.gravatar.com\/avatar\/598d59263a69cc8de65fcb4f9db78d6f58c098cb0e0ba22d73377441af9fa04c?s=96&d=blank&r=g","contentUrl":"https:\/\/secure.gravatar.com\/avatar\/598d59263a69cc8de65fcb4f9db78d6f58c098cb0e0ba22d73377441af9fa04c?s=96&d=blank&r=g","caption":"RSHY"},"url":"http:\/\/www.rukajarvensuunnanhistoriayhdistys.fi\/historiayhdistys\/author\/rshy\/"}]}},"_links":{"self":[{"href":"http:\/\/www.rukajarvensuunnanhistoriayhdistys.fi\/historiayhdistys\/wp-json\/wp\/v2\/posts\/9946","targetHints":{"allow":["GET"]}}],"collection":[{"href":"http:\/\/www.rukajarvensuunnanhistoriayhdistys.fi\/historiayhdistys\/wp-json\/wp\/v2\/posts"}],"about":[{"href":"http:\/\/www.rukajarvensuunnanhistoriayhdistys.fi\/historiayhdistys\/wp-json\/wp\/v2\/types\/post"}],"author":[{"embeddable":true,"href":"http:\/\/www.rukajarvensuunnanhistoriayhdistys.fi\/historiayhdistys\/wp-json\/wp\/v2\/users\/3"}],"replies":[{"embeddable":true,"href":"http:\/\/www.rukajarvensuunnanhistoriayhdistys.fi\/historiayhdistys\/wp-json\/wp\/v2\/comments?post=9946"}],"version-history":[{"count":4,"href":"http:\/\/www.rukajarvensuunnanhistoriayhdistys.fi\/historiayhdistys\/wp-json\/wp\/v2\/posts\/9946\/revisions"}],"predecessor-version":[{"id":9955,"href":"http:\/\/www.rukajarvensuunnanhistoriayhdistys.fi\/historiayhdistys\/wp-json\/wp\/v2\/posts\/9946\/revisions\/9955"}],"wp:featuredmedia":[{"embeddable":true,"href":"http:\/\/www.rukajarvensuunnanhistoriayhdistys.fi\/historiayhdistys\/wp-json\/wp\/v2\/media\/9951"}],"wp:attachment":[{"href":"http:\/\/www.rukajarvensuunnanhistoriayhdistys.fi\/historiayhdistys\/wp-json\/wp\/v2\/media?parent=9946"}],"wp:term":[{"taxonomy":"category","embeddable":true,"href":"http:\/\/www.rukajarvensuunnanhistoriayhdistys.fi\/historiayhdistys\/wp-json\/wp\/v2\/categories?post=9946"},{"taxonomy":"post_tag","embeddable":true,"href":"http:\/\/www.rukajarvensuunnanhistoriayhdistys.fi\/historiayhdistys\/wp-json\/wp\/v2\/tags?post=9946"}],"curies":[{"name":"wp","href":"https:\/\/api.w.org\/{rel}","templated":true}]}}