{"id":9956,"date":"2015-05-10T12:25:16","date_gmt":"2015-05-10T09:25:16","guid":{"rendered":"http:\/\/www.rukajarvensuunnanhistoriayhdistys.fi\/historiayhdistys\/?p=9956"},"modified":"2015-05-10T14:07:46","modified_gmt":"2015-05-10T11:07:46","slug":"puheenjohtajan-tervehdys-pioneerijuhlassa-lappajarvella-9-5-2015","status":"publish","type":"post","link":"http:\/\/www.rukajarvensuunnanhistoriayhdistys.fi\/historiayhdistys\/puheenjohtajan-tervehdys-pioneerijuhlassa-lappajarvella-9-5-2015\/","title":{"rendered":"Puheenjohtajan tervehdys Pioneerijuhlassa Lappaj\u00e4rvell\u00e4 9.5.2015"},"content":{"rendered":"<div class=\"fcbkbttn_buttons_block\" id=\"fcbkbttn_left\"><div class=\"fcbkbttn_like \"><fb:like href=\"http:\/\/www.rukajarvensuunnanhistoriayhdistys.fi\/historiayhdistys\/puheenjohtajan-tervehdys-pioneerijuhlassa-lappajarvella-9-5-2015\/\" action=\"like\" colorscheme=\"light\" layout=\"button_count\"  size=\"small\"><\/fb:like><\/div><\/div><p><strong><em>Ote puheesta: Arvoisat veteraanit, <\/em><\/strong><\/p>\n<p><strong><em><strong>Kiit\u00e4mme kutsusta saapua t\u00e4h\u00e4n perinteiseen veteraanitapaamiseen, mik\u00e4 onkin kohdallamme per\u00e4j\u00e4lkeen jo kuudes kerta.<\/strong><\/em><\/strong><\/p>\n<p><strong><em><strong>Te arvoisat veteraanit, olette kokoontuneet yhteisiin tapaamisiinne vuodesta 1973 ja t\u00e4m\u00e4 on per\u00e4ti 43. kerta. Mik\u00e4\u00e4n Rukaj\u00e4rven suunnan joukko-osasto ei ole p\u00e4\u00e4ssyt l\u00e4hellek\u00e4\u00e4n n\u00e4ihin mittoihin, vaikka Rukaj\u00e4rven suunnan veteraanien perinnety\u00f6 on maamme parhaimmistoa.<\/strong><\/em><\/strong><\/p>\n<figure id=\"attachment_9947\" aria-describedby=\"caption-attachment-9947\" style=\"width: 4592px\" class=\"wp-caption alignnone\"><a href=\"http:\/\/www.rukajarvensuunnanhistoriayhdistys.fi\/historiayhdistys\/wp-content\/uploads\/2015\/05\/DSC00715.jpg\"><img loading=\"lazy\" decoding=\"async\" class=\"wp-image-9947 size-full\" src=\"http:\/\/www.rukajarvensuunnanhistoriayhdistys.fi\/historiayhdistys\/wp-content\/uploads\/2015\/05\/DSC00715.jpg\" alt=\"PionP. 24:n veteraani ovat kokoontuneet vuosittain per\u00e4ti 46 kertaa. Kuvassa Pauli Uusim\u00e4ki, Aarre \u00d6\u00f6rni, Toivo Pekkala, Yrj\u00f6 Savola ja Osmo Korkea-aho, Seppo Tallbacka, Riiita ja Mikko P\u00e4\u00e4llysaho sek\u00e4 edess\u00e4 Kerttu \u00d6\u00f6rni ja Eila Savola.\" width=\"4592\" height=\"3056\" data-id=\"9947\" srcset=\"http:\/\/www.rukajarvensuunnanhistoriayhdistys.fi\/historiayhdistys\/wp-content\/uploads\/2015\/05\/DSC00715.jpg 4592w, http:\/\/www.rukajarvensuunnanhistoriayhdistys.fi\/historiayhdistys\/wp-content\/uploads\/2015\/05\/DSC00715-300x200.jpg 300w, http:\/\/www.rukajarvensuunnanhistoriayhdistys.fi\/historiayhdistys\/wp-content\/uploads\/2015\/05\/DSC00715-1024x681.jpg 1024w\" sizes=\"auto, (max-width: 4592px) 100vw, 4592px\" \/><\/a><figcaption id=\"caption-attachment-9947\" class=\"wp-caption-text\">PionP. 24:n veteraani ovat kokoontuneet vuosittain per\u00e4ti 46 kertaa. Kuvassa Pauli Uusim\u00e4ki, Aarre \u00d6\u00f6rni, Toivo Pekkala, Yrj\u00f6 Savola ja Osmo Korkea-aho, Seppo Tallbacka, Riiita ja Mikko P\u00e4\u00e4llysaho sek\u00e4 edess\u00e4 Kerttu \u00d6\u00f6rni ja Eila Savola.<\/figcaption><\/figure>\n<p><strong><em><strong>Kiit\u00e4mme yhteisty\u00f6st\u00e4 ja osallistumisestanne viimesyksyisiin juhlallisuuksiin, joihin kuului h\u00f6yryjunamatka Kiuruvedelt\u00e4 Lieksaan. Te arvoisat veteraanit teitte siit\u00e4 todellisen ikimuistoisen juhlan. Parhaat kiitoksemme viel\u00e4 kerran.<\/strong><\/em><\/strong><\/p>\n<figure id=\"attachment_9960\" aria-describedby=\"caption-attachment-9960\" style=\"width: 3436px\" class=\"wp-caption alignnone\"><a href=\"http:\/\/www.rukajarvensuunnanhistoriayhdistys.fi\/historiayhdistys\/wp-content\/uploads\/2015\/05\/Pioneerit-Kiuruveden-asama-4-9-2014-RP.jpg\"><img loading=\"lazy\" decoding=\"async\" class=\"wp-image-9960 size-full\" src=\"http:\/\/www.rukajarvensuunnanhistoriayhdistys.fi\/historiayhdistys\/wp-content\/uploads\/2015\/05\/Pioneerit-Kiuruveden-asama-4-9-2014-RP.jpg\" alt=\"Pioneerit l\u00e4hd\u00f6ss\u00e4 Kiuruveden asemalta Lieksaan 4.9.2014. Mikko P\u00e4\u00e4llysaho, Aarre \u00d6\u00f6rni ja Toivo Pekkala sek\u00e4 Kerttu \u00d6\u00f6rni. Kuva Riitta P\u00e4\u00e4llysaho.\" width=\"3436\" height=\"2409\" data-id=\"9960\" srcset=\"http:\/\/www.rukajarvensuunnanhistoriayhdistys.fi\/historiayhdistys\/wp-content\/uploads\/2015\/05\/Pioneerit-Kiuruveden-asama-4-9-2014-RP.jpg 3436w, http:\/\/www.rukajarvensuunnanhistoriayhdistys.fi\/historiayhdistys\/wp-content\/uploads\/2015\/05\/Pioneerit-Kiuruveden-asama-4-9-2014-RP-300x210.jpg 300w, http:\/\/www.rukajarvensuunnanhistoriayhdistys.fi\/historiayhdistys\/wp-content\/uploads\/2015\/05\/Pioneerit-Kiuruveden-asama-4-9-2014-RP-1024x718.jpg 1024w\" sizes=\"auto, (max-width: 3436px) 100vw, 3436px\" \/><\/a><figcaption id=\"caption-attachment-9960\" class=\"wp-caption-text\">Pioneerit l\u00e4hd\u00f6ss\u00e4 Kiuruveden asemalta Lieksaan 4.9.2014. Mikko P\u00e4\u00e4llysaho, Aarre \u00d6\u00f6rni ja Toivo Pekkala sek\u00e4 Kerttu \u00d6\u00f6rni. Kuva Riitta P\u00e4\u00e4llysaho.<\/figcaption><\/figure>\n<figure id=\"attachment_9961\" aria-describedby=\"caption-attachment-9961\" style=\"width: 3436px\" class=\"wp-caption alignnone\"><a href=\"http:\/\/www.rukajarvensuunnanhistoriayhdistys.fi\/historiayhdistys\/wp-content\/uploads\/2015\/05\/Seppelepartiot-5-9-2014-RP.jpg\"><img loading=\"lazy\" decoding=\"async\" class=\"wp-image-9961 size-full\" src=\"http:\/\/www.rukajarvensuunnanhistoriayhdistys.fi\/historiayhdistys\/wp-content\/uploads\/2015\/05\/Seppelepartiot-5-9-2014-RP.jpg\" alt=\"Lieksan Kirkko 5.9.2014 Kansalaisjuhla 70 vuotta Jatkosodan p\u00e4\u00e4ttymisest\u00e4. Kuva Riitta P\u00e4\u00e4llysaho.\" width=\"3436\" height=\"2409\" data-id=\"9961\" srcset=\"http:\/\/www.rukajarvensuunnanhistoriayhdistys.fi\/historiayhdistys\/wp-content\/uploads\/2015\/05\/Seppelepartiot-5-9-2014-RP.jpg 3436w, http:\/\/www.rukajarvensuunnanhistoriayhdistys.fi\/historiayhdistys\/wp-content\/uploads\/2015\/05\/Seppelepartiot-5-9-2014-RP-300x210.jpg 300w, http:\/\/www.rukajarvensuunnanhistoriayhdistys.fi\/historiayhdistys\/wp-content\/uploads\/2015\/05\/Seppelepartiot-5-9-2014-RP-1024x718.jpg 1024w\" sizes=\"auto, (max-width: 3436px) 100vw, 3436px\" \/><\/a><figcaption id=\"caption-attachment-9961\" class=\"wp-caption-text\">Lieksan Kirkko 5.9.2014 Kansalaisjuhla 70 vuotta Jatkosodan p\u00e4\u00e4ttymisest\u00e4. Kuva Riitta P\u00e4\u00e4llysaho.<\/figcaption><\/figure>\n<figure id=\"attachment_9962\" aria-describedby=\"caption-attachment-9962\" style=\"width: 3436px\" class=\"wp-caption alignnone\"><a href=\"http:\/\/www.rukajarvensuunnanhistoriayhdistys.fi\/historiayhdistys\/wp-content\/uploads\/2015\/05\/Pioneerit-5-9-2014-Lieksan-kirkko-RP.jpg\"><img loading=\"lazy\" decoding=\"async\" class=\"wp-image-9962 size-full\" src=\"http:\/\/www.rukajarvensuunnanhistoriayhdistys.fi\/historiayhdistys\/wp-content\/uploads\/2015\/05\/Pioneerit-5-9-2014-Lieksan-kirkko-RP.jpg\" alt=\"Pioneerit Lieksan kirkossa kansalaisjuhlassa 5.9.2014, Kerttu ja Aarre \u00d6\u00f6rni sek\u00e4 Toivo Pekkala. Kuva Riitta P\u00e4\u00e4llysaho.\" width=\"3436\" height=\"2409\" data-id=\"9962\" srcset=\"http:\/\/www.rukajarvensuunnanhistoriayhdistys.fi\/historiayhdistys\/wp-content\/uploads\/2015\/05\/Pioneerit-5-9-2014-Lieksan-kirkko-RP.jpg 3436w, http:\/\/www.rukajarvensuunnanhistoriayhdistys.fi\/historiayhdistys\/wp-content\/uploads\/2015\/05\/Pioneerit-5-9-2014-Lieksan-kirkko-RP-300x210.jpg 300w, http:\/\/www.rukajarvensuunnanhistoriayhdistys.fi\/historiayhdistys\/wp-content\/uploads\/2015\/05\/Pioneerit-5-9-2014-Lieksan-kirkko-RP-1024x718.jpg 1024w\" sizes=\"auto, (max-width: 3436px) 100vw, 3436px\" \/><\/a><figcaption id=\"caption-attachment-9962\" class=\"wp-caption-text\">Pioneerit Lieksan kirkossa kansalaisjuhlassa 5.9.2014, Kerttu ja Aarre \u00d6\u00f6rni sek\u00e4 Toivo Pekkala. Kuva Riitta P\u00e4\u00e4llysaho.<\/figcaption><\/figure>\n<p><strong><em><strong>Yhteinen toiveemme matka Rukaj\u00e4rvelle entisille taistelupaikoillenne toteutui edellisen\u00e4 kes\u00e4n\u00e4 ja vuonna 2012 j\u00e4rjestimme t\u00e4\u00e4ll\u00e4 Lappaj\u00e4rvell\u00e4 upean seminaarin valokuvan\u00e4yttelyineen. <\/strong><\/em><\/strong><\/p>\n<figure id=\"attachment_9958\" aria-describedby=\"caption-attachment-9958\" style=\"width: 4592px\" class=\"wp-caption alignnone\"><a href=\"http:\/\/www.rukajarvensuunnanhistoriayhdistys.fi\/historiayhdistys\/wp-content\/uploads\/2015\/05\/DSC02851.jpg\"><img loading=\"lazy\" decoding=\"async\" class=\"wp-image-9958 size-full\" src=\"http:\/\/www.rukajarvensuunnanhistoriayhdistys.fi\/historiayhdistys\/wp-content\/uploads\/2015\/05\/DSC02851.jpg\" alt=\"Valokuvan\u00e4yttely ja sen pystytt\u00e4j\u00e4t Tenho Tikkanen ja Erkki Ylisippola Kauhavalta.\" width=\"4592\" height=\"3056\" data-id=\"9958\" srcset=\"http:\/\/www.rukajarvensuunnanhistoriayhdistys.fi\/historiayhdistys\/wp-content\/uploads\/2015\/05\/DSC02851.jpg 4592w, http:\/\/www.rukajarvensuunnanhistoriayhdistys.fi\/historiayhdistys\/wp-content\/uploads\/2015\/05\/DSC02851-300x200.jpg 300w, http:\/\/www.rukajarvensuunnanhistoriayhdistys.fi\/historiayhdistys\/wp-content\/uploads\/2015\/05\/DSC02851-1024x681.jpg 1024w\" sizes=\"auto, (max-width: 4592px) 100vw, 4592px\" \/><\/a><figcaption id=\"caption-attachment-9958\" class=\"wp-caption-text\">Valokuvan\u00e4yttely ja sen pystytt\u00e4j\u00e4t Tenho Tikkanen ja Erkki Ylisippola Kauhavalta. Kuva vuodelta 2012.<\/figcaption><\/figure>\n<p><strong><em><strong>Yhteiset tapaamiset jatkuivat Teid\u00e4n t\u00e4ytt\u00e4ess\u00e4nne 90-vuotta ja edelleen yhteytemme s\u00e4ilyy. Otamme kutsunne vastaan kiitollisina. Kiitollisina my\u00f6s siit\u00e4, ett\u00e4 Te kestitte vaikeat sotavuodet ja maamme s\u00e4ilytti itsen\u00e4isyytens\u00e4. Teid\u00e4n sodat kokeneen sukupolven ansiota on my\u00f6s se, ett\u00e4 sotakorvaukset maksettuanne nostitte maamme taloudelliseen kukoistukseen ja loitte ulkosuhteet, jotta rauha rajoillamme on s\u00e4ilynyt. <\/strong><\/em><\/strong><\/p>\n<figure id=\"attachment_9959\" aria-describedby=\"caption-attachment-9959\" style=\"width: 4592px\" class=\"wp-caption alignnone\"><a href=\"http:\/\/www.rukajarvensuunnanhistoriayhdistys.fi\/historiayhdistys\/wp-content\/uploads\/2015\/05\/DSC08427.jpg\"><img loading=\"lazy\" decoding=\"async\" class=\"wp-image-9959 size-full\" src=\"http:\/\/www.rukajarvensuunnanhistoriayhdistys.fi\/historiayhdistys\/wp-content\/uploads\/2015\/05\/DSC08427.jpg\" alt=\"Aarre \u00d6\u00f6rnin 90-vuotisp\u00e4iv\u00e4t pidettiin 10.5.2014 Lappaj\u00e4rven kotiseututalolla.\" width=\"4592\" height=\"3056\" data-id=\"9959\" srcset=\"http:\/\/www.rukajarvensuunnanhistoriayhdistys.fi\/historiayhdistys\/wp-content\/uploads\/2015\/05\/DSC08427.jpg 4592w, http:\/\/www.rukajarvensuunnanhistoriayhdistys.fi\/historiayhdistys\/wp-content\/uploads\/2015\/05\/DSC08427-300x200.jpg 300w, http:\/\/www.rukajarvensuunnanhistoriayhdistys.fi\/historiayhdistys\/wp-content\/uploads\/2015\/05\/DSC08427-1024x681.jpg 1024w\" sizes=\"auto, (max-width: 4592px) 100vw, 4592px\" \/><\/a><figcaption id=\"caption-attachment-9959\" class=\"wp-caption-text\">Aarre \u00d6\u00f6rnin 90-vuotisp\u00e4iv\u00e4t pidettiin 10.5.2014 Lappaj\u00e4rven kotiseututalolla.<\/figcaption><\/figure>\n<p><strong><em><strong>Meill\u00e4 nuoremmalla sukupolvella on suuri kunnia jatkaa Teid\u00e4n veteraanien itsenne k\u00e4ynnist\u00e4m\u00e4\u00e4 perinnety\u00f6t\u00e4, tarinoidenne tallentamista ja perinneaineiston ker\u00e4yst\u00e4. <\/strong><\/em><\/strong><\/p>\n<p><strong><em><strong>On asioita, joita kuunnellaan korvilla. <\/strong><\/em><\/strong><strong><em><strong>On asioita, joita kuunnellaan silmill\u00e4. <\/strong><\/em><\/strong><strong><em><strong>Ja on asioita, joita kuulee vain syd\u00e4mell\u00e4, <\/strong><\/em><\/strong><strong><em><strong>my\u00f6t\u00e4el\u00e4misell\u00e4. <\/strong><\/em><\/strong><\/p>\n<p><strong><em><strong>&#8221;Tuntemattomaksi&#8221; j\u00e4\u00e4neen kirjoittajan tekstin sis\u00e4lt\u00f6 antaa vastauksen siihen kysymykseen, miksi yhdistyksemme on perustettu. <\/strong><\/em><\/strong><\/p>\n<p><strong><em><strong>\u00a0<\/strong><\/em><\/strong><strong><em><strong>Sanotaan, ett\u00e4 aika kultaa muistot. T\u00e4m\u00e4 vanha sananparsi helpottanee meit\u00e4 kaikkia n\u00e4kem\u00e4\u00e4n miten vaikeita p\u00e4\u00e4t\u00f6ksi\u00e4 maamme johto ja koko kansa joutuikaan sotavuosina tekem\u00e4\u00e4n. Sotahistorioitsija Tauno Oksasen yhdistyksemme nettisivulla julkaistu Kansallisen veteraanip\u00e4iv\u00e4n juhlapuhe sis\u00e4lt\u00e4\u00e4 erinomaisen yhteenvedon tuosta ajasta maamme historiassa.<\/strong><\/em><\/strong><\/p>\n<p><strong><em><strong>Jokainen voi Tauno Oksasen esitelm\u00e4\u00e4n tutustua, mutta yhteenvetona lainaan muutamaa juhlaesitelm\u00e4n kohtaa:<\/strong><\/em><\/strong><\/p>\n<p><em>&#8211; &#8221;Sotiemme p\u00e4\u00e4m\u00e4\u00e4r\u00e4 oli itsen\u00e4isyyden s\u00e4ilytt\u00e4minen.&#8221; &#8230;\u00a0 <\/em><em>&#8211; &#8221;P\u00e4\u00e4m\u00e4\u00e4r\u00e4n saavuttaja ei voi olla h\u00e4vi\u00e4j\u00e4 &#8230;&#8221;\u00a0 <\/em><em>&#8211;<strong><strong> &#8221;<\/strong><\/strong><\/em><em> Viimeist\u00e4\u00e4n entisen Neuvostoliiton arkistojen avauduttua selvisi lopullisesti, mik\u00e4 olisi ollut Suomen ja suomalaisten kohtalo ilman per\u00e4\u00e4nantamatonta puolustustaistelua &#8230;&#8221;\u00a0 <\/em><em>&#8211; &#8221;Suomi joutui talvisotaan tilanteessa, jossa suurvallat valmistautuivat toisen maailmansodan taisteluihin valtaamalla suoja-alueita ja l\u00e4ht\u00f6asemia t\u00e4ysin h\u00e4ik\u00e4ilem\u00e4tt\u00f6m\u00e4sti.&#8221;<\/em><\/p>\n<p><em>&#8211; &#8221;Suomalaisten moraali ja oikeustaju eiv\u00e4t ymm\u00e4rt\u00e4neet, ett\u00e4 Neuvostoliitto voisi sotilaallisella hy\u00f6kk\u00e4yksell\u00e4 ottaa vaatimansa suoja-alueet ja tukikohdat haltuunsa \u2013 puhumattakaan koko maan miehitt\u00e4mist\u00e4 ja Suomen kansan eliminointia. Pienet Euroopan maat miehitettiin toinen toisensa j\u00e4lkeen voimalla ja kun Puolakin vallattiin muutamassa viikossa, syksyll\u00e4 1939 vallalla oli yleinen alistuminen suurten edess\u00e4.&#8221;<\/em><\/p>\n<p><em>&#8211; &#8221;Silloin mustan Euroopan pohjoiselle taivaalle syttyi kirkas t\u00e4hti, jota koko maailma seurasi henke\u00e4\u00e4n pid\u00e4tellen 105 p\u00e4iv\u00e4\u00e4. Pieni, noin 3,5 miljoonan asukkaan Suomi ryhtyi j\u00e4rk\u00e4ht\u00e4m\u00e4tt\u00e4 taistellen puolustautumaan l\u00e4hes 200-miljoonaisen Neuvostoliiton oikeudetonta hy\u00f6kk\u00e4yst\u00e4 vastaan est\u00e4en suurvallan suunnitelman toteutumisen. T\u00e4n\u00e4\u00e4n tied\u00e4mme mik\u00e4 se suunnitelma p\u00e4\u00e4piirtein oli. Koko Saksan varustautumisen ajan Neuvostoliitto valmistautui mahdolliseen sotaan sit\u00e4 vastaan ja t\u00e4h\u00e4n kuului sotilasstrategisen tilanteen parantaminen valtaamalla tukikohtia, satamia ja alueita It\u00e4meren ja mahdollisesti Pohjois-Atlannin rannikoilta. Yll\u00e4tt\u00e4v\u00e4 yhteisty\u00f6sopimus Saksan kanssa helpotti asiaa ja samalla pienet maat jaettiin suurten etupiireihin. Tukikohtien ohella suunniteltiin samalla liitt\u00e4\u00e4 uusia Neuvostovaltioita suureen kommunistiseen perheeseen. Baltian maat eiv\u00e4t vastustaneet suurta suunnitelmaa ja kun Suomi ei taipunut heti, p\u00e4\u00e4tettiin asia hoitaa aseilla ja nopeasti. Suomen valtaamisen laskettiin kest\u00e4v\u00e4n noin kaksi viikkoa. Suomen miehitt\u00e4misen lis\u00e4ksi suunnitelmiin kuului v\u00e4est\u00f6n hajauttaminen ja ainakin osittainen tuhoaminen. Neuvostoliiton alueella oli talvisotaa varten useita suomalaisille tarkoitettuja vankileirej\u00e4.<\/em><\/p>\n<p><em>&#8211; &#8221;Suomen armeijan \u00e4\u00e4rimm\u00e4isen sitke\u00e4 puolustautuminen esti Neuvostoliiton suunnitelmat ja pitkittynyt sota alkoi k\u00e4\u00e4nty\u00e4 maailmanpoliittisesti hy\u00f6kk\u00e4\u00e4j\u00e4\u00e4 vastaan ja operaatioaika loppui. Suomen menestyksellinen taistelu talvisodassamme aiheutti useita toisen maailmansodan kulkuun vaikuttaneita seurauksia. Suomi tuhosi Neuvostoliiton Puna-armeijan sotilasmaineen ja pakotti sen suuriin koulutuksellisiin, taktisiin ja aseteknologisiin uudistuksiin. Saksa p\u00e4\u00e4tti lopullisesti hy\u00f6kk\u00e4yksest\u00e4 Neuvostoliittoon, operaatio Barbarossan, koska se oletti suomalaisten taistelun perusteella vastassa olevan \u201dsavijaloilla seisova j\u00e4ttil\u00e4inen\u201d. Talvisodan opetuksista paranneltu Puna-armeija oli saksalaisille aivan muuta kuin savijalka- j\u00e4ttil\u00e4inen. Harvemmin ajatellaan, ett\u00e4 Suomi esti sodan levi\u00e4misen Skandinavian alueelle kev\u00e4\u00e4ll\u00e4 1940 kielt\u00e4ytym\u00e4ll\u00e4 Englannin ja Ranskan avusta. N\u00e4iden joukot olivat nimellisesti tulossa Suomen avuksi, mutta p\u00e4\u00e4tarkoitus oli vallata Kiirunan alue, josta Saksa sai sen asetuotannolle t\u00e4rkeit\u00e4 raaka-aineita. Jos Suomi olisi pyyt\u00e4nyt l\u00e4nsiapua virallisesti maaliskuun alussa 1940, Saksa olisi puuttunut v\u00e4litt\u00f6m\u00e4sti tilanteeseen ja maailmansodan painopiste olisi siirtynyt Pohjolaan. Saksa varmisti kev\u00e4\u00e4ll\u00e4 1940 tilanteen valtaamalla Tanskan ja Norjan. Er\u00e4s t\u00e4rke\u00e4 tekij\u00e4 oli se, ett\u00e4 Suomi osoitti taistelullaan puolustautumisen kannattavan. T\u00e4st\u00e4 esimerkist\u00e4 useat sotaan joutuneet valtiot ottivat oppia ja esimerkiksi Englanti rohkaistui jyrkk\u00e4\u00e4n puolustukseen Saksaa vastaan kes\u00e4ll\u00e4 ja syksyll\u00e4 1940.&#8221;<\/em><\/p>\n<p><em>&#8211; &#8221;Suomi j\u00e4i talvisodassa maailman my\u00f6t\u00e4tunnosta huolimatta eristettyn\u00e4 k\u00e4yt\u00e4nn\u00f6ss\u00e4 yksin ja Moskovan rauha tehtiin viime hetkell\u00e4 romahduksen kynnyksell\u00e4. T\u00e4rkein \u2013 vapaus ja itsen\u00e4isyys s\u00e4ilyiv\u00e4t, mutta suurvallan yksipuolisen sanelurauhan pienent\u00e4m\u00e4ll\u00e4 ja ahdistamalla Suomella ei ollut talvisodan j\u00e4lkeisess\u00e4 tilanteessa mit\u00e4\u00e4n mahdollisuutta pysy\u00e4 erill\u00e4\u00e4n seuraavasta sodasta \u2013 jatkosodasta. Asiasta on vuosikymmenien aikana esitetty monenlaisia \u201dajopuuteorioita\u201d, mutta totuus on se, ett\u00e4 jos Suomen armeija ei olisi ryhtynyt taistelemaan Suomen alueella, sen olisivat tehneet Saksa ja Neuvostoliitto. Suomi ei olisi siihen aikaan my\u00f6sk\u00e4\u00e4n selvinnyt eristettyn\u00e4 hengiss\u00e4 eik\u00e4 miehitt\u00e4m\u00e4tt\u00f6m\u00e4n\u00e4 ilman Saksan tukea.&#8221;<\/em><\/p>\n<p><em>&#8211; &#8221;Suomen selviytyminen jatko- ja Lapin sodista suursodan myllerryksess\u00e4 s\u00e4ilytt\u00e4en itsen\u00e4isyytens\u00e4 ja itsem\u00e4\u00e4r\u00e4\u00e4misoikeutensa oli vertaansa vailla oleva saavutus. T\u00e4m\u00e4 onnistui taitavan poliittisen ja sotilaallisen johdon ansiosta \u2013 mutta sen mahdollisti koko kansan tuella uskollisesti ja urhoollisesti taistellut Suomen armeija. Er\u00e4s sotien j\u00e4lkeinen rehellinen katsaus poliittisista ja sotilaallisista ratkaisuista kertoo t\u00e4m\u00e4n pelkistetysti: \u201dTehtyj\u00e4 ratkaisuja on jokaisessa vaiheessa ohjannut tahto s\u00e4ilytt\u00e4\u00e4 maamme vapaana ja itsen\u00e4isen\u00e4, pyrkimys johtaa se suursodan l\u00e4pi niin, ett\u00e4 se ei joutuisi miehitetyksi eik\u00e4 my\u00f6sk\u00e4\u00e4n suurvaltojen taistelutantereeksi. Suurvaltojen voimasuhteista riippuen ovat ratkaisut olleet erilaisia, mutta j\u00e4lkeenp\u00e4in katsoen emme voi v\u00e4itt\u00e4\u00e4, ett\u00e4 ne kulloisenkin tilanteen huomioon ottaen olisivat olleet v\u00e4\u00e4ri\u00e4\u201d.<\/em><\/p>\n<p><em>&#8211; &#8221;Lopullisesti Neuvostoliitto arvioi kes\u00e4ll\u00e4 1944 talvisodan tapaan suomalaisten puolustuskyvyn v\u00e4\u00e4rin \u2013 onneksi. Se keskitti suurhy\u00f6kk\u00e4ykseens\u00e4 niin valtavan voiman, ett\u00e4 sill\u00e4 varmasti piti ly\u00f6d\u00e4 Suomen armeija ja pakottaa ehdottomaan antautumiseen. Mutta suomalaiset taistelivat j\u00e4lleen k\u00e4ytt\u00e4en tehokkaasti Saksan aseavun hyv\u00e4kseen ja saavuttivat torjuntavoitot, jotka poistivat antautumisvaatimukset ja mahdollistivat aselevon sek\u00e4 v\u00e4lirauhan itsen\u00e4isen\u00e4 kansakuntana. Mutta viel\u00e4 v\u00e4lirauhan j\u00e4lkeen Suomi joutui kiirastuleen. V\u00e4lirauhan ehdoissa m\u00e4\u00e4r\u00e4ttiin, ett\u00e4 saksalaiset joukot on ajettava maasta kahdessa viikossa ja ellei se onnistu, joukot oli internoitava ja sotilasvoimin karkotettava. Suomen armeija oli t\u00e4m\u00e4n ohessa kotiutettava ja saatettava p\u00e4\u00e4osin 1.1.1939 vastaavaan vahvuuteen kahden ja puolen kuukauden aikana. Jos Suomen armeija ei pysty toteuttamaan n\u00e4it\u00e4 ehtoja, sen tekee Puna-armeija. Jokainen tiet\u00e4\u00e4, mit\u00e4 se olisi merkinnyt. Suomalainen sotilas joutui viel\u00e4 v\u00e4ist\u00e4m\u00e4tt\u00e4 sotaan \u2013 nyt vanhaa asevelje\u00e4 vastaan. Mutta senkin h\u00e4n teki samalla velvollisuudentunnolla ja p\u00e4\u00e4tt\u00e4v\u00e4isyydell\u00e4 kuten aikaisemmissa sodissa.&#8221; <\/em><\/p>\n<p><em>&#8211; &#8221;Harvemmin on ajateltu, ett\u00e4 Suomi saavutti taistellen ja valtioviisain p\u00e4\u00e4t\u00f6ksin rauhan viime hetkell\u00e4. My\u00f6hemmin samaan pyrkineill\u00e4 ei ollut edes neuvottelumahdollisuuksia ja mm. It\u00e4valta sai valtiolliset oikeutensa vasta vuonna 1955. Ankaraa tilannetta ennen aselepoa Neuvostoliiton kanssa kuvaavat hyvin presidentti-ylip\u00e4\u00e4\u00e4llikk\u00f6 Mannerheimin Hitlerille 2.9.1944 l\u00e4hett\u00e4m\u00e4n kirjeen sanat: \u201dVaikka kohtalo ei soisikaan aseillenne menestyst\u00e4, Saksa tulee kuitenkin yh\u00e4 el\u00e4m\u00e4\u00e4n. Samaa ei voida v\u00e4ltt\u00e4\u00e4 Suomen kohdalta. Jos t\u00e4m\u00e4 tuskin nelimiljoonainen kansa sotilaallisesti voitettaisiin, lienee ep\u00e4ilem\u00e4t\u00f6nt\u00e4, ett\u00e4 se karkotettaisiin maasta ja h\u00e4vitett\u00e4isiin sukupuuttoon. T\u00e4llaisen uhan alaiseksi en voi kansaani p\u00e4\u00e4st\u00e4\u00e4\u201d. <\/em><\/p>\n<p><strong>N\u00e4in Tauno Oksanen.<\/strong><\/p>\n<p><strong><strong>Emme tunne miten Hitler suhtautui Ylip\u00e4\u00e4llikk\u00f6mme 2.9.1944 h\u00e4nelle l\u00e4hett\u00e4m\u00e4\u00e4n kirjeeseen, mutta en malta olla kertomatta sit\u00e4, mit\u00e4 Stalin lausui maamme johdolle 6.4.1948 YYA-sopimuksen allekirjoitustilaisuudessa, josta luen otteen Sotilasaikakauslehdess\u00e4 11\/71 julkaistusta kenraaliluutnantti V\u00e4in\u00f6 J Oinosen kirjoittamasta kirjoituksesta. (Ote Sotilasaikakauslehti 11\/71). <\/strong><\/strong><\/p>\n<p>&#8221;Vaikka en ole varsinaisesti sotilas&#8221;, voin sanoa, ett\u00e4 meid\u00e4t sotilaat rauhanaikana helposti unohdetaan, mutta sodan aikana kaikki riippuu meist\u00e4. Sellaista maata, jolla on huono armeija, ei kunnioita kukaan, mutta sellaista maata, jolla on hyv\u00e4 armeija, kunnioittavat kaikki. Kohotan maljani Suomen armeijalle ja sen t\u00e4\u00e4ll\u00e4 oleville edustajille kenraali Heinrichille ja kenraali Oinoselle.&#8221;<\/p>\n<p><a href=\"http:\/\/www.rukajarvensuunnanhistoriayhdistys.fi\/historiayhdistys\/wp-content\/uploads\/2015\/05\/Malmivaara-Tatu-Oinonen-5-4-72-Stalin-6-4-48_Page_5.jpg\"><img loading=\"lazy\" decoding=\"async\" class=\"alignnone wp-image-9957 size-full\" src=\"http:\/\/www.rukajarvensuunnanhistoriayhdistys.fi\/historiayhdistys\/wp-content\/uploads\/2015\/05\/Malmivaara-Tatu-Oinonen-5-4-72-Stalin-6-4-48_Page_5.jpg\" alt=\"Malmivaara-Tatu-Oinonen-5-4-72-Stalin-6-4-48_Page_5\" width=\"1086\" height=\"1320\" data-id=\"9957\" srcset=\"http:\/\/www.rukajarvensuunnanhistoriayhdistys.fi\/historiayhdistys\/wp-content\/uploads\/2015\/05\/Malmivaara-Tatu-Oinonen-5-4-72-Stalin-6-4-48_Page_5.jpg 1086w, http:\/\/www.rukajarvensuunnanhistoriayhdistys.fi\/historiayhdistys\/wp-content\/uploads\/2015\/05\/Malmivaara-Tatu-Oinonen-5-4-72-Stalin-6-4-48_Page_5-247x300.jpg 247w, http:\/\/www.rukajarvensuunnanhistoriayhdistys.fi\/historiayhdistys\/wp-content\/uploads\/2015\/05\/Malmivaara-Tatu-Oinonen-5-4-72-Stalin-6-4-48_Page_5-842x1024.jpg 842w\" sizes=\"auto, (max-width: 1086px) 100vw, 1086px\" \/><\/a><\/p>\n<p><strong><em><strong>Maassamme on valitettavasti unohdettu viimesotien veteraanikokemuksen kautta saatu opetus. Me emme voi luottaa vieraaseen apuun, vaan meid\u00e4n on huolehdittava omasta uskottavasta puolustuksestamme. Suomi ei ole vaaraksi naapureilleen, mutta se ei ole niin sinisilm\u00e4inen typerys, ett\u00e4 sen maaper\u00e4\u00e4 k\u00e4ytett\u00e4isiin viekkaudella vieraisiin tarkoituksiin ei mill\u00e4\u00e4n verukkeella. <\/strong><\/em><\/strong><\/p>\n<p><strong><em><strong>Mik\u00e4li Mannerheim olisi hyv\u00e4ksynyt 1940 liittoutuneitten suoranaisen avun, Jatkosodan taisteluitten p\u00e4\u00e4n\u00e4ytt\u00e4m\u00f6 olisi siirtynyt Suomen maaper\u00e4lle, kuten Oksanen esitelm\u00e4ss\u00e4\u00e4n toteaa. <\/strong><\/em><\/strong><\/p>\n<p><strong><em><strong>Kiit\u00e4mme koko sodan k\u00e4ynytt\u00e4 sukupolvea uhrauksistanne, joka nosti ty\u00f6ll\u00e4\u00e4n, sotakorvaukset maksettuaan maamme vapaana kansakuntana ja ilman ulkopuolisten apua syv\u00e4st\u00e4 rotkosta ja sen j\u00e4lkeen ennen n\u00e4kem\u00e4tt\u00f6m\u00e4\u00e4n vaurauteen. <\/strong><\/em><\/strong><\/p>\n<p><strong><em><strong>Lopuksi toivotamme Teille \u00c4IDEILLE HYV\u00c4\u00c4 \u00c4ITIENP\u00c4IV\u00c4\u00c4, \u00c4IDEILLE, jotka kantoivat suuren vastuun kotirintamasta raskaina sotavuosina. Lausumme onnentoivotukset nuoren Timo Turusen &#8221;<a href=\"https:\/\/www.youtube.com\/watch?v=3rNr0z07eFc&amp;list=RD3rNr0z07eFc\">\u00c4IDEIST\u00c4 PARHAIN<\/a>&#8221; laulun sanoin.<\/strong><\/em><\/strong><\/p>\n<p>Lappaj\u00e4rvell\u00e4 \u00a09.05.2015<\/p>\n<p>Tenho Tikkanen<\/p>\n<p>Puheenjohtaja<\/p>\n","protected":false},"excerpt":{"rendered":"<p>Ote puheesta: Arvoisat veteraanit, Kiit\u00e4mme kutsusta saapua t\u00e4h\u00e4n perinteiseen veteraanitapaamiseen, mik\u00e4 onkin kohdallamme per\u00e4j\u00e4lkeen jo kuudes kerta. Te arvoisat veteraanit, olette kokoontuneet yhteisiin tapaamisiinne vuodesta 1973 ja t\u00e4m\u00e4 on per\u00e4ti <a class=\"more-link\" href=\"http:\/\/www.rukajarvensuunnanhistoriayhdistys.fi\/historiayhdistys\/puheenjohtajan-tervehdys-pioneerijuhlassa-lappajarvella-9-5-2015\/\">Teksti jatkuu&#8230;<span class=\"screen-reader-text\">Puheenjohtajan tervehdys Pioneerijuhlassa Lappaj\u00e4rvell\u00e4 9.5.2015<\/span><span class=\"meta-nav\">\u2192<\/span><\/a><\/p>\n","protected":false},"author":3,"featured_media":9961,"comment_status":"closed","ping_status":"open","sticky":false,"template":"","format":"standard","meta":{"footnotes":""},"categories":[22],"tags":[],"class_list":["post-9956","post","type-post","status-publish","format-standard","has-post-thumbnail","hentry","category-ajankohtaista"],"yoast_head":"<!-- This site is optimized with the Yoast SEO plugin v27.4 - https:\/\/yoast.com\/product\/yoast-seo-wordpress\/ -->\n<title>Puheenjohtajan tervehdys Pioneerijuhlassa Lappaj\u00e4rvell\u00e4 9.5.2015 - Rukaj\u00e4rven suunnan historiayhdistys<\/title>\n<meta name=\"robots\" content=\"index, follow, max-snippet:-1, max-image-preview:large, max-video-preview:-1\" \/>\n<link rel=\"canonical\" href=\"https:\/\/www.rukajarvensuunnanhistoriayhdistys.fi\/historiayhdistys\/puheenjohtajan-tervehdys-pioneerijuhlassa-lappajarvella-9-5-2015\/\" \/>\n<meta property=\"og:locale\" content=\"fi_FI\" \/>\n<meta property=\"og:type\" content=\"article\" \/>\n<meta property=\"og:title\" content=\"Puheenjohtajan tervehdys Pioneerijuhlassa Lappaj\u00e4rvell\u00e4 9.5.2015 - Rukaj\u00e4rven suunnan historiayhdistys\" \/>\n<meta property=\"og:description\" content=\"Ote puheesta: Arvoisat veteraanit, Kiit\u00e4mme kutsusta saapua t\u00e4h\u00e4n perinteiseen veteraanitapaamiseen, mik\u00e4 onkin kohdallamme per\u00e4j\u00e4lkeen jo kuudes kerta. Te arvoisat veteraanit, olette kokoontuneet yhteisiin tapaamisiinne vuodesta 1973 ja t\u00e4m\u00e4 on per\u00e4ti Teksti jatkuu...Puheenjohtajan tervehdys Pioneerijuhlassa Lappaj\u00e4rvell\u00e4 9.5.2015\u2192\" \/>\n<meta property=\"og:url\" content=\"https:\/\/www.rukajarvensuunnanhistoriayhdistys.fi\/historiayhdistys\/puheenjohtajan-tervehdys-pioneerijuhlassa-lappajarvella-9-5-2015\/\" \/>\n<meta property=\"og:site_name\" content=\"Rukaj\u00e4rven suunnan historiayhdistys\" \/>\n<meta property=\"article:published_time\" content=\"2015-05-10T09:25:16+00:00\" \/>\n<meta property=\"article:modified_time\" content=\"2015-05-10T11:07:46+00:00\" \/>\n<meta property=\"og:image\" content=\"https:\/\/www.rukajarvensuunnanhistoriayhdistys.fi\/historiayhdistys\/wp-content\/uploads\/2015\/05\/Seppelepartiot-5-9-2014-RP-1024x718.jpg\" \/>\n\t<meta property=\"og:image:width\" content=\"1024\" \/>\n\t<meta property=\"og:image:height\" content=\"718\" \/>\n\t<meta property=\"og:image:type\" content=\"image\/jpeg\" \/>\n<meta name=\"author\" content=\"RSHY\" \/>\n<meta name=\"twitter:label1\" content=\"Kirjoittanut\" \/>\n\t<meta name=\"twitter:data1\" content=\"RSHY\" \/>\n\t<meta name=\"twitter:label2\" content=\"Arvioitu lukuaika\" \/>\n\t<meta name=\"twitter:data2\" content=\"8 minuuttia\" \/>\n<script type=\"application\/ld+json\" class=\"yoast-schema-graph\">{\"@context\":\"https:\\\/\\\/schema.org\",\"@graph\":[{\"@type\":\"Article\",\"@id\":\"https:\\\/\\\/www.rukajarvensuunnanhistoriayhdistys.fi\\\/historiayhdistys\\\/puheenjohtajan-tervehdys-pioneerijuhlassa-lappajarvella-9-5-2015\\\/#article\",\"isPartOf\":{\"@id\":\"https:\\\/\\\/www.rukajarvensuunnanhistoriayhdistys.fi\\\/historiayhdistys\\\/puheenjohtajan-tervehdys-pioneerijuhlassa-lappajarvella-9-5-2015\\\/\"},\"author\":{\"name\":\"RSHY\",\"@id\":\"http:\\\/\\\/www.rukajarvensuunnanhistoriayhdistys.fi\\\/historiayhdistys\\\/#\\\/schema\\\/person\\\/19de7db68bf72dfd2b5d7f6dfbf8454d\"},\"headline\":\"Puheenjohtajan tervehdys Pioneerijuhlassa Lappaj\u00e4rvell\u00e4 9.5.2015\",\"datePublished\":\"2015-05-10T09:25:16+00:00\",\"dateModified\":\"2015-05-10T11:07:46+00:00\",\"mainEntityOfPage\":{\"@id\":\"https:\\\/\\\/www.rukajarvensuunnanhistoriayhdistys.fi\\\/historiayhdistys\\\/puheenjohtajan-tervehdys-pioneerijuhlassa-lappajarvella-9-5-2015\\\/\"},\"wordCount\":1653,\"publisher\":{\"@id\":\"http:\\\/\\\/www.rukajarvensuunnanhistoriayhdistys.fi\\\/historiayhdistys\\\/#organization\"},\"image\":{\"@id\":\"https:\\\/\\\/www.rukajarvensuunnanhistoriayhdistys.fi\\\/historiayhdistys\\\/puheenjohtajan-tervehdys-pioneerijuhlassa-lappajarvella-9-5-2015\\\/#primaryimage\"},\"thumbnailUrl\":\"http:\\\/\\\/www.rukajarvensuunnanhistoriayhdistys.fi\\\/historiayhdistys\\\/wp-content\\\/uploads\\\/2015\\\/05\\\/Seppelepartiot-5-9-2014-RP.jpg\",\"articleSection\":[\"Ajankohtaista\"],\"inLanguage\":\"fi\"},{\"@type\":\"WebPage\",\"@id\":\"https:\\\/\\\/www.rukajarvensuunnanhistoriayhdistys.fi\\\/historiayhdistys\\\/puheenjohtajan-tervehdys-pioneerijuhlassa-lappajarvella-9-5-2015\\\/\",\"url\":\"https:\\\/\\\/www.rukajarvensuunnanhistoriayhdistys.fi\\\/historiayhdistys\\\/puheenjohtajan-tervehdys-pioneerijuhlassa-lappajarvella-9-5-2015\\\/\",\"name\":\"Puheenjohtajan tervehdys Pioneerijuhlassa Lappaj\u00e4rvell\u00e4 9.5.2015 - Rukaj\u00e4rven suunnan historiayhdistys\",\"isPartOf\":{\"@id\":\"http:\\\/\\\/www.rukajarvensuunnanhistoriayhdistys.fi\\\/historiayhdistys\\\/#website\"},\"primaryImageOfPage\":{\"@id\":\"https:\\\/\\\/www.rukajarvensuunnanhistoriayhdistys.fi\\\/historiayhdistys\\\/puheenjohtajan-tervehdys-pioneerijuhlassa-lappajarvella-9-5-2015\\\/#primaryimage\"},\"image\":{\"@id\":\"https:\\\/\\\/www.rukajarvensuunnanhistoriayhdistys.fi\\\/historiayhdistys\\\/puheenjohtajan-tervehdys-pioneerijuhlassa-lappajarvella-9-5-2015\\\/#primaryimage\"},\"thumbnailUrl\":\"http:\\\/\\\/www.rukajarvensuunnanhistoriayhdistys.fi\\\/historiayhdistys\\\/wp-content\\\/uploads\\\/2015\\\/05\\\/Seppelepartiot-5-9-2014-RP.jpg\",\"datePublished\":\"2015-05-10T09:25:16+00:00\",\"dateModified\":\"2015-05-10T11:07:46+00:00\",\"breadcrumb\":{\"@id\":\"https:\\\/\\\/www.rukajarvensuunnanhistoriayhdistys.fi\\\/historiayhdistys\\\/puheenjohtajan-tervehdys-pioneerijuhlassa-lappajarvella-9-5-2015\\\/#breadcrumb\"},\"inLanguage\":\"fi\",\"potentialAction\":[{\"@type\":\"ReadAction\",\"target\":[\"https:\\\/\\\/www.rukajarvensuunnanhistoriayhdistys.fi\\\/historiayhdistys\\\/puheenjohtajan-tervehdys-pioneerijuhlassa-lappajarvella-9-5-2015\\\/\"]}]},{\"@type\":\"ImageObject\",\"inLanguage\":\"fi\",\"@id\":\"https:\\\/\\\/www.rukajarvensuunnanhistoriayhdistys.fi\\\/historiayhdistys\\\/puheenjohtajan-tervehdys-pioneerijuhlassa-lappajarvella-9-5-2015\\\/#primaryimage\",\"url\":\"http:\\\/\\\/www.rukajarvensuunnanhistoriayhdistys.fi\\\/historiayhdistys\\\/wp-content\\\/uploads\\\/2015\\\/05\\\/Seppelepartiot-5-9-2014-RP.jpg\",\"contentUrl\":\"http:\\\/\\\/www.rukajarvensuunnanhistoriayhdistys.fi\\\/historiayhdistys\\\/wp-content\\\/uploads\\\/2015\\\/05\\\/Seppelepartiot-5-9-2014-RP.jpg\",\"width\":3436,\"height\":2409,\"caption\":\"Lieksan Kirkko 5.9.2014 Kansalaisjuhla 70 vuotta Jatkosodan p\u00e4\u00e4ttymisest\u00e4. Kuva Riitta P\u00e4\u00e4llysaho.\"},{\"@type\":\"BreadcrumbList\",\"@id\":\"https:\\\/\\\/www.rukajarvensuunnanhistoriayhdistys.fi\\\/historiayhdistys\\\/puheenjohtajan-tervehdys-pioneerijuhlassa-lappajarvella-9-5-2015\\\/#breadcrumb\",\"itemListElement\":[{\"@type\":\"ListItem\",\"position\":1,\"name\":\"Etusivu\",\"item\":\"http:\\\/\\\/www.rukajarvensuunnanhistoriayhdistys.fi\\\/historiayhdistys\\\/\"},{\"@type\":\"ListItem\",\"position\":2,\"name\":\"Puheenjohtajan tervehdys Pioneerijuhlassa Lappaj\u00e4rvell\u00e4 9.5.2015\"}]},{\"@type\":\"WebSite\",\"@id\":\"http:\\\/\\\/www.rukajarvensuunnanhistoriayhdistys.fi\\\/historiayhdistys\\\/#website\",\"url\":\"http:\\\/\\\/www.rukajarvensuunnanhistoriayhdistys.fi\\\/historiayhdistys\\\/\",\"name\":\"Rukaj\u00e4rven suunnan historiayhdistys\",\"description\":\"Rukaj\u00e4rven suunnan historiayhdistyksen verkkosivut.\",\"publisher\":{\"@id\":\"http:\\\/\\\/www.rukajarvensuunnanhistoriayhdistys.fi\\\/historiayhdistys\\\/#organization\"},\"potentialAction\":[{\"@type\":\"SearchAction\",\"target\":{\"@type\":\"EntryPoint\",\"urlTemplate\":\"http:\\\/\\\/www.rukajarvensuunnanhistoriayhdistys.fi\\\/historiayhdistys\\\/?s={search_term_string}\"},\"query-input\":{\"@type\":\"PropertyValueSpecification\",\"valueRequired\":true,\"valueName\":\"search_term_string\"}}],\"inLanguage\":\"fi\"},{\"@type\":\"Organization\",\"@id\":\"http:\\\/\\\/www.rukajarvensuunnanhistoriayhdistys.fi\\\/historiayhdistys\\\/#organization\",\"name\":\"Rukaj\u00e4rven suunnan historiayhdistys\",\"url\":\"http:\\\/\\\/www.rukajarvensuunnanhistoriayhdistys.fi\\\/historiayhdistys\\\/\",\"logo\":{\"@type\":\"ImageObject\",\"inLanguage\":\"fi\",\"@id\":\"http:\\\/\\\/www.rukajarvensuunnanhistoriayhdistys.fi\\\/historiayhdistys\\\/#\\\/schema\\\/logo\\\/image\\\/\",\"url\":\"http:\\\/\\\/www.rukajarvensuunnanhistoriayhdistys.fi\\\/historiayhdistys\\\/wp-content\\\/uploads\\\/2013\\\/12\\\/Otsake_3.jpg\",\"contentUrl\":\"http:\\\/\\\/www.rukajarvensuunnanhistoriayhdistys.fi\\\/historiayhdistys\\\/wp-content\\\/uploads\\\/2013\\\/12\\\/Otsake_3.jpg\",\"width\":1000,\"height\":442,\"caption\":\"Rukaj\u00e4rven suunnan historiayhdistys\"},\"image\":{\"@id\":\"http:\\\/\\\/www.rukajarvensuunnanhistoriayhdistys.fi\\\/historiayhdistys\\\/#\\\/schema\\\/logo\\\/image\\\/\"}},{\"@type\":\"Person\",\"@id\":\"http:\\\/\\\/www.rukajarvensuunnanhistoriayhdistys.fi\\\/historiayhdistys\\\/#\\\/schema\\\/person\\\/19de7db68bf72dfd2b5d7f6dfbf8454d\",\"name\":\"RSHY\",\"image\":{\"@type\":\"ImageObject\",\"inLanguage\":\"fi\",\"@id\":\"https:\\\/\\\/secure.gravatar.com\\\/avatar\\\/598d59263a69cc8de65fcb4f9db78d6f58c098cb0e0ba22d73377441af9fa04c?s=96&d=blank&r=g\",\"url\":\"https:\\\/\\\/secure.gravatar.com\\\/avatar\\\/598d59263a69cc8de65fcb4f9db78d6f58c098cb0e0ba22d73377441af9fa04c?s=96&d=blank&r=g\",\"contentUrl\":\"https:\\\/\\\/secure.gravatar.com\\\/avatar\\\/598d59263a69cc8de65fcb4f9db78d6f58c098cb0e0ba22d73377441af9fa04c?s=96&d=blank&r=g\",\"caption\":\"RSHY\"},\"url\":\"http:\\\/\\\/www.rukajarvensuunnanhistoriayhdistys.fi\\\/historiayhdistys\\\/author\\\/rshy\\\/\"}]}<\/script>\n<!-- \/ Yoast SEO plugin. -->","yoast_head_json":{"title":"Puheenjohtajan tervehdys Pioneerijuhlassa Lappaj\u00e4rvell\u00e4 9.5.2015 - Rukaj\u00e4rven suunnan historiayhdistys","robots":{"index":"index","follow":"follow","max-snippet":"max-snippet:-1","max-image-preview":"max-image-preview:large","max-video-preview":"max-video-preview:-1"},"canonical":"https:\/\/www.rukajarvensuunnanhistoriayhdistys.fi\/historiayhdistys\/puheenjohtajan-tervehdys-pioneerijuhlassa-lappajarvella-9-5-2015\/","og_locale":"fi_FI","og_type":"article","og_title":"Puheenjohtajan tervehdys Pioneerijuhlassa Lappaj\u00e4rvell\u00e4 9.5.2015 - Rukaj\u00e4rven suunnan historiayhdistys","og_description":"Ote puheesta: Arvoisat veteraanit, Kiit\u00e4mme kutsusta saapua t\u00e4h\u00e4n perinteiseen veteraanitapaamiseen, mik\u00e4 onkin kohdallamme per\u00e4j\u00e4lkeen jo kuudes kerta. Te arvoisat veteraanit, olette kokoontuneet yhteisiin tapaamisiinne vuodesta 1973 ja t\u00e4m\u00e4 on per\u00e4ti Teksti jatkuu...Puheenjohtajan tervehdys Pioneerijuhlassa Lappaj\u00e4rvell\u00e4 9.5.2015\u2192","og_url":"https:\/\/www.rukajarvensuunnanhistoriayhdistys.fi\/historiayhdistys\/puheenjohtajan-tervehdys-pioneerijuhlassa-lappajarvella-9-5-2015\/","og_site_name":"Rukaj\u00e4rven suunnan historiayhdistys","article_published_time":"2015-05-10T09:25:16+00:00","article_modified_time":"2015-05-10T11:07:46+00:00","og_image":[{"width":1024,"height":718,"url":"https:\/\/www.rukajarvensuunnanhistoriayhdistys.fi\/historiayhdistys\/wp-content\/uploads\/2015\/05\/Seppelepartiot-5-9-2014-RP-1024x718.jpg","type":"image\/jpeg"}],"author":"RSHY","twitter_misc":{"Kirjoittanut":"RSHY","Arvioitu lukuaika":"8 minuuttia"},"schema":{"@context":"https:\/\/schema.org","@graph":[{"@type":"Article","@id":"https:\/\/www.rukajarvensuunnanhistoriayhdistys.fi\/historiayhdistys\/puheenjohtajan-tervehdys-pioneerijuhlassa-lappajarvella-9-5-2015\/#article","isPartOf":{"@id":"https:\/\/www.rukajarvensuunnanhistoriayhdistys.fi\/historiayhdistys\/puheenjohtajan-tervehdys-pioneerijuhlassa-lappajarvella-9-5-2015\/"},"author":{"name":"RSHY","@id":"http:\/\/www.rukajarvensuunnanhistoriayhdistys.fi\/historiayhdistys\/#\/schema\/person\/19de7db68bf72dfd2b5d7f6dfbf8454d"},"headline":"Puheenjohtajan tervehdys Pioneerijuhlassa Lappaj\u00e4rvell\u00e4 9.5.2015","datePublished":"2015-05-10T09:25:16+00:00","dateModified":"2015-05-10T11:07:46+00:00","mainEntityOfPage":{"@id":"https:\/\/www.rukajarvensuunnanhistoriayhdistys.fi\/historiayhdistys\/puheenjohtajan-tervehdys-pioneerijuhlassa-lappajarvella-9-5-2015\/"},"wordCount":1653,"publisher":{"@id":"http:\/\/www.rukajarvensuunnanhistoriayhdistys.fi\/historiayhdistys\/#organization"},"image":{"@id":"https:\/\/www.rukajarvensuunnanhistoriayhdistys.fi\/historiayhdistys\/puheenjohtajan-tervehdys-pioneerijuhlassa-lappajarvella-9-5-2015\/#primaryimage"},"thumbnailUrl":"http:\/\/www.rukajarvensuunnanhistoriayhdistys.fi\/historiayhdistys\/wp-content\/uploads\/2015\/05\/Seppelepartiot-5-9-2014-RP.jpg","articleSection":["Ajankohtaista"],"inLanguage":"fi"},{"@type":"WebPage","@id":"https:\/\/www.rukajarvensuunnanhistoriayhdistys.fi\/historiayhdistys\/puheenjohtajan-tervehdys-pioneerijuhlassa-lappajarvella-9-5-2015\/","url":"https:\/\/www.rukajarvensuunnanhistoriayhdistys.fi\/historiayhdistys\/puheenjohtajan-tervehdys-pioneerijuhlassa-lappajarvella-9-5-2015\/","name":"Puheenjohtajan tervehdys Pioneerijuhlassa Lappaj\u00e4rvell\u00e4 9.5.2015 - Rukaj\u00e4rven suunnan historiayhdistys","isPartOf":{"@id":"http:\/\/www.rukajarvensuunnanhistoriayhdistys.fi\/historiayhdistys\/#website"},"primaryImageOfPage":{"@id":"https:\/\/www.rukajarvensuunnanhistoriayhdistys.fi\/historiayhdistys\/puheenjohtajan-tervehdys-pioneerijuhlassa-lappajarvella-9-5-2015\/#primaryimage"},"image":{"@id":"https:\/\/www.rukajarvensuunnanhistoriayhdistys.fi\/historiayhdistys\/puheenjohtajan-tervehdys-pioneerijuhlassa-lappajarvella-9-5-2015\/#primaryimage"},"thumbnailUrl":"http:\/\/www.rukajarvensuunnanhistoriayhdistys.fi\/historiayhdistys\/wp-content\/uploads\/2015\/05\/Seppelepartiot-5-9-2014-RP.jpg","datePublished":"2015-05-10T09:25:16+00:00","dateModified":"2015-05-10T11:07:46+00:00","breadcrumb":{"@id":"https:\/\/www.rukajarvensuunnanhistoriayhdistys.fi\/historiayhdistys\/puheenjohtajan-tervehdys-pioneerijuhlassa-lappajarvella-9-5-2015\/#breadcrumb"},"inLanguage":"fi","potentialAction":[{"@type":"ReadAction","target":["https:\/\/www.rukajarvensuunnanhistoriayhdistys.fi\/historiayhdistys\/puheenjohtajan-tervehdys-pioneerijuhlassa-lappajarvella-9-5-2015\/"]}]},{"@type":"ImageObject","inLanguage":"fi","@id":"https:\/\/www.rukajarvensuunnanhistoriayhdistys.fi\/historiayhdistys\/puheenjohtajan-tervehdys-pioneerijuhlassa-lappajarvella-9-5-2015\/#primaryimage","url":"http:\/\/www.rukajarvensuunnanhistoriayhdistys.fi\/historiayhdistys\/wp-content\/uploads\/2015\/05\/Seppelepartiot-5-9-2014-RP.jpg","contentUrl":"http:\/\/www.rukajarvensuunnanhistoriayhdistys.fi\/historiayhdistys\/wp-content\/uploads\/2015\/05\/Seppelepartiot-5-9-2014-RP.jpg","width":3436,"height":2409,"caption":"Lieksan Kirkko 5.9.2014 Kansalaisjuhla 70 vuotta Jatkosodan p\u00e4\u00e4ttymisest\u00e4. Kuva Riitta P\u00e4\u00e4llysaho."},{"@type":"BreadcrumbList","@id":"https:\/\/www.rukajarvensuunnanhistoriayhdistys.fi\/historiayhdistys\/puheenjohtajan-tervehdys-pioneerijuhlassa-lappajarvella-9-5-2015\/#breadcrumb","itemListElement":[{"@type":"ListItem","position":1,"name":"Etusivu","item":"http:\/\/www.rukajarvensuunnanhistoriayhdistys.fi\/historiayhdistys\/"},{"@type":"ListItem","position":2,"name":"Puheenjohtajan tervehdys Pioneerijuhlassa Lappaj\u00e4rvell\u00e4 9.5.2015"}]},{"@type":"WebSite","@id":"http:\/\/www.rukajarvensuunnanhistoriayhdistys.fi\/historiayhdistys\/#website","url":"http:\/\/www.rukajarvensuunnanhistoriayhdistys.fi\/historiayhdistys\/","name":"Rukaj\u00e4rven suunnan historiayhdistys","description":"Rukaj\u00e4rven suunnan historiayhdistyksen verkkosivut.","publisher":{"@id":"http:\/\/www.rukajarvensuunnanhistoriayhdistys.fi\/historiayhdistys\/#organization"},"potentialAction":[{"@type":"SearchAction","target":{"@type":"EntryPoint","urlTemplate":"http:\/\/www.rukajarvensuunnanhistoriayhdistys.fi\/historiayhdistys\/?s={search_term_string}"},"query-input":{"@type":"PropertyValueSpecification","valueRequired":true,"valueName":"search_term_string"}}],"inLanguage":"fi"},{"@type":"Organization","@id":"http:\/\/www.rukajarvensuunnanhistoriayhdistys.fi\/historiayhdistys\/#organization","name":"Rukaj\u00e4rven suunnan historiayhdistys","url":"http:\/\/www.rukajarvensuunnanhistoriayhdistys.fi\/historiayhdistys\/","logo":{"@type":"ImageObject","inLanguage":"fi","@id":"http:\/\/www.rukajarvensuunnanhistoriayhdistys.fi\/historiayhdistys\/#\/schema\/logo\/image\/","url":"http:\/\/www.rukajarvensuunnanhistoriayhdistys.fi\/historiayhdistys\/wp-content\/uploads\/2013\/12\/Otsake_3.jpg","contentUrl":"http:\/\/www.rukajarvensuunnanhistoriayhdistys.fi\/historiayhdistys\/wp-content\/uploads\/2013\/12\/Otsake_3.jpg","width":1000,"height":442,"caption":"Rukaj\u00e4rven suunnan historiayhdistys"},"image":{"@id":"http:\/\/www.rukajarvensuunnanhistoriayhdistys.fi\/historiayhdistys\/#\/schema\/logo\/image\/"}},{"@type":"Person","@id":"http:\/\/www.rukajarvensuunnanhistoriayhdistys.fi\/historiayhdistys\/#\/schema\/person\/19de7db68bf72dfd2b5d7f6dfbf8454d","name":"RSHY","image":{"@type":"ImageObject","inLanguage":"fi","@id":"https:\/\/secure.gravatar.com\/avatar\/598d59263a69cc8de65fcb4f9db78d6f58c098cb0e0ba22d73377441af9fa04c?s=96&d=blank&r=g","url":"https:\/\/secure.gravatar.com\/avatar\/598d59263a69cc8de65fcb4f9db78d6f58c098cb0e0ba22d73377441af9fa04c?s=96&d=blank&r=g","contentUrl":"https:\/\/secure.gravatar.com\/avatar\/598d59263a69cc8de65fcb4f9db78d6f58c098cb0e0ba22d73377441af9fa04c?s=96&d=blank&r=g","caption":"RSHY"},"url":"http:\/\/www.rukajarvensuunnanhistoriayhdistys.fi\/historiayhdistys\/author\/rshy\/"}]}},"_links":{"self":[{"href":"http:\/\/www.rukajarvensuunnanhistoriayhdistys.fi\/historiayhdistys\/wp-json\/wp\/v2\/posts\/9956","targetHints":{"allow":["GET"]}}],"collection":[{"href":"http:\/\/www.rukajarvensuunnanhistoriayhdistys.fi\/historiayhdistys\/wp-json\/wp\/v2\/posts"}],"about":[{"href":"http:\/\/www.rukajarvensuunnanhistoriayhdistys.fi\/historiayhdistys\/wp-json\/wp\/v2\/types\/post"}],"author":[{"embeddable":true,"href":"http:\/\/www.rukajarvensuunnanhistoriayhdistys.fi\/historiayhdistys\/wp-json\/wp\/v2\/users\/3"}],"replies":[{"embeddable":true,"href":"http:\/\/www.rukajarvensuunnanhistoriayhdistys.fi\/historiayhdistys\/wp-json\/wp\/v2\/comments?post=9956"}],"version-history":[{"count":4,"href":"http:\/\/www.rukajarvensuunnanhistoriayhdistys.fi\/historiayhdistys\/wp-json\/wp\/v2\/posts\/9956\/revisions"}],"predecessor-version":[{"id":9966,"href":"http:\/\/www.rukajarvensuunnanhistoriayhdistys.fi\/historiayhdistys\/wp-json\/wp\/v2\/posts\/9956\/revisions\/9966"}],"wp:featuredmedia":[{"embeddable":true,"href":"http:\/\/www.rukajarvensuunnanhistoriayhdistys.fi\/historiayhdistys\/wp-json\/wp\/v2\/media\/9961"}],"wp:attachment":[{"href":"http:\/\/www.rukajarvensuunnanhistoriayhdistys.fi\/historiayhdistys\/wp-json\/wp\/v2\/media?parent=9956"}],"wp:term":[{"taxonomy":"category","embeddable":true,"href":"http:\/\/www.rukajarvensuunnanhistoriayhdistys.fi\/historiayhdistys\/wp-json\/wp\/v2\/categories?post=9956"},{"taxonomy":"post_tag","embeddable":true,"href":"http:\/\/www.rukajarvensuunnanhistoriayhdistys.fi\/historiayhdistys\/wp-json\/wp\/v2\/tags?post=9956"}],"curies":[{"name":"wp","href":"https:\/\/api.w.org\/{rel}","templated":true}]}}