{"id":9981,"date":"2015-05-21T23:09:02","date_gmt":"2015-05-21T20:09:02","guid":{"rendered":"http:\/\/www.rukajarvensuunnanhistoriayhdistys.fi\/historiayhdistys\/?p=9981"},"modified":"2015-05-21T23:09:02","modified_gmt":"2015-05-21T20:09:02","slug":"sade-riesana-jukolan-motissa","status":"publish","type":"post","link":"http:\/\/www.rukajarvensuunnanhistoriayhdistys.fi\/historiayhdistys\/sade-riesana-jukolan-motissa\/","title":{"rendered":"Sade riesana Jukolan motissa"},"content":{"rendered":"<div class=\"fcbkbttn_buttons_block\" id=\"fcbkbttn_left\"><div class=\"fcbkbttn_like \"><fb:like href=\"http:\/\/www.rukajarvensuunnanhistoriayhdistys.fi\/historiayhdistys\/sade-riesana-jukolan-motissa\/\" action=\"like\" colorscheme=\"light\" layout=\"button_count\"  size=\"small\"><\/fb:like><\/div><\/div><p>Sade keskeytti Jukolan motin puuvajan rakentamisen. Silti Raimo ja Tuomo uutteroivat \u00a0puuvajan harjaan. Huomenissa ty\u00f6 jatkuu palakatteen asentamisella ja sitten rakennus viel\u00e4 maalataan.<\/p>\n<figure id=\"attachment_9982\" aria-describedby=\"caption-attachment-9982\" style=\"width: 4592px\" class=\"wp-caption alignnone\"><a href=\"http:\/\/www.rukajarvensuunnanhistoriayhdistys.fi\/historiayhdistys\/wp-content\/uploads\/2015\/05\/DSC00747-Lieksa-kotih.jpg\"><img loading=\"lazy\" decoding=\"async\" class=\"wp-image-9982 size-full\" src=\"http:\/\/www.rukajarvensuunnanhistoriayhdistys.fi\/historiayhdistys\/wp-content\/uploads\/2015\/05\/DSC00747-Lieksa-kotih.jpg\" alt=\"Lieksan kotihoidon henkil\u00f6kunta vieraili t\u00e4n\u00e4\u00e4n Jukolan motissa.\" width=\"4592\" height=\"3056\" data-id=\"9982\" srcset=\"http:\/\/www.rukajarvensuunnanhistoriayhdistys.fi\/historiayhdistys\/wp-content\/uploads\/2015\/05\/DSC00747-Lieksa-kotih.jpg 4592w, http:\/\/www.rukajarvensuunnanhistoriayhdistys.fi\/historiayhdistys\/wp-content\/uploads\/2015\/05\/DSC00747-Lieksa-kotih-300x200.jpg 300w, http:\/\/www.rukajarvensuunnanhistoriayhdistys.fi\/historiayhdistys\/wp-content\/uploads\/2015\/05\/DSC00747-Lieksa-kotih-1024x681.jpg 1024w\" sizes=\"auto, (max-width: 4592px) 100vw, 4592px\" \/><\/a><figcaption id=\"caption-attachment-9982\" class=\"wp-caption-text\">Lieksan kotihoidon henkil\u00f6kunta vieraili t\u00e4n\u00e4\u00e4n Jukolan motissa.<\/figcaption><\/figure>\n<figure id=\"attachment_9985\" aria-describedby=\"caption-attachment-9985\" style=\"width: 4592px\" class=\"wp-caption alignnone\"><a href=\"http:\/\/www.rukajarvensuunnanhistoriayhdistys.fi\/historiayhdistys\/wp-content\/uploads\/2015\/05\/DSC00758-RS-TM.jpg\"><img loading=\"lazy\" decoding=\"async\" class=\"wp-image-9985 size-full\" src=\"http:\/\/www.rukajarvensuunnanhistoriayhdistys.fi\/historiayhdistys\/wp-content\/uploads\/2015\/05\/DSC00758-RS-TM.jpg\" alt=\"Raimo Saviranta ja Tuomo Martikainen saivat kuin saivatkin aluslaudoituksen tehty\u00e4, vaikka sade haittasi heid\u00e4n ty\u00f6t\u00e4\u00e4n.\" width=\"4592\" height=\"3056\" data-id=\"9985\" srcset=\"http:\/\/www.rukajarvensuunnanhistoriayhdistys.fi\/historiayhdistys\/wp-content\/uploads\/2015\/05\/DSC00758-RS-TM.jpg 4592w, http:\/\/www.rukajarvensuunnanhistoriayhdistys.fi\/historiayhdistys\/wp-content\/uploads\/2015\/05\/DSC00758-RS-TM-300x200.jpg 300w, http:\/\/www.rukajarvensuunnanhistoriayhdistys.fi\/historiayhdistys\/wp-content\/uploads\/2015\/05\/DSC00758-RS-TM-1024x681.jpg 1024w\" sizes=\"auto, (max-width: 4592px) 100vw, 4592px\" \/><\/a><figcaption id=\"caption-attachment-9985\" class=\"wp-caption-text\">Raimo Saviranta ja Tuomo Martikainen saivat kuin saivatkin aluslaudoituksen tehty\u00e4, vaikka sade haittasi heid\u00e4n ty\u00f6t\u00e4\u00e4n.<\/figcaption><\/figure>\n<p>Jukolan motissa vierailivat t\u00e4n\u00e4\u00e4n Lieksan kotihoidon 40-p\u00e4inen henkil\u00f6kunta virkistysp\u00e4iv\u00e4n merkeiss\u00e4.<\/p>\n<figure id=\"attachment_9983\" aria-describedby=\"caption-attachment-9983\" style=\"width: 4592px\" class=\"wp-caption alignnone\"><a href=\"http:\/\/www.rukajarvensuunnanhistoriayhdistys.fi\/historiayhdistys\/wp-content\/uploads\/2015\/05\/DSC00748-Lieksa-kotihoito.jpg\"><img loading=\"lazy\" decoding=\"async\" class=\"wp-image-9983 size-full\" src=\"http:\/\/www.rukajarvensuunnanhistoriayhdistys.fi\/historiayhdistys\/wp-content\/uploads\/2015\/05\/DSC00748-Lieksa-kotihoito.jpg\" alt=\"Kyl\u00e4yhdistyksen pj. Heikki Turunen esitteli Jukolan motin Lieksan kaupungin kotihoidon henkil\u00f6kunnalle.\" width=\"4592\" height=\"3056\" data-id=\"9983\" srcset=\"http:\/\/www.rukajarvensuunnanhistoriayhdistys.fi\/historiayhdistys\/wp-content\/uploads\/2015\/05\/DSC00748-Lieksa-kotihoito.jpg 4592w, http:\/\/www.rukajarvensuunnanhistoriayhdistys.fi\/historiayhdistys\/wp-content\/uploads\/2015\/05\/DSC00748-Lieksa-kotihoito-300x200.jpg 300w, http:\/\/www.rukajarvensuunnanhistoriayhdistys.fi\/historiayhdistys\/wp-content\/uploads\/2015\/05\/DSC00748-Lieksa-kotihoito-1024x681.jpg 1024w\" sizes=\"auto, (max-width: 4592px) 100vw, 4592px\" \/><\/a><figcaption id=\"caption-attachment-9983\" class=\"wp-caption-text\">Kyl\u00e4yhdistyksen pj. Heikki Turunen esitteli Jukolan motin Lieksan kaupungin kotihoidon henkil\u00f6kunnalle.<\/figcaption><\/figure>\n<p>Kyl\u00e4yhdistyksen puheenjohtaja Heikki Turunen esitteli Jukolan motti -pirtin rakennusprojektia.<\/p>\n<p>&nbsp;<\/p>\n","protected":false},"excerpt":{"rendered":"<p>Sade keskeytti Jukolan motin puuvajan rakentamisen. Silti Raimo ja Tuomo uutteroivat \u00a0puuvajan harjaan. Huomenissa ty\u00f6 jatkuu palakatteen asentamisella ja sitten rakennus viel\u00e4 maalataan. Jukolan motissa vierailivat t\u00e4n\u00e4\u00e4n Lieksan kotihoidon 40-p\u00e4inen <a class=\"more-link\" href=\"http:\/\/www.rukajarvensuunnanhistoriayhdistys.fi\/historiayhdistys\/sade-riesana-jukolan-motissa\/\">Teksti jatkuu&#8230;<span class=\"screen-reader-text\">Sade riesana Jukolan motissa<\/span><span class=\"meta-nav\">\u2192<\/span><\/a><\/p>\n","protected":false},"author":3,"featured_media":9985,"comment_status":"closed","ping_status":"open","sticky":false,"template":"","format":"standard","meta":{"footnotes":""},"categories":[22],"tags":[],"class_list":["post-9981","post","type-post","status-publish","format-standard","has-post-thumbnail","hentry","category-ajankohtaista"],"yoast_head":"<!-- This site is optimized with the Yoast SEO plugin v27.4 - https:\/\/yoast.com\/product\/yoast-seo-wordpress\/ -->\n<title>Sade riesana Jukolan motissa - Rukaj\u00e4rven suunnan historiayhdistys<\/title>\n<meta name=\"robots\" content=\"index, follow, max-snippet:-1, max-image-preview:large, max-video-preview:-1\" \/>\n<link rel=\"canonical\" href=\"http:\/\/www.rukajarvensuunnanhistoriayhdistys.fi\/historiayhdistys\/sade-riesana-jukolan-motissa\/\" \/>\n<meta property=\"og:locale\" content=\"fi_FI\" \/>\n<meta property=\"og:type\" content=\"article\" \/>\n<meta property=\"og:title\" content=\"Sade riesana Jukolan motissa - Rukaj\u00e4rven suunnan historiayhdistys\" \/>\n<meta property=\"og:description\" content=\"Sade keskeytti Jukolan motin puuvajan rakentamisen. Silti Raimo ja Tuomo uutteroivat \u00a0puuvajan harjaan. Huomenissa ty\u00f6 jatkuu palakatteen asentamisella ja sitten rakennus viel\u00e4 maalataan. Jukolan motissa vierailivat t\u00e4n\u00e4\u00e4n Lieksan kotihoidon 40-p\u00e4inen Teksti jatkuu...Sade riesana Jukolan motissa\u2192\" \/>\n<meta property=\"og:url\" content=\"http:\/\/www.rukajarvensuunnanhistoriayhdistys.fi\/historiayhdistys\/sade-riesana-jukolan-motissa\/\" \/>\n<meta property=\"og:site_name\" content=\"Rukaj\u00e4rven suunnan historiayhdistys\" \/>\n<meta property=\"article:published_time\" content=\"2015-05-21T20:09:02+00:00\" \/>\n<meta property=\"og:image\" content=\"http:\/\/www.rukajarvensuunnanhistoriayhdistys.fi\/historiayhdistys\/wp-content\/uploads\/2015\/05\/DSC00758-RS-TM-1024x681.jpg\" \/>\n\t<meta property=\"og:image:width\" content=\"1024\" \/>\n\t<meta property=\"og:image:height\" content=\"681\" \/>\n\t<meta property=\"og:image:type\" content=\"image\/jpeg\" \/>\n<meta name=\"author\" content=\"RSHY\" \/>\n<meta name=\"twitter:label1\" content=\"Kirjoittanut\" \/>\n\t<meta name=\"twitter:data1\" content=\"RSHY\" \/>\n\t<meta name=\"twitter:label2\" content=\"Arvioitu lukuaika\" \/>\n\t<meta name=\"twitter:data2\" content=\"1 minuutti\" \/>\n<script type=\"application\/ld+json\" class=\"yoast-schema-graph\">{\"@context\":\"https:\\\/\\\/schema.org\",\"@graph\":[{\"@type\":\"Article\",\"@id\":\"http:\\\/\\\/www.rukajarvensuunnanhistoriayhdistys.fi\\\/historiayhdistys\\\/sade-riesana-jukolan-motissa\\\/#article\",\"isPartOf\":{\"@id\":\"http:\\\/\\\/www.rukajarvensuunnanhistoriayhdistys.fi\\\/historiayhdistys\\\/sade-riesana-jukolan-motissa\\\/\"},\"author\":{\"name\":\"RSHY\",\"@id\":\"http:\\\/\\\/www.rukajarvensuunnanhistoriayhdistys.fi\\\/historiayhdistys\\\/#\\\/schema\\\/person\\\/19de7db68bf72dfd2b5d7f6dfbf8454d\"},\"headline\":\"Sade riesana Jukolan motissa\",\"datePublished\":\"2015-05-21T20:09:02+00:00\",\"mainEntityOfPage\":{\"@id\":\"http:\\\/\\\/www.rukajarvensuunnanhistoriayhdistys.fi\\\/historiayhdistys\\\/sade-riesana-jukolan-motissa\\\/\"},\"wordCount\":116,\"publisher\":{\"@id\":\"http:\\\/\\\/www.rukajarvensuunnanhistoriayhdistys.fi\\\/historiayhdistys\\\/#organization\"},\"image\":{\"@id\":\"http:\\\/\\\/www.rukajarvensuunnanhistoriayhdistys.fi\\\/historiayhdistys\\\/sade-riesana-jukolan-motissa\\\/#primaryimage\"},\"thumbnailUrl\":\"http:\\\/\\\/www.rukajarvensuunnanhistoriayhdistys.fi\\\/historiayhdistys\\\/wp-content\\\/uploads\\\/2015\\\/05\\\/DSC00758-RS-TM.jpg\",\"articleSection\":[\"Ajankohtaista\"],\"inLanguage\":\"fi\"},{\"@type\":\"WebPage\",\"@id\":\"http:\\\/\\\/www.rukajarvensuunnanhistoriayhdistys.fi\\\/historiayhdistys\\\/sade-riesana-jukolan-motissa\\\/\",\"url\":\"http:\\\/\\\/www.rukajarvensuunnanhistoriayhdistys.fi\\\/historiayhdistys\\\/sade-riesana-jukolan-motissa\\\/\",\"name\":\"Sade riesana Jukolan motissa - Rukaj\u00e4rven suunnan historiayhdistys\",\"isPartOf\":{\"@id\":\"http:\\\/\\\/www.rukajarvensuunnanhistoriayhdistys.fi\\\/historiayhdistys\\\/#website\"},\"primaryImageOfPage\":{\"@id\":\"http:\\\/\\\/www.rukajarvensuunnanhistoriayhdistys.fi\\\/historiayhdistys\\\/sade-riesana-jukolan-motissa\\\/#primaryimage\"},\"image\":{\"@id\":\"http:\\\/\\\/www.rukajarvensuunnanhistoriayhdistys.fi\\\/historiayhdistys\\\/sade-riesana-jukolan-motissa\\\/#primaryimage\"},\"thumbnailUrl\":\"http:\\\/\\\/www.rukajarvensuunnanhistoriayhdistys.fi\\\/historiayhdistys\\\/wp-content\\\/uploads\\\/2015\\\/05\\\/DSC00758-RS-TM.jpg\",\"datePublished\":\"2015-05-21T20:09:02+00:00\",\"breadcrumb\":{\"@id\":\"http:\\\/\\\/www.rukajarvensuunnanhistoriayhdistys.fi\\\/historiayhdistys\\\/sade-riesana-jukolan-motissa\\\/#breadcrumb\"},\"inLanguage\":\"fi\",\"potentialAction\":[{\"@type\":\"ReadAction\",\"target\":[\"http:\\\/\\\/www.rukajarvensuunnanhistoriayhdistys.fi\\\/historiayhdistys\\\/sade-riesana-jukolan-motissa\\\/\"]}]},{\"@type\":\"ImageObject\",\"inLanguage\":\"fi\",\"@id\":\"http:\\\/\\\/www.rukajarvensuunnanhistoriayhdistys.fi\\\/historiayhdistys\\\/sade-riesana-jukolan-motissa\\\/#primaryimage\",\"url\":\"http:\\\/\\\/www.rukajarvensuunnanhistoriayhdistys.fi\\\/historiayhdistys\\\/wp-content\\\/uploads\\\/2015\\\/05\\\/DSC00758-RS-TM.jpg\",\"contentUrl\":\"http:\\\/\\\/www.rukajarvensuunnanhistoriayhdistys.fi\\\/historiayhdistys\\\/wp-content\\\/uploads\\\/2015\\\/05\\\/DSC00758-RS-TM.jpg\",\"width\":4592,\"height\":3056,\"caption\":\"SONY DSC\"},{\"@type\":\"BreadcrumbList\",\"@id\":\"http:\\\/\\\/www.rukajarvensuunnanhistoriayhdistys.fi\\\/historiayhdistys\\\/sade-riesana-jukolan-motissa\\\/#breadcrumb\",\"itemListElement\":[{\"@type\":\"ListItem\",\"position\":1,\"name\":\"Etusivu\",\"item\":\"http:\\\/\\\/www.rukajarvensuunnanhistoriayhdistys.fi\\\/historiayhdistys\\\/\"},{\"@type\":\"ListItem\",\"position\":2,\"name\":\"Sade riesana Jukolan motissa\"}]},{\"@type\":\"WebSite\",\"@id\":\"http:\\\/\\\/www.rukajarvensuunnanhistoriayhdistys.fi\\\/historiayhdistys\\\/#website\",\"url\":\"http:\\\/\\\/www.rukajarvensuunnanhistoriayhdistys.fi\\\/historiayhdistys\\\/\",\"name\":\"Rukaj\u00e4rven suunnan historiayhdistys\",\"description\":\"Rukaj\u00e4rven suunnan historiayhdistyksen verkkosivut.\",\"publisher\":{\"@id\":\"http:\\\/\\\/www.rukajarvensuunnanhistoriayhdistys.fi\\\/historiayhdistys\\\/#organization\"},\"potentialAction\":[{\"@type\":\"SearchAction\",\"target\":{\"@type\":\"EntryPoint\",\"urlTemplate\":\"http:\\\/\\\/www.rukajarvensuunnanhistoriayhdistys.fi\\\/historiayhdistys\\\/?s={search_term_string}\"},\"query-input\":{\"@type\":\"PropertyValueSpecification\",\"valueRequired\":true,\"valueName\":\"search_term_string\"}}],\"inLanguage\":\"fi\"},{\"@type\":\"Organization\",\"@id\":\"http:\\\/\\\/www.rukajarvensuunnanhistoriayhdistys.fi\\\/historiayhdistys\\\/#organization\",\"name\":\"Rukaj\u00e4rven suunnan historiayhdistys\",\"url\":\"http:\\\/\\\/www.rukajarvensuunnanhistoriayhdistys.fi\\\/historiayhdistys\\\/\",\"logo\":{\"@type\":\"ImageObject\",\"inLanguage\":\"fi\",\"@id\":\"http:\\\/\\\/www.rukajarvensuunnanhistoriayhdistys.fi\\\/historiayhdistys\\\/#\\\/schema\\\/logo\\\/image\\\/\",\"url\":\"http:\\\/\\\/www.rukajarvensuunnanhistoriayhdistys.fi\\\/historiayhdistys\\\/wp-content\\\/uploads\\\/2013\\\/12\\\/Otsake_3.jpg\",\"contentUrl\":\"http:\\\/\\\/www.rukajarvensuunnanhistoriayhdistys.fi\\\/historiayhdistys\\\/wp-content\\\/uploads\\\/2013\\\/12\\\/Otsake_3.jpg\",\"width\":1000,\"height\":442,\"caption\":\"Rukaj\u00e4rven suunnan historiayhdistys\"},\"image\":{\"@id\":\"http:\\\/\\\/www.rukajarvensuunnanhistoriayhdistys.fi\\\/historiayhdistys\\\/#\\\/schema\\\/logo\\\/image\\\/\"}},{\"@type\":\"Person\",\"@id\":\"http:\\\/\\\/www.rukajarvensuunnanhistoriayhdistys.fi\\\/historiayhdistys\\\/#\\\/schema\\\/person\\\/19de7db68bf72dfd2b5d7f6dfbf8454d\",\"name\":\"RSHY\",\"image\":{\"@type\":\"ImageObject\",\"inLanguage\":\"fi\",\"@id\":\"https:\\\/\\\/secure.gravatar.com\\\/avatar\\\/598d59263a69cc8de65fcb4f9db78d6f58c098cb0e0ba22d73377441af9fa04c?s=96&d=blank&r=g\",\"url\":\"https:\\\/\\\/secure.gravatar.com\\\/avatar\\\/598d59263a69cc8de65fcb4f9db78d6f58c098cb0e0ba22d73377441af9fa04c?s=96&d=blank&r=g\",\"contentUrl\":\"https:\\\/\\\/secure.gravatar.com\\\/avatar\\\/598d59263a69cc8de65fcb4f9db78d6f58c098cb0e0ba22d73377441af9fa04c?s=96&d=blank&r=g\",\"caption\":\"RSHY\"},\"url\":\"http:\\\/\\\/www.rukajarvensuunnanhistoriayhdistys.fi\\\/historiayhdistys\\\/author\\\/rshy\\\/\"}]}<\/script>\n<!-- \/ Yoast SEO plugin. -->","yoast_head_json":{"title":"Sade riesana Jukolan motissa - Rukaj\u00e4rven suunnan historiayhdistys","robots":{"index":"index","follow":"follow","max-snippet":"max-snippet:-1","max-image-preview":"max-image-preview:large","max-video-preview":"max-video-preview:-1"},"canonical":"http:\/\/www.rukajarvensuunnanhistoriayhdistys.fi\/historiayhdistys\/sade-riesana-jukolan-motissa\/","og_locale":"fi_FI","og_type":"article","og_title":"Sade riesana Jukolan motissa - Rukaj\u00e4rven suunnan historiayhdistys","og_description":"Sade keskeytti Jukolan motin puuvajan rakentamisen. Silti Raimo ja Tuomo uutteroivat \u00a0puuvajan harjaan. Huomenissa ty\u00f6 jatkuu palakatteen asentamisella ja sitten rakennus viel\u00e4 maalataan. Jukolan motissa vierailivat t\u00e4n\u00e4\u00e4n Lieksan kotihoidon 40-p\u00e4inen Teksti jatkuu...Sade riesana Jukolan motissa\u2192","og_url":"http:\/\/www.rukajarvensuunnanhistoriayhdistys.fi\/historiayhdistys\/sade-riesana-jukolan-motissa\/","og_site_name":"Rukaj\u00e4rven suunnan historiayhdistys","article_published_time":"2015-05-21T20:09:02+00:00","og_image":[{"width":1024,"height":681,"url":"http:\/\/www.rukajarvensuunnanhistoriayhdistys.fi\/historiayhdistys\/wp-content\/uploads\/2015\/05\/DSC00758-RS-TM-1024x681.jpg","type":"image\/jpeg"}],"author":"RSHY","twitter_misc":{"Kirjoittanut":"RSHY","Arvioitu lukuaika":"1 minuutti"},"schema":{"@context":"https:\/\/schema.org","@graph":[{"@type":"Article","@id":"http:\/\/www.rukajarvensuunnanhistoriayhdistys.fi\/historiayhdistys\/sade-riesana-jukolan-motissa\/#article","isPartOf":{"@id":"http:\/\/www.rukajarvensuunnanhistoriayhdistys.fi\/historiayhdistys\/sade-riesana-jukolan-motissa\/"},"author":{"name":"RSHY","@id":"http:\/\/www.rukajarvensuunnanhistoriayhdistys.fi\/historiayhdistys\/#\/schema\/person\/19de7db68bf72dfd2b5d7f6dfbf8454d"},"headline":"Sade riesana Jukolan motissa","datePublished":"2015-05-21T20:09:02+00:00","mainEntityOfPage":{"@id":"http:\/\/www.rukajarvensuunnanhistoriayhdistys.fi\/historiayhdistys\/sade-riesana-jukolan-motissa\/"},"wordCount":116,"publisher":{"@id":"http:\/\/www.rukajarvensuunnanhistoriayhdistys.fi\/historiayhdistys\/#organization"},"image":{"@id":"http:\/\/www.rukajarvensuunnanhistoriayhdistys.fi\/historiayhdistys\/sade-riesana-jukolan-motissa\/#primaryimage"},"thumbnailUrl":"http:\/\/www.rukajarvensuunnanhistoriayhdistys.fi\/historiayhdistys\/wp-content\/uploads\/2015\/05\/DSC00758-RS-TM.jpg","articleSection":["Ajankohtaista"],"inLanguage":"fi"},{"@type":"WebPage","@id":"http:\/\/www.rukajarvensuunnanhistoriayhdistys.fi\/historiayhdistys\/sade-riesana-jukolan-motissa\/","url":"http:\/\/www.rukajarvensuunnanhistoriayhdistys.fi\/historiayhdistys\/sade-riesana-jukolan-motissa\/","name":"Sade riesana Jukolan motissa - Rukaj\u00e4rven suunnan historiayhdistys","isPartOf":{"@id":"http:\/\/www.rukajarvensuunnanhistoriayhdistys.fi\/historiayhdistys\/#website"},"primaryImageOfPage":{"@id":"http:\/\/www.rukajarvensuunnanhistoriayhdistys.fi\/historiayhdistys\/sade-riesana-jukolan-motissa\/#primaryimage"},"image":{"@id":"http:\/\/www.rukajarvensuunnanhistoriayhdistys.fi\/historiayhdistys\/sade-riesana-jukolan-motissa\/#primaryimage"},"thumbnailUrl":"http:\/\/www.rukajarvensuunnanhistoriayhdistys.fi\/historiayhdistys\/wp-content\/uploads\/2015\/05\/DSC00758-RS-TM.jpg","datePublished":"2015-05-21T20:09:02+00:00","breadcrumb":{"@id":"http:\/\/www.rukajarvensuunnanhistoriayhdistys.fi\/historiayhdistys\/sade-riesana-jukolan-motissa\/#breadcrumb"},"inLanguage":"fi","potentialAction":[{"@type":"ReadAction","target":["http:\/\/www.rukajarvensuunnanhistoriayhdistys.fi\/historiayhdistys\/sade-riesana-jukolan-motissa\/"]}]},{"@type":"ImageObject","inLanguage":"fi","@id":"http:\/\/www.rukajarvensuunnanhistoriayhdistys.fi\/historiayhdistys\/sade-riesana-jukolan-motissa\/#primaryimage","url":"http:\/\/www.rukajarvensuunnanhistoriayhdistys.fi\/historiayhdistys\/wp-content\/uploads\/2015\/05\/DSC00758-RS-TM.jpg","contentUrl":"http:\/\/www.rukajarvensuunnanhistoriayhdistys.fi\/historiayhdistys\/wp-content\/uploads\/2015\/05\/DSC00758-RS-TM.jpg","width":4592,"height":3056,"caption":"SONY DSC"},{"@type":"BreadcrumbList","@id":"http:\/\/www.rukajarvensuunnanhistoriayhdistys.fi\/historiayhdistys\/sade-riesana-jukolan-motissa\/#breadcrumb","itemListElement":[{"@type":"ListItem","position":1,"name":"Etusivu","item":"http:\/\/www.rukajarvensuunnanhistoriayhdistys.fi\/historiayhdistys\/"},{"@type":"ListItem","position":2,"name":"Sade riesana Jukolan motissa"}]},{"@type":"WebSite","@id":"http:\/\/www.rukajarvensuunnanhistoriayhdistys.fi\/historiayhdistys\/#website","url":"http:\/\/www.rukajarvensuunnanhistoriayhdistys.fi\/historiayhdistys\/","name":"Rukaj\u00e4rven suunnan historiayhdistys","description":"Rukaj\u00e4rven suunnan historiayhdistyksen verkkosivut.","publisher":{"@id":"http:\/\/www.rukajarvensuunnanhistoriayhdistys.fi\/historiayhdistys\/#organization"},"potentialAction":[{"@type":"SearchAction","target":{"@type":"EntryPoint","urlTemplate":"http:\/\/www.rukajarvensuunnanhistoriayhdistys.fi\/historiayhdistys\/?s={search_term_string}"},"query-input":{"@type":"PropertyValueSpecification","valueRequired":true,"valueName":"search_term_string"}}],"inLanguage":"fi"},{"@type":"Organization","@id":"http:\/\/www.rukajarvensuunnanhistoriayhdistys.fi\/historiayhdistys\/#organization","name":"Rukaj\u00e4rven suunnan historiayhdistys","url":"http:\/\/www.rukajarvensuunnanhistoriayhdistys.fi\/historiayhdistys\/","logo":{"@type":"ImageObject","inLanguage":"fi","@id":"http:\/\/www.rukajarvensuunnanhistoriayhdistys.fi\/historiayhdistys\/#\/schema\/logo\/image\/","url":"http:\/\/www.rukajarvensuunnanhistoriayhdistys.fi\/historiayhdistys\/wp-content\/uploads\/2013\/12\/Otsake_3.jpg","contentUrl":"http:\/\/www.rukajarvensuunnanhistoriayhdistys.fi\/historiayhdistys\/wp-content\/uploads\/2013\/12\/Otsake_3.jpg","width":1000,"height":442,"caption":"Rukaj\u00e4rven suunnan historiayhdistys"},"image":{"@id":"http:\/\/www.rukajarvensuunnanhistoriayhdistys.fi\/historiayhdistys\/#\/schema\/logo\/image\/"}},{"@type":"Person","@id":"http:\/\/www.rukajarvensuunnanhistoriayhdistys.fi\/historiayhdistys\/#\/schema\/person\/19de7db68bf72dfd2b5d7f6dfbf8454d","name":"RSHY","image":{"@type":"ImageObject","inLanguage":"fi","@id":"https:\/\/secure.gravatar.com\/avatar\/598d59263a69cc8de65fcb4f9db78d6f58c098cb0e0ba22d73377441af9fa04c?s=96&d=blank&r=g","url":"https:\/\/secure.gravatar.com\/avatar\/598d59263a69cc8de65fcb4f9db78d6f58c098cb0e0ba22d73377441af9fa04c?s=96&d=blank&r=g","contentUrl":"https:\/\/secure.gravatar.com\/avatar\/598d59263a69cc8de65fcb4f9db78d6f58c098cb0e0ba22d73377441af9fa04c?s=96&d=blank&r=g","caption":"RSHY"},"url":"http:\/\/www.rukajarvensuunnanhistoriayhdistys.fi\/historiayhdistys\/author\/rshy\/"}]}},"_links":{"self":[{"href":"http:\/\/www.rukajarvensuunnanhistoriayhdistys.fi\/historiayhdistys\/wp-json\/wp\/v2\/posts\/9981","targetHints":{"allow":["GET"]}}],"collection":[{"href":"http:\/\/www.rukajarvensuunnanhistoriayhdistys.fi\/historiayhdistys\/wp-json\/wp\/v2\/posts"}],"about":[{"href":"http:\/\/www.rukajarvensuunnanhistoriayhdistys.fi\/historiayhdistys\/wp-json\/wp\/v2\/types\/post"}],"author":[{"embeddable":true,"href":"http:\/\/www.rukajarvensuunnanhistoriayhdistys.fi\/historiayhdistys\/wp-json\/wp\/v2\/users\/3"}],"replies":[{"embeddable":true,"href":"http:\/\/www.rukajarvensuunnanhistoriayhdistys.fi\/historiayhdistys\/wp-json\/wp\/v2\/comments?post=9981"}],"version-history":[{"count":1,"href":"http:\/\/www.rukajarvensuunnanhistoriayhdistys.fi\/historiayhdistys\/wp-json\/wp\/v2\/posts\/9981\/revisions"}],"predecessor-version":[{"id":9986,"href":"http:\/\/www.rukajarvensuunnanhistoriayhdistys.fi\/historiayhdistys\/wp-json\/wp\/v2\/posts\/9981\/revisions\/9986"}],"wp:featuredmedia":[{"embeddable":true,"href":"http:\/\/www.rukajarvensuunnanhistoriayhdistys.fi\/historiayhdistys\/wp-json\/wp\/v2\/media\/9985"}],"wp:attachment":[{"href":"http:\/\/www.rukajarvensuunnanhistoriayhdistys.fi\/historiayhdistys\/wp-json\/wp\/v2\/media?parent=9981"}],"wp:term":[{"taxonomy":"category","embeddable":true,"href":"http:\/\/www.rukajarvensuunnanhistoriayhdistys.fi\/historiayhdistys\/wp-json\/wp\/v2\/categories?post=9981"},{"taxonomy":"post_tag","embeddable":true,"href":"http:\/\/www.rukajarvensuunnanhistoriayhdistys.fi\/historiayhdistys\/wp-json\/wp\/v2\/tags?post=9981"}],"curies":[{"name":"wp","href":"https:\/\/api.w.org\/{rel}","templated":true}]}}