{"id":9987,"date":"2015-05-22T23:01:59","date_gmt":"2015-05-22T20:01:59","guid":{"rendered":"http:\/\/www.rukajarvensuunnanhistoriayhdistys.fi\/historiayhdistys\/?p=9987"},"modified":"2015-05-23T18:29:44","modified_gmt":"2015-05-23T15:29:44","slug":"%ef%bb%bf","status":"publish","type":"post","link":"http:\/\/www.rukajarvensuunnanhistoriayhdistys.fi\/historiayhdistys\/%ef%bb%bf\/","title":{"rendered":"Jukolan motissa touhukas perjantai\ufeff"},"content":{"rendered":"<div class=\"fcbkbttn_buttons_block\" id=\"fcbkbttn_left\"><div class=\"fcbkbttn_like \"><fb:like href=\"http:\/\/www.rukajarvensuunnanhistoriayhdistys.fi\/historiayhdistys\/%ef%bb%bf\/\" action=\"like\" colorscheme=\"light\" layout=\"button_count\"  size=\"small\"><\/fb:like><\/div><\/div><p>Jukolan motti\u00a0 -pirtin puuvajan katto saatiin valmiiksi ja maalipintaan. Esa ja Aila Elo kantoivat puolet valmiiksi hakatuista pilkkeit\u00e4 ja huomenna loput, sek\u00e4 alueen siivous ja urakka on t\u00e4ll\u00e4 er\u00e4\u00e4 valmis. Kota odottaa huomenna vieraita. Ryhm\u00e4n oppaana toimii Heikki Turunen.<\/p>\n<figure id=\"attachment_9989\" aria-describedby=\"caption-attachment-9989\" style=\"width: 4592px\" class=\"wp-caption alignnone\"><a href=\"http:\/\/www.rukajarvensuunnanhistoriayhdistys.fi\/historiayhdistys\/wp-content\/uploads\/2015\/05\/DSC00763-Talkoo.jpg\"><img loading=\"lazy\" decoding=\"async\" class=\"wp-image-9989 size-full\" src=\"http:\/\/www.rukajarvensuunnanhistoriayhdistys.fi\/historiayhdistys\/wp-content\/uploads\/2015\/05\/DSC00763-Talkoo.jpg\" alt=\"Kuten kuvasta n\u00e4kyy. Motti -pirtin kotakeitti\u00f6ss\u00e4 voi valmistaa loimulohta. \" width=\"4592\" height=\"3056\" data-id=\"9989\" srcset=\"http:\/\/www.rukajarvensuunnanhistoriayhdistys.fi\/historiayhdistys\/wp-content\/uploads\/2015\/05\/DSC00763-Talkoo.jpg 4592w, http:\/\/www.rukajarvensuunnanhistoriayhdistys.fi\/historiayhdistys\/wp-content\/uploads\/2015\/05\/DSC00763-Talkoo-300x200.jpg 300w, http:\/\/www.rukajarvensuunnanhistoriayhdistys.fi\/historiayhdistys\/wp-content\/uploads\/2015\/05\/DSC00763-Talkoo-1024x681.jpg 1024w\" sizes=\"auto, (max-width: 4592px) 100vw, 4592px\" \/><\/a><figcaption id=\"caption-attachment-9989\" class=\"wp-caption-text\">Kuten kuvasta n\u00e4kyy. Motti -pirtin kotakeitti\u00f6ss\u00e4 voi valmistaa loimulohta.<\/figcaption><\/figure>\n<figure id=\"attachment_9990\" aria-describedby=\"caption-attachment-9990\" style=\"width: 4592px\" class=\"wp-caption alignnone\"><a href=\"http:\/\/www.rukajarvensuunnanhistoriayhdistys.fi\/historiayhdistys\/wp-content\/uploads\/2015\/05\/DSC00765-Talkoo.jpg\"><img loading=\"lazy\" decoding=\"async\" class=\"wp-image-9990 size-full\" src=\"http:\/\/www.rukajarvensuunnanhistoriayhdistys.fi\/historiayhdistys\/wp-content\/uploads\/2015\/05\/DSC00765-Talkoo.jpg\" alt=\"Aila Elo oli kattanut talkoov\u00e4ell\u00e4 maukkaan loimulohi-ateriaan, jota nauttimassa Tuomo Martikainen, Raimo Saviranta ja Heikki Turunen ja p\u00f6yd\u00e4n vastakkaisella puolen Tauno Oksanen, Aila ja Esa Elo. \" width=\"4592\" height=\"3056\" data-id=\"9990\" srcset=\"http:\/\/www.rukajarvensuunnanhistoriayhdistys.fi\/historiayhdistys\/wp-content\/uploads\/2015\/05\/DSC00765-Talkoo.jpg 4592w, http:\/\/www.rukajarvensuunnanhistoriayhdistys.fi\/historiayhdistys\/wp-content\/uploads\/2015\/05\/DSC00765-Talkoo-300x200.jpg 300w, http:\/\/www.rukajarvensuunnanhistoriayhdistys.fi\/historiayhdistys\/wp-content\/uploads\/2015\/05\/DSC00765-Talkoo-1024x681.jpg 1024w\" sizes=\"auto, (max-width: 4592px) 100vw, 4592px\" \/><\/a><figcaption id=\"caption-attachment-9990\" class=\"wp-caption-text\">Aila Elo oli kattanut talkoov\u00e4ell\u00e4 maukkaan loimulohi-ateriaan, jota nauttimassa Tuomo Martikainen, Raimo Saviranta ja Heikki Turunen ja p\u00f6yd\u00e4n vastakkaisella puolen Tauno Oksanen, Aila ja Esa Elo.<\/figcaption><\/figure>\n<figure id=\"attachment_9988\" aria-describedby=\"caption-attachment-9988\" style=\"width: 4592px\" class=\"wp-caption alignnone\"><a href=\"http:\/\/www.rukajarvensuunnanhistoriayhdistys.fi\/historiayhdistys\/wp-content\/uploads\/2015\/05\/DSC00769-MK-YM.jpg\"><img loading=\"lazy\" decoding=\"async\" class=\"wp-image-9988 size-full\" src=\"http:\/\/www.rukajarvensuunnanhistoriayhdistys.fi\/historiayhdistys\/wp-content\/uploads\/2015\/05\/DSC00769-MK-YM.jpg\" alt=\"Miska, Pertti ja is\u00e4 Matti Kilpel\u00e4inen sek\u00e4 Tauno Oksanen. Matti toimi pirtin rakentamisessa vastaavana ty\u00f6njohtajana ja tuli nyt tarkistamaan puuvajan asianmukaisen rakentamisen.\" width=\"4592\" height=\"3056\" data-id=\"9988\" srcset=\"http:\/\/www.rukajarvensuunnanhistoriayhdistys.fi\/historiayhdistys\/wp-content\/uploads\/2015\/05\/DSC00769-MK-YM.jpg 4592w, http:\/\/www.rukajarvensuunnanhistoriayhdistys.fi\/historiayhdistys\/wp-content\/uploads\/2015\/05\/DSC00769-MK-YM-300x200.jpg 300w, http:\/\/www.rukajarvensuunnanhistoriayhdistys.fi\/historiayhdistys\/wp-content\/uploads\/2015\/05\/DSC00769-MK-YM-1024x681.jpg 1024w\" sizes=\"auto, (max-width: 4592px) 100vw, 4592px\" \/><\/a><figcaption id=\"caption-attachment-9988\" class=\"wp-caption-text\">Miska, Pertti ja is\u00e4 Matti Kilpel\u00e4inen sek\u00e4 Tauno Oksanen. Matti toimi pirtin rakentamisessa vastaavana ty\u00f6njohtajana ja tuli nyt tarkistamaan puuvajan asianmukaisen rakentamisen.<\/figcaption><\/figure>\n<p>Sen p\u00e4\u00e4lle talkooporukka ruokaili kuten oli ennakkoon luvattu. Grillimestari vaihtui. Syksyll\u00e4 p\u00e4\u00e4rakennuksen talkooporukkaa ruokki Esa Elo maukkailla paistetuilla muikuilla, nyt h\u00e4nt\u00e4 avusti vaimo Aila. Pirtin kotakeitti\u00f6ss\u00e4 valmistettiin loimulohta &#8211; ensikertaa.\u00a0 Nelj\u00e4 filett\u00e4, kaksi kerrallaan. Viimeisin paistos onnistui jo tosi hyvin. Ruokailun j\u00e4lkeen Arto R\u00e4s\u00e4nen oli l\u00e4mmitt\u00e4nyt Nurmij\u00e4rven Er\u00e4stelyn saunan, jonka j\u00e4lkeen jatkettiin tarinointia puolille \u00f6in. T\u00e4m\u00e4n p\u00e4iv\u00e4n talkoisiin osallistuivat, Raimo Saviranta, Tuomo Martikainen, Heikki Turunen, Aila ja Esa Elo, Tauno Oksanen, P\u00e4ivi Putkonen sek\u00e4 Tenho Tikkanen.<\/p>\n","protected":false},"excerpt":{"rendered":"<p>Jukolan motti\u00a0 -pirtin puuvajan katto saatiin valmiiksi ja maalipintaan. Esa ja Aila Elo kantoivat puolet valmiiksi hakatuista pilkkeit\u00e4 ja huomenna loput, sek\u00e4 alueen siivous ja urakka on t\u00e4ll\u00e4 er\u00e4\u00e4 valmis. <a class=\"more-link\" href=\"http:\/\/www.rukajarvensuunnanhistoriayhdistys.fi\/historiayhdistys\/%ef%bb%bf\/\">Teksti jatkuu&#8230;<span class=\"screen-reader-text\">Jukolan motissa touhukas perjantai\ufeff<\/span><span class=\"meta-nav\">\u2192<\/span><\/a><\/p>\n","protected":false},"author":3,"featured_media":9989,"comment_status":"closed","ping_status":"open","sticky":false,"template":"","format":"standard","meta":{"footnotes":""},"categories":[22],"tags":[],"class_list":["post-9987","post","type-post","status-publish","format-standard","has-post-thumbnail","hentry","category-ajankohtaista"],"yoast_head":"<!-- This site is optimized with the Yoast SEO plugin v27.4 - https:\/\/yoast.com\/product\/yoast-seo-wordpress\/ -->\n<title>Jukolan motissa touhukas perjantai\ufeff - Rukaj\u00e4rven suunnan historiayhdistys<\/title>\n<meta name=\"robots\" content=\"index, follow, max-snippet:-1, max-image-preview:large, max-video-preview:-1\" \/>\n<link rel=\"canonical\" href=\"http:\/\/www.rukajarvensuunnanhistoriayhdistys.fi\/historiayhdistys\/\ufeff\/\" \/>\n<meta property=\"og:locale\" content=\"fi_FI\" \/>\n<meta property=\"og:type\" content=\"article\" \/>\n<meta property=\"og:title\" content=\"Jukolan motissa touhukas perjantai\ufeff - Rukaj\u00e4rven suunnan historiayhdistys\" \/>\n<meta property=\"og:description\" content=\"Jukolan motti\u00a0 -pirtin puuvajan katto saatiin valmiiksi ja maalipintaan. Esa ja Aila Elo kantoivat puolet valmiiksi hakatuista pilkkeit\u00e4 ja huomenna loput, sek\u00e4 alueen siivous ja urakka on t\u00e4ll\u00e4 er\u00e4\u00e4 valmis. Teksti jatkuu...Jukolan motissa touhukas perjantai\ufeff\u2192\" \/>\n<meta property=\"og:url\" content=\"http:\/\/www.rukajarvensuunnanhistoriayhdistys.fi\/historiayhdistys\/\ufeff\/\" \/>\n<meta property=\"og:site_name\" content=\"Rukaj\u00e4rven suunnan historiayhdistys\" \/>\n<meta property=\"article:published_time\" content=\"2015-05-22T20:01:59+00:00\" \/>\n<meta property=\"article:modified_time\" content=\"2015-05-23T15:29:44+00:00\" \/>\n<meta property=\"og:image\" content=\"http:\/\/www.rukajarvensuunnanhistoriayhdistys.fi\/historiayhdistys\/wp-content\/uploads\/2015\/05\/DSC00763-Talkoo-1024x681.jpg\" \/>\n\t<meta property=\"og:image:width\" content=\"1024\" \/>\n\t<meta property=\"og:image:height\" content=\"681\" \/>\n\t<meta property=\"og:image:type\" content=\"image\/jpeg\" \/>\n<meta name=\"author\" content=\"RSHY\" \/>\n<meta name=\"twitter:label1\" content=\"Kirjoittanut\" \/>\n\t<meta name=\"twitter:data1\" content=\"RSHY\" \/>\n\t<meta name=\"twitter:label2\" content=\"Arvioitu lukuaika\" \/>\n\t<meta name=\"twitter:data2\" content=\"1 minuutti\" \/>\n<script type=\"application\/ld+json\" class=\"yoast-schema-graph\">{\"@context\":\"https:\\\/\\\/schema.org\",\"@graph\":[{\"@type\":\"Article\",\"@id\":\"http:\\\/\\\/www.rukajarvensuunnanhistoriayhdistys.fi\\\/historiayhdistys\\\/%ef%bb%bf\\\/#article\",\"isPartOf\":{\"@id\":\"http:\\\/\\\/www.rukajarvensuunnanhistoriayhdistys.fi\\\/historiayhdistys\\\/%ef%bb%bf\\\/\"},\"author\":{\"name\":\"RSHY\",\"@id\":\"http:\\\/\\\/www.rukajarvensuunnanhistoriayhdistys.fi\\\/historiayhdistys\\\/#\\\/schema\\\/person\\\/19de7db68bf72dfd2b5d7f6dfbf8454d\"},\"headline\":\"Jukolan motissa touhukas perjantai\ufeff\",\"datePublished\":\"2015-05-22T20:01:59+00:00\",\"dateModified\":\"2015-05-23T15:29:44+00:00\",\"mainEntityOfPage\":{\"@id\":\"http:\\\/\\\/www.rukajarvensuunnanhistoriayhdistys.fi\\\/historiayhdistys\\\/%ef%bb%bf\\\/\"},\"wordCount\":223,\"publisher\":{\"@id\":\"http:\\\/\\\/www.rukajarvensuunnanhistoriayhdistys.fi\\\/historiayhdistys\\\/#organization\"},\"image\":{\"@id\":\"http:\\\/\\\/www.rukajarvensuunnanhistoriayhdistys.fi\\\/historiayhdistys\\\/%ef%bb%bf\\\/#primaryimage\"},\"thumbnailUrl\":\"http:\\\/\\\/www.rukajarvensuunnanhistoriayhdistys.fi\\\/historiayhdistys\\\/wp-content\\\/uploads\\\/2015\\\/05\\\/DSC00763-Talkoo.jpg\",\"articleSection\":[\"Ajankohtaista\"],\"inLanguage\":\"fi\"},{\"@type\":\"WebPage\",\"@id\":\"http:\\\/\\\/www.rukajarvensuunnanhistoriayhdistys.fi\\\/historiayhdistys\\\/%ef%bb%bf\\\/\",\"url\":\"http:\\\/\\\/www.rukajarvensuunnanhistoriayhdistys.fi\\\/historiayhdistys\\\/%ef%bb%bf\\\/\",\"name\":\"Jukolan motissa touhukas perjantai\ufeff - Rukaj\u00e4rven suunnan historiayhdistys\",\"isPartOf\":{\"@id\":\"http:\\\/\\\/www.rukajarvensuunnanhistoriayhdistys.fi\\\/historiayhdistys\\\/#website\"},\"primaryImageOfPage\":{\"@id\":\"http:\\\/\\\/www.rukajarvensuunnanhistoriayhdistys.fi\\\/historiayhdistys\\\/%ef%bb%bf\\\/#primaryimage\"},\"image\":{\"@id\":\"http:\\\/\\\/www.rukajarvensuunnanhistoriayhdistys.fi\\\/historiayhdistys\\\/%ef%bb%bf\\\/#primaryimage\"},\"thumbnailUrl\":\"http:\\\/\\\/www.rukajarvensuunnanhistoriayhdistys.fi\\\/historiayhdistys\\\/wp-content\\\/uploads\\\/2015\\\/05\\\/DSC00763-Talkoo.jpg\",\"datePublished\":\"2015-05-22T20:01:59+00:00\",\"dateModified\":\"2015-05-23T15:29:44+00:00\",\"breadcrumb\":{\"@id\":\"http:\\\/\\\/www.rukajarvensuunnanhistoriayhdistys.fi\\\/historiayhdistys\\\/%ef%bb%bf\\\/#breadcrumb\"},\"inLanguage\":\"fi\",\"potentialAction\":[{\"@type\":\"ReadAction\",\"target\":[\"http:\\\/\\\/www.rukajarvensuunnanhistoriayhdistys.fi\\\/historiayhdistys\\\/%ef%bb%bf\\\/\"]}]},{\"@type\":\"ImageObject\",\"inLanguage\":\"fi\",\"@id\":\"http:\\\/\\\/www.rukajarvensuunnanhistoriayhdistys.fi\\\/historiayhdistys\\\/%ef%bb%bf\\\/#primaryimage\",\"url\":\"http:\\\/\\\/www.rukajarvensuunnanhistoriayhdistys.fi\\\/historiayhdistys\\\/wp-content\\\/uploads\\\/2015\\\/05\\\/DSC00763-Talkoo.jpg\",\"contentUrl\":\"http:\\\/\\\/www.rukajarvensuunnanhistoriayhdistys.fi\\\/historiayhdistys\\\/wp-content\\\/uploads\\\/2015\\\/05\\\/DSC00763-Talkoo.jpg\",\"width\":4592,\"height\":3056,\"caption\":\"SONY DSC\"},{\"@type\":\"BreadcrumbList\",\"@id\":\"http:\\\/\\\/www.rukajarvensuunnanhistoriayhdistys.fi\\\/historiayhdistys\\\/%ef%bb%bf\\\/#breadcrumb\",\"itemListElement\":[{\"@type\":\"ListItem\",\"position\":1,\"name\":\"Etusivu\",\"item\":\"http:\\\/\\\/www.rukajarvensuunnanhistoriayhdistys.fi\\\/historiayhdistys\\\/\"},{\"@type\":\"ListItem\",\"position\":2,\"name\":\"Jukolan motissa touhukas perjantai\ufeff\"}]},{\"@type\":\"WebSite\",\"@id\":\"http:\\\/\\\/www.rukajarvensuunnanhistoriayhdistys.fi\\\/historiayhdistys\\\/#website\",\"url\":\"http:\\\/\\\/www.rukajarvensuunnanhistoriayhdistys.fi\\\/historiayhdistys\\\/\",\"name\":\"Rukaj\u00e4rven suunnan historiayhdistys\",\"description\":\"Rukaj\u00e4rven suunnan historiayhdistyksen verkkosivut.\",\"publisher\":{\"@id\":\"http:\\\/\\\/www.rukajarvensuunnanhistoriayhdistys.fi\\\/historiayhdistys\\\/#organization\"},\"potentialAction\":[{\"@type\":\"SearchAction\",\"target\":{\"@type\":\"EntryPoint\",\"urlTemplate\":\"http:\\\/\\\/www.rukajarvensuunnanhistoriayhdistys.fi\\\/historiayhdistys\\\/?s={search_term_string}\"},\"query-input\":{\"@type\":\"PropertyValueSpecification\",\"valueRequired\":true,\"valueName\":\"search_term_string\"}}],\"inLanguage\":\"fi\"},{\"@type\":\"Organization\",\"@id\":\"http:\\\/\\\/www.rukajarvensuunnanhistoriayhdistys.fi\\\/historiayhdistys\\\/#organization\",\"name\":\"Rukaj\u00e4rven suunnan historiayhdistys\",\"url\":\"http:\\\/\\\/www.rukajarvensuunnanhistoriayhdistys.fi\\\/historiayhdistys\\\/\",\"logo\":{\"@type\":\"ImageObject\",\"inLanguage\":\"fi\",\"@id\":\"http:\\\/\\\/www.rukajarvensuunnanhistoriayhdistys.fi\\\/historiayhdistys\\\/#\\\/schema\\\/logo\\\/image\\\/\",\"url\":\"http:\\\/\\\/www.rukajarvensuunnanhistoriayhdistys.fi\\\/historiayhdistys\\\/wp-content\\\/uploads\\\/2013\\\/12\\\/Otsake_3.jpg\",\"contentUrl\":\"http:\\\/\\\/www.rukajarvensuunnanhistoriayhdistys.fi\\\/historiayhdistys\\\/wp-content\\\/uploads\\\/2013\\\/12\\\/Otsake_3.jpg\",\"width\":1000,\"height\":442,\"caption\":\"Rukaj\u00e4rven suunnan historiayhdistys\"},\"image\":{\"@id\":\"http:\\\/\\\/www.rukajarvensuunnanhistoriayhdistys.fi\\\/historiayhdistys\\\/#\\\/schema\\\/logo\\\/image\\\/\"}},{\"@type\":\"Person\",\"@id\":\"http:\\\/\\\/www.rukajarvensuunnanhistoriayhdistys.fi\\\/historiayhdistys\\\/#\\\/schema\\\/person\\\/19de7db68bf72dfd2b5d7f6dfbf8454d\",\"name\":\"RSHY\",\"image\":{\"@type\":\"ImageObject\",\"inLanguage\":\"fi\",\"@id\":\"https:\\\/\\\/secure.gravatar.com\\\/avatar\\\/598d59263a69cc8de65fcb4f9db78d6f58c098cb0e0ba22d73377441af9fa04c?s=96&d=blank&r=g\",\"url\":\"https:\\\/\\\/secure.gravatar.com\\\/avatar\\\/598d59263a69cc8de65fcb4f9db78d6f58c098cb0e0ba22d73377441af9fa04c?s=96&d=blank&r=g\",\"contentUrl\":\"https:\\\/\\\/secure.gravatar.com\\\/avatar\\\/598d59263a69cc8de65fcb4f9db78d6f58c098cb0e0ba22d73377441af9fa04c?s=96&d=blank&r=g\",\"caption\":\"RSHY\"},\"url\":\"http:\\\/\\\/www.rukajarvensuunnanhistoriayhdistys.fi\\\/historiayhdistys\\\/author\\\/rshy\\\/\"}]}<\/script>\n<!-- \/ Yoast SEO plugin. -->","yoast_head_json":{"title":"Jukolan motissa touhukas perjantai\ufeff - Rukaj\u00e4rven suunnan historiayhdistys","robots":{"index":"index","follow":"follow","max-snippet":"max-snippet:-1","max-image-preview":"max-image-preview:large","max-video-preview":"max-video-preview:-1"},"canonical":"http:\/\/www.rukajarvensuunnanhistoriayhdistys.fi\/historiayhdistys\/\ufeff\/","og_locale":"fi_FI","og_type":"article","og_title":"Jukolan motissa touhukas perjantai\ufeff - Rukaj\u00e4rven suunnan historiayhdistys","og_description":"Jukolan motti\u00a0 -pirtin puuvajan katto saatiin valmiiksi ja maalipintaan. Esa ja Aila Elo kantoivat puolet valmiiksi hakatuista pilkkeit\u00e4 ja huomenna loput, sek\u00e4 alueen siivous ja urakka on t\u00e4ll\u00e4 er\u00e4\u00e4 valmis. Teksti jatkuu...Jukolan motissa touhukas perjantai\ufeff\u2192","og_url":"http:\/\/www.rukajarvensuunnanhistoriayhdistys.fi\/historiayhdistys\/\ufeff\/","og_site_name":"Rukaj\u00e4rven suunnan historiayhdistys","article_published_time":"2015-05-22T20:01:59+00:00","article_modified_time":"2015-05-23T15:29:44+00:00","og_image":[{"width":1024,"height":681,"url":"http:\/\/www.rukajarvensuunnanhistoriayhdistys.fi\/historiayhdistys\/wp-content\/uploads\/2015\/05\/DSC00763-Talkoo-1024x681.jpg","type":"image\/jpeg"}],"author":"RSHY","twitter_misc":{"Kirjoittanut":"RSHY","Arvioitu lukuaika":"1 minuutti"},"schema":{"@context":"https:\/\/schema.org","@graph":[{"@type":"Article","@id":"http:\/\/www.rukajarvensuunnanhistoriayhdistys.fi\/historiayhdistys\/%ef%bb%bf\/#article","isPartOf":{"@id":"http:\/\/www.rukajarvensuunnanhistoriayhdistys.fi\/historiayhdistys\/%ef%bb%bf\/"},"author":{"name":"RSHY","@id":"http:\/\/www.rukajarvensuunnanhistoriayhdistys.fi\/historiayhdistys\/#\/schema\/person\/19de7db68bf72dfd2b5d7f6dfbf8454d"},"headline":"Jukolan motissa touhukas perjantai\ufeff","datePublished":"2015-05-22T20:01:59+00:00","dateModified":"2015-05-23T15:29:44+00:00","mainEntityOfPage":{"@id":"http:\/\/www.rukajarvensuunnanhistoriayhdistys.fi\/historiayhdistys\/%ef%bb%bf\/"},"wordCount":223,"publisher":{"@id":"http:\/\/www.rukajarvensuunnanhistoriayhdistys.fi\/historiayhdistys\/#organization"},"image":{"@id":"http:\/\/www.rukajarvensuunnanhistoriayhdistys.fi\/historiayhdistys\/%ef%bb%bf\/#primaryimage"},"thumbnailUrl":"http:\/\/www.rukajarvensuunnanhistoriayhdistys.fi\/historiayhdistys\/wp-content\/uploads\/2015\/05\/DSC00763-Talkoo.jpg","articleSection":["Ajankohtaista"],"inLanguage":"fi"},{"@type":"WebPage","@id":"http:\/\/www.rukajarvensuunnanhistoriayhdistys.fi\/historiayhdistys\/%ef%bb%bf\/","url":"http:\/\/www.rukajarvensuunnanhistoriayhdistys.fi\/historiayhdistys\/%ef%bb%bf\/","name":"Jukolan motissa touhukas perjantai\ufeff - Rukaj\u00e4rven suunnan historiayhdistys","isPartOf":{"@id":"http:\/\/www.rukajarvensuunnanhistoriayhdistys.fi\/historiayhdistys\/#website"},"primaryImageOfPage":{"@id":"http:\/\/www.rukajarvensuunnanhistoriayhdistys.fi\/historiayhdistys\/%ef%bb%bf\/#primaryimage"},"image":{"@id":"http:\/\/www.rukajarvensuunnanhistoriayhdistys.fi\/historiayhdistys\/%ef%bb%bf\/#primaryimage"},"thumbnailUrl":"http:\/\/www.rukajarvensuunnanhistoriayhdistys.fi\/historiayhdistys\/wp-content\/uploads\/2015\/05\/DSC00763-Talkoo.jpg","datePublished":"2015-05-22T20:01:59+00:00","dateModified":"2015-05-23T15:29:44+00:00","breadcrumb":{"@id":"http:\/\/www.rukajarvensuunnanhistoriayhdistys.fi\/historiayhdistys\/%ef%bb%bf\/#breadcrumb"},"inLanguage":"fi","potentialAction":[{"@type":"ReadAction","target":["http:\/\/www.rukajarvensuunnanhistoriayhdistys.fi\/historiayhdistys\/%ef%bb%bf\/"]}]},{"@type":"ImageObject","inLanguage":"fi","@id":"http:\/\/www.rukajarvensuunnanhistoriayhdistys.fi\/historiayhdistys\/%ef%bb%bf\/#primaryimage","url":"http:\/\/www.rukajarvensuunnanhistoriayhdistys.fi\/historiayhdistys\/wp-content\/uploads\/2015\/05\/DSC00763-Talkoo.jpg","contentUrl":"http:\/\/www.rukajarvensuunnanhistoriayhdistys.fi\/historiayhdistys\/wp-content\/uploads\/2015\/05\/DSC00763-Talkoo.jpg","width":4592,"height":3056,"caption":"SONY DSC"},{"@type":"BreadcrumbList","@id":"http:\/\/www.rukajarvensuunnanhistoriayhdistys.fi\/historiayhdistys\/%ef%bb%bf\/#breadcrumb","itemListElement":[{"@type":"ListItem","position":1,"name":"Etusivu","item":"http:\/\/www.rukajarvensuunnanhistoriayhdistys.fi\/historiayhdistys\/"},{"@type":"ListItem","position":2,"name":"Jukolan motissa touhukas perjantai\ufeff"}]},{"@type":"WebSite","@id":"http:\/\/www.rukajarvensuunnanhistoriayhdistys.fi\/historiayhdistys\/#website","url":"http:\/\/www.rukajarvensuunnanhistoriayhdistys.fi\/historiayhdistys\/","name":"Rukaj\u00e4rven suunnan historiayhdistys","description":"Rukaj\u00e4rven suunnan historiayhdistyksen verkkosivut.","publisher":{"@id":"http:\/\/www.rukajarvensuunnanhistoriayhdistys.fi\/historiayhdistys\/#organization"},"potentialAction":[{"@type":"SearchAction","target":{"@type":"EntryPoint","urlTemplate":"http:\/\/www.rukajarvensuunnanhistoriayhdistys.fi\/historiayhdistys\/?s={search_term_string}"},"query-input":{"@type":"PropertyValueSpecification","valueRequired":true,"valueName":"search_term_string"}}],"inLanguage":"fi"},{"@type":"Organization","@id":"http:\/\/www.rukajarvensuunnanhistoriayhdistys.fi\/historiayhdistys\/#organization","name":"Rukaj\u00e4rven suunnan historiayhdistys","url":"http:\/\/www.rukajarvensuunnanhistoriayhdistys.fi\/historiayhdistys\/","logo":{"@type":"ImageObject","inLanguage":"fi","@id":"http:\/\/www.rukajarvensuunnanhistoriayhdistys.fi\/historiayhdistys\/#\/schema\/logo\/image\/","url":"http:\/\/www.rukajarvensuunnanhistoriayhdistys.fi\/historiayhdistys\/wp-content\/uploads\/2013\/12\/Otsake_3.jpg","contentUrl":"http:\/\/www.rukajarvensuunnanhistoriayhdistys.fi\/historiayhdistys\/wp-content\/uploads\/2013\/12\/Otsake_3.jpg","width":1000,"height":442,"caption":"Rukaj\u00e4rven suunnan historiayhdistys"},"image":{"@id":"http:\/\/www.rukajarvensuunnanhistoriayhdistys.fi\/historiayhdistys\/#\/schema\/logo\/image\/"}},{"@type":"Person","@id":"http:\/\/www.rukajarvensuunnanhistoriayhdistys.fi\/historiayhdistys\/#\/schema\/person\/19de7db68bf72dfd2b5d7f6dfbf8454d","name":"RSHY","image":{"@type":"ImageObject","inLanguage":"fi","@id":"https:\/\/secure.gravatar.com\/avatar\/598d59263a69cc8de65fcb4f9db78d6f58c098cb0e0ba22d73377441af9fa04c?s=96&d=blank&r=g","url":"https:\/\/secure.gravatar.com\/avatar\/598d59263a69cc8de65fcb4f9db78d6f58c098cb0e0ba22d73377441af9fa04c?s=96&d=blank&r=g","contentUrl":"https:\/\/secure.gravatar.com\/avatar\/598d59263a69cc8de65fcb4f9db78d6f58c098cb0e0ba22d73377441af9fa04c?s=96&d=blank&r=g","caption":"RSHY"},"url":"http:\/\/www.rukajarvensuunnanhistoriayhdistys.fi\/historiayhdistys\/author\/rshy\/"}]}},"_links":{"self":[{"href":"http:\/\/www.rukajarvensuunnanhistoriayhdistys.fi\/historiayhdistys\/wp-json\/wp\/v2\/posts\/9987","targetHints":{"allow":["GET"]}}],"collection":[{"href":"http:\/\/www.rukajarvensuunnanhistoriayhdistys.fi\/historiayhdistys\/wp-json\/wp\/v2\/posts"}],"about":[{"href":"http:\/\/www.rukajarvensuunnanhistoriayhdistys.fi\/historiayhdistys\/wp-json\/wp\/v2\/types\/post"}],"author":[{"embeddable":true,"href":"http:\/\/www.rukajarvensuunnanhistoriayhdistys.fi\/historiayhdistys\/wp-json\/wp\/v2\/users\/3"}],"replies":[{"embeddable":true,"href":"http:\/\/www.rukajarvensuunnanhistoriayhdistys.fi\/historiayhdistys\/wp-json\/wp\/v2\/comments?post=9987"}],"version-history":[{"count":5,"href":"http:\/\/www.rukajarvensuunnanhistoriayhdistys.fi\/historiayhdistys\/wp-json\/wp\/v2\/posts\/9987\/revisions"}],"predecessor-version":[{"id":10001,"href":"http:\/\/www.rukajarvensuunnanhistoriayhdistys.fi\/historiayhdistys\/wp-json\/wp\/v2\/posts\/9987\/revisions\/10001"}],"wp:featuredmedia":[{"embeddable":true,"href":"http:\/\/www.rukajarvensuunnanhistoriayhdistys.fi\/historiayhdistys\/wp-json\/wp\/v2\/media\/9989"}],"wp:attachment":[{"href":"http:\/\/www.rukajarvensuunnanhistoriayhdistys.fi\/historiayhdistys\/wp-json\/wp\/v2\/media?parent=9987"}],"wp:term":[{"taxonomy":"category","embeddable":true,"href":"http:\/\/www.rukajarvensuunnanhistoriayhdistys.fi\/historiayhdistys\/wp-json\/wp\/v2\/categories?post=9987"},{"taxonomy":"post_tag","embeddable":true,"href":"http:\/\/www.rukajarvensuunnanhistoriayhdistys.fi\/historiayhdistys\/wp-json\/wp\/v2\/tags?post=9987"}],"curies":[{"name":"wp","href":"https:\/\/api.w.org\/{rel}","templated":true}]}}