{"id":9995,"date":"2015-05-23T18:26:28","date_gmt":"2015-05-23T15:26:28","guid":{"rendered":"http:\/\/www.rukajarvensuunnanhistoriayhdistys.fi\/historiayhdistys\/?p=9995"},"modified":"2015-05-23T18:26:28","modified_gmt":"2015-05-23T15:26:28","slug":"tyot-jatkuivat-jukolan-motissa-ja-vieraita-kavi","status":"publish","type":"post","link":"http:\/\/www.rukajarvensuunnanhistoriayhdistys.fi\/historiayhdistys\/tyot-jatkuivat-jukolan-motissa-ja-vieraita-kavi\/","title":{"rendered":"Ty\u00f6t jatkuivat Jukolan motissa ja vieraita k\u00e4vi"},"content":{"rendered":"<div class=\"fcbkbttn_buttons_block\" id=\"fcbkbttn_left\"><div class=\"fcbkbttn_like \"><fb:like href=\"http:\/\/www.rukajarvensuunnanhistoriayhdistys.fi\/historiayhdistys\/tyot-jatkuivat-jukolan-motissa-ja-vieraita-kavi\/\" action=\"like\" colorscheme=\"light\" layout=\"button_count\"  size=\"small\"><\/fb:like><\/div><\/div><p><span style=\"color: #000000; font-family: Calibri; font-size: medium;\">Jukolan motin puuvaja valmistui. Vastaava ty\u00f6njohtaja Matti Kilpel\u00e4inen k\u00e4vi ty\u00f6n hyv\u00e4ksym\u00e4ss\u00e4. Osallistuipa h\u00e4n poikineen Miskan ja Pertin kanssa puiden siirt\u00e4miseen uuteen puuvajaan. Nyt puut ovat katon alla kuivumassa. T\u00e4n\u00e4\u00e4n talkoot\u00f6ihin osallistuivat Matti Kilpel\u00e4isen ja h\u00e4nen poikiensa lis\u00e4ksi Aila ja Esa Elo sek\u00e4 Tenho Tikkanen aamu kahdeksasta klo 17.00 saakka.<\/span><\/p>\n<figure id=\"attachment_9996\" aria-describedby=\"caption-attachment-9996\" style=\"width: 4592px\" class=\"wp-caption alignnone\"><a href=\"http:\/\/www.rukajarvensuunnanhistoriayhdistys.fi\/historiayhdistys\/wp-content\/uploads\/2015\/05\/DSC00771-Matti-K-ym.jpg\"><img loading=\"lazy\" decoding=\"async\" class=\"wp-image-9996 size-full\" src=\"http:\/\/www.rukajarvensuunnanhistoriayhdistys.fi\/historiayhdistys\/wp-content\/uploads\/2015\/05\/DSC00771-Matti-K-ym.jpg\" alt=\"SONY DSC\" width=\"4592\" height=\"3056\" data-id=\"9996\" srcset=\"http:\/\/www.rukajarvensuunnanhistoriayhdistys.fi\/historiayhdistys\/wp-content\/uploads\/2015\/05\/DSC00771-Matti-K-ym.jpg 4592w, http:\/\/www.rukajarvensuunnanhistoriayhdistys.fi\/historiayhdistys\/wp-content\/uploads\/2015\/05\/DSC00771-Matti-K-ym-300x200.jpg 300w, http:\/\/www.rukajarvensuunnanhistoriayhdistys.fi\/historiayhdistys\/wp-content\/uploads\/2015\/05\/DSC00771-Matti-K-ym-1024x681.jpg 1024w\" sizes=\"auto, (max-width: 4592px) 100vw, 4592px\" \/><\/a><figcaption id=\"caption-attachment-9996\" class=\"wp-caption-text\">SONY DSC<\/figcaption><\/figure>\n<p><span style=\"color: #000000; font-family: Calibri; font-size: medium;\">Vieraitakin palveltiin ty\u00f6nteon lomassa. Lieksan LC oli j\u00e4rjest\u00e4nyt kev\u00e4tretken ja hallituksen vaihtajaiset. Paikalle saapui liki 40 LC-Lieksan j\u00e4sent\u00e4 vaimoineen. Pertti Ikonen LC-Lieksan presidentti (2014-2015) luovutti teht\u00e4v\u00e4ns\u00e4 Vesa Kiiskiselle. Pertti Ikonen muisti aktiivisesti toimineita toimihenkil\u00f6it\u00e4\u00e4n tiedotussihteeri Pirjo Eskelist\u00e4, j\u00e4senjohtaja Inkeri Lehikoista sek\u00e4 rahastonhoitaja Matti Mikkosta. Uusi Presidentti luovutti siirtyv\u00e4lle Pentti Ikoselle LC-Lieksan standaarin.<\/span><\/p>\n<figure id=\"attachment_9997\" aria-describedby=\"caption-attachment-9997\" style=\"width: 4592px\" class=\"wp-caption alignnone\"><a href=\"http:\/\/www.rukajarvensuunnanhistoriayhdistys.fi\/historiayhdistys\/wp-content\/uploads\/2015\/05\/DSC00782-Lions-C-Lieksa.jpg\"><img loading=\"lazy\" decoding=\"async\" class=\"wp-image-9997 size-full\" src=\"http:\/\/www.rukajarvensuunnanhistoriayhdistys.fi\/historiayhdistys\/wp-content\/uploads\/2015\/05\/DSC00782-Lions-C-Lieksa.jpg\" alt=\"LC-Lieksan presidentti Vesa Kiiskinen luovutti siirtyv\u00e4lle presidentille Pentti Ikoselle seuran standaarin. Pentti Ikonen puolestaan muisti ansioituneita rahastonhoitaja Matti Mikkosta, j\u00e4senjohtaja Inkeri Lehikoista ja tiedotussihteeri Pirjo Eskelist\u00e4 kiitt\u00e4en heid\u00e4n tekem\u00e4st\u00e4\u00e4n aktiivisesta ty\u00f6st\u00e4 seuran hyv\u00e4ksi.\" width=\"4592\" height=\"3056\" data-id=\"9997\" srcset=\"http:\/\/www.rukajarvensuunnanhistoriayhdistys.fi\/historiayhdistys\/wp-content\/uploads\/2015\/05\/DSC00782-Lions-C-Lieksa.jpg 4592w, http:\/\/www.rukajarvensuunnanhistoriayhdistys.fi\/historiayhdistys\/wp-content\/uploads\/2015\/05\/DSC00782-Lions-C-Lieksa-300x200.jpg 300w, http:\/\/www.rukajarvensuunnanhistoriayhdistys.fi\/historiayhdistys\/wp-content\/uploads\/2015\/05\/DSC00782-Lions-C-Lieksa-1024x681.jpg 1024w\" sizes=\"auto, (max-width: 4592px) 100vw, 4592px\" \/><\/a><figcaption id=\"caption-attachment-9997\" class=\"wp-caption-text\">LC-Lieksan presidentti Vesa Kiiskinen luovutti siirtyv\u00e4lle presidentille Pentti Ikoselle seuran standaarin. Pentti Ikonen puolestaan muisti ansioituneita rahastonhoitaja Matti Mikkosta, j\u00e4senjohtaja Inkeri Lehikoista ja tiedotussihteeri Pirjo Eskelist\u00e4 kiitt\u00e4en heid\u00e4n tekem\u00e4st\u00e4\u00e4n aktiivisesta ty\u00f6st\u00e4 seuran hyv\u00e4ksi.<\/figcaption><\/figure>\n<p><span style=\"color: #000000; font-family: Calibri; font-size: medium;\">Tilaisuuteen oli pyydetty Jongunjoen kyl\u00e4seuran puheenjohtaja Heikki Turunen sek\u00e4 Rukaj\u00e4rven suunnan historiayhdistyksen puheenjohtaja, jotka esitteliv\u00e4t lyhyesti Jukolan motti -pirtin rakentamista Rukaj\u00e4rven tien ja Lieksan matkailun kannalta sek\u00e4 samalla he esitteliv\u00e4t my\u00f6s yhdistystens\u00e4 toimintaa ja tulevia hankkeitaan.<\/span><\/p>\n<p>&nbsp;<\/p>\n","protected":false},"excerpt":{"rendered":"<p>Jukolan motin puuvaja valmistui. Vastaava ty\u00f6njohtaja Matti Kilpel\u00e4inen k\u00e4vi ty\u00f6n hyv\u00e4ksym\u00e4ss\u00e4. Osallistuipa h\u00e4n poikineen Miskan ja Pertin kanssa puiden siirt\u00e4miseen uuteen puuvajaan. Nyt puut ovat katon alla kuivumassa. T\u00e4n\u00e4\u00e4n talkoot\u00f6ihin <a class=\"more-link\" href=\"http:\/\/www.rukajarvensuunnanhistoriayhdistys.fi\/historiayhdistys\/tyot-jatkuivat-jukolan-motissa-ja-vieraita-kavi\/\">Teksti jatkuu&#8230;<span class=\"screen-reader-text\">Ty\u00f6t jatkuivat Jukolan motissa ja vieraita k\u00e4vi<\/span><span class=\"meta-nav\">\u2192<\/span><\/a><\/p>\n","protected":false},"author":3,"featured_media":9996,"comment_status":"closed","ping_status":"open","sticky":false,"template":"","format":"standard","meta":{"footnotes":""},"categories":[22],"tags":[],"class_list":["post-9995","post","type-post","status-publish","format-standard","has-post-thumbnail","hentry","category-ajankohtaista"],"yoast_head":"<!-- This site is optimized with the Yoast SEO plugin v27.4 - https:\/\/yoast.com\/product\/yoast-seo-wordpress\/ -->\n<title>Ty\u00f6t jatkuivat Jukolan motissa ja vieraita k\u00e4vi - Rukaj\u00e4rven suunnan historiayhdistys<\/title>\n<meta name=\"robots\" content=\"index, follow, max-snippet:-1, max-image-preview:large, max-video-preview:-1\" \/>\n<link rel=\"canonical\" href=\"http:\/\/www.rukajarvensuunnanhistoriayhdistys.fi\/historiayhdistys\/tyot-jatkuivat-jukolan-motissa-ja-vieraita-kavi\/\" \/>\n<meta property=\"og:locale\" content=\"fi_FI\" \/>\n<meta property=\"og:type\" content=\"article\" \/>\n<meta property=\"og:title\" content=\"Ty\u00f6t jatkuivat Jukolan motissa ja vieraita k\u00e4vi - Rukaj\u00e4rven suunnan historiayhdistys\" \/>\n<meta property=\"og:description\" content=\"Jukolan motin puuvaja valmistui. Vastaava ty\u00f6njohtaja Matti Kilpel\u00e4inen k\u00e4vi ty\u00f6n hyv\u00e4ksym\u00e4ss\u00e4. Osallistuipa h\u00e4n poikineen Miskan ja Pertin kanssa puiden siirt\u00e4miseen uuteen puuvajaan. Nyt puut ovat katon alla kuivumassa. T\u00e4n\u00e4\u00e4n talkoot\u00f6ihin Teksti jatkuu...Ty\u00f6t jatkuivat Jukolan motissa ja vieraita k\u00e4vi\u2192\" \/>\n<meta property=\"og:url\" content=\"http:\/\/www.rukajarvensuunnanhistoriayhdistys.fi\/historiayhdistys\/tyot-jatkuivat-jukolan-motissa-ja-vieraita-kavi\/\" \/>\n<meta property=\"og:site_name\" content=\"Rukaj\u00e4rven suunnan historiayhdistys\" \/>\n<meta property=\"article:published_time\" content=\"2015-05-23T15:26:28+00:00\" \/>\n<meta property=\"og:image\" content=\"http:\/\/www.rukajarvensuunnanhistoriayhdistys.fi\/historiayhdistys\/wp-content\/uploads\/2015\/05\/DSC00771-Matti-K-ym-1024x681.jpg\" \/>\n\t<meta property=\"og:image:width\" content=\"1024\" \/>\n\t<meta property=\"og:image:height\" content=\"681\" \/>\n\t<meta property=\"og:image:type\" content=\"image\/jpeg\" \/>\n<meta name=\"author\" content=\"RSHY\" \/>\n<meta name=\"twitter:label1\" content=\"Kirjoittanut\" \/>\n\t<meta name=\"twitter:data1\" content=\"RSHY\" \/>\n\t<meta name=\"twitter:label2\" content=\"Arvioitu lukuaika\" \/>\n\t<meta name=\"twitter:data2\" content=\"1 minuutti\" \/>\n<script type=\"application\/ld+json\" class=\"yoast-schema-graph\">{\"@context\":\"https:\\\/\\\/schema.org\",\"@graph\":[{\"@type\":\"Article\",\"@id\":\"http:\\\/\\\/www.rukajarvensuunnanhistoriayhdistys.fi\\\/historiayhdistys\\\/tyot-jatkuivat-jukolan-motissa-ja-vieraita-kavi\\\/#article\",\"isPartOf\":{\"@id\":\"http:\\\/\\\/www.rukajarvensuunnanhistoriayhdistys.fi\\\/historiayhdistys\\\/tyot-jatkuivat-jukolan-motissa-ja-vieraita-kavi\\\/\"},\"author\":{\"name\":\"RSHY\",\"@id\":\"http:\\\/\\\/www.rukajarvensuunnanhistoriayhdistys.fi\\\/historiayhdistys\\\/#\\\/schema\\\/person\\\/19de7db68bf72dfd2b5d7f6dfbf8454d\"},\"headline\":\"Ty\u00f6t jatkuivat Jukolan motissa ja vieraita k\u00e4vi\",\"datePublished\":\"2015-05-23T15:26:28+00:00\",\"mainEntityOfPage\":{\"@id\":\"http:\\\/\\\/www.rukajarvensuunnanhistoriayhdistys.fi\\\/historiayhdistys\\\/tyot-jatkuivat-jukolan-motissa-ja-vieraita-kavi\\\/\"},\"wordCount\":233,\"publisher\":{\"@id\":\"http:\\\/\\\/www.rukajarvensuunnanhistoriayhdistys.fi\\\/historiayhdistys\\\/#organization\"},\"image\":{\"@id\":\"http:\\\/\\\/www.rukajarvensuunnanhistoriayhdistys.fi\\\/historiayhdistys\\\/tyot-jatkuivat-jukolan-motissa-ja-vieraita-kavi\\\/#primaryimage\"},\"thumbnailUrl\":\"http:\\\/\\\/www.rukajarvensuunnanhistoriayhdistys.fi\\\/historiayhdistys\\\/wp-content\\\/uploads\\\/2015\\\/05\\\/DSC00771-Matti-K-ym.jpg\",\"articleSection\":[\"Ajankohtaista\"],\"inLanguage\":\"fi\"},{\"@type\":\"WebPage\",\"@id\":\"http:\\\/\\\/www.rukajarvensuunnanhistoriayhdistys.fi\\\/historiayhdistys\\\/tyot-jatkuivat-jukolan-motissa-ja-vieraita-kavi\\\/\",\"url\":\"http:\\\/\\\/www.rukajarvensuunnanhistoriayhdistys.fi\\\/historiayhdistys\\\/tyot-jatkuivat-jukolan-motissa-ja-vieraita-kavi\\\/\",\"name\":\"Ty\u00f6t jatkuivat Jukolan motissa ja vieraita k\u00e4vi - Rukaj\u00e4rven suunnan historiayhdistys\",\"isPartOf\":{\"@id\":\"http:\\\/\\\/www.rukajarvensuunnanhistoriayhdistys.fi\\\/historiayhdistys\\\/#website\"},\"primaryImageOfPage\":{\"@id\":\"http:\\\/\\\/www.rukajarvensuunnanhistoriayhdistys.fi\\\/historiayhdistys\\\/tyot-jatkuivat-jukolan-motissa-ja-vieraita-kavi\\\/#primaryimage\"},\"image\":{\"@id\":\"http:\\\/\\\/www.rukajarvensuunnanhistoriayhdistys.fi\\\/historiayhdistys\\\/tyot-jatkuivat-jukolan-motissa-ja-vieraita-kavi\\\/#primaryimage\"},\"thumbnailUrl\":\"http:\\\/\\\/www.rukajarvensuunnanhistoriayhdistys.fi\\\/historiayhdistys\\\/wp-content\\\/uploads\\\/2015\\\/05\\\/DSC00771-Matti-K-ym.jpg\",\"datePublished\":\"2015-05-23T15:26:28+00:00\",\"breadcrumb\":{\"@id\":\"http:\\\/\\\/www.rukajarvensuunnanhistoriayhdistys.fi\\\/historiayhdistys\\\/tyot-jatkuivat-jukolan-motissa-ja-vieraita-kavi\\\/#breadcrumb\"},\"inLanguage\":\"fi\",\"potentialAction\":[{\"@type\":\"ReadAction\",\"target\":[\"http:\\\/\\\/www.rukajarvensuunnanhistoriayhdistys.fi\\\/historiayhdistys\\\/tyot-jatkuivat-jukolan-motissa-ja-vieraita-kavi\\\/\"]}]},{\"@type\":\"ImageObject\",\"inLanguage\":\"fi\",\"@id\":\"http:\\\/\\\/www.rukajarvensuunnanhistoriayhdistys.fi\\\/historiayhdistys\\\/tyot-jatkuivat-jukolan-motissa-ja-vieraita-kavi\\\/#primaryimage\",\"url\":\"http:\\\/\\\/www.rukajarvensuunnanhistoriayhdistys.fi\\\/historiayhdistys\\\/wp-content\\\/uploads\\\/2015\\\/05\\\/DSC00771-Matti-K-ym.jpg\",\"contentUrl\":\"http:\\\/\\\/www.rukajarvensuunnanhistoriayhdistys.fi\\\/historiayhdistys\\\/wp-content\\\/uploads\\\/2015\\\/05\\\/DSC00771-Matti-K-ym.jpg\",\"width\":4592,\"height\":3056,\"caption\":\"Vastaava ty\u00f6njohtaja Matti Kilpel\u00e4inen ja h\u00e4nen poikansa Pertti ja Miska ryhtyiv\u00e4t heti aamukahvin j\u00e4lkeen puunkantot\u00f6ihin.\"},{\"@type\":\"BreadcrumbList\",\"@id\":\"http:\\\/\\\/www.rukajarvensuunnanhistoriayhdistys.fi\\\/historiayhdistys\\\/tyot-jatkuivat-jukolan-motissa-ja-vieraita-kavi\\\/#breadcrumb\",\"itemListElement\":[{\"@type\":\"ListItem\",\"position\":1,\"name\":\"Etusivu\",\"item\":\"http:\\\/\\\/www.rukajarvensuunnanhistoriayhdistys.fi\\\/historiayhdistys\\\/\"},{\"@type\":\"ListItem\",\"position\":2,\"name\":\"Ty\u00f6t jatkuivat Jukolan motissa ja vieraita k\u00e4vi\"}]},{\"@type\":\"WebSite\",\"@id\":\"http:\\\/\\\/www.rukajarvensuunnanhistoriayhdistys.fi\\\/historiayhdistys\\\/#website\",\"url\":\"http:\\\/\\\/www.rukajarvensuunnanhistoriayhdistys.fi\\\/historiayhdistys\\\/\",\"name\":\"Rukaj\u00e4rven suunnan historiayhdistys\",\"description\":\"Rukaj\u00e4rven suunnan historiayhdistyksen verkkosivut.\",\"publisher\":{\"@id\":\"http:\\\/\\\/www.rukajarvensuunnanhistoriayhdistys.fi\\\/historiayhdistys\\\/#organization\"},\"potentialAction\":[{\"@type\":\"SearchAction\",\"target\":{\"@type\":\"EntryPoint\",\"urlTemplate\":\"http:\\\/\\\/www.rukajarvensuunnanhistoriayhdistys.fi\\\/historiayhdistys\\\/?s={search_term_string}\"},\"query-input\":{\"@type\":\"PropertyValueSpecification\",\"valueRequired\":true,\"valueName\":\"search_term_string\"}}],\"inLanguage\":\"fi\"},{\"@type\":\"Organization\",\"@id\":\"http:\\\/\\\/www.rukajarvensuunnanhistoriayhdistys.fi\\\/historiayhdistys\\\/#organization\",\"name\":\"Rukaj\u00e4rven suunnan historiayhdistys\",\"url\":\"http:\\\/\\\/www.rukajarvensuunnanhistoriayhdistys.fi\\\/historiayhdistys\\\/\",\"logo\":{\"@type\":\"ImageObject\",\"inLanguage\":\"fi\",\"@id\":\"http:\\\/\\\/www.rukajarvensuunnanhistoriayhdistys.fi\\\/historiayhdistys\\\/#\\\/schema\\\/logo\\\/image\\\/\",\"url\":\"http:\\\/\\\/www.rukajarvensuunnanhistoriayhdistys.fi\\\/historiayhdistys\\\/wp-content\\\/uploads\\\/2013\\\/12\\\/Otsake_3.jpg\",\"contentUrl\":\"http:\\\/\\\/www.rukajarvensuunnanhistoriayhdistys.fi\\\/historiayhdistys\\\/wp-content\\\/uploads\\\/2013\\\/12\\\/Otsake_3.jpg\",\"width\":1000,\"height\":442,\"caption\":\"Rukaj\u00e4rven suunnan historiayhdistys\"},\"image\":{\"@id\":\"http:\\\/\\\/www.rukajarvensuunnanhistoriayhdistys.fi\\\/historiayhdistys\\\/#\\\/schema\\\/logo\\\/image\\\/\"}},{\"@type\":\"Person\",\"@id\":\"http:\\\/\\\/www.rukajarvensuunnanhistoriayhdistys.fi\\\/historiayhdistys\\\/#\\\/schema\\\/person\\\/19de7db68bf72dfd2b5d7f6dfbf8454d\",\"name\":\"RSHY\",\"image\":{\"@type\":\"ImageObject\",\"inLanguage\":\"fi\",\"@id\":\"https:\\\/\\\/secure.gravatar.com\\\/avatar\\\/598d59263a69cc8de65fcb4f9db78d6f58c098cb0e0ba22d73377441af9fa04c?s=96&d=blank&r=g\",\"url\":\"https:\\\/\\\/secure.gravatar.com\\\/avatar\\\/598d59263a69cc8de65fcb4f9db78d6f58c098cb0e0ba22d73377441af9fa04c?s=96&d=blank&r=g\",\"contentUrl\":\"https:\\\/\\\/secure.gravatar.com\\\/avatar\\\/598d59263a69cc8de65fcb4f9db78d6f58c098cb0e0ba22d73377441af9fa04c?s=96&d=blank&r=g\",\"caption\":\"RSHY\"},\"url\":\"http:\\\/\\\/www.rukajarvensuunnanhistoriayhdistys.fi\\\/historiayhdistys\\\/author\\\/rshy\\\/\"}]}<\/script>\n<!-- \/ Yoast SEO plugin. -->","yoast_head_json":{"title":"Ty\u00f6t jatkuivat Jukolan motissa ja vieraita k\u00e4vi - Rukaj\u00e4rven suunnan historiayhdistys","robots":{"index":"index","follow":"follow","max-snippet":"max-snippet:-1","max-image-preview":"max-image-preview:large","max-video-preview":"max-video-preview:-1"},"canonical":"http:\/\/www.rukajarvensuunnanhistoriayhdistys.fi\/historiayhdistys\/tyot-jatkuivat-jukolan-motissa-ja-vieraita-kavi\/","og_locale":"fi_FI","og_type":"article","og_title":"Ty\u00f6t jatkuivat Jukolan motissa ja vieraita k\u00e4vi - Rukaj\u00e4rven suunnan historiayhdistys","og_description":"Jukolan motin puuvaja valmistui. Vastaava ty\u00f6njohtaja Matti Kilpel\u00e4inen k\u00e4vi ty\u00f6n hyv\u00e4ksym\u00e4ss\u00e4. Osallistuipa h\u00e4n poikineen Miskan ja Pertin kanssa puiden siirt\u00e4miseen uuteen puuvajaan. Nyt puut ovat katon alla kuivumassa. T\u00e4n\u00e4\u00e4n talkoot\u00f6ihin Teksti jatkuu...Ty\u00f6t jatkuivat Jukolan motissa ja vieraita k\u00e4vi\u2192","og_url":"http:\/\/www.rukajarvensuunnanhistoriayhdistys.fi\/historiayhdistys\/tyot-jatkuivat-jukolan-motissa-ja-vieraita-kavi\/","og_site_name":"Rukaj\u00e4rven suunnan historiayhdistys","article_published_time":"2015-05-23T15:26:28+00:00","og_image":[{"width":1024,"height":681,"url":"http:\/\/www.rukajarvensuunnanhistoriayhdistys.fi\/historiayhdistys\/wp-content\/uploads\/2015\/05\/DSC00771-Matti-K-ym-1024x681.jpg","type":"image\/jpeg"}],"author":"RSHY","twitter_misc":{"Kirjoittanut":"RSHY","Arvioitu lukuaika":"1 minuutti"},"schema":{"@context":"https:\/\/schema.org","@graph":[{"@type":"Article","@id":"http:\/\/www.rukajarvensuunnanhistoriayhdistys.fi\/historiayhdistys\/tyot-jatkuivat-jukolan-motissa-ja-vieraita-kavi\/#article","isPartOf":{"@id":"http:\/\/www.rukajarvensuunnanhistoriayhdistys.fi\/historiayhdistys\/tyot-jatkuivat-jukolan-motissa-ja-vieraita-kavi\/"},"author":{"name":"RSHY","@id":"http:\/\/www.rukajarvensuunnanhistoriayhdistys.fi\/historiayhdistys\/#\/schema\/person\/19de7db68bf72dfd2b5d7f6dfbf8454d"},"headline":"Ty\u00f6t jatkuivat Jukolan motissa ja vieraita k\u00e4vi","datePublished":"2015-05-23T15:26:28+00:00","mainEntityOfPage":{"@id":"http:\/\/www.rukajarvensuunnanhistoriayhdistys.fi\/historiayhdistys\/tyot-jatkuivat-jukolan-motissa-ja-vieraita-kavi\/"},"wordCount":233,"publisher":{"@id":"http:\/\/www.rukajarvensuunnanhistoriayhdistys.fi\/historiayhdistys\/#organization"},"image":{"@id":"http:\/\/www.rukajarvensuunnanhistoriayhdistys.fi\/historiayhdistys\/tyot-jatkuivat-jukolan-motissa-ja-vieraita-kavi\/#primaryimage"},"thumbnailUrl":"http:\/\/www.rukajarvensuunnanhistoriayhdistys.fi\/historiayhdistys\/wp-content\/uploads\/2015\/05\/DSC00771-Matti-K-ym.jpg","articleSection":["Ajankohtaista"],"inLanguage":"fi"},{"@type":"WebPage","@id":"http:\/\/www.rukajarvensuunnanhistoriayhdistys.fi\/historiayhdistys\/tyot-jatkuivat-jukolan-motissa-ja-vieraita-kavi\/","url":"http:\/\/www.rukajarvensuunnanhistoriayhdistys.fi\/historiayhdistys\/tyot-jatkuivat-jukolan-motissa-ja-vieraita-kavi\/","name":"Ty\u00f6t jatkuivat Jukolan motissa ja vieraita k\u00e4vi - Rukaj\u00e4rven suunnan historiayhdistys","isPartOf":{"@id":"http:\/\/www.rukajarvensuunnanhistoriayhdistys.fi\/historiayhdistys\/#website"},"primaryImageOfPage":{"@id":"http:\/\/www.rukajarvensuunnanhistoriayhdistys.fi\/historiayhdistys\/tyot-jatkuivat-jukolan-motissa-ja-vieraita-kavi\/#primaryimage"},"image":{"@id":"http:\/\/www.rukajarvensuunnanhistoriayhdistys.fi\/historiayhdistys\/tyot-jatkuivat-jukolan-motissa-ja-vieraita-kavi\/#primaryimage"},"thumbnailUrl":"http:\/\/www.rukajarvensuunnanhistoriayhdistys.fi\/historiayhdistys\/wp-content\/uploads\/2015\/05\/DSC00771-Matti-K-ym.jpg","datePublished":"2015-05-23T15:26:28+00:00","breadcrumb":{"@id":"http:\/\/www.rukajarvensuunnanhistoriayhdistys.fi\/historiayhdistys\/tyot-jatkuivat-jukolan-motissa-ja-vieraita-kavi\/#breadcrumb"},"inLanguage":"fi","potentialAction":[{"@type":"ReadAction","target":["http:\/\/www.rukajarvensuunnanhistoriayhdistys.fi\/historiayhdistys\/tyot-jatkuivat-jukolan-motissa-ja-vieraita-kavi\/"]}]},{"@type":"ImageObject","inLanguage":"fi","@id":"http:\/\/www.rukajarvensuunnanhistoriayhdistys.fi\/historiayhdistys\/tyot-jatkuivat-jukolan-motissa-ja-vieraita-kavi\/#primaryimage","url":"http:\/\/www.rukajarvensuunnanhistoriayhdistys.fi\/historiayhdistys\/wp-content\/uploads\/2015\/05\/DSC00771-Matti-K-ym.jpg","contentUrl":"http:\/\/www.rukajarvensuunnanhistoriayhdistys.fi\/historiayhdistys\/wp-content\/uploads\/2015\/05\/DSC00771-Matti-K-ym.jpg","width":4592,"height":3056,"caption":"Vastaava ty\u00f6njohtaja Matti Kilpel\u00e4inen ja h\u00e4nen poikansa Pertti ja Miska ryhtyiv\u00e4t heti aamukahvin j\u00e4lkeen puunkantot\u00f6ihin."},{"@type":"BreadcrumbList","@id":"http:\/\/www.rukajarvensuunnanhistoriayhdistys.fi\/historiayhdistys\/tyot-jatkuivat-jukolan-motissa-ja-vieraita-kavi\/#breadcrumb","itemListElement":[{"@type":"ListItem","position":1,"name":"Etusivu","item":"http:\/\/www.rukajarvensuunnanhistoriayhdistys.fi\/historiayhdistys\/"},{"@type":"ListItem","position":2,"name":"Ty\u00f6t jatkuivat Jukolan motissa ja vieraita k\u00e4vi"}]},{"@type":"WebSite","@id":"http:\/\/www.rukajarvensuunnanhistoriayhdistys.fi\/historiayhdistys\/#website","url":"http:\/\/www.rukajarvensuunnanhistoriayhdistys.fi\/historiayhdistys\/","name":"Rukaj\u00e4rven suunnan historiayhdistys","description":"Rukaj\u00e4rven suunnan historiayhdistyksen verkkosivut.","publisher":{"@id":"http:\/\/www.rukajarvensuunnanhistoriayhdistys.fi\/historiayhdistys\/#organization"},"potentialAction":[{"@type":"SearchAction","target":{"@type":"EntryPoint","urlTemplate":"http:\/\/www.rukajarvensuunnanhistoriayhdistys.fi\/historiayhdistys\/?s={search_term_string}"},"query-input":{"@type":"PropertyValueSpecification","valueRequired":true,"valueName":"search_term_string"}}],"inLanguage":"fi"},{"@type":"Organization","@id":"http:\/\/www.rukajarvensuunnanhistoriayhdistys.fi\/historiayhdistys\/#organization","name":"Rukaj\u00e4rven suunnan historiayhdistys","url":"http:\/\/www.rukajarvensuunnanhistoriayhdistys.fi\/historiayhdistys\/","logo":{"@type":"ImageObject","inLanguage":"fi","@id":"http:\/\/www.rukajarvensuunnanhistoriayhdistys.fi\/historiayhdistys\/#\/schema\/logo\/image\/","url":"http:\/\/www.rukajarvensuunnanhistoriayhdistys.fi\/historiayhdistys\/wp-content\/uploads\/2013\/12\/Otsake_3.jpg","contentUrl":"http:\/\/www.rukajarvensuunnanhistoriayhdistys.fi\/historiayhdistys\/wp-content\/uploads\/2013\/12\/Otsake_3.jpg","width":1000,"height":442,"caption":"Rukaj\u00e4rven suunnan historiayhdistys"},"image":{"@id":"http:\/\/www.rukajarvensuunnanhistoriayhdistys.fi\/historiayhdistys\/#\/schema\/logo\/image\/"}},{"@type":"Person","@id":"http:\/\/www.rukajarvensuunnanhistoriayhdistys.fi\/historiayhdistys\/#\/schema\/person\/19de7db68bf72dfd2b5d7f6dfbf8454d","name":"RSHY","image":{"@type":"ImageObject","inLanguage":"fi","@id":"https:\/\/secure.gravatar.com\/avatar\/598d59263a69cc8de65fcb4f9db78d6f58c098cb0e0ba22d73377441af9fa04c?s=96&d=blank&r=g","url":"https:\/\/secure.gravatar.com\/avatar\/598d59263a69cc8de65fcb4f9db78d6f58c098cb0e0ba22d73377441af9fa04c?s=96&d=blank&r=g","contentUrl":"https:\/\/secure.gravatar.com\/avatar\/598d59263a69cc8de65fcb4f9db78d6f58c098cb0e0ba22d73377441af9fa04c?s=96&d=blank&r=g","caption":"RSHY"},"url":"http:\/\/www.rukajarvensuunnanhistoriayhdistys.fi\/historiayhdistys\/author\/rshy\/"}]}},"_links":{"self":[{"href":"http:\/\/www.rukajarvensuunnanhistoriayhdistys.fi\/historiayhdistys\/wp-json\/wp\/v2\/posts\/9995","targetHints":{"allow":["GET"]}}],"collection":[{"href":"http:\/\/www.rukajarvensuunnanhistoriayhdistys.fi\/historiayhdistys\/wp-json\/wp\/v2\/posts"}],"about":[{"href":"http:\/\/www.rukajarvensuunnanhistoriayhdistys.fi\/historiayhdistys\/wp-json\/wp\/v2\/types\/post"}],"author":[{"embeddable":true,"href":"http:\/\/www.rukajarvensuunnanhistoriayhdistys.fi\/historiayhdistys\/wp-json\/wp\/v2\/users\/3"}],"replies":[{"embeddable":true,"href":"http:\/\/www.rukajarvensuunnanhistoriayhdistys.fi\/historiayhdistys\/wp-json\/wp\/v2\/comments?post=9995"}],"version-history":[{"count":2,"href":"http:\/\/www.rukajarvensuunnanhistoriayhdistys.fi\/historiayhdistys\/wp-json\/wp\/v2\/posts\/9995\/revisions"}],"predecessor-version":[{"id":9999,"href":"http:\/\/www.rukajarvensuunnanhistoriayhdistys.fi\/historiayhdistys\/wp-json\/wp\/v2\/posts\/9995\/revisions\/9999"}],"wp:featuredmedia":[{"embeddable":true,"href":"http:\/\/www.rukajarvensuunnanhistoriayhdistys.fi\/historiayhdistys\/wp-json\/wp\/v2\/media\/9996"}],"wp:attachment":[{"href":"http:\/\/www.rukajarvensuunnanhistoriayhdistys.fi\/historiayhdistys\/wp-json\/wp\/v2\/media?parent=9995"}],"wp:term":[{"taxonomy":"category","embeddable":true,"href":"http:\/\/www.rukajarvensuunnanhistoriayhdistys.fi\/historiayhdistys\/wp-json\/wp\/v2\/categories?post=9995"},{"taxonomy":"post_tag","embeddable":true,"href":"http:\/\/www.rukajarvensuunnanhistoriayhdistys.fi\/historiayhdistys\/wp-json\/wp\/v2\/tags?post=9995"}],"curies":[{"name":"wp","href":"https:\/\/api.w.org\/{rel}","templated":true}]}}