{"id":10601,"date":"2020-07-13T11:54:53","date_gmt":"2020-07-13T08:54:53","guid":{"rendered":"http:\/\/www.rukajarvensuunnanhistoriayhdistys.fi\/rukajarvikeskus\/?p=10601"},"modified":"2020-07-13T11:56:05","modified_gmt":"2020-07-13T08:56:05","slug":"pioneerit-jarjestavat-yhteisen-tapaamisen-sittenkin-9-7-2020","status":"publish","type":"post","link":"http:\/\/www.rukajarvensuunnanhistoriayhdistys.fi\/rukajarvikeskus\/tapahtumat\/pioneerit-jarjestavat-yhteisen-tapaamisen-sittenkin-9-7-2020\/","title":{"rendered":"Pioneerit j\u00e4rjestiv\u00e4t yhteisen tapaamisen sittenkin 9.7.2020"},"content":{"rendered":"<div class=\"fcbkbttn_buttons_block\" id=\"fcbkbttn_left\"><div class=\"fcbkbttn_like \"><fb:like href=\"http:\/\/www.rukajarvensuunnanhistoriayhdistys.fi\/rukajarvikeskus\/tapahtumat\/pioneerit-jarjestavat-yhteisen-tapaamisen-sittenkin-9-7-2020\/\" action=\"like\" colorscheme=\"light\" layout=\"button_count\"  size=\"small\"><\/fb:like><\/div><\/div>\n<p>Pioneeripataljoona 24 veteraanit kokoontuivat j\u00e4lleen. N\u00e4in on tapahtunut vuodesta 1973 alkaen. T\u00e4t\u00e4 voitaneen pit\u00e4\u00e4 Suomen enn\u00e4tyksen\u00e4. Rukaj\u00e4rven suunnan veteraanien yhteistapaaminen alkoi vasta vuonna 1966. Veteraanitoimikunnan j\u00e4rjest\u00e4mi\u00e4 tilaisuuksia pidettiin aina vuoteen 2004 yhteens\u00e4 19 kertaa mink\u00e4 j\u00e4lkeen tilaisuuksia on pidetty 14. Divisioonan perinneyhdistyksen toimesta 15 kertaa ja Rukaj\u00e4rven suunnan historiayhdisty ry vuodesta 2009 l\u00e4htien yhteens\u00e4 n. 30 erilaista veteraanitilaisuutta.<\/p>\n\n\n\n<figure class=\"wp-block-image size-large\"><img decoding=\"async\" src=\"http:\/\/www.rukajarvensuunnanhistoriayhdistys.fi\/historiayhdistys\/wp-content\/uploads\/2015\/05\/DSC00715-1024x681.jpg\" alt=\"\" class=\"wp-image-9947\"\/><figcaption>PionP. 24:n veteraani ovat kokoontuneet vuosittain per\u00e4ti 46 kertaa. Kuvassa Pauli Uusim\u00e4ki, Aarre \u00d6\u00f6rni, Toivo Pekkala, Yrj\u00f6 Savola ja Osmo Korkea-aho, Seppo Tallbacka, Riiita ja Mikko P\u00e4\u00e4llysaho sek\u00e4 edess\u00e4 Kerttu \u00d6\u00f6rni ja Eila Savola. Kuva 9.5.2015 j\u00e4rjestetyst\u00e4 tilaisuudesta.<\/figcaption><\/figure>\n\n\n\n<p>Pioneerikokous j\u00e4rjestet\u00e4\u00e4n t\u00e4ll\u00e4 kertaa 9.7.2020 alkaen klo 11.00 Kylpyl\u00e4 Kivitipussa. Rukaj\u00e4rven suunnan historiayhdistyksest\u00e4 tilaisuuteen osallistuvat puheenjohtaja Seppo R\u00e4ih\u00e4, varapuheenjohtaja Seppo Ryh\u00e4nen sek\u00e4 Tenho Tikkanen sek\u00e4 Erkki Ylisippola.<\/p>\n\n\n\n<p>Vuonna 2019 j\u00e4rjestetyn PionP 24 veteraanitapaamisesta kertovaan juttuun voi tutustua <strong><a href=\"http:\/\/www.rukajarvensuunnanhistoriayhdistys.fi\/historiayhdistys\/veteraani-yrjo-savola-lappajarvella-joukko-pienenee-kuin-hiipuva-hiillos\/\">T\u00c4\u00c4LT\u00c4<\/a><\/strong> ja mm. vuoden 2015 tilaisuuteen <strong><a href=\"http:\/\/www.rukajarvensuunnanhistoriayhdistys.fi\/historiayhdistys\/puheenjohtajan-tervehdys-pioneerijuhlassa-lappajarvella-9-5-2015\/\">T\u00c4\u00c4LT\u00c4<\/a><\/strong>:<\/p>\n\n\n\n<p><strong>Pion.P 24 veteraanitapaaminen Kylpyl\u00e4-Kivitipussa 10.7.2010<\/strong><\/p>\n\n\n\n<p>Pioneeripataljoona 24 killan puheenjohtaja <strong>Seppo Tallbacka<\/strong> avasi kokouksen. Avauksessaan h\u00e4n k\u00e4sitteli tilaisuuden j\u00e4rjest\u00e4miseen liittyvi\u00e4 vaikeuksia, ja kertoi, ett\u00e4 perusteellisen harkinnan j\u00e4lkeen perinteit\u00e4 p\u00e4\u00e4tettiin jatkaa per\u00e4tt\u00e4isin\u00e4 vuosina nyt jo 48 kerran.<\/p>\n\n\n\n<figure class=\"wp-block-image size-large\"><img decoding=\"async\" src=\"http:\/\/www.rukajarvensuunnanhistoriayhdistys.fi\/historiayhdistys\/wp-content\/uploads\/2020\/07\/IMG_20200709_104614-T-1024x768.jpg\" alt=\"\" class=\"wp-image-13783\"\/><figcaption>Eila ja Yrj\u00f6 Savola, Seppo Tallbacka, Seppo Ryh\u00e4nen, Seppo R\u00e4ih\u00e4, Mikko ja Riitta P\u00e4\u00e4llysaho, Kerttu ja Aarre \u00d6\u00f6rni. Kuva Tenho Tikkanen.<\/figcaption><\/figure>\n\n\n\n<figure class=\"wp-block-image size-large\"><img decoding=\"async\" src=\"http:\/\/www.rukajarvensuunnanhistoriayhdistys.fi\/historiayhdistys\/wp-content\/uploads\/2020\/07\/IMG_20200709_105116-T-1024x768.jpg\" alt=\"\" class=\"wp-image-13785\"\/><figcaption>Suomen Rauhanturvaajaliiton puheenjohtaja prikaatikenraali Mauri Koskela, veteraani Yrj\u00f6 Savola ja Pioneerikillan puheenjohtaja Seppo Tallbacka.<\/figcaption><\/figure>\n\n\n\n<p><strong>Veteraani Yrj\u00f6 Savola<\/strong> k\u00e4ytti veteraanien puheenvuoron, jossa h\u00e4n aluksi onnitteli prikaatikenraali Mauri Koskelaa h\u00e4nelle Tasavallan Presidentin Suomen lippujuhlan p\u00e4iv\u00e4n\u00e4 my\u00f6nt\u00e4m\u00e4st\u00e4 Suomen Valkoisen ruusun komentajamerkist\u00e4.<\/p>\n\n\n\n<p>Savola muisteli esitelm\u00e4ss\u00e4\u00e4n Pion.P 24 nuorimman ik\u00e4luokan rintamalle l\u00e4ht\u00f6\u00e4 ja my\u00f6s rintamaoloja. Savola kertoi veteraanien sotien j\u00e4lkeisest\u00e4 sotahistoriaty\u00f6st\u00e4. Savola, jos kuka tuntee aseveljiens\u00e4 yhteistapaamisten historiatiedon prikulleen, koska h\u00e4n on toiminut koko t\u00e4m\u00e4n ajan killan sihteerin\u00e4 ja taloudenhoitajana. Savolan kirjoittama omael\u00e4m\u00e4kerta ja Pion.P 24 veteraanity\u00f6n historiikki antaa t\u00e4h\u00e4n erinomaisen pohjan.<\/p>\n\n\n\n<p>Savolan aiempina vuosina esitt\u00e4mist\u00e4 aforismeista on j\u00e4\u00e4nyt el\u00e4m\u00e4\u00e4n mm. puhe, jossa Savola vertasi veteraanitoimintaa \u201dhiipuvaan nuotioon\u201d, se pienenee, mutta sen saa kovin helposti toimimaan sit\u00e4 hoivaamalla, puhaltamalla ja puita lis\u00e4\u00e4m\u00e4ll\u00e4. Veteraanity\u00f6t\u00e4 tukevat nykyisin valtio ja kunnat sek\u00e4 muut tukijoukot, jotka pit\u00e4v\u00e4t huolen siit\u00e4, ett\u00e4 \u201dt\u00e4m\u00e4 hiipuva joukko\u201d saa kunniakkaan hiipumisen ja viimeisenkin hiilen sammumisesta huolehditaan. T\u00e4st\u00e4 veteraanit kiitt\u00e4v\u00e4t! Niin kuin tulisijat ovat j\u00e4tt\u00e4neet j\u00e4lkens\u00e4, niin t\u00e4m\u00e4kin meid\u00e4n tulisijamme j\u00e4tt\u00e4\u00e4 j\u00e4lkens\u00e4 Suomen historiaan, totesi Savola.<\/p>\n\n\n\n<p>Savola on puheissaan kiitoksen mestari, h\u00e4n esitti Rukaj\u00e4rven suunnan historiayhdistykselle veteraanien kiitoksensa monien yhteisten tapaamisten ja n\u00e4yttelyiden j\u00e4rjest\u00e4misest\u00e4 sek\u00e4 my\u00f6s Pioneerien historiikin julkaisemisesta.<\/p>\n\n\n\n<p><strong>Prikaatikenraali Mauri Koskela<\/strong><\/p>\n\n\n\n<p>Prikaatikenraali Mauri Koskela kertoi olevansa yll\u00e4ttynyt Savolan esitt\u00e4mist\u00e4 onnitteluista todeten mm., ett\u00e4 t\u00e4\u00e4ll\u00e4 vire\u00e4t veteraanit seuraavat aikaansa erinomaisen tarkasti. Koskela k\u00e4vi l\u00e4pi veteraanien ty\u00f6n merkityst\u00e4 maamme itsen\u00e4isyydelle ja h\u00e4n oli suorastaan n\u00e4rk\u00e4stynyt veteraanien sodan j\u00e4lkeen saamasta kohtelusta, jossa maansa puolesta taistelleille oli lausuttu h\u00e4vytt\u00f6myyksi\u00e4 \u201dmit\u00e4s menitte.\u201d Koskelan mielest\u00e4 sotaa ei kukaan halua ja sotaan menn\u00e4\u00e4n suurimpien arvojen, kuten maan edun vuoksi ja aina m\u00e4\u00e4r\u00e4yksest\u00e4 ja velvollisuuden tunnosta.<\/p>\n\n\n\n<figure class=\"wp-block-image size-large\"><img decoding=\"async\" src=\"http:\/\/www.rukajarvensuunnanhistoriayhdistys.fi\/historiayhdistys\/wp-content\/uploads\/2020\/07\/IMG_20200709_111643-768x1024.jpg\" alt=\"\" class=\"wp-image-13786\"\/><figcaption>Suomen Rauhanturvaajaliiton puheenjohtaja prikaatikenraali Mauri Koskela <\/figcaption><\/figure>\n\n\n\n<p>Koskela toivoi, ett\u00e4 h\u00e4n toivoo tulevaisuudessa voivansa olla mukana kotikuntansa veteraanity\u00f6ss\u00e4, mik\u00e4li se suinkin on mahdollista. Koskela ilmoitti, ett\u00e4 t\u00e4t\u00e4 ty\u00f6t\u00e4 tulee tukemaan my\u00f6s h\u00e4nen nykyisin johtamansa Suomen rauhanturvaajaliitto.<\/p>\n\n\n\n<p><strong>RSHYry:n puheenjohtaja Seppo R\u00e4ih\u00e4<\/strong><\/p>\n\n\n\n<p>Rukaj\u00e4rven suunnan historiayhdistyksen puheenjohtaja Seppo R\u00e4ih\u00e4 esitti yhdistyksen puolesta kiitokset kutsusta saapua t\u00e4h\u00e4n perinteiseen tilaisuuteen, joka yhdistyksen osalta oli jo per\u00e4ti yhdestoista kerta ja h\u00e4nell\u00e4 henkil\u00f6kohtaisesti kolmas kerta. Puheessaan R\u00e4ih\u00e4 kertoi sen, miksi yhdistys keskittyy sotahistoriatiedon ker\u00e4\u00e4miseen. Olemme siin\u00e4 onnistuneet hyvin. Tarkoin harkittu strateginen tavoitteemme on ollut onnistunut. Rukaj\u00e4rvi-keskusten perustaminen on tuonut meille suuren lis\u00e4arvon saada kokoon Rukaj\u00e4rven suunnan sotahistoriatietoa keskusten kautta. T\u00e4m\u00e4n lis\u00e4ksi olemme j\u00e4rjest\u00e4neet erilaisia n\u00e4yttelyit\u00e4 ja seminaareja ja julkaisseet reilut parikymment\u00e4 teosta. Mutta mik\u00e4 t\u00e4rkeint\u00e4 olemme jatkaneet veteraanien perustaman historiikkitoimikunnan aloittaman aineiston ker\u00e4ysty\u00f6t\u00e4, haastatelleet veteraaneja ja mm. t\u00e4\u00e4ll\u00e4 Pohjanmaalla kaikki elossa olevat Pion.P 24:n veteraanit on videohaastateltu. Yhdistys on perustettu vasta 19.9.2009 tietyss\u00e4 paikassa Marskin Majalla, silti olemme saaneet kokoon valtavan aineistokokonaisuuden, mist\u00e4 toivomme olevan hy\u00f6ty\u00e4 niin veteraanien kuin heid\u00e4n omaistensa sotahistoria- ja sukututkimuksiin. Emme tietenk\u00e4\u00e4n tee t\u00e4t\u00e4 ty\u00f6t\u00e4 itse\u00e4mme varten, vaan tavoitteemme on yhteinen ja aineisto on yhteisess\u00e4 k\u00e4yt\u00f6ss\u00e4.<\/p>\n\n\n\n<figure class=\"wp-block-image size-large\"><img decoding=\"async\" src=\"http:\/\/www.rukajarvensuunnanhistoriayhdistys.fi\/historiayhdistys\/wp-content\/uploads\/2020\/07\/IMG_20200709_113306-T-1024x768.jpg\" alt=\"\" class=\"wp-image-13781\"\/><figcaption>Erkki Ylisippola, Mikko P\u00e4\u00e4llysaho, Mauri Koskela, Yrj\u00f6 Savola, , Seppo Tallbacka, Seppo R\u00e4ih\u00e4, Kerttu ja Aarre \u00d6\u00f6rni, Eila Savola, Riitta P\u00e4\u00e4llysaho, Seppo Ryh\u00e4nen,. RSHYry:n puheenjohtaja Seppo R\u00e4ih\u00e4 esitteli johtamansa yhdistyksen toimintaa. Kuva Tenho Tikkanen.<\/figcaption><\/figure>\n\n\n\n<p>Esit\u00e4mme Rukaj\u00e4rven suunnan veteraaneille kiitoksemme heid\u00e4n uhrautuvasta ty\u00f6st\u00e4\u00e4n sotahistoriatiedon ker\u00e4yksen hyv\u00e4ksi, mik\u00e4 on ollut yhdistyksellemme tukeva perusta jatkaa hyvin aloitettua ty\u00f6t\u00e4.<\/p>\n\n\n\n<p>Puheenjohtaja R\u00e4ih\u00e4 lupasi yhdistyksens\u00e4 ja my\u00f6s omasta puolestaan tukea tavoitetta \u201dkaveria ei j\u00e4tet\u00e4\u201d -hengess\u00e4. T\u00e4\u00e4ll\u00e4 esille nostetun kysymyksen johdosta ilmoitan meid\u00e4n olevan mukana kaikissa siunaus- ja muistotilaisuuksissa mihin saamme kutsun ja mist\u00e4 meill\u00e4 on tietoa. Tulemme laskemaan Rukaj\u00e4rven suunnan historiayhdistyksen havuseppeleen sinivalkoisin nauhoin jokaisen Rukaj\u00e4rven suunnan veteraanin haudalle.<\/p>\n\n\n\n<p><strong>Tenho Tikkanen<\/strong><\/p>\n\n\n\n<p>Rukaj\u00e4rven suunnan historiayhdistyksen ex-puheenjohtaja Tenho Tikkaselle yhteistapaaminen oli yhdestoista. Tikkanen kiitti menestyksekk\u00e4\u00e4st\u00e4 yhteisty\u00f6t\u00e4 Pion.P 24:n veteraaneja. H\u00e4n kertoi aina t\u00e4h\u00e4n vuoteen asti tuoneensa Rukaj\u00e4rven veteraani is\u00e4ns\u00e4 terveiset, joka oli huolehtinut poikansa l\u00e4hd\u00f6st\u00e4 ajallaan h\u00e4nen sotahistoriamatkoilleen. Tikkanen kertoi tiedustelleensa is\u00e4lt\u00e4\u00e4n, miten h\u00e4n saattoi jokaisena aamuna her\u00e4tt\u00e4\u00e4 sovittuna ajankohtana ilman her\u00e4tyskelloa. T\u00e4h\u00e4n h\u00e4n oli saanut vastauksen, ett\u00e4 sota opetti l\u00e4hett\u00e4m\u00e4\u00e4n puolijoukkueenjohtajana miehet vartiovuoroon ja yhdyspartioon ajallaan. Mik\u00e4li vartiovuoron vaihto viiv\u00e4styi, siit\u00e4 nousi suunnaton noituminen. Tikkanen kertoi, ett\u00e4 t\u00e4n\u00e4 aamuna is\u00e4n helmikuisen poismenon j\u00e4lkeen t\u00e4m\u00e4n is\u00e4n teht\u00e4v\u00e4n oli ottanut vastaan h\u00e4nen puolisonsa, joka huolehtii nyt ei her\u00e4tt\u00e4misest\u00e4, vaan jo edellisen\u00e4 iltana pukeutumisesta, mitk\u00e4 housut, mink\u00e4 paidan laitat p\u00e4\u00e4llesi ja onko keng\u00e4t kiillotettu. Moneen kertaan oli puoliso jaksanut huomautella asiasta, jonka vuoksi h\u00e4n oli tiedustellut: \u201dmiten olet oppinut pit\u00e4m\u00e4\u00e4n huolta l\u00e4hd\u00f6st\u00e4ni n\u00e4in hyvin\u201d. Puolison sarkastinen vastaus oli tyydytt\u00e4v\u00e4: \u201dMin\u00e4 olen ollut avioliitossa kanssasi jo yli 50 vuotta.\u201d<\/p>\n\n\n\n<p>Tikkanen p\u00e4\u00e4tti puheensa lukemalla yhdistyksens\u00e4 radiomainoksen tekstin Rukaj\u00e4rven tie ja toivoi mahdollisimman monen tutustuvan Rukaj\u00e4rvi-keskuksiin ja Rukaj\u00e4rven tien kohteisiin.<\/p>\n\n\n\n<p>***<br><strong>Tee kiertoajelumatka Pohjois-Karjalassa ja tutustu Suomen l\u00e4hihistoriaan<\/strong><\/p>\n\n\n\n<p>Maineikas Rukaj\u00e4rven tie, Suomen sota- ja elokuvahistorian helmi Lieksassa odottaa Sinua!<\/p>\n\n\n\n<p>Miss\u00e4 tahansa onkin kehtosi keinunut, suuntaa nyt menopelisi&nbsp;kohti Pielisen-Karjalaa. Siell\u00e4 on mm. Koli ja Rukaj\u00e4rven tie, joka on ainut auktorisoitu Jatkosodan sotatie maassamme.&nbsp;<\/p>\n\n\n\n<p>Lieksasta l\u00f6ytyy my\u00f6s paljon muuta: Suomen kaunein sis\u00e4vesireitti, laajimmat er\u00e4maamelontareitit, maamme paras ulkomuseo, Pielisen museo, rikas sotahistoria, monipuolinen Rukaj\u00e4rvi-keskus n\u00e4yttelyineen.<\/p>\n\n\n\n<p>Korkeakulttuuriakin on tarjolla Sibeliuksesta Alvar Aaltoon, Ryyn\u00e4sen Paateri, Reima Pietil\u00e4n piirt\u00e4m\u00e4 kaunis kirkko ja todella kaunis kirkkopuisto. L\u00e4hell\u00e4 on my\u00f6s Bomba.&nbsp;L\u00f6nnrotin sanoja lainaten \u2013 \u201dkaikki k\u00e4velymatkan p\u00e4\u00e4ss\u00e4!\u201d<\/p>\n\n\n\n<p>Korona-ajan karanteenien helpottaessa suosit samalla kotimaan matkailua, tuet konkreettisesti suomalaisten hyvinvointia ja Rukaj\u00e4rven suunnan historiaty\u00f6t\u00e4!.&nbsp;&nbsp;<\/p>\n\n\n\n<p>Tervetuloa tutustumaan ja viihtym\u00e4\u00e4n Rukaj\u00e4rven tiell\u00e4!<\/p>\n\n\n\n<p>Kaveria ei j\u00e4tet\u00e4!&nbsp;<\/p>\n\n\n\n<p>Rukaj\u00e4rvi-keskukset Lieksa ja Iisalmi.<\/p>\n\n\n\n<p>***<\/p>\n\n\n\n<p>Koska Tikkasen puhe keskeytyi tilaisuudessa veteraani Aarre \u00d6\u00f6rnin pahoinvointikohtauksen vuoksi, julkaisemme Tikkasen puheenvuoron j\u00e4lkikirjoituksena kokonaisuudessaan ja siihen voi tutustua <strong>T\u00c4\u00c4LT\u00c4<\/strong>:<\/p>\n\n\n\n<p><strong>Pion.P 24 elossa olevat veteraanit:<\/strong><\/p>\n\n\n\n<p>Sodan j\u00e4lkeisest\u00e4 t\u00e4ydennysjoukosta, 151 sotilaasta, on en\u00e4\u00e4 elossa seitsem\u00e4n, eli <strong>Ekola Esko, <\/strong>22.3.1924 (Ala-H\u00e4rm\u00e4), <strong>M\u00e4ki-Kojola Heikki<\/strong>, 1.2.1924 (Ala-H\u00e4rm\u00e4), <strong>Korkea-aho Osmo<\/strong>, 19.7.1923 (Alaj\u00e4rvi), <strong>Pitk\u00e4nen Juho<\/strong>, 12.2.1924 (Alaj\u00e4rvi), <strong>Savola Yrj\u00f6<\/strong>, 14.2.1923 (Lappaj\u00e4rvi), <strong>Uusim\u00e4ki Pauli<\/strong>, 8.6.1924 (Vimpeli) ja <strong>\u00d6\u00f6rni Aarre<\/strong>, 12.5.1924 (Lappaj\u00e4rvi).<\/p>\n\n\n\n<figure class=\"wp-block-image size-large\"><img decoding=\"async\" src=\"http:\/\/www.rukajarvensuunnanhistoriayhdistys.fi\/historiayhdistys\/wp-content\/uploads\/2020\/07\/IMG_20200709_104641-1024x768.jpg\" alt=\"\" class=\"wp-image-13784\"\/><figcaption>Eila ja Yrj\u00f6 Savola, Seppo Tallbacka, Seppo Ryh\u00e4nen, Seppo R\u00e4ih\u00e4, Mikko P\u00e4\u00e4llysaho, Tenho Tikkanen,, Kerttu ja Aarre \u00d6\u00f6rni.Kuvan otti Riitta P\u00e4\u00e4llysaho.<\/figcaption><\/figure>\n\n\n\n<figure class=\"wp-block-image size-large\"><img decoding=\"async\" src=\"http:\/\/www.rukajarvensuunnanhistoriayhdistys.fi\/historiayhdistys\/wp-content\/uploads\/2020\/07\/IMG_20200709_122534-1024x768.jpg\" alt=\"\" class=\"wp-image-13789\"\/><figcaption>Kylpyl\u00e4 Kivitipun kokousj\u00e4rjestelyt olivat hyv\u00e4t, jopa ensiapu toimi erinomaisesti ja maittava ruoka tarjoiltiin kokoustilaan. Veteraanit esittiv\u00e4t j\u00e4rjestelyist\u00e4 parhaat kiitoksensa.<\/figcaption><\/figure>\n\n\n\n<p>Pioneeripataljoona 24:n veteraanity\u00f6n historiikkiin voi tutustua<a href=\"http:\/\/www.rukajarvensuunnanhistoriayhdistys.fi\/historiayhdistys\/wp-content\/uploads\/2020\/07\/PionP-24-Historiikki.pdf\"> <\/a><strong><a href=\"http:\/\/www.rukajarvensuunnanhistoriayhdistys.fi\/historiayhdistys\/wp-content\/uploads\/2020\/07\/PionP-24-Historiikki.pdf\">T\u00c4\u00c4LT\u00c4<\/a><\/strong>:<\/p>\n","protected":false},"excerpt":{"rendered":"<p>Pioneeripataljoona 24 veteraanit kokoontuivat j\u00e4lleen. N\u00e4in on tapahtunut vuodesta 1973 alkaen. T\u00e4t\u00e4 voitaneen pit\u00e4\u00e4 Suomen enn\u00e4tyksen\u00e4. Rukaj\u00e4rven suunnan veteraanien yhteistapaaminen alkoi vasta vuonna 1966. Veteraanitoimikunnan j\u00e4rjest\u00e4mi\u00e4 tilaisuuksia pidettiin aina vuoteen <a class=\"more-link\" href=\"http:\/\/www.rukajarvensuunnanhistoriayhdistys.fi\/rukajarvikeskus\/tapahtumat\/pioneerit-jarjestavat-yhteisen-tapaamisen-sittenkin-9-7-2020\/\">Lue lis\u00e4\u00e4&#8230;<span class=\"screen-reader-text\">Pioneerit j\u00e4rjestiv\u00e4t yhteisen tapaamisen sittenkin 9.7.2020<\/span><span class=\"meta-nav\">\u2192<\/span><\/a><\/p>\n","protected":false},"author":4,"featured_media":0,"comment_status":"closed","ping_status":"open","sticky":false,"template":"","format":"standard","meta":{"ngg_post_thumbnail":0,"_jetpack_newsletter_access":"","_jetpack_dont_email_post_to_subs":false,"_jetpack_newsletter_tier_id":0,"_jetpack_memberships_contains_paywalled_content":false,"_jetpack_memberships_contains_paid_content":false,"footnotes":""},"categories":[26,31,32,15],"tags":[],"class_list":["post-10601","post","type-post","status-publish","format-standard","hentry","category-ajankohtaista","category-esitelmat","category-historiayhdistys","category-tapahtumat"],"jetpack_featured_media_url":"","jetpack_sharing_enabled":true,"jetpack_shortlink":"https:\/\/wp.me\/p72N2f-2KZ","_links":{"self":[{"href":"http:\/\/www.rukajarvensuunnanhistoriayhdistys.fi\/rukajarvikeskus\/wp-json\/wp\/v2\/posts\/10601","targetHints":{"allow":["GET"]}}],"collection":[{"href":"http:\/\/www.rukajarvensuunnanhistoriayhdistys.fi\/rukajarvikeskus\/wp-json\/wp\/v2\/posts"}],"about":[{"href":"http:\/\/www.rukajarvensuunnanhistoriayhdistys.fi\/rukajarvikeskus\/wp-json\/wp\/v2\/types\/post"}],"author":[{"embeddable":true,"href":"http:\/\/www.rukajarvensuunnanhistoriayhdistys.fi\/rukajarvikeskus\/wp-json\/wp\/v2\/users\/4"}],"replies":[{"embeddable":true,"href":"http:\/\/www.rukajarvensuunnanhistoriayhdistys.fi\/rukajarvikeskus\/wp-json\/wp\/v2\/comments?post=10601"}],"version-history":[{"count":2,"href":"http:\/\/www.rukajarvensuunnanhistoriayhdistys.fi\/rukajarvikeskus\/wp-json\/wp\/v2\/posts\/10601\/revisions"}],"predecessor-version":[{"id":10603,"href":"http:\/\/www.rukajarvensuunnanhistoriayhdistys.fi\/rukajarvikeskus\/wp-json\/wp\/v2\/posts\/10601\/revisions\/10603"}],"wp:attachment":[{"href":"http:\/\/www.rukajarvensuunnanhistoriayhdistys.fi\/rukajarvikeskus\/wp-json\/wp\/v2\/media?parent=10601"}],"wp:term":[{"taxonomy":"category","embeddable":true,"href":"http:\/\/www.rukajarvensuunnanhistoriayhdistys.fi\/rukajarvikeskus\/wp-json\/wp\/v2\/categories?post=10601"},{"taxonomy":"post_tag","embeddable":true,"href":"http:\/\/www.rukajarvensuunnanhistoriayhdistys.fi\/rukajarvikeskus\/wp-json\/wp\/v2\/tags?post=10601"}],"curies":[{"name":"wp","href":"https:\/\/api.w.org\/{rel}","templated":true}]}}