{"id":10605,"date":"2020-07-27T16:21:46","date_gmt":"2020-07-27T13:21:46","guid":{"rendered":"http:\/\/www.rukajarvensuunnanhistoriayhdistys.fi\/rukajarvikeskus\/?p=10605"},"modified":"2020-07-27T21:52:35","modified_gmt":"2020-07-27T18:52:35","slug":"olemme-mukana-pielaveden-vaaraslahdella-1-8-2020-klo-10-00-14-00","status":"publish","type":"post","link":"http:\/\/www.rukajarvensuunnanhistoriayhdistys.fi\/rukajarvikeskus\/tapahtumat\/olemme-mukana-pielaveden-vaaraslahdella-1-8-2020-klo-10-00-14-00\/","title":{"rendered":"Olemme mukana Pielaveden Vaaraslahdella 1.8.2020 klo 10.00 \u2013 14.00"},"content":{"rendered":"<div class=\"fcbkbttn_buttons_block\" id=\"fcbkbttn_left\"><div class=\"fcbkbttn_like \"><fb:like href=\"http:\/\/www.rukajarvensuunnanhistoriayhdistys.fi\/rukajarvikeskus\/tapahtumat\/olemme-mukana-pielaveden-vaaraslahdella-1-8-2020-klo-10-00-14-00\/\" action=\"like\" colorscheme=\"light\" layout=\"button_count\"  size=\"small\"><\/fb:like><\/div><\/div>\n<p>Vaaraslahdella Pohjois-Pielaveden kyl\u00e4yhdistyksen j\u00e4rjest\u00e4mille maalaismarkkinoille olemme koonneet valokuvan\u00e4yttelyn Kev.Os. 2:sta.<\/p>\n\n\n\n<figure class=\"wp-block-image\"><img decoding=\"async\" src=\"http:\/\/www.rukajarvensuunnanhistoriayhdistys.fi\/historiayhdistys\/wp-content\/uploads\/2020\/07\/Pohjois-Pielaveden-Maalaismarkkinat-1-8-2020-724x1024.jpg\" alt=\"T\u00e4m\u00e4n kuvan alt-attribuutti on tyhj\u00e4; Tiedoston nimi on Pohjois-Pielaveden-Maalaismarkkinat-1-8-2020-724x1024.jpg\"\/><\/figure>\n\n\n\n<p>Tilaisuudessa kuullaan ainakin seuraavat esitelm\u00e4t: &#8211; YH-aika ja Pielavesi 30 min, &#8211; Pielaveden miehet Talvisodassa 30 min<\/p>\n\n\n\n<p>Jos aikaa j\u00e4\u00e4: &#8211; Rukaj\u00e4rven suunnan sodanj\u00e4lkeinen sotahistoriaty\u00f6<\/p>\n\n\n\n<p>N\u00e4yttelyn avaa Rukaj\u00e4rven suunnan historiayhdistyksen puheenjohtaja Seppo R\u00e4ih\u00e4, joka yhdess\u00e4 Pentti K\u00e4rkk\u00e4isen kanssa pit\u00e4\u00e4 ensin mainitut esitelm\u00e4t. Tenho Tikkanen on varautunut esitelm\u00f6im\u00e4\u00e4n viimeksi mainitusta aihepiirist\u00e4, mik\u00e4li aikaa riitt\u00e4\u00e4.<\/p>\n\n\n\n<p>Lis\u00e4ksi paikalla voi halutessaan tutustua my\u00f6s videonauhoitteisiin. N\u00e4yttelytilassa katsottavissa useita videita:<\/p>\n\n\n\n<p>A-El\u00e4m\u00e4\u00e4 sodan keskell\u00e4 1941 \u2013 1944 (2:31)<\/p>\n\n\n\n<p>1 -Meh\u00e4n olimme viel\u00e4 nuoria (1:37)<\/p>\n\n\n\n<p>2 -Mesikk\u00e4 &#8211; Raappanan karhunpentu-1 (5:28)<\/p>\n\n\n\n<p>3 -A2_Rauhanjuna_SQ (9:02)<\/p>\n\n\n\n<p>4 -Marski &#8211; kolme p\u00e4iv\u00e4\u00e4 Rukaj\u00e4rvell\u00e4 (12:22)<\/p>\n\n\n\n<p>5 -Rukahovin tarina &#8211; 11-10-2018 (8:36)<\/p>\n\n\n\n<p>6 -Rukaj\u00e4rven rintaman taidetta Kalle Halonen-RSHY (2:45)<\/p>\n\n\n\n<p>7 -Turunen mauno &#8211; majewski-1 (14:17)<\/p>\n\n\n\n<p>8 -pentti perttuli &#8211; el\u00e4m\u00e4nty\u00f6n\u00e4 rukaj\u00e4rven suunta.movie (7:44)<\/p>\n\n\n\n<p>9 -Pian 100-vuotiaan Pentti Perttulin joulu 1941 Rukaj\u00e4rven rintamalla (6:40)<\/p>\n\n\n\n<p>10 -Tuntematon-Veteraanin\u00e4yt\u00f6s-Koljonvirta-8-7-2017 (2:24)<\/p>\n","protected":false},"excerpt":{"rendered":"<p>Vaaraslahdella Pohjois-Pielaveden kyl\u00e4yhdistyksen j\u00e4rjest\u00e4mille maalaismarkkinoille olemme koonneet valokuvan\u00e4yttelyn Kev.Os. 2:sta. Tilaisuudessa kuullaan ainakin seuraavat esitelm\u00e4t: &#8211; YH-aika ja Pielavesi 30 min, &#8211; Pielaveden miehet Talvisodassa 30 min Jos aikaa j\u00e4\u00e4: <a class=\"more-link\" href=\"http:\/\/www.rukajarvensuunnanhistoriayhdistys.fi\/rukajarvikeskus\/tapahtumat\/olemme-mukana-pielaveden-vaaraslahdella-1-8-2020-klo-10-00-14-00\/\">Lue lis\u00e4\u00e4&#8230;<span class=\"screen-reader-text\">Olemme mukana Pielaveden Vaaraslahdella 1.8.2020 klo 10.00 \u2013 14.00<\/span><span class=\"meta-nav\">\u2192<\/span><\/a><\/p>\n","protected":false},"author":4,"featured_media":0,"comment_status":"closed","ping_status":"open","sticky":false,"template":"","format":"standard","meta":{"ngg_post_thumbnail":0,"_jetpack_newsletter_access":"","_jetpack_dont_email_post_to_subs":false,"_jetpack_newsletter_tier_id":0,"_jetpack_memberships_contains_paywalled_content":false,"_jetpack_memberships_contains_paid_content":false,"footnotes":""},"categories":[26,32,24,15],"tags":[],"class_list":["post-10605","post","type-post","status-publish","format-standard","hentry","category-ajankohtaista","category-historiayhdistys","category-muistokirjoitukset","category-tapahtumat"],"jetpack_featured_media_url":"","jetpack_sharing_enabled":true,"jetpack_shortlink":"https:\/\/wp.me\/p72N2f-2L3","_links":{"self":[{"href":"http:\/\/www.rukajarvensuunnanhistoriayhdistys.fi\/rukajarvikeskus\/wp-json\/wp\/v2\/posts\/10605","targetHints":{"allow":["GET"]}}],"collection":[{"href":"http:\/\/www.rukajarvensuunnanhistoriayhdistys.fi\/rukajarvikeskus\/wp-json\/wp\/v2\/posts"}],"about":[{"href":"http:\/\/www.rukajarvensuunnanhistoriayhdistys.fi\/rukajarvikeskus\/wp-json\/wp\/v2\/types\/post"}],"author":[{"embeddable":true,"href":"http:\/\/www.rukajarvensuunnanhistoriayhdistys.fi\/rukajarvikeskus\/wp-json\/wp\/v2\/users\/4"}],"replies":[{"embeddable":true,"href":"http:\/\/www.rukajarvensuunnanhistoriayhdistys.fi\/rukajarvikeskus\/wp-json\/wp\/v2\/comments?post=10605"}],"version-history":[{"count":1,"href":"http:\/\/www.rukajarvensuunnanhistoriayhdistys.fi\/rukajarvikeskus\/wp-json\/wp\/v2\/posts\/10605\/revisions"}],"predecessor-version":[{"id":10606,"href":"http:\/\/www.rukajarvensuunnanhistoriayhdistys.fi\/rukajarvikeskus\/wp-json\/wp\/v2\/posts\/10605\/revisions\/10606"}],"wp:attachment":[{"href":"http:\/\/www.rukajarvensuunnanhistoriayhdistys.fi\/rukajarvikeskus\/wp-json\/wp\/v2\/media?parent=10605"}],"wp:term":[{"taxonomy":"category","embeddable":true,"href":"http:\/\/www.rukajarvensuunnanhistoriayhdistys.fi\/rukajarvikeskus\/wp-json\/wp\/v2\/categories?post=10605"},{"taxonomy":"post_tag","embeddable":true,"href":"http:\/\/www.rukajarvensuunnanhistoriayhdistys.fi\/rukajarvikeskus\/wp-json\/wp\/v2\/tags?post=10605"}],"curies":[{"name":"wp","href":"https:\/\/api.w.org\/{rel}","templated":true}]}}