{"id":10629,"date":"2020-08-11T09:59:55","date_gmt":"2020-08-11T06:59:55","guid":{"rendered":"http:\/\/www.rukajarvensuunnanhistoriayhdistys.fi\/rukajarvikeskus\/?p=10629"},"modified":"2020-08-11T09:59:59","modified_gmt":"2020-08-11T06:59:59","slug":"lieksan-nayttelyita-uusittiin-valokuvien-yhteismaara-yli-400","status":"publish","type":"post","link":"http:\/\/www.rukajarvensuunnanhistoriayhdistys.fi\/rukajarvikeskus\/ajankohtaista\/lieksan-nayttelyita-uusittiin-valokuvien-yhteismaara-yli-400\/","title":{"rendered":"Lieksan n\u00e4yttelyit\u00e4 uusittiin \u2013 valokuvien yhteism\u00e4\u00e4r\u00e4 yli 400"},"content":{"rendered":"<div class=\"fcbkbttn_buttons_block\" id=\"fcbkbttn_left\"><div class=\"fcbkbttn_like \"><fb:like href=\"http:\/\/www.rukajarvensuunnanhistoriayhdistys.fi\/rukajarvikeskus\/ajankohtaista\/lieksan-nayttelyita-uusittiin-valokuvien-yhteismaara-yli-400\/\" action=\"like\" colorscheme=\"light\" layout=\"button_count\"  size=\"small\"><\/fb:like><\/div><\/div>\n<p>Lieksan Rukaj\u00e4rvi-keskuksen n\u00e4yttelyit\u00e4 paranneltiin. Komentaja E.J. Raappanan valokuvan\u00e4yttelyyn lis\u00e4ttiin uusia kuvia. Lis\u00e4ksi pystytettiin aivan uutena Kevytosasto 2:n n\u00e4yttely. Kuten tunnettua Antti Tuurin k\u00e4sikirjoittama elokuva Rukaj\u00e4rven tie kuvaa Kev.Os. 2. Pentti Perttulin johtaman kahden joukkueen \u201dr\u00f6yke\u00e4st\u00e4\u201d etenemisest\u00e4 Jatkosodan alussa Repolan Lieksaj\u00e4rven ymp\u00e4ri. Rukaj\u00e4rven tie oli Rukaj\u00e4rven suunnan joukkojen huoltotie Lieksasta Rukaj\u00e4rven rintamalle. Nyt tuo n\u00e4yttely on pystyss\u00e4 kokonaisuudessaan Lieksan Rukaj\u00e4rvi-keskuksessa. N\u00e4yttelyvieraat voivat n\u00e4hd\u00e4 samalla t\u00e4m\u00e4n Olli Saarelan (1999) ohjaaman elokuvan Rukaj\u00e4rven tie Lieksan Rukaj\u00e4rvi-keskuksessa niin halutessaan.<\/p>\n\n\n\n<figure class=\"wp-block-image size-large\"><img decoding=\"async\" src=\"http:\/\/www.rukajarvensuunnanhistoriayhdistys.fi\/historiayhdistys\/wp-content\/uploads\/2020\/08\/Lieksa-2020-Kettunen-Alakangas-R\u00e4ih\u00e4-1024x768.jpg\" alt=\"\" class=\"wp-image-13843\"\/><figcaption>Aimo Kettunen ja Juhani Alakangas sek\u00e4 Seppo R\u00e4ih\u00e4. Komentaja E.J. Raappanan n\u00e4yttelyn kimpussa. Kuva TJT\/7.8.2020.<\/figcaption><\/figure>\n\n\n\n<figure class=\"wp-block-image size-large\"><img decoding=\"async\" src=\"http:\/\/www.rukajarvensuunnanhistoriayhdistys.fi\/historiayhdistys\/wp-content\/uploads\/2020\/08\/N\u00e4yttelyt-Lieksa-2020-1024x768.jpg\" alt=\"\" class=\"wp-image-13844\"\/><figcaption>Ty\u00f6 tehty on &#8211; ja sen kunniaksi kohotettiin maljat. Aimo Kettunen, Juhani Al\u00e4kangas ja Jouni Per\u00e4alho. Kuva TJT 7.8.2020.<\/figcaption><\/figure>\n\n\n\n<p>N\u00e4yttely\u00e4 olivat pystytt\u00e4m\u00e4ss\u00e4 puheenjohtaja Seppo R\u00e4ih\u00e4n lis\u00e4ksi Juhani Alakangas, Aimo Kettunen, Jouni Per\u00e4alho, Jussi Mikkonen, Ari Marttinen sek\u00e4 Tenho Tikkanen.<\/p>\n\n\n\n<p><strong>Seuralan n\u00e4yttely uuteen uskoon<\/strong><\/p>\n\n\n\n<p>Lieksan Nurmij\u00e4rvell\u00e4 Seuralan tilojen n\u00e4yttely sai my\u00f6s uuden ilmeen. N\u00e4yttelyn kokosivat Jongunjoen kyl\u00e4yhdistyksen puheenjohtaja Heikki Turunen ja Tenho Tikkanen.<\/p>\n\n\n\n<figure class=\"wp-block-image size-large\"><img decoding=\"async\" src=\"http:\/\/www.rukajarvensuunnanhistoriayhdistys.fi\/historiayhdistys\/wp-content\/uploads\/2020\/08\/Seurala-Heikki-Turunen-1024x768.jpg\" alt=\"\" class=\"wp-image-13845\"\/><figcaption>Kyl\u00e4yhdistyksen puheenjohtaja Heikki Turunen Seuralassa uusitun n\u00e4yttelyn \u00e4\u00e4rell\u00e4.      Kuva TJT 9.8.2020.<\/figcaption><\/figure>\n\n\n\n<figure class=\"wp-block-image size-large\"><img decoding=\"async\" src=\"http:\/\/www.rukajarvensuunnanhistoriayhdistys.fi\/historiayhdistys\/wp-content\/uploads\/2020\/08\/Seurala-1024x768.jpg\" alt=\"\" class=\"wp-image-13849\"\/><\/figure>\n\n\n\n<p>Seuralan n\u00e4yttelyyn p\u00e4\u00e4see Annukan kahvilan kautta. Kahvilan pit\u00e4j\u00e4 Annukka Kaltiainen kertoi, ett\u00e4 Rukaj\u00e4rven tiell\u00e4 on t\u00e4n\u00e4 kes\u00e4n\u00e4 ollut vilskett\u00e4. Koskaan aikaisemmin ei ole kahvilassa ollut n\u00e4in paljon asiakkaita kuin kuluvana kes\u00e4n\u00e4.<\/p>\n\n\n\n<p>Rukaj\u00e4rven tien eri kohteitten n\u00e4yttelyiss\u00e4 on esill\u00e4 yhteens\u00e4 n. 420 valokuvaa, kolmessa n\u00e4yttelytilassa, Lieksan Rukaj\u00e4rvi-keskuksessa, Seuralassa ja Jukolan Motti -pirtiss\u00e4.<\/p>\n\n\n\n<p><strong>Paikat Rukaj\u00e4rven tiell\u00e4 kunnossa<\/strong><\/p>\n\n\n\n<p>N\u00e4yttelyitten pystytt\u00e4misen yhteydess\u00e4 tehtiin katselmus Rukaj\u00e4rven tien kohteisiin. Samalla niiden ymp\u00e4rist\u00f6\u00e4 siivottiin. Nurmij\u00e4rven kyl\u00e4yhdistyksen j\u00e4senet olivat leikanneet nurmikon Nurmij\u00e4rven tykin ymp\u00e4rist\u00f6st\u00e4. Jukolan Motti -pirtti ja \u00c4n\u00e4k\u00e4isen Salpaetuasema tarkastettiin, samoin siistittiin Jotos-muistomerkin ymp\u00e4rist\u00f6.<\/p>\n\n\n\n<figure class=\"wp-block-image size-large\"><img decoding=\"async\" src=\"http:\/\/www.rukajarvensuunnanhistoriayhdistys.fi\/historiayhdistys\/wp-content\/uploads\/2020\/08\/Jukolan-Motti-pirtti-1024x428.jpg\" alt=\"\" class=\"wp-image-13846\"\/><figcaption>Jukolan Motti -pirtti. Rakennettu 2014.<\/figcaption><\/figure>\n\n\n\n<figure class=\"wp-block-image size-large\"><img decoding=\"async\" src=\"http:\/\/www.rukajarvensuunnanhistoriayhdistys.fi\/historiayhdistys\/wp-content\/uploads\/2020\/08\/\u00c4n\u00e4k\u00e4inen-2020-1024x768.jpg\" alt=\"\" class=\"wp-image-13847\"\/><figcaption>\u00c4n\u00e4k\u00e4inen &#8211; Salpaetuasema &#8211; rakennettu 2017.<br>Paikat hyv\u00e4ss\u00e4 kunnossa. Kiitos my\u00f6s kaikille kohteissa vierailijoille. Siistimisen sijaa oli v\u00e4h\u00e4n. Kuva TJT\/9.8.2020.<\/figcaption><\/figure>\n\n\n\n<figure class=\"wp-block-image size-large\"><img decoding=\"async\" src=\"http:\/\/www.rukajarvensuunnanhistoriayhdistys.fi\/historiayhdistys\/wp-content\/uploads\/2020\/08\/Nurmij\u00e4rven-tykki-1024x768.jpg\" alt=\"\" class=\"wp-image-13848\"\/><figcaption>Kivivaarantien ja Nurmij\u00e4rventien risteyksen tykki v. 2018. Kuva TJT\/9.8.2020. <\/figcaption><\/figure>\n\n\n\n<p><strong>Koronan vuoksi muistoseminaarit j\u00e4rjestet\u00e4\u00e4n netiss\u00e4<\/strong><\/p>\n\n\n\n<p>Aikomuksemme oli j\u00e4rjest\u00e4\u00e4 komentaja E.J. Raappanan muistoseminaari alkuper\u00e4isest\u00e4 aikataulusta jo kertaalleen siirrettyn\u00e4 kuukauden kuluttua syyskuun 14. p\u00e4iv\u00e4n\u00e4 Lieksan Rukaj\u00e4rvi-keskuksessa. Koronan vuoksi seminaari j\u00e4rjestet\u00e4\u00e4n (14.9.2020) yhdistyksemme You-Tube-kanavalla. Tarkemmasta ohjelmasta kerromme my\u00f6hemmin.<\/p>\n\n\n\n<p>Samoin my\u00f6s yhdistyksemme perustajaj\u00e4senen kenraaliluutnantti Ermei Kannisen (19.10.1922 &#8211; 12.11.2015) muistoseminaari j\u00e4rjestet\u00e4\u00e4n h\u00e4nen syntym\u00e4p\u00e4iv\u00e4n\u00e4\u00e4n lokakuun 19, joko striimattuna tai valmiiksi nauhoitettuna l\u00e4hetyksen\u00e4 yhdistyksemme You-Tube-kanavalla. T\u00e4m\u00e4nkin seminaarin ohjelmasta kerrotaan tarkemmin my\u00f6hemmin.<\/p>\n","protected":false},"excerpt":{"rendered":"<p>Lieksan Rukaj\u00e4rvi-keskuksen n\u00e4yttelyit\u00e4 paranneltiin. Komentaja E.J. Raappanan valokuvan\u00e4yttelyyn lis\u00e4ttiin uusia kuvia. Lis\u00e4ksi pystytettiin aivan uutena Kevytosasto 2:n n\u00e4yttely. Kuten tunnettua Antti Tuurin k\u00e4sikirjoittama elokuva Rukaj\u00e4rven tie kuvaa Kev.Os. 2. Pentti <a class=\"more-link\" href=\"http:\/\/www.rukajarvensuunnanhistoriayhdistys.fi\/rukajarvikeskus\/ajankohtaista\/lieksan-nayttelyita-uusittiin-valokuvien-yhteismaara-yli-400\/\">Lue lis\u00e4\u00e4&#8230;<span class=\"screen-reader-text\">Lieksan n\u00e4yttelyit\u00e4 uusittiin \u2013 valokuvien yhteism\u00e4\u00e4r\u00e4 yli 400<\/span><span class=\"meta-nav\">\u2192<\/span><\/a><\/p>\n","protected":false},"author":4,"featured_media":0,"comment_status":"closed","ping_status":"open","sticky":false,"template":"","format":"standard","meta":{"ngg_post_thumbnail":0,"_jetpack_newsletter_access":"","_jetpack_dont_email_post_to_subs":false,"_jetpack_newsletter_tier_id":0,"_jetpack_memberships_contains_paywalled_content":false,"_jetpack_memberships_contains_paid_content":false,"footnotes":""},"categories":[26,32],"tags":[],"class_list":["post-10629","post","type-post","status-publish","format-standard","hentry","category-ajankohtaista","category-historiayhdistys"],"jetpack_featured_media_url":"","jetpack_sharing_enabled":true,"jetpack_shortlink":"https:\/\/wp.me\/p72N2f-2Lr","_links":{"self":[{"href":"http:\/\/www.rukajarvensuunnanhistoriayhdistys.fi\/rukajarvikeskus\/wp-json\/wp\/v2\/posts\/10629","targetHints":{"allow":["GET"]}}],"collection":[{"href":"http:\/\/www.rukajarvensuunnanhistoriayhdistys.fi\/rukajarvikeskus\/wp-json\/wp\/v2\/posts"}],"about":[{"href":"http:\/\/www.rukajarvensuunnanhistoriayhdistys.fi\/rukajarvikeskus\/wp-json\/wp\/v2\/types\/post"}],"author":[{"embeddable":true,"href":"http:\/\/www.rukajarvensuunnanhistoriayhdistys.fi\/rukajarvikeskus\/wp-json\/wp\/v2\/users\/4"}],"replies":[{"embeddable":true,"href":"http:\/\/www.rukajarvensuunnanhistoriayhdistys.fi\/rukajarvikeskus\/wp-json\/wp\/v2\/comments?post=10629"}],"version-history":[{"count":1,"href":"http:\/\/www.rukajarvensuunnanhistoriayhdistys.fi\/rukajarvikeskus\/wp-json\/wp\/v2\/posts\/10629\/revisions"}],"predecessor-version":[{"id":10630,"href":"http:\/\/www.rukajarvensuunnanhistoriayhdistys.fi\/rukajarvikeskus\/wp-json\/wp\/v2\/posts\/10629\/revisions\/10630"}],"wp:attachment":[{"href":"http:\/\/www.rukajarvensuunnanhistoriayhdistys.fi\/rukajarvikeskus\/wp-json\/wp\/v2\/media?parent=10629"}],"wp:term":[{"taxonomy":"category","embeddable":true,"href":"http:\/\/www.rukajarvensuunnanhistoriayhdistys.fi\/rukajarvikeskus\/wp-json\/wp\/v2\/categories?post=10629"},{"taxonomy":"post_tag","embeddable":true,"href":"http:\/\/www.rukajarvensuunnanhistoriayhdistys.fi\/rukajarvikeskus\/wp-json\/wp\/v2\/tags?post=10629"}],"curies":[{"name":"wp","href":"https:\/\/api.w.org\/{rel}","templated":true}]}}