{"id":10921,"date":"2021-04-25T07:53:06","date_gmt":"2021-04-25T04:53:06","guid":{"rendered":"http:\/\/www.rukajarvensuunnanhistoriayhdistys.fi\/rukajarvikeskus\/?p=10921"},"modified":"2021-06-06T19:42:21","modified_gmt":"2021-06-06T16:42:21","slug":"parhaat-onnittelumme-veteraaneille","status":"publish","type":"post","link":"http:\/\/www.rukajarvensuunnanhistoriayhdistys.fi\/rukajarvikeskus\/ajankohtaista\/parhaat-onnittelumme-veteraaneille\/","title":{"rendered":"Parhaat onnittelumme veteraaneille"},"content":{"rendered":"<div class=\"fcbkbttn_buttons_block\" id=\"fcbkbttn_left\"><div class=\"fcbkbttn_like \"><fb:like href=\"http:\/\/www.rukajarvensuunnanhistoriayhdistys.fi\/rukajarvikeskus\/ajankohtaista\/parhaat-onnittelumme-veteraaneille\/\" action=\"like\" colorscheme=\"light\" layout=\"button_count\"  size=\"small\"><\/fb:like><\/div><\/div>\n<p><strong>Eino Syrj\u00e4niemi t\u00e4ytt\u00e4\u00e4 t\u00e4n\u00e4\u00e4n Haapaj\u00e4rvell\u00e4 103 vuotta. H\u00e4n on syntynyt 25.4.1918<\/strong>. <strong>Lis\u00e4tietoa <a href=\"http:\/\/www.rukajarvensuunnanhistoriayhdistys.fi\/historiayhdistys\/rukajarven-veteraani-eino-syrjaniemi-tayttaa-tanaan-101-vuotta\/\">T\u00c4\u00c4LT\u00c4<\/a>:<\/strong><\/p>\n\n\n\n<figure class=\"wp-block-image size-large is-resized\"><a href=\"http:\/\/www.rukajarvensuunnanhistoriayhdistys.fi\/rukajarvikeskus\/wp-content\/uploads\/2018\/04\/Eino-Syrja\u0308niemi3-2.jpg\"><img loading=\"lazy\" decoding=\"async\" src=\"http:\/\/www.rukajarvensuunnanhistoriayhdistys.fi\/rukajarvikeskus\/wp-content\/uploads\/2018\/04\/Eino-Syrja\u0308niemi3-2-684x1024.jpg\" alt=\"\" class=\"wp-image-3609\" width=\"820\" height=\"1229\" srcset=\"http:\/\/www.rukajarvensuunnanhistoriayhdistys.fi\/rukajarvikeskus\/wp-content\/uploads\/2018\/04\/Eino-Syrja\u0308niemi3-2-684x1024.jpg 684w, http:\/\/www.rukajarvensuunnanhistoriayhdistys.fi\/rukajarvikeskus\/wp-content\/uploads\/2018\/04\/Eino-Syrja\u0308niemi3-2-300x449.jpg 300w, http:\/\/www.rukajarvensuunnanhistoriayhdistys.fi\/rukajarvikeskus\/wp-content\/uploads\/2018\/04\/Eino-Syrja\u0308niemi3-2-200x300.jpg 200w, http:\/\/www.rukajarvensuunnanhistoriayhdistys.fi\/rukajarvikeskus\/wp-content\/uploads\/2018\/04\/Eino-Syrja\u0308niemi3-2-768x1150.jpg 768w, http:\/\/www.rukajarvensuunnanhistoriayhdistys.fi\/rukajarvikeskus\/wp-content\/uploads\/2018\/04\/Eino-Syrja\u0308niemi3-2.jpg 1008w\" sizes=\"auto, (max-width: 820px) 100vw, 820px\" \/><\/a><figcaption>Eino Syrj\u00e4niemi (25.4.1918) juhli 100-vuotisp\u00e4ivi\u00e4\u00e4n Haapaj\u00e4rvell\u00e4 28.4.2018.<\/figcaption><\/figure>\n\n\n\n<p><strong>My\u00f6h\u00e4styneet onnittelumme yhdistyksemme muille veteraanij\u00e4senille. Olemme Teit\u00e4 onnitelleet syntym\u00e4p\u00e4iv\u00e4n\u00e4 henkil\u00f6kohtaisesti.<\/strong><\/p>\n\n\n\n<p>Onnittelemme Teit\u00e4 Emmi Mustosen s\u00e4velt\u00e4m\u00e4n ja sanoittaman kappaleen v\u00e4lityksell\u00e4<strong> <a href=\"https:\/\/www.youtube.com\/watch?v=2d_ZeKB6yQQ\">\u201dPapan perint\u00f6\u201d<\/a><\/strong> sek\u00e4 nuoren Selene Rossin esityksell\u00e4 <strong><a href=\"https:\/\/www.youtube.com\/watch?v=UdmQnmWKwRA\">\u201dKiitos Teille veteraanit\u201d<\/a><\/strong>. Kappaleet avautuvat em. nimest\u00e4.<\/p>\n\n\n\n<p><strong>Ilmari Koppiselle Saloon, h\u00e4n on syntynyt 8.1.1918.<\/strong> Lis\u00e4tietoa <strong><a href=\"http:\/\/www.rukajarvensuunnanhistoriayhdistys.fi\/historiayhdistys\/ilmari-koppinen-tayttaa-tanaan-100-vuotta\/\">T\u00c4\u00c4LT\u00c4<\/a><\/strong>:<\/p>\n\n\n\n<figure class=\"wp-block-image size-large\"><a href=\"http:\/\/www.rukajarvensuunnanhistoriayhdistys.fi\/historiayhdistys\/wp-content\/uploads\/2015\/12\/635851041047088982-2.jpg\"><img decoding=\"async\" src=\"http:\/\/www.rukajarvensuunnanhistoriayhdistys.fi\/historiayhdistys\/wp-content\/uploads\/2015\/12\/635851041047088982-2.jpg\" alt=\"\" class=\"wp-image-10328\"\/><\/a><figcaption>Sotaveteraani Ilmari Koppinen k\u00e4ttelem\u00e4ss\u00e4 presidentti\u00e4, h\u00e4nen tytt\u00e4rens\u00e4 Anja Koppinen-Niemi.Professori Koppinen on Rukaj\u00e4rven suunnan historiayhdistyksen j\u00e4sen.<\/figcaption><\/figure>\n\n\n\n<p><strong>Aulis Lintuselle Espooseen, h\u00e4n on syntynyt 18.1.1925.<\/strong> Lis\u00e4tietoa <strong><a href=\"http:\/\/www.rukajarvensuunnanhistoriayhdistys.fi\/historiayhdistys\/rukajarven-veteraani-ammattikasvatusneuvos-aulis-lintunen-tayttaa-tanaan-95-vuotta\/\">T\u00c4\u00c4LT\u00c4<\/a><\/strong>:<\/p>\n\n\n\n<figure class=\"wp-block-image size-large is-resized\"><a href=\"http:\/\/www.rukajarvensuunnanhistoriayhdistys.fi\/historiayhdistys\/wp-content\/uploads\/2020\/01\/AL-Scan10065-scaled.jpg\"><img loading=\"lazy\" decoding=\"async\" src=\"http:\/\/www.rukajarvensuunnanhistoriayhdistys.fi\/historiayhdistys\/wp-content\/uploads\/2020\/01\/AL-Scan10065-690x1024.jpg\" alt=\"\" class=\"wp-image-13546\" width=\"833\" height=\"1236\"\/><\/a><figcaption>Aulis Lintunen toimi h\u00e4vitt\u00e4j\u00e4lent\u00e4j\u00e4n\u00e4 sodan lopulla. Aulis Lintusen kuva-arkisto\/RSHYry<\/figcaption><\/figure>\n\n\n\n<p><strong>Heikki M\u00e4ki-Kojolalle H\u00e4rm\u00e4\u00e4n, h\u00e4n on syntynyt 1.2.1924<\/strong>. Lis\u00e4tietoa <strong><a href=\"http:\/\/www.rukajarvensuunnanhistoriayhdistys.fi\/rukajarvikeskus\/historiayhdistys\/rukajarven-suunnan-pioneerit-90-vuotta\/\">T\u00c4\u00c4LT\u00c4<\/a><\/strong>:<\/p>\n\n\n\n<figure class=\"wp-block-image size-large\"><a href=\"http:\/\/www.rukajarvensuunnanhistoriayhdistys.fi\/historiayhdistys\/wp-content\/uploads\/2014\/05\/Arre-\u00d6\u00f6rni-aseveljet-onnittelevat.jpg\"><img decoding=\"async\" src=\"http:\/\/www.rukajarvensuunnanhistoriayhdistys.fi\/historiayhdistys\/wp-content\/uploads\/2014\/05\/Arre-\u00d6\u00f6rni-aseveljet-onnittelevat-1024x723.jpg\" alt=\"\" class=\"wp-image-512\"\/><\/a><figcaption>Pioneeriveljet onnittelivat 90-vuotissyntym\u00e4p\u00e4iv\u00e4n\u00e4. Kuvassa puheenjohtaja Toivo Pekkala, Heikki M\u00e4ki-Kojola ja Esko Ekola sek\u00e4 Aarre \u00d6\u00f6rni. <\/figcaption><\/figure>\n\n\n\n<p><strong>Veikko Heikkiselle Kuhmoon, h\u00e4n on syntynyt 2.2.1920<\/strong>. Lis\u00e4tietoa <strong><a href=\"http:\/\/www.rukajarvensuunnanhistoriayhdistys.fi\/historiayhdistys\/veikko-heikkinen-100-vuotta-tanaan-2-2-2020\/\">T\u00c4\u00c4LT\u00c4<\/a><\/strong>:<\/p>\n\n\n\n<figure class=\"wp-block-image size-large is-resized\"><a href=\"http:\/\/www.rukajarvensuunnanhistoriayhdistys.fi\/historiayhdistys\/wp-content\/uploads\/2020\/01\/Heikkinen-Veikko-60-pros.jpg\"><img loading=\"lazy\" decoding=\"async\" src=\"http:\/\/www.rukajarvensuunnanhistoriayhdistys.fi\/historiayhdistys\/wp-content\/uploads\/2020\/01\/Heikkinen-Veikko-60-pros-667x1024.jpg\" alt=\"\" class=\"wp-image-13555\" width=\"829\" height=\"1273\"\/><\/a><figcaption>Veikko Heikkinen s. 2.2.1920<\/figcaption><\/figure>\n\n\n\n<p><strong>Yrj\u00f6 Savolalle Vaasaan, h\u00e4n on syntynyt 14.2.1923<\/strong>. Lis\u00e4tietoa <strong><a href=\"http:\/\/www.rukajarvensuunnanhistoriayhdistys.fi\/historiayhdistys\/rukajarven-veteraani-yrjo-savola-95-vuotta-parhaat-onnittelumme\/\">T\u00c4\u00c4LT\u00c4<\/a><\/strong>: <\/p>\n\n\n\n<figure class=\"wp-block-image size-large is-resized\"><a href=\"http:\/\/www.rukajarvensuunnanhistoriayhdistys.fi\/historiayhdistys\/wp-content\/uploads\/2018\/02\/Savola-Yrj\u00f6-2.jpg\"><img loading=\"lazy\" decoding=\"async\" src=\"http:\/\/www.rukajarvensuunnanhistoriayhdistys.fi\/historiayhdistys\/wp-content\/uploads\/2018\/02\/Savola-Yrj\u00f6-2.jpg\" alt=\"\" class=\"wp-image-12139\" width=\"837\" height=\"471\"\/><\/a><figcaption>Yrj\u00f6 Savola 95 vuotta 14.2.2018.<\/figcaption><\/figure>\n\n\n\n<p><strong>Hannes Tuovista Vihtiin, h\u00e4n on syntynyt 23.2.1924. Lis\u00e4tietoa<a href=\"http:\/\/www.rukajarvensuunnanhistoriayhdistys.fi\/historiayhdistys\/rukajarven-veteraani-hannes-tuovinen-tayttaa-tanaan-95-vuotta-onnittelumme\/\"> T\u00c4\u00c4LT<\/a><\/strong><a href=\"http:\/\/www.rukajarvensuunnanhistoriayhdistys.fi\/historiayhdistys\/rukajarven-veteraani-hannes-tuovinen-tayttaa-tanaan-95-vuotta-onnittelumme\/\"><strong>\u00c4<\/strong><\/a>:<\/p>\n\n\n\n<figure class=\"wp-block-image size-large is-resized\"><a href=\"http:\/\/www.rukajarvensuunnanhistoriayhdistys.fi\/historiayhdistys\/wp-content\/uploads\/2015\/12\/IMG_3664-2-Hannes-Tuovinen-k\u00e4ttely.png\"><img loading=\"lazy\" decoding=\"async\" src=\"http:\/\/www.rukajarvensuunnanhistoriayhdistys.fi\/historiayhdistys\/wp-content\/uploads\/2015\/12\/IMG_3664-2-Hannes-Tuovinen-k\u00e4ttely.png\" alt=\"\" class=\"wp-image-10330\" width=\"836\" height=\"627\"\/><\/a><figcaption>Veteraani Hannes Tuovinen ja h\u00e4nen saattajansa veteraanin pojan tyt\u00e4r Sari Tuovinen tervehtiv\u00e4t presidenttiparia.<\/figcaption><\/figure>\n\n\n\n<p><strong>Veli Merentiet\u00e4 Imatralle, h\u00e4n on syntynyt 28.3.1924<\/strong>. Lis\u00e4tietoa <strong><a href=\"https:\/\/www.youtube.com\/watch?v=fv7xeAs0_QU\">T\u00c4\u00c4LT\u00c4<\/a><\/strong>:<\/p>\n\n\n\n<figure class=\"wp-block-image size-large\"><a href=\"http:\/\/www.rukajarvensuunnanhistoriayhdistys.fi\/historiayhdistys\/wp-content\/uploads\/2021\/04\/Merentie-Veli-DSC03888-scaled.jpg\"><img decoding=\"async\" src=\"http:\/\/www.rukajarvensuunnanhistoriayhdistys.fi\/historiayhdistys\/wp-content\/uploads\/2021\/04\/Merentie-Veli-DSC03888-1024x576.jpg\" alt=\"\" class=\"wp-image-14207\"\/><\/a><figcaption>Veli Merentie  s. 28.3.1924.<\/figcaption><\/figure>\n\n\n\n<p><strong>Onnittelemme jo etuk\u00e4teen muita veteraanij\u00e4seni\u00e4mme<\/strong><\/p>\n\n\n\n<p><strong>Maunu Kankaanp\u00e4\u00e4t\u00e4 Vantaalle, h\u00e4n on syntynyt 11.5.1923. Lis\u00e4tietoa <a href=\"http:\/\/www.rukajarvensuunnanhistoriayhdistys.fi\/historiayhdistys\/kunnallisneuvos-maunu-kankaanpaa-tayttaa-tanaan-95-vuotta\/\">T\u00c4\u00c4LT\u00c4<\/a><\/strong>:<\/p>\n\n\n\n<figure class=\"wp-block-image size-large is-resized\"><a href=\"http:\/\/www.rukajarvensuunnanhistoriayhdistys.fi\/historiayhdistys\/wp-content\/uploads\/2018\/05\/Kankaanp\u00e4\u00e4-Maunu-2.jpg\"><img loading=\"lazy\" decoding=\"async\" src=\"http:\/\/www.rukajarvensuunnanhistoriayhdistys.fi\/historiayhdistys\/wp-content\/uploads\/2018\/05\/Kankaanp\u00e4\u00e4-Maunu-2-724x1024.jpg\" alt=\"\" class=\"wp-image-12410\" width=\"836\" height=\"1183\"\/><\/a><figcaption>Maunu Kankaanp\u00e4\u00e4 , mutta meh\u00e4n olimme silloin nuoria. Hattu j\u00e4i 1943 rintamalle, mutta mies s\u00e4ilyi hengiss\u00e4.<\/figcaption><\/figure>\n\n\n\n<p><strong>Aarre \u00d6\u00f6rnille Lappaj\u00e4rvelle, h\u00e4n on syntynyt 12.5.1924. Lis\u00e4tietoa <a href=\"http:\/\/www.rukajarvensuunnanhistoriayhdistys.fi\/historiayhdistys\/aarre-oorni-90-vuotta-parhaat-onnittelumme\/\">T\u00c4\u00c4LT\u00c4<\/a>:<\/strong><\/p>\n\n\n\n<figure class=\"wp-block-image size-large is-resized\"><a href=\"http:\/\/www.rukajarvensuunnanhistoriayhdistys.fi\/historiayhdistys\/wp-content\/uploads\/2014\/05\/Aarre-ja-Kerttu-\u00d6\u00f6rni-.jpg\"><img loading=\"lazy\" decoding=\"async\" src=\"http:\/\/www.rukajarvensuunnanhistoriayhdistys.fi\/historiayhdistys\/wp-content\/uploads\/2014\/05\/Aarre-ja-Kerttu-\u00d6\u00f6rni--723x1024.jpg\" alt=\"\" class=\"wp-image-514\" width=\"823\" height=\"1166\"\/><\/a><figcaption>Aarre ja Kerttu \u00d6\u00f6rni saapumassa kotiseututalo Taavintuvalle, jossa juhla pidettiin jo lauantainan 10.5.. Heit\u00e4 oli vastaanottamassa Riitta tytt\u00e4ren puoliso Mikko P\u00e4\u00e4llysaho.<\/figcaption><\/figure>\n\n\n\n<p><strong>Mauno Turusta Espooseen, h\u00e4n on syntynyt 10.8.1923. Lis\u00e4tietoa <a href=\"http:\/\/www.rukajarvensuunnanhistoriayhdistys.fi\/historiayhdistys\/raine-narvan-esitys-taytti-tapiolan-palvelukeskuksen-salin\/\">T\u00c4\u00c4LT\u00c4<\/a>:<\/strong><\/p>\n\n\n\n<figure class=\"wp-block-image size-large is-resized\"><a href=\"http:\/\/www.rukajarvensuunnanhistoriayhdistys.fi\/historiayhdistys\/wp-content\/uploads\/2016\/11\/Turunen-Mauno-Hannu-Viitanen.png\"><img loading=\"lazy\" decoding=\"async\" src=\"http:\/\/www.rukajarvensuunnanhistoriayhdistys.fi\/historiayhdistys\/wp-content\/uploads\/2016\/11\/Turunen-Mauno-Hannu-Viitanen.png\" alt=\"\" class=\"wp-image-10886\" width=\"835\" height=\"470\"\/><\/a><figcaption>Mauno Turunen toimi JR 10:n l\u00e4\u00e4kint\u00e4alikersanttina ja hoiti retken paleltuneita.<\/figcaption><\/figure>\n\n\n\n<p><strong>Eeva-Liisa Kumpulaista Helsinkiin, h\u00e4n on syntynyt 4.12.1924.<\/strong> Yksi Marskin Majan peruskiven luovuttajista ja yhdistyksemme perustajista. Lis\u00e4tietoa <a href=\"http:\/\/www.rukajarvensuunnanhistoriayhdistys.fi\/historiayhdistys\/marskin-maja-lopella-70-vuotta-juhla-27-5-2015\/\"><strong>T\u00c4\u00c4LT\u00c4<\/strong><\/a>:<\/p>\n\n\n\n<figure class=\"wp-block-image size-large\"><a href=\"http:\/\/www.rukajarvensuunnanhistoriayhdistys.fi\/historiayhdistys\/wp-content\/uploads\/2015\/05\/P9192043-Marskin-Maja.19-9-2010.jpg\"><img decoding=\"async\" src=\"http:\/\/www.rukajarvensuunnanhistoriayhdistys.fi\/historiayhdistys\/wp-content\/uploads\/2015\/05\/P9192043-Marskin-Maja.19-9-2010-1024x734.jpg\" alt=\"\" class=\"wp-image-10018\"\/><\/a><figcaption>Peruskiven luovutustilaisuuteen osallistujat: Takarivist\u00e4 alkaen Martti Soikkeli, Ossi Laine, Timo Laukkanen, Pekka Sahari, Reijo Kortelainen, Timo Tolvanen, V\u00e4in\u00f6 V\u00e4\u00e4n\u00e4nen, Matti Ahtiainen, Paavo Salmensuu, Antero Huttunen, Sami Sihvo, Tenho Tikkanen, Eeva-Liisa Kumpulainen, Ermei Kanninen, Laila Halme, Raimo Jokisalmi ja Pentti Perttuli.<\/figcaption><\/figure>\n\n\n\n<p>Kiit\u00e4mme kaikkia Teit\u00e4 antamistanne haastatteluista ja yhteisist\u00e4 tapaamisista erilaisissa tilaisuuksissa ja yhdistyksemme j\u00e4rjest\u00e4miss\u00e4 seminaareissa, joihin olemme yhdess\u00e4 osallistuneet.<\/p>\n\n\n\n<p>Toivotamme Teid\u00e4t kaikki tervetulleiksi Rukaj\u00e4rvi-keskuksiimme Lieksaan ja nyt jo Kiuruvedell\u00e4 ovensa avanneeseen Rukaj\u00e4rvi-keskukseen. Toivomme tapaavamme siell\u00e4 heti kun koronatilanne sen sallii, silloin esittelisimme Teille yhteisen ty\u00f6mme tuloksia. TJT<\/p>\n\n\n\n<p>Rukaj\u00e4rven suunnan historiayhdistys ry.<\/p>\n","protected":false},"excerpt":{"rendered":"<p>Eino Syrj\u00e4niemi t\u00e4ytt\u00e4\u00e4 t\u00e4n\u00e4\u00e4n Haapaj\u00e4rvell\u00e4 103 vuotta. H\u00e4n on syntynyt 25.4.1918. Lis\u00e4tietoa T\u00c4\u00c4LT\u00c4: My\u00f6h\u00e4styneet onnittelumme yhdistyksemme muille veteraanij\u00e4senille. Olemme Teit\u00e4 onnitelleet syntym\u00e4p\u00e4iv\u00e4n\u00e4 henkil\u00f6kohtaisesti. Onnittelemme Teit\u00e4 Emmi Mustosen s\u00e4velt\u00e4m\u00e4n ja sanoittaman <a class=\"more-link\" href=\"http:\/\/www.rukajarvensuunnanhistoriayhdistys.fi\/rukajarvikeskus\/ajankohtaista\/parhaat-onnittelumme-veteraaneille\/\">Lue lis\u00e4\u00e4&#8230;<span class=\"screen-reader-text\">Parhaat onnittelumme veteraaneille<\/span><span class=\"meta-nav\">\u2192<\/span><\/a><\/p>\n","protected":false},"author":4,"featured_media":0,"comment_status":"closed","ping_status":"open","sticky":false,"template":"","format":"standard","meta":{"ngg_post_thumbnail":0,"_jetpack_newsletter_access":"","_jetpack_dont_email_post_to_subs":false,"_jetpack_newsletter_tier_id":0,"_jetpack_memberships_contains_paywalled_content":false,"_jetpack_memberships_contains_paid_content":false,"footnotes":""},"categories":[26,32],"tags":[],"class_list":["post-10921","post","type-post","status-publish","format-standard","hentry","category-ajankohtaista","category-historiayhdistys"],"jetpack_featured_media_url":"","jetpack_sharing_enabled":true,"jetpack_shortlink":"https:\/\/wp.me\/p72N2f-2Q9","_links":{"self":[{"href":"http:\/\/www.rukajarvensuunnanhistoriayhdistys.fi\/rukajarvikeskus\/wp-json\/wp\/v2\/posts\/10921","targetHints":{"allow":["GET"]}}],"collection":[{"href":"http:\/\/www.rukajarvensuunnanhistoriayhdistys.fi\/rukajarvikeskus\/wp-json\/wp\/v2\/posts"}],"about":[{"href":"http:\/\/www.rukajarvensuunnanhistoriayhdistys.fi\/rukajarvikeskus\/wp-json\/wp\/v2\/types\/post"}],"author":[{"embeddable":true,"href":"http:\/\/www.rukajarvensuunnanhistoriayhdistys.fi\/rukajarvikeskus\/wp-json\/wp\/v2\/users\/4"}],"replies":[{"embeddable":true,"href":"http:\/\/www.rukajarvensuunnanhistoriayhdistys.fi\/rukajarvikeskus\/wp-json\/wp\/v2\/comments?post=10921"}],"version-history":[{"count":6,"href":"http:\/\/www.rukajarvensuunnanhistoriayhdistys.fi\/rukajarvikeskus\/wp-json\/wp\/v2\/posts\/10921\/revisions"}],"predecessor-version":[{"id":10954,"href":"http:\/\/www.rukajarvensuunnanhistoriayhdistys.fi\/rukajarvikeskus\/wp-json\/wp\/v2\/posts\/10921\/revisions\/10954"}],"wp:attachment":[{"href":"http:\/\/www.rukajarvensuunnanhistoriayhdistys.fi\/rukajarvikeskus\/wp-json\/wp\/v2\/media?parent=10921"}],"wp:term":[{"taxonomy":"category","embeddable":true,"href":"http:\/\/www.rukajarvensuunnanhistoriayhdistys.fi\/rukajarvikeskus\/wp-json\/wp\/v2\/categories?post=10921"},{"taxonomy":"post_tag","embeddable":true,"href":"http:\/\/www.rukajarvensuunnanhistoriayhdistys.fi\/rukajarvikeskus\/wp-json\/wp\/v2\/tags?post=10921"}],"curies":[{"name":"wp","href":"https:\/\/api.w.org\/{rel}","templated":true}]}}